{"id":4580,"date":"2019-11-28T18:20:55","date_gmt":"2019-11-28T17:20:55","guid":{"rendered":"https:\/\/www.saint-paul-angouleme.fr\/application\/?p=4580"},"modified":"2019-12-02T14:51:35","modified_gmt":"2019-12-02T13:51:35","slug":"abdelkader-djemai-parrain-de-latelier-demain-a-quatre-mains","status":"publish","type":"post","link":"https:\/\/www.saint-paul-angouleme.fr\/application\/abdelkader-djemai-parrain-de-latelier-demain-a-quatre-mains\/","title":{"rendered":"Abdelkader DJEMA\u00cf : un \u00e9crivain \u00e0 Saint-Paul"},"content":{"rendered":"\n<figure class=\"wp-block-image\"><img loading=\"lazy\" decoding=\"async\" width=\"1024\" height=\"683\" src=\"https:\/\/www.saint-paul-angouleme.fr\/application\/wp-content\/uploads\/2019\/11\/P1380274-1024x683.jpg\" alt=\"Abdelkader DJEMA\u00cf\" class=\"wp-image-4584\" srcset=\"https:\/\/www.saint-paul-angouleme.fr\/application\/wp-content\/uploads\/2019\/11\/P1380274-1024x683.jpg 1024w, https:\/\/www.saint-paul-angouleme.fr\/application\/wp-content\/uploads\/2019\/11\/P1380274-300x200.jpg 300w, https:\/\/www.saint-paul-angouleme.fr\/application\/wp-content\/uploads\/2019\/11\/P1380274-768x512.jpg 768w\" sizes=\"(max-width: 1024px) 100vw, 1024px\" \/><\/figure>\n\n\n\n<p class=\"justification_texte { text-align: justify; }\">Le 13 novembre 2019 <a href=\"http:\/\/www.m-e-l.fr\/abdelkader-djemai,ec,707\">M. Abdelkader DJEMA\u00cf<\/a> r\u00e9pond \u00e0 notre invitation et vient \u00e0 <a href=\"https:\/\/www.saint-paul-angouleme.fr\/actualites.php\">Saint-Paul<\/a> dans le cadre du concours \u00ab&nbsp;Demain \u00e0 quatre mains&nbsp;\u00bb. Les deux objectifs de cette journ\u00e9e sont&nbsp;: rencontrer les \u00e9l\u00e8ves de Premi\u00e8re afin de parler de litt\u00e9rature et pr\u00e9senter le travail d\u2019auteur&nbsp;; dans un second temps, rencontrer les participants de l\u2019atelier interg\u00e9n\u00e9rationnel d\u2019\u00e9criture.<\/p>\n\n\n\n<h3 class=\"wp-block-heading\">Parler litt\u00e9rature avec les lyc\u00e9ens<\/h3>\n\n\n\n<p class=\"justification_texte { text-align: justify; }\">Ce mercredi matin, tous les\nlyc\u00e9ens des classes de Premi\u00e8re prennent place salle St Paul pour \u00e9couter M.\nAbdelkader DJEMA\u00cf. L\u2019\u00e9crivain commence \u00e0 parler de son enfance \u00e0 Oran et des\nsouvenirs qu\u2019il en garde. Il \u00e9voque le premier livre emprunt\u00e9, les bonbons\nachet\u00e9s chez une marchande, le bruissement du papier\u2026 Son discours est tr\u00e8s\nimag\u00e9, il nous plonge instantan\u00e9ment dans l\u2019Alg\u00e9rie de son enfance. Nos \u00e9l\u00e8ves\nsont silencieux et captiv\u00e9s par ce t\u00e9moignage, certains prennent des notes.\nAbdelkader DJEMA\u00cf parle aussi de ses livres, de sa fa\u00e7on d\u2019\u00e9crire, donne des\nconseils de r\u00e9daction. <\/p>\n\n\n\n<p class=\"justification_texte { text-align: justify; }\">Ensuite, ce sont les lyc\u00e9ens\nqui posent des questions&nbsp;: \u00ab&nbsp;A quel \u00e2ge avez-vous commenc\u00e9 \u00e0 \u00e9crire&nbsp;?&nbsp;\u00bb,\n&nbsp;\u00ab&nbsp;Combien de temps mettez-vous pour\nr\u00e9diger un livre&nbsp;?&nbsp;\u00bb, \u00ab&nbsp;Que ressentez-vous lorsque vous voyez\nvos ouvrages en librairie&nbsp;?&nbsp;\u00bb\u2026 M. DJEMA\u00cf r\u00e9pond \u00e0 chaque question, de\nmani\u00e8re toujours tr\u00e8s pr\u00e9cise et touchante.<\/p>\n\n\n\n<figure class=\"wp-block-image\"><img loading=\"lazy\" decoding=\"async\" width=\"1024\" height=\"683\" src=\"https:\/\/www.saint-paul-angouleme.fr\/application\/wp-content\/uploads\/2019\/11\/P1380279-1024x683.jpg\" alt=\"Des \u00e9l\u00e8ves attentifs\" class=\"wp-image-4585\" srcset=\"https:\/\/www.saint-paul-angouleme.fr\/application\/wp-content\/uploads\/2019\/11\/P1380279-1024x683.jpg 1024w, https:\/\/www.saint-paul-angouleme.fr\/application\/wp-content\/uploads\/2019\/11\/P1380279-300x200.jpg 300w, https:\/\/www.saint-paul-angouleme.fr\/application\/wp-content\/uploads\/2019\/11\/P1380279-768x512.jpg 768w\" sizes=\"(max-width: 1024px) 100vw, 1024px\" \/><\/figure>\n\n\n\n<h3 class=\"wp-block-heading\">L\u2019atelier \u00ab&nbsp;Demain \u00e0 quatre mains&nbsp;\u00bb : les d\u00e9buts<\/h3>\n\n\n\n<p class=\"justification_texte { text-align: justify; }\">Il s\u2019agit d\u2019un concours national d\u2019\u00e9criture de nouvelles initi\u00e9 par la <a href=\"https:\/\/www.fondation-azerty.org\/accueil\">Fondation AZERTY<\/a>. A partir d\u2019une citation, jeunes lyc\u00e9ens et personnes retrait\u00e9es se retrouvent chaque semaine dans le but d\u2019\u00e9crire une nouvelle d\u2019une dizaine de pages. Pour Angoul\u00eame celle-ci est&nbsp;: \u00ab&nbsp;Peu importe, au demeurant, la face du monde n\u2019en sera pas chang\u00e9e&nbsp;\u00bb (F. MITTERAND, <em>Lettres \u00e0 Anne<\/em>).<\/p>\n\n\n\n<p class=\"justification_texte { text-align: justify; }\">Tout\ncommence donc le mercredi 19 septembre 2019 au Coll\u00e8ge &amp; Lyc\u00e9e Saint-Paul\nd\u2019Angoul\u00eame. Une quinzaine de lyc\u00e9ens sont volontaires pour rencontrer des\n\u00ab&nbsp;seniors&nbsp;\u00bb dans le but de participer \u00e0 un atelier d\u2019\u00e9criture. Trois\n\u00e9tablissements sont inscrits au plan national&nbsp;: Paris, Neuilly et Angoul\u00eame.<\/p>\n\n\n\n<figure class=\"wp-block-image\"><img loading=\"lazy\" decoding=\"async\" width=\"1024\" height=\"683\" src=\"https:\/\/www.saint-paul-angouleme.fr\/application\/wp-content\/uploads\/2019\/11\/P1380149-1024x683.jpg\" alt=\"Faire connaissance\" class=\"wp-image-4586\" srcset=\"https:\/\/www.saint-paul-angouleme.fr\/application\/wp-content\/uploads\/2019\/11\/P1380149-1024x683.jpg 1024w, https:\/\/www.saint-paul-angouleme.fr\/application\/wp-content\/uploads\/2019\/11\/P1380149-300x200.jpg 300w, https:\/\/www.saint-paul-angouleme.fr\/application\/wp-content\/uploads\/2019\/11\/P1380149-768x512.jpg 768w\" sizes=\"(max-width: 1024px) 100vw, 1024px\" \/><\/figure>\n\n\n\n<p class=\"justification_texte { text-align: justify; }\">En\nd\u00e9but d\u2019apr\u00e8s-midi les r\u00e9sidents de la \u00ab&nbsp;Villa de Bury&nbsp;\u00bb et du\n\u00ab&nbsp;Moulin des Dames&nbsp;\u00bb arrivent en minibus. Salle St Paul, nos\n\u00ab&nbsp;juniors&nbsp;\u00bb les attendent. Objectif de cette s\u00e9ance\n\u00ab&nbsp;0&nbsp;\u00bb&nbsp;: faire connaissance, briser la glace et constituer les\n\u00e9quipes interg\u00e9n\u00e9rationnelles. Les premi\u00e8res minutes, chacun reste un peu\ntimide puis, rapidement, les jeunes vont \u00e0 la rencontre des anciens et\ns\u2019assoient avec eux pour engager la conversation. Lorsque tout le monde est\narriv\u00e9, Mmes ARNAUD et KRYNICKI accueillent les participants et repr\u00e9cisent le\nd\u00e9roulement du projet. Chacun est alors invit\u00e9 \u00e0 remplir un questionnaire\ndestin\u00e9 \u00e0 la constitution des groupes par affinit\u00e9s. Dans un second temps,\nexercice un peu plus d\u00e9licat&nbsp;: juniors et seniors \u00e9crivent une lettre de\npr\u00e9sentation. Celle-ci peut \u00eatre r\u00e9alis\u00e9e sur divers supports papier, cartons\u2026\nQuelques-uns ajoutent un dessin ou une petite r\u00e9alisation personnelle. Un\ngo\u00fbter cl\u00f4ture ce premier rendez-vous.<\/p>\n\n\n\n<figure class=\"wp-block-image\"><img loading=\"lazy\" decoding=\"async\" width=\"1024\" height=\"683\" src=\"https:\/\/www.saint-paul-angouleme.fr\/application\/wp-content\/uploads\/2019\/11\/P1380142-1024x683.jpg\" alt=\"Lettre de pr\u00e9sentation\" class=\"wp-image-4587\" srcset=\"https:\/\/www.saint-paul-angouleme.fr\/application\/wp-content\/uploads\/2019\/11\/P1380142-1024x683.jpg 1024w, https:\/\/www.saint-paul-angouleme.fr\/application\/wp-content\/uploads\/2019\/11\/P1380142-300x200.jpg 300w, https:\/\/www.saint-paul-angouleme.fr\/application\/wp-content\/uploads\/2019\/11\/P1380142-768x512.jpg 768w\" sizes=\"(max-width: 1024px) 100vw, 1024px\" \/><\/figure>\n\n\n\n<h3 class=\"wp-block-heading\"> L\u2019atelier \u00ab&nbsp;Demain \u00e0 quatre mains&nbsp;\u00bb : vitesse de croisi\u00e8re<\/h3>\n\n\n\n<p class=\"justification_texte { text-align: justify; }\">Quinze\njours apr\u00e8s les \u00e9quipes sont constitu\u00e9es. Le travail d\u2019\u00e9criture peut commencer.\nSemaine apr\u00e8s semaine, la confiance s\u2019installe et m\u00eame de la complicit\u00e9. Des liens\nsont cr\u00e9\u00e9s&nbsp;: les seniors sont impatients d\u2019arriver \u00e0 l\u2019atelier, certains\nlyc\u00e9ens rendent visite \u00e0 des r\u00e9sidents. Les premi\u00e8res lignes voient le jour, la\nnouvelle prend forme. C\u2019est un v\u00e9ritable engagement sur la dur\u00e9e et un travail\nde r\u00e9daction cons\u00e9quent pour ces \u00e9quipes. Cependant, cela n\u2019entrave en rien la\njoie de se retrouver autour de la table pour avancer son r\u00e9cit. Apr\u00e8s plusieurs\nsemaines, le moment attendu arrive&nbsp;: la rencontre avec notre parrain.<\/p>\n\n\n\n<figure class=\"wp-block-image\"><img loading=\"lazy\" decoding=\"async\" width=\"1024\" height=\"683\" src=\"https:\/\/www.saint-paul-angouleme.fr\/application\/wp-content\/uploads\/2019\/11\/P1380286-1024x683.jpg\" alt=\"Rencontre avec le parrain\" class=\"wp-image-4588\" srcset=\"https:\/\/www.saint-paul-angouleme.fr\/application\/wp-content\/uploads\/2019\/11\/P1380286-1024x683.jpg 1024w, https:\/\/www.saint-paul-angouleme.fr\/application\/wp-content\/uploads\/2019\/11\/P1380286-300x200.jpg 300w, https:\/\/www.saint-paul-angouleme.fr\/application\/wp-content\/uploads\/2019\/11\/P1380286-768x512.jpg 768w\" sizes=\"(max-width: 1024px) 100vw, 1024px\" \/><\/figure>\n\n\n\n<h3 class=\"wp-block-heading\">Abdelkader DJEMA\u00cf, parrain de l\u2019atelier<\/h3>\n\n\n\n<p class=\"justification_texte { text-align: justify; }\">L\u2019apr\u00e8s-midi du mercredi 13 novembre est r\u00e9serv\u00e9 \u00e0 la rencontre. Nos \u00e9crivains sont impatients de rencontrer l\u2019auteur, un peu impressionn\u00e9s aussi. Chaque groupe \u00e0 son tour lit le texte d\u00e9j\u00e0 r\u00e9dig\u00e9. Abdelkader Djema\u00ef \u00e9coute en silence, attentivement. Tout le monde d\u2019ailleurs est concentr\u00e9 sur la lecture. Lorsque les orateurs s\u2019arr\u00eatent, l\u2019\u00e9crivain commente et donne des conseils\u00a0: \u00ab\u00a0C\u2019est bien, il y a du mouvement, le vocabulaire est riche\u2026 N\u2019h\u00e9sitez pas \u00e0 couper quelques longueur pour muscler votre texte\u00a0\u00bb. Les autres participants posent \u00e9galement des questions, demandent des pr\u00e9cisions, proposent des conseils. L\u2019ambiance est concentr\u00e9e mais d\u00e9tendue. Les styles litt\u00e9raires sont vari\u00e9s\u00a0: policier, science-fiction, mythologie\u2026 <\/p>\n\n\n\n<p class=\"justification_texte { text-align: justify; }\">\n\nA l\u2019issue de la lecture les \u00e9quipes se reforment autour des tables et le travail reprend. Il faut en effet \u00eatre pr\u00eat pour la remise des nouvelles qui, face \u00e0 l\u2019ampleur de la t\u00e2che, a \u00e9t\u00e9 report\u00e9e au mois de janvier. Un d\u00e9lai qui fera du bien \u00e0 tout le monde, sans compter le plaisir de se retrouver pour encore un peu de temps. \n\n<\/p>\n\n\n\n<figure class=\"wp-block-image\"><img loading=\"lazy\" decoding=\"async\" width=\"1024\" height=\"683\" src=\"https:\/\/www.saint-paul-angouleme.fr\/application\/wp-content\/uploads\/2019\/11\/P1380332-bis-1024x683.jpg\" alt=\"Lecture de la nouvelle\" class=\"wp-image-4589\" srcset=\"https:\/\/www.saint-paul-angouleme.fr\/application\/wp-content\/uploads\/2019\/11\/P1380332-bis-1024x683.jpg 1024w, https:\/\/www.saint-paul-angouleme.fr\/application\/wp-content\/uploads\/2019\/11\/P1380332-bis-300x200.jpg 300w, https:\/\/www.saint-paul-angouleme.fr\/application\/wp-content\/uploads\/2019\/11\/P1380332-bis-768x512.jpg 768w\" sizes=\"(max-width: 1024px) 100vw, 1024px\" \/><\/figure>\n","protected":false},"excerpt":{"rendered":"<p>Le 13 novembre 2019 M. Abdelkader DJEMA\u00cf r\u00e9pond \u00e0 notre invitation et vient \u00e0 Saint-Paul dans le cadre du concours \u00ab&nbsp;Demain \u00e0 quatre mains&nbsp;\u00bb. Les deux objectifs de cette journ\u00e9e sont&nbsp;: rencontrer les \u00e9l\u00e8ves de Premi\u00e8re afin de parler de litt\u00e9rature et pr\u00e9senter le travail d\u2019auteur&nbsp;; dans un second temps, rencontrer les participants de l\u2019atelier &#8230; <a title=\"Abdelkader DJEMA\u00cf : un \u00e9crivain \u00e0 Saint-Paul\" class=\"read-more\" href=\"https:\/\/www.saint-paul-angouleme.fr\/application\/abdelkader-djemai-parrain-de-latelier-demain-a-quatre-mains\/\" aria-label=\"Read more about Abdelkader DJEMA\u00cf : un \u00e9crivain \u00e0 Saint-Paul\">Lire la suite<\/a><\/p>\n","protected":false},"author":3,"featured_media":0,"comment_status":"open","ping_status":"open","sticky":false,"template":"","format":"standard","meta":{"_exactmetrics_skip_tracking":false,"_exactmetrics_sitenote_active":false,"_exactmetrics_sitenote_note":"","_exactmetrics_sitenote_category":0,"footnotes":""},"categories":[13,11],"tags":[],"class_list":["post-4580","post","type-post","status-publish","format-standard","hentry","category-pedagogie","category-pour-aller-plus-loin"],"yoast_head":"<!-- This site is optimized with the Yoast SEO plugin v23.3 - https:\/\/yoast.com\/wordpress\/plugins\/seo\/ -->\n<title>Abdelkader DJEMA\u00cf : un \u00e9crivain \u00e0 Saint-Paul - Actualit\u00e9s<\/title>\n<meta name=\"description\" content=\"M. Abdelkader DJEMA\u00cf r\u00e9pond \u00e0 notre invitation et vient \u00e0 Saint-Paul dans le cadre du concours \u00ab Demain \u00e0 quatre mains \u00bb.\" \/>\n<meta name=\"robots\" content=\"index, follow, max-snippet:-1, max-image-preview:large, max-video-preview:-1\" \/>\n<link rel=\"canonical\" href=\"https:\/\/www.saint-paul-angouleme.fr\/application\/abdelkader-djemai-parrain-de-latelier-demain-a-quatre-mains\/\" \/>\n<meta property=\"og:locale\" content=\"fr_FR\" \/>\n<meta property=\"og:type\" content=\"article\" \/>\n<meta property=\"og:title\" content=\"Abdelkader DJEMA\u00cf : un \u00e9crivain \u00e0 Saint-Paul - Actualit\u00e9s\" \/>\n<meta property=\"og:description\" content=\"M. Abdelkader DJEMA\u00cf r\u00e9pond \u00e0 notre invitation et vient \u00e0 Saint-Paul dans le cadre du concours \u00ab Demain \u00e0 quatre mains \u00bb.\" \/>\n<meta property=\"og:url\" content=\"https:\/\/www.saint-paul-angouleme.fr\/application\/abdelkader-djemai-parrain-de-latelier-demain-a-quatre-mains\/\" \/>\n<meta property=\"og:site_name\" content=\"Actualit\u00e9s\" \/>\n<meta property=\"article:publisher\" content=\"https:\/\/www.facebook.com\/SaintPaulAngouleme16\/\" \/>\n<meta property=\"article:published_time\" content=\"2019-11-28T17:20:55+00:00\" \/>\n<meta property=\"article:modified_time\" content=\"2019-12-02T13:51:35+00:00\" \/>\n<meta property=\"og:image\" content=\"https:\/\/www.saint-paul-angouleme.fr\/application\/wp-content\/uploads\/2019\/11\/P1380274-1024x683.jpg\" \/>\n<meta name=\"author\" content=\"SAINT-PAUL\" \/>\n<meta name=\"twitter:card\" content=\"summary_large_image\" \/>\n<meta name=\"twitter:creator\" content=\"@StPaulAngoulem\" \/>\n<meta name=\"twitter:site\" content=\"@StPaulAngoulem\" \/>\n<meta name=\"twitter:label1\" content=\"\u00c9crit par\" \/>\n\t<meta name=\"twitter:data1\" content=\"SAINT-PAUL\" \/>\n\t<meta name=\"twitter:label2\" content=\"Dur\u00e9e de lecture estim\u00e9e\" \/>\n\t<meta name=\"twitter:data2\" content=\"4 minutes\" \/>\n<script type=\"application\/ld+json\" class=\"yoast-schema-graph\">{\"@context\":\"https:\/\/schema.org\",\"@graph\":[{\"@type\":\"Article\",\"@id\":\"https:\/\/www.saint-paul-angouleme.fr\/application\/abdelkader-djemai-parrain-de-latelier-demain-a-quatre-mains\/#article\",\"isPartOf\":{\"@id\":\"https:\/\/www.saint-paul-angouleme.fr\/application\/abdelkader-djemai-parrain-de-latelier-demain-a-quatre-mains\/\"},\"author\":{\"name\":\"SAINT-PAUL\",\"@id\":\"https:\/\/www.saint-paul-angouleme.fr\/application\/#\/schema\/person\/ea152930b1a3823659065827b1a5fb9b\"},\"headline\":\"Abdelkader DJEMA\u00cf : un \u00e9crivain \u00e0 Saint-Paul\",\"datePublished\":\"2019-11-28T17:20:55+00:00\",\"dateModified\":\"2019-12-02T13:51:35+00:00\",\"mainEntityOfPage\":{\"@id\":\"https:\/\/www.saint-paul-angouleme.fr\/application\/abdelkader-djemai-parrain-de-latelier-demain-a-quatre-mains\/\"},\"wordCount\":866,\"commentCount\":0,\"publisher\":{\"@id\":\"https:\/\/www.saint-paul-angouleme.fr\/application\/#organization\"},\"image\":{\"@id\":\"https:\/\/www.saint-paul-angouleme.fr\/application\/abdelkader-djemai-parrain-de-latelier-demain-a-quatre-mains\/#primaryimage\"},\"thumbnailUrl\":\"https:\/\/www.saint-paul-angouleme.fr\/application\/wp-content\/uploads\/2019\/11\/P1380274-1024x683.jpg\",\"articleSection\":[\"P\u00e9dagogie\",\"Pour aller plus loin\"],\"inLanguage\":\"fr-FR\",\"potentialAction\":[{\"@type\":\"CommentAction\",\"name\":\"Comment\",\"target\":[\"https:\/\/www.saint-paul-angouleme.fr\/application\/abdelkader-djemai-parrain-de-latelier-demain-a-quatre-mains\/#respond\"]}]},{\"@type\":\"WebPage\",\"@id\":\"https:\/\/www.saint-paul-angouleme.fr\/application\/abdelkader-djemai-parrain-de-latelier-demain-a-quatre-mains\/\",\"url\":\"https:\/\/www.saint-paul-angouleme.fr\/application\/abdelkader-djemai-parrain-de-latelier-demain-a-quatre-mains\/\",\"name\":\"Abdelkader DJEMA\u00cf : un \u00e9crivain \u00e0 Saint-Paul - Actualit\u00e9s\",\"isPartOf\":{\"@id\":\"https:\/\/www.saint-paul-angouleme.fr\/application\/#website\"},\"primaryImageOfPage\":{\"@id\":\"https:\/\/www.saint-paul-angouleme.fr\/application\/abdelkader-djemai-parrain-de-latelier-demain-a-quatre-mains\/#primaryimage\"},\"image\":{\"@id\":\"https:\/\/www.saint-paul-angouleme.fr\/application\/abdelkader-djemai-parrain-de-latelier-demain-a-quatre-mains\/#primaryimage\"},\"thumbnailUrl\":\"https:\/\/www.saint-paul-angouleme.fr\/application\/wp-content\/uploads\/2019\/11\/P1380274-1024x683.jpg\",\"datePublished\":\"2019-11-28T17:20:55+00:00\",\"dateModified\":\"2019-12-02T13:51:35+00:00\",\"description\":\"M. Abdelkader DJEMA\u00cf r\u00e9pond \u00e0 notre invitation et vient \u00e0 Saint-Paul dans le cadre du concours \u00ab Demain \u00e0 quatre mains \u00bb.\",\"breadcrumb\":{\"@id\":\"https:\/\/www.saint-paul-angouleme.fr\/application\/abdelkader-djemai-parrain-de-latelier-demain-a-quatre-mains\/#breadcrumb\"},\"inLanguage\":\"fr-FR\",\"potentialAction\":[{\"@type\":\"ReadAction\",\"target\":[\"https:\/\/www.saint-paul-angouleme.fr\/application\/abdelkader-djemai-parrain-de-latelier-demain-a-quatre-mains\/\"]}]},{\"@type\":\"ImageObject\",\"inLanguage\":\"fr-FR\",\"@id\":\"https:\/\/www.saint-paul-angouleme.fr\/application\/abdelkader-djemai-parrain-de-latelier-demain-a-quatre-mains\/#primaryimage\",\"url\":\"https:\/\/www.saint-paul-angouleme.fr\/application\/wp-content\/uploads\/2019\/11\/P1380274.jpg\",\"contentUrl\":\"https:\/\/www.saint-paul-angouleme.fr\/application\/wp-content\/uploads\/2019\/11\/P1380274.jpg\",\"width\":5472,\"height\":3648,\"caption\":\"Abdelkader DJEMA\u00cf\"},{\"@type\":\"BreadcrumbList\",\"@id\":\"https:\/\/www.saint-paul-angouleme.fr\/application\/abdelkader-djemai-parrain-de-latelier-demain-a-quatre-mains\/#breadcrumb\",\"itemListElement\":[{\"@type\":\"ListItem\",\"position\":1,\"name\":\"Accueil\",\"item\":\"http:\/\/www.saint-paul-angouleme.fr\/application\/\"},{\"@type\":\"ListItem\",\"position\":2,\"name\":\"Abdelkader DJEMA\u00cf : un \u00e9crivain \u00e0 Saint-Paul\"}]},{\"@type\":\"WebSite\",\"@id\":\"https:\/\/www.saint-paul-angouleme.fr\/application\/#website\",\"url\":\"https:\/\/www.saint-paul-angouleme.fr\/application\/\",\"name\":\"Actualit\u00e9s\",\"description\":\"Actualit\u00e9s Saint Paul\",\"publisher\":{\"@id\":\"https:\/\/www.saint-paul-angouleme.fr\/application\/#organization\"},\"potentialAction\":[{\"@type\":\"SearchAction\",\"target\":{\"@type\":\"EntryPoint\",\"urlTemplate\":\"https:\/\/www.saint-paul-angouleme.fr\/application\/?s={search_term_string}\"},\"query-input\":\"required name=search_term_string\"}],\"inLanguage\":\"fr-FR\"},{\"@type\":\"Organization\",\"@id\":\"https:\/\/www.saint-paul-angouleme.fr\/application\/#organization\",\"name\":\"Ensemble scolaire Saint-Paul\",\"url\":\"https:\/\/www.saint-paul-angouleme.fr\/application\/\",\"logo\":{\"@type\":\"ImageObject\",\"inLanguage\":\"fr-FR\",\"@id\":\"https:\/\/www.saint-paul-angouleme.fr\/application\/#\/schema\/logo\/image\/\",\"url\":\"https:\/\/www.saint-paul-angouleme.fr\/application\/wp-content\/uploads\/2018\/08\/logo-saint-paul-couleurs.jpg\",\"contentUrl\":\"https:\/\/www.saint-paul-angouleme.fr\/application\/wp-content\/uploads\/2018\/08\/logo-saint-paul-couleurs.jpg\",\"width\":1890,\"height\":709,\"caption\":\"Ensemble scolaire Saint-Paul\"},\"image\":{\"@id\":\"https:\/\/www.saint-paul-angouleme.fr\/application\/#\/schema\/logo\/image\/\"},\"sameAs\":[\"https:\/\/www.facebook.com\/SaintPaulAngouleme16\/\",\"https:\/\/x.com\/StPaulAngoulem\",\"https:\/\/www.youtube.com\/channel\/UCRLpz1CmPVqc0gn--YyXvjA?view_as=subscriber\"]},{\"@type\":\"Person\",\"@id\":\"https:\/\/www.saint-paul-angouleme.fr\/application\/#\/schema\/person\/ea152930b1a3823659065827b1a5fb9b\",\"name\":\"SAINT-PAUL\",\"image\":{\"@type\":\"ImageObject\",\"inLanguage\":\"fr-FR\",\"@id\":\"https:\/\/www.saint-paul-angouleme.fr\/application\/#\/schema\/person\/image\/\",\"url\":\"https:\/\/secure.gravatar.com\/avatar\/eadb0ffebc02683a61d69038eb2924f0?s=96&r=g\",\"contentUrl\":\"https:\/\/secure.gravatar.com\/avatar\/eadb0ffebc02683a61d69038eb2924f0?s=96&r=g\",\"caption\":\"SAINT-PAUL\"},\"url\":\"https:\/\/www.saint-paul-angouleme.fr\/application\/author\/myriam\/\"}]}<\/script>\n<!-- \/ Yoast SEO plugin. -->","yoast_head_json":{"title":"Abdelkader DJEMA\u00cf : un \u00e9crivain \u00e0 Saint-Paul - Actualit\u00e9s","description":"M. Abdelkader DJEMA\u00cf r\u00e9pond \u00e0 notre invitation et vient \u00e0 Saint-Paul dans le cadre du concours \u00ab Demain \u00e0 quatre mains \u00bb.","robots":{"index":"index","follow":"follow","max-snippet":"max-snippet:-1","max-image-preview":"max-image-preview:large","max-video-preview":"max-video-preview:-1"},"canonical":"https:\/\/www.saint-paul-angouleme.fr\/application\/abdelkader-djemai-parrain-de-latelier-demain-a-quatre-mains\/","og_locale":"fr_FR","og_type":"article","og_title":"Abdelkader DJEMA\u00cf : un \u00e9crivain \u00e0 Saint-Paul - Actualit\u00e9s","og_description":"M. Abdelkader DJEMA\u00cf r\u00e9pond \u00e0 notre invitation et vient \u00e0 Saint-Paul dans le cadre du concours \u00ab Demain \u00e0 quatre mains \u00bb.","og_url":"https:\/\/www.saint-paul-angouleme.fr\/application\/abdelkader-djemai-parrain-de-latelier-demain-a-quatre-mains\/","og_site_name":"Actualit\u00e9s","article_publisher":"https:\/\/www.facebook.com\/SaintPaulAngouleme16\/","article_published_time":"2019-11-28T17:20:55+00:00","article_modified_time":"2019-12-02T13:51:35+00:00","og_image":[{"url":"https:\/\/www.saint-paul-angouleme.fr\/application\/wp-content\/uploads\/2019\/11\/P1380274-1024x683.jpg"}],"author":"SAINT-PAUL","twitter_card":"summary_large_image","twitter_creator":"@StPaulAngoulem","twitter_site":"@StPaulAngoulem","twitter_misc":{"\u00c9crit par":"SAINT-PAUL","Dur\u00e9e de lecture estim\u00e9e":"4 minutes"},"schema":{"@context":"https:\/\/schema.org","@graph":[{"@type":"Article","@id":"https:\/\/www.saint-paul-angouleme.fr\/application\/abdelkader-djemai-parrain-de-latelier-demain-a-quatre-mains\/#article","isPartOf":{"@id":"https:\/\/www.saint-paul-angouleme.fr\/application\/abdelkader-djemai-parrain-de-latelier-demain-a-quatre-mains\/"},"author":{"name":"SAINT-PAUL","@id":"https:\/\/www.saint-paul-angouleme.fr\/application\/#\/schema\/person\/ea152930b1a3823659065827b1a5fb9b"},"headline":"Abdelkader DJEMA\u00cf : un \u00e9crivain \u00e0 Saint-Paul","datePublished":"2019-11-28T17:20:55+00:00","dateModified":"2019-12-02T13:51:35+00:00","mainEntityOfPage":{"@id":"https:\/\/www.saint-paul-angouleme.fr\/application\/abdelkader-djemai-parrain-de-latelier-demain-a-quatre-mains\/"},"wordCount":866,"commentCount":0,"publisher":{"@id":"https:\/\/www.saint-paul-angouleme.fr\/application\/#organization"},"image":{"@id":"https:\/\/www.saint-paul-angouleme.fr\/application\/abdelkader-djemai-parrain-de-latelier-demain-a-quatre-mains\/#primaryimage"},"thumbnailUrl":"https:\/\/www.saint-paul-angouleme.fr\/application\/wp-content\/uploads\/2019\/11\/P1380274-1024x683.jpg","articleSection":["P\u00e9dagogie","Pour aller plus loin"],"inLanguage":"fr-FR","potentialAction":[{"@type":"CommentAction","name":"Comment","target":["https:\/\/www.saint-paul-angouleme.fr\/application\/abdelkader-djemai-parrain-de-latelier-demain-a-quatre-mains\/#respond"]}]},{"@type":"WebPage","@id":"https:\/\/www.saint-paul-angouleme.fr\/application\/abdelkader-djemai-parrain-de-latelier-demain-a-quatre-mains\/","url":"https:\/\/www.saint-paul-angouleme.fr\/application\/abdelkader-djemai-parrain-de-latelier-demain-a-quatre-mains\/","name":"Abdelkader DJEMA\u00cf : un \u00e9crivain \u00e0 Saint-Paul - Actualit\u00e9s","isPartOf":{"@id":"https:\/\/www.saint-paul-angouleme.fr\/application\/#website"},"primaryImageOfPage":{"@id":"https:\/\/www.saint-paul-angouleme.fr\/application\/abdelkader-djemai-parrain-de-latelier-demain-a-quatre-mains\/#primaryimage"},"image":{"@id":"https:\/\/www.saint-paul-angouleme.fr\/application\/abdelkader-djemai-parrain-de-latelier-demain-a-quatre-mains\/#primaryimage"},"thumbnailUrl":"https:\/\/www.saint-paul-angouleme.fr\/application\/wp-content\/uploads\/2019\/11\/P1380274-1024x683.jpg","datePublished":"2019-11-28T17:20:55+00:00","dateModified":"2019-12-02T13:51:35+00:00","description":"M. Abdelkader DJEMA\u00cf r\u00e9pond \u00e0 notre invitation et vient \u00e0 Saint-Paul dans le cadre du concours \u00ab Demain \u00e0 quatre mains \u00bb.","breadcrumb":{"@id":"https:\/\/www.saint-paul-angouleme.fr\/application\/abdelkader-djemai-parrain-de-latelier-demain-a-quatre-mains\/#breadcrumb"},"inLanguage":"fr-FR","potentialAction":[{"@type":"ReadAction","target":["https:\/\/www.saint-paul-angouleme.fr\/application\/abdelkader-djemai-parrain-de-latelier-demain-a-quatre-mains\/"]}]},{"@type":"ImageObject","inLanguage":"fr-FR","@id":"https:\/\/www.saint-paul-angouleme.fr\/application\/abdelkader-djemai-parrain-de-latelier-demain-a-quatre-mains\/#primaryimage","url":"https:\/\/www.saint-paul-angouleme.fr\/application\/wp-content\/uploads\/2019\/11\/P1380274.jpg","contentUrl":"https:\/\/www.saint-paul-angouleme.fr\/application\/wp-content\/uploads\/2019\/11\/P1380274.jpg","width":5472,"height":3648,"caption":"Abdelkader DJEMA\u00cf"},{"@type":"BreadcrumbList","@id":"https:\/\/www.saint-paul-angouleme.fr\/application\/abdelkader-djemai-parrain-de-latelier-demain-a-quatre-mains\/#breadcrumb","itemListElement":[{"@type":"ListItem","position":1,"name":"Accueil","item":"http:\/\/www.saint-paul-angouleme.fr\/application\/"},{"@type":"ListItem","position":2,"name":"Abdelkader DJEMA\u00cf : un \u00e9crivain \u00e0 Saint-Paul"}]},{"@type":"WebSite","@id":"https:\/\/www.saint-paul-angouleme.fr\/application\/#website","url":"https:\/\/www.saint-paul-angouleme.fr\/application\/","name":"Actualit\u00e9s","description":"Actualit\u00e9s Saint Paul","publisher":{"@id":"https:\/\/www.saint-paul-angouleme.fr\/application\/#organization"},"potentialAction":[{"@type":"SearchAction","target":{"@type":"EntryPoint","urlTemplate":"https:\/\/www.saint-paul-angouleme.fr\/application\/?s={search_term_string}"},"query-input":"required name=search_term_string"}],"inLanguage":"fr-FR"},{"@type":"Organization","@id":"https:\/\/www.saint-paul-angouleme.fr\/application\/#organization","name":"Ensemble scolaire Saint-Paul","url":"https:\/\/www.saint-paul-angouleme.fr\/application\/","logo":{"@type":"ImageObject","inLanguage":"fr-FR","@id":"https:\/\/www.saint-paul-angouleme.fr\/application\/#\/schema\/logo\/image\/","url":"https:\/\/www.saint-paul-angouleme.fr\/application\/wp-content\/uploads\/2018\/08\/logo-saint-paul-couleurs.jpg","contentUrl":"https:\/\/www.saint-paul-angouleme.fr\/application\/wp-content\/uploads\/2018\/08\/logo-saint-paul-couleurs.jpg","width":1890,"height":709,"caption":"Ensemble scolaire Saint-Paul"},"image":{"@id":"https:\/\/www.saint-paul-angouleme.fr\/application\/#\/schema\/logo\/image\/"},"sameAs":["https:\/\/www.facebook.com\/SaintPaulAngouleme16\/","https:\/\/x.com\/StPaulAngoulem","https:\/\/www.youtube.com\/channel\/UCRLpz1CmPVqc0gn--YyXvjA?view_as=subscriber"]},{"@type":"Person","@id":"https:\/\/www.saint-paul-angouleme.fr\/application\/#\/schema\/person\/ea152930b1a3823659065827b1a5fb9b","name":"SAINT-PAUL","image":{"@type":"ImageObject","inLanguage":"fr-FR","@id":"https:\/\/www.saint-paul-angouleme.fr\/application\/#\/schema\/person\/image\/","url":"https:\/\/secure.gravatar.com\/avatar\/eadb0ffebc02683a61d69038eb2924f0?s=96&r=g","contentUrl":"https:\/\/secure.gravatar.com\/avatar\/eadb0ffebc02683a61d69038eb2924f0?s=96&r=g","caption":"SAINT-PAUL"},"url":"https:\/\/www.saint-paul-angouleme.fr\/application\/author\/myriam\/"}]}},"_links":{"self":[{"href":"https:\/\/www.saint-paul-angouleme.fr\/application\/wp-json\/wp\/v2\/posts\/4580"}],"collection":[{"href":"https:\/\/www.saint-paul-angouleme.fr\/application\/wp-json\/wp\/v2\/posts"}],"about":[{"href":"https:\/\/www.saint-paul-angouleme.fr\/application\/wp-json\/wp\/v2\/types\/post"}],"author":[{"embeddable":true,"href":"https:\/\/www.saint-paul-angouleme.fr\/application\/wp-json\/wp\/v2\/users\/3"}],"replies":[{"embeddable":true,"href":"https:\/\/www.saint-paul-angouleme.fr\/application\/wp-json\/wp\/v2\/comments?post=4580"}],"version-history":[{"count":6,"href":"https:\/\/www.saint-paul-angouleme.fr\/application\/wp-json\/wp\/v2\/posts\/4580\/revisions"}],"predecessor-version":[{"id":4595,"href":"https:\/\/www.saint-paul-angouleme.fr\/application\/wp-json\/wp\/v2\/posts\/4580\/revisions\/4595"}],"wp:attachment":[{"href":"https:\/\/www.saint-paul-angouleme.fr\/application\/wp-json\/wp\/v2\/media?parent=4580"}],"wp:term":[{"taxonomy":"category","embeddable":true,"href":"https:\/\/www.saint-paul-angouleme.fr\/application\/wp-json\/wp\/v2\/categories?post=4580"},{"taxonomy":"post_tag","embeddable":true,"href":"https:\/\/www.saint-paul-angouleme.fr\/application\/wp-json\/wp\/v2\/tags?post=4580"}],"curies":[{"name":"wp","href":"https:\/\/api.w.org\/{rel}","templated":true}]}}