{"id":4556,"date":"2019-11-06T18:12:29","date_gmt":"2019-11-06T17:12:29","guid":{"rendered":"https:\/\/www.saint-paul-angouleme.fr\/application\/?p=4556"},"modified":"2019-11-08T09:12:06","modified_gmt":"2019-11-08T08:12:06","slug":"davanti-al-veneto","status":"publish","type":"post","link":"https:\/\/www.saint-paul-angouleme.fr\/application\/davanti-al-veneto\/","title":{"rendered":"Avanti in Veneto !"},"content":{"rendered":"\n<div class=\"wp-block-image\"><figure class=\"aligncenter\"><img loading=\"lazy\" decoding=\"async\" width=\"1024\" height=\"576\" src=\"https:\/\/www.saint-paul-angouleme.fr\/application\/wp-content\/uploads\/2019\/11\/206801698-1024x576.jpg\" alt=\"Photo de groupe au Th\u00e9\u00e2tre Olympique\" class=\"wp-image-4557\" srcset=\"https:\/\/www.saint-paul-angouleme.fr\/application\/wp-content\/uploads\/2019\/11\/206801698-1024x576.jpg 1024w, https:\/\/www.saint-paul-angouleme.fr\/application\/wp-content\/uploads\/2019\/11\/206801698-300x169.jpg 300w, https:\/\/www.saint-paul-angouleme.fr\/application\/wp-content\/uploads\/2019\/11\/206801698-768x432.jpg 768w, https:\/\/www.saint-paul-angouleme.fr\/application\/wp-content\/uploads\/2019\/11\/206801698.jpg 1820w\" sizes=\"(max-width: 1024px) 100vw, 1024px\" \/><\/figure><\/div>\n\n\n\n<p class=\"has-text-color has-very-dark-gray-color justification_texte { text-align: justify; }\">Le s\u00e9jour \u00e0 Padoue et en V\u00e9n\u00e9tie marque le d\u00e9part d\u2019une nouvelle ann\u00e9e scolaire pour les s\u00e9jours p\u00e9dagogiques. Une semaine dans le nord de l\u2019Italie pour s\u2019impr\u00e9gner de la culture locale et pratiquer la langue, notamment dans les familles h\u00f4tesses de <a href=\"https:\/\/www.comune.pontesannicolo.pd.it\/\">Ponte San Nicol\u00f2<\/a>. Un s\u00e9jour ponctu\u00e9 de plusieurs \u00e9tapes&nbsp;: Padoue, Venise, Vicence et V\u00e9rone. Une large part est consacr\u00e9e \u00e0 l\u2019histoire, au patrimoine architectural et artistique, sans oublier la cuisine. <\/p>\n\n\n\n<div class=\"wp-block-image\"><figure class=\"aligncenter\"><img loading=\"lazy\" decoding=\"async\" width=\"1024\" height=\"681\" src=\"https:\/\/www.saint-paul-angouleme.fr\/application\/wp-content\/uploads\/2019\/11\/padua-4522927_1920-1024x681.jpg\" alt=\"Padoue\" class=\"wp-image-4560\" srcset=\"https:\/\/www.saint-paul-angouleme.fr\/application\/wp-content\/uploads\/2019\/11\/padua-4522927_1920-1024x681.jpg 1024w, https:\/\/www.saint-paul-angouleme.fr\/application\/wp-content\/uploads\/2019\/11\/padua-4522927_1920-300x200.jpg 300w, https:\/\/www.saint-paul-angouleme.fr\/application\/wp-content\/uploads\/2019\/11\/padua-4522927_1920-768x511.jpg 768w, https:\/\/www.saint-paul-angouleme.fr\/application\/wp-content\/uploads\/2019\/11\/padua-4522927_1920.jpg 1920w\" sizes=\"(max-width: 1024px) 100vw, 1024px\" \/><\/figure><\/div>\n\n\n\n<h3 class=\"wp-block-heading\">Padoue, une ville fascinante<\/h3>\n\n\n\n<p class=\"justification_texte { text-align: justify; }\">Apr\u00e8s un voyage de nuit en train couchettes\nchacun est heureux d\u2019arriver \u00e0 PADOVA. En fin de matin\u00e9e, c\u2019est la premi\u00e8re\nvisite de la ville. Accompagn\u00e9 d\u2019un guide, le groupe d\u00e9couvre&nbsp;: la basilique\nSainte Justine, la Prato della valle puis d\u00e9jeune au restaurant. L\u2019apr\u00e8s-midi\nla visite se poursuit avec la piazza delle erbe, celle du duomo et bien s\u00fbr la\nbasilique St Antoine. <\/p>\n\n\n\n<p class=\"justification_texte { text-align: justify; }\">La suite de la visite r\u00e9serve une belle surprise aux amateurs d\u2019Art&nbsp;: la <a href=\"http:\/\/www.cappelladegliscrovegni.it\/index.php\/en\/\">chapelle des Scrovegni<\/a>. Elle est de petite taille mais renferme un extraordinaire tr\u00e9sor. Selon le site du mus\u00e9e, elle est consid\u00e9r\u00e9e comme la s\u00e9rie de fresques la plus compl\u00e8te r\u00e9alis\u00e9e par <a href=\"https:\/\/www.italie1.com\/chapelle-des-scrovegni-giotto\">Giotto<\/a> \u00e0 son \u00e2ge m\u00fbr. Les diff\u00e9rentes fresques sont pour la plupart bien connues&nbsp;et repr\u00e9sentent des sc\u00e8nes de la vie de Marie, de ses parents, du Christ (Nativit\u00e9, le Christ parmi les docteurs au Temple, le baiser de Judas\u2026). <\/p>\n\n\n\n<p class=\"justification_texte { text-align: justify; }\">La visite de Padoue se prolonge l\u2019avant dernier jour avec une balade sur les canaux en bateau traditionnel, un atelier cuisine pour apprendre \u00e0 r\u00e9aliser la fameuse \u00ab&nbsp;pasta&nbsp;\u00bb italienne et la visite de la <a href=\"http:\/\/www.ilburchiello.it\/fr\/villa-pisani-reale-di-stra\">villa Pisani<\/a>.<\/p>\n\n\n\n<div class=\"wp-block-image\"><figure class=\"aligncenter\"><img loading=\"lazy\" decoding=\"async\" width=\"1024\" height=\"425\" src=\"https:\/\/www.saint-paul-angouleme.fr\/application\/wp-content\/uploads\/2019\/11\/venice-3130323_1920-1024x425.jpg\" alt=\"Grand canal\" class=\"wp-image-4561\" srcset=\"https:\/\/www.saint-paul-angouleme.fr\/application\/wp-content\/uploads\/2019\/11\/venice-3130323_1920-1024x425.jpg 1024w, https:\/\/www.saint-paul-angouleme.fr\/application\/wp-content\/uploads\/2019\/11\/venice-3130323_1920-300x125.jpg 300w, https:\/\/www.saint-paul-angouleme.fr\/application\/wp-content\/uploads\/2019\/11\/venice-3130323_1920-768x319.jpg 768w, https:\/\/www.saint-paul-angouleme.fr\/application\/wp-content\/uploads\/2019\/11\/venice-3130323_1920.jpg 1920w\" sizes=\"(max-width: 1024px) 100vw, 1024px\" \/><\/figure><\/div>\n\n\n\n<h3 class=\"wp-block-heading\">Venise, la S\u00e9r\u00e9nissime, en deux \u00e9tapes<\/h3>\n\n\n\n<p class=\"justification_texte { text-align: justify; }\">C\u2019est en effet sur deux jours que la visite de <a href=\"http:\/\/www.venise.fr\/\">Venise<\/a> est pr\u00e9vue. La premi\u00e8re journ\u00e9e, le samedi, est enti\u00e8rement r\u00e9serv\u00e9e \u00e0 <a href=\"https:\/\/www.connaissancedesarts.com\/art-contemporain\/que-voir-la-biennale-de-venise-2019-11120251\/\">58<\/a><sup><a href=\"https:\/\/www.connaissancedesarts.com\/art-contemporain\/que-voir-la-biennale-de-venise-2019-11120251\/\">\u00e8me<\/a><\/sup><a href=\"https:\/\/www.connaissancedesarts.com\/art-contemporain\/que-voir-la-biennale-de-venise-2019-11120251\/\"> Exposition Internationale d&#8217;Art<\/a>&nbsp;: la <a href=\"https:\/\/www.labiennale.org\/en\/art\/2019\">Biennale<\/a>. Le th\u00e8me retenu en 2019 est&nbsp;: \u00ab&nbsp;<em>Vous vivez une \u00e9poque int\u00e9ressante\u00bb<\/em>. De <a href=\"https:\/\/static.labiennale.org\/files\/arte\/Documenti\/biennale-arte-2019d.pdf\">nombreux artistes<\/a> venant de pays vari\u00e9s exposent leurs \u0153uvres dans divers sites \u00e0 travers la ville. Autant dire qu\u2019une journ\u00e9e n\u2019est pas de trop&nbsp;!<\/p>\n\n\n\n<p class=\"justification_texte { text-align: justify; }\">Seconde \u00e9tape le lundi, cette fois d\u00e9couverte de la ville historique avec ses canaux, ses ruelles et ses ponts. Visites incontournables&nbsp;: la place St Marc et sa <a href=\"http:\/\/www.venise-tourisme.com\/basilique-saint-marc.html\">basilique<\/a>, le campanile, puis le pont du Rialto et son quartier. C\u2019est aussi l\u2019occasion de d\u00e9couvrir le bus local&nbsp;: le vaporetto.<\/p>\n\n\n\n<figure class=\"wp-block-image\"><img loading=\"lazy\" decoding=\"async\" width=\"1024\" height=\"683\" src=\"https:\/\/www.saint-paul-angouleme.fr\/application\/wp-content\/uploads\/2019\/11\/theatre-515655_1920-1024x683.jpg\" alt=\"Th\u00e9\u00e2tre de Vicence\" class=\"wp-image-4563\" srcset=\"https:\/\/www.saint-paul-angouleme.fr\/application\/wp-content\/uploads\/2019\/11\/theatre-515655_1920-1024x683.jpg 1024w, https:\/\/www.saint-paul-angouleme.fr\/application\/wp-content\/uploads\/2019\/11\/theatre-515655_1920-300x200.jpg 300w, https:\/\/www.saint-paul-angouleme.fr\/application\/wp-content\/uploads\/2019\/11\/theatre-515655_1920-768x512.jpg 768w, https:\/\/www.saint-paul-angouleme.fr\/application\/wp-content\/uploads\/2019\/11\/theatre-515655_1920.jpg 1920w\" sizes=\"(max-width: 1024px) 100vw, 1024px\" \/><\/figure>\n\n\n\n<h3 class=\"wp-block-heading\">Vicence, Citadelle et V\u00e9rone <\/h3>\n\n\n\n<p class=\"justification_texte { text-align: justify; }\">Ces trois autres villes de V\u00e9n\u00e9tie permettent d\u2019avoir une vision plus compl\u00e8te de cette r\u00e9gion du Nord-est de l\u2019Italie. <a href=\"https:\/\/www.vicenzaforumcenter.it\/file\/1103-COMUNE_DI_VICENZA_-_Guide_au_site_de_lUNESCO_-_F.pdf\">VICENCE<\/a> est r\u00e9put\u00e9e pour son architecture palladienne. A ce titre, elle est reconnue \u00ab&nbsp;<a href=\"http:\/\/www.orangesmile.com\/guide-touristique\/vicenza\/index.htm\">patrimoine historique et culturel<\/a>&nbsp;\u00bb par l\u2019UNESCO en 1994. Apr\u00e8s une promenade en ville, un arr\u00eat s\u2019impose au th\u00e9\u00e2tre Olympique. L\u2019apr\u00e8s-midi est r\u00e9serv\u00e9 \u00e0 une excursion \u00e0 <a href=\"http:\/\/www.visitcittadella.it\/fr\/homepage-fr\/\">CITADELLA<\/a>, ville fortifi\u00e9e&nbsp;: visite de la ville et promenade sur les remparts. Enfin, derni\u00e8re ville et non des moindres&nbsp;: VERONE&nbsp;; d\u00e9ambulation dans la ville&nbsp;: piazza Bra, amphith\u00e9\u00e2tre, piazza Erbe, Castelvecchio, \u00e9glise San Zeno. Mais, pas question de quitter la ville sans un regard sur le balcon de Juliette.<\/p>\n\n\n\n<figure class=\"wp-block-image\"><img loading=\"lazy\" decoding=\"async\" width=\"616\" height=\"1024\" src=\"https:\/\/www.saint-paul-angouleme.fr\/application\/wp-content\/uploads\/2019\/11\/balcony-340877_1920-616x1024.jpg\" alt=\"Le balcon de Juliette\" class=\"wp-image-4564\" srcset=\"https:\/\/www.saint-paul-angouleme.fr\/application\/wp-content\/uploads\/2019\/11\/balcony-340877_1920-616x1024.jpg 616w, https:\/\/www.saint-paul-angouleme.fr\/application\/wp-content\/uploads\/2019\/11\/balcony-340877_1920-180x300.jpg 180w, https:\/\/www.saint-paul-angouleme.fr\/application\/wp-content\/uploads\/2019\/11\/balcony-340877_1920-768x1277.jpg 768w, https:\/\/www.saint-paul-angouleme.fr\/application\/wp-content\/uploads\/2019\/11\/balcony-340877_1920.jpg 1155w\" sizes=\"(max-width: 616px) 100vw, 616px\" \/><\/figure>\n\n\n\n<figure class=\"wp-block-image\"><img loading=\"lazy\" decoding=\"async\" width=\"1024\" height=\"281\" src=\"https:\/\/www.saint-paul-angouleme.fr\/application\/wp-content\/uploads\/2019\/11\/city-1796594_1920-1024x281.jpg\" alt=\"V\u00e9rone\" class=\"wp-image-4565\" srcset=\"https:\/\/www.saint-paul-angouleme.fr\/application\/wp-content\/uploads\/2019\/11\/city-1796594_1920-1024x281.jpg 1024w, https:\/\/www.saint-paul-angouleme.fr\/application\/wp-content\/uploads\/2019\/11\/city-1796594_1920-300x82.jpg 300w, https:\/\/www.saint-paul-angouleme.fr\/application\/wp-content\/uploads\/2019\/11\/city-1796594_1920-768x211.jpg 768w, https:\/\/www.saint-paul-angouleme.fr\/application\/wp-content\/uploads\/2019\/11\/city-1796594_1920.jpg 1920w\" sizes=\"(max-width: 1024px) 100vw, 1024px\" \/><\/figure>\n\n\n\n<p class=\"justification_texte { text-align: justify; }\">Une belle semaine italienne qui s\u2019ach\u00e8ve par une escale \u00e0 Paris au <a href=\"https:\/\/www.centrepompidou.fr\/\">Centre Pompidou<\/a>. C\u2019est ensuite le retour \u00e0 Angoul\u00eame, la t\u00eate emplie de mille images.<\/p>\n","protected":false},"excerpt":{"rendered":"<p>Le s\u00e9jour \u00e0 Padoue et en V\u00e9n\u00e9tie marque le d\u00e9part d\u2019une nouvelle ann\u00e9e scolaire pour les s\u00e9jours p\u00e9dagogiques. Une semaine dans le nord de l\u2019Italie pour s\u2019impr\u00e9gner de la culture locale et pratiquer la langue, notamment dans les familles h\u00f4tesses de Ponte San Nicol\u00f2. Un s\u00e9jour ponctu\u00e9 de plusieurs \u00e9tapes&nbsp;: Padoue, Venise, Vicence et V\u00e9rone. &#8230; <a title=\"Avanti in Veneto !\" class=\"read-more\" href=\"https:\/\/www.saint-paul-angouleme.fr\/application\/davanti-al-veneto\/\" aria-label=\"Read more about Avanti in Veneto !\">Lire la suite<\/a><\/p>\n","protected":false},"author":3,"featured_media":0,"comment_status":"open","ping_status":"open","sticky":false,"template":"","format":"standard","meta":{"_exactmetrics_skip_tracking":false,"_exactmetrics_sitenote_active":false,"_exactmetrics_sitenote_note":"","_exactmetrics_sitenote_category":0,"footnotes":""},"categories":[13],"tags":[],"class_list":["post-4556","post","type-post","status-publish","format-standard","hentry","category-pedagogie"],"yoast_head":"<!-- This site is optimized with the Yoast SEO plugin v23.3 - https:\/\/yoast.com\/wordpress\/plugins\/seo\/ -->\n<title>Avanti in Veneto ! - Actualit\u00e9s<\/title>\n<meta name=\"description\" content=\"Le s\u00e9jour \u00e0 Padoue et en V\u00e9n\u00e9tie marque le d\u00e9part d\u2019une semaine dans le nord de l\u2019Italie pour s\u2019impr\u00e9gner de la culture locale et pratiquer la langue.\" \/>\n<meta name=\"robots\" content=\"index, follow, max-snippet:-1, max-image-preview:large, max-video-preview:-1\" \/>\n<link rel=\"canonical\" href=\"https:\/\/www.saint-paul-angouleme.fr\/application\/davanti-al-veneto\/\" \/>\n<meta property=\"og:locale\" content=\"fr_FR\" \/>\n<meta property=\"og:type\" content=\"article\" \/>\n<meta property=\"og:title\" content=\"Avanti in Veneto ! - Actualit\u00e9s\" \/>\n<meta property=\"og:description\" content=\"Le s\u00e9jour \u00e0 Padoue et en V\u00e9n\u00e9tie marque le d\u00e9part d\u2019une semaine dans le nord de l\u2019Italie pour s\u2019impr\u00e9gner de la culture locale et pratiquer la langue.\" \/>\n<meta property=\"og:url\" content=\"https:\/\/www.saint-paul-angouleme.fr\/application\/davanti-al-veneto\/\" \/>\n<meta property=\"og:site_name\" content=\"Actualit\u00e9s\" \/>\n<meta property=\"article:publisher\" content=\"https:\/\/www.facebook.com\/SaintPaulAngouleme16\/\" \/>\n<meta property=\"article:published_time\" content=\"2019-11-06T17:12:29+00:00\" \/>\n<meta property=\"article:modified_time\" content=\"2019-11-08T08:12:06+00:00\" \/>\n<meta property=\"og:image\" content=\"https:\/\/www.saint-paul-angouleme.fr\/application\/wp-content\/uploads\/2019\/11\/206801698-1024x576.jpg\" \/>\n<meta name=\"author\" content=\"SAINT-PAUL\" \/>\n<meta name=\"twitter:card\" content=\"summary_large_image\" \/>\n<meta name=\"twitter:creator\" content=\"@StPaulAngoulem\" \/>\n<meta name=\"twitter:site\" content=\"@StPaulAngoulem\" \/>\n<meta name=\"twitter:label1\" content=\"\u00c9crit par\" \/>\n\t<meta name=\"twitter:data1\" content=\"SAINT-PAUL\" \/>\n\t<meta name=\"twitter:label2\" content=\"Dur\u00e9e de lecture estim\u00e9e\" \/>\n\t<meta name=\"twitter:data2\" content=\"3 minutes\" \/>\n<script type=\"application\/ld+json\" class=\"yoast-schema-graph\">{\"@context\":\"https:\/\/schema.org\",\"@graph\":[{\"@type\":\"Article\",\"@id\":\"https:\/\/www.saint-paul-angouleme.fr\/application\/davanti-al-veneto\/#article\",\"isPartOf\":{\"@id\":\"https:\/\/www.saint-paul-angouleme.fr\/application\/davanti-al-veneto\/\"},\"author\":{\"name\":\"SAINT-PAUL\",\"@id\":\"https:\/\/www.saint-paul-angouleme.fr\/application\/#\/schema\/person\/ea152930b1a3823659065827b1a5fb9b\"},\"headline\":\"Avanti in Veneto !\",\"datePublished\":\"2019-11-06T17:12:29+00:00\",\"dateModified\":\"2019-11-08T08:12:06+00:00\",\"mainEntityOfPage\":{\"@id\":\"https:\/\/www.saint-paul-angouleme.fr\/application\/davanti-al-veneto\/\"},\"wordCount\":609,\"commentCount\":0,\"publisher\":{\"@id\":\"https:\/\/www.saint-paul-angouleme.fr\/application\/#organization\"},\"image\":{\"@id\":\"https:\/\/www.saint-paul-angouleme.fr\/application\/davanti-al-veneto\/#primaryimage\"},\"thumbnailUrl\":\"https:\/\/www.saint-paul-angouleme.fr\/application\/wp-content\/uploads\/2019\/11\/206801698-1024x576.jpg\",\"articleSection\":[\"P\u00e9dagogie\"],\"inLanguage\":\"fr-FR\",\"potentialAction\":[{\"@type\":\"CommentAction\",\"name\":\"Comment\",\"target\":[\"https:\/\/www.saint-paul-angouleme.fr\/application\/davanti-al-veneto\/#respond\"]}]},{\"@type\":\"WebPage\",\"@id\":\"https:\/\/www.saint-paul-angouleme.fr\/application\/davanti-al-veneto\/\",\"url\":\"https:\/\/www.saint-paul-angouleme.fr\/application\/davanti-al-veneto\/\",\"name\":\"Avanti in Veneto ! - Actualit\u00e9s\",\"isPartOf\":{\"@id\":\"https:\/\/www.saint-paul-angouleme.fr\/application\/#website\"},\"primaryImageOfPage\":{\"@id\":\"https:\/\/www.saint-paul-angouleme.fr\/application\/davanti-al-veneto\/#primaryimage\"},\"image\":{\"@id\":\"https:\/\/www.saint-paul-angouleme.fr\/application\/davanti-al-veneto\/#primaryimage\"},\"thumbnailUrl\":\"https:\/\/www.saint-paul-angouleme.fr\/application\/wp-content\/uploads\/2019\/11\/206801698-1024x576.jpg\",\"datePublished\":\"2019-11-06T17:12:29+00:00\",\"dateModified\":\"2019-11-08T08:12:06+00:00\",\"description\":\"Le s\u00e9jour \u00e0 Padoue et en V\u00e9n\u00e9tie marque le d\u00e9part d\u2019une semaine dans le nord de l\u2019Italie pour s\u2019impr\u00e9gner de la culture locale et pratiquer la langue.\",\"breadcrumb\":{\"@id\":\"https:\/\/www.saint-paul-angouleme.fr\/application\/davanti-al-veneto\/#breadcrumb\"},\"inLanguage\":\"fr-FR\",\"potentialAction\":[{\"@type\":\"ReadAction\",\"target\":[\"https:\/\/www.saint-paul-angouleme.fr\/application\/davanti-al-veneto\/\"]}]},{\"@type\":\"ImageObject\",\"inLanguage\":\"fr-FR\",\"@id\":\"https:\/\/www.saint-paul-angouleme.fr\/application\/davanti-al-veneto\/#primaryimage\",\"url\":\"https:\/\/www.saint-paul-angouleme.fr\/application\/wp-content\/uploads\/2019\/11\/206801698.jpg\",\"contentUrl\":\"https:\/\/www.saint-paul-angouleme.fr\/application\/wp-content\/uploads\/2019\/11\/206801698.jpg\",\"width\":1820,\"height\":1024,\"caption\":\"Photo de groupe au Th\u00e9\u00e2tre Olympique\"},{\"@type\":\"BreadcrumbList\",\"@id\":\"https:\/\/www.saint-paul-angouleme.fr\/application\/davanti-al-veneto\/#breadcrumb\",\"itemListElement\":[{\"@type\":\"ListItem\",\"position\":1,\"name\":\"Accueil\",\"item\":\"http:\/\/www.saint-paul-angouleme.fr\/application\/\"},{\"@type\":\"ListItem\",\"position\":2,\"name\":\"Avanti in Veneto !\"}]},{\"@type\":\"WebSite\",\"@id\":\"https:\/\/www.saint-paul-angouleme.fr\/application\/#website\",\"url\":\"https:\/\/www.saint-paul-angouleme.fr\/application\/\",\"name\":\"Actualit\u00e9s\",\"description\":\"Actualit\u00e9s Saint Paul\",\"publisher\":{\"@id\":\"https:\/\/www.saint-paul-angouleme.fr\/application\/#organization\"},\"potentialAction\":[{\"@type\":\"SearchAction\",\"target\":{\"@type\":\"EntryPoint\",\"urlTemplate\":\"https:\/\/www.saint-paul-angouleme.fr\/application\/?s={search_term_string}\"},\"query-input\":\"required name=search_term_string\"}],\"inLanguage\":\"fr-FR\"},{\"@type\":\"Organization\",\"@id\":\"https:\/\/www.saint-paul-angouleme.fr\/application\/#organization\",\"name\":\"Ensemble scolaire Saint-Paul\",\"url\":\"https:\/\/www.saint-paul-angouleme.fr\/application\/\",\"logo\":{\"@type\":\"ImageObject\",\"inLanguage\":\"fr-FR\",\"@id\":\"https:\/\/www.saint-paul-angouleme.fr\/application\/#\/schema\/logo\/image\/\",\"url\":\"https:\/\/www.saint-paul-angouleme.fr\/application\/wp-content\/uploads\/2018\/08\/logo-saint-paul-couleurs.jpg\",\"contentUrl\":\"https:\/\/www.saint-paul-angouleme.fr\/application\/wp-content\/uploads\/2018\/08\/logo-saint-paul-couleurs.jpg\",\"width\":1890,\"height\":709,\"caption\":\"Ensemble scolaire Saint-Paul\"},\"image\":{\"@id\":\"https:\/\/www.saint-paul-angouleme.fr\/application\/#\/schema\/logo\/image\/\"},\"sameAs\":[\"https:\/\/www.facebook.com\/SaintPaulAngouleme16\/\",\"https:\/\/x.com\/StPaulAngoulem\",\"https:\/\/www.youtube.com\/channel\/UCRLpz1CmPVqc0gn--YyXvjA?view_as=subscriber\"]},{\"@type\":\"Person\",\"@id\":\"https:\/\/www.saint-paul-angouleme.fr\/application\/#\/schema\/person\/ea152930b1a3823659065827b1a5fb9b\",\"name\":\"SAINT-PAUL\",\"image\":{\"@type\":\"ImageObject\",\"inLanguage\":\"fr-FR\",\"@id\":\"https:\/\/www.saint-paul-angouleme.fr\/application\/#\/schema\/person\/image\/\",\"url\":\"https:\/\/secure.gravatar.com\/avatar\/eadb0ffebc02683a61d69038eb2924f0?s=96&r=g\",\"contentUrl\":\"https:\/\/secure.gravatar.com\/avatar\/eadb0ffebc02683a61d69038eb2924f0?s=96&r=g\",\"caption\":\"SAINT-PAUL\"},\"url\":\"https:\/\/www.saint-paul-angouleme.fr\/application\/author\/myriam\/\"}]}<\/script>\n<!-- \/ Yoast SEO plugin. -->","yoast_head_json":{"title":"Avanti in Veneto ! - Actualit\u00e9s","description":"Le s\u00e9jour \u00e0 Padoue et en V\u00e9n\u00e9tie marque le d\u00e9part d\u2019une semaine dans le nord de l\u2019Italie pour s\u2019impr\u00e9gner de la culture locale et pratiquer la langue.","robots":{"index":"index","follow":"follow","max-snippet":"max-snippet:-1","max-image-preview":"max-image-preview:large","max-video-preview":"max-video-preview:-1"},"canonical":"https:\/\/www.saint-paul-angouleme.fr\/application\/davanti-al-veneto\/","og_locale":"fr_FR","og_type":"article","og_title":"Avanti in Veneto ! - Actualit\u00e9s","og_description":"Le s\u00e9jour \u00e0 Padoue et en V\u00e9n\u00e9tie marque le d\u00e9part d\u2019une semaine dans le nord de l\u2019Italie pour s\u2019impr\u00e9gner de la culture locale et pratiquer la langue.","og_url":"https:\/\/www.saint-paul-angouleme.fr\/application\/davanti-al-veneto\/","og_site_name":"Actualit\u00e9s","article_publisher":"https:\/\/www.facebook.com\/SaintPaulAngouleme16\/","article_published_time":"2019-11-06T17:12:29+00:00","article_modified_time":"2019-11-08T08:12:06+00:00","og_image":[{"url":"https:\/\/www.saint-paul-angouleme.fr\/application\/wp-content\/uploads\/2019\/11\/206801698-1024x576.jpg"}],"author":"SAINT-PAUL","twitter_card":"summary_large_image","twitter_creator":"@StPaulAngoulem","twitter_site":"@StPaulAngoulem","twitter_misc":{"\u00c9crit par":"SAINT-PAUL","Dur\u00e9e de lecture estim\u00e9e":"3 minutes"},"schema":{"@context":"https:\/\/schema.org","@graph":[{"@type":"Article","@id":"https:\/\/www.saint-paul-angouleme.fr\/application\/davanti-al-veneto\/#article","isPartOf":{"@id":"https:\/\/www.saint-paul-angouleme.fr\/application\/davanti-al-veneto\/"},"author":{"name":"SAINT-PAUL","@id":"https:\/\/www.saint-paul-angouleme.fr\/application\/#\/schema\/person\/ea152930b1a3823659065827b1a5fb9b"},"headline":"Avanti in Veneto !","datePublished":"2019-11-06T17:12:29+00:00","dateModified":"2019-11-08T08:12:06+00:00","mainEntityOfPage":{"@id":"https:\/\/www.saint-paul-angouleme.fr\/application\/davanti-al-veneto\/"},"wordCount":609,"commentCount":0,"publisher":{"@id":"https:\/\/www.saint-paul-angouleme.fr\/application\/#organization"},"image":{"@id":"https:\/\/www.saint-paul-angouleme.fr\/application\/davanti-al-veneto\/#primaryimage"},"thumbnailUrl":"https:\/\/www.saint-paul-angouleme.fr\/application\/wp-content\/uploads\/2019\/11\/206801698-1024x576.jpg","articleSection":["P\u00e9dagogie"],"inLanguage":"fr-FR","potentialAction":[{"@type":"CommentAction","name":"Comment","target":["https:\/\/www.saint-paul-angouleme.fr\/application\/davanti-al-veneto\/#respond"]}]},{"@type":"WebPage","@id":"https:\/\/www.saint-paul-angouleme.fr\/application\/davanti-al-veneto\/","url":"https:\/\/www.saint-paul-angouleme.fr\/application\/davanti-al-veneto\/","name":"Avanti in Veneto ! - Actualit\u00e9s","isPartOf":{"@id":"https:\/\/www.saint-paul-angouleme.fr\/application\/#website"},"primaryImageOfPage":{"@id":"https:\/\/www.saint-paul-angouleme.fr\/application\/davanti-al-veneto\/#primaryimage"},"image":{"@id":"https:\/\/www.saint-paul-angouleme.fr\/application\/davanti-al-veneto\/#primaryimage"},"thumbnailUrl":"https:\/\/www.saint-paul-angouleme.fr\/application\/wp-content\/uploads\/2019\/11\/206801698-1024x576.jpg","datePublished":"2019-11-06T17:12:29+00:00","dateModified":"2019-11-08T08:12:06+00:00","description":"Le s\u00e9jour \u00e0 Padoue et en V\u00e9n\u00e9tie marque le d\u00e9part d\u2019une semaine dans le nord de l\u2019Italie pour s\u2019impr\u00e9gner de la culture locale et pratiquer la langue.","breadcrumb":{"@id":"https:\/\/www.saint-paul-angouleme.fr\/application\/davanti-al-veneto\/#breadcrumb"},"inLanguage":"fr-FR","potentialAction":[{"@type":"ReadAction","target":["https:\/\/www.saint-paul-angouleme.fr\/application\/davanti-al-veneto\/"]}]},{"@type":"ImageObject","inLanguage":"fr-FR","@id":"https:\/\/www.saint-paul-angouleme.fr\/application\/davanti-al-veneto\/#primaryimage","url":"https:\/\/www.saint-paul-angouleme.fr\/application\/wp-content\/uploads\/2019\/11\/206801698.jpg","contentUrl":"https:\/\/www.saint-paul-angouleme.fr\/application\/wp-content\/uploads\/2019\/11\/206801698.jpg","width":1820,"height":1024,"caption":"Photo de groupe au Th\u00e9\u00e2tre Olympique"},{"@type":"BreadcrumbList","@id":"https:\/\/www.saint-paul-angouleme.fr\/application\/davanti-al-veneto\/#breadcrumb","itemListElement":[{"@type":"ListItem","position":1,"name":"Accueil","item":"http:\/\/www.saint-paul-angouleme.fr\/application\/"},{"@type":"ListItem","position":2,"name":"Avanti in Veneto !"}]},{"@type":"WebSite","@id":"https:\/\/www.saint-paul-angouleme.fr\/application\/#website","url":"https:\/\/www.saint-paul-angouleme.fr\/application\/","name":"Actualit\u00e9s","description":"Actualit\u00e9s Saint Paul","publisher":{"@id":"https:\/\/www.saint-paul-angouleme.fr\/application\/#organization"},"potentialAction":[{"@type":"SearchAction","target":{"@type":"EntryPoint","urlTemplate":"https:\/\/www.saint-paul-angouleme.fr\/application\/?s={search_term_string}"},"query-input":"required name=search_term_string"}],"inLanguage":"fr-FR"},{"@type":"Organization","@id":"https:\/\/www.saint-paul-angouleme.fr\/application\/#organization","name":"Ensemble scolaire Saint-Paul","url":"https:\/\/www.saint-paul-angouleme.fr\/application\/","logo":{"@type":"ImageObject","inLanguage":"fr-FR","@id":"https:\/\/www.saint-paul-angouleme.fr\/application\/#\/schema\/logo\/image\/","url":"https:\/\/www.saint-paul-angouleme.fr\/application\/wp-content\/uploads\/2018\/08\/logo-saint-paul-couleurs.jpg","contentUrl":"https:\/\/www.saint-paul-angouleme.fr\/application\/wp-content\/uploads\/2018\/08\/logo-saint-paul-couleurs.jpg","width":1890,"height":709,"caption":"Ensemble scolaire Saint-Paul"},"image":{"@id":"https:\/\/www.saint-paul-angouleme.fr\/application\/#\/schema\/logo\/image\/"},"sameAs":["https:\/\/www.facebook.com\/SaintPaulAngouleme16\/","https:\/\/x.com\/StPaulAngoulem","https:\/\/www.youtube.com\/channel\/UCRLpz1CmPVqc0gn--YyXvjA?view_as=subscriber"]},{"@type":"Person","@id":"https:\/\/www.saint-paul-angouleme.fr\/application\/#\/schema\/person\/ea152930b1a3823659065827b1a5fb9b","name":"SAINT-PAUL","image":{"@type":"ImageObject","inLanguage":"fr-FR","@id":"https:\/\/www.saint-paul-angouleme.fr\/application\/#\/schema\/person\/image\/","url":"https:\/\/secure.gravatar.com\/avatar\/eadb0ffebc02683a61d69038eb2924f0?s=96&r=g","contentUrl":"https:\/\/secure.gravatar.com\/avatar\/eadb0ffebc02683a61d69038eb2924f0?s=96&r=g","caption":"SAINT-PAUL"},"url":"https:\/\/www.saint-paul-angouleme.fr\/application\/author\/myriam\/"}]}},"_links":{"self":[{"href":"https:\/\/www.saint-paul-angouleme.fr\/application\/wp-json\/wp\/v2\/posts\/4556"}],"collection":[{"href":"https:\/\/www.saint-paul-angouleme.fr\/application\/wp-json\/wp\/v2\/posts"}],"about":[{"href":"https:\/\/www.saint-paul-angouleme.fr\/application\/wp-json\/wp\/v2\/types\/post"}],"author":[{"embeddable":true,"href":"https:\/\/www.saint-paul-angouleme.fr\/application\/wp-json\/wp\/v2\/users\/3"}],"replies":[{"embeddable":true,"href":"https:\/\/www.saint-paul-angouleme.fr\/application\/wp-json\/wp\/v2\/comments?post=4556"}],"version-history":[{"count":7,"href":"https:\/\/www.saint-paul-angouleme.fr\/application\/wp-json\/wp\/v2\/posts\/4556\/revisions"}],"predecessor-version":[{"id":4576,"href":"https:\/\/www.saint-paul-angouleme.fr\/application\/wp-json\/wp\/v2\/posts\/4556\/revisions\/4576"}],"wp:attachment":[{"href":"https:\/\/www.saint-paul-angouleme.fr\/application\/wp-json\/wp\/v2\/media?parent=4556"}],"wp:term":[{"taxonomy":"category","embeddable":true,"href":"https:\/\/www.saint-paul-angouleme.fr\/application\/wp-json\/wp\/v2\/categories?post=4556"},{"taxonomy":"post_tag","embeddable":true,"href":"https:\/\/www.saint-paul-angouleme.fr\/application\/wp-json\/wp\/v2\/tags?post=4556"}],"curies":[{"name":"wp","href":"https:\/\/api.w.org\/{rel}","templated":true}]}}