{"id":454,"date":"2017-03-31T23:24:19","date_gmt":"2017-03-31T21:24:19","guid":{"rendered":"http:\/\/www.saint-paul-angouleme.fr\/application\/?p=454"},"modified":"2017-06-08T14:23:03","modified_gmt":"2017-06-08T12:23:03","slug":"hasta-siempre-andalucia","status":"publish","type":"post","link":"https:\/\/www.saint-paul-angouleme.fr\/application\/hasta-siempre-andalucia\/","title":{"rendered":"\u00a1 Hasta siempre Andaluc\u00eda !"},"content":{"rendered":"<p style=\"text-align: justify;\"><a href=\"http:\/\/www.saint-paul-angouleme.fr\/application\/wp-content\/uploads\/2017\/03\/Ronda-groupe-marches-et-paysage.jpeg\"><img loading=\"lazy\" decoding=\"async\" class=\"aligncenter size-large wp-image-457\" src=\"http:\/\/www.saint-paul-angouleme.fr\/application\/wp-content\/uploads\/2017\/03\/Ronda-groupe-marches-et-paysage-1024x768.jpeg\" alt=\"\" width=\"1024\" height=\"768\" srcset=\"https:\/\/www.saint-paul-angouleme.fr\/application\/wp-content\/uploads\/2017\/03\/Ronda-groupe-marches-et-paysage-1024x768.jpeg 1024w, https:\/\/www.saint-paul-angouleme.fr\/application\/wp-content\/uploads\/2017\/03\/Ronda-groupe-marches-et-paysage-300x225.jpeg 300w, https:\/\/www.saint-paul-angouleme.fr\/application\/wp-content\/uploads\/2017\/03\/Ronda-groupe-marches-et-paysage-768x576.jpeg 768w, https:\/\/www.saint-paul-angouleme.fr\/application\/wp-content\/uploads\/2017\/03\/Ronda-groupe-marches-et-paysage.jpeg 1280w\" sizes=\"(max-width: 1024px) 100vw, 1024px\" \/><\/a><\/p>\n<p style=\"text-align: justify;\"><span style=\"color: #333333; font-family: helvetica,arial,sans-serif; font-size: 20px;\">Le voyage en Andalousie s\u2019ach\u00e8ve\u00a0: c\u2019est l\u2019occasion de d\u00e9couvrir la deuxi\u00e8me partie du s\u00e9jour.<\/span><\/p>\n<p style=\"text-align: justify;\"><span style=\"color: #333333; font-family: helvetica,arial,sans-serif; font-size: 20px;\"><strong>Chaque matin les \u00e9l\u00e8ves ont donc suivi des cours d\u2019Espagnol<\/strong> \u00e0 la <em>\u00ab\u00a0Trinity School\u00a0\u00bb<\/em>\u00a0et ainsi pu parfaire leur connaissance et pratique de la langue. Autre contexte, autres m\u00e9thodes, les \u00e9l\u00e8ves s\u2019appliquent\u00a0!<\/span><\/p>\n<div>\n<div class=\"alignleft\" style=\"width: 29%;\"><a href=\"http:\/\/www.saint-paul-angouleme.fr\/application\/wp-content\/uploads\/2017\/03\/Trinity-School.jpeg\"><img loading=\"lazy\" decoding=\"async\" class=\"aligncenter\" src=\"http:\/\/www.saint-paul-angouleme.fr\/application\/wp-content\/uploads\/2017\/03\/Trinity-School-300x169.jpeg\" alt=\"\" width=\"232\" height=\"131\" \/><\/a><\/div>\n<div class=\"alignleft\" style=\"width: 29%;\"><a href=\"http:\/\/www.saint-paul-angouleme.fr\/application\/wp-content\/uploads\/2017\/03\/Cours-3.jpeg\"><img loading=\"lazy\" decoding=\"async\" class=\"aligncenter\" src=\"http:\/\/www.saint-paul-angouleme.fr\/application\/wp-content\/uploads\/2017\/03\/Cours-3-300x169.jpeg\" alt=\"\" width=\"232\" height=\"131\" \/><\/a><\/div>\n<div class=\"alignleft\" style=\"width: 29%;\"><a href=\"http:\/\/www.saint-paul-angouleme.fr\/application\/wp-content\/uploads\/2017\/03\/Kayak.jpeg\"><img loading=\"lazy\" decoding=\"async\" class=\"aligncenter\" src=\"http:\/\/www.saint-paul-angouleme.fr\/application\/wp-content\/uploads\/2017\/03\/Kayak-300x169.jpeg\" alt=\"\" width=\"232\" height=\"131\" \/><\/a><\/div>\n<div style=\"clear: both;\"><\/div>\n<\/div>\n<p style=\"text-align: justify;\">\n<p style=\"text-align: justify;\"><span style=\"color: #333333; font-family: helvetica,arial,sans-serif; font-size: 20px;\"><strong>Le lundi apr\u00e8s-midi <\/strong>(27 mars) <strong>est sportif<\/strong>\u00a0: v\u00e9lo dans le parc naturel de <em>\u00ab\u00a0Los toru\u00f1os\u00a0\u00bb<\/em> mais aussi kayak en mer et paddle.<\/span><\/p>\n<p style=\"text-align: justify;\"><a href=\"http:\/\/www.saint-paul-angouleme.fr\/application\/wp-content\/uploads\/2017\/03\/Ronda-ar\u00e8nes-en-panoramique.jpeg\"><img loading=\"lazy\" decoding=\"async\" class=\"aligncenter size-large wp-image-477\" src=\"http:\/\/www.saint-paul-angouleme.fr\/application\/wp-content\/uploads\/2017\/03\/Ronda-ar\u00e8nes-en-panoramique-1024x234.jpeg\" alt=\"\" width=\"1024\" height=\"234\" srcset=\"https:\/\/www.saint-paul-angouleme.fr\/application\/wp-content\/uploads\/2017\/03\/Ronda-ar\u00e8nes-en-panoramique-1024x234.jpeg 1024w, https:\/\/www.saint-paul-angouleme.fr\/application\/wp-content\/uploads\/2017\/03\/Ronda-ar\u00e8nes-en-panoramique-300x69.jpeg 300w, https:\/\/www.saint-paul-angouleme.fr\/application\/wp-content\/uploads\/2017\/03\/Ronda-ar\u00e8nes-en-panoramique-768x176.jpeg 768w, https:\/\/www.saint-paul-angouleme.fr\/application\/wp-content\/uploads\/2017\/03\/Ronda-ar\u00e8nes-en-panoramique.jpeg 2047w\" sizes=\"(max-width: 1024px) 100vw, 1024px\" \/><\/a><\/p>\n<p style=\"text-align: justify;\"><span style=\"color: #333333; font-family: helvetica,arial,sans-serif; font-size: 20px;\"><strong>Le lendemain le groupe se rend en excursion \u00e0 RONDA<\/strong>, commune de la province de Malaga qui a constitu\u00e9 un des<a href=\"http:\/\/www.saint-paul-angouleme.fr\/application\/wp-content\/uploads\/2017\/03\/Ronda-flamenca.jpeg\"><img loading=\"lazy\" decoding=\"async\" class=\"alignright size-medium wp-image-478\" src=\"http:\/\/www.saint-paul-angouleme.fr\/application\/wp-content\/uploads\/2017\/03\/Ronda-flamenca-169x300.jpeg\" alt=\"\" width=\"169\" height=\"300\" srcset=\"https:\/\/www.saint-paul-angouleme.fr\/application\/wp-content\/uploads\/2017\/03\/Ronda-flamenca-169x300.jpeg 169w, https:\/\/www.saint-paul-angouleme.fr\/application\/wp-content\/uploads\/2017\/03\/Ronda-flamenca-768x1365.jpeg 768w, https:\/\/www.saint-paul-angouleme.fr\/application\/wp-content\/uploads\/2017\/03\/Ronda-flamenca-576x1024.jpeg 576w, https:\/\/www.saint-paul-angouleme.fr\/application\/wp-content\/uploads\/2017\/03\/Ronda-flamenca.jpeg 999w\" sizes=\"(max-width: 169px) 100vw, 169px\" \/><\/a> derniers bastions du Royaume de Grenade.<\/span><\/p>\n<p style=\"text-align: justify;\"><span style=\"color: #333333; font-family: helvetica,arial,sans-serif; font-size: 20px;\">La ville est c\u00e9l\u00e8bre pour son pont impressionnant qui s\u00e9pare le centre historique surnomm\u00e9 \u00ab\u00a0la ville\u00a0\u00bb (la ciudad) d\u2019une partie plus r\u00e9cente appel\u00e9e \u00ab\u00a0le petit march\u00e9\u00a0\u00bb (el mercadillo). <\/span><\/p>\n<p style=\"text-align: justify;\"><span style=\"color: #333333; font-family: helvetica,arial,sans-serif; font-size: 20px;\">A<\/span><span style=\"color: #333333; font-family: helvetica,arial,sans-serif; font-size: 20px;\">utre lieu incontournable\u00a0: la <em>\u00ab\u00a0Plaza de toros\u00a0\u00bb<\/em> c\u2019est \u00e0 dire les ar\u00e8nes\u00a0; elles sont les plus anciennes d\u2019Espagne. Ronda, fid\u00e8le \u00e0 la tradition andalouse, fait aussi la part belle \u00e0 l\u2019art du flamenco.<\/span><\/p>\n<p style=\"text-align: justify;\"><span style=\"color: #333333; font-family: helvetica,arial,sans-serif; font-size: 20px;\"><strong>Mercredi 29 direction CADIX.<\/strong> Un pont relie Cadix au continent mais c\u2019est par bateau que le groupe rejoindra la ville.<\/span><\/p>\n<p style=\"text-align: justify;\"><a href=\"http:\/\/www.saint-paul-angouleme.fr\/application\/wp-content\/uploads\/2017\/03\/Pont-Cadix.jpeg\"><img loading=\"lazy\" decoding=\"async\" class=\"aligncenter size-full wp-image-479\" src=\"http:\/\/www.saint-paul-angouleme.fr\/application\/wp-content\/uploads\/2017\/03\/Pont-Cadix.jpeg\" alt=\"\" width=\"720\" height=\"405\" srcset=\"https:\/\/www.saint-paul-angouleme.fr\/application\/wp-content\/uploads\/2017\/03\/Pont-Cadix.jpeg 720w, https:\/\/www.saint-paul-angouleme.fr\/application\/wp-content\/uploads\/2017\/03\/Pont-Cadix-300x169.jpeg 300w\" sizes=\"(max-width: 720px) 100vw, 720px\" \/><\/a><\/p>\n<p style=\"text-align: justify;\"><span style=\"color: #333333; font-family: helvetica,arial,sans-serif; font-size: 20px;\">Cadix est l\u2019une des plus anciennes colonies habit\u00e9e d\u2019Europe et poss\u00e8de un port de commerce qui faisait la liaison avec le nouveau monde. Comme l\u2019indique le panneau d\u2019information situ\u00e9 sur le port\u00a0:<\/span><\/p>\n<blockquote>\n<p style=\"text-align: justify;\"><a href=\"http:\/\/www.saint-paul-angouleme.fr\/application\/wp-content\/uploads\/2017\/03\/Panneau-port-1.jpeg\"><img loading=\"lazy\" decoding=\"async\" class=\"alignleft size-medium wp-image-480\" src=\"http:\/\/www.saint-paul-angouleme.fr\/application\/wp-content\/uploads\/2017\/03\/Panneau-port-1-169x300.jpeg\" alt=\"\" width=\"169\" height=\"300\" srcset=\"https:\/\/www.saint-paul-angouleme.fr\/application\/wp-content\/uploads\/2017\/03\/Panneau-port-1-169x300.jpeg 169w, https:\/\/www.saint-paul-angouleme.fr\/application\/wp-content\/uploads\/2017\/03\/Panneau-port-1-768x1365.jpeg 768w, https:\/\/www.saint-paul-angouleme.fr\/application\/wp-content\/uploads\/2017\/03\/Panneau-port-1-576x1024.jpeg 576w, https:\/\/www.saint-paul-angouleme.fr\/application\/wp-content\/uploads\/2017\/03\/Panneau-port-1.jpeg 999w\" sizes=\"(max-width: 169px) 100vw, 169px\" \/><\/a><\/p>\n<p style=\"text-align: justify;\"><span style=\"color: #333333; font-size: 20px;\"><em>\u00ab\u00a0Le port de Cadix, situ\u00e9 strat\u00e9giquement entre l\u2019Atlantique et l\u2019Am\u00e9rique, \u00e9tait l\u2019un des plus importants de l\u2019Espagne du XVIII<sup>\u00e8me<\/sup> si\u00e8cle, pour le commerce avec l\u2019Am\u00e9rique du Nord et du Sud et les Philippines principalement, ainsi qu\u2019avec des autres ports \u00e9trangers.<\/em><\/span><\/p>\n<p style=\"text-align: justify;\"><span style=\"color: #333333; font-size: 20px;\"><em>Au port de Cadix, il \u00e9tait normal de trouver un d\u00e9placement constant de personnes de toutes les classes sociales, de marchandises originales comme des \u00e9pices et des soies orientales ou des plantes exotiques, dont il reste aujourd\u2019hui une trace en ville comme le ficus et le dragonnier\u00a0\u00bb.<\/em><\/span><\/p>\n<\/blockquote>\n<p>&nbsp;<\/p>\n<p style=\"text-align: justify;\"><span style=\"color: #333333; font-family: helvetica,arial,sans-serif; font-size: 20px;\">Dans le quartier <em>\u00ab\u00a0Del P\u00f3pulo\u00a0\u00bb<\/em> s\u2019\u00e9l\u00e8ve la majestueuse cath\u00e9drale de style n\u00e9oclassique avec sa coupole dor\u00e9e. Construite au XVIII<sup>\u00e8me<\/sup> et XIX<sup>\u00e8me<\/sup> si\u00e8cle. Non loin de l\u00e0,\u00a0la tour <em>\u00ab\u00a0Tavira\u00a0\u00bb<\/em>, offre une vision panoramique exceptionnelle sur la ville et la baie de Cadix.\u00a0Elle f\u00fbt d\u00e9sign\u00e9e tour vigie officielle du port de Cadix du fait de sa situation : c\u2019est le point le plus haut de la ville, \u00e0 45 m\u00e8tres au-dessus du niveau de la mer.\u00a0<\/span><\/p>\n<p style=\"text-align: justify;\"><img loading=\"lazy\" decoding=\"async\" class=\"size-medium wp-image-482 alignleft\" src=\"http:\/\/www.saint-paul-angouleme.fr\/application\/wp-content\/uploads\/2017\/03\/Cath\u00e9drale-Cadix-1-300x169.jpeg\" alt=\"\" width=\"300\" height=\"169\" srcset=\"https:\/\/www.saint-paul-angouleme.fr\/application\/wp-content\/uploads\/2017\/03\/Cath\u00e9drale-Cadix-1-300x169.jpeg 300w, https:\/\/www.saint-paul-angouleme.fr\/application\/wp-content\/uploads\/2017\/03\/Cath\u00e9drale-Cadix-1-768x432.jpeg 768w, https:\/\/www.saint-paul-angouleme.fr\/application\/wp-content\/uploads\/2017\/03\/Cath\u00e9drale-Cadix-1-1024x576.jpeg 1024w, https:\/\/www.saint-paul-angouleme.fr\/application\/wp-content\/uploads\/2017\/03\/Cath\u00e9drale-Cadix-1.jpeg 1776w\" sizes=\"(max-width: 300px) 100vw, 300px\" \/><br \/>\n<a href=\"http:\/\/www.saint-paul-angouleme.fr\/application\/wp-content\/uploads\/2017\/03\/Panorama-Cadix-2.jpeg\"><img loading=\"lazy\" decoding=\"async\" class=\"wp-image-483 size-medium alignnone\" src=\"http:\/\/www.saint-paul-angouleme.fr\/application\/wp-content\/uploads\/2017\/03\/Panorama-Cadix-2-300x169.jpeg\" alt=\"\" width=\"300\" height=\"169\" srcset=\"https:\/\/www.saint-paul-angouleme.fr\/application\/wp-content\/uploads\/2017\/03\/Panorama-Cadix-2-300x169.jpeg 300w, https:\/\/www.saint-paul-angouleme.fr\/application\/wp-content\/uploads\/2017\/03\/Panorama-Cadix-2-768x432.jpeg 768w, https:\/\/www.saint-paul-angouleme.fr\/application\/wp-content\/uploads\/2017\/03\/Panorama-Cadix-2-1024x576.jpeg 1024w, https:\/\/www.saint-paul-angouleme.fr\/application\/wp-content\/uploads\/2017\/03\/Panorama-Cadix-2.jpeg 1776w\" sizes=\"(max-width: 300px) 100vw, 300px\" \/><\/a><\/p>\n<p style=\"text-align: justify;\"><span style=\"color: #333333; font-family: helvetica,arial,sans-serif; font-size: 20px;\">Le groupe se dirige ensuite vers la place \u00ab\u00a0<em>de Espa\u00f1a\u00a0\u00bb <\/em>o\u00f9 a \u00e9t\u00e9 \u00e9rig\u00e9 le monument de la Constitution de 1812<em>.<\/em><\/span><\/p>\n<p style=\"text-align: justify;\"><span style=\"color: #333333; font-family: helvetica,arial,sans-serif; font-size: 20px;\">Ce monument, aussi connu sous le nom \u00ab\u00a0<em>Monumento a las Cortes\u00a0\u00bb<\/em>, fut \u00e9difi\u00e9 en 1912 afin de c\u00e9l\u00e9brer le centi\u00e8me anniversaire de la premi\u00e8re constitution lib\u00e9rale d\u2019Espagne, sign\u00e9e \u00e0 Cadix en 1812. <\/span><\/p>\n<p style=\"text-align: justify;\"><span style=\"color: #333333; font-family: helvetica,arial,sans-serif; font-size: 20px;\">Le 19 mars 1812 les Cortes y promulgu\u00e8rent la constitution lib\u00e9rale\u00a0: <em>\u00ab\u00a0la Pepa\u00a0\u00bb<\/em> (puisque celle-ci fut annonc\u00e9e le jour de la St Joseph dont le diminutif espagnol est\u00a0: <em>\u00ab\u00a0Pepe\u00a0\u00bb<\/em>).<\/span><\/p>\n<p style=\"text-align: justify;\"><a href=\"http:\/\/www.saint-paul-angouleme.fr\/application\/wp-content\/uploads\/2017\/03\/Grpe-Constitution.jpeg\"><img loading=\"lazy\" decoding=\"async\" class=\"aligncenter size-large wp-image-484\" src=\"http:\/\/www.saint-paul-angouleme.fr\/application\/wp-content\/uploads\/2017\/03\/Grpe-Constitution-1024x576.jpeg\" alt=\"\" width=\"1024\" height=\"576\" srcset=\"https:\/\/www.saint-paul-angouleme.fr\/application\/wp-content\/uploads\/2017\/03\/Grpe-Constitution-1024x576.jpeg 1024w, https:\/\/www.saint-paul-angouleme.fr\/application\/wp-content\/uploads\/2017\/03\/Grpe-Constitution-300x169.jpeg 300w, https:\/\/www.saint-paul-angouleme.fr\/application\/wp-content\/uploads\/2017\/03\/Grpe-Constitution-768x432.jpeg 768w, https:\/\/www.saint-paul-angouleme.fr\/application\/wp-content\/uploads\/2017\/03\/Grpe-Constitution.jpeg 1776w\" sizes=\"(max-width: 1024px) 100vw, 1024px\" \/><\/a><\/p>\n<p style=\"text-align: justify;\"><span style=\"color: #333333; font-family: helvetica,arial,sans-serif; font-size: 20px;\">L\u2019ensemble sculpt\u00e9 du monument poss\u00e8de une signification symbolique. <\/span><\/p>\n<p style=\"text-align: justify;\"><span style=\"color: #333333; font-family: helvetica,arial,sans-serif; font-size: 20px;\">Il repr\u00e9sente l\u2019agriculture, la citoyennet\u00e9 et l\u2019Espagne. L\u2019un des textes de la Constitution a \u00e9t\u00e9 reproduit \u00e0 la base du pilier principal. Par ailleurs, les sculptures situ\u00e9es sur les deux c\u00f4t\u00e9s du pilier repr\u00e9sentent la paix et la guerre.<\/span><\/p>\n<p style=\"text-align: justify;\"><span style=\"color: #333333; font-family: helvetica,arial,sans-serif; font-size: 20px;\">Cadiz est la seule ville d\u2019Espagne qui a r\u00e9sist\u00e9 \u00e0 l\u2019invasion napol\u00e9onienne.<\/span><\/p>\n<p style=\"text-align: justify;\"><a href=\"http:\/\/www.saint-paul-angouleme.fr\/application\/wp-content\/uploads\/2017\/03\/Retour-bateau.jpeg\"><img loading=\"lazy\" decoding=\"async\" class=\"aligncenter size-medium wp-image-493\" src=\"http:\/\/www.saint-paul-angouleme.fr\/application\/wp-content\/uploads\/2017\/03\/Retour-bateau-300x169.jpeg\" alt=\"\" width=\"300\" height=\"169\" srcset=\"https:\/\/www.saint-paul-angouleme.fr\/application\/wp-content\/uploads\/2017\/03\/Retour-bateau-300x169.jpeg 300w, https:\/\/www.saint-paul-angouleme.fr\/application\/wp-content\/uploads\/2017\/03\/Retour-bateau-768x432.jpeg 768w, https:\/\/www.saint-paul-angouleme.fr\/application\/wp-content\/uploads\/2017\/03\/Retour-bateau-1024x576.jpeg 1024w, https:\/\/www.saint-paul-angouleme.fr\/application\/wp-content\/uploads\/2017\/03\/Retour-bateau.jpeg 1776w\" sizes=\"(max-width: 300px) 100vw, 300px\" \/><\/a><\/p>\n<p style=\"text-align: justify;\"><span style=\"color: #333333; font-family: helvetica,arial,sans-serif; font-size: 20px;\">C\u2019est l\u2019heure du retour vers <em>\u00ab\u00a0El Puerto de Santa Maria\u00a0\u00bb<\/em> mais avant, escale \u00e0 <em>\u00ab\u00a0Jerez de la Frontera\u00a0\u00bb <\/em>(aussi nomm\u00e9e X\u00e9res)\u00a0!<\/span><\/p>\n<p style=\"text-align: justify;\"><span style=\"color: #333333; font-family: helvetica,arial,sans-serif; font-size: 20px;\">Le nom de cette ville andalouse a depuis bien longtemps d\u00e9pass\u00e9 les fronti\u00e8res gr\u00e2ce \u00e0 son architecture musulmane, \u00e0 son vin &#8211; le \u201cjerez\u201d-, la tradition \u00e9questre et taurine, ainsi que le flamenco. Sans oublier bien s\u00fbr les c\u00e9l\u00e8bres \u00ab\u00a0Bodegas\u00a0\u00bb et celle de Tio Pepe\u00a0!<\/span><\/p>\n<p><a href=\"http:\/\/www.saint-paul-angouleme.fr\/application\/wp-content\/uploads\/2017\/03\/Jerez-toro-flamenco.jpeg\"><img loading=\"lazy\" decoding=\"async\" class=\"aligncenter size-large wp-image-497\" src=\"http:\/\/www.saint-paul-angouleme.fr\/application\/wp-content\/uploads\/2017\/03\/Jerez-toro-flamenco-1024x576.jpeg\" alt=\"\" width=\"1024\" height=\"576\" srcset=\"https:\/\/www.saint-paul-angouleme.fr\/application\/wp-content\/uploads\/2017\/03\/Jerez-toro-flamenco-1024x576.jpeg 1024w, https:\/\/www.saint-paul-angouleme.fr\/application\/wp-content\/uploads\/2017\/03\/Jerez-toro-flamenco-300x169.jpeg 300w, https:\/\/www.saint-paul-angouleme.fr\/application\/wp-content\/uploads\/2017\/03\/Jerez-toro-flamenco-768x432.jpeg 768w, https:\/\/www.saint-paul-angouleme.fr\/application\/wp-content\/uploads\/2017\/03\/Jerez-toro-flamenco.jpeg 1776w\" sizes=\"(max-width: 1024px) 100vw, 1024px\" \/><\/a><\/p>\n<p style=\"text-align: justify;\"><span style=\"color: #333333; font-family: helvetica,arial,sans-serif; font-size: 20px;\">Sans aucun doute nos jeunes lyc\u00e9ens garderont longtemps le souvenir de cette halte studieuse et culturelle\u00a0: \u00a1 Hasta luego Espa\u00f1a\u00a0!<\/span><\/p>\n","protected":false},"excerpt":{"rendered":"<p>Le voyage en Andalousie s\u2019ach\u00e8ve\u00a0: c\u2019est l\u2019occasion de d\u00e9couvrir la deuxi\u00e8me partie du s\u00e9jour. Chaque matin les \u00e9l\u00e8ves ont donc suivi des cours d\u2019Espagnol \u00e0 la \u00ab\u00a0Trinity School\u00a0\u00bb\u00a0et ainsi pu parfaire leur connaissance et pratique de la langue. Autre contexte, autres m\u00e9thodes, les \u00e9l\u00e8ves s\u2019appliquent\u00a0! Le lundi apr\u00e8s-midi (27 mars) est sportif\u00a0: v\u00e9lo dans le &#8230; <a title=\"\u00a1 Hasta siempre Andaluc\u00eda !\" class=\"read-more\" href=\"https:\/\/www.saint-paul-angouleme.fr\/application\/hasta-siempre-andalucia\/\" aria-label=\"Read more about \u00a1 Hasta siempre Andaluc\u00eda !\">Lire la suite<\/a><\/p>\n","protected":false},"author":3,"featured_media":0,"comment_status":"open","ping_status":"open","sticky":false,"template":"","format":"standard","meta":{"_exactmetrics_skip_tracking":false,"_exactmetrics_sitenote_active":false,"_exactmetrics_sitenote_note":"","_exactmetrics_sitenote_category":0,"footnotes":""},"categories":[2],"tags":[],"class_list":["post-454","post","type-post","status-publish","format-standard","hentry","category-look-on"],"yoast_head":"<!-- This site is optimized with the Yoast SEO plugin v23.3 - https:\/\/yoast.com\/wordpress\/plugins\/seo\/ -->\n<title>\u00a1 Hasta siempre Andaluc\u00eda ! - Actualit\u00e9s<\/title>\n<meta name=\"robots\" content=\"index, follow, max-snippet:-1, max-image-preview:large, max-video-preview:-1\" \/>\n<link rel=\"canonical\" href=\"https:\/\/www.saint-paul-angouleme.fr\/application\/hasta-siempre-andalucia\/\" \/>\n<meta property=\"og:locale\" content=\"fr_FR\" \/>\n<meta property=\"og:type\" content=\"article\" \/>\n<meta property=\"og:title\" content=\"\u00a1 Hasta siempre Andaluc\u00eda ! - Actualit\u00e9s\" \/>\n<meta property=\"og:description\" content=\"Le voyage en Andalousie s\u2019ach\u00e8ve\u00a0: c\u2019est l\u2019occasion de d\u00e9couvrir la deuxi\u00e8me partie du s\u00e9jour. Chaque matin les \u00e9l\u00e8ves ont donc suivi des cours d\u2019Espagnol \u00e0 la \u00ab\u00a0Trinity School\u00a0\u00bb\u00a0et ainsi pu parfaire leur connaissance et pratique de la langue. Autre contexte, autres m\u00e9thodes, les \u00e9l\u00e8ves s\u2019appliquent\u00a0! Le lundi apr\u00e8s-midi (27 mars) est sportif\u00a0: v\u00e9lo dans le ... Lire la suite\" \/>\n<meta property=\"og:url\" content=\"https:\/\/www.saint-paul-angouleme.fr\/application\/hasta-siempre-andalucia\/\" \/>\n<meta property=\"og:site_name\" content=\"Actualit\u00e9s\" \/>\n<meta property=\"article:publisher\" content=\"https:\/\/www.facebook.com\/SaintPaulAngouleme16\/\" \/>\n<meta property=\"article:published_time\" content=\"2017-03-31T21:24:19+00:00\" \/>\n<meta property=\"article:modified_time\" content=\"2017-06-08T12:23:03+00:00\" \/>\n<meta property=\"og:image\" content=\"http:\/\/www.saint-paul-angouleme.fr\/application\/wp-content\/uploads\/2017\/03\/Ronda-groupe-marches-et-paysage-1024x768.jpeg\" \/>\n<meta name=\"author\" content=\"SAINT-PAUL\" \/>\n<meta name=\"twitter:card\" content=\"summary_large_image\" \/>\n<meta name=\"twitter:creator\" content=\"@StPaulAngoulem\" \/>\n<meta name=\"twitter:site\" content=\"@StPaulAngoulem\" \/>\n<meta name=\"twitter:label1\" content=\"\u00c9crit par\" \/>\n\t<meta name=\"twitter:data1\" content=\"SAINT-PAUL\" \/>\n\t<meta name=\"twitter:label2\" content=\"Dur\u00e9e de lecture estim\u00e9e\" \/>\n\t<meta name=\"twitter:data2\" content=\"3 minutes\" \/>\n<script type=\"application\/ld+json\" class=\"yoast-schema-graph\">{\"@context\":\"https:\/\/schema.org\",\"@graph\":[{\"@type\":\"Article\",\"@id\":\"https:\/\/www.saint-paul-angouleme.fr\/application\/hasta-siempre-andalucia\/#article\",\"isPartOf\":{\"@id\":\"https:\/\/www.saint-paul-angouleme.fr\/application\/hasta-siempre-andalucia\/\"},\"author\":{\"name\":\"SAINT-PAUL\",\"@id\":\"https:\/\/www.saint-paul-angouleme.fr\/application\/#\/schema\/person\/ea152930b1a3823659065827b1a5fb9b\"},\"headline\":\"\u00a1 Hasta siempre Andaluc\u00eda !\",\"datePublished\":\"2017-03-31T21:24:19+00:00\",\"dateModified\":\"2017-06-08T12:23:03+00:00\",\"mainEntityOfPage\":{\"@id\":\"https:\/\/www.saint-paul-angouleme.fr\/application\/hasta-siempre-andalucia\/\"},\"wordCount\":680,\"commentCount\":0,\"publisher\":{\"@id\":\"https:\/\/www.saint-paul-angouleme.fr\/application\/#organization\"},\"image\":{\"@id\":\"https:\/\/www.saint-paul-angouleme.fr\/application\/hasta-siempre-andalucia\/#primaryimage\"},\"thumbnailUrl\":\"http:\/\/www.saint-paul-angouleme.fr\/application\/wp-content\/uploads\/2017\/03\/Ronda-groupe-marches-et-paysage-1024x768.jpeg\",\"articleSection\":[\"Look on\"],\"inLanguage\":\"fr-FR\",\"potentialAction\":[{\"@type\":\"CommentAction\",\"name\":\"Comment\",\"target\":[\"https:\/\/www.saint-paul-angouleme.fr\/application\/hasta-siempre-andalucia\/#respond\"]}]},{\"@type\":\"WebPage\",\"@id\":\"https:\/\/www.saint-paul-angouleme.fr\/application\/hasta-siempre-andalucia\/\",\"url\":\"https:\/\/www.saint-paul-angouleme.fr\/application\/hasta-siempre-andalucia\/\",\"name\":\"\u00a1 Hasta siempre Andaluc\u00eda ! - Actualit\u00e9s\",\"isPartOf\":{\"@id\":\"https:\/\/www.saint-paul-angouleme.fr\/application\/#website\"},\"primaryImageOfPage\":{\"@id\":\"https:\/\/www.saint-paul-angouleme.fr\/application\/hasta-siempre-andalucia\/#primaryimage\"},\"image\":{\"@id\":\"https:\/\/www.saint-paul-angouleme.fr\/application\/hasta-siempre-andalucia\/#primaryimage\"},\"thumbnailUrl\":\"http:\/\/www.saint-paul-angouleme.fr\/application\/wp-content\/uploads\/2017\/03\/Ronda-groupe-marches-et-paysage-1024x768.jpeg\",\"datePublished\":\"2017-03-31T21:24:19+00:00\",\"dateModified\":\"2017-06-08T12:23:03+00:00\",\"breadcrumb\":{\"@id\":\"https:\/\/www.saint-paul-angouleme.fr\/application\/hasta-siempre-andalucia\/#breadcrumb\"},\"inLanguage\":\"fr-FR\",\"potentialAction\":[{\"@type\":\"ReadAction\",\"target\":[\"https:\/\/www.saint-paul-angouleme.fr\/application\/hasta-siempre-andalucia\/\"]}]},{\"@type\":\"ImageObject\",\"inLanguage\":\"fr-FR\",\"@id\":\"https:\/\/www.saint-paul-angouleme.fr\/application\/hasta-siempre-andalucia\/#primaryimage\",\"url\":\"http:\/\/www.saint-paul-angouleme.fr\/application\/wp-content\/uploads\/2017\/03\/Ronda-groupe-marches-et-paysage-1024x768.jpeg\",\"contentUrl\":\"http:\/\/www.saint-paul-angouleme.fr\/application\/wp-content\/uploads\/2017\/03\/Ronda-groupe-marches-et-paysage-1024x768.jpeg\"},{\"@type\":\"BreadcrumbList\",\"@id\":\"https:\/\/www.saint-paul-angouleme.fr\/application\/hasta-siempre-andalucia\/#breadcrumb\",\"itemListElement\":[{\"@type\":\"ListItem\",\"position\":1,\"name\":\"Accueil\",\"item\":\"http:\/\/www.saint-paul-angouleme.fr\/application\/\"},{\"@type\":\"ListItem\",\"position\":2,\"name\":\"\u00a1 Hasta siempre Andaluc\u00eda !\"}]},{\"@type\":\"WebSite\",\"@id\":\"https:\/\/www.saint-paul-angouleme.fr\/application\/#website\",\"url\":\"https:\/\/www.saint-paul-angouleme.fr\/application\/\",\"name\":\"Actualit\u00e9s\",\"description\":\"Actualit\u00e9s Saint Paul\",\"publisher\":{\"@id\":\"https:\/\/www.saint-paul-angouleme.fr\/application\/#organization\"},\"potentialAction\":[{\"@type\":\"SearchAction\",\"target\":{\"@type\":\"EntryPoint\",\"urlTemplate\":\"https:\/\/www.saint-paul-angouleme.fr\/application\/?s={search_term_string}\"},\"query-input\":\"required name=search_term_string\"}],\"inLanguage\":\"fr-FR\"},{\"@type\":\"Organization\",\"@id\":\"https:\/\/www.saint-paul-angouleme.fr\/application\/#organization\",\"name\":\"Ensemble scolaire Saint-Paul\",\"url\":\"https:\/\/www.saint-paul-angouleme.fr\/application\/\",\"logo\":{\"@type\":\"ImageObject\",\"inLanguage\":\"fr-FR\",\"@id\":\"https:\/\/www.saint-paul-angouleme.fr\/application\/#\/schema\/logo\/image\/\",\"url\":\"https:\/\/www.saint-paul-angouleme.fr\/application\/wp-content\/uploads\/2018\/08\/logo-saint-paul-couleurs.jpg\",\"contentUrl\":\"https:\/\/www.saint-paul-angouleme.fr\/application\/wp-content\/uploads\/2018\/08\/logo-saint-paul-couleurs.jpg\",\"width\":1890,\"height\":709,\"caption\":\"Ensemble scolaire Saint-Paul\"},\"image\":{\"@id\":\"https:\/\/www.saint-paul-angouleme.fr\/application\/#\/schema\/logo\/image\/\"},\"sameAs\":[\"https:\/\/www.facebook.com\/SaintPaulAngouleme16\/\",\"https:\/\/x.com\/StPaulAngoulem\",\"https:\/\/www.youtube.com\/channel\/UCRLpz1CmPVqc0gn--YyXvjA?view_as=subscriber\"]},{\"@type\":\"Person\",\"@id\":\"https:\/\/www.saint-paul-angouleme.fr\/application\/#\/schema\/person\/ea152930b1a3823659065827b1a5fb9b\",\"name\":\"SAINT-PAUL\",\"image\":{\"@type\":\"ImageObject\",\"inLanguage\":\"fr-FR\",\"@id\":\"https:\/\/www.saint-paul-angouleme.fr\/application\/#\/schema\/person\/image\/\",\"url\":\"https:\/\/secure.gravatar.com\/avatar\/eadb0ffebc02683a61d69038eb2924f0?s=96&r=g\",\"contentUrl\":\"https:\/\/secure.gravatar.com\/avatar\/eadb0ffebc02683a61d69038eb2924f0?s=96&r=g\",\"caption\":\"SAINT-PAUL\"},\"url\":\"https:\/\/www.saint-paul-angouleme.fr\/application\/author\/myriam\/\"}]}<\/script>\n<!-- \/ Yoast SEO plugin. -->","yoast_head_json":{"title":"\u00a1 Hasta siempre Andaluc\u00eda ! - Actualit\u00e9s","robots":{"index":"index","follow":"follow","max-snippet":"max-snippet:-1","max-image-preview":"max-image-preview:large","max-video-preview":"max-video-preview:-1"},"canonical":"https:\/\/www.saint-paul-angouleme.fr\/application\/hasta-siempre-andalucia\/","og_locale":"fr_FR","og_type":"article","og_title":"\u00a1 Hasta siempre Andaluc\u00eda ! - Actualit\u00e9s","og_description":"Le voyage en Andalousie s\u2019ach\u00e8ve\u00a0: c\u2019est l\u2019occasion de d\u00e9couvrir la deuxi\u00e8me partie du s\u00e9jour. Chaque matin les \u00e9l\u00e8ves ont donc suivi des cours d\u2019Espagnol \u00e0 la \u00ab\u00a0Trinity School\u00a0\u00bb\u00a0et ainsi pu parfaire leur connaissance et pratique de la langue. Autre contexte, autres m\u00e9thodes, les \u00e9l\u00e8ves s\u2019appliquent\u00a0! Le lundi apr\u00e8s-midi (27 mars) est sportif\u00a0: v\u00e9lo dans le ... Lire la suite","og_url":"https:\/\/www.saint-paul-angouleme.fr\/application\/hasta-siempre-andalucia\/","og_site_name":"Actualit\u00e9s","article_publisher":"https:\/\/www.facebook.com\/SaintPaulAngouleme16\/","article_published_time":"2017-03-31T21:24:19+00:00","article_modified_time":"2017-06-08T12:23:03+00:00","og_image":[{"url":"http:\/\/www.saint-paul-angouleme.fr\/application\/wp-content\/uploads\/2017\/03\/Ronda-groupe-marches-et-paysage-1024x768.jpeg"}],"author":"SAINT-PAUL","twitter_card":"summary_large_image","twitter_creator":"@StPaulAngoulem","twitter_site":"@StPaulAngoulem","twitter_misc":{"\u00c9crit par":"SAINT-PAUL","Dur\u00e9e de lecture estim\u00e9e":"3 minutes"},"schema":{"@context":"https:\/\/schema.org","@graph":[{"@type":"Article","@id":"https:\/\/www.saint-paul-angouleme.fr\/application\/hasta-siempre-andalucia\/#article","isPartOf":{"@id":"https:\/\/www.saint-paul-angouleme.fr\/application\/hasta-siempre-andalucia\/"},"author":{"name":"SAINT-PAUL","@id":"https:\/\/www.saint-paul-angouleme.fr\/application\/#\/schema\/person\/ea152930b1a3823659065827b1a5fb9b"},"headline":"\u00a1 Hasta siempre Andaluc\u00eda !","datePublished":"2017-03-31T21:24:19+00:00","dateModified":"2017-06-08T12:23:03+00:00","mainEntityOfPage":{"@id":"https:\/\/www.saint-paul-angouleme.fr\/application\/hasta-siempre-andalucia\/"},"wordCount":680,"commentCount":0,"publisher":{"@id":"https:\/\/www.saint-paul-angouleme.fr\/application\/#organization"},"image":{"@id":"https:\/\/www.saint-paul-angouleme.fr\/application\/hasta-siempre-andalucia\/#primaryimage"},"thumbnailUrl":"http:\/\/www.saint-paul-angouleme.fr\/application\/wp-content\/uploads\/2017\/03\/Ronda-groupe-marches-et-paysage-1024x768.jpeg","articleSection":["Look on"],"inLanguage":"fr-FR","potentialAction":[{"@type":"CommentAction","name":"Comment","target":["https:\/\/www.saint-paul-angouleme.fr\/application\/hasta-siempre-andalucia\/#respond"]}]},{"@type":"WebPage","@id":"https:\/\/www.saint-paul-angouleme.fr\/application\/hasta-siempre-andalucia\/","url":"https:\/\/www.saint-paul-angouleme.fr\/application\/hasta-siempre-andalucia\/","name":"\u00a1 Hasta siempre Andaluc\u00eda ! - Actualit\u00e9s","isPartOf":{"@id":"https:\/\/www.saint-paul-angouleme.fr\/application\/#website"},"primaryImageOfPage":{"@id":"https:\/\/www.saint-paul-angouleme.fr\/application\/hasta-siempre-andalucia\/#primaryimage"},"image":{"@id":"https:\/\/www.saint-paul-angouleme.fr\/application\/hasta-siempre-andalucia\/#primaryimage"},"thumbnailUrl":"http:\/\/www.saint-paul-angouleme.fr\/application\/wp-content\/uploads\/2017\/03\/Ronda-groupe-marches-et-paysage-1024x768.jpeg","datePublished":"2017-03-31T21:24:19+00:00","dateModified":"2017-06-08T12:23:03+00:00","breadcrumb":{"@id":"https:\/\/www.saint-paul-angouleme.fr\/application\/hasta-siempre-andalucia\/#breadcrumb"},"inLanguage":"fr-FR","potentialAction":[{"@type":"ReadAction","target":["https:\/\/www.saint-paul-angouleme.fr\/application\/hasta-siempre-andalucia\/"]}]},{"@type":"ImageObject","inLanguage":"fr-FR","@id":"https:\/\/www.saint-paul-angouleme.fr\/application\/hasta-siempre-andalucia\/#primaryimage","url":"http:\/\/www.saint-paul-angouleme.fr\/application\/wp-content\/uploads\/2017\/03\/Ronda-groupe-marches-et-paysage-1024x768.jpeg","contentUrl":"http:\/\/www.saint-paul-angouleme.fr\/application\/wp-content\/uploads\/2017\/03\/Ronda-groupe-marches-et-paysage-1024x768.jpeg"},{"@type":"BreadcrumbList","@id":"https:\/\/www.saint-paul-angouleme.fr\/application\/hasta-siempre-andalucia\/#breadcrumb","itemListElement":[{"@type":"ListItem","position":1,"name":"Accueil","item":"http:\/\/www.saint-paul-angouleme.fr\/application\/"},{"@type":"ListItem","position":2,"name":"\u00a1 Hasta siempre Andaluc\u00eda !"}]},{"@type":"WebSite","@id":"https:\/\/www.saint-paul-angouleme.fr\/application\/#website","url":"https:\/\/www.saint-paul-angouleme.fr\/application\/","name":"Actualit\u00e9s","description":"Actualit\u00e9s Saint Paul","publisher":{"@id":"https:\/\/www.saint-paul-angouleme.fr\/application\/#organization"},"potentialAction":[{"@type":"SearchAction","target":{"@type":"EntryPoint","urlTemplate":"https:\/\/www.saint-paul-angouleme.fr\/application\/?s={search_term_string}"},"query-input":"required name=search_term_string"}],"inLanguage":"fr-FR"},{"@type":"Organization","@id":"https:\/\/www.saint-paul-angouleme.fr\/application\/#organization","name":"Ensemble scolaire Saint-Paul","url":"https:\/\/www.saint-paul-angouleme.fr\/application\/","logo":{"@type":"ImageObject","inLanguage":"fr-FR","@id":"https:\/\/www.saint-paul-angouleme.fr\/application\/#\/schema\/logo\/image\/","url":"https:\/\/www.saint-paul-angouleme.fr\/application\/wp-content\/uploads\/2018\/08\/logo-saint-paul-couleurs.jpg","contentUrl":"https:\/\/www.saint-paul-angouleme.fr\/application\/wp-content\/uploads\/2018\/08\/logo-saint-paul-couleurs.jpg","width":1890,"height":709,"caption":"Ensemble scolaire Saint-Paul"},"image":{"@id":"https:\/\/www.saint-paul-angouleme.fr\/application\/#\/schema\/logo\/image\/"},"sameAs":["https:\/\/www.facebook.com\/SaintPaulAngouleme16\/","https:\/\/x.com\/StPaulAngoulem","https:\/\/www.youtube.com\/channel\/UCRLpz1CmPVqc0gn--YyXvjA?view_as=subscriber"]},{"@type":"Person","@id":"https:\/\/www.saint-paul-angouleme.fr\/application\/#\/schema\/person\/ea152930b1a3823659065827b1a5fb9b","name":"SAINT-PAUL","image":{"@type":"ImageObject","inLanguage":"fr-FR","@id":"https:\/\/www.saint-paul-angouleme.fr\/application\/#\/schema\/person\/image\/","url":"https:\/\/secure.gravatar.com\/avatar\/eadb0ffebc02683a61d69038eb2924f0?s=96&r=g","contentUrl":"https:\/\/secure.gravatar.com\/avatar\/eadb0ffebc02683a61d69038eb2924f0?s=96&r=g","caption":"SAINT-PAUL"},"url":"https:\/\/www.saint-paul-angouleme.fr\/application\/author\/myriam\/"}]}},"_links":{"self":[{"href":"https:\/\/www.saint-paul-angouleme.fr\/application\/wp-json\/wp\/v2\/posts\/454"}],"collection":[{"href":"https:\/\/www.saint-paul-angouleme.fr\/application\/wp-json\/wp\/v2\/posts"}],"about":[{"href":"https:\/\/www.saint-paul-angouleme.fr\/application\/wp-json\/wp\/v2\/types\/post"}],"author":[{"embeddable":true,"href":"https:\/\/www.saint-paul-angouleme.fr\/application\/wp-json\/wp\/v2\/users\/3"}],"replies":[{"embeddable":true,"href":"https:\/\/www.saint-paul-angouleme.fr\/application\/wp-json\/wp\/v2\/comments?post=454"}],"version-history":[{"count":56,"href":"https:\/\/www.saint-paul-angouleme.fr\/application\/wp-json\/wp\/v2\/posts\/454\/revisions"}],"predecessor-version":[{"id":966,"href":"https:\/\/www.saint-paul-angouleme.fr\/application\/wp-json\/wp\/v2\/posts\/454\/revisions\/966"}],"wp:attachment":[{"href":"https:\/\/www.saint-paul-angouleme.fr\/application\/wp-json\/wp\/v2\/media?parent=454"}],"wp:term":[{"taxonomy":"category","embeddable":true,"href":"https:\/\/www.saint-paul-angouleme.fr\/application\/wp-json\/wp\/v2\/categories?post=454"},{"taxonomy":"post_tag","embeddable":true,"href":"https:\/\/www.saint-paul-angouleme.fr\/application\/wp-json\/wp\/v2\/tags?post=454"}],"curies":[{"name":"wp","href":"https:\/\/api.w.org\/{rel}","templated":true}]}}