{"id":4188,"date":"2019-07-11T16:52:12","date_gmt":"2019-07-11T14:52:12","guid":{"rendered":"https:\/\/www.saint-paul-angouleme.fr\/application\/?p=4188"},"modified":"2019-07-11T16:52:12","modified_gmt":"2019-07-11T14:52:12","slug":"prix-de-la-paix-2019-deux-eleves-de-saint-paul-a-jerez-grace-au-rotary","status":"publish","type":"post","link":"https:\/\/www.saint-paul-angouleme.fr\/application\/prix-de-la-paix-2019-deux-eleves-de-saint-paul-a-jerez-grace-au-rotary\/","title":{"rendered":"Prix de la Paix 2019 : deux \u00e9l\u00e8ves de Saint-Paul \u00e0 Jerez gr\u00e2ce au Rotary"},"content":{"rendered":"<figure id=\"attachment_4189\" aria-describedby=\"caption-attachment-4189\" style=\"width: 758px\" class=\"wp-caption aligncenter\"><a href=\"https:\/\/www.saint-paul-angouleme.fr\/application\/wp-content\/uploads\/2019\/07\/Prix-Paix.jpg\"><img loading=\"lazy\" decoding=\"async\" class=\"wp-image-4189 size-large\" title=\"Rotary : prix de la Paix 2019\" src=\"https:\/\/www.saint-paul-angouleme.fr\/application\/wp-content\/uploads\/2019\/07\/Prix-Paix-768x1024.jpg\" alt=\"Rotary : prix de la Paix 2019\" width=\"768\" height=\"1024\" data-id=\"4189\" srcset=\"https:\/\/www.saint-paul-angouleme.fr\/application\/wp-content\/uploads\/2019\/07\/Prix-Paix-768x1024.jpg 768w, https:\/\/www.saint-paul-angouleme.fr\/application\/wp-content\/uploads\/2019\/07\/Prix-Paix-225x300.jpg 225w, https:\/\/www.saint-paul-angouleme.fr\/application\/wp-content\/uploads\/2019\/07\/Prix-Paix.jpg 1200w\" sizes=\"(max-width: 768px) 100vw, 768px\" \/><\/a><figcaption id=\"caption-attachment-4189\" class=\"wp-caption-text\">Mathis et Eva gagnent un voyage \u00e0 Jerez<\/figcaption><\/figure>\n<div class=\"\" style=\"text-align: justify;\" data-block=\"true\" data-editor=\"2o9kv\" data-offset-key=\"e42u0-0-0\">\n<div class=\"_1mf _1mj\" style=\"text-align: justify;\" data-offset-key=\"e42u0-0-0\"><span style=\"font-family: arial, helvetica, sans-serif;\">Le 25 juin 2019, remise du prix de la Paix \u00e0 l&#8217;h\u00f4tel <span class=\"_5zk7\" spellcheck=\"false\" data-offset-key=\"e42u0-1-0\">#Mercure<\/span>.<\/span><\/div>\n<\/div>\n<div class=\"\" style=\"text-align: justify;\" data-block=\"true\" data-editor=\"2o9kv\" data-offset-key=\"2lo5f-0-0\">\n<div class=\"_1mf _1mj\" data-offset-key=\"2lo5f-0-0\"><span style=\"font-family: arial, helvetica, sans-serif;\">Deux de nos \u00e9l\u00e8ves ont gagn\u00e9 le concours organis\u00e9 par le <span class=\"_5zk7\" spellcheck=\"false\" data-offset-key=\"2lo5f-1-0\">#Rotary<\/span> . Ils devaient \u00e9crire, en espagnol, un texte sur Paix (concours r\u00e9serv\u00e9 aux \u00e9l\u00e8ves de 1\u00e8re de Saint-Paul).<\/span><\/div>\n<\/div>\n<div class=\"\" data-block=\"true\" data-editor=\"2o9kv\" data-offset-key=\"8a7n3-0-0\">\n<div class=\"_1mf _1mj\" style=\"text-align: justify;\" data-offset-key=\"8a7n3-0-0\"><span style=\"font-family: arial, helvetica, sans-serif;\">Mathis PEROL et Eva BAGES ont remport\u00e9 un s\u00e9jour \u00e0 Jerez de la Frontera o\u00f9 ils sont actuellement. Tout se passe bien pour eux : f\u00e9licitations !<\/span><\/div>\n<\/div>\n","protected":false},"excerpt":{"rendered":"<p>Le 25 juin 2019, remise du prix de la Paix \u00e0 l&#8217;h\u00f4tel #Mercure. Deux de nos \u00e9l\u00e8ves ont gagn\u00e9 le concours organis\u00e9 par le #Rotary . Ils devaient \u00e9crire, en espagnol, un texte sur Paix (concours r\u00e9serv\u00e9 aux \u00e9l\u00e8ves de 1\u00e8re de Saint-Paul). Mathis PEROL et Eva BAGES ont remport\u00e9 un s\u00e9jour \u00e0 Jerez de &#8230; <a title=\"Prix de la Paix 2019 : deux \u00e9l\u00e8ves de Saint-Paul \u00e0 Jerez gr\u00e2ce au Rotary\" class=\"read-more\" href=\"https:\/\/www.saint-paul-angouleme.fr\/application\/prix-de-la-paix-2019-deux-eleves-de-saint-paul-a-jerez-grace-au-rotary\/\" aria-label=\"Read more about Prix de la Paix 2019 : deux \u00e9l\u00e8ves de Saint-Paul \u00e0 Jerez gr\u00e2ce au Rotary\">Lire la suite<\/a><\/p>\n","protected":false},"author":3,"featured_media":0,"comment_status":"open","ping_status":"open","sticky":false,"template":"","format":"standard","meta":{"_exactmetrics_skip_tracking":false,"_exactmetrics_sitenote_active":false,"_exactmetrics_sitenote_note":"","_exactmetrics_sitenote_category":0,"footnotes":""},"categories":[2,13],"tags":[],"class_list":["post-4188","post","type-post","status-publish","format-standard","hentry","category-look-on","category-pedagogie"],"yoast_head":"<!-- This site is optimized with the Yoast SEO plugin v23.3 - https:\/\/yoast.com\/wordpress\/plugins\/seo\/ -->\n<title>Prix de la Paix 2019 : deux \u00e9l\u00e8ves de Saint-Paul \u00e0 Jerez gr\u00e2ce au Rotary - Actualit\u00e9s<\/title>\n<meta name=\"robots\" content=\"index, follow, max-snippet:-1, max-image-preview:large, max-video-preview:-1\" \/>\n<link rel=\"canonical\" href=\"https:\/\/www.saint-paul-angouleme.fr\/application\/prix-de-la-paix-2019-deux-eleves-de-saint-paul-a-jerez-grace-au-rotary\/\" \/>\n<meta property=\"og:locale\" content=\"fr_FR\" \/>\n<meta property=\"og:type\" content=\"article\" \/>\n<meta property=\"og:title\" content=\"Prix de la Paix 2019 : deux \u00e9l\u00e8ves de Saint-Paul \u00e0 Jerez gr\u00e2ce au Rotary - Actualit\u00e9s\" \/>\n<meta property=\"og:description\" content=\"Le 25 juin 2019, remise du prix de la Paix \u00e0 l&#8217;h\u00f4tel #Mercure. Deux de nos \u00e9l\u00e8ves ont gagn\u00e9 le concours organis\u00e9 par le #Rotary . Ils devaient \u00e9crire, en espagnol, un texte sur Paix (concours r\u00e9serv\u00e9 aux \u00e9l\u00e8ves de 1\u00e8re de Saint-Paul). Mathis PEROL et Eva BAGES ont remport\u00e9 un s\u00e9jour \u00e0 Jerez de ... Lire la suite\" \/>\n<meta property=\"og:url\" content=\"https:\/\/www.saint-paul-angouleme.fr\/application\/prix-de-la-paix-2019-deux-eleves-de-saint-paul-a-jerez-grace-au-rotary\/\" \/>\n<meta property=\"og:site_name\" content=\"Actualit\u00e9s\" \/>\n<meta property=\"article:publisher\" content=\"https:\/\/www.facebook.com\/SaintPaulAngouleme16\/\" \/>\n<meta property=\"article:published_time\" content=\"2019-07-11T14:52:12+00:00\" \/>\n<meta property=\"og:image\" content=\"https:\/\/www.saint-paul-angouleme.fr\/application\/wp-content\/uploads\/2019\/07\/Prix-Paix-768x1024.jpg\" \/>\n<meta name=\"author\" content=\"SAINT-PAUL\" \/>\n<meta name=\"twitter:card\" content=\"summary_large_image\" \/>\n<meta name=\"twitter:creator\" content=\"@StPaulAngoulem\" \/>\n<meta name=\"twitter:site\" content=\"@StPaulAngoulem\" \/>\n<meta name=\"twitter:label1\" content=\"\u00c9crit par\" \/>\n\t<meta name=\"twitter:data1\" content=\"SAINT-PAUL\" \/>\n<script type=\"application\/ld+json\" class=\"yoast-schema-graph\">{\"@context\":\"https:\/\/schema.org\",\"@graph\":[{\"@type\":\"Article\",\"@id\":\"https:\/\/www.saint-paul-angouleme.fr\/application\/prix-de-la-paix-2019-deux-eleves-de-saint-paul-a-jerez-grace-au-rotary\/#article\",\"isPartOf\":{\"@id\":\"https:\/\/www.saint-paul-angouleme.fr\/application\/prix-de-la-paix-2019-deux-eleves-de-saint-paul-a-jerez-grace-au-rotary\/\"},\"author\":{\"name\":\"SAINT-PAUL\",\"@id\":\"https:\/\/www.saint-paul-angouleme.fr\/application\/#\/schema\/person\/ea152930b1a3823659065827b1a5fb9b\"},\"headline\":\"Prix de la Paix 2019 : deux \u00e9l\u00e8ves de Saint-Paul \u00e0 Jerez gr\u00e2ce au Rotary\",\"datePublished\":\"2019-07-11T14:52:12+00:00\",\"dateModified\":\"2019-07-11T14:52:12+00:00\",\"mainEntityOfPage\":{\"@id\":\"https:\/\/www.saint-paul-angouleme.fr\/application\/prix-de-la-paix-2019-deux-eleves-de-saint-paul-a-jerez-grace-au-rotary\/\"},\"wordCount\":98,\"commentCount\":0,\"publisher\":{\"@id\":\"https:\/\/www.saint-paul-angouleme.fr\/application\/#organization\"},\"image\":{\"@id\":\"https:\/\/www.saint-paul-angouleme.fr\/application\/prix-de-la-paix-2019-deux-eleves-de-saint-paul-a-jerez-grace-au-rotary\/#primaryimage\"},\"thumbnailUrl\":\"https:\/\/www.saint-paul-angouleme.fr\/application\/wp-content\/uploads\/2019\/07\/Prix-Paix-768x1024.jpg\",\"articleSection\":[\"Look on\",\"P\u00e9dagogie\"],\"inLanguage\":\"fr-FR\",\"potentialAction\":[{\"@type\":\"CommentAction\",\"name\":\"Comment\",\"target\":[\"https:\/\/www.saint-paul-angouleme.fr\/application\/prix-de-la-paix-2019-deux-eleves-de-saint-paul-a-jerez-grace-au-rotary\/#respond\"]}]},{\"@type\":\"WebPage\",\"@id\":\"https:\/\/www.saint-paul-angouleme.fr\/application\/prix-de-la-paix-2019-deux-eleves-de-saint-paul-a-jerez-grace-au-rotary\/\",\"url\":\"https:\/\/www.saint-paul-angouleme.fr\/application\/prix-de-la-paix-2019-deux-eleves-de-saint-paul-a-jerez-grace-au-rotary\/\",\"name\":\"Prix de la Paix 2019 : deux \u00e9l\u00e8ves de Saint-Paul \u00e0 Jerez gr\u00e2ce au Rotary - Actualit\u00e9s\",\"isPartOf\":{\"@id\":\"https:\/\/www.saint-paul-angouleme.fr\/application\/#website\"},\"primaryImageOfPage\":{\"@id\":\"https:\/\/www.saint-paul-angouleme.fr\/application\/prix-de-la-paix-2019-deux-eleves-de-saint-paul-a-jerez-grace-au-rotary\/#primaryimage\"},\"image\":{\"@id\":\"https:\/\/www.saint-paul-angouleme.fr\/application\/prix-de-la-paix-2019-deux-eleves-de-saint-paul-a-jerez-grace-au-rotary\/#primaryimage\"},\"thumbnailUrl\":\"https:\/\/www.saint-paul-angouleme.fr\/application\/wp-content\/uploads\/2019\/07\/Prix-Paix-768x1024.jpg\",\"datePublished\":\"2019-07-11T14:52:12+00:00\",\"dateModified\":\"2019-07-11T14:52:12+00:00\",\"breadcrumb\":{\"@id\":\"https:\/\/www.saint-paul-angouleme.fr\/application\/prix-de-la-paix-2019-deux-eleves-de-saint-paul-a-jerez-grace-au-rotary\/#breadcrumb\"},\"inLanguage\":\"fr-FR\",\"potentialAction\":[{\"@type\":\"ReadAction\",\"target\":[\"https:\/\/www.saint-paul-angouleme.fr\/application\/prix-de-la-paix-2019-deux-eleves-de-saint-paul-a-jerez-grace-au-rotary\/\"]}]},{\"@type\":\"ImageObject\",\"inLanguage\":\"fr-FR\",\"@id\":\"https:\/\/www.saint-paul-angouleme.fr\/application\/prix-de-la-paix-2019-deux-eleves-de-saint-paul-a-jerez-grace-au-rotary\/#primaryimage\",\"url\":\"https:\/\/www.saint-paul-angouleme.fr\/application\/wp-content\/uploads\/2019\/07\/Prix-Paix.jpg\",\"contentUrl\":\"https:\/\/www.saint-paul-angouleme.fr\/application\/wp-content\/uploads\/2019\/07\/Prix-Paix.jpg\",\"width\":1200,\"height\":1600},{\"@type\":\"BreadcrumbList\",\"@id\":\"https:\/\/www.saint-paul-angouleme.fr\/application\/prix-de-la-paix-2019-deux-eleves-de-saint-paul-a-jerez-grace-au-rotary\/#breadcrumb\",\"itemListElement\":[{\"@type\":\"ListItem\",\"position\":1,\"name\":\"Accueil\",\"item\":\"http:\/\/www.saint-paul-angouleme.fr\/application\/\"},{\"@type\":\"ListItem\",\"position\":2,\"name\":\"Prix de la Paix 2019 : deux \u00e9l\u00e8ves de Saint-Paul \u00e0 Jerez gr\u00e2ce au Rotary\"}]},{\"@type\":\"WebSite\",\"@id\":\"https:\/\/www.saint-paul-angouleme.fr\/application\/#website\",\"url\":\"https:\/\/www.saint-paul-angouleme.fr\/application\/\",\"name\":\"Actualit\u00e9s\",\"description\":\"Actualit\u00e9s Saint Paul\",\"publisher\":{\"@id\":\"https:\/\/www.saint-paul-angouleme.fr\/application\/#organization\"},\"potentialAction\":[{\"@type\":\"SearchAction\",\"target\":{\"@type\":\"EntryPoint\",\"urlTemplate\":\"https:\/\/www.saint-paul-angouleme.fr\/application\/?s={search_term_string}\"},\"query-input\":\"required name=search_term_string\"}],\"inLanguage\":\"fr-FR\"},{\"@type\":\"Organization\",\"@id\":\"https:\/\/www.saint-paul-angouleme.fr\/application\/#organization\",\"name\":\"Ensemble scolaire Saint-Paul\",\"url\":\"https:\/\/www.saint-paul-angouleme.fr\/application\/\",\"logo\":{\"@type\":\"ImageObject\",\"inLanguage\":\"fr-FR\",\"@id\":\"https:\/\/www.saint-paul-angouleme.fr\/application\/#\/schema\/logo\/image\/\",\"url\":\"https:\/\/www.saint-paul-angouleme.fr\/application\/wp-content\/uploads\/2018\/08\/logo-saint-paul-couleurs.jpg\",\"contentUrl\":\"https:\/\/www.saint-paul-angouleme.fr\/application\/wp-content\/uploads\/2018\/08\/logo-saint-paul-couleurs.jpg\",\"width\":1890,\"height\":709,\"caption\":\"Ensemble scolaire Saint-Paul\"},\"image\":{\"@id\":\"https:\/\/www.saint-paul-angouleme.fr\/application\/#\/schema\/logo\/image\/\"},\"sameAs\":[\"https:\/\/www.facebook.com\/SaintPaulAngouleme16\/\",\"https:\/\/x.com\/StPaulAngoulem\",\"https:\/\/www.youtube.com\/channel\/UCRLpz1CmPVqc0gn--YyXvjA?view_as=subscriber\"]},{\"@type\":\"Person\",\"@id\":\"https:\/\/www.saint-paul-angouleme.fr\/application\/#\/schema\/person\/ea152930b1a3823659065827b1a5fb9b\",\"name\":\"SAINT-PAUL\",\"image\":{\"@type\":\"ImageObject\",\"inLanguage\":\"fr-FR\",\"@id\":\"https:\/\/www.saint-paul-angouleme.fr\/application\/#\/schema\/person\/image\/\",\"url\":\"https:\/\/secure.gravatar.com\/avatar\/eadb0ffebc02683a61d69038eb2924f0?s=96&r=g\",\"contentUrl\":\"https:\/\/secure.gravatar.com\/avatar\/eadb0ffebc02683a61d69038eb2924f0?s=96&r=g\",\"caption\":\"SAINT-PAUL\"},\"url\":\"https:\/\/www.saint-paul-angouleme.fr\/application\/author\/myriam\/\"}]}<\/script>\n<!-- \/ Yoast SEO plugin. -->","yoast_head_json":{"title":"Prix de la Paix 2019 : deux \u00e9l\u00e8ves de Saint-Paul \u00e0 Jerez gr\u00e2ce au Rotary - Actualit\u00e9s","robots":{"index":"index","follow":"follow","max-snippet":"max-snippet:-1","max-image-preview":"max-image-preview:large","max-video-preview":"max-video-preview:-1"},"canonical":"https:\/\/www.saint-paul-angouleme.fr\/application\/prix-de-la-paix-2019-deux-eleves-de-saint-paul-a-jerez-grace-au-rotary\/","og_locale":"fr_FR","og_type":"article","og_title":"Prix de la Paix 2019 : deux \u00e9l\u00e8ves de Saint-Paul \u00e0 Jerez gr\u00e2ce au Rotary - Actualit\u00e9s","og_description":"Le 25 juin 2019, remise du prix de la Paix \u00e0 l&#8217;h\u00f4tel #Mercure. Deux de nos \u00e9l\u00e8ves ont gagn\u00e9 le concours organis\u00e9 par le #Rotary . Ils devaient \u00e9crire, en espagnol, un texte sur Paix (concours r\u00e9serv\u00e9 aux \u00e9l\u00e8ves de 1\u00e8re de Saint-Paul). Mathis PEROL et Eva BAGES ont remport\u00e9 un s\u00e9jour \u00e0 Jerez de ... Lire la suite","og_url":"https:\/\/www.saint-paul-angouleme.fr\/application\/prix-de-la-paix-2019-deux-eleves-de-saint-paul-a-jerez-grace-au-rotary\/","og_site_name":"Actualit\u00e9s","article_publisher":"https:\/\/www.facebook.com\/SaintPaulAngouleme16\/","article_published_time":"2019-07-11T14:52:12+00:00","og_image":[{"url":"https:\/\/www.saint-paul-angouleme.fr\/application\/wp-content\/uploads\/2019\/07\/Prix-Paix-768x1024.jpg"}],"author":"SAINT-PAUL","twitter_card":"summary_large_image","twitter_creator":"@StPaulAngoulem","twitter_site":"@StPaulAngoulem","twitter_misc":{"\u00c9crit par":"SAINT-PAUL"},"schema":{"@context":"https:\/\/schema.org","@graph":[{"@type":"Article","@id":"https:\/\/www.saint-paul-angouleme.fr\/application\/prix-de-la-paix-2019-deux-eleves-de-saint-paul-a-jerez-grace-au-rotary\/#article","isPartOf":{"@id":"https:\/\/www.saint-paul-angouleme.fr\/application\/prix-de-la-paix-2019-deux-eleves-de-saint-paul-a-jerez-grace-au-rotary\/"},"author":{"name":"SAINT-PAUL","@id":"https:\/\/www.saint-paul-angouleme.fr\/application\/#\/schema\/person\/ea152930b1a3823659065827b1a5fb9b"},"headline":"Prix de la Paix 2019 : deux \u00e9l\u00e8ves de Saint-Paul \u00e0 Jerez gr\u00e2ce au Rotary","datePublished":"2019-07-11T14:52:12+00:00","dateModified":"2019-07-11T14:52:12+00:00","mainEntityOfPage":{"@id":"https:\/\/www.saint-paul-angouleme.fr\/application\/prix-de-la-paix-2019-deux-eleves-de-saint-paul-a-jerez-grace-au-rotary\/"},"wordCount":98,"commentCount":0,"publisher":{"@id":"https:\/\/www.saint-paul-angouleme.fr\/application\/#organization"},"image":{"@id":"https:\/\/www.saint-paul-angouleme.fr\/application\/prix-de-la-paix-2019-deux-eleves-de-saint-paul-a-jerez-grace-au-rotary\/#primaryimage"},"thumbnailUrl":"https:\/\/www.saint-paul-angouleme.fr\/application\/wp-content\/uploads\/2019\/07\/Prix-Paix-768x1024.jpg","articleSection":["Look on","P\u00e9dagogie"],"inLanguage":"fr-FR","potentialAction":[{"@type":"CommentAction","name":"Comment","target":["https:\/\/www.saint-paul-angouleme.fr\/application\/prix-de-la-paix-2019-deux-eleves-de-saint-paul-a-jerez-grace-au-rotary\/#respond"]}]},{"@type":"WebPage","@id":"https:\/\/www.saint-paul-angouleme.fr\/application\/prix-de-la-paix-2019-deux-eleves-de-saint-paul-a-jerez-grace-au-rotary\/","url":"https:\/\/www.saint-paul-angouleme.fr\/application\/prix-de-la-paix-2019-deux-eleves-de-saint-paul-a-jerez-grace-au-rotary\/","name":"Prix de la Paix 2019 : deux \u00e9l\u00e8ves de Saint-Paul \u00e0 Jerez gr\u00e2ce au Rotary - Actualit\u00e9s","isPartOf":{"@id":"https:\/\/www.saint-paul-angouleme.fr\/application\/#website"},"primaryImageOfPage":{"@id":"https:\/\/www.saint-paul-angouleme.fr\/application\/prix-de-la-paix-2019-deux-eleves-de-saint-paul-a-jerez-grace-au-rotary\/#primaryimage"},"image":{"@id":"https:\/\/www.saint-paul-angouleme.fr\/application\/prix-de-la-paix-2019-deux-eleves-de-saint-paul-a-jerez-grace-au-rotary\/#primaryimage"},"thumbnailUrl":"https:\/\/www.saint-paul-angouleme.fr\/application\/wp-content\/uploads\/2019\/07\/Prix-Paix-768x1024.jpg","datePublished":"2019-07-11T14:52:12+00:00","dateModified":"2019-07-11T14:52:12+00:00","breadcrumb":{"@id":"https:\/\/www.saint-paul-angouleme.fr\/application\/prix-de-la-paix-2019-deux-eleves-de-saint-paul-a-jerez-grace-au-rotary\/#breadcrumb"},"inLanguage":"fr-FR","potentialAction":[{"@type":"ReadAction","target":["https:\/\/www.saint-paul-angouleme.fr\/application\/prix-de-la-paix-2019-deux-eleves-de-saint-paul-a-jerez-grace-au-rotary\/"]}]},{"@type":"ImageObject","inLanguage":"fr-FR","@id":"https:\/\/www.saint-paul-angouleme.fr\/application\/prix-de-la-paix-2019-deux-eleves-de-saint-paul-a-jerez-grace-au-rotary\/#primaryimage","url":"https:\/\/www.saint-paul-angouleme.fr\/application\/wp-content\/uploads\/2019\/07\/Prix-Paix.jpg","contentUrl":"https:\/\/www.saint-paul-angouleme.fr\/application\/wp-content\/uploads\/2019\/07\/Prix-Paix.jpg","width":1200,"height":1600},{"@type":"BreadcrumbList","@id":"https:\/\/www.saint-paul-angouleme.fr\/application\/prix-de-la-paix-2019-deux-eleves-de-saint-paul-a-jerez-grace-au-rotary\/#breadcrumb","itemListElement":[{"@type":"ListItem","position":1,"name":"Accueil","item":"http:\/\/www.saint-paul-angouleme.fr\/application\/"},{"@type":"ListItem","position":2,"name":"Prix de la Paix 2019 : deux \u00e9l\u00e8ves de Saint-Paul \u00e0 Jerez gr\u00e2ce au Rotary"}]},{"@type":"WebSite","@id":"https:\/\/www.saint-paul-angouleme.fr\/application\/#website","url":"https:\/\/www.saint-paul-angouleme.fr\/application\/","name":"Actualit\u00e9s","description":"Actualit\u00e9s Saint Paul","publisher":{"@id":"https:\/\/www.saint-paul-angouleme.fr\/application\/#organization"},"potentialAction":[{"@type":"SearchAction","target":{"@type":"EntryPoint","urlTemplate":"https:\/\/www.saint-paul-angouleme.fr\/application\/?s={search_term_string}"},"query-input":"required name=search_term_string"}],"inLanguage":"fr-FR"},{"@type":"Organization","@id":"https:\/\/www.saint-paul-angouleme.fr\/application\/#organization","name":"Ensemble scolaire Saint-Paul","url":"https:\/\/www.saint-paul-angouleme.fr\/application\/","logo":{"@type":"ImageObject","inLanguage":"fr-FR","@id":"https:\/\/www.saint-paul-angouleme.fr\/application\/#\/schema\/logo\/image\/","url":"https:\/\/www.saint-paul-angouleme.fr\/application\/wp-content\/uploads\/2018\/08\/logo-saint-paul-couleurs.jpg","contentUrl":"https:\/\/www.saint-paul-angouleme.fr\/application\/wp-content\/uploads\/2018\/08\/logo-saint-paul-couleurs.jpg","width":1890,"height":709,"caption":"Ensemble scolaire Saint-Paul"},"image":{"@id":"https:\/\/www.saint-paul-angouleme.fr\/application\/#\/schema\/logo\/image\/"},"sameAs":["https:\/\/www.facebook.com\/SaintPaulAngouleme16\/","https:\/\/x.com\/StPaulAngoulem","https:\/\/www.youtube.com\/channel\/UCRLpz1CmPVqc0gn--YyXvjA?view_as=subscriber"]},{"@type":"Person","@id":"https:\/\/www.saint-paul-angouleme.fr\/application\/#\/schema\/person\/ea152930b1a3823659065827b1a5fb9b","name":"SAINT-PAUL","image":{"@type":"ImageObject","inLanguage":"fr-FR","@id":"https:\/\/www.saint-paul-angouleme.fr\/application\/#\/schema\/person\/image\/","url":"https:\/\/secure.gravatar.com\/avatar\/eadb0ffebc02683a61d69038eb2924f0?s=96&r=g","contentUrl":"https:\/\/secure.gravatar.com\/avatar\/eadb0ffebc02683a61d69038eb2924f0?s=96&r=g","caption":"SAINT-PAUL"},"url":"https:\/\/www.saint-paul-angouleme.fr\/application\/author\/myriam\/"}]}},"_links":{"self":[{"href":"https:\/\/www.saint-paul-angouleme.fr\/application\/wp-json\/wp\/v2\/posts\/4188"}],"collection":[{"href":"https:\/\/www.saint-paul-angouleme.fr\/application\/wp-json\/wp\/v2\/posts"}],"about":[{"href":"https:\/\/www.saint-paul-angouleme.fr\/application\/wp-json\/wp\/v2\/types\/post"}],"author":[{"embeddable":true,"href":"https:\/\/www.saint-paul-angouleme.fr\/application\/wp-json\/wp\/v2\/users\/3"}],"replies":[{"embeddable":true,"href":"https:\/\/www.saint-paul-angouleme.fr\/application\/wp-json\/wp\/v2\/comments?post=4188"}],"version-history":[{"count":1,"href":"https:\/\/www.saint-paul-angouleme.fr\/application\/wp-json\/wp\/v2\/posts\/4188\/revisions"}],"predecessor-version":[{"id":4190,"href":"https:\/\/www.saint-paul-angouleme.fr\/application\/wp-json\/wp\/v2\/posts\/4188\/revisions\/4190"}],"wp:attachment":[{"href":"https:\/\/www.saint-paul-angouleme.fr\/application\/wp-json\/wp\/v2\/media?parent=4188"}],"wp:term":[{"taxonomy":"category","embeddable":true,"href":"https:\/\/www.saint-paul-angouleme.fr\/application\/wp-json\/wp\/v2\/categories?post=4188"},{"taxonomy":"post_tag","embeddable":true,"href":"https:\/\/www.saint-paul-angouleme.fr\/application\/wp-json\/wp\/v2\/tags?post=4188"}],"curies":[{"name":"wp","href":"https:\/\/api.w.org\/{rel}","templated":true}]}}