{"id":418,"date":"2017-03-28T00:11:28","date_gmt":"2017-03-27T22:11:28","guid":{"rendered":"http:\/\/www.saint-paul-angouleme.fr\/application\/?p=418"},"modified":"2017-03-27T23:13:27","modified_gmt":"2017-03-27T21:13:27","slug":"bienvenidos-a-el-puerto-de-santa-maria","status":"publish","type":"post","link":"https:\/\/www.saint-paul-angouleme.fr\/application\/bienvenidos-a-el-puerto-de-santa-maria\/","title":{"rendered":"\u00a1 Bienvenidos a \u00abEl Puerto de Santa Maria\u00bb !"},"content":{"rendered":"<p style=\"text-align: justify;\"><a href=\"http:\/\/www.saint-paul-angouleme.fr\/application\/wp-content\/uploads\/2017\/03\/Groupe-Place-dEspagne.jpeg\"><img loading=\"lazy\" decoding=\"async\" class=\"aligncenter size-large wp-image-421\" src=\"http:\/\/www.saint-paul-angouleme.fr\/application\/wp-content\/uploads\/2017\/03\/Groupe-Place-dEspagne-1024x576.jpeg\" alt=\"\" width=\"1024\" height=\"576\" srcset=\"https:\/\/www.saint-paul-angouleme.fr\/application\/wp-content\/uploads\/2017\/03\/Groupe-Place-dEspagne-1024x576.jpeg 1024w, https:\/\/www.saint-paul-angouleme.fr\/application\/wp-content\/uploads\/2017\/03\/Groupe-Place-dEspagne-300x169.jpeg 300w, https:\/\/www.saint-paul-angouleme.fr\/application\/wp-content\/uploads\/2017\/03\/Groupe-Place-dEspagne-768x432.jpeg 768w, https:\/\/www.saint-paul-angouleme.fr\/application\/wp-content\/uploads\/2017\/03\/Groupe-Place-dEspagne.jpeg 1776w\" sizes=\"(max-width: 1024px) 100vw, 1024px\" \/><\/a><\/p>\n<p style=\"text-align: justify;\"><span style=\"color: #333333; font-family: arial,helvetica,sans-serif; font-size: 20px;\">Partis depuis jeudi dernier (23 mars) 48 \u00e9l\u00e8ves de Premi\u00e8re sont actuellement dans la province de Cadiz, \u00e0 El Puerto de Santa Maria. Au programme\u00a0: cours d\u2019espagnol le matin (\u00e0 la \u00ab\u00a0Trinity Spanish School\u00a0\u00bb) et excursions les apr\u00e8s-midi. Ce<a href=\"http:\/\/www.saint-paul-angouleme.fr\/application\/wp-content\/uploads\/2017\/03\/Double-taureaux.jpg\"><img loading=\"lazy\" decoding=\"async\" class=\"alignright size-medium wp-image-423\" src=\"http:\/\/www.saint-paul-angouleme.fr\/application\/wp-content\/uploads\/2017\/03\/Double-taureaux-300x169.jpg\" alt=\"\" width=\"300\" height=\"169\" srcset=\"https:\/\/www.saint-paul-angouleme.fr\/application\/wp-content\/uploads\/2017\/03\/Double-taureaux-300x169.jpg 300w, https:\/\/www.saint-paul-angouleme.fr\/application\/wp-content\/uploads\/2017\/03\/Double-taureaux-768x432.jpg 768w, https:\/\/www.saint-paul-angouleme.fr\/application\/wp-content\/uploads\/2017\/03\/Double-taureaux.jpg 960w\" sizes=\"(max-width: 300px) 100vw, 300px\" \/><\/a> s\u00e9jour a la particularit\u00e9 d\u2019\u00eatre interdisciplinaire\u00a0: espagnol \/ anglais du fait de l\u2019histoire du rocher de Gibraltar c\u00e9l\u00e8bre bastion britannique entour\u00e9 de cultures et traditions andalouses. L&#8217;occasion aussi de d\u00e9couvrir que l&#8217;Espagne est &#8220;el Pa\u00eds de los toros&#8221; !<\/span><\/p>\n<p style=\"text-align: justify;\"><span style=\"color: #333333; font-family: arial,helvetica,sans-serif; font-size: 20px;\"><strong>Le vendredi a \u00e9t\u00e9 l\u2019occasion de faire connaissance avec les familles<\/strong> qui accueillent nos \u00e9l\u00e8ves (log\u00e9s par deux), de se reposer du voyage et de d\u00e9couvrir la ville.<\/span><\/p>\n<p style=\"text-align: justify;\"><span style=\"color: #333333; font-family: arial,helvetica,sans-serif; font-size: 20px;\"><strong><a href=\"http:\/\/www.saint-paul-angouleme.fr\/application\/wp-content\/uploads\/2017\/03\/S\u00e9ville.jpg\"><img loading=\"lazy\" decoding=\"async\" class=\"alignleft size-thumbnail wp-image-427\" src=\"http:\/\/www.saint-paul-angouleme.fr\/application\/wp-content\/uploads\/2017\/03\/S\u00e9ville-150x150.jpg\" alt=\"\" width=\"150\" height=\"150\" srcset=\"https:\/\/www.saint-paul-angouleme.fr\/application\/wp-content\/uploads\/2017\/03\/S\u00e9ville-150x150.jpg 150w, https:\/\/www.saint-paul-angouleme.fr\/application\/wp-content\/uploads\/2017\/03\/S\u00e9ville-144x144.jpg 144w\" sizes=\"(max-width: 150px) 100vw, 150px\" \/><\/a><\/strong><\/span><span style=\"color: #333333; font-family: arial,helvetica,sans-serif; font-size: 20px;\"><strong>Le lendemain direction S\u00e9ville<\/strong>\u00a0: l&#8217;Alcazar de S\u00e9ville <em>(palais fortifi\u00e9 construit par les Omeyyades d&#8217;Espagne)<\/em> et son art \u00ab\u00a0mud\u00e9jar\u00a0\u00bb <em>(qui prolonge et succ\u00e8de \u00e0 l&#8217;art mozarabe durant et apr\u00e8s l&#8217;\u00e9poque d&#8217;al-Andalus)<\/em>, plaza de Espa\u00f1a, la Giralda <em>(ancien minaret de la grande mosqu\u00e9e almohade convertie en cath\u00e9drale\u00a0; minaret devenu le clocher de celle-ci)<\/em>, le parc de Mar\u00eda Luisa <em>(sur les traces du po\u00e8te romantique Gustavo Adolfo B\u00e9cquer)<\/em>\u2026<\/span><\/p>\n<p style=\"text-align: justify;\"><a href=\"http:\/\/www.saint-paul-angouleme.fr\/application\/wp-content\/uploads\/2017\/03\/Panneaux-S\u00e9ville.jpg\"><img loading=\"lazy\" decoding=\"async\" class=\"aligncenter size-full wp-image-425\" src=\"http:\/\/www.saint-paul-angouleme.fr\/application\/wp-content\/uploads\/2017\/03\/Panneaux-S\u00e9ville.jpg\" alt=\"\" width=\"528\" height=\"960\" srcset=\"https:\/\/www.saint-paul-angouleme.fr\/application\/wp-content\/uploads\/2017\/03\/Panneaux-S\u00e9ville.jpg 528w, https:\/\/www.saint-paul-angouleme.fr\/application\/wp-content\/uploads\/2017\/03\/Panneaux-S\u00e9ville-165x300.jpg 165w\" sizes=\"(max-width: 528px) 100vw, 528px\" \/><\/a><\/p>\n<p style=\"text-align: justify;\"><span style=\"color: #333333; font-family: arial,helvetica,sans-serif; font-size: 20px;\"><strong>Jour <\/strong><strong>suivant<\/strong><strong> (<\/strong><strong>dimanche<\/strong><strong>): \u00ab\u00a0The British Day\u00a0\u00bb ! <\/strong><\/span><\/p>\n<p style=\"text-align: justify;\"><span style=\"color: #333333; font-family: arial,helvetica,sans-serif; font-size: 20px;\">Visite Gibraltar <em>(territoire britannique d&#8217;outre-mer, situ\u00e9 au sud de la p\u00e9ninsule Ib\u00e9rique, en bordure du d\u00e9troit de Gibraltar<a href=\"http:\/\/www.saint-paul-angouleme.fr\/application\/wp-content\/uploads\/2017\/03\/Gibraltar-cabines-tel.jpeg\"><img loading=\"lazy\" decoding=\"async\" class=\"alignright size-medium wp-image-431\" src=\"http:\/\/www.saint-paul-angouleme.fr\/application\/wp-content\/uploads\/2017\/03\/Gibraltar-cabines-tel-169x300.jpeg\" alt=\"\" width=\"169\" height=\"300\" srcset=\"https:\/\/www.saint-paul-angouleme.fr\/application\/wp-content\/uploads\/2017\/03\/Gibraltar-cabines-tel-169x300.jpeg 169w, https:\/\/www.saint-paul-angouleme.fr\/application\/wp-content\/uploads\/2017\/03\/Gibraltar-cabines-tel-768x1365.jpeg 768w, https:\/\/www.saint-paul-angouleme.fr\/application\/wp-content\/uploads\/2017\/03\/Gibraltar-cabines-tel-576x1024.jpeg 576w, https:\/\/www.saint-paul-angouleme.fr\/application\/wp-content\/uploads\/2017\/03\/Gibraltar-cabines-tel.jpeg 999w\" sizes=\"(max-width: 169px) 100vw, 169px\" \/><\/a> qui relie la M\u00e9diterran\u00e9e \u00e0 l&#8217;oc\u00e9an Atlantique)<\/em>, la grotte St Michel de son rocher et le jeu de bleu-obscure, et bien s\u00fbr l\u2019incontournable pause plage face \u00e0 l\u2019Atlantique avec vue sur le continent africain et la ville de Tanger (Ceuta).<\/span><\/p>\n<p style=\"text-align: justify;\"><a href=\"http:\/\/www.saint-paul-angouleme.fr\/application\/wp-content\/uploads\/2017\/03\/Gibraltar-rocher.jpeg\"><img loading=\"lazy\" decoding=\"async\" class=\"aligncenter wp-image-429 size-medium\" src=\"http:\/\/www.saint-paul-angouleme.fr\/application\/wp-content\/uploads\/2017\/03\/Gibraltar-rocher-300x169.jpeg\" alt=\"\" width=\"300\" height=\"169\" srcset=\"https:\/\/www.saint-paul-angouleme.fr\/application\/wp-content\/uploads\/2017\/03\/Gibraltar-rocher-300x169.jpeg 300w, https:\/\/www.saint-paul-angouleme.fr\/application\/wp-content\/uploads\/2017\/03\/Gibraltar-rocher-768x432.jpeg 768w, https:\/\/www.saint-paul-angouleme.fr\/application\/wp-content\/uploads\/2017\/03\/Gibraltar-rocher-1024x576.jpeg 1024w, https:\/\/www.saint-paul-angouleme.fr\/application\/wp-content\/uploads\/2017\/03\/Gibraltar-rocher.jpeg 1920w\" sizes=\"(max-width: 300px) 100vw, 300px\" \/><\/a><\/p>\n<p>&nbsp;<\/p>\n<p style=\"text-align: justify;\"><span style=\"color: #333333; font-family: arial,helvetica,sans-serif; font-size: 20px;\">Des journ\u00e9es bien remplies et de belles d\u00e9couvertes. Bient\u00f4t d\u2019autres \u00e9chos et photos de cette aventure\u00a0: \u00ab\u00a0\u00a1 Hasta pronto\u00a0!\u00a0\u00bb<\/span><\/p>\n<p style=\"text-align: center;\"><iframe src=\"\/\/docs.google.com\/viewer?url=http%3A%2F%2Fwww.saint-paul-angouleme.fr%2Fapplication%2Fwp-content%2Fuploads%2F2017%2F03%2FANDALOUSIE-Web.pps&hl=fr&embedded=true\" class=\"gde-frame\" style=\"width:100%; height:450px; border: none;\" scrolling=\"no\"><\/iframe>\n<p class=\"gde-text\"><a href=\"http:\/\/www.saint-paul-angouleme.fr\/application\/wp-content\/uploads\/2017\/03\/ANDALOUSIE-Web.pps\" class=\"gde-link\">T\u00e9l\u00e9charger (PPS, 4.29MB)<\/a><\/p>\n","protected":false},"excerpt":{"rendered":"<p>Partis depuis jeudi dernier (23 mars) 48 \u00e9l\u00e8ves de Premi\u00e8re sont actuellement dans la province de Cadiz, \u00e0 El Puerto de Santa Maria. Au programme\u00a0: cours d\u2019espagnol le matin (\u00e0 la \u00ab\u00a0Trinity Spanish School\u00a0\u00bb) et excursions les apr\u00e8s-midi. Ce s\u00e9jour a la particularit\u00e9 d\u2019\u00eatre interdisciplinaire\u00a0: espagnol \/ anglais du fait de l\u2019histoire du rocher de &#8230; <a title=\"\u00a1 Bienvenidos a \u00abEl Puerto de Santa Maria\u00bb !\" class=\"read-more\" href=\"https:\/\/www.saint-paul-angouleme.fr\/application\/bienvenidos-a-el-puerto-de-santa-maria\/\" aria-label=\"Read more about \u00a1 Bienvenidos a \u00abEl Puerto de Santa Maria\u00bb !\">Lire la suite<\/a><\/p>\n","protected":false},"author":3,"featured_media":0,"comment_status":"open","ping_status":"open","sticky":false,"template":"","format":"standard","meta":{"_exactmetrics_skip_tracking":false,"_exactmetrics_sitenote_active":false,"_exactmetrics_sitenote_note":"","_exactmetrics_sitenote_category":0,"footnotes":""},"categories":[2],"tags":[],"class_list":["post-418","post","type-post","status-publish","format-standard","hentry","category-look-on"],"yoast_head":"<!-- This site is optimized with the Yoast SEO plugin v23.3 - https:\/\/yoast.com\/wordpress\/plugins\/seo\/ -->\n<title>\u00a1 Bienvenidos a \u00abEl Puerto de Santa Maria\u00bb ! - Actualit\u00e9s<\/title>\n<meta name=\"robots\" content=\"index, follow, max-snippet:-1, max-image-preview:large, max-video-preview:-1\" \/>\n<link rel=\"canonical\" href=\"https:\/\/www.saint-paul-angouleme.fr\/application\/bienvenidos-a-el-puerto-de-santa-maria\/\" \/>\n<meta property=\"og:locale\" content=\"fr_FR\" \/>\n<meta property=\"og:type\" content=\"article\" \/>\n<meta property=\"og:title\" content=\"\u00a1 Bienvenidos a \u00abEl Puerto de Santa Maria\u00bb ! - Actualit\u00e9s\" \/>\n<meta property=\"og:description\" content=\"Partis depuis jeudi dernier (23 mars) 48 \u00e9l\u00e8ves de Premi\u00e8re sont actuellement dans la province de Cadiz, \u00e0 El Puerto de Santa Maria. Au programme\u00a0: cours d\u2019espagnol le matin (\u00e0 la \u00ab\u00a0Trinity Spanish School\u00a0\u00bb) et excursions les apr\u00e8s-midi. Ce s\u00e9jour a la particularit\u00e9 d\u2019\u00eatre interdisciplinaire\u00a0: espagnol \/ anglais du fait de l\u2019histoire du rocher de ... Lire la suite\" \/>\n<meta property=\"og:url\" content=\"https:\/\/www.saint-paul-angouleme.fr\/application\/bienvenidos-a-el-puerto-de-santa-maria\/\" \/>\n<meta property=\"og:site_name\" content=\"Actualit\u00e9s\" \/>\n<meta property=\"article:publisher\" content=\"https:\/\/www.facebook.com\/SaintPaulAngouleme16\/\" \/>\n<meta property=\"article:published_time\" content=\"2017-03-27T22:11:28+00:00\" \/>\n<meta property=\"article:modified_time\" content=\"2017-03-27T21:13:27+00:00\" \/>\n<meta property=\"og:image\" content=\"http:\/\/www.saint-paul-angouleme.fr\/application\/wp-content\/uploads\/2017\/03\/Groupe-Place-dEspagne-1024x576.jpeg\" \/>\n<meta name=\"author\" content=\"SAINT-PAUL\" \/>\n<meta name=\"twitter:card\" content=\"summary_large_image\" \/>\n<meta name=\"twitter:creator\" content=\"@StPaulAngoulem\" \/>\n<meta name=\"twitter:site\" content=\"@StPaulAngoulem\" \/>\n<meta name=\"twitter:label1\" content=\"\u00c9crit par\" \/>\n\t<meta name=\"twitter:data1\" content=\"SAINT-PAUL\" \/>\n\t<meta name=\"twitter:label2\" content=\"Dur\u00e9e de lecture estim\u00e9e\" \/>\n\t<meta name=\"twitter:data2\" content=\"1 minute\" \/>\n<script type=\"application\/ld+json\" class=\"yoast-schema-graph\">{\"@context\":\"https:\/\/schema.org\",\"@graph\":[{\"@type\":\"Article\",\"@id\":\"https:\/\/www.saint-paul-angouleme.fr\/application\/bienvenidos-a-el-puerto-de-santa-maria\/#article\",\"isPartOf\":{\"@id\":\"https:\/\/www.saint-paul-angouleme.fr\/application\/bienvenidos-a-el-puerto-de-santa-maria\/\"},\"author\":{\"name\":\"SAINT-PAUL\",\"@id\":\"https:\/\/www.saint-paul-angouleme.fr\/application\/#\/schema\/person\/ea152930b1a3823659065827b1a5fb9b\"},\"headline\":\"\u00a1 Bienvenidos a \u00abEl Puerto de Santa Maria\u00bb !\",\"datePublished\":\"2017-03-27T22:11:28+00:00\",\"dateModified\":\"2017-03-27T21:13:27+00:00\",\"mainEntityOfPage\":{\"@id\":\"https:\/\/www.saint-paul-angouleme.fr\/application\/bienvenidos-a-el-puerto-de-santa-maria\/\"},\"wordCount\":311,\"commentCount\":0,\"publisher\":{\"@id\":\"https:\/\/www.saint-paul-angouleme.fr\/application\/#organization\"},\"image\":{\"@id\":\"https:\/\/www.saint-paul-angouleme.fr\/application\/bienvenidos-a-el-puerto-de-santa-maria\/#primaryimage\"},\"thumbnailUrl\":\"http:\/\/www.saint-paul-angouleme.fr\/application\/wp-content\/uploads\/2017\/03\/Groupe-Place-dEspagne-1024x576.jpeg\",\"articleSection\":[\"Look on\"],\"inLanguage\":\"fr-FR\",\"potentialAction\":[{\"@type\":\"CommentAction\",\"name\":\"Comment\",\"target\":[\"https:\/\/www.saint-paul-angouleme.fr\/application\/bienvenidos-a-el-puerto-de-santa-maria\/#respond\"]}]},{\"@type\":\"WebPage\",\"@id\":\"https:\/\/www.saint-paul-angouleme.fr\/application\/bienvenidos-a-el-puerto-de-santa-maria\/\",\"url\":\"https:\/\/www.saint-paul-angouleme.fr\/application\/bienvenidos-a-el-puerto-de-santa-maria\/\",\"name\":\"\u00a1 Bienvenidos a \u00abEl Puerto de Santa Maria\u00bb ! - Actualit\u00e9s\",\"isPartOf\":{\"@id\":\"https:\/\/www.saint-paul-angouleme.fr\/application\/#website\"},\"primaryImageOfPage\":{\"@id\":\"https:\/\/www.saint-paul-angouleme.fr\/application\/bienvenidos-a-el-puerto-de-santa-maria\/#primaryimage\"},\"image\":{\"@id\":\"https:\/\/www.saint-paul-angouleme.fr\/application\/bienvenidos-a-el-puerto-de-santa-maria\/#primaryimage\"},\"thumbnailUrl\":\"http:\/\/www.saint-paul-angouleme.fr\/application\/wp-content\/uploads\/2017\/03\/Groupe-Place-dEspagne-1024x576.jpeg\",\"datePublished\":\"2017-03-27T22:11:28+00:00\",\"dateModified\":\"2017-03-27T21:13:27+00:00\",\"breadcrumb\":{\"@id\":\"https:\/\/www.saint-paul-angouleme.fr\/application\/bienvenidos-a-el-puerto-de-santa-maria\/#breadcrumb\"},\"inLanguage\":\"fr-FR\",\"potentialAction\":[{\"@type\":\"ReadAction\",\"target\":[\"https:\/\/www.saint-paul-angouleme.fr\/application\/bienvenidos-a-el-puerto-de-santa-maria\/\"]}]},{\"@type\":\"ImageObject\",\"inLanguage\":\"fr-FR\",\"@id\":\"https:\/\/www.saint-paul-angouleme.fr\/application\/bienvenidos-a-el-puerto-de-santa-maria\/#primaryimage\",\"url\":\"http:\/\/www.saint-paul-angouleme.fr\/application\/wp-content\/uploads\/2017\/03\/Groupe-Place-dEspagne-1024x576.jpeg\",\"contentUrl\":\"http:\/\/www.saint-paul-angouleme.fr\/application\/wp-content\/uploads\/2017\/03\/Groupe-Place-dEspagne-1024x576.jpeg\"},{\"@type\":\"BreadcrumbList\",\"@id\":\"https:\/\/www.saint-paul-angouleme.fr\/application\/bienvenidos-a-el-puerto-de-santa-maria\/#breadcrumb\",\"itemListElement\":[{\"@type\":\"ListItem\",\"position\":1,\"name\":\"Accueil\",\"item\":\"http:\/\/www.saint-paul-angouleme.fr\/application\/\"},{\"@type\":\"ListItem\",\"position\":2,\"name\":\"\u00a1 Bienvenidos a \u00abEl Puerto de Santa Maria\u00bb !\"}]},{\"@type\":\"WebSite\",\"@id\":\"https:\/\/www.saint-paul-angouleme.fr\/application\/#website\",\"url\":\"https:\/\/www.saint-paul-angouleme.fr\/application\/\",\"name\":\"Actualit\u00e9s\",\"description\":\"Actualit\u00e9s Saint Paul\",\"publisher\":{\"@id\":\"https:\/\/www.saint-paul-angouleme.fr\/application\/#organization\"},\"potentialAction\":[{\"@type\":\"SearchAction\",\"target\":{\"@type\":\"EntryPoint\",\"urlTemplate\":\"https:\/\/www.saint-paul-angouleme.fr\/application\/?s={search_term_string}\"},\"query-input\":\"required name=search_term_string\"}],\"inLanguage\":\"fr-FR\"},{\"@type\":\"Organization\",\"@id\":\"https:\/\/www.saint-paul-angouleme.fr\/application\/#organization\",\"name\":\"Ensemble scolaire Saint-Paul\",\"url\":\"https:\/\/www.saint-paul-angouleme.fr\/application\/\",\"logo\":{\"@type\":\"ImageObject\",\"inLanguage\":\"fr-FR\",\"@id\":\"https:\/\/www.saint-paul-angouleme.fr\/application\/#\/schema\/logo\/image\/\",\"url\":\"https:\/\/www.saint-paul-angouleme.fr\/application\/wp-content\/uploads\/2018\/08\/logo-saint-paul-couleurs.jpg\",\"contentUrl\":\"https:\/\/www.saint-paul-angouleme.fr\/application\/wp-content\/uploads\/2018\/08\/logo-saint-paul-couleurs.jpg\",\"width\":1890,\"height\":709,\"caption\":\"Ensemble scolaire Saint-Paul\"},\"image\":{\"@id\":\"https:\/\/www.saint-paul-angouleme.fr\/application\/#\/schema\/logo\/image\/\"},\"sameAs\":[\"https:\/\/www.facebook.com\/SaintPaulAngouleme16\/\",\"https:\/\/x.com\/StPaulAngoulem\",\"https:\/\/www.youtube.com\/channel\/UCRLpz1CmPVqc0gn--YyXvjA?view_as=subscriber\"]},{\"@type\":\"Person\",\"@id\":\"https:\/\/www.saint-paul-angouleme.fr\/application\/#\/schema\/person\/ea152930b1a3823659065827b1a5fb9b\",\"name\":\"SAINT-PAUL\",\"image\":{\"@type\":\"ImageObject\",\"inLanguage\":\"fr-FR\",\"@id\":\"https:\/\/www.saint-paul-angouleme.fr\/application\/#\/schema\/person\/image\/\",\"url\":\"https:\/\/secure.gravatar.com\/avatar\/eadb0ffebc02683a61d69038eb2924f0?s=96&r=g\",\"contentUrl\":\"https:\/\/secure.gravatar.com\/avatar\/eadb0ffebc02683a61d69038eb2924f0?s=96&r=g\",\"caption\":\"SAINT-PAUL\"},\"url\":\"https:\/\/www.saint-paul-angouleme.fr\/application\/author\/myriam\/\"}]}<\/script>\n<!-- \/ Yoast SEO plugin. -->","yoast_head_json":{"title":"\u00a1 Bienvenidos a \u00abEl Puerto de Santa Maria\u00bb ! - Actualit\u00e9s","robots":{"index":"index","follow":"follow","max-snippet":"max-snippet:-1","max-image-preview":"max-image-preview:large","max-video-preview":"max-video-preview:-1"},"canonical":"https:\/\/www.saint-paul-angouleme.fr\/application\/bienvenidos-a-el-puerto-de-santa-maria\/","og_locale":"fr_FR","og_type":"article","og_title":"\u00a1 Bienvenidos a \u00abEl Puerto de Santa Maria\u00bb ! - Actualit\u00e9s","og_description":"Partis depuis jeudi dernier (23 mars) 48 \u00e9l\u00e8ves de Premi\u00e8re sont actuellement dans la province de Cadiz, \u00e0 El Puerto de Santa Maria. Au programme\u00a0: cours d\u2019espagnol le matin (\u00e0 la \u00ab\u00a0Trinity Spanish School\u00a0\u00bb) et excursions les apr\u00e8s-midi. Ce s\u00e9jour a la particularit\u00e9 d\u2019\u00eatre interdisciplinaire\u00a0: espagnol \/ anglais du fait de l\u2019histoire du rocher de ... Lire la suite","og_url":"https:\/\/www.saint-paul-angouleme.fr\/application\/bienvenidos-a-el-puerto-de-santa-maria\/","og_site_name":"Actualit\u00e9s","article_publisher":"https:\/\/www.facebook.com\/SaintPaulAngouleme16\/","article_published_time":"2017-03-27T22:11:28+00:00","article_modified_time":"2017-03-27T21:13:27+00:00","og_image":[{"url":"http:\/\/www.saint-paul-angouleme.fr\/application\/wp-content\/uploads\/2017\/03\/Groupe-Place-dEspagne-1024x576.jpeg"}],"author":"SAINT-PAUL","twitter_card":"summary_large_image","twitter_creator":"@StPaulAngoulem","twitter_site":"@StPaulAngoulem","twitter_misc":{"\u00c9crit par":"SAINT-PAUL","Dur\u00e9e de lecture estim\u00e9e":"1 minute"},"schema":{"@context":"https:\/\/schema.org","@graph":[{"@type":"Article","@id":"https:\/\/www.saint-paul-angouleme.fr\/application\/bienvenidos-a-el-puerto-de-santa-maria\/#article","isPartOf":{"@id":"https:\/\/www.saint-paul-angouleme.fr\/application\/bienvenidos-a-el-puerto-de-santa-maria\/"},"author":{"name":"SAINT-PAUL","@id":"https:\/\/www.saint-paul-angouleme.fr\/application\/#\/schema\/person\/ea152930b1a3823659065827b1a5fb9b"},"headline":"\u00a1 Bienvenidos a \u00abEl Puerto de Santa Maria\u00bb !","datePublished":"2017-03-27T22:11:28+00:00","dateModified":"2017-03-27T21:13:27+00:00","mainEntityOfPage":{"@id":"https:\/\/www.saint-paul-angouleme.fr\/application\/bienvenidos-a-el-puerto-de-santa-maria\/"},"wordCount":311,"commentCount":0,"publisher":{"@id":"https:\/\/www.saint-paul-angouleme.fr\/application\/#organization"},"image":{"@id":"https:\/\/www.saint-paul-angouleme.fr\/application\/bienvenidos-a-el-puerto-de-santa-maria\/#primaryimage"},"thumbnailUrl":"http:\/\/www.saint-paul-angouleme.fr\/application\/wp-content\/uploads\/2017\/03\/Groupe-Place-dEspagne-1024x576.jpeg","articleSection":["Look on"],"inLanguage":"fr-FR","potentialAction":[{"@type":"CommentAction","name":"Comment","target":["https:\/\/www.saint-paul-angouleme.fr\/application\/bienvenidos-a-el-puerto-de-santa-maria\/#respond"]}]},{"@type":"WebPage","@id":"https:\/\/www.saint-paul-angouleme.fr\/application\/bienvenidos-a-el-puerto-de-santa-maria\/","url":"https:\/\/www.saint-paul-angouleme.fr\/application\/bienvenidos-a-el-puerto-de-santa-maria\/","name":"\u00a1 Bienvenidos a \u00abEl Puerto de Santa Maria\u00bb ! - Actualit\u00e9s","isPartOf":{"@id":"https:\/\/www.saint-paul-angouleme.fr\/application\/#website"},"primaryImageOfPage":{"@id":"https:\/\/www.saint-paul-angouleme.fr\/application\/bienvenidos-a-el-puerto-de-santa-maria\/#primaryimage"},"image":{"@id":"https:\/\/www.saint-paul-angouleme.fr\/application\/bienvenidos-a-el-puerto-de-santa-maria\/#primaryimage"},"thumbnailUrl":"http:\/\/www.saint-paul-angouleme.fr\/application\/wp-content\/uploads\/2017\/03\/Groupe-Place-dEspagne-1024x576.jpeg","datePublished":"2017-03-27T22:11:28+00:00","dateModified":"2017-03-27T21:13:27+00:00","breadcrumb":{"@id":"https:\/\/www.saint-paul-angouleme.fr\/application\/bienvenidos-a-el-puerto-de-santa-maria\/#breadcrumb"},"inLanguage":"fr-FR","potentialAction":[{"@type":"ReadAction","target":["https:\/\/www.saint-paul-angouleme.fr\/application\/bienvenidos-a-el-puerto-de-santa-maria\/"]}]},{"@type":"ImageObject","inLanguage":"fr-FR","@id":"https:\/\/www.saint-paul-angouleme.fr\/application\/bienvenidos-a-el-puerto-de-santa-maria\/#primaryimage","url":"http:\/\/www.saint-paul-angouleme.fr\/application\/wp-content\/uploads\/2017\/03\/Groupe-Place-dEspagne-1024x576.jpeg","contentUrl":"http:\/\/www.saint-paul-angouleme.fr\/application\/wp-content\/uploads\/2017\/03\/Groupe-Place-dEspagne-1024x576.jpeg"},{"@type":"BreadcrumbList","@id":"https:\/\/www.saint-paul-angouleme.fr\/application\/bienvenidos-a-el-puerto-de-santa-maria\/#breadcrumb","itemListElement":[{"@type":"ListItem","position":1,"name":"Accueil","item":"http:\/\/www.saint-paul-angouleme.fr\/application\/"},{"@type":"ListItem","position":2,"name":"\u00a1 Bienvenidos a \u00abEl Puerto de Santa Maria\u00bb !"}]},{"@type":"WebSite","@id":"https:\/\/www.saint-paul-angouleme.fr\/application\/#website","url":"https:\/\/www.saint-paul-angouleme.fr\/application\/","name":"Actualit\u00e9s","description":"Actualit\u00e9s Saint Paul","publisher":{"@id":"https:\/\/www.saint-paul-angouleme.fr\/application\/#organization"},"potentialAction":[{"@type":"SearchAction","target":{"@type":"EntryPoint","urlTemplate":"https:\/\/www.saint-paul-angouleme.fr\/application\/?s={search_term_string}"},"query-input":"required name=search_term_string"}],"inLanguage":"fr-FR"},{"@type":"Organization","@id":"https:\/\/www.saint-paul-angouleme.fr\/application\/#organization","name":"Ensemble scolaire Saint-Paul","url":"https:\/\/www.saint-paul-angouleme.fr\/application\/","logo":{"@type":"ImageObject","inLanguage":"fr-FR","@id":"https:\/\/www.saint-paul-angouleme.fr\/application\/#\/schema\/logo\/image\/","url":"https:\/\/www.saint-paul-angouleme.fr\/application\/wp-content\/uploads\/2018\/08\/logo-saint-paul-couleurs.jpg","contentUrl":"https:\/\/www.saint-paul-angouleme.fr\/application\/wp-content\/uploads\/2018\/08\/logo-saint-paul-couleurs.jpg","width":1890,"height":709,"caption":"Ensemble scolaire Saint-Paul"},"image":{"@id":"https:\/\/www.saint-paul-angouleme.fr\/application\/#\/schema\/logo\/image\/"},"sameAs":["https:\/\/www.facebook.com\/SaintPaulAngouleme16\/","https:\/\/x.com\/StPaulAngoulem","https:\/\/www.youtube.com\/channel\/UCRLpz1CmPVqc0gn--YyXvjA?view_as=subscriber"]},{"@type":"Person","@id":"https:\/\/www.saint-paul-angouleme.fr\/application\/#\/schema\/person\/ea152930b1a3823659065827b1a5fb9b","name":"SAINT-PAUL","image":{"@type":"ImageObject","inLanguage":"fr-FR","@id":"https:\/\/www.saint-paul-angouleme.fr\/application\/#\/schema\/person\/image\/","url":"https:\/\/secure.gravatar.com\/avatar\/eadb0ffebc02683a61d69038eb2924f0?s=96&r=g","contentUrl":"https:\/\/secure.gravatar.com\/avatar\/eadb0ffebc02683a61d69038eb2924f0?s=96&r=g","caption":"SAINT-PAUL"},"url":"https:\/\/www.saint-paul-angouleme.fr\/application\/author\/myriam\/"}]}},"_links":{"self":[{"href":"https:\/\/www.saint-paul-angouleme.fr\/application\/wp-json\/wp\/v2\/posts\/418"}],"collection":[{"href":"https:\/\/www.saint-paul-angouleme.fr\/application\/wp-json\/wp\/v2\/posts"}],"about":[{"href":"https:\/\/www.saint-paul-angouleme.fr\/application\/wp-json\/wp\/v2\/types\/post"}],"author":[{"embeddable":true,"href":"https:\/\/www.saint-paul-angouleme.fr\/application\/wp-json\/wp\/v2\/users\/3"}],"replies":[{"embeddable":true,"href":"https:\/\/www.saint-paul-angouleme.fr\/application\/wp-json\/wp\/v2\/comments?post=418"}],"version-history":[{"count":19,"href":"https:\/\/www.saint-paul-angouleme.fr\/application\/wp-json\/wp\/v2\/posts\/418\/revisions"}],"predecessor-version":[{"id":448,"href":"https:\/\/www.saint-paul-angouleme.fr\/application\/wp-json\/wp\/v2\/posts\/418\/revisions\/448"}],"wp:attachment":[{"href":"https:\/\/www.saint-paul-angouleme.fr\/application\/wp-json\/wp\/v2\/media?parent=418"}],"wp:term":[{"taxonomy":"category","embeddable":true,"href":"https:\/\/www.saint-paul-angouleme.fr\/application\/wp-json\/wp\/v2\/categories?post=418"},{"taxonomy":"post_tag","embeddable":true,"href":"https:\/\/www.saint-paul-angouleme.fr\/application\/wp-json\/wp\/v2\/tags?post=418"}],"curies":[{"name":"wp","href":"https:\/\/api.w.org\/{rel}","templated":true}]}}