{"id":4167,"date":"2019-07-09T18:03:24","date_gmt":"2019-07-09T16:03:24","guid":{"rendered":"https:\/\/www.saint-paul-angouleme.fr\/application\/?p=4167"},"modified":"2019-10-18T16:14:27","modified_gmt":"2019-10-18T14:14:27","slug":"les-4eme-en-sejour-pedagogique-a-lile-daix","status":"publish","type":"post","link":"https:\/\/www.saint-paul-angouleme.fr\/application\/les-4eme-en-sejour-pedagogique-a-lile-daix\/","title":{"rendered":"Les 4\u00e8me en s\u00e9jour p\u00e9dagogique \u00e0 l&#8217;\u00eele d&#8217;A\u00eex"},"content":{"rendered":"<figure id=\"attachment_4168\" aria-describedby=\"caption-attachment-4168\" style=\"width: 1014px\" class=\"wp-caption aligncenter\"><a href=\"https:\/\/www.saint-paul-angouleme.fr\/application\/wp-content\/uploads\/2019\/07\/AIX-1.jpg\"><img loading=\"lazy\" decoding=\"async\" class=\"wp-image-4168 size-large\" title=\"\u00cele d\u2019Aix\" src=\"https:\/\/www.saint-paul-angouleme.fr\/application\/wp-content\/uploads\/2019\/07\/AIX-1-1024x433.jpg\" alt=\"\u00cele d\u2019Aix\" width=\"1024\" height=\"433\" data-id=\"4168\" srcset=\"https:\/\/www.saint-paul-angouleme.fr\/application\/wp-content\/uploads\/2019\/07\/AIX-1-1024x433.jpg 1024w, https:\/\/www.saint-paul-angouleme.fr\/application\/wp-content\/uploads\/2019\/07\/AIX-1-300x127.jpg 300w, https:\/\/www.saint-paul-angouleme.fr\/application\/wp-content\/uploads\/2019\/07\/AIX-1-768x325.jpg 768w\" sizes=\"(max-width: 1024px) 100vw, 1024px\" \/><\/a><figcaption id=\"caption-attachment-4168\" class=\"wp-caption-text\"><span style=\"font-family: arial, helvetica, sans-serif;\"><em><span style=\"font-size: 10px;\">Photo prise par Angel (Concours de photo, 1\u00e8re place)<\/span><\/em><\/span><\/figcaption><\/figure>\n<p style=\"text-align: justify;\"><span style=\"font-family: arial, helvetica, sans-serif; color: #333333;\">Le 14 juin 2019, 46 \u00e9l\u00e8ves de 401 et 404 sont partis explorer l&#8217;\u00eele d&#8217;Aix sur une journ\u00e9e.<\/span><\/p>\n<p style=\"text-align: justify;\"><span style=\"font-family: arial, helvetica, sans-serif; color: #333333;\">Le rendez-vous matinal a \u00e9t\u00e9 donn\u00e9 \u00e0 7h30 \u00e0 la cath\u00e9drale. Apr\u00e8s un trajet relativement calme en bus, nous sommes arriv\u00e9s \u00e0 10h00 \u00e0 l\u2019embarcad\u00e8re de Fouras. En attendant le bateau, les \u00e9l\u00e8ves en ont profit\u00e9 pour prendre l\u2019air marin, marcher sur les coquillages, taquiner quelques crabes ou quelques crevettes.<\/span><\/p>\n<h2><strong><span style=\"font-size: 20px; color: #333333; font-family: arial, helvetica, sans-serif;\">Travers\u00e9e et concours photos<\/span><\/strong><\/h2>\n<p style=\"text-align: justify;\"><span style=\"font-family: arial, helvetica, sans-serif; color: #333333;\">A 11h00, il est l\u2019heure d\u2019embarquer. Premi\u00e8re travers\u00e9e en bateau pour certains, mal de mer pour d\u2019autres, mais tout le monde est arriv\u00e9 \u00e0 bon port sur l\u2019\u00eele de 1 km\u00b2.<\/span><\/p>\n<p style=\"text-align: justify;\"><span style=\"font-family: arial, helvetica, sans-serif; color: #333333;\">Le soleil est au rendez-vous et apr\u00e8s quelques explications sur le programme de la journ\u00e9e, nous avons pique-niqu\u00e9 tous ensemble sur la plage. A peine rassasi\u00e9s, les \u00e9l\u00e8ves en ont profit\u00e9 pour jouer au ballon, ou \u00e0 d\u2019autres jeux improvis\u00e9s. Puis, certains sont partis \u00e0 la d\u00e9couverte des plus beaux recoins de l\u2019\u00eele afin de participer au concours de photo et de capturer l\u2019un des plus beaux points de vue.<\/span><\/p>\n<figure id=\"attachment_4169\" aria-describedby=\"caption-attachment-4169\" style=\"width: 1014px\" class=\"wp-caption aligncenter\"><a href=\"https:\/\/www.saint-paul-angouleme.fr\/application\/wp-content\/uploads\/2019\/07\/AIX-2.jpg\"><img loading=\"lazy\" decoding=\"async\" class=\"wp-image-4169 size-large\" title=\"Entre mer et plage\" src=\"https:\/\/www.saint-paul-angouleme.fr\/application\/wp-content\/uploads\/2019\/07\/AIX-2-1024x768.jpg\" alt=\"Entre mer et plage\" width=\"1024\" height=\"768\" data-id=\"4169\" srcset=\"https:\/\/www.saint-paul-angouleme.fr\/application\/wp-content\/uploads\/2019\/07\/AIX-2-1024x768.jpg 1024w, https:\/\/www.saint-paul-angouleme.fr\/application\/wp-content\/uploads\/2019\/07\/AIX-2-300x225.jpg 300w, https:\/\/www.saint-paul-angouleme.fr\/application\/wp-content\/uploads\/2019\/07\/AIX-2-768x576.jpg 768w\" sizes=\"(max-width: 1024px) 100vw, 1024px\" \/><\/a><figcaption id=\"caption-attachment-4169\" class=\"wp-caption-text\"><span style=\"font-size: 10px;\"><em><span style=\"font-family: arial, helvetica, sans-serif;\">Photo prise par Ana\u00eblle (Concours de photo \u2013 2\u00e8me place)<\/span><\/em><\/span><\/figcaption><\/figure>\n<h2><strong><span style=\"font-size: 20px; color: #333333; font-family: arial, helvetica, sans-serif;\">A la d\u00e9couverte de l&#8217;\u00eele&#8230;&nbsp;<\/span><\/strong><\/h2>\n<p style=\"text-align: justify;\"><span style=\"font-family: arial, helvetica, sans-serif; color: #333333;\">A 14h00, nous avions rendez-vous \u00e0 l\u2019office de tourisme afin de participer au jeu de piste par \u00e9quipes de 5 ou 6. Nous avons d\u00fb nous rendre dans diff\u00e9rents points du village de l\u2019\u00eele afin de r\u00e9pondre aux questions sur l\u2019histoire de l\u2019\u00eele, sur Napol\u00e9on, les b\u00e2timents typiques du village\u2026 M\u00eame avec 1h30 de jeu, il fallait \u00eatre observateur et ne pas perdre de temps entre chaque lieu, et parfois faire des choix entre manger une glace ou bien terminer le jeu. Apr\u00e8s la correction, les deux meilleures \u00e9quipes ont \u00e9t\u00e9 r\u00e9compens\u00e9es et ont pu repartir avec un petit souvenir de l\u2019\u00eele.<\/span><\/p>\n<h2><\/h2>\n<figure id=\"attachment_4170\" aria-describedby=\"caption-attachment-4170\" style=\"width: 1014px\" class=\"wp-caption aligncenter\"><a href=\"https:\/\/www.saint-paul-angouleme.fr\/application\/wp-content\/uploads\/2019\/07\/AIX-3.jpg\"><img loading=\"lazy\" decoding=\"async\" class=\"wp-image-4170 size-large\" title=\"Phare\" src=\"https:\/\/www.saint-paul-angouleme.fr\/application\/wp-content\/uploads\/2019\/07\/AIX-3-1024x576.jpg\" alt=\"Phare\" width=\"1024\" height=\"576\" data-id=\"4170\" srcset=\"https:\/\/www.saint-paul-angouleme.fr\/application\/wp-content\/uploads\/2019\/07\/AIX-3-1024x576.jpg 1024w, https:\/\/www.saint-paul-angouleme.fr\/application\/wp-content\/uploads\/2019\/07\/AIX-3-300x169.jpg 300w, https:\/\/www.saint-paul-angouleme.fr\/application\/wp-content\/uploads\/2019\/07\/AIX-3-768x432.jpg 768w, https:\/\/www.saint-paul-angouleme.fr\/application\/wp-content\/uploads\/2019\/07\/AIX-3.jpg 1280w\" sizes=\"(max-width: 1024px) 100vw, 1024px\" \/><\/a><figcaption id=\"caption-attachment-4170\" class=\"wp-caption-text\"><i><span style=\"color: #333333;\"><span style=\"font-size: 10px;\">Photo prise par Ill\u00e9na (Concours de photo \u2013 3\u00e8me place)<\/span><\/span><\/i><\/figcaption><\/figure>\n<h2><strong><span style=\"font-family: arial, helvetica, sans-serif; color: #333333; font-size: 20px;\">D\u00e9j\u00e0 le retour&#8230;&nbsp;<\/span><\/strong><\/h2>\n<p style=\"text-align: justify;\"><span style=\"font-family: arial, helvetica, sans-serif; color: #333333;\">Apr\u00e8s la travers\u00e9e retour en bateau, nous sommes repartis en bus, o\u00f9 les \u00e9l\u00e8ves \u00e9taient plus r\u00e9veill\u00e9s que pour l\u2019aller. Le jury, compos\u00e9 des quatre professeurs accompagnateurs, a pris alors le temps de d\u00e9lib\u00e9rer pour d\u00e9terminer les 3 gagnants du concours de photo.<\/span><\/p>\n<p style=\"text-align: justify;\"><span style=\"font-family: arial, helvetica, sans-serif; color: #333333;\">1<sup>\u00e8re<\/sup> place&nbsp;: Angel GEOFFROY<\/span><\/p>\n<p style=\"text-align: justify;\"><span style=\"font-family: arial, helvetica, sans-serif; color: #333333;\">2<sup>\u00e8me<\/sup> place&nbsp;: Ana\u00eblle MATH\u00c9<\/span><\/p>\n<p style=\"text-align: justify;\"><span style=\"font-family: arial, helvetica, sans-serif; color: #333333;\">3<sup>\u00e8me<\/sup> place&nbsp;: Ill\u00e9na JAVIAL<\/span><\/p>\n<p style=\"text-align: justify;\"><span style=\"font-family: arial, helvetica, sans-serif; color: #333333;\">Bravo \u00e0 eux pour leurs magnifiques points de vue et f\u00e9licitations aux autres qui ont \u00e9galement particip\u00e9.&nbsp;Nous sommes arriv\u00e9s \u00e0 20h \u00e0 la cath\u00e9drale o\u00f9 les sourires sur les visages ont t\u00e9moign\u00e9 de la r\u00e9ussite de cette journ\u00e9e.<\/span><\/p>\n<figure id=\"attachment_4171\" aria-describedby=\"caption-attachment-4171\" style=\"width: 1014px\" class=\"wp-caption aligncenter\"><a href=\"https:\/\/www.saint-paul-angouleme.fr\/application\/wp-content\/uploads\/2019\/07\/AIX-404.jpg\"><img loading=\"lazy\" decoding=\"async\" class=\"wp-image-4171 size-large\" title=\"Classe de 404\" src=\"https:\/\/www.saint-paul-angouleme.fr\/application\/wp-content\/uploads\/2019\/07\/AIX-404-1024x768.jpg\" alt=\"Classe de 404\" width=\"1024\" height=\"768\" data-id=\"4171\" srcset=\"https:\/\/www.saint-paul-angouleme.fr\/application\/wp-content\/uploads\/2019\/07\/AIX-404-1024x768.jpg 1024w, https:\/\/www.saint-paul-angouleme.fr\/application\/wp-content\/uploads\/2019\/07\/AIX-404-300x225.jpg 300w, https:\/\/www.saint-paul-angouleme.fr\/application\/wp-content\/uploads\/2019\/07\/AIX-404-768x576.jpg 768w\" sizes=\"(max-width: 1024px) 100vw, 1024px\" \/><\/a><figcaption id=\"caption-attachment-4171\" class=\"wp-caption-text\"><em><span style=\"font-family: arial, helvetica, sans-serif; font-size: 10px;\">Les 404<\/span><\/em><\/figcaption><\/figure>\n<figure id=\"attachment_4172\" aria-describedby=\"caption-attachment-4172\" style=\"width: 1014px\" class=\"wp-caption aligncenter\"><a href=\"https:\/\/www.saint-paul-angouleme.fr\/application\/wp-content\/uploads\/2019\/07\/AIX-401.jpg\"><img loading=\"lazy\" decoding=\"async\" class=\"wp-image-4172 size-large\" title=\"Classe de 401\" src=\"https:\/\/www.saint-paul-angouleme.fr\/application\/wp-content\/uploads\/2019\/07\/AIX-401-1024x576.jpg\" alt=\"Classe de 401\" width=\"1024\" height=\"576\" data-id=\"4172\" srcset=\"https:\/\/www.saint-paul-angouleme.fr\/application\/wp-content\/uploads\/2019\/07\/AIX-401-1024x576.jpg 1024w, https:\/\/www.saint-paul-angouleme.fr\/application\/wp-content\/uploads\/2019\/07\/AIX-401-300x169.jpg 300w, https:\/\/www.saint-paul-angouleme.fr\/application\/wp-content\/uploads\/2019\/07\/AIX-401-768x432.jpg 768w, https:\/\/www.saint-paul-angouleme.fr\/application\/wp-content\/uploads\/2019\/07\/AIX-401.jpg 1280w\" sizes=\"(max-width: 1024px) 100vw, 1024px\" \/><\/a><figcaption id=\"caption-attachment-4172\" class=\"wp-caption-text\"><em><span style=\"font-family: arial, helvetica, sans-serif; font-size: 10px;\">Les 401<\/span><\/em><\/figcaption><\/figure>\n<div tabindex=\"0\" class=\"cycloneslider cycloneslider-template-standard cycloneslider-width-responsive\" id=\"cycloneslider-aix-2019-1\" style=\"max-width:960px\" > <div class=\"cycloneslider-slides cycle-slideshow\" data-cycle-allow-wrap=\"true\" data-cycle-dynamic-height=\"off\" data-cycle-auto-height=\"960:600\" data-cycle-auto-height-easing=\"null\" data-cycle-auto-height-speed=\"250\" data-cycle-delay=\"0\" data-cycle-easing=\"\" data-cycle-fx=\"fade\" data-cycle-hide-non-active=\"true\" data-cycle-log=\"false\" data-cycle-next=\"#cycloneslider-aix-2019-1 .cycloneslider-next\" data-cycle-pager=\"#cycloneslider-aix-2019-1 .cycloneslider-pager\" data-cycle-pause-on-hover=\"true\" data-cycle-prev=\"#cycloneslider-aix-2019-1 .cycloneslider-prev\" data-cycle-slides=\"&gt; div\" data-cycle-speed=\"1000\" data-cycle-swipe=\"1\" data-cycle-tile-count=\"7\" data-cycle-tile-delay=\"100\" data-cycle-tile-vertical=\"true\" data-cycle-timeout=\"4000\" > <div class=\"cycloneslider-slide cycloneslider-slide-image\" > <img decoding=\"async\" src=\"https:\/\/www.saint-paul-angouleme.fr\/application\/wp-content\/uploads\/2019\/07\/AIX-1-960x600.jpg\" alt=\"\" title=\"\" \/> <\/div> <div class=\"cycloneslider-slide cycloneslider-slide-image\" > <img decoding=\"async\" src=\"https:\/\/www.saint-paul-angouleme.fr\/application\/wp-content\/uploads\/2019\/07\/AIX-2-960x600.jpg\" alt=\"\" title=\"\" \/> <\/div> <div class=\"cycloneslider-slide cycloneslider-slide-image\" > <img decoding=\"async\" src=\"https:\/\/www.saint-paul-angouleme.fr\/application\/wp-content\/uploads\/2019\/07\/AIX-3-960x600.jpg\" alt=\"\" title=\"\" \/> <\/div> <div class=\"cycloneslider-slide cycloneslider-slide-image\" > <img decoding=\"async\" src=\"https:\/\/www.saint-paul-angouleme.fr\/application\/wp-content\/uploads\/2019\/07\/AIX-404-960x600.jpg\" alt=\"\" title=\"\" \/> <\/div> <div class=\"cycloneslider-slide cycloneslider-slide-image\" > <img decoding=\"async\" src=\"https:\/\/www.saint-paul-angouleme.fr\/application\/wp-content\/uploads\/2019\/07\/AIX-401-960x600.jpg\" alt=\"\" title=\"\" \/> <\/div> <div class=\"cycloneslider-slide cycloneslider-slide-image\" > <img decoding=\"async\" src=\"https:\/\/www.saint-paul-angouleme.fr\/application\/wp-content\/uploads\/2019\/07\/AIX-4-960x600.jpg\" alt=\"\" title=\"\" \/> <\/div> <div class=\"cycloneslider-slide cycloneslider-slide-image\" > <img decoding=\"async\" src=\"https:\/\/www.saint-paul-angouleme.fr\/application\/wp-content\/uploads\/2019\/07\/AIX-5-960x600.jpg\" alt=\"\" title=\"\" \/> <\/div> <div class=\"cycloneslider-slide cycloneslider-slide-image\" > <img decoding=\"async\" src=\"https:\/\/www.saint-paul-angouleme.fr\/application\/wp-content\/uploads\/2019\/07\/AIX-10-960x600.jpg\" alt=\"\" title=\"\" \/> <\/div> <div class=\"cycloneslider-slide cycloneslider-slide-image\" > <img decoding=\"async\" src=\"https:\/\/www.saint-paul-angouleme.fr\/application\/wp-content\/uploads\/2019\/07\/AIX-12-960x600.jpg\" alt=\"\" title=\"\" \/> <\/div> <div class=\"cycloneslider-slide cycloneslider-slide-image\" > <img decoding=\"async\" src=\"https:\/\/www.saint-paul-angouleme.fr\/application\/wp-content\/uploads\/2019\/07\/AIX6-960x600.jpg\" alt=\"\" title=\"\" \/> <\/div> <div class=\"cycloneslider-slide cycloneslider-slide-image\" > <img decoding=\"async\" src=\"https:\/\/www.saint-paul-angouleme.fr\/application\/wp-content\/uploads\/2019\/07\/AIX7-960x600.jpg\" alt=\"\" title=\"\" \/> <\/div> <div class=\"cycloneslider-slide cycloneslider-slide-image\" > <img decoding=\"async\" src=\"https:\/\/www.saint-paul-angouleme.fr\/application\/wp-content\/uploads\/2019\/07\/AIX8-960x600.jpg\" alt=\"\" title=\"\" \/> <\/div> <div class=\"cycloneslider-slide cycloneslider-slide-image\" > <img decoding=\"async\" src=\"https:\/\/www.saint-paul-angouleme.fr\/application\/wp-content\/uploads\/2019\/07\/AIX9-960x600.jpg\" alt=\"\" title=\"\" \/> <\/div> <\/div> <div class=\"cycloneslider-pager\"><\/div> <a href=\"#\" class=\"cycloneslider-prev\"> <span class=\"arrow\"><\/span> <\/a> <a href=\"#\" class=\"cycloneslider-next\"> <span class=\"arrow\"><\/span> <\/a> <\/div>\n","protected":false},"excerpt":{"rendered":"<p>Le 14 juin 2019, 46 \u00e9l\u00e8ves de 401 et 404 sont partis explorer l&#8217;\u00eele d&#8217;Aix sur une journ\u00e9e. Le rendez-vous matinal a \u00e9t\u00e9 donn\u00e9 \u00e0 7h30 \u00e0 la cath\u00e9drale. Apr\u00e8s un trajet relativement calme en bus, nous sommes arriv\u00e9s \u00e0 10h00 \u00e0 l\u2019embarcad\u00e8re de Fouras. En attendant le bateau, les \u00e9l\u00e8ves en ont profit\u00e9 pour &#8230; <a title=\"Les 4\u00e8me en s\u00e9jour p\u00e9dagogique \u00e0 l&#8217;\u00eele d&#8217;A\u00eex\" class=\"read-more\" href=\"https:\/\/www.saint-paul-angouleme.fr\/application\/les-4eme-en-sejour-pedagogique-a-lile-daix\/\" aria-label=\"Read more about Les 4\u00e8me en s\u00e9jour p\u00e9dagogique \u00e0 l&#8217;\u00eele d&#8217;A\u00eex\">Lire la suite<\/a><\/p>\n","protected":false},"author":3,"featured_media":0,"comment_status":"open","ping_status":"open","sticky":false,"template":"","format":"standard","meta":{"_exactmetrics_skip_tracking":false,"_exactmetrics_sitenote_active":false,"_exactmetrics_sitenote_note":"","_exactmetrics_sitenote_category":0,"footnotes":""},"categories":[13],"tags":[],"class_list":["post-4167","post","type-post","status-publish","format-standard","hentry","category-pedagogie"],"yoast_head":"<!-- This site is optimized with the Yoast SEO plugin v23.3 - https:\/\/yoast.com\/wordpress\/plugins\/seo\/ -->\n<title>Les 4\u00e8me en s\u00e9jour p\u00e9dagogique \u00e0 l&#039;\u00eele d&#039;A\u00eex - Actualit\u00e9s<\/title>\n<meta name=\"robots\" content=\"index, follow, max-snippet:-1, max-image-preview:large, max-video-preview:-1\" \/>\n<link rel=\"canonical\" href=\"https:\/\/www.saint-paul-angouleme.fr\/application\/les-4eme-en-sejour-pedagogique-a-lile-daix\/\" \/>\n<meta property=\"og:locale\" content=\"fr_FR\" \/>\n<meta property=\"og:type\" content=\"article\" \/>\n<meta property=\"og:title\" content=\"Les 4\u00e8me en s\u00e9jour p\u00e9dagogique \u00e0 l&#039;\u00eele d&#039;A\u00eex - Actualit\u00e9s\" \/>\n<meta property=\"og:description\" content=\"Le 14 juin 2019, 46 \u00e9l\u00e8ves de 401 et 404 sont partis explorer l&#8217;\u00eele d&#8217;Aix sur une journ\u00e9e. Le rendez-vous matinal a \u00e9t\u00e9 donn\u00e9 \u00e0 7h30 \u00e0 la cath\u00e9drale. Apr\u00e8s un trajet relativement calme en bus, nous sommes arriv\u00e9s \u00e0 10h00 \u00e0 l\u2019embarcad\u00e8re de Fouras. En attendant le bateau, les \u00e9l\u00e8ves en ont profit\u00e9 pour ... Lire la suite\" \/>\n<meta property=\"og:url\" content=\"https:\/\/www.saint-paul-angouleme.fr\/application\/les-4eme-en-sejour-pedagogique-a-lile-daix\/\" \/>\n<meta property=\"og:site_name\" content=\"Actualit\u00e9s\" \/>\n<meta property=\"article:publisher\" content=\"https:\/\/www.facebook.com\/SaintPaulAngouleme16\/\" \/>\n<meta property=\"article:published_time\" content=\"2019-07-09T16:03:24+00:00\" \/>\n<meta property=\"article:modified_time\" content=\"2019-10-18T14:14:27+00:00\" \/>\n<meta property=\"og:image\" content=\"https:\/\/www.saint-paul-angouleme.fr\/application\/wp-content\/uploads\/2019\/07\/AIX-1-1024x433.jpg\" \/>\n<meta name=\"author\" content=\"SAINT-PAUL\" \/>\n<meta name=\"twitter:card\" content=\"summary_large_image\" \/>\n<meta name=\"twitter:creator\" content=\"@StPaulAngoulem\" \/>\n<meta name=\"twitter:site\" content=\"@StPaulAngoulem\" \/>\n<meta name=\"twitter:label1\" content=\"\u00c9crit par\" \/>\n\t<meta name=\"twitter:data1\" content=\"SAINT-PAUL\" \/>\n\t<meta name=\"twitter:label2\" content=\"Dur\u00e9e de lecture estim\u00e9e\" \/>\n\t<meta name=\"twitter:data2\" content=\"2 minutes\" \/>\n<script type=\"application\/ld+json\" class=\"yoast-schema-graph\">{\"@context\":\"https:\/\/schema.org\",\"@graph\":[{\"@type\":\"Article\",\"@id\":\"https:\/\/www.saint-paul-angouleme.fr\/application\/les-4eme-en-sejour-pedagogique-a-lile-daix\/#article\",\"isPartOf\":{\"@id\":\"https:\/\/www.saint-paul-angouleme.fr\/application\/les-4eme-en-sejour-pedagogique-a-lile-daix\/\"},\"author\":{\"name\":\"SAINT-PAUL\",\"@id\":\"https:\/\/www.saint-paul-angouleme.fr\/application\/#\/schema\/person\/ea152930b1a3823659065827b1a5fb9b\"},\"headline\":\"Les 4\u00e8me en s\u00e9jour p\u00e9dagogique \u00e0 l&#8217;\u00eele d&#8217;A\u00eex\",\"datePublished\":\"2019-07-09T16:03:24+00:00\",\"dateModified\":\"2019-10-18T14:14:27+00:00\",\"mainEntityOfPage\":{\"@id\":\"https:\/\/www.saint-paul-angouleme.fr\/application\/les-4eme-en-sejour-pedagogique-a-lile-daix\/\"},\"wordCount\":504,\"commentCount\":0,\"publisher\":{\"@id\":\"https:\/\/www.saint-paul-angouleme.fr\/application\/#organization\"},\"image\":{\"@id\":\"https:\/\/www.saint-paul-angouleme.fr\/application\/les-4eme-en-sejour-pedagogique-a-lile-daix\/#primaryimage\"},\"thumbnailUrl\":\"https:\/\/www.saint-paul-angouleme.fr\/application\/wp-content\/uploads\/2019\/07\/AIX-1-1024x433.jpg\",\"articleSection\":[\"P\u00e9dagogie\"],\"inLanguage\":\"fr-FR\",\"potentialAction\":[{\"@type\":\"CommentAction\",\"name\":\"Comment\",\"target\":[\"https:\/\/www.saint-paul-angouleme.fr\/application\/les-4eme-en-sejour-pedagogique-a-lile-daix\/#respond\"]}]},{\"@type\":\"WebPage\",\"@id\":\"https:\/\/www.saint-paul-angouleme.fr\/application\/les-4eme-en-sejour-pedagogique-a-lile-daix\/\",\"url\":\"https:\/\/www.saint-paul-angouleme.fr\/application\/les-4eme-en-sejour-pedagogique-a-lile-daix\/\",\"name\":\"Les 4\u00e8me en s\u00e9jour p\u00e9dagogique \u00e0 l'\u00eele d'A\u00eex - Actualit\u00e9s\",\"isPartOf\":{\"@id\":\"https:\/\/www.saint-paul-angouleme.fr\/application\/#website\"},\"primaryImageOfPage\":{\"@id\":\"https:\/\/www.saint-paul-angouleme.fr\/application\/les-4eme-en-sejour-pedagogique-a-lile-daix\/#primaryimage\"},\"image\":{\"@id\":\"https:\/\/www.saint-paul-angouleme.fr\/application\/les-4eme-en-sejour-pedagogique-a-lile-daix\/#primaryimage\"},\"thumbnailUrl\":\"https:\/\/www.saint-paul-angouleme.fr\/application\/wp-content\/uploads\/2019\/07\/AIX-1-1024x433.jpg\",\"datePublished\":\"2019-07-09T16:03:24+00:00\",\"dateModified\":\"2019-10-18T14:14:27+00:00\",\"breadcrumb\":{\"@id\":\"https:\/\/www.saint-paul-angouleme.fr\/application\/les-4eme-en-sejour-pedagogique-a-lile-daix\/#breadcrumb\"},\"inLanguage\":\"fr-FR\",\"potentialAction\":[{\"@type\":\"ReadAction\",\"target\":[\"https:\/\/www.saint-paul-angouleme.fr\/application\/les-4eme-en-sejour-pedagogique-a-lile-daix\/\"]}]},{\"@type\":\"ImageObject\",\"inLanguage\":\"fr-FR\",\"@id\":\"https:\/\/www.saint-paul-angouleme.fr\/application\/les-4eme-en-sejour-pedagogique-a-lile-daix\/#primaryimage\",\"url\":\"https:\/\/www.saint-paul-angouleme.fr\/application\/wp-content\/uploads\/2019\/07\/AIX-1.jpg\",\"contentUrl\":\"https:\/\/www.saint-paul-angouleme.fr\/application\/wp-content\/uploads\/2019\/07\/AIX-1.jpg\",\"width\":8887,\"height\":3757},{\"@type\":\"BreadcrumbList\",\"@id\":\"https:\/\/www.saint-paul-angouleme.fr\/application\/les-4eme-en-sejour-pedagogique-a-lile-daix\/#breadcrumb\",\"itemListElement\":[{\"@type\":\"ListItem\",\"position\":1,\"name\":\"Accueil\",\"item\":\"http:\/\/www.saint-paul-angouleme.fr\/application\/\"},{\"@type\":\"ListItem\",\"position\":2,\"name\":\"Les 4\u00e8me en s\u00e9jour p\u00e9dagogique \u00e0 l&#8217;\u00eele d&#8217;A\u00eex\"}]},{\"@type\":\"WebSite\",\"@id\":\"https:\/\/www.saint-paul-angouleme.fr\/application\/#website\",\"url\":\"https:\/\/www.saint-paul-angouleme.fr\/application\/\",\"name\":\"Actualit\u00e9s\",\"description\":\"Actualit\u00e9s Saint Paul\",\"publisher\":{\"@id\":\"https:\/\/www.saint-paul-angouleme.fr\/application\/#organization\"},\"potentialAction\":[{\"@type\":\"SearchAction\",\"target\":{\"@type\":\"EntryPoint\",\"urlTemplate\":\"https:\/\/www.saint-paul-angouleme.fr\/application\/?s={search_term_string}\"},\"query-input\":\"required name=search_term_string\"}],\"inLanguage\":\"fr-FR\"},{\"@type\":\"Organization\",\"@id\":\"https:\/\/www.saint-paul-angouleme.fr\/application\/#organization\",\"name\":\"Ensemble scolaire Saint-Paul\",\"url\":\"https:\/\/www.saint-paul-angouleme.fr\/application\/\",\"logo\":{\"@type\":\"ImageObject\",\"inLanguage\":\"fr-FR\",\"@id\":\"https:\/\/www.saint-paul-angouleme.fr\/application\/#\/schema\/logo\/image\/\",\"url\":\"https:\/\/www.saint-paul-angouleme.fr\/application\/wp-content\/uploads\/2018\/08\/logo-saint-paul-couleurs.jpg\",\"contentUrl\":\"https:\/\/www.saint-paul-angouleme.fr\/application\/wp-content\/uploads\/2018\/08\/logo-saint-paul-couleurs.jpg\",\"width\":1890,\"height\":709,\"caption\":\"Ensemble scolaire Saint-Paul\"},\"image\":{\"@id\":\"https:\/\/www.saint-paul-angouleme.fr\/application\/#\/schema\/logo\/image\/\"},\"sameAs\":[\"https:\/\/www.facebook.com\/SaintPaulAngouleme16\/\",\"https:\/\/x.com\/StPaulAngoulem\",\"https:\/\/www.youtube.com\/channel\/UCRLpz1CmPVqc0gn--YyXvjA?view_as=subscriber\"]},{\"@type\":\"Person\",\"@id\":\"https:\/\/www.saint-paul-angouleme.fr\/application\/#\/schema\/person\/ea152930b1a3823659065827b1a5fb9b\",\"name\":\"SAINT-PAUL\",\"image\":{\"@type\":\"ImageObject\",\"inLanguage\":\"fr-FR\",\"@id\":\"https:\/\/www.saint-paul-angouleme.fr\/application\/#\/schema\/person\/image\/\",\"url\":\"https:\/\/secure.gravatar.com\/avatar\/eadb0ffebc02683a61d69038eb2924f0?s=96&r=g\",\"contentUrl\":\"https:\/\/secure.gravatar.com\/avatar\/eadb0ffebc02683a61d69038eb2924f0?s=96&r=g\",\"caption\":\"SAINT-PAUL\"},\"url\":\"https:\/\/www.saint-paul-angouleme.fr\/application\/author\/myriam\/\"}]}<\/script>\n<!-- \/ Yoast SEO plugin. -->","yoast_head_json":{"title":"Les 4\u00e8me en s\u00e9jour p\u00e9dagogique \u00e0 l'\u00eele d'A\u00eex - Actualit\u00e9s","robots":{"index":"index","follow":"follow","max-snippet":"max-snippet:-1","max-image-preview":"max-image-preview:large","max-video-preview":"max-video-preview:-1"},"canonical":"https:\/\/www.saint-paul-angouleme.fr\/application\/les-4eme-en-sejour-pedagogique-a-lile-daix\/","og_locale":"fr_FR","og_type":"article","og_title":"Les 4\u00e8me en s\u00e9jour p\u00e9dagogique \u00e0 l'\u00eele d'A\u00eex - Actualit\u00e9s","og_description":"Le 14 juin 2019, 46 \u00e9l\u00e8ves de 401 et 404 sont partis explorer l&#8217;\u00eele d&#8217;Aix sur une journ\u00e9e. Le rendez-vous matinal a \u00e9t\u00e9 donn\u00e9 \u00e0 7h30 \u00e0 la cath\u00e9drale. Apr\u00e8s un trajet relativement calme en bus, nous sommes arriv\u00e9s \u00e0 10h00 \u00e0 l\u2019embarcad\u00e8re de Fouras. En attendant le bateau, les \u00e9l\u00e8ves en ont profit\u00e9 pour ... Lire la suite","og_url":"https:\/\/www.saint-paul-angouleme.fr\/application\/les-4eme-en-sejour-pedagogique-a-lile-daix\/","og_site_name":"Actualit\u00e9s","article_publisher":"https:\/\/www.facebook.com\/SaintPaulAngouleme16\/","article_published_time":"2019-07-09T16:03:24+00:00","article_modified_time":"2019-10-18T14:14:27+00:00","og_image":[{"url":"https:\/\/www.saint-paul-angouleme.fr\/application\/wp-content\/uploads\/2019\/07\/AIX-1-1024x433.jpg"}],"author":"SAINT-PAUL","twitter_card":"summary_large_image","twitter_creator":"@StPaulAngoulem","twitter_site":"@StPaulAngoulem","twitter_misc":{"\u00c9crit par":"SAINT-PAUL","Dur\u00e9e de lecture estim\u00e9e":"2 minutes"},"schema":{"@context":"https:\/\/schema.org","@graph":[{"@type":"Article","@id":"https:\/\/www.saint-paul-angouleme.fr\/application\/les-4eme-en-sejour-pedagogique-a-lile-daix\/#article","isPartOf":{"@id":"https:\/\/www.saint-paul-angouleme.fr\/application\/les-4eme-en-sejour-pedagogique-a-lile-daix\/"},"author":{"name":"SAINT-PAUL","@id":"https:\/\/www.saint-paul-angouleme.fr\/application\/#\/schema\/person\/ea152930b1a3823659065827b1a5fb9b"},"headline":"Les 4\u00e8me en s\u00e9jour p\u00e9dagogique \u00e0 l&#8217;\u00eele d&#8217;A\u00eex","datePublished":"2019-07-09T16:03:24+00:00","dateModified":"2019-10-18T14:14:27+00:00","mainEntityOfPage":{"@id":"https:\/\/www.saint-paul-angouleme.fr\/application\/les-4eme-en-sejour-pedagogique-a-lile-daix\/"},"wordCount":504,"commentCount":0,"publisher":{"@id":"https:\/\/www.saint-paul-angouleme.fr\/application\/#organization"},"image":{"@id":"https:\/\/www.saint-paul-angouleme.fr\/application\/les-4eme-en-sejour-pedagogique-a-lile-daix\/#primaryimage"},"thumbnailUrl":"https:\/\/www.saint-paul-angouleme.fr\/application\/wp-content\/uploads\/2019\/07\/AIX-1-1024x433.jpg","articleSection":["P\u00e9dagogie"],"inLanguage":"fr-FR","potentialAction":[{"@type":"CommentAction","name":"Comment","target":["https:\/\/www.saint-paul-angouleme.fr\/application\/les-4eme-en-sejour-pedagogique-a-lile-daix\/#respond"]}]},{"@type":"WebPage","@id":"https:\/\/www.saint-paul-angouleme.fr\/application\/les-4eme-en-sejour-pedagogique-a-lile-daix\/","url":"https:\/\/www.saint-paul-angouleme.fr\/application\/les-4eme-en-sejour-pedagogique-a-lile-daix\/","name":"Les 4\u00e8me en s\u00e9jour p\u00e9dagogique \u00e0 l'\u00eele d'A\u00eex - Actualit\u00e9s","isPartOf":{"@id":"https:\/\/www.saint-paul-angouleme.fr\/application\/#website"},"primaryImageOfPage":{"@id":"https:\/\/www.saint-paul-angouleme.fr\/application\/les-4eme-en-sejour-pedagogique-a-lile-daix\/#primaryimage"},"image":{"@id":"https:\/\/www.saint-paul-angouleme.fr\/application\/les-4eme-en-sejour-pedagogique-a-lile-daix\/#primaryimage"},"thumbnailUrl":"https:\/\/www.saint-paul-angouleme.fr\/application\/wp-content\/uploads\/2019\/07\/AIX-1-1024x433.jpg","datePublished":"2019-07-09T16:03:24+00:00","dateModified":"2019-10-18T14:14:27+00:00","breadcrumb":{"@id":"https:\/\/www.saint-paul-angouleme.fr\/application\/les-4eme-en-sejour-pedagogique-a-lile-daix\/#breadcrumb"},"inLanguage":"fr-FR","potentialAction":[{"@type":"ReadAction","target":["https:\/\/www.saint-paul-angouleme.fr\/application\/les-4eme-en-sejour-pedagogique-a-lile-daix\/"]}]},{"@type":"ImageObject","inLanguage":"fr-FR","@id":"https:\/\/www.saint-paul-angouleme.fr\/application\/les-4eme-en-sejour-pedagogique-a-lile-daix\/#primaryimage","url":"https:\/\/www.saint-paul-angouleme.fr\/application\/wp-content\/uploads\/2019\/07\/AIX-1.jpg","contentUrl":"https:\/\/www.saint-paul-angouleme.fr\/application\/wp-content\/uploads\/2019\/07\/AIX-1.jpg","width":8887,"height":3757},{"@type":"BreadcrumbList","@id":"https:\/\/www.saint-paul-angouleme.fr\/application\/les-4eme-en-sejour-pedagogique-a-lile-daix\/#breadcrumb","itemListElement":[{"@type":"ListItem","position":1,"name":"Accueil","item":"http:\/\/www.saint-paul-angouleme.fr\/application\/"},{"@type":"ListItem","position":2,"name":"Les 4\u00e8me en s\u00e9jour p\u00e9dagogique \u00e0 l&#8217;\u00eele d&#8217;A\u00eex"}]},{"@type":"WebSite","@id":"https:\/\/www.saint-paul-angouleme.fr\/application\/#website","url":"https:\/\/www.saint-paul-angouleme.fr\/application\/","name":"Actualit\u00e9s","description":"Actualit\u00e9s Saint Paul","publisher":{"@id":"https:\/\/www.saint-paul-angouleme.fr\/application\/#organization"},"potentialAction":[{"@type":"SearchAction","target":{"@type":"EntryPoint","urlTemplate":"https:\/\/www.saint-paul-angouleme.fr\/application\/?s={search_term_string}"},"query-input":"required name=search_term_string"}],"inLanguage":"fr-FR"},{"@type":"Organization","@id":"https:\/\/www.saint-paul-angouleme.fr\/application\/#organization","name":"Ensemble scolaire Saint-Paul","url":"https:\/\/www.saint-paul-angouleme.fr\/application\/","logo":{"@type":"ImageObject","inLanguage":"fr-FR","@id":"https:\/\/www.saint-paul-angouleme.fr\/application\/#\/schema\/logo\/image\/","url":"https:\/\/www.saint-paul-angouleme.fr\/application\/wp-content\/uploads\/2018\/08\/logo-saint-paul-couleurs.jpg","contentUrl":"https:\/\/www.saint-paul-angouleme.fr\/application\/wp-content\/uploads\/2018\/08\/logo-saint-paul-couleurs.jpg","width":1890,"height":709,"caption":"Ensemble scolaire Saint-Paul"},"image":{"@id":"https:\/\/www.saint-paul-angouleme.fr\/application\/#\/schema\/logo\/image\/"},"sameAs":["https:\/\/www.facebook.com\/SaintPaulAngouleme16\/","https:\/\/x.com\/StPaulAngoulem","https:\/\/www.youtube.com\/channel\/UCRLpz1CmPVqc0gn--YyXvjA?view_as=subscriber"]},{"@type":"Person","@id":"https:\/\/www.saint-paul-angouleme.fr\/application\/#\/schema\/person\/ea152930b1a3823659065827b1a5fb9b","name":"SAINT-PAUL","image":{"@type":"ImageObject","inLanguage":"fr-FR","@id":"https:\/\/www.saint-paul-angouleme.fr\/application\/#\/schema\/person\/image\/","url":"https:\/\/secure.gravatar.com\/avatar\/eadb0ffebc02683a61d69038eb2924f0?s=96&r=g","contentUrl":"https:\/\/secure.gravatar.com\/avatar\/eadb0ffebc02683a61d69038eb2924f0?s=96&r=g","caption":"SAINT-PAUL"},"url":"https:\/\/www.saint-paul-angouleme.fr\/application\/author\/myriam\/"}]}},"_links":{"self":[{"href":"https:\/\/www.saint-paul-angouleme.fr\/application\/wp-json\/wp\/v2\/posts\/4167"}],"collection":[{"href":"https:\/\/www.saint-paul-angouleme.fr\/application\/wp-json\/wp\/v2\/posts"}],"about":[{"href":"https:\/\/www.saint-paul-angouleme.fr\/application\/wp-json\/wp\/v2\/types\/post"}],"author":[{"embeddable":true,"href":"https:\/\/www.saint-paul-angouleme.fr\/application\/wp-json\/wp\/v2\/users\/3"}],"replies":[{"embeddable":true,"href":"https:\/\/www.saint-paul-angouleme.fr\/application\/wp-json\/wp\/v2\/comments?post=4167"}],"version-history":[{"count":4,"href":"https:\/\/www.saint-paul-angouleme.fr\/application\/wp-json\/wp\/v2\/posts\/4167\/revisions"}],"predecessor-version":[{"id":4435,"href":"https:\/\/www.saint-paul-angouleme.fr\/application\/wp-json\/wp\/v2\/posts\/4167\/revisions\/4435"}],"wp:attachment":[{"href":"https:\/\/www.saint-paul-angouleme.fr\/application\/wp-json\/wp\/v2\/media?parent=4167"}],"wp:term":[{"taxonomy":"category","embeddable":true,"href":"https:\/\/www.saint-paul-angouleme.fr\/application\/wp-json\/wp\/v2\/categories?post=4167"},{"taxonomy":"post_tag","embeddable":true,"href":"https:\/\/www.saint-paul-angouleme.fr\/application\/wp-json\/wp\/v2\/tags?post=4167"}],"curies":[{"name":"wp","href":"https:\/\/api.w.org\/{rel}","templated":true}]}}