{"id":4142,"date":"2019-06-17T17:51:13","date_gmt":"2019-06-17T15:51:13","guid":{"rendered":"https:\/\/www.saint-paul-angouleme.fr\/application\/?p=4142"},"modified":"2019-07-09T18:06:23","modified_gmt":"2019-07-09T16:06:23","slug":"saint-paul-recompense-au-concours-les-genies-de-la-construction-2019","status":"publish","type":"post","link":"https:\/\/www.saint-paul-angouleme.fr\/application\/saint-paul-recompense-au-concours-les-genies-de-la-construction-2019\/","title":{"rendered":"Saint-Paul r\u00e9compens\u00e9 au concours &#8220;Les g\u00e9nies de la construction 2019&#8221;"},"content":{"rendered":"<figure id=\"attachment_4143\" aria-describedby=\"caption-attachment-4143\" style=\"width: 1014px\" class=\"wp-caption aligncenter\"><a href=\"https:\/\/www.saint-paul-angouleme.fr\/application\/wp-content\/uploads\/2019\/06\/20190521_111803.jpg\"><img loading=\"lazy\" decoding=\"async\" class=\"wp-image-4143 size-large\" title=\"Des g\u00e9nies en herbe\" src=\"https:\/\/www.saint-paul-angouleme.fr\/application\/wp-content\/uploads\/2019\/06\/20190521_111803-1024x498.jpg\" alt=\"Des g\u00e9nies en herbe\" width=\"1024\" height=\"498\" data-id=\"4143\" srcset=\"https:\/\/www.saint-paul-angouleme.fr\/application\/wp-content\/uploads\/2019\/06\/20190521_111803-1024x498.jpg 1024w, https:\/\/www.saint-paul-angouleme.fr\/application\/wp-content\/uploads\/2019\/06\/20190521_111803-300x146.jpg 300w, https:\/\/www.saint-paul-angouleme.fr\/application\/wp-content\/uploads\/2019\/06\/20190521_111803-768x373.jpg 768w\" sizes=\"(max-width: 1024px) 100vw, 1024px\" \/><\/a><figcaption id=\"caption-attachment-4143\" class=\"wp-caption-text\"><span style=\"font-family: arial, helvetica, sans-serif; font-size: 10px;\">La maquette de d\u00e9monstration<\/span><\/figcaption><\/figure>\n<p>&nbsp;<\/p>\n<h2 class=\"entry-title\" style=\"text-align: justify;\"><strong><span style=\"font-family: arial, helvetica, sans-serif; font-size: 20px;\">1. La d\u00e9marche du projet<\/span><\/strong><\/h2>\n<p style=\"text-align: justify;\"><span style=\"font-family: arial, helvetica, sans-serif;\">Dans un souci, d\u2019\u00e9conomie de l\u2019\u00e9nergie \u00e9lectrique, nous proposons un b\u00e2timent intelligent qui puisse \u00e9teindre les lumi\u00e8res automatiquement le soir, lorsque plus personne n&#8217;est dans le b\u00e2timent.<\/span><\/p>\n<p style=\"text-align: justify;\"><span style=\"font-family: arial, helvetica, sans-serif;\">Un(e) domoticien \/ domoticienne est un sp\u00e9cialiste de l\u2019\u00e9lectronique et de l\u2019informatique appliqu\u00e9es au domaine de l\u2019habitat. Par extension aux m\u00e9tiers de la domotique, nous proposons \u00e9galement une gestion des entr\u00e9es\/sorties \u00e0 distance (ou localement) de ce dit b\u00e2timent par la cour (acc\u00e8s par un portail automatis\u00e9, s\u00e9curis\u00e9 par une cam\u00e9ra).<\/span><\/p>\n<p style=\"text-align: justify;\"><span style=\"font-family: arial, helvetica, sans-serif;\">Les commandes doivent donc pouvoir se faire \u00e0 distance, par une tablette ou un smartphone, communiquant par un r\u00e9seau wifi.\u00a0Le langage \u00ab\u00a0python\u00a0\u00bb est utilis\u00e9 car il permet de g\u00e9n\u00e9rer un serveur web et une page html qui sera accessible de la tablette ou du smartphone. Ce langage est support\u00e9 par le raspberry au m\u00eame titre que scratch. Ce programme \u00ab\u00a0python\u00a0\u00bb a \u00e9t\u00e9 r\u00e9alis\u00e9 par deux \u00e9l\u00e8ves de seconde ICN (enseignement d\u2019exploration).<\/span><\/p>\n<p><strong><span style=\"font-family: arial, helvetica, sans-serif;\">\u00c9l\u00e8ves ayant particip\u00e9 au projet :<\/span><\/strong><br \/>\n<em><span style=\"font-family: arial, helvetica, sans-serif;\">Troisi\u00e8me en technologie :<\/span><\/em><br \/>\n<span style=\"font-family: arial, helvetica, sans-serif;\">Iban DALGALARRONDO<\/span><br \/>\n<span style=\"font-family: arial, helvetica, sans-serif;\">Dorian GUIGNEAU<\/span><br \/>\n<span style=\"font-family: arial, helvetica, sans-serif;\">Martin ARCHAMBAULT<\/span><br \/>\n<span style=\"font-family: arial, helvetica, sans-serif;\">Julien BAERT<\/span><br \/>\n<span style=\"font-family: arial, helvetica, sans-serif;\">Marie BOITEAU<\/span><br \/>\n<span style=\"font-family: arial, helvetica, sans-serif;\">Cam\u00e9lia HANIFI<\/span><br \/>\n<em><span style=\"font-family: arial, helvetica, sans-serif;\">Seconde en enseignement d\u2019exploration ICN :<\/span><\/em><br \/>\n<span style=\"font-family: arial, helvetica, sans-serif;\">Gaspard TRICHARD<\/span><br \/>\n<span style=\"font-family: arial, helvetica, sans-serif;\">No\u00e9 BAUER<\/span><\/p>\n<h2 style=\"text-align: justify;\"><span style=\"font-size: 20px;\"><strong><span style=\"font-family: arial, helvetica, sans-serif;\">2.\u00a0Gestion de l\u2019\u00e9clairage et des entr\u00e9es\/sorties d\u2019un b\u00e2timent connect\u00e9 (\u00e9clairage)<\/span><\/strong><\/span><\/h2>\n<p style=\"text-align: justify;\"><span style=\"font-family: arial, helvetica, sans-serif;\">La maquette du projet poss\u00e8de 3 lampes r\u00e9parties dans les diverses pi\u00e8ces.\u00a0<\/span><\/p>\n<p style=\"text-align: justify;\"><span style=\"font-family: arial, helvetica, sans-serif;\">Chaque lampe s\u2019allume gr\u00e2ce \u00e0 un interrupteur plac\u00e9 sur un mur proche de la lampe. Toutes les lampes sont reli\u00e9es \u00e0 un\u00a0bus appel\u00e9 GPIOl qui regroupe toutes les entr\u00e9es et les sorties et d\u2019o\u00f9 l\u2019allumage et l\u2019extinction des lampes peut \u00e9galement \u00eatre contr\u00f4l\u00e9.<\/span><\/p>\n<p style=\"text-align: justify;\"><span style=\"font-family: arial, helvetica, sans-serif;\">Les lampes s\u2019\u00e9teignent automatiquement lorsque le programme \u00ab\u00a0nuit\u00a0\u00bb s\u2019active. En effet, les lampes s\u2019\u00e9teignent mais peuvent tout de m\u00eame \u00eatre allum\u00e9es \u00e0 nouveau manuellement uniquement gr\u00e2ce \u00e0 l\u2019application.<\/span><\/p>\n<h2 style=\"text-align: justify;\"><strong><span style=\"font-family: arial, helvetica, sans-serif; font-size: 20px;\">3.\u00a0Gestion de l\u2019\u00e9clairage et des entr\u00e9es\/sorties d\u2019un b\u00e2timent connect\u00e9 (mode nuit)<\/span><\/strong><\/h2>\n<p style=\"text-align: justify;\"><span style=\"font-family: arial, helvetica, sans-serif;\">Le projet de gestion des entr\u00e9es et des sorties du b\u00e2timent connect\u00e9 comprend un programme \u00ab\u00a0nuit\u00a0\u00bb. Ce programme est activ\u00e9 par l\u2019application qui g\u00e8re celui-ci.<\/span><\/p>\n<p style=\"text-align: justify;\"><span style=\"font-family: arial, helvetica, sans-serif;\">Le programme \u00ab\u00a0nuit\u00a0\u00bb entra\u00eene deux choses :<\/span><\/p>\n<ul style=\"text-align: justify;\">\n<li><span style=\"font-family: arial, helvetica, sans-serif;\">Il \u00e9teint les lumi\u00e8res dans tout le b\u00e2timent,<\/span><\/li>\n<li><span style=\"font-family: arial, helvetica, sans-serif;\">Il bloque le portail en position ouverte ou ferm\u00e9e.<\/span><\/li>\n<\/ul>\n<p style=\"text-align: justify;\"><span style=\"font-family: arial, helvetica, sans-serif;\">Ainsi, lorsque ce programme s\u2019active, les 3 lampes s\u2019\u00e9teignent et le portail ne peut plus s\u2019ouvrir sans autorisation.\u00a0Le mode \u00ab\u00a0nuit\u00a0\u00bb peut \u00eatre programm\u00e9 pour s\u2019allumer \u00e0 une heure d\u00e9finie pr\u00e9alablement afin d\u2019adapter le b\u00e2timent \u00e0 un lieu de travail \u00e0 horaires fixes.<\/span><\/p>\n<div class=\"su-youtube su-u-responsive-media-yes\"><iframe loading=\"lazy\" width=\"300\" height=\"200\" src=\"https:\/\/www.youtube.com\/embed\/AkRSnIswUKI?\" frameborder=\"0\" allowfullscreen allow=\"autoplay; encrypted-media; picture-in-picture\" title=\"\"><\/iframe><\/div>\n<p>&nbsp;<\/p>\n<figure id=\"attachment_4147\" aria-describedby=\"caption-attachment-4147\" style=\"width: 1014px\" class=\"wp-caption aligncenter\"><a href=\"https:\/\/www.saint-paul-angouleme.fr\/application\/wp-content\/uploads\/2019\/06\/20190521_100350.jpg\"><img loading=\"lazy\" decoding=\"async\" class=\"wp-image-4147 size-large\" title=\"Jour &quot;J&quot;\" src=\"https:\/\/www.saint-paul-angouleme.fr\/application\/wp-content\/uploads\/2019\/06\/20190521_100350-1024x498.jpg\" alt=\"Jour &quot;J&quot;\" width=\"1024\" height=\"498\" data-id=\"4147\" srcset=\"https:\/\/www.saint-paul-angouleme.fr\/application\/wp-content\/uploads\/2019\/06\/20190521_100350-1024x498.jpg 1024w, https:\/\/www.saint-paul-angouleme.fr\/application\/wp-content\/uploads\/2019\/06\/20190521_100350-300x146.jpg 300w, https:\/\/www.saint-paul-angouleme.fr\/application\/wp-content\/uploads\/2019\/06\/20190521_100350-768x373.jpg 768w\" sizes=\"(max-width: 1024px) 100vw, 1024px\" \/><\/a><figcaption id=\"caption-attachment-4147\" class=\"wp-caption-text\"><span style=\"font-family: arial, helvetica, sans-serif; font-size: 10px;\">Fiers de pr\u00e9senter leur travail<\/span><\/figcaption><\/figure>\n<p style=\"text-align: justify;\"><span style=\"font-family: arial, helvetica, sans-serif;\">La pr\u00e9sentation du projet s\u2019est d\u00e9roul\u00e9 le mardi 21 mai 2019 \u00e0 Saint Maixent l\u2019Ecole au lyc\u00e9e du Haut Val de S\u00e8vres par 4 \u00e9l\u00e8ves :<\/span><\/p>\n<p style=\"text-align: justify;\"><span style=\"font-family: arial, helvetica, sans-serif;\">Julien BAERT<\/span><\/p>\n<p style=\"text-align: justify;\"><span style=\"font-family: arial, helvetica, sans-serif;\">Iban DALGALARRONDO<\/span><\/p>\n<p style=\"text-align: justify;\"><span style=\"font-family: arial, helvetica, sans-serif;\">Martin ARCHAMBAULT<\/span><\/p>\n<p style=\"text-align: justify;\"><span style=\"font-family: arial, helvetica, sans-serif;\">Dorian GUIGNEAU<\/span><\/p>\n<p><span style=\"font-family: arial, helvetica, sans-serif;\">Ils ont remport\u00e9 le prix de l&#8217;affiche et de la communication. Bravo \u00e0 eux !<\/span><\/p>\n<p><a href=\"https:\/\/www.saint-paul-angouleme.fr\/application\/wp-content\/uploads\/2019\/06\/prix-affiche-et-communication-e1558457240827-768x546.jpg\"><img loading=\"lazy\" decoding=\"async\" class=\"aligncenter size-full wp-image-4148\" src=\"https:\/\/www.saint-paul-angouleme.fr\/application\/wp-content\/uploads\/2019\/06\/prix-affiche-et-communication-e1558457240827-768x546.jpg\" alt=\"\" width=\"768\" height=\"546\" data-id=\"4148\" srcset=\"https:\/\/www.saint-paul-angouleme.fr\/application\/wp-content\/uploads\/2019\/06\/prix-affiche-et-communication-e1558457240827-768x546.jpg 768w, https:\/\/www.saint-paul-angouleme.fr\/application\/wp-content\/uploads\/2019\/06\/prix-affiche-et-communication-e1558457240827-768x546-300x213.jpg 300w\" sizes=\"(max-width: 768px) 100vw, 768px\" \/><\/a><\/p>\n","protected":false},"excerpt":{"rendered":"<p>&nbsp; 1. La d\u00e9marche du projet Dans un souci, d\u2019\u00e9conomie de l\u2019\u00e9nergie \u00e9lectrique, nous proposons un b\u00e2timent intelligent qui puisse \u00e9teindre les lumi\u00e8res automatiquement le soir, lorsque plus personne n&#8217;est dans le b\u00e2timent. Un(e) domoticien \/ domoticienne est un sp\u00e9cialiste de l\u2019\u00e9lectronique et de l\u2019informatique appliqu\u00e9es au domaine de l\u2019habitat. Par extension aux m\u00e9tiers de &#8230; <a title=\"Saint-Paul r\u00e9compens\u00e9 au concours &#8220;Les g\u00e9nies de la construction 2019&#8221;\" class=\"read-more\" href=\"https:\/\/www.saint-paul-angouleme.fr\/application\/saint-paul-recompense-au-concours-les-genies-de-la-construction-2019\/\" aria-label=\"Read more about Saint-Paul r\u00e9compens\u00e9 au concours &#8220;Les g\u00e9nies de la construction 2019&#8221;\">Lire la suite<\/a><\/p>\n","protected":false},"author":3,"featured_media":0,"comment_status":"open","ping_status":"open","sticky":false,"template":"","format":"standard","meta":{"_exactmetrics_skip_tracking":false,"_exactmetrics_sitenote_active":false,"_exactmetrics_sitenote_note":"","_exactmetrics_sitenote_category":0,"footnotes":""},"categories":[2],"tags":[],"class_list":["post-4142","post","type-post","status-publish","format-standard","hentry","category-look-on"],"yoast_head":"<!-- This site is optimized with the Yoast SEO plugin v23.3 - https:\/\/yoast.com\/wordpress\/plugins\/seo\/ -->\n<title>Saint-Paul r\u00e9compens\u00e9 au concours &quot;Les g\u00e9nies de la construction 2019&quot; - Actualit\u00e9s<\/title>\n<meta name=\"description\" content=\"Des \u00e9l\u00e8ves de 3\u00e8me du coll\u00e8ge Saint-Paul ont particip\u00e9 au concours &quot;G\u00e9nies de la construction&quot;. Ils y ont pr\u00e9sent\u00e9 un programme de domotique.\" \/>\n<meta name=\"robots\" content=\"index, follow, max-snippet:-1, max-image-preview:large, max-video-preview:-1\" \/>\n<link rel=\"canonical\" href=\"https:\/\/www.saint-paul-angouleme.fr\/application\/saint-paul-recompense-au-concours-les-genies-de-la-construction-2019\/\" \/>\n<meta property=\"og:locale\" content=\"fr_FR\" \/>\n<meta property=\"og:type\" content=\"article\" \/>\n<meta property=\"og:title\" content=\"Saint-Paul r\u00e9compens\u00e9 au concours &quot;Les g\u00e9nies de la construction 2019&quot; - Actualit\u00e9s\" \/>\n<meta property=\"og:description\" content=\"Des \u00e9l\u00e8ves de 3\u00e8me du coll\u00e8ge Saint-Paul ont particip\u00e9 au concours &quot;G\u00e9nies de la construction&quot;. Ils y ont pr\u00e9sent\u00e9 un programme de domotique.\" \/>\n<meta property=\"og:url\" content=\"https:\/\/www.saint-paul-angouleme.fr\/application\/saint-paul-recompense-au-concours-les-genies-de-la-construction-2019\/\" \/>\n<meta property=\"og:site_name\" content=\"Actualit\u00e9s\" \/>\n<meta property=\"article:publisher\" content=\"https:\/\/www.facebook.com\/SaintPaulAngouleme16\/\" \/>\n<meta property=\"article:published_time\" content=\"2019-06-17T15:51:13+00:00\" \/>\n<meta property=\"article:modified_time\" content=\"2019-07-09T16:06:23+00:00\" \/>\n<meta property=\"og:image\" content=\"https:\/\/www.saint-paul-angouleme.fr\/application\/wp-content\/uploads\/2019\/06\/20190521_111803-1024x498.jpg\" \/>\n<meta name=\"author\" content=\"SAINT-PAUL\" \/>\n<meta name=\"twitter:card\" content=\"summary_large_image\" \/>\n<meta name=\"twitter:creator\" content=\"@StPaulAngoulem\" \/>\n<meta name=\"twitter:site\" content=\"@StPaulAngoulem\" \/>\n<meta name=\"twitter:label1\" content=\"\u00c9crit par\" \/>\n\t<meta name=\"twitter:data1\" content=\"SAINT-PAUL\" \/>\n\t<meta name=\"twitter:label2\" content=\"Dur\u00e9e de lecture estim\u00e9e\" \/>\n\t<meta name=\"twitter:data2\" content=\"3 minutes\" \/>\n<script type=\"application\/ld+json\" class=\"yoast-schema-graph\">{\"@context\":\"https:\/\/schema.org\",\"@graph\":[{\"@type\":\"Article\",\"@id\":\"https:\/\/www.saint-paul-angouleme.fr\/application\/saint-paul-recompense-au-concours-les-genies-de-la-construction-2019\/#article\",\"isPartOf\":{\"@id\":\"https:\/\/www.saint-paul-angouleme.fr\/application\/saint-paul-recompense-au-concours-les-genies-de-la-construction-2019\/\"},\"author\":{\"name\":\"SAINT-PAUL\",\"@id\":\"https:\/\/www.saint-paul-angouleme.fr\/application\/#\/schema\/person\/ea152930b1a3823659065827b1a5fb9b\"},\"headline\":\"Saint-Paul r\u00e9compens\u00e9 au concours &#8220;Les g\u00e9nies de la construction 2019&#8221;\",\"datePublished\":\"2019-06-17T15:51:13+00:00\",\"dateModified\":\"2019-07-09T16:06:23+00:00\",\"mainEntityOfPage\":{\"@id\":\"https:\/\/www.saint-paul-angouleme.fr\/application\/saint-paul-recompense-au-concours-les-genies-de-la-construction-2019\/\"},\"wordCount\":539,\"commentCount\":0,\"publisher\":{\"@id\":\"https:\/\/www.saint-paul-angouleme.fr\/application\/#organization\"},\"image\":{\"@id\":\"https:\/\/www.saint-paul-angouleme.fr\/application\/saint-paul-recompense-au-concours-les-genies-de-la-construction-2019\/#primaryimage\"},\"thumbnailUrl\":\"https:\/\/www.saint-paul-angouleme.fr\/application\/wp-content\/uploads\/2019\/06\/20190521_111803-1024x498.jpg\",\"articleSection\":[\"Look on\"],\"inLanguage\":\"fr-FR\",\"potentialAction\":[{\"@type\":\"CommentAction\",\"name\":\"Comment\",\"target\":[\"https:\/\/www.saint-paul-angouleme.fr\/application\/saint-paul-recompense-au-concours-les-genies-de-la-construction-2019\/#respond\"]}]},{\"@type\":\"WebPage\",\"@id\":\"https:\/\/www.saint-paul-angouleme.fr\/application\/saint-paul-recompense-au-concours-les-genies-de-la-construction-2019\/\",\"url\":\"https:\/\/www.saint-paul-angouleme.fr\/application\/saint-paul-recompense-au-concours-les-genies-de-la-construction-2019\/\",\"name\":\"Saint-Paul r\u00e9compens\u00e9 au concours \\\"Les g\u00e9nies de la construction 2019\\\" - Actualit\u00e9s\",\"isPartOf\":{\"@id\":\"https:\/\/www.saint-paul-angouleme.fr\/application\/#website\"},\"primaryImageOfPage\":{\"@id\":\"https:\/\/www.saint-paul-angouleme.fr\/application\/saint-paul-recompense-au-concours-les-genies-de-la-construction-2019\/#primaryimage\"},\"image\":{\"@id\":\"https:\/\/www.saint-paul-angouleme.fr\/application\/saint-paul-recompense-au-concours-les-genies-de-la-construction-2019\/#primaryimage\"},\"thumbnailUrl\":\"https:\/\/www.saint-paul-angouleme.fr\/application\/wp-content\/uploads\/2019\/06\/20190521_111803-1024x498.jpg\",\"datePublished\":\"2019-06-17T15:51:13+00:00\",\"dateModified\":\"2019-07-09T16:06:23+00:00\",\"description\":\"Des \u00e9l\u00e8ves de 3\u00e8me du coll\u00e8ge Saint-Paul ont particip\u00e9 au concours \\\"G\u00e9nies de la construction\\\". Ils y ont pr\u00e9sent\u00e9 un programme de domotique.\",\"breadcrumb\":{\"@id\":\"https:\/\/www.saint-paul-angouleme.fr\/application\/saint-paul-recompense-au-concours-les-genies-de-la-construction-2019\/#breadcrumb\"},\"inLanguage\":\"fr-FR\",\"potentialAction\":[{\"@type\":\"ReadAction\",\"target\":[\"https:\/\/www.saint-paul-angouleme.fr\/application\/saint-paul-recompense-au-concours-les-genies-de-la-construction-2019\/\"]}]},{\"@type\":\"ImageObject\",\"inLanguage\":\"fr-FR\",\"@id\":\"https:\/\/www.saint-paul-angouleme.fr\/application\/saint-paul-recompense-au-concours-les-genies-de-la-construction-2019\/#primaryimage\",\"url\":\"https:\/\/www.saint-paul-angouleme.fr\/application\/wp-content\/uploads\/2019\/06\/20190521_111803.jpg\",\"contentUrl\":\"https:\/\/www.saint-paul-angouleme.fr\/application\/wp-content\/uploads\/2019\/06\/20190521_111803.jpg\",\"width\":4608,\"height\":2240},{\"@type\":\"BreadcrumbList\",\"@id\":\"https:\/\/www.saint-paul-angouleme.fr\/application\/saint-paul-recompense-au-concours-les-genies-de-la-construction-2019\/#breadcrumb\",\"itemListElement\":[{\"@type\":\"ListItem\",\"position\":1,\"name\":\"Accueil\",\"item\":\"http:\/\/www.saint-paul-angouleme.fr\/application\/\"},{\"@type\":\"ListItem\",\"position\":2,\"name\":\"Saint-Paul r\u00e9compens\u00e9 au concours &#8220;Les g\u00e9nies de la construction 2019&#8221;\"}]},{\"@type\":\"WebSite\",\"@id\":\"https:\/\/www.saint-paul-angouleme.fr\/application\/#website\",\"url\":\"https:\/\/www.saint-paul-angouleme.fr\/application\/\",\"name\":\"Actualit\u00e9s\",\"description\":\"Actualit\u00e9s Saint Paul\",\"publisher\":{\"@id\":\"https:\/\/www.saint-paul-angouleme.fr\/application\/#organization\"},\"potentialAction\":[{\"@type\":\"SearchAction\",\"target\":{\"@type\":\"EntryPoint\",\"urlTemplate\":\"https:\/\/www.saint-paul-angouleme.fr\/application\/?s={search_term_string}\"},\"query-input\":\"required name=search_term_string\"}],\"inLanguage\":\"fr-FR\"},{\"@type\":\"Organization\",\"@id\":\"https:\/\/www.saint-paul-angouleme.fr\/application\/#organization\",\"name\":\"Ensemble scolaire Saint-Paul\",\"url\":\"https:\/\/www.saint-paul-angouleme.fr\/application\/\",\"logo\":{\"@type\":\"ImageObject\",\"inLanguage\":\"fr-FR\",\"@id\":\"https:\/\/www.saint-paul-angouleme.fr\/application\/#\/schema\/logo\/image\/\",\"url\":\"https:\/\/www.saint-paul-angouleme.fr\/application\/wp-content\/uploads\/2018\/08\/logo-saint-paul-couleurs.jpg\",\"contentUrl\":\"https:\/\/www.saint-paul-angouleme.fr\/application\/wp-content\/uploads\/2018\/08\/logo-saint-paul-couleurs.jpg\",\"width\":1890,\"height\":709,\"caption\":\"Ensemble scolaire Saint-Paul\"},\"image\":{\"@id\":\"https:\/\/www.saint-paul-angouleme.fr\/application\/#\/schema\/logo\/image\/\"},\"sameAs\":[\"https:\/\/www.facebook.com\/SaintPaulAngouleme16\/\",\"https:\/\/x.com\/StPaulAngoulem\",\"https:\/\/www.youtube.com\/channel\/UCRLpz1CmPVqc0gn--YyXvjA?view_as=subscriber\"]},{\"@type\":\"Person\",\"@id\":\"https:\/\/www.saint-paul-angouleme.fr\/application\/#\/schema\/person\/ea152930b1a3823659065827b1a5fb9b\",\"name\":\"SAINT-PAUL\",\"image\":{\"@type\":\"ImageObject\",\"inLanguage\":\"fr-FR\",\"@id\":\"https:\/\/www.saint-paul-angouleme.fr\/application\/#\/schema\/person\/image\/\",\"url\":\"https:\/\/secure.gravatar.com\/avatar\/eadb0ffebc02683a61d69038eb2924f0?s=96&r=g\",\"contentUrl\":\"https:\/\/secure.gravatar.com\/avatar\/eadb0ffebc02683a61d69038eb2924f0?s=96&r=g\",\"caption\":\"SAINT-PAUL\"},\"url\":\"https:\/\/www.saint-paul-angouleme.fr\/application\/author\/myriam\/\"}]}<\/script>\n<!-- \/ Yoast SEO plugin. -->","yoast_head_json":{"title":"Saint-Paul r\u00e9compens\u00e9 au concours \"Les g\u00e9nies de la construction 2019\" - Actualit\u00e9s","description":"Des \u00e9l\u00e8ves de 3\u00e8me du coll\u00e8ge Saint-Paul ont particip\u00e9 au concours \"G\u00e9nies de la construction\". Ils y ont pr\u00e9sent\u00e9 un programme de domotique.","robots":{"index":"index","follow":"follow","max-snippet":"max-snippet:-1","max-image-preview":"max-image-preview:large","max-video-preview":"max-video-preview:-1"},"canonical":"https:\/\/www.saint-paul-angouleme.fr\/application\/saint-paul-recompense-au-concours-les-genies-de-la-construction-2019\/","og_locale":"fr_FR","og_type":"article","og_title":"Saint-Paul r\u00e9compens\u00e9 au concours \"Les g\u00e9nies de la construction 2019\" - Actualit\u00e9s","og_description":"Des \u00e9l\u00e8ves de 3\u00e8me du coll\u00e8ge Saint-Paul ont particip\u00e9 au concours \"G\u00e9nies de la construction\". Ils y ont pr\u00e9sent\u00e9 un programme de domotique.","og_url":"https:\/\/www.saint-paul-angouleme.fr\/application\/saint-paul-recompense-au-concours-les-genies-de-la-construction-2019\/","og_site_name":"Actualit\u00e9s","article_publisher":"https:\/\/www.facebook.com\/SaintPaulAngouleme16\/","article_published_time":"2019-06-17T15:51:13+00:00","article_modified_time":"2019-07-09T16:06:23+00:00","og_image":[{"url":"https:\/\/www.saint-paul-angouleme.fr\/application\/wp-content\/uploads\/2019\/06\/20190521_111803-1024x498.jpg"}],"author":"SAINT-PAUL","twitter_card":"summary_large_image","twitter_creator":"@StPaulAngoulem","twitter_site":"@StPaulAngoulem","twitter_misc":{"\u00c9crit par":"SAINT-PAUL","Dur\u00e9e de lecture estim\u00e9e":"3 minutes"},"schema":{"@context":"https:\/\/schema.org","@graph":[{"@type":"Article","@id":"https:\/\/www.saint-paul-angouleme.fr\/application\/saint-paul-recompense-au-concours-les-genies-de-la-construction-2019\/#article","isPartOf":{"@id":"https:\/\/www.saint-paul-angouleme.fr\/application\/saint-paul-recompense-au-concours-les-genies-de-la-construction-2019\/"},"author":{"name":"SAINT-PAUL","@id":"https:\/\/www.saint-paul-angouleme.fr\/application\/#\/schema\/person\/ea152930b1a3823659065827b1a5fb9b"},"headline":"Saint-Paul r\u00e9compens\u00e9 au concours &#8220;Les g\u00e9nies de la construction 2019&#8221;","datePublished":"2019-06-17T15:51:13+00:00","dateModified":"2019-07-09T16:06:23+00:00","mainEntityOfPage":{"@id":"https:\/\/www.saint-paul-angouleme.fr\/application\/saint-paul-recompense-au-concours-les-genies-de-la-construction-2019\/"},"wordCount":539,"commentCount":0,"publisher":{"@id":"https:\/\/www.saint-paul-angouleme.fr\/application\/#organization"},"image":{"@id":"https:\/\/www.saint-paul-angouleme.fr\/application\/saint-paul-recompense-au-concours-les-genies-de-la-construction-2019\/#primaryimage"},"thumbnailUrl":"https:\/\/www.saint-paul-angouleme.fr\/application\/wp-content\/uploads\/2019\/06\/20190521_111803-1024x498.jpg","articleSection":["Look on"],"inLanguage":"fr-FR","potentialAction":[{"@type":"CommentAction","name":"Comment","target":["https:\/\/www.saint-paul-angouleme.fr\/application\/saint-paul-recompense-au-concours-les-genies-de-la-construction-2019\/#respond"]}]},{"@type":"WebPage","@id":"https:\/\/www.saint-paul-angouleme.fr\/application\/saint-paul-recompense-au-concours-les-genies-de-la-construction-2019\/","url":"https:\/\/www.saint-paul-angouleme.fr\/application\/saint-paul-recompense-au-concours-les-genies-de-la-construction-2019\/","name":"Saint-Paul r\u00e9compens\u00e9 au concours \"Les g\u00e9nies de la construction 2019\" - Actualit\u00e9s","isPartOf":{"@id":"https:\/\/www.saint-paul-angouleme.fr\/application\/#website"},"primaryImageOfPage":{"@id":"https:\/\/www.saint-paul-angouleme.fr\/application\/saint-paul-recompense-au-concours-les-genies-de-la-construction-2019\/#primaryimage"},"image":{"@id":"https:\/\/www.saint-paul-angouleme.fr\/application\/saint-paul-recompense-au-concours-les-genies-de-la-construction-2019\/#primaryimage"},"thumbnailUrl":"https:\/\/www.saint-paul-angouleme.fr\/application\/wp-content\/uploads\/2019\/06\/20190521_111803-1024x498.jpg","datePublished":"2019-06-17T15:51:13+00:00","dateModified":"2019-07-09T16:06:23+00:00","description":"Des \u00e9l\u00e8ves de 3\u00e8me du coll\u00e8ge Saint-Paul ont particip\u00e9 au concours \"G\u00e9nies de la construction\". Ils y ont pr\u00e9sent\u00e9 un programme de domotique.","breadcrumb":{"@id":"https:\/\/www.saint-paul-angouleme.fr\/application\/saint-paul-recompense-au-concours-les-genies-de-la-construction-2019\/#breadcrumb"},"inLanguage":"fr-FR","potentialAction":[{"@type":"ReadAction","target":["https:\/\/www.saint-paul-angouleme.fr\/application\/saint-paul-recompense-au-concours-les-genies-de-la-construction-2019\/"]}]},{"@type":"ImageObject","inLanguage":"fr-FR","@id":"https:\/\/www.saint-paul-angouleme.fr\/application\/saint-paul-recompense-au-concours-les-genies-de-la-construction-2019\/#primaryimage","url":"https:\/\/www.saint-paul-angouleme.fr\/application\/wp-content\/uploads\/2019\/06\/20190521_111803.jpg","contentUrl":"https:\/\/www.saint-paul-angouleme.fr\/application\/wp-content\/uploads\/2019\/06\/20190521_111803.jpg","width":4608,"height":2240},{"@type":"BreadcrumbList","@id":"https:\/\/www.saint-paul-angouleme.fr\/application\/saint-paul-recompense-au-concours-les-genies-de-la-construction-2019\/#breadcrumb","itemListElement":[{"@type":"ListItem","position":1,"name":"Accueil","item":"http:\/\/www.saint-paul-angouleme.fr\/application\/"},{"@type":"ListItem","position":2,"name":"Saint-Paul r\u00e9compens\u00e9 au concours &#8220;Les g\u00e9nies de la construction 2019&#8221;"}]},{"@type":"WebSite","@id":"https:\/\/www.saint-paul-angouleme.fr\/application\/#website","url":"https:\/\/www.saint-paul-angouleme.fr\/application\/","name":"Actualit\u00e9s","description":"Actualit\u00e9s Saint Paul","publisher":{"@id":"https:\/\/www.saint-paul-angouleme.fr\/application\/#organization"},"potentialAction":[{"@type":"SearchAction","target":{"@type":"EntryPoint","urlTemplate":"https:\/\/www.saint-paul-angouleme.fr\/application\/?s={search_term_string}"},"query-input":"required name=search_term_string"}],"inLanguage":"fr-FR"},{"@type":"Organization","@id":"https:\/\/www.saint-paul-angouleme.fr\/application\/#organization","name":"Ensemble scolaire Saint-Paul","url":"https:\/\/www.saint-paul-angouleme.fr\/application\/","logo":{"@type":"ImageObject","inLanguage":"fr-FR","@id":"https:\/\/www.saint-paul-angouleme.fr\/application\/#\/schema\/logo\/image\/","url":"https:\/\/www.saint-paul-angouleme.fr\/application\/wp-content\/uploads\/2018\/08\/logo-saint-paul-couleurs.jpg","contentUrl":"https:\/\/www.saint-paul-angouleme.fr\/application\/wp-content\/uploads\/2018\/08\/logo-saint-paul-couleurs.jpg","width":1890,"height":709,"caption":"Ensemble scolaire Saint-Paul"},"image":{"@id":"https:\/\/www.saint-paul-angouleme.fr\/application\/#\/schema\/logo\/image\/"},"sameAs":["https:\/\/www.facebook.com\/SaintPaulAngouleme16\/","https:\/\/x.com\/StPaulAngoulem","https:\/\/www.youtube.com\/channel\/UCRLpz1CmPVqc0gn--YyXvjA?view_as=subscriber"]},{"@type":"Person","@id":"https:\/\/www.saint-paul-angouleme.fr\/application\/#\/schema\/person\/ea152930b1a3823659065827b1a5fb9b","name":"SAINT-PAUL","image":{"@type":"ImageObject","inLanguage":"fr-FR","@id":"https:\/\/www.saint-paul-angouleme.fr\/application\/#\/schema\/person\/image\/","url":"https:\/\/secure.gravatar.com\/avatar\/eadb0ffebc02683a61d69038eb2924f0?s=96&r=g","contentUrl":"https:\/\/secure.gravatar.com\/avatar\/eadb0ffebc02683a61d69038eb2924f0?s=96&r=g","caption":"SAINT-PAUL"},"url":"https:\/\/www.saint-paul-angouleme.fr\/application\/author\/myriam\/"}]}},"_links":{"self":[{"href":"https:\/\/www.saint-paul-angouleme.fr\/application\/wp-json\/wp\/v2\/posts\/4142"}],"collection":[{"href":"https:\/\/www.saint-paul-angouleme.fr\/application\/wp-json\/wp\/v2\/posts"}],"about":[{"href":"https:\/\/www.saint-paul-angouleme.fr\/application\/wp-json\/wp\/v2\/types\/post"}],"author":[{"embeddable":true,"href":"https:\/\/www.saint-paul-angouleme.fr\/application\/wp-json\/wp\/v2\/users\/3"}],"replies":[{"embeddable":true,"href":"https:\/\/www.saint-paul-angouleme.fr\/application\/wp-json\/wp\/v2\/comments?post=4142"}],"version-history":[{"count":5,"href":"https:\/\/www.saint-paul-angouleme.fr\/application\/wp-json\/wp\/v2\/posts\/4142\/revisions"}],"predecessor-version":[{"id":4150,"href":"https:\/\/www.saint-paul-angouleme.fr\/application\/wp-json\/wp\/v2\/posts\/4142\/revisions\/4150"}],"wp:attachment":[{"href":"https:\/\/www.saint-paul-angouleme.fr\/application\/wp-json\/wp\/v2\/media?parent=4142"}],"wp:term":[{"taxonomy":"category","embeddable":true,"href":"https:\/\/www.saint-paul-angouleme.fr\/application\/wp-json\/wp\/v2\/categories?post=4142"},{"taxonomy":"post_tag","embeddable":true,"href":"https:\/\/www.saint-paul-angouleme.fr\/application\/wp-json\/wp\/v2\/tags?post=4142"}],"curies":[{"name":"wp","href":"https:\/\/api.w.org\/{rel}","templated":true}]}}