{"id":4132,"date":"2019-06-05T15:34:40","date_gmt":"2019-06-05T13:34:40","guid":{"rendered":"https:\/\/www.saint-paul-angouleme.fr\/application\/?p=4132"},"modified":"2019-06-05T15:34:40","modified_gmt":"2019-06-05T13:34:40","slug":"sejour-pedagogique-a-cardiff-first-step","status":"publish","type":"post","link":"https:\/\/www.saint-paul-angouleme.fr\/application\/sejour-pedagogique-a-cardiff-first-step\/","title":{"rendered":"Cardiff jour 1"},"content":{"rendered":"<figure id=\"attachment_4133\" aria-describedby=\"caption-attachment-4133\" style=\"width: 1014px\" class=\"wp-caption aligncenter\"><a href=\"https:\/\/www.saint-paul-angouleme.fr\/application\/wp-content\/uploads\/2019\/06\/Cardiff-1.jpg\"><img loading=\"lazy\" decoding=\"async\" class=\"wp-image-4133 size-large\" title=\"Cardiff nous voil\u00e0 !\" src=\"https:\/\/www.saint-paul-angouleme.fr\/application\/wp-content\/uploads\/2019\/06\/Cardiff-1-1024x768.jpg\" alt=\"Cardiff nous voil\u00e0 !\" width=\"1024\" height=\"768\" data-id=\"4133\" srcset=\"https:\/\/www.saint-paul-angouleme.fr\/application\/wp-content\/uploads\/2019\/06\/Cardiff-1-1024x768.jpg 1024w, https:\/\/www.saint-paul-angouleme.fr\/application\/wp-content\/uploads\/2019\/06\/Cardiff-1-300x225.jpg 300w, https:\/\/www.saint-paul-angouleme.fr\/application\/wp-content\/uploads\/2019\/06\/Cardiff-1-768x576.jpg 768w, https:\/\/www.saint-paul-angouleme.fr\/application\/wp-content\/uploads\/2019\/06\/Cardiff-1.jpg 2048w\" sizes=\"(max-width: 1024px) 100vw, 1024px\" \/><\/a><figcaption id=\"caption-attachment-4133\" class=\"wp-caption-text\"><span style=\"font-family: tahoma, arial, helvetica, sans-serif; font-size: 10px;\">A l&#8217;a\u00e9roport&#8230;<\/span><\/figcaption><\/figure>\n<p><span style=\"font-family: tahoma, arial, helvetica, sans-serif;\">Nos \u00e9l\u00e8ves sont heureux d&#8217;\u00eatre \u00e0 l&#8217;a\u00e9roport. Bient\u00f4t le Pays de Galles \u00e0 explorer&#8230;<\/span><\/p>\n<p><span style=\"font-family: tahoma, arial, helvetica, sans-serif;\">Nous sommes tous bien arriv\u00e9s et nous partons pour une journ\u00e9e visite du Ch\u00e2teau de Cardiff puis une apr\u00e8s-midi sportive.<\/span><\/p>\n<p><span style=\"font-family: tahoma, arial, helvetica, sans-serif;\">A bient\u00f4t pour d&#8217;autres nouvelles !<\/span><\/p>\n<p>&nbsp;<\/p>\n<figure id=\"attachment_4134\" aria-describedby=\"caption-attachment-4134\" style=\"width: 1014px\" class=\"wp-caption aligncenter\"><a href=\"https:\/\/www.saint-paul-angouleme.fr\/application\/wp-content\/uploads\/2019\/06\/Cardiff-2.jpg\"><img loading=\"lazy\" decoding=\"async\" class=\"wp-image-4134 size-large\" title=\"Go to Cardiff\" src=\"https:\/\/www.saint-paul-angouleme.fr\/application\/wp-content\/uploads\/2019\/06\/Cardiff-2-1024x768.jpg\" alt=\"Go to Cardiff\" width=\"1024\" height=\"768\" data-id=\"4134\" srcset=\"https:\/\/www.saint-paul-angouleme.fr\/application\/wp-content\/uploads\/2019\/06\/Cardiff-2-1024x768.jpg 1024w, https:\/\/www.saint-paul-angouleme.fr\/application\/wp-content\/uploads\/2019\/06\/Cardiff-2-300x225.jpg 300w, https:\/\/www.saint-paul-angouleme.fr\/application\/wp-content\/uploads\/2019\/06\/Cardiff-2-768x576.jpg 768w, https:\/\/www.saint-paul-angouleme.fr\/application\/wp-content\/uploads\/2019\/06\/Cardiff-2.jpg 2048w\" sizes=\"(max-width: 1024px) 100vw, 1024px\" \/><\/a><figcaption id=\"caption-attachment-4134\" class=\"wp-caption-text\">En route pour l&#8217;aventure<\/figcaption><\/figure>\n","protected":false},"excerpt":{"rendered":"<p>Nos \u00e9l\u00e8ves sont heureux d&#8217;\u00eatre \u00e0 l&#8217;a\u00e9roport. Bient\u00f4t le Pays de Galles \u00e0 explorer&#8230; Nous sommes tous bien arriv\u00e9s et nous partons pour une journ\u00e9e visite du Ch\u00e2teau de Cardiff puis une apr\u00e8s-midi sportive. A bient\u00f4t pour d&#8217;autres nouvelles ! &nbsp;<\/p>\n","protected":false},"author":3,"featured_media":0,"comment_status":"open","ping_status":"open","sticky":false,"template":"","format":"standard","meta":{"_exactmetrics_skip_tracking":false,"_exactmetrics_sitenote_active":false,"_exactmetrics_sitenote_note":"","_exactmetrics_sitenote_category":0,"footnotes":""},"categories":[2],"tags":[],"class_list":["post-4132","post","type-post","status-publish","format-standard","hentry","category-look-on"],"yoast_head":"<!-- This site is optimized with the Yoast SEO plugin v23.3 - https:\/\/yoast.com\/wordpress\/plugins\/seo\/ -->\n<title>Premier s\u00e9jour p\u00e9dagogique \u00e0 Cardiff et premi\u00e8res d\u00e9couvertes<\/title>\n<meta name=\"description\" content=\"Premier s\u00e9jour p\u00e9dagogique \u00e0 Cardiff : premi\u00e8re \u00e9tape l&#039;a\u00e9roport. Bient\u00f4t d&#039;autres aventure\u00e0 vous raconter : suivez-nous sur le blog ou Facebook.\" \/>\n<meta name=\"robots\" content=\"index, follow, max-snippet:-1, max-image-preview:large, max-video-preview:-1\" \/>\n<link rel=\"canonical\" href=\"https:\/\/www.saint-paul-angouleme.fr\/application\/sejour-pedagogique-a-cardiff-first-step\/\" \/>\n<meta property=\"og:locale\" content=\"fr_FR\" \/>\n<meta property=\"og:type\" content=\"article\" \/>\n<meta property=\"og:title\" content=\"Premier s\u00e9jour p\u00e9dagogique \u00e0 Cardiff et premi\u00e8res d\u00e9couvertes\" \/>\n<meta property=\"og:description\" content=\"Premier s\u00e9jour p\u00e9dagogique \u00e0 Cardiff : premi\u00e8re \u00e9tape l&#039;a\u00e9roport. Bient\u00f4t d&#039;autres aventure\u00e0 vous raconter : suivez-nous sur le blog ou Facebook.\" \/>\n<meta property=\"og:url\" content=\"https:\/\/www.saint-paul-angouleme.fr\/application\/sejour-pedagogique-a-cardiff-first-step\/\" \/>\n<meta property=\"og:site_name\" content=\"Actualit\u00e9s\" \/>\n<meta property=\"article:publisher\" content=\"https:\/\/www.facebook.com\/SaintPaulAngouleme16\/\" \/>\n<meta property=\"article:published_time\" content=\"2019-06-05T13:34:40+00:00\" \/>\n<meta property=\"og:image\" content=\"https:\/\/www.saint-paul-angouleme.fr\/application\/wp-content\/uploads\/2019\/06\/Cardiff-1-1024x768.jpg\" \/>\n<meta name=\"author\" content=\"SAINT-PAUL\" \/>\n<meta name=\"twitter:card\" content=\"summary_large_image\" \/>\n<meta name=\"twitter:creator\" content=\"@StPaulAngoulem\" \/>\n<meta name=\"twitter:site\" content=\"@StPaulAngoulem\" \/>\n<meta name=\"twitter:label1\" content=\"\u00c9crit par\" \/>\n\t<meta name=\"twitter:data1\" content=\"SAINT-PAUL\" \/>\n<script type=\"application\/ld+json\" class=\"yoast-schema-graph\">{\"@context\":\"https:\/\/schema.org\",\"@graph\":[{\"@type\":\"Article\",\"@id\":\"https:\/\/www.saint-paul-angouleme.fr\/application\/sejour-pedagogique-a-cardiff-first-step\/#article\",\"isPartOf\":{\"@id\":\"https:\/\/www.saint-paul-angouleme.fr\/application\/sejour-pedagogique-a-cardiff-first-step\/\"},\"author\":{\"name\":\"SAINT-PAUL\",\"@id\":\"https:\/\/www.saint-paul-angouleme.fr\/application\/#\/schema\/person\/ea152930b1a3823659065827b1a5fb9b\"},\"headline\":\"Cardiff jour 1\",\"datePublished\":\"2019-06-05T13:34:40+00:00\",\"dateModified\":\"2019-06-05T13:34:40+00:00\",\"mainEntityOfPage\":{\"@id\":\"https:\/\/www.saint-paul-angouleme.fr\/application\/sejour-pedagogique-a-cardiff-first-step\/\"},\"wordCount\":74,\"commentCount\":0,\"publisher\":{\"@id\":\"https:\/\/www.saint-paul-angouleme.fr\/application\/#organization\"},\"image\":{\"@id\":\"https:\/\/www.saint-paul-angouleme.fr\/application\/sejour-pedagogique-a-cardiff-first-step\/#primaryimage\"},\"thumbnailUrl\":\"https:\/\/www.saint-paul-angouleme.fr\/application\/wp-content\/uploads\/2019\/06\/Cardiff-1-1024x768.jpg\",\"articleSection\":[\"Look on\"],\"inLanguage\":\"fr-FR\",\"potentialAction\":[{\"@type\":\"CommentAction\",\"name\":\"Comment\",\"target\":[\"https:\/\/www.saint-paul-angouleme.fr\/application\/sejour-pedagogique-a-cardiff-first-step\/#respond\"]}]},{\"@type\":\"WebPage\",\"@id\":\"https:\/\/www.saint-paul-angouleme.fr\/application\/sejour-pedagogique-a-cardiff-first-step\/\",\"url\":\"https:\/\/www.saint-paul-angouleme.fr\/application\/sejour-pedagogique-a-cardiff-first-step\/\",\"name\":\"Premier s\u00e9jour p\u00e9dagogique \u00e0 Cardiff et premi\u00e8res d\u00e9couvertes\",\"isPartOf\":{\"@id\":\"https:\/\/www.saint-paul-angouleme.fr\/application\/#website\"},\"primaryImageOfPage\":{\"@id\":\"https:\/\/www.saint-paul-angouleme.fr\/application\/sejour-pedagogique-a-cardiff-first-step\/#primaryimage\"},\"image\":{\"@id\":\"https:\/\/www.saint-paul-angouleme.fr\/application\/sejour-pedagogique-a-cardiff-first-step\/#primaryimage\"},\"thumbnailUrl\":\"https:\/\/www.saint-paul-angouleme.fr\/application\/wp-content\/uploads\/2019\/06\/Cardiff-1-1024x768.jpg\",\"datePublished\":\"2019-06-05T13:34:40+00:00\",\"dateModified\":\"2019-06-05T13:34:40+00:00\",\"description\":\"Premier s\u00e9jour p\u00e9dagogique \u00e0 Cardiff : premi\u00e8re \u00e9tape l'a\u00e9roport. Bient\u00f4t d'autres aventure\u00e0 vous raconter : suivez-nous sur le blog ou Facebook.\",\"breadcrumb\":{\"@id\":\"https:\/\/www.saint-paul-angouleme.fr\/application\/sejour-pedagogique-a-cardiff-first-step\/#breadcrumb\"},\"inLanguage\":\"fr-FR\",\"potentialAction\":[{\"@type\":\"ReadAction\",\"target\":[\"https:\/\/www.saint-paul-angouleme.fr\/application\/sejour-pedagogique-a-cardiff-first-step\/\"]}]},{\"@type\":\"ImageObject\",\"inLanguage\":\"fr-FR\",\"@id\":\"https:\/\/www.saint-paul-angouleme.fr\/application\/sejour-pedagogique-a-cardiff-first-step\/#primaryimage\",\"url\":\"https:\/\/www.saint-paul-angouleme.fr\/application\/wp-content\/uploads\/2019\/06\/Cardiff-1.jpg\",\"contentUrl\":\"https:\/\/www.saint-paul-angouleme.fr\/application\/wp-content\/uploads\/2019\/06\/Cardiff-1.jpg\",\"width\":2048,\"height\":1536},{\"@type\":\"BreadcrumbList\",\"@id\":\"https:\/\/www.saint-paul-angouleme.fr\/application\/sejour-pedagogique-a-cardiff-first-step\/#breadcrumb\",\"itemListElement\":[{\"@type\":\"ListItem\",\"position\":1,\"name\":\"Accueil\",\"item\":\"http:\/\/www.saint-paul-angouleme.fr\/application\/\"},{\"@type\":\"ListItem\",\"position\":2,\"name\":\"Cardiff jour 1\"}]},{\"@type\":\"WebSite\",\"@id\":\"https:\/\/www.saint-paul-angouleme.fr\/application\/#website\",\"url\":\"https:\/\/www.saint-paul-angouleme.fr\/application\/\",\"name\":\"Actualit\u00e9s\",\"description\":\"Actualit\u00e9s Saint Paul\",\"publisher\":{\"@id\":\"https:\/\/www.saint-paul-angouleme.fr\/application\/#organization\"},\"potentialAction\":[{\"@type\":\"SearchAction\",\"target\":{\"@type\":\"EntryPoint\",\"urlTemplate\":\"https:\/\/www.saint-paul-angouleme.fr\/application\/?s={search_term_string}\"},\"query-input\":\"required name=search_term_string\"}],\"inLanguage\":\"fr-FR\"},{\"@type\":\"Organization\",\"@id\":\"https:\/\/www.saint-paul-angouleme.fr\/application\/#organization\",\"name\":\"Ensemble scolaire Saint-Paul\",\"url\":\"https:\/\/www.saint-paul-angouleme.fr\/application\/\",\"logo\":{\"@type\":\"ImageObject\",\"inLanguage\":\"fr-FR\",\"@id\":\"https:\/\/www.saint-paul-angouleme.fr\/application\/#\/schema\/logo\/image\/\",\"url\":\"https:\/\/www.saint-paul-angouleme.fr\/application\/wp-content\/uploads\/2018\/08\/logo-saint-paul-couleurs.jpg\",\"contentUrl\":\"https:\/\/www.saint-paul-angouleme.fr\/application\/wp-content\/uploads\/2018\/08\/logo-saint-paul-couleurs.jpg\",\"width\":1890,\"height\":709,\"caption\":\"Ensemble scolaire Saint-Paul\"},\"image\":{\"@id\":\"https:\/\/www.saint-paul-angouleme.fr\/application\/#\/schema\/logo\/image\/\"},\"sameAs\":[\"https:\/\/www.facebook.com\/SaintPaulAngouleme16\/\",\"https:\/\/x.com\/StPaulAngoulem\",\"https:\/\/www.youtube.com\/channel\/UCRLpz1CmPVqc0gn--YyXvjA?view_as=subscriber\"]},{\"@type\":\"Person\",\"@id\":\"https:\/\/www.saint-paul-angouleme.fr\/application\/#\/schema\/person\/ea152930b1a3823659065827b1a5fb9b\",\"name\":\"SAINT-PAUL\",\"image\":{\"@type\":\"ImageObject\",\"inLanguage\":\"fr-FR\",\"@id\":\"https:\/\/www.saint-paul-angouleme.fr\/application\/#\/schema\/person\/image\/\",\"url\":\"https:\/\/secure.gravatar.com\/avatar\/eadb0ffebc02683a61d69038eb2924f0?s=96&r=g\",\"contentUrl\":\"https:\/\/secure.gravatar.com\/avatar\/eadb0ffebc02683a61d69038eb2924f0?s=96&r=g\",\"caption\":\"SAINT-PAUL\"},\"url\":\"https:\/\/www.saint-paul-angouleme.fr\/application\/author\/myriam\/\"}]}<\/script>\n<!-- \/ Yoast SEO plugin. -->","yoast_head_json":{"title":"Premier s\u00e9jour p\u00e9dagogique \u00e0 Cardiff et premi\u00e8res d\u00e9couvertes","description":"Premier s\u00e9jour p\u00e9dagogique \u00e0 Cardiff : premi\u00e8re \u00e9tape l'a\u00e9roport. Bient\u00f4t d'autres aventure\u00e0 vous raconter : suivez-nous sur le blog ou Facebook.","robots":{"index":"index","follow":"follow","max-snippet":"max-snippet:-1","max-image-preview":"max-image-preview:large","max-video-preview":"max-video-preview:-1"},"canonical":"https:\/\/www.saint-paul-angouleme.fr\/application\/sejour-pedagogique-a-cardiff-first-step\/","og_locale":"fr_FR","og_type":"article","og_title":"Premier s\u00e9jour p\u00e9dagogique \u00e0 Cardiff et premi\u00e8res d\u00e9couvertes","og_description":"Premier s\u00e9jour p\u00e9dagogique \u00e0 Cardiff : premi\u00e8re \u00e9tape l'a\u00e9roport. Bient\u00f4t d'autres aventure\u00e0 vous raconter : suivez-nous sur le blog ou Facebook.","og_url":"https:\/\/www.saint-paul-angouleme.fr\/application\/sejour-pedagogique-a-cardiff-first-step\/","og_site_name":"Actualit\u00e9s","article_publisher":"https:\/\/www.facebook.com\/SaintPaulAngouleme16\/","article_published_time":"2019-06-05T13:34:40+00:00","og_image":[{"url":"https:\/\/www.saint-paul-angouleme.fr\/application\/wp-content\/uploads\/2019\/06\/Cardiff-1-1024x768.jpg"}],"author":"SAINT-PAUL","twitter_card":"summary_large_image","twitter_creator":"@StPaulAngoulem","twitter_site":"@StPaulAngoulem","twitter_misc":{"\u00c9crit par":"SAINT-PAUL"},"schema":{"@context":"https:\/\/schema.org","@graph":[{"@type":"Article","@id":"https:\/\/www.saint-paul-angouleme.fr\/application\/sejour-pedagogique-a-cardiff-first-step\/#article","isPartOf":{"@id":"https:\/\/www.saint-paul-angouleme.fr\/application\/sejour-pedagogique-a-cardiff-first-step\/"},"author":{"name":"SAINT-PAUL","@id":"https:\/\/www.saint-paul-angouleme.fr\/application\/#\/schema\/person\/ea152930b1a3823659065827b1a5fb9b"},"headline":"Cardiff jour 1","datePublished":"2019-06-05T13:34:40+00:00","dateModified":"2019-06-05T13:34:40+00:00","mainEntityOfPage":{"@id":"https:\/\/www.saint-paul-angouleme.fr\/application\/sejour-pedagogique-a-cardiff-first-step\/"},"wordCount":74,"commentCount":0,"publisher":{"@id":"https:\/\/www.saint-paul-angouleme.fr\/application\/#organization"},"image":{"@id":"https:\/\/www.saint-paul-angouleme.fr\/application\/sejour-pedagogique-a-cardiff-first-step\/#primaryimage"},"thumbnailUrl":"https:\/\/www.saint-paul-angouleme.fr\/application\/wp-content\/uploads\/2019\/06\/Cardiff-1-1024x768.jpg","articleSection":["Look on"],"inLanguage":"fr-FR","potentialAction":[{"@type":"CommentAction","name":"Comment","target":["https:\/\/www.saint-paul-angouleme.fr\/application\/sejour-pedagogique-a-cardiff-first-step\/#respond"]}]},{"@type":"WebPage","@id":"https:\/\/www.saint-paul-angouleme.fr\/application\/sejour-pedagogique-a-cardiff-first-step\/","url":"https:\/\/www.saint-paul-angouleme.fr\/application\/sejour-pedagogique-a-cardiff-first-step\/","name":"Premier s\u00e9jour p\u00e9dagogique \u00e0 Cardiff et premi\u00e8res d\u00e9couvertes","isPartOf":{"@id":"https:\/\/www.saint-paul-angouleme.fr\/application\/#website"},"primaryImageOfPage":{"@id":"https:\/\/www.saint-paul-angouleme.fr\/application\/sejour-pedagogique-a-cardiff-first-step\/#primaryimage"},"image":{"@id":"https:\/\/www.saint-paul-angouleme.fr\/application\/sejour-pedagogique-a-cardiff-first-step\/#primaryimage"},"thumbnailUrl":"https:\/\/www.saint-paul-angouleme.fr\/application\/wp-content\/uploads\/2019\/06\/Cardiff-1-1024x768.jpg","datePublished":"2019-06-05T13:34:40+00:00","dateModified":"2019-06-05T13:34:40+00:00","description":"Premier s\u00e9jour p\u00e9dagogique \u00e0 Cardiff : premi\u00e8re \u00e9tape l'a\u00e9roport. Bient\u00f4t d'autres aventure\u00e0 vous raconter : suivez-nous sur le blog ou Facebook.","breadcrumb":{"@id":"https:\/\/www.saint-paul-angouleme.fr\/application\/sejour-pedagogique-a-cardiff-first-step\/#breadcrumb"},"inLanguage":"fr-FR","potentialAction":[{"@type":"ReadAction","target":["https:\/\/www.saint-paul-angouleme.fr\/application\/sejour-pedagogique-a-cardiff-first-step\/"]}]},{"@type":"ImageObject","inLanguage":"fr-FR","@id":"https:\/\/www.saint-paul-angouleme.fr\/application\/sejour-pedagogique-a-cardiff-first-step\/#primaryimage","url":"https:\/\/www.saint-paul-angouleme.fr\/application\/wp-content\/uploads\/2019\/06\/Cardiff-1.jpg","contentUrl":"https:\/\/www.saint-paul-angouleme.fr\/application\/wp-content\/uploads\/2019\/06\/Cardiff-1.jpg","width":2048,"height":1536},{"@type":"BreadcrumbList","@id":"https:\/\/www.saint-paul-angouleme.fr\/application\/sejour-pedagogique-a-cardiff-first-step\/#breadcrumb","itemListElement":[{"@type":"ListItem","position":1,"name":"Accueil","item":"http:\/\/www.saint-paul-angouleme.fr\/application\/"},{"@type":"ListItem","position":2,"name":"Cardiff jour 1"}]},{"@type":"WebSite","@id":"https:\/\/www.saint-paul-angouleme.fr\/application\/#website","url":"https:\/\/www.saint-paul-angouleme.fr\/application\/","name":"Actualit\u00e9s","description":"Actualit\u00e9s Saint Paul","publisher":{"@id":"https:\/\/www.saint-paul-angouleme.fr\/application\/#organization"},"potentialAction":[{"@type":"SearchAction","target":{"@type":"EntryPoint","urlTemplate":"https:\/\/www.saint-paul-angouleme.fr\/application\/?s={search_term_string}"},"query-input":"required name=search_term_string"}],"inLanguage":"fr-FR"},{"@type":"Organization","@id":"https:\/\/www.saint-paul-angouleme.fr\/application\/#organization","name":"Ensemble scolaire Saint-Paul","url":"https:\/\/www.saint-paul-angouleme.fr\/application\/","logo":{"@type":"ImageObject","inLanguage":"fr-FR","@id":"https:\/\/www.saint-paul-angouleme.fr\/application\/#\/schema\/logo\/image\/","url":"https:\/\/www.saint-paul-angouleme.fr\/application\/wp-content\/uploads\/2018\/08\/logo-saint-paul-couleurs.jpg","contentUrl":"https:\/\/www.saint-paul-angouleme.fr\/application\/wp-content\/uploads\/2018\/08\/logo-saint-paul-couleurs.jpg","width":1890,"height":709,"caption":"Ensemble scolaire Saint-Paul"},"image":{"@id":"https:\/\/www.saint-paul-angouleme.fr\/application\/#\/schema\/logo\/image\/"},"sameAs":["https:\/\/www.facebook.com\/SaintPaulAngouleme16\/","https:\/\/x.com\/StPaulAngoulem","https:\/\/www.youtube.com\/channel\/UCRLpz1CmPVqc0gn--YyXvjA?view_as=subscriber"]},{"@type":"Person","@id":"https:\/\/www.saint-paul-angouleme.fr\/application\/#\/schema\/person\/ea152930b1a3823659065827b1a5fb9b","name":"SAINT-PAUL","image":{"@type":"ImageObject","inLanguage":"fr-FR","@id":"https:\/\/www.saint-paul-angouleme.fr\/application\/#\/schema\/person\/image\/","url":"https:\/\/secure.gravatar.com\/avatar\/eadb0ffebc02683a61d69038eb2924f0?s=96&r=g","contentUrl":"https:\/\/secure.gravatar.com\/avatar\/eadb0ffebc02683a61d69038eb2924f0?s=96&r=g","caption":"SAINT-PAUL"},"url":"https:\/\/www.saint-paul-angouleme.fr\/application\/author\/myriam\/"}]}},"_links":{"self":[{"href":"https:\/\/www.saint-paul-angouleme.fr\/application\/wp-json\/wp\/v2\/posts\/4132"}],"collection":[{"href":"https:\/\/www.saint-paul-angouleme.fr\/application\/wp-json\/wp\/v2\/posts"}],"about":[{"href":"https:\/\/www.saint-paul-angouleme.fr\/application\/wp-json\/wp\/v2\/types\/post"}],"author":[{"embeddable":true,"href":"https:\/\/www.saint-paul-angouleme.fr\/application\/wp-json\/wp\/v2\/users\/3"}],"replies":[{"embeddable":true,"href":"https:\/\/www.saint-paul-angouleme.fr\/application\/wp-json\/wp\/v2\/comments?post=4132"}],"version-history":[{"count":1,"href":"https:\/\/www.saint-paul-angouleme.fr\/application\/wp-json\/wp\/v2\/posts\/4132\/revisions"}],"predecessor-version":[{"id":4135,"href":"https:\/\/www.saint-paul-angouleme.fr\/application\/wp-json\/wp\/v2\/posts\/4132\/revisions\/4135"}],"wp:attachment":[{"href":"https:\/\/www.saint-paul-angouleme.fr\/application\/wp-json\/wp\/v2\/media?parent=4132"}],"wp:term":[{"taxonomy":"category","embeddable":true,"href":"https:\/\/www.saint-paul-angouleme.fr\/application\/wp-json\/wp\/v2\/categories?post=4132"},{"taxonomy":"post_tag","embeddable":true,"href":"https:\/\/www.saint-paul-angouleme.fr\/application\/wp-json\/wp\/v2\/tags?post=4132"}],"curies":[{"name":"wp","href":"https:\/\/api.w.org\/{rel}","templated":true}]}}