{"id":4112,"date":"2019-04-12T17:16:39","date_gmt":"2019-04-12T15:16:39","guid":{"rendered":"https:\/\/www.saint-paul-angouleme.fr\/application\/?p=4112"},"modified":"2019-04-12T17:16:39","modified_gmt":"2019-04-12T15:16:39","slug":"unss-kayak-lequipe-saint-paul-qualifiee-aux-championnats-de-france","status":"publish","type":"post","link":"https:\/\/www.saint-paul-angouleme.fr\/application\/unss-kayak-lequipe-saint-paul-qualifiee-aux-championnats-de-france\/","title":{"rendered":"UNSS Kayak : l&#8217;\u00e9quipe Saint-Paul qualifi\u00e9e aux Championnats de France"},"content":{"rendered":"<figure id=\"attachment_4113\" aria-describedby=\"caption-attachment-4113\" style=\"width: 1014px\" class=\"wp-caption aligncenter\"><a href=\"https:\/\/www.saint-paul-angouleme.fr\/application\/wp-content\/uploads\/2019\/04\/UNSS-Kayak-2.jpg\"><img loading=\"lazy\" decoding=\"async\" class=\"wp-image-4113 size-large\" title=\"Championnat acad\u00e9mique UNSS Kayak\" src=\"https:\/\/www.saint-paul-angouleme.fr\/application\/wp-content\/uploads\/2019\/04\/UNSS-Kayak-2-1024x576.jpg\" alt=\"Championnat acad\u00e9mique UNSS Kayak\" width=\"1024\" height=\"576\" data-id=\"4113\" srcset=\"https:\/\/www.saint-paul-angouleme.fr\/application\/wp-content\/uploads\/2019\/04\/UNSS-Kayak-2-1024x576.jpg 1024w, https:\/\/www.saint-paul-angouleme.fr\/application\/wp-content\/uploads\/2019\/04\/UNSS-Kayak-2-300x169.jpg 300w, https:\/\/www.saint-paul-angouleme.fr\/application\/wp-content\/uploads\/2019\/04\/UNSS-Kayak-2-768x432.jpg 768w, https:\/\/www.saint-paul-angouleme.fr\/application\/wp-content\/uploads\/2019\/04\/UNSS-Kayak-2.jpg 1080w\" sizes=\"(max-width: 1024px) 100vw, 1024px\" \/><\/a><figcaption id=\"caption-attachment-4113\" class=\"wp-caption-text\"><span style=\"font-family: arial, helvetica, sans-serif; font-size: 10px;\">Nos jeunes qualifi\u00e9s<\/span><\/figcaption><\/figure>\n<p style=\"text-align: justify;\"><span style=\"color: #333333; font-family: arial, helvetica, sans-serif;\">Mercredi 10 avril se tenait le championnat acad\u00e9mique UNSS de kayak.<\/span><\/p>\n<p style=\"text-align: justify;\"><span style=\"color: #333333; font-family: arial, helvetica, sans-serif;\">Le coll\u00e8ge Saint-Paul \u00e9tait repr\u00e9sent\u00e9 par Gabrielle CHENU, Nolann LACOUDRE, Niels COMTE, Pierre-Louis HITIER en kayak et Anouck BONNIOL en juge arbitre.<\/span><\/p>\n<p style=\"text-align: justify;\"><span style=\"color: #333333; font-family: arial, helvetica, sans-serif;\"><b style=\"color: #333333; font-family: arial, helvetica, sans-serif;\">Ainsi, ils gagnent ce championnat et d\u00e9crochent leur <\/b><span style=\"font-family: arial, helvetica, sans-serif;\"><b>s\u00e9lection<\/b><\/span><b style=\"color: #333333; font-family: arial, helvetica, sans-serif;\">\u00a0pour les championnats de France UNSS les 21, 22 et 23 mai prochains<\/b><span style=\"font-family: arial, helvetica, sans-serif;\">, \u00e0 Beaurainville.<\/span><\/span><\/p>\n<p style=\"text-align: justify;\"><span style=\"color: #333333; font-family: arial, helvetica, sans-serif;\"><em>&#8220;Notre force aura \u00e9t\u00e9 la coh\u00e9sion du groupe et l&#8217;homog\u00e9n\u00e9it\u00e9 du niveau des athl\u00e8tes&#8221; <\/em>confie Quentin Bonniol, professeur d&#8217;EPS du coll\u00e8ge et entra\u00eeneur de l&#8217;\u00e9cole de sport de l&#8217;ACK (Angoul\u00eame Cano\u00eb-Kayak).<\/span><\/p>\n<p style=\"text-align: justify;\"><span style=\"color: #333333; font-family: arial, helvetica, sans-serif;\">Nous donnerons donc tr\u00e8s prochainement des nouvelles de cette belle \u00e9quipe tr\u00e8s prometteuse.<\/span><\/p>\n<figure id=\"attachment_4114\" aria-describedby=\"caption-attachment-4114\" style=\"width: 1014px\" class=\"wp-caption aligncenter\"><a href=\"https:\/\/www.saint-paul-angouleme.fr\/application\/wp-content\/uploads\/2019\/04\/UNSS-Kayak-1.jpg\"><img loading=\"lazy\" decoding=\"async\" class=\"wp-image-4114 size-large\" title=\"Championnat acad\u00e9mique UNSS Kayak\" src=\"https:\/\/www.saint-paul-angouleme.fr\/application\/wp-content\/uploads\/2019\/04\/UNSS-Kayak-1-1024x576.jpg\" alt=\"Championnat acad\u00e9mique UNSS Kayak\" width=\"1024\" height=\"576\" data-id=\"4114\" srcset=\"https:\/\/www.saint-paul-angouleme.fr\/application\/wp-content\/uploads\/2019\/04\/UNSS-Kayak-1-1024x576.jpg 1024w, https:\/\/www.saint-paul-angouleme.fr\/application\/wp-content\/uploads\/2019\/04\/UNSS-Kayak-1-300x169.jpg 300w, https:\/\/www.saint-paul-angouleme.fr\/application\/wp-content\/uploads\/2019\/04\/UNSS-Kayak-1-768x432.jpg 768w\" sizes=\"(max-width: 1024px) 100vw, 1024px\" \/><\/a><figcaption id=\"caption-attachment-4114\" class=\"wp-caption-text\"><span style=\"font-family: arial, helvetica, sans-serif; font-size: 10px;\">Bravo \u00e0 notre \u00e9quipe !<\/span><\/figcaption><\/figure>\n","protected":false},"excerpt":{"rendered":"<p>Mercredi 10 avril se tenait le championnat acad\u00e9mique UNSS de kayak. Le coll\u00e8ge Saint-Paul \u00e9tait repr\u00e9sent\u00e9 par Gabrielle CHENU, Nolann LACOUDRE, Niels COMTE, Pierre-Louis HITIER en kayak et Anouck BONNIOL en juge arbitre. Ainsi, ils gagnent ce championnat et d\u00e9crochent leur s\u00e9lection\u00a0pour les championnats de France UNSS les 21, 22 et 23 mai prochains, \u00e0 &#8230; <a title=\"UNSS Kayak : l&#8217;\u00e9quipe Saint-Paul qualifi\u00e9e aux Championnats de France\" class=\"read-more\" href=\"https:\/\/www.saint-paul-angouleme.fr\/application\/unss-kayak-lequipe-saint-paul-qualifiee-aux-championnats-de-france\/\" aria-label=\"Read more about UNSS Kayak : l&#8217;\u00e9quipe Saint-Paul qualifi\u00e9e aux Championnats de France\">Lire la suite<\/a><\/p>\n","protected":false},"author":3,"featured_media":0,"comment_status":"open","ping_status":"open","sticky":false,"template":"","format":"standard","meta":{"_exactmetrics_skip_tracking":false,"_exactmetrics_sitenote_active":false,"_exactmetrics_sitenote_note":"","_exactmetrics_sitenote_category":0,"footnotes":""},"categories":[2],"tags":[],"class_list":["post-4112","post","type-post","status-publish","format-standard","hentry","category-look-on"],"yoast_head":"<!-- This site is optimized with the Yoast SEO plugin v23.3 - https:\/\/yoast.com\/wordpress\/plugins\/seo\/ -->\n<title>UNSS Kayak : l&#039;\u00e9quipe Saint-Paul qualifi\u00e9e aux Championnats de France - Actualit\u00e9s<\/title>\n<meta name=\"robots\" content=\"index, follow, max-snippet:-1, max-image-preview:large, max-video-preview:-1\" \/>\n<link rel=\"canonical\" href=\"https:\/\/www.saint-paul-angouleme.fr\/application\/unss-kayak-lequipe-saint-paul-qualifiee-aux-championnats-de-france\/\" \/>\n<meta property=\"og:locale\" content=\"fr_FR\" \/>\n<meta property=\"og:type\" content=\"article\" \/>\n<meta property=\"og:title\" content=\"UNSS Kayak : l&#039;\u00e9quipe Saint-Paul qualifi\u00e9e aux Championnats de France - Actualit\u00e9s\" \/>\n<meta property=\"og:description\" content=\"Mercredi 10 avril se tenait le championnat acad\u00e9mique UNSS de kayak. Le coll\u00e8ge Saint-Paul \u00e9tait repr\u00e9sent\u00e9 par Gabrielle CHENU, Nolann LACOUDRE, Niels COMTE, Pierre-Louis HITIER en kayak et Anouck BONNIOL en juge arbitre. Ainsi, ils gagnent ce championnat et d\u00e9crochent leur s\u00e9lection\u00a0pour les championnats de France UNSS les 21, 22 et 23 mai prochains, \u00e0 ... Lire la suite\" \/>\n<meta property=\"og:url\" content=\"https:\/\/www.saint-paul-angouleme.fr\/application\/unss-kayak-lequipe-saint-paul-qualifiee-aux-championnats-de-france\/\" \/>\n<meta property=\"og:site_name\" content=\"Actualit\u00e9s\" \/>\n<meta property=\"article:publisher\" content=\"https:\/\/www.facebook.com\/SaintPaulAngouleme16\/\" \/>\n<meta property=\"article:published_time\" content=\"2019-04-12T15:16:39+00:00\" \/>\n<meta property=\"og:image\" content=\"https:\/\/www.saint-paul-angouleme.fr\/application\/wp-content\/uploads\/2019\/04\/UNSS-Kayak-2-1024x576.jpg\" \/>\n<meta name=\"author\" content=\"SAINT-PAUL\" \/>\n<meta name=\"twitter:card\" content=\"summary_large_image\" \/>\n<meta name=\"twitter:creator\" content=\"@StPaulAngoulem\" \/>\n<meta name=\"twitter:site\" content=\"@StPaulAngoulem\" \/>\n<meta name=\"twitter:label1\" content=\"\u00c9crit par\" \/>\n\t<meta name=\"twitter:data1\" content=\"SAINT-PAUL\" \/>\n\t<meta name=\"twitter:label2\" content=\"Dur\u00e9e de lecture estim\u00e9e\" \/>\n\t<meta name=\"twitter:data2\" content=\"1 minute\" \/>\n<script type=\"application\/ld+json\" class=\"yoast-schema-graph\">{\"@context\":\"https:\/\/schema.org\",\"@graph\":[{\"@type\":\"Article\",\"@id\":\"https:\/\/www.saint-paul-angouleme.fr\/application\/unss-kayak-lequipe-saint-paul-qualifiee-aux-championnats-de-france\/#article\",\"isPartOf\":{\"@id\":\"https:\/\/www.saint-paul-angouleme.fr\/application\/unss-kayak-lequipe-saint-paul-qualifiee-aux-championnats-de-france\/\"},\"author\":{\"name\":\"SAINT-PAUL\",\"@id\":\"https:\/\/www.saint-paul-angouleme.fr\/application\/#\/schema\/person\/ea152930b1a3823659065827b1a5fb9b\"},\"headline\":\"UNSS Kayak : l&#8217;\u00e9quipe Saint-Paul qualifi\u00e9e aux Championnats de France\",\"datePublished\":\"2019-04-12T15:16:39+00:00\",\"dateModified\":\"2019-04-12T15:16:39+00:00\",\"mainEntityOfPage\":{\"@id\":\"https:\/\/www.saint-paul-angouleme.fr\/application\/unss-kayak-lequipe-saint-paul-qualifiee-aux-championnats-de-france\/\"},\"wordCount\":147,\"commentCount\":0,\"publisher\":{\"@id\":\"https:\/\/www.saint-paul-angouleme.fr\/application\/#organization\"},\"image\":{\"@id\":\"https:\/\/www.saint-paul-angouleme.fr\/application\/unss-kayak-lequipe-saint-paul-qualifiee-aux-championnats-de-france\/#primaryimage\"},\"thumbnailUrl\":\"https:\/\/www.saint-paul-angouleme.fr\/application\/wp-content\/uploads\/2019\/04\/UNSS-Kayak-2-1024x576.jpg\",\"articleSection\":[\"Look on\"],\"inLanguage\":\"fr-FR\",\"potentialAction\":[{\"@type\":\"CommentAction\",\"name\":\"Comment\",\"target\":[\"https:\/\/www.saint-paul-angouleme.fr\/application\/unss-kayak-lequipe-saint-paul-qualifiee-aux-championnats-de-france\/#respond\"]}]},{\"@type\":\"WebPage\",\"@id\":\"https:\/\/www.saint-paul-angouleme.fr\/application\/unss-kayak-lequipe-saint-paul-qualifiee-aux-championnats-de-france\/\",\"url\":\"https:\/\/www.saint-paul-angouleme.fr\/application\/unss-kayak-lequipe-saint-paul-qualifiee-aux-championnats-de-france\/\",\"name\":\"UNSS Kayak : l'\u00e9quipe Saint-Paul qualifi\u00e9e aux Championnats de France - Actualit\u00e9s\",\"isPartOf\":{\"@id\":\"https:\/\/www.saint-paul-angouleme.fr\/application\/#website\"},\"primaryImageOfPage\":{\"@id\":\"https:\/\/www.saint-paul-angouleme.fr\/application\/unss-kayak-lequipe-saint-paul-qualifiee-aux-championnats-de-france\/#primaryimage\"},\"image\":{\"@id\":\"https:\/\/www.saint-paul-angouleme.fr\/application\/unss-kayak-lequipe-saint-paul-qualifiee-aux-championnats-de-france\/#primaryimage\"},\"thumbnailUrl\":\"https:\/\/www.saint-paul-angouleme.fr\/application\/wp-content\/uploads\/2019\/04\/UNSS-Kayak-2-1024x576.jpg\",\"datePublished\":\"2019-04-12T15:16:39+00:00\",\"dateModified\":\"2019-04-12T15:16:39+00:00\",\"breadcrumb\":{\"@id\":\"https:\/\/www.saint-paul-angouleme.fr\/application\/unss-kayak-lequipe-saint-paul-qualifiee-aux-championnats-de-france\/#breadcrumb\"},\"inLanguage\":\"fr-FR\",\"potentialAction\":[{\"@type\":\"ReadAction\",\"target\":[\"https:\/\/www.saint-paul-angouleme.fr\/application\/unss-kayak-lequipe-saint-paul-qualifiee-aux-championnats-de-france\/\"]}]},{\"@type\":\"ImageObject\",\"inLanguage\":\"fr-FR\",\"@id\":\"https:\/\/www.saint-paul-angouleme.fr\/application\/unss-kayak-lequipe-saint-paul-qualifiee-aux-championnats-de-france\/#primaryimage\",\"url\":\"https:\/\/www.saint-paul-angouleme.fr\/application\/wp-content\/uploads\/2019\/04\/UNSS-Kayak-2.jpg\",\"contentUrl\":\"https:\/\/www.saint-paul-angouleme.fr\/application\/wp-content\/uploads\/2019\/04\/UNSS-Kayak-2.jpg\",\"width\":1080,\"height\":608},{\"@type\":\"BreadcrumbList\",\"@id\":\"https:\/\/www.saint-paul-angouleme.fr\/application\/unss-kayak-lequipe-saint-paul-qualifiee-aux-championnats-de-france\/#breadcrumb\",\"itemListElement\":[{\"@type\":\"ListItem\",\"position\":1,\"name\":\"Accueil\",\"item\":\"http:\/\/www.saint-paul-angouleme.fr\/application\/\"},{\"@type\":\"ListItem\",\"position\":2,\"name\":\"UNSS Kayak : l&#8217;\u00e9quipe Saint-Paul qualifi\u00e9e aux Championnats de France\"}]},{\"@type\":\"WebSite\",\"@id\":\"https:\/\/www.saint-paul-angouleme.fr\/application\/#website\",\"url\":\"https:\/\/www.saint-paul-angouleme.fr\/application\/\",\"name\":\"Actualit\u00e9s\",\"description\":\"Actualit\u00e9s Saint Paul\",\"publisher\":{\"@id\":\"https:\/\/www.saint-paul-angouleme.fr\/application\/#organization\"},\"potentialAction\":[{\"@type\":\"SearchAction\",\"target\":{\"@type\":\"EntryPoint\",\"urlTemplate\":\"https:\/\/www.saint-paul-angouleme.fr\/application\/?s={search_term_string}\"},\"query-input\":\"required name=search_term_string\"}],\"inLanguage\":\"fr-FR\"},{\"@type\":\"Organization\",\"@id\":\"https:\/\/www.saint-paul-angouleme.fr\/application\/#organization\",\"name\":\"Ensemble scolaire Saint-Paul\",\"url\":\"https:\/\/www.saint-paul-angouleme.fr\/application\/\",\"logo\":{\"@type\":\"ImageObject\",\"inLanguage\":\"fr-FR\",\"@id\":\"https:\/\/www.saint-paul-angouleme.fr\/application\/#\/schema\/logo\/image\/\",\"url\":\"https:\/\/www.saint-paul-angouleme.fr\/application\/wp-content\/uploads\/2018\/08\/logo-saint-paul-couleurs.jpg\",\"contentUrl\":\"https:\/\/www.saint-paul-angouleme.fr\/application\/wp-content\/uploads\/2018\/08\/logo-saint-paul-couleurs.jpg\",\"width\":1890,\"height\":709,\"caption\":\"Ensemble scolaire Saint-Paul\"},\"image\":{\"@id\":\"https:\/\/www.saint-paul-angouleme.fr\/application\/#\/schema\/logo\/image\/\"},\"sameAs\":[\"https:\/\/www.facebook.com\/SaintPaulAngouleme16\/\",\"https:\/\/x.com\/StPaulAngoulem\",\"https:\/\/www.youtube.com\/channel\/UCRLpz1CmPVqc0gn--YyXvjA?view_as=subscriber\"]},{\"@type\":\"Person\",\"@id\":\"https:\/\/www.saint-paul-angouleme.fr\/application\/#\/schema\/person\/ea152930b1a3823659065827b1a5fb9b\",\"name\":\"SAINT-PAUL\",\"image\":{\"@type\":\"ImageObject\",\"inLanguage\":\"fr-FR\",\"@id\":\"https:\/\/www.saint-paul-angouleme.fr\/application\/#\/schema\/person\/image\/\",\"url\":\"https:\/\/secure.gravatar.com\/avatar\/eadb0ffebc02683a61d69038eb2924f0?s=96&r=g\",\"contentUrl\":\"https:\/\/secure.gravatar.com\/avatar\/eadb0ffebc02683a61d69038eb2924f0?s=96&r=g\",\"caption\":\"SAINT-PAUL\"},\"url\":\"https:\/\/www.saint-paul-angouleme.fr\/application\/author\/myriam\/\"}]}<\/script>\n<!-- \/ Yoast SEO plugin. -->","yoast_head_json":{"title":"UNSS Kayak : l'\u00e9quipe Saint-Paul qualifi\u00e9e aux Championnats de France - Actualit\u00e9s","robots":{"index":"index","follow":"follow","max-snippet":"max-snippet:-1","max-image-preview":"max-image-preview:large","max-video-preview":"max-video-preview:-1"},"canonical":"https:\/\/www.saint-paul-angouleme.fr\/application\/unss-kayak-lequipe-saint-paul-qualifiee-aux-championnats-de-france\/","og_locale":"fr_FR","og_type":"article","og_title":"UNSS Kayak : l'\u00e9quipe Saint-Paul qualifi\u00e9e aux Championnats de France - Actualit\u00e9s","og_description":"Mercredi 10 avril se tenait le championnat acad\u00e9mique UNSS de kayak. Le coll\u00e8ge Saint-Paul \u00e9tait repr\u00e9sent\u00e9 par Gabrielle CHENU, Nolann LACOUDRE, Niels COMTE, Pierre-Louis HITIER en kayak et Anouck BONNIOL en juge arbitre. Ainsi, ils gagnent ce championnat et d\u00e9crochent leur s\u00e9lection\u00a0pour les championnats de France UNSS les 21, 22 et 23 mai prochains, \u00e0 ... Lire la suite","og_url":"https:\/\/www.saint-paul-angouleme.fr\/application\/unss-kayak-lequipe-saint-paul-qualifiee-aux-championnats-de-france\/","og_site_name":"Actualit\u00e9s","article_publisher":"https:\/\/www.facebook.com\/SaintPaulAngouleme16\/","article_published_time":"2019-04-12T15:16:39+00:00","og_image":[{"url":"https:\/\/www.saint-paul-angouleme.fr\/application\/wp-content\/uploads\/2019\/04\/UNSS-Kayak-2-1024x576.jpg"}],"author":"SAINT-PAUL","twitter_card":"summary_large_image","twitter_creator":"@StPaulAngoulem","twitter_site":"@StPaulAngoulem","twitter_misc":{"\u00c9crit par":"SAINT-PAUL","Dur\u00e9e de lecture estim\u00e9e":"1 minute"},"schema":{"@context":"https:\/\/schema.org","@graph":[{"@type":"Article","@id":"https:\/\/www.saint-paul-angouleme.fr\/application\/unss-kayak-lequipe-saint-paul-qualifiee-aux-championnats-de-france\/#article","isPartOf":{"@id":"https:\/\/www.saint-paul-angouleme.fr\/application\/unss-kayak-lequipe-saint-paul-qualifiee-aux-championnats-de-france\/"},"author":{"name":"SAINT-PAUL","@id":"https:\/\/www.saint-paul-angouleme.fr\/application\/#\/schema\/person\/ea152930b1a3823659065827b1a5fb9b"},"headline":"UNSS Kayak : l&#8217;\u00e9quipe Saint-Paul qualifi\u00e9e aux Championnats de France","datePublished":"2019-04-12T15:16:39+00:00","dateModified":"2019-04-12T15:16:39+00:00","mainEntityOfPage":{"@id":"https:\/\/www.saint-paul-angouleme.fr\/application\/unss-kayak-lequipe-saint-paul-qualifiee-aux-championnats-de-france\/"},"wordCount":147,"commentCount":0,"publisher":{"@id":"https:\/\/www.saint-paul-angouleme.fr\/application\/#organization"},"image":{"@id":"https:\/\/www.saint-paul-angouleme.fr\/application\/unss-kayak-lequipe-saint-paul-qualifiee-aux-championnats-de-france\/#primaryimage"},"thumbnailUrl":"https:\/\/www.saint-paul-angouleme.fr\/application\/wp-content\/uploads\/2019\/04\/UNSS-Kayak-2-1024x576.jpg","articleSection":["Look on"],"inLanguage":"fr-FR","potentialAction":[{"@type":"CommentAction","name":"Comment","target":["https:\/\/www.saint-paul-angouleme.fr\/application\/unss-kayak-lequipe-saint-paul-qualifiee-aux-championnats-de-france\/#respond"]}]},{"@type":"WebPage","@id":"https:\/\/www.saint-paul-angouleme.fr\/application\/unss-kayak-lequipe-saint-paul-qualifiee-aux-championnats-de-france\/","url":"https:\/\/www.saint-paul-angouleme.fr\/application\/unss-kayak-lequipe-saint-paul-qualifiee-aux-championnats-de-france\/","name":"UNSS Kayak : l'\u00e9quipe Saint-Paul qualifi\u00e9e aux Championnats de France - Actualit\u00e9s","isPartOf":{"@id":"https:\/\/www.saint-paul-angouleme.fr\/application\/#website"},"primaryImageOfPage":{"@id":"https:\/\/www.saint-paul-angouleme.fr\/application\/unss-kayak-lequipe-saint-paul-qualifiee-aux-championnats-de-france\/#primaryimage"},"image":{"@id":"https:\/\/www.saint-paul-angouleme.fr\/application\/unss-kayak-lequipe-saint-paul-qualifiee-aux-championnats-de-france\/#primaryimage"},"thumbnailUrl":"https:\/\/www.saint-paul-angouleme.fr\/application\/wp-content\/uploads\/2019\/04\/UNSS-Kayak-2-1024x576.jpg","datePublished":"2019-04-12T15:16:39+00:00","dateModified":"2019-04-12T15:16:39+00:00","breadcrumb":{"@id":"https:\/\/www.saint-paul-angouleme.fr\/application\/unss-kayak-lequipe-saint-paul-qualifiee-aux-championnats-de-france\/#breadcrumb"},"inLanguage":"fr-FR","potentialAction":[{"@type":"ReadAction","target":["https:\/\/www.saint-paul-angouleme.fr\/application\/unss-kayak-lequipe-saint-paul-qualifiee-aux-championnats-de-france\/"]}]},{"@type":"ImageObject","inLanguage":"fr-FR","@id":"https:\/\/www.saint-paul-angouleme.fr\/application\/unss-kayak-lequipe-saint-paul-qualifiee-aux-championnats-de-france\/#primaryimage","url":"https:\/\/www.saint-paul-angouleme.fr\/application\/wp-content\/uploads\/2019\/04\/UNSS-Kayak-2.jpg","contentUrl":"https:\/\/www.saint-paul-angouleme.fr\/application\/wp-content\/uploads\/2019\/04\/UNSS-Kayak-2.jpg","width":1080,"height":608},{"@type":"BreadcrumbList","@id":"https:\/\/www.saint-paul-angouleme.fr\/application\/unss-kayak-lequipe-saint-paul-qualifiee-aux-championnats-de-france\/#breadcrumb","itemListElement":[{"@type":"ListItem","position":1,"name":"Accueil","item":"http:\/\/www.saint-paul-angouleme.fr\/application\/"},{"@type":"ListItem","position":2,"name":"UNSS Kayak : l&#8217;\u00e9quipe Saint-Paul qualifi\u00e9e aux Championnats de France"}]},{"@type":"WebSite","@id":"https:\/\/www.saint-paul-angouleme.fr\/application\/#website","url":"https:\/\/www.saint-paul-angouleme.fr\/application\/","name":"Actualit\u00e9s","description":"Actualit\u00e9s Saint Paul","publisher":{"@id":"https:\/\/www.saint-paul-angouleme.fr\/application\/#organization"},"potentialAction":[{"@type":"SearchAction","target":{"@type":"EntryPoint","urlTemplate":"https:\/\/www.saint-paul-angouleme.fr\/application\/?s={search_term_string}"},"query-input":"required name=search_term_string"}],"inLanguage":"fr-FR"},{"@type":"Organization","@id":"https:\/\/www.saint-paul-angouleme.fr\/application\/#organization","name":"Ensemble scolaire Saint-Paul","url":"https:\/\/www.saint-paul-angouleme.fr\/application\/","logo":{"@type":"ImageObject","inLanguage":"fr-FR","@id":"https:\/\/www.saint-paul-angouleme.fr\/application\/#\/schema\/logo\/image\/","url":"https:\/\/www.saint-paul-angouleme.fr\/application\/wp-content\/uploads\/2018\/08\/logo-saint-paul-couleurs.jpg","contentUrl":"https:\/\/www.saint-paul-angouleme.fr\/application\/wp-content\/uploads\/2018\/08\/logo-saint-paul-couleurs.jpg","width":1890,"height":709,"caption":"Ensemble scolaire Saint-Paul"},"image":{"@id":"https:\/\/www.saint-paul-angouleme.fr\/application\/#\/schema\/logo\/image\/"},"sameAs":["https:\/\/www.facebook.com\/SaintPaulAngouleme16\/","https:\/\/x.com\/StPaulAngoulem","https:\/\/www.youtube.com\/channel\/UCRLpz1CmPVqc0gn--YyXvjA?view_as=subscriber"]},{"@type":"Person","@id":"https:\/\/www.saint-paul-angouleme.fr\/application\/#\/schema\/person\/ea152930b1a3823659065827b1a5fb9b","name":"SAINT-PAUL","image":{"@type":"ImageObject","inLanguage":"fr-FR","@id":"https:\/\/www.saint-paul-angouleme.fr\/application\/#\/schema\/person\/image\/","url":"https:\/\/secure.gravatar.com\/avatar\/eadb0ffebc02683a61d69038eb2924f0?s=96&r=g","contentUrl":"https:\/\/secure.gravatar.com\/avatar\/eadb0ffebc02683a61d69038eb2924f0?s=96&r=g","caption":"SAINT-PAUL"},"url":"https:\/\/www.saint-paul-angouleme.fr\/application\/author\/myriam\/"}]}},"_links":{"self":[{"href":"https:\/\/www.saint-paul-angouleme.fr\/application\/wp-json\/wp\/v2\/posts\/4112"}],"collection":[{"href":"https:\/\/www.saint-paul-angouleme.fr\/application\/wp-json\/wp\/v2\/posts"}],"about":[{"href":"https:\/\/www.saint-paul-angouleme.fr\/application\/wp-json\/wp\/v2\/types\/post"}],"author":[{"embeddable":true,"href":"https:\/\/www.saint-paul-angouleme.fr\/application\/wp-json\/wp\/v2\/users\/3"}],"replies":[{"embeddable":true,"href":"https:\/\/www.saint-paul-angouleme.fr\/application\/wp-json\/wp\/v2\/comments?post=4112"}],"version-history":[{"count":1,"href":"https:\/\/www.saint-paul-angouleme.fr\/application\/wp-json\/wp\/v2\/posts\/4112\/revisions"}],"predecessor-version":[{"id":4115,"href":"https:\/\/www.saint-paul-angouleme.fr\/application\/wp-json\/wp\/v2\/posts\/4112\/revisions\/4115"}],"wp:attachment":[{"href":"https:\/\/www.saint-paul-angouleme.fr\/application\/wp-json\/wp\/v2\/media?parent=4112"}],"wp:term":[{"taxonomy":"category","embeddable":true,"href":"https:\/\/www.saint-paul-angouleme.fr\/application\/wp-json\/wp\/v2\/categories?post=4112"},{"taxonomy":"post_tag","embeddable":true,"href":"https:\/\/www.saint-paul-angouleme.fr\/application\/wp-json\/wp\/v2\/tags?post=4112"}],"curies":[{"name":"wp","href":"https:\/\/api.w.org\/{rel}","templated":true}]}}