{"id":4043,"date":"2019-03-08T18:44:45","date_gmt":"2019-03-08T17:44:45","guid":{"rendered":"https:\/\/www.saint-paul-angouleme.fr\/application\/?p=4043"},"modified":"2019-05-28T15:43:32","modified_gmt":"2019-05-28T13:43:32","slug":"de-beaux-plaidoyers-au-concours-deloquence-2019","status":"publish","type":"post","link":"https:\/\/www.saint-paul-angouleme.fr\/application\/de-beaux-plaidoyers-au-concours-deloquence-2019\/","title":{"rendered":"De beaux plaidoyers au concours d&#8217;\u00e9loquence 2019"},"content":{"rendered":"<figure id=\"attachment_4044\" aria-describedby=\"caption-attachment-4044\" style=\"width: 1014px\" class=\"wp-caption aligncenter\"><a href=\"https:\/\/www.saint-paul-angouleme.fr\/application\/wp-content\/uploads\/2019\/03\/IMG_20190216_085645.jpg\"><img loading=\"lazy\" decoding=\"async\" class=\"wp-image-4044 size-large\" title=\"Une assembl\u00e9e \u00e0 l'\u00e9coute\" src=\"https:\/\/www.saint-paul-angouleme.fr\/application\/wp-content\/uploads\/2019\/03\/IMG_20190216_085645-1024x768.jpg\" alt=\"Une assembl\u00e9e \u00e0 l'\u00e9coute\" width=\"1024\" height=\"768\" data-id=\"4044\" srcset=\"https:\/\/www.saint-paul-angouleme.fr\/application\/wp-content\/uploads\/2019\/03\/IMG_20190216_085645-1024x768.jpg 1024w, https:\/\/www.saint-paul-angouleme.fr\/application\/wp-content\/uploads\/2019\/03\/IMG_20190216_085645-300x225.jpg 300w, https:\/\/www.saint-paul-angouleme.fr\/application\/wp-content\/uploads\/2019\/03\/IMG_20190216_085645-768x576.jpg 768w\" sizes=\"(max-width: 1024px) 100vw, 1024px\" \/><\/a><figcaption id=\"caption-attachment-4044\" class=\"wp-caption-text\"><em><span style=\"font-family: verdana, geneva, sans-serif; font-size: 12px;\">Dans le Grand Salon de l&#8217;H\u00f4tel de Ville<\/span><\/em><\/figcaption><\/figure>\n<p style=\"text-align: justify;\"><span style=\"color: #333333; font-family: verdana, geneva, sans-serif; font-size: 16px;\">Pour la troisi\u00e8me \u00e9dition de son \u2018Concours d\u2019\u00e9loquence\u2019 <a href=\"https:\/\/www.facebook.com\/pg\/rotaryvaldecharente\/posts\/\">le Rotary<\/a> a choisi pour th\u00e8me\u00a0: <strong>\u00ab\u00a0Osons l\u2019altruisme pour un monde meilleur\u00a0\u00bb<\/strong>.<\/span><\/p>\n<p style=\"text-align: justify;\"><span style=\"color: #333333; font-family: verdana, geneva, sans-serif; font-size: 16px;\">A Saint-Paul 15 \u00e9l\u00e8ves se sont inscrits. Ils \u00e9taient sept lors de <a href=\"https:\/\/www.saint-paul-angouleme.fr\/application\/saint-paul-a-brille-au-concours-deloquence-2017-du-rotary\/\">la pr\u00e9c\u00e9dente \u00e9dition en 2017<\/a>. D\u00e8s lors, plusieurs semaines avant le concours ils vont s\u2019entra\u00eener. Accompagn\u00e9s par Mmes ARNAUD et LONGO ainsi que M. DELAVAUD ils r\u00e9alisent tout d\u2019abord un travail d\u2019\u00e9criture puis ce sont les entra\u00eenements \u00e0 l\u2019oral.<\/span><\/p>\n<figure id=\"attachment_4046\" aria-describedby=\"caption-attachment-4046\" style=\"width: 1014px\" class=\"wp-caption aligncenter\"><a href=\"https:\/\/www.saint-paul-angouleme.fr\/application\/wp-content\/uploads\/2019\/03\/DSC00048.jpg\"><img loading=\"lazy\" decoding=\"async\" class=\"wp-image-4046 size-large\" title=\"Mme ARNAUD reprend le discours et conseille\" src=\"https:\/\/www.saint-paul-angouleme.fr\/application\/wp-content\/uploads\/2019\/03\/DSC00048-1024x683.jpg\" alt=\"Mme ARNAUD reprend le discours et conseille\" width=\"1024\" height=\"683\" data-id=\"4046\" srcset=\"https:\/\/www.saint-paul-angouleme.fr\/application\/wp-content\/uploads\/2019\/03\/DSC00048-1024x683.jpg 1024w, https:\/\/www.saint-paul-angouleme.fr\/application\/wp-content\/uploads\/2019\/03\/DSC00048-300x200.jpg 300w, https:\/\/www.saint-paul-angouleme.fr\/application\/wp-content\/uploads\/2019\/03\/DSC00048-768x512.jpg 768w\" sizes=\"(max-width: 1024px) 100vw, 1024px\" \/><\/a><figcaption id=\"caption-attachment-4046\" class=\"wp-caption-text\"><em><span style=\"font-family: verdana, geneva, sans-serif; font-size: 12px;\">Derniers ajustements&#8230;<\/span><\/em><\/figcaption><\/figure>\n<h2><span style=\"font-size: 20px;\"><strong><span style=\"font-family: verdana, geneva, sans-serif; color: #333333;\">Le temps de l&#8217;accueil<\/span><\/strong><\/span><\/h2>\n<p style=\"text-align: justify;\"><span style=\"color: #333333; font-family: verdana, geneva, sans-serif; font-size: 16px;\">Le jour \u00ab\u00a0J\u00a0\u00bb\u00a0: samedi 16 f\u00e9vrier 2019, les candidats, tous de Saint-Paul, arrivent les uns apr\u00e8s les autres accompagn\u00e9s ou non de leurs familles. Dans le Grand Salon de l\u2019H\u00f4tel de ville d\u2019Angoul\u00eame un buffet \u00ab\u00a0petit-d\u00e9jeuner\u00a0\u00bb apporte force et r\u00e9confort aux futurs orateurs.<\/span><\/p>\n<p style=\"text-align: justify;\"><span style=\"color: #333333; font-family: verdana, geneva, sans-serif; font-size: 16px;\">Vient alors le tirage au sort afin de r\u00e9partir les candidats dans les deux jurys. De fait, cette ann\u00e9e, il y a obligation d\u2019organiser ainsi le concours puisqu\u2019ils sont nombreux.<\/span><\/p>\n<p style=\"text-align: justify;\"><span style=\"color: #333333; font-family: verdana, geneva, sans-serif; font-size: 16px;\">M. POUSSET, adjoint au maire et avocat nous accueille et prend la parole en donnant quelques conseils \u00e0 nos lyc\u00e9ens. Notamment, comme ils doivent se rev\u00eatir d\u2019une robe d\u2019avocat pour leur prestation, M. POUSSET leur dit\u00a0: <em>\u00ab\u00a0n\u2019h\u00e9sitez pas \u00e0 vous en servir, c\u2019est un bouclier de libert\u00e9\u00a0! \u00bb<\/em>.<\/span><\/p>\n<figure id=\"attachment_4045\" aria-describedby=\"caption-attachment-4045\" style=\"width: 1014px\" class=\"wp-caption aligncenter\"><a href=\"https:\/\/www.saint-paul-angouleme.fr\/application\/wp-content\/uploads\/2019\/03\/IMG_20190216_085710.jpg\"><img loading=\"lazy\" decoding=\"async\" class=\"wp-image-4045 size-large\" title=\"Accueil et conseils d'\u00e9loquence\" src=\"https:\/\/www.saint-paul-angouleme.fr\/application\/wp-content\/uploads\/2019\/03\/IMG_20190216_085710-1024x768.jpg\" alt=\"Accueil et conseils d'\u00e9loquence\" width=\"1024\" height=\"768\" data-id=\"4045\" srcset=\"https:\/\/www.saint-paul-angouleme.fr\/application\/wp-content\/uploads\/2019\/03\/IMG_20190216_085710-1024x768.jpg 1024w, https:\/\/www.saint-paul-angouleme.fr\/application\/wp-content\/uploads\/2019\/03\/IMG_20190216_085710-300x225.jpg 300w, https:\/\/www.saint-paul-angouleme.fr\/application\/wp-content\/uploads\/2019\/03\/IMG_20190216_085710-768x576.jpg 768w\" sizes=\"(max-width: 1024px) 100vw, 1024px\" \/><\/a><figcaption id=\"caption-attachment-4045\" class=\"wp-caption-text\"><span style=\"font-size: 12px;\"><em><span style=\"font-family: verdana, geneva, sans-serif;\">M. POUSSET, adjoint au maire d&#8217;Angoul\u00eame<\/span><\/em><\/span><\/figcaption><\/figure>\n<h2><strong><span style=\"font-size: 20px; font-family: verdana, geneva, sans-serif;\">Le temps de l&#8217;\u00e9loquence<\/span><\/strong><\/h2>\n<p style=\"text-align: justify;\"><span style=\"color: #333333; font-family: verdana, geneva, sans-serif; font-size: 16px;\">Apr\u00e8s quelques explications concernant l\u2019organisation c\u2019est le top d\u00e9part. Une partie du groupe rejoint le salon de \u00ab\u00a0La Tranchade\u00a0\u00bb, l\u2019autre reste dans le Grand Salon. Tous les candidats se retirent dans une antichambre car ils n\u2019assisteront pas aux plaidoiries des autres tant qu\u2019ils ne sont pas pass\u00e9s.<\/span><\/p>\n<p style=\"text-align: justify;\"><span style=\"color: #333333; font-family: verdana, geneva, sans-serif; font-size: 16px;\">Un par un, chacun d&#8217;eux passe devant le jury et expose ses id\u00e9es avec conviction. Puis les membres du jury posent leurs questions et, soulag\u00e9 mais heureux, les jeunes orateurs quittent la salle.<\/span><\/p>\n<p style=\"text-align: justify;\"><span style=\"color: #333333; font-family: verdana, geneva, sans-serif; font-size: 16px;\">C\u2019est alors le temps des d\u00e9lib\u00e9rations et de l\u2019attente des r\u00e9sultats. En fin de matin\u00e9e les familles reviennent pour la proclamation ce qui permet d\u2019\u00e9changer quelques mots avec les \u2018coaches\u2019 et autres professeurs pr\u00e9sents.<\/span><\/p>\n<p>&nbsp;<\/p>\n<h2><strong><span style=\"font-family: verdana, geneva, sans-serif; font-size: 20px;\">Le temps des r\u00e9sultats<\/span><\/strong><\/h2>\n<p style=\"text-align: justify;\"><span style=\"color: #333333; font-family: verdana, geneva, sans-serif; font-size: 16px;\">A l\u2019issue des d\u00e9bats vient enfin le classement\u00a0:<\/span><\/p>\n<p><span style=\"color: #333333; font-family: verdana, geneva, sans-serif; font-size: 16px;\"><strong>1<sup>er<\/sup> Jury<\/strong> :<\/span><\/p>\n<ol>\n<li><span style=\"color: #333333; font-family: verdana, geneva, sans-serif; font-size: 16px;\">Barbara Francisco (1S) ; lien vid\u00e9o :\u00a0<\/span><span style=\"color: #333333; font-family: verdana, geneva, sans-serif; font-size: 16px;\"><div class=\"su-youtube su-u-responsive-media-yes\"><iframe loading=\"lazy\" width=\"300\" height=\"200\" src=\"https:\/\/www.youtube.com\/embed\/iaPJs3xUX0Y?\" frameborder=\"0\" allowfullscreen allow=\"autoplay; encrypted-media; picture-in-picture\" title=\"\"><\/iframe><\/div><\/span><\/li>\n<li><span style=\"color: #333333; font-family: verdana, geneva, sans-serif; font-size: 16px;\">David Baudon (1S) ;\u00a0lien vid\u00e9o :\u00a0<div class=\"su-youtube su-u-responsive-media-yes\"><iframe loading=\"lazy\" width=\"300\" height=\"200\" src=\"https:\/\/www.youtube.com\/embed\/eFF02Ca9kWY?\" frameborder=\"0\" allowfullscreen allow=\"autoplay; encrypted-media; picture-in-picture\" title=\"\"><\/iframe><\/div><\/span><\/li>\n<li><span style=\"color: #333333; font-family: verdana, geneva, sans-serif; font-size: 16px;\">Augustin T\u00eate (1S) ; lien vid\u00e9o :\u00a0<div class=\"su-youtube su-u-responsive-media-yes\"><iframe loading=\"lazy\" width=\"300\" height=\"200\" src=\"https:\/\/www.youtube.com\/embed\/u3MktiCaRk0?\" frameborder=\"0\" allowfullscreen allow=\"autoplay; encrypted-media; picture-in-picture\" title=\"\"><\/iframe><\/div><\/span><\/li>\n<\/ol>\n<p><span style=\"color: #333333;\"><span style=\"font-family: verdana, geneva, sans-serif; font-size: 16px;\"><span style=\"font-family: verdana, geneva, sans-serif;\">Cr\u00e9ation d\u2019un 4<\/span><span style=\"font-size: 12px;\"><sup><span style=\"font-family: verdana, geneva, sans-serif;\">\u00e8me<\/span><\/sup><\/span> prix coup de <\/span><span style=\"font-family: verdana, geneva, sans-serif;\"><span style=\"font-size: 13.3333px;\">c\u0153ur<\/span><span style=\"font-size: 16px;\">\u00a0pour Clara Galerne (1ES) ;\u00a0<span style=\"color: #333333; font-family: verdana, geneva, sans-serif; font-size: 16px;\"> lien vid\u00e9o :\u00a0<div class=\"su-youtube su-u-responsive-media-yes\"><iframe loading=\"lazy\" width=\"300\" height=\"200\" src=\"https:\/\/www.youtube.com\/embed\/5QnopETrjTU?\" frameborder=\"0\" allowfullscreen allow=\"autoplay; encrypted-media; picture-in-picture\" title=\"\"><\/iframe><\/div><\/span><\/span><\/span><\/span><\/p>\n<figure id=\"attachment_4048\" aria-describedby=\"caption-attachment-4048\" style=\"width: 1014px\" class=\"wp-caption aligncenter\"><a href=\"https:\/\/www.saint-paul-angouleme.fr\/application\/wp-content\/uploads\/2019\/03\/DSC00067.jpg\"><img loading=\"lazy\" decoding=\"async\" class=\"wp-image-4048 size-large\" title=\"Appel des trois laur\u00e9ats du Jury 1\" src=\"https:\/\/www.saint-paul-angouleme.fr\/application\/wp-content\/uploads\/2019\/03\/DSC00067-1024x683.jpg\" alt=\"Appel des trois laur\u00e9ats du Jury 1\" width=\"1024\" height=\"683\" data-id=\"4048\" srcset=\"https:\/\/www.saint-paul-angouleme.fr\/application\/wp-content\/uploads\/2019\/03\/DSC00067-1024x683.jpg 1024w, https:\/\/www.saint-paul-angouleme.fr\/application\/wp-content\/uploads\/2019\/03\/DSC00067-300x200.jpg 300w, https:\/\/www.saint-paul-angouleme.fr\/application\/wp-content\/uploads\/2019\/03\/DSC00067-768x512.jpg 768w\" sizes=\"(max-width: 1024px) 100vw, 1024px\" \/><\/a><figcaption id=\"caption-attachment-4048\" class=\"wp-caption-text\"><span style=\"font-size: 12px;\"><em><span style=\"font-family: verdana, geneva, sans-serif;\">Augustin se place troisi\u00e8me<\/span><\/em><\/span><\/figcaption><\/figure>\n<p><span style=\"color: #333333; font-family: verdana, geneva, sans-serif; font-size: 16px;\"><strong>2<\/strong><sup><strong>\u00e8me<\/strong><\/sup> <strong>Jury :<\/strong><\/span><\/p>\n<ol>\n<li><span style=\"color: #333333; font-family: verdana, geneva, sans-serif; font-size: 16px;\">Arthur Marmissolle-Daguerre (2nde)<span style=\"color: #333333;\"><span style=\"font-family: verdana, geneva, sans-serif;\"><span style=\"font-size: 16px;\"> ;\u00a0 lien vid\u00e9o :\u00a0<div class=\"su-youtube su-u-responsive-media-yes\"><iframe loading=\"lazy\" width=\"300\" height=\"200\" src=\"https:\/\/www.youtube.com\/embed\/lj3JmWJViJE?\" frameborder=\"0\" allowfullscreen allow=\"autoplay; encrypted-media; picture-in-picture\" title=\"\"><\/iframe><\/div><\/span><\/span><\/span><\/span><\/li>\n<li><span style=\"color: #333333; font-family: verdana, geneva, sans-serif; font-size: 16px;\">C\u00f4me Beneteau (1S)<span style=\"color: #333333;\"><span style=\"font-family: verdana, geneva, sans-serif;\"><span style=\"font-size: 16px;\"> ;\u00a0 lien vid\u00e9o :\u00a0<div class=\"su-youtube su-u-responsive-media-yes\"><iframe loading=\"lazy\" width=\"300\" height=\"200\" src=\"https:\/\/www.youtube.com\/embed\/4OvIgOwR2NA?\" frameborder=\"0\" allowfullscreen allow=\"autoplay; encrypted-media; picture-in-picture\" title=\"\"><\/iframe><\/div><\/span><\/span><\/span><\/span><\/li>\n<li><span style=\"color: #333333; font-family: verdana, geneva, sans-serif; font-size: 16px;\">Apolline Lamy (TES)<span style=\"color: #333333;\"><span style=\"font-family: verdana, geneva, sans-serif;\"><span style=\"font-size: 16px;\"> ;\u00a0 lien vid\u00e9o :\u00a0<div class=\"su-youtube su-u-responsive-media-yes\"><iframe loading=\"lazy\" width=\"300\" height=\"200\" src=\"https:\/\/www.youtube.com\/embed\/DD7Qed21a28?\" frameborder=\"0\" allowfullscreen allow=\"autoplay; encrypted-media; picture-in-picture\" title=\"\"><\/iframe><\/div><\/span><\/span><\/span><\/span><\/li>\n<\/ol>\n<p><span style=\"color: #333333; font-family: verdana, geneva, sans-serif; font-size: 16px;\">Cr\u00e9ation d\u2019un 4<span style=\"font-size: 12px;\"><sup>\u00e8me<\/sup><\/span> prix coup de c\u0153ur pour Louis Besson (1S)<span style=\"color: #333333;\"><span style=\"font-family: verdana, geneva, sans-serif;\"><span style=\"font-size: 16px;\"> ;\u00a0 lien vid\u00e9o :<\/span><\/span><\/span><\/span><\/p>\n<figure id=\"attachment_4049\" aria-describedby=\"caption-attachment-4049\" style=\"width: 1014px\" class=\"wp-caption aligncenter\"><a href=\"https:\/\/www.saint-paul-angouleme.fr\/application\/wp-content\/uploads\/2019\/03\/DSC00078.jpg\"><img loading=\"lazy\" decoding=\"async\" class=\"wp-image-4049 size-large\" title=\"Appel des laur\u00e9ats du Jury 2\" src=\"https:\/\/www.saint-paul-angouleme.fr\/application\/wp-content\/uploads\/2019\/03\/DSC00078-1024x683.jpg\" alt=\"Appel des laur\u00e9ats du Jury 2\" width=\"1024\" height=\"683\" data-id=\"4049\" srcset=\"https:\/\/www.saint-paul-angouleme.fr\/application\/wp-content\/uploads\/2019\/03\/DSC00078-1024x683.jpg 1024w, https:\/\/www.saint-paul-angouleme.fr\/application\/wp-content\/uploads\/2019\/03\/DSC00078-300x200.jpg 300w, https:\/\/www.saint-paul-angouleme.fr\/application\/wp-content\/uploads\/2019\/03\/DSC00078-768x512.jpg 768w\" sizes=\"(max-width: 1024px) 100vw, 1024px\" \/><\/a><figcaption id=\"caption-attachment-4049\" class=\"wp-caption-text\"><span style=\"font-size: 12px;\"><em><span style=\"font-family: verdana, geneva, sans-serif;\">Arthur premier candidat du Jury 2<\/span><\/em><\/span><\/figcaption><\/figure>\n<p><span style=\"color: #333333; font-family: verdana, geneva, sans-serif; font-size: 16px;\"><strong>Les autres \u00e9l\u00e8ves qui ont particip\u00e9 :<\/strong>\u00a0<\/span><\/p>\n<p><span style=\"color: #333333; font-family: verdana, geneva, sans-serif; font-size: 16px;\">&#8211; Louis Blanchard (1S)<\/span><\/p>\n<p><span style=\"color: #333333; font-family: verdana, geneva, sans-serif; font-size: 16px;\">&#8211; Alexandre Jay-Tripelon (2nde)<span style=\"color: #333333;\"><span style=\"font-family: verdana, geneva, sans-serif;\"><span style=\"font-size: 16px;\"> ;\u00a0 lien vid\u00e9o :<div class=\"su-youtube su-u-responsive-media-yes\"><iframe loading=\"lazy\" width=\"300\" height=\"200\" src=\"https:\/\/www.youtube.com\/embed\/pFhnCtmbYs0?\" frameborder=\"0\" allowfullscreen allow=\"autoplay; encrypted-media; picture-in-picture\" title=\"\"><\/iframe><\/div><\/span><\/span><\/span><\/span><\/p>\n<p><span style=\"color: #333333; font-family: verdana, geneva, sans-serif; font-size: 16px;\">&#8211; Anna Jones (1S)<\/span><\/p>\n<p><span style=\"color: #333333; font-family: verdana, geneva, sans-serif; font-size: 16px;\">&#8211; Aristote Longi (1S)<\/span><\/p>\n<p><span style=\"color: #333333; font-family: verdana, geneva, sans-serif; font-size: 16px;\">&#8211; Tom Palusi (2nde)<\/span><\/p>\n<p><a href=\"https:\/\/www.saint-paul-angouleme.fr\/application\/wp-content\/uploads\/2019\/03\/DSC00074.jpg\"><img loading=\"lazy\" decoding=\"async\" class=\"aligncenter wp-image-4050 size-large\" title=\"Les 3 finalistes du Jury 1\" src=\"https:\/\/www.saint-paul-angouleme.fr\/application\/wp-content\/uploads\/2019\/03\/DSC00074-1024x683.jpg\" alt=\"Les 3 finalistes du Jury 1\" width=\"1024\" height=\"683\" data-id=\"4050\" srcset=\"https:\/\/www.saint-paul-angouleme.fr\/application\/wp-content\/uploads\/2019\/03\/DSC00074-1024x683.jpg 1024w, https:\/\/www.saint-paul-angouleme.fr\/application\/wp-content\/uploads\/2019\/03\/DSC00074-300x200.jpg 300w, https:\/\/www.saint-paul-angouleme.fr\/application\/wp-content\/uploads\/2019\/03\/DSC00074-768x512.jpg 768w\" sizes=\"(max-width: 1024px) 100vw, 1024px\" \/><\/a><\/p>\n<p>&nbsp;<\/p>\n<p><a href=\"https:\/\/www.saint-paul-angouleme.fr\/application\/wp-content\/uploads\/2019\/03\/DSC00080.jpg\"><img loading=\"lazy\" decoding=\"async\" class=\"aligncenter wp-image-4051 size-large\" title=\"Les 3 finalistes du Jury 2\" src=\"https:\/\/www.saint-paul-angouleme.fr\/application\/wp-content\/uploads\/2019\/03\/DSC00080-1024x683.jpg\" alt=\"Les 3 finalistes du Jury 2\" width=\"1024\" height=\"683\" data-id=\"4051\" srcset=\"https:\/\/www.saint-paul-angouleme.fr\/application\/wp-content\/uploads\/2019\/03\/DSC00080-1024x683.jpg 1024w, https:\/\/www.saint-paul-angouleme.fr\/application\/wp-content\/uploads\/2019\/03\/DSC00080-300x200.jpg 300w, https:\/\/www.saint-paul-angouleme.fr\/application\/wp-content\/uploads\/2019\/03\/DSC00080-768x512.jpg 768w\" sizes=\"(max-width: 1024px) 100vw, 1024px\" \/><\/a><\/p>\n<p style=\"text-align: justify;\"><span style=\"color: #333333; font-family: verdana, geneva, sans-serif; font-size: 16px;\">Les deux finalistes (Barbara Francisco et Arthur Marmissolle-Daguerre) iront donc \u00e0 Bordeaux le samedi 23 f\u00e9vrier afin de repr\u00e9senter la Charente (et l\u2019\u00e9tablissement) en finale r\u00e9gionale. Arthur s\u2019y classe troisi\u00e8me\u00a0: encore un podium pour la Charente\u00a0!<\/span><\/p>\n<p style=\"text-align: justify;\"><span style=\"color: #333333; font-family: verdana, geneva, sans-serif; font-size: 16px;\">Un grand bravo \u00e0 chacun d\u2019eux et aux professeurs qui les ont accompagn\u00e9s.<\/span><\/p>\n<div tabindex=\"0\" class=\"cycloneslider cycloneslider-template-standard cycloneslider-width-responsive\" id=\"cycloneslider-concours-eloquence-2019-1\" style=\"max-width:960px\" > <div class=\"cycloneslider-slides cycle-slideshow\" data-cycle-allow-wrap=\"true\" data-cycle-dynamic-height=\"off\" data-cycle-auto-height=\"960:600\" data-cycle-auto-height-easing=\"null\" data-cycle-auto-height-speed=\"250\" data-cycle-delay=\"0\" data-cycle-easing=\"\" data-cycle-fx=\"fade\" data-cycle-hide-non-active=\"true\" data-cycle-log=\"false\" data-cycle-next=\"#cycloneslider-concours-eloquence-2019-1 .cycloneslider-next\" data-cycle-pager=\"#cycloneslider-concours-eloquence-2019-1 .cycloneslider-pager\" data-cycle-pause-on-hover=\"true\" data-cycle-prev=\"#cycloneslider-concours-eloquence-2019-1 .cycloneslider-prev\" data-cycle-slides=\"&gt; div\" data-cycle-speed=\"1000\" data-cycle-swipe=\"1\" data-cycle-tile-count=\"7\" data-cycle-tile-delay=\"100\" data-cycle-tile-vertical=\"true\" data-cycle-timeout=\"4000\" > <div class=\"cycloneslider-slide cycloneslider-slide-image\" > <img decoding=\"async\" src=\"https:\/\/www.saint-paul-angouleme.fr\/application\/wp-content\/uploads\/2019\/03\/P1370295-960x600.jpg\" alt=\"\" title=\"\" \/> <\/div> <div class=\"cycloneslider-slide cycloneslider-slide-image\" > <img decoding=\"async\" src=\"https:\/\/www.saint-paul-angouleme.fr\/application\/wp-content\/uploads\/2019\/03\/P1370298-960x600.jpg\" alt=\"\" title=\"\" \/> <\/div> <div class=\"cycloneslider-slide cycloneslider-slide-image\" > <img decoding=\"async\" src=\"https:\/\/www.saint-paul-angouleme.fr\/application\/wp-content\/uploads\/2019\/03\/P1370299-960x600.jpg\" alt=\"\" title=\"\" \/> <\/div> <div class=\"cycloneslider-slide cycloneslider-slide-image\" > <img decoding=\"async\" src=\"https:\/\/www.saint-paul-angouleme.fr\/application\/wp-content\/uploads\/2019\/03\/P1370301-960x600.jpg\" alt=\"\" title=\"\" \/> <\/div> <div class=\"cycloneslider-slide cycloneslider-slide-image\" > <img decoding=\"async\" src=\"https:\/\/www.saint-paul-angouleme.fr\/application\/wp-content\/uploads\/2019\/03\/P1370316-960x600.jpg\" alt=\"\" title=\"\" \/> <\/div> <div class=\"cycloneslider-slide cycloneslider-slide-image\" > <img decoding=\"async\" src=\"https:\/\/www.saint-paul-angouleme.fr\/application\/wp-content\/uploads\/2019\/03\/P1370323-960x600.jpg\" alt=\"\" title=\"\" \/> <\/div> <div class=\"cycloneslider-slide cycloneslider-slide-image\" > <img decoding=\"async\" src=\"https:\/\/www.saint-paul-angouleme.fr\/application\/wp-content\/uploads\/2019\/03\/P1370328-960x600.jpg\" alt=\"\" title=\"\" \/> <\/div> <div class=\"cycloneslider-slide cycloneslider-slide-image\" > <img decoding=\"async\" src=\"https:\/\/www.saint-paul-angouleme.fr\/application\/wp-content\/uploads\/2019\/03\/P1370340-960x600.jpg\" alt=\"\" title=\"\" \/> <\/div> <div class=\"cycloneslider-slide cycloneslider-slide-image\" > <img decoding=\"async\" src=\"https:\/\/www.saint-paul-angouleme.fr\/application\/wp-content\/uploads\/2019\/03\/P1370342-960x600.jpg\" alt=\"\" title=\"\" \/> <\/div> <div class=\"cycloneslider-slide cycloneslider-slide-image\" > <img decoding=\"async\" src=\"https:\/\/www.saint-paul-angouleme.fr\/application\/wp-content\/uploads\/2019\/03\/P1370347-960x600.jpg\" alt=\"\" title=\"\" \/> <\/div> <div class=\"cycloneslider-slide cycloneslider-slide-image\" > <img decoding=\"async\" src=\"https:\/\/www.saint-paul-angouleme.fr\/application\/wp-content\/uploads\/2019\/03\/P1370353-960x600.jpg\" alt=\"\" title=\"\" \/> <\/div> <div class=\"cycloneslider-slide cycloneslider-slide-image\" > <img decoding=\"async\" src=\"https:\/\/www.saint-paul-angouleme.fr\/application\/wp-content\/uploads\/2019\/03\/P1370358-960x600.jpg\" alt=\"\" title=\"\" \/> <\/div> <div class=\"cycloneslider-slide cycloneslider-slide-image\" > <img decoding=\"async\" src=\"https:\/\/www.saint-paul-angouleme.fr\/application\/wp-content\/uploads\/2019\/03\/P1370360-960x600.jpg\" alt=\"\" title=\"\" \/> <\/div> <div class=\"cycloneslider-slide cycloneslider-slide-image\" > <img decoding=\"async\" src=\"https:\/\/www.saint-paul-angouleme.fr\/application\/wp-content\/uploads\/2019\/03\/P1370361-960x600.jpg\" alt=\"\" title=\"\" \/> <\/div> <div class=\"cycloneslider-slide cycloneslider-slide-image\" > <img decoding=\"async\" src=\"https:\/\/www.saint-paul-angouleme.fr\/application\/wp-content\/uploads\/2019\/03\/P1370364-960x600.jpg\" alt=\"\" title=\"\" \/> <\/div> <div class=\"cycloneslider-slide cycloneslider-slide-image\" > <img decoding=\"async\" src=\"https:\/\/www.saint-paul-angouleme.fr\/application\/wp-content\/uploads\/2019\/03\/P1370371-960x600.jpg\" alt=\"\" title=\"\" \/> <\/div> <div class=\"cycloneslider-slide cycloneslider-slide-image\" > <img decoding=\"async\" src=\"https:\/\/www.saint-paul-angouleme.fr\/application\/wp-content\/uploads\/2019\/03\/P1370373-960x600.jpg\" alt=\"\" title=\"\" \/> <\/div> <div class=\"cycloneslider-slide cycloneslider-slide-image\" > <img decoding=\"async\" src=\"https:\/\/www.saint-paul-angouleme.fr\/application\/wp-content\/uploads\/2019\/03\/DSC00050-960x600.jpg\" alt=\"\" title=\"\" \/> <\/div> <\/div> <div class=\"cycloneslider-pager\"><\/div> <a href=\"#\" class=\"cycloneslider-prev\"> <span class=\"arrow\"><\/span> <\/a> <a href=\"#\" class=\"cycloneslider-next\"> <span class=\"arrow\"><\/span> <\/a> <\/div>\n","protected":false},"excerpt":{"rendered":"<p>Pour la troisi\u00e8me \u00e9dition de son \u2018Concours d\u2019\u00e9loquence\u2019 le Rotary a choisi pour th\u00e8me\u00a0: \u00ab\u00a0Osons l\u2019altruisme pour un monde meilleur\u00a0\u00bb. A Saint-Paul 15 \u00e9l\u00e8ves se sont inscrits. Ils \u00e9taient sept lors de la pr\u00e9c\u00e9dente \u00e9dition en 2017. D\u00e8s lors, plusieurs semaines avant le concours ils vont s\u2019entra\u00eener. Accompagn\u00e9s par Mmes ARNAUD et LONGO ainsi que &#8230; <a title=\"De beaux plaidoyers au concours d&#8217;\u00e9loquence 2019\" class=\"read-more\" href=\"https:\/\/www.saint-paul-angouleme.fr\/application\/de-beaux-plaidoyers-au-concours-deloquence-2019\/\" aria-label=\"Read more about De beaux plaidoyers au concours d&#8217;\u00e9loquence 2019\">Lire la suite<\/a><\/p>\n","protected":false},"author":3,"featured_media":0,"comment_status":"open","ping_status":"open","sticky":false,"template":"","format":"standard","meta":{"_exactmetrics_skip_tracking":false,"_exactmetrics_sitenote_active":false,"_exactmetrics_sitenote_note":"","_exactmetrics_sitenote_category":0,"footnotes":""},"categories":[2],"tags":[],"class_list":["post-4043","post","type-post","status-publish","format-standard","hentry","category-look-on"],"yoast_head":"<!-- This site is optimized with the Yoast SEO plugin v23.3 - https:\/\/yoast.com\/wordpress\/plugins\/seo\/ -->\n<title>De beaux plaidoyers au concours d&#039;\u00e9loquence 2019 - Actualit\u00e9s<\/title>\n<meta name=\"description\" content=\"Pour la 3\u00e8me \u00e9dition de son \u2018Concours d\u2019\u00e9loquence\u2019 le Rotary a choisi pour th\u00e8me : \u00abOsons l\u2019altruisme pour un monde meilleur\u00bb.15 \u00e9l\u00e8ves sont inscrits.\" \/>\n<meta name=\"robots\" content=\"index, follow, max-snippet:-1, max-image-preview:large, max-video-preview:-1\" \/>\n<link rel=\"canonical\" href=\"https:\/\/www.saint-paul-angouleme.fr\/application\/de-beaux-plaidoyers-au-concours-deloquence-2019\/\" \/>\n<meta property=\"og:locale\" content=\"fr_FR\" \/>\n<meta property=\"og:type\" content=\"article\" \/>\n<meta property=\"og:title\" content=\"De beaux plaidoyers au concours d&#039;\u00e9loquence 2019 - Actualit\u00e9s\" \/>\n<meta property=\"og:description\" content=\"Pour la 3\u00e8me \u00e9dition de son \u2018Concours d\u2019\u00e9loquence\u2019 le Rotary a choisi pour th\u00e8me : \u00abOsons l\u2019altruisme pour un monde meilleur\u00bb.15 \u00e9l\u00e8ves sont inscrits.\" \/>\n<meta property=\"og:url\" content=\"https:\/\/www.saint-paul-angouleme.fr\/application\/de-beaux-plaidoyers-au-concours-deloquence-2019\/\" \/>\n<meta property=\"og:site_name\" content=\"Actualit\u00e9s\" \/>\n<meta property=\"article:publisher\" content=\"https:\/\/www.facebook.com\/SaintPaulAngouleme16\/\" \/>\n<meta property=\"article:published_time\" content=\"2019-03-08T17:44:45+00:00\" \/>\n<meta property=\"article:modified_time\" content=\"2019-05-28T13:43:32+00:00\" \/>\n<meta property=\"og:image\" content=\"https:\/\/www.saint-paul-angouleme.fr\/application\/wp-content\/uploads\/2019\/03\/IMG_20190216_085645-1024x768.jpg\" \/>\n<meta name=\"author\" content=\"SAINT-PAUL\" \/>\n<meta name=\"twitter:card\" content=\"summary_large_image\" \/>\n<meta name=\"twitter:creator\" content=\"@StPaulAngoulem\" \/>\n<meta name=\"twitter:site\" content=\"@StPaulAngoulem\" \/>\n<meta name=\"twitter:label1\" content=\"\u00c9crit par\" \/>\n\t<meta name=\"twitter:data1\" content=\"SAINT-PAUL\" \/>\n\t<meta name=\"twitter:label2\" content=\"Dur\u00e9e de lecture estim\u00e9e\" \/>\n\t<meta name=\"twitter:data2\" content=\"3 minutes\" \/>\n<script type=\"application\/ld+json\" class=\"yoast-schema-graph\">{\"@context\":\"https:\/\/schema.org\",\"@graph\":[{\"@type\":\"Article\",\"@id\":\"https:\/\/www.saint-paul-angouleme.fr\/application\/de-beaux-plaidoyers-au-concours-deloquence-2019\/#article\",\"isPartOf\":{\"@id\":\"https:\/\/www.saint-paul-angouleme.fr\/application\/de-beaux-plaidoyers-au-concours-deloquence-2019\/\"},\"author\":{\"name\":\"SAINT-PAUL\",\"@id\":\"https:\/\/www.saint-paul-angouleme.fr\/application\/#\/schema\/person\/ea152930b1a3823659065827b1a5fb9b\"},\"headline\":\"De beaux plaidoyers au concours d&#8217;\u00e9loquence 2019\",\"datePublished\":\"2019-03-08T17:44:45+00:00\",\"dateModified\":\"2019-05-28T13:43:32+00:00\",\"mainEntityOfPage\":{\"@id\":\"https:\/\/www.saint-paul-angouleme.fr\/application\/de-beaux-plaidoyers-au-concours-deloquence-2019\/\"},\"wordCount\":695,\"commentCount\":1,\"publisher\":{\"@id\":\"https:\/\/www.saint-paul-angouleme.fr\/application\/#organization\"},\"image\":{\"@id\":\"https:\/\/www.saint-paul-angouleme.fr\/application\/de-beaux-plaidoyers-au-concours-deloquence-2019\/#primaryimage\"},\"thumbnailUrl\":\"https:\/\/www.saint-paul-angouleme.fr\/application\/wp-content\/uploads\/2019\/03\/IMG_20190216_085645-1024x768.jpg\",\"articleSection\":[\"Look on\"],\"inLanguage\":\"fr-FR\",\"potentialAction\":[{\"@type\":\"CommentAction\",\"name\":\"Comment\",\"target\":[\"https:\/\/www.saint-paul-angouleme.fr\/application\/de-beaux-plaidoyers-au-concours-deloquence-2019\/#respond\"]}]},{\"@type\":\"WebPage\",\"@id\":\"https:\/\/www.saint-paul-angouleme.fr\/application\/de-beaux-plaidoyers-au-concours-deloquence-2019\/\",\"url\":\"https:\/\/www.saint-paul-angouleme.fr\/application\/de-beaux-plaidoyers-au-concours-deloquence-2019\/\",\"name\":\"De beaux plaidoyers au concours d'\u00e9loquence 2019 - Actualit\u00e9s\",\"isPartOf\":{\"@id\":\"https:\/\/www.saint-paul-angouleme.fr\/application\/#website\"},\"primaryImageOfPage\":{\"@id\":\"https:\/\/www.saint-paul-angouleme.fr\/application\/de-beaux-plaidoyers-au-concours-deloquence-2019\/#primaryimage\"},\"image\":{\"@id\":\"https:\/\/www.saint-paul-angouleme.fr\/application\/de-beaux-plaidoyers-au-concours-deloquence-2019\/#primaryimage\"},\"thumbnailUrl\":\"https:\/\/www.saint-paul-angouleme.fr\/application\/wp-content\/uploads\/2019\/03\/IMG_20190216_085645-1024x768.jpg\",\"datePublished\":\"2019-03-08T17:44:45+00:00\",\"dateModified\":\"2019-05-28T13:43:32+00:00\",\"description\":\"Pour la 3\u00e8me \u00e9dition de son \u2018Concours d\u2019\u00e9loquence\u2019 le Rotary a choisi pour th\u00e8me : \u00abOsons l\u2019altruisme pour un monde meilleur\u00bb.15 \u00e9l\u00e8ves sont inscrits.\",\"breadcrumb\":{\"@id\":\"https:\/\/www.saint-paul-angouleme.fr\/application\/de-beaux-plaidoyers-au-concours-deloquence-2019\/#breadcrumb\"},\"inLanguage\":\"fr-FR\",\"potentialAction\":[{\"@type\":\"ReadAction\",\"target\":[\"https:\/\/www.saint-paul-angouleme.fr\/application\/de-beaux-plaidoyers-au-concours-deloquence-2019\/\"]}]},{\"@type\":\"ImageObject\",\"inLanguage\":\"fr-FR\",\"@id\":\"https:\/\/www.saint-paul-angouleme.fr\/application\/de-beaux-plaidoyers-au-concours-deloquence-2019\/#primaryimage\",\"url\":\"https:\/\/www.saint-paul-angouleme.fr\/application\/wp-content\/uploads\/2019\/03\/IMG_20190216_085645.jpg\",\"contentUrl\":\"https:\/\/www.saint-paul-angouleme.fr\/application\/wp-content\/uploads\/2019\/03\/IMG_20190216_085645.jpg\",\"width\":3649,\"height\":2737,\"caption\":\"cof\"},{\"@type\":\"BreadcrumbList\",\"@id\":\"https:\/\/www.saint-paul-angouleme.fr\/application\/de-beaux-plaidoyers-au-concours-deloquence-2019\/#breadcrumb\",\"itemListElement\":[{\"@type\":\"ListItem\",\"position\":1,\"name\":\"Accueil\",\"item\":\"http:\/\/www.saint-paul-angouleme.fr\/application\/\"},{\"@type\":\"ListItem\",\"position\":2,\"name\":\"De beaux plaidoyers au concours d&#8217;\u00e9loquence 2019\"}]},{\"@type\":\"WebSite\",\"@id\":\"https:\/\/www.saint-paul-angouleme.fr\/application\/#website\",\"url\":\"https:\/\/www.saint-paul-angouleme.fr\/application\/\",\"name\":\"Actualit\u00e9s\",\"description\":\"Actualit\u00e9s Saint Paul\",\"publisher\":{\"@id\":\"https:\/\/www.saint-paul-angouleme.fr\/application\/#organization\"},\"potentialAction\":[{\"@type\":\"SearchAction\",\"target\":{\"@type\":\"EntryPoint\",\"urlTemplate\":\"https:\/\/www.saint-paul-angouleme.fr\/application\/?s={search_term_string}\"},\"query-input\":\"required name=search_term_string\"}],\"inLanguage\":\"fr-FR\"},{\"@type\":\"Organization\",\"@id\":\"https:\/\/www.saint-paul-angouleme.fr\/application\/#organization\",\"name\":\"Ensemble scolaire Saint-Paul\",\"url\":\"https:\/\/www.saint-paul-angouleme.fr\/application\/\",\"logo\":{\"@type\":\"ImageObject\",\"inLanguage\":\"fr-FR\",\"@id\":\"https:\/\/www.saint-paul-angouleme.fr\/application\/#\/schema\/logo\/image\/\",\"url\":\"https:\/\/www.saint-paul-angouleme.fr\/application\/wp-content\/uploads\/2018\/08\/logo-saint-paul-couleurs.jpg\",\"contentUrl\":\"https:\/\/www.saint-paul-angouleme.fr\/application\/wp-content\/uploads\/2018\/08\/logo-saint-paul-couleurs.jpg\",\"width\":1890,\"height\":709,\"caption\":\"Ensemble scolaire Saint-Paul\"},\"image\":{\"@id\":\"https:\/\/www.saint-paul-angouleme.fr\/application\/#\/schema\/logo\/image\/\"},\"sameAs\":[\"https:\/\/www.facebook.com\/SaintPaulAngouleme16\/\",\"https:\/\/x.com\/StPaulAngoulem\",\"https:\/\/www.youtube.com\/channel\/UCRLpz1CmPVqc0gn--YyXvjA?view_as=subscriber\"]},{\"@type\":\"Person\",\"@id\":\"https:\/\/www.saint-paul-angouleme.fr\/application\/#\/schema\/person\/ea152930b1a3823659065827b1a5fb9b\",\"name\":\"SAINT-PAUL\",\"image\":{\"@type\":\"ImageObject\",\"inLanguage\":\"fr-FR\",\"@id\":\"https:\/\/www.saint-paul-angouleme.fr\/application\/#\/schema\/person\/image\/\",\"url\":\"https:\/\/secure.gravatar.com\/avatar\/eadb0ffebc02683a61d69038eb2924f0?s=96&r=g\",\"contentUrl\":\"https:\/\/secure.gravatar.com\/avatar\/eadb0ffebc02683a61d69038eb2924f0?s=96&r=g\",\"caption\":\"SAINT-PAUL\"},\"url\":\"https:\/\/www.saint-paul-angouleme.fr\/application\/author\/myriam\/\"}]}<\/script>\n<!-- \/ Yoast SEO plugin. -->","yoast_head_json":{"title":"De beaux plaidoyers au concours d'\u00e9loquence 2019 - Actualit\u00e9s","description":"Pour la 3\u00e8me \u00e9dition de son \u2018Concours d\u2019\u00e9loquence\u2019 le Rotary a choisi pour th\u00e8me : \u00abOsons l\u2019altruisme pour un monde meilleur\u00bb.15 \u00e9l\u00e8ves sont inscrits.","robots":{"index":"index","follow":"follow","max-snippet":"max-snippet:-1","max-image-preview":"max-image-preview:large","max-video-preview":"max-video-preview:-1"},"canonical":"https:\/\/www.saint-paul-angouleme.fr\/application\/de-beaux-plaidoyers-au-concours-deloquence-2019\/","og_locale":"fr_FR","og_type":"article","og_title":"De beaux plaidoyers au concours d'\u00e9loquence 2019 - Actualit\u00e9s","og_description":"Pour la 3\u00e8me \u00e9dition de son \u2018Concours d\u2019\u00e9loquence\u2019 le Rotary a choisi pour th\u00e8me : \u00abOsons l\u2019altruisme pour un monde meilleur\u00bb.15 \u00e9l\u00e8ves sont inscrits.","og_url":"https:\/\/www.saint-paul-angouleme.fr\/application\/de-beaux-plaidoyers-au-concours-deloquence-2019\/","og_site_name":"Actualit\u00e9s","article_publisher":"https:\/\/www.facebook.com\/SaintPaulAngouleme16\/","article_published_time":"2019-03-08T17:44:45+00:00","article_modified_time":"2019-05-28T13:43:32+00:00","og_image":[{"url":"https:\/\/www.saint-paul-angouleme.fr\/application\/wp-content\/uploads\/2019\/03\/IMG_20190216_085645-1024x768.jpg"}],"author":"SAINT-PAUL","twitter_card":"summary_large_image","twitter_creator":"@StPaulAngoulem","twitter_site":"@StPaulAngoulem","twitter_misc":{"\u00c9crit par":"SAINT-PAUL","Dur\u00e9e de lecture estim\u00e9e":"3 minutes"},"schema":{"@context":"https:\/\/schema.org","@graph":[{"@type":"Article","@id":"https:\/\/www.saint-paul-angouleme.fr\/application\/de-beaux-plaidoyers-au-concours-deloquence-2019\/#article","isPartOf":{"@id":"https:\/\/www.saint-paul-angouleme.fr\/application\/de-beaux-plaidoyers-au-concours-deloquence-2019\/"},"author":{"name":"SAINT-PAUL","@id":"https:\/\/www.saint-paul-angouleme.fr\/application\/#\/schema\/person\/ea152930b1a3823659065827b1a5fb9b"},"headline":"De beaux plaidoyers au concours d&#8217;\u00e9loquence 2019","datePublished":"2019-03-08T17:44:45+00:00","dateModified":"2019-05-28T13:43:32+00:00","mainEntityOfPage":{"@id":"https:\/\/www.saint-paul-angouleme.fr\/application\/de-beaux-plaidoyers-au-concours-deloquence-2019\/"},"wordCount":695,"commentCount":1,"publisher":{"@id":"https:\/\/www.saint-paul-angouleme.fr\/application\/#organization"},"image":{"@id":"https:\/\/www.saint-paul-angouleme.fr\/application\/de-beaux-plaidoyers-au-concours-deloquence-2019\/#primaryimage"},"thumbnailUrl":"https:\/\/www.saint-paul-angouleme.fr\/application\/wp-content\/uploads\/2019\/03\/IMG_20190216_085645-1024x768.jpg","articleSection":["Look on"],"inLanguage":"fr-FR","potentialAction":[{"@type":"CommentAction","name":"Comment","target":["https:\/\/www.saint-paul-angouleme.fr\/application\/de-beaux-plaidoyers-au-concours-deloquence-2019\/#respond"]}]},{"@type":"WebPage","@id":"https:\/\/www.saint-paul-angouleme.fr\/application\/de-beaux-plaidoyers-au-concours-deloquence-2019\/","url":"https:\/\/www.saint-paul-angouleme.fr\/application\/de-beaux-plaidoyers-au-concours-deloquence-2019\/","name":"De beaux plaidoyers au concours d'\u00e9loquence 2019 - Actualit\u00e9s","isPartOf":{"@id":"https:\/\/www.saint-paul-angouleme.fr\/application\/#website"},"primaryImageOfPage":{"@id":"https:\/\/www.saint-paul-angouleme.fr\/application\/de-beaux-plaidoyers-au-concours-deloquence-2019\/#primaryimage"},"image":{"@id":"https:\/\/www.saint-paul-angouleme.fr\/application\/de-beaux-plaidoyers-au-concours-deloquence-2019\/#primaryimage"},"thumbnailUrl":"https:\/\/www.saint-paul-angouleme.fr\/application\/wp-content\/uploads\/2019\/03\/IMG_20190216_085645-1024x768.jpg","datePublished":"2019-03-08T17:44:45+00:00","dateModified":"2019-05-28T13:43:32+00:00","description":"Pour la 3\u00e8me \u00e9dition de son \u2018Concours d\u2019\u00e9loquence\u2019 le Rotary a choisi pour th\u00e8me : \u00abOsons l\u2019altruisme pour un monde meilleur\u00bb.15 \u00e9l\u00e8ves sont inscrits.","breadcrumb":{"@id":"https:\/\/www.saint-paul-angouleme.fr\/application\/de-beaux-plaidoyers-au-concours-deloquence-2019\/#breadcrumb"},"inLanguage":"fr-FR","potentialAction":[{"@type":"ReadAction","target":["https:\/\/www.saint-paul-angouleme.fr\/application\/de-beaux-plaidoyers-au-concours-deloquence-2019\/"]}]},{"@type":"ImageObject","inLanguage":"fr-FR","@id":"https:\/\/www.saint-paul-angouleme.fr\/application\/de-beaux-plaidoyers-au-concours-deloquence-2019\/#primaryimage","url":"https:\/\/www.saint-paul-angouleme.fr\/application\/wp-content\/uploads\/2019\/03\/IMG_20190216_085645.jpg","contentUrl":"https:\/\/www.saint-paul-angouleme.fr\/application\/wp-content\/uploads\/2019\/03\/IMG_20190216_085645.jpg","width":3649,"height":2737,"caption":"cof"},{"@type":"BreadcrumbList","@id":"https:\/\/www.saint-paul-angouleme.fr\/application\/de-beaux-plaidoyers-au-concours-deloquence-2019\/#breadcrumb","itemListElement":[{"@type":"ListItem","position":1,"name":"Accueil","item":"http:\/\/www.saint-paul-angouleme.fr\/application\/"},{"@type":"ListItem","position":2,"name":"De beaux plaidoyers au concours d&#8217;\u00e9loquence 2019"}]},{"@type":"WebSite","@id":"https:\/\/www.saint-paul-angouleme.fr\/application\/#website","url":"https:\/\/www.saint-paul-angouleme.fr\/application\/","name":"Actualit\u00e9s","description":"Actualit\u00e9s Saint Paul","publisher":{"@id":"https:\/\/www.saint-paul-angouleme.fr\/application\/#organization"},"potentialAction":[{"@type":"SearchAction","target":{"@type":"EntryPoint","urlTemplate":"https:\/\/www.saint-paul-angouleme.fr\/application\/?s={search_term_string}"},"query-input":"required name=search_term_string"}],"inLanguage":"fr-FR"},{"@type":"Organization","@id":"https:\/\/www.saint-paul-angouleme.fr\/application\/#organization","name":"Ensemble scolaire Saint-Paul","url":"https:\/\/www.saint-paul-angouleme.fr\/application\/","logo":{"@type":"ImageObject","inLanguage":"fr-FR","@id":"https:\/\/www.saint-paul-angouleme.fr\/application\/#\/schema\/logo\/image\/","url":"https:\/\/www.saint-paul-angouleme.fr\/application\/wp-content\/uploads\/2018\/08\/logo-saint-paul-couleurs.jpg","contentUrl":"https:\/\/www.saint-paul-angouleme.fr\/application\/wp-content\/uploads\/2018\/08\/logo-saint-paul-couleurs.jpg","width":1890,"height":709,"caption":"Ensemble scolaire Saint-Paul"},"image":{"@id":"https:\/\/www.saint-paul-angouleme.fr\/application\/#\/schema\/logo\/image\/"},"sameAs":["https:\/\/www.facebook.com\/SaintPaulAngouleme16\/","https:\/\/x.com\/StPaulAngoulem","https:\/\/www.youtube.com\/channel\/UCRLpz1CmPVqc0gn--YyXvjA?view_as=subscriber"]},{"@type":"Person","@id":"https:\/\/www.saint-paul-angouleme.fr\/application\/#\/schema\/person\/ea152930b1a3823659065827b1a5fb9b","name":"SAINT-PAUL","image":{"@type":"ImageObject","inLanguage":"fr-FR","@id":"https:\/\/www.saint-paul-angouleme.fr\/application\/#\/schema\/person\/image\/","url":"https:\/\/secure.gravatar.com\/avatar\/eadb0ffebc02683a61d69038eb2924f0?s=96&r=g","contentUrl":"https:\/\/secure.gravatar.com\/avatar\/eadb0ffebc02683a61d69038eb2924f0?s=96&r=g","caption":"SAINT-PAUL"},"url":"https:\/\/www.saint-paul-angouleme.fr\/application\/author\/myriam\/"}]}},"_links":{"self":[{"href":"https:\/\/www.saint-paul-angouleme.fr\/application\/wp-json\/wp\/v2\/posts\/4043"}],"collection":[{"href":"https:\/\/www.saint-paul-angouleme.fr\/application\/wp-json\/wp\/v2\/posts"}],"about":[{"href":"https:\/\/www.saint-paul-angouleme.fr\/application\/wp-json\/wp\/v2\/types\/post"}],"author":[{"embeddable":true,"href":"https:\/\/www.saint-paul-angouleme.fr\/application\/wp-json\/wp\/v2\/users\/3"}],"replies":[{"embeddable":true,"href":"https:\/\/www.saint-paul-angouleme.fr\/application\/wp-json\/wp\/v2\/comments?post=4043"}],"version-history":[{"count":23,"href":"https:\/\/www.saint-paul-angouleme.fr\/application\/wp-json\/wp\/v2\/posts\/4043\/revisions"}],"predecessor-version":[{"id":5691,"href":"https:\/\/www.saint-paul-angouleme.fr\/application\/wp-json\/wp\/v2\/posts\/4043\/revisions\/5691"}],"wp:attachment":[{"href":"https:\/\/www.saint-paul-angouleme.fr\/application\/wp-json\/wp\/v2\/media?parent=4043"}],"wp:term":[{"taxonomy":"category","embeddable":true,"href":"https:\/\/www.saint-paul-angouleme.fr\/application\/wp-json\/wp\/v2\/categories?post=4043"},{"taxonomy":"post_tag","embeddable":true,"href":"https:\/\/www.saint-paul-angouleme.fr\/application\/wp-json\/wp\/v2\/tags?post=4043"}],"curies":[{"name":"wp","href":"https:\/\/api.w.org\/{rel}","templated":true}]}}