{"id":401,"date":"2017-03-25T00:40:19","date_gmt":"2017-03-24T23:40:19","guid":{"rendered":"http:\/\/www.saint-paul-angouleme.fr\/application\/?p=401"},"modified":"2017-03-24T21:16:29","modified_gmt":"2017-03-24T20:16:29","slug":"portes-ouvertes-2017-merci-a-nos-jeunes-guides","status":"publish","type":"post","link":"https:\/\/www.saint-paul-angouleme.fr\/application\/portes-ouvertes-2017-merci-a-nos-jeunes-guides\/","title":{"rendered":"PORTES OUVERTES 2017 : merci \u00e0 nos jeunes guides !"},"content":{"rendered":"<p style=\"text-align: justify;\"><span style=\"color: #333333; font-family: arial,helvetica,sans-serif; font-size: 20px;\"><a href=\"http:\/\/www.saint-paul-angouleme.fr\/application\/wp-content\/uploads\/2017\/03\/20170318_095504.jpg\"><img loading=\"lazy\" decoding=\"async\" class=\"aligncenter size-large wp-image-402\" src=\"http:\/\/www.saint-paul-angouleme.fr\/application\/wp-content\/uploads\/2017\/03\/20170318_095504-1024x576.jpg\" alt=\"\" width=\"1024\" height=\"576\" srcset=\"https:\/\/www.saint-paul-angouleme.fr\/application\/wp-content\/uploads\/2017\/03\/20170318_095504-1024x576.jpg 1024w, https:\/\/www.saint-paul-angouleme.fr\/application\/wp-content\/uploads\/2017\/03\/20170318_095504-300x169.jpg 300w, https:\/\/www.saint-paul-angouleme.fr\/application\/wp-content\/uploads\/2017\/03\/20170318_095504-768x432.jpg 768w\" sizes=\"(max-width: 1024px) 100vw, 1024px\" \/><\/a><\/span><\/p>\n<p style=\"text-align: justify;\"><span style=\"color: #333333; font-family: arial,helvetica,sans-serif; font-size: 20px;\">Depuis de nombreuses ann\u00e9es la tradition veut que nos \u00e9l\u00e8ves fassent d\u00e9couvrir leur \u00e9tablissement aux familles qui viennent \u00e0 notre rencontre lors des \u00ab\u00a0Portes Ouvertes\u00a0\u00bb. Ils y passent beaucoup de temps et y sont souvent tr\u00e8s attach\u00e9s, fiers m\u00eame de pouvoir le faire visiter. Cela se fait bien s\u00fbr sur la base du volontariat\u00a0: les coll\u00e9giens ou lyc\u00e9ens int\u00e9ress\u00e9s s\u2019inscrivent aupr\u00e8s des vies scolaires.<\/span><\/p>\n<p style=\"text-align: justify;\"><span style=\"color: #333333; font-family: arial,helvetica,sans-serif; font-size: 20px;\"><a href=\"http:\/\/www.saint-paul-angouleme.fr\/application\/wp-content\/uploads\/2017\/03\/IMG_4382.jpg\"><img loading=\"lazy\" decoding=\"async\" class=\"alignleft size-medium wp-image-404\" src=\"http:\/\/www.saint-paul-angouleme.fr\/application\/wp-content\/uploads\/2017\/03\/IMG_4382-300x225.jpg\" alt=\"\" width=\"300\" height=\"225\" srcset=\"https:\/\/www.saint-paul-angouleme.fr\/application\/wp-content\/uploads\/2017\/03\/IMG_4382-300x225.jpg 300w, https:\/\/www.saint-paul-angouleme.fr\/application\/wp-content\/uploads\/2017\/03\/IMG_4382-768x576.jpg 768w, https:\/\/www.saint-paul-angouleme.fr\/application\/wp-content\/uploads\/2017\/03\/IMG_4382-1024x768.jpg 1024w\" sizes=\"(max-width: 300px) 100vw, 300px\" \/><\/a>Cette ann\u00e9e la participation de nos \u00e9l\u00e8ves a battu des records\u00a0! 130 \u00e9l\u00e8ves (80 coll\u00e9giens et 50 lyc\u00e9ens) ont r\u00e9pondu pr\u00e9sents pour les Portes Ouverte du 18 mars 2017 (ils \u00e9taient 120 l\u2019ann\u00e9e derni\u00e8re). Devant cette affluence, nous avons d\u00fb limiter les candidatures et retenir les premiers inscrits seulement.<\/span><\/p>\n<p style=\"text-align: justify;\"><span style=\"color: #333333; font-family: arial,helvetica,sans-serif; font-size: 20px;\">Par groupe de deux, leur r\u00f4le consistait donc \u00e0 accompagner les familles durant leur visite, donner un maximum de pr\u00e9cision, \u00e0 r\u00e9pondre aux questions et ainsi donner aux jeunes et aux parents l\u2019envie de nous rejoindre \u00e0 Saint-Paul. Leur gentillesse et leur efficacit\u00e9 a \u00e9t\u00e9 tr\u00e8s appr\u00e9ci\u00e9e par nos visiteurs.<\/span><\/p>\n<p style=\"text-align: justify;\"><span style=\"color: #333333; font-family: arial,helvetica,sans-serif; font-size: 20px;\">Pour les remercier une petite surprise les attendait le samedi au matin\u00a0: chaque \u00e9l\u00e8ve a re\u00e7u un polo aux nouvelles couleurs de Saint-Paul et le repas leur a \u00e9t\u00e9 offert (ils ont m\u00eame pu partager la salle de restaurant des adultes ce qui, pour certains, n\u2019\u00e9tait pas rien\u2026). Encore un grand merci \u00e0 chacun d&#8217;eux !<\/span><\/p>\n<p style=\"text-align: justify;\"><a href=\"http:\/\/iframe%20src=https:\/\/s.joomeo.com\/i\/58d56472b97fd%20width=400%20height=300%20scrolling=no%20frameborder=0%20\/iframe\">http:\/\/<iframe loading=\"lazy\" src=\"https:\/\/s.joomeo.com\/i\/58d56472b97fd\" width=\"400\" height=\"300\" frameborder=\"0\" scrolling=\"no\"><\/iframe><\/a><\/p>\n<p style=\"text-align: justify;\">\u00a0\u00a0\u00a0\u00a0\u00a0\u00a0\u00a0\u00a0\u00a0\u00a0\u00a0 <span style=\"font-family: Thread-00001b44-Id-0000001d;\"><em>Si vous ne parvenez pas \u00e0 lire ce diaporama, <\/em><em>rejoignez notre page Facebook \u2018Ensemble scolaire Saint-Paul Angoul\u00eame\u2019\u00a0<\/em><\/span><span style=\"font-family: Thread-00001b44-Id-0000001d;\"><em>ou notre compte Twitter \u2018Saint-Paul Angoul\u00eame\u2019<\/em><\/span><\/p>\n<p style=\"text-align: justify;\"><a href=\"http:\/\/www.saint-paul-angouleme.fr\/application\/wp-content\/uploads\/2017\/03\/IMG_4381.jpg\"><img loading=\"lazy\" decoding=\"async\" class=\"aligncenter size-large wp-image-403\" src=\"http:\/\/www.saint-paul-angouleme.fr\/application\/wp-content\/uploads\/2017\/03\/IMG_4381-1024x768.jpg\" alt=\"\" width=\"1024\" height=\"768\" srcset=\"https:\/\/www.saint-paul-angouleme.fr\/application\/wp-content\/uploads\/2017\/03\/IMG_4381-1024x768.jpg 1024w, https:\/\/www.saint-paul-angouleme.fr\/application\/wp-content\/uploads\/2017\/03\/IMG_4381-300x225.jpg 300w, https:\/\/www.saint-paul-angouleme.fr\/application\/wp-content\/uploads\/2017\/03\/IMG_4381-768x576.jpg 768w\" sizes=\"(max-width: 1024px) 100vw, 1024px\" \/><\/a><\/p>\n","protected":false},"excerpt":{"rendered":"<p>Depuis de nombreuses ann\u00e9es la tradition veut que nos \u00e9l\u00e8ves fassent d\u00e9couvrir leur \u00e9tablissement aux familles qui viennent \u00e0 notre rencontre lors des \u00ab\u00a0Portes Ouvertes\u00a0\u00bb. Ils y passent beaucoup de temps et y sont souvent tr\u00e8s attach\u00e9s, fiers m\u00eame de pouvoir le faire visiter. Cela se fait bien s\u00fbr sur la base du volontariat\u00a0: les &#8230; <a title=\"PORTES OUVERTES 2017 : merci \u00e0 nos jeunes guides !\" class=\"read-more\" href=\"https:\/\/www.saint-paul-angouleme.fr\/application\/portes-ouvertes-2017-merci-a-nos-jeunes-guides\/\" aria-label=\"Read more about PORTES OUVERTES 2017 : merci \u00e0 nos jeunes guides !\">Lire la suite<\/a><\/p>\n","protected":false},"author":3,"featured_media":0,"comment_status":"open","ping_status":"open","sticky":false,"template":"","format":"standard","meta":{"_exactmetrics_skip_tracking":false,"_exactmetrics_sitenote_active":false,"_exactmetrics_sitenote_note":"","_exactmetrics_sitenote_category":0,"footnotes":""},"categories":[2],"tags":[],"class_list":["post-401","post","type-post","status-publish","format-standard","hentry","category-look-on"],"yoast_head":"<!-- This site is optimized with the Yoast SEO plugin v23.3 - https:\/\/yoast.com\/wordpress\/plugins\/seo\/ -->\n<title>PORTES OUVERTES 2017 : merci \u00e0 nos jeunes guides ! - Actualit\u00e9s<\/title>\n<meta name=\"robots\" content=\"index, follow, max-snippet:-1, max-image-preview:large, max-video-preview:-1\" \/>\n<link rel=\"canonical\" href=\"https:\/\/www.saint-paul-angouleme.fr\/application\/portes-ouvertes-2017-merci-a-nos-jeunes-guides\/\" \/>\n<meta property=\"og:locale\" content=\"fr_FR\" \/>\n<meta property=\"og:type\" content=\"article\" \/>\n<meta property=\"og:title\" content=\"PORTES OUVERTES 2017 : merci \u00e0 nos jeunes guides ! - Actualit\u00e9s\" \/>\n<meta property=\"og:description\" content=\"Depuis de nombreuses ann\u00e9es la tradition veut que nos \u00e9l\u00e8ves fassent d\u00e9couvrir leur \u00e9tablissement aux familles qui viennent \u00e0 notre rencontre lors des \u00ab\u00a0Portes Ouvertes\u00a0\u00bb. Ils y passent beaucoup de temps et y sont souvent tr\u00e8s attach\u00e9s, fiers m\u00eame de pouvoir le faire visiter. Cela se fait bien s\u00fbr sur la base du volontariat\u00a0: les ... Lire la suite\" \/>\n<meta property=\"og:url\" content=\"https:\/\/www.saint-paul-angouleme.fr\/application\/portes-ouvertes-2017-merci-a-nos-jeunes-guides\/\" \/>\n<meta property=\"og:site_name\" content=\"Actualit\u00e9s\" \/>\n<meta property=\"article:publisher\" content=\"https:\/\/www.facebook.com\/SaintPaulAngouleme16\/\" \/>\n<meta property=\"article:published_time\" content=\"2017-03-24T23:40:19+00:00\" \/>\n<meta property=\"article:modified_time\" content=\"2017-03-24T20:16:29+00:00\" \/>\n<meta property=\"og:image\" content=\"http:\/\/www.saint-paul-angouleme.fr\/application\/wp-content\/uploads\/2017\/03\/20170318_095504-1024x576.jpg\" \/>\n<meta name=\"author\" content=\"SAINT-PAUL\" \/>\n<meta name=\"twitter:card\" content=\"summary_large_image\" \/>\n<meta name=\"twitter:creator\" content=\"@StPaulAngoulem\" \/>\n<meta name=\"twitter:site\" content=\"@StPaulAngoulem\" \/>\n<meta name=\"twitter:label1\" content=\"\u00c9crit par\" \/>\n\t<meta name=\"twitter:data1\" content=\"SAINT-PAUL\" \/>\n\t<meta name=\"twitter:label2\" content=\"Dur\u00e9e de lecture estim\u00e9e\" \/>\n\t<meta name=\"twitter:data2\" content=\"1 minute\" \/>\n<script type=\"application\/ld+json\" class=\"yoast-schema-graph\">{\"@context\":\"https:\/\/schema.org\",\"@graph\":[{\"@type\":\"Article\",\"@id\":\"https:\/\/www.saint-paul-angouleme.fr\/application\/portes-ouvertes-2017-merci-a-nos-jeunes-guides\/#article\",\"isPartOf\":{\"@id\":\"https:\/\/www.saint-paul-angouleme.fr\/application\/portes-ouvertes-2017-merci-a-nos-jeunes-guides\/\"},\"author\":{\"name\":\"SAINT-PAUL\",\"@id\":\"https:\/\/www.saint-paul-angouleme.fr\/application\/#\/schema\/person\/ea152930b1a3823659065827b1a5fb9b\"},\"headline\":\"PORTES OUVERTES 2017 : merci \u00e0 nos jeunes guides !\",\"datePublished\":\"2017-03-24T23:40:19+00:00\",\"dateModified\":\"2017-03-24T20:16:29+00:00\",\"mainEntityOfPage\":{\"@id\":\"https:\/\/www.saint-paul-angouleme.fr\/application\/portes-ouvertes-2017-merci-a-nos-jeunes-guides\/\"},\"wordCount\":273,\"commentCount\":0,\"publisher\":{\"@id\":\"https:\/\/www.saint-paul-angouleme.fr\/application\/#organization\"},\"image\":{\"@id\":\"https:\/\/www.saint-paul-angouleme.fr\/application\/portes-ouvertes-2017-merci-a-nos-jeunes-guides\/#primaryimage\"},\"thumbnailUrl\":\"http:\/\/www.saint-paul-angouleme.fr\/application\/wp-content\/uploads\/2017\/03\/20170318_095504-1024x576.jpg\",\"articleSection\":[\"Look on\"],\"inLanguage\":\"fr-FR\",\"potentialAction\":[{\"@type\":\"CommentAction\",\"name\":\"Comment\",\"target\":[\"https:\/\/www.saint-paul-angouleme.fr\/application\/portes-ouvertes-2017-merci-a-nos-jeunes-guides\/#respond\"]}]},{\"@type\":\"WebPage\",\"@id\":\"https:\/\/www.saint-paul-angouleme.fr\/application\/portes-ouvertes-2017-merci-a-nos-jeunes-guides\/\",\"url\":\"https:\/\/www.saint-paul-angouleme.fr\/application\/portes-ouvertes-2017-merci-a-nos-jeunes-guides\/\",\"name\":\"PORTES OUVERTES 2017 : merci \u00e0 nos jeunes guides ! - Actualit\u00e9s\",\"isPartOf\":{\"@id\":\"https:\/\/www.saint-paul-angouleme.fr\/application\/#website\"},\"primaryImageOfPage\":{\"@id\":\"https:\/\/www.saint-paul-angouleme.fr\/application\/portes-ouvertes-2017-merci-a-nos-jeunes-guides\/#primaryimage\"},\"image\":{\"@id\":\"https:\/\/www.saint-paul-angouleme.fr\/application\/portes-ouvertes-2017-merci-a-nos-jeunes-guides\/#primaryimage\"},\"thumbnailUrl\":\"http:\/\/www.saint-paul-angouleme.fr\/application\/wp-content\/uploads\/2017\/03\/20170318_095504-1024x576.jpg\",\"datePublished\":\"2017-03-24T23:40:19+00:00\",\"dateModified\":\"2017-03-24T20:16:29+00:00\",\"breadcrumb\":{\"@id\":\"https:\/\/www.saint-paul-angouleme.fr\/application\/portes-ouvertes-2017-merci-a-nos-jeunes-guides\/#breadcrumb\"},\"inLanguage\":\"fr-FR\",\"potentialAction\":[{\"@type\":\"ReadAction\",\"target\":[\"https:\/\/www.saint-paul-angouleme.fr\/application\/portes-ouvertes-2017-merci-a-nos-jeunes-guides\/\"]}]},{\"@type\":\"ImageObject\",\"inLanguage\":\"fr-FR\",\"@id\":\"https:\/\/www.saint-paul-angouleme.fr\/application\/portes-ouvertes-2017-merci-a-nos-jeunes-guides\/#primaryimage\",\"url\":\"https:\/\/www.saint-paul-angouleme.fr\/application\/wp-content\/uploads\/2017\/03\/20170318_095504.jpg\",\"contentUrl\":\"https:\/\/www.saint-paul-angouleme.fr\/application\/wp-content\/uploads\/2017\/03\/20170318_095504.jpg\",\"width\":3264,\"height\":1836},{\"@type\":\"BreadcrumbList\",\"@id\":\"https:\/\/www.saint-paul-angouleme.fr\/application\/portes-ouvertes-2017-merci-a-nos-jeunes-guides\/#breadcrumb\",\"itemListElement\":[{\"@type\":\"ListItem\",\"position\":1,\"name\":\"Accueil\",\"item\":\"http:\/\/www.saint-paul-angouleme.fr\/application\/\"},{\"@type\":\"ListItem\",\"position\":2,\"name\":\"PORTES OUVERTES 2017 : merci \u00e0 nos jeunes guides !\"}]},{\"@type\":\"WebSite\",\"@id\":\"https:\/\/www.saint-paul-angouleme.fr\/application\/#website\",\"url\":\"https:\/\/www.saint-paul-angouleme.fr\/application\/\",\"name\":\"Actualit\u00e9s\",\"description\":\"Actualit\u00e9s Saint Paul\",\"publisher\":{\"@id\":\"https:\/\/www.saint-paul-angouleme.fr\/application\/#organization\"},\"potentialAction\":[{\"@type\":\"SearchAction\",\"target\":{\"@type\":\"EntryPoint\",\"urlTemplate\":\"https:\/\/www.saint-paul-angouleme.fr\/application\/?s={search_term_string}\"},\"query-input\":\"required name=search_term_string\"}],\"inLanguage\":\"fr-FR\"},{\"@type\":\"Organization\",\"@id\":\"https:\/\/www.saint-paul-angouleme.fr\/application\/#organization\",\"name\":\"Ensemble scolaire Saint-Paul\",\"url\":\"https:\/\/www.saint-paul-angouleme.fr\/application\/\",\"logo\":{\"@type\":\"ImageObject\",\"inLanguage\":\"fr-FR\",\"@id\":\"https:\/\/www.saint-paul-angouleme.fr\/application\/#\/schema\/logo\/image\/\",\"url\":\"https:\/\/www.saint-paul-angouleme.fr\/application\/wp-content\/uploads\/2018\/08\/logo-saint-paul-couleurs.jpg\",\"contentUrl\":\"https:\/\/www.saint-paul-angouleme.fr\/application\/wp-content\/uploads\/2018\/08\/logo-saint-paul-couleurs.jpg\",\"width\":1890,\"height\":709,\"caption\":\"Ensemble scolaire Saint-Paul\"},\"image\":{\"@id\":\"https:\/\/www.saint-paul-angouleme.fr\/application\/#\/schema\/logo\/image\/\"},\"sameAs\":[\"https:\/\/www.facebook.com\/SaintPaulAngouleme16\/\",\"https:\/\/x.com\/StPaulAngoulem\",\"https:\/\/www.youtube.com\/channel\/UCRLpz1CmPVqc0gn--YyXvjA?view_as=subscriber\"]},{\"@type\":\"Person\",\"@id\":\"https:\/\/www.saint-paul-angouleme.fr\/application\/#\/schema\/person\/ea152930b1a3823659065827b1a5fb9b\",\"name\":\"SAINT-PAUL\",\"image\":{\"@type\":\"ImageObject\",\"inLanguage\":\"fr-FR\",\"@id\":\"https:\/\/www.saint-paul-angouleme.fr\/application\/#\/schema\/person\/image\/\",\"url\":\"https:\/\/secure.gravatar.com\/avatar\/eadb0ffebc02683a61d69038eb2924f0?s=96&r=g\",\"contentUrl\":\"https:\/\/secure.gravatar.com\/avatar\/eadb0ffebc02683a61d69038eb2924f0?s=96&r=g\",\"caption\":\"SAINT-PAUL\"},\"url\":\"https:\/\/www.saint-paul-angouleme.fr\/application\/author\/myriam\/\"}]}<\/script>\n<!-- \/ Yoast SEO plugin. -->","yoast_head_json":{"title":"PORTES OUVERTES 2017 : merci \u00e0 nos jeunes guides ! - Actualit\u00e9s","robots":{"index":"index","follow":"follow","max-snippet":"max-snippet:-1","max-image-preview":"max-image-preview:large","max-video-preview":"max-video-preview:-1"},"canonical":"https:\/\/www.saint-paul-angouleme.fr\/application\/portes-ouvertes-2017-merci-a-nos-jeunes-guides\/","og_locale":"fr_FR","og_type":"article","og_title":"PORTES OUVERTES 2017 : merci \u00e0 nos jeunes guides ! - Actualit\u00e9s","og_description":"Depuis de nombreuses ann\u00e9es la tradition veut que nos \u00e9l\u00e8ves fassent d\u00e9couvrir leur \u00e9tablissement aux familles qui viennent \u00e0 notre rencontre lors des \u00ab\u00a0Portes Ouvertes\u00a0\u00bb. Ils y passent beaucoup de temps et y sont souvent tr\u00e8s attach\u00e9s, fiers m\u00eame de pouvoir le faire visiter. Cela se fait bien s\u00fbr sur la base du volontariat\u00a0: les ... Lire la suite","og_url":"https:\/\/www.saint-paul-angouleme.fr\/application\/portes-ouvertes-2017-merci-a-nos-jeunes-guides\/","og_site_name":"Actualit\u00e9s","article_publisher":"https:\/\/www.facebook.com\/SaintPaulAngouleme16\/","article_published_time":"2017-03-24T23:40:19+00:00","article_modified_time":"2017-03-24T20:16:29+00:00","og_image":[{"url":"http:\/\/www.saint-paul-angouleme.fr\/application\/wp-content\/uploads\/2017\/03\/20170318_095504-1024x576.jpg"}],"author":"SAINT-PAUL","twitter_card":"summary_large_image","twitter_creator":"@StPaulAngoulem","twitter_site":"@StPaulAngoulem","twitter_misc":{"\u00c9crit par":"SAINT-PAUL","Dur\u00e9e de lecture estim\u00e9e":"1 minute"},"schema":{"@context":"https:\/\/schema.org","@graph":[{"@type":"Article","@id":"https:\/\/www.saint-paul-angouleme.fr\/application\/portes-ouvertes-2017-merci-a-nos-jeunes-guides\/#article","isPartOf":{"@id":"https:\/\/www.saint-paul-angouleme.fr\/application\/portes-ouvertes-2017-merci-a-nos-jeunes-guides\/"},"author":{"name":"SAINT-PAUL","@id":"https:\/\/www.saint-paul-angouleme.fr\/application\/#\/schema\/person\/ea152930b1a3823659065827b1a5fb9b"},"headline":"PORTES OUVERTES 2017 : merci \u00e0 nos jeunes guides !","datePublished":"2017-03-24T23:40:19+00:00","dateModified":"2017-03-24T20:16:29+00:00","mainEntityOfPage":{"@id":"https:\/\/www.saint-paul-angouleme.fr\/application\/portes-ouvertes-2017-merci-a-nos-jeunes-guides\/"},"wordCount":273,"commentCount":0,"publisher":{"@id":"https:\/\/www.saint-paul-angouleme.fr\/application\/#organization"},"image":{"@id":"https:\/\/www.saint-paul-angouleme.fr\/application\/portes-ouvertes-2017-merci-a-nos-jeunes-guides\/#primaryimage"},"thumbnailUrl":"http:\/\/www.saint-paul-angouleme.fr\/application\/wp-content\/uploads\/2017\/03\/20170318_095504-1024x576.jpg","articleSection":["Look on"],"inLanguage":"fr-FR","potentialAction":[{"@type":"CommentAction","name":"Comment","target":["https:\/\/www.saint-paul-angouleme.fr\/application\/portes-ouvertes-2017-merci-a-nos-jeunes-guides\/#respond"]}]},{"@type":"WebPage","@id":"https:\/\/www.saint-paul-angouleme.fr\/application\/portes-ouvertes-2017-merci-a-nos-jeunes-guides\/","url":"https:\/\/www.saint-paul-angouleme.fr\/application\/portes-ouvertes-2017-merci-a-nos-jeunes-guides\/","name":"PORTES OUVERTES 2017 : merci \u00e0 nos jeunes guides ! - Actualit\u00e9s","isPartOf":{"@id":"https:\/\/www.saint-paul-angouleme.fr\/application\/#website"},"primaryImageOfPage":{"@id":"https:\/\/www.saint-paul-angouleme.fr\/application\/portes-ouvertes-2017-merci-a-nos-jeunes-guides\/#primaryimage"},"image":{"@id":"https:\/\/www.saint-paul-angouleme.fr\/application\/portes-ouvertes-2017-merci-a-nos-jeunes-guides\/#primaryimage"},"thumbnailUrl":"http:\/\/www.saint-paul-angouleme.fr\/application\/wp-content\/uploads\/2017\/03\/20170318_095504-1024x576.jpg","datePublished":"2017-03-24T23:40:19+00:00","dateModified":"2017-03-24T20:16:29+00:00","breadcrumb":{"@id":"https:\/\/www.saint-paul-angouleme.fr\/application\/portes-ouvertes-2017-merci-a-nos-jeunes-guides\/#breadcrumb"},"inLanguage":"fr-FR","potentialAction":[{"@type":"ReadAction","target":["https:\/\/www.saint-paul-angouleme.fr\/application\/portes-ouvertes-2017-merci-a-nos-jeunes-guides\/"]}]},{"@type":"ImageObject","inLanguage":"fr-FR","@id":"https:\/\/www.saint-paul-angouleme.fr\/application\/portes-ouvertes-2017-merci-a-nos-jeunes-guides\/#primaryimage","url":"https:\/\/www.saint-paul-angouleme.fr\/application\/wp-content\/uploads\/2017\/03\/20170318_095504.jpg","contentUrl":"https:\/\/www.saint-paul-angouleme.fr\/application\/wp-content\/uploads\/2017\/03\/20170318_095504.jpg","width":3264,"height":1836},{"@type":"BreadcrumbList","@id":"https:\/\/www.saint-paul-angouleme.fr\/application\/portes-ouvertes-2017-merci-a-nos-jeunes-guides\/#breadcrumb","itemListElement":[{"@type":"ListItem","position":1,"name":"Accueil","item":"http:\/\/www.saint-paul-angouleme.fr\/application\/"},{"@type":"ListItem","position":2,"name":"PORTES OUVERTES 2017 : merci \u00e0 nos jeunes guides !"}]},{"@type":"WebSite","@id":"https:\/\/www.saint-paul-angouleme.fr\/application\/#website","url":"https:\/\/www.saint-paul-angouleme.fr\/application\/","name":"Actualit\u00e9s","description":"Actualit\u00e9s Saint Paul","publisher":{"@id":"https:\/\/www.saint-paul-angouleme.fr\/application\/#organization"},"potentialAction":[{"@type":"SearchAction","target":{"@type":"EntryPoint","urlTemplate":"https:\/\/www.saint-paul-angouleme.fr\/application\/?s={search_term_string}"},"query-input":"required name=search_term_string"}],"inLanguage":"fr-FR"},{"@type":"Organization","@id":"https:\/\/www.saint-paul-angouleme.fr\/application\/#organization","name":"Ensemble scolaire Saint-Paul","url":"https:\/\/www.saint-paul-angouleme.fr\/application\/","logo":{"@type":"ImageObject","inLanguage":"fr-FR","@id":"https:\/\/www.saint-paul-angouleme.fr\/application\/#\/schema\/logo\/image\/","url":"https:\/\/www.saint-paul-angouleme.fr\/application\/wp-content\/uploads\/2018\/08\/logo-saint-paul-couleurs.jpg","contentUrl":"https:\/\/www.saint-paul-angouleme.fr\/application\/wp-content\/uploads\/2018\/08\/logo-saint-paul-couleurs.jpg","width":1890,"height":709,"caption":"Ensemble scolaire Saint-Paul"},"image":{"@id":"https:\/\/www.saint-paul-angouleme.fr\/application\/#\/schema\/logo\/image\/"},"sameAs":["https:\/\/www.facebook.com\/SaintPaulAngouleme16\/","https:\/\/x.com\/StPaulAngoulem","https:\/\/www.youtube.com\/channel\/UCRLpz1CmPVqc0gn--YyXvjA?view_as=subscriber"]},{"@type":"Person","@id":"https:\/\/www.saint-paul-angouleme.fr\/application\/#\/schema\/person\/ea152930b1a3823659065827b1a5fb9b","name":"SAINT-PAUL","image":{"@type":"ImageObject","inLanguage":"fr-FR","@id":"https:\/\/www.saint-paul-angouleme.fr\/application\/#\/schema\/person\/image\/","url":"https:\/\/secure.gravatar.com\/avatar\/eadb0ffebc02683a61d69038eb2924f0?s=96&r=g","contentUrl":"https:\/\/secure.gravatar.com\/avatar\/eadb0ffebc02683a61d69038eb2924f0?s=96&r=g","caption":"SAINT-PAUL"},"url":"https:\/\/www.saint-paul-angouleme.fr\/application\/author\/myriam\/"}]}},"_links":{"self":[{"href":"https:\/\/www.saint-paul-angouleme.fr\/application\/wp-json\/wp\/v2\/posts\/401"}],"collection":[{"href":"https:\/\/www.saint-paul-angouleme.fr\/application\/wp-json\/wp\/v2\/posts"}],"about":[{"href":"https:\/\/www.saint-paul-angouleme.fr\/application\/wp-json\/wp\/v2\/types\/post"}],"author":[{"embeddable":true,"href":"https:\/\/www.saint-paul-angouleme.fr\/application\/wp-json\/wp\/v2\/users\/3"}],"replies":[{"embeddable":true,"href":"https:\/\/www.saint-paul-angouleme.fr\/application\/wp-json\/wp\/v2\/comments?post=401"}],"version-history":[{"count":13,"href":"https:\/\/www.saint-paul-angouleme.fr\/application\/wp-json\/wp\/v2\/posts\/401\/revisions"}],"predecessor-version":[{"id":408,"href":"https:\/\/www.saint-paul-angouleme.fr\/application\/wp-json\/wp\/v2\/posts\/401\/revisions\/408"}],"wp:attachment":[{"href":"https:\/\/www.saint-paul-angouleme.fr\/application\/wp-json\/wp\/v2\/media?parent=401"}],"wp:term":[{"taxonomy":"category","embeddable":true,"href":"https:\/\/www.saint-paul-angouleme.fr\/application\/wp-json\/wp\/v2\/categories?post=401"},{"taxonomy":"post_tag","embeddable":true,"href":"https:\/\/www.saint-paul-angouleme.fr\/application\/wp-json\/wp\/v2\/tags?post=401"}],"curies":[{"name":"wp","href":"https:\/\/api.w.org\/{rel}","templated":true}]}}