{"id":4001,"date":"2019-02-22T17:10:37","date_gmt":"2019-02-22T16:10:37","guid":{"rendered":"https:\/\/www.saint-paul-angouleme.fr\/application\/?p=4001"},"modified":"2019-02-22T17:10:37","modified_gmt":"2019-02-22T16:10:37","slug":"reforme-du-lycee-et-parcoursup-saint-paul-informe-parents-eleves","status":"publish","type":"post","link":"https:\/\/www.saint-paul-angouleme.fr\/application\/reforme-du-lycee-et-parcoursup-saint-paul-informe-parents-eleves\/","title":{"rendered":"R\u00e9forme du Lyc\u00e9e et Parcoursup : Saint-Paul informe parents &#038; \u00e9l\u00e8ves"},"content":{"rendered":"<figure id=\"attachment_4002\" aria-describedby=\"caption-attachment-4002\" style=\"width: 1014px\" class=\"wp-caption aligncenter\"><a href=\"https:\/\/www.saint-paul-angouleme.fr\/application\/wp-content\/uploads\/2019\/02\/P1370213.jpg\"><img loading=\"lazy\" decoding=\"async\" class=\"wp-image-4002 size-large\" title=\"R\u00e9union parents r\u00e9forme\" src=\"https:\/\/www.saint-paul-angouleme.fr\/application\/wp-content\/uploads\/2019\/02\/P1370213-1024x683.jpg\" alt=\"R\u00e9union parents r\u00e9forme\" width=\"1024\" height=\"683\" data-id=\"4002\" srcset=\"https:\/\/www.saint-paul-angouleme.fr\/application\/wp-content\/uploads\/2019\/02\/P1370213-1024x683.jpg 1024w, https:\/\/www.saint-paul-angouleme.fr\/application\/wp-content\/uploads\/2019\/02\/P1370213-300x200.jpg 300w, https:\/\/www.saint-paul-angouleme.fr\/application\/wp-content\/uploads\/2019\/02\/P1370213-768x512.jpg 768w\" sizes=\"(max-width: 1024px) 100vw, 1024px\" \/><\/a><figcaption id=\"caption-attachment-4002\" class=\"wp-caption-text\"><span style=\"font-family: verdana, geneva, sans-serif; font-size: 12px;\">Une assembl\u00e9e tr\u00e8s attentive<\/span><\/figcaption><\/figure>\n<p style=\"text-align: justify;\"><span style=\"font-family: verdana, geneva, sans-serif;\">Rentr\u00e9e 2019\/2020 la r\u00e9forme du Lyc\u00e9e et du baccalaur\u00e9at entre en vigueur. Ces changements suscitent questionnement et parfois m\u00eame appr\u00e9hension l\u00e9gitimes.Afin de bien informer \u00e9l\u00e8ves et familles, notre \u00e9tablissement a propos\u00e9 plusieurs rencontres. Nous avons d\u00e9j\u00e0 fait part de celle pour les <a href=\"https:\/\/www.saint-paul-angouleme.fr\/application\/journee-des-comm\u2026reforme-du-lycee\/\">\u00e9l\u00e8ves de troisi\u00e8me du 7 d\u00e9cembre<\/a>, un autre rendez-vous a permis aux \u00e9l\u00e8ves de secondes et leurs familles de s&#8217;informer et poser leurs questions.<\/span><\/p>\n<h2 style=\"text-align: justify;\"><span style=\"font-family: verdana, geneva, sans-serif; font-size: 20px;\">Fin janvier : <a href=\"https:\/\/www.saint-paul-angouleme.fr\/pdf\/20190206\/Rentree-2019-Reforme-du-Lycee-et-du-Baccalaureat.pdf\">r\u00e9forme du lyc\u00e9e<\/a>\u00a0pour les secondes<\/span><\/h2>\n<p style=\"text-align: justify;\"><span style=\"font-family: verdana, geneva, sans-serif;\">Le lundi 28 janvier en soir\u00e9e la salle St Paul est comble. De nombreux parents et des \u00e9l\u00e8ves de seconde sont venus afin d&#8217;obtenir des renseignements utiles afin de bien choisir leurs enseignements de sp\u00e9cialit\u00e9 et leurs enseignements optionnels \u00e0 la rentr\u00e9e prochaine. L&#8217;objectif est de les accompagner au mieux dans la conception de leur projet d&#8217;orientation : leurs go\u00fbts, leurs acquis et comp\u00e9tences. De fait, le nouveau lyc\u00e9e doit servir de tremplin vers la r\u00e9ussite dans l&#8217;enseignement sup\u00e9rieur.<\/span><\/p>\n<p style=\"text-align: justify;\"><span style=\"font-family: verdana, geneva, sans-serif;\">L\u00e0 encore les questions sont nombreuses, M. CONSTANTIN et Mme SUTRE apportent les \u00e9clairages utiles\u00a0et pr\u00e9cis. La soir\u00e9e se termine avec des parents satisfaits d&#8217;avoir pu obtenir les pr\u00e9cisions attendues.<\/span><\/p>\n<figure id=\"attachment_4005\" aria-describedby=\"caption-attachment-4005\" style=\"width: 1014px\" class=\"wp-caption aligncenter\"><a href=\"https:\/\/www.saint-paul-angouleme.fr\/application\/wp-content\/uploads\/2019\/02\/P1370216.jpg\"><img loading=\"lazy\" decoding=\"async\" class=\"wp-image-4005 size-large\" src=\"https:\/\/www.saint-paul-angouleme.fr\/application\/wp-content\/uploads\/2019\/02\/P1370216-1024x683.jpg\" alt=\"Mieux conna\u00eetre la r\u00e9forme\" width=\"1024\" height=\"683\" data-id=\"4005\" srcset=\"https:\/\/www.saint-paul-angouleme.fr\/application\/wp-content\/uploads\/2019\/02\/P1370216-1024x683.jpg 1024w, https:\/\/www.saint-paul-angouleme.fr\/application\/wp-content\/uploads\/2019\/02\/P1370216-300x200.jpg 300w, https:\/\/www.saint-paul-angouleme.fr\/application\/wp-content\/uploads\/2019\/02\/P1370216-768x512.jpg 768w\" sizes=\"(max-width: 1024px) 100vw, 1024px\" \/><\/a><figcaption id=\"caption-attachment-4005\" class=\"wp-caption-text\"><span style=\"font-size: 12px; font-family: verdana, geneva, sans-serif;\">De r\u00e9elles attentes d&#8217;information<\/span><\/figcaption><\/figure>\n<h2><span style=\"font-family: verdana, geneva, sans-serif; font-size: 20px;\">Deuxi\u00e8me \u00e9tape : Parcoursup<\/span><\/h2>\n<p><span style=\"font-family: verdana, geneva, sans-serif;\">Les 29 et 30 janvier c&#8217;est <a href=\"https:\/\/www.editionsopportun.com\/auteur\/259\/bruno-magliulo\">M. Bruno MAGLIULO<\/a>, formateur et conf\u00e9rencier (sp\u00e9cialiste de l&#8217;orientation scolaire &amp; professionnelle et ancien Inspecteur d&#8217;Acad\u00e9mie), qui vient \u00e0 la rencontre de nos \u00e9l\u00e8ves mais aussi des familles concern\u00e9es. <a href=\"https:\/\/www.parcoursup.fr\/\">Parcoursup<\/a>, qui depuis l&#8217;an dernier remplace APB, est encore m\u00e9connu et fait un peu peur suite aux annonces de l&#8217;an dernier.M. MAGLIULO vient donc d\u00e9cortiquer le fonctionnement de cette application et expliquer les &#8220;strat\u00e9gies&#8221; \u00e0 mettre en place.<\/span><\/p>\n<figure id=\"attachment_4006\" aria-describedby=\"caption-attachment-4006\" style=\"width: 1014px\" class=\"wp-caption aligncenter\"><a href=\"https:\/\/www.saint-paul-angouleme.fr\/application\/wp-content\/uploads\/2019\/02\/P1370224.jpg\"><img loading=\"lazy\" decoding=\"async\" class=\"wp-image-4006 size-large\" title=\"Des \u00e9l\u00e8ves \u00e0 l'\u00e9coute\" src=\"https:\/\/www.saint-paul-angouleme.fr\/application\/wp-content\/uploads\/2019\/02\/P1370224-1024x683.jpg\" alt=\"Des \u00e9l\u00e8ves \u00e0 l'\u00e9coute\" width=\"1024\" height=\"683\" data-id=\"4006\" srcset=\"https:\/\/www.saint-paul-angouleme.fr\/application\/wp-content\/uploads\/2019\/02\/P1370224-1024x683.jpg 1024w, https:\/\/www.saint-paul-angouleme.fr\/application\/wp-content\/uploads\/2019\/02\/P1370224-300x200.jpg 300w, https:\/\/www.saint-paul-angouleme.fr\/application\/wp-content\/uploads\/2019\/02\/P1370224-768x512.jpg 768w\" sizes=\"(max-width: 1024px) 100vw, 1024px\" \/><\/a><figcaption id=\"caption-attachment-4006\" class=\"wp-caption-text\"><span style=\"font-family: verdana, geneva, sans-serif; font-size: 12px;\">Plusieurs s\u00e9ances par niveaux<\/span><\/figcaption><\/figure>\n<p style=\"text-align: justify;\"><span style=\"font-family: verdana, geneva, sans-serif;\">Plusieurs s\u00e9ances sont programm\u00e9es afin que chaque niveau et classes puissent obtenir l&#8217;information la plus pr\u00e9cise possible. Le mardi Soir ce sont les parents qui viennent chercher les r\u00e9ponses \u00e0 leurs questions. L\u00e0 encore la salle St Paul fait le plein. M. MAGLIULO conna\u00eet parfaitement son sujet et fait un expos\u00e9 tr\u00e8s clair du fonctionnement de l&#8217;application, \u00e9tayant ses propos d&#8217;exemples pr\u00e9cis. Il donne \u00e0 chacun des pistes concr\u00e8tes pour utiliser au mieux Parcoursup, \u00e9viter les pi\u00e8ges et maximiser ses chances d&#8217;obtenir satisfaction. De nombreux et pr\u00e9cieux conseils donc et surtout ne jamais \u00e9carter de choisir un &#8220;Plan B&#8221; au cas o\u00f9&#8230;<\/span><\/p>\n<p><a href=\"https:\/\/www.saint-paul-angouleme.fr\/application\/wp-content\/uploads\/2019\/02\/P1370238.jpg\"><img loading=\"lazy\" decoding=\"async\" class=\"aligncenter wp-image-4007 size-large\" title=\"Quelques ouvrages conseils\" src=\"https:\/\/www.saint-paul-angouleme.fr\/application\/wp-content\/uploads\/2019\/02\/P1370238-1024x683.jpg\" alt=\"Quelques ouvrages conseils\" width=\"1024\" height=\"683\" data-id=\"4007\" srcset=\"https:\/\/www.saint-paul-angouleme.fr\/application\/wp-content\/uploads\/2019\/02\/P1370238-1024x683.jpg 1024w, https:\/\/www.saint-paul-angouleme.fr\/application\/wp-content\/uploads\/2019\/02\/P1370238-300x200.jpg 300w, https:\/\/www.saint-paul-angouleme.fr\/application\/wp-content\/uploads\/2019\/02\/P1370238-768x512.jpg 768w\" sizes=\"(max-width: 1024px) 100vw, 1024px\" \/><\/a><\/p>\n","protected":false},"excerpt":{"rendered":"<p>Rentr\u00e9e 2019\/2020 la r\u00e9forme du Lyc\u00e9e et du baccalaur\u00e9at entre en vigueur. Ces changements suscitent questionnement et parfois m\u00eame appr\u00e9hension l\u00e9gitimes.Afin de bien informer \u00e9l\u00e8ves et familles, notre \u00e9tablissement a propos\u00e9 plusieurs rencontres. Nous avons d\u00e9j\u00e0 fait part de celle pour les \u00e9l\u00e8ves de troisi\u00e8me du 7 d\u00e9cembre, un autre rendez-vous a permis aux \u00e9l\u00e8ves &#8230; <a title=\"R\u00e9forme du Lyc\u00e9e et Parcoursup : Saint-Paul informe parents &#038; \u00e9l\u00e8ves\" class=\"read-more\" href=\"https:\/\/www.saint-paul-angouleme.fr\/application\/reforme-du-lycee-et-parcoursup-saint-paul-informe-parents-eleves\/\" aria-label=\"Read more about R\u00e9forme du Lyc\u00e9e et Parcoursup : Saint-Paul informe parents &#038; \u00e9l\u00e8ves\">Lire la suite<\/a><\/p>\n","protected":false},"author":3,"featured_media":0,"comment_status":"open","ping_status":"open","sticky":false,"template":"","format":"standard","meta":{"_exactmetrics_skip_tracking":false,"_exactmetrics_sitenote_active":false,"_exactmetrics_sitenote_note":"","_exactmetrics_sitenote_category":0,"footnotes":""},"categories":[2,13],"tags":[],"class_list":["post-4001","post","type-post","status-publish","format-standard","hentry","category-look-on","category-pedagogie"],"yoast_head":"<!-- This site is optimized with the Yoast SEO plugin v23.3 - https:\/\/yoast.com\/wordpress\/plugins\/seo\/ -->\n<title>R\u00e9forme du Lyc\u00e9e et Parcoursup : Saint-Paul informe parents &amp; \u00e9l\u00e8ves - Actualit\u00e9s<\/title>\n<meta name=\"robots\" content=\"index, follow, max-snippet:-1, max-image-preview:large, max-video-preview:-1\" \/>\n<link rel=\"canonical\" href=\"https:\/\/www.saint-paul-angouleme.fr\/application\/reforme-du-lycee-et-parcoursup-saint-paul-informe-parents-eleves\/\" \/>\n<meta property=\"og:locale\" content=\"fr_FR\" \/>\n<meta property=\"og:type\" content=\"article\" \/>\n<meta property=\"og:title\" content=\"R\u00e9forme du Lyc\u00e9e et Parcoursup : Saint-Paul informe parents &amp; \u00e9l\u00e8ves - Actualit\u00e9s\" \/>\n<meta property=\"og:description\" content=\"Rentr\u00e9e 2019\/2020 la r\u00e9forme du Lyc\u00e9e et du baccalaur\u00e9at entre en vigueur. Ces changements suscitent questionnement et parfois m\u00eame appr\u00e9hension l\u00e9gitimes.Afin de bien informer \u00e9l\u00e8ves et familles, notre \u00e9tablissement a propos\u00e9 plusieurs rencontres. Nous avons d\u00e9j\u00e0 fait part de celle pour les \u00e9l\u00e8ves de troisi\u00e8me du 7 d\u00e9cembre, un autre rendez-vous a permis aux \u00e9l\u00e8ves ... Lire la suite\" \/>\n<meta property=\"og:url\" content=\"https:\/\/www.saint-paul-angouleme.fr\/application\/reforme-du-lycee-et-parcoursup-saint-paul-informe-parents-eleves\/\" \/>\n<meta property=\"og:site_name\" content=\"Actualit\u00e9s\" \/>\n<meta property=\"article:publisher\" content=\"https:\/\/www.facebook.com\/SaintPaulAngouleme16\/\" \/>\n<meta property=\"article:published_time\" content=\"2019-02-22T16:10:37+00:00\" \/>\n<meta property=\"og:image\" content=\"https:\/\/www.saint-paul-angouleme.fr\/application\/wp-content\/uploads\/2019\/02\/P1370213-1024x683.jpg\" \/>\n<meta name=\"author\" content=\"SAINT-PAUL\" \/>\n<meta name=\"twitter:card\" content=\"summary_large_image\" \/>\n<meta name=\"twitter:creator\" content=\"@StPaulAngoulem\" \/>\n<meta name=\"twitter:site\" content=\"@StPaulAngoulem\" \/>\n<meta name=\"twitter:label1\" content=\"\u00c9crit par\" \/>\n\t<meta name=\"twitter:data1\" content=\"SAINT-PAUL\" \/>\n\t<meta name=\"twitter:label2\" content=\"Dur\u00e9e de lecture estim\u00e9e\" \/>\n\t<meta name=\"twitter:data2\" content=\"2 minutes\" \/>\n<script type=\"application\/ld+json\" class=\"yoast-schema-graph\">{\"@context\":\"https:\/\/schema.org\",\"@graph\":[{\"@type\":\"Article\",\"@id\":\"https:\/\/www.saint-paul-angouleme.fr\/application\/reforme-du-lycee-et-parcoursup-saint-paul-informe-parents-eleves\/#article\",\"isPartOf\":{\"@id\":\"https:\/\/www.saint-paul-angouleme.fr\/application\/reforme-du-lycee-et-parcoursup-saint-paul-informe-parents-eleves\/\"},\"author\":{\"name\":\"SAINT-PAUL\",\"@id\":\"https:\/\/www.saint-paul-angouleme.fr\/application\/#\/schema\/person\/ea152930b1a3823659065827b1a5fb9b\"},\"headline\":\"R\u00e9forme du Lyc\u00e9e et Parcoursup : Saint-Paul informe parents &#038; \u00e9l\u00e8ves\",\"datePublished\":\"2019-02-22T16:10:37+00:00\",\"dateModified\":\"2019-02-22T16:10:37+00:00\",\"mainEntityOfPage\":{\"@id\":\"https:\/\/www.saint-paul-angouleme.fr\/application\/reforme-du-lycee-et-parcoursup-saint-paul-informe-parents-eleves\/\"},\"wordCount\":464,\"commentCount\":0,\"publisher\":{\"@id\":\"https:\/\/www.saint-paul-angouleme.fr\/application\/#organization\"},\"image\":{\"@id\":\"https:\/\/www.saint-paul-angouleme.fr\/application\/reforme-du-lycee-et-parcoursup-saint-paul-informe-parents-eleves\/#primaryimage\"},\"thumbnailUrl\":\"https:\/\/www.saint-paul-angouleme.fr\/application\/wp-content\/uploads\/2019\/02\/P1370213-1024x683.jpg\",\"articleSection\":[\"Look on\",\"P\u00e9dagogie\"],\"inLanguage\":\"fr-FR\",\"potentialAction\":[{\"@type\":\"CommentAction\",\"name\":\"Comment\",\"target\":[\"https:\/\/www.saint-paul-angouleme.fr\/application\/reforme-du-lycee-et-parcoursup-saint-paul-informe-parents-eleves\/#respond\"]}]},{\"@type\":\"WebPage\",\"@id\":\"https:\/\/www.saint-paul-angouleme.fr\/application\/reforme-du-lycee-et-parcoursup-saint-paul-informe-parents-eleves\/\",\"url\":\"https:\/\/www.saint-paul-angouleme.fr\/application\/reforme-du-lycee-et-parcoursup-saint-paul-informe-parents-eleves\/\",\"name\":\"R\u00e9forme du Lyc\u00e9e et Parcoursup : Saint-Paul informe parents & \u00e9l\u00e8ves - Actualit\u00e9s\",\"isPartOf\":{\"@id\":\"https:\/\/www.saint-paul-angouleme.fr\/application\/#website\"},\"primaryImageOfPage\":{\"@id\":\"https:\/\/www.saint-paul-angouleme.fr\/application\/reforme-du-lycee-et-parcoursup-saint-paul-informe-parents-eleves\/#primaryimage\"},\"image\":{\"@id\":\"https:\/\/www.saint-paul-angouleme.fr\/application\/reforme-du-lycee-et-parcoursup-saint-paul-informe-parents-eleves\/#primaryimage\"},\"thumbnailUrl\":\"https:\/\/www.saint-paul-angouleme.fr\/application\/wp-content\/uploads\/2019\/02\/P1370213-1024x683.jpg\",\"datePublished\":\"2019-02-22T16:10:37+00:00\",\"dateModified\":\"2019-02-22T16:10:37+00:00\",\"breadcrumb\":{\"@id\":\"https:\/\/www.saint-paul-angouleme.fr\/application\/reforme-du-lycee-et-parcoursup-saint-paul-informe-parents-eleves\/#breadcrumb\"},\"inLanguage\":\"fr-FR\",\"potentialAction\":[{\"@type\":\"ReadAction\",\"target\":[\"https:\/\/www.saint-paul-angouleme.fr\/application\/reforme-du-lycee-et-parcoursup-saint-paul-informe-parents-eleves\/\"]}]},{\"@type\":\"ImageObject\",\"inLanguage\":\"fr-FR\",\"@id\":\"https:\/\/www.saint-paul-angouleme.fr\/application\/reforme-du-lycee-et-parcoursup-saint-paul-informe-parents-eleves\/#primaryimage\",\"url\":\"https:\/\/www.saint-paul-angouleme.fr\/application\/wp-content\/uploads\/2019\/02\/P1370213.jpg\",\"contentUrl\":\"https:\/\/www.saint-paul-angouleme.fr\/application\/wp-content\/uploads\/2019\/02\/P1370213.jpg\",\"width\":5472,\"height\":3648,\"caption\":\"R\u00e9union parents r\u00e9forme\"},{\"@type\":\"BreadcrumbList\",\"@id\":\"https:\/\/www.saint-paul-angouleme.fr\/application\/reforme-du-lycee-et-parcoursup-saint-paul-informe-parents-eleves\/#breadcrumb\",\"itemListElement\":[{\"@type\":\"ListItem\",\"position\":1,\"name\":\"Accueil\",\"item\":\"http:\/\/www.saint-paul-angouleme.fr\/application\/\"},{\"@type\":\"ListItem\",\"position\":2,\"name\":\"R\u00e9forme du Lyc\u00e9e et Parcoursup : Saint-Paul informe parents &#038; \u00e9l\u00e8ves\"}]},{\"@type\":\"WebSite\",\"@id\":\"https:\/\/www.saint-paul-angouleme.fr\/application\/#website\",\"url\":\"https:\/\/www.saint-paul-angouleme.fr\/application\/\",\"name\":\"Actualit\u00e9s\",\"description\":\"Actualit\u00e9s Saint Paul\",\"publisher\":{\"@id\":\"https:\/\/www.saint-paul-angouleme.fr\/application\/#organization\"},\"potentialAction\":[{\"@type\":\"SearchAction\",\"target\":{\"@type\":\"EntryPoint\",\"urlTemplate\":\"https:\/\/www.saint-paul-angouleme.fr\/application\/?s={search_term_string}\"},\"query-input\":\"required name=search_term_string\"}],\"inLanguage\":\"fr-FR\"},{\"@type\":\"Organization\",\"@id\":\"https:\/\/www.saint-paul-angouleme.fr\/application\/#organization\",\"name\":\"Ensemble scolaire Saint-Paul\",\"url\":\"https:\/\/www.saint-paul-angouleme.fr\/application\/\",\"logo\":{\"@type\":\"ImageObject\",\"inLanguage\":\"fr-FR\",\"@id\":\"https:\/\/www.saint-paul-angouleme.fr\/application\/#\/schema\/logo\/image\/\",\"url\":\"https:\/\/www.saint-paul-angouleme.fr\/application\/wp-content\/uploads\/2018\/08\/logo-saint-paul-couleurs.jpg\",\"contentUrl\":\"https:\/\/www.saint-paul-angouleme.fr\/application\/wp-content\/uploads\/2018\/08\/logo-saint-paul-couleurs.jpg\",\"width\":1890,\"height\":709,\"caption\":\"Ensemble scolaire Saint-Paul\"},\"image\":{\"@id\":\"https:\/\/www.saint-paul-angouleme.fr\/application\/#\/schema\/logo\/image\/\"},\"sameAs\":[\"https:\/\/www.facebook.com\/SaintPaulAngouleme16\/\",\"https:\/\/x.com\/StPaulAngoulem\",\"https:\/\/www.youtube.com\/channel\/UCRLpz1CmPVqc0gn--YyXvjA?view_as=subscriber\"]},{\"@type\":\"Person\",\"@id\":\"https:\/\/www.saint-paul-angouleme.fr\/application\/#\/schema\/person\/ea152930b1a3823659065827b1a5fb9b\",\"name\":\"SAINT-PAUL\",\"image\":{\"@type\":\"ImageObject\",\"inLanguage\":\"fr-FR\",\"@id\":\"https:\/\/www.saint-paul-angouleme.fr\/application\/#\/schema\/person\/image\/\",\"url\":\"https:\/\/secure.gravatar.com\/avatar\/eadb0ffebc02683a61d69038eb2924f0?s=96&r=g\",\"contentUrl\":\"https:\/\/secure.gravatar.com\/avatar\/eadb0ffebc02683a61d69038eb2924f0?s=96&r=g\",\"caption\":\"SAINT-PAUL\"},\"url\":\"https:\/\/www.saint-paul-angouleme.fr\/application\/author\/myriam\/\"}]}<\/script>\n<!-- \/ Yoast SEO plugin. -->","yoast_head_json":{"title":"R\u00e9forme du Lyc\u00e9e et Parcoursup : Saint-Paul informe parents & \u00e9l\u00e8ves - Actualit\u00e9s","robots":{"index":"index","follow":"follow","max-snippet":"max-snippet:-1","max-image-preview":"max-image-preview:large","max-video-preview":"max-video-preview:-1"},"canonical":"https:\/\/www.saint-paul-angouleme.fr\/application\/reforme-du-lycee-et-parcoursup-saint-paul-informe-parents-eleves\/","og_locale":"fr_FR","og_type":"article","og_title":"R\u00e9forme du Lyc\u00e9e et Parcoursup : Saint-Paul informe parents & \u00e9l\u00e8ves - Actualit\u00e9s","og_description":"Rentr\u00e9e 2019\/2020 la r\u00e9forme du Lyc\u00e9e et du baccalaur\u00e9at entre en vigueur. Ces changements suscitent questionnement et parfois m\u00eame appr\u00e9hension l\u00e9gitimes.Afin de bien informer \u00e9l\u00e8ves et familles, notre \u00e9tablissement a propos\u00e9 plusieurs rencontres. Nous avons d\u00e9j\u00e0 fait part de celle pour les \u00e9l\u00e8ves de troisi\u00e8me du 7 d\u00e9cembre, un autre rendez-vous a permis aux \u00e9l\u00e8ves ... Lire la suite","og_url":"https:\/\/www.saint-paul-angouleme.fr\/application\/reforme-du-lycee-et-parcoursup-saint-paul-informe-parents-eleves\/","og_site_name":"Actualit\u00e9s","article_publisher":"https:\/\/www.facebook.com\/SaintPaulAngouleme16\/","article_published_time":"2019-02-22T16:10:37+00:00","og_image":[{"url":"https:\/\/www.saint-paul-angouleme.fr\/application\/wp-content\/uploads\/2019\/02\/P1370213-1024x683.jpg"}],"author":"SAINT-PAUL","twitter_card":"summary_large_image","twitter_creator":"@StPaulAngoulem","twitter_site":"@StPaulAngoulem","twitter_misc":{"\u00c9crit par":"SAINT-PAUL","Dur\u00e9e de lecture estim\u00e9e":"2 minutes"},"schema":{"@context":"https:\/\/schema.org","@graph":[{"@type":"Article","@id":"https:\/\/www.saint-paul-angouleme.fr\/application\/reforme-du-lycee-et-parcoursup-saint-paul-informe-parents-eleves\/#article","isPartOf":{"@id":"https:\/\/www.saint-paul-angouleme.fr\/application\/reforme-du-lycee-et-parcoursup-saint-paul-informe-parents-eleves\/"},"author":{"name":"SAINT-PAUL","@id":"https:\/\/www.saint-paul-angouleme.fr\/application\/#\/schema\/person\/ea152930b1a3823659065827b1a5fb9b"},"headline":"R\u00e9forme du Lyc\u00e9e et Parcoursup : Saint-Paul informe parents &#038; \u00e9l\u00e8ves","datePublished":"2019-02-22T16:10:37+00:00","dateModified":"2019-02-22T16:10:37+00:00","mainEntityOfPage":{"@id":"https:\/\/www.saint-paul-angouleme.fr\/application\/reforme-du-lycee-et-parcoursup-saint-paul-informe-parents-eleves\/"},"wordCount":464,"commentCount":0,"publisher":{"@id":"https:\/\/www.saint-paul-angouleme.fr\/application\/#organization"},"image":{"@id":"https:\/\/www.saint-paul-angouleme.fr\/application\/reforme-du-lycee-et-parcoursup-saint-paul-informe-parents-eleves\/#primaryimage"},"thumbnailUrl":"https:\/\/www.saint-paul-angouleme.fr\/application\/wp-content\/uploads\/2019\/02\/P1370213-1024x683.jpg","articleSection":["Look on","P\u00e9dagogie"],"inLanguage":"fr-FR","potentialAction":[{"@type":"CommentAction","name":"Comment","target":["https:\/\/www.saint-paul-angouleme.fr\/application\/reforme-du-lycee-et-parcoursup-saint-paul-informe-parents-eleves\/#respond"]}]},{"@type":"WebPage","@id":"https:\/\/www.saint-paul-angouleme.fr\/application\/reforme-du-lycee-et-parcoursup-saint-paul-informe-parents-eleves\/","url":"https:\/\/www.saint-paul-angouleme.fr\/application\/reforme-du-lycee-et-parcoursup-saint-paul-informe-parents-eleves\/","name":"R\u00e9forme du Lyc\u00e9e et Parcoursup : Saint-Paul informe parents & \u00e9l\u00e8ves - Actualit\u00e9s","isPartOf":{"@id":"https:\/\/www.saint-paul-angouleme.fr\/application\/#website"},"primaryImageOfPage":{"@id":"https:\/\/www.saint-paul-angouleme.fr\/application\/reforme-du-lycee-et-parcoursup-saint-paul-informe-parents-eleves\/#primaryimage"},"image":{"@id":"https:\/\/www.saint-paul-angouleme.fr\/application\/reforme-du-lycee-et-parcoursup-saint-paul-informe-parents-eleves\/#primaryimage"},"thumbnailUrl":"https:\/\/www.saint-paul-angouleme.fr\/application\/wp-content\/uploads\/2019\/02\/P1370213-1024x683.jpg","datePublished":"2019-02-22T16:10:37+00:00","dateModified":"2019-02-22T16:10:37+00:00","breadcrumb":{"@id":"https:\/\/www.saint-paul-angouleme.fr\/application\/reforme-du-lycee-et-parcoursup-saint-paul-informe-parents-eleves\/#breadcrumb"},"inLanguage":"fr-FR","potentialAction":[{"@type":"ReadAction","target":["https:\/\/www.saint-paul-angouleme.fr\/application\/reforme-du-lycee-et-parcoursup-saint-paul-informe-parents-eleves\/"]}]},{"@type":"ImageObject","inLanguage":"fr-FR","@id":"https:\/\/www.saint-paul-angouleme.fr\/application\/reforme-du-lycee-et-parcoursup-saint-paul-informe-parents-eleves\/#primaryimage","url":"https:\/\/www.saint-paul-angouleme.fr\/application\/wp-content\/uploads\/2019\/02\/P1370213.jpg","contentUrl":"https:\/\/www.saint-paul-angouleme.fr\/application\/wp-content\/uploads\/2019\/02\/P1370213.jpg","width":5472,"height":3648,"caption":"R\u00e9union parents r\u00e9forme"},{"@type":"BreadcrumbList","@id":"https:\/\/www.saint-paul-angouleme.fr\/application\/reforme-du-lycee-et-parcoursup-saint-paul-informe-parents-eleves\/#breadcrumb","itemListElement":[{"@type":"ListItem","position":1,"name":"Accueil","item":"http:\/\/www.saint-paul-angouleme.fr\/application\/"},{"@type":"ListItem","position":2,"name":"R\u00e9forme du Lyc\u00e9e et Parcoursup : Saint-Paul informe parents &#038; \u00e9l\u00e8ves"}]},{"@type":"WebSite","@id":"https:\/\/www.saint-paul-angouleme.fr\/application\/#website","url":"https:\/\/www.saint-paul-angouleme.fr\/application\/","name":"Actualit\u00e9s","description":"Actualit\u00e9s Saint Paul","publisher":{"@id":"https:\/\/www.saint-paul-angouleme.fr\/application\/#organization"},"potentialAction":[{"@type":"SearchAction","target":{"@type":"EntryPoint","urlTemplate":"https:\/\/www.saint-paul-angouleme.fr\/application\/?s={search_term_string}"},"query-input":"required name=search_term_string"}],"inLanguage":"fr-FR"},{"@type":"Organization","@id":"https:\/\/www.saint-paul-angouleme.fr\/application\/#organization","name":"Ensemble scolaire Saint-Paul","url":"https:\/\/www.saint-paul-angouleme.fr\/application\/","logo":{"@type":"ImageObject","inLanguage":"fr-FR","@id":"https:\/\/www.saint-paul-angouleme.fr\/application\/#\/schema\/logo\/image\/","url":"https:\/\/www.saint-paul-angouleme.fr\/application\/wp-content\/uploads\/2018\/08\/logo-saint-paul-couleurs.jpg","contentUrl":"https:\/\/www.saint-paul-angouleme.fr\/application\/wp-content\/uploads\/2018\/08\/logo-saint-paul-couleurs.jpg","width":1890,"height":709,"caption":"Ensemble scolaire Saint-Paul"},"image":{"@id":"https:\/\/www.saint-paul-angouleme.fr\/application\/#\/schema\/logo\/image\/"},"sameAs":["https:\/\/www.facebook.com\/SaintPaulAngouleme16\/","https:\/\/x.com\/StPaulAngoulem","https:\/\/www.youtube.com\/channel\/UCRLpz1CmPVqc0gn--YyXvjA?view_as=subscriber"]},{"@type":"Person","@id":"https:\/\/www.saint-paul-angouleme.fr\/application\/#\/schema\/person\/ea152930b1a3823659065827b1a5fb9b","name":"SAINT-PAUL","image":{"@type":"ImageObject","inLanguage":"fr-FR","@id":"https:\/\/www.saint-paul-angouleme.fr\/application\/#\/schema\/person\/image\/","url":"https:\/\/secure.gravatar.com\/avatar\/eadb0ffebc02683a61d69038eb2924f0?s=96&r=g","contentUrl":"https:\/\/secure.gravatar.com\/avatar\/eadb0ffebc02683a61d69038eb2924f0?s=96&r=g","caption":"SAINT-PAUL"},"url":"https:\/\/www.saint-paul-angouleme.fr\/application\/author\/myriam\/"}]}},"_links":{"self":[{"href":"https:\/\/www.saint-paul-angouleme.fr\/application\/wp-json\/wp\/v2\/posts\/4001"}],"collection":[{"href":"https:\/\/www.saint-paul-angouleme.fr\/application\/wp-json\/wp\/v2\/posts"}],"about":[{"href":"https:\/\/www.saint-paul-angouleme.fr\/application\/wp-json\/wp\/v2\/types\/post"}],"author":[{"embeddable":true,"href":"https:\/\/www.saint-paul-angouleme.fr\/application\/wp-json\/wp\/v2\/users\/3"}],"replies":[{"embeddable":true,"href":"https:\/\/www.saint-paul-angouleme.fr\/application\/wp-json\/wp\/v2\/comments?post=4001"}],"version-history":[{"count":3,"href":"https:\/\/www.saint-paul-angouleme.fr\/application\/wp-json\/wp\/v2\/posts\/4001\/revisions"}],"predecessor-version":[{"id":4008,"href":"https:\/\/www.saint-paul-angouleme.fr\/application\/wp-json\/wp\/v2\/posts\/4001\/revisions\/4008"}],"wp:attachment":[{"href":"https:\/\/www.saint-paul-angouleme.fr\/application\/wp-json\/wp\/v2\/media?parent=4001"}],"wp:term":[{"taxonomy":"category","embeddable":true,"href":"https:\/\/www.saint-paul-angouleme.fr\/application\/wp-json\/wp\/v2\/categories?post=4001"},{"taxonomy":"post_tag","embeddable":true,"href":"https:\/\/www.saint-paul-angouleme.fr\/application\/wp-json\/wp\/v2\/tags?post=4001"}],"curies":[{"name":"wp","href":"https:\/\/api.w.org\/{rel}","templated":true}]}}