{"id":3942,"date":"2019-01-30T15:43:05","date_gmt":"2019-01-30T14:43:05","guid":{"rendered":"https:\/\/www.saint-paul-angouleme.fr\/application\/?p=3942"},"modified":"2019-05-02T18:43:24","modified_gmt":"2019-05-02T16:43:24","slug":"latelier-theatre-accueille-francois-morel","status":"publish","type":"post","link":"https:\/\/www.saint-paul-angouleme.fr\/application\/latelier-theatre-accueille-francois-morel\/","title":{"rendered":"L&#8217;atelier th\u00e9\u00e2tre accueille Fran\u00e7ois MOREL"},"content":{"rendered":"<figure id=\"attachment_3943\" aria-describedby=\"caption-attachment-3943\" style=\"width: 1014px\" class=\"wp-caption aligncenter\"><a href=\"https:\/\/www.saint-paul-angouleme.fr\/application\/wp-content\/uploads\/2019\/01\/P1350832.jpg\"><img loading=\"lazy\" decoding=\"async\" class=\"wp-image-3943 size-large\" title=\"Th\u00e9\u00e2tre : sc\u00e8ne du Lit 'La grande vadrouille'\" src=\"https:\/\/www.saint-paul-angouleme.fr\/application\/wp-content\/uploads\/2019\/01\/P1350832-1024x691.jpg\" alt=\"Th\u00e9\u00e2tre : sc\u00e8ne du Lit 'La grande vadrouille'\" width=\"1024\" height=\"691\" data-id=\"3943\" srcset=\"https:\/\/www.saint-paul-angouleme.fr\/application\/wp-content\/uploads\/2019\/01\/P1350832-1024x691.jpg 1024w, https:\/\/www.saint-paul-angouleme.fr\/application\/wp-content\/uploads\/2019\/01\/P1350832-300x203.jpg 300w, https:\/\/www.saint-paul-angouleme.fr\/application\/wp-content\/uploads\/2019\/01\/P1350832-768x518.jpg 768w\" sizes=\"(max-width: 1024px) 100vw, 1024px\" \/><\/a><figcaption id=\"caption-attachment-3943\" class=\"wp-caption-text\"><span style=\"font-family: arial, helvetica, sans-serif; font-size: 12px; color: #333333;\">Fran\u00e7ois MOREL donne quelques conseils<\/span><\/figcaption><\/figure>\n<p style=\"text-align: justify;\"><span style=\"font-family: arial, helvetica, sans-serif; color: #333333;\">De passage\u00a0au Th\u00e9\u00e2tre d&#8217;Angoul\u00eame pour son concert &#8220;La vie (titre provisoire)&#8221;, Fran\u00e7ois MOREL avait promis, l&#8217;an dernier, de retourner \u00e0 Saint-Paul. Ainsi, <a href=\"https:\/\/www.saint-paul-angouleme.fr\/application\/francois-morel-a-saint-paul-rencontre-avec-latelier-theatre\/\">apr\u00e8s sa venue le 7 mars 2018<\/a>, il nous a fait l&#8217;honneur de revenir le jeudi 29 novembre 2019 pendant sa tourn\u00e9e. Il joue sa pi\u00e8ce\u00a0<\/span><a href=\"https:\/\/www.theatre-angouleme.org\/programmation\/jai-des-doutes\/\"><span style=\"font-family: arial, helvetica, sans-serif;\">&#8220;J&#8217;ai des doutes<\/span><\/a><span style=\"font-family: arial, helvetica, sans-serif;\">&#8221; et accepte de consacrer une partie de son temps pour une &#8220;Master Classe&#8221; avec les lyc\u00e9ens du club th\u00e9\u00e2tre.<\/span><\/p>\n<h2><span style=\"font-family: arial, helvetica, sans-serif; font-size: 20px;\">Fran\u00e7ois MOREL : conseils et bienveillance<\/span><\/h2>\n<p style=\"text-align: justify;\"><span style=\"font-family: arial, helvetica, sans-serif; color: #333333;\">Accompagn\u00e9 de <a href=\"https:\/\/www.romainlemire.com\/file\/Comedien.html\">Romain LEMIRE<\/a>\u00a0(com\u00e9dien, auteur et chanteur) il s&#8217;assied au milieu des jeunes dans l\u2019amphith\u00e9\u00e2tre et, pendant plus d&#8217;une heure, il regarde, sourit, conseille et m\u00eame rit sans oublier d&#8217;encourager nos jeunes artistes en herbe.<\/span><\/p>\n<p style=\"text-align: justify;\"><span style=\"font-family: arial, helvetica, sans-serif; color: #333333;\">En outre, cette ann\u00e9e, Mmes V\u00e9ronique GABRIEL et Catherine LONGO, enseignantes de Fran\u00e7ais, ainsi que M. David POUGNAUD (artiste et metteur en sc\u00e8ne) ont choisi de faire jouer diverses sayn\u00e8tes extraites de films ou de pi\u00e8ces c\u00e9l\u00e8bres. L&#8217;occasion id\u00e9ale pour cette intervention.<\/span><\/p>\n<div class=\"su-youtube su-u-responsive-media-yes\"><iframe loading=\"lazy\" width=\"600\" height=\"400\" src=\"https:\/\/www.youtube.com\/embed\/Lg-lxUQvAvU?\" frameborder=\"0\" allowfullscreen allow=\"autoplay; encrypted-media; picture-in-picture\" title=\"\"><\/iframe><\/div>\n<h2><span style=\"font-family: arial, helvetica, sans-serif; font-size: 20px;\">De grands &#8220;classiques&#8221;<\/span><\/h2>\n<p style=\"text-align: justify;\"><span style=\"font-family: arial, helvetica, sans-serif; color: #333333;\">C&#8217;est ainsi que par bin\u00f4mes ou en solo quelques \u00e9l\u00e8ves ont pr\u00e9sent\u00e9 leur travail. Par exemple la &#8220;sc\u00e8ne du lit&#8221; de l&#8217;incontournable &#8220;<a href=\"https:\/\/youtu.be\/dEIOgavjnHA\">Grande Vadrouille<\/a>&#8221; de G\u00e9rard OURY (Charles P. &amp; Alexandre JT.), &#8220;On purge b\u00e9b\u00e9&#8221; de Feydeau (Faustine M. &amp; Rose M.) ou encore &#8220;Le misanthrope et l&#8217;auvergnat&#8221; de Labiche (Cl\u00e9ment D.). Grand succ\u00e8s \u00e9galement pour la pi\u00e8ce culte et le film non moins c\u00e9l\u00e8bre de Francis Veber : &#8220;<a href=\"https:\/\/youtu.be\/lohxTs44--Y\">Le d\u00eener de cons<\/a>&#8220;. Pauline B. &amp; Apolline J. jouent\u00a0<\/span><span style=\"font-family: arial, helvetica, sans-serif;\">&#8220;On a les droits&#8221;.<\/span><\/p>\n<div class=\"su-youtube su-u-responsive-media-yes\"><iframe loading=\"lazy\" width=\"600\" height=\"400\" src=\"https:\/\/www.youtube.com\/embed\/S03ElIDGA8s?\" frameborder=\"0\" allowfullscreen allow=\"autoplay; encrypted-media; picture-in-picture\" title=\"\"><\/iframe><\/div>\n<p style=\"text-align: justify;\"><span style=\"font-family: arial, helvetica, sans-serif; color: #333333;\">Bien s\u00fbr d&#8217;autres extraits seront pr\u00e9sent\u00e9s lors de la soir\u00e9e th\u00e9\u00e2tre du 11 avril 2019 : &#8220;L&#8217;\u00eele des esclaves&#8221; de Marivaux, &#8220;Les fourberies de Scapin&#8221; de Moli\u00e8re, &#8220;Ruy Blas&#8221; de Victor Hugo, &#8220;Le mariage de Figaro&#8221; de Beaumarchais, et &#8220;Don Quichotte et Sancho Panza&#8221; d&#8217;apr\u00e8s Cervant\u00e8s.<\/span><\/p>\n<div class=\"su-youtube su-u-responsive-media-yes\"><iframe loading=\"lazy\" width=\"600\" height=\"400\" src=\"https:\/\/www.youtube.com\/embed\/XHJGvfdtWRY?\" frameborder=\"0\" allowfullscreen allow=\"autoplay; encrypted-media; picture-in-picture\" title=\"\"><\/iframe><\/div>\n<h2><span style=\"font-family: arial, helvetica, sans-serif; font-size: 20px;\">Interview sp\u00e9ciale en vue du bac<\/span><\/h2>\n<p style=\"text-align: justify;\"><span style=\"font-family: arial, helvetica, sans-serif;\">A l&#8217;issue de cette &#8220;Master classe&#8221; Fran\u00e7ois MOREL a eu la gentillesse d&#8217;accepter de r\u00e9pondre \u00e0 quelques questions de deux de nos \u00e9l\u00e8ves qui comptent prendre l&#8217;option &#8220;Th\u00e9\u00e2tre&#8221; au Baccalaur\u00e9at\u00a0(Cl\u00e9ment D. &amp; SophieG.), extrait :<\/span><\/p>\n<div class=\"su-youtube su-u-responsive-media-yes\"><iframe loading=\"lazy\" width=\"600\" height=\"400\" src=\"https:\/\/www.youtube.com\/embed\/Bm3S0ZXkUKY?\" frameborder=\"0\" allowfullscreen allow=\"autoplay; encrypted-media; picture-in-picture\" title=\"\"><\/iframe><\/div>\n<div id=\"su_slider_69f0812920861\" class=\"su-slider su-slider-centered su-slider-pages-yes su-slider-responsive-yes\" style=\"width:100%\" data-autoplay=\"3000\" data-speed=\"600\" data-mousewheel=\"true\"><div class=\"su-slider-slides\"><div class=\"su-slider-slide\"><a href=\"https:\/\/www.saint-paul-angouleme.fr\/application\/wp-content\/uploads\/2019\/01\/P1350804.jpg\"  title=\"P1350804\"><img decoding=\"async\" src=\"https:\/\/www.saint-paul-angouleme.fr\/application\/wp-content\/uploads\/2019\/01\/P1350804-1500x980.jpg\" alt=\"P1350804\" \/><span class=\"su-slider-slide-title\">P1350804<\/span><\/a><\/div><div class=\"su-slider-slide\"><a href=\"https:\/\/www.saint-paul-angouleme.fr\/application\/wp-content\/uploads\/2019\/01\/P1350812.jpg\"  title=\"P1350812\"><img decoding=\"async\" src=\"https:\/\/www.saint-paul-angouleme.fr\/application\/wp-content\/uploads\/2019\/01\/P1350812-1500x980.jpg\" alt=\"P1350812\" \/><span class=\"su-slider-slide-title\">P1350812<\/span><\/a><\/div><div class=\"su-slider-slide\"><a href=\"https:\/\/www.saint-paul-angouleme.fr\/application\/wp-content\/uploads\/2019\/01\/P1350816.jpg\"  title=\"P1350816\"><img decoding=\"async\" src=\"https:\/\/www.saint-paul-angouleme.fr\/application\/wp-content\/uploads\/2019\/01\/P1350816-1500x980.jpg\" alt=\"P1350816\" \/><span class=\"su-slider-slide-title\">P1350816<\/span><\/a><\/div><div class=\"su-slider-slide\"><a href=\"https:\/\/www.saint-paul-angouleme.fr\/application\/wp-content\/uploads\/2019\/01\/P1350818.jpg\"  title=\"P1350818\"><img decoding=\"async\" src=\"https:\/\/www.saint-paul-angouleme.fr\/application\/wp-content\/uploads\/2019\/01\/P1350818-1500x980.jpg\" alt=\"P1350818\" \/><span class=\"su-slider-slide-title\">P1350818<\/span><\/a><\/div><div class=\"su-slider-slide\"><a href=\"https:\/\/www.saint-paul-angouleme.fr\/application\/wp-content\/uploads\/2019\/01\/P1350819.jpg\"  title=\"P1350819\"><img decoding=\"async\" src=\"https:\/\/www.saint-paul-angouleme.fr\/application\/wp-content\/uploads\/2019\/01\/P1350819-1500x980.jpg\" alt=\"P1350819\" \/><span class=\"su-slider-slide-title\">P1350819<\/span><\/a><\/div><div class=\"su-slider-slide\"><a href=\"https:\/\/www.saint-paul-angouleme.fr\/application\/wp-content\/uploads\/2019\/01\/P1350828.jpg\"  title=\"P1350828\"><img decoding=\"async\" src=\"https:\/\/www.saint-paul-angouleme.fr\/application\/wp-content\/uploads\/2019\/01\/P1350828-1500x980.jpg\" alt=\"P1350828\" \/><span class=\"su-slider-slide-title\">P1350828<\/span><\/a><\/div><div class=\"su-slider-slide\"><a href=\"https:\/\/www.saint-paul-angouleme.fr\/application\/wp-content\/uploads\/2019\/01\/P1350829.jpg\"  title=\"P1350829\"><img decoding=\"async\" src=\"https:\/\/www.saint-paul-angouleme.fr\/application\/wp-content\/uploads\/2019\/01\/P1350829-1500x980.jpg\" alt=\"P1350829\" \/><span class=\"su-slider-slide-title\">P1350829<\/span><\/a><\/div><div class=\"su-slider-slide\"><a href=\"https:\/\/www.saint-paul-angouleme.fr\/application\/wp-content\/uploads\/2019\/01\/P1350838.jpg\"  title=\"P1350838\"><img decoding=\"async\" src=\"https:\/\/www.saint-paul-angouleme.fr\/application\/wp-content\/uploads\/2019\/01\/P1350838-1500x980.jpg\" alt=\"P1350838\" \/><span class=\"su-slider-slide-title\">P1350838<\/span><\/a><\/div><div class=\"su-slider-slide\"><a href=\"https:\/\/www.saint-paul-angouleme.fr\/application\/wp-content\/uploads\/2019\/01\/P1350841.jpg\"  title=\"P1350841\"><img decoding=\"async\" src=\"https:\/\/www.saint-paul-angouleme.fr\/application\/wp-content\/uploads\/2019\/01\/P1350841-1500x980.jpg\" alt=\"P1350841\" \/><span class=\"su-slider-slide-title\">P1350841<\/span><\/a><\/div><div class=\"su-slider-slide\"><a href=\"https:\/\/www.saint-paul-angouleme.fr\/application\/wp-content\/uploads\/2019\/01\/P1350843.jpg\"  title=\"P1350843\"><img decoding=\"async\" src=\"https:\/\/www.saint-paul-angouleme.fr\/application\/wp-content\/uploads\/2019\/01\/P1350843-1500x980.jpg\" alt=\"P1350843\" \/><span class=\"su-slider-slide-title\">P1350843<\/span><\/a><\/div><div class=\"su-slider-slide\"><a href=\"https:\/\/www.saint-paul-angouleme.fr\/application\/wp-content\/uploads\/2019\/01\/P1350851.jpg\"  title=\"P1350851\"><img decoding=\"async\" src=\"https:\/\/www.saint-paul-angouleme.fr\/application\/wp-content\/uploads\/2019\/01\/P1350851-1500x980.jpg\" alt=\"P1350851\" \/><span class=\"su-slider-slide-title\">P1350851<\/span><\/a><\/div><div class=\"su-slider-slide\"><a href=\"https:\/\/www.saint-paul-angouleme.fr\/application\/wp-content\/uploads\/2019\/01\/P1350854.jpg\"  title=\"P1350854\"><img decoding=\"async\" src=\"https:\/\/www.saint-paul-angouleme.fr\/application\/wp-content\/uploads\/2019\/01\/P1350854-1500x980.jpg\" alt=\"P1350854\" \/><span class=\"su-slider-slide-title\">P1350854<\/span><\/a><\/div><div class=\"su-slider-slide\"><a href=\"https:\/\/www.saint-paul-angouleme.fr\/application\/wp-content\/uploads\/2019\/01\/P1350875.jpg\"  title=\"P1350875\"><img decoding=\"async\" src=\"https:\/\/www.saint-paul-angouleme.fr\/application\/wp-content\/uploads\/2019\/01\/P1350875-1500x980.jpg\" alt=\"P1350875\" \/><span class=\"su-slider-slide-title\">P1350875<\/span><\/a><\/div><div class=\"su-slider-slide\"><a href=\"https:\/\/www.saint-paul-angouleme.fr\/application\/wp-content\/uploads\/2019\/01\/P1350886.jpg\"  title=\"P1350886\"><img decoding=\"async\" src=\"https:\/\/www.saint-paul-angouleme.fr\/application\/wp-content\/uploads\/2019\/01\/P1350886-1500x980.jpg\" alt=\"P1350886\" \/><span class=\"su-slider-slide-title\">P1350886<\/span><\/a><\/div><div class=\"su-slider-slide\"><a href=\"https:\/\/www.saint-paul-angouleme.fr\/application\/wp-content\/uploads\/2019\/01\/P1350887.jpg\"  title=\"P1350887\"><img decoding=\"async\" src=\"https:\/\/www.saint-paul-angouleme.fr\/application\/wp-content\/uploads\/2019\/01\/P1350887-1500x980.jpg\" alt=\"P1350887\" \/><span class=\"su-slider-slide-title\">P1350887<\/span><\/a><\/div><div class=\"su-slider-slide\"><a href=\"https:\/\/www.saint-paul-angouleme.fr\/application\/wp-content\/uploads\/2019\/01\/P1350894.jpg\"  title=\"P1350894\"><img decoding=\"async\" src=\"https:\/\/www.saint-paul-angouleme.fr\/application\/wp-content\/uploads\/2019\/01\/P1350894-1500x980.jpg\" alt=\"P1350894\" \/><span class=\"su-slider-slide-title\">P1350894<\/span><\/a><\/div><div class=\"su-slider-slide\"><a href=\"https:\/\/www.saint-paul-angouleme.fr\/application\/wp-content\/uploads\/2019\/01\/P1350901.jpg\"  title=\"P1350901\"><img decoding=\"async\" src=\"https:\/\/www.saint-paul-angouleme.fr\/application\/wp-content\/uploads\/2019\/01\/P1350901-1500x980.jpg\" alt=\"P1350901\" \/><span class=\"su-slider-slide-title\">P1350901<\/span><\/a><\/div><div class=\"su-slider-slide\"><a href=\"https:\/\/www.saint-paul-angouleme.fr\/application\/wp-content\/uploads\/2019\/01\/P1350908.jpg\"  title=\"P1350908\"><img decoding=\"async\" src=\"https:\/\/www.saint-paul-angouleme.fr\/application\/wp-content\/uploads\/2019\/01\/P1350908-1500x980.jpg\" alt=\"P1350908\" \/><span class=\"su-slider-slide-title\">P1350908<\/span><\/a><\/div><\/div><div class=\"su-slider-nav\"><div class=\"su-slider-direction\"><span class=\"su-slider-prev\"><\/span><span class=\"su-slider-next\"><\/span><\/div><div class=\"su-slider-pagination\"><\/div><\/div><\/div>\n","protected":false},"excerpt":{"rendered":"<p>De passage\u00a0au Th\u00e9\u00e2tre d&#8217;Angoul\u00eame pour son concert &#8220;La vie (titre provisoire)&#8221;, Fran\u00e7ois MOREL avait promis, l&#8217;an dernier, de retourner \u00e0 Saint-Paul. Ainsi, apr\u00e8s sa venue le 7 mars 2018, il nous a fait l&#8217;honneur de revenir le jeudi 29 novembre 2019 pendant sa tourn\u00e9e. Il joue sa pi\u00e8ce\u00a0&#8220;J&#8217;ai des doutes&#8221; et accepte de consacrer une &#8230; <a title=\"L&#8217;atelier th\u00e9\u00e2tre accueille Fran\u00e7ois MOREL\" class=\"read-more\" href=\"https:\/\/www.saint-paul-angouleme.fr\/application\/latelier-theatre-accueille-francois-morel\/\" aria-label=\"Read more about L&#8217;atelier th\u00e9\u00e2tre accueille Fran\u00e7ois MOREL\">Lire la suite<\/a><\/p>\n","protected":false},"author":3,"featured_media":0,"comment_status":"open","ping_status":"open","sticky":false,"template":"","format":"standard","meta":{"_exactmetrics_skip_tracking":false,"_exactmetrics_sitenote_active":false,"_exactmetrics_sitenote_note":"","_exactmetrics_sitenote_category":0,"footnotes":""},"categories":[2],"tags":[],"class_list":["post-3942","post","type-post","status-publish","format-standard","hentry","category-look-on"],"yoast_head":"<!-- This site is optimized with the Yoast SEO plugin v23.3 - https:\/\/yoast.com\/wordpress\/plugins\/seo\/ -->\n<title>L&#039;atelier th\u00e9\u00e2tre accueille Fran\u00e7ois MOREL - Actualit\u00e9s<\/title>\n<meta name=\"description\" content=\"De passage \u00e0 Angoul\u00eame pour sa pi\u00e8ce &quot;J&#039;ai des doutes&quot;, Fran\u00e7ois MOREL avait promis de revenir \u00e0 Saint-Paul pour rencontrer le club-th\u00e9\u00e2tre.\" \/>\n<meta name=\"robots\" content=\"index, follow, max-snippet:-1, max-image-preview:large, max-video-preview:-1\" \/>\n<link rel=\"canonical\" href=\"https:\/\/www.saint-paul-angouleme.fr\/application\/latelier-theatre-accueille-francois-morel\/\" \/>\n<meta property=\"og:locale\" content=\"fr_FR\" \/>\n<meta property=\"og:type\" content=\"article\" \/>\n<meta property=\"og:title\" content=\"L&#039;atelier th\u00e9\u00e2tre accueille Fran\u00e7ois MOREL - Actualit\u00e9s\" \/>\n<meta property=\"og:description\" content=\"De passage \u00e0 Angoul\u00eame pour sa pi\u00e8ce &quot;J&#039;ai des doutes&quot;, Fran\u00e7ois MOREL avait promis de revenir \u00e0 Saint-Paul pour rencontrer le club-th\u00e9\u00e2tre.\" \/>\n<meta property=\"og:url\" content=\"https:\/\/www.saint-paul-angouleme.fr\/application\/latelier-theatre-accueille-francois-morel\/\" \/>\n<meta property=\"og:site_name\" content=\"Actualit\u00e9s\" \/>\n<meta property=\"article:publisher\" content=\"https:\/\/www.facebook.com\/SaintPaulAngouleme16\/\" \/>\n<meta property=\"article:published_time\" content=\"2019-01-30T14:43:05+00:00\" \/>\n<meta property=\"article:modified_time\" content=\"2019-05-02T16:43:24+00:00\" \/>\n<meta property=\"og:image\" content=\"https:\/\/www.saint-paul-angouleme.fr\/application\/wp-content\/uploads\/2019\/01\/P1350832-1024x691.jpg\" \/>\n<meta name=\"author\" content=\"SAINT-PAUL\" \/>\n<meta name=\"twitter:card\" content=\"summary_large_image\" \/>\n<meta name=\"twitter:creator\" content=\"@StPaulAngoulem\" \/>\n<meta name=\"twitter:site\" content=\"@StPaulAngoulem\" \/>\n<meta name=\"twitter:label1\" content=\"\u00c9crit par\" \/>\n\t<meta name=\"twitter:data1\" content=\"SAINT-PAUL\" \/>\n\t<meta name=\"twitter:label2\" content=\"Dur\u00e9e de lecture estim\u00e9e\" \/>\n\t<meta name=\"twitter:data2\" content=\"2 minutes\" \/>\n<script type=\"application\/ld+json\" class=\"yoast-schema-graph\">{\"@context\":\"https:\/\/schema.org\",\"@graph\":[{\"@type\":\"Article\",\"@id\":\"https:\/\/www.saint-paul-angouleme.fr\/application\/latelier-theatre-accueille-francois-morel\/#article\",\"isPartOf\":{\"@id\":\"https:\/\/www.saint-paul-angouleme.fr\/application\/latelier-theatre-accueille-francois-morel\/\"},\"author\":{\"name\":\"SAINT-PAUL\",\"@id\":\"https:\/\/www.saint-paul-angouleme.fr\/application\/#\/schema\/person\/ea152930b1a3823659065827b1a5fb9b\"},\"headline\":\"L&#8217;atelier th\u00e9\u00e2tre accueille Fran\u00e7ois MOREL\",\"datePublished\":\"2019-01-30T14:43:05+00:00\",\"dateModified\":\"2019-05-02T16:43:24+00:00\",\"mainEntityOfPage\":{\"@id\":\"https:\/\/www.saint-paul-angouleme.fr\/application\/latelier-theatre-accueille-francois-morel\/\"},\"wordCount\":444,\"commentCount\":2,\"publisher\":{\"@id\":\"https:\/\/www.saint-paul-angouleme.fr\/application\/#organization\"},\"image\":{\"@id\":\"https:\/\/www.saint-paul-angouleme.fr\/application\/latelier-theatre-accueille-francois-morel\/#primaryimage\"},\"thumbnailUrl\":\"https:\/\/www.saint-paul-angouleme.fr\/application\/wp-content\/uploads\/2019\/01\/P1350832-1024x691.jpg\",\"articleSection\":[\"Look on\"],\"inLanguage\":\"fr-FR\",\"potentialAction\":[{\"@type\":\"CommentAction\",\"name\":\"Comment\",\"target\":[\"https:\/\/www.saint-paul-angouleme.fr\/application\/latelier-theatre-accueille-francois-morel\/#respond\"]}]},{\"@type\":\"WebPage\",\"@id\":\"https:\/\/www.saint-paul-angouleme.fr\/application\/latelier-theatre-accueille-francois-morel\/\",\"url\":\"https:\/\/www.saint-paul-angouleme.fr\/application\/latelier-theatre-accueille-francois-morel\/\",\"name\":\"L'atelier th\u00e9\u00e2tre accueille Fran\u00e7ois MOREL - Actualit\u00e9s\",\"isPartOf\":{\"@id\":\"https:\/\/www.saint-paul-angouleme.fr\/application\/#website\"},\"primaryImageOfPage\":{\"@id\":\"https:\/\/www.saint-paul-angouleme.fr\/application\/latelier-theatre-accueille-francois-morel\/#primaryimage\"},\"image\":{\"@id\":\"https:\/\/www.saint-paul-angouleme.fr\/application\/latelier-theatre-accueille-francois-morel\/#primaryimage\"},\"thumbnailUrl\":\"https:\/\/www.saint-paul-angouleme.fr\/application\/wp-content\/uploads\/2019\/01\/P1350832-1024x691.jpg\",\"datePublished\":\"2019-01-30T14:43:05+00:00\",\"dateModified\":\"2019-05-02T16:43:24+00:00\",\"description\":\"De passage \u00e0 Angoul\u00eame pour sa pi\u00e8ce \\\"J'ai des doutes\\\", Fran\u00e7ois MOREL avait promis de revenir \u00e0 Saint-Paul pour rencontrer le club-th\u00e9\u00e2tre.\",\"breadcrumb\":{\"@id\":\"https:\/\/www.saint-paul-angouleme.fr\/application\/latelier-theatre-accueille-francois-morel\/#breadcrumb\"},\"inLanguage\":\"fr-FR\",\"potentialAction\":[{\"@type\":\"ReadAction\",\"target\":[\"https:\/\/www.saint-paul-angouleme.fr\/application\/latelier-theatre-accueille-francois-morel\/\"]}]},{\"@type\":\"ImageObject\",\"inLanguage\":\"fr-FR\",\"@id\":\"https:\/\/www.saint-paul-angouleme.fr\/application\/latelier-theatre-accueille-francois-morel\/#primaryimage\",\"url\":\"https:\/\/www.saint-paul-angouleme.fr\/application\/wp-content\/uploads\/2019\/01\/P1350832.jpg\",\"contentUrl\":\"https:\/\/www.saint-paul-angouleme.fr\/application\/wp-content\/uploads\/2019\/01\/P1350832.jpg\",\"width\":5103,\"height\":3445},{\"@type\":\"BreadcrumbList\",\"@id\":\"https:\/\/www.saint-paul-angouleme.fr\/application\/latelier-theatre-accueille-francois-morel\/#breadcrumb\",\"itemListElement\":[{\"@type\":\"ListItem\",\"position\":1,\"name\":\"Accueil\",\"item\":\"http:\/\/www.saint-paul-angouleme.fr\/application\/\"},{\"@type\":\"ListItem\",\"position\":2,\"name\":\"L&#8217;atelier th\u00e9\u00e2tre accueille Fran\u00e7ois MOREL\"}]},{\"@type\":\"WebSite\",\"@id\":\"https:\/\/www.saint-paul-angouleme.fr\/application\/#website\",\"url\":\"https:\/\/www.saint-paul-angouleme.fr\/application\/\",\"name\":\"Actualit\u00e9s\",\"description\":\"Actualit\u00e9s Saint Paul\",\"publisher\":{\"@id\":\"https:\/\/www.saint-paul-angouleme.fr\/application\/#organization\"},\"potentialAction\":[{\"@type\":\"SearchAction\",\"target\":{\"@type\":\"EntryPoint\",\"urlTemplate\":\"https:\/\/www.saint-paul-angouleme.fr\/application\/?s={search_term_string}\"},\"query-input\":\"required name=search_term_string\"}],\"inLanguage\":\"fr-FR\"},{\"@type\":\"Organization\",\"@id\":\"https:\/\/www.saint-paul-angouleme.fr\/application\/#organization\",\"name\":\"Ensemble scolaire Saint-Paul\",\"url\":\"https:\/\/www.saint-paul-angouleme.fr\/application\/\",\"logo\":{\"@type\":\"ImageObject\",\"inLanguage\":\"fr-FR\",\"@id\":\"https:\/\/www.saint-paul-angouleme.fr\/application\/#\/schema\/logo\/image\/\",\"url\":\"https:\/\/www.saint-paul-angouleme.fr\/application\/wp-content\/uploads\/2018\/08\/logo-saint-paul-couleurs.jpg\",\"contentUrl\":\"https:\/\/www.saint-paul-angouleme.fr\/application\/wp-content\/uploads\/2018\/08\/logo-saint-paul-couleurs.jpg\",\"width\":1890,\"height\":709,\"caption\":\"Ensemble scolaire Saint-Paul\"},\"image\":{\"@id\":\"https:\/\/www.saint-paul-angouleme.fr\/application\/#\/schema\/logo\/image\/\"},\"sameAs\":[\"https:\/\/www.facebook.com\/SaintPaulAngouleme16\/\",\"https:\/\/x.com\/StPaulAngoulem\",\"https:\/\/www.youtube.com\/channel\/UCRLpz1CmPVqc0gn--YyXvjA?view_as=subscriber\"]},{\"@type\":\"Person\",\"@id\":\"https:\/\/www.saint-paul-angouleme.fr\/application\/#\/schema\/person\/ea152930b1a3823659065827b1a5fb9b\",\"name\":\"SAINT-PAUL\",\"image\":{\"@type\":\"ImageObject\",\"inLanguage\":\"fr-FR\",\"@id\":\"https:\/\/www.saint-paul-angouleme.fr\/application\/#\/schema\/person\/image\/\",\"url\":\"https:\/\/secure.gravatar.com\/avatar\/eadb0ffebc02683a61d69038eb2924f0?s=96&r=g\",\"contentUrl\":\"https:\/\/secure.gravatar.com\/avatar\/eadb0ffebc02683a61d69038eb2924f0?s=96&r=g\",\"caption\":\"SAINT-PAUL\"},\"url\":\"https:\/\/www.saint-paul-angouleme.fr\/application\/author\/myriam\/\"}]}<\/script>\n<!-- \/ Yoast SEO plugin. -->","yoast_head_json":{"title":"L'atelier th\u00e9\u00e2tre accueille Fran\u00e7ois MOREL - Actualit\u00e9s","description":"De passage \u00e0 Angoul\u00eame pour sa pi\u00e8ce \"J'ai des doutes\", Fran\u00e7ois MOREL avait promis de revenir \u00e0 Saint-Paul pour rencontrer le club-th\u00e9\u00e2tre.","robots":{"index":"index","follow":"follow","max-snippet":"max-snippet:-1","max-image-preview":"max-image-preview:large","max-video-preview":"max-video-preview:-1"},"canonical":"https:\/\/www.saint-paul-angouleme.fr\/application\/latelier-theatre-accueille-francois-morel\/","og_locale":"fr_FR","og_type":"article","og_title":"L'atelier th\u00e9\u00e2tre accueille Fran\u00e7ois MOREL - Actualit\u00e9s","og_description":"De passage \u00e0 Angoul\u00eame pour sa pi\u00e8ce \"J'ai des doutes\", Fran\u00e7ois MOREL avait promis de revenir \u00e0 Saint-Paul pour rencontrer le club-th\u00e9\u00e2tre.","og_url":"https:\/\/www.saint-paul-angouleme.fr\/application\/latelier-theatre-accueille-francois-morel\/","og_site_name":"Actualit\u00e9s","article_publisher":"https:\/\/www.facebook.com\/SaintPaulAngouleme16\/","article_published_time":"2019-01-30T14:43:05+00:00","article_modified_time":"2019-05-02T16:43:24+00:00","og_image":[{"url":"https:\/\/www.saint-paul-angouleme.fr\/application\/wp-content\/uploads\/2019\/01\/P1350832-1024x691.jpg"}],"author":"SAINT-PAUL","twitter_card":"summary_large_image","twitter_creator":"@StPaulAngoulem","twitter_site":"@StPaulAngoulem","twitter_misc":{"\u00c9crit par":"SAINT-PAUL","Dur\u00e9e de lecture estim\u00e9e":"2 minutes"},"schema":{"@context":"https:\/\/schema.org","@graph":[{"@type":"Article","@id":"https:\/\/www.saint-paul-angouleme.fr\/application\/latelier-theatre-accueille-francois-morel\/#article","isPartOf":{"@id":"https:\/\/www.saint-paul-angouleme.fr\/application\/latelier-theatre-accueille-francois-morel\/"},"author":{"name":"SAINT-PAUL","@id":"https:\/\/www.saint-paul-angouleme.fr\/application\/#\/schema\/person\/ea152930b1a3823659065827b1a5fb9b"},"headline":"L&#8217;atelier th\u00e9\u00e2tre accueille Fran\u00e7ois MOREL","datePublished":"2019-01-30T14:43:05+00:00","dateModified":"2019-05-02T16:43:24+00:00","mainEntityOfPage":{"@id":"https:\/\/www.saint-paul-angouleme.fr\/application\/latelier-theatre-accueille-francois-morel\/"},"wordCount":444,"commentCount":2,"publisher":{"@id":"https:\/\/www.saint-paul-angouleme.fr\/application\/#organization"},"image":{"@id":"https:\/\/www.saint-paul-angouleme.fr\/application\/latelier-theatre-accueille-francois-morel\/#primaryimage"},"thumbnailUrl":"https:\/\/www.saint-paul-angouleme.fr\/application\/wp-content\/uploads\/2019\/01\/P1350832-1024x691.jpg","articleSection":["Look on"],"inLanguage":"fr-FR","potentialAction":[{"@type":"CommentAction","name":"Comment","target":["https:\/\/www.saint-paul-angouleme.fr\/application\/latelier-theatre-accueille-francois-morel\/#respond"]}]},{"@type":"WebPage","@id":"https:\/\/www.saint-paul-angouleme.fr\/application\/latelier-theatre-accueille-francois-morel\/","url":"https:\/\/www.saint-paul-angouleme.fr\/application\/latelier-theatre-accueille-francois-morel\/","name":"L'atelier th\u00e9\u00e2tre accueille Fran\u00e7ois MOREL - Actualit\u00e9s","isPartOf":{"@id":"https:\/\/www.saint-paul-angouleme.fr\/application\/#website"},"primaryImageOfPage":{"@id":"https:\/\/www.saint-paul-angouleme.fr\/application\/latelier-theatre-accueille-francois-morel\/#primaryimage"},"image":{"@id":"https:\/\/www.saint-paul-angouleme.fr\/application\/latelier-theatre-accueille-francois-morel\/#primaryimage"},"thumbnailUrl":"https:\/\/www.saint-paul-angouleme.fr\/application\/wp-content\/uploads\/2019\/01\/P1350832-1024x691.jpg","datePublished":"2019-01-30T14:43:05+00:00","dateModified":"2019-05-02T16:43:24+00:00","description":"De passage \u00e0 Angoul\u00eame pour sa pi\u00e8ce \"J'ai des doutes\", Fran\u00e7ois MOREL avait promis de revenir \u00e0 Saint-Paul pour rencontrer le club-th\u00e9\u00e2tre.","breadcrumb":{"@id":"https:\/\/www.saint-paul-angouleme.fr\/application\/latelier-theatre-accueille-francois-morel\/#breadcrumb"},"inLanguage":"fr-FR","potentialAction":[{"@type":"ReadAction","target":["https:\/\/www.saint-paul-angouleme.fr\/application\/latelier-theatre-accueille-francois-morel\/"]}]},{"@type":"ImageObject","inLanguage":"fr-FR","@id":"https:\/\/www.saint-paul-angouleme.fr\/application\/latelier-theatre-accueille-francois-morel\/#primaryimage","url":"https:\/\/www.saint-paul-angouleme.fr\/application\/wp-content\/uploads\/2019\/01\/P1350832.jpg","contentUrl":"https:\/\/www.saint-paul-angouleme.fr\/application\/wp-content\/uploads\/2019\/01\/P1350832.jpg","width":5103,"height":3445},{"@type":"BreadcrumbList","@id":"https:\/\/www.saint-paul-angouleme.fr\/application\/latelier-theatre-accueille-francois-morel\/#breadcrumb","itemListElement":[{"@type":"ListItem","position":1,"name":"Accueil","item":"http:\/\/www.saint-paul-angouleme.fr\/application\/"},{"@type":"ListItem","position":2,"name":"L&#8217;atelier th\u00e9\u00e2tre accueille Fran\u00e7ois MOREL"}]},{"@type":"WebSite","@id":"https:\/\/www.saint-paul-angouleme.fr\/application\/#website","url":"https:\/\/www.saint-paul-angouleme.fr\/application\/","name":"Actualit\u00e9s","description":"Actualit\u00e9s Saint Paul","publisher":{"@id":"https:\/\/www.saint-paul-angouleme.fr\/application\/#organization"},"potentialAction":[{"@type":"SearchAction","target":{"@type":"EntryPoint","urlTemplate":"https:\/\/www.saint-paul-angouleme.fr\/application\/?s={search_term_string}"},"query-input":"required name=search_term_string"}],"inLanguage":"fr-FR"},{"@type":"Organization","@id":"https:\/\/www.saint-paul-angouleme.fr\/application\/#organization","name":"Ensemble scolaire Saint-Paul","url":"https:\/\/www.saint-paul-angouleme.fr\/application\/","logo":{"@type":"ImageObject","inLanguage":"fr-FR","@id":"https:\/\/www.saint-paul-angouleme.fr\/application\/#\/schema\/logo\/image\/","url":"https:\/\/www.saint-paul-angouleme.fr\/application\/wp-content\/uploads\/2018\/08\/logo-saint-paul-couleurs.jpg","contentUrl":"https:\/\/www.saint-paul-angouleme.fr\/application\/wp-content\/uploads\/2018\/08\/logo-saint-paul-couleurs.jpg","width":1890,"height":709,"caption":"Ensemble scolaire Saint-Paul"},"image":{"@id":"https:\/\/www.saint-paul-angouleme.fr\/application\/#\/schema\/logo\/image\/"},"sameAs":["https:\/\/www.facebook.com\/SaintPaulAngouleme16\/","https:\/\/x.com\/StPaulAngoulem","https:\/\/www.youtube.com\/channel\/UCRLpz1CmPVqc0gn--YyXvjA?view_as=subscriber"]},{"@type":"Person","@id":"https:\/\/www.saint-paul-angouleme.fr\/application\/#\/schema\/person\/ea152930b1a3823659065827b1a5fb9b","name":"SAINT-PAUL","image":{"@type":"ImageObject","inLanguage":"fr-FR","@id":"https:\/\/www.saint-paul-angouleme.fr\/application\/#\/schema\/person\/image\/","url":"https:\/\/secure.gravatar.com\/avatar\/eadb0ffebc02683a61d69038eb2924f0?s=96&r=g","contentUrl":"https:\/\/secure.gravatar.com\/avatar\/eadb0ffebc02683a61d69038eb2924f0?s=96&r=g","caption":"SAINT-PAUL"},"url":"https:\/\/www.saint-paul-angouleme.fr\/application\/author\/myriam\/"}]}},"_links":{"self":[{"href":"https:\/\/www.saint-paul-angouleme.fr\/application\/wp-json\/wp\/v2\/posts\/3942"}],"collection":[{"href":"https:\/\/www.saint-paul-angouleme.fr\/application\/wp-json\/wp\/v2\/posts"}],"about":[{"href":"https:\/\/www.saint-paul-angouleme.fr\/application\/wp-json\/wp\/v2\/types\/post"}],"author":[{"embeddable":true,"href":"https:\/\/www.saint-paul-angouleme.fr\/application\/wp-json\/wp\/v2\/users\/3"}],"replies":[{"embeddable":true,"href":"https:\/\/www.saint-paul-angouleme.fr\/application\/wp-json\/wp\/v2\/comments?post=3942"}],"version-history":[{"count":26,"href":"https:\/\/www.saint-paul-angouleme.fr\/application\/wp-json\/wp\/v2\/posts\/3942\/revisions"}],"predecessor-version":[{"id":3990,"href":"https:\/\/www.saint-paul-angouleme.fr\/application\/wp-json\/wp\/v2\/posts\/3942\/revisions\/3990"}],"wp:attachment":[{"href":"https:\/\/www.saint-paul-angouleme.fr\/application\/wp-json\/wp\/v2\/media?parent=3942"}],"wp:term":[{"taxonomy":"category","embeddable":true,"href":"https:\/\/www.saint-paul-angouleme.fr\/application\/wp-json\/wp\/v2\/categories?post=3942"},{"taxonomy":"post_tag","embeddable":true,"href":"https:\/\/www.saint-paul-angouleme.fr\/application\/wp-json\/wp\/v2\/tags?post=3942"}],"curies":[{"name":"wp","href":"https:\/\/api.w.org\/{rel}","templated":true}]}}