{"id":389,"date":"2017-03-27T00:07:36","date_gmt":"2017-03-26T22:07:36","guid":{"rendered":"http:\/\/www.saint-paul-angouleme.fr\/application\/?p=389"},"modified":"2017-04-20T09:59:13","modified_gmt":"2017-04-20T07:59:13","slug":"racine-par-la-racine-lunivers-racinien-sur-scene-devant-les-classes-de-premiere","status":"publish","type":"post","link":"https:\/\/www.saint-paul-angouleme.fr\/application\/racine-par-la-racine-lunivers-racinien-sur-scene-devant-les-classes-de-premiere\/","title":{"rendered":"&#8220;Racine par la racine&#8221; : l&#8217;univers racinien sur sc\u00e8ne devant les classes de Premi\u00e8re"},"content":{"rendered":"<p style=\"text-align: justify;\"><a href=\"http:\/\/www.saint-paul-angouleme.fr\/application\/wp-content\/uploads\/2017\/03\/IMG_3021.jpg\"><img loading=\"lazy\" decoding=\"async\" class=\"aligncenter size-full wp-image-391\" src=\"http:\/\/www.saint-paul-angouleme.fr\/application\/wp-content\/uploads\/2017\/03\/IMG_3021.jpg\" alt=\"\" width=\"480\" height=\"640\" srcset=\"https:\/\/www.saint-paul-angouleme.fr\/application\/wp-content\/uploads\/2017\/03\/IMG_3021.jpg 480w, https:\/\/www.saint-paul-angouleme.fr\/application\/wp-content\/uploads\/2017\/03\/IMG_3021-225x300.jpg 225w\" sizes=\"(max-width: 480px) 100vw, 480px\" \/><\/a><\/p>\n<p style=\"text-align: justify;\"><span style=\"color: #333333; font-family: tahoma,arial,helvetica,sans-serif; font-size: 20px;\">Le mardi 21 mars, en d\u00e9but d\u2019apr\u00e8s-midi, les classes de Premi\u00e8re avaient rendez-vous avec le th\u00e9\u00e2tre et plus pr\u00e9cis\u00e9ment avec la trag\u00e9die.<\/span><\/p>\n<p style=\"text-align: justify;\"><a href=\"http:\/\/www.saint-paul-angouleme.fr\/application\/wp-content\/uploads\/2017\/03\/Capture-Racine.png\"><img loading=\"lazy\" decoding=\"async\" class=\"alignright size-full wp-image-392\" src=\"http:\/\/www.saint-paul-angouleme.fr\/application\/wp-content\/uploads\/2017\/03\/Capture-Racine.png\" alt=\"\" width=\"198\" height=\"128\" \/><\/a><\/p>\n<p style=\"text-align: justify;\"><span style=\"color: #333333; font-family: tahoma,arial,helvetica,sans-serif; font-size: 20px;\">Les com\u00e9diens de la compagnie \u00ab\u00a0ALCANDRE\u00a0\u00bb sont venus jouer \u00ab\u00a0Racine par la racine\u00a0\u00bb devant nos \u00e9l\u00e8ves. L\u2019auteur et metteur en sc\u00e8ne de la pi\u00e8ce, Serge BOURHIS, fait avec cette pi\u00e8ce le choix d\u2019une vulgarisation de l\u2019univers racinien \u00e0 partir de morceaux d\u2019\u0153uvres connues, incontournables sur un ton d\u00e9cal\u00e9 et parodique. Ce spectacle est <em>\u00ab\u00a0une com\u00e9die qui parle de trag\u00e9die\u00a0\u00bb<\/em> selon son auteur.<\/span><\/p>\n<p style=\"text-align: justify;\"><a href=\"http:\/\/www.saint-paul-angouleme.fr\/application\/wp-content\/uploads\/2017\/03\/IMG_3002.jpg\"><img loading=\"lazy\" decoding=\"async\" class=\"aligncenter size-full wp-image-393\" src=\"http:\/\/www.saint-paul-angouleme.fr\/application\/wp-content\/uploads\/2017\/03\/IMG_3002.jpg\" alt=\"\" width=\"640\" height=\"480\" srcset=\"https:\/\/www.saint-paul-angouleme.fr\/application\/wp-content\/uploads\/2017\/03\/IMG_3002.jpg 640w, https:\/\/www.saint-paul-angouleme.fr\/application\/wp-content\/uploads\/2017\/03\/IMG_3002-300x225.jpg 300w\" sizes=\"(max-width: 640px) 100vw, 640px\" \/><\/a><\/p>\n<p style=\"text-align: justify;\"><span style=\"color: #333333; font-family: tahoma,arial,helvetica,sans-serif; font-size: 20px;\"><a href=\"http:\/\/www.saint-paul-angouleme.fr\/application\/wp-content\/uploads\/2017\/03\/IMG_3003.jpg\"><img loading=\"lazy\" decoding=\"async\" class=\"alignleft size-medium wp-image-394\" src=\"http:\/\/www.saint-paul-angouleme.fr\/application\/wp-content\/uploads\/2017\/03\/IMG_3003-300x225.jpg\" alt=\"\" width=\"300\" height=\"225\" srcset=\"https:\/\/www.saint-paul-angouleme.fr\/application\/wp-content\/uploads\/2017\/03\/IMG_3003-300x225.jpg 300w, https:\/\/www.saint-paul-angouleme.fr\/application\/wp-content\/uploads\/2017\/03\/IMG_3003.jpg 640w\" sizes=\"(max-width: 300px) 100vw, 300px\" \/><\/a>Le but reste donc culturel et p\u00e9dagogique. Les \u00e9l\u00e8ves ont pu y retrouver des vers fameux ainsi que des sc\u00e8nes d\u2019anthologie comme la mort de Britannicus, le songe d\u2019Athalie, les adieux de Ph\u00e8dre \u00e0 \u0152none\u2026 et tenter ainsi de rep\u00e9rer les r\u00e9f\u00e9rences et vers pastich\u00e9s.<\/span><\/p>\n<p style=\"text-align: justify;\"><span style=\"color: #333333; font-family: tahoma,arial,helvetica,sans-serif; font-size: 20px;\">Apr\u00e8s 1h15 de repr\u00e9sentation un temps d\u2019\u00e9change avec les quatre com\u00e9diens et le r\u00e9gisseur leur a permis de poser des questions tant sur le spectacle, le choix des \u0153uvres, de la mise en sc\u00e8ne ou plus largement sur le th\u00e9\u00e2tre et le m\u00e9tier de com\u00e9dien.<\/span><\/p>\n<p style=\"text-align: justify;\"><a href=\"http:\/\/www.saint-paul-angouleme.fr\/application\/wp-content\/uploads\/2017\/03\/IMG_3027.jpg\"><img loading=\"lazy\" decoding=\"async\" class=\"aligncenter size-full wp-image-395\" src=\"http:\/\/www.saint-paul-angouleme.fr\/application\/wp-content\/uploads\/2017\/03\/IMG_3027.jpg\" alt=\"\" width=\"640\" height=\"480\" srcset=\"https:\/\/www.saint-paul-angouleme.fr\/application\/wp-content\/uploads\/2017\/03\/IMG_3027.jpg 640w, https:\/\/www.saint-paul-angouleme.fr\/application\/wp-content\/uploads\/2017\/03\/IMG_3027-300x225.jpg 300w\" sizes=\"(max-width: 640px) 100vw, 640px\" \/><\/a><\/p>\n<p style=\"text-align: justify;\"><span style=\"color: #de984b; text-decoration: underline;\"><strong>Petit quiz racinien :<\/strong><\/span><span style=\"color: #333333;\">\u00a0 quels personnages prononcent ces vers fameux et dans quelle pi\u00e8ce ?<\/span><\/p>\n<blockquote>\n<p style=\"text-align: justify;\"><em>1) &#8220;Pour qui sont ces serpents qui sifflent sur vos t\u00eates ?&#8221;<\/em><\/p>\n<p style=\"text-align: justify;\">2) &#8220;Tout m&#8217;afflige et me nuit et conspire \u00e0 me nuire&#8221;.<\/p>\n<p style=\"text-align: justify;\">3) &#8220;Que le jour recommence et que le jour finisse<\/p>\n<p style=\"text-align: justify;\">Sans que jamais Titus puisse voir B\u00e9r\u00e9nice&#8221;.<\/p>\n<p style=\"text-align: justify;\">4) &#8220;C&#8217;\u00e9tait pendant l&#8217;horreur d&#8217;une profonde nuit&#8221;.<\/p>\n<p style=\"text-align: justify;\">5) &#8221; Captive, toujours triste, importune \u00e0 moi-m\u00eame,<\/p>\n<p style=\"text-align: justify;\">Pouvez-vous souhaitez qu&#8217;Andromaque vous aime ?&#8221;<\/p>\n<p style=\"text-align: justify;\">6) Rome vous vit, Madame, arriver avec lui<\/p>\n<p style=\"text-align: justify;\">Dans l&#8217;Orient d\u00e9sert quel devint mon ennui !<\/p>\n<p style=\"text-align: justify;\">Je demeurais longtemps errant dans C\u00e9sar\u00e9e<\/p>\n<p style=\"text-align: justify;\">Lieux charmants o\u00f9 mon c\u0153ur vous avait ador\u00e9e&#8221;.<\/p>\n<p style=\"text-align: justify;\">7) H\u00e9 quoi ? Votre courroux n&#8217;a-t-il pas eu son secours ?<\/p>\n<p style=\"text-align: justify;\">Peut-on ha\u00efr sans cesse ? Et punit-on toujours ?<\/p>\n<\/blockquote>\n<p><a href=\"http:\/\/www.saint-paul-angouleme.fr\/application\/wp-content\/uploads\/2017\/03\/Capture.png\"><img loading=\"lazy\" decoding=\"async\" class=\"alignright size-medium wp-image-399\" src=\"http:\/\/www.saint-paul-angouleme.fr\/application\/wp-content\/uploads\/2017\/03\/Capture-300x146.png\" alt=\"\" width=\"300\" height=\"146\" srcset=\"https:\/\/www.saint-paul-angouleme.fr\/application\/wp-content\/uploads\/2017\/03\/Capture-300x146.png 300w, https:\/\/www.saint-paul-angouleme.fr\/application\/wp-content\/uploads\/2017\/03\/Capture.png 575w\" sizes=\"(max-width: 300px) 100vw, 300px\" \/><\/a><\/p>\n<p>&nbsp;<\/p>\n","protected":false},"excerpt":{"rendered":"<p>Le mardi 21 mars, en d\u00e9but d\u2019apr\u00e8s-midi, les classes de Premi\u00e8re avaient rendez-vous avec le th\u00e9\u00e2tre et plus pr\u00e9cis\u00e9ment avec la trag\u00e9die. Les com\u00e9diens de la compagnie \u00ab\u00a0ALCANDRE\u00a0\u00bb sont venus jouer \u00ab\u00a0Racine par la racine\u00a0\u00bb devant nos \u00e9l\u00e8ves. L\u2019auteur et metteur en sc\u00e8ne de la pi\u00e8ce, Serge BOURHIS, fait avec cette pi\u00e8ce le choix d\u2019une &#8230; <a title=\"&#8220;Racine par la racine&#8221; : l&#8217;univers racinien sur sc\u00e8ne devant les classes de Premi\u00e8re\" class=\"read-more\" href=\"https:\/\/www.saint-paul-angouleme.fr\/application\/racine-par-la-racine-lunivers-racinien-sur-scene-devant-les-classes-de-premiere\/\" aria-label=\"Read more about &#8220;Racine par la racine&#8221; : l&#8217;univers racinien sur sc\u00e8ne devant les classes de Premi\u00e8re\">Lire la suite<\/a><\/p>\n","protected":false},"author":3,"featured_media":0,"comment_status":"open","ping_status":"open","sticky":false,"template":"","format":"standard","meta":{"_exactmetrics_skip_tracking":false,"_exactmetrics_sitenote_active":false,"_exactmetrics_sitenote_note":"","_exactmetrics_sitenote_category":0,"footnotes":""},"categories":[2,13],"tags":[],"class_list":["post-389","post","type-post","status-publish","format-standard","hentry","category-look-on","category-pedagogie"],"yoast_head":"<!-- This site is optimized with the Yoast SEO plugin v23.3 - https:\/\/yoast.com\/wordpress\/plugins\/seo\/ -->\n<title>&quot;Racine par la racine&quot; : l&#039;univers racinien sur sc\u00e8ne devant les classes de Premi\u00e8re - Actualit\u00e9s<\/title>\n<meta name=\"robots\" content=\"index, follow, max-snippet:-1, max-image-preview:large, max-video-preview:-1\" \/>\n<link rel=\"canonical\" href=\"https:\/\/www.saint-paul-angouleme.fr\/application\/racine-par-la-racine-lunivers-racinien-sur-scene-devant-les-classes-de-premiere\/\" \/>\n<meta property=\"og:locale\" content=\"fr_FR\" \/>\n<meta property=\"og:type\" content=\"article\" \/>\n<meta property=\"og:title\" content=\"&quot;Racine par la racine&quot; : l&#039;univers racinien sur sc\u00e8ne devant les classes de Premi\u00e8re - Actualit\u00e9s\" \/>\n<meta property=\"og:description\" content=\"Le mardi 21 mars, en d\u00e9but d\u2019apr\u00e8s-midi, les classes de Premi\u00e8re avaient rendez-vous avec le th\u00e9\u00e2tre et plus pr\u00e9cis\u00e9ment avec la trag\u00e9die. Les com\u00e9diens de la compagnie \u00ab\u00a0ALCANDRE\u00a0\u00bb sont venus jouer \u00ab\u00a0Racine par la racine\u00a0\u00bb devant nos \u00e9l\u00e8ves. L\u2019auteur et metteur en sc\u00e8ne de la pi\u00e8ce, Serge BOURHIS, fait avec cette pi\u00e8ce le choix d\u2019une ... Lire la suite\" \/>\n<meta property=\"og:url\" content=\"https:\/\/www.saint-paul-angouleme.fr\/application\/racine-par-la-racine-lunivers-racinien-sur-scene-devant-les-classes-de-premiere\/\" \/>\n<meta property=\"og:site_name\" content=\"Actualit\u00e9s\" \/>\n<meta property=\"article:publisher\" content=\"https:\/\/www.facebook.com\/SaintPaulAngouleme16\/\" \/>\n<meta property=\"article:published_time\" content=\"2017-03-26T22:07:36+00:00\" \/>\n<meta property=\"article:modified_time\" content=\"2017-04-20T07:59:13+00:00\" \/>\n<meta property=\"og:image\" content=\"http:\/\/www.saint-paul-angouleme.fr\/application\/wp-content\/uploads\/2017\/03\/IMG_3021.jpg\" \/>\n<meta name=\"author\" content=\"SAINT-PAUL\" \/>\n<meta name=\"twitter:card\" content=\"summary_large_image\" \/>\n<meta name=\"twitter:creator\" content=\"@StPaulAngoulem\" \/>\n<meta name=\"twitter:site\" content=\"@StPaulAngoulem\" \/>\n<meta name=\"twitter:label1\" content=\"\u00c9crit par\" \/>\n\t<meta name=\"twitter:data1\" content=\"SAINT-PAUL\" \/>\n\t<meta name=\"twitter:label2\" content=\"Dur\u00e9e de lecture estim\u00e9e\" \/>\n\t<meta name=\"twitter:data2\" content=\"2 minutes\" \/>\n<script type=\"application\/ld+json\" class=\"yoast-schema-graph\">{\"@context\":\"https:\/\/schema.org\",\"@graph\":[{\"@type\":\"Article\",\"@id\":\"https:\/\/www.saint-paul-angouleme.fr\/application\/racine-par-la-racine-lunivers-racinien-sur-scene-devant-les-classes-de-premiere\/#article\",\"isPartOf\":{\"@id\":\"https:\/\/www.saint-paul-angouleme.fr\/application\/racine-par-la-racine-lunivers-racinien-sur-scene-devant-les-classes-de-premiere\/\"},\"author\":{\"name\":\"SAINT-PAUL\",\"@id\":\"https:\/\/www.saint-paul-angouleme.fr\/application\/#\/schema\/person\/ea152930b1a3823659065827b1a5fb9b\"},\"headline\":\"&#8220;Racine par la racine&#8221; : l&#8217;univers racinien sur sc\u00e8ne devant les classes de Premi\u00e8re\",\"datePublished\":\"2017-03-26T22:07:36+00:00\",\"dateModified\":\"2017-04-20T07:59:13+00:00\",\"mainEntityOfPage\":{\"@id\":\"https:\/\/www.saint-paul-angouleme.fr\/application\/racine-par-la-racine-lunivers-racinien-sur-scene-devant-les-classes-de-premiere\/\"},\"wordCount\":353,\"commentCount\":0,\"publisher\":{\"@id\":\"https:\/\/www.saint-paul-angouleme.fr\/application\/#organization\"},\"image\":{\"@id\":\"https:\/\/www.saint-paul-angouleme.fr\/application\/racine-par-la-racine-lunivers-racinien-sur-scene-devant-les-classes-de-premiere\/#primaryimage\"},\"thumbnailUrl\":\"http:\/\/www.saint-paul-angouleme.fr\/application\/wp-content\/uploads\/2017\/03\/IMG_3021.jpg\",\"articleSection\":[\"Look on\",\"P\u00e9dagogie\"],\"inLanguage\":\"fr-FR\",\"potentialAction\":[{\"@type\":\"CommentAction\",\"name\":\"Comment\",\"target\":[\"https:\/\/www.saint-paul-angouleme.fr\/application\/racine-par-la-racine-lunivers-racinien-sur-scene-devant-les-classes-de-premiere\/#respond\"]}]},{\"@type\":\"WebPage\",\"@id\":\"https:\/\/www.saint-paul-angouleme.fr\/application\/racine-par-la-racine-lunivers-racinien-sur-scene-devant-les-classes-de-premiere\/\",\"url\":\"https:\/\/www.saint-paul-angouleme.fr\/application\/racine-par-la-racine-lunivers-racinien-sur-scene-devant-les-classes-de-premiere\/\",\"name\":\"\\\"Racine par la racine\\\" : l'univers racinien sur sc\u00e8ne devant les classes de Premi\u00e8re - Actualit\u00e9s\",\"isPartOf\":{\"@id\":\"https:\/\/www.saint-paul-angouleme.fr\/application\/#website\"},\"primaryImageOfPage\":{\"@id\":\"https:\/\/www.saint-paul-angouleme.fr\/application\/racine-par-la-racine-lunivers-racinien-sur-scene-devant-les-classes-de-premiere\/#primaryimage\"},\"image\":{\"@id\":\"https:\/\/www.saint-paul-angouleme.fr\/application\/racine-par-la-racine-lunivers-racinien-sur-scene-devant-les-classes-de-premiere\/#primaryimage\"},\"thumbnailUrl\":\"http:\/\/www.saint-paul-angouleme.fr\/application\/wp-content\/uploads\/2017\/03\/IMG_3021.jpg\",\"datePublished\":\"2017-03-26T22:07:36+00:00\",\"dateModified\":\"2017-04-20T07:59:13+00:00\",\"breadcrumb\":{\"@id\":\"https:\/\/www.saint-paul-angouleme.fr\/application\/racine-par-la-racine-lunivers-racinien-sur-scene-devant-les-classes-de-premiere\/#breadcrumb\"},\"inLanguage\":\"fr-FR\",\"potentialAction\":[{\"@type\":\"ReadAction\",\"target\":[\"https:\/\/www.saint-paul-angouleme.fr\/application\/racine-par-la-racine-lunivers-racinien-sur-scene-devant-les-classes-de-premiere\/\"]}]},{\"@type\":\"ImageObject\",\"inLanguage\":\"fr-FR\",\"@id\":\"https:\/\/www.saint-paul-angouleme.fr\/application\/racine-par-la-racine-lunivers-racinien-sur-scene-devant-les-classes-de-premiere\/#primaryimage\",\"url\":\"http:\/\/www.saint-paul-angouleme.fr\/application\/wp-content\/uploads\/2017\/03\/IMG_3021.jpg\",\"contentUrl\":\"http:\/\/www.saint-paul-angouleme.fr\/application\/wp-content\/uploads\/2017\/03\/IMG_3021.jpg\"},{\"@type\":\"BreadcrumbList\",\"@id\":\"https:\/\/www.saint-paul-angouleme.fr\/application\/racine-par-la-racine-lunivers-racinien-sur-scene-devant-les-classes-de-premiere\/#breadcrumb\",\"itemListElement\":[{\"@type\":\"ListItem\",\"position\":1,\"name\":\"Accueil\",\"item\":\"http:\/\/www.saint-paul-angouleme.fr\/application\/\"},{\"@type\":\"ListItem\",\"position\":2,\"name\":\"&#8220;Racine par la racine&#8221; : l&#8217;univers racinien sur sc\u00e8ne devant les classes de Premi\u00e8re\"}]},{\"@type\":\"WebSite\",\"@id\":\"https:\/\/www.saint-paul-angouleme.fr\/application\/#website\",\"url\":\"https:\/\/www.saint-paul-angouleme.fr\/application\/\",\"name\":\"Actualit\u00e9s\",\"description\":\"Actualit\u00e9s Saint Paul\",\"publisher\":{\"@id\":\"https:\/\/www.saint-paul-angouleme.fr\/application\/#organization\"},\"potentialAction\":[{\"@type\":\"SearchAction\",\"target\":{\"@type\":\"EntryPoint\",\"urlTemplate\":\"https:\/\/www.saint-paul-angouleme.fr\/application\/?s={search_term_string}\"},\"query-input\":\"required name=search_term_string\"}],\"inLanguage\":\"fr-FR\"},{\"@type\":\"Organization\",\"@id\":\"https:\/\/www.saint-paul-angouleme.fr\/application\/#organization\",\"name\":\"Ensemble scolaire Saint-Paul\",\"url\":\"https:\/\/www.saint-paul-angouleme.fr\/application\/\",\"logo\":{\"@type\":\"ImageObject\",\"inLanguage\":\"fr-FR\",\"@id\":\"https:\/\/www.saint-paul-angouleme.fr\/application\/#\/schema\/logo\/image\/\",\"url\":\"https:\/\/www.saint-paul-angouleme.fr\/application\/wp-content\/uploads\/2018\/08\/logo-saint-paul-couleurs.jpg\",\"contentUrl\":\"https:\/\/www.saint-paul-angouleme.fr\/application\/wp-content\/uploads\/2018\/08\/logo-saint-paul-couleurs.jpg\",\"width\":1890,\"height\":709,\"caption\":\"Ensemble scolaire Saint-Paul\"},\"image\":{\"@id\":\"https:\/\/www.saint-paul-angouleme.fr\/application\/#\/schema\/logo\/image\/\"},\"sameAs\":[\"https:\/\/www.facebook.com\/SaintPaulAngouleme16\/\",\"https:\/\/x.com\/StPaulAngoulem\",\"https:\/\/www.youtube.com\/channel\/UCRLpz1CmPVqc0gn--YyXvjA?view_as=subscriber\"]},{\"@type\":\"Person\",\"@id\":\"https:\/\/www.saint-paul-angouleme.fr\/application\/#\/schema\/person\/ea152930b1a3823659065827b1a5fb9b\",\"name\":\"SAINT-PAUL\",\"image\":{\"@type\":\"ImageObject\",\"inLanguage\":\"fr-FR\",\"@id\":\"https:\/\/www.saint-paul-angouleme.fr\/application\/#\/schema\/person\/image\/\",\"url\":\"https:\/\/secure.gravatar.com\/avatar\/eadb0ffebc02683a61d69038eb2924f0?s=96&r=g\",\"contentUrl\":\"https:\/\/secure.gravatar.com\/avatar\/eadb0ffebc02683a61d69038eb2924f0?s=96&r=g\",\"caption\":\"SAINT-PAUL\"},\"url\":\"https:\/\/www.saint-paul-angouleme.fr\/application\/author\/myriam\/\"}]}<\/script>\n<!-- \/ Yoast SEO plugin. -->","yoast_head_json":{"title":"\"Racine par la racine\" : l'univers racinien sur sc\u00e8ne devant les classes de Premi\u00e8re - Actualit\u00e9s","robots":{"index":"index","follow":"follow","max-snippet":"max-snippet:-1","max-image-preview":"max-image-preview:large","max-video-preview":"max-video-preview:-1"},"canonical":"https:\/\/www.saint-paul-angouleme.fr\/application\/racine-par-la-racine-lunivers-racinien-sur-scene-devant-les-classes-de-premiere\/","og_locale":"fr_FR","og_type":"article","og_title":"\"Racine par la racine\" : l'univers racinien sur sc\u00e8ne devant les classes de Premi\u00e8re - Actualit\u00e9s","og_description":"Le mardi 21 mars, en d\u00e9but d\u2019apr\u00e8s-midi, les classes de Premi\u00e8re avaient rendez-vous avec le th\u00e9\u00e2tre et plus pr\u00e9cis\u00e9ment avec la trag\u00e9die. Les com\u00e9diens de la compagnie \u00ab\u00a0ALCANDRE\u00a0\u00bb sont venus jouer \u00ab\u00a0Racine par la racine\u00a0\u00bb devant nos \u00e9l\u00e8ves. L\u2019auteur et metteur en sc\u00e8ne de la pi\u00e8ce, Serge BOURHIS, fait avec cette pi\u00e8ce le choix d\u2019une ... Lire la suite","og_url":"https:\/\/www.saint-paul-angouleme.fr\/application\/racine-par-la-racine-lunivers-racinien-sur-scene-devant-les-classes-de-premiere\/","og_site_name":"Actualit\u00e9s","article_publisher":"https:\/\/www.facebook.com\/SaintPaulAngouleme16\/","article_published_time":"2017-03-26T22:07:36+00:00","article_modified_time":"2017-04-20T07:59:13+00:00","og_image":[{"url":"http:\/\/www.saint-paul-angouleme.fr\/application\/wp-content\/uploads\/2017\/03\/IMG_3021.jpg"}],"author":"SAINT-PAUL","twitter_card":"summary_large_image","twitter_creator":"@StPaulAngoulem","twitter_site":"@StPaulAngoulem","twitter_misc":{"\u00c9crit par":"SAINT-PAUL","Dur\u00e9e de lecture estim\u00e9e":"2 minutes"},"schema":{"@context":"https:\/\/schema.org","@graph":[{"@type":"Article","@id":"https:\/\/www.saint-paul-angouleme.fr\/application\/racine-par-la-racine-lunivers-racinien-sur-scene-devant-les-classes-de-premiere\/#article","isPartOf":{"@id":"https:\/\/www.saint-paul-angouleme.fr\/application\/racine-par-la-racine-lunivers-racinien-sur-scene-devant-les-classes-de-premiere\/"},"author":{"name":"SAINT-PAUL","@id":"https:\/\/www.saint-paul-angouleme.fr\/application\/#\/schema\/person\/ea152930b1a3823659065827b1a5fb9b"},"headline":"&#8220;Racine par la racine&#8221; : l&#8217;univers racinien sur sc\u00e8ne devant les classes de Premi\u00e8re","datePublished":"2017-03-26T22:07:36+00:00","dateModified":"2017-04-20T07:59:13+00:00","mainEntityOfPage":{"@id":"https:\/\/www.saint-paul-angouleme.fr\/application\/racine-par-la-racine-lunivers-racinien-sur-scene-devant-les-classes-de-premiere\/"},"wordCount":353,"commentCount":0,"publisher":{"@id":"https:\/\/www.saint-paul-angouleme.fr\/application\/#organization"},"image":{"@id":"https:\/\/www.saint-paul-angouleme.fr\/application\/racine-par-la-racine-lunivers-racinien-sur-scene-devant-les-classes-de-premiere\/#primaryimage"},"thumbnailUrl":"http:\/\/www.saint-paul-angouleme.fr\/application\/wp-content\/uploads\/2017\/03\/IMG_3021.jpg","articleSection":["Look on","P\u00e9dagogie"],"inLanguage":"fr-FR","potentialAction":[{"@type":"CommentAction","name":"Comment","target":["https:\/\/www.saint-paul-angouleme.fr\/application\/racine-par-la-racine-lunivers-racinien-sur-scene-devant-les-classes-de-premiere\/#respond"]}]},{"@type":"WebPage","@id":"https:\/\/www.saint-paul-angouleme.fr\/application\/racine-par-la-racine-lunivers-racinien-sur-scene-devant-les-classes-de-premiere\/","url":"https:\/\/www.saint-paul-angouleme.fr\/application\/racine-par-la-racine-lunivers-racinien-sur-scene-devant-les-classes-de-premiere\/","name":"\"Racine par la racine\" : l'univers racinien sur sc\u00e8ne devant les classes de Premi\u00e8re - Actualit\u00e9s","isPartOf":{"@id":"https:\/\/www.saint-paul-angouleme.fr\/application\/#website"},"primaryImageOfPage":{"@id":"https:\/\/www.saint-paul-angouleme.fr\/application\/racine-par-la-racine-lunivers-racinien-sur-scene-devant-les-classes-de-premiere\/#primaryimage"},"image":{"@id":"https:\/\/www.saint-paul-angouleme.fr\/application\/racine-par-la-racine-lunivers-racinien-sur-scene-devant-les-classes-de-premiere\/#primaryimage"},"thumbnailUrl":"http:\/\/www.saint-paul-angouleme.fr\/application\/wp-content\/uploads\/2017\/03\/IMG_3021.jpg","datePublished":"2017-03-26T22:07:36+00:00","dateModified":"2017-04-20T07:59:13+00:00","breadcrumb":{"@id":"https:\/\/www.saint-paul-angouleme.fr\/application\/racine-par-la-racine-lunivers-racinien-sur-scene-devant-les-classes-de-premiere\/#breadcrumb"},"inLanguage":"fr-FR","potentialAction":[{"@type":"ReadAction","target":["https:\/\/www.saint-paul-angouleme.fr\/application\/racine-par-la-racine-lunivers-racinien-sur-scene-devant-les-classes-de-premiere\/"]}]},{"@type":"ImageObject","inLanguage":"fr-FR","@id":"https:\/\/www.saint-paul-angouleme.fr\/application\/racine-par-la-racine-lunivers-racinien-sur-scene-devant-les-classes-de-premiere\/#primaryimage","url":"http:\/\/www.saint-paul-angouleme.fr\/application\/wp-content\/uploads\/2017\/03\/IMG_3021.jpg","contentUrl":"http:\/\/www.saint-paul-angouleme.fr\/application\/wp-content\/uploads\/2017\/03\/IMG_3021.jpg"},{"@type":"BreadcrumbList","@id":"https:\/\/www.saint-paul-angouleme.fr\/application\/racine-par-la-racine-lunivers-racinien-sur-scene-devant-les-classes-de-premiere\/#breadcrumb","itemListElement":[{"@type":"ListItem","position":1,"name":"Accueil","item":"http:\/\/www.saint-paul-angouleme.fr\/application\/"},{"@type":"ListItem","position":2,"name":"&#8220;Racine par la racine&#8221; : l&#8217;univers racinien sur sc\u00e8ne devant les classes de Premi\u00e8re"}]},{"@type":"WebSite","@id":"https:\/\/www.saint-paul-angouleme.fr\/application\/#website","url":"https:\/\/www.saint-paul-angouleme.fr\/application\/","name":"Actualit\u00e9s","description":"Actualit\u00e9s Saint Paul","publisher":{"@id":"https:\/\/www.saint-paul-angouleme.fr\/application\/#organization"},"potentialAction":[{"@type":"SearchAction","target":{"@type":"EntryPoint","urlTemplate":"https:\/\/www.saint-paul-angouleme.fr\/application\/?s={search_term_string}"},"query-input":"required name=search_term_string"}],"inLanguage":"fr-FR"},{"@type":"Organization","@id":"https:\/\/www.saint-paul-angouleme.fr\/application\/#organization","name":"Ensemble scolaire Saint-Paul","url":"https:\/\/www.saint-paul-angouleme.fr\/application\/","logo":{"@type":"ImageObject","inLanguage":"fr-FR","@id":"https:\/\/www.saint-paul-angouleme.fr\/application\/#\/schema\/logo\/image\/","url":"https:\/\/www.saint-paul-angouleme.fr\/application\/wp-content\/uploads\/2018\/08\/logo-saint-paul-couleurs.jpg","contentUrl":"https:\/\/www.saint-paul-angouleme.fr\/application\/wp-content\/uploads\/2018\/08\/logo-saint-paul-couleurs.jpg","width":1890,"height":709,"caption":"Ensemble scolaire Saint-Paul"},"image":{"@id":"https:\/\/www.saint-paul-angouleme.fr\/application\/#\/schema\/logo\/image\/"},"sameAs":["https:\/\/www.facebook.com\/SaintPaulAngouleme16\/","https:\/\/x.com\/StPaulAngoulem","https:\/\/www.youtube.com\/channel\/UCRLpz1CmPVqc0gn--YyXvjA?view_as=subscriber"]},{"@type":"Person","@id":"https:\/\/www.saint-paul-angouleme.fr\/application\/#\/schema\/person\/ea152930b1a3823659065827b1a5fb9b","name":"SAINT-PAUL","image":{"@type":"ImageObject","inLanguage":"fr-FR","@id":"https:\/\/www.saint-paul-angouleme.fr\/application\/#\/schema\/person\/image\/","url":"https:\/\/secure.gravatar.com\/avatar\/eadb0ffebc02683a61d69038eb2924f0?s=96&r=g","contentUrl":"https:\/\/secure.gravatar.com\/avatar\/eadb0ffebc02683a61d69038eb2924f0?s=96&r=g","caption":"SAINT-PAUL"},"url":"https:\/\/www.saint-paul-angouleme.fr\/application\/author\/myriam\/"}]}},"_links":{"self":[{"href":"https:\/\/www.saint-paul-angouleme.fr\/application\/wp-json\/wp\/v2\/posts\/389"}],"collection":[{"href":"https:\/\/www.saint-paul-angouleme.fr\/application\/wp-json\/wp\/v2\/posts"}],"about":[{"href":"https:\/\/www.saint-paul-angouleme.fr\/application\/wp-json\/wp\/v2\/types\/post"}],"author":[{"embeddable":true,"href":"https:\/\/www.saint-paul-angouleme.fr\/application\/wp-json\/wp\/v2\/users\/3"}],"replies":[{"embeddable":true,"href":"https:\/\/www.saint-paul-angouleme.fr\/application\/wp-json\/wp\/v2\/comments?post=389"}],"version-history":[{"count":6,"href":"https:\/\/www.saint-paul-angouleme.fr\/application\/wp-json\/wp\/v2\/posts\/389\/revisions"}],"predecessor-version":[{"id":619,"href":"https:\/\/www.saint-paul-angouleme.fr\/application\/wp-json\/wp\/v2\/posts\/389\/revisions\/619"}],"wp:attachment":[{"href":"https:\/\/www.saint-paul-angouleme.fr\/application\/wp-json\/wp\/v2\/media?parent=389"}],"wp:term":[{"taxonomy":"category","embeddable":true,"href":"https:\/\/www.saint-paul-angouleme.fr\/application\/wp-json\/wp\/v2\/categories?post=389"},{"taxonomy":"post_tag","embeddable":true,"href":"https:\/\/www.saint-paul-angouleme.fr\/application\/wp-json\/wp\/v2\/tags?post=389"}],"curies":[{"name":"wp","href":"https:\/\/api.w.org\/{rel}","templated":true}]}}