{"id":3861,"date":"2019-01-22T11:07:21","date_gmt":"2019-01-22T10:07:21","guid":{"rendered":"https:\/\/www.saint-paul-angouleme.fr\/application\/?p=3861"},"modified":"2019-03-13T20:44:38","modified_gmt":"2019-03-13T19:44:38","slug":"voyage-a-paestum-naples-nos-eleves-sont-vos-guides","status":"publish","type":"post","link":"https:\/\/www.saint-paul-angouleme.fr\/application\/voyage-a-paestum-naples-nos-eleves-sont-vos-guides\/","title":{"rendered":"Voyage \u00e0 Paestum &#038; Naples : nos \u00e9l\u00e8ves sont vos guides."},"content":{"rendered":"<figure id=\"attachment_3862\" aria-describedby=\"caption-attachment-3862\" style=\"width: 1989px\" class=\"wp-caption aligncenter\"><a href=\"https:\/\/www.saint-paul-angouleme.fr\/application\/wp-content\/uploads\/2019\/01\/20181217_132553_resized-1.jpg\"><img loading=\"lazy\" decoding=\"async\" class=\"wp-image-3862 size-full\" title=\"D\u00e9but du voyage et vue sur la baie de Naples\" src=\"https:\/\/www.saint-paul-angouleme.fr\/application\/wp-content\/uploads\/2019\/01\/20181217_132553_resized-1.jpg\" alt=\"D\u00e9but du voyage et vue sur la baie de Naples\" width=\"1999\" height=\"1124\" data-id=\"3862\" srcset=\"https:\/\/www.saint-paul-angouleme.fr\/application\/wp-content\/uploads\/2019\/01\/20181217_132553_resized-1.jpg 1999w, https:\/\/www.saint-paul-angouleme.fr\/application\/wp-content\/uploads\/2019\/01\/20181217_132553_resized-1-300x169.jpg 300w, https:\/\/www.saint-paul-angouleme.fr\/application\/wp-content\/uploads\/2019\/01\/20181217_132553_resized-1-768x432.jpg 768w, https:\/\/www.saint-paul-angouleme.fr\/application\/wp-content\/uploads\/2019\/01\/20181217_132553_resized-1-1024x576.jpg 1024w\" sizes=\"(max-width: 1999px) 100vw, 1999px\" \/><\/a><figcaption id=\"caption-attachment-3862\" class=\"wp-caption-text\"><span style=\"font-family: arial, helvetica, sans-serif; font-size: 10px;\">Dolce vita !<\/span><\/figcaption><\/figure>\n<p style=\"text-align: justify;\"><span style=\"font-family: verdana, geneva, sans-serif;\">Pour cette premi\u00e8re journ\u00e9e de notre voyage en Italie, nous avons visit\u00e9 le site arch\u00e9ologique de Paestum &#8220;la cit\u00e9 Poseidonia&#8221; fond\u00e9e par les Grecs. Par exemple, nous avons pu observer le premier temple qui est celui d&#8217;Ath\u00e9na ainsi que l&#8217;autel qui se trouve juste en face et qui sert pour les offrandes. <\/span><\/p>\n<p style=\"text-align: justify;\"><span style=\"font-family: verdana, geneva, sans-serif;\">En poursuivant la visite, nous avons aper\u00e7u les lieux de culte d\u00e9di\u00e9 \u00e0 V\u00e9nus et les 2 temples grecs de style dorique qui sont d\u00e9di\u00e9s \u00e0 Pos\u00e9idon et au couple Zeus et H\u00e9ra.<\/span><\/p>\n<p style=\"text-align: right;\"><span style=\"font-family: verdana, geneva, sans-serif; font-size: 10px;\"><em>Alexis Sussangeas 2nde<\/em><\/span><\/p>\n<p style=\"text-align: justify;\"><span style=\"font-family: verdana, geneva, sans-serif;\">In questa prima giornata abbiamo visitato il siro archeologico di Paestum&#8221;la citt\u00e0 di Poseidonia&#8221; fondata dai Greci. Abbiamo osservato i templi, situato sull&#8217;Acropli e dedicato ad Atena. Di fronte si trova l&#8217;altare per le offerte. Nella continuit\u00e0, abbiamo visto il luogo di culto a Venere, dea della fertlit\u00e0.Gli ultimi templi sono dedicati a Poseidone, dio del mare e al matrimonio di Zeus e Hera. Possiamo vedere nel sito anche la presenza della cultura romana con i resti archeologici e le terme. <\/span><\/p>\n<p style=\"text-align: justify;\"><span style=\"font-family: verdana, geneva, sans-serif;\">Il museo d\u00e0 molte informazioni in modo specifico sulla cultura greca nella pittura e della cultura etrusca con la tomba del tuffatore.<\/span><\/p>\n<p style=\"text-align: right;\"><span style=\"font-family: verdana, geneva, sans-serif; font-size: 10px;\"><em>Marie Agard Terminale<\/em><\/span><\/p>\n<figure id=\"attachment_3863\" aria-describedby=\"caption-attachment-3863\" style=\"width: 2051px\" class=\"wp-caption aligncenter\"><a href=\"https:\/\/www.saint-paul-angouleme.fr\/application\/wp-content\/uploads\/2019\/01\/20181214_162221_resized-1.jpg\"><img loading=\"lazy\" decoding=\"async\" class=\"wp-image-3863 size-full\" title=\"Castellebate vaut bien une photo de groupe\" src=\"https:\/\/www.saint-paul-angouleme.fr\/application\/wp-content\/uploads\/2019\/01\/20181214_162221_resized-1.jpg\" alt=\"Castellebate vaut bien une photo de groupe\" width=\"2061\" height=\"1158\" data-id=\"3863\" srcset=\"https:\/\/www.saint-paul-angouleme.fr\/application\/wp-content\/uploads\/2019\/01\/20181214_162221_resized-1.jpg 2061w, https:\/\/www.saint-paul-angouleme.fr\/application\/wp-content\/uploads\/2019\/01\/20181214_162221_resized-1-300x169.jpg 300w, https:\/\/www.saint-paul-angouleme.fr\/application\/wp-content\/uploads\/2019\/01\/20181214_162221_resized-1-768x432.jpg 768w, https:\/\/www.saint-paul-angouleme.fr\/application\/wp-content\/uploads\/2019\/01\/20181214_162221_resized-1-1024x575.jpg 1024w\" sizes=\"(max-width: 2061px) 100vw, 2061px\" \/><\/a><figcaption id=\"caption-attachment-3863\" class=\"wp-caption-text\"><span style=\"font-family: arial, helvetica, sans-serif; font-size: 10px;\">Apr\u00e8s la visite du ch\u00e2teau de Castellbate&#8230;<\/span><\/figcaption><\/figure>\n<p style=\"text-align: justify;\"><span style=\"font-family: verdana, geneva, sans-serif;\">Une fois termin\u00e9e notre visite de Paestum, nous mettons le cap au Sud, vers la petite cit\u00e9 accroch\u00e9e \u00e0 la montagne de <a href=\"http:\/\/www.castellabate.gov.it\/castellabate\/section.jsp?sec=103982\">Castellabate<\/a>. Au sommet d&#8217;un promontoire duquel nous surplombons la mer, commence notre balade devant le ch\u00e2teau de Castellabate. De l\u00e0, nous descendons \u00e0 travers les ruelles \u00e9troites de la ville, d\u00e9couvrant \u00e9galement une multitude de petites \u00e9choppes color\u00e9es qui forment un march\u00e9 de No\u00ebl.\u00a0<\/span><span style=\"font-family: verdana, geneva, sans-serif;\">Una piccola citt\u00e0 bellissima e vivace.<\/span><\/p>\n<p style=\"text-align: right;\"><span style=\"font-family: verdana, geneva, sans-serif; color: #333333; font-size: 10px;\"><em>Ambroise Landragin et Gauthier Mesnard 3\u00e8me<\/em><\/span><\/p>\n<h2 style=\"text-align: justify;\"><span style=\"font-family: verdana, geneva, sans-serif; color: #333333; font-size: 20px;\"><strong>Escale \u00e0 Ravello<\/strong><\/span><\/h2>\n<p style=\"text-align: justify;\"><span style=\"font-family: verdana, geneva, sans-serif;\"><span style=\"color: #333333;\">Ce matin, nous avons visit\u00e9 Ravello et plus particul\u00e8rement la place centrale et le Duomo rempli de d\u00e9corations du Saint Pantaleone mais \u00e9galement d&#8217;une chaire en marbre avec des lions qui portent sur leur dos des colonnes elles aussi en marbre. L&#8217;\u00e9glise est le monument le plus important de cette localit\u00e9. Wagner est venu dans cette ville et il l&#8217;a trouv\u00e9 magnifique. Depuis, il existe un festival qui se produit chaque ann\u00e9e en son honneur : les musiciens jouent sur une plateforme qui avance dans le vide.\u00a0<\/span><span style=\"color: #333333;\">\u00c8 stata una giornata piacevole !!<\/span><\/span><\/p>\n<p style=\"text-align: right;\"><span style=\"font-family: verdana, geneva, sans-serif; color: #333333; font-size: 10px;\"><em>Louis Filhon &#8211; Oscar Audayre-Rougier\u00a0 \u00a0Secondes<\/em><\/span><\/p>\n<h2 style=\"text-align: justify;\"><span style=\"font-family: verdana, geneva, sans-serif; color: #333333; font-size: 20px;\"><strong>Promenade \u00e0 Amalfi<\/strong><\/span><\/h2>\n<p style=\"text-align: justify;\"><span style=\"font-family: verdana, geneva, sans-serif; color: #333333;\">Cet apr\u00e8s-midi, notre voyage nous conduit \u00e0 Amalfi. Nous avons d\u00e9couvert sa grande cath\u00e9drale d\u00e9di\u00e9e au saint Andrea&#8230; Son mus\u00e9e et sa crypte. Pour y acc\u00e9der, il fallait monter un grand escalier. Amalfi \u00e9tait une r\u00e9publique maritime et est class\u00e9e au patrimoine de l&#8217;Unesco.<\/span><\/p>\n<p style=\"text-align: justify;\"><span style=\"font-family: verdana, geneva, sans-serif; color: #333333;\">Puis, nous nous sommes balad\u00e9s dans les rues : certains ont des parts de pizze alors que d&#8217;autres ont fait des achats. Il y avait une tr\u00e8s belle vue avec un coucher de soleil.<\/span><\/p>\n<p style=\"text-align: justify;\"><span style=\"font-family: verdana, geneva, sans-serif; color: #333333;\">La cattedrale \u00e8 meravigliosa con il suo ornamento barocco. La pizza \u00e8 buona e non costa molto.<\/span><\/p>\n<p style=\"text-align: right;\"><span style=\"font-family: verdana, geneva, sans-serif; color: #333333; font-size: 10px;\"><em>Sami Jahier &#8211; Tristan Soulat 3\u00e8me<\/em><\/span><\/p>\n<figure id=\"attachment_3868\" aria-describedby=\"caption-attachment-3868\" style=\"width: 159px\" class=\"wp-caption alignleft\"><a href=\"https:\/\/www.saint-paul-angouleme.fr\/application\/wp-content\/uploads\/2019\/01\/20181216_143728_resized.jpg\"><img loading=\"lazy\" decoding=\"async\" class=\"wp-image-3868 size-medium\" title=\"Pomp\u00e9i : au loin le V\u00e9suve\" src=\"https:\/\/www.saint-paul-angouleme.fr\/application\/wp-content\/uploads\/2019\/01\/20181216_143728_resized-169x300.jpg\" alt=\"Pomp\u00e9i : au loin le V\u00e9suve\" width=\"169\" height=\"300\" data-id=\"3868\" srcset=\"https:\/\/www.saint-paul-angouleme.fr\/application\/wp-content\/uploads\/2019\/01\/20181216_143728_resized-169x300.jpg 169w, https:\/\/www.saint-paul-angouleme.fr\/application\/wp-content\/uploads\/2019\/01\/20181216_143728_resized-768x1365.jpg 768w, https:\/\/www.saint-paul-angouleme.fr\/application\/wp-content\/uploads\/2019\/01\/20181216_143728_resized-576x1024.jpg 576w, https:\/\/www.saint-paul-angouleme.fr\/application\/wp-content\/uploads\/2019\/01\/20181216_143728_resized.jpg 1161w\" sizes=\"(max-width: 169px) 100vw, 169px\" \/><\/a><figcaption id=\"caption-attachment-3868\" class=\"wp-caption-text\"><span style=\"font-family: verdana, geneva, sans-serif; font-size: 10px;\">Rue de Pomp\u00e9i<\/span><\/figcaption><\/figure>\n<h2 style=\"text-align: justify;\"><span style=\"font-family: verdana, geneva, sans-serif; color: #333333; font-size: 20px;\"><strong>Visite de Pomp\u00e9i<\/strong><\/span><\/h2>\n<p style=\"text-align: justify;\"><span style=\"font-family: verdana, geneva, sans-serif; color: #333333;\">Aujourd&#8217;hui, nous sommes all\u00e9s visiter les ruines de Pomp\u00e9i. Nous avons commenc\u00e9 par la &#8220;Palestra Grande&#8221;; le gymnase juste apr\u00e8s avoir aper\u00e7u l&#8217;amphith\u00e9\u00e2tre. Nous avons vu des jardins, des fresques, des colonnes doriques en stuc et des fruits et graines carbonis\u00e9s durant l&#8217;\u00e9ruption du V\u00e9suve en 79.<\/span><\/p>\n<p style=\"text-align: justify;\"><span style=\"font-family: verdana, geneva, sans-serif; color: #333333;\">Siamo entrati in diverse case romane dove c&#8217;\u00e8 un &#8220;impluvium&#8221; per recuperare l&#8217;acqua piovana nel centro della casa.<\/span><\/p>\n<p style=\"text-align: right;\"><span style=\"font-family: verdana, geneva, sans-serif; color: #333333; font-size: 10px;\"><em>Whalid Berrahou et Noa Scorcione 4\u00e8me<\/em><\/span><\/p>\n<p style=\"text-align: justify;\"><span style=\"font-family: verdana, geneva, sans-serif; color: #333333;\">Nous avons visit\u00e9 le site de Pomp\u00e9i. Arriv\u00e9s en -700, les Osci construisent la ville : on y trouve des \u00e9choppes, des boulangeries, des tavernes et thermopollium. Les arch\u00e9ologues ont d\u00e9couvert beaucoup de villas avec des thermes,\u00a0 des triclinium (salles \u00e0 manger), jardins, vestibules. <\/span><\/p>\n<p style=\"text-align: justify;\"><span style=\"font-family: verdana, geneva, sans-serif; color: #333333;\">En 79 a lieu l&#8217;\u00e9ruption du V\u00e9suve qui ensevelit la ville. C&#8217;est ainsi que des corps ont \u00e9t\u00e9 retrouv\u00e9s mais aussi des aliments carbonis\u00e9s. La ville n&#8217;est pas enti\u00e8rement fouill\u00e9e et cache encore beaucoup de myst\u00e8res.<\/span><\/p>\n<p style=\"text-align: justify;\"><span style=\"font-family: verdana, geneva, sans-serif;\"><span style=\"color: #333333;\">Oggi abbiamo visitato Pompei che fa 66 ettari. In 700 gli Osci sono arrivati e hanno costruito molte strutture come l&#8217;anfiteatro e la palestra grande. Gli archeologi hanno ritrovato affreschi dipinti. Prima dell&#8217;eruzione Pompei aveva 10 000 abitanti e dopo l&#8217;eruzione 3000.\u00a0<\/span><\/span><\/p>\n<p style=\"text-align: justify;\"><span style=\"font-family: verdana, geneva, sans-serif;\"><span style=\"color: #333333;\">Nel sito abbiamo incontrato una cagna di nome Caterina che \u00e8 restata con noi. La sera siamo andati alla messa al santuario.<\/span><\/span><\/p>\n<p style=\"text-align: right;\"><span style=\"font-family: verdana, geneva, sans-serif; color: #333333; font-size: 10px;\"><em>Camille Drouaud et Pauline Baudin Jacquemin\u00a0 2ndes<\/em><\/span><\/p>\n<figure id=\"attachment_3869\" aria-describedby=\"caption-attachment-3869\" style=\"width: 1910px\" class=\"wp-caption aligncenter\"><a href=\"https:\/\/www.saint-paul-angouleme.fr\/application\/wp-content\/uploads\/2019\/01\/pompei-432756_1920.jpg\"><img loading=\"lazy\" decoding=\"async\" class=\"wp-image-3869 size-full\" title=\"Les ruines et le V\u00e9suve (Pixabay)\" src=\"https:\/\/www.saint-paul-angouleme.fr\/application\/wp-content\/uploads\/2019\/01\/pompei-432756_1920.jpg\" alt=\"Les ruines et le V\u00e9suve (Pixabay)\" width=\"1920\" height=\"1285\" data-id=\"3869\" srcset=\"https:\/\/www.saint-paul-angouleme.fr\/application\/wp-content\/uploads\/2019\/01\/pompei-432756_1920.jpg 1920w, https:\/\/www.saint-paul-angouleme.fr\/application\/wp-content\/uploads\/2019\/01\/pompei-432756_1920-300x201.jpg 300w, https:\/\/www.saint-paul-angouleme.fr\/application\/wp-content\/uploads\/2019\/01\/pompei-432756_1920-768x514.jpg 768w, https:\/\/www.saint-paul-angouleme.fr\/application\/wp-content\/uploads\/2019\/01\/pompei-432756_1920-1024x685.jpg 1024w\" sizes=\"(max-width: 1920px) 100vw, 1920px\" \/><\/a><figcaption id=\"caption-attachment-3869\" class=\"wp-caption-text\"><span style=\"font-family: verdana, geneva, sans-serif; font-size: 10px;\">Les ruines de Pomp\u00e9i<\/span><\/figcaption><\/figure>\n<p><a href=\"https:\/\/youtu.be\/W30UvakY5p4\">https:\/\/youtu.be\/W30UvakY5p4<\/a><\/p>\n<h2 style=\"text-align: justify;\"><span style=\"font-family: verdana, geneva, sans-serif; color: #333333; font-size: 20px;\"><strong>Balade napolitaine<\/strong><\/span><\/h2>\n<p style=\"text-align: justify;\"><span style=\"font-family: verdana, geneva, sans-serif; font-size: 16px; color: #333333;\">Le voyage se poursuit. Ce matin, nous sommes all\u00e9s \u00e0 Naples, une m\u00e9tropole italienne qui compte plus d&#8217;1 million d&#8217;habitants. Nous sommes entr\u00e9s dans la cath\u00e9drale Duomo dont la fa\u00e7ade est en travertin. Elle a \u00e9t\u00e9 reconstruite au 13\u00e8me si\u00e8cle apr\u00e8s JC. C&#8217;est une cath\u00e9drale de style baroque, la plus ancienne structure catholique de la ville. Dans la crypte Caraffa, il y a des niches vides car le sculpteur est mort avant d&#8217;avoir pu\u00a0 r\u00e9aliser les sculptures. Nous sommes all\u00e9s sur la place San Gaetano puis nous avons suivi la rue des santons Via San Gregorio. <\/span><\/p>\n<p style=\"text-align: justify;\"><span style=\"font-family: verdana, geneva, sans-serif; font-size: 16px; color: #333333;\">Apr\u00e8s cette jolie rue, nous sommes all\u00e9s sur la place San Domenico, le fondateur des Dominicains. Au centre de cette place, il y a un ob\u00e9lisque et la statue du Saint Domenico. Une route appel\u00e9e Spaccanapoli s\u00e9pare le centre de Naples en 2 parties (cardus et d\u00e9cumanus). Puis nous avons visit\u00e9 l&#8217;\u00e9glise Santa Chiara d\u00e9di\u00e9e \u00e0 l&#8217;ordre des Franciscains. Son toit, \u00e0 l&#8217;origine support\u00e9 par une charpente de bois,\u00a0 bombard\u00e9 lors de la 2<sup>\u00e8me<\/sup> guerre mondiale a \u00e9t\u00e9 reconstruite\u00a0 en un b\u00e9ton peint qui imite la couleur du bois.<\/span><\/p>\n<p style=\"text-align: justify;\"><span style=\"font-family: verdana, geneva, sans-serif; font-size: 16px; color: #333333;\">Prima di mangiare, siamo andati alla Piazza di Ges\u00f9 in onore dei Gesuiti. \u00c8 stata una mattinata molto interessante.<\/span><\/p>\n<p style=\"text-align: right;\"><span style=\"font-family: verdana, geneva, sans-serif; font-size: 10px; color: #333333;\"><em>Ath\u00e9na\u00efs De Montleau et Chlo\u00e9 Chabaud\u00a0 3\u00e8me<\/em><\/span><\/p>\n<p style=\"text-align: justify;\"><span style=\"font-family: verdana, geneva, sans-serif; font-size: 16px; color: #333333;\">Cet apr\u00e8s-midi, nous sommes pass\u00e9s devant le Castello dell&#8217;Ovo du Roi Umberto Premier de Naples. Apr\u00e8s nous avons vu la place du Pl\u00e9biscite, le Palais et le si\u00e8ge de la Biblioth\u00e8que Nationale. Puis nous avons fait les magasins dans la Via Toledo et la Galerie Umberto I.<\/span><\/p>\n<p style=\"text-align: justify;\"><span style=\"font-family: verdana, geneva, sans-serif; font-size: 16px; color: #333333;\">Questo pomeriggio, siamo passati davanti al Castello dell&#8217;ovo, del Re Umberto Primo di Napoli. Dopo, abbiamo veduto la Piazza del Plebiscito, il Palazzo e la sede della Biblioteca Regionale. Poi abbiamo fatto i negozi della Vua Toledo e della Galleria Umberto Primo<\/span><\/p>\n<p style=\"text-align: right;\"><span style=\"font-family: verdana, geneva, sans-serif; font-size: 10px; color: #333333;\"><em>Victoire Lambert et Louise Alcubierre\u00a0 Secondes<\/em><\/span><\/p>\n<figure id=\"attachment_3873\" aria-describedby=\"caption-attachment-3873\" style=\"width: 1910px\" class=\"wp-caption alignleft\"><a href=\"https:\/\/www.saint-paul-angouleme.fr\/application\/wp-content\/uploads\/2019\/01\/italy-2918789_1920.jpg\"><img loading=\"lazy\" decoding=\"async\" class=\"wp-image-3873 size-full\" title=\"Naples, Pixabay ML5909 \" src=\"https:\/\/www.saint-paul-angouleme.fr\/application\/wp-content\/uploads\/2019\/01\/italy-2918789_1920.jpg\" alt=\"Naples, Pixabay ML5909 \" width=\"1920\" height=\"1080\" data-id=\"3873\" srcset=\"https:\/\/www.saint-paul-angouleme.fr\/application\/wp-content\/uploads\/2019\/01\/italy-2918789_1920.jpg 1920w, https:\/\/www.saint-paul-angouleme.fr\/application\/wp-content\/uploads\/2019\/01\/italy-2918789_1920-300x169.jpg 300w, https:\/\/www.saint-paul-angouleme.fr\/application\/wp-content\/uploads\/2019\/01\/italy-2918789_1920-768x432.jpg 768w, https:\/\/www.saint-paul-angouleme.fr\/application\/wp-content\/uploads\/2019\/01\/italy-2918789_1920-1024x576.jpg 1024w\" sizes=\"(max-width: 1920px) 100vw, 1920px\" \/><\/a><figcaption id=\"caption-attachment-3873\" class=\"wp-caption-text\"><span style=\"font-family: verdana, geneva, sans-serif; font-size: 10px;\">V\u00e9suve depuis Naples<\/span><\/figcaption><\/figure>\n<p style=\"text-align: justify;\"><span style=\"font-family: verdana, geneva, sans-serif; font-size: 16px; color: #333333;\">En matin\u00e9e, nous sommes all\u00e9s visiter une coop\u00e9rative agricole o\u00f9 on produit le fromage de bufflone. Le poids d&#8217;un fromage va de 50g \u00e0 800g. Il faut environ 10 litres de lait pour 1kg de fromage. On fait cailler le lait. Le caill\u00e9 est d\u00e9coup\u00e9 puis tremp\u00e9 dans de l&#8217;eau bouillante \u00e0\u00a0\u00a090\u00b0 puis il est fil\u00e9. Le filage consiste \u00e0 soulever et tirer la p\u00e2te. Apr\u00e8s \u00e7a, ils la coupent \u00e0 la main pour formerune boule.<\/span><\/p>\n<p style=\"text-align: justify;\"><span style=\"font-family: verdana, geneva, sans-serif; font-size: 16px; color: #333333;\">Questa mattina, siamo andati a visitare un caseificio dove \u00e8 prodotto il formaggio di buffala. La guida ha spiegato come \u00e8 fatta la mozzarella.<\/span><\/p>\n<p style=\"text-align: justify;\"><span style=\"font-family: verdana, geneva, sans-serif; font-size: 16px; color: #333333;\">Dopo, siamo scesi a vedere le buffale : sono le mucche che producono un latte molto grasso.<\/span><\/p>\n<p style=\"text-align: justify;\"><span style=\"font-family: verdana, geneva, sans-serif; font-size: 16px; color: #333333;\">Siamo risaliti alla bottega per gustare i formaggi e poi siamo andati in direzione dell&#8217;hotel Cristallo.<\/span><\/p>\n<p style=\"text-align: right;\"><span style=\"font-family: verdana, geneva, sans-serif; font-size: 10px; color: #333333;\"><em>M\u00e9lina Geraci et Louna Rudeau 4\u00e8mes<\/em><\/span><\/p>\n<p style=\"text-align: justify;\"><span style=\"font-family: verdana, geneva, sans-serif; font-size: 16px; color: #333333;\">Pour le repas de midi nous avons fabriqu\u00e9 des pizzas que nous avons mang\u00e9es. Ensuite, nous sommes all\u00e9s \u00e0 la plage. Arriv\u00e9s au bord de la mer, nous nous sommes dispers\u00e9s ; certains se baladent, certains jouent au foot et au volley tandis que d&#8217;autres se reposent !\u00a0<\/span><span style=\"font-family: verdana, geneva, sans-serif; font-size: 16px; color: #333333;\">Nous sommes rest\u00e9s une heure et demie et avant de partir nous avons pris des photos en formant les mots Viva Italia puis nous sommes rentr\u00e9s \u00e0 l&#8217;h\u00f4tel pour travailler sur le carnet de bord afin de garder un souvenir de notre voyage.<\/span><\/p>\n<p style=\"text-align: justify;\"><span style=\"font-family: verdana, geneva, sans-serif; font-size: 16px; color: #333333;\">Facciamo e mangiamo una pizza e un dolce. Questo pomeriggio, noi siamo stati sulla spiaggia. L\u00ec, ci siamo divertiti.<\/span><\/p>\n<p style=\"text-align: right;\"><span style=\"font-family: verdana, geneva, sans-serif; font-size: 10px; color: #333333;\"><em>Octave Beaugendre et Alexandre Pesenti 4\u00e8mes<\/em><\/span><\/p>\n<h2><span style=\"color: #333333;\"><strong><span style=\"font-size: 20px; font-family: verdana, geneva, sans-serif;\">Salerne<\/span><\/strong><\/span><\/h2>\n<p style=\"text-align: justify;\"><span style=\"font-family: verdana, geneva, sans-serif; font-size: 16px; color: #333333;\">Nous sommes partis de la gare de Capaccio \u00e0 8h47. Le trajet dure environ 30 minutes et \u00e0 notre arriv\u00e9e, Fiorenza notre guide, nous fait la visite. Elle commence par le centre moderne de la ville de Salerno. La rue principale se surnomme les &#8220;Champs- Elys\u00e9es&#8221; : il y a de nombreux magasins de v\u00eatements, de bijoux. Pour l&#8217;occasion des f\u00eates de No\u00ebl, la ville est d\u00e9cor\u00e9e de lumi\u00e8res et d&#8217;\u00e9clairages. <\/span><\/p>\n<p style=\"text-align: justify;\"><span style=\"font-family: verdana, geneva, sans-serif; font-size: 16px; color: #333333;\">Il y a diff\u00e9rents th\u00e8mes pour diff\u00e9rents secteurs de la ville (la mer M\u00e9diterran\u00e9e pour le jardin public) On peut voir un sapin au bout de la rue des marchands. Nous prenons une autre rue vers le bas pour voir un \u00e9clairage sur le th\u00e8me de Pos\u00e9idon. Puis nous rentrons dans la vieille ville. La guide Fiorenza nous am\u00e8ne vers un ancien h\u00f4pital. Salerno poss\u00e8de la plus ancienne facult\u00e9 de m\u00e9decine d&#8217;Europe. De nombreux m\u00e9decins c\u00e9l\u00e8bres y ont enseign\u00e9. La l\u00e9gende veut que quatre hommes venant de l&#8217;\u00e9tranger se retrouve dans la ville avec quatre connaissances diff\u00e9rentes\u00a0 de la m\u00e9decine et s&#8217;associ\u00e8rent pour cr\u00e9er l&#8217;\u00e9cole. <\/span><\/p>\n<p style=\"text-align: justify;\"><span style=\"font-family: verdana, geneva, sans-serif; font-size: 16px; color: #333333;\">Ensuite, nous rejoignons la cath\u00e9drale et Fiorenza nous donne les explications \u00e0 l&#8217;ext\u00e9rieur car il y a trop de monde \u00e0 l&#8217;int\u00e9rieur de l&#8217;\u00e9glise. Cette cath\u00e9drale est d\u00e9di\u00e9e au saint patron San Matteo et a \u00e9t\u00e9 construite sur l&#8217;emplacement de l&#8217;ancien forum de la ville romaine. On retrouve dans la cath\u00e9drale la d\u00e9pouille du pape Gr\u00e9goire VII ainsi que les reliques de Saint Matteo, protecteur de la ville. Nous avons pu voir la crypte dans l&#8217;apr\u00e8s-midi.Nous prenons notre pique-nique face \u00e0 la mer vers midi puis\u00a0nous avons du temps libre dans la ville. Nous retournons vers 16h30 \u00e0 la Villa Comunale pour voir tous ensemble l&#8217;\u00e9clairage des &#8220;luci d&#8217;artista&#8221;.\u00a0<\/span><\/p>\n<p style=\"text-align: justify;\"><span style=\"font-family: verdana, geneva, sans-serif; font-size: 16px; color: #333333;\">Dopo mangiare , Baptiste e qualche studente sono andati al castello Arachi. Occorrono quarantacinque minuti per andare al Castello. Abbiamo preso foto del panorama di Salerno. Siamo rimasti nella citt\u00e0 per fare i negozi e abbiamo mangiato gelati. Louis e qualche studente sono andati a fare una passeggiata nel &#8220;Mamma Mia&#8221;. Dopo siamo andati alle giostre. Alle 16.30 siamo finiti alla Villa Comunale per vedere le luci perch\u00e9 per Natale sono pi\u00f9 belle. Abbiamo ripreso il treno per Capaccio.<\/span><\/p>\n<p style=\"text-align: right;\"><span style=\"font-family: verdana, geneva, sans-serif; font-size: 10px; color: #333333;\"><em>Baptiste Komorski 4\u00e8me et Louis Besson 1\u00e8re\u00a0<\/em><\/span><\/p>\n<p style=\"text-align: justify;\"><span style=\"font-family: verdana, geneva, sans-serif; font-size: 16px; color: #333333;\">Hier nous avons pris le train pour aller dans la ville lumi\u00e8re de Salerne. C&#8217;est la 2\u00e8me apr\u00e8s Turin. Cette id\u00e9e a \u00e9t\u00e9 prise aux Fran\u00e7ais avec la ville de Lyon, ce qui l&#8217;a rendu plus touristique et attractive. Nous avons commenc\u00e9 par nous balader dans l&#8217;avenue principale &#8220;Les champs Elys\u00e9es de Salerne. Ensuite, nous sommes all\u00e9s dans le vieux quartier historique de la ville. Nous pu voir la plus ancienne facult\u00e9 de m\u00e9decine d&#8217;Europe, o\u00f9 Fiorenza nous a racont\u00e9 la mythologie des 4 fondateurs de l&#8217;\u00e9cole. <\/span><\/p>\n<p style=\"text-align: justify;\"><span style=\"font-family: verdana, geneva, sans-serif; font-size: 16px; color: #333333;\">Apr\u00e8s cela, nous nous sommes arr\u00eat\u00e9s \u00e0 la Cath\u00e9drale lombarde qui poss\u00e8de les reliques de St Matthieu et la tombe du pape Gr\u00e9goire VII. Pour finir la matin\u00e9e, nous avons vu un frigidarium compos\u00e9 de plusieurs strates de diff\u00e9rentes \u00e9poques. En bas, il y avait des restes de Thermes romains et au-dessus des vo\u00fbtes lombardes du XIIe et XIIIe si\u00e8cle.<\/span><\/p>\n<p style=\"text-align: justify;\"><span style=\"font-family: verdana, geneva, sans-serif; font-size: 16px; color: #333333;\">Nous avons pique-niqu\u00e9 sur la plage avec une belle vue sur la mer puis nous avons eu un temps libre jusqu&#8217;\u00e0 16h30 pour refaire un tour dans la ville et du shopping. Notre voyage se termine alors&#8230;<\/span><\/p>\n<p style=\"text-align: justify;\"><span style=\"font-family: verdana, geneva, sans-serif; font-size: 16px; color: #333333;\">Prima di andare a prendere il treno, abbiamo passeggiato nella citt\u00e0. Abbiamo visto le luci. Erano bellissime. Quest&#8217;anno, il tema \u00e8 la mitologia.<\/span><\/p>\n<p style=\"text-align: right;\"><span style=\"font-family: verdana, geneva, sans-serif; font-size: 10px; color: #333333;\"><em>Lily Barta, Jeanne Lemonnier, Montaine Mazeau 1\u00e8res<\/em><\/span><\/p>\n<div tabindex=\"0\" class=\"cycloneslider cycloneslider-template-standard cycloneslider-width-responsive\" id=\"cycloneslider-paestum-napoli-etc-1\" style=\"max-width:960px\" > <div class=\"cycloneslider-slides cycle-slideshow\" data-cycle-allow-wrap=\"true\" data-cycle-dynamic-height=\"off\" data-cycle-auto-height=\"960:600\" data-cycle-auto-height-easing=\"null\" data-cycle-auto-height-speed=\"250\" data-cycle-delay=\"0\" data-cycle-easing=\"\" data-cycle-fx=\"fade\" data-cycle-hide-non-active=\"true\" data-cycle-log=\"false\" data-cycle-next=\"#cycloneslider-paestum-napoli-etc-1 .cycloneslider-next\" data-cycle-pager=\"#cycloneslider-paestum-napoli-etc-1 .cycloneslider-pager\" data-cycle-pause-on-hover=\"true\" data-cycle-prev=\"#cycloneslider-paestum-napoli-etc-1 .cycloneslider-prev\" data-cycle-slides=\"&gt; div\" data-cycle-speed=\"1000\" data-cycle-swipe=\"1\" data-cycle-tile-count=\"7\" data-cycle-tile-delay=\"100\" data-cycle-tile-vertical=\"true\" data-cycle-timeout=\"4000\" > <div class=\"cycloneslider-slide cycloneslider-slide-image\" > <img decoding=\"async\" src=\"https:\/\/www.saint-paul-angouleme.fr\/application\/wp-content\/uploads\/2019\/01\/0c107e8ed6ec0bc1f4bfa295b8068ce4-xl-960x600.jpg\" alt=\"\" title=\"\" \/> <\/div> <div class=\"cycloneslider-slide cycloneslider-slide-image\" > <img decoding=\"async\" src=\"https:\/\/www.saint-paul-angouleme.fr\/application\/wp-content\/uploads\/2019\/01\/1d62e1d62326574606f7ee1c4a204cc8-xl-960x600.jpg\" alt=\"\" title=\"\" \/> <\/div> <div class=\"cycloneslider-slide cycloneslider-slide-image\" > <img decoding=\"async\" src=\"https:\/\/www.saint-paul-angouleme.fr\/application\/wp-content\/uploads\/2019\/01\/7bce3a2f5dbd771479ebc42931407710-xl-960x600.jpg\" alt=\"\" title=\"\" \/> <\/div> <div class=\"cycloneslider-slide cycloneslider-slide-image\" > <img decoding=\"async\" src=\"https:\/\/www.saint-paul-angouleme.fr\/application\/wp-content\/uploads\/2019\/01\/8bca09906b125067c4a6bf3147d419a3-xl-960x600.jpg\" alt=\"\" title=\"\" \/> <\/div> <div class=\"cycloneslider-slide cycloneslider-slide-image\" > <img decoding=\"async\" src=\"https:\/\/www.saint-paul-angouleme.fr\/application\/wp-content\/uploads\/2019\/01\/7730bfc593f3bb216d976884c8ad50b0-xl-960x600.jpg\" alt=\"\" title=\"\" \/> <\/div> <div class=\"cycloneslider-slide cycloneslider-slide-image\" > <img decoding=\"async\" src=\"https:\/\/www.saint-paul-angouleme.fr\/application\/wp-content\/uploads\/2019\/01\/20181214_095916_resized-1-960x600.jpg\" alt=\"\" title=\"\" \/> <\/div> <div class=\"cycloneslider-slide cycloneslider-slide-image\" > <img decoding=\"async\" src=\"https:\/\/www.saint-paul-angouleme.fr\/application\/wp-content\/uploads\/2019\/01\/20181214_105432_resized-1-960x600.jpg\" alt=\"\" title=\"\" \/> <\/div> <div class=\"cycloneslider-slide cycloneslider-slide-image\" > <img decoding=\"async\" src=\"https:\/\/www.saint-paul-angouleme.fr\/application\/wp-content\/uploads\/2019\/01\/20181214_144337_resized-1-960x600.jpg\" alt=\"\" title=\"\" \/> <\/div> <div class=\"cycloneslider-slide cycloneslider-slide-image\" > <img decoding=\"async\" src=\"https:\/\/www.saint-paul-angouleme.fr\/application\/wp-content\/uploads\/2019\/01\/20181214_144858_resized-1-960x600.jpg\" alt=\"\" title=\"\" \/> <\/div> <div class=\"cycloneslider-slide cycloneslider-slide-image\" > <img decoding=\"async\" src=\"https:\/\/www.saint-paul-angouleme.fr\/application\/wp-content\/uploads\/2019\/01\/20181214_162221_resized-1-1-960x600.jpg\" alt=\"\" title=\"\" \/> <\/div> <div class=\"cycloneslider-slide cycloneslider-slide-image\" > <img decoding=\"async\" src=\"https:\/\/www.saint-paul-angouleme.fr\/application\/wp-content\/uploads\/2019\/01\/20181215_112737_resized-960x600.jpg\" alt=\"\" title=\"\" \/> <\/div> <div class=\"cycloneslider-slide cycloneslider-slide-image\" > <img decoding=\"async\" src=\"https:\/\/www.saint-paul-angouleme.fr\/application\/wp-content\/uploads\/2019\/01\/20181215_125649_resized-960x600.jpg\" alt=\"\" title=\"\" \/> <\/div> <div class=\"cycloneslider-slide cycloneslider-slide-image\" > <img decoding=\"async\" src=\"https:\/\/www.saint-paul-angouleme.fr\/application\/wp-content\/uploads\/2019\/01\/20181215_141651_resized-1-960x600.jpg\" alt=\"\" title=\"\" \/> <\/div> <div class=\"cycloneslider-slide cycloneslider-slide-image\" > <img decoding=\"async\" src=\"https:\/\/www.saint-paul-angouleme.fr\/application\/wp-content\/uploads\/2019\/01\/20181215_143013_resized-960x600.jpg\" alt=\"\" title=\"\" \/> <\/div> <div class=\"cycloneslider-slide cycloneslider-slide-image\" > <img decoding=\"async\" src=\"https:\/\/www.saint-paul-angouleme.fr\/application\/wp-content\/uploads\/2019\/01\/20181216_131001_resized-1-960x600.jpg\" alt=\"\" title=\"\" \/> <\/div> <div class=\"cycloneslider-slide cycloneslider-slide-image\" > <img decoding=\"async\" src=\"https:\/\/www.saint-paul-angouleme.fr\/application\/wp-content\/uploads\/2019\/01\/20181216_142320_resized-960x600.jpg\" alt=\"\" title=\"\" \/> <\/div> <div class=\"cycloneslider-slide cycloneslider-slide-image\" > <img decoding=\"async\" src=\"https:\/\/www.saint-paul-angouleme.fr\/application\/wp-content\/uploads\/2019\/01\/20181216_143728_resized-1-960x600.jpg\" alt=\"\" title=\"\" \/> <\/div> <div class=\"cycloneslider-slide cycloneslider-slide-image\" > <img decoding=\"async\" src=\"https:\/\/www.saint-paul-angouleme.fr\/application\/wp-content\/uploads\/2019\/01\/20181216_213621_resized-960x600.jpg\" alt=\"\" title=\"\" \/> <\/div> <div class=\"cycloneslider-slide cycloneslider-slide-image\" > <img decoding=\"async\" src=\"https:\/\/www.saint-paul-angouleme.fr\/application\/wp-content\/uploads\/2019\/01\/20181216_213846_resized-1-960x600.jpg\" alt=\"\" title=\"\" \/> <\/div> <div class=\"cycloneslider-slide cycloneslider-slide-image\" > <img decoding=\"async\" src=\"https:\/\/www.saint-paul-angouleme.fr\/application\/wp-content\/uploads\/2019\/01\/20181217_112648_resized-960x600.jpg\" alt=\"\" title=\"\" \/> <\/div> <div class=\"cycloneslider-slide cycloneslider-slide-image\" > <img decoding=\"async\" src=\"https:\/\/www.saint-paul-angouleme.fr\/application\/wp-content\/uploads\/2019\/01\/20181217_112728_resized-1-960x600.jpg\" alt=\"\" title=\"\" \/> <\/div> <div class=\"cycloneslider-slide cycloneslider-slide-image\" > <img decoding=\"async\" src=\"https:\/\/www.saint-paul-angouleme.fr\/application\/wp-content\/uploads\/2019\/01\/20181217_114011_resized-960x600.jpg\" alt=\"\" title=\"\" \/> <\/div> <div class=\"cycloneslider-slide cycloneslider-slide-image\" > <img decoding=\"async\" src=\"https:\/\/www.saint-paul-angouleme.fr\/application\/wp-content\/uploads\/2019\/01\/20181217_132553_resized-1-1-960x600.jpg\" alt=\"\" title=\"\" \/> <\/div> <div class=\"cycloneslider-slide cycloneslider-slide-image\" > <img decoding=\"async\" src=\"https:\/\/www.saint-paul-angouleme.fr\/application\/wp-content\/uploads\/2019\/01\/20181217_153726_resized-960x600.jpg\" alt=\"\" title=\"\" \/> <\/div> <div class=\"cycloneslider-slide cycloneslider-slide-image\" > <img decoding=\"async\" src=\"https:\/\/www.saint-paul-angouleme.fr\/application\/wp-content\/uploads\/2019\/01\/20181217_155015_resized-960x600.jpg\" alt=\"\" title=\"\" \/> <\/div> <div class=\"cycloneslider-slide cycloneslider-slide-image\" > <img decoding=\"async\" src=\"https:\/\/www.saint-paul-angouleme.fr\/application\/wp-content\/uploads\/2019\/01\/20181217_173411_resized-960x600.jpg\" alt=\"\" title=\"\" \/> <\/div> <div class=\"cycloneslider-slide cycloneslider-slide-image\" > <img decoding=\"async\" src=\"https:\/\/www.saint-paul-angouleme.fr\/application\/wp-content\/uploads\/2019\/01\/20181218_090952_resized-960x600.jpg\" alt=\"\" title=\"\" \/> <\/div> <div class=\"cycloneslider-slide cycloneslider-slide-image\" > <img decoding=\"async\" src=\"https:\/\/www.saint-paul-angouleme.fr\/application\/wp-content\/uploads\/2019\/01\/20181218_093131_resized-960x600.jpg\" alt=\"\" title=\"\" \/> <\/div> <div class=\"cycloneslider-slide cycloneslider-slide-image\" > <img decoding=\"async\" src=\"https:\/\/www.saint-paul-angouleme.fr\/application\/wp-content\/uploads\/2019\/01\/20181218_100849_resized-960x600.jpg\" alt=\"\" title=\"\" \/> <\/div> <div class=\"cycloneslider-slide cycloneslider-slide-image\" > <img decoding=\"async\" src=\"https:\/\/www.saint-paul-angouleme.fr\/application\/wp-content\/uploads\/2019\/01\/20181218_123218_resized-960x600.jpg\" alt=\"\" title=\"\" \/> <\/div> <div class=\"cycloneslider-slide cycloneslider-slide-image\" > <img decoding=\"async\" src=\"https:\/\/www.saint-paul-angouleme.fr\/application\/wp-content\/uploads\/2019\/01\/20181218_150101_resized-1-1-960x600.jpg\" alt=\"\" title=\"\" \/> <\/div> <div class=\"cycloneslider-slide cycloneslider-slide-image\" > <img decoding=\"async\" src=\"https:\/\/www.saint-paul-angouleme.fr\/application\/wp-content\/uploads\/2019\/01\/20181218_193039_resized-1-960x600.jpg\" alt=\"\" title=\"\" \/> <\/div> <div class=\"cycloneslider-slide cycloneslider-slide-image\" > <img decoding=\"async\" src=\"https:\/\/www.saint-paul-angouleme.fr\/application\/wp-content\/uploads\/2019\/01\/20181219_113132_resized-960x600.jpg\" alt=\"\" title=\"\" \/> <\/div> <div class=\"cycloneslider-slide cycloneslider-slide-image\" > <img decoding=\"async\" src=\"https:\/\/www.saint-paul-angouleme.fr\/application\/wp-content\/uploads\/2019\/01\/20181219_130926_resized-960x600.jpg\" alt=\"\" title=\"\" \/> <\/div> <div class=\"cycloneslider-slide cycloneslider-slide-image\" > <img decoding=\"async\" src=\"https:\/\/www.saint-paul-angouleme.fr\/application\/wp-content\/uploads\/2019\/01\/20181219_135031_resized-960x600.jpg\" alt=\"\" title=\"\" \/> <\/div> <div class=\"cycloneslider-slide cycloneslider-slide-image\" > <img decoding=\"async\" src=\"https:\/\/www.saint-paul-angouleme.fr\/application\/wp-content\/uploads\/2019\/01\/20181219_170950_resized-960x600.jpg\" alt=\"\" title=\"\" \/> <\/div> <div class=\"cycloneslider-slide cycloneslider-slide-image\" > <img decoding=\"async\" src=\"https:\/\/www.saint-paul-angouleme.fr\/application\/wp-content\/uploads\/2019\/01\/20181219_171929_resized-960x600.jpg\" alt=\"\" title=\"\" \/> <\/div> <div class=\"cycloneslider-slide cycloneslider-slide-image\" > <img decoding=\"async\" src=\"https:\/\/www.saint-paul-angouleme.fr\/application\/wp-content\/uploads\/2019\/01\/73989085f9e905c3b7889c4a4331b742-xl-960x600.jpg\" alt=\"\" title=\"\" \/> <\/div> <div class=\"cycloneslider-slide cycloneslider-slide-image\" > <img decoding=\"async\" src=\"https:\/\/www.saint-paul-angouleme.fr\/application\/wp-content\/uploads\/2019\/01\/040027919512262fad8583066320ec2e-xl-960x600.jpg\" alt=\"\" title=\"\" \/> <\/div> <div class=\"cycloneslider-slide cycloneslider-slide-image\" > <img decoding=\"async\" src=\"https:\/\/www.saint-paul-angouleme.fr\/application\/wp-content\/uploads\/2019\/01\/a7ec249927f730951cc7f728a1e20d32-xl-960x600.jpg\" alt=\"\" title=\"\" \/> <\/div> <div class=\"cycloneslider-slide cycloneslider-slide-image\" > <img decoding=\"async\" src=\"https:\/\/www.saint-paul-angouleme.fr\/application\/wp-content\/uploads\/2019\/01\/a37e063338bbda86907377977d4a6991-xl-960x600.jpg\" alt=\"\" title=\"\" \/> <\/div> <div class=\"cycloneslider-slide cycloneslider-slide-image\" > <img decoding=\"async\" src=\"https:\/\/www.saint-paul-angouleme.fr\/application\/wp-content\/uploads\/2019\/01\/dd9193d3fc574135dae83631d2a1f73a-xl-960x600.jpg\" alt=\"\" title=\"\" \/> <\/div> <div class=\"cycloneslider-slide cycloneslider-slide-image\" > <img decoding=\"async\" src=\"https:\/\/www.saint-paul-angouleme.fr\/application\/wp-content\/uploads\/2019\/01\/ef1c2dd1c28ef660aa8b23976d1d1cb1-xl-960x600.jpg\" alt=\"\" title=\"\" \/> <\/div> <div class=\"cycloneslider-slide cycloneslider-slide-image\" > <img decoding=\"async\" src=\"https:\/\/www.saint-paul-angouleme.fr\/application\/wp-content\/uploads\/2019\/01\/fea3a4e72c58ef5fd7878f19a1dbdafe-xl-960x600.jpg\" alt=\"\" title=\"\" \/> <\/div> <\/div> <div class=\"cycloneslider-pager\"><\/div> <a href=\"#\" class=\"cycloneslider-prev\"> <span class=\"arrow\"><\/span> <\/a> <a href=\"#\" class=\"cycloneslider-next\"> <span class=\"arrow\"><\/span> <\/a> <\/div>\n<p>&nbsp;<\/p>\n<figure id=\"attachment_3876\" aria-describedby=\"caption-attachment-3876\" style=\"width: 2054px\" class=\"wp-caption aligncenter\"><a href=\"https:\/\/www.saint-paul-angouleme.fr\/application\/wp-content\/uploads\/2019\/01\/20181218_150101_resized-1.jpg\"><img loading=\"lazy\" decoding=\"async\" class=\"wp-image-3876 size-full\" title=\"On the beach\" src=\"https:\/\/www.saint-paul-angouleme.fr\/application\/wp-content\/uploads\/2019\/01\/20181218_150101_resized-1.jpg\" alt=\"On the beach\" width=\"2064\" height=\"1161\" data-id=\"3876\" srcset=\"https:\/\/www.saint-paul-angouleme.fr\/application\/wp-content\/uploads\/2019\/01\/20181218_150101_resized-1.jpg 2064w, https:\/\/www.saint-paul-angouleme.fr\/application\/wp-content\/uploads\/2019\/01\/20181218_150101_resized-1-300x169.jpg 300w, https:\/\/www.saint-paul-angouleme.fr\/application\/wp-content\/uploads\/2019\/01\/20181218_150101_resized-1-768x432.jpg 768w, https:\/\/www.saint-paul-angouleme.fr\/application\/wp-content\/uploads\/2019\/01\/20181218_150101_resized-1-1024x576.jpg 1024w\" sizes=\"(max-width: 2064px) 100vw, 2064px\" \/><\/a><figcaption id=\"caption-attachment-3876\" class=\"wp-caption-text\"><span style=\"font-family: verdana, geneva, sans-serif; font-size: 10px;\">Ciao Italia !<\/span><\/figcaption><\/figure>\n","protected":false},"excerpt":{"rendered":"<p>Pour cette premi\u00e8re journ\u00e9e de notre voyage en Italie, nous avons visit\u00e9 le site arch\u00e9ologique de Paestum &#8220;la cit\u00e9 Poseidonia&#8221; fond\u00e9e par les Grecs. Par exemple, nous avons pu observer le premier temple qui est celui d&#8217;Ath\u00e9na ainsi que l&#8217;autel qui se trouve juste en face et qui sert pour les offrandes. En poursuivant la &#8230; <a title=\"Voyage \u00e0 Paestum &#038; Naples : nos \u00e9l\u00e8ves sont vos guides.\" class=\"read-more\" href=\"https:\/\/www.saint-paul-angouleme.fr\/application\/voyage-a-paestum-naples-nos-eleves-sont-vos-guides\/\" aria-label=\"Read more about Voyage \u00e0 Paestum &#038; Naples : nos \u00e9l\u00e8ves sont vos guides.\">Lire la suite<\/a><\/p>\n","protected":false},"author":3,"featured_media":0,"comment_status":"open","ping_status":"open","sticky":false,"template":"","format":"standard","meta":{"_exactmetrics_skip_tracking":false,"_exactmetrics_sitenote_active":false,"_exactmetrics_sitenote_note":"","_exactmetrics_sitenote_category":0,"footnotes":""},"categories":[13],"tags":[],"class_list":["post-3861","post","type-post","status-publish","format-standard","hentry","category-pedagogie"],"yoast_head":"<!-- This site is optimized with the Yoast SEO plugin v23.3 - https:\/\/yoast.com\/wordpress\/plugins\/seo\/ -->\n<title>Voyage \u00e0 Paestum &amp; Naples : nos \u00e9l\u00e8ves sont vos guides. - Actualit\u00e9s<\/title>\n<meta name=\"description\" content=\"Du 13 au 20 d\u00e9cembre des \u00e9l\u00e8ves en classe d&#039;italien ont fait un voyage \u00e0 Paestum et Naples. Ils nous en livrent le r\u00e9cit en fran\u00e7ais et en italien.\" \/>\n<meta name=\"robots\" content=\"index, follow, max-snippet:-1, max-image-preview:large, max-video-preview:-1\" \/>\n<link rel=\"canonical\" href=\"https:\/\/www.saint-paul-angouleme.fr\/application\/voyage-a-paestum-naples-nos-eleves-sont-vos-guides\/\" \/>\n<meta property=\"og:locale\" content=\"fr_FR\" \/>\n<meta property=\"og:type\" content=\"article\" \/>\n<meta property=\"og:title\" content=\"Voyage \u00e0 Paestum &amp; Naples : nos \u00e9l\u00e8ves sont vos guides. - Actualit\u00e9s\" \/>\n<meta property=\"og:description\" content=\"Du 13 au 20 d\u00e9cembre des \u00e9l\u00e8ves en classe d&#039;italien ont fait un voyage \u00e0 Paestum et Naples. Ils nous en livrent le r\u00e9cit en fran\u00e7ais et en italien.\" \/>\n<meta property=\"og:url\" content=\"https:\/\/www.saint-paul-angouleme.fr\/application\/voyage-a-paestum-naples-nos-eleves-sont-vos-guides\/\" \/>\n<meta property=\"og:site_name\" content=\"Actualit\u00e9s\" \/>\n<meta property=\"article:publisher\" content=\"https:\/\/www.facebook.com\/SaintPaulAngouleme16\/\" \/>\n<meta property=\"article:published_time\" content=\"2019-01-22T10:07:21+00:00\" \/>\n<meta property=\"article:modified_time\" content=\"2019-03-13T19:44:38+00:00\" \/>\n<meta property=\"og:image\" content=\"https:\/\/www.saint-paul-angouleme.fr\/application\/wp-content\/uploads\/2019\/01\/20181217_132553_resized-1.jpg\" \/>\n<meta name=\"author\" content=\"SAINT-PAUL\" \/>\n<meta name=\"twitter:card\" content=\"summary_large_image\" \/>\n<meta name=\"twitter:creator\" content=\"@StPaulAngoulem\" \/>\n<meta name=\"twitter:site\" content=\"@StPaulAngoulem\" \/>\n<meta name=\"twitter:label1\" content=\"\u00c9crit par\" \/>\n\t<meta name=\"twitter:data1\" content=\"SAINT-PAUL\" \/>\n\t<meta name=\"twitter:label2\" content=\"Dur\u00e9e de lecture estim\u00e9e\" \/>\n\t<meta name=\"twitter:data2\" content=\"10 minutes\" \/>\n<script type=\"application\/ld+json\" class=\"yoast-schema-graph\">{\"@context\":\"https:\/\/schema.org\",\"@graph\":[{\"@type\":\"Article\",\"@id\":\"https:\/\/www.saint-paul-angouleme.fr\/application\/voyage-a-paestum-naples-nos-eleves-sont-vos-guides\/#article\",\"isPartOf\":{\"@id\":\"https:\/\/www.saint-paul-angouleme.fr\/application\/voyage-a-paestum-naples-nos-eleves-sont-vos-guides\/\"},\"author\":{\"name\":\"SAINT-PAUL\",\"@id\":\"https:\/\/www.saint-paul-angouleme.fr\/application\/#\/schema\/person\/ea152930b1a3823659065827b1a5fb9b\"},\"headline\":\"Voyage \u00e0 Paestum &#038; Naples : nos \u00e9l\u00e8ves sont vos guides.\",\"datePublished\":\"2019-01-22T10:07:21+00:00\",\"dateModified\":\"2019-03-13T19:44:38+00:00\",\"mainEntityOfPage\":{\"@id\":\"https:\/\/www.saint-paul-angouleme.fr\/application\/voyage-a-paestum-naples-nos-eleves-sont-vos-guides\/\"},\"wordCount\":2089,\"commentCount\":0,\"publisher\":{\"@id\":\"https:\/\/www.saint-paul-angouleme.fr\/application\/#organization\"},\"image\":{\"@id\":\"https:\/\/www.saint-paul-angouleme.fr\/application\/voyage-a-paestum-naples-nos-eleves-sont-vos-guides\/#primaryimage\"},\"thumbnailUrl\":\"https:\/\/www.saint-paul-angouleme.fr\/application\/wp-content\/uploads\/2019\/01\/20181217_132553_resized-1.jpg\",\"articleSection\":[\"P\u00e9dagogie\"],\"inLanguage\":\"fr-FR\",\"potentialAction\":[{\"@type\":\"CommentAction\",\"name\":\"Comment\",\"target\":[\"https:\/\/www.saint-paul-angouleme.fr\/application\/voyage-a-paestum-naples-nos-eleves-sont-vos-guides\/#respond\"]}]},{\"@type\":\"WebPage\",\"@id\":\"https:\/\/www.saint-paul-angouleme.fr\/application\/voyage-a-paestum-naples-nos-eleves-sont-vos-guides\/\",\"url\":\"https:\/\/www.saint-paul-angouleme.fr\/application\/voyage-a-paestum-naples-nos-eleves-sont-vos-guides\/\",\"name\":\"Voyage \u00e0 Paestum & Naples : nos \u00e9l\u00e8ves sont vos guides. - Actualit\u00e9s\",\"isPartOf\":{\"@id\":\"https:\/\/www.saint-paul-angouleme.fr\/application\/#website\"},\"primaryImageOfPage\":{\"@id\":\"https:\/\/www.saint-paul-angouleme.fr\/application\/voyage-a-paestum-naples-nos-eleves-sont-vos-guides\/#primaryimage\"},\"image\":{\"@id\":\"https:\/\/www.saint-paul-angouleme.fr\/application\/voyage-a-paestum-naples-nos-eleves-sont-vos-guides\/#primaryimage\"},\"thumbnailUrl\":\"https:\/\/www.saint-paul-angouleme.fr\/application\/wp-content\/uploads\/2019\/01\/20181217_132553_resized-1.jpg\",\"datePublished\":\"2019-01-22T10:07:21+00:00\",\"dateModified\":\"2019-03-13T19:44:38+00:00\",\"description\":\"Du 13 au 20 d\u00e9cembre des \u00e9l\u00e8ves en classe d'italien ont fait un voyage \u00e0 Paestum et Naples. Ils nous en livrent le r\u00e9cit en fran\u00e7ais et en italien.\",\"breadcrumb\":{\"@id\":\"https:\/\/www.saint-paul-angouleme.fr\/application\/voyage-a-paestum-naples-nos-eleves-sont-vos-guides\/#breadcrumb\"},\"inLanguage\":\"fr-FR\",\"potentialAction\":[{\"@type\":\"ReadAction\",\"target\":[\"https:\/\/www.saint-paul-angouleme.fr\/application\/voyage-a-paestum-naples-nos-eleves-sont-vos-guides\/\"]}]},{\"@type\":\"ImageObject\",\"inLanguage\":\"fr-FR\",\"@id\":\"https:\/\/www.saint-paul-angouleme.fr\/application\/voyage-a-paestum-naples-nos-eleves-sont-vos-guides\/#primaryimage\",\"url\":\"https:\/\/www.saint-paul-angouleme.fr\/application\/wp-content\/uploads\/2019\/01\/20181217_132553_resized-1.jpg\",\"contentUrl\":\"https:\/\/www.saint-paul-angouleme.fr\/application\/wp-content\/uploads\/2019\/01\/20181217_132553_resized-1.jpg\"},{\"@type\":\"BreadcrumbList\",\"@id\":\"https:\/\/www.saint-paul-angouleme.fr\/application\/voyage-a-paestum-naples-nos-eleves-sont-vos-guides\/#breadcrumb\",\"itemListElement\":[{\"@type\":\"ListItem\",\"position\":1,\"name\":\"Accueil\",\"item\":\"http:\/\/www.saint-paul-angouleme.fr\/application\/\"},{\"@type\":\"ListItem\",\"position\":2,\"name\":\"Voyage \u00e0 Paestum &#038; Naples : nos \u00e9l\u00e8ves sont vos guides.\"}]},{\"@type\":\"WebSite\",\"@id\":\"https:\/\/www.saint-paul-angouleme.fr\/application\/#website\",\"url\":\"https:\/\/www.saint-paul-angouleme.fr\/application\/\",\"name\":\"Actualit\u00e9s\",\"description\":\"Actualit\u00e9s Saint Paul\",\"publisher\":{\"@id\":\"https:\/\/www.saint-paul-angouleme.fr\/application\/#organization\"},\"potentialAction\":[{\"@type\":\"SearchAction\",\"target\":{\"@type\":\"EntryPoint\",\"urlTemplate\":\"https:\/\/www.saint-paul-angouleme.fr\/application\/?s={search_term_string}\"},\"query-input\":\"required name=search_term_string\"}],\"inLanguage\":\"fr-FR\"},{\"@type\":\"Organization\",\"@id\":\"https:\/\/www.saint-paul-angouleme.fr\/application\/#organization\",\"name\":\"Ensemble scolaire Saint-Paul\",\"url\":\"https:\/\/www.saint-paul-angouleme.fr\/application\/\",\"logo\":{\"@type\":\"ImageObject\",\"inLanguage\":\"fr-FR\",\"@id\":\"https:\/\/www.saint-paul-angouleme.fr\/application\/#\/schema\/logo\/image\/\",\"url\":\"https:\/\/www.saint-paul-angouleme.fr\/application\/wp-content\/uploads\/2018\/08\/logo-saint-paul-couleurs.jpg\",\"contentUrl\":\"https:\/\/www.saint-paul-angouleme.fr\/application\/wp-content\/uploads\/2018\/08\/logo-saint-paul-couleurs.jpg\",\"width\":1890,\"height\":709,\"caption\":\"Ensemble scolaire Saint-Paul\"},\"image\":{\"@id\":\"https:\/\/www.saint-paul-angouleme.fr\/application\/#\/schema\/logo\/image\/\"},\"sameAs\":[\"https:\/\/www.facebook.com\/SaintPaulAngouleme16\/\",\"https:\/\/x.com\/StPaulAngoulem\",\"https:\/\/www.youtube.com\/channel\/UCRLpz1CmPVqc0gn--YyXvjA?view_as=subscriber\"]},{\"@type\":\"Person\",\"@id\":\"https:\/\/www.saint-paul-angouleme.fr\/application\/#\/schema\/person\/ea152930b1a3823659065827b1a5fb9b\",\"name\":\"SAINT-PAUL\",\"image\":{\"@type\":\"ImageObject\",\"inLanguage\":\"fr-FR\",\"@id\":\"https:\/\/www.saint-paul-angouleme.fr\/application\/#\/schema\/person\/image\/\",\"url\":\"https:\/\/secure.gravatar.com\/avatar\/eadb0ffebc02683a61d69038eb2924f0?s=96&r=g\",\"contentUrl\":\"https:\/\/secure.gravatar.com\/avatar\/eadb0ffebc02683a61d69038eb2924f0?s=96&r=g\",\"caption\":\"SAINT-PAUL\"},\"url\":\"https:\/\/www.saint-paul-angouleme.fr\/application\/author\/myriam\/\"}]}<\/script>\n<!-- \/ Yoast SEO plugin. -->","yoast_head_json":{"title":"Voyage \u00e0 Paestum & Naples : nos \u00e9l\u00e8ves sont vos guides. - Actualit\u00e9s","description":"Du 13 au 20 d\u00e9cembre des \u00e9l\u00e8ves en classe d'italien ont fait un voyage \u00e0 Paestum et Naples. Ils nous en livrent le r\u00e9cit en fran\u00e7ais et en italien.","robots":{"index":"index","follow":"follow","max-snippet":"max-snippet:-1","max-image-preview":"max-image-preview:large","max-video-preview":"max-video-preview:-1"},"canonical":"https:\/\/www.saint-paul-angouleme.fr\/application\/voyage-a-paestum-naples-nos-eleves-sont-vos-guides\/","og_locale":"fr_FR","og_type":"article","og_title":"Voyage \u00e0 Paestum & Naples : nos \u00e9l\u00e8ves sont vos guides. - Actualit\u00e9s","og_description":"Du 13 au 20 d\u00e9cembre des \u00e9l\u00e8ves en classe d'italien ont fait un voyage \u00e0 Paestum et Naples. Ils nous en livrent le r\u00e9cit en fran\u00e7ais et en italien.","og_url":"https:\/\/www.saint-paul-angouleme.fr\/application\/voyage-a-paestum-naples-nos-eleves-sont-vos-guides\/","og_site_name":"Actualit\u00e9s","article_publisher":"https:\/\/www.facebook.com\/SaintPaulAngouleme16\/","article_published_time":"2019-01-22T10:07:21+00:00","article_modified_time":"2019-03-13T19:44:38+00:00","og_image":[{"url":"https:\/\/www.saint-paul-angouleme.fr\/application\/wp-content\/uploads\/2019\/01\/20181217_132553_resized-1.jpg"}],"author":"SAINT-PAUL","twitter_card":"summary_large_image","twitter_creator":"@StPaulAngoulem","twitter_site":"@StPaulAngoulem","twitter_misc":{"\u00c9crit par":"SAINT-PAUL","Dur\u00e9e de lecture estim\u00e9e":"10 minutes"},"schema":{"@context":"https:\/\/schema.org","@graph":[{"@type":"Article","@id":"https:\/\/www.saint-paul-angouleme.fr\/application\/voyage-a-paestum-naples-nos-eleves-sont-vos-guides\/#article","isPartOf":{"@id":"https:\/\/www.saint-paul-angouleme.fr\/application\/voyage-a-paestum-naples-nos-eleves-sont-vos-guides\/"},"author":{"name":"SAINT-PAUL","@id":"https:\/\/www.saint-paul-angouleme.fr\/application\/#\/schema\/person\/ea152930b1a3823659065827b1a5fb9b"},"headline":"Voyage \u00e0 Paestum &#038; Naples : nos \u00e9l\u00e8ves sont vos guides.","datePublished":"2019-01-22T10:07:21+00:00","dateModified":"2019-03-13T19:44:38+00:00","mainEntityOfPage":{"@id":"https:\/\/www.saint-paul-angouleme.fr\/application\/voyage-a-paestum-naples-nos-eleves-sont-vos-guides\/"},"wordCount":2089,"commentCount":0,"publisher":{"@id":"https:\/\/www.saint-paul-angouleme.fr\/application\/#organization"},"image":{"@id":"https:\/\/www.saint-paul-angouleme.fr\/application\/voyage-a-paestum-naples-nos-eleves-sont-vos-guides\/#primaryimage"},"thumbnailUrl":"https:\/\/www.saint-paul-angouleme.fr\/application\/wp-content\/uploads\/2019\/01\/20181217_132553_resized-1.jpg","articleSection":["P\u00e9dagogie"],"inLanguage":"fr-FR","potentialAction":[{"@type":"CommentAction","name":"Comment","target":["https:\/\/www.saint-paul-angouleme.fr\/application\/voyage-a-paestum-naples-nos-eleves-sont-vos-guides\/#respond"]}]},{"@type":"WebPage","@id":"https:\/\/www.saint-paul-angouleme.fr\/application\/voyage-a-paestum-naples-nos-eleves-sont-vos-guides\/","url":"https:\/\/www.saint-paul-angouleme.fr\/application\/voyage-a-paestum-naples-nos-eleves-sont-vos-guides\/","name":"Voyage \u00e0 Paestum & Naples : nos \u00e9l\u00e8ves sont vos guides. - Actualit\u00e9s","isPartOf":{"@id":"https:\/\/www.saint-paul-angouleme.fr\/application\/#website"},"primaryImageOfPage":{"@id":"https:\/\/www.saint-paul-angouleme.fr\/application\/voyage-a-paestum-naples-nos-eleves-sont-vos-guides\/#primaryimage"},"image":{"@id":"https:\/\/www.saint-paul-angouleme.fr\/application\/voyage-a-paestum-naples-nos-eleves-sont-vos-guides\/#primaryimage"},"thumbnailUrl":"https:\/\/www.saint-paul-angouleme.fr\/application\/wp-content\/uploads\/2019\/01\/20181217_132553_resized-1.jpg","datePublished":"2019-01-22T10:07:21+00:00","dateModified":"2019-03-13T19:44:38+00:00","description":"Du 13 au 20 d\u00e9cembre des \u00e9l\u00e8ves en classe d'italien ont fait un voyage \u00e0 Paestum et Naples. Ils nous en livrent le r\u00e9cit en fran\u00e7ais et en italien.","breadcrumb":{"@id":"https:\/\/www.saint-paul-angouleme.fr\/application\/voyage-a-paestum-naples-nos-eleves-sont-vos-guides\/#breadcrumb"},"inLanguage":"fr-FR","potentialAction":[{"@type":"ReadAction","target":["https:\/\/www.saint-paul-angouleme.fr\/application\/voyage-a-paestum-naples-nos-eleves-sont-vos-guides\/"]}]},{"@type":"ImageObject","inLanguage":"fr-FR","@id":"https:\/\/www.saint-paul-angouleme.fr\/application\/voyage-a-paestum-naples-nos-eleves-sont-vos-guides\/#primaryimage","url":"https:\/\/www.saint-paul-angouleme.fr\/application\/wp-content\/uploads\/2019\/01\/20181217_132553_resized-1.jpg","contentUrl":"https:\/\/www.saint-paul-angouleme.fr\/application\/wp-content\/uploads\/2019\/01\/20181217_132553_resized-1.jpg"},{"@type":"BreadcrumbList","@id":"https:\/\/www.saint-paul-angouleme.fr\/application\/voyage-a-paestum-naples-nos-eleves-sont-vos-guides\/#breadcrumb","itemListElement":[{"@type":"ListItem","position":1,"name":"Accueil","item":"http:\/\/www.saint-paul-angouleme.fr\/application\/"},{"@type":"ListItem","position":2,"name":"Voyage \u00e0 Paestum &#038; Naples : nos \u00e9l\u00e8ves sont vos guides."}]},{"@type":"WebSite","@id":"https:\/\/www.saint-paul-angouleme.fr\/application\/#website","url":"https:\/\/www.saint-paul-angouleme.fr\/application\/","name":"Actualit\u00e9s","description":"Actualit\u00e9s Saint Paul","publisher":{"@id":"https:\/\/www.saint-paul-angouleme.fr\/application\/#organization"},"potentialAction":[{"@type":"SearchAction","target":{"@type":"EntryPoint","urlTemplate":"https:\/\/www.saint-paul-angouleme.fr\/application\/?s={search_term_string}"},"query-input":"required name=search_term_string"}],"inLanguage":"fr-FR"},{"@type":"Organization","@id":"https:\/\/www.saint-paul-angouleme.fr\/application\/#organization","name":"Ensemble scolaire Saint-Paul","url":"https:\/\/www.saint-paul-angouleme.fr\/application\/","logo":{"@type":"ImageObject","inLanguage":"fr-FR","@id":"https:\/\/www.saint-paul-angouleme.fr\/application\/#\/schema\/logo\/image\/","url":"https:\/\/www.saint-paul-angouleme.fr\/application\/wp-content\/uploads\/2018\/08\/logo-saint-paul-couleurs.jpg","contentUrl":"https:\/\/www.saint-paul-angouleme.fr\/application\/wp-content\/uploads\/2018\/08\/logo-saint-paul-couleurs.jpg","width":1890,"height":709,"caption":"Ensemble scolaire Saint-Paul"},"image":{"@id":"https:\/\/www.saint-paul-angouleme.fr\/application\/#\/schema\/logo\/image\/"},"sameAs":["https:\/\/www.facebook.com\/SaintPaulAngouleme16\/","https:\/\/x.com\/StPaulAngoulem","https:\/\/www.youtube.com\/channel\/UCRLpz1CmPVqc0gn--YyXvjA?view_as=subscriber"]},{"@type":"Person","@id":"https:\/\/www.saint-paul-angouleme.fr\/application\/#\/schema\/person\/ea152930b1a3823659065827b1a5fb9b","name":"SAINT-PAUL","image":{"@type":"ImageObject","inLanguage":"fr-FR","@id":"https:\/\/www.saint-paul-angouleme.fr\/application\/#\/schema\/person\/image\/","url":"https:\/\/secure.gravatar.com\/avatar\/eadb0ffebc02683a61d69038eb2924f0?s=96&r=g","contentUrl":"https:\/\/secure.gravatar.com\/avatar\/eadb0ffebc02683a61d69038eb2924f0?s=96&r=g","caption":"SAINT-PAUL"},"url":"https:\/\/www.saint-paul-angouleme.fr\/application\/author\/myriam\/"}]}},"_links":{"self":[{"href":"https:\/\/www.saint-paul-angouleme.fr\/application\/wp-json\/wp\/v2\/posts\/3861"}],"collection":[{"href":"https:\/\/www.saint-paul-angouleme.fr\/application\/wp-json\/wp\/v2\/posts"}],"about":[{"href":"https:\/\/www.saint-paul-angouleme.fr\/application\/wp-json\/wp\/v2\/types\/post"}],"author":[{"embeddable":true,"href":"https:\/\/www.saint-paul-angouleme.fr\/application\/wp-json\/wp\/v2\/users\/3"}],"replies":[{"embeddable":true,"href":"https:\/\/www.saint-paul-angouleme.fr\/application\/wp-json\/wp\/v2\/comments?post=3861"}],"version-history":[{"count":24,"href":"https:\/\/www.saint-paul-angouleme.fr\/application\/wp-json\/wp\/v2\/posts\/3861\/revisions"}],"predecessor-version":[{"id":3940,"href":"https:\/\/www.saint-paul-angouleme.fr\/application\/wp-json\/wp\/v2\/posts\/3861\/revisions\/3940"}],"wp:attachment":[{"href":"https:\/\/www.saint-paul-angouleme.fr\/application\/wp-json\/wp\/v2\/media?parent=3861"}],"wp:term":[{"taxonomy":"category","embeddable":true,"href":"https:\/\/www.saint-paul-angouleme.fr\/application\/wp-json\/wp\/v2\/categories?post=3861"},{"taxonomy":"post_tag","embeddable":true,"href":"https:\/\/www.saint-paul-angouleme.fr\/application\/wp-json\/wp\/v2\/tags?post=3861"}],"curies":[{"name":"wp","href":"https:\/\/api.w.org\/{rel}","templated":true}]}}