{"id":3852,"date":"2018-12-14T12:23:16","date_gmt":"2018-12-14T11:23:16","guid":{"rendered":"https:\/\/www.saint-paul-angouleme.fr\/application\/?p=3852"},"modified":"2019-01-18T10:06:07","modified_gmt":"2019-01-18T09:06:07","slug":"journee-des-communautes-2018-pedagogie-et-reforme-du-lycee","status":"publish","type":"post","link":"https:\/\/www.saint-paul-angouleme.fr\/application\/journee-des-communautes-2018-pedagogie-et-reforme-du-lycee\/","title":{"rendered":"Journ\u00e9e des communaut\u00e9s 2018 : p\u00e9dagogie et r\u00e9forme du lyc\u00e9e"},"content":{"rendered":"<figure id=\"attachment_3853\" aria-describedby=\"caption-attachment-3853\" style=\"width: 4949px\" class=\"wp-caption aligncenter\"><a href=\"https:\/\/www.saint-paul-angouleme.fr\/application\/wp-content\/uploads\/2019\/01\/Journ\u00e9e-des-communaut\u00e9s-2018.jpg\"><img loading=\"lazy\" decoding=\"async\" class=\"wp-image-3853 size-full\" title=\"Journ\u00e9e des Communaut\u00e9s \u00e9ducatives, une partie des participants\" src=\"https:\/\/www.saint-paul-angouleme.fr\/application\/wp-content\/uploads\/2019\/01\/Journ\u00e9e-des-communaut\u00e9s-2018.jpg\" alt=\"Journ\u00e9e des Communaut\u00e9s \u00e9ducatives, une partie des participants\" width=\"4959\" height=\"3307\" data-id=\"3853\" srcset=\"https:\/\/www.saint-paul-angouleme.fr\/application\/wp-content\/uploads\/2019\/01\/Journ\u00e9e-des-communaut\u00e9s-2018.jpg 4959w, https:\/\/www.saint-paul-angouleme.fr\/application\/wp-content\/uploads\/2019\/01\/Journ\u00e9e-des-communaut\u00e9s-2018-300x200.jpg 300w, https:\/\/www.saint-paul-angouleme.fr\/application\/wp-content\/uploads\/2019\/01\/Journ\u00e9e-des-communaut\u00e9s-2018-768x512.jpg 768w, https:\/\/www.saint-paul-angouleme.fr\/application\/wp-content\/uploads\/2019\/01\/Journ\u00e9e-des-communaut\u00e9s-2018-1024x683.jpg 1024w\" sizes=\"(max-width: 4959px) 100vw, 4959px\" \/><\/a><figcaption id=\"caption-attachment-3853\" class=\"wp-caption-text\"><span style=\"font-family: tahoma, arial, helvetica, sans-serif; font-size: 10px;\">D\u00e9but de matin\u00e9e&#8230;<\/span><\/figcaption><\/figure>\n<p style=\"text-align: justify;\"><span style=\"font-family: tahoma, arial, helvetica, sans-serif; color: #333333;\">La journ\u00e9e des Communaut\u00e9s \u00e9ducatives marque un temps fort pour les \u00e9tablissements scolaires. Ce dispositif organis\u00e9 sur le plan national par l&#8217;Enseignement Catholique permet aux \u00e9quipes, aux familles, de prendre le temps de la rencontre, de la r\u00e9flexion et du dialogue sur diverses th\u00e9matiques. Ce vendredi 7 d\u00e9cembre deux points sont abord\u00e9s:<\/span><\/p>\n<ul>\n<li><span style=\"font-family: tahoma, arial, helvetica, sans-serif; color: #333333;\">En matin\u00e9e l&#8217;\u00e9valuation de la charge de travail des \u00e9l\u00e8ves (sujet sur lequel travaille aussi le Conseil d&#8217;Etablissement),<\/span><\/li>\n<li><span style=\"font-family: tahoma, arial, helvetica, sans-serif; color: #333333;\">L&#8217;apr\u00e8s-midi, accueil des parents et des \u00e9l\u00e8ves de troisi\u00e8me pour aborder la r\u00e9forme du lyc\u00e9e et celle\u00a0du baccalaur\u00e9at.<\/span><\/li>\n<\/ul>\n<h2><strong><span style=\"font-family: tahoma, arial, helvetica, sans-serif; font-size: 16px; color: #333333;\">En matin\u00e9e : charge de travail des \u00e9l\u00e8ves<\/span><\/strong><\/h2>\n<p style=\"text-align: justify;\"><span style=\"font-family: tahoma, arial, helvetica, sans-serif; color: #333333;\">La matin\u00e9e d\u00e9bute en amphith\u00e9\u00e2tre o\u00f9 M. CONSTANTIN, chef d&#8217;\u00e9tablissement, pr\u00e9sente un constat \u00e0 diff\u00e9rentes \u00e9chelles sur le travail personnel des \u00e9l\u00e8ves (PISA, <a href=\"https:\/\/read.oecd-ilibrary.org\/education\/regard-sur-l-education-2018_eag-2018-fr#page11\">OCDE<\/a>, statistiques internes&#8230;). Suit un temps d&#8217;\u00e9change et de questions qui introduit les ateliers anim\u00e9s par des enseignants :<\/span><\/p>\n<ul>\n<li><span style=\"font-family: tahoma, arial, helvetica, sans-serif; color: #333333;\">donner du sens au travail,<\/span><\/li>\n<li><span style=\"font-family: tahoma, arial, helvetica, sans-serif; color: #333333;\">dialoguer avec les familles,<\/span><\/li>\n<li><span style=\"font-family: tahoma, arial, helvetica, sans-serif; color: #333333;\">att\u00e9nuer la peur des notes,<\/span><\/li>\n<li><span style=\"font-family: tahoma, arial, helvetica, sans-serif; color: #333333;\">favoriser le travail de groupe,<\/span><\/li>\n<li><span style=\"font-family: tahoma, arial, helvetica, sans-serif; color: #333333;\">favoriser la relation avec l&#8217;enseignant : l&#8217;\u00e9l\u00e8ve comme interlocuteur,<\/span><\/li>\n<li><span style=\"font-family: tahoma, arial, helvetica, sans-serif; color: #333333;\">encourager l&#8217;\u00e9l\u00e8ve \u00e0 prendre l&#8217;initiative,<\/span><\/li>\n<li><span style=\"font-family: tahoma, arial, helvetica, sans-serif; color: #333333;\">favoriser la coh\u00e9sion de l&#8217;\u00e9quipe autour de vis\u00e9es p\u00e9dagogiques communes,<\/span><\/li>\n<li><span style=\"font-family: tahoma, arial, helvetica, sans-serif; color: #333333;\">dialoguer avec les coll\u00e8gues pour harmoniser les \u00e9valuations.<\/span><\/li>\n<\/ul>\n<p><span style=\"font-family: tahoma, arial, helvetica, sans-serif; color: #333333;\">En fin de matin\u00e9e : retour sur les \u00e9changes en ateliers puis repas.<\/span><\/p>\n<h2 style=\"text-align: justify;\"><strong><span style=\"font-family: tahoma, arial, helvetica, sans-serif; color: #333333; font-size: 16px;\">Rencontre avec les familles et les \u00e9l\u00e8ves l&#8217;apr\u00e8s-midi<\/span><\/strong><\/h2>\n<p style=\"text-align: justify;\"><span style=\"font-family: tahoma, arial, helvetica, sans-serif; color: #333333;\">L&#8217;apr\u00e8s-midi accueil des parents et \u00e9l\u00e8ves de troisi\u00e8me pour une pr\u00e9sentation de la <a href=\"https:\/\/www.saint-paul-angouleme.fr\/pdf\/Rentree-2019-Reforme-du-lycee-et-du-baccalaureat.pdf\">R\u00e9forme du Lyc\u00e9e et du Baccalaur\u00e9at<\/a>. Les parents sont nombreux, avec ou sans leurs enfants. La pr\u00e9sentation sous forme de diaporama permet de bien visualiser ce que seront les enseignements en seconde, premi\u00e8re et terminale<\/span><span style=\"font-family: tahoma, arial, helvetica, sans-serif; color: #333333;\">\u00a0\u00e0 la rentr\u00e9e prochaine. Pas toujours facile de s&#8217;y retrouver entre enseignements communs, enseignements de sp\u00e9cialit\u00e9 et enseignements optionnels&#8230; Mme SUTRE, adjointe de direction et quelques enseignants \u00e9clairent les zones d&#8217;ombre et donnent des pr\u00e9cisions utiles pour rassurer \u00e9l\u00e8ves et parents.<\/span><\/p>\n<p><span style=\"font-family: tahoma, arial, helvetica, sans-serif;\">Prochain rendez-vous prochainement pour les \u00e9l\u00e8ves en classe de seconde et leurs familles le\u00a0<strong>28 janvier 2019 \u00e0 20h30<\/strong>.<\/span><\/p>\n<figure id=\"attachment_3854\" aria-describedby=\"caption-attachment-3854\" style=\"width: 4377px\" class=\"wp-caption aligncenter\"><a href=\"https:\/\/www.saint-paul-angouleme.fr\/application\/wp-content\/uploads\/2019\/01\/7-dec-1-sur-1.jpg\"><img loading=\"lazy\" decoding=\"async\" class=\"wp-image-3854 size-full\" title=\"\u00c9valuation et charge de travail des \u00e9l\u00e8ves\" src=\"https:\/\/www.saint-paul-angouleme.fr\/application\/wp-content\/uploads\/2019\/01\/7-dec-1-sur-1.jpg\" alt=\"\u00c9valuation et charge de travail des \u00e9l\u00e8ves\" width=\"4387\" height=\"3167\" data-id=\"3854\" srcset=\"https:\/\/www.saint-paul-angouleme.fr\/application\/wp-content\/uploads\/2019\/01\/7-dec-1-sur-1.jpg 4387w, https:\/\/www.saint-paul-angouleme.fr\/application\/wp-content\/uploads\/2019\/01\/7-dec-1-sur-1-300x217.jpg 300w, https:\/\/www.saint-paul-angouleme.fr\/application\/wp-content\/uploads\/2019\/01\/7-dec-1-sur-1-768x554.jpg 768w, https:\/\/www.saint-paul-angouleme.fr\/application\/wp-content\/uploads\/2019\/01\/7-dec-1-sur-1-1024x739.jpg 1024w\" sizes=\"(max-width: 4387px) 100vw, 4387px\" \/><\/a><figcaption id=\"caption-attachment-3854\" class=\"wp-caption-text\"><span style=\"font-family: tahoma, arial, helvetica, sans-serif; font-size: 10px;\">Pr\u00e9sentation des supports de r\u00e9flexion<\/span><\/figcaption><\/figure>\n<p>&nbsp;<\/p>\n","protected":false},"excerpt":{"rendered":"<p>La journ\u00e9e des Communaut\u00e9s \u00e9ducatives marque un temps fort pour les \u00e9tablissements scolaires. Ce dispositif organis\u00e9 sur le plan national par l&#8217;Enseignement Catholique permet aux \u00e9quipes, aux familles, de prendre le temps de la rencontre, de la r\u00e9flexion et du dialogue sur diverses th\u00e9matiques. Ce vendredi 7 d\u00e9cembre deux points sont abord\u00e9s: En matin\u00e9e l&#8217;\u00e9valuation &#8230; <a title=\"Journ\u00e9e des communaut\u00e9s 2018 : p\u00e9dagogie et r\u00e9forme du lyc\u00e9e\" class=\"read-more\" href=\"https:\/\/www.saint-paul-angouleme.fr\/application\/journee-des-communautes-2018-pedagogie-et-reforme-du-lycee\/\" aria-label=\"Read more about Journ\u00e9e des communaut\u00e9s 2018 : p\u00e9dagogie et r\u00e9forme du lyc\u00e9e\">Lire la suite<\/a><\/p>\n","protected":false},"author":3,"featured_media":0,"comment_status":"open","ping_status":"open","sticky":false,"template":"","format":"standard","meta":{"_exactmetrics_skip_tracking":false,"_exactmetrics_sitenote_active":false,"_exactmetrics_sitenote_note":"","_exactmetrics_sitenote_category":0,"footnotes":""},"categories":[13],"tags":[],"class_list":["post-3852","post","type-post","status-publish","format-standard","hentry","category-pedagogie"],"yoast_head":"<!-- This site is optimized with the Yoast SEO plugin v23.3 - https:\/\/yoast.com\/wordpress\/plugins\/seo\/ -->\n<title>&quot;Journ\u00e9e des communaut\u00e9s&quot; 2018 :p\u00e9dagogie et r\u00e9forme du lyc\u00e9e<\/title>\n<meta name=\"description\" content=\"Retour sur la &quot;Journ\u00e9e des Communaut\u00e9s \u00e9ducativees&quot; 2018. A l&#039;ordre du jour : \u00e9valuation de la charge de travail des \u00e9l\u00e8ves, p\u00e9dagogie et r\u00e9forme du bac.\" \/>\n<meta name=\"robots\" content=\"index, follow, max-snippet:-1, max-image-preview:large, max-video-preview:-1\" \/>\n<link rel=\"canonical\" href=\"https:\/\/www.saint-paul-angouleme.fr\/application\/journee-des-communautes-2018-pedagogie-et-reforme-du-lycee\/\" \/>\n<meta property=\"og:locale\" content=\"fr_FR\" \/>\n<meta property=\"og:type\" content=\"article\" \/>\n<meta property=\"og:title\" content=\"&quot;Journ\u00e9e des communaut\u00e9s&quot; 2018 :p\u00e9dagogie et r\u00e9forme du lyc\u00e9e\" \/>\n<meta property=\"og:description\" content=\"Retour sur la &quot;Journ\u00e9e des Communaut\u00e9s \u00e9ducativees&quot; 2018. A l&#039;ordre du jour : \u00e9valuation de la charge de travail des \u00e9l\u00e8ves, p\u00e9dagogie et r\u00e9forme du bac.\" \/>\n<meta property=\"og:url\" content=\"https:\/\/www.saint-paul-angouleme.fr\/application\/journee-des-communautes-2018-pedagogie-et-reforme-du-lycee\/\" \/>\n<meta property=\"og:site_name\" content=\"Actualit\u00e9s\" \/>\n<meta property=\"article:publisher\" content=\"https:\/\/www.facebook.com\/SaintPaulAngouleme16\/\" \/>\n<meta property=\"article:published_time\" content=\"2018-12-14T11:23:16+00:00\" \/>\n<meta property=\"article:modified_time\" content=\"2019-01-18T09:06:07+00:00\" \/>\n<meta property=\"og:image\" content=\"https:\/\/www.saint-paul-angouleme.fr\/application\/wp-content\/uploads\/2019\/01\/7-dec-1-sur-1.jpg\" \/>\n<meta name=\"author\" content=\"SAINT-PAUL\" \/>\n<meta name=\"twitter:card\" content=\"summary_large_image\" \/>\n<meta name=\"twitter:creator\" content=\"@StPaulAngoulem\" \/>\n<meta name=\"twitter:site\" content=\"@StPaulAngoulem\" \/>\n<meta name=\"twitter:label1\" content=\"\u00c9crit par\" \/>\n\t<meta name=\"twitter:data1\" content=\"SAINT-PAUL\" \/>\n\t<meta name=\"twitter:label2\" content=\"Dur\u00e9e de lecture estim\u00e9e\" \/>\n\t<meta name=\"twitter:data2\" content=\"2 minutes\" \/>\n<script type=\"application\/ld+json\" class=\"yoast-schema-graph\">{\"@context\":\"https:\/\/schema.org\",\"@graph\":[{\"@type\":\"Article\",\"@id\":\"https:\/\/www.saint-paul-angouleme.fr\/application\/journee-des-communautes-2018-pedagogie-et-reforme-du-lycee\/#article\",\"isPartOf\":{\"@id\":\"https:\/\/www.saint-paul-angouleme.fr\/application\/journee-des-communautes-2018-pedagogie-et-reforme-du-lycee\/\"},\"author\":{\"name\":\"SAINT-PAUL\",\"@id\":\"https:\/\/www.saint-paul-angouleme.fr\/application\/#\/schema\/person\/ea152930b1a3823659065827b1a5fb9b\"},\"headline\":\"Journ\u00e9e des communaut\u00e9s 2018 : p\u00e9dagogie et r\u00e9forme du lyc\u00e9e\",\"datePublished\":\"2018-12-14T11:23:16+00:00\",\"dateModified\":\"2019-01-18T09:06:07+00:00\",\"mainEntityOfPage\":{\"@id\":\"https:\/\/www.saint-paul-angouleme.fr\/application\/journee-des-communautes-2018-pedagogie-et-reforme-du-lycee\/\"},\"wordCount\":410,\"commentCount\":0,\"publisher\":{\"@id\":\"https:\/\/www.saint-paul-angouleme.fr\/application\/#organization\"},\"image\":{\"@id\":\"https:\/\/www.saint-paul-angouleme.fr\/application\/journee-des-communautes-2018-pedagogie-et-reforme-du-lycee\/#primaryimage\"},\"thumbnailUrl\":\"https:\/\/www.saint-paul-angouleme.fr\/application\/wp-content\/uploads\/2019\/01\/7-dec-1-sur-1.jpg\",\"articleSection\":[\"P\u00e9dagogie\"],\"inLanguage\":\"fr-FR\",\"potentialAction\":[{\"@type\":\"CommentAction\",\"name\":\"Comment\",\"target\":[\"https:\/\/www.saint-paul-angouleme.fr\/application\/journee-des-communautes-2018-pedagogie-et-reforme-du-lycee\/#respond\"]}]},{\"@type\":\"WebPage\",\"@id\":\"https:\/\/www.saint-paul-angouleme.fr\/application\/journee-des-communautes-2018-pedagogie-et-reforme-du-lycee\/\",\"url\":\"https:\/\/www.saint-paul-angouleme.fr\/application\/journee-des-communautes-2018-pedagogie-et-reforme-du-lycee\/\",\"name\":\"\\\"Journ\u00e9e des communaut\u00e9s\\\" 2018 :p\u00e9dagogie et r\u00e9forme du lyc\u00e9e\",\"isPartOf\":{\"@id\":\"https:\/\/www.saint-paul-angouleme.fr\/application\/#website\"},\"primaryImageOfPage\":{\"@id\":\"https:\/\/www.saint-paul-angouleme.fr\/application\/journee-des-communautes-2018-pedagogie-et-reforme-du-lycee\/#primaryimage\"},\"image\":{\"@id\":\"https:\/\/www.saint-paul-angouleme.fr\/application\/journee-des-communautes-2018-pedagogie-et-reforme-du-lycee\/#primaryimage\"},\"thumbnailUrl\":\"https:\/\/www.saint-paul-angouleme.fr\/application\/wp-content\/uploads\/2019\/01\/7-dec-1-sur-1.jpg\",\"datePublished\":\"2018-12-14T11:23:16+00:00\",\"dateModified\":\"2019-01-18T09:06:07+00:00\",\"description\":\"Retour sur la \\\"Journ\u00e9e des Communaut\u00e9s \u00e9ducativees\\\" 2018. A l'ordre du jour : \u00e9valuation de la charge de travail des \u00e9l\u00e8ves, p\u00e9dagogie et r\u00e9forme du bac.\",\"breadcrumb\":{\"@id\":\"https:\/\/www.saint-paul-angouleme.fr\/application\/journee-des-communautes-2018-pedagogie-et-reforme-du-lycee\/#breadcrumb\"},\"inLanguage\":\"fr-FR\",\"potentialAction\":[{\"@type\":\"ReadAction\",\"target\":[\"https:\/\/www.saint-paul-angouleme.fr\/application\/journee-des-communautes-2018-pedagogie-et-reforme-du-lycee\/\"]}]},{\"@type\":\"ImageObject\",\"inLanguage\":\"fr-FR\",\"@id\":\"https:\/\/www.saint-paul-angouleme.fr\/application\/journee-des-communautes-2018-pedagogie-et-reforme-du-lycee\/#primaryimage\",\"url\":\"https:\/\/www.saint-paul-angouleme.fr\/application\/wp-content\/uploads\/2019\/01\/7-dec-1-sur-1.jpg\",\"contentUrl\":\"https:\/\/www.saint-paul-angouleme.fr\/application\/wp-content\/uploads\/2019\/01\/7-dec-1-sur-1.jpg\"},{\"@type\":\"BreadcrumbList\",\"@id\":\"https:\/\/www.saint-paul-angouleme.fr\/application\/journee-des-communautes-2018-pedagogie-et-reforme-du-lycee\/#breadcrumb\",\"itemListElement\":[{\"@type\":\"ListItem\",\"position\":1,\"name\":\"Accueil\",\"item\":\"http:\/\/www.saint-paul-angouleme.fr\/application\/\"},{\"@type\":\"ListItem\",\"position\":2,\"name\":\"Journ\u00e9e des communaut\u00e9s 2018 : p\u00e9dagogie et r\u00e9forme du lyc\u00e9e\"}]},{\"@type\":\"WebSite\",\"@id\":\"https:\/\/www.saint-paul-angouleme.fr\/application\/#website\",\"url\":\"https:\/\/www.saint-paul-angouleme.fr\/application\/\",\"name\":\"Actualit\u00e9s\",\"description\":\"Actualit\u00e9s Saint Paul\",\"publisher\":{\"@id\":\"https:\/\/www.saint-paul-angouleme.fr\/application\/#organization\"},\"potentialAction\":[{\"@type\":\"SearchAction\",\"target\":{\"@type\":\"EntryPoint\",\"urlTemplate\":\"https:\/\/www.saint-paul-angouleme.fr\/application\/?s={search_term_string}\"},\"query-input\":\"required name=search_term_string\"}],\"inLanguage\":\"fr-FR\"},{\"@type\":\"Organization\",\"@id\":\"https:\/\/www.saint-paul-angouleme.fr\/application\/#organization\",\"name\":\"Ensemble scolaire Saint-Paul\",\"url\":\"https:\/\/www.saint-paul-angouleme.fr\/application\/\",\"logo\":{\"@type\":\"ImageObject\",\"inLanguage\":\"fr-FR\",\"@id\":\"https:\/\/www.saint-paul-angouleme.fr\/application\/#\/schema\/logo\/image\/\",\"url\":\"https:\/\/www.saint-paul-angouleme.fr\/application\/wp-content\/uploads\/2018\/08\/logo-saint-paul-couleurs.jpg\",\"contentUrl\":\"https:\/\/www.saint-paul-angouleme.fr\/application\/wp-content\/uploads\/2018\/08\/logo-saint-paul-couleurs.jpg\",\"width\":1890,\"height\":709,\"caption\":\"Ensemble scolaire Saint-Paul\"},\"image\":{\"@id\":\"https:\/\/www.saint-paul-angouleme.fr\/application\/#\/schema\/logo\/image\/\"},\"sameAs\":[\"https:\/\/www.facebook.com\/SaintPaulAngouleme16\/\",\"https:\/\/x.com\/StPaulAngoulem\",\"https:\/\/www.youtube.com\/channel\/UCRLpz1CmPVqc0gn--YyXvjA?view_as=subscriber\"]},{\"@type\":\"Person\",\"@id\":\"https:\/\/www.saint-paul-angouleme.fr\/application\/#\/schema\/person\/ea152930b1a3823659065827b1a5fb9b\",\"name\":\"SAINT-PAUL\",\"image\":{\"@type\":\"ImageObject\",\"inLanguage\":\"fr-FR\",\"@id\":\"https:\/\/www.saint-paul-angouleme.fr\/application\/#\/schema\/person\/image\/\",\"url\":\"https:\/\/secure.gravatar.com\/avatar\/eadb0ffebc02683a61d69038eb2924f0?s=96&r=g\",\"contentUrl\":\"https:\/\/secure.gravatar.com\/avatar\/eadb0ffebc02683a61d69038eb2924f0?s=96&r=g\",\"caption\":\"SAINT-PAUL\"},\"url\":\"https:\/\/www.saint-paul-angouleme.fr\/application\/author\/myriam\/\"}]}<\/script>\n<!-- \/ Yoast SEO plugin. -->","yoast_head_json":{"title":"\"Journ\u00e9e des communaut\u00e9s\" 2018 :p\u00e9dagogie et r\u00e9forme du lyc\u00e9e","description":"Retour sur la \"Journ\u00e9e des Communaut\u00e9s \u00e9ducativees\" 2018. A l'ordre du jour : \u00e9valuation de la charge de travail des \u00e9l\u00e8ves, p\u00e9dagogie et r\u00e9forme du bac.","robots":{"index":"index","follow":"follow","max-snippet":"max-snippet:-1","max-image-preview":"max-image-preview:large","max-video-preview":"max-video-preview:-1"},"canonical":"https:\/\/www.saint-paul-angouleme.fr\/application\/journee-des-communautes-2018-pedagogie-et-reforme-du-lycee\/","og_locale":"fr_FR","og_type":"article","og_title":"\"Journ\u00e9e des communaut\u00e9s\" 2018 :p\u00e9dagogie et r\u00e9forme du lyc\u00e9e","og_description":"Retour sur la \"Journ\u00e9e des Communaut\u00e9s \u00e9ducativees\" 2018. A l'ordre du jour : \u00e9valuation de la charge de travail des \u00e9l\u00e8ves, p\u00e9dagogie et r\u00e9forme du bac.","og_url":"https:\/\/www.saint-paul-angouleme.fr\/application\/journee-des-communautes-2018-pedagogie-et-reforme-du-lycee\/","og_site_name":"Actualit\u00e9s","article_publisher":"https:\/\/www.facebook.com\/SaintPaulAngouleme16\/","article_published_time":"2018-12-14T11:23:16+00:00","article_modified_time":"2019-01-18T09:06:07+00:00","og_image":[{"url":"https:\/\/www.saint-paul-angouleme.fr\/application\/wp-content\/uploads\/2019\/01\/7-dec-1-sur-1.jpg"}],"author":"SAINT-PAUL","twitter_card":"summary_large_image","twitter_creator":"@StPaulAngoulem","twitter_site":"@StPaulAngoulem","twitter_misc":{"\u00c9crit par":"SAINT-PAUL","Dur\u00e9e de lecture estim\u00e9e":"2 minutes"},"schema":{"@context":"https:\/\/schema.org","@graph":[{"@type":"Article","@id":"https:\/\/www.saint-paul-angouleme.fr\/application\/journee-des-communautes-2018-pedagogie-et-reforme-du-lycee\/#article","isPartOf":{"@id":"https:\/\/www.saint-paul-angouleme.fr\/application\/journee-des-communautes-2018-pedagogie-et-reforme-du-lycee\/"},"author":{"name":"SAINT-PAUL","@id":"https:\/\/www.saint-paul-angouleme.fr\/application\/#\/schema\/person\/ea152930b1a3823659065827b1a5fb9b"},"headline":"Journ\u00e9e des communaut\u00e9s 2018 : p\u00e9dagogie et r\u00e9forme du lyc\u00e9e","datePublished":"2018-12-14T11:23:16+00:00","dateModified":"2019-01-18T09:06:07+00:00","mainEntityOfPage":{"@id":"https:\/\/www.saint-paul-angouleme.fr\/application\/journee-des-communautes-2018-pedagogie-et-reforme-du-lycee\/"},"wordCount":410,"commentCount":0,"publisher":{"@id":"https:\/\/www.saint-paul-angouleme.fr\/application\/#organization"},"image":{"@id":"https:\/\/www.saint-paul-angouleme.fr\/application\/journee-des-communautes-2018-pedagogie-et-reforme-du-lycee\/#primaryimage"},"thumbnailUrl":"https:\/\/www.saint-paul-angouleme.fr\/application\/wp-content\/uploads\/2019\/01\/7-dec-1-sur-1.jpg","articleSection":["P\u00e9dagogie"],"inLanguage":"fr-FR","potentialAction":[{"@type":"CommentAction","name":"Comment","target":["https:\/\/www.saint-paul-angouleme.fr\/application\/journee-des-communautes-2018-pedagogie-et-reforme-du-lycee\/#respond"]}]},{"@type":"WebPage","@id":"https:\/\/www.saint-paul-angouleme.fr\/application\/journee-des-communautes-2018-pedagogie-et-reforme-du-lycee\/","url":"https:\/\/www.saint-paul-angouleme.fr\/application\/journee-des-communautes-2018-pedagogie-et-reforme-du-lycee\/","name":"\"Journ\u00e9e des communaut\u00e9s\" 2018 :p\u00e9dagogie et r\u00e9forme du lyc\u00e9e","isPartOf":{"@id":"https:\/\/www.saint-paul-angouleme.fr\/application\/#website"},"primaryImageOfPage":{"@id":"https:\/\/www.saint-paul-angouleme.fr\/application\/journee-des-communautes-2018-pedagogie-et-reforme-du-lycee\/#primaryimage"},"image":{"@id":"https:\/\/www.saint-paul-angouleme.fr\/application\/journee-des-communautes-2018-pedagogie-et-reforme-du-lycee\/#primaryimage"},"thumbnailUrl":"https:\/\/www.saint-paul-angouleme.fr\/application\/wp-content\/uploads\/2019\/01\/7-dec-1-sur-1.jpg","datePublished":"2018-12-14T11:23:16+00:00","dateModified":"2019-01-18T09:06:07+00:00","description":"Retour sur la \"Journ\u00e9e des Communaut\u00e9s \u00e9ducativees\" 2018. A l'ordre du jour : \u00e9valuation de la charge de travail des \u00e9l\u00e8ves, p\u00e9dagogie et r\u00e9forme du bac.","breadcrumb":{"@id":"https:\/\/www.saint-paul-angouleme.fr\/application\/journee-des-communautes-2018-pedagogie-et-reforme-du-lycee\/#breadcrumb"},"inLanguage":"fr-FR","potentialAction":[{"@type":"ReadAction","target":["https:\/\/www.saint-paul-angouleme.fr\/application\/journee-des-communautes-2018-pedagogie-et-reforme-du-lycee\/"]}]},{"@type":"ImageObject","inLanguage":"fr-FR","@id":"https:\/\/www.saint-paul-angouleme.fr\/application\/journee-des-communautes-2018-pedagogie-et-reforme-du-lycee\/#primaryimage","url":"https:\/\/www.saint-paul-angouleme.fr\/application\/wp-content\/uploads\/2019\/01\/7-dec-1-sur-1.jpg","contentUrl":"https:\/\/www.saint-paul-angouleme.fr\/application\/wp-content\/uploads\/2019\/01\/7-dec-1-sur-1.jpg"},{"@type":"BreadcrumbList","@id":"https:\/\/www.saint-paul-angouleme.fr\/application\/journee-des-communautes-2018-pedagogie-et-reforme-du-lycee\/#breadcrumb","itemListElement":[{"@type":"ListItem","position":1,"name":"Accueil","item":"http:\/\/www.saint-paul-angouleme.fr\/application\/"},{"@type":"ListItem","position":2,"name":"Journ\u00e9e des communaut\u00e9s 2018 : p\u00e9dagogie et r\u00e9forme du lyc\u00e9e"}]},{"@type":"WebSite","@id":"https:\/\/www.saint-paul-angouleme.fr\/application\/#website","url":"https:\/\/www.saint-paul-angouleme.fr\/application\/","name":"Actualit\u00e9s","description":"Actualit\u00e9s Saint Paul","publisher":{"@id":"https:\/\/www.saint-paul-angouleme.fr\/application\/#organization"},"potentialAction":[{"@type":"SearchAction","target":{"@type":"EntryPoint","urlTemplate":"https:\/\/www.saint-paul-angouleme.fr\/application\/?s={search_term_string}"},"query-input":"required name=search_term_string"}],"inLanguage":"fr-FR"},{"@type":"Organization","@id":"https:\/\/www.saint-paul-angouleme.fr\/application\/#organization","name":"Ensemble scolaire Saint-Paul","url":"https:\/\/www.saint-paul-angouleme.fr\/application\/","logo":{"@type":"ImageObject","inLanguage":"fr-FR","@id":"https:\/\/www.saint-paul-angouleme.fr\/application\/#\/schema\/logo\/image\/","url":"https:\/\/www.saint-paul-angouleme.fr\/application\/wp-content\/uploads\/2018\/08\/logo-saint-paul-couleurs.jpg","contentUrl":"https:\/\/www.saint-paul-angouleme.fr\/application\/wp-content\/uploads\/2018\/08\/logo-saint-paul-couleurs.jpg","width":1890,"height":709,"caption":"Ensemble scolaire Saint-Paul"},"image":{"@id":"https:\/\/www.saint-paul-angouleme.fr\/application\/#\/schema\/logo\/image\/"},"sameAs":["https:\/\/www.facebook.com\/SaintPaulAngouleme16\/","https:\/\/x.com\/StPaulAngoulem","https:\/\/www.youtube.com\/channel\/UCRLpz1CmPVqc0gn--YyXvjA?view_as=subscriber"]},{"@type":"Person","@id":"https:\/\/www.saint-paul-angouleme.fr\/application\/#\/schema\/person\/ea152930b1a3823659065827b1a5fb9b","name":"SAINT-PAUL","image":{"@type":"ImageObject","inLanguage":"fr-FR","@id":"https:\/\/www.saint-paul-angouleme.fr\/application\/#\/schema\/person\/image\/","url":"https:\/\/secure.gravatar.com\/avatar\/eadb0ffebc02683a61d69038eb2924f0?s=96&r=g","contentUrl":"https:\/\/secure.gravatar.com\/avatar\/eadb0ffebc02683a61d69038eb2924f0?s=96&r=g","caption":"SAINT-PAUL"},"url":"https:\/\/www.saint-paul-angouleme.fr\/application\/author\/myriam\/"}]}},"_links":{"self":[{"href":"https:\/\/www.saint-paul-angouleme.fr\/application\/wp-json\/wp\/v2\/posts\/3852"}],"collection":[{"href":"https:\/\/www.saint-paul-angouleme.fr\/application\/wp-json\/wp\/v2\/posts"}],"about":[{"href":"https:\/\/www.saint-paul-angouleme.fr\/application\/wp-json\/wp\/v2\/types\/post"}],"author":[{"embeddable":true,"href":"https:\/\/www.saint-paul-angouleme.fr\/application\/wp-json\/wp\/v2\/users\/3"}],"replies":[{"embeddable":true,"href":"https:\/\/www.saint-paul-angouleme.fr\/application\/wp-json\/wp\/v2\/comments?post=3852"}],"version-history":[{"count":6,"href":"https:\/\/www.saint-paul-angouleme.fr\/application\/wp-json\/wp\/v2\/posts\/3852\/revisions"}],"predecessor-version":[{"id":3860,"href":"https:\/\/www.saint-paul-angouleme.fr\/application\/wp-json\/wp\/v2\/posts\/3852\/revisions\/3860"}],"wp:attachment":[{"href":"https:\/\/www.saint-paul-angouleme.fr\/application\/wp-json\/wp\/v2\/media?parent=3852"}],"wp:term":[{"taxonomy":"category","embeddable":true,"href":"https:\/\/www.saint-paul-angouleme.fr\/application\/wp-json\/wp\/v2\/categories?post=3852"},{"taxonomy":"post_tag","embeddable":true,"href":"https:\/\/www.saint-paul-angouleme.fr\/application\/wp-json\/wp\/v2\/tags?post=3852"}],"curies":[{"name":"wp","href":"https:\/\/api.w.org\/{rel}","templated":true}]}}