{"id":3717,"date":"2018-12-10T09:58:46","date_gmt":"2018-12-10T08:58:46","guid":{"rendered":"http:\/\/www.saint-paul-angouleme.fr\/application\/?p=3717"},"modified":"2019-01-18T15:44:49","modified_gmt":"2019-01-18T14:44:49","slug":"les-1eres-es2-a-bercy","status":"publish","type":"post","link":"https:\/\/www.saint-paul-angouleme.fr\/application\/les-1eres-es2-a-bercy\/","title":{"rendered":"Les 1\u00e8res ES2 \u00e0 Bercy"},"content":{"rendered":"<p style=\"text-align: center;\"><span style=\"font-size: 20px; font-family: verdana, geneva, sans-serif;\">Dans le cadre du prix lyc\u00e9en &#8220;Lire l&#8217;\u00e9conomie&#8221;, les \u00e9l\u00e8ves de 1\u00e8re ES2 ont d\u00e9battu, vot\u00e9 et r\u00e9alis\u00e9 des productions autour des \u0153uvres propos\u00e9es.<\/span><\/p>\n<p><a href=\"http:\/\/www.saint-paul-angouleme.fr\/application\/wp-content\/uploads\/2018\/12\/tweeter.png\"><img loading=\"lazy\" decoding=\"async\" class=\"aligncenter size-full wp-image-3719\" src=\"http:\/\/www.saint-paul-angouleme.fr\/application\/wp-content\/uploads\/2018\/12\/tweeter.png\" alt=\"\" width=\"202\" height=\"202\" data-id=\"3719\" srcset=\"https:\/\/www.saint-paul-angouleme.fr\/application\/wp-content\/uploads\/2018\/12\/tweeter.png 202w, https:\/\/www.saint-paul-angouleme.fr\/application\/wp-content\/uploads\/2018\/12\/tweeter-150x150.png 150w, https:\/\/www.saint-paul-angouleme.fr\/application\/wp-content\/uploads\/2018\/12\/tweeter-144x144.png 144w\" sizes=\"(max-width: 202px) 100vw, 202px\" \/><\/a><\/p>\n<p><span style=\"font-family: verdana, geneva, sans-serif;\">Le 12 d\u00e9cembre pour la remise des prix, un voyage scolaire est organis\u00e9 afin de participer \u00e0 cette remise des prix !<\/span><\/p>\n<p><span style=\"font-size: 20px; font-family: verdana, geneva, sans-serif;\"><strong>Le programme de cette journ\u00e9e est le suivant :<\/strong><\/span><\/p>\n<p><span style=\"font-family: verdana, geneva, sans-serif;\">06h24 : D\u00e9part d&#8217;Angoul\u00eame<\/span><br \/>\n<span style=\"font-family: verdana, geneva, sans-serif;\">08h08 : Arriv\u00e9 \u00e0 Paris Montparnasse<\/span><br \/>\n<span style=\"font-family: verdana, geneva, sans-serif;\">08h-10h : Visite du 6\u00e8me-7\u00e8me Arrondissement (Aspect sociologique de ces quartiers et visite du<\/span><br \/>\n<span style=\"font-family: verdana, geneva, sans-serif;\">Bon march\u00e9)<\/span><br \/>\n<span style=\"font-family: verdana, geneva, sans-serif;\">10h-12h : Visite de l&#8217;EHESS avec participation \u00e0 un s\u00e9minaire intitul\u00e9 &#8220;Rapport du corps avec les<\/span><br \/>\n<span style=\"font-family: verdana, geneva, sans-serif;\">musiques \u00e9lectroacoustiques&#8221;<\/span><br \/>\n<span style=\"font-family: verdana, geneva, sans-serif;\">13h30-17h30 : Ateliers sur l&#8217;UE et remise des prix au Minist\u00e8re de l&#8217;Economie, rencontres avec des journalistes (Le Monde, Les Echos, Challenge, L&#8217;OBS) et des personnalit\u00e9s politiques (Banque de France, Ministre de l&#8217;Education Nationale, Ministre de l&#8217;Economie)<\/span><br \/>\n<span style=\"font-family: verdana, geneva, sans-serif;\">18h19 : D\u00e9part de Paris Montparnasse<\/span><br \/>\n<span style=\"font-family: verdana, geneva, sans-serif;\">20h02 : Arriv\u00e9 \u00e0 Angoul\u00eame<\/span><\/p>\n<p>&nbsp;<\/p>\n<p><span style=\"font-family: verdana, geneva, sans-serif;\"><strong><span style=\"font-size: 20px;\">Diff\u00e9rentes productions ont \u00e9t\u00e9 r\u00e9alis\u00e9s en vue de ce s\u00e9jour :<\/span><\/strong><\/span><\/p>\n<ul>\n<li><span style=\"font-family: verdana, geneva, sans-serif;\">Des Eco-Badges inspir\u00e9s\u00a0de la lecture de &#8220;Mais Pourquoi j&#8217;ai achet\u00e9 tout \u00e7a?&#8221; qui repr\u00e9sentent notre empreinte \u00e9cologique, le bilan carbone du s\u00e9jour \u00e0 Paris et enfin nos r\u00e9solutions pour nous am\u00e9liorer.<\/span><\/li>\n<\/ul>\n<p style=\"text-align: center;\"><a href=\"http:\/\/www.saint-paul-angouleme.fr\/application\/wp-content\/uploads\/2018\/12\/Badges.png\"><br \/>\n<img loading=\"lazy\" decoding=\"async\" class=\"aligncenter wp-image-3718 size-medium\" src=\"http:\/\/www.saint-paul-angouleme.fr\/application\/wp-content\/uploads\/2018\/12\/Badges-268x300.png\" alt=\"\" width=\"268\" height=\"300\" data-id=\"3718\" srcset=\"https:\/\/www.saint-paul-angouleme.fr\/application\/wp-content\/uploads\/2018\/12\/Badges-268x300.png 268w, https:\/\/www.saint-paul-angouleme.fr\/application\/wp-content\/uploads\/2018\/12\/Badges-768x861.png 768w, https:\/\/www.saint-paul-angouleme.fr\/application\/wp-content\/uploads\/2018\/12\/Badges-914x1024.png 914w, https:\/\/www.saint-paul-angouleme.fr\/application\/wp-content\/uploads\/2018\/12\/Badges.png 924w\" sizes=\"(max-width: 268px) 100vw, 268px\" \/><\/a><\/p>\n<ul>\n<li><span style=\"font-family: verdana, geneva, sans-serif;\">Des vid\u00e9os de pr\u00e9sentation des livres. Nous avons d\u00e9cid\u00e9 que le travail, les d\u00e9bats effectu\u00e9s autour des ouvrages ne pouvaient se r\u00e9sumer \u00e0 un simple vote donc nous avons d\u00e9cid\u00e9 de r\u00e9aliser des vid\u00e9os o\u00f9 nous pr\u00e9sentons les \u0153uvres. Ces vid\u00e9os seront disponible durant la journ\u00e9e de Mercredi.<\/span><\/li>\n<\/ul>\n<div class=\"arve\" data-mode=\"normal\" data-oembed=\"1\" data-provider=\"youtube\" id=\"arve-youtube-altgi7b67c8\">\n<div class=\"arve-inner\">\n<div class=\"arve-embed arve-embed--has-aspect-ratio\">\n<span class=\"arve-ar\" style=\"padding-top:56.250000%\"><\/span><iframe credentialless referrerpolicy=\"strict-origin-when-cross-origin\" allow=\"accelerometer &#039;none&#039;;ambient-light-sensor &#039;none&#039;;autoplay &#039;none&#039;;battery &#039;none&#039;;bluetooth &#039;none&#039;;browsing-topics &#039;none&#039;;camera &#039;none&#039;;ch-ua &#039;none&#039;;clipboard-read &#039;none&#039;;clipboard-write;display-capture &#039;none&#039;;document-domain &#039;none&#039;;domain-agent &#039;none&#039;;encrypted-media &#039;none&#039;;execution-while-not-rendered &#039;none&#039;;execution-while-out-of-viewport &#039;none&#039;;gamepad &#039;none&#039;;geolocation &#039;none&#039;;gyroscope &#039;none&#039;;hid &#039;none&#039;;identity-credentials-get &#039;none&#039;;idle-detection &#039;none&#039;;keyboard-map &#039;none&#039;;local-fonts &#039;none&#039;;magnetometer &#039;none&#039;;microphone &#039;none&#039;;midi &#039;none&#039;;navigation-override &#039;none&#039;;otp-credentials &#039;none&#039;;payment &#039;none&#039;;picture-in-picture;publickey-credentials-create &#039;none&#039;;publickey-credentials-get &#039;none&#039;;screen-wake-lock &#039;none&#039;;serial &#039;none&#039;;speaker-selection;sync-xhr &#039;none&#039;;usb &#039;none&#039;;web-share;window-management &#039;none&#039;;xr-spatial-tracking &#039;none&#039;;\" allowfullscreen class=\"arve-iframe fitvidsignore\" data-arve=\"arve-youtube-altgi7b67c8\" data-src-no-ap=\"https:\/\/www.youtube-nocookie.com\/embed\/AlTgI7B67c8?feature=oembed&amp;iv_load_policy=3&amp;modestbranding=1&amp;rel=0&amp;autohide=1&amp;playsinline=0&amp;autoplay=0\" frameborder=\"0\" height=\"0\" name sandbox=\"allow-scripts allow-same-origin allow-presentation allow-popups allow-popups-to-escape-sandbox\" scrolling=\"no\" src=\"https:\/\/www.youtube-nocookie.com\/embed\/AlTgI7B67c8?feature=oembed&#038;iv_load_policy=3&#038;modestbranding=1&#038;rel=0&#038;autohide=1&#038;playsinline=0&#038;autoplay=0\" width=\"0\" title loading=\"lazy\"><\/iframe><\/p>\n<\/div>\n<\/div>\n<p><script type=\"application\/ld+json\">{\"@context\":\"http:\\\/\\\/schema.org\\\/\",\"@id\":\"https:\\\/\\\/www.saint-paul-angouleme.fr\\\/application\\\/les-1eres-es2-a-bercy\\\/#arve-youtube-altgi7b67c8\",\"type\":\"VideoObject\",\"embedURL\":\"https:\\\/\\\/www.youtube-nocookie.com\\\/embed\\\/AlTgI7B67c8?feature=oembed&iv_load_policy=3&modestbranding=1&rel=0&autohide=1&playsinline=0&autoplay=0\"}<\/script>\n<\/div>\n<ul>\n<li><span style=\"font-family: verdana, geneva, sans-serif;\">Un #Hashtag pour nous suivre.\u00a0Durant toute la journ\u00e9e du 12 d\u00e9cembre vous pourrez nous suivre en direct sur le hashtag #StPaulBercy.<\/span><\/li>\n<\/ul>\n<p><a href=\"https:\/\/twitter.com\/search?f=tweets&amp;q=%23StPaulBercy&amp;src=typd\"><img loading=\"lazy\" decoding=\"async\" class=\"aligncenter size-full wp-image-3719\" src=\"http:\/\/www.saint-paul-angouleme.fr\/application\/wp-content\/uploads\/2018\/12\/tweeter.png\" alt=\"\" width=\"202\" height=\"202\" data-id=\"3719\" srcset=\"https:\/\/www.saint-paul-angouleme.fr\/application\/wp-content\/uploads\/2018\/12\/tweeter.png 202w, https:\/\/www.saint-paul-angouleme.fr\/application\/wp-content\/uploads\/2018\/12\/tweeter-150x150.png 150w, https:\/\/www.saint-paul-angouleme.fr\/application\/wp-content\/uploads\/2018\/12\/tweeter-144x144.png 144w\" sizes=\"(max-width: 202px) 100vw, 202px\" \/><\/a><\/p>\n<p>&nbsp;<\/p>\n","protected":false},"excerpt":{"rendered":"<p>Dans le cadre du prix lyc\u00e9en &#8220;Lire l&#8217;\u00e9conomie&#8221;, les \u00e9l\u00e8ves de 1\u00e8re ES2 ont d\u00e9battu, vot\u00e9 et r\u00e9alis\u00e9 des productions autour des \u0153uvres propos\u00e9es. Le 12 d\u00e9cembre pour la remise des prix, un voyage scolaire est organis\u00e9 afin de participer \u00e0 cette remise des prix ! Le programme de cette journ\u00e9e est le suivant : &#8230; <a title=\"Les 1\u00e8res ES2 \u00e0 Bercy\" class=\"read-more\" href=\"https:\/\/www.saint-paul-angouleme.fr\/application\/les-1eres-es2-a-bercy\/\" aria-label=\"Read more about Les 1\u00e8res ES2 \u00e0 Bercy\">Lire la suite<\/a><\/p>\n","protected":false},"author":3,"featured_media":0,"comment_status":"open","ping_status":"open","sticky":false,"template":"","format":"standard","meta":{"_exactmetrics_skip_tracking":false,"_exactmetrics_sitenote_active":false,"_exactmetrics_sitenote_note":"","_exactmetrics_sitenote_category":0,"footnotes":""},"categories":[2],"tags":[],"class_list":["post-3717","post","type-post","status-publish","format-standard","hentry","category-look-on"],"yoast_head":"<!-- This site is optimized with the Yoast SEO plugin v23.3 - https:\/\/yoast.com\/wordpress\/plugins\/seo\/ -->\n<title>Les 1\u00e8res ES2 \u00e0 Bercy - Actualit\u00e9s<\/title>\n<meta name=\"robots\" content=\"index, follow, max-snippet:-1, max-image-preview:large, max-video-preview:-1\" \/>\n<link rel=\"canonical\" href=\"https:\/\/www.saint-paul-angouleme.fr\/application\/les-1eres-es2-a-bercy\/\" \/>\n<meta property=\"og:locale\" content=\"fr_FR\" \/>\n<meta property=\"og:type\" content=\"article\" \/>\n<meta property=\"og:title\" content=\"Les 1\u00e8res ES2 \u00e0 Bercy - Actualit\u00e9s\" \/>\n<meta property=\"og:description\" content=\"Dans le cadre du prix lyc\u00e9en &#8220;Lire l&#8217;\u00e9conomie&#8221;, les \u00e9l\u00e8ves de 1\u00e8re ES2 ont d\u00e9battu, vot\u00e9 et r\u00e9alis\u00e9 des productions autour des \u0153uvres propos\u00e9es. Le 12 d\u00e9cembre pour la remise des prix, un voyage scolaire est organis\u00e9 afin de participer \u00e0 cette remise des prix ! Le programme de cette journ\u00e9e est le suivant : ... Lire la suite\" \/>\n<meta property=\"og:url\" content=\"https:\/\/www.saint-paul-angouleme.fr\/application\/les-1eres-es2-a-bercy\/\" \/>\n<meta property=\"og:site_name\" content=\"Actualit\u00e9s\" \/>\n<meta property=\"article:publisher\" content=\"https:\/\/www.facebook.com\/SaintPaulAngouleme16\/\" \/>\n<meta property=\"article:published_time\" content=\"2018-12-10T08:58:46+00:00\" \/>\n<meta property=\"article:modified_time\" content=\"2019-01-18T14:44:49+00:00\" \/>\n<meta property=\"og:image\" content=\"http:\/\/www.saint-paul-angouleme.fr\/application\/wp-content\/uploads\/2018\/12\/tweeter.png\" \/>\n<meta name=\"author\" content=\"SAINT-PAUL\" \/>\n<meta name=\"twitter:card\" content=\"summary_large_image\" \/>\n<meta name=\"twitter:creator\" content=\"@StPaulAngoulem\" \/>\n<meta name=\"twitter:site\" content=\"@StPaulAngoulem\" \/>\n<meta name=\"twitter:label1\" content=\"\u00c9crit par\" \/>\n\t<meta name=\"twitter:data1\" content=\"SAINT-PAUL\" \/>\n\t<meta name=\"twitter:label2\" content=\"Dur\u00e9e de lecture estim\u00e9e\" \/>\n\t<meta name=\"twitter:data2\" content=\"1 minute\" \/>\n<script type=\"application\/ld+json\" class=\"yoast-schema-graph\">{\"@context\":\"https:\/\/schema.org\",\"@graph\":[{\"@type\":\"Article\",\"@id\":\"https:\/\/www.saint-paul-angouleme.fr\/application\/les-1eres-es2-a-bercy\/#article\",\"isPartOf\":{\"@id\":\"https:\/\/www.saint-paul-angouleme.fr\/application\/les-1eres-es2-a-bercy\/\"},\"author\":{\"name\":\"SAINT-PAUL\",\"@id\":\"https:\/\/www.saint-paul-angouleme.fr\/application\/#\/schema\/person\/ea152930b1a3823659065827b1a5fb9b\"},\"headline\":\"Les 1\u00e8res ES2 \u00e0 Bercy\",\"datePublished\":\"2018-12-10T08:58:46+00:00\",\"dateModified\":\"2019-01-18T14:44:49+00:00\",\"mainEntityOfPage\":{\"@id\":\"https:\/\/www.saint-paul-angouleme.fr\/application\/les-1eres-es2-a-bercy\/\"},\"wordCount\":307,\"commentCount\":0,\"publisher\":{\"@id\":\"https:\/\/www.saint-paul-angouleme.fr\/application\/#organization\"},\"image\":{\"@id\":\"https:\/\/www.saint-paul-angouleme.fr\/application\/les-1eres-es2-a-bercy\/#primaryimage\"},\"thumbnailUrl\":\"http:\/\/www.saint-paul-angouleme.fr\/application\/wp-content\/uploads\/2018\/12\/tweeter.png\",\"articleSection\":[\"Look on\"],\"inLanguage\":\"fr-FR\",\"potentialAction\":[{\"@type\":\"CommentAction\",\"name\":\"Comment\",\"target\":[\"https:\/\/www.saint-paul-angouleme.fr\/application\/les-1eres-es2-a-bercy\/#respond\"]}]},{\"@type\":\"WebPage\",\"@id\":\"https:\/\/www.saint-paul-angouleme.fr\/application\/les-1eres-es2-a-bercy\/\",\"url\":\"https:\/\/www.saint-paul-angouleme.fr\/application\/les-1eres-es2-a-bercy\/\",\"name\":\"Les 1\u00e8res ES2 \u00e0 Bercy - Actualit\u00e9s\",\"isPartOf\":{\"@id\":\"https:\/\/www.saint-paul-angouleme.fr\/application\/#website\"},\"primaryImageOfPage\":{\"@id\":\"https:\/\/www.saint-paul-angouleme.fr\/application\/les-1eres-es2-a-bercy\/#primaryimage\"},\"image\":{\"@id\":\"https:\/\/www.saint-paul-angouleme.fr\/application\/les-1eres-es2-a-bercy\/#primaryimage\"},\"thumbnailUrl\":\"http:\/\/www.saint-paul-angouleme.fr\/application\/wp-content\/uploads\/2018\/12\/tweeter.png\",\"datePublished\":\"2018-12-10T08:58:46+00:00\",\"dateModified\":\"2019-01-18T14:44:49+00:00\",\"breadcrumb\":{\"@id\":\"https:\/\/www.saint-paul-angouleme.fr\/application\/les-1eres-es2-a-bercy\/#breadcrumb\"},\"inLanguage\":\"fr-FR\",\"potentialAction\":[{\"@type\":\"ReadAction\",\"target\":[\"https:\/\/www.saint-paul-angouleme.fr\/application\/les-1eres-es2-a-bercy\/\"]}]},{\"@type\":\"ImageObject\",\"inLanguage\":\"fr-FR\",\"@id\":\"https:\/\/www.saint-paul-angouleme.fr\/application\/les-1eres-es2-a-bercy\/#primaryimage\",\"url\":\"http:\/\/www.saint-paul-angouleme.fr\/application\/wp-content\/uploads\/2018\/12\/tweeter.png\",\"contentUrl\":\"http:\/\/www.saint-paul-angouleme.fr\/application\/wp-content\/uploads\/2018\/12\/tweeter.png\"},{\"@type\":\"BreadcrumbList\",\"@id\":\"https:\/\/www.saint-paul-angouleme.fr\/application\/les-1eres-es2-a-bercy\/#breadcrumb\",\"itemListElement\":[{\"@type\":\"ListItem\",\"position\":1,\"name\":\"Accueil\",\"item\":\"http:\/\/www.saint-paul-angouleme.fr\/application\/\"},{\"@type\":\"ListItem\",\"position\":2,\"name\":\"Les 1\u00e8res ES2 \u00e0 Bercy\"}]},{\"@type\":\"WebSite\",\"@id\":\"https:\/\/www.saint-paul-angouleme.fr\/application\/#website\",\"url\":\"https:\/\/www.saint-paul-angouleme.fr\/application\/\",\"name\":\"Actualit\u00e9s\",\"description\":\"Actualit\u00e9s Saint Paul\",\"publisher\":{\"@id\":\"https:\/\/www.saint-paul-angouleme.fr\/application\/#organization\"},\"potentialAction\":[{\"@type\":\"SearchAction\",\"target\":{\"@type\":\"EntryPoint\",\"urlTemplate\":\"https:\/\/www.saint-paul-angouleme.fr\/application\/?s={search_term_string}\"},\"query-input\":\"required name=search_term_string\"}],\"inLanguage\":\"fr-FR\"},{\"@type\":\"Organization\",\"@id\":\"https:\/\/www.saint-paul-angouleme.fr\/application\/#organization\",\"name\":\"Ensemble scolaire Saint-Paul\",\"url\":\"https:\/\/www.saint-paul-angouleme.fr\/application\/\",\"logo\":{\"@type\":\"ImageObject\",\"inLanguage\":\"fr-FR\",\"@id\":\"https:\/\/www.saint-paul-angouleme.fr\/application\/#\/schema\/logo\/image\/\",\"url\":\"https:\/\/www.saint-paul-angouleme.fr\/application\/wp-content\/uploads\/2018\/08\/logo-saint-paul-couleurs.jpg\",\"contentUrl\":\"https:\/\/www.saint-paul-angouleme.fr\/application\/wp-content\/uploads\/2018\/08\/logo-saint-paul-couleurs.jpg\",\"width\":1890,\"height\":709,\"caption\":\"Ensemble scolaire Saint-Paul\"},\"image\":{\"@id\":\"https:\/\/www.saint-paul-angouleme.fr\/application\/#\/schema\/logo\/image\/\"},\"sameAs\":[\"https:\/\/www.facebook.com\/SaintPaulAngouleme16\/\",\"https:\/\/x.com\/StPaulAngoulem\",\"https:\/\/www.youtube.com\/channel\/UCRLpz1CmPVqc0gn--YyXvjA?view_as=subscriber\"]},{\"@type\":\"Person\",\"@id\":\"https:\/\/www.saint-paul-angouleme.fr\/application\/#\/schema\/person\/ea152930b1a3823659065827b1a5fb9b\",\"name\":\"SAINT-PAUL\",\"image\":{\"@type\":\"ImageObject\",\"inLanguage\":\"fr-FR\",\"@id\":\"https:\/\/www.saint-paul-angouleme.fr\/application\/#\/schema\/person\/image\/\",\"url\":\"https:\/\/secure.gravatar.com\/avatar\/eadb0ffebc02683a61d69038eb2924f0?s=96&r=g\",\"contentUrl\":\"https:\/\/secure.gravatar.com\/avatar\/eadb0ffebc02683a61d69038eb2924f0?s=96&r=g\",\"caption\":\"SAINT-PAUL\"},\"url\":\"https:\/\/www.saint-paul-angouleme.fr\/application\/author\/myriam\/\"}]}<\/script>\n<!-- \/ Yoast SEO plugin. -->","yoast_head_json":{"title":"Les 1\u00e8res ES2 \u00e0 Bercy - Actualit\u00e9s","robots":{"index":"index","follow":"follow","max-snippet":"max-snippet:-1","max-image-preview":"max-image-preview:large","max-video-preview":"max-video-preview:-1"},"canonical":"https:\/\/www.saint-paul-angouleme.fr\/application\/les-1eres-es2-a-bercy\/","og_locale":"fr_FR","og_type":"article","og_title":"Les 1\u00e8res ES2 \u00e0 Bercy - Actualit\u00e9s","og_description":"Dans le cadre du prix lyc\u00e9en &#8220;Lire l&#8217;\u00e9conomie&#8221;, les \u00e9l\u00e8ves de 1\u00e8re ES2 ont d\u00e9battu, vot\u00e9 et r\u00e9alis\u00e9 des productions autour des \u0153uvres propos\u00e9es. Le 12 d\u00e9cembre pour la remise des prix, un voyage scolaire est organis\u00e9 afin de participer \u00e0 cette remise des prix ! Le programme de cette journ\u00e9e est le suivant : ... Lire la suite","og_url":"https:\/\/www.saint-paul-angouleme.fr\/application\/les-1eres-es2-a-bercy\/","og_site_name":"Actualit\u00e9s","article_publisher":"https:\/\/www.facebook.com\/SaintPaulAngouleme16\/","article_published_time":"2018-12-10T08:58:46+00:00","article_modified_time":"2019-01-18T14:44:49+00:00","og_image":[{"url":"http:\/\/www.saint-paul-angouleme.fr\/application\/wp-content\/uploads\/2018\/12\/tweeter.png"}],"author":"SAINT-PAUL","twitter_card":"summary_large_image","twitter_creator":"@StPaulAngoulem","twitter_site":"@StPaulAngoulem","twitter_misc":{"\u00c9crit par":"SAINT-PAUL","Dur\u00e9e de lecture estim\u00e9e":"1 minute"},"schema":{"@context":"https:\/\/schema.org","@graph":[{"@type":"Article","@id":"https:\/\/www.saint-paul-angouleme.fr\/application\/les-1eres-es2-a-bercy\/#article","isPartOf":{"@id":"https:\/\/www.saint-paul-angouleme.fr\/application\/les-1eres-es2-a-bercy\/"},"author":{"name":"SAINT-PAUL","@id":"https:\/\/www.saint-paul-angouleme.fr\/application\/#\/schema\/person\/ea152930b1a3823659065827b1a5fb9b"},"headline":"Les 1\u00e8res ES2 \u00e0 Bercy","datePublished":"2018-12-10T08:58:46+00:00","dateModified":"2019-01-18T14:44:49+00:00","mainEntityOfPage":{"@id":"https:\/\/www.saint-paul-angouleme.fr\/application\/les-1eres-es2-a-bercy\/"},"wordCount":307,"commentCount":0,"publisher":{"@id":"https:\/\/www.saint-paul-angouleme.fr\/application\/#organization"},"image":{"@id":"https:\/\/www.saint-paul-angouleme.fr\/application\/les-1eres-es2-a-bercy\/#primaryimage"},"thumbnailUrl":"http:\/\/www.saint-paul-angouleme.fr\/application\/wp-content\/uploads\/2018\/12\/tweeter.png","articleSection":["Look on"],"inLanguage":"fr-FR","potentialAction":[{"@type":"CommentAction","name":"Comment","target":["https:\/\/www.saint-paul-angouleme.fr\/application\/les-1eres-es2-a-bercy\/#respond"]}]},{"@type":"WebPage","@id":"https:\/\/www.saint-paul-angouleme.fr\/application\/les-1eres-es2-a-bercy\/","url":"https:\/\/www.saint-paul-angouleme.fr\/application\/les-1eres-es2-a-bercy\/","name":"Les 1\u00e8res ES2 \u00e0 Bercy - Actualit\u00e9s","isPartOf":{"@id":"https:\/\/www.saint-paul-angouleme.fr\/application\/#website"},"primaryImageOfPage":{"@id":"https:\/\/www.saint-paul-angouleme.fr\/application\/les-1eres-es2-a-bercy\/#primaryimage"},"image":{"@id":"https:\/\/www.saint-paul-angouleme.fr\/application\/les-1eres-es2-a-bercy\/#primaryimage"},"thumbnailUrl":"http:\/\/www.saint-paul-angouleme.fr\/application\/wp-content\/uploads\/2018\/12\/tweeter.png","datePublished":"2018-12-10T08:58:46+00:00","dateModified":"2019-01-18T14:44:49+00:00","breadcrumb":{"@id":"https:\/\/www.saint-paul-angouleme.fr\/application\/les-1eres-es2-a-bercy\/#breadcrumb"},"inLanguage":"fr-FR","potentialAction":[{"@type":"ReadAction","target":["https:\/\/www.saint-paul-angouleme.fr\/application\/les-1eres-es2-a-bercy\/"]}]},{"@type":"ImageObject","inLanguage":"fr-FR","@id":"https:\/\/www.saint-paul-angouleme.fr\/application\/les-1eres-es2-a-bercy\/#primaryimage","url":"http:\/\/www.saint-paul-angouleme.fr\/application\/wp-content\/uploads\/2018\/12\/tweeter.png","contentUrl":"http:\/\/www.saint-paul-angouleme.fr\/application\/wp-content\/uploads\/2018\/12\/tweeter.png"},{"@type":"BreadcrumbList","@id":"https:\/\/www.saint-paul-angouleme.fr\/application\/les-1eres-es2-a-bercy\/#breadcrumb","itemListElement":[{"@type":"ListItem","position":1,"name":"Accueil","item":"http:\/\/www.saint-paul-angouleme.fr\/application\/"},{"@type":"ListItem","position":2,"name":"Les 1\u00e8res ES2 \u00e0 Bercy"}]},{"@type":"WebSite","@id":"https:\/\/www.saint-paul-angouleme.fr\/application\/#website","url":"https:\/\/www.saint-paul-angouleme.fr\/application\/","name":"Actualit\u00e9s","description":"Actualit\u00e9s Saint Paul","publisher":{"@id":"https:\/\/www.saint-paul-angouleme.fr\/application\/#organization"},"potentialAction":[{"@type":"SearchAction","target":{"@type":"EntryPoint","urlTemplate":"https:\/\/www.saint-paul-angouleme.fr\/application\/?s={search_term_string}"},"query-input":"required name=search_term_string"}],"inLanguage":"fr-FR"},{"@type":"Organization","@id":"https:\/\/www.saint-paul-angouleme.fr\/application\/#organization","name":"Ensemble scolaire Saint-Paul","url":"https:\/\/www.saint-paul-angouleme.fr\/application\/","logo":{"@type":"ImageObject","inLanguage":"fr-FR","@id":"https:\/\/www.saint-paul-angouleme.fr\/application\/#\/schema\/logo\/image\/","url":"https:\/\/www.saint-paul-angouleme.fr\/application\/wp-content\/uploads\/2018\/08\/logo-saint-paul-couleurs.jpg","contentUrl":"https:\/\/www.saint-paul-angouleme.fr\/application\/wp-content\/uploads\/2018\/08\/logo-saint-paul-couleurs.jpg","width":1890,"height":709,"caption":"Ensemble scolaire Saint-Paul"},"image":{"@id":"https:\/\/www.saint-paul-angouleme.fr\/application\/#\/schema\/logo\/image\/"},"sameAs":["https:\/\/www.facebook.com\/SaintPaulAngouleme16\/","https:\/\/x.com\/StPaulAngoulem","https:\/\/www.youtube.com\/channel\/UCRLpz1CmPVqc0gn--YyXvjA?view_as=subscriber"]},{"@type":"Person","@id":"https:\/\/www.saint-paul-angouleme.fr\/application\/#\/schema\/person\/ea152930b1a3823659065827b1a5fb9b","name":"SAINT-PAUL","image":{"@type":"ImageObject","inLanguage":"fr-FR","@id":"https:\/\/www.saint-paul-angouleme.fr\/application\/#\/schema\/person\/image\/","url":"https:\/\/secure.gravatar.com\/avatar\/eadb0ffebc02683a61d69038eb2924f0?s=96&r=g","contentUrl":"https:\/\/secure.gravatar.com\/avatar\/eadb0ffebc02683a61d69038eb2924f0?s=96&r=g","caption":"SAINT-PAUL"},"url":"https:\/\/www.saint-paul-angouleme.fr\/application\/author\/myriam\/"}]}},"_links":{"self":[{"href":"https:\/\/www.saint-paul-angouleme.fr\/application\/wp-json\/wp\/v2\/posts\/3717"}],"collection":[{"href":"https:\/\/www.saint-paul-angouleme.fr\/application\/wp-json\/wp\/v2\/posts"}],"about":[{"href":"https:\/\/www.saint-paul-angouleme.fr\/application\/wp-json\/wp\/v2\/types\/post"}],"author":[{"embeddable":true,"href":"https:\/\/www.saint-paul-angouleme.fr\/application\/wp-json\/wp\/v2\/users\/3"}],"replies":[{"embeddable":true,"href":"https:\/\/www.saint-paul-angouleme.fr\/application\/wp-json\/wp\/v2\/comments?post=3717"}],"version-history":[{"count":6,"href":"https:\/\/www.saint-paul-angouleme.fr\/application\/wp-json\/wp\/v2\/posts\/3717\/revisions"}],"predecessor-version":[{"id":3724,"href":"https:\/\/www.saint-paul-angouleme.fr\/application\/wp-json\/wp\/v2\/posts\/3717\/revisions\/3724"}],"wp:attachment":[{"href":"https:\/\/www.saint-paul-angouleme.fr\/application\/wp-json\/wp\/v2\/media?parent=3717"}],"wp:term":[{"taxonomy":"category","embeddable":true,"href":"https:\/\/www.saint-paul-angouleme.fr\/application\/wp-json\/wp\/v2\/categories?post=3717"},{"taxonomy":"post_tag","embeddable":true,"href":"https:\/\/www.saint-paul-angouleme.fr\/application\/wp-json\/wp\/v2\/tags?post=3717"}],"curies":[{"name":"wp","href":"https:\/\/api.w.org\/{rel}","templated":true}]}}