{"id":362,"date":"2017-03-23T18:12:17","date_gmt":"2017-03-23T17:12:17","guid":{"rendered":"http:\/\/www.saint-paul-angouleme.fr\/application\/?p=362"},"modified":"2017-04-20T15:24:39","modified_gmt":"2017-04-20T13:24:39","slug":"les-medias-parlent-de-saint-paul","status":"publish","type":"post","link":"https:\/\/www.saint-paul-angouleme.fr\/application\/les-medias-parlent-de-saint-paul\/","title":{"rendered":"&#8220;Enseignants suppl\u00e9ants&#8221; : les m\u00e9dias parlent de Saint-Paul"},"content":{"rendered":"<p style=\"text-align: justify;\"><span style=\"color: #333333;\"><span style=\"font-family: arial,helvetica,sans-serif; font-size: 20px;\">Le 17 mars l&#8217;article &#8220;<\/span><span style=\"font-family: arial,helvetica,sans-serif; font-size: 20px;\">La carence des enseignants suppl\u00e9ants\u00a0: une impasse nationale&#8221; \u00e9tait publi\u00e9 sur notre site. <\/span><span style=\"font-family: arial,helvetica,sans-serif; font-size: 20px;\">Hier les m\u00e9dias se sont fait l&#8217;\u00e9cho de l&#8217;initiative de Saint-Paul pour pallier le manque de suppl\u00e9ants. <\/span><span style=\"font-family: arial,helvetica,sans-serif; font-size: 20px;\">Retrouvez ci-dessous l&#8217;article de Charente Libre du 22 mars, un extrait de la matinale de Thomas SOTTO sur Europe 1 et une interview de M. Fran\u00e7ois Constantin, chef d&#8217;\u00e9tablissement,\u00a0sur Radio Alouette.<\/span><\/span><\/p>\n<p><a href=\"http:\/\/www.saint-paul-angouleme.fr\/application\/wp-content\/uploads\/2017\/03\/CL-PROFS-02_n.png\"><img loading=\"lazy\" decoding=\"async\" class=\"size-full wp-image-365 aligncenter\" src=\"http:\/\/www.saint-paul-angouleme.fr\/application\/wp-content\/uploads\/2017\/03\/CL-PROFS-02_n.png\" alt=\"\" width=\"494\" height=\"705\" srcset=\"https:\/\/www.saint-paul-angouleme.fr\/application\/wp-content\/uploads\/2017\/03\/CL-PROFS-02_n.png 494w, https:\/\/www.saint-paul-angouleme.fr\/application\/wp-content\/uploads\/2017\/03\/CL-PROFS-02_n-210x300.png 210w\" sizes=\"(max-width: 494px) 100vw, 494px\" \/><\/a><\/p>\n<p>&nbsp;<\/p>\n<iframe src=\"\/\/docs.google.com\/viewer?url=http%3A%2F%2Fwww.saint-paul-angouleme.fr%2Fapplication%2Fwp-content%2Fuploads%2F2017%2F03%2FCharente-cherche-prof-d%C3%A9sesp%C3%A9r%C3%A9ment-22-mars-2017-essai.pdf&hl=fr&embedded=true\" class=\"gde-frame\" style=\"width:100%; height:500px; border: none;\" scrolling=\"no\"><\/iframe>\n<p class=\"gde-text\"><a href=\"http:\/\/www.saint-paul-angouleme.fr\/application\/wp-content\/uploads\/2017\/03\/Charente-cherche-prof-d\u00e9sesp\u00e9r\u00e9ment-22-mars-2017-essai.pdf\" class=\"gde-link\">T\u00e9l\u00e9charger (PDF, 3.93MB)<\/a><\/p>\n<p><span style=\"color: #de984b;\">Interview sur Radio &#8216;Alouette&#8217; :<\/span><\/p>\n<!--[if lt IE 9]><script>document.createElement('audio');<\/script><![endif]-->\n<audio class=\"wp-audio-shortcode\" id=\"audio-362-1\" preload=\"none\" style=\"width: 100%;\" controls=\"controls\"><source type=\"audio\/mpeg\" src=\"http:\/\/www.saint-paul-angouleme.fr\/application\/wp-content\/uploads\/2017\/03\/FC-Alouette.mp3?_=1\" \/><a href=\"http:\/\/www.saint-paul-angouleme.fr\/application\/wp-content\/uploads\/2017\/03\/FC-Alouette.mp3\">http:\/\/www.saint-paul-angouleme.fr\/application\/wp-content\/uploads\/2017\/03\/FC-Alouette.mp3<\/a><\/audio>\n<p>&nbsp;<\/p>\n<p><span style=\"color: #de984b;\">Extrait de la matinale sur Europe 1 :<\/span><\/p>\n<audio class=\"wp-audio-shortcode\" id=\"audio-362-2\" preload=\"none\" style=\"width: 100%;\" controls=\"controls\"><source type=\"audio\/mpeg\" src=\"http:\/\/www.saint-paul-angouleme.fr\/application\/wp-content\/uploads\/2017\/03\/Europe-1-St-Paul-recrutement-parents.mp3?_=2\" \/><a href=\"http:\/\/www.saint-paul-angouleme.fr\/application\/wp-content\/uploads\/2017\/03\/Europe-1-St-Paul-recrutement-parents.mp3\">http:\/\/www.saint-paul-angouleme.fr\/application\/wp-content\/uploads\/2017\/03\/Europe-1-St-Paul-recrutement-parents.mp3<\/a><\/audio>\n","protected":false},"excerpt":{"rendered":"<p>Le 17 mars l&#8217;article &#8220;La carence des enseignants suppl\u00e9ants\u00a0: une impasse nationale&#8221; \u00e9tait publi\u00e9 sur notre site. Hier les m\u00e9dias se sont fait l&#8217;\u00e9cho de l&#8217;initiative de Saint-Paul pour pallier le manque de suppl\u00e9ants. Retrouvez ci-dessous l&#8217;article de Charente Libre du 22 mars, un extrait de la matinale de Thomas SOTTO sur Europe 1 et &#8230; <a title=\"&#8220;Enseignants suppl\u00e9ants&#8221; : les m\u00e9dias parlent de Saint-Paul\" class=\"read-more\" href=\"https:\/\/www.saint-paul-angouleme.fr\/application\/les-medias-parlent-de-saint-paul\/\" aria-label=\"Read more about &#8220;Enseignants suppl\u00e9ants&#8221; : les m\u00e9dias parlent de Saint-Paul\">Lire la suite<\/a><\/p>\n","protected":false},"author":3,"featured_media":0,"comment_status":"open","ping_status":"open","sticky":false,"template":"","format":"standard","meta":{"_exactmetrics_skip_tracking":false,"_exactmetrics_sitenote_active":false,"_exactmetrics_sitenote_note":"","_exactmetrics_sitenote_category":0,"footnotes":""},"categories":[3],"tags":[],"class_list":["post-362","post","type-post","status-publish","format-standard","hentry","category-revue-de-presse"],"yoast_head":"<!-- This site is optimized with the Yoast SEO plugin v23.3 - https:\/\/yoast.com\/wordpress\/plugins\/seo\/ -->\n<title>&quot;Enseignants suppl\u00e9ants&quot; : les m\u00e9dias parlent de Saint-Paul - Actualit\u00e9s<\/title>\n<meta name=\"robots\" content=\"index, follow, max-snippet:-1, max-image-preview:large, max-video-preview:-1\" \/>\n<link rel=\"canonical\" href=\"https:\/\/www.saint-paul-angouleme.fr\/application\/les-medias-parlent-de-saint-paul\/\" \/>\n<meta property=\"og:locale\" content=\"fr_FR\" \/>\n<meta property=\"og:type\" content=\"article\" \/>\n<meta property=\"og:title\" content=\"&quot;Enseignants suppl\u00e9ants&quot; : les m\u00e9dias parlent de Saint-Paul - Actualit\u00e9s\" \/>\n<meta property=\"og:description\" content=\"Le 17 mars l&#8217;article &#8220;La carence des enseignants suppl\u00e9ants\u00a0: une impasse nationale&#8221; \u00e9tait publi\u00e9 sur notre site. Hier les m\u00e9dias se sont fait l&#8217;\u00e9cho de l&#8217;initiative de Saint-Paul pour pallier le manque de suppl\u00e9ants. Retrouvez ci-dessous l&#8217;article de Charente Libre du 22 mars, un extrait de la matinale de Thomas SOTTO sur Europe 1 et ... Lire la suite\" \/>\n<meta property=\"og:url\" content=\"https:\/\/www.saint-paul-angouleme.fr\/application\/les-medias-parlent-de-saint-paul\/\" \/>\n<meta property=\"og:site_name\" content=\"Actualit\u00e9s\" \/>\n<meta property=\"article:publisher\" content=\"https:\/\/www.facebook.com\/SaintPaulAngouleme16\/\" \/>\n<meta property=\"article:published_time\" content=\"2017-03-23T17:12:17+00:00\" \/>\n<meta property=\"article:modified_time\" content=\"2017-04-20T13:24:39+00:00\" \/>\n<meta property=\"og:image\" content=\"http:\/\/www.saint-paul-angouleme.fr\/application\/wp-content\/uploads\/2017\/03\/CL-PROFS-02_n.png\" \/>\n<meta name=\"author\" content=\"SAINT-PAUL\" \/>\n<meta name=\"twitter:card\" content=\"summary_large_image\" \/>\n<meta name=\"twitter:creator\" content=\"@StPaulAngoulem\" \/>\n<meta name=\"twitter:site\" content=\"@StPaulAngoulem\" \/>\n<meta name=\"twitter:label1\" content=\"\u00c9crit par\" \/>\n\t<meta name=\"twitter:data1\" content=\"SAINT-PAUL\" \/>\n\t<meta name=\"twitter:label2\" content=\"Dur\u00e9e de lecture estim\u00e9e\" \/>\n\t<meta name=\"twitter:data2\" content=\"1 minute\" \/>\n<script type=\"application\/ld+json\" class=\"yoast-schema-graph\">{\"@context\":\"https:\/\/schema.org\",\"@graph\":[{\"@type\":\"Article\",\"@id\":\"https:\/\/www.saint-paul-angouleme.fr\/application\/les-medias-parlent-de-saint-paul\/#article\",\"isPartOf\":{\"@id\":\"https:\/\/www.saint-paul-angouleme.fr\/application\/les-medias-parlent-de-saint-paul\/\"},\"author\":{\"name\":\"SAINT-PAUL\",\"@id\":\"https:\/\/www.saint-paul-angouleme.fr\/application\/#\/schema\/person\/ea152930b1a3823659065827b1a5fb9b\"},\"headline\":\"&#8220;Enseignants suppl\u00e9ants&#8221; : les m\u00e9dias parlent de Saint-Paul\",\"datePublished\":\"2017-03-23T17:12:17+00:00\",\"dateModified\":\"2017-04-20T13:24:39+00:00\",\"mainEntityOfPage\":{\"@id\":\"https:\/\/www.saint-paul-angouleme.fr\/application\/les-medias-parlent-de-saint-paul\/\"},\"wordCount\":137,\"commentCount\":0,\"publisher\":{\"@id\":\"https:\/\/www.saint-paul-angouleme.fr\/application\/#organization\"},\"image\":{\"@id\":\"https:\/\/www.saint-paul-angouleme.fr\/application\/les-medias-parlent-de-saint-paul\/#primaryimage\"},\"thumbnailUrl\":\"http:\/\/www.saint-paul-angouleme.fr\/application\/wp-content\/uploads\/2017\/03\/CL-PROFS-02_n.png\",\"articleSection\":[\"Revue de presse\"],\"inLanguage\":\"fr-FR\",\"potentialAction\":[{\"@type\":\"CommentAction\",\"name\":\"Comment\",\"target\":[\"https:\/\/www.saint-paul-angouleme.fr\/application\/les-medias-parlent-de-saint-paul\/#respond\"]}]},{\"@type\":\"WebPage\",\"@id\":\"https:\/\/www.saint-paul-angouleme.fr\/application\/les-medias-parlent-de-saint-paul\/\",\"url\":\"https:\/\/www.saint-paul-angouleme.fr\/application\/les-medias-parlent-de-saint-paul\/\",\"name\":\"\\\"Enseignants suppl\u00e9ants\\\" : les m\u00e9dias parlent de Saint-Paul - Actualit\u00e9s\",\"isPartOf\":{\"@id\":\"https:\/\/www.saint-paul-angouleme.fr\/application\/#website\"},\"primaryImageOfPage\":{\"@id\":\"https:\/\/www.saint-paul-angouleme.fr\/application\/les-medias-parlent-de-saint-paul\/#primaryimage\"},\"image\":{\"@id\":\"https:\/\/www.saint-paul-angouleme.fr\/application\/les-medias-parlent-de-saint-paul\/#primaryimage\"},\"thumbnailUrl\":\"http:\/\/www.saint-paul-angouleme.fr\/application\/wp-content\/uploads\/2017\/03\/CL-PROFS-02_n.png\",\"datePublished\":\"2017-03-23T17:12:17+00:00\",\"dateModified\":\"2017-04-20T13:24:39+00:00\",\"breadcrumb\":{\"@id\":\"https:\/\/www.saint-paul-angouleme.fr\/application\/les-medias-parlent-de-saint-paul\/#breadcrumb\"},\"inLanguage\":\"fr-FR\",\"potentialAction\":[{\"@type\":\"ReadAction\",\"target\":[\"https:\/\/www.saint-paul-angouleme.fr\/application\/les-medias-parlent-de-saint-paul\/\"]}]},{\"@type\":\"ImageObject\",\"inLanguage\":\"fr-FR\",\"@id\":\"https:\/\/www.saint-paul-angouleme.fr\/application\/les-medias-parlent-de-saint-paul\/#primaryimage\",\"url\":\"http:\/\/www.saint-paul-angouleme.fr\/application\/wp-content\/uploads\/2017\/03\/CL-PROFS-02_n.png\",\"contentUrl\":\"http:\/\/www.saint-paul-angouleme.fr\/application\/wp-content\/uploads\/2017\/03\/CL-PROFS-02_n.png\"},{\"@type\":\"BreadcrumbList\",\"@id\":\"https:\/\/www.saint-paul-angouleme.fr\/application\/les-medias-parlent-de-saint-paul\/#breadcrumb\",\"itemListElement\":[{\"@type\":\"ListItem\",\"position\":1,\"name\":\"Accueil\",\"item\":\"http:\/\/www.saint-paul-angouleme.fr\/application\/\"},{\"@type\":\"ListItem\",\"position\":2,\"name\":\"&#8220;Enseignants suppl\u00e9ants&#8221; : les m\u00e9dias parlent de Saint-Paul\"}]},{\"@type\":\"WebSite\",\"@id\":\"https:\/\/www.saint-paul-angouleme.fr\/application\/#website\",\"url\":\"https:\/\/www.saint-paul-angouleme.fr\/application\/\",\"name\":\"Actualit\u00e9s\",\"description\":\"Actualit\u00e9s Saint Paul\",\"publisher\":{\"@id\":\"https:\/\/www.saint-paul-angouleme.fr\/application\/#organization\"},\"potentialAction\":[{\"@type\":\"SearchAction\",\"target\":{\"@type\":\"EntryPoint\",\"urlTemplate\":\"https:\/\/www.saint-paul-angouleme.fr\/application\/?s={search_term_string}\"},\"query-input\":\"required name=search_term_string\"}],\"inLanguage\":\"fr-FR\"},{\"@type\":\"Organization\",\"@id\":\"https:\/\/www.saint-paul-angouleme.fr\/application\/#organization\",\"name\":\"Ensemble scolaire Saint-Paul\",\"url\":\"https:\/\/www.saint-paul-angouleme.fr\/application\/\",\"logo\":{\"@type\":\"ImageObject\",\"inLanguage\":\"fr-FR\",\"@id\":\"https:\/\/www.saint-paul-angouleme.fr\/application\/#\/schema\/logo\/image\/\",\"url\":\"https:\/\/www.saint-paul-angouleme.fr\/application\/wp-content\/uploads\/2018\/08\/logo-saint-paul-couleurs.jpg\",\"contentUrl\":\"https:\/\/www.saint-paul-angouleme.fr\/application\/wp-content\/uploads\/2018\/08\/logo-saint-paul-couleurs.jpg\",\"width\":1890,\"height\":709,\"caption\":\"Ensemble scolaire Saint-Paul\"},\"image\":{\"@id\":\"https:\/\/www.saint-paul-angouleme.fr\/application\/#\/schema\/logo\/image\/\"},\"sameAs\":[\"https:\/\/www.facebook.com\/SaintPaulAngouleme16\/\",\"https:\/\/x.com\/StPaulAngoulem\",\"https:\/\/www.youtube.com\/channel\/UCRLpz1CmPVqc0gn--YyXvjA?view_as=subscriber\"]},{\"@type\":\"Person\",\"@id\":\"https:\/\/www.saint-paul-angouleme.fr\/application\/#\/schema\/person\/ea152930b1a3823659065827b1a5fb9b\",\"name\":\"SAINT-PAUL\",\"image\":{\"@type\":\"ImageObject\",\"inLanguage\":\"fr-FR\",\"@id\":\"https:\/\/www.saint-paul-angouleme.fr\/application\/#\/schema\/person\/image\/\",\"url\":\"https:\/\/secure.gravatar.com\/avatar\/eadb0ffebc02683a61d69038eb2924f0?s=96&r=g\",\"contentUrl\":\"https:\/\/secure.gravatar.com\/avatar\/eadb0ffebc02683a61d69038eb2924f0?s=96&r=g\",\"caption\":\"SAINT-PAUL\"},\"url\":\"https:\/\/www.saint-paul-angouleme.fr\/application\/author\/myriam\/\"}]}<\/script>\n<!-- \/ Yoast SEO plugin. -->","yoast_head_json":{"title":"\"Enseignants suppl\u00e9ants\" : les m\u00e9dias parlent de Saint-Paul - Actualit\u00e9s","robots":{"index":"index","follow":"follow","max-snippet":"max-snippet:-1","max-image-preview":"max-image-preview:large","max-video-preview":"max-video-preview:-1"},"canonical":"https:\/\/www.saint-paul-angouleme.fr\/application\/les-medias-parlent-de-saint-paul\/","og_locale":"fr_FR","og_type":"article","og_title":"\"Enseignants suppl\u00e9ants\" : les m\u00e9dias parlent de Saint-Paul - Actualit\u00e9s","og_description":"Le 17 mars l&#8217;article &#8220;La carence des enseignants suppl\u00e9ants\u00a0: une impasse nationale&#8221; \u00e9tait publi\u00e9 sur notre site. Hier les m\u00e9dias se sont fait l&#8217;\u00e9cho de l&#8217;initiative de Saint-Paul pour pallier le manque de suppl\u00e9ants. Retrouvez ci-dessous l&#8217;article de Charente Libre du 22 mars, un extrait de la matinale de Thomas SOTTO sur Europe 1 et ... Lire la suite","og_url":"https:\/\/www.saint-paul-angouleme.fr\/application\/les-medias-parlent-de-saint-paul\/","og_site_name":"Actualit\u00e9s","article_publisher":"https:\/\/www.facebook.com\/SaintPaulAngouleme16\/","article_published_time":"2017-03-23T17:12:17+00:00","article_modified_time":"2017-04-20T13:24:39+00:00","og_image":[{"url":"http:\/\/www.saint-paul-angouleme.fr\/application\/wp-content\/uploads\/2017\/03\/CL-PROFS-02_n.png"}],"author":"SAINT-PAUL","twitter_card":"summary_large_image","twitter_creator":"@StPaulAngoulem","twitter_site":"@StPaulAngoulem","twitter_misc":{"\u00c9crit par":"SAINT-PAUL","Dur\u00e9e de lecture estim\u00e9e":"1 minute"},"schema":{"@context":"https:\/\/schema.org","@graph":[{"@type":"Article","@id":"https:\/\/www.saint-paul-angouleme.fr\/application\/les-medias-parlent-de-saint-paul\/#article","isPartOf":{"@id":"https:\/\/www.saint-paul-angouleme.fr\/application\/les-medias-parlent-de-saint-paul\/"},"author":{"name":"SAINT-PAUL","@id":"https:\/\/www.saint-paul-angouleme.fr\/application\/#\/schema\/person\/ea152930b1a3823659065827b1a5fb9b"},"headline":"&#8220;Enseignants suppl\u00e9ants&#8221; : les m\u00e9dias parlent de Saint-Paul","datePublished":"2017-03-23T17:12:17+00:00","dateModified":"2017-04-20T13:24:39+00:00","mainEntityOfPage":{"@id":"https:\/\/www.saint-paul-angouleme.fr\/application\/les-medias-parlent-de-saint-paul\/"},"wordCount":137,"commentCount":0,"publisher":{"@id":"https:\/\/www.saint-paul-angouleme.fr\/application\/#organization"},"image":{"@id":"https:\/\/www.saint-paul-angouleme.fr\/application\/les-medias-parlent-de-saint-paul\/#primaryimage"},"thumbnailUrl":"http:\/\/www.saint-paul-angouleme.fr\/application\/wp-content\/uploads\/2017\/03\/CL-PROFS-02_n.png","articleSection":["Revue de presse"],"inLanguage":"fr-FR","potentialAction":[{"@type":"CommentAction","name":"Comment","target":["https:\/\/www.saint-paul-angouleme.fr\/application\/les-medias-parlent-de-saint-paul\/#respond"]}]},{"@type":"WebPage","@id":"https:\/\/www.saint-paul-angouleme.fr\/application\/les-medias-parlent-de-saint-paul\/","url":"https:\/\/www.saint-paul-angouleme.fr\/application\/les-medias-parlent-de-saint-paul\/","name":"\"Enseignants suppl\u00e9ants\" : les m\u00e9dias parlent de Saint-Paul - Actualit\u00e9s","isPartOf":{"@id":"https:\/\/www.saint-paul-angouleme.fr\/application\/#website"},"primaryImageOfPage":{"@id":"https:\/\/www.saint-paul-angouleme.fr\/application\/les-medias-parlent-de-saint-paul\/#primaryimage"},"image":{"@id":"https:\/\/www.saint-paul-angouleme.fr\/application\/les-medias-parlent-de-saint-paul\/#primaryimage"},"thumbnailUrl":"http:\/\/www.saint-paul-angouleme.fr\/application\/wp-content\/uploads\/2017\/03\/CL-PROFS-02_n.png","datePublished":"2017-03-23T17:12:17+00:00","dateModified":"2017-04-20T13:24:39+00:00","breadcrumb":{"@id":"https:\/\/www.saint-paul-angouleme.fr\/application\/les-medias-parlent-de-saint-paul\/#breadcrumb"},"inLanguage":"fr-FR","potentialAction":[{"@type":"ReadAction","target":["https:\/\/www.saint-paul-angouleme.fr\/application\/les-medias-parlent-de-saint-paul\/"]}]},{"@type":"ImageObject","inLanguage":"fr-FR","@id":"https:\/\/www.saint-paul-angouleme.fr\/application\/les-medias-parlent-de-saint-paul\/#primaryimage","url":"http:\/\/www.saint-paul-angouleme.fr\/application\/wp-content\/uploads\/2017\/03\/CL-PROFS-02_n.png","contentUrl":"http:\/\/www.saint-paul-angouleme.fr\/application\/wp-content\/uploads\/2017\/03\/CL-PROFS-02_n.png"},{"@type":"BreadcrumbList","@id":"https:\/\/www.saint-paul-angouleme.fr\/application\/les-medias-parlent-de-saint-paul\/#breadcrumb","itemListElement":[{"@type":"ListItem","position":1,"name":"Accueil","item":"http:\/\/www.saint-paul-angouleme.fr\/application\/"},{"@type":"ListItem","position":2,"name":"&#8220;Enseignants suppl\u00e9ants&#8221; : les m\u00e9dias parlent de Saint-Paul"}]},{"@type":"WebSite","@id":"https:\/\/www.saint-paul-angouleme.fr\/application\/#website","url":"https:\/\/www.saint-paul-angouleme.fr\/application\/","name":"Actualit\u00e9s","description":"Actualit\u00e9s Saint Paul","publisher":{"@id":"https:\/\/www.saint-paul-angouleme.fr\/application\/#organization"},"potentialAction":[{"@type":"SearchAction","target":{"@type":"EntryPoint","urlTemplate":"https:\/\/www.saint-paul-angouleme.fr\/application\/?s={search_term_string}"},"query-input":"required name=search_term_string"}],"inLanguage":"fr-FR"},{"@type":"Organization","@id":"https:\/\/www.saint-paul-angouleme.fr\/application\/#organization","name":"Ensemble scolaire Saint-Paul","url":"https:\/\/www.saint-paul-angouleme.fr\/application\/","logo":{"@type":"ImageObject","inLanguage":"fr-FR","@id":"https:\/\/www.saint-paul-angouleme.fr\/application\/#\/schema\/logo\/image\/","url":"https:\/\/www.saint-paul-angouleme.fr\/application\/wp-content\/uploads\/2018\/08\/logo-saint-paul-couleurs.jpg","contentUrl":"https:\/\/www.saint-paul-angouleme.fr\/application\/wp-content\/uploads\/2018\/08\/logo-saint-paul-couleurs.jpg","width":1890,"height":709,"caption":"Ensemble scolaire Saint-Paul"},"image":{"@id":"https:\/\/www.saint-paul-angouleme.fr\/application\/#\/schema\/logo\/image\/"},"sameAs":["https:\/\/www.facebook.com\/SaintPaulAngouleme16\/","https:\/\/x.com\/StPaulAngoulem","https:\/\/www.youtube.com\/channel\/UCRLpz1CmPVqc0gn--YyXvjA?view_as=subscriber"]},{"@type":"Person","@id":"https:\/\/www.saint-paul-angouleme.fr\/application\/#\/schema\/person\/ea152930b1a3823659065827b1a5fb9b","name":"SAINT-PAUL","image":{"@type":"ImageObject","inLanguage":"fr-FR","@id":"https:\/\/www.saint-paul-angouleme.fr\/application\/#\/schema\/person\/image\/","url":"https:\/\/secure.gravatar.com\/avatar\/eadb0ffebc02683a61d69038eb2924f0?s=96&r=g","contentUrl":"https:\/\/secure.gravatar.com\/avatar\/eadb0ffebc02683a61d69038eb2924f0?s=96&r=g","caption":"SAINT-PAUL"},"url":"https:\/\/www.saint-paul-angouleme.fr\/application\/author\/myriam\/"}]}},"_links":{"self":[{"href":"https:\/\/www.saint-paul-angouleme.fr\/application\/wp-json\/wp\/v2\/posts\/362"}],"collection":[{"href":"https:\/\/www.saint-paul-angouleme.fr\/application\/wp-json\/wp\/v2\/posts"}],"about":[{"href":"https:\/\/www.saint-paul-angouleme.fr\/application\/wp-json\/wp\/v2\/types\/post"}],"author":[{"embeddable":true,"href":"https:\/\/www.saint-paul-angouleme.fr\/application\/wp-json\/wp\/v2\/users\/3"}],"replies":[{"embeddable":true,"href":"https:\/\/www.saint-paul-angouleme.fr\/application\/wp-json\/wp\/v2\/comments?post=362"}],"version-history":[{"count":17,"href":"https:\/\/www.saint-paul-angouleme.fr\/application\/wp-json\/wp\/v2\/posts\/362\/revisions"}],"predecessor-version":[{"id":652,"href":"https:\/\/www.saint-paul-angouleme.fr\/application\/wp-json\/wp\/v2\/posts\/362\/revisions\/652"}],"wp:attachment":[{"href":"https:\/\/www.saint-paul-angouleme.fr\/application\/wp-json\/wp\/v2\/media?parent=362"}],"wp:term":[{"taxonomy":"category","embeddable":true,"href":"https:\/\/www.saint-paul-angouleme.fr\/application\/wp-json\/wp\/v2\/categories?post=362"},{"taxonomy":"post_tag","embeddable":true,"href":"https:\/\/www.saint-paul-angouleme.fr\/application\/wp-json\/wp\/v2\/tags?post=362"}],"curies":[{"name":"wp","href":"https:\/\/api.w.org\/{rel}","templated":true}]}}