{"id":352,"date":"2017-03-24T11:47:04","date_gmt":"2017-03-24T10:47:04","guid":{"rendered":"http:\/\/www.saint-paul-angouleme.fr\/application\/?p=352"},"modified":"2017-03-24T12:16:04","modified_gmt":"2017-03-24T11:16:04","slug":"un-salon-litteraire-prix-folio-a-saint-paul","status":"publish","type":"post","link":"https:\/\/www.saint-paul-angouleme.fr\/application\/un-salon-litteraire-prix-folio-a-saint-paul\/","title":{"rendered":"Un \u00abSalon litt\u00e9raire  \u2018Prix Folio\u2019 \u00e0 Saint-Paul\u00bb"},"content":{"rendered":"<p style=\"text-align: justify;\"><a href=\"http:\/\/www.saint-paul-angouleme.fr\/application\/wp-content\/uploads\/2017\/03\/DSC_0215.jpg\"><img loading=\"lazy\" decoding=\"async\" class=\"aligncenter size-large wp-image-353\" src=\"http:\/\/www.saint-paul-angouleme.fr\/application\/wp-content\/uploads\/2017\/03\/DSC_0215-1024x576.jpg\" alt=\"DSC_0215\" width=\"1024\" height=\"576\" srcset=\"https:\/\/www.saint-paul-angouleme.fr\/application\/wp-content\/uploads\/2017\/03\/DSC_0215-1024x576.jpg 1024w, https:\/\/www.saint-paul-angouleme.fr\/application\/wp-content\/uploads\/2017\/03\/DSC_0215-300x169.jpg 300w, https:\/\/www.saint-paul-angouleme.fr\/application\/wp-content\/uploads\/2017\/03\/DSC_0215-768x432.jpg 768w\" sizes=\"(max-width: 1024px) 100vw, 1024px\" \/><\/a><\/p>\n<p style=\"text-align: justify;\"><span style=\"color: #333333; font-family: tahoma,arial,helvetica,sans-serif; font-size: 20px;\">Pour la premi\u00e8re \u00e9dition du \u00ab\u00a0Prix des lyc\u00e9ens Folio\u00a0\u00bb Mme ARNAUD et Mme KRINNICKI ont propos\u00e9 aux classes de Premi\u00e8re et de Terminale de participer \u00e0 un concours litt\u00e9raire en vue d\u2019attribuer le \u00ab\u00a0Prix Folio des Lyc\u00e9ens\u00a0\u00bb \u00e0 l\u2019un des huit titres retenus cette ann\u00e9e.<\/span><\/p>\n<p style=\"text-align: justify;\"><span style=\"color: #333333; font-family: tahoma,arial,helvetica,sans-serif; font-size: 20px;\">Le principe est simple\u00a0: les participants au \u00ab\u00a0Salon litt\u00e9raire\u00a0\u00bb (des \u00e9l\u00e8ves et deux enseignants) lisent chacun les ouvrages de la s\u00e9lection puis ils en d\u00e9battent au cours de cinq rencontres litt\u00e9raires. Ensuite, dans la semaine du 27 au 31 mars les lyc\u00e9ens pourront se rendre au CDR afin de voter pour leur roman pr\u00e9f\u00e9r\u00e9.<\/span><\/p>\n<p style=\"text-align: justify;\"><span style=\"color: #333333; font-family: tahoma,arial,helvetica,sans-serif; font-size: 20px;\">Chaque rencontre litt\u00e9raire porte sur un aspect particulier des romans\u00a0: les personnages, les d\u00e9cors et les paysages, les objets, les th\u00e8mes et sujets des \u0153uvres, les voix du roman (narrateur, auteur, polyphonie..).<\/span><\/p>\n<p style=\"text-align: justify;\"><span style=\"color: #333333; font-family: tahoma,arial,helvetica,sans-serif; font-size: 20px;\">Cela permet de d\u00e9battre sur les aspects techniques de ceux-ci et chacun peut alors d\u00e9fendre son livre f\u00e9tiche, donner envie aux autres de le lire.<\/span><\/p>\n<p style=\"text-align: justify;\"><span style=\"color: #333333; font-family: tahoma,arial,helvetica,sans-serif; font-size: 20px;\">Au cours de la derni\u00e8re rencontre les \u00e9changes entre lecteurs ont donc port\u00e9 sur les voix du roman qu\u2019ils ont lu ou sont en train de lire\u00a0: <\/span><\/p>\n<blockquote>\n<p style=\"text-align: justify;\"><span style=\"color: #333333; font-family: tahoma,arial,helvetica,sans-serif; font-size: 20px;\"><em>\u00ab\u00a0dans \u2018Plus haut que la mer\u2019 au d\u00e9but le ton est agressif puis il y a une m\u00e9tamorphose de la voix, il s\u2019ouvre progressivement\u00a0\u00bb. \u00ab\u00a0Dans \u2018L\u2019amie prodigieuse\u2019 j\u2019ai eu du mal \u00e0 m\u2019imaginer<a href=\"http:\/\/www.saint-paul-angouleme.fr\/application\/wp-content\/uploads\/2017\/03\/DSC_0218.jpg\"><img loading=\"lazy\" decoding=\"async\" class=\"alignright size-medium wp-image-354\" src=\"http:\/\/www.saint-paul-angouleme.fr\/application\/wp-content\/uploads\/2017\/03\/DSC_0218-300x169.jpg\" alt=\"DSC_0218\" width=\"300\" height=\"169\" srcset=\"https:\/\/www.saint-paul-angouleme.fr\/application\/wp-content\/uploads\/2017\/03\/DSC_0218-300x169.jpg 300w, https:\/\/www.saint-paul-angouleme.fr\/application\/wp-content\/uploads\/2017\/03\/DSC_0218-768x432.jpg 768w, https:\/\/www.saint-paul-angouleme.fr\/application\/wp-content\/uploads\/2017\/03\/DSC_0218-1024x576.jpg 1024w\" sizes=\"(max-width: 300px) 100vw, 300px\" \/><\/a> la voix de Lila, \u00e0 deviner son personnage, elle reste tr\u00e8s myst\u00e9rieuse, utilise un vocabulaire soutenu, cherche ses mots\u2026\u00a0\u00bb, \u00ab\u00a0Moi c\u2019est avec la voix de la narratrice que j\u2019ai eu le plus de mal\u00a0; je connais quelqu\u2019un qui est un peu comme Lila\u00a0\u00bb.<\/em><\/span><\/p>\n<\/blockquote>\n<p style=\"text-align: justify;\"><span style=\"color: #333333; font-family: tahoma,arial,helvetica,sans-serif; font-size: 20px;\">Qui dit dernier \u00ab\u00a0Salon litt\u00e9raire\u00a0\u00bb de la saison dit aussi bilan de cette premi\u00e8re ann\u00e9e. C\u2019est aussi le moment de donner son \u00ab\u00a0Top 3\u00a0\u00bb des livres lus. Les r\u00e9sultats sont assez serr\u00e9s puisque un ouvrage est en t\u00eate et trois autres arrivent \u00e0 \u00e9galit\u00e9 juste apr\u00e8s, avec un seul point d\u2019\u00e9cart.<\/span><\/p>\n<p style=\"text-align: justify;\"><span style=\"color: #333333; font-family: tahoma,arial,helvetica,sans-serif; font-size: 20px;\">L\u2019exp\u00e9rience a visiblement s\u00e9duit tout le monde. En cours d\u2019ann\u00e9e d\u00e9j\u00e0, le constat avait \u00e9t\u00e9 fait qu\u2019une demi-heure ne suffisait pas et le temps s\u2019\u00e9tait alors allong\u00e9 d\u2019un quart d\u2019heure\u00a0; chacun convient qu\u2019il faut conserver ce cr\u00e9neau de 45 minutes l\u2019an prochain. De m\u00eame, la fr\u00e9quence mensuelle ne semble pas suffisante\u00a0: il faudrait une rencontre tous les quinze jours. D\u00e9cision est prise\u00a0: rencontre mensuelle au d\u00e9marrage puis par quinzaine ensuite.<\/span><\/p>\n<p style=\"text-align: justify;\"><span style=\"color: #333333; font-family: tahoma,arial,helvetica,sans-serif; font-size: 20px;\">Les grands plus de ce \u00ab\u00a0Salon litt\u00e9raire\u00a0\u00bb\u00a0: le fonctionnement par th\u00e9matiques, le choix diversifi\u00e9 des lectures propos\u00e9es, le contact avec une litt\u00e9rature contemporaine que l\u2019on n\u2019aborde pas en classe, l\u2019int\u00e9r\u00eat de comparer et analyser les lectures des uns et des autres.<\/span><\/p>\n<p style=\"text-align: justify;\"><span style=\"color: #333333; font-family: tahoma,arial,helvetica,sans-serif; font-size: 20px;\">Les \u00e9l\u00e8ves de Terminales, eux, esp\u00e8rent bien s\u00fbr obtenir leur bac mais regrettent d\u00e9j\u00e0 cette pause litt\u00e9raire\u2026<\/span><\/p>\n<p><a href=\"http:\/\/www.saint-paul-angouleme.fr\/application\/wp-content\/uploads\/2017\/03\/DSC_0219.jpg\"><img loading=\"lazy\" decoding=\"async\" class=\"aligncenter wp-image-355 size-large\" src=\"http:\/\/www.saint-paul-angouleme.fr\/application\/wp-content\/uploads\/2017\/03\/DSC_0219-1024x576.jpg\" alt=\"DSC_0219\" width=\"1024\" height=\"576\" srcset=\"https:\/\/www.saint-paul-angouleme.fr\/application\/wp-content\/uploads\/2017\/03\/DSC_0219-1024x576.jpg 1024w, https:\/\/www.saint-paul-angouleme.fr\/application\/wp-content\/uploads\/2017\/03\/DSC_0219-300x169.jpg 300w, https:\/\/www.saint-paul-angouleme.fr\/application\/wp-content\/uploads\/2017\/03\/DSC_0219-768x432.jpg 768w\" sizes=\"(max-width: 1024px) 100vw, 1024px\" \/><\/a><\/p>\n<p><span style=\"font-family: tahoma,arial,helvetica,sans-serif; font-size: 20px;\"><strong>Titres des 8 \u0153uvres \u00e0 lire\u00a0:<\/strong><\/span><\/p>\n<p><span style=\"font-family: tahoma,arial,helvetica,sans-serif; font-size: 20px;\">\u00a0\u00a0\u00a0\u00a0\u00a0\u00a0\u00a0\u00a0\u00a0\u00a0\u00a0 &#8211; \u00ab\u00a0Plus haut que la mer\u00a0\u00bb de Francesca Melandri<\/span><\/p>\n<p><span style=\"font-family: tahoma,arial,helvetica,sans-serif; font-size: 20px;\">\u00a0\u00a0\u00a0\u00a0\u00a0\u00a0\u00a0\u00a0\u00a0\u00a0\u00a0 &#8211; \u00ab\u00a0Le tabac Tresniek\u00a0\u00bb de Robert Seethaler<\/span><\/p>\n<p><span style=\"font-family: tahoma,arial,helvetica,sans-serif; font-size: 20px;\">\u00a0\u00a0\u00a0\u00a0\u00a0\u00a0\u00a0\u00a0\u00a0\u00a0\u00a0 &#8211; \u00ab\u00a0L\u2019amie prodigieuse\u00a0\u00bb d\u2019Elena Ferrante<\/span><\/p>\n<p><span style=\"font-family: tahoma,arial,helvetica,sans-serif; font-size: 20px;\">\u00a0\u00a0\u00a0\u00a0\u00a0\u00a0\u00a0\u00a0\u00a0\u00a0\u00a0 &#8211; \u00ab\u00a0L\u2019orangeraie\u00a0\u00bb de Larry Tremblay<\/span><\/p>\n<p><span style=\"font-family: tahoma,arial,helvetica,sans-serif; font-size: 20px;\">\u00a0\u00a0\u00a0\u00a0\u00a0\u00a0\u00a0\u00a0\u00a0\u00a0\u00a0 &#8211; \u00ab\u00a0La Rose dans le bus jaune\u00a0\u00bb d\u2019Eug\u00e8ne Ebod\u00e9<\/span><\/p>\n<p><span style=\"font-family: tahoma,arial,helvetica,sans-serif; font-size: 20px;\">\u00a0\u00a0\u00a0\u00a0\u00a0\u00a0\u00a0\u00a0\u00a0\u00a0\u00a0 &#8211; \u00ab\u00a0Les fianc\u00e9s de l\u2019hiver\u00a0\u00bb de Christelle Dabos<\/span><\/p>\n<p><span style=\"font-family: tahoma,arial,helvetica,sans-serif; font-size: 20px;\">\u00a0\u00a0\u00a0\u00a0\u00a0\u00a0\u00a0\u00a0\u00a0\u00a0\u00a0 &#8211; \u00ab\u00a0La joie\u00a0\u00bb de Charles P\u00e9pin<\/span><\/p>\n<p><span style=\"font-family: tahoma,arial,helvetica,sans-serif; font-size: 20px;\">\u00a0\u00a0\u00a0\u00a0\u00a0\u00a0\u00a0\u00a0\u00a0\u00a0\u00a0 &#8211; \u00ab\u00a0Le voyant\u00a0\u00bb de J\u00e9r\u00f4me Garcin<\/span><\/p>\n","protected":false},"excerpt":{"rendered":"<p>Pour la premi\u00e8re \u00e9dition du \u00ab\u00a0Prix des lyc\u00e9ens Folio\u00a0\u00bb Mme ARNAUD et Mme KRINNICKI ont propos\u00e9 aux classes de Premi\u00e8re et de Terminale de participer \u00e0 un concours litt\u00e9raire en vue d\u2019attribuer le \u00ab\u00a0Prix Folio des Lyc\u00e9ens\u00a0\u00bb \u00e0 l\u2019un des huit titres retenus cette ann\u00e9e. Le principe est simple\u00a0: les participants au \u00ab\u00a0Salon litt\u00e9raire\u00a0\u00bb (des &#8230; <a title=\"Un \u00abSalon litt\u00e9raire  \u2018Prix Folio\u2019 \u00e0 Saint-Paul\u00bb\" class=\"read-more\" href=\"https:\/\/www.saint-paul-angouleme.fr\/application\/un-salon-litteraire-prix-folio-a-saint-paul\/\" aria-label=\"Read more about Un \u00abSalon litt\u00e9raire  \u2018Prix Folio\u2019 \u00e0 Saint-Paul\u00bb\">Lire la suite<\/a><\/p>\n","protected":false},"author":3,"featured_media":0,"comment_status":"open","ping_status":"open","sticky":false,"template":"","format":"standard","meta":{"_exactmetrics_skip_tracking":false,"_exactmetrics_sitenote_active":false,"_exactmetrics_sitenote_note":"","_exactmetrics_sitenote_category":0,"footnotes":""},"categories":[2],"tags":[],"class_list":["post-352","post","type-post","status-publish","format-standard","hentry","category-look-on"],"yoast_head":"<!-- This site is optimized with the Yoast SEO plugin v23.3 - https:\/\/yoast.com\/wordpress\/plugins\/seo\/ -->\n<title>Un \u00abSalon litt\u00e9raire \u2018Prix Folio\u2019 \u00e0 Saint-Paul\u00bb - Actualit\u00e9s<\/title>\n<meta name=\"robots\" content=\"index, follow, max-snippet:-1, max-image-preview:large, max-video-preview:-1\" \/>\n<link rel=\"canonical\" href=\"https:\/\/www.saint-paul-angouleme.fr\/application\/un-salon-litteraire-prix-folio-a-saint-paul\/\" \/>\n<meta property=\"og:locale\" content=\"fr_FR\" \/>\n<meta property=\"og:type\" content=\"article\" \/>\n<meta property=\"og:title\" content=\"Un \u00abSalon litt\u00e9raire \u2018Prix Folio\u2019 \u00e0 Saint-Paul\u00bb - Actualit\u00e9s\" \/>\n<meta property=\"og:description\" content=\"Pour la premi\u00e8re \u00e9dition du \u00ab\u00a0Prix des lyc\u00e9ens Folio\u00a0\u00bb Mme ARNAUD et Mme KRINNICKI ont propos\u00e9 aux classes de Premi\u00e8re et de Terminale de participer \u00e0 un concours litt\u00e9raire en vue d\u2019attribuer le \u00ab\u00a0Prix Folio des Lyc\u00e9ens\u00a0\u00bb \u00e0 l\u2019un des huit titres retenus cette ann\u00e9e. Le principe est simple\u00a0: les participants au \u00ab\u00a0Salon litt\u00e9raire\u00a0\u00bb (des ... Lire la suite\" \/>\n<meta property=\"og:url\" content=\"https:\/\/www.saint-paul-angouleme.fr\/application\/un-salon-litteraire-prix-folio-a-saint-paul\/\" \/>\n<meta property=\"og:site_name\" content=\"Actualit\u00e9s\" \/>\n<meta property=\"article:publisher\" content=\"https:\/\/www.facebook.com\/SaintPaulAngouleme16\/\" \/>\n<meta property=\"article:published_time\" content=\"2017-03-24T10:47:04+00:00\" \/>\n<meta property=\"article:modified_time\" content=\"2017-03-24T11:16:04+00:00\" \/>\n<meta property=\"og:image\" content=\"http:\/\/www.saint-paul-angouleme.fr\/application\/wp-content\/uploads\/2017\/03\/DSC_0215-1024x576.jpg\" \/>\n<meta name=\"author\" content=\"SAINT-PAUL\" \/>\n<meta name=\"twitter:card\" content=\"summary_large_image\" \/>\n<meta name=\"twitter:creator\" content=\"@StPaulAngoulem\" \/>\n<meta name=\"twitter:site\" content=\"@StPaulAngoulem\" \/>\n<meta name=\"twitter:label1\" content=\"\u00c9crit par\" \/>\n\t<meta name=\"twitter:data1\" content=\"SAINT-PAUL\" \/>\n\t<meta name=\"twitter:label2\" content=\"Dur\u00e9e de lecture estim\u00e9e\" \/>\n\t<meta name=\"twitter:data2\" content=\"3 minutes\" \/>\n<script type=\"application\/ld+json\" class=\"yoast-schema-graph\">{\"@context\":\"https:\/\/schema.org\",\"@graph\":[{\"@type\":\"Article\",\"@id\":\"https:\/\/www.saint-paul-angouleme.fr\/application\/un-salon-litteraire-prix-folio-a-saint-paul\/#article\",\"isPartOf\":{\"@id\":\"https:\/\/www.saint-paul-angouleme.fr\/application\/un-salon-litteraire-prix-folio-a-saint-paul\/\"},\"author\":{\"name\":\"SAINT-PAUL\",\"@id\":\"https:\/\/www.saint-paul-angouleme.fr\/application\/#\/schema\/person\/ea152930b1a3823659065827b1a5fb9b\"},\"headline\":\"Un \u00abSalon litt\u00e9raire \u2018Prix Folio\u2019 \u00e0 Saint-Paul\u00bb\",\"datePublished\":\"2017-03-24T10:47:04+00:00\",\"dateModified\":\"2017-03-24T11:16:04+00:00\",\"mainEntityOfPage\":{\"@id\":\"https:\/\/www.saint-paul-angouleme.fr\/application\/un-salon-litteraire-prix-folio-a-saint-paul\/\"},\"wordCount\":580,\"commentCount\":0,\"publisher\":{\"@id\":\"https:\/\/www.saint-paul-angouleme.fr\/application\/#organization\"},\"image\":{\"@id\":\"https:\/\/www.saint-paul-angouleme.fr\/application\/un-salon-litteraire-prix-folio-a-saint-paul\/#primaryimage\"},\"thumbnailUrl\":\"http:\/\/www.saint-paul-angouleme.fr\/application\/wp-content\/uploads\/2017\/03\/DSC_0215-1024x576.jpg\",\"articleSection\":[\"Look on\"],\"inLanguage\":\"fr-FR\",\"potentialAction\":[{\"@type\":\"CommentAction\",\"name\":\"Comment\",\"target\":[\"https:\/\/www.saint-paul-angouleme.fr\/application\/un-salon-litteraire-prix-folio-a-saint-paul\/#respond\"]}]},{\"@type\":\"WebPage\",\"@id\":\"https:\/\/www.saint-paul-angouleme.fr\/application\/un-salon-litteraire-prix-folio-a-saint-paul\/\",\"url\":\"https:\/\/www.saint-paul-angouleme.fr\/application\/un-salon-litteraire-prix-folio-a-saint-paul\/\",\"name\":\"Un \u00abSalon litt\u00e9raire \u2018Prix Folio\u2019 \u00e0 Saint-Paul\u00bb - Actualit\u00e9s\",\"isPartOf\":{\"@id\":\"https:\/\/www.saint-paul-angouleme.fr\/application\/#website\"},\"primaryImageOfPage\":{\"@id\":\"https:\/\/www.saint-paul-angouleme.fr\/application\/un-salon-litteraire-prix-folio-a-saint-paul\/#primaryimage\"},\"image\":{\"@id\":\"https:\/\/www.saint-paul-angouleme.fr\/application\/un-salon-litteraire-prix-folio-a-saint-paul\/#primaryimage\"},\"thumbnailUrl\":\"http:\/\/www.saint-paul-angouleme.fr\/application\/wp-content\/uploads\/2017\/03\/DSC_0215-1024x576.jpg\",\"datePublished\":\"2017-03-24T10:47:04+00:00\",\"dateModified\":\"2017-03-24T11:16:04+00:00\",\"breadcrumb\":{\"@id\":\"https:\/\/www.saint-paul-angouleme.fr\/application\/un-salon-litteraire-prix-folio-a-saint-paul\/#breadcrumb\"},\"inLanguage\":\"fr-FR\",\"potentialAction\":[{\"@type\":\"ReadAction\",\"target\":[\"https:\/\/www.saint-paul-angouleme.fr\/application\/un-salon-litteraire-prix-folio-a-saint-paul\/\"]}]},{\"@type\":\"ImageObject\",\"inLanguage\":\"fr-FR\",\"@id\":\"https:\/\/www.saint-paul-angouleme.fr\/application\/un-salon-litteraire-prix-folio-a-saint-paul\/#primaryimage\",\"url\":\"https:\/\/www.saint-paul-angouleme.fr\/application\/wp-content\/uploads\/2017\/03\/DSC_0215.jpg\",\"contentUrl\":\"https:\/\/www.saint-paul-angouleme.fr\/application\/wp-content\/uploads\/2017\/03\/DSC_0215.jpg\",\"width\":3840,\"height\":2160},{\"@type\":\"BreadcrumbList\",\"@id\":\"https:\/\/www.saint-paul-angouleme.fr\/application\/un-salon-litteraire-prix-folio-a-saint-paul\/#breadcrumb\",\"itemListElement\":[{\"@type\":\"ListItem\",\"position\":1,\"name\":\"Accueil\",\"item\":\"http:\/\/www.saint-paul-angouleme.fr\/application\/\"},{\"@type\":\"ListItem\",\"position\":2,\"name\":\"Un \u00abSalon litt\u00e9raire \u2018Prix Folio\u2019 \u00e0 Saint-Paul\u00bb\"}]},{\"@type\":\"WebSite\",\"@id\":\"https:\/\/www.saint-paul-angouleme.fr\/application\/#website\",\"url\":\"https:\/\/www.saint-paul-angouleme.fr\/application\/\",\"name\":\"Actualit\u00e9s\",\"description\":\"Actualit\u00e9s Saint Paul\",\"publisher\":{\"@id\":\"https:\/\/www.saint-paul-angouleme.fr\/application\/#organization\"},\"potentialAction\":[{\"@type\":\"SearchAction\",\"target\":{\"@type\":\"EntryPoint\",\"urlTemplate\":\"https:\/\/www.saint-paul-angouleme.fr\/application\/?s={search_term_string}\"},\"query-input\":\"required name=search_term_string\"}],\"inLanguage\":\"fr-FR\"},{\"@type\":\"Organization\",\"@id\":\"https:\/\/www.saint-paul-angouleme.fr\/application\/#organization\",\"name\":\"Ensemble scolaire Saint-Paul\",\"url\":\"https:\/\/www.saint-paul-angouleme.fr\/application\/\",\"logo\":{\"@type\":\"ImageObject\",\"inLanguage\":\"fr-FR\",\"@id\":\"https:\/\/www.saint-paul-angouleme.fr\/application\/#\/schema\/logo\/image\/\",\"url\":\"https:\/\/www.saint-paul-angouleme.fr\/application\/wp-content\/uploads\/2018\/08\/logo-saint-paul-couleurs.jpg\",\"contentUrl\":\"https:\/\/www.saint-paul-angouleme.fr\/application\/wp-content\/uploads\/2018\/08\/logo-saint-paul-couleurs.jpg\",\"width\":1890,\"height\":709,\"caption\":\"Ensemble scolaire Saint-Paul\"},\"image\":{\"@id\":\"https:\/\/www.saint-paul-angouleme.fr\/application\/#\/schema\/logo\/image\/\"},\"sameAs\":[\"https:\/\/www.facebook.com\/SaintPaulAngouleme16\/\",\"https:\/\/x.com\/StPaulAngoulem\",\"https:\/\/www.youtube.com\/channel\/UCRLpz1CmPVqc0gn--YyXvjA?view_as=subscriber\"]},{\"@type\":\"Person\",\"@id\":\"https:\/\/www.saint-paul-angouleme.fr\/application\/#\/schema\/person\/ea152930b1a3823659065827b1a5fb9b\",\"name\":\"SAINT-PAUL\",\"image\":{\"@type\":\"ImageObject\",\"inLanguage\":\"fr-FR\",\"@id\":\"https:\/\/www.saint-paul-angouleme.fr\/application\/#\/schema\/person\/image\/\",\"url\":\"https:\/\/secure.gravatar.com\/avatar\/eadb0ffebc02683a61d69038eb2924f0?s=96&r=g\",\"contentUrl\":\"https:\/\/secure.gravatar.com\/avatar\/eadb0ffebc02683a61d69038eb2924f0?s=96&r=g\",\"caption\":\"SAINT-PAUL\"},\"url\":\"https:\/\/www.saint-paul-angouleme.fr\/application\/author\/myriam\/\"}]}<\/script>\n<!-- \/ Yoast SEO plugin. -->","yoast_head_json":{"title":"Un \u00abSalon litt\u00e9raire \u2018Prix Folio\u2019 \u00e0 Saint-Paul\u00bb - Actualit\u00e9s","robots":{"index":"index","follow":"follow","max-snippet":"max-snippet:-1","max-image-preview":"max-image-preview:large","max-video-preview":"max-video-preview:-1"},"canonical":"https:\/\/www.saint-paul-angouleme.fr\/application\/un-salon-litteraire-prix-folio-a-saint-paul\/","og_locale":"fr_FR","og_type":"article","og_title":"Un \u00abSalon litt\u00e9raire \u2018Prix Folio\u2019 \u00e0 Saint-Paul\u00bb - Actualit\u00e9s","og_description":"Pour la premi\u00e8re \u00e9dition du \u00ab\u00a0Prix des lyc\u00e9ens Folio\u00a0\u00bb Mme ARNAUD et Mme KRINNICKI ont propos\u00e9 aux classes de Premi\u00e8re et de Terminale de participer \u00e0 un concours litt\u00e9raire en vue d\u2019attribuer le \u00ab\u00a0Prix Folio des Lyc\u00e9ens\u00a0\u00bb \u00e0 l\u2019un des huit titres retenus cette ann\u00e9e. Le principe est simple\u00a0: les participants au \u00ab\u00a0Salon litt\u00e9raire\u00a0\u00bb (des ... Lire la suite","og_url":"https:\/\/www.saint-paul-angouleme.fr\/application\/un-salon-litteraire-prix-folio-a-saint-paul\/","og_site_name":"Actualit\u00e9s","article_publisher":"https:\/\/www.facebook.com\/SaintPaulAngouleme16\/","article_published_time":"2017-03-24T10:47:04+00:00","article_modified_time":"2017-03-24T11:16:04+00:00","og_image":[{"url":"http:\/\/www.saint-paul-angouleme.fr\/application\/wp-content\/uploads\/2017\/03\/DSC_0215-1024x576.jpg"}],"author":"SAINT-PAUL","twitter_card":"summary_large_image","twitter_creator":"@StPaulAngoulem","twitter_site":"@StPaulAngoulem","twitter_misc":{"\u00c9crit par":"SAINT-PAUL","Dur\u00e9e de lecture estim\u00e9e":"3 minutes"},"schema":{"@context":"https:\/\/schema.org","@graph":[{"@type":"Article","@id":"https:\/\/www.saint-paul-angouleme.fr\/application\/un-salon-litteraire-prix-folio-a-saint-paul\/#article","isPartOf":{"@id":"https:\/\/www.saint-paul-angouleme.fr\/application\/un-salon-litteraire-prix-folio-a-saint-paul\/"},"author":{"name":"SAINT-PAUL","@id":"https:\/\/www.saint-paul-angouleme.fr\/application\/#\/schema\/person\/ea152930b1a3823659065827b1a5fb9b"},"headline":"Un \u00abSalon litt\u00e9raire \u2018Prix Folio\u2019 \u00e0 Saint-Paul\u00bb","datePublished":"2017-03-24T10:47:04+00:00","dateModified":"2017-03-24T11:16:04+00:00","mainEntityOfPage":{"@id":"https:\/\/www.saint-paul-angouleme.fr\/application\/un-salon-litteraire-prix-folio-a-saint-paul\/"},"wordCount":580,"commentCount":0,"publisher":{"@id":"https:\/\/www.saint-paul-angouleme.fr\/application\/#organization"},"image":{"@id":"https:\/\/www.saint-paul-angouleme.fr\/application\/un-salon-litteraire-prix-folio-a-saint-paul\/#primaryimage"},"thumbnailUrl":"http:\/\/www.saint-paul-angouleme.fr\/application\/wp-content\/uploads\/2017\/03\/DSC_0215-1024x576.jpg","articleSection":["Look on"],"inLanguage":"fr-FR","potentialAction":[{"@type":"CommentAction","name":"Comment","target":["https:\/\/www.saint-paul-angouleme.fr\/application\/un-salon-litteraire-prix-folio-a-saint-paul\/#respond"]}]},{"@type":"WebPage","@id":"https:\/\/www.saint-paul-angouleme.fr\/application\/un-salon-litteraire-prix-folio-a-saint-paul\/","url":"https:\/\/www.saint-paul-angouleme.fr\/application\/un-salon-litteraire-prix-folio-a-saint-paul\/","name":"Un \u00abSalon litt\u00e9raire \u2018Prix Folio\u2019 \u00e0 Saint-Paul\u00bb - Actualit\u00e9s","isPartOf":{"@id":"https:\/\/www.saint-paul-angouleme.fr\/application\/#website"},"primaryImageOfPage":{"@id":"https:\/\/www.saint-paul-angouleme.fr\/application\/un-salon-litteraire-prix-folio-a-saint-paul\/#primaryimage"},"image":{"@id":"https:\/\/www.saint-paul-angouleme.fr\/application\/un-salon-litteraire-prix-folio-a-saint-paul\/#primaryimage"},"thumbnailUrl":"http:\/\/www.saint-paul-angouleme.fr\/application\/wp-content\/uploads\/2017\/03\/DSC_0215-1024x576.jpg","datePublished":"2017-03-24T10:47:04+00:00","dateModified":"2017-03-24T11:16:04+00:00","breadcrumb":{"@id":"https:\/\/www.saint-paul-angouleme.fr\/application\/un-salon-litteraire-prix-folio-a-saint-paul\/#breadcrumb"},"inLanguage":"fr-FR","potentialAction":[{"@type":"ReadAction","target":["https:\/\/www.saint-paul-angouleme.fr\/application\/un-salon-litteraire-prix-folio-a-saint-paul\/"]}]},{"@type":"ImageObject","inLanguage":"fr-FR","@id":"https:\/\/www.saint-paul-angouleme.fr\/application\/un-salon-litteraire-prix-folio-a-saint-paul\/#primaryimage","url":"https:\/\/www.saint-paul-angouleme.fr\/application\/wp-content\/uploads\/2017\/03\/DSC_0215.jpg","contentUrl":"https:\/\/www.saint-paul-angouleme.fr\/application\/wp-content\/uploads\/2017\/03\/DSC_0215.jpg","width":3840,"height":2160},{"@type":"BreadcrumbList","@id":"https:\/\/www.saint-paul-angouleme.fr\/application\/un-salon-litteraire-prix-folio-a-saint-paul\/#breadcrumb","itemListElement":[{"@type":"ListItem","position":1,"name":"Accueil","item":"http:\/\/www.saint-paul-angouleme.fr\/application\/"},{"@type":"ListItem","position":2,"name":"Un \u00abSalon litt\u00e9raire \u2018Prix Folio\u2019 \u00e0 Saint-Paul\u00bb"}]},{"@type":"WebSite","@id":"https:\/\/www.saint-paul-angouleme.fr\/application\/#website","url":"https:\/\/www.saint-paul-angouleme.fr\/application\/","name":"Actualit\u00e9s","description":"Actualit\u00e9s Saint Paul","publisher":{"@id":"https:\/\/www.saint-paul-angouleme.fr\/application\/#organization"},"potentialAction":[{"@type":"SearchAction","target":{"@type":"EntryPoint","urlTemplate":"https:\/\/www.saint-paul-angouleme.fr\/application\/?s={search_term_string}"},"query-input":"required name=search_term_string"}],"inLanguage":"fr-FR"},{"@type":"Organization","@id":"https:\/\/www.saint-paul-angouleme.fr\/application\/#organization","name":"Ensemble scolaire Saint-Paul","url":"https:\/\/www.saint-paul-angouleme.fr\/application\/","logo":{"@type":"ImageObject","inLanguage":"fr-FR","@id":"https:\/\/www.saint-paul-angouleme.fr\/application\/#\/schema\/logo\/image\/","url":"https:\/\/www.saint-paul-angouleme.fr\/application\/wp-content\/uploads\/2018\/08\/logo-saint-paul-couleurs.jpg","contentUrl":"https:\/\/www.saint-paul-angouleme.fr\/application\/wp-content\/uploads\/2018\/08\/logo-saint-paul-couleurs.jpg","width":1890,"height":709,"caption":"Ensemble scolaire Saint-Paul"},"image":{"@id":"https:\/\/www.saint-paul-angouleme.fr\/application\/#\/schema\/logo\/image\/"},"sameAs":["https:\/\/www.facebook.com\/SaintPaulAngouleme16\/","https:\/\/x.com\/StPaulAngoulem","https:\/\/www.youtube.com\/channel\/UCRLpz1CmPVqc0gn--YyXvjA?view_as=subscriber"]},{"@type":"Person","@id":"https:\/\/www.saint-paul-angouleme.fr\/application\/#\/schema\/person\/ea152930b1a3823659065827b1a5fb9b","name":"SAINT-PAUL","image":{"@type":"ImageObject","inLanguage":"fr-FR","@id":"https:\/\/www.saint-paul-angouleme.fr\/application\/#\/schema\/person\/image\/","url":"https:\/\/secure.gravatar.com\/avatar\/eadb0ffebc02683a61d69038eb2924f0?s=96&r=g","contentUrl":"https:\/\/secure.gravatar.com\/avatar\/eadb0ffebc02683a61d69038eb2924f0?s=96&r=g","caption":"SAINT-PAUL"},"url":"https:\/\/www.saint-paul-angouleme.fr\/application\/author\/myriam\/"}]}},"_links":{"self":[{"href":"https:\/\/www.saint-paul-angouleme.fr\/application\/wp-json\/wp\/v2\/posts\/352"}],"collection":[{"href":"https:\/\/www.saint-paul-angouleme.fr\/application\/wp-json\/wp\/v2\/posts"}],"about":[{"href":"https:\/\/www.saint-paul-angouleme.fr\/application\/wp-json\/wp\/v2\/types\/post"}],"author":[{"embeddable":true,"href":"https:\/\/www.saint-paul-angouleme.fr\/application\/wp-json\/wp\/v2\/users\/3"}],"replies":[{"embeddable":true,"href":"https:\/\/www.saint-paul-angouleme.fr\/application\/wp-json\/wp\/v2\/comments?post=352"}],"version-history":[{"count":7,"href":"https:\/\/www.saint-paul-angouleme.fr\/application\/wp-json\/wp\/v2\/posts\/352\/revisions"}],"predecessor-version":[{"id":388,"href":"https:\/\/www.saint-paul-angouleme.fr\/application\/wp-json\/wp\/v2\/posts\/352\/revisions\/388"}],"wp:attachment":[{"href":"https:\/\/www.saint-paul-angouleme.fr\/application\/wp-json\/wp\/v2\/media?parent=352"}],"wp:term":[{"taxonomy":"category","embeddable":true,"href":"https:\/\/www.saint-paul-angouleme.fr\/application\/wp-json\/wp\/v2\/categories?post=352"},{"taxonomy":"post_tag","embeddable":true,"href":"https:\/\/www.saint-paul-angouleme.fr\/application\/wp-json\/wp\/v2\/tags?post=352"}],"curies":[{"name":"wp","href":"https:\/\/api.w.org\/{rel}","templated":true}]}}