{"id":3476,"date":"2018-10-12T17:44:33","date_gmt":"2018-10-12T15:44:33","guid":{"rendered":"http:\/\/www.saint-paul-angouleme.fr\/application\/?p=3476"},"modified":"2018-10-12T17:44:33","modified_gmt":"2018-10-12T15:44:33","slug":"cohesion-secondes-part-2-deux-jours-sous-le-soleil-doleron","status":"publish","type":"post","link":"https:\/\/www.saint-paul-angouleme.fr\/application\/cohesion-secondes-part-2-deux-jours-sous-le-soleil-doleron\/","title":{"rendered":"Coh\u00e9sion secondes &#8220;part 2&#8221; : deux jours sous le soleil d&#8217;Ol\u00e9ron"},"content":{"rendered":"<figure id=\"attachment_3478\" aria-describedby=\"caption-attachment-3478\" style=\"width: 1014px\" class=\"wp-caption aligncenter\"><a href=\"http:\/\/www.saint-paul-angouleme.fr\/application\/wp-content\/uploads\/2018\/10\/20181005_113340.jpg\"><img loading=\"lazy\" decoding=\"async\" class=\"wp-image-3478 size-large\" title=\"Coh\u00e9sion : glisser sur l'eau en \u00e9quipage...\" src=\"http:\/\/www.saint-paul-angouleme.fr\/application\/wp-content\/uploads\/2018\/10\/20181005_113340-1024x576.jpg\" alt=\"Coh\u00e9sion : glisser sur l'eau en \u00e9quipage...\" width=\"1024\" height=\"576\" data-id=\"3478\" srcset=\"https:\/\/www.saint-paul-angouleme.fr\/application\/wp-content\/uploads\/2018\/10\/20181005_113340-1024x576.jpg 1024w, https:\/\/www.saint-paul-angouleme.fr\/application\/wp-content\/uploads\/2018\/10\/20181005_113340-300x169.jpg 300w, https:\/\/www.saint-paul-angouleme.fr\/application\/wp-content\/uploads\/2018\/10\/20181005_113340-768x432.jpg 768w\" sizes=\"(max-width: 1024px) 100vw, 1024px\" \/><\/a><figcaption id=\"caption-attachment-3478\" class=\"wp-caption-text\"><span style=\"font-family: verdana, geneva, sans-serif; font-size: 10px;\">Apprentissage de la voile <\/span><\/figcaption><\/figure>\n<h1><span style=\"font-size: 16px; font-family: verdana, geneva, sans-serif;\">Seconde partie du s\u00e9jour p\u00e9dagogique et de coh\u00e9sion\u00a0<\/span><\/h1>\n<p style=\"text-align: justify;\"><span style=\"font-family: verdana, geneva, sans-serif; color: #333333; font-size: 16px;\">La semaine derni\u00e8re, les 4 et 5 octobre, nos \u00e9l\u00e8ves de 202, 205 &amp; 206 se sont \u00e0 leur tour retrouv\u00e9s \u00e0 Ol\u00e9ron. Seconde partie du s\u00e9jour p\u00e9dagogique et de coh\u00e9sion avec leurs accompagnateurs (Professeurs responsables de classe, enseignants, personnels de Saint-Paul).\u00a0<\/span><span style=\"font-family: verdana, geneva, sans-serif;\">D\u00e8s l&#8217;arriv\u00e9e, c&#8217;est l&#8217;occasion de d\u00e9couvrir la dune et son \u00e9cosyst\u00e8me, d&#8217;essayer d&#8217;en reconna\u00eetre les plantes.<\/span><\/p>\n<figure id=\"attachment_3480\" aria-describedby=\"caption-attachment-3480\" style=\"width: 950px\" class=\"wp-caption aligncenter\"><a href=\"http:\/\/www.saint-paul-angouleme.fr\/application\/wp-content\/uploads\/2018\/10\/43248252_10156678653984371_4613155635976994816_n.jpg\"><img loading=\"lazy\" decoding=\"async\" class=\"wp-image-3480 size-full\" title=\"Plage, marais salant, flore dune\" src=\"http:\/\/www.saint-paul-angouleme.fr\/application\/wp-content\/uploads\/2018\/10\/43248252_10156678653984371_4613155635976994816_n.jpg\" alt=\"Plage, marais salant, flore dune\" width=\"960\" height=\"960\" data-id=\"3480\" srcset=\"https:\/\/www.saint-paul-angouleme.fr\/application\/wp-content\/uploads\/2018\/10\/43248252_10156678653984371_4613155635976994816_n.jpg 960w, https:\/\/www.saint-paul-angouleme.fr\/application\/wp-content\/uploads\/2018\/10\/43248252_10156678653984371_4613155635976994816_n-150x150.jpg 150w, https:\/\/www.saint-paul-angouleme.fr\/application\/wp-content\/uploads\/2018\/10\/43248252_10156678653984371_4613155635976994816_n-300x300.jpg 300w, https:\/\/www.saint-paul-angouleme.fr\/application\/wp-content\/uploads\/2018\/10\/43248252_10156678653984371_4613155635976994816_n-768x768.jpg 768w, https:\/\/www.saint-paul-angouleme.fr\/application\/wp-content\/uploads\/2018\/10\/43248252_10156678653984371_4613155635976994816_n-144x144.jpg 144w\" sizes=\"(max-width: 960px) 100vw, 960px\" \/><\/a><figcaption id=\"caption-attachment-3480\" class=\"wp-caption-text\"><span style=\"font-size: 10px; font-family: verdana, geneva, sans-serif;\">Photo : C. Vidotto<\/span><\/figcaption><\/figure>\n<p style=\"text-align: justify;\"><span style=\"font-family: verdana, geneva, sans-serif;\">Les groupes se r\u00e9partissent alors sur les diff\u00e9rents ateliers. Les casquettes offertes par l&#8217;ESPACE sont tr\u00e8s appr\u00e9ci\u00e9es et utiles pour reconna\u00eetre nos jeunes en fonction des classes. Top d\u00e9part : direction le &#8220;Port des salines&#8221; pour les uns, la pratique de la voile pour les autres et la &#8220;Cit\u00e9 de l\u2019hu\u00eetre&#8221; pour le troisi\u00e8me groupe. Ciel bleu et soleil : des conditions id\u00e9ales que chacun appr\u00e9cie en ce d\u00e9but d&#8217;automne.<\/span><\/p>\n<figure id=\"attachment_3481\" aria-describedby=\"caption-attachment-3481\" style=\"width: 1014px\" class=\"wp-caption aligncenter\"><a href=\"http:\/\/www.saint-paul-angouleme.fr\/application\/wp-content\/uploads\/2018\/10\/P_20181004_111821.jpg\"><img loading=\"lazy\" decoding=\"async\" class=\"wp-image-3481 size-large\" title=\"Bleu, vert, rouge : une couleur par classe !\" src=\"http:\/\/www.saint-paul-angouleme.fr\/application\/wp-content\/uploads\/2018\/10\/P_20181004_111821-1024x576.jpg\" alt=\"Bleu, vert, rouge : une couleur par classe !\" width=\"1024\" height=\"576\" data-id=\"3481\" srcset=\"https:\/\/www.saint-paul-angouleme.fr\/application\/wp-content\/uploads\/2018\/10\/P_20181004_111821-1024x576.jpg 1024w, https:\/\/www.saint-paul-angouleme.fr\/application\/wp-content\/uploads\/2018\/10\/P_20181004_111821-300x169.jpg 300w, https:\/\/www.saint-paul-angouleme.fr\/application\/wp-content\/uploads\/2018\/10\/P_20181004_111821-768x432.jpg 768w\" sizes=\"(max-width: 1024px) 100vw, 1024px\" \/><\/a><figcaption id=\"caption-attachment-3481\" class=\"wp-caption-text\"><span style=\"font-family: verdana, geneva, sans-serif; font-size: 10px;\">Photo de groupe<\/span><\/figcaption><\/figure>\n<p style=\"text-align: justify;\"><span style=\"font-family: verdana, geneva, sans-serif;\">Nos \u00e9l\u00e8ves appr\u00e9cient \u00e9galement de pouvoir profiter des installations du <a href=\"http:\/\/www.cap-sur-boyard.com\/\">Centre Sportif D\u00e9partemental de Boyardville<\/a> : terrains de tennis, de volley, foyer&#8230; Au &#8220;<a href=\"https:\/\/www.ile-oleron-marennes.com\/preparer-mes-vacances\/loisirs\/activites-et-equipements\/visite-de-l-ecomusee-du-port-des-salines-326297\">Port des salines<\/a>&#8221; certains ont pu se transformer en apprentis sauniers, \u00e0 la &#8220;<a href=\"https:\/\/cite-huitre.com\/\">Cit\u00e9 de l&#8217;hu\u00eetre<\/a>&#8221; observation et dessin de l&#8217;hu\u00eetre mais aussi apprentissage de la d\u00e9licate technique d&#8217;ouverture des hu\u00eetres. Et bien s\u00fbr : d\u00e9gustation pour les amateurs !<\/span><\/p>\n<p><a href=\"http:\/\/www.saint-paul-angouleme.fr\/application\/wp-content\/uploads\/2018\/10\/P_20181005_125440.jpg\"><img loading=\"lazy\" decoding=\"async\" class=\"aligncenter wp-image-3482 size-large\" title=\"Technique d'ouverture des hu\u00eetres\" src=\"http:\/\/www.saint-paul-angouleme.fr\/application\/wp-content\/uploads\/2018\/10\/P_20181005_125440-1024x576.jpg\" alt=\"Technique d'ouverture des hu\u00eetres\" width=\"1024\" height=\"576\" data-id=\"3482\" srcset=\"https:\/\/www.saint-paul-angouleme.fr\/application\/wp-content\/uploads\/2018\/10\/P_20181005_125440-1024x576.jpg 1024w, https:\/\/www.saint-paul-angouleme.fr\/application\/wp-content\/uploads\/2018\/10\/P_20181005_125440-300x169.jpg 300w, https:\/\/www.saint-paul-angouleme.fr\/application\/wp-content\/uploads\/2018\/10\/P_20181005_125440-768x432.jpg 768w\" sizes=\"(max-width: 1024px) 100vw, 1024px\" \/><\/a><\/p>\n<p><span style=\"font-family: verdana, geneva, sans-serif;\">Quant aux catamarans, ils permettent \u00e0 nos \u00e9l\u00e8ves l&#8217;apprentissage de la voile et des subtilit\u00e9s pour prendre le vent et avancer plus vite. Les plus audacieux tentent de s&#8217;approcher du c\u00e9l\u00e8bre &#8220;Fort Boyard&#8221;. Objectif atteint pour ce second s\u00e9jour !<\/span><\/p>\n<p><a href=\"http:\/\/www.saint-paul-angouleme.fr\/application\/wp-content\/uploads\/2018\/10\/P_20181004_145033.jpg\"><img loading=\"lazy\" decoding=\"async\" class=\"aligncenter size-large wp-image-3484\" src=\"http:\/\/www.saint-paul-angouleme.fr\/application\/wp-content\/uploads\/2018\/10\/P_20181004_145033-1024x576.jpg\" alt=\"\" width=\"1024\" height=\"576\" data-id=\"3484\" srcset=\"https:\/\/www.saint-paul-angouleme.fr\/application\/wp-content\/uploads\/2018\/10\/P_20181004_145033-1024x576.jpg 1024w, https:\/\/www.saint-paul-angouleme.fr\/application\/wp-content\/uploads\/2018\/10\/P_20181004_145033-300x169.jpg 300w, https:\/\/www.saint-paul-angouleme.fr\/application\/wp-content\/uploads\/2018\/10\/P_20181004_145033-768x432.jpg 768w\" sizes=\"(max-width: 1024px) 100vw, 1024px\" \/><\/a><\/p>\n","protected":false},"excerpt":{"rendered":"<p>Seconde partie du s\u00e9jour p\u00e9dagogique et de coh\u00e9sion\u00a0 La semaine derni\u00e8re, les 4 et 5 octobre, nos \u00e9l\u00e8ves de 202, 205 &amp; 206 se sont \u00e0 leur tour retrouv\u00e9s \u00e0 Ol\u00e9ron. Seconde partie du s\u00e9jour p\u00e9dagogique et de coh\u00e9sion avec leurs accompagnateurs (Professeurs responsables de classe, enseignants, personnels de Saint-Paul).\u00a0D\u00e8s l&#8217;arriv\u00e9e, c&#8217;est l&#8217;occasion de d\u00e9couvrir &#8230; <a title=\"Coh\u00e9sion secondes &#8220;part 2&#8221; : deux jours sous le soleil d&#8217;Ol\u00e9ron\" class=\"read-more\" href=\"https:\/\/www.saint-paul-angouleme.fr\/application\/cohesion-secondes-part-2-deux-jours-sous-le-soleil-doleron\/\" aria-label=\"Read more about Coh\u00e9sion secondes &#8220;part 2&#8221; : deux jours sous le soleil d&#8217;Ol\u00e9ron\">Lire la suite<\/a><\/p>\n","protected":false},"author":3,"featured_media":0,"comment_status":"open","ping_status":"open","sticky":false,"template":"","format":"standard","meta":{"_exactmetrics_skip_tracking":false,"_exactmetrics_sitenote_active":false,"_exactmetrics_sitenote_note":"","_exactmetrics_sitenote_category":0,"footnotes":""},"categories":[13],"tags":[],"class_list":["post-3476","post","type-post","status-publish","format-standard","hentry","category-pedagogie"],"yoast_head":"<!-- This site is optimized with the Yoast SEO plugin v23.3 - https:\/\/yoast.com\/wordpress\/plugins\/seo\/ -->\n<title>Coh\u00e9sion secondes &quot;part 2&quot; : deux jours sous le soleil d&#039;Ol\u00e9ron - Actualit\u00e9s<\/title>\n<meta name=\"robots\" content=\"index, follow, max-snippet:-1, max-image-preview:large, max-video-preview:-1\" \/>\n<link rel=\"canonical\" href=\"https:\/\/www.saint-paul-angouleme.fr\/application\/cohesion-secondes-part-2-deux-jours-sous-le-soleil-doleron\/\" \/>\n<meta property=\"og:locale\" content=\"fr_FR\" \/>\n<meta property=\"og:type\" content=\"article\" \/>\n<meta property=\"og:title\" content=\"Coh\u00e9sion secondes &quot;part 2&quot; : deux jours sous le soleil d&#039;Ol\u00e9ron - Actualit\u00e9s\" \/>\n<meta property=\"og:description\" content=\"Seconde partie du s\u00e9jour p\u00e9dagogique et de coh\u00e9sion\u00a0 La semaine derni\u00e8re, les 4 et 5 octobre, nos \u00e9l\u00e8ves de 202, 205 &amp; 206 se sont \u00e0 leur tour retrouv\u00e9s \u00e0 Ol\u00e9ron. Seconde partie du s\u00e9jour p\u00e9dagogique et de coh\u00e9sion avec leurs accompagnateurs (Professeurs responsables de classe, enseignants, personnels de Saint-Paul).\u00a0D\u00e8s l&#8217;arriv\u00e9e, c&#8217;est l&#8217;occasion de d\u00e9couvrir ... Lire la suite\" \/>\n<meta property=\"og:url\" content=\"https:\/\/www.saint-paul-angouleme.fr\/application\/cohesion-secondes-part-2-deux-jours-sous-le-soleil-doleron\/\" \/>\n<meta property=\"og:site_name\" content=\"Actualit\u00e9s\" \/>\n<meta property=\"article:publisher\" content=\"https:\/\/www.facebook.com\/SaintPaulAngouleme16\/\" \/>\n<meta property=\"article:published_time\" content=\"2018-10-12T15:44:33+00:00\" \/>\n<meta property=\"og:image\" content=\"http:\/\/www.saint-paul-angouleme.fr\/application\/wp-content\/uploads\/2018\/10\/20181005_113340-1024x576.jpg\" \/>\n<meta name=\"author\" content=\"SAINT-PAUL\" \/>\n<meta name=\"twitter:card\" content=\"summary_large_image\" \/>\n<meta name=\"twitter:creator\" content=\"@StPaulAngoulem\" \/>\n<meta name=\"twitter:site\" content=\"@StPaulAngoulem\" \/>\n<meta name=\"twitter:label1\" content=\"\u00c9crit par\" \/>\n\t<meta name=\"twitter:data1\" content=\"SAINT-PAUL\" \/>\n\t<meta name=\"twitter:label2\" content=\"Dur\u00e9e de lecture estim\u00e9e\" \/>\n\t<meta name=\"twitter:data2\" content=\"1 minute\" \/>\n<script type=\"application\/ld+json\" class=\"yoast-schema-graph\">{\"@context\":\"https:\/\/schema.org\",\"@graph\":[{\"@type\":\"Article\",\"@id\":\"https:\/\/www.saint-paul-angouleme.fr\/application\/cohesion-secondes-part-2-deux-jours-sous-le-soleil-doleron\/#article\",\"isPartOf\":{\"@id\":\"https:\/\/www.saint-paul-angouleme.fr\/application\/cohesion-secondes-part-2-deux-jours-sous-le-soleil-doleron\/\"},\"author\":{\"name\":\"SAINT-PAUL\",\"@id\":\"https:\/\/www.saint-paul-angouleme.fr\/application\/#\/schema\/person\/ea152930b1a3823659065827b1a5fb9b\"},\"headline\":\"Coh\u00e9sion secondes &#8220;part 2&#8221; : deux jours sous le soleil d&#8217;Ol\u00e9ron\",\"datePublished\":\"2018-10-12T15:44:33+00:00\",\"dateModified\":\"2018-10-12T15:44:33+00:00\",\"mainEntityOfPage\":{\"@id\":\"https:\/\/www.saint-paul-angouleme.fr\/application\/cohesion-secondes-part-2-deux-jours-sous-le-soleil-doleron\/\"},\"wordCount\":321,\"commentCount\":0,\"publisher\":{\"@id\":\"https:\/\/www.saint-paul-angouleme.fr\/application\/#organization\"},\"image\":{\"@id\":\"https:\/\/www.saint-paul-angouleme.fr\/application\/cohesion-secondes-part-2-deux-jours-sous-le-soleil-doleron\/#primaryimage\"},\"thumbnailUrl\":\"http:\/\/www.saint-paul-angouleme.fr\/application\/wp-content\/uploads\/2018\/10\/20181005_113340-1024x576.jpg\",\"articleSection\":[\"P\u00e9dagogie\"],\"inLanguage\":\"fr-FR\",\"potentialAction\":[{\"@type\":\"CommentAction\",\"name\":\"Comment\",\"target\":[\"https:\/\/www.saint-paul-angouleme.fr\/application\/cohesion-secondes-part-2-deux-jours-sous-le-soleil-doleron\/#respond\"]}]},{\"@type\":\"WebPage\",\"@id\":\"https:\/\/www.saint-paul-angouleme.fr\/application\/cohesion-secondes-part-2-deux-jours-sous-le-soleil-doleron\/\",\"url\":\"https:\/\/www.saint-paul-angouleme.fr\/application\/cohesion-secondes-part-2-deux-jours-sous-le-soleil-doleron\/\",\"name\":\"Coh\u00e9sion secondes \\\"part 2\\\" : deux jours sous le soleil d'Ol\u00e9ron - Actualit\u00e9s\",\"isPartOf\":{\"@id\":\"https:\/\/www.saint-paul-angouleme.fr\/application\/#website\"},\"primaryImageOfPage\":{\"@id\":\"https:\/\/www.saint-paul-angouleme.fr\/application\/cohesion-secondes-part-2-deux-jours-sous-le-soleil-doleron\/#primaryimage\"},\"image\":{\"@id\":\"https:\/\/www.saint-paul-angouleme.fr\/application\/cohesion-secondes-part-2-deux-jours-sous-le-soleil-doleron\/#primaryimage\"},\"thumbnailUrl\":\"http:\/\/www.saint-paul-angouleme.fr\/application\/wp-content\/uploads\/2018\/10\/20181005_113340-1024x576.jpg\",\"datePublished\":\"2018-10-12T15:44:33+00:00\",\"dateModified\":\"2018-10-12T15:44:33+00:00\",\"breadcrumb\":{\"@id\":\"https:\/\/www.saint-paul-angouleme.fr\/application\/cohesion-secondes-part-2-deux-jours-sous-le-soleil-doleron\/#breadcrumb\"},\"inLanguage\":\"fr-FR\",\"potentialAction\":[{\"@type\":\"ReadAction\",\"target\":[\"https:\/\/www.saint-paul-angouleme.fr\/application\/cohesion-secondes-part-2-deux-jours-sous-le-soleil-doleron\/\"]}]},{\"@type\":\"ImageObject\",\"inLanguage\":\"fr-FR\",\"@id\":\"https:\/\/www.saint-paul-angouleme.fr\/application\/cohesion-secondes-part-2-deux-jours-sous-le-soleil-doleron\/#primaryimage\",\"url\":\"https:\/\/www.saint-paul-angouleme.fr\/application\/wp-content\/uploads\/2018\/10\/20181005_113340.jpg\",\"contentUrl\":\"https:\/\/www.saint-paul-angouleme.fr\/application\/wp-content\/uploads\/2018\/10\/20181005_113340.jpg\",\"width\":4128,\"height\":2322},{\"@type\":\"BreadcrumbList\",\"@id\":\"https:\/\/www.saint-paul-angouleme.fr\/application\/cohesion-secondes-part-2-deux-jours-sous-le-soleil-doleron\/#breadcrumb\",\"itemListElement\":[{\"@type\":\"ListItem\",\"position\":1,\"name\":\"Accueil\",\"item\":\"http:\/\/www.saint-paul-angouleme.fr\/application\/\"},{\"@type\":\"ListItem\",\"position\":2,\"name\":\"Coh\u00e9sion secondes &#8220;part 2&#8221; : deux jours sous le soleil d&#8217;Ol\u00e9ron\"}]},{\"@type\":\"WebSite\",\"@id\":\"https:\/\/www.saint-paul-angouleme.fr\/application\/#website\",\"url\":\"https:\/\/www.saint-paul-angouleme.fr\/application\/\",\"name\":\"Actualit\u00e9s\",\"description\":\"Actualit\u00e9s Saint Paul\",\"publisher\":{\"@id\":\"https:\/\/www.saint-paul-angouleme.fr\/application\/#organization\"},\"potentialAction\":[{\"@type\":\"SearchAction\",\"target\":{\"@type\":\"EntryPoint\",\"urlTemplate\":\"https:\/\/www.saint-paul-angouleme.fr\/application\/?s={search_term_string}\"},\"query-input\":\"required name=search_term_string\"}],\"inLanguage\":\"fr-FR\"},{\"@type\":\"Organization\",\"@id\":\"https:\/\/www.saint-paul-angouleme.fr\/application\/#organization\",\"name\":\"Ensemble scolaire Saint-Paul\",\"url\":\"https:\/\/www.saint-paul-angouleme.fr\/application\/\",\"logo\":{\"@type\":\"ImageObject\",\"inLanguage\":\"fr-FR\",\"@id\":\"https:\/\/www.saint-paul-angouleme.fr\/application\/#\/schema\/logo\/image\/\",\"url\":\"https:\/\/www.saint-paul-angouleme.fr\/application\/wp-content\/uploads\/2018\/08\/logo-saint-paul-couleurs.jpg\",\"contentUrl\":\"https:\/\/www.saint-paul-angouleme.fr\/application\/wp-content\/uploads\/2018\/08\/logo-saint-paul-couleurs.jpg\",\"width\":1890,\"height\":709,\"caption\":\"Ensemble scolaire Saint-Paul\"},\"image\":{\"@id\":\"https:\/\/www.saint-paul-angouleme.fr\/application\/#\/schema\/logo\/image\/\"},\"sameAs\":[\"https:\/\/www.facebook.com\/SaintPaulAngouleme16\/\",\"https:\/\/x.com\/StPaulAngoulem\",\"https:\/\/www.youtube.com\/channel\/UCRLpz1CmPVqc0gn--YyXvjA?view_as=subscriber\"]},{\"@type\":\"Person\",\"@id\":\"https:\/\/www.saint-paul-angouleme.fr\/application\/#\/schema\/person\/ea152930b1a3823659065827b1a5fb9b\",\"name\":\"SAINT-PAUL\",\"image\":{\"@type\":\"ImageObject\",\"inLanguage\":\"fr-FR\",\"@id\":\"https:\/\/www.saint-paul-angouleme.fr\/application\/#\/schema\/person\/image\/\",\"url\":\"https:\/\/secure.gravatar.com\/avatar\/eadb0ffebc02683a61d69038eb2924f0?s=96&r=g\",\"contentUrl\":\"https:\/\/secure.gravatar.com\/avatar\/eadb0ffebc02683a61d69038eb2924f0?s=96&r=g\",\"caption\":\"SAINT-PAUL\"},\"url\":\"https:\/\/www.saint-paul-angouleme.fr\/application\/author\/myriam\/\"}]}<\/script>\n<!-- \/ Yoast SEO plugin. -->","yoast_head_json":{"title":"Coh\u00e9sion secondes \"part 2\" : deux jours sous le soleil d'Ol\u00e9ron - Actualit\u00e9s","robots":{"index":"index","follow":"follow","max-snippet":"max-snippet:-1","max-image-preview":"max-image-preview:large","max-video-preview":"max-video-preview:-1"},"canonical":"https:\/\/www.saint-paul-angouleme.fr\/application\/cohesion-secondes-part-2-deux-jours-sous-le-soleil-doleron\/","og_locale":"fr_FR","og_type":"article","og_title":"Coh\u00e9sion secondes \"part 2\" : deux jours sous le soleil d'Ol\u00e9ron - Actualit\u00e9s","og_description":"Seconde partie du s\u00e9jour p\u00e9dagogique et de coh\u00e9sion\u00a0 La semaine derni\u00e8re, les 4 et 5 octobre, nos \u00e9l\u00e8ves de 202, 205 &amp; 206 se sont \u00e0 leur tour retrouv\u00e9s \u00e0 Ol\u00e9ron. Seconde partie du s\u00e9jour p\u00e9dagogique et de coh\u00e9sion avec leurs accompagnateurs (Professeurs responsables de classe, enseignants, personnels de Saint-Paul).\u00a0D\u00e8s l&#8217;arriv\u00e9e, c&#8217;est l&#8217;occasion de d\u00e9couvrir ... Lire la suite","og_url":"https:\/\/www.saint-paul-angouleme.fr\/application\/cohesion-secondes-part-2-deux-jours-sous-le-soleil-doleron\/","og_site_name":"Actualit\u00e9s","article_publisher":"https:\/\/www.facebook.com\/SaintPaulAngouleme16\/","article_published_time":"2018-10-12T15:44:33+00:00","og_image":[{"url":"http:\/\/www.saint-paul-angouleme.fr\/application\/wp-content\/uploads\/2018\/10\/20181005_113340-1024x576.jpg"}],"author":"SAINT-PAUL","twitter_card":"summary_large_image","twitter_creator":"@StPaulAngoulem","twitter_site":"@StPaulAngoulem","twitter_misc":{"\u00c9crit par":"SAINT-PAUL","Dur\u00e9e de lecture estim\u00e9e":"1 minute"},"schema":{"@context":"https:\/\/schema.org","@graph":[{"@type":"Article","@id":"https:\/\/www.saint-paul-angouleme.fr\/application\/cohesion-secondes-part-2-deux-jours-sous-le-soleil-doleron\/#article","isPartOf":{"@id":"https:\/\/www.saint-paul-angouleme.fr\/application\/cohesion-secondes-part-2-deux-jours-sous-le-soleil-doleron\/"},"author":{"name":"SAINT-PAUL","@id":"https:\/\/www.saint-paul-angouleme.fr\/application\/#\/schema\/person\/ea152930b1a3823659065827b1a5fb9b"},"headline":"Coh\u00e9sion secondes &#8220;part 2&#8221; : deux jours sous le soleil d&#8217;Ol\u00e9ron","datePublished":"2018-10-12T15:44:33+00:00","dateModified":"2018-10-12T15:44:33+00:00","mainEntityOfPage":{"@id":"https:\/\/www.saint-paul-angouleme.fr\/application\/cohesion-secondes-part-2-deux-jours-sous-le-soleil-doleron\/"},"wordCount":321,"commentCount":0,"publisher":{"@id":"https:\/\/www.saint-paul-angouleme.fr\/application\/#organization"},"image":{"@id":"https:\/\/www.saint-paul-angouleme.fr\/application\/cohesion-secondes-part-2-deux-jours-sous-le-soleil-doleron\/#primaryimage"},"thumbnailUrl":"http:\/\/www.saint-paul-angouleme.fr\/application\/wp-content\/uploads\/2018\/10\/20181005_113340-1024x576.jpg","articleSection":["P\u00e9dagogie"],"inLanguage":"fr-FR","potentialAction":[{"@type":"CommentAction","name":"Comment","target":["https:\/\/www.saint-paul-angouleme.fr\/application\/cohesion-secondes-part-2-deux-jours-sous-le-soleil-doleron\/#respond"]}]},{"@type":"WebPage","@id":"https:\/\/www.saint-paul-angouleme.fr\/application\/cohesion-secondes-part-2-deux-jours-sous-le-soleil-doleron\/","url":"https:\/\/www.saint-paul-angouleme.fr\/application\/cohesion-secondes-part-2-deux-jours-sous-le-soleil-doleron\/","name":"Coh\u00e9sion secondes \"part 2\" : deux jours sous le soleil d'Ol\u00e9ron - Actualit\u00e9s","isPartOf":{"@id":"https:\/\/www.saint-paul-angouleme.fr\/application\/#website"},"primaryImageOfPage":{"@id":"https:\/\/www.saint-paul-angouleme.fr\/application\/cohesion-secondes-part-2-deux-jours-sous-le-soleil-doleron\/#primaryimage"},"image":{"@id":"https:\/\/www.saint-paul-angouleme.fr\/application\/cohesion-secondes-part-2-deux-jours-sous-le-soleil-doleron\/#primaryimage"},"thumbnailUrl":"http:\/\/www.saint-paul-angouleme.fr\/application\/wp-content\/uploads\/2018\/10\/20181005_113340-1024x576.jpg","datePublished":"2018-10-12T15:44:33+00:00","dateModified":"2018-10-12T15:44:33+00:00","breadcrumb":{"@id":"https:\/\/www.saint-paul-angouleme.fr\/application\/cohesion-secondes-part-2-deux-jours-sous-le-soleil-doleron\/#breadcrumb"},"inLanguage":"fr-FR","potentialAction":[{"@type":"ReadAction","target":["https:\/\/www.saint-paul-angouleme.fr\/application\/cohesion-secondes-part-2-deux-jours-sous-le-soleil-doleron\/"]}]},{"@type":"ImageObject","inLanguage":"fr-FR","@id":"https:\/\/www.saint-paul-angouleme.fr\/application\/cohesion-secondes-part-2-deux-jours-sous-le-soleil-doleron\/#primaryimage","url":"https:\/\/www.saint-paul-angouleme.fr\/application\/wp-content\/uploads\/2018\/10\/20181005_113340.jpg","contentUrl":"https:\/\/www.saint-paul-angouleme.fr\/application\/wp-content\/uploads\/2018\/10\/20181005_113340.jpg","width":4128,"height":2322},{"@type":"BreadcrumbList","@id":"https:\/\/www.saint-paul-angouleme.fr\/application\/cohesion-secondes-part-2-deux-jours-sous-le-soleil-doleron\/#breadcrumb","itemListElement":[{"@type":"ListItem","position":1,"name":"Accueil","item":"http:\/\/www.saint-paul-angouleme.fr\/application\/"},{"@type":"ListItem","position":2,"name":"Coh\u00e9sion secondes &#8220;part 2&#8221; : deux jours sous le soleil d&#8217;Ol\u00e9ron"}]},{"@type":"WebSite","@id":"https:\/\/www.saint-paul-angouleme.fr\/application\/#website","url":"https:\/\/www.saint-paul-angouleme.fr\/application\/","name":"Actualit\u00e9s","description":"Actualit\u00e9s Saint Paul","publisher":{"@id":"https:\/\/www.saint-paul-angouleme.fr\/application\/#organization"},"potentialAction":[{"@type":"SearchAction","target":{"@type":"EntryPoint","urlTemplate":"https:\/\/www.saint-paul-angouleme.fr\/application\/?s={search_term_string}"},"query-input":"required name=search_term_string"}],"inLanguage":"fr-FR"},{"@type":"Organization","@id":"https:\/\/www.saint-paul-angouleme.fr\/application\/#organization","name":"Ensemble scolaire Saint-Paul","url":"https:\/\/www.saint-paul-angouleme.fr\/application\/","logo":{"@type":"ImageObject","inLanguage":"fr-FR","@id":"https:\/\/www.saint-paul-angouleme.fr\/application\/#\/schema\/logo\/image\/","url":"https:\/\/www.saint-paul-angouleme.fr\/application\/wp-content\/uploads\/2018\/08\/logo-saint-paul-couleurs.jpg","contentUrl":"https:\/\/www.saint-paul-angouleme.fr\/application\/wp-content\/uploads\/2018\/08\/logo-saint-paul-couleurs.jpg","width":1890,"height":709,"caption":"Ensemble scolaire Saint-Paul"},"image":{"@id":"https:\/\/www.saint-paul-angouleme.fr\/application\/#\/schema\/logo\/image\/"},"sameAs":["https:\/\/www.facebook.com\/SaintPaulAngouleme16\/","https:\/\/x.com\/StPaulAngoulem","https:\/\/www.youtube.com\/channel\/UCRLpz1CmPVqc0gn--YyXvjA?view_as=subscriber"]},{"@type":"Person","@id":"https:\/\/www.saint-paul-angouleme.fr\/application\/#\/schema\/person\/ea152930b1a3823659065827b1a5fb9b","name":"SAINT-PAUL","image":{"@type":"ImageObject","inLanguage":"fr-FR","@id":"https:\/\/www.saint-paul-angouleme.fr\/application\/#\/schema\/person\/image\/","url":"https:\/\/secure.gravatar.com\/avatar\/eadb0ffebc02683a61d69038eb2924f0?s=96&r=g","contentUrl":"https:\/\/secure.gravatar.com\/avatar\/eadb0ffebc02683a61d69038eb2924f0?s=96&r=g","caption":"SAINT-PAUL"},"url":"https:\/\/www.saint-paul-angouleme.fr\/application\/author\/myriam\/"}]}},"_links":{"self":[{"href":"https:\/\/www.saint-paul-angouleme.fr\/application\/wp-json\/wp\/v2\/posts\/3476"}],"collection":[{"href":"https:\/\/www.saint-paul-angouleme.fr\/application\/wp-json\/wp\/v2\/posts"}],"about":[{"href":"https:\/\/www.saint-paul-angouleme.fr\/application\/wp-json\/wp\/v2\/types\/post"}],"author":[{"embeddable":true,"href":"https:\/\/www.saint-paul-angouleme.fr\/application\/wp-json\/wp\/v2\/users\/3"}],"replies":[{"embeddable":true,"href":"https:\/\/www.saint-paul-angouleme.fr\/application\/wp-json\/wp\/v2\/comments?post=3476"}],"version-history":[{"count":4,"href":"https:\/\/www.saint-paul-angouleme.fr\/application\/wp-json\/wp\/v2\/posts\/3476\/revisions"}],"predecessor-version":[{"id":3485,"href":"https:\/\/www.saint-paul-angouleme.fr\/application\/wp-json\/wp\/v2\/posts\/3476\/revisions\/3485"}],"wp:attachment":[{"href":"https:\/\/www.saint-paul-angouleme.fr\/application\/wp-json\/wp\/v2\/media?parent=3476"}],"wp:term":[{"taxonomy":"category","embeddable":true,"href":"https:\/\/www.saint-paul-angouleme.fr\/application\/wp-json\/wp\/v2\/categories?post=3476"},{"taxonomy":"post_tag","embeddable":true,"href":"https:\/\/www.saint-paul-angouleme.fr\/application\/wp-json\/wp\/v2\/tags?post=3476"}],"curies":[{"name":"wp","href":"https:\/\/api.w.org\/{rel}","templated":true}]}}