{"id":345,"date":"2017-03-22T00:52:43","date_gmt":"2017-03-21T23:52:43","guid":{"rendered":"http:\/\/www.saint-paul-angouleme.fr\/application\/?p=345"},"modified":"2017-04-20T10:00:02","modified_gmt":"2017-04-20T08:00:02","slug":"conference-mathematique-mathematiques-et-langages","status":"publish","type":"post","link":"https:\/\/www.saint-paul-angouleme.fr\/application\/conference-mathematique-mathematiques-et-langages\/","title":{"rendered":"Conf\u00e9rence math\u00e9matique : \u00abMath\u00e9matiques et Langages\u00bb"},"content":{"rendered":"<p style=\"text-align: justify;\"><a href=\"http:\/\/www.saint-paul-angouleme.fr\/application\/wp-content\/uploads\/2017\/03\/DSC_0211.jpg\"><img loading=\"lazy\" decoding=\"async\" class=\"aligncenter size-large wp-image-346\" src=\"http:\/\/www.saint-paul-angouleme.fr\/application\/wp-content\/uploads\/2017\/03\/DSC_0211-1024x576.jpg\" alt=\"DSC_0211\" width=\"1024\" height=\"576\" srcset=\"https:\/\/www.saint-paul-angouleme.fr\/application\/wp-content\/uploads\/2017\/03\/DSC_0211-1024x576.jpg 1024w, https:\/\/www.saint-paul-angouleme.fr\/application\/wp-content\/uploads\/2017\/03\/DSC_0211-300x169.jpg 300w, https:\/\/www.saint-paul-angouleme.fr\/application\/wp-content\/uploads\/2017\/03\/DSC_0211-768x432.jpg 768w\" sizes=\"(max-width: 1024px) 100vw, 1024px\" \/><\/a><\/p>\n<p style=\"text-align: justify;\"><span style=\"color: #333333; font-family: helvetica,arial,sans-serif; font-size: 20px;\">Toujours dans le cadre de la \u00ab\u00a0Semaine des Math\u00e9matiques\u00a0\u00bb (du 13 au 17 mars 2017) Monsieur Arthur Francisco est venu faire trois conf\u00e9rences math\u00e9matiques dans une classe de troisi\u00e8me et deux classes de secondes.<\/span><\/p>\n<p style=\"text-align: justify;\"><span style=\"color: #333333; font-family: helvetica,arial,sans-serif; font-size: 20px;\">Apr\u00e8s s\u2019\u00eatre pr\u00e9sent\u00e9 (il est enseignant \u2013 chercheur et parent d\u2019\u00e9l\u00e8ves \u00e0 St Paul) Monsieur Francisco a explicit\u00e9 le th\u00e8me dans ses diff\u00e9rents aspects.<\/span><\/p>\n<blockquote>\n<p style=\"text-align: justify;\"><span style=\"color: #333333; font-family: helvetica,arial,sans-serif; font-size: 20px;\"><em>Le langage nous permet depuis des milliers d\u2019ann\u00e9es de formaliser des pens\u00e9es (\u2026) Cette formalisation s\u2019est adapt\u00e9e \u00e0 l\u2019usage des math\u00e9matiques. Et voil\u00e0 que, depuis quelques dizaines d\u2019ann\u00e9es, les math\u00e9matiques nous permettent d\u2019am\u00e9liorer le langage en s\u2019appuyant sur les intelligences artificielles. Allons-nous vers une humanit\u00e9 augment\u00e9e ou\u2026 assist\u00e9e\u00a0? (A.F)<\/em><\/span><\/p>\n<\/blockquote>\n<p style=\"text-align: justify;\"><span style=\"color: #333333; font-family: helvetica,arial,sans-serif; font-size: 20px;\"><a href=\"http:\/\/www.saint-paul-angouleme.fr\/application\/wp-content\/uploads\/2017\/03\/DSC_0213.jpg\"><img loading=\"lazy\" decoding=\"async\" class=\"alignleft size-medium wp-image-347\" src=\"http:\/\/www.saint-paul-angouleme.fr\/application\/wp-content\/uploads\/2017\/03\/DSC_0213-300x169.jpg\" alt=\"DSC_0213\" width=\"300\" height=\"169\" srcset=\"https:\/\/www.saint-paul-angouleme.fr\/application\/wp-content\/uploads\/2017\/03\/DSC_0213-300x169.jpg 300w, https:\/\/www.saint-paul-angouleme.fr\/application\/wp-content\/uploads\/2017\/03\/DSC_0213-768x432.jpg 768w, https:\/\/www.saint-paul-angouleme.fr\/application\/wp-content\/uploads\/2017\/03\/DSC_0213-1024x576.jpg 1024w\" sizes=\"(max-width: 300px) 100vw, 300px\" \/><\/a>Avant d\u2019entrer \u00ab\u00a0dans le vif du sujet\u00a0\u00bb Monsieur Francisco a tenu \u00e0 faire tomber quelques clich\u00e9s par-rapport aux math\u00e9matiques\u00a0: non les math\u00e9matiques ne sont pas d\u00e9di\u00e9es \u00e0 une \u00e9lite, non elles ne sont pas ferm\u00e9es aux femmes. Un extrait d\u2019une vid\u00e9o de Gad Elmaleh a permis d\u2019illustrer avec humour le regard que de nombreuses personnes, jeunes ou adultes, peuvent porter sur les math\u00e9matiques.<\/span><\/p>\n<p style=\"text-align: justify;\"><span style=\"color: #333333; font-family: helvetica,arial,sans-serif; font-size: 20px;\">La conf\u00e9rence s\u2019oriente ensuite sur l\u2019histoire des math\u00e9matiques\u00a0: Thal\u00e8s, Euclide, Brahmagupta (un Indien) au VII<sup>\u00e8me<\/sup> si\u00e8cle <em>(le nombre z\u00e9ro est r\u00e9ellement trait\u00e9 comme un nombre et il manie parfaitement les entiers n\u00e9gatifs, qui lui servent \u00e0 repr\u00e9senter les pertes)<\/em>, Al Kharizmi <em>(\u00e0 l\u2019origine de l\u2019alg\u00e8bre \u2018Al-Jabr\u2019 vers l\u2019an 800)<\/em>, puis plusieurs centaines d\u2019ann\u00e9es plus tard Fran\u00e7ois Vi\u00e8te (1540-1603) qui introduit la formalisation des calculs alg\u00e9briques\u00a0; il est aussi le premier \u00e0 utiliser des lettres pour d\u00e9signer \u00e0 la fois les quantit\u00e9s inconnues (not\u00e9es par des voyelles) et les quantit\u00e9s connues (not\u00e9es par les consonnes) et bien s\u00fbr Descartes au XVII<sup>\u00e8me<\/sup> si\u00e8cle.<\/span><\/p>\n<p style=\"text-align: justify;\"><span style=\"color: #333333; font-family: helvetica,arial,sans-serif; font-size: 20px;\">C\u2019est entre le XV<sup>\u00e8me<\/sup> et le XVII<sup>\u00e8me<\/sup> si\u00e8cle qu\u2019apparaissent ces symboles math\u00e9matiques\u00a0: +, -, ( ),<strong> \u221a<\/strong>, =, &lt; &gt;, % etc.<\/span><\/p>\n<p style=\"text-align: justify;\"><span style=\"color: #333333; font-family: helvetica,arial,sans-serif; font-size: 20px;\">Progressivement l\u2019expos\u00e9 va alors s\u2019orienter vers les intelligences artificielles (en passant bien s\u00fbr par les algorithmes, les cr\u00e9ations de chiffres avec des r\u00e9seaux de neurones pour arriver aux diff\u00e9rentes applications qui en d\u00e9coulent\u00a0: smartphones, robots, a\u00e9rospatiale\u2026).<\/span><\/p>\n<p style=\"text-align: justify;\"><span style=\"color: #333333; font-family: helvetica,arial,sans-serif; font-size: 20px;\">En guise de conclusion : les math\u00e9matiques sont pour tous, chacun a son niveau. Oui, la math\u00e9matique est une langue vivante\u00a0!<\/span><\/p>\n<p style=\"text-align: justify;\"><a href=\"http:\/\/www.saint-paul-angouleme.fr\/application\/wp-content\/uploads\/2017\/03\/DSC_0217.jpg\"><img loading=\"lazy\" decoding=\"async\" class=\"aligncenter size-large wp-image-348\" src=\"http:\/\/www.saint-paul-angouleme.fr\/application\/wp-content\/uploads\/2017\/03\/DSC_0217-1024x576.jpg\" alt=\"DSC_0217\" width=\"1024\" height=\"576\" srcset=\"https:\/\/www.saint-paul-angouleme.fr\/application\/wp-content\/uploads\/2017\/03\/DSC_0217-1024x576.jpg 1024w, https:\/\/www.saint-paul-angouleme.fr\/application\/wp-content\/uploads\/2017\/03\/DSC_0217-300x169.jpg 300w, https:\/\/www.saint-paul-angouleme.fr\/application\/wp-content\/uploads\/2017\/03\/DSC_0217-768x432.jpg 768w\" sizes=\"(max-width: 1024px) 100vw, 1024px\" \/><\/a><\/p>\n","protected":false},"excerpt":{"rendered":"<p>Toujours dans le cadre de la \u00ab\u00a0Semaine des Math\u00e9matiques\u00a0\u00bb (du 13 au 17 mars 2017) Monsieur Arthur Francisco est venu faire trois conf\u00e9rences math\u00e9matiques dans une classe de troisi\u00e8me et deux classes de secondes. Apr\u00e8s s\u2019\u00eatre pr\u00e9sent\u00e9 (il est enseignant \u2013 chercheur et parent d\u2019\u00e9l\u00e8ves \u00e0 St Paul) Monsieur Francisco a explicit\u00e9 le th\u00e8me dans &#8230; <a title=\"Conf\u00e9rence math\u00e9matique : \u00abMath\u00e9matiques et Langages\u00bb\" class=\"read-more\" href=\"https:\/\/www.saint-paul-angouleme.fr\/application\/conference-mathematique-mathematiques-et-langages\/\" aria-label=\"Read more about Conf\u00e9rence math\u00e9matique : \u00abMath\u00e9matiques et Langages\u00bb\">Lire la suite<\/a><\/p>\n","protected":false},"author":3,"featured_media":0,"comment_status":"open","ping_status":"open","sticky":false,"template":"","format":"standard","meta":{"_exactmetrics_skip_tracking":false,"_exactmetrics_sitenote_active":false,"_exactmetrics_sitenote_note":"","_exactmetrics_sitenote_category":0,"footnotes":""},"categories":[2,13],"tags":[],"class_list":["post-345","post","type-post","status-publish","format-standard","hentry","category-look-on","category-pedagogie"],"yoast_head":"<!-- This site is optimized with the Yoast SEO plugin v23.3 - https:\/\/yoast.com\/wordpress\/plugins\/seo\/ -->\n<title>Conf\u00e9rence math\u00e9matique : \u00abMath\u00e9matiques et Langages\u00bb - Actualit\u00e9s<\/title>\n<meta name=\"robots\" content=\"index, follow, max-snippet:-1, max-image-preview:large, max-video-preview:-1\" \/>\n<link rel=\"canonical\" href=\"https:\/\/www.saint-paul-angouleme.fr\/application\/conference-mathematique-mathematiques-et-langages\/\" \/>\n<meta property=\"og:locale\" content=\"fr_FR\" \/>\n<meta property=\"og:type\" content=\"article\" \/>\n<meta property=\"og:title\" content=\"Conf\u00e9rence math\u00e9matique : \u00abMath\u00e9matiques et Langages\u00bb - Actualit\u00e9s\" \/>\n<meta property=\"og:description\" content=\"Toujours dans le cadre de la \u00ab\u00a0Semaine des Math\u00e9matiques\u00a0\u00bb (du 13 au 17 mars 2017) Monsieur Arthur Francisco est venu faire trois conf\u00e9rences math\u00e9matiques dans une classe de troisi\u00e8me et deux classes de secondes. Apr\u00e8s s\u2019\u00eatre pr\u00e9sent\u00e9 (il est enseignant \u2013 chercheur et parent d\u2019\u00e9l\u00e8ves \u00e0 St Paul) Monsieur Francisco a explicit\u00e9 le th\u00e8me dans ... Lire la suite\" \/>\n<meta property=\"og:url\" content=\"https:\/\/www.saint-paul-angouleme.fr\/application\/conference-mathematique-mathematiques-et-langages\/\" \/>\n<meta property=\"og:site_name\" content=\"Actualit\u00e9s\" \/>\n<meta property=\"article:publisher\" content=\"https:\/\/www.facebook.com\/SaintPaulAngouleme16\/\" \/>\n<meta property=\"article:published_time\" content=\"2017-03-21T23:52:43+00:00\" \/>\n<meta property=\"article:modified_time\" content=\"2017-04-20T08:00:02+00:00\" \/>\n<meta property=\"og:image\" content=\"http:\/\/www.saint-paul-angouleme.fr\/application\/wp-content\/uploads\/2017\/03\/DSC_0211-1024x576.jpg\" \/>\n<meta name=\"author\" content=\"SAINT-PAUL\" \/>\n<meta name=\"twitter:card\" content=\"summary_large_image\" \/>\n<meta name=\"twitter:creator\" content=\"@StPaulAngoulem\" \/>\n<meta name=\"twitter:site\" content=\"@StPaulAngoulem\" \/>\n<meta name=\"twitter:label1\" content=\"\u00c9crit par\" \/>\n\t<meta name=\"twitter:data1\" content=\"SAINT-PAUL\" \/>\n\t<meta name=\"twitter:label2\" content=\"Dur\u00e9e de lecture estim\u00e9e\" \/>\n\t<meta name=\"twitter:data2\" content=\"2 minutes\" \/>\n<script type=\"application\/ld+json\" class=\"yoast-schema-graph\">{\"@context\":\"https:\/\/schema.org\",\"@graph\":[{\"@type\":\"Article\",\"@id\":\"https:\/\/www.saint-paul-angouleme.fr\/application\/conference-mathematique-mathematiques-et-langages\/#article\",\"isPartOf\":{\"@id\":\"https:\/\/www.saint-paul-angouleme.fr\/application\/conference-mathematique-mathematiques-et-langages\/\"},\"author\":{\"name\":\"SAINT-PAUL\",\"@id\":\"https:\/\/www.saint-paul-angouleme.fr\/application\/#\/schema\/person\/ea152930b1a3823659065827b1a5fb9b\"},\"headline\":\"Conf\u00e9rence math\u00e9matique : \u00abMath\u00e9matiques et Langages\u00bb\",\"datePublished\":\"2017-03-21T23:52:43+00:00\",\"dateModified\":\"2017-04-20T08:00:02+00:00\",\"mainEntityOfPage\":{\"@id\":\"https:\/\/www.saint-paul-angouleme.fr\/application\/conference-mathematique-mathematiques-et-langages\/\"},\"wordCount\":419,\"commentCount\":0,\"publisher\":{\"@id\":\"https:\/\/www.saint-paul-angouleme.fr\/application\/#organization\"},\"image\":{\"@id\":\"https:\/\/www.saint-paul-angouleme.fr\/application\/conference-mathematique-mathematiques-et-langages\/#primaryimage\"},\"thumbnailUrl\":\"http:\/\/www.saint-paul-angouleme.fr\/application\/wp-content\/uploads\/2017\/03\/DSC_0211-1024x576.jpg\",\"articleSection\":[\"Look on\",\"P\u00e9dagogie\"],\"inLanguage\":\"fr-FR\",\"potentialAction\":[{\"@type\":\"CommentAction\",\"name\":\"Comment\",\"target\":[\"https:\/\/www.saint-paul-angouleme.fr\/application\/conference-mathematique-mathematiques-et-langages\/#respond\"]}]},{\"@type\":\"WebPage\",\"@id\":\"https:\/\/www.saint-paul-angouleme.fr\/application\/conference-mathematique-mathematiques-et-langages\/\",\"url\":\"https:\/\/www.saint-paul-angouleme.fr\/application\/conference-mathematique-mathematiques-et-langages\/\",\"name\":\"Conf\u00e9rence math\u00e9matique : \u00abMath\u00e9matiques et Langages\u00bb - Actualit\u00e9s\",\"isPartOf\":{\"@id\":\"https:\/\/www.saint-paul-angouleme.fr\/application\/#website\"},\"primaryImageOfPage\":{\"@id\":\"https:\/\/www.saint-paul-angouleme.fr\/application\/conference-mathematique-mathematiques-et-langages\/#primaryimage\"},\"image\":{\"@id\":\"https:\/\/www.saint-paul-angouleme.fr\/application\/conference-mathematique-mathematiques-et-langages\/#primaryimage\"},\"thumbnailUrl\":\"http:\/\/www.saint-paul-angouleme.fr\/application\/wp-content\/uploads\/2017\/03\/DSC_0211-1024x576.jpg\",\"datePublished\":\"2017-03-21T23:52:43+00:00\",\"dateModified\":\"2017-04-20T08:00:02+00:00\",\"breadcrumb\":{\"@id\":\"https:\/\/www.saint-paul-angouleme.fr\/application\/conference-mathematique-mathematiques-et-langages\/#breadcrumb\"},\"inLanguage\":\"fr-FR\",\"potentialAction\":[{\"@type\":\"ReadAction\",\"target\":[\"https:\/\/www.saint-paul-angouleme.fr\/application\/conference-mathematique-mathematiques-et-langages\/\"]}]},{\"@type\":\"ImageObject\",\"inLanguage\":\"fr-FR\",\"@id\":\"https:\/\/www.saint-paul-angouleme.fr\/application\/conference-mathematique-mathematiques-et-langages\/#primaryimage\",\"url\":\"https:\/\/www.saint-paul-angouleme.fr\/application\/wp-content\/uploads\/2017\/03\/DSC_0211.jpg\",\"contentUrl\":\"https:\/\/www.saint-paul-angouleme.fr\/application\/wp-content\/uploads\/2017\/03\/DSC_0211.jpg\",\"width\":3840,\"height\":2160},{\"@type\":\"BreadcrumbList\",\"@id\":\"https:\/\/www.saint-paul-angouleme.fr\/application\/conference-mathematique-mathematiques-et-langages\/#breadcrumb\",\"itemListElement\":[{\"@type\":\"ListItem\",\"position\":1,\"name\":\"Accueil\",\"item\":\"http:\/\/www.saint-paul-angouleme.fr\/application\/\"},{\"@type\":\"ListItem\",\"position\":2,\"name\":\"Conf\u00e9rence math\u00e9matique : \u00abMath\u00e9matiques et Langages\u00bb\"}]},{\"@type\":\"WebSite\",\"@id\":\"https:\/\/www.saint-paul-angouleme.fr\/application\/#website\",\"url\":\"https:\/\/www.saint-paul-angouleme.fr\/application\/\",\"name\":\"Actualit\u00e9s\",\"description\":\"Actualit\u00e9s Saint Paul\",\"publisher\":{\"@id\":\"https:\/\/www.saint-paul-angouleme.fr\/application\/#organization\"},\"potentialAction\":[{\"@type\":\"SearchAction\",\"target\":{\"@type\":\"EntryPoint\",\"urlTemplate\":\"https:\/\/www.saint-paul-angouleme.fr\/application\/?s={search_term_string}\"},\"query-input\":\"required name=search_term_string\"}],\"inLanguage\":\"fr-FR\"},{\"@type\":\"Organization\",\"@id\":\"https:\/\/www.saint-paul-angouleme.fr\/application\/#organization\",\"name\":\"Ensemble scolaire Saint-Paul\",\"url\":\"https:\/\/www.saint-paul-angouleme.fr\/application\/\",\"logo\":{\"@type\":\"ImageObject\",\"inLanguage\":\"fr-FR\",\"@id\":\"https:\/\/www.saint-paul-angouleme.fr\/application\/#\/schema\/logo\/image\/\",\"url\":\"https:\/\/www.saint-paul-angouleme.fr\/application\/wp-content\/uploads\/2018\/08\/logo-saint-paul-couleurs.jpg\",\"contentUrl\":\"https:\/\/www.saint-paul-angouleme.fr\/application\/wp-content\/uploads\/2018\/08\/logo-saint-paul-couleurs.jpg\",\"width\":1890,\"height\":709,\"caption\":\"Ensemble scolaire Saint-Paul\"},\"image\":{\"@id\":\"https:\/\/www.saint-paul-angouleme.fr\/application\/#\/schema\/logo\/image\/\"},\"sameAs\":[\"https:\/\/www.facebook.com\/SaintPaulAngouleme16\/\",\"https:\/\/x.com\/StPaulAngoulem\",\"https:\/\/www.youtube.com\/channel\/UCRLpz1CmPVqc0gn--YyXvjA?view_as=subscriber\"]},{\"@type\":\"Person\",\"@id\":\"https:\/\/www.saint-paul-angouleme.fr\/application\/#\/schema\/person\/ea152930b1a3823659065827b1a5fb9b\",\"name\":\"SAINT-PAUL\",\"image\":{\"@type\":\"ImageObject\",\"inLanguage\":\"fr-FR\",\"@id\":\"https:\/\/www.saint-paul-angouleme.fr\/application\/#\/schema\/person\/image\/\",\"url\":\"https:\/\/secure.gravatar.com\/avatar\/eadb0ffebc02683a61d69038eb2924f0?s=96&r=g\",\"contentUrl\":\"https:\/\/secure.gravatar.com\/avatar\/eadb0ffebc02683a61d69038eb2924f0?s=96&r=g\",\"caption\":\"SAINT-PAUL\"},\"url\":\"https:\/\/www.saint-paul-angouleme.fr\/application\/author\/myriam\/\"}]}<\/script>\n<!-- \/ Yoast SEO plugin. -->","yoast_head_json":{"title":"Conf\u00e9rence math\u00e9matique : \u00abMath\u00e9matiques et Langages\u00bb - Actualit\u00e9s","robots":{"index":"index","follow":"follow","max-snippet":"max-snippet:-1","max-image-preview":"max-image-preview:large","max-video-preview":"max-video-preview:-1"},"canonical":"https:\/\/www.saint-paul-angouleme.fr\/application\/conference-mathematique-mathematiques-et-langages\/","og_locale":"fr_FR","og_type":"article","og_title":"Conf\u00e9rence math\u00e9matique : \u00abMath\u00e9matiques et Langages\u00bb - Actualit\u00e9s","og_description":"Toujours dans le cadre de la \u00ab\u00a0Semaine des Math\u00e9matiques\u00a0\u00bb (du 13 au 17 mars 2017) Monsieur Arthur Francisco est venu faire trois conf\u00e9rences math\u00e9matiques dans une classe de troisi\u00e8me et deux classes de secondes. Apr\u00e8s s\u2019\u00eatre pr\u00e9sent\u00e9 (il est enseignant \u2013 chercheur et parent d\u2019\u00e9l\u00e8ves \u00e0 St Paul) Monsieur Francisco a explicit\u00e9 le th\u00e8me dans ... Lire la suite","og_url":"https:\/\/www.saint-paul-angouleme.fr\/application\/conference-mathematique-mathematiques-et-langages\/","og_site_name":"Actualit\u00e9s","article_publisher":"https:\/\/www.facebook.com\/SaintPaulAngouleme16\/","article_published_time":"2017-03-21T23:52:43+00:00","article_modified_time":"2017-04-20T08:00:02+00:00","og_image":[{"url":"http:\/\/www.saint-paul-angouleme.fr\/application\/wp-content\/uploads\/2017\/03\/DSC_0211-1024x576.jpg"}],"author":"SAINT-PAUL","twitter_card":"summary_large_image","twitter_creator":"@StPaulAngoulem","twitter_site":"@StPaulAngoulem","twitter_misc":{"\u00c9crit par":"SAINT-PAUL","Dur\u00e9e de lecture estim\u00e9e":"2 minutes"},"schema":{"@context":"https:\/\/schema.org","@graph":[{"@type":"Article","@id":"https:\/\/www.saint-paul-angouleme.fr\/application\/conference-mathematique-mathematiques-et-langages\/#article","isPartOf":{"@id":"https:\/\/www.saint-paul-angouleme.fr\/application\/conference-mathematique-mathematiques-et-langages\/"},"author":{"name":"SAINT-PAUL","@id":"https:\/\/www.saint-paul-angouleme.fr\/application\/#\/schema\/person\/ea152930b1a3823659065827b1a5fb9b"},"headline":"Conf\u00e9rence math\u00e9matique : \u00abMath\u00e9matiques et Langages\u00bb","datePublished":"2017-03-21T23:52:43+00:00","dateModified":"2017-04-20T08:00:02+00:00","mainEntityOfPage":{"@id":"https:\/\/www.saint-paul-angouleme.fr\/application\/conference-mathematique-mathematiques-et-langages\/"},"wordCount":419,"commentCount":0,"publisher":{"@id":"https:\/\/www.saint-paul-angouleme.fr\/application\/#organization"},"image":{"@id":"https:\/\/www.saint-paul-angouleme.fr\/application\/conference-mathematique-mathematiques-et-langages\/#primaryimage"},"thumbnailUrl":"http:\/\/www.saint-paul-angouleme.fr\/application\/wp-content\/uploads\/2017\/03\/DSC_0211-1024x576.jpg","articleSection":["Look on","P\u00e9dagogie"],"inLanguage":"fr-FR","potentialAction":[{"@type":"CommentAction","name":"Comment","target":["https:\/\/www.saint-paul-angouleme.fr\/application\/conference-mathematique-mathematiques-et-langages\/#respond"]}]},{"@type":"WebPage","@id":"https:\/\/www.saint-paul-angouleme.fr\/application\/conference-mathematique-mathematiques-et-langages\/","url":"https:\/\/www.saint-paul-angouleme.fr\/application\/conference-mathematique-mathematiques-et-langages\/","name":"Conf\u00e9rence math\u00e9matique : \u00abMath\u00e9matiques et Langages\u00bb - Actualit\u00e9s","isPartOf":{"@id":"https:\/\/www.saint-paul-angouleme.fr\/application\/#website"},"primaryImageOfPage":{"@id":"https:\/\/www.saint-paul-angouleme.fr\/application\/conference-mathematique-mathematiques-et-langages\/#primaryimage"},"image":{"@id":"https:\/\/www.saint-paul-angouleme.fr\/application\/conference-mathematique-mathematiques-et-langages\/#primaryimage"},"thumbnailUrl":"http:\/\/www.saint-paul-angouleme.fr\/application\/wp-content\/uploads\/2017\/03\/DSC_0211-1024x576.jpg","datePublished":"2017-03-21T23:52:43+00:00","dateModified":"2017-04-20T08:00:02+00:00","breadcrumb":{"@id":"https:\/\/www.saint-paul-angouleme.fr\/application\/conference-mathematique-mathematiques-et-langages\/#breadcrumb"},"inLanguage":"fr-FR","potentialAction":[{"@type":"ReadAction","target":["https:\/\/www.saint-paul-angouleme.fr\/application\/conference-mathematique-mathematiques-et-langages\/"]}]},{"@type":"ImageObject","inLanguage":"fr-FR","@id":"https:\/\/www.saint-paul-angouleme.fr\/application\/conference-mathematique-mathematiques-et-langages\/#primaryimage","url":"https:\/\/www.saint-paul-angouleme.fr\/application\/wp-content\/uploads\/2017\/03\/DSC_0211.jpg","contentUrl":"https:\/\/www.saint-paul-angouleme.fr\/application\/wp-content\/uploads\/2017\/03\/DSC_0211.jpg","width":3840,"height":2160},{"@type":"BreadcrumbList","@id":"https:\/\/www.saint-paul-angouleme.fr\/application\/conference-mathematique-mathematiques-et-langages\/#breadcrumb","itemListElement":[{"@type":"ListItem","position":1,"name":"Accueil","item":"http:\/\/www.saint-paul-angouleme.fr\/application\/"},{"@type":"ListItem","position":2,"name":"Conf\u00e9rence math\u00e9matique : \u00abMath\u00e9matiques et Langages\u00bb"}]},{"@type":"WebSite","@id":"https:\/\/www.saint-paul-angouleme.fr\/application\/#website","url":"https:\/\/www.saint-paul-angouleme.fr\/application\/","name":"Actualit\u00e9s","description":"Actualit\u00e9s Saint Paul","publisher":{"@id":"https:\/\/www.saint-paul-angouleme.fr\/application\/#organization"},"potentialAction":[{"@type":"SearchAction","target":{"@type":"EntryPoint","urlTemplate":"https:\/\/www.saint-paul-angouleme.fr\/application\/?s={search_term_string}"},"query-input":"required name=search_term_string"}],"inLanguage":"fr-FR"},{"@type":"Organization","@id":"https:\/\/www.saint-paul-angouleme.fr\/application\/#organization","name":"Ensemble scolaire Saint-Paul","url":"https:\/\/www.saint-paul-angouleme.fr\/application\/","logo":{"@type":"ImageObject","inLanguage":"fr-FR","@id":"https:\/\/www.saint-paul-angouleme.fr\/application\/#\/schema\/logo\/image\/","url":"https:\/\/www.saint-paul-angouleme.fr\/application\/wp-content\/uploads\/2018\/08\/logo-saint-paul-couleurs.jpg","contentUrl":"https:\/\/www.saint-paul-angouleme.fr\/application\/wp-content\/uploads\/2018\/08\/logo-saint-paul-couleurs.jpg","width":1890,"height":709,"caption":"Ensemble scolaire Saint-Paul"},"image":{"@id":"https:\/\/www.saint-paul-angouleme.fr\/application\/#\/schema\/logo\/image\/"},"sameAs":["https:\/\/www.facebook.com\/SaintPaulAngouleme16\/","https:\/\/x.com\/StPaulAngoulem","https:\/\/www.youtube.com\/channel\/UCRLpz1CmPVqc0gn--YyXvjA?view_as=subscriber"]},{"@type":"Person","@id":"https:\/\/www.saint-paul-angouleme.fr\/application\/#\/schema\/person\/ea152930b1a3823659065827b1a5fb9b","name":"SAINT-PAUL","image":{"@type":"ImageObject","inLanguage":"fr-FR","@id":"https:\/\/www.saint-paul-angouleme.fr\/application\/#\/schema\/person\/image\/","url":"https:\/\/secure.gravatar.com\/avatar\/eadb0ffebc02683a61d69038eb2924f0?s=96&r=g","contentUrl":"https:\/\/secure.gravatar.com\/avatar\/eadb0ffebc02683a61d69038eb2924f0?s=96&r=g","caption":"SAINT-PAUL"},"url":"https:\/\/www.saint-paul-angouleme.fr\/application\/author\/myriam\/"}]}},"_links":{"self":[{"href":"https:\/\/www.saint-paul-angouleme.fr\/application\/wp-json\/wp\/v2\/posts\/345"}],"collection":[{"href":"https:\/\/www.saint-paul-angouleme.fr\/application\/wp-json\/wp\/v2\/posts"}],"about":[{"href":"https:\/\/www.saint-paul-angouleme.fr\/application\/wp-json\/wp\/v2\/types\/post"}],"author":[{"embeddable":true,"href":"https:\/\/www.saint-paul-angouleme.fr\/application\/wp-json\/wp\/v2\/users\/3"}],"replies":[{"embeddable":true,"href":"https:\/\/www.saint-paul-angouleme.fr\/application\/wp-json\/wp\/v2\/comments?post=345"}],"version-history":[{"count":3,"href":"https:\/\/www.saint-paul-angouleme.fr\/application\/wp-json\/wp\/v2\/posts\/345\/revisions"}],"predecessor-version":[{"id":351,"href":"https:\/\/www.saint-paul-angouleme.fr\/application\/wp-json\/wp\/v2\/posts\/345\/revisions\/351"}],"wp:attachment":[{"href":"https:\/\/www.saint-paul-angouleme.fr\/application\/wp-json\/wp\/v2\/media?parent=345"}],"wp:term":[{"taxonomy":"category","embeddable":true,"href":"https:\/\/www.saint-paul-angouleme.fr\/application\/wp-json\/wp\/v2\/categories?post=345"},{"taxonomy":"post_tag","embeddable":true,"href":"https:\/\/www.saint-paul-angouleme.fr\/application\/wp-json\/wp\/v2\/tags?post=345"}],"curies":[{"name":"wp","href":"https:\/\/api.w.org\/{rel}","templated":true}]}}