{"id":3374,"date":"2018-10-03T17:27:49","date_gmt":"2018-10-03T15:27:49","guid":{"rendered":"http:\/\/www.saint-paul-angouleme.fr\/application\/?p=3374"},"modified":"2018-10-04T10:31:04","modified_gmt":"2018-10-04T08:31:04","slug":"premier-sejour-pedagogique-et-de-cohesion-a-oleron-des-secondes-ravis-de-cette-aventure","status":"publish","type":"post","link":"https:\/\/www.saint-paul-angouleme.fr\/application\/premier-sejour-pedagogique-et-de-cohesion-a-oleron-des-secondes-ravis-de-cette-aventure\/","title":{"rendered":"Premier s\u00e9jour p\u00e9dagogique et de coh\u00e9sion \u00e0 Ol\u00e9ron : des secondes ravis de cette aventure"},"content":{"rendered":"<figure id=\"attachment_3375\" aria-describedby=\"caption-attachment-3375\" style=\"width: 1014px\" class=\"wp-caption aligncenter\"><a href=\"http:\/\/www.saint-paul-angouleme.fr\/application\/wp-content\/uploads\/2018\/10\/Arriv\u00e9e-\u00e0-BoyardVille.jpg\"><img loading=\"lazy\" decoding=\"async\" class=\"wp-image-3375 size-large\" title=\"Arriv\u00e9e \u00e0 Boyardville\" src=\"http:\/\/www.saint-paul-angouleme.fr\/application\/wp-content\/uploads\/2018\/10\/Arriv\u00e9e-\u00e0-BoyardVille-1024x768.jpg\" alt=\"Arriv\u00e9e \u00e0 Boyardville\" width=\"1024\" height=\"768\" data-id=\"3375\" srcset=\"https:\/\/www.saint-paul-angouleme.fr\/application\/wp-content\/uploads\/2018\/10\/Arriv\u00e9e-\u00e0-BoyardVille-1024x768.jpg 1024w, https:\/\/www.saint-paul-angouleme.fr\/application\/wp-content\/uploads\/2018\/10\/Arriv\u00e9e-\u00e0-BoyardVille-300x225.jpg 300w, https:\/\/www.saint-paul-angouleme.fr\/application\/wp-content\/uploads\/2018\/10\/Arriv\u00e9e-\u00e0-BoyardVille-768x576.jpg 768w\" sizes=\"(max-width: 1024px) 100vw, 1024px\" \/><\/a><figcaption id=\"caption-attachment-3375\" class=\"wp-caption-text\"><span style=\"font-size: 10px; font-family: verdana, geneva, sans-serif;\">Photo du premier groupe&#8230;<\/span><\/figcaption><\/figure>\n<p style=\"text-align: justify;\"><span style=\"font-family: verdana, geneva, sans-serif; color: #333333;\">Lundi 1er et mardi 2 octobre 2018 nos \u00e9l\u00e8ves de 201, 203 et 204 ont test\u00e9 le premier s\u00e9jour sur l&#8217;\u00eele d&#8217;Ol\u00e9ron. <\/span><\/p>\n<p style=\"text-align: justify;\"><span style=\"font-family: verdana, geneva, sans-serif; color: #333333;\">Premi\u00e8re exp\u00e9rience propos\u00e9e par notre \u00e9tablissement en ce d\u00e9but d&#8217;ann\u00e9e scolaire, il s&#8217;inscrit dans la continuit\u00e9 de notre projet p\u00e9dagogique et permet aux \u00e9l\u00e8ves d&#8217;appr\u00e9cier le caract\u00e8re propre de notre \u00e9tablissement. Il propose \u00e9galement des activit\u00e9s en lien avec le programme SVT de seconde et vise \u00e0 am\u00e9liorer la coh\u00e9sion des classes au d\u00e9but du Lyc\u00e9e. <\/span><\/p>\n<p style=\"text-align: justify;\"><span style=\"font-family: verdana, geneva, sans-serif; color: #333333;\">A leur arriv\u00e9e, l&#8217;ESPACE (association des \u00e9ducateurs et personnels de Saint-Paul) a offert une casquette \u00e0 nos \u00e9l\u00e8ves avec le blason de Saint-Paul et une visi\u00e8re de couleur diff\u00e9rente par classe. Nous sommes all\u00e9s les rejoindre le lundi apr\u00e8s midi : M. Fran\u00e7ois CONSTANTIN (chef d&#8217;\u00e9tablissement), Mme Pascale SUTRE (adjointe de direction), M. Olivier FABRE (coordinateur \u00e9ducatif et p\u00e9dagogique) et Mme Myriam ETEVENARD (Coordinatrice de communication &amp; APS).<\/span><\/p>\n<figure id=\"attachment_3378\" aria-describedby=\"caption-attachment-3378\" style=\"width: 1014px\" class=\"wp-caption aligncenter\"><a href=\"http:\/\/www.saint-paul-angouleme.fr\/application\/wp-content\/uploads\/2018\/10\/Cest-encore-loin-la-mer.jpg\"><img loading=\"lazy\" decoding=\"async\" class=\"wp-image-3378 size-large\" title=\"C'est encore loin la mer ?\" src=\"http:\/\/www.saint-paul-angouleme.fr\/application\/wp-content\/uploads\/2018\/10\/Cest-encore-loin-la-mer-1024x768.jpg\" alt=\"C'est encore loin la mer ?\" width=\"1024\" height=\"768\" data-id=\"3378\" srcset=\"https:\/\/www.saint-paul-angouleme.fr\/application\/wp-content\/uploads\/2018\/10\/Cest-encore-loin-la-mer-1024x768.jpg 1024w, https:\/\/www.saint-paul-angouleme.fr\/application\/wp-content\/uploads\/2018\/10\/Cest-encore-loin-la-mer-300x225.jpg 300w, https:\/\/www.saint-paul-angouleme.fr\/application\/wp-content\/uploads\/2018\/10\/Cest-encore-loin-la-mer-768x576.jpg 768w, https:\/\/www.saint-paul-angouleme.fr\/application\/wp-content\/uploads\/2018\/10\/Cest-encore-loin-la-mer.jpg 2048w\" sizes=\"(max-width: 1024px) 100vw, 1024px\" \/><\/a><figcaption id=\"caption-attachment-3378\" class=\"wp-caption-text\"><span style=\"font-family: verdana, geneva, sans-serif; font-size: 10px;\">Mettre les voiliers \u00e0 l&#8217;eau&#8230;<\/span><\/figcaption><\/figure>\n<figure id=\"attachment_3381\" aria-describedby=\"caption-attachment-3381\" style=\"width: 1014px\" class=\"wp-caption aligncenter\"><a href=\"http:\/\/www.saint-paul-angouleme.fr\/application\/wp-content\/uploads\/2018\/10\/Mode-demploi.jpg\"><img loading=\"lazy\" decoding=\"async\" class=\"wp-image-3381 size-large\" title=\"Mode d'emploi\" src=\"http:\/\/www.saint-paul-angouleme.fr\/application\/wp-content\/uploads\/2018\/10\/Mode-demploi-1024x768.jpg\" alt=\"Mode d'emploi\" width=\"1024\" height=\"768\" data-id=\"3381\" srcset=\"https:\/\/www.saint-paul-angouleme.fr\/application\/wp-content\/uploads\/2018\/10\/Mode-demploi-1024x768.jpg 1024w, https:\/\/www.saint-paul-angouleme.fr\/application\/wp-content\/uploads\/2018\/10\/Mode-demploi-300x225.jpg 300w, https:\/\/www.saint-paul-angouleme.fr\/application\/wp-content\/uploads\/2018\/10\/Mode-demploi-768x576.jpg 768w, https:\/\/www.saint-paul-angouleme.fr\/application\/wp-content\/uploads\/2018\/10\/Mode-demploi.jpg 2048w\" sizes=\"(max-width: 1024px) 100vw, 1024px\" \/><\/a><figcaption id=\"caption-attachment-3381\" class=\"wp-caption-text\"><span style=\"font-size: 10px; font-family: verdana, geneva, sans-serif;\">Indications avant le d\u00e9part<\/span><\/figcaption><\/figure>\n<figure id=\"attachment_3398\" aria-describedby=\"caption-attachment-3398\" style=\"width: 1014px\" class=\"wp-caption aligncenter\"><a href=\"http:\/\/www.saint-paul-angouleme.fr\/application\/wp-content\/uploads\/2018\/10\/Equipage.jpg\"><img loading=\"lazy\" decoding=\"async\" class=\"wp-image-3398 size-large\" title=\"Bel \u00e9quipage\" src=\"http:\/\/www.saint-paul-angouleme.fr\/application\/wp-content\/uploads\/2018\/10\/Equipage-1024x768.jpg\" alt=\"Bel \u00e9quipage\" width=\"1024\" height=\"768\" data-id=\"3398\" srcset=\"https:\/\/www.saint-paul-angouleme.fr\/application\/wp-content\/uploads\/2018\/10\/Equipage-1024x768.jpg 1024w, https:\/\/www.saint-paul-angouleme.fr\/application\/wp-content\/uploads\/2018\/10\/Equipage-300x225.jpg 300w, https:\/\/www.saint-paul-angouleme.fr\/application\/wp-content\/uploads\/2018\/10\/Equipage-768x576.jpg 768w\" sizes=\"(max-width: 1024px) 100vw, 1024px\" \/><\/a><figcaption id=\"caption-attachment-3398\" class=\"wp-caption-text\"><span style=\"font-family: verdana, geneva, sans-serif; font-size: 10px;\">Derniers conseils<\/span><\/figcaption><\/figure>\n<p style=\"text-align: justify;\"><span style=\"font-family: verdana, geneva, sans-serif; color: #333333;\">H\u00e9berg\u00e9s au <a style=\"color: #333333;\" href=\"http:\/\/www.cap-sur-boyard.com\/hebergement.html\">Centre sportif de Boyardville<\/a>, en bord de mer, la journ\u00e9e a d\u00e9marr\u00e9 pour une partie du groupe par l&#8217;activit\u00e9 voile. Ciel bleu, soleil et vent (un peu frais&#8230;) : des conditions id\u00e9ales pour nos skipper en herbe ! Les voiliers s&#8217;\u00e9loignent rapidement du rivage.<\/span><\/p>\n<figure id=\"attachment_3383\" aria-describedby=\"caption-attachment-3383\" style=\"width: 1014px\" class=\"wp-caption aligncenter\"><a href=\"http:\/\/www.saint-paul-angouleme.fr\/application\/wp-content\/uploads\/2018\/10\/P1350441.jpg\"><img loading=\"lazy\" decoding=\"async\" class=\"wp-image-3383 size-large\" title=\"Cap au large\" src=\"http:\/\/www.saint-paul-angouleme.fr\/application\/wp-content\/uploads\/2018\/10\/P1350441-1024x683.jpg\" alt=\"Cap au large\" width=\"1024\" height=\"683\" data-id=\"3383\" srcset=\"https:\/\/www.saint-paul-angouleme.fr\/application\/wp-content\/uploads\/2018\/10\/P1350441-1024x683.jpg 1024w, https:\/\/www.saint-paul-angouleme.fr\/application\/wp-content\/uploads\/2018\/10\/P1350441-300x200.jpg 300w, https:\/\/www.saint-paul-angouleme.fr\/application\/wp-content\/uploads\/2018\/10\/P1350441-768x512.jpg 768w\" sizes=\"(max-width: 1024px) 100vw, 1024px\" \/><\/a><figcaption id=\"caption-attachment-3383\" class=\"wp-caption-text\"><span style=\"font-family: verdana, geneva, sans-serif; font-size: 10px;\">Voguer au fil de l&#8217;eau&#8230;<\/span><\/figcaption><\/figure>\n<p style=\"text-align: justify;\"><span style=\"font-family: verdana, geneva, sans-serif; color: #333333;\">Pendant ce temps, un autre groupe visitait le marais salant du &#8220;Port des Salines&#8221; ou encore la &#8220;Cit\u00e9 de l\u2019hu\u00eetre&#8221; \u00e0 Marennes et le marais aux oiseaux des Grissoti\u00e8res&#8230;<\/span><\/p>\n<figure id=\"attachment_3386\" aria-describedby=\"caption-attachment-3386\" style=\"width: 1014px\" class=\"wp-caption aligncenter\"><a href=\"http:\/\/www.saint-paul-angouleme.fr\/application\/wp-content\/uploads\/2018\/10\/Port-des-salines.jpg\"><img loading=\"lazy\" decoding=\"async\" class=\"wp-image-3386 size-large\" title=\"Le port et les cabanes\" src=\"http:\/\/www.saint-paul-angouleme.fr\/application\/wp-content\/uploads\/2018\/10\/Port-des-salines-1024x768.jpg\" alt=\"Le port et les cabanes\" width=\"1024\" height=\"768\" data-id=\"3386\" srcset=\"https:\/\/www.saint-paul-angouleme.fr\/application\/wp-content\/uploads\/2018\/10\/Port-des-salines-1024x768.jpg 1024w, https:\/\/www.saint-paul-angouleme.fr\/application\/wp-content\/uploads\/2018\/10\/Port-des-salines-300x225.jpg 300w, https:\/\/www.saint-paul-angouleme.fr\/application\/wp-content\/uploads\/2018\/10\/Port-des-salines-768x576.jpg 768w, https:\/\/www.saint-paul-angouleme.fr\/application\/wp-content\/uploads\/2018\/10\/Port-des-salines.jpg 1080w\" sizes=\"(max-width: 1024px) 100vw, 1024px\" \/><\/a><figcaption id=\"caption-attachment-3386\" class=\"wp-caption-text\"><span style=\"font-family: verdana, geneva, sans-serif; font-size: 10px;\">Port des salines<\/span><\/figcaption><\/figure>\n<figure id=\"attachment_3387\" aria-describedby=\"caption-attachment-3387\" style=\"width: 1014px\" class=\"wp-caption aligncenter\"><a href=\"http:\/\/www.saint-paul-angouleme.fr\/application\/wp-content\/uploads\/2018\/10\/Sauniers-au-travail.jpg\"><img loading=\"lazy\" decoding=\"async\" class=\"wp-image-3387 size-large\" title=\"Saunier au travail\" src=\"http:\/\/www.saint-paul-angouleme.fr\/application\/wp-content\/uploads\/2018\/10\/Sauniers-au-travail-1024x768.jpg\" alt=\"Saunier au travail\" width=\"1024\" height=\"768\" data-id=\"3387\" srcset=\"https:\/\/www.saint-paul-angouleme.fr\/application\/wp-content\/uploads\/2018\/10\/Sauniers-au-travail-1024x768.jpg 1024w, https:\/\/www.saint-paul-angouleme.fr\/application\/wp-content\/uploads\/2018\/10\/Sauniers-au-travail-300x225.jpg 300w, https:\/\/www.saint-paul-angouleme.fr\/application\/wp-content\/uploads\/2018\/10\/Sauniers-au-travail-768x576.jpg 768w, https:\/\/www.saint-paul-angouleme.fr\/application\/wp-content\/uploads\/2018\/10\/Sauniers-au-travail.jpg 1080w\" sizes=\"(max-width: 1024px) 100vw, 1024px\" \/><\/a><figcaption id=\"caption-attachment-3387\" class=\"wp-caption-text\"><span style=\"font-family: verdana, geneva, sans-serif; font-size: 10px;\">Port des salines<\/span><\/figcaption><\/figure>\n<figure id=\"attachment_3388\" aria-describedby=\"caption-attachment-3388\" style=\"width: 1014px\" class=\"wp-caption aligncenter\"><a href=\"http:\/\/www.saint-paul-angouleme.fr\/application\/wp-content\/uploads\/2018\/10\/Cit\u00e9-de-lhuitre-les-204.jpg\"><img loading=\"lazy\" decoding=\"async\" class=\"wp-image-3388 size-large\" title=\"Les 204\" src=\"http:\/\/www.saint-paul-angouleme.fr\/application\/wp-content\/uploads\/2018\/10\/Cit\u00e9-de-lhuitre-les-204-1024x768.jpg\" alt=\"Les 204\" width=\"1024\" height=\"768\" data-id=\"3388\" srcset=\"https:\/\/www.saint-paul-angouleme.fr\/application\/wp-content\/uploads\/2018\/10\/Cit\u00e9-de-lhuitre-les-204-1024x768.jpg 1024w, https:\/\/www.saint-paul-angouleme.fr\/application\/wp-content\/uploads\/2018\/10\/Cit\u00e9-de-lhuitre-les-204-300x225.jpg 300w, https:\/\/www.saint-paul-angouleme.fr\/application\/wp-content\/uploads\/2018\/10\/Cit\u00e9-de-lhuitre-les-204-768x576.jpg 768w\" sizes=\"(max-width: 1024px) 100vw, 1024px\" \/><\/a><figcaption id=\"caption-attachment-3388\" class=\"wp-caption-text\"><span style=\"font-family: verdana, geneva, sans-serif; font-size: 10px;\">Cit\u00e9 de l&#8217;hu\u00eetre<\/span><\/figcaption><\/figure>\n<p><a href=\"http:\/\/www.saint-paul-angouleme.fr\/application\/wp-content\/uploads\/2018\/10\/croquis.jpg\"><img loading=\"lazy\" decoding=\"async\" class=\"aligncenter wp-image-3389 size-large\" title=\"Croquis\" src=\"http:\/\/www.saint-paul-angouleme.fr\/application\/wp-content\/uploads\/2018\/10\/croquis-1024x768.jpg\" alt=\"Croquis\" width=\"1024\" height=\"768\" data-id=\"3389\" srcset=\"https:\/\/www.saint-paul-angouleme.fr\/application\/wp-content\/uploads\/2018\/10\/croquis-1024x768.jpg 1024w, https:\/\/www.saint-paul-angouleme.fr\/application\/wp-content\/uploads\/2018\/10\/croquis-300x225.jpg 300w, https:\/\/www.saint-paul-angouleme.fr\/application\/wp-content\/uploads\/2018\/10\/croquis-768x576.jpg 768w\" sizes=\"(max-width: 1024px) 100vw, 1024px\" \/><\/a><\/p>\n<p style=\"text-align: justify;\"><span style=\"font-family: verdana, geneva, sans-serif; color: #333333;\">Au cours de ces deux jours \u00e9taient aussi au programme : \u00e9tude de &#8220;l&#8217;\u00e9cosyst\u00e8me dune&#8221; et une soir\u00e9e d\u00e9tente sous forme d&#8217;enqu\u00eate polici\u00e8re. Bonne humeur, sourires sur les l\u00e8vres et beau temps : un cocktail id\u00e9al qui nous a permis d&#8217;atteindre nos objectifs. Les \u00e9l\u00e8ves ont appr\u00e9ci\u00e9 cette pause maritime : rendez-vous vendredi pour les \u00e9chos du second groupe !<\/span><\/p>\n<figure id=\"attachment_3392\" aria-describedby=\"caption-attachment-3392\" style=\"width: 1014px\" class=\"wp-caption aligncenter\"><a href=\"http:\/\/www.saint-paul-angouleme.fr\/application\/wp-content\/uploads\/2018\/10\/On-the-beach.jpg\"><img loading=\"lazy\" decoding=\"async\" class=\"wp-image-3392 size-large\" title=\"On the beach\" src=\"http:\/\/www.saint-paul-angouleme.fr\/application\/wp-content\/uploads\/2018\/10\/On-the-beach-1024x768.jpg\" alt=\"On the beach\" width=\"1024\" height=\"768\" data-id=\"3392\" srcset=\"https:\/\/www.saint-paul-angouleme.fr\/application\/wp-content\/uploads\/2018\/10\/On-the-beach-1024x768.jpg 1024w, https:\/\/www.saint-paul-angouleme.fr\/application\/wp-content\/uploads\/2018\/10\/On-the-beach-300x225.jpg 300w, https:\/\/www.saint-paul-angouleme.fr\/application\/wp-content\/uploads\/2018\/10\/On-the-beach-768x576.jpg 768w, https:\/\/www.saint-paul-angouleme.fr\/application\/wp-content\/uploads\/2018\/10\/On-the-beach.jpg 2048w\" sizes=\"(max-width: 1024px) 100vw, 1024px\" \/><\/a><figcaption id=\"caption-attachment-3392\" class=\"wp-caption-text\"><span style=\"font-family: verdana, geneva, sans-serif; font-size: 10px;\">L&#8217;air est frais<\/span><\/figcaption><\/figure>\n<p><span style=\"font-family: verdana, geneva, sans-serif; font-size: 16px;\"><div tabindex=\"0\" class=\"cycloneslider cycloneslider-template-standard cycloneslider-width-responsive\" id=\"cycloneslider-oleron-part-1-1\" style=\"max-width:960px\" > <div class=\"cycloneslider-slides cycle-slideshow\" data-cycle-allow-wrap=\"true\" data-cycle-dynamic-height=\"off\" data-cycle-auto-height=\"960:600\" data-cycle-auto-height-easing=\"null\" data-cycle-auto-height-speed=\"250\" data-cycle-delay=\"0\" data-cycle-easing=\"\" data-cycle-fx=\"fade\" data-cycle-hide-non-active=\"true\" data-cycle-log=\"false\" data-cycle-next=\"#cycloneslider-oleron-part-1-1 .cycloneslider-next\" data-cycle-pager=\"#cycloneslider-oleron-part-1-1 .cycloneslider-pager\" data-cycle-pause-on-hover=\"true\" data-cycle-prev=\"#cycloneslider-oleron-part-1-1 .cycloneslider-prev\" data-cycle-slides=\"&gt; div\" data-cycle-speed=\"1000\" data-cycle-swipe=\"1\" data-cycle-tile-count=\"7\" data-cycle-tile-delay=\"100\" data-cycle-tile-vertical=\"true\" data-cycle-timeout=\"4000\" > <div class=\"cycloneslider-slide cycloneslider-slide-image\" > <img decoding=\"async\" src=\"https:\/\/www.saint-paul-angouleme.fr\/application\/wp-content\/uploads\/2018\/10\/43018964_2268441530058621_953167188464762880_n-960x600.jpg\" alt=\"\" title=\"\" \/> <\/div> <div class=\"cycloneslider-slide cycloneslider-slide-image\" > <img decoding=\"async\" src=\"https:\/\/www.saint-paul-angouleme.fr\/application\/wp-content\/uploads\/2018\/10\/Anatomie-de-lhuitre-960x600.jpg\" alt=\"\" title=\"\" \/> <\/div> <div class=\"cycloneslider-slide cycloneslider-slide-image\" > <img decoding=\"async\" src=\"https:\/\/www.saint-paul-angouleme.fr\/application\/wp-content\/uploads\/2018\/10\/Apprentis-sauniers-960x600.jpg\" alt=\"\" title=\"\" \/> <\/div> <div class=\"cycloneslider-slide cycloneslider-slide-image\" > <img decoding=\"async\" src=\"https:\/\/www.saint-paul-angouleme.fr\/application\/wp-content\/uploads\/2018\/10\/Bus-2-960x600.jpg\" alt=\"\" title=\"\" \/> <\/div> <div class=\"cycloneslider-slide cycloneslider-slide-image\" > <img decoding=\"async\" src=\"https:\/\/www.saint-paul-angouleme.fr\/application\/wp-content\/uploads\/2018\/10\/Bus-960x600.jpg\" alt=\"\" title=\"\" \/> <\/div> <div class=\"cycloneslider-slide cycloneslider-slide-image\" > <img decoding=\"async\" src=\"https:\/\/www.saint-paul-angouleme.fr\/application\/wp-content\/uploads\/2018\/10\/Cest-parti-960x600.jpg\" alt=\"\" title=\"\" \/> <\/div> <div class=\"cycloneslider-slide cycloneslider-slide-image\" > <img decoding=\"async\" src=\"https:\/\/www.saint-paul-angouleme.fr\/application\/wp-content\/uploads\/2018\/10\/Choisir-son-gilet-960x600.jpg\" alt=\"\" title=\"\" \/> <\/div> <div class=\"cycloneslider-slide cycloneslider-slide-image\" > <img decoding=\"async\" src=\"https:\/\/www.saint-paul-angouleme.fr\/application\/wp-content\/uploads\/2018\/10\/Cit\u00e9-de-lhuitre-1-960x600.jpg\" alt=\"\" title=\"\" \/> <\/div> <div class=\"cycloneslider-slide cycloneslider-slide-image\" > <img decoding=\"async\" src=\"https:\/\/www.saint-paul-angouleme.fr\/application\/wp-content\/uploads\/2018\/10\/Cit\u00e9-de-lhuitre-3-960x600.jpg\" alt=\"\" title=\"\" \/> <\/div> <div class=\"cycloneslider-slide cycloneslider-slide-image\" > <img decoding=\"async\" src=\"https:\/\/www.saint-paul-angouleme.fr\/application\/wp-content\/uploads\/2018\/10\/Cit\u00e9-de-lhuitre-4-960x600.jpg\" alt=\"\" title=\"\" \/> <\/div> <div class=\"cycloneslider-slide cycloneslider-slide-image\" > <img decoding=\"async\" src=\"https:\/\/www.saint-paul-angouleme.fr\/application\/wp-content\/uploads\/2018\/10\/Cit\u00e9-de-lhuitre-5-960x600.jpg\" alt=\"\" title=\"\" \/> <\/div> <div class=\"cycloneslider-slide cycloneslider-slide-image\" > <img decoding=\"async\" src=\"https:\/\/www.saint-paul-angouleme.fr\/application\/wp-content\/uploads\/2018\/10\/Cit\u00e9-de-lhuitre-6-960x600.jpg\" alt=\"\" title=\"\" \/> <\/div> <div class=\"cycloneslider-slide cycloneslider-slide-image\" > <img decoding=\"async\" src=\"https:\/\/www.saint-paul-angouleme.fr\/application\/wp-content\/uploads\/2018\/10\/Cit\u00e9-de-lhuitre-7-960x600.jpg\" alt=\"\" title=\"\" \/> <\/div> <div class=\"cycloneslider-slide cycloneslider-slide-image\" > <img decoding=\"async\" src=\"https:\/\/www.saint-paul-angouleme.fr\/application\/wp-content\/uploads\/2018\/10\/Cit\u00e9-de-lhuitre-8-960x600.jpg\" alt=\"\" title=\"\" \/> <\/div> <div class=\"cycloneslider-slide cycloneslider-slide-image\" > <img decoding=\"async\" src=\"https:\/\/www.saint-paul-angouleme.fr\/application\/wp-content\/uploads\/2018\/10\/Faites-vos-choix-960x600.jpg\" alt=\"\" title=\"\" \/> <\/div> <div class=\"cycloneslider-slide cycloneslider-slide-image\" > <img decoding=\"async\" src=\"https:\/\/www.saint-paul-angouleme.fr\/application\/wp-content\/uploads\/2018\/10\/Fort-960x600.jpg\" alt=\"\" title=\"\" \/> <\/div> <div class=\"cycloneslider-slide cycloneslider-slide-image\" > <img decoding=\"async\" src=\"https:\/\/www.saint-paul-angouleme.fr\/application\/wp-content\/uploads\/2018\/10\/Foyer-960x600.jpg\" alt=\"\" title=\"\" \/> <\/div> <div class=\"cycloneslider-slide cycloneslider-slide-image\" > <img decoding=\"async\" src=\"https:\/\/www.saint-paul-angouleme.fr\/application\/wp-content\/uploads\/2018\/10\/Go-to-the-sea-960x600.jpg\" alt=\"\" title=\"\" \/> <\/div> <div class=\"cycloneslider-slide cycloneslider-slide-image\" > <img decoding=\"async\" src=\"https:\/\/www.saint-paul-angouleme.fr\/application\/wp-content\/uploads\/2018\/10\/Groupe-orange-960x600.jpg\" alt=\"\" title=\"\" \/> <\/div> <div class=\"cycloneslider-slide cycloneslider-slide-image\" > <img decoding=\"async\" src=\"https:\/\/www.saint-paul-angouleme.fr\/application\/wp-content\/uploads\/2018\/10\/Groupe-960x600.jpg\" alt=\"\" title=\"\" \/> <\/div> <div class=\"cycloneslider-slide cycloneslider-slide-image\" > <img decoding=\"async\" src=\"https:\/\/www.saint-paul-angouleme.fr\/application\/wp-content\/uploads\/2018\/10\/Hisser-les-voiles-960x600.jpg\" alt=\"\" title=\"\" \/> <\/div> <div class=\"cycloneslider-slide cycloneslider-slide-image\" > <img decoding=\"async\" src=\"https:\/\/www.saint-paul-angouleme.fr\/application\/wp-content\/uploads\/2018\/10\/Hissez-ho-960x600.jpg\" alt=\"\" title=\"\" \/> <\/div> <div class=\"cycloneslider-slide cycloneslider-slide-image\" > <img decoding=\"async\" src=\"https:\/\/www.saint-paul-angouleme.fr\/application\/wp-content\/uploads\/2018\/10\/IMG-5291-960x600.jpg\" alt=\"\" title=\"\" \/> <\/div> <div class=\"cycloneslider-slide cycloneslider-slide-image\" > <img decoding=\"async\" src=\"https:\/\/www.saint-paul-angouleme.fr\/application\/wp-content\/uploads\/2018\/10\/Le-grand-d\u00e9part-960x600.jpg\" alt=\"\" title=\"\" \/> <\/div> <div class=\"cycloneslider-slide cycloneslider-slide-image\" > <img decoding=\"async\" src=\"https:\/\/www.saint-paul-angouleme.fr\/application\/wp-content\/uploads\/2018\/10\/Marais-salant-1-960x600.jpg\" alt=\"\" title=\"\" \/> <\/div> <div class=\"cycloneslider-slide cycloneslider-slide-image\" > <img decoding=\"async\" src=\"https:\/\/www.saint-paul-angouleme.fr\/application\/wp-content\/uploads\/2018\/10\/Marais-salant-2-960x600.jpg\" alt=\"\" title=\"\" \/> <\/div> <div class=\"cycloneslider-slide cycloneslider-slide-image\" > <img decoding=\"async\" src=\"https:\/\/www.saint-paul-angouleme.fr\/application\/wp-content\/uploads\/2018\/10\/Marais-salant-3-960x600.jpg\" alt=\"\" title=\"\" \/> <\/div> <div class=\"cycloneslider-slide cycloneslider-slide-image\" > <img decoding=\"async\" src=\"https:\/\/www.saint-paul-angouleme.fr\/application\/wp-content\/uploads\/2018\/10\/Marches-960x600.jpg\" alt=\"\" title=\"\" \/> <\/div> <div class=\"cycloneslider-slide cycloneslider-slide-image\" > <img decoding=\"async\" src=\"https:\/\/www.saint-paul-angouleme.fr\/application\/wp-content\/uploads\/2018\/10\/Mise-\u00e0-leau-960x600.jpg\" alt=\"\" title=\"\" \/> <\/div> <div class=\"cycloneslider-slide cycloneslider-slide-image\" > <img decoding=\"async\" src=\"https:\/\/www.saint-paul-angouleme.fr\/application\/wp-content\/uploads\/2018\/10\/Oh-hisse-2-960x600.jpg\" alt=\"\" title=\"\" \/> <\/div> <div class=\"cycloneslider-slide cycloneslider-slide-image\" > <img decoding=\"async\" src=\"https:\/\/www.saint-paul-angouleme.fr\/application\/wp-content\/uploads\/2018\/10\/Oh-hisse-960x600.jpg\" alt=\"\" title=\"\" \/> <\/div> <div class=\"cycloneslider-slide cycloneslider-slide-image\" > <img decoding=\"async\" src=\"https:\/\/www.saint-paul-angouleme.fr\/application\/wp-content\/uploads\/2018\/10\/On-the-beach-2-960x600.jpg\" alt=\"\" title=\"\" \/> <\/div> <div class=\"cycloneslider-slide cycloneslider-slide-image\" > <img decoding=\"async\" src=\"https:\/\/www.saint-paul-angouleme.fr\/application\/wp-content\/uploads\/2018\/10\/Ouverture-dune-huitre-960x600.jpg\" alt=\"\" title=\"\" \/> <\/div> <div class=\"cycloneslider-slide cycloneslider-slide-image\" > <img decoding=\"async\" src=\"https:\/\/www.saint-paul-angouleme.fr\/application\/wp-content\/uploads\/2018\/10\/P1350392-960x600.jpg\" alt=\"\" title=\"\" \/> <\/div> <div class=\"cycloneslider-slide cycloneslider-slide-image\" > <img decoding=\"async\" src=\"https:\/\/www.saint-paul-angouleme.fr\/application\/wp-content\/uploads\/2018\/10\/P1350395-960x600.jpg\" alt=\"\" title=\"\" \/> <\/div> <div class=\"cycloneslider-slide cycloneslider-slide-image\" > <img decoding=\"async\" src=\"https:\/\/www.saint-paul-angouleme.fr\/application\/wp-content\/uploads\/2018\/10\/P1350396-960x600.jpg\" alt=\"\" title=\"\" \/> <\/div> <div class=\"cycloneslider-slide cycloneslider-slide-image\" > <img decoding=\"async\" src=\"https:\/\/www.saint-paul-angouleme.fr\/application\/wp-content\/uploads\/2018\/10\/P1350398-960x600.jpg\" alt=\"\" title=\"\" \/> <\/div> <div class=\"cycloneslider-slide cycloneslider-slide-image\" > <img decoding=\"async\" src=\"https:\/\/www.saint-paul-angouleme.fr\/application\/wp-content\/uploads\/2018\/10\/P1350400-960x600.jpg\" alt=\"\" title=\"\" \/> <\/div> <div class=\"cycloneslider-slide cycloneslider-slide-image\" > <img decoding=\"async\" src=\"https:\/\/www.saint-paul-angouleme.fr\/application\/wp-content\/uploads\/2018\/10\/P1350401-960x600.jpg\" alt=\"\" title=\"\" \/> <\/div> <div class=\"cycloneslider-slide cycloneslider-slide-image\" > <img decoding=\"async\" src=\"https:\/\/www.saint-paul-angouleme.fr\/application\/wp-content\/uploads\/2018\/10\/P1350407-960x600.jpg\" alt=\"\" title=\"\" \/> <\/div> <div class=\"cycloneslider-slide cycloneslider-slide-image\" > <img decoding=\"async\" src=\"https:\/\/www.saint-paul-angouleme.fr\/application\/wp-content\/uploads\/2018\/10\/P1350416-960x600.jpg\" alt=\"\" title=\"\" \/> <\/div> <div class=\"cycloneslider-slide cycloneslider-slide-image\" > <img decoding=\"async\" src=\"https:\/\/www.saint-paul-angouleme.fr\/application\/wp-content\/uploads\/2018\/10\/P1350424-960x600.jpg\" alt=\"\" title=\"\" \/> <\/div> <div class=\"cycloneslider-slide cycloneslider-slide-image\" > <img decoding=\"async\" src=\"https:\/\/www.saint-paul-angouleme.fr\/application\/wp-content\/uploads\/2018\/10\/P1350425-960x600.jpg\" alt=\"\" title=\"\" \/> <\/div> <div class=\"cycloneslider-slide cycloneslider-slide-image\" > <img decoding=\"async\" src=\"https:\/\/www.saint-paul-angouleme.fr\/application\/wp-content\/uploads\/2018\/10\/P1350427-960x600.jpg\" alt=\"\" title=\"\" \/> <\/div> <div class=\"cycloneslider-slide cycloneslider-slide-image\" > <img decoding=\"async\" src=\"https:\/\/www.saint-paul-angouleme.fr\/application\/wp-content\/uploads\/2018\/10\/P1350432-960x600.jpg\" alt=\"\" title=\"\" \/> <\/div> <div class=\"cycloneslider-slide cycloneslider-slide-image\" > <img decoding=\"async\" src=\"https:\/\/www.saint-paul-angouleme.fr\/application\/wp-content\/uploads\/2018\/10\/P1350434-960x600.jpg\" alt=\"\" title=\"\" \/> <\/div> <div class=\"cycloneslider-slide cycloneslider-slide-image\" > <img decoding=\"async\" src=\"https:\/\/www.saint-paul-angouleme.fr\/application\/wp-content\/uploads\/2018\/10\/P1350439-960x600.jpg\" alt=\"\" title=\"\" \/> <\/div> <div class=\"cycloneslider-slide cycloneslider-slide-image\" > <img decoding=\"async\" src=\"https:\/\/www.saint-paul-angouleme.fr\/application\/wp-content\/uploads\/2018\/10\/P1350441-1-960x600.jpg\" alt=\"\" title=\"\" \/> <\/div> <div class=\"cycloneslider-slide cycloneslider-slide-image\" > <img decoding=\"async\" src=\"https:\/\/www.saint-paul-angouleme.fr\/application\/wp-content\/uploads\/2018\/10\/P1350447-960x600.jpg\" alt=\"\" title=\"\" \/> <\/div> <div class=\"cycloneslider-slide cycloneslider-slide-image\" > <img decoding=\"async\" src=\"https:\/\/www.saint-paul-angouleme.fr\/application\/wp-content\/uploads\/2018\/10\/P1350450-960x600.jpg\" alt=\"\" title=\"\" \/> <\/div> <div class=\"cycloneslider-slide cycloneslider-slide-image\" > <img decoding=\"async\" src=\"https:\/\/www.saint-paul-angouleme.fr\/application\/wp-content\/uploads\/2018\/10\/P1350454-960x600.jpg\" alt=\"\" title=\"\" \/> <\/div> <div class=\"cycloneslider-slide cycloneslider-slide-image\" > <img decoding=\"async\" src=\"https:\/\/www.saint-paul-angouleme.fr\/application\/wp-content\/uploads\/2018\/10\/P1350456-960x600.jpg\" alt=\"\" title=\"\" \/> <\/div> <div class=\"cycloneslider-slide cycloneslider-slide-image\" > <img decoding=\"async\" src=\"https:\/\/www.saint-paul-angouleme.fr\/application\/wp-content\/uploads\/2018\/10\/P1350457-960x600.jpg\" alt=\"\" title=\"\" \/> <\/div> <div class=\"cycloneslider-slide cycloneslider-slide-image\" > <img decoding=\"async\" src=\"https:\/\/www.saint-paul-angouleme.fr\/application\/wp-content\/uploads\/2018\/10\/P1350439-960x600.jpg\" alt=\"\" title=\"\" \/> <\/div> <div class=\"cycloneslider-slide cycloneslider-slide-image\" > <img decoding=\"async\" src=\"https:\/\/www.saint-paul-angouleme.fr\/application\/wp-content\/uploads\/2018\/10\/P1350441-1-960x600.jpg\" alt=\"\" title=\"\" \/> <\/div> <div class=\"cycloneslider-slide cycloneslider-slide-image\" > <img decoding=\"async\" src=\"https:\/\/www.saint-paul-angouleme.fr\/application\/wp-content\/uploads\/2018\/10\/P1350447-960x600.jpg\" alt=\"\" title=\"\" \/> <\/div> <div class=\"cycloneslider-slide cycloneslider-slide-image\" > <img decoding=\"async\" src=\"https:\/\/www.saint-paul-angouleme.fr\/application\/wp-content\/uploads\/2018\/10\/P1350450-960x600.jpg\" alt=\"\" title=\"\" \/> <\/div> <div class=\"cycloneslider-slide cycloneslider-slide-image\" > <img decoding=\"async\" src=\"https:\/\/www.saint-paul-angouleme.fr\/application\/wp-content\/uploads\/2018\/10\/P1350454-960x600.jpg\" alt=\"\" title=\"\" \/> <\/div> <div class=\"cycloneslider-slide cycloneslider-slide-image\" > <img decoding=\"async\" src=\"https:\/\/www.saint-paul-angouleme.fr\/application\/wp-content\/uploads\/2018\/10\/P1350457-960x600.jpg\" alt=\"\" title=\"\" \/> <\/div> <div class=\"cycloneslider-slide cycloneslider-slide-image\" > <img decoding=\"async\" src=\"https:\/\/www.saint-paul-angouleme.fr\/application\/wp-content\/uploads\/2018\/10\/P1350459-960x600.jpg\" alt=\"\" title=\"\" \/> <\/div> <div class=\"cycloneslider-slide cycloneslider-slide-image\" > <img decoding=\"async\" src=\"https:\/\/www.saint-paul-angouleme.fr\/application\/wp-content\/uploads\/2018\/10\/P1350463-960x600.jpg\" alt=\"\" title=\"\" \/> <\/div> <div class=\"cycloneslider-slide cycloneslider-slide-image\" > <img decoding=\"async\" src=\"https:\/\/www.saint-paul-angouleme.fr\/application\/wp-content\/uploads\/2018\/10\/P1350464-960x600.jpg\" alt=\"\" title=\"\" \/> <\/div> <div class=\"cycloneslider-slide cycloneslider-slide-image\" > <img decoding=\"async\" src=\"https:\/\/www.saint-paul-angouleme.fr\/application\/wp-content\/uploads\/2018\/10\/P1350465-960x600.jpg\" alt=\"\" title=\"\" \/> <\/div> <div class=\"cycloneslider-slide cycloneslider-slide-image\" > <img decoding=\"async\" src=\"https:\/\/www.saint-paul-angouleme.fr\/application\/wp-content\/uploads\/2018\/10\/P1350466-960x600.jpg\" alt=\"\" title=\"\" \/> <\/div> <div class=\"cycloneslider-slide cycloneslider-slide-image\" > <img decoding=\"async\" src=\"https:\/\/www.saint-paul-angouleme.fr\/application\/wp-content\/uploads\/2018\/10\/P1350467-960x600.jpg\" alt=\"\" title=\"\" \/> <\/div> <div class=\"cycloneslider-slide cycloneslider-slide-image\" > <img decoding=\"async\" src=\"https:\/\/www.saint-paul-angouleme.fr\/application\/wp-content\/uploads\/2018\/10\/P1350470-960x600.jpg\" alt=\"\" title=\"\" \/> <\/div> <div class=\"cycloneslider-slide cycloneslider-slide-image\" > <img decoding=\"async\" src=\"https:\/\/www.saint-paul-angouleme.fr\/application\/wp-content\/uploads\/2018\/10\/P1350477-960x600.jpg\" alt=\"\" title=\"\" \/> <\/div> <div class=\"cycloneslider-slide cycloneslider-slide-image\" > <img decoding=\"async\" src=\"https:\/\/www.saint-paul-angouleme.fr\/application\/wp-content\/uploads\/2018\/10\/P1350483-960x600.jpg\" alt=\"\" title=\"\" \/> <\/div> <div class=\"cycloneslider-slide cycloneslider-slide-image\" > <img decoding=\"async\" src=\"https:\/\/www.saint-paul-angouleme.fr\/application\/wp-content\/uploads\/2018\/10\/Port-des-salines-1-960x600.jpg\" alt=\"\" title=\"\" \/> <\/div> <div class=\"cycloneslider-slide cycloneslider-slide-image\" > <img decoding=\"async\" src=\"https:\/\/www.saint-paul-angouleme.fr\/application\/wp-content\/uploads\/2018\/10\/Regarder-les-voiliers-2-960x600.jpg\" alt=\"\" title=\"\" \/> <\/div> <div class=\"cycloneslider-slide cycloneslider-slide-image\" > <img decoding=\"async\" src=\"https:\/\/www.saint-paul-angouleme.fr\/application\/wp-content\/uploads\/2018\/10\/Pr\u00eats-960x600.jpg\" alt=\"\" title=\"\" \/> <\/div> <\/div> <div class=\"cycloneslider-pager\"><\/div> <a href=\"#\" class=\"cycloneslider-prev\"> <span class=\"arrow\"><\/span> <\/a> <a href=\"#\" class=\"cycloneslider-next\"> <span class=\"arrow\"><\/span> <\/a> <\/div><\/span><\/p>\n","protected":false},"excerpt":{"rendered":"<p>Lundi 1er et mardi 2 octobre 2018 nos \u00e9l\u00e8ves de 201, 203 et 204 ont test\u00e9 le premier s\u00e9jour sur l&#8217;\u00eele d&#8217;Ol\u00e9ron. Premi\u00e8re exp\u00e9rience propos\u00e9e par notre \u00e9tablissement en ce d\u00e9but d&#8217;ann\u00e9e scolaire, il s&#8217;inscrit dans la continuit\u00e9 de notre projet p\u00e9dagogique et permet aux \u00e9l\u00e8ves d&#8217;appr\u00e9cier le caract\u00e8re propre de notre \u00e9tablissement. Il propose &#8230; <a title=\"Premier s\u00e9jour p\u00e9dagogique et de coh\u00e9sion \u00e0 Ol\u00e9ron : des secondes ravis de cette aventure\" class=\"read-more\" href=\"https:\/\/www.saint-paul-angouleme.fr\/application\/premier-sejour-pedagogique-et-de-cohesion-a-oleron-des-secondes-ravis-de-cette-aventure\/\" aria-label=\"Read more about Premier s\u00e9jour p\u00e9dagogique et de coh\u00e9sion \u00e0 Ol\u00e9ron : des secondes ravis de cette aventure\">Lire la suite<\/a><\/p>\n","protected":false},"author":3,"featured_media":0,"comment_status":"open","ping_status":"open","sticky":false,"template":"","format":"standard","meta":{"_exactmetrics_skip_tracking":false,"_exactmetrics_sitenote_active":false,"_exactmetrics_sitenote_note":"","_exactmetrics_sitenote_category":0,"footnotes":""},"categories":[13],"tags":[],"class_list":["post-3374","post","type-post","status-publish","format-standard","hentry","category-pedagogie"],"yoast_head":"<!-- This site is optimized with the Yoast SEO plugin v23.3 - https:\/\/yoast.com\/wordpress\/plugins\/seo\/ -->\n<title>Premier s\u00e9jour p\u00e9dagogique et de coh\u00e9sion \u00e0 Ol\u00e9ron : des secondes ravis de cette aventure - Actualit\u00e9s<\/title>\n<meta name=\"robots\" content=\"index, follow, max-snippet:-1, max-image-preview:large, max-video-preview:-1\" \/>\n<link rel=\"canonical\" href=\"https:\/\/www.saint-paul-angouleme.fr\/application\/premier-sejour-pedagogique-et-de-cohesion-a-oleron-des-secondes-ravis-de-cette-aventure\/\" \/>\n<meta property=\"og:locale\" content=\"fr_FR\" \/>\n<meta property=\"og:type\" content=\"article\" \/>\n<meta property=\"og:title\" content=\"Premier s\u00e9jour p\u00e9dagogique et de coh\u00e9sion \u00e0 Ol\u00e9ron : des secondes ravis de cette aventure - Actualit\u00e9s\" \/>\n<meta property=\"og:description\" content=\"Lundi 1er et mardi 2 octobre 2018 nos \u00e9l\u00e8ves de 201, 203 et 204 ont test\u00e9 le premier s\u00e9jour sur l&#8217;\u00eele d&#8217;Ol\u00e9ron. Premi\u00e8re exp\u00e9rience propos\u00e9e par notre \u00e9tablissement en ce d\u00e9but d&#8217;ann\u00e9e scolaire, il s&#8217;inscrit dans la continuit\u00e9 de notre projet p\u00e9dagogique et permet aux \u00e9l\u00e8ves d&#8217;appr\u00e9cier le caract\u00e8re propre de notre \u00e9tablissement. Il propose ... Lire la suite\" \/>\n<meta property=\"og:url\" content=\"https:\/\/www.saint-paul-angouleme.fr\/application\/premier-sejour-pedagogique-et-de-cohesion-a-oleron-des-secondes-ravis-de-cette-aventure\/\" \/>\n<meta property=\"og:site_name\" content=\"Actualit\u00e9s\" \/>\n<meta property=\"article:publisher\" content=\"https:\/\/www.facebook.com\/SaintPaulAngouleme16\/\" \/>\n<meta property=\"article:published_time\" content=\"2018-10-03T15:27:49+00:00\" \/>\n<meta property=\"article:modified_time\" content=\"2018-10-04T08:31:04+00:00\" \/>\n<meta property=\"og:image\" content=\"http:\/\/www.saint-paul-angouleme.fr\/application\/wp-content\/uploads\/2018\/10\/Cest-encore-loin-la-mer-1024x768.jpg\" \/>\n<meta name=\"author\" content=\"SAINT-PAUL\" \/>\n<meta name=\"twitter:card\" content=\"summary_large_image\" \/>\n<meta name=\"twitter:creator\" content=\"@StPaulAngoulem\" \/>\n<meta name=\"twitter:site\" content=\"@StPaulAngoulem\" \/>\n<meta name=\"twitter:label1\" content=\"\u00c9crit par\" \/>\n\t<meta name=\"twitter:data1\" content=\"SAINT-PAUL\" \/>\n\t<meta name=\"twitter:label2\" content=\"Dur\u00e9e de lecture estim\u00e9e\" \/>\n\t<meta name=\"twitter:data2\" content=\"2 minutes\" \/>\n<script type=\"application\/ld+json\" class=\"yoast-schema-graph\">{\"@context\":\"https:\/\/schema.org\",\"@graph\":[{\"@type\":\"Article\",\"@id\":\"https:\/\/www.saint-paul-angouleme.fr\/application\/premier-sejour-pedagogique-et-de-cohesion-a-oleron-des-secondes-ravis-de-cette-aventure\/#article\",\"isPartOf\":{\"@id\":\"https:\/\/www.saint-paul-angouleme.fr\/application\/premier-sejour-pedagogique-et-de-cohesion-a-oleron-des-secondes-ravis-de-cette-aventure\/\"},\"author\":{\"name\":\"SAINT-PAUL\",\"@id\":\"https:\/\/www.saint-paul-angouleme.fr\/application\/#\/schema\/person\/ea152930b1a3823659065827b1a5fb9b\"},\"headline\":\"Premier s\u00e9jour p\u00e9dagogique et de coh\u00e9sion \u00e0 Ol\u00e9ron : des secondes ravis de cette aventure\",\"datePublished\":\"2018-10-03T15:27:49+00:00\",\"dateModified\":\"2018-10-04T08:31:04+00:00\",\"mainEntityOfPage\":{\"@id\":\"https:\/\/www.saint-paul-angouleme.fr\/application\/premier-sejour-pedagogique-et-de-cohesion-a-oleron-des-secondes-ravis-de-cette-aventure\/\"},\"wordCount\":440,\"commentCount\":0,\"publisher\":{\"@id\":\"https:\/\/www.saint-paul-angouleme.fr\/application\/#organization\"},\"image\":{\"@id\":\"https:\/\/www.saint-paul-angouleme.fr\/application\/premier-sejour-pedagogique-et-de-cohesion-a-oleron-des-secondes-ravis-de-cette-aventure\/#primaryimage\"},\"thumbnailUrl\":\"http:\/\/www.saint-paul-angouleme.fr\/application\/wp-content\/uploads\/2018\/10\/Cest-encore-loin-la-mer-1024x768.jpg\",\"articleSection\":[\"P\u00e9dagogie\"],\"inLanguage\":\"fr-FR\",\"potentialAction\":[{\"@type\":\"CommentAction\",\"name\":\"Comment\",\"target\":[\"https:\/\/www.saint-paul-angouleme.fr\/application\/premier-sejour-pedagogique-et-de-cohesion-a-oleron-des-secondes-ravis-de-cette-aventure\/#respond\"]}]},{\"@type\":\"WebPage\",\"@id\":\"https:\/\/www.saint-paul-angouleme.fr\/application\/premier-sejour-pedagogique-et-de-cohesion-a-oleron-des-secondes-ravis-de-cette-aventure\/\",\"url\":\"https:\/\/www.saint-paul-angouleme.fr\/application\/premier-sejour-pedagogique-et-de-cohesion-a-oleron-des-secondes-ravis-de-cette-aventure\/\",\"name\":\"Premier s\u00e9jour p\u00e9dagogique et de coh\u00e9sion \u00e0 Ol\u00e9ron : des secondes ravis de cette aventure - Actualit\u00e9s\",\"isPartOf\":{\"@id\":\"https:\/\/www.saint-paul-angouleme.fr\/application\/#website\"},\"primaryImageOfPage\":{\"@id\":\"https:\/\/www.saint-paul-angouleme.fr\/application\/premier-sejour-pedagogique-et-de-cohesion-a-oleron-des-secondes-ravis-de-cette-aventure\/#primaryimage\"},\"image\":{\"@id\":\"https:\/\/www.saint-paul-angouleme.fr\/application\/premier-sejour-pedagogique-et-de-cohesion-a-oleron-des-secondes-ravis-de-cette-aventure\/#primaryimage\"},\"thumbnailUrl\":\"http:\/\/www.saint-paul-angouleme.fr\/application\/wp-content\/uploads\/2018\/10\/Cest-encore-loin-la-mer-1024x768.jpg\",\"datePublished\":\"2018-10-03T15:27:49+00:00\",\"dateModified\":\"2018-10-04T08:31:04+00:00\",\"breadcrumb\":{\"@id\":\"https:\/\/www.saint-paul-angouleme.fr\/application\/premier-sejour-pedagogique-et-de-cohesion-a-oleron-des-secondes-ravis-de-cette-aventure\/#breadcrumb\"},\"inLanguage\":\"fr-FR\",\"potentialAction\":[{\"@type\":\"ReadAction\",\"target\":[\"https:\/\/www.saint-paul-angouleme.fr\/application\/premier-sejour-pedagogique-et-de-cohesion-a-oleron-des-secondes-ravis-de-cette-aventure\/\"]}]},{\"@type\":\"ImageObject\",\"inLanguage\":\"fr-FR\",\"@id\":\"https:\/\/www.saint-paul-angouleme.fr\/application\/premier-sejour-pedagogique-et-de-cohesion-a-oleron-des-secondes-ravis-de-cette-aventure\/#primaryimage\",\"url\":\"https:\/\/www.saint-paul-angouleme.fr\/application\/wp-content\/uploads\/2018\/10\/Cest-encore-loin-la-mer.jpg\",\"contentUrl\":\"https:\/\/www.saint-paul-angouleme.fr\/application\/wp-content\/uploads\/2018\/10\/Cest-encore-loin-la-mer.jpg\",\"width\":2048,\"height\":1536,\"caption\":\"Mettre les voiliers \u00e0 l'eau...\"},{\"@type\":\"BreadcrumbList\",\"@id\":\"https:\/\/www.saint-paul-angouleme.fr\/application\/premier-sejour-pedagogique-et-de-cohesion-a-oleron-des-secondes-ravis-de-cette-aventure\/#breadcrumb\",\"itemListElement\":[{\"@type\":\"ListItem\",\"position\":1,\"name\":\"Accueil\",\"item\":\"http:\/\/www.saint-paul-angouleme.fr\/application\/\"},{\"@type\":\"ListItem\",\"position\":2,\"name\":\"Premier s\u00e9jour p\u00e9dagogique et de coh\u00e9sion \u00e0 Ol\u00e9ron : des secondes ravis de cette aventure\"}]},{\"@type\":\"WebSite\",\"@id\":\"https:\/\/www.saint-paul-angouleme.fr\/application\/#website\",\"url\":\"https:\/\/www.saint-paul-angouleme.fr\/application\/\",\"name\":\"Actualit\u00e9s\",\"description\":\"Actualit\u00e9s Saint Paul\",\"publisher\":{\"@id\":\"https:\/\/www.saint-paul-angouleme.fr\/application\/#organization\"},\"potentialAction\":[{\"@type\":\"SearchAction\",\"target\":{\"@type\":\"EntryPoint\",\"urlTemplate\":\"https:\/\/www.saint-paul-angouleme.fr\/application\/?s={search_term_string}\"},\"query-input\":\"required name=search_term_string\"}],\"inLanguage\":\"fr-FR\"},{\"@type\":\"Organization\",\"@id\":\"https:\/\/www.saint-paul-angouleme.fr\/application\/#organization\",\"name\":\"Ensemble scolaire Saint-Paul\",\"url\":\"https:\/\/www.saint-paul-angouleme.fr\/application\/\",\"logo\":{\"@type\":\"ImageObject\",\"inLanguage\":\"fr-FR\",\"@id\":\"https:\/\/www.saint-paul-angouleme.fr\/application\/#\/schema\/logo\/image\/\",\"url\":\"https:\/\/www.saint-paul-angouleme.fr\/application\/wp-content\/uploads\/2018\/08\/logo-saint-paul-couleurs.jpg\",\"contentUrl\":\"https:\/\/www.saint-paul-angouleme.fr\/application\/wp-content\/uploads\/2018\/08\/logo-saint-paul-couleurs.jpg\",\"width\":1890,\"height\":709,\"caption\":\"Ensemble scolaire Saint-Paul\"},\"image\":{\"@id\":\"https:\/\/www.saint-paul-angouleme.fr\/application\/#\/schema\/logo\/image\/\"},\"sameAs\":[\"https:\/\/www.facebook.com\/SaintPaulAngouleme16\/\",\"https:\/\/x.com\/StPaulAngoulem\",\"https:\/\/www.youtube.com\/channel\/UCRLpz1CmPVqc0gn--YyXvjA?view_as=subscriber\"]},{\"@type\":\"Person\",\"@id\":\"https:\/\/www.saint-paul-angouleme.fr\/application\/#\/schema\/person\/ea152930b1a3823659065827b1a5fb9b\",\"name\":\"SAINT-PAUL\",\"image\":{\"@type\":\"ImageObject\",\"inLanguage\":\"fr-FR\",\"@id\":\"https:\/\/www.saint-paul-angouleme.fr\/application\/#\/schema\/person\/image\/\",\"url\":\"https:\/\/secure.gravatar.com\/avatar\/eadb0ffebc02683a61d69038eb2924f0?s=96&r=g\",\"contentUrl\":\"https:\/\/secure.gravatar.com\/avatar\/eadb0ffebc02683a61d69038eb2924f0?s=96&r=g\",\"caption\":\"SAINT-PAUL\"},\"url\":\"https:\/\/www.saint-paul-angouleme.fr\/application\/author\/myriam\/\"}]}<\/script>\n<!-- \/ Yoast SEO plugin. -->","yoast_head_json":{"title":"Premier s\u00e9jour p\u00e9dagogique et de coh\u00e9sion \u00e0 Ol\u00e9ron : des secondes ravis de cette aventure - Actualit\u00e9s","robots":{"index":"index","follow":"follow","max-snippet":"max-snippet:-1","max-image-preview":"max-image-preview:large","max-video-preview":"max-video-preview:-1"},"canonical":"https:\/\/www.saint-paul-angouleme.fr\/application\/premier-sejour-pedagogique-et-de-cohesion-a-oleron-des-secondes-ravis-de-cette-aventure\/","og_locale":"fr_FR","og_type":"article","og_title":"Premier s\u00e9jour p\u00e9dagogique et de coh\u00e9sion \u00e0 Ol\u00e9ron : des secondes ravis de cette aventure - Actualit\u00e9s","og_description":"Lundi 1er et mardi 2 octobre 2018 nos \u00e9l\u00e8ves de 201, 203 et 204 ont test\u00e9 le premier s\u00e9jour sur l&#8217;\u00eele d&#8217;Ol\u00e9ron. Premi\u00e8re exp\u00e9rience propos\u00e9e par notre \u00e9tablissement en ce d\u00e9but d&#8217;ann\u00e9e scolaire, il s&#8217;inscrit dans la continuit\u00e9 de notre projet p\u00e9dagogique et permet aux \u00e9l\u00e8ves d&#8217;appr\u00e9cier le caract\u00e8re propre de notre \u00e9tablissement. Il propose ... Lire la suite","og_url":"https:\/\/www.saint-paul-angouleme.fr\/application\/premier-sejour-pedagogique-et-de-cohesion-a-oleron-des-secondes-ravis-de-cette-aventure\/","og_site_name":"Actualit\u00e9s","article_publisher":"https:\/\/www.facebook.com\/SaintPaulAngouleme16\/","article_published_time":"2018-10-03T15:27:49+00:00","article_modified_time":"2018-10-04T08:31:04+00:00","og_image":[{"url":"http:\/\/www.saint-paul-angouleme.fr\/application\/wp-content\/uploads\/2018\/10\/Cest-encore-loin-la-mer-1024x768.jpg"}],"author":"SAINT-PAUL","twitter_card":"summary_large_image","twitter_creator":"@StPaulAngoulem","twitter_site":"@StPaulAngoulem","twitter_misc":{"\u00c9crit par":"SAINT-PAUL","Dur\u00e9e de lecture estim\u00e9e":"2 minutes"},"schema":{"@context":"https:\/\/schema.org","@graph":[{"@type":"Article","@id":"https:\/\/www.saint-paul-angouleme.fr\/application\/premier-sejour-pedagogique-et-de-cohesion-a-oleron-des-secondes-ravis-de-cette-aventure\/#article","isPartOf":{"@id":"https:\/\/www.saint-paul-angouleme.fr\/application\/premier-sejour-pedagogique-et-de-cohesion-a-oleron-des-secondes-ravis-de-cette-aventure\/"},"author":{"name":"SAINT-PAUL","@id":"https:\/\/www.saint-paul-angouleme.fr\/application\/#\/schema\/person\/ea152930b1a3823659065827b1a5fb9b"},"headline":"Premier s\u00e9jour p\u00e9dagogique et de coh\u00e9sion \u00e0 Ol\u00e9ron : des secondes ravis de cette aventure","datePublished":"2018-10-03T15:27:49+00:00","dateModified":"2018-10-04T08:31:04+00:00","mainEntityOfPage":{"@id":"https:\/\/www.saint-paul-angouleme.fr\/application\/premier-sejour-pedagogique-et-de-cohesion-a-oleron-des-secondes-ravis-de-cette-aventure\/"},"wordCount":440,"commentCount":0,"publisher":{"@id":"https:\/\/www.saint-paul-angouleme.fr\/application\/#organization"},"image":{"@id":"https:\/\/www.saint-paul-angouleme.fr\/application\/premier-sejour-pedagogique-et-de-cohesion-a-oleron-des-secondes-ravis-de-cette-aventure\/#primaryimage"},"thumbnailUrl":"http:\/\/www.saint-paul-angouleme.fr\/application\/wp-content\/uploads\/2018\/10\/Cest-encore-loin-la-mer-1024x768.jpg","articleSection":["P\u00e9dagogie"],"inLanguage":"fr-FR","potentialAction":[{"@type":"CommentAction","name":"Comment","target":["https:\/\/www.saint-paul-angouleme.fr\/application\/premier-sejour-pedagogique-et-de-cohesion-a-oleron-des-secondes-ravis-de-cette-aventure\/#respond"]}]},{"@type":"WebPage","@id":"https:\/\/www.saint-paul-angouleme.fr\/application\/premier-sejour-pedagogique-et-de-cohesion-a-oleron-des-secondes-ravis-de-cette-aventure\/","url":"https:\/\/www.saint-paul-angouleme.fr\/application\/premier-sejour-pedagogique-et-de-cohesion-a-oleron-des-secondes-ravis-de-cette-aventure\/","name":"Premier s\u00e9jour p\u00e9dagogique et de coh\u00e9sion \u00e0 Ol\u00e9ron : des secondes ravis de cette aventure - Actualit\u00e9s","isPartOf":{"@id":"https:\/\/www.saint-paul-angouleme.fr\/application\/#website"},"primaryImageOfPage":{"@id":"https:\/\/www.saint-paul-angouleme.fr\/application\/premier-sejour-pedagogique-et-de-cohesion-a-oleron-des-secondes-ravis-de-cette-aventure\/#primaryimage"},"image":{"@id":"https:\/\/www.saint-paul-angouleme.fr\/application\/premier-sejour-pedagogique-et-de-cohesion-a-oleron-des-secondes-ravis-de-cette-aventure\/#primaryimage"},"thumbnailUrl":"http:\/\/www.saint-paul-angouleme.fr\/application\/wp-content\/uploads\/2018\/10\/Cest-encore-loin-la-mer-1024x768.jpg","datePublished":"2018-10-03T15:27:49+00:00","dateModified":"2018-10-04T08:31:04+00:00","breadcrumb":{"@id":"https:\/\/www.saint-paul-angouleme.fr\/application\/premier-sejour-pedagogique-et-de-cohesion-a-oleron-des-secondes-ravis-de-cette-aventure\/#breadcrumb"},"inLanguage":"fr-FR","potentialAction":[{"@type":"ReadAction","target":["https:\/\/www.saint-paul-angouleme.fr\/application\/premier-sejour-pedagogique-et-de-cohesion-a-oleron-des-secondes-ravis-de-cette-aventure\/"]}]},{"@type":"ImageObject","inLanguage":"fr-FR","@id":"https:\/\/www.saint-paul-angouleme.fr\/application\/premier-sejour-pedagogique-et-de-cohesion-a-oleron-des-secondes-ravis-de-cette-aventure\/#primaryimage","url":"https:\/\/www.saint-paul-angouleme.fr\/application\/wp-content\/uploads\/2018\/10\/Cest-encore-loin-la-mer.jpg","contentUrl":"https:\/\/www.saint-paul-angouleme.fr\/application\/wp-content\/uploads\/2018\/10\/Cest-encore-loin-la-mer.jpg","width":2048,"height":1536,"caption":"Mettre les voiliers \u00e0 l'eau..."},{"@type":"BreadcrumbList","@id":"https:\/\/www.saint-paul-angouleme.fr\/application\/premier-sejour-pedagogique-et-de-cohesion-a-oleron-des-secondes-ravis-de-cette-aventure\/#breadcrumb","itemListElement":[{"@type":"ListItem","position":1,"name":"Accueil","item":"http:\/\/www.saint-paul-angouleme.fr\/application\/"},{"@type":"ListItem","position":2,"name":"Premier s\u00e9jour p\u00e9dagogique et de coh\u00e9sion \u00e0 Ol\u00e9ron : des secondes ravis de cette aventure"}]},{"@type":"WebSite","@id":"https:\/\/www.saint-paul-angouleme.fr\/application\/#website","url":"https:\/\/www.saint-paul-angouleme.fr\/application\/","name":"Actualit\u00e9s","description":"Actualit\u00e9s Saint Paul","publisher":{"@id":"https:\/\/www.saint-paul-angouleme.fr\/application\/#organization"},"potentialAction":[{"@type":"SearchAction","target":{"@type":"EntryPoint","urlTemplate":"https:\/\/www.saint-paul-angouleme.fr\/application\/?s={search_term_string}"},"query-input":"required name=search_term_string"}],"inLanguage":"fr-FR"},{"@type":"Organization","@id":"https:\/\/www.saint-paul-angouleme.fr\/application\/#organization","name":"Ensemble scolaire Saint-Paul","url":"https:\/\/www.saint-paul-angouleme.fr\/application\/","logo":{"@type":"ImageObject","inLanguage":"fr-FR","@id":"https:\/\/www.saint-paul-angouleme.fr\/application\/#\/schema\/logo\/image\/","url":"https:\/\/www.saint-paul-angouleme.fr\/application\/wp-content\/uploads\/2018\/08\/logo-saint-paul-couleurs.jpg","contentUrl":"https:\/\/www.saint-paul-angouleme.fr\/application\/wp-content\/uploads\/2018\/08\/logo-saint-paul-couleurs.jpg","width":1890,"height":709,"caption":"Ensemble scolaire Saint-Paul"},"image":{"@id":"https:\/\/www.saint-paul-angouleme.fr\/application\/#\/schema\/logo\/image\/"},"sameAs":["https:\/\/www.facebook.com\/SaintPaulAngouleme16\/","https:\/\/x.com\/StPaulAngoulem","https:\/\/www.youtube.com\/channel\/UCRLpz1CmPVqc0gn--YyXvjA?view_as=subscriber"]},{"@type":"Person","@id":"https:\/\/www.saint-paul-angouleme.fr\/application\/#\/schema\/person\/ea152930b1a3823659065827b1a5fb9b","name":"SAINT-PAUL","image":{"@type":"ImageObject","inLanguage":"fr-FR","@id":"https:\/\/www.saint-paul-angouleme.fr\/application\/#\/schema\/person\/image\/","url":"https:\/\/secure.gravatar.com\/avatar\/eadb0ffebc02683a61d69038eb2924f0?s=96&r=g","contentUrl":"https:\/\/secure.gravatar.com\/avatar\/eadb0ffebc02683a61d69038eb2924f0?s=96&r=g","caption":"SAINT-PAUL"},"url":"https:\/\/www.saint-paul-angouleme.fr\/application\/author\/myriam\/"}]}},"_links":{"self":[{"href":"https:\/\/www.saint-paul-angouleme.fr\/application\/wp-json\/wp\/v2\/posts\/3374"}],"collection":[{"href":"https:\/\/www.saint-paul-angouleme.fr\/application\/wp-json\/wp\/v2\/posts"}],"about":[{"href":"https:\/\/www.saint-paul-angouleme.fr\/application\/wp-json\/wp\/v2\/types\/post"}],"author":[{"embeddable":true,"href":"https:\/\/www.saint-paul-angouleme.fr\/application\/wp-json\/wp\/v2\/users\/3"}],"replies":[{"embeddable":true,"href":"https:\/\/www.saint-paul-angouleme.fr\/application\/wp-json\/wp\/v2\/comments?post=3374"}],"version-history":[{"count":15,"href":"https:\/\/www.saint-paul-angouleme.fr\/application\/wp-json\/wp\/v2\/posts\/3374\/revisions"}],"predecessor-version":[{"id":3471,"href":"https:\/\/www.saint-paul-angouleme.fr\/application\/wp-json\/wp\/v2\/posts\/3374\/revisions\/3471"}],"wp:attachment":[{"href":"https:\/\/www.saint-paul-angouleme.fr\/application\/wp-json\/wp\/v2\/media?parent=3374"}],"wp:term":[{"taxonomy":"category","embeddable":true,"href":"https:\/\/www.saint-paul-angouleme.fr\/application\/wp-json\/wp\/v2\/categories?post=3374"},{"taxonomy":"post_tag","embeddable":true,"href":"https:\/\/www.saint-paul-angouleme.fr\/application\/wp-json\/wp\/v2\/tags?post=3374"}],"curies":[{"name":"wp","href":"https:\/\/api.w.org\/{rel}","templated":true}]}}