{"id":3347,"date":"2018-09-12T10:37:37","date_gmt":"2018-09-12T08:37:37","guid":{"rendered":"http:\/\/www.saint-paul-angouleme.fr\/application\/?p=3347"},"modified":"2018-09-12T10:37:37","modified_gmt":"2018-09-12T08:37:37","slug":"messe-de-rentree-enseignement-catholique","status":"publish","type":"post","link":"https:\/\/www.saint-paul-angouleme.fr\/application\/messe-de-rentree-enseignement-catholique\/","title":{"rendered":"Messe de Rentr\u00e9e de l&#8217;Enseignement Catholique 2018"},"content":{"rendered":"<figure id=\"attachment_3348\" aria-describedby=\"caption-attachment-3348\" style=\"width: 714px\" class=\"wp-caption aligncenter\"><a href=\"http:\/\/www.saint-paul-angouleme.fr\/application\/wp-content\/uploads\/2018\/09\/C\u00e9l\u00e9bration-de-rentr\u00e9e-E.-Catho-sept-2018.jpg\"><img loading=\"lazy\" decoding=\"async\" class=\"wp-image-3348 size-large\" title=\"Messe de rentr\u00e9e Enseignement Catholique\" src=\"http:\/\/www.saint-paul-angouleme.fr\/application\/wp-content\/uploads\/2018\/09\/C\u00e9l\u00e9bration-de-rentr\u00e9e-E.-Catho-sept-2018-724x1024.jpg\" alt=\"Messe de rentr\u00e9e Enseignement Catholique\" width=\"724\" height=\"1024\" data-id=\"3348\" srcset=\"https:\/\/www.saint-paul-angouleme.fr\/application\/wp-content\/uploads\/2018\/09\/C\u00e9l\u00e9bration-de-rentr\u00e9e-E.-Catho-sept-2018-724x1024.jpg 724w, https:\/\/www.saint-paul-angouleme.fr\/application\/wp-content\/uploads\/2018\/09\/C\u00e9l\u00e9bration-de-rentr\u00e9e-E.-Catho-sept-2018-212x300.jpg 212w, https:\/\/www.saint-paul-angouleme.fr\/application\/wp-content\/uploads\/2018\/09\/C\u00e9l\u00e9bration-de-rentr\u00e9e-E.-Catho-sept-2018-768x1086.jpg 768w, https:\/\/www.saint-paul-angouleme.fr\/application\/wp-content\/uploads\/2018\/09\/C\u00e9l\u00e9bration-de-rentr\u00e9e-E.-Catho-sept-2018.jpg 1240w\" sizes=\"(max-width: 724px) 100vw, 724px\" \/><\/a><figcaption id=\"caption-attachment-3348\" class=\"wp-caption-text\"><span style=\"font-family: verdana, geneva, sans-serif; font-size: 10px;\">Invitation<\/span><\/figcaption><\/figure>\n<p style=\"text-align: justify;\"><span style=\"font-family: verdana, geneva, sans-serif; color: #333333;\">A l&#8217;initiative de notre \u00e9v\u00eaque, Mgr Herv\u00e9 GOSSELIN, vous \u00eates tous invit\u00e9s \u00e0 la messe de rentr\u00e9e de l&#8217;<a href=\"https:\/\/www.enseignement-prive.info\/enseignement-catholique\/charente-16\/departement\/16\/1\">Enseignement Catholique de Charente<\/a>. Rendez-vous le dimanche 23 septembre 2018 \u00e0 11h00 en la Cath\u00e9drale St Pierre d&#8217;Angoul\u00eame. Chacun est invit\u00e9 : parents, \u00e9l\u00e8ves, enseignants, personnels&#8230; Une belle occasion de nous r\u00e9unir pour d\u00e9buter cette nouvelle ann\u00e9e scolaire sous le regard du Seigneur. <\/span><\/p>\n<p style=\"text-align: justify;\"><span style=\"font-family: verdana, geneva, sans-serif; color: #333333;\">Nous vous y attendons nombreux.<\/span><\/p>\n","protected":false},"excerpt":{"rendered":"<p>A l&#8217;initiative de notre \u00e9v\u00eaque, Mgr Herv\u00e9 GOSSELIN, vous \u00eates tous invit\u00e9s \u00e0 la messe de rentr\u00e9e de l&#8217;Enseignement Catholique de Charente. Rendez-vous le dimanche 23 septembre 2018 \u00e0 11h00 en la Cath\u00e9drale St Pierre d&#8217;Angoul\u00eame. Chacun est invit\u00e9 : parents, \u00e9l\u00e8ves, enseignants, personnels&#8230; Une belle occasion de nous r\u00e9unir pour d\u00e9buter cette nouvelle ann\u00e9e &#8230; <a title=\"Messe de Rentr\u00e9e de l&#8217;Enseignement Catholique 2018\" class=\"read-more\" href=\"https:\/\/www.saint-paul-angouleme.fr\/application\/messe-de-rentree-enseignement-catholique\/\" aria-label=\"Read more about Messe de Rentr\u00e9e de l&#8217;Enseignement Catholique 2018\">Lire la suite<\/a><\/p>\n","protected":false},"author":3,"featured_media":0,"comment_status":"open","ping_status":"open","sticky":false,"template":"","format":"standard","meta":{"_exactmetrics_skip_tracking":false,"_exactmetrics_sitenote_active":false,"_exactmetrics_sitenote_note":"","_exactmetrics_sitenote_category":0,"footnotes":""},"categories":[2],"tags":[],"class_list":["post-3347","post","type-post","status-publish","format-standard","hentry","category-look-on"],"yoast_head":"<!-- This site is optimized with the Yoast SEO plugin v23.3 - https:\/\/yoast.com\/wordpress\/plugins\/seo\/ -->\n<title>Messe de Rentr\u00e9e de l&#039;Enseignement Catholique 2018 - Actualit\u00e9s<\/title>\n<meta name=\"description\" content=\"Dimanche 23 septembre 2018, Mgr Herv\u00e9 GOSSELIN nous convie \u00e0 la messe de rentr\u00e9e de l&#039;Enseignement Catholique de Charente. Venez nombreux \u00e0 11h00.\" \/>\n<meta name=\"robots\" content=\"index, follow, max-snippet:-1, max-image-preview:large, max-video-preview:-1\" \/>\n<link rel=\"canonical\" href=\"https:\/\/www.saint-paul-angouleme.fr\/application\/messe-de-rentree-enseignement-catholique\/\" \/>\n<meta property=\"og:locale\" content=\"fr_FR\" \/>\n<meta property=\"og:type\" content=\"article\" \/>\n<meta property=\"og:title\" content=\"Messe de Rentr\u00e9e de l&#039;Enseignement Catholique 2018 - Actualit\u00e9s\" \/>\n<meta property=\"og:description\" content=\"Dimanche 23 septembre 2018, Mgr Herv\u00e9 GOSSELIN nous convie \u00e0 la messe de rentr\u00e9e de l&#039;Enseignement Catholique de Charente. Venez nombreux \u00e0 11h00.\" \/>\n<meta property=\"og:url\" content=\"https:\/\/www.saint-paul-angouleme.fr\/application\/messe-de-rentree-enseignement-catholique\/\" \/>\n<meta property=\"og:site_name\" content=\"Actualit\u00e9s\" \/>\n<meta property=\"article:publisher\" content=\"https:\/\/www.facebook.com\/SaintPaulAngouleme16\/\" \/>\n<meta property=\"article:published_time\" content=\"2018-09-12T08:37:37+00:00\" \/>\n<meta name=\"author\" content=\"SAINT-PAUL\" \/>\n<meta name=\"twitter:card\" content=\"summary_large_image\" \/>\n<meta name=\"twitter:creator\" content=\"@StPaulAngoulem\" \/>\n<meta name=\"twitter:site\" content=\"@StPaulAngoulem\" \/>\n<meta name=\"twitter:label1\" content=\"\u00c9crit par\" \/>\n\t<meta name=\"twitter:data1\" content=\"SAINT-PAUL\" \/>\n<script type=\"application\/ld+json\" class=\"yoast-schema-graph\">{\"@context\":\"https:\/\/schema.org\",\"@graph\":[{\"@type\":\"Article\",\"@id\":\"https:\/\/www.saint-paul-angouleme.fr\/application\/messe-de-rentree-enseignement-catholique\/#article\",\"isPartOf\":{\"@id\":\"https:\/\/www.saint-paul-angouleme.fr\/application\/messe-de-rentree-enseignement-catholique\/\"},\"author\":{\"name\":\"SAINT-PAUL\",\"@id\":\"https:\/\/www.saint-paul-angouleme.fr\/application\/#\/schema\/person\/ea152930b1a3823659065827b1a5fb9b\"},\"headline\":\"Messe de Rentr\u00e9e de l&#8217;Enseignement Catholique 2018\",\"datePublished\":\"2018-09-12T08:37:37+00:00\",\"dateModified\":\"2018-09-12T08:37:37+00:00\",\"mainEntityOfPage\":{\"@id\":\"https:\/\/www.saint-paul-angouleme.fr\/application\/messe-de-rentree-enseignement-catholique\/\"},\"wordCount\":89,\"commentCount\":0,\"publisher\":{\"@id\":\"https:\/\/www.saint-paul-angouleme.fr\/application\/#organization\"},\"articleSection\":[\"Look on\"],\"inLanguage\":\"fr-FR\",\"potentialAction\":[{\"@type\":\"CommentAction\",\"name\":\"Comment\",\"target\":[\"https:\/\/www.saint-paul-angouleme.fr\/application\/messe-de-rentree-enseignement-catholique\/#respond\"]}]},{\"@type\":\"WebPage\",\"@id\":\"https:\/\/www.saint-paul-angouleme.fr\/application\/messe-de-rentree-enseignement-catholique\/\",\"url\":\"https:\/\/www.saint-paul-angouleme.fr\/application\/messe-de-rentree-enseignement-catholique\/\",\"name\":\"Messe de Rentr\u00e9e de l'Enseignement Catholique 2018 - Actualit\u00e9s\",\"isPartOf\":{\"@id\":\"https:\/\/www.saint-paul-angouleme.fr\/application\/#website\"},\"datePublished\":\"2018-09-12T08:37:37+00:00\",\"dateModified\":\"2018-09-12T08:37:37+00:00\",\"description\":\"Dimanche 23 septembre 2018, Mgr Herv\u00e9 GOSSELIN nous convie \u00e0 la messe de rentr\u00e9e de l'Enseignement Catholique de Charente. Venez nombreux \u00e0 11h00.\",\"breadcrumb\":{\"@id\":\"https:\/\/www.saint-paul-angouleme.fr\/application\/messe-de-rentree-enseignement-catholique\/#breadcrumb\"},\"inLanguage\":\"fr-FR\",\"potentialAction\":[{\"@type\":\"ReadAction\",\"target\":[\"https:\/\/www.saint-paul-angouleme.fr\/application\/messe-de-rentree-enseignement-catholique\/\"]}]},{\"@type\":\"BreadcrumbList\",\"@id\":\"https:\/\/www.saint-paul-angouleme.fr\/application\/messe-de-rentree-enseignement-catholique\/#breadcrumb\",\"itemListElement\":[{\"@type\":\"ListItem\",\"position\":1,\"name\":\"Accueil\",\"item\":\"http:\/\/www.saint-paul-angouleme.fr\/application\/\"},{\"@type\":\"ListItem\",\"position\":2,\"name\":\"Messe de Rentr\u00e9e de l&#8217;Enseignement Catholique 2018\"}]},{\"@type\":\"WebSite\",\"@id\":\"https:\/\/www.saint-paul-angouleme.fr\/application\/#website\",\"url\":\"https:\/\/www.saint-paul-angouleme.fr\/application\/\",\"name\":\"Actualit\u00e9s\",\"description\":\"Actualit\u00e9s Saint Paul\",\"publisher\":{\"@id\":\"https:\/\/www.saint-paul-angouleme.fr\/application\/#organization\"},\"potentialAction\":[{\"@type\":\"SearchAction\",\"target\":{\"@type\":\"EntryPoint\",\"urlTemplate\":\"https:\/\/www.saint-paul-angouleme.fr\/application\/?s={search_term_string}\"},\"query-input\":\"required name=search_term_string\"}],\"inLanguage\":\"fr-FR\"},{\"@type\":\"Organization\",\"@id\":\"https:\/\/www.saint-paul-angouleme.fr\/application\/#organization\",\"name\":\"Ensemble scolaire Saint-Paul\",\"url\":\"https:\/\/www.saint-paul-angouleme.fr\/application\/\",\"logo\":{\"@type\":\"ImageObject\",\"inLanguage\":\"fr-FR\",\"@id\":\"https:\/\/www.saint-paul-angouleme.fr\/application\/#\/schema\/logo\/image\/\",\"url\":\"https:\/\/www.saint-paul-angouleme.fr\/application\/wp-content\/uploads\/2018\/08\/logo-saint-paul-couleurs.jpg\",\"contentUrl\":\"https:\/\/www.saint-paul-angouleme.fr\/application\/wp-content\/uploads\/2018\/08\/logo-saint-paul-couleurs.jpg\",\"width\":1890,\"height\":709,\"caption\":\"Ensemble scolaire Saint-Paul\"},\"image\":{\"@id\":\"https:\/\/www.saint-paul-angouleme.fr\/application\/#\/schema\/logo\/image\/\"},\"sameAs\":[\"https:\/\/www.facebook.com\/SaintPaulAngouleme16\/\",\"https:\/\/x.com\/StPaulAngoulem\",\"https:\/\/www.youtube.com\/channel\/UCRLpz1CmPVqc0gn--YyXvjA?view_as=subscriber\"]},{\"@type\":\"Person\",\"@id\":\"https:\/\/www.saint-paul-angouleme.fr\/application\/#\/schema\/person\/ea152930b1a3823659065827b1a5fb9b\",\"name\":\"SAINT-PAUL\",\"image\":{\"@type\":\"ImageObject\",\"inLanguage\":\"fr-FR\",\"@id\":\"https:\/\/www.saint-paul-angouleme.fr\/application\/#\/schema\/person\/image\/\",\"url\":\"https:\/\/secure.gravatar.com\/avatar\/eadb0ffebc02683a61d69038eb2924f0?s=96&r=g\",\"contentUrl\":\"https:\/\/secure.gravatar.com\/avatar\/eadb0ffebc02683a61d69038eb2924f0?s=96&r=g\",\"caption\":\"SAINT-PAUL\"},\"url\":\"https:\/\/www.saint-paul-angouleme.fr\/application\/author\/myriam\/\"}]}<\/script>\n<!-- \/ Yoast SEO plugin. -->","yoast_head_json":{"title":"Messe de Rentr\u00e9e de l'Enseignement Catholique 2018 - Actualit\u00e9s","description":"Dimanche 23 septembre 2018, Mgr Herv\u00e9 GOSSELIN nous convie \u00e0 la messe de rentr\u00e9e de l'Enseignement Catholique de Charente. Venez nombreux \u00e0 11h00.","robots":{"index":"index","follow":"follow","max-snippet":"max-snippet:-1","max-image-preview":"max-image-preview:large","max-video-preview":"max-video-preview:-1"},"canonical":"https:\/\/www.saint-paul-angouleme.fr\/application\/messe-de-rentree-enseignement-catholique\/","og_locale":"fr_FR","og_type":"article","og_title":"Messe de Rentr\u00e9e de l'Enseignement Catholique 2018 - Actualit\u00e9s","og_description":"Dimanche 23 septembre 2018, Mgr Herv\u00e9 GOSSELIN nous convie \u00e0 la messe de rentr\u00e9e de l'Enseignement Catholique de Charente. Venez nombreux \u00e0 11h00.","og_url":"https:\/\/www.saint-paul-angouleme.fr\/application\/messe-de-rentree-enseignement-catholique\/","og_site_name":"Actualit\u00e9s","article_publisher":"https:\/\/www.facebook.com\/SaintPaulAngouleme16\/","article_published_time":"2018-09-12T08:37:37+00:00","author":"SAINT-PAUL","twitter_card":"summary_large_image","twitter_creator":"@StPaulAngoulem","twitter_site":"@StPaulAngoulem","twitter_misc":{"\u00c9crit par":"SAINT-PAUL"},"schema":{"@context":"https:\/\/schema.org","@graph":[{"@type":"Article","@id":"https:\/\/www.saint-paul-angouleme.fr\/application\/messe-de-rentree-enseignement-catholique\/#article","isPartOf":{"@id":"https:\/\/www.saint-paul-angouleme.fr\/application\/messe-de-rentree-enseignement-catholique\/"},"author":{"name":"SAINT-PAUL","@id":"https:\/\/www.saint-paul-angouleme.fr\/application\/#\/schema\/person\/ea152930b1a3823659065827b1a5fb9b"},"headline":"Messe de Rentr\u00e9e de l&#8217;Enseignement Catholique 2018","datePublished":"2018-09-12T08:37:37+00:00","dateModified":"2018-09-12T08:37:37+00:00","mainEntityOfPage":{"@id":"https:\/\/www.saint-paul-angouleme.fr\/application\/messe-de-rentree-enseignement-catholique\/"},"wordCount":89,"commentCount":0,"publisher":{"@id":"https:\/\/www.saint-paul-angouleme.fr\/application\/#organization"},"articleSection":["Look on"],"inLanguage":"fr-FR","potentialAction":[{"@type":"CommentAction","name":"Comment","target":["https:\/\/www.saint-paul-angouleme.fr\/application\/messe-de-rentree-enseignement-catholique\/#respond"]}]},{"@type":"WebPage","@id":"https:\/\/www.saint-paul-angouleme.fr\/application\/messe-de-rentree-enseignement-catholique\/","url":"https:\/\/www.saint-paul-angouleme.fr\/application\/messe-de-rentree-enseignement-catholique\/","name":"Messe de Rentr\u00e9e de l'Enseignement Catholique 2018 - Actualit\u00e9s","isPartOf":{"@id":"https:\/\/www.saint-paul-angouleme.fr\/application\/#website"},"datePublished":"2018-09-12T08:37:37+00:00","dateModified":"2018-09-12T08:37:37+00:00","description":"Dimanche 23 septembre 2018, Mgr Herv\u00e9 GOSSELIN nous convie \u00e0 la messe de rentr\u00e9e de l'Enseignement Catholique de Charente. Venez nombreux \u00e0 11h00.","breadcrumb":{"@id":"https:\/\/www.saint-paul-angouleme.fr\/application\/messe-de-rentree-enseignement-catholique\/#breadcrumb"},"inLanguage":"fr-FR","potentialAction":[{"@type":"ReadAction","target":["https:\/\/www.saint-paul-angouleme.fr\/application\/messe-de-rentree-enseignement-catholique\/"]}]},{"@type":"BreadcrumbList","@id":"https:\/\/www.saint-paul-angouleme.fr\/application\/messe-de-rentree-enseignement-catholique\/#breadcrumb","itemListElement":[{"@type":"ListItem","position":1,"name":"Accueil","item":"http:\/\/www.saint-paul-angouleme.fr\/application\/"},{"@type":"ListItem","position":2,"name":"Messe de Rentr\u00e9e de l&#8217;Enseignement Catholique 2018"}]},{"@type":"WebSite","@id":"https:\/\/www.saint-paul-angouleme.fr\/application\/#website","url":"https:\/\/www.saint-paul-angouleme.fr\/application\/","name":"Actualit\u00e9s","description":"Actualit\u00e9s Saint Paul","publisher":{"@id":"https:\/\/www.saint-paul-angouleme.fr\/application\/#organization"},"potentialAction":[{"@type":"SearchAction","target":{"@type":"EntryPoint","urlTemplate":"https:\/\/www.saint-paul-angouleme.fr\/application\/?s={search_term_string}"},"query-input":"required name=search_term_string"}],"inLanguage":"fr-FR"},{"@type":"Organization","@id":"https:\/\/www.saint-paul-angouleme.fr\/application\/#organization","name":"Ensemble scolaire Saint-Paul","url":"https:\/\/www.saint-paul-angouleme.fr\/application\/","logo":{"@type":"ImageObject","inLanguage":"fr-FR","@id":"https:\/\/www.saint-paul-angouleme.fr\/application\/#\/schema\/logo\/image\/","url":"https:\/\/www.saint-paul-angouleme.fr\/application\/wp-content\/uploads\/2018\/08\/logo-saint-paul-couleurs.jpg","contentUrl":"https:\/\/www.saint-paul-angouleme.fr\/application\/wp-content\/uploads\/2018\/08\/logo-saint-paul-couleurs.jpg","width":1890,"height":709,"caption":"Ensemble scolaire Saint-Paul"},"image":{"@id":"https:\/\/www.saint-paul-angouleme.fr\/application\/#\/schema\/logo\/image\/"},"sameAs":["https:\/\/www.facebook.com\/SaintPaulAngouleme16\/","https:\/\/x.com\/StPaulAngoulem","https:\/\/www.youtube.com\/channel\/UCRLpz1CmPVqc0gn--YyXvjA?view_as=subscriber"]},{"@type":"Person","@id":"https:\/\/www.saint-paul-angouleme.fr\/application\/#\/schema\/person\/ea152930b1a3823659065827b1a5fb9b","name":"SAINT-PAUL","image":{"@type":"ImageObject","inLanguage":"fr-FR","@id":"https:\/\/www.saint-paul-angouleme.fr\/application\/#\/schema\/person\/image\/","url":"https:\/\/secure.gravatar.com\/avatar\/eadb0ffebc02683a61d69038eb2924f0?s=96&r=g","contentUrl":"https:\/\/secure.gravatar.com\/avatar\/eadb0ffebc02683a61d69038eb2924f0?s=96&r=g","caption":"SAINT-PAUL"},"url":"https:\/\/www.saint-paul-angouleme.fr\/application\/author\/myriam\/"}]}},"_links":{"self":[{"href":"https:\/\/www.saint-paul-angouleme.fr\/application\/wp-json\/wp\/v2\/posts\/3347"}],"collection":[{"href":"https:\/\/www.saint-paul-angouleme.fr\/application\/wp-json\/wp\/v2\/posts"}],"about":[{"href":"https:\/\/www.saint-paul-angouleme.fr\/application\/wp-json\/wp\/v2\/types\/post"}],"author":[{"embeddable":true,"href":"https:\/\/www.saint-paul-angouleme.fr\/application\/wp-json\/wp\/v2\/users\/3"}],"replies":[{"embeddable":true,"href":"https:\/\/www.saint-paul-angouleme.fr\/application\/wp-json\/wp\/v2\/comments?post=3347"}],"version-history":[{"count":1,"href":"https:\/\/www.saint-paul-angouleme.fr\/application\/wp-json\/wp\/v2\/posts\/3347\/revisions"}],"predecessor-version":[{"id":3349,"href":"https:\/\/www.saint-paul-angouleme.fr\/application\/wp-json\/wp\/v2\/posts\/3347\/revisions\/3349"}],"wp:attachment":[{"href":"https:\/\/www.saint-paul-angouleme.fr\/application\/wp-json\/wp\/v2\/media?parent=3347"}],"wp:term":[{"taxonomy":"category","embeddable":true,"href":"https:\/\/www.saint-paul-angouleme.fr\/application\/wp-json\/wp\/v2\/categories?post=3347"},{"taxonomy":"post_tag","embeddable":true,"href":"https:\/\/www.saint-paul-angouleme.fr\/application\/wp-json\/wp\/v2\/tags?post=3347"}],"curies":[{"name":"wp","href":"https:\/\/api.w.org\/{rel}","templated":true}]}}