{"id":330,"date":"2017-03-20T00:03:48","date_gmt":"2017-03-19T23:03:48","guid":{"rendered":"http:\/\/www.saint-paul-angouleme.fr\/application\/?p=330"},"modified":"2017-03-20T20:27:08","modified_gmt":"2017-03-20T19:27:08","slug":"concours-de-calcul-mental-trois-laureats-de-st-paul-a-la-remise-des-prix","status":"publish","type":"post","link":"https:\/\/www.saint-paul-angouleme.fr\/application\/concours-de-calcul-mental-trois-laureats-de-st-paul-a-la-remise-des-prix\/","title":{"rendered":"\u00ab Concours de calcul mental \u00bb trois laur\u00e9ats de Saint-Paul \u00e0 la remise des prix"},"content":{"rendered":"<p style=\"text-align: justify;\"><a href=\"http:\/\/www.saint-paul-angouleme.fr\/application\/wp-content\/uploads\/2017\/03\/Arthur-Greg-Micka\u00ebl.jpg\"><img loading=\"lazy\" decoding=\"async\" class=\"aligncenter size-full wp-image-333\" src=\"http:\/\/www.saint-paul-angouleme.fr\/application\/wp-content\/uploads\/2017\/03\/Arthur-Greg-Micka\u00ebl.jpg\" alt=\"Arthur-Greg-Micka\u00ebl\" width=\"800\" height=\"534\" srcset=\"https:\/\/www.saint-paul-angouleme.fr\/application\/wp-content\/uploads\/2017\/03\/Arthur-Greg-Micka\u00ebl.jpg 800w, https:\/\/www.saint-paul-angouleme.fr\/application\/wp-content\/uploads\/2017\/03\/Arthur-Greg-Micka\u00ebl-300x200.jpg 300w, https:\/\/www.saint-paul-angouleme.fr\/application\/wp-content\/uploads\/2017\/03\/Arthur-Greg-Micka\u00ebl-768x513.jpg 768w\" sizes=\"(max-width: 800px) 100vw, 800px\" \/><\/a><\/p>\n<p style=\"text-align: justify;\"><span style=\"color: #333333; font-family: verdana,geneva,sans-serif; font-size: 20px;\">Espace Pierre MENDES-FRANCE, Poitiers, le mercredi 15 mars 2017 dans l\u2019apr\u00e8s-midi. Les trois laur\u00e9ats de Saint-Paul sont pr\u00e9sents avec leurs familles et deux de leurs enseignants pour la c\u00e9r\u00e9monie de remise des prix. Il s\u2019agit de\u00a0: Micka\u00ebl LEROY (1<sup>er<\/sup> pour les secondes), Arthur AIGUBELLE (1<sup>er<\/sup> pour les cinqui\u00e8mes) et Greg SALICIO (3<sup>\u00e8me<\/sup> pour les secondes).<\/span><\/p>\n<p style=\"text-align: justify;\"><span style=\"color: #333333; font-family: verdana,geneva,sans-serif; font-size: 20px;\">Monsieur S\u00e9bastien PEYROT, Inspecteur P\u00e9dagogique R\u00e9gional accueille l\u2019ensemble des laur\u00e9ats de l\u2019Acad\u00e9mie entour\u00e9 de ses collaborateurs.<\/span><\/p>\n<p style=\"text-align: justify;\"><span style=\"color: #333333; font-family: verdana,geneva,sans-serif; font-size: 20px;\">Dans un premier temps, un concours \u00ab\u00a0grand public\u00a0\u00bb est propos\u00e9 \u00e0 l\u2019ensemble des participants\u00a0: 20 questions \u00e0 deux niveau de difficult\u00e9 (adulte \/ enfant). La barre est haute pour les questions adultes\u2026<\/span><\/p>\n<p style=\"text-align: justify;\"><span style=\"color: #333333; font-family: verdana,geneva,sans-serif; font-size: 20px;\"><a href=\"http:\/\/www.saint-paul-angouleme.fr\/application\/wp-content\/uploads\/2017\/03\/Cat\u00e9gorie-5\u00e8me-2.jpg\"><img loading=\"lazy\" decoding=\"async\" class=\"size-medium wp-image-334 alignleft\" src=\"http:\/\/www.saint-paul-angouleme.fr\/application\/wp-content\/uploads\/2017\/03\/Cat\u00e9gorie-5\u00e8me-2-300x200.jpg\" alt=\"Cat\u00e9gorie 5\u00e8me (2)\" width=\"300\" height=\"200\" srcset=\"https:\/\/www.saint-paul-angouleme.fr\/application\/wp-content\/uploads\/2017\/03\/Cat\u00e9gorie-5\u00e8me-2-300x200.jpg 300w, https:\/\/www.saint-paul-angouleme.fr\/application\/wp-content\/uploads\/2017\/03\/Cat\u00e9gorie-5\u00e8me-2-768x513.jpg 768w, https:\/\/www.saint-paul-angouleme.fr\/application\/wp-content\/uploads\/2017\/03\/Cat\u00e9gorie-5\u00e8me-2.jpg 800w\" sizes=\"(max-width: 300px) 100vw, 300px\" \/><\/a>C\u2019est alors la remise des prix qui commence depuis les classes de CE1 jusqu\u2019aux Terminales. Les \u00e9l\u00e8ves de chaque niveau sont appel\u00e9s et re\u00e7oivent leurs prix,\u00a0en commen\u00e7ant par ceux qui sont arriv\u00e9s en troisi\u00e8me position pour arriver jusqu\u2019aux premiers\u00a0: une couverture polaire, un ch\u00e8que cadeau de la FNAC, un Sodoku magn\u00e9tique et\/ou des jeux de casse-t\u00eate.<\/span><\/p>\n<p style=\"text-align: justify;\"><span style=\"color: #333333; font-family: verdana,geneva,sans-serif; font-size: 20px;\">Entre chaque niveau M. Rapha\u00ebl NIVELLE anime la correction des diapositives du concours \u00ab\u00a0grand public\u00a0\u00bb en alternant r\u00e9ponses adultes et r\u00e9ponses enfants.<a href=\"http:\/\/www.saint-paul-angouleme.fr\/application\/wp-content\/uploads\/2017\/03\/Cat\u00e9gorie-seconde-3.jpg\"><img loading=\"lazy\" decoding=\"async\" class=\"size-medium wp-image-335 alignright\" src=\"http:\/\/www.saint-paul-angouleme.fr\/application\/wp-content\/uploads\/2017\/03\/Cat\u00e9gorie-seconde-3-300x200.jpg\" alt=\"Cat\u00e9gorie seconde (3)\" width=\"300\" height=\"200\" srcset=\"https:\/\/www.saint-paul-angouleme.fr\/application\/wp-content\/uploads\/2017\/03\/Cat\u00e9gorie-seconde-3-300x200.jpg 300w, https:\/\/www.saint-paul-angouleme.fr\/application\/wp-content\/uploads\/2017\/03\/Cat\u00e9gorie-seconde-3-768x513.jpg 768w, https:\/\/www.saint-paul-angouleme.fr\/application\/wp-content\/uploads\/2017\/03\/Cat\u00e9gorie-seconde-3.jpg 800w\" sizes=\"(max-width: 300px) 100vw, 300px\" \/><\/a><\/span><\/p>\n<p style=\"text-align: justify;\"><span style=\"color: #333333; font-family: verdana,geneva,sans-serif; font-size: 20px;\">A l\u2019issue de la remise des prix un go\u00fbter est offert et chacun peut, s\u2019il le souhaite, visiter gratuitement l\u2019exposition \u00ab\u00a0Maths &amp; puzzles\u00a0\u00bb. Une belle apr\u00e8s-midi et des laur\u00e9ats heureux d\u2019\u00eatre r\u00e9compens\u00e9s\u00a0!<\/span><\/p>\n<p style=\"text-align: justify;\"><span style=\"color: #de984b; font-family: verdana,geneva,sans-serif; font-size: 20px;\"><strong>Rappel des r\u00e9sultats du concours \u00e0 Saint-Paul\u00a0:<\/strong><\/span><\/p>\n<p style=\"text-align: justify;\"><span style=\"color: #333333; font-family: verdana,geneva,sans-serif; font-size: 20px;\">\u00a0\u00a0\u00a0\u00a0\u00a0\u00a0\u00a0\u00a0\u00a0\u00a0<span style=\"color: #787170;\">\u00a0 &#8211; <u>Pour les cinqui\u00e8mes\u00a0:<\/u><\/span><\/span><\/p>\n<p style=\"text-align: justify;\"><span style=\"color: #787170; font-family: verdana,geneva,sans-serif; font-size: 20px;\">\u00a0\u00a0\u00a0\u00a0\u00a0\u00a0\u00a0\u00a0\u00a0\u00a0\u00a0 1<sup>er<\/sup>\u00a0: Arthur AIGUBELLE (502) 12\u201930\u2019\u2019 (temps maxi 20\u2019)<\/span><\/p>\n<p style=\"text-align: justify;\"><span style=\"color: #787170; font-family: verdana,geneva,sans-serif; font-size: 20px;\">\u00a0\u00a0\u00a0\u00a0\u00a0\u00a0\u00a0\u00a0\u00a0\u00a0\u00a0 9<sup>\u00e8me<\/sup>\u00a0: Marc DURIS (502)<\/span><\/p>\n<p>&nbsp;<\/p>\n<p style=\"text-align: justify;\"><span style=\"color: #787170;\">\u00a0\u00a0\u00a0\u00a0\u00a0\u00a0\u00a0\u00a0\u00a0\u00a0<span style=\"font-family: verdana,geneva,sans-serif; font-size: 20px;\">\u00a0\u00a0\u00a0\u00a0 &#8211; <u>Pour les secondes\u00a0:<\/u><\/span><\/span><\/p>\n<p style=\"text-align: justify;\"><span style=\"color: #787170; font-family: verdana,geneva,sans-serif; font-size: 20px;\">\u00a0\u00a0\u00a0\u00a0\u00a0\u00a0\u00a0\u00a0\u00a0\u00a0\u00a0 1<sup>er<\/sup>\u00a0: Micka\u00ebl LEROY (202)<\/span><\/p>\n<p style=\"text-align: justify;\"><span style=\"color: #787170; font-family: verdana,geneva,sans-serif; font-size: 20px;\">\u00a0\u00a0\u00a0\u00a0\u00a0\u00a0\u00a0\u00a0\u00a0\u00a0\u00a0 3<sup>\u00e8me<\/sup>\u00a0: Greg SALICIO (205)<\/span><\/p>\n<p style=\"text-align: justify;\"><span style=\"color: #787170; font-family: verdana,geneva,sans-serif; font-size: 20px;\">\u00a0\u00a0\u00a0\u00a0\u00a0\u00a0\u00a0\u00a0\u00a0\u00a0\u00a0 5<sup>\u00e8me<\/sup>\u00a0: Fynn MITCHELL (202)<\/span><\/p>\n<p style=\"text-align: justify;\"><span style=\"color: #787170; font-family: verdana,geneva,sans-serif; font-size: 20px;\">\u00a0\u00a0\u00a0\u00a0\u00a0\u00a0\u00a0\u00a0\u00a0\u00a0\u00a0 9<sup>\u00e8me<\/sup>\u00a0: Yan COSTODE (205)<\/span><\/p>\n<p style=\"text-align: justify;\"><a href=\"http:\/\/www.saint-paul-angouleme.fr\/application\/wp-content\/uploads\/2017\/03\/Tous-les-laur\u00e9ats-2.jpg\"><img loading=\"lazy\" decoding=\"async\" class=\"aligncenter wp-image-337 size-full\" src=\"http:\/\/www.saint-paul-angouleme.fr\/application\/wp-content\/uploads\/2017\/03\/Tous-les-laur\u00e9ats-2.jpg\" alt=\"Tous les laur\u00e9ats (2)\" width=\"800\" height=\"534\" srcset=\"https:\/\/www.saint-paul-angouleme.fr\/application\/wp-content\/uploads\/2017\/03\/Tous-les-laur\u00e9ats-2.jpg 800w, https:\/\/www.saint-paul-angouleme.fr\/application\/wp-content\/uploads\/2017\/03\/Tous-les-laur\u00e9ats-2-300x200.jpg 300w, https:\/\/www.saint-paul-angouleme.fr\/application\/wp-content\/uploads\/2017\/03\/Tous-les-laur\u00e9ats-2-768x513.jpg 768w\" sizes=\"(max-width: 800px) 100vw, 800px\" \/><\/a><\/p>\n","protected":false},"excerpt":{"rendered":"<p>Espace Pierre MENDES-FRANCE, Poitiers, le mercredi 15 mars 2017 dans l\u2019apr\u00e8s-midi. Les trois laur\u00e9ats de Saint-Paul sont pr\u00e9sents avec leurs familles et deux de leurs enseignants pour la c\u00e9r\u00e9monie de remise des prix. Il s\u2019agit de\u00a0: Micka\u00ebl LEROY (1er pour les secondes), Arthur AIGUBELLE (1er pour les cinqui\u00e8mes) et Greg SALICIO (3\u00e8me pour les secondes). &#8230; <a title=\"\u00ab Concours de calcul mental \u00bb trois laur\u00e9ats de Saint-Paul \u00e0 la remise des prix\" class=\"read-more\" href=\"https:\/\/www.saint-paul-angouleme.fr\/application\/concours-de-calcul-mental-trois-laureats-de-st-paul-a-la-remise-des-prix\/\" aria-label=\"Read more about \u00ab Concours de calcul mental \u00bb trois laur\u00e9ats de Saint-Paul \u00e0 la remise des prix\">Lire la suite<\/a><\/p>\n","protected":false},"author":3,"featured_media":0,"comment_status":"open","ping_status":"open","sticky":false,"template":"","format":"standard","meta":{"_exactmetrics_skip_tracking":false,"_exactmetrics_sitenote_active":false,"_exactmetrics_sitenote_note":"","_exactmetrics_sitenote_category":0,"footnotes":""},"categories":[2],"tags":[],"class_list":["post-330","post","type-post","status-publish","format-standard","hentry","category-look-on"],"yoast_head":"<!-- This site is optimized with the Yoast SEO plugin v23.3 - https:\/\/yoast.com\/wordpress\/plugins\/seo\/ -->\n<title>\u00ab Concours de calcul mental \u00bb trois laur\u00e9ats de Saint-Paul \u00e0 la remise des prix - Actualit\u00e9s<\/title>\n<meta name=\"robots\" content=\"index, follow, max-snippet:-1, max-image-preview:large, max-video-preview:-1\" \/>\n<link rel=\"canonical\" href=\"https:\/\/www.saint-paul-angouleme.fr\/application\/concours-de-calcul-mental-trois-laureats-de-st-paul-a-la-remise-des-prix\/\" \/>\n<meta property=\"og:locale\" content=\"fr_FR\" \/>\n<meta property=\"og:type\" content=\"article\" \/>\n<meta property=\"og:title\" content=\"\u00ab Concours de calcul mental \u00bb trois laur\u00e9ats de Saint-Paul \u00e0 la remise des prix - Actualit\u00e9s\" \/>\n<meta property=\"og:description\" content=\"Espace Pierre MENDES-FRANCE, Poitiers, le mercredi 15 mars 2017 dans l\u2019apr\u00e8s-midi. Les trois laur\u00e9ats de Saint-Paul sont pr\u00e9sents avec leurs familles et deux de leurs enseignants pour la c\u00e9r\u00e9monie de remise des prix. Il s\u2019agit de\u00a0: Micka\u00ebl LEROY (1er pour les secondes), Arthur AIGUBELLE (1er pour les cinqui\u00e8mes) et Greg SALICIO (3\u00e8me pour les secondes). ... Lire la suite\" \/>\n<meta property=\"og:url\" content=\"https:\/\/www.saint-paul-angouleme.fr\/application\/concours-de-calcul-mental-trois-laureats-de-st-paul-a-la-remise-des-prix\/\" \/>\n<meta property=\"og:site_name\" content=\"Actualit\u00e9s\" \/>\n<meta property=\"article:publisher\" content=\"https:\/\/www.facebook.com\/SaintPaulAngouleme16\/\" \/>\n<meta property=\"article:published_time\" content=\"2017-03-19T23:03:48+00:00\" \/>\n<meta property=\"article:modified_time\" content=\"2017-03-20T19:27:08+00:00\" \/>\n<meta name=\"author\" content=\"SAINT-PAUL\" \/>\n<meta name=\"twitter:card\" content=\"summary_large_image\" \/>\n<meta name=\"twitter:creator\" content=\"@StPaulAngoulem\" \/>\n<meta name=\"twitter:site\" content=\"@StPaulAngoulem\" \/>\n<meta name=\"twitter:label1\" content=\"\u00c9crit par\" \/>\n\t<meta name=\"twitter:data1\" content=\"SAINT-PAUL\" \/>\n\t<meta name=\"twitter:label2\" content=\"Dur\u00e9e de lecture estim\u00e9e\" \/>\n\t<meta name=\"twitter:data2\" content=\"1 minute\" \/>\n<script type=\"application\/ld+json\" class=\"yoast-schema-graph\">{\"@context\":\"https:\/\/schema.org\",\"@graph\":[{\"@type\":\"Article\",\"@id\":\"https:\/\/www.saint-paul-angouleme.fr\/application\/concours-de-calcul-mental-trois-laureats-de-st-paul-a-la-remise-des-prix\/#article\",\"isPartOf\":{\"@id\":\"https:\/\/www.saint-paul-angouleme.fr\/application\/concours-de-calcul-mental-trois-laureats-de-st-paul-a-la-remise-des-prix\/\"},\"author\":{\"name\":\"SAINT-PAUL\",\"@id\":\"https:\/\/www.saint-paul-angouleme.fr\/application\/#\/schema\/person\/ea152930b1a3823659065827b1a5fb9b\"},\"headline\":\"\u00ab Concours de calcul mental \u00bb trois laur\u00e9ats de Saint-Paul \u00e0 la remise des prix\",\"datePublished\":\"2017-03-19T23:03:48+00:00\",\"dateModified\":\"2017-03-20T19:27:08+00:00\",\"mainEntityOfPage\":{\"@id\":\"https:\/\/www.saint-paul-angouleme.fr\/application\/concours-de-calcul-mental-trois-laureats-de-st-paul-a-la-remise-des-prix\/\"},\"wordCount\":301,\"commentCount\":0,\"publisher\":{\"@id\":\"https:\/\/www.saint-paul-angouleme.fr\/application\/#organization\"},\"articleSection\":[\"Look on\"],\"inLanguage\":\"fr-FR\",\"potentialAction\":[{\"@type\":\"CommentAction\",\"name\":\"Comment\",\"target\":[\"https:\/\/www.saint-paul-angouleme.fr\/application\/concours-de-calcul-mental-trois-laureats-de-st-paul-a-la-remise-des-prix\/#respond\"]}]},{\"@type\":\"WebPage\",\"@id\":\"https:\/\/www.saint-paul-angouleme.fr\/application\/concours-de-calcul-mental-trois-laureats-de-st-paul-a-la-remise-des-prix\/\",\"url\":\"https:\/\/www.saint-paul-angouleme.fr\/application\/concours-de-calcul-mental-trois-laureats-de-st-paul-a-la-remise-des-prix\/\",\"name\":\"\u00ab Concours de calcul mental \u00bb trois laur\u00e9ats de Saint-Paul \u00e0 la remise des prix - Actualit\u00e9s\",\"isPartOf\":{\"@id\":\"https:\/\/www.saint-paul-angouleme.fr\/application\/#website\"},\"datePublished\":\"2017-03-19T23:03:48+00:00\",\"dateModified\":\"2017-03-20T19:27:08+00:00\",\"breadcrumb\":{\"@id\":\"https:\/\/www.saint-paul-angouleme.fr\/application\/concours-de-calcul-mental-trois-laureats-de-st-paul-a-la-remise-des-prix\/#breadcrumb\"},\"inLanguage\":\"fr-FR\",\"potentialAction\":[{\"@type\":\"ReadAction\",\"target\":[\"https:\/\/www.saint-paul-angouleme.fr\/application\/concours-de-calcul-mental-trois-laureats-de-st-paul-a-la-remise-des-prix\/\"]}]},{\"@type\":\"BreadcrumbList\",\"@id\":\"https:\/\/www.saint-paul-angouleme.fr\/application\/concours-de-calcul-mental-trois-laureats-de-st-paul-a-la-remise-des-prix\/#breadcrumb\",\"itemListElement\":[{\"@type\":\"ListItem\",\"position\":1,\"name\":\"Accueil\",\"item\":\"http:\/\/www.saint-paul-angouleme.fr\/application\/\"},{\"@type\":\"ListItem\",\"position\":2,\"name\":\"\u00ab Concours de calcul mental \u00bb trois laur\u00e9ats de Saint-Paul \u00e0 la remise des prix\"}]},{\"@type\":\"WebSite\",\"@id\":\"https:\/\/www.saint-paul-angouleme.fr\/application\/#website\",\"url\":\"https:\/\/www.saint-paul-angouleme.fr\/application\/\",\"name\":\"Actualit\u00e9s\",\"description\":\"Actualit\u00e9s Saint Paul\",\"publisher\":{\"@id\":\"https:\/\/www.saint-paul-angouleme.fr\/application\/#organization\"},\"potentialAction\":[{\"@type\":\"SearchAction\",\"target\":{\"@type\":\"EntryPoint\",\"urlTemplate\":\"https:\/\/www.saint-paul-angouleme.fr\/application\/?s={search_term_string}\"},\"query-input\":\"required name=search_term_string\"}],\"inLanguage\":\"fr-FR\"},{\"@type\":\"Organization\",\"@id\":\"https:\/\/www.saint-paul-angouleme.fr\/application\/#organization\",\"name\":\"Ensemble scolaire Saint-Paul\",\"url\":\"https:\/\/www.saint-paul-angouleme.fr\/application\/\",\"logo\":{\"@type\":\"ImageObject\",\"inLanguage\":\"fr-FR\",\"@id\":\"https:\/\/www.saint-paul-angouleme.fr\/application\/#\/schema\/logo\/image\/\",\"url\":\"https:\/\/www.saint-paul-angouleme.fr\/application\/wp-content\/uploads\/2018\/08\/logo-saint-paul-couleurs.jpg\",\"contentUrl\":\"https:\/\/www.saint-paul-angouleme.fr\/application\/wp-content\/uploads\/2018\/08\/logo-saint-paul-couleurs.jpg\",\"width\":1890,\"height\":709,\"caption\":\"Ensemble scolaire Saint-Paul\"},\"image\":{\"@id\":\"https:\/\/www.saint-paul-angouleme.fr\/application\/#\/schema\/logo\/image\/\"},\"sameAs\":[\"https:\/\/www.facebook.com\/SaintPaulAngouleme16\/\",\"https:\/\/x.com\/StPaulAngoulem\",\"https:\/\/www.youtube.com\/channel\/UCRLpz1CmPVqc0gn--YyXvjA?view_as=subscriber\"]},{\"@type\":\"Person\",\"@id\":\"https:\/\/www.saint-paul-angouleme.fr\/application\/#\/schema\/person\/ea152930b1a3823659065827b1a5fb9b\",\"name\":\"SAINT-PAUL\",\"image\":{\"@type\":\"ImageObject\",\"inLanguage\":\"fr-FR\",\"@id\":\"https:\/\/www.saint-paul-angouleme.fr\/application\/#\/schema\/person\/image\/\",\"url\":\"https:\/\/secure.gravatar.com\/avatar\/eadb0ffebc02683a61d69038eb2924f0?s=96&r=g\",\"contentUrl\":\"https:\/\/secure.gravatar.com\/avatar\/eadb0ffebc02683a61d69038eb2924f0?s=96&r=g\",\"caption\":\"SAINT-PAUL\"},\"url\":\"https:\/\/www.saint-paul-angouleme.fr\/application\/author\/myriam\/\"}]}<\/script>\n<!-- \/ Yoast SEO plugin. -->","yoast_head_json":{"title":"\u00ab Concours de calcul mental \u00bb trois laur\u00e9ats de Saint-Paul \u00e0 la remise des prix - Actualit\u00e9s","robots":{"index":"index","follow":"follow","max-snippet":"max-snippet:-1","max-image-preview":"max-image-preview:large","max-video-preview":"max-video-preview:-1"},"canonical":"https:\/\/www.saint-paul-angouleme.fr\/application\/concours-de-calcul-mental-trois-laureats-de-st-paul-a-la-remise-des-prix\/","og_locale":"fr_FR","og_type":"article","og_title":"\u00ab Concours de calcul mental \u00bb trois laur\u00e9ats de Saint-Paul \u00e0 la remise des prix - Actualit\u00e9s","og_description":"Espace Pierre MENDES-FRANCE, Poitiers, le mercredi 15 mars 2017 dans l\u2019apr\u00e8s-midi. Les trois laur\u00e9ats de Saint-Paul sont pr\u00e9sents avec leurs familles et deux de leurs enseignants pour la c\u00e9r\u00e9monie de remise des prix. Il s\u2019agit de\u00a0: Micka\u00ebl LEROY (1er pour les secondes), Arthur AIGUBELLE (1er pour les cinqui\u00e8mes) et Greg SALICIO (3\u00e8me pour les secondes). ... Lire la suite","og_url":"https:\/\/www.saint-paul-angouleme.fr\/application\/concours-de-calcul-mental-trois-laureats-de-st-paul-a-la-remise-des-prix\/","og_site_name":"Actualit\u00e9s","article_publisher":"https:\/\/www.facebook.com\/SaintPaulAngouleme16\/","article_published_time":"2017-03-19T23:03:48+00:00","article_modified_time":"2017-03-20T19:27:08+00:00","author":"SAINT-PAUL","twitter_card":"summary_large_image","twitter_creator":"@StPaulAngoulem","twitter_site":"@StPaulAngoulem","twitter_misc":{"\u00c9crit par":"SAINT-PAUL","Dur\u00e9e de lecture estim\u00e9e":"1 minute"},"schema":{"@context":"https:\/\/schema.org","@graph":[{"@type":"Article","@id":"https:\/\/www.saint-paul-angouleme.fr\/application\/concours-de-calcul-mental-trois-laureats-de-st-paul-a-la-remise-des-prix\/#article","isPartOf":{"@id":"https:\/\/www.saint-paul-angouleme.fr\/application\/concours-de-calcul-mental-trois-laureats-de-st-paul-a-la-remise-des-prix\/"},"author":{"name":"SAINT-PAUL","@id":"https:\/\/www.saint-paul-angouleme.fr\/application\/#\/schema\/person\/ea152930b1a3823659065827b1a5fb9b"},"headline":"\u00ab Concours de calcul mental \u00bb trois laur\u00e9ats de Saint-Paul \u00e0 la remise des prix","datePublished":"2017-03-19T23:03:48+00:00","dateModified":"2017-03-20T19:27:08+00:00","mainEntityOfPage":{"@id":"https:\/\/www.saint-paul-angouleme.fr\/application\/concours-de-calcul-mental-trois-laureats-de-st-paul-a-la-remise-des-prix\/"},"wordCount":301,"commentCount":0,"publisher":{"@id":"https:\/\/www.saint-paul-angouleme.fr\/application\/#organization"},"articleSection":["Look on"],"inLanguage":"fr-FR","potentialAction":[{"@type":"CommentAction","name":"Comment","target":["https:\/\/www.saint-paul-angouleme.fr\/application\/concours-de-calcul-mental-trois-laureats-de-st-paul-a-la-remise-des-prix\/#respond"]}]},{"@type":"WebPage","@id":"https:\/\/www.saint-paul-angouleme.fr\/application\/concours-de-calcul-mental-trois-laureats-de-st-paul-a-la-remise-des-prix\/","url":"https:\/\/www.saint-paul-angouleme.fr\/application\/concours-de-calcul-mental-trois-laureats-de-st-paul-a-la-remise-des-prix\/","name":"\u00ab Concours de calcul mental \u00bb trois laur\u00e9ats de Saint-Paul \u00e0 la remise des prix - Actualit\u00e9s","isPartOf":{"@id":"https:\/\/www.saint-paul-angouleme.fr\/application\/#website"},"datePublished":"2017-03-19T23:03:48+00:00","dateModified":"2017-03-20T19:27:08+00:00","breadcrumb":{"@id":"https:\/\/www.saint-paul-angouleme.fr\/application\/concours-de-calcul-mental-trois-laureats-de-st-paul-a-la-remise-des-prix\/#breadcrumb"},"inLanguage":"fr-FR","potentialAction":[{"@type":"ReadAction","target":["https:\/\/www.saint-paul-angouleme.fr\/application\/concours-de-calcul-mental-trois-laureats-de-st-paul-a-la-remise-des-prix\/"]}]},{"@type":"BreadcrumbList","@id":"https:\/\/www.saint-paul-angouleme.fr\/application\/concours-de-calcul-mental-trois-laureats-de-st-paul-a-la-remise-des-prix\/#breadcrumb","itemListElement":[{"@type":"ListItem","position":1,"name":"Accueil","item":"http:\/\/www.saint-paul-angouleme.fr\/application\/"},{"@type":"ListItem","position":2,"name":"\u00ab Concours de calcul mental \u00bb trois laur\u00e9ats de Saint-Paul \u00e0 la remise des prix"}]},{"@type":"WebSite","@id":"https:\/\/www.saint-paul-angouleme.fr\/application\/#website","url":"https:\/\/www.saint-paul-angouleme.fr\/application\/","name":"Actualit\u00e9s","description":"Actualit\u00e9s Saint Paul","publisher":{"@id":"https:\/\/www.saint-paul-angouleme.fr\/application\/#organization"},"potentialAction":[{"@type":"SearchAction","target":{"@type":"EntryPoint","urlTemplate":"https:\/\/www.saint-paul-angouleme.fr\/application\/?s={search_term_string}"},"query-input":"required name=search_term_string"}],"inLanguage":"fr-FR"},{"@type":"Organization","@id":"https:\/\/www.saint-paul-angouleme.fr\/application\/#organization","name":"Ensemble scolaire Saint-Paul","url":"https:\/\/www.saint-paul-angouleme.fr\/application\/","logo":{"@type":"ImageObject","inLanguage":"fr-FR","@id":"https:\/\/www.saint-paul-angouleme.fr\/application\/#\/schema\/logo\/image\/","url":"https:\/\/www.saint-paul-angouleme.fr\/application\/wp-content\/uploads\/2018\/08\/logo-saint-paul-couleurs.jpg","contentUrl":"https:\/\/www.saint-paul-angouleme.fr\/application\/wp-content\/uploads\/2018\/08\/logo-saint-paul-couleurs.jpg","width":1890,"height":709,"caption":"Ensemble scolaire Saint-Paul"},"image":{"@id":"https:\/\/www.saint-paul-angouleme.fr\/application\/#\/schema\/logo\/image\/"},"sameAs":["https:\/\/www.facebook.com\/SaintPaulAngouleme16\/","https:\/\/x.com\/StPaulAngoulem","https:\/\/www.youtube.com\/channel\/UCRLpz1CmPVqc0gn--YyXvjA?view_as=subscriber"]},{"@type":"Person","@id":"https:\/\/www.saint-paul-angouleme.fr\/application\/#\/schema\/person\/ea152930b1a3823659065827b1a5fb9b","name":"SAINT-PAUL","image":{"@type":"ImageObject","inLanguage":"fr-FR","@id":"https:\/\/www.saint-paul-angouleme.fr\/application\/#\/schema\/person\/image\/","url":"https:\/\/secure.gravatar.com\/avatar\/eadb0ffebc02683a61d69038eb2924f0?s=96&r=g","contentUrl":"https:\/\/secure.gravatar.com\/avatar\/eadb0ffebc02683a61d69038eb2924f0?s=96&r=g","caption":"SAINT-PAUL"},"url":"https:\/\/www.saint-paul-angouleme.fr\/application\/author\/myriam\/"}]}},"_links":{"self":[{"href":"https:\/\/www.saint-paul-angouleme.fr\/application\/wp-json\/wp\/v2\/posts\/330"}],"collection":[{"href":"https:\/\/www.saint-paul-angouleme.fr\/application\/wp-json\/wp\/v2\/posts"}],"about":[{"href":"https:\/\/www.saint-paul-angouleme.fr\/application\/wp-json\/wp\/v2\/types\/post"}],"author":[{"embeddable":true,"href":"https:\/\/www.saint-paul-angouleme.fr\/application\/wp-json\/wp\/v2\/users\/3"}],"replies":[{"embeddable":true,"href":"https:\/\/www.saint-paul-angouleme.fr\/application\/wp-json\/wp\/v2\/comments?post=330"}],"version-history":[{"count":8,"href":"https:\/\/www.saint-paul-angouleme.fr\/application\/wp-json\/wp\/v2\/posts\/330\/revisions"}],"predecessor-version":[{"id":344,"href":"https:\/\/www.saint-paul-angouleme.fr\/application\/wp-json\/wp\/v2\/posts\/330\/revisions\/344"}],"wp:attachment":[{"href":"https:\/\/www.saint-paul-angouleme.fr\/application\/wp-json\/wp\/v2\/media?parent=330"}],"wp:term":[{"taxonomy":"category","embeddable":true,"href":"https:\/\/www.saint-paul-angouleme.fr\/application\/wp-json\/wp\/v2\/categories?post=330"},{"taxonomy":"post_tag","embeddable":true,"href":"https:\/\/www.saint-paul-angouleme.fr\/application\/wp-json\/wp\/v2\/tags?post=330"}],"curies":[{"name":"wp","href":"https:\/\/api.w.org\/{rel}","templated":true}]}}