{"id":3267,"date":"2018-07-13T19:10:42","date_gmt":"2018-07-13T17:10:42","guid":{"rendered":"http:\/\/www.saint-paul-angouleme.fr\/application\/?p=3267"},"modified":"2018-07-13T19:13:46","modified_gmt":"2018-07-13T17:13:46","slug":"mardi-10-juillet-resultats-pour-le-diplome-national-du-brevet-2018","status":"publish","type":"post","link":"https:\/\/www.saint-paul-angouleme.fr\/application\/mardi-10-juillet-resultats-pour-le-diplome-national-du-brevet-2018\/","title":{"rendered":"Mardi 10 juillet : r\u00e9sultats pour le Dipl\u00f4me National du Brevet 2018"},"content":{"rendered":"<h2><span style=\"font-family: arial, helvetica, sans-serif; font-size: 20px;\">92% de candidats admis<\/span><\/h2>\n<p style=\"text-align: justify;\"><span style=\"font-size: 16px; font-family: arial, helvetica, sans-serif; color: #333333;\">En fin de journ\u00e9e, seuls ou par petits groupes, nos \u00e9l\u00e8ves de 3\u00e8me viennent consulter les r\u00e9sultats du Dipl\u00f4me National du Brevet 2018. Parfois des parents les accompagnent ou viennent seuls lire les listes et, pour quelques-uns, prendre en photo la liste o\u00f9 figure le nom de leur enfant.<\/span><\/p>\n<p style=\"text-align: justify;\"><span style=\"font-family: arial, helvetica, sans-serif; color: #333333;\">Il y a, cette ann\u00e9e, un taux de r\u00e9ussite un peu en de\u00e7\u00e0 de nos habitudes (92% d&#8217;admis). Il appara\u00eet que les \u00e9preuves de fran\u00e7ais ont donn\u00e9 des r\u00e9sultats inf\u00e9rieurs aux ann\u00e9es ant\u00e9rieures. Cela est vrai pour tout le d\u00e9partement et, semble-t-il, d&#8217;autres Acad\u00e9mies.<\/span><\/p>\n<figure id=\"attachment_3272\" aria-describedby=\"caption-attachment-3272\" style=\"width: 1014px\" class=\"wp-caption aligncenter\"><a href=\"http:\/\/www.saint-paul-angouleme.fr\/application\/wp-content\/uploads\/2018\/07\/P1330359.jpg\"><img loading=\"lazy\" decoding=\"async\" class=\"wp-image-3272 size-large\" title=\"Joie de la mention\" src=\"http:\/\/www.saint-paul-angouleme.fr\/application\/wp-content\/uploads\/2018\/07\/P1330359-1024x759.jpg\" alt=\"Joie de la mention\" width=\"1024\" height=\"759\" data-id=\"3272\" srcset=\"https:\/\/www.saint-paul-angouleme.fr\/application\/wp-content\/uploads\/2018\/07\/P1330359-1024x759.jpg 1024w, https:\/\/www.saint-paul-angouleme.fr\/application\/wp-content\/uploads\/2018\/07\/P1330359-300x222.jpg 300w, https:\/\/www.saint-paul-angouleme.fr\/application\/wp-content\/uploads\/2018\/07\/P1330359-768x570.jpg 768w, https:\/\/www.saint-paul-angouleme.fr\/application\/wp-content\/uploads\/2018\/07\/P1330359.jpg 1246w\" sizes=\"(max-width: 1024px) 100vw, 1024px\" \/><\/a><figcaption id=\"caption-attachment-3272\" class=\"wp-caption-text\"><span style=\"font-family: arial, helvetica, sans-serif; font-size: 12px;\">Partir en vacances l&#8217;esprit tranquille&#8230;<\/span><\/figcaption><\/figure>\n<h2><span style=\"font-family: arial, helvetica, sans-serif; font-size: 20px;\">Des mentions &#8220;Tr\u00e8s Bien&#8221; en hausse&#8221;<\/span><\/h2>\n<p style=\"text-align: justify;\"><span style=\"font-family: arial, helvetica, sans-serif; color: #333333;\">Nous sommes heureux pour ceux qui sont admis et plus particuli\u00e8rement ceux qui ont obtenu une mention. En effet, le taux de mention reste \u00e9lev\u00e9, notamment les mentions &#8220;Tr\u00e8s Bien&#8221; qui sont en hausse et atteignent 27% (plus d&#8217;un candidat sur 4). Enfin, nos laur\u00e9ats ont aussi obtenu 32% de mention &#8220;Bien&#8221; et 25% de mentions &#8220;Assez Bien&#8221;.<\/span><\/p>\n<p><span style=\"font-family: arial, helvetica, sans-serif;\">F\u00e9licitations donc \u00e0 nos troisi\u00e8mes, \u00e0 leurs enseignants et \u00e0 tous ceux qui les ont soutenus au cours de cette ann\u00e9e. Nous serons heureux de les retrouver au lyc\u00e9e en septembre prochain : bon \u00e9t\u00e9 \u00e0 chacun !<\/span><\/p>\n<p><a href=\"http:\/\/www.saint-paul-angouleme.fr\/application\/wp-content\/uploads\/2018\/07\/P1330397.jpg\" rel=\"Partager sa joie\"><img loading=\"lazy\" decoding=\"async\" class=\"aligncenter wp-image-3275 size-large\" title=\"Partager sa joie\" src=\"http:\/\/www.saint-paul-angouleme.fr\/application\/wp-content\/uploads\/2018\/07\/P1330397-1024x619.jpg\" alt=\"Partager sa joie\" width=\"1024\" height=\"619\" data-id=\"3275\" srcset=\"https:\/\/www.saint-paul-angouleme.fr\/application\/wp-content\/uploads\/2018\/07\/P1330397-1024x619.jpg 1024w, https:\/\/www.saint-paul-angouleme.fr\/application\/wp-content\/uploads\/2018\/07\/P1330397-300x181.jpg 300w, https:\/\/www.saint-paul-angouleme.fr\/application\/wp-content\/uploads\/2018\/07\/P1330397-768x464.jpg 768w, https:\/\/www.saint-paul-angouleme.fr\/application\/wp-content\/uploads\/2018\/07\/P1330397.jpg 1528w\" sizes=\"(max-width: 1024px) 100vw, 1024px\" \/><\/a><\/p>\n<p><a href=\"http:\/\/www.saint-paul-angouleme.fr\/application\/wp-content\/uploads\/2018\/07\/P1330397.jpg\" rel=\"Partager sa joie\"><div tabindex=\"0\" class=\"cycloneslider cycloneslider-template-standard cycloneslider-width-responsive\" id=\"cycloneslider-dnb-2018-1\" style=\"max-width:960px\" > <div class=\"cycloneslider-slides cycle-slideshow\" data-cycle-allow-wrap=\"true\" data-cycle-dynamic-height=\"off\" data-cycle-auto-height=\"960:600\" data-cycle-auto-height-easing=\"null\" data-cycle-auto-height-speed=\"250\" data-cycle-delay=\"0\" data-cycle-easing=\"\" data-cycle-fx=\"fade\" data-cycle-hide-non-active=\"true\" data-cycle-log=\"false\" data-cycle-next=\"#cycloneslider-dnb-2018-1 .cycloneslider-next\" data-cycle-pager=\"#cycloneslider-dnb-2018-1 .cycloneslider-pager\" data-cycle-pause-on-hover=\"true\" data-cycle-prev=\"#cycloneslider-dnb-2018-1 .cycloneslider-prev\" data-cycle-slides=\"&gt; div\" data-cycle-speed=\"1000\" data-cycle-swipe=\"1\" data-cycle-tile-count=\"7\" data-cycle-tile-delay=\"100\" data-cycle-tile-vertical=\"true\" data-cycle-timeout=\"4000\" > <div class=\"cycloneslider-slide cycloneslider-slide-image\" > <img decoding=\"async\" src=\"https:\/\/www.saint-paul-angouleme.fr\/application\/wp-content\/uploads\/2018\/07\/P1330339-960x600.jpg\" alt=\"\" title=\"\" \/> <\/div> <div class=\"cycloneslider-slide cycloneslider-slide-image\" > <img decoding=\"async\" src=\"https:\/\/www.saint-paul-angouleme.fr\/application\/wp-content\/uploads\/2018\/07\/P1330341-960x600.jpg\" alt=\"\" title=\"\" \/> <\/div> <div class=\"cycloneslider-slide cycloneslider-slide-image\" > <img decoding=\"async\" src=\"https:\/\/www.saint-paul-angouleme.fr\/application\/wp-content\/uploads\/2018\/07\/P1330343-960x600.jpg\" alt=\"\" title=\"\" \/> <\/div> <div class=\"cycloneslider-slide cycloneslider-slide-image\" > <img decoding=\"async\" src=\"https:\/\/www.saint-paul-angouleme.fr\/application\/wp-content\/uploads\/2018\/07\/P1330344-960x600.jpg\" alt=\"\" title=\"\" \/> <\/div> <div class=\"cycloneslider-slide cycloneslider-slide-image\" > <img decoding=\"async\" src=\"https:\/\/www.saint-paul-angouleme.fr\/application\/wp-content\/uploads\/2018\/07\/P1330345-960x600.jpg\" alt=\"\" title=\"\" \/> <\/div> <div class=\"cycloneslider-slide cycloneslider-slide-image\" > <img decoding=\"async\" src=\"https:\/\/www.saint-paul-angouleme.fr\/application\/wp-content\/uploads\/2018\/07\/P1330346-960x600.jpg\" alt=\"\" title=\"\" \/> <\/div> <div class=\"cycloneslider-slide cycloneslider-slide-image\" > <img decoding=\"async\" src=\"https:\/\/www.saint-paul-angouleme.fr\/application\/wp-content\/uploads\/2018\/07\/P1330348-960x600.jpg\" alt=\"\" title=\"\" \/> <\/div> <div class=\"cycloneslider-slide cycloneslider-slide-image\" > <img decoding=\"async\" src=\"https:\/\/www.saint-paul-angouleme.fr\/application\/wp-content\/uploads\/2018\/07\/P1330349-960x600.jpg\" alt=\"\" title=\"\" \/> <\/div> <div class=\"cycloneslider-slide cycloneslider-slide-image\" > <img decoding=\"async\" src=\"https:\/\/www.saint-paul-angouleme.fr\/application\/wp-content\/uploads\/2018\/07\/P1330350-960x600.jpg\" alt=\"\" title=\"\" \/> <\/div> <div class=\"cycloneslider-slide cycloneslider-slide-image\" > <img decoding=\"async\" src=\"https:\/\/www.saint-paul-angouleme.fr\/application\/wp-content\/uploads\/2018\/07\/P1330352-960x600.jpg\" alt=\"\" title=\"\" \/> <\/div> <div class=\"cycloneslider-slide cycloneslider-slide-image\" > <img decoding=\"async\" src=\"https:\/\/www.saint-paul-angouleme.fr\/application\/wp-content\/uploads\/2018\/07\/P1330355-960x600.jpg\" alt=\"\" title=\"\" \/> <\/div> <div class=\"cycloneslider-slide cycloneslider-slide-image\" > <img decoding=\"async\" src=\"https:\/\/www.saint-paul-angouleme.fr\/application\/wp-content\/uploads\/2018\/07\/P1330357-960x600.jpg\" alt=\"\" title=\"\" \/> <\/div> <div class=\"cycloneslider-slide cycloneslider-slide-image\" > <img decoding=\"async\" src=\"https:\/\/www.saint-paul-angouleme.fr\/application\/wp-content\/uploads\/2018\/07\/P1330359-1-960x600.jpg\" alt=\"\" title=\"\" \/> <\/div> <div class=\"cycloneslider-slide cycloneslider-slide-image\" > <img decoding=\"async\" src=\"https:\/\/www.saint-paul-angouleme.fr\/application\/wp-content\/uploads\/2018\/07\/P1330360-960x600.jpg\" alt=\"\" title=\"\" \/> <\/div> <div class=\"cycloneslider-slide cycloneslider-slide-image\" > <img decoding=\"async\" src=\"https:\/\/www.saint-paul-angouleme.fr\/application\/wp-content\/uploads\/2018\/07\/P1330363-960x600.jpg\" alt=\"\" title=\"\" \/> <\/div> <div class=\"cycloneslider-slide cycloneslider-slide-image\" > <img decoding=\"async\" src=\"https:\/\/www.saint-paul-angouleme.fr\/application\/wp-content\/uploads\/2018\/07\/P1330396-960x600.jpg\" alt=\"\" title=\"\" \/> <\/div> <div class=\"cycloneslider-slide cycloneslider-slide-image\" > <img decoding=\"async\" src=\"https:\/\/www.saint-paul-angouleme.fr\/application\/wp-content\/uploads\/2018\/07\/P1330397-1-960x600.jpg\" alt=\"\" title=\"\" \/> <\/div> <div class=\"cycloneslider-slide cycloneslider-slide-image\" > <img decoding=\"async\" src=\"https:\/\/www.saint-paul-angouleme.fr\/application\/wp-content\/uploads\/2018\/07\/P1330399-960x600.jpg\" alt=\"\" title=\"\" \/> <\/div> <div class=\"cycloneslider-slide cycloneslider-slide-image\" > <img decoding=\"async\" src=\"https:\/\/www.saint-paul-angouleme.fr\/application\/wp-content\/uploads\/2018\/07\/P1330400-960x600.jpg\" alt=\"\" title=\"\" \/> <\/div> <div class=\"cycloneslider-slide cycloneslider-slide-image\" > <img decoding=\"async\" src=\"https:\/\/www.saint-paul-angouleme.fr\/application\/wp-content\/uploads\/2018\/07\/P1330401-960x600.jpg\" alt=\"\" title=\"\" \/> <\/div> <div class=\"cycloneslider-slide cycloneslider-slide-image\" > <img decoding=\"async\" src=\"https:\/\/www.saint-paul-angouleme.fr\/application\/wp-content\/uploads\/2018\/07\/P1330402-960x600.jpg\" alt=\"\" title=\"\" \/> <\/div> <div class=\"cycloneslider-slide cycloneslider-slide-image\" > <img decoding=\"async\" src=\"https:\/\/www.saint-paul-angouleme.fr\/application\/wp-content\/uploads\/2018\/07\/P1330403-960x600.jpg\" alt=\"\" title=\"\" \/> <\/div> <div class=\"cycloneslider-slide cycloneslider-slide-image\" > <img decoding=\"async\" src=\"https:\/\/www.saint-paul-angouleme.fr\/application\/wp-content\/uploads\/2018\/07\/P1330404-960x600.jpg\" alt=\"\" title=\"\" \/> <\/div> <div class=\"cycloneslider-slide cycloneslider-slide-image\" > <img decoding=\"async\" src=\"https:\/\/www.saint-paul-angouleme.fr\/application\/wp-content\/uploads\/2018\/07\/P1330405-1-960x600.jpg\" alt=\"\" title=\"\" \/> <\/div> <\/div> <div class=\"cycloneslider-pager\"><\/div> <a href=\"#\" class=\"cycloneslider-prev\"> <span class=\"arrow\"><\/span> <\/a> <a href=\"#\" class=\"cycloneslider-next\"> <span class=\"arrow\"><\/span> <\/a> <\/div><\/a><\/p>\n","protected":false},"excerpt":{"rendered":"<p>92% de candidats admis En fin de journ\u00e9e, seuls ou par petits groupes, nos \u00e9l\u00e8ves de 3\u00e8me viennent consulter les r\u00e9sultats du Dipl\u00f4me National du Brevet 2018. Parfois des parents les accompagnent ou viennent seuls lire les listes et, pour quelques-uns, prendre en photo la liste o\u00f9 figure le nom de leur enfant. Il y &#8230; <a title=\"Mardi 10 juillet : r\u00e9sultats pour le Dipl\u00f4me National du Brevet 2018\" class=\"read-more\" href=\"https:\/\/www.saint-paul-angouleme.fr\/application\/mardi-10-juillet-resultats-pour-le-diplome-national-du-brevet-2018\/\" aria-label=\"Read more about Mardi 10 juillet : r\u00e9sultats pour le Dipl\u00f4me National du Brevet 2018\">Lire la suite<\/a><\/p>\n","protected":false},"author":3,"featured_media":0,"comment_status":"open","ping_status":"open","sticky":false,"template":"","format":"standard","meta":{"_exactmetrics_skip_tracking":false,"_exactmetrics_sitenote_active":false,"_exactmetrics_sitenote_note":"","_exactmetrics_sitenote_category":0,"footnotes":""},"categories":[2,13],"tags":[],"class_list":["post-3267","post","type-post","status-publish","format-standard","hentry","category-look-on","category-pedagogie"],"yoast_head":"<!-- This site is optimized with the Yoast SEO plugin v23.3 - https:\/\/yoast.com\/wordpress\/plugins\/seo\/ -->\n<title>R\u00e9sultats Dipl\u00f4me National du Brevet 2018 : de belles mentions \u00e0 Saint-Paul<\/title>\n<meta name=\"description\" content=\"Le mardi 10 juillet 2018 les r\u00e9sultats du DNB sont enfin connus. Saint-Paul affiche de belles mentions malgr\u00e9 un taux de r\u00e9ussite un peu moins inf\u00e9rieur.\" \/>\n<meta name=\"robots\" content=\"index, follow, max-snippet:-1, max-image-preview:large, max-video-preview:-1\" \/>\n<link rel=\"canonical\" href=\"https:\/\/www.saint-paul-angouleme.fr\/application\/mardi-10-juillet-resultats-pour-le-diplome-national-du-brevet-2018\/\" \/>\n<meta property=\"og:locale\" content=\"fr_FR\" \/>\n<meta property=\"og:type\" content=\"article\" \/>\n<meta property=\"og:title\" content=\"R\u00e9sultats Dipl\u00f4me National du Brevet 2018 : de belles mentions \u00e0 Saint-Paul\" \/>\n<meta property=\"og:description\" content=\"Le mardi 10 juillet 2018 les r\u00e9sultats du DNB sont enfin connus. Saint-Paul affiche de belles mentions malgr\u00e9 un taux de r\u00e9ussite un peu moins inf\u00e9rieur.\" \/>\n<meta property=\"og:url\" content=\"https:\/\/www.saint-paul-angouleme.fr\/application\/mardi-10-juillet-resultats-pour-le-diplome-national-du-brevet-2018\/\" \/>\n<meta property=\"og:site_name\" content=\"Actualit\u00e9s\" \/>\n<meta property=\"article:publisher\" content=\"https:\/\/www.facebook.com\/SaintPaulAngouleme16\/\" \/>\n<meta property=\"article:published_time\" content=\"2018-07-13T17:10:42+00:00\" \/>\n<meta property=\"article:modified_time\" content=\"2018-07-13T17:13:46+00:00\" \/>\n<meta property=\"og:image\" content=\"http:\/\/www.saint-paul-angouleme.fr\/application\/wp-content\/uploads\/2018\/07\/P1330359-1024x759.jpg\" \/>\n<meta name=\"author\" content=\"SAINT-PAUL\" \/>\n<meta name=\"twitter:card\" content=\"summary_large_image\" \/>\n<meta name=\"twitter:creator\" content=\"@StPaulAngoulem\" \/>\n<meta name=\"twitter:site\" content=\"@StPaulAngoulem\" \/>\n<meta name=\"twitter:label1\" content=\"\u00c9crit par\" \/>\n\t<meta name=\"twitter:data1\" content=\"SAINT-PAUL\" \/>\n\t<meta name=\"twitter:label2\" content=\"Dur\u00e9e de lecture estim\u00e9e\" \/>\n\t<meta name=\"twitter:data2\" content=\"1 minute\" \/>\n<script type=\"application\/ld+json\" class=\"yoast-schema-graph\">{\"@context\":\"https:\/\/schema.org\",\"@graph\":[{\"@type\":\"Article\",\"@id\":\"https:\/\/www.saint-paul-angouleme.fr\/application\/mardi-10-juillet-resultats-pour-le-diplome-national-du-brevet-2018\/#article\",\"isPartOf\":{\"@id\":\"https:\/\/www.saint-paul-angouleme.fr\/application\/mardi-10-juillet-resultats-pour-le-diplome-national-du-brevet-2018\/\"},\"author\":{\"name\":\"SAINT-PAUL\",\"@id\":\"https:\/\/www.saint-paul-angouleme.fr\/application\/#\/schema\/person\/ea152930b1a3823659065827b1a5fb9b\"},\"headline\":\"Mardi 10 juillet : r\u00e9sultats pour le Dipl\u00f4me National du Brevet 2018\",\"datePublished\":\"2018-07-13T17:10:42+00:00\",\"dateModified\":\"2018-07-13T17:13:46+00:00\",\"mainEntityOfPage\":{\"@id\":\"https:\/\/www.saint-paul-angouleme.fr\/application\/mardi-10-juillet-resultats-pour-le-diplome-national-du-brevet-2018\/\"},\"wordCount\":238,\"commentCount\":0,\"publisher\":{\"@id\":\"https:\/\/www.saint-paul-angouleme.fr\/application\/#organization\"},\"image\":{\"@id\":\"https:\/\/www.saint-paul-angouleme.fr\/application\/mardi-10-juillet-resultats-pour-le-diplome-national-du-brevet-2018\/#primaryimage\"},\"thumbnailUrl\":\"http:\/\/www.saint-paul-angouleme.fr\/application\/wp-content\/uploads\/2018\/07\/P1330359-1024x759.jpg\",\"articleSection\":[\"Look on\",\"P\u00e9dagogie\"],\"inLanguage\":\"fr-FR\",\"potentialAction\":[{\"@type\":\"CommentAction\",\"name\":\"Comment\",\"target\":[\"https:\/\/www.saint-paul-angouleme.fr\/application\/mardi-10-juillet-resultats-pour-le-diplome-national-du-brevet-2018\/#respond\"]}]},{\"@type\":\"WebPage\",\"@id\":\"https:\/\/www.saint-paul-angouleme.fr\/application\/mardi-10-juillet-resultats-pour-le-diplome-national-du-brevet-2018\/\",\"url\":\"https:\/\/www.saint-paul-angouleme.fr\/application\/mardi-10-juillet-resultats-pour-le-diplome-national-du-brevet-2018\/\",\"name\":\"R\u00e9sultats Dipl\u00f4me National du Brevet 2018 : de belles mentions \u00e0 Saint-Paul\",\"isPartOf\":{\"@id\":\"https:\/\/www.saint-paul-angouleme.fr\/application\/#website\"},\"primaryImageOfPage\":{\"@id\":\"https:\/\/www.saint-paul-angouleme.fr\/application\/mardi-10-juillet-resultats-pour-le-diplome-national-du-brevet-2018\/#primaryimage\"},\"image\":{\"@id\":\"https:\/\/www.saint-paul-angouleme.fr\/application\/mardi-10-juillet-resultats-pour-le-diplome-national-du-brevet-2018\/#primaryimage\"},\"thumbnailUrl\":\"http:\/\/www.saint-paul-angouleme.fr\/application\/wp-content\/uploads\/2018\/07\/P1330359-1024x759.jpg\",\"datePublished\":\"2018-07-13T17:10:42+00:00\",\"dateModified\":\"2018-07-13T17:13:46+00:00\",\"description\":\"Le mardi 10 juillet 2018 les r\u00e9sultats du DNB sont enfin connus. Saint-Paul affiche de belles mentions malgr\u00e9 un taux de r\u00e9ussite un peu moins inf\u00e9rieur.\",\"breadcrumb\":{\"@id\":\"https:\/\/www.saint-paul-angouleme.fr\/application\/mardi-10-juillet-resultats-pour-le-diplome-national-du-brevet-2018\/#breadcrumb\"},\"inLanguage\":\"fr-FR\",\"potentialAction\":[{\"@type\":\"ReadAction\",\"target\":[\"https:\/\/www.saint-paul-angouleme.fr\/application\/mardi-10-juillet-resultats-pour-le-diplome-national-du-brevet-2018\/\"]}]},{\"@type\":\"ImageObject\",\"inLanguage\":\"fr-FR\",\"@id\":\"https:\/\/www.saint-paul-angouleme.fr\/application\/mardi-10-juillet-resultats-pour-le-diplome-national-du-brevet-2018\/#primaryimage\",\"url\":\"https:\/\/www.saint-paul-angouleme.fr\/application\/wp-content\/uploads\/2018\/07\/P1330359.jpg\",\"contentUrl\":\"https:\/\/www.saint-paul-angouleme.fr\/application\/wp-content\/uploads\/2018\/07\/P1330359.jpg\",\"width\":1246,\"height\":924,\"caption\":\"Joie de la mention\"},{\"@type\":\"BreadcrumbList\",\"@id\":\"https:\/\/www.saint-paul-angouleme.fr\/application\/mardi-10-juillet-resultats-pour-le-diplome-national-du-brevet-2018\/#breadcrumb\",\"itemListElement\":[{\"@type\":\"ListItem\",\"position\":1,\"name\":\"Accueil\",\"item\":\"http:\/\/www.saint-paul-angouleme.fr\/application\/\"},{\"@type\":\"ListItem\",\"position\":2,\"name\":\"Mardi 10 juillet : r\u00e9sultats pour le Dipl\u00f4me National du Brevet 2018\"}]},{\"@type\":\"WebSite\",\"@id\":\"https:\/\/www.saint-paul-angouleme.fr\/application\/#website\",\"url\":\"https:\/\/www.saint-paul-angouleme.fr\/application\/\",\"name\":\"Actualit\u00e9s\",\"description\":\"Actualit\u00e9s Saint Paul\",\"publisher\":{\"@id\":\"https:\/\/www.saint-paul-angouleme.fr\/application\/#organization\"},\"potentialAction\":[{\"@type\":\"SearchAction\",\"target\":{\"@type\":\"EntryPoint\",\"urlTemplate\":\"https:\/\/www.saint-paul-angouleme.fr\/application\/?s={search_term_string}\"},\"query-input\":\"required name=search_term_string\"}],\"inLanguage\":\"fr-FR\"},{\"@type\":\"Organization\",\"@id\":\"https:\/\/www.saint-paul-angouleme.fr\/application\/#organization\",\"name\":\"Ensemble scolaire Saint-Paul\",\"url\":\"https:\/\/www.saint-paul-angouleme.fr\/application\/\",\"logo\":{\"@type\":\"ImageObject\",\"inLanguage\":\"fr-FR\",\"@id\":\"https:\/\/www.saint-paul-angouleme.fr\/application\/#\/schema\/logo\/image\/\",\"url\":\"https:\/\/www.saint-paul-angouleme.fr\/application\/wp-content\/uploads\/2018\/08\/logo-saint-paul-couleurs.jpg\",\"contentUrl\":\"https:\/\/www.saint-paul-angouleme.fr\/application\/wp-content\/uploads\/2018\/08\/logo-saint-paul-couleurs.jpg\",\"width\":1890,\"height\":709,\"caption\":\"Ensemble scolaire Saint-Paul\"},\"image\":{\"@id\":\"https:\/\/www.saint-paul-angouleme.fr\/application\/#\/schema\/logo\/image\/\"},\"sameAs\":[\"https:\/\/www.facebook.com\/SaintPaulAngouleme16\/\",\"https:\/\/x.com\/StPaulAngoulem\",\"https:\/\/www.youtube.com\/channel\/UCRLpz1CmPVqc0gn--YyXvjA?view_as=subscriber\"]},{\"@type\":\"Person\",\"@id\":\"https:\/\/www.saint-paul-angouleme.fr\/application\/#\/schema\/person\/ea152930b1a3823659065827b1a5fb9b\",\"name\":\"SAINT-PAUL\",\"image\":{\"@type\":\"ImageObject\",\"inLanguage\":\"fr-FR\",\"@id\":\"https:\/\/www.saint-paul-angouleme.fr\/application\/#\/schema\/person\/image\/\",\"url\":\"https:\/\/secure.gravatar.com\/avatar\/eadb0ffebc02683a61d69038eb2924f0?s=96&r=g\",\"contentUrl\":\"https:\/\/secure.gravatar.com\/avatar\/eadb0ffebc02683a61d69038eb2924f0?s=96&r=g\",\"caption\":\"SAINT-PAUL\"},\"url\":\"https:\/\/www.saint-paul-angouleme.fr\/application\/author\/myriam\/\"}]}<\/script>\n<!-- \/ Yoast SEO plugin. -->","yoast_head_json":{"title":"R\u00e9sultats Dipl\u00f4me National du Brevet 2018 : de belles mentions \u00e0 Saint-Paul","description":"Le mardi 10 juillet 2018 les r\u00e9sultats du DNB sont enfin connus. Saint-Paul affiche de belles mentions malgr\u00e9 un taux de r\u00e9ussite un peu moins inf\u00e9rieur.","robots":{"index":"index","follow":"follow","max-snippet":"max-snippet:-1","max-image-preview":"max-image-preview:large","max-video-preview":"max-video-preview:-1"},"canonical":"https:\/\/www.saint-paul-angouleme.fr\/application\/mardi-10-juillet-resultats-pour-le-diplome-national-du-brevet-2018\/","og_locale":"fr_FR","og_type":"article","og_title":"R\u00e9sultats Dipl\u00f4me National du Brevet 2018 : de belles mentions \u00e0 Saint-Paul","og_description":"Le mardi 10 juillet 2018 les r\u00e9sultats du DNB sont enfin connus. Saint-Paul affiche de belles mentions malgr\u00e9 un taux de r\u00e9ussite un peu moins inf\u00e9rieur.","og_url":"https:\/\/www.saint-paul-angouleme.fr\/application\/mardi-10-juillet-resultats-pour-le-diplome-national-du-brevet-2018\/","og_site_name":"Actualit\u00e9s","article_publisher":"https:\/\/www.facebook.com\/SaintPaulAngouleme16\/","article_published_time":"2018-07-13T17:10:42+00:00","article_modified_time":"2018-07-13T17:13:46+00:00","og_image":[{"url":"http:\/\/www.saint-paul-angouleme.fr\/application\/wp-content\/uploads\/2018\/07\/P1330359-1024x759.jpg"}],"author":"SAINT-PAUL","twitter_card":"summary_large_image","twitter_creator":"@StPaulAngoulem","twitter_site":"@StPaulAngoulem","twitter_misc":{"\u00c9crit par":"SAINT-PAUL","Dur\u00e9e de lecture estim\u00e9e":"1 minute"},"schema":{"@context":"https:\/\/schema.org","@graph":[{"@type":"Article","@id":"https:\/\/www.saint-paul-angouleme.fr\/application\/mardi-10-juillet-resultats-pour-le-diplome-national-du-brevet-2018\/#article","isPartOf":{"@id":"https:\/\/www.saint-paul-angouleme.fr\/application\/mardi-10-juillet-resultats-pour-le-diplome-national-du-brevet-2018\/"},"author":{"name":"SAINT-PAUL","@id":"https:\/\/www.saint-paul-angouleme.fr\/application\/#\/schema\/person\/ea152930b1a3823659065827b1a5fb9b"},"headline":"Mardi 10 juillet : r\u00e9sultats pour le Dipl\u00f4me National du Brevet 2018","datePublished":"2018-07-13T17:10:42+00:00","dateModified":"2018-07-13T17:13:46+00:00","mainEntityOfPage":{"@id":"https:\/\/www.saint-paul-angouleme.fr\/application\/mardi-10-juillet-resultats-pour-le-diplome-national-du-brevet-2018\/"},"wordCount":238,"commentCount":0,"publisher":{"@id":"https:\/\/www.saint-paul-angouleme.fr\/application\/#organization"},"image":{"@id":"https:\/\/www.saint-paul-angouleme.fr\/application\/mardi-10-juillet-resultats-pour-le-diplome-national-du-brevet-2018\/#primaryimage"},"thumbnailUrl":"http:\/\/www.saint-paul-angouleme.fr\/application\/wp-content\/uploads\/2018\/07\/P1330359-1024x759.jpg","articleSection":["Look on","P\u00e9dagogie"],"inLanguage":"fr-FR","potentialAction":[{"@type":"CommentAction","name":"Comment","target":["https:\/\/www.saint-paul-angouleme.fr\/application\/mardi-10-juillet-resultats-pour-le-diplome-national-du-brevet-2018\/#respond"]}]},{"@type":"WebPage","@id":"https:\/\/www.saint-paul-angouleme.fr\/application\/mardi-10-juillet-resultats-pour-le-diplome-national-du-brevet-2018\/","url":"https:\/\/www.saint-paul-angouleme.fr\/application\/mardi-10-juillet-resultats-pour-le-diplome-national-du-brevet-2018\/","name":"R\u00e9sultats Dipl\u00f4me National du Brevet 2018 : de belles mentions \u00e0 Saint-Paul","isPartOf":{"@id":"https:\/\/www.saint-paul-angouleme.fr\/application\/#website"},"primaryImageOfPage":{"@id":"https:\/\/www.saint-paul-angouleme.fr\/application\/mardi-10-juillet-resultats-pour-le-diplome-national-du-brevet-2018\/#primaryimage"},"image":{"@id":"https:\/\/www.saint-paul-angouleme.fr\/application\/mardi-10-juillet-resultats-pour-le-diplome-national-du-brevet-2018\/#primaryimage"},"thumbnailUrl":"http:\/\/www.saint-paul-angouleme.fr\/application\/wp-content\/uploads\/2018\/07\/P1330359-1024x759.jpg","datePublished":"2018-07-13T17:10:42+00:00","dateModified":"2018-07-13T17:13:46+00:00","description":"Le mardi 10 juillet 2018 les r\u00e9sultats du DNB sont enfin connus. Saint-Paul affiche de belles mentions malgr\u00e9 un taux de r\u00e9ussite un peu moins inf\u00e9rieur.","breadcrumb":{"@id":"https:\/\/www.saint-paul-angouleme.fr\/application\/mardi-10-juillet-resultats-pour-le-diplome-national-du-brevet-2018\/#breadcrumb"},"inLanguage":"fr-FR","potentialAction":[{"@type":"ReadAction","target":["https:\/\/www.saint-paul-angouleme.fr\/application\/mardi-10-juillet-resultats-pour-le-diplome-national-du-brevet-2018\/"]}]},{"@type":"ImageObject","inLanguage":"fr-FR","@id":"https:\/\/www.saint-paul-angouleme.fr\/application\/mardi-10-juillet-resultats-pour-le-diplome-national-du-brevet-2018\/#primaryimage","url":"https:\/\/www.saint-paul-angouleme.fr\/application\/wp-content\/uploads\/2018\/07\/P1330359.jpg","contentUrl":"https:\/\/www.saint-paul-angouleme.fr\/application\/wp-content\/uploads\/2018\/07\/P1330359.jpg","width":1246,"height":924,"caption":"Joie de la mention"},{"@type":"BreadcrumbList","@id":"https:\/\/www.saint-paul-angouleme.fr\/application\/mardi-10-juillet-resultats-pour-le-diplome-national-du-brevet-2018\/#breadcrumb","itemListElement":[{"@type":"ListItem","position":1,"name":"Accueil","item":"http:\/\/www.saint-paul-angouleme.fr\/application\/"},{"@type":"ListItem","position":2,"name":"Mardi 10 juillet : r\u00e9sultats pour le Dipl\u00f4me National du Brevet 2018"}]},{"@type":"WebSite","@id":"https:\/\/www.saint-paul-angouleme.fr\/application\/#website","url":"https:\/\/www.saint-paul-angouleme.fr\/application\/","name":"Actualit\u00e9s","description":"Actualit\u00e9s Saint Paul","publisher":{"@id":"https:\/\/www.saint-paul-angouleme.fr\/application\/#organization"},"potentialAction":[{"@type":"SearchAction","target":{"@type":"EntryPoint","urlTemplate":"https:\/\/www.saint-paul-angouleme.fr\/application\/?s={search_term_string}"},"query-input":"required name=search_term_string"}],"inLanguage":"fr-FR"},{"@type":"Organization","@id":"https:\/\/www.saint-paul-angouleme.fr\/application\/#organization","name":"Ensemble scolaire Saint-Paul","url":"https:\/\/www.saint-paul-angouleme.fr\/application\/","logo":{"@type":"ImageObject","inLanguage":"fr-FR","@id":"https:\/\/www.saint-paul-angouleme.fr\/application\/#\/schema\/logo\/image\/","url":"https:\/\/www.saint-paul-angouleme.fr\/application\/wp-content\/uploads\/2018\/08\/logo-saint-paul-couleurs.jpg","contentUrl":"https:\/\/www.saint-paul-angouleme.fr\/application\/wp-content\/uploads\/2018\/08\/logo-saint-paul-couleurs.jpg","width":1890,"height":709,"caption":"Ensemble scolaire Saint-Paul"},"image":{"@id":"https:\/\/www.saint-paul-angouleme.fr\/application\/#\/schema\/logo\/image\/"},"sameAs":["https:\/\/www.facebook.com\/SaintPaulAngouleme16\/","https:\/\/x.com\/StPaulAngoulem","https:\/\/www.youtube.com\/channel\/UCRLpz1CmPVqc0gn--YyXvjA?view_as=subscriber"]},{"@type":"Person","@id":"https:\/\/www.saint-paul-angouleme.fr\/application\/#\/schema\/person\/ea152930b1a3823659065827b1a5fb9b","name":"SAINT-PAUL","image":{"@type":"ImageObject","inLanguage":"fr-FR","@id":"https:\/\/www.saint-paul-angouleme.fr\/application\/#\/schema\/person\/image\/","url":"https:\/\/secure.gravatar.com\/avatar\/eadb0ffebc02683a61d69038eb2924f0?s=96&r=g","contentUrl":"https:\/\/secure.gravatar.com\/avatar\/eadb0ffebc02683a61d69038eb2924f0?s=96&r=g","caption":"SAINT-PAUL"},"url":"https:\/\/www.saint-paul-angouleme.fr\/application\/author\/myriam\/"}]}},"_links":{"self":[{"href":"https:\/\/www.saint-paul-angouleme.fr\/application\/wp-json\/wp\/v2\/posts\/3267"}],"collection":[{"href":"https:\/\/www.saint-paul-angouleme.fr\/application\/wp-json\/wp\/v2\/posts"}],"about":[{"href":"https:\/\/www.saint-paul-angouleme.fr\/application\/wp-json\/wp\/v2\/types\/post"}],"author":[{"embeddable":true,"href":"https:\/\/www.saint-paul-angouleme.fr\/application\/wp-json\/wp\/v2\/users\/3"}],"replies":[{"embeddable":true,"href":"https:\/\/www.saint-paul-angouleme.fr\/application\/wp-json\/wp\/v2\/comments?post=3267"}],"version-history":[{"count":10,"href":"https:\/\/www.saint-paul-angouleme.fr\/application\/wp-json\/wp\/v2\/posts\/3267\/revisions"}],"predecessor-version":[{"id":3308,"href":"https:\/\/www.saint-paul-angouleme.fr\/application\/wp-json\/wp\/v2\/posts\/3267\/revisions\/3308"}],"wp:attachment":[{"href":"https:\/\/www.saint-paul-angouleme.fr\/application\/wp-json\/wp\/v2\/media?parent=3267"}],"wp:term":[{"taxonomy":"category","embeddable":true,"href":"https:\/\/www.saint-paul-angouleme.fr\/application\/wp-json\/wp\/v2\/categories?post=3267"},{"taxonomy":"post_tag","embeddable":true,"href":"https:\/\/www.saint-paul-angouleme.fr\/application\/wp-json\/wp\/v2\/tags?post=3267"}],"curies":[{"name":"wp","href":"https:\/\/api.w.org\/{rel}","templated":true}]}}