{"id":3212,"date":"2018-07-11T18:48:55","date_gmt":"2018-07-11T16:48:55","guid":{"rendered":"http:\/\/www.saint-paul-angouleme.fr\/application\/?p=3212"},"modified":"2018-07-12T14:37:50","modified_gmt":"2018-07-12T12:37:50","slug":"de-belles-mentions-au-baccalaureat-2018","status":"publish","type":"post","link":"https:\/\/www.saint-paul-angouleme.fr\/application\/de-belles-mentions-au-baccalaureat-2018\/","title":{"rendered":"De belles mentions au baccalaur\u00e9at 2018"},"content":{"rendered":"<figure id=\"attachment_3209\" aria-describedby=\"caption-attachment-3209\" style=\"width: 1014px\" class=\"wp-caption aligncenter\"><a href=\"http:\/\/www.saint-paul-angouleme.fr\/application\/wp-content\/uploads\/2018\/07\/P1330222.jpg\" rel=\"C'est le &quot;Grand Jour&quot;\"><img loading=\"lazy\" decoding=\"async\" class=\"wp-image-3209 size-large\" title=\"C'est le &quot;Grand Jour&quot;\" src=\"http:\/\/www.saint-paul-angouleme.fr\/application\/wp-content\/uploads\/2018\/07\/P1330222-1024x682.jpg\" alt=\"C'est le Grand Jour&quot;\" width=\"1024\" height=\"682\" data-id=\"3209\" srcset=\"https:\/\/www.saint-paul-angouleme.fr\/application\/wp-content\/uploads\/2018\/07\/P1330222-1024x682.jpg 1024w, https:\/\/www.saint-paul-angouleme.fr\/application\/wp-content\/uploads\/2018\/07\/P1330222-300x200.jpg 300w, https:\/\/www.saint-paul-angouleme.fr\/application\/wp-content\/uploads\/2018\/07\/P1330222-768x512.jpg 768w\" sizes=\"(max-width: 1024px) 100vw, 1024px\" \/><\/a><figcaption id=\"caption-attachment-3209\" class=\"wp-caption-text\"><span style=\"font-family: arial, helvetica, sans-serif; font-size: 12px;\">Chacun cherche son nom dans les listes<\/span><\/figcaption><\/figure>\n<p style=\"text-align: justify;\"><em><span style=\"font-family: arial, helvetica, sans-serif;\">Chaque mois de juillet voit revenir l&#8217;attente des r\u00e9sultats du bac. Si certains sont &#8220;presque&#8221; s\u00fbrs d&#8217;avoir r\u00e9ussit les \u00e9preuves, il n&#8217;en demeure pas moins une certaine impatience voire f\u00e9brilit\u00e9 avant d&#8217;avoir lu son nom sur la liste des admis. Deux de nos s\u00e9ries ont, cette ann\u00e9e encore, excell\u00e9 avec 100 % de r\u00e9ussite.<\/span><\/em><\/p>\n<h2 style=\"text-align: justify;\"><span style=\"font-family: arial, helvetica, sans-serif; font-size: 20px;\">De belles mentions au baccalaur\u00e9at : 67% de nos \u00e9l\u00e8ves<\/span><\/h2>\n<p style=\"text-align: justify;\"><span style=\"font-family: arial, helvetica, sans-serif;\">Ce vendredi 6 juillet 2018, d\u00e8s 8h00, ils sont nombreux \u00e0 attendre l&#8217;ouverture des portes afin de conna\u00eetre enfin les r\u00e9sultats du Bac. Seuls, avec des parents ou des amis, nos \u00e9l\u00e8ves viennent consulter l&#8217;affichage. Il s&#8217;agit de v\u00e9rifier si le pr\u00e9cieux dipl\u00f4me valide le travail d&#8217;une ann\u00e9e. L\u2019ambiance est amicale. Chacun \u00e9tant rassur\u00e9, nos \u00e9l\u00e8ves photographient les listes avec leur smartphone ou appellent la famille pour partager leur joie. Puis ils s&#8217;attardent, discutant en petits groupes d&#8217;amis, allant saluer leurs professeurs. A l&#8217;issue du 1er groupe, 92 \u00e9l\u00e8ves obtiennent une mention (soit 67%). La s\u00e9rie ES, comme elle nous y a habitu\u00e9s brille avec 100 % d&#8217;admis. Il en est de m\u00eame pour la s\u00e9rie STL qui, comme l&#8217;an dernier, a 100 % d&#8217;\u00e9l\u00e8ves re\u00e7us. Preuve en est que la fili\u00e8re technologique sait aussi faire preuve d&#8217;excellence.<\/span><\/p>\n<p style=\"text-align: justify;\"><span style=\"font-family: arial, helvetica, sans-serif; color: #333333;\">Il convient cependant de ne pas oublier ceux qui sont d\u00e9\u00e7us de ne pas \u00eatre admis ou doivent passer au second groupe. Leurs camarades sont l\u00e0 aussi pour les encourager ou les consoler. Ils savent aussi que leurs enseignants savent leur donner les bons conseils dans le choix des mati\u00e8res \u00e0 l&#8217;oral et comment se pr\u00e9parer au mieux. Chacun repart ainsi un peu plus serein, pr\u00eat \u00e0 affronter la derni\u00e8re &#8220;ligne droite&#8221;.<\/span><\/p>\n<figure id=\"attachment_3222\" aria-describedby=\"caption-attachment-3222\" style=\"width: 1014px\" class=\"wp-caption aligncenter\"><a href=\"http:\/\/www.saint-paul-angouleme.fr\/application\/wp-content\/uploads\/2018\/07\/P1330271.jpg\"><img loading=\"lazy\" decoding=\"async\" class=\"wp-image-3222 size-large\" title=\"Echanges et consultation des notes\" src=\"http:\/\/www.saint-paul-angouleme.fr\/application\/wp-content\/uploads\/2018\/07\/P1330271-1024x683.jpg\" alt=\"Echanges et consultation des notes\" width=\"1024\" height=\"683\" data-id=\"3222\" srcset=\"https:\/\/www.saint-paul-angouleme.fr\/application\/wp-content\/uploads\/2018\/07\/P1330271-1024x683.jpg 1024w, https:\/\/www.saint-paul-angouleme.fr\/application\/wp-content\/uploads\/2018\/07\/P1330271-300x200.jpg 300w, https:\/\/www.saint-paul-angouleme.fr\/application\/wp-content\/uploads\/2018\/07\/P1330271-768x512.jpg 768w\" sizes=\"(max-width: 1024px) 100vw, 1024px\" \/><\/a><figcaption id=\"caption-attachment-3222\" class=\"wp-caption-text\"><span style=\"font-family: arial, helvetica, sans-serif; font-size: 12px;\">Conna\u00eetre enfin ses notes<\/span><\/figcaption><\/figure>\n<h2 style=\"text-align: justify;\"><span style=\"font-family: arial, helvetica, sans-serif; font-size: 20px;\">C\u00e9l\u00e9brer dignement cet instant<\/span><\/h2>\n<p style=\"text-align: justify;\"><span style=\"font-family: arial, helvetica, sans-serif;\">En fin de matin\u00e9e la tradition est respect\u00e9e : M. Fran\u00e7ois CONSTANTIN, chef d&#8217;\u00e9tablissement, s&#8217;adresse aux \u00e9l\u00e8ves, aux parents et personnels pr\u00e9sents. Apr\u00e8s un point sur les r\u00e9sultats, il souligne le bel effort fourni par nos \u00e9l\u00e8ves, les mentions obtenues en attestent. De fait, 50 % de nos Terminales ont d\u00e9croch\u00e9 une mention &#8220;Tr\u00e8s Bien&#8221; ou &#8220;Bien&#8221;. Il exprime ainsi sa satisfaction : <em>&#8220;Je suis tr\u00e8s fier [&#8230;] parce que tous et toutes avez \u00e9t\u00e9 capables de maintenir le niveau [&#8230;] vous \u00eates all\u00e9s chercher le meilleur de vous m\u00eames&#8221;<\/em>. M. CONSTANTIN n&#8217;oublie pas les enseignants qui ont su \u00eatre disponibles, conseiller, apporter des contenus de qualit\u00e9, et les fait applaudir par leurs \u00e9l\u00e8ves. Il remercie \u00e9galement les vies scolaires et tous ceux qui, tout au long de l&#8217;ann\u00e9e, ont contribu\u00e9 \u00e0 cette r\u00e9ussite.<\/span><\/p>\n<p style=\"text-align: justify;\"><span style=\"font-family: arial, helvetica, sans-serif; color: #333333;\">A l&#8217;issue du discours nous nous retrouvons pour sabrer le champagne et d\u00e9guster quelques petits-fours, occasion suppl\u00e9mentaire de prolonger les \u00e9changes. Bonne route et bonne r\u00e9ussite \u00e0 nos \u00e9l\u00e8ves, prochaine \u00e9tape : la remise des dipl\u00f4mes !<\/span><\/p>\n<figure id=\"attachment_3235\" aria-describedby=\"caption-attachment-3235\" style=\"width: 1014px\" class=\"wp-caption aligncenter\"><a href=\"http:\/\/www.saint-paul-angouleme.fr\/application\/wp-content\/uploads\/2018\/07\/R\u00e9sultats-BAC-2018.jpg\" rel=\"R\u00e9sultats BAC 2018\"><img loading=\"lazy\" decoding=\"async\" class=\"wp-image-3235 size-large\" title=\"R\u00e9sultats BAC 2018\" src=\"http:\/\/www.saint-paul-angouleme.fr\/application\/wp-content\/uploads\/2018\/07\/R\u00e9sultats-BAC-2018-1024x795.jpg\" alt=\"R\u00e9sultats BAC 2018\" width=\"1024\" height=\"795\" data-id=\"3235\" srcset=\"https:\/\/www.saint-paul-angouleme.fr\/application\/wp-content\/uploads\/2018\/07\/R\u00e9sultats-BAC-2018-1024x795.jpg 1024w, https:\/\/www.saint-paul-angouleme.fr\/application\/wp-content\/uploads\/2018\/07\/R\u00e9sultats-BAC-2018-300x233.jpg 300w, https:\/\/www.saint-paul-angouleme.fr\/application\/wp-content\/uploads\/2018\/07\/R\u00e9sultats-BAC-2018-768x597.jpg 768w, https:\/\/www.saint-paul-angouleme.fr\/application\/wp-content\/uploads\/2018\/07\/R\u00e9sultats-BAC-2018.jpg 1662w\" sizes=\"(max-width: 1024px) 100vw, 1024px\" \/><\/a><figcaption id=\"caption-attachment-3235\" class=\"wp-caption-text\"><span style=\"font-family: arial, helvetica, sans-serif; font-size: 12px;\">R\u00e9sultats d\u00e9finitifs<\/span><\/figcaption><\/figure>\n<div tabindex=\"0\" class=\"cycloneslider cycloneslider-template-standard cycloneslider-width-responsive\" id=\"cycloneslider-bac-2018-1\" style=\"max-width:960px\" > <div class=\"cycloneslider-slides cycle-slideshow\" data-cycle-allow-wrap=\"true\" data-cycle-dynamic-height=\"off\" data-cycle-auto-height=\"960:600\" data-cycle-auto-height-easing=\"null\" data-cycle-auto-height-speed=\"250\" data-cycle-delay=\"0\" data-cycle-easing=\"\" data-cycle-fx=\"fade\" data-cycle-hide-non-active=\"true\" data-cycle-log=\"false\" data-cycle-next=\"#cycloneslider-bac-2018-1 .cycloneslider-next\" data-cycle-pager=\"#cycloneslider-bac-2018-1 .cycloneslider-pager\" data-cycle-pause-on-hover=\"true\" data-cycle-prev=\"#cycloneslider-bac-2018-1 .cycloneslider-prev\" data-cycle-slides=\"&gt; div\" data-cycle-speed=\"1000\" data-cycle-swipe=\"1\" data-cycle-tile-count=\"7\" data-cycle-tile-delay=\"100\" data-cycle-tile-vertical=\"true\" data-cycle-timeout=\"4000\" > <div class=\"cycloneslider-slide cycloneslider-slide-image\" > <img decoding=\"async\" src=\"https:\/\/www.saint-paul-angouleme.fr\/application\/wp-content\/uploads\/2018\/07\/P1330194-960x600.jpg\" alt=\"\" title=\"\" \/> <\/div> <div class=\"cycloneslider-slide cycloneslider-slide-image\" > <img decoding=\"async\" src=\"https:\/\/www.saint-paul-angouleme.fr\/application\/wp-content\/uploads\/2018\/07\/P1330206-960x600.jpg\" alt=\"\" title=\"\" \/> <\/div> <div class=\"cycloneslider-slide cycloneslider-slide-image\" > <img decoding=\"async\" src=\"https:\/\/www.saint-paul-angouleme.fr\/application\/wp-content\/uploads\/2018\/07\/P1330207-960x600.jpg\" alt=\"\" title=\"\" \/> <\/div> <div class=\"cycloneslider-slide cycloneslider-slide-image\" > <img decoding=\"async\" src=\"https:\/\/www.saint-paul-angouleme.fr\/application\/wp-content\/uploads\/2018\/07\/P1330209-960x600.jpg\" alt=\"\" title=\"\" \/> <\/div> <div class=\"cycloneslider-slide cycloneslider-slide-image\" > <img decoding=\"async\" src=\"https:\/\/www.saint-paul-angouleme.fr\/application\/wp-content\/uploads\/2018\/07\/P1330211-960x600.jpg\" alt=\"\" title=\"\" \/> <\/div> <div class=\"cycloneslider-slide cycloneslider-slide-image\" > <img decoding=\"async\" src=\"https:\/\/www.saint-paul-angouleme.fr\/application\/wp-content\/uploads\/2018\/07\/P1330216-960x600.jpg\" alt=\"\" title=\"\" \/> <\/div> <div class=\"cycloneslider-slide cycloneslider-slide-image\" > <img decoding=\"async\" src=\"https:\/\/www.saint-paul-angouleme.fr\/application\/wp-content\/uploads\/2018\/07\/P1330220-960x600.jpg\" alt=\"\" title=\"\" \/> <\/div> <div class=\"cycloneslider-slide cycloneslider-slide-image\" > <img decoding=\"async\" src=\"https:\/\/www.saint-paul-angouleme.fr\/application\/wp-content\/uploads\/2018\/07\/P1330221-960x600.jpg\" alt=\"\" title=\"\" \/> <\/div> <div class=\"cycloneslider-slide cycloneslider-slide-image\" > <img decoding=\"async\" src=\"https:\/\/www.saint-paul-angouleme.fr\/application\/wp-content\/uploads\/2018\/07\/P1330235-960x600.jpg\" alt=\"\" title=\"\" \/> <\/div> <div class=\"cycloneslider-slide cycloneslider-slide-image\" > <img decoding=\"async\" src=\"https:\/\/www.saint-paul-angouleme.fr\/application\/wp-content\/uploads\/2018\/07\/P1330236-960x600.jpg\" alt=\"\" title=\"\" \/> <\/div> <div class=\"cycloneslider-slide cycloneslider-slide-image\" > <img decoding=\"async\" src=\"https:\/\/www.saint-paul-angouleme.fr\/application\/wp-content\/uploads\/2018\/07\/P1330246-960x600.jpg\" alt=\"\" title=\"\" \/> <\/div> <div class=\"cycloneslider-slide cycloneslider-slide-image\" > <img decoding=\"async\" src=\"https:\/\/www.saint-paul-angouleme.fr\/application\/wp-content\/uploads\/2018\/07\/P1330257-960x600.jpg\" alt=\"\" title=\"\" \/> <\/div> <div class=\"cycloneslider-slide cycloneslider-slide-image\" > <img decoding=\"async\" src=\"https:\/\/www.saint-paul-angouleme.fr\/application\/wp-content\/uploads\/2018\/07\/P1330261-960x600.jpg\" alt=\"\" title=\"\" \/> <\/div> <div class=\"cycloneslider-slide cycloneslider-slide-image\" > <img decoding=\"async\" src=\"https:\/\/www.saint-paul-angouleme.fr\/application\/wp-content\/uploads\/2018\/07\/P1330270-960x600.jpg\" alt=\"\" title=\"\" \/> <\/div> <div class=\"cycloneslider-slide cycloneslider-slide-image\" > <img decoding=\"async\" src=\"https:\/\/www.saint-paul-angouleme.fr\/application\/wp-content\/uploads\/2018\/07\/P1330272-960x600.jpg\" alt=\"\" title=\"\" \/> <\/div> <div class=\"cycloneslider-slide cycloneslider-slide-image\" > <img decoding=\"async\" src=\"https:\/\/www.saint-paul-angouleme.fr\/application\/wp-content\/uploads\/2018\/07\/P1330281-960x600.jpg\" alt=\"\" title=\"\" \/> <\/div> <div class=\"cycloneslider-slide cycloneslider-slide-image\" > <img decoding=\"async\" src=\"https:\/\/www.saint-paul-angouleme.fr\/application\/wp-content\/uploads\/2018\/07\/P1330283-960x600.jpg\" alt=\"\" title=\"\" \/> <\/div> <div class=\"cycloneslider-slide cycloneslider-slide-image\" > <img decoding=\"async\" src=\"https:\/\/www.saint-paul-angouleme.fr\/application\/wp-content\/uploads\/2018\/07\/P1330288-960x600.jpg\" alt=\"\" title=\"\" \/> <\/div> <div class=\"cycloneslider-slide cycloneslider-slide-image\" > <img decoding=\"async\" src=\"https:\/\/www.saint-paul-angouleme.fr\/application\/wp-content\/uploads\/2018\/07\/P1330298-960x600.jpg\" alt=\"\" title=\"\" \/> <\/div> <div class=\"cycloneslider-slide cycloneslider-slide-image\" > <img decoding=\"async\" src=\"https:\/\/www.saint-paul-angouleme.fr\/application\/wp-content\/uploads\/2018\/07\/P1330311-960x600.jpg\" alt=\"\" title=\"\" \/> <\/div> <div class=\"cycloneslider-slide cycloneslider-slide-image\" > <img decoding=\"async\" src=\"https:\/\/www.saint-paul-angouleme.fr\/application\/wp-content\/uploads\/2018\/07\/P1330314-960x600.jpg\" alt=\"\" title=\"\" \/> <\/div> <div class=\"cycloneslider-slide cycloneslider-slide-image\" > <img decoding=\"async\" src=\"https:\/\/www.saint-paul-angouleme.fr\/application\/wp-content\/uploads\/2018\/07\/P1330315-960x600.jpg\" alt=\"\" title=\"\" \/> <\/div> <div class=\"cycloneslider-slide cycloneslider-slide-image\" > <img decoding=\"async\" src=\"https:\/\/www.saint-paul-angouleme.fr\/application\/wp-content\/uploads\/2018\/07\/P1330317-960x600.jpg\" alt=\"\" title=\"\" \/> <\/div> <\/div> <div class=\"cycloneslider-pager\"><\/div> <a href=\"#\" class=\"cycloneslider-prev\"> <span class=\"arrow\"><\/span> <\/a> <a href=\"#\" class=\"cycloneslider-next\"> <span class=\"arrow\"><\/span> <\/a> <\/div>\n<p>&nbsp;<\/p>\n","protected":false},"excerpt":{"rendered":"<p>Chaque mois de juillet voit revenir l&#8217;attente des r\u00e9sultats du bac. Si certains sont &#8220;presque&#8221; s\u00fbrs d&#8217;avoir r\u00e9ussit les \u00e9preuves, il n&#8217;en demeure pas moins une certaine impatience voire f\u00e9brilit\u00e9 avant d&#8217;avoir lu son nom sur la liste des admis. Deux de nos s\u00e9ries ont, cette ann\u00e9e encore, excell\u00e9 avec 100 % de r\u00e9ussite. De &#8230; <a title=\"De belles mentions au baccalaur\u00e9at 2018\" class=\"read-more\" href=\"https:\/\/www.saint-paul-angouleme.fr\/application\/de-belles-mentions-au-baccalaureat-2018\/\" aria-label=\"Read more about De belles mentions au baccalaur\u00e9at 2018\">Lire la suite<\/a><\/p>\n","protected":false},"author":3,"featured_media":0,"comment_status":"open","ping_status":"open","sticky":false,"template":"","format":"standard","meta":{"_exactmetrics_skip_tracking":false,"_exactmetrics_sitenote_active":false,"_exactmetrics_sitenote_note":"","_exactmetrics_sitenote_category":0,"footnotes":""},"categories":[2,13],"tags":[],"class_list":["post-3212","post","type-post","status-publish","format-standard","hentry","category-look-on","category-pedagogie"],"yoast_head":"<!-- This site is optimized with the Yoast SEO plugin v23.3 - https:\/\/yoast.com\/wordpress\/plugins\/seo\/ -->\n<title>De belles mentions au baccalaur\u00e9at 2018 pour le Lyc\u00e9e Saint-Paul<\/title>\n<meta name=\"description\" content=\"Le mois de juillet est celui des r\u00e9sultats d&#039;examens. Le lyc\u00e9e Saint-Paul a obtenu, cette ann\u00e9e encore, de belles mentions au baccalaur\u00e9at 2018.\" \/>\n<meta name=\"robots\" content=\"index, follow, max-snippet:-1, max-image-preview:large, max-video-preview:-1\" \/>\n<link rel=\"canonical\" href=\"https:\/\/www.saint-paul-angouleme.fr\/application\/de-belles-mentions-au-baccalaureat-2018\/\" \/>\n<meta property=\"og:locale\" content=\"fr_FR\" \/>\n<meta property=\"og:type\" content=\"article\" \/>\n<meta property=\"og:title\" content=\"De belles mentions au baccalaur\u00e9at 2018 pour le Lyc\u00e9e Saint-Paul\" \/>\n<meta property=\"og:description\" content=\"Le mois de juillet est celui des r\u00e9sultats d&#039;examens. Le lyc\u00e9e Saint-Paul a obtenu, cette ann\u00e9e encore, de belles mentions au baccalaur\u00e9at 2018.\" \/>\n<meta property=\"og:url\" content=\"https:\/\/www.saint-paul-angouleme.fr\/application\/de-belles-mentions-au-baccalaureat-2018\/\" \/>\n<meta property=\"og:site_name\" content=\"Actualit\u00e9s\" \/>\n<meta property=\"article:publisher\" content=\"https:\/\/www.facebook.com\/SaintPaulAngouleme16\/\" \/>\n<meta property=\"article:published_time\" content=\"2018-07-11T16:48:55+00:00\" \/>\n<meta property=\"article:modified_time\" content=\"2018-07-12T12:37:50+00:00\" \/>\n<meta property=\"og:image\" content=\"http:\/\/www.saint-paul-angouleme.fr\/application\/wp-content\/uploads\/2018\/07\/P1330222-1024x682.jpg\" \/>\n<meta name=\"author\" content=\"SAINT-PAUL\" \/>\n<meta name=\"twitter:card\" content=\"summary_large_image\" \/>\n<meta name=\"twitter:creator\" content=\"@StPaulAngoulem\" \/>\n<meta name=\"twitter:site\" content=\"@StPaulAngoulem\" \/>\n<meta name=\"twitter:label1\" content=\"\u00c9crit par\" \/>\n\t<meta name=\"twitter:data1\" content=\"SAINT-PAUL\" \/>\n\t<meta name=\"twitter:label2\" content=\"Dur\u00e9e de lecture estim\u00e9e\" \/>\n\t<meta name=\"twitter:data2\" content=\"3 minutes\" \/>\n<script type=\"application\/ld+json\" class=\"yoast-schema-graph\">{\"@context\":\"https:\/\/schema.org\",\"@graph\":[{\"@type\":\"Article\",\"@id\":\"https:\/\/www.saint-paul-angouleme.fr\/application\/de-belles-mentions-au-baccalaureat-2018\/#article\",\"isPartOf\":{\"@id\":\"https:\/\/www.saint-paul-angouleme.fr\/application\/de-belles-mentions-au-baccalaureat-2018\/\"},\"author\":{\"name\":\"SAINT-PAUL\",\"@id\":\"https:\/\/www.saint-paul-angouleme.fr\/application\/#\/schema\/person\/ea152930b1a3823659065827b1a5fb9b\"},\"headline\":\"De belles mentions au baccalaur\u00e9at 2018\",\"datePublished\":\"2018-07-11T16:48:55+00:00\",\"dateModified\":\"2018-07-12T12:37:50+00:00\",\"mainEntityOfPage\":{\"@id\":\"https:\/\/www.saint-paul-angouleme.fr\/application\/de-belles-mentions-au-baccalaureat-2018\/\"},\"wordCount\":547,\"commentCount\":0,\"publisher\":{\"@id\":\"https:\/\/www.saint-paul-angouleme.fr\/application\/#organization\"},\"image\":{\"@id\":\"https:\/\/www.saint-paul-angouleme.fr\/application\/de-belles-mentions-au-baccalaureat-2018\/#primaryimage\"},\"thumbnailUrl\":\"http:\/\/www.saint-paul-angouleme.fr\/application\/wp-content\/uploads\/2018\/07\/P1330222-1024x682.jpg\",\"articleSection\":[\"Look on\",\"P\u00e9dagogie\"],\"inLanguage\":\"fr-FR\",\"potentialAction\":[{\"@type\":\"CommentAction\",\"name\":\"Comment\",\"target\":[\"https:\/\/www.saint-paul-angouleme.fr\/application\/de-belles-mentions-au-baccalaureat-2018\/#respond\"]}]},{\"@type\":\"WebPage\",\"@id\":\"https:\/\/www.saint-paul-angouleme.fr\/application\/de-belles-mentions-au-baccalaureat-2018\/\",\"url\":\"https:\/\/www.saint-paul-angouleme.fr\/application\/de-belles-mentions-au-baccalaureat-2018\/\",\"name\":\"De belles mentions au baccalaur\u00e9at 2018 pour le Lyc\u00e9e Saint-Paul\",\"isPartOf\":{\"@id\":\"https:\/\/www.saint-paul-angouleme.fr\/application\/#website\"},\"primaryImageOfPage\":{\"@id\":\"https:\/\/www.saint-paul-angouleme.fr\/application\/de-belles-mentions-au-baccalaureat-2018\/#primaryimage\"},\"image\":{\"@id\":\"https:\/\/www.saint-paul-angouleme.fr\/application\/de-belles-mentions-au-baccalaureat-2018\/#primaryimage\"},\"thumbnailUrl\":\"http:\/\/www.saint-paul-angouleme.fr\/application\/wp-content\/uploads\/2018\/07\/P1330222-1024x682.jpg\",\"datePublished\":\"2018-07-11T16:48:55+00:00\",\"dateModified\":\"2018-07-12T12:37:50+00:00\",\"description\":\"Le mois de juillet est celui des r\u00e9sultats d'examens. Le lyc\u00e9e Saint-Paul a obtenu, cette ann\u00e9e encore, de belles mentions au baccalaur\u00e9at 2018.\",\"breadcrumb\":{\"@id\":\"https:\/\/www.saint-paul-angouleme.fr\/application\/de-belles-mentions-au-baccalaureat-2018\/#breadcrumb\"},\"inLanguage\":\"fr-FR\",\"potentialAction\":[{\"@type\":\"ReadAction\",\"target\":[\"https:\/\/www.saint-paul-angouleme.fr\/application\/de-belles-mentions-au-baccalaureat-2018\/\"]}]},{\"@type\":\"ImageObject\",\"inLanguage\":\"fr-FR\",\"@id\":\"https:\/\/www.saint-paul-angouleme.fr\/application\/de-belles-mentions-au-baccalaureat-2018\/#primaryimage\",\"url\":\"https:\/\/www.saint-paul-angouleme.fr\/application\/wp-content\/uploads\/2018\/07\/P1330222.jpg\",\"contentUrl\":\"https:\/\/www.saint-paul-angouleme.fr\/application\/wp-content\/uploads\/2018\/07\/P1330222.jpg\",\"width\":5472,\"height\":3647,\"caption\":\"C'est le Grand Jour\\\"\"},{\"@type\":\"BreadcrumbList\",\"@id\":\"https:\/\/www.saint-paul-angouleme.fr\/application\/de-belles-mentions-au-baccalaureat-2018\/#breadcrumb\",\"itemListElement\":[{\"@type\":\"ListItem\",\"position\":1,\"name\":\"Accueil\",\"item\":\"http:\/\/www.saint-paul-angouleme.fr\/application\/\"},{\"@type\":\"ListItem\",\"position\":2,\"name\":\"De belles mentions au baccalaur\u00e9at 2018\"}]},{\"@type\":\"WebSite\",\"@id\":\"https:\/\/www.saint-paul-angouleme.fr\/application\/#website\",\"url\":\"https:\/\/www.saint-paul-angouleme.fr\/application\/\",\"name\":\"Actualit\u00e9s\",\"description\":\"Actualit\u00e9s Saint Paul\",\"publisher\":{\"@id\":\"https:\/\/www.saint-paul-angouleme.fr\/application\/#organization\"},\"potentialAction\":[{\"@type\":\"SearchAction\",\"target\":{\"@type\":\"EntryPoint\",\"urlTemplate\":\"https:\/\/www.saint-paul-angouleme.fr\/application\/?s={search_term_string}\"},\"query-input\":\"required name=search_term_string\"}],\"inLanguage\":\"fr-FR\"},{\"@type\":\"Organization\",\"@id\":\"https:\/\/www.saint-paul-angouleme.fr\/application\/#organization\",\"name\":\"Ensemble scolaire Saint-Paul\",\"url\":\"https:\/\/www.saint-paul-angouleme.fr\/application\/\",\"logo\":{\"@type\":\"ImageObject\",\"inLanguage\":\"fr-FR\",\"@id\":\"https:\/\/www.saint-paul-angouleme.fr\/application\/#\/schema\/logo\/image\/\",\"url\":\"https:\/\/www.saint-paul-angouleme.fr\/application\/wp-content\/uploads\/2018\/08\/logo-saint-paul-couleurs.jpg\",\"contentUrl\":\"https:\/\/www.saint-paul-angouleme.fr\/application\/wp-content\/uploads\/2018\/08\/logo-saint-paul-couleurs.jpg\",\"width\":1890,\"height\":709,\"caption\":\"Ensemble scolaire Saint-Paul\"},\"image\":{\"@id\":\"https:\/\/www.saint-paul-angouleme.fr\/application\/#\/schema\/logo\/image\/\"},\"sameAs\":[\"https:\/\/www.facebook.com\/SaintPaulAngouleme16\/\",\"https:\/\/x.com\/StPaulAngoulem\",\"https:\/\/www.youtube.com\/channel\/UCRLpz1CmPVqc0gn--YyXvjA?view_as=subscriber\"]},{\"@type\":\"Person\",\"@id\":\"https:\/\/www.saint-paul-angouleme.fr\/application\/#\/schema\/person\/ea152930b1a3823659065827b1a5fb9b\",\"name\":\"SAINT-PAUL\",\"image\":{\"@type\":\"ImageObject\",\"inLanguage\":\"fr-FR\",\"@id\":\"https:\/\/www.saint-paul-angouleme.fr\/application\/#\/schema\/person\/image\/\",\"url\":\"https:\/\/secure.gravatar.com\/avatar\/eadb0ffebc02683a61d69038eb2924f0?s=96&r=g\",\"contentUrl\":\"https:\/\/secure.gravatar.com\/avatar\/eadb0ffebc02683a61d69038eb2924f0?s=96&r=g\",\"caption\":\"SAINT-PAUL\"},\"url\":\"https:\/\/www.saint-paul-angouleme.fr\/application\/author\/myriam\/\"}]}<\/script>\n<!-- \/ Yoast SEO plugin. -->","yoast_head_json":{"title":"De belles mentions au baccalaur\u00e9at 2018 pour le Lyc\u00e9e Saint-Paul","description":"Le mois de juillet est celui des r\u00e9sultats d'examens. Le lyc\u00e9e Saint-Paul a obtenu, cette ann\u00e9e encore, de belles mentions au baccalaur\u00e9at 2018.","robots":{"index":"index","follow":"follow","max-snippet":"max-snippet:-1","max-image-preview":"max-image-preview:large","max-video-preview":"max-video-preview:-1"},"canonical":"https:\/\/www.saint-paul-angouleme.fr\/application\/de-belles-mentions-au-baccalaureat-2018\/","og_locale":"fr_FR","og_type":"article","og_title":"De belles mentions au baccalaur\u00e9at 2018 pour le Lyc\u00e9e Saint-Paul","og_description":"Le mois de juillet est celui des r\u00e9sultats d'examens. Le lyc\u00e9e Saint-Paul a obtenu, cette ann\u00e9e encore, de belles mentions au baccalaur\u00e9at 2018.","og_url":"https:\/\/www.saint-paul-angouleme.fr\/application\/de-belles-mentions-au-baccalaureat-2018\/","og_site_name":"Actualit\u00e9s","article_publisher":"https:\/\/www.facebook.com\/SaintPaulAngouleme16\/","article_published_time":"2018-07-11T16:48:55+00:00","article_modified_time":"2018-07-12T12:37:50+00:00","og_image":[{"url":"http:\/\/www.saint-paul-angouleme.fr\/application\/wp-content\/uploads\/2018\/07\/P1330222-1024x682.jpg"}],"author":"SAINT-PAUL","twitter_card":"summary_large_image","twitter_creator":"@StPaulAngoulem","twitter_site":"@StPaulAngoulem","twitter_misc":{"\u00c9crit par":"SAINT-PAUL","Dur\u00e9e de lecture estim\u00e9e":"3 minutes"},"schema":{"@context":"https:\/\/schema.org","@graph":[{"@type":"Article","@id":"https:\/\/www.saint-paul-angouleme.fr\/application\/de-belles-mentions-au-baccalaureat-2018\/#article","isPartOf":{"@id":"https:\/\/www.saint-paul-angouleme.fr\/application\/de-belles-mentions-au-baccalaureat-2018\/"},"author":{"name":"SAINT-PAUL","@id":"https:\/\/www.saint-paul-angouleme.fr\/application\/#\/schema\/person\/ea152930b1a3823659065827b1a5fb9b"},"headline":"De belles mentions au baccalaur\u00e9at 2018","datePublished":"2018-07-11T16:48:55+00:00","dateModified":"2018-07-12T12:37:50+00:00","mainEntityOfPage":{"@id":"https:\/\/www.saint-paul-angouleme.fr\/application\/de-belles-mentions-au-baccalaureat-2018\/"},"wordCount":547,"commentCount":0,"publisher":{"@id":"https:\/\/www.saint-paul-angouleme.fr\/application\/#organization"},"image":{"@id":"https:\/\/www.saint-paul-angouleme.fr\/application\/de-belles-mentions-au-baccalaureat-2018\/#primaryimage"},"thumbnailUrl":"http:\/\/www.saint-paul-angouleme.fr\/application\/wp-content\/uploads\/2018\/07\/P1330222-1024x682.jpg","articleSection":["Look on","P\u00e9dagogie"],"inLanguage":"fr-FR","potentialAction":[{"@type":"CommentAction","name":"Comment","target":["https:\/\/www.saint-paul-angouleme.fr\/application\/de-belles-mentions-au-baccalaureat-2018\/#respond"]}]},{"@type":"WebPage","@id":"https:\/\/www.saint-paul-angouleme.fr\/application\/de-belles-mentions-au-baccalaureat-2018\/","url":"https:\/\/www.saint-paul-angouleme.fr\/application\/de-belles-mentions-au-baccalaureat-2018\/","name":"De belles mentions au baccalaur\u00e9at 2018 pour le Lyc\u00e9e Saint-Paul","isPartOf":{"@id":"https:\/\/www.saint-paul-angouleme.fr\/application\/#website"},"primaryImageOfPage":{"@id":"https:\/\/www.saint-paul-angouleme.fr\/application\/de-belles-mentions-au-baccalaureat-2018\/#primaryimage"},"image":{"@id":"https:\/\/www.saint-paul-angouleme.fr\/application\/de-belles-mentions-au-baccalaureat-2018\/#primaryimage"},"thumbnailUrl":"http:\/\/www.saint-paul-angouleme.fr\/application\/wp-content\/uploads\/2018\/07\/P1330222-1024x682.jpg","datePublished":"2018-07-11T16:48:55+00:00","dateModified":"2018-07-12T12:37:50+00:00","description":"Le mois de juillet est celui des r\u00e9sultats d'examens. Le lyc\u00e9e Saint-Paul a obtenu, cette ann\u00e9e encore, de belles mentions au baccalaur\u00e9at 2018.","breadcrumb":{"@id":"https:\/\/www.saint-paul-angouleme.fr\/application\/de-belles-mentions-au-baccalaureat-2018\/#breadcrumb"},"inLanguage":"fr-FR","potentialAction":[{"@type":"ReadAction","target":["https:\/\/www.saint-paul-angouleme.fr\/application\/de-belles-mentions-au-baccalaureat-2018\/"]}]},{"@type":"ImageObject","inLanguage":"fr-FR","@id":"https:\/\/www.saint-paul-angouleme.fr\/application\/de-belles-mentions-au-baccalaureat-2018\/#primaryimage","url":"https:\/\/www.saint-paul-angouleme.fr\/application\/wp-content\/uploads\/2018\/07\/P1330222.jpg","contentUrl":"https:\/\/www.saint-paul-angouleme.fr\/application\/wp-content\/uploads\/2018\/07\/P1330222.jpg","width":5472,"height":3647,"caption":"C'est le Grand Jour\""},{"@type":"BreadcrumbList","@id":"https:\/\/www.saint-paul-angouleme.fr\/application\/de-belles-mentions-au-baccalaureat-2018\/#breadcrumb","itemListElement":[{"@type":"ListItem","position":1,"name":"Accueil","item":"http:\/\/www.saint-paul-angouleme.fr\/application\/"},{"@type":"ListItem","position":2,"name":"De belles mentions au baccalaur\u00e9at 2018"}]},{"@type":"WebSite","@id":"https:\/\/www.saint-paul-angouleme.fr\/application\/#website","url":"https:\/\/www.saint-paul-angouleme.fr\/application\/","name":"Actualit\u00e9s","description":"Actualit\u00e9s Saint Paul","publisher":{"@id":"https:\/\/www.saint-paul-angouleme.fr\/application\/#organization"},"potentialAction":[{"@type":"SearchAction","target":{"@type":"EntryPoint","urlTemplate":"https:\/\/www.saint-paul-angouleme.fr\/application\/?s={search_term_string}"},"query-input":"required name=search_term_string"}],"inLanguage":"fr-FR"},{"@type":"Organization","@id":"https:\/\/www.saint-paul-angouleme.fr\/application\/#organization","name":"Ensemble scolaire Saint-Paul","url":"https:\/\/www.saint-paul-angouleme.fr\/application\/","logo":{"@type":"ImageObject","inLanguage":"fr-FR","@id":"https:\/\/www.saint-paul-angouleme.fr\/application\/#\/schema\/logo\/image\/","url":"https:\/\/www.saint-paul-angouleme.fr\/application\/wp-content\/uploads\/2018\/08\/logo-saint-paul-couleurs.jpg","contentUrl":"https:\/\/www.saint-paul-angouleme.fr\/application\/wp-content\/uploads\/2018\/08\/logo-saint-paul-couleurs.jpg","width":1890,"height":709,"caption":"Ensemble scolaire Saint-Paul"},"image":{"@id":"https:\/\/www.saint-paul-angouleme.fr\/application\/#\/schema\/logo\/image\/"},"sameAs":["https:\/\/www.facebook.com\/SaintPaulAngouleme16\/","https:\/\/x.com\/StPaulAngoulem","https:\/\/www.youtube.com\/channel\/UCRLpz1CmPVqc0gn--YyXvjA?view_as=subscriber"]},{"@type":"Person","@id":"https:\/\/www.saint-paul-angouleme.fr\/application\/#\/schema\/person\/ea152930b1a3823659065827b1a5fb9b","name":"SAINT-PAUL","image":{"@type":"ImageObject","inLanguage":"fr-FR","@id":"https:\/\/www.saint-paul-angouleme.fr\/application\/#\/schema\/person\/image\/","url":"https:\/\/secure.gravatar.com\/avatar\/eadb0ffebc02683a61d69038eb2924f0?s=96&r=g","contentUrl":"https:\/\/secure.gravatar.com\/avatar\/eadb0ffebc02683a61d69038eb2924f0?s=96&r=g","caption":"SAINT-PAUL"},"url":"https:\/\/www.saint-paul-angouleme.fr\/application\/author\/myriam\/"}]}},"_links":{"self":[{"href":"https:\/\/www.saint-paul-angouleme.fr\/application\/wp-json\/wp\/v2\/posts\/3212"}],"collection":[{"href":"https:\/\/www.saint-paul-angouleme.fr\/application\/wp-json\/wp\/v2\/posts"}],"about":[{"href":"https:\/\/www.saint-paul-angouleme.fr\/application\/wp-json\/wp\/v2\/types\/post"}],"author":[{"embeddable":true,"href":"https:\/\/www.saint-paul-angouleme.fr\/application\/wp-json\/wp\/v2\/users\/3"}],"replies":[{"embeddable":true,"href":"https:\/\/www.saint-paul-angouleme.fr\/application\/wp-json\/wp\/v2\/comments?post=3212"}],"version-history":[{"count":28,"href":"https:\/\/www.saint-paul-angouleme.fr\/application\/wp-json\/wp\/v2\/posts\/3212\/revisions"}],"predecessor-version":[{"id":3266,"href":"https:\/\/www.saint-paul-angouleme.fr\/application\/wp-json\/wp\/v2\/posts\/3212\/revisions\/3266"}],"wp:attachment":[{"href":"https:\/\/www.saint-paul-angouleme.fr\/application\/wp-json\/wp\/v2\/media?parent=3212"}],"wp:term":[{"taxonomy":"category","embeddable":true,"href":"https:\/\/www.saint-paul-angouleme.fr\/application\/wp-json\/wp\/v2\/categories?post=3212"},{"taxonomy":"post_tag","embeddable":true,"href":"https:\/\/www.saint-paul-angouleme.fr\/application\/wp-json\/wp\/v2\/tags?post=3212"}],"curies":[{"name":"wp","href":"https:\/\/api.w.org\/{rel}","templated":true}]}}