{"id":3128,"date":"2018-06-13T17:57:51","date_gmt":"2018-06-13T15:57:51","guid":{"rendered":"http:\/\/www.saint-paul-angouleme.fr\/application\/?p=3128"},"modified":"2018-06-13T18:04:03","modified_gmt":"2018-06-13T16:04:03","slug":"projet-transdisciplinaire-a-paris","status":"publish","type":"post","link":"https:\/\/www.saint-paul-angouleme.fr\/application\/projet-transdisciplinaire-a-paris\/","title":{"rendered":"Projet transdisciplinaire \u00e0 Paris : franc succ\u00e8s pour les classes de Premi\u00e8re"},"content":{"rendered":"<figure id=\"attachment_3131\" aria-describedby=\"caption-attachment-3131\" style=\"width: 1014px\" class=\"wp-caption aligncenter\"><a href=\"http:\/\/www.saint-paul-angouleme.fr\/application\/wp-content\/uploads\/2018\/06\/Paris-5.jpg\"><img loading=\"lazy\" decoding=\"async\" class=\"wp-image-3131 size-large\" title=\"Visite \u00e0 la Fondation Louis VUITTON\" src=\"http:\/\/www.saint-paul-angouleme.fr\/application\/wp-content\/uploads\/2018\/06\/Paris-5-1024x576.jpg\" alt=\"Visite \u00e0 la Fondation Louis VUITTON\" width=\"1024\" height=\"576\" data-id=\"3131\" srcset=\"https:\/\/www.saint-paul-angouleme.fr\/application\/wp-content\/uploads\/2018\/06\/Paris-5-1024x576.jpg 1024w, https:\/\/www.saint-paul-angouleme.fr\/application\/wp-content\/uploads\/2018\/06\/Paris-5-300x169.jpg 300w, https:\/\/www.saint-paul-angouleme.fr\/application\/wp-content\/uploads\/2018\/06\/Paris-5-768x432.jpg 768w, https:\/\/www.saint-paul-angouleme.fr\/application\/wp-content\/uploads\/2018\/06\/Paris-5.jpg 1643w\" sizes=\"(max-width: 1024px) 100vw, 1024px\" \/><\/a><figcaption id=\"caption-attachment-3131\" class=\"wp-caption-text\"><span style=\"font-size: 12px; font-family: arial, helvetica, sans-serif;\">Exposition d&#8217;Art Moderne &#8220;Le MOMA&#8221;<\/span><\/figcaption><\/figure>\n<p style=\"text-align: justify;\"><span style=\"font-family: arial, helvetica, sans-serif; color: #333333;\">Dans le cadre d\u2019un projet transdisciplinaire les \u00e9l\u00e8ves de Premi\u00e8re se sont rendus une journ\u00e9e sur Paris. Trois mati\u00e8res \u00e9taient r\u00e9unies pour celui-ci : fran\u00e7ais, SVT, arts plastiques.<\/span><\/p>\n<h2><span style=\"font-size: 20px; font-family: arial, helvetica, sans-serif;\">Une matin\u00e9e &#8220;Art moderne&#8221;\u00a0<\/span><\/h2>\n<p style=\"text-align: justify;\"><span style=\"font-family: arial, helvetica, sans-serif; color: #333333;\">L\u2019objectif de ce voyage (\u00e0 l\u2019initiative de Madame KLINNICK) \u00e9tait de faire d\u00e9couvrir les richesses culturelles et \u00ab\u00a0olfactives\u00a0\u00bb de la capitale. En effet, les \u00e9l\u00e8ves ont brav\u00e9 la neige pour visiter, le matin, la <a href=\"http:\/\/www.fondationlouisvuitton.fr\/expositions\/exposition-moma.html\">Fondation Vuitton<\/a> o\u00f9 se trouvait une exposition d\u2019art moderne \u00ab\u00a0le MOMA\u00a0\u00bb. La visite guid\u00e9e (en deux groupes) \u00e9tait captivante et les \u00e9l\u00e8ves tr\u00e8s r\u00e9actifs aux questions pos\u00e9es par les guides.<\/span><\/p>\n<p style=\"text-align: justify;\"><span style=\"font-family: arial, helvetica, sans-serif; color: #333333;\">Apr\u00e8s une pause repas \u00ab\u00a0Mac Do\u00a0\u00bb bien appr\u00e9ci\u00e9e, l\u2019apr\u00e8s-midi a repris\u00a0!<\/span><\/p>\n<h2><span style=\"font-family: arial, helvetica, sans-serif; font-size: 20px;\">Deux mus\u00e9es dans l&#8217;apr\u00e8s-midi<\/span><\/h2>\n<p><span style=\"font-family: arial, helvetica, sans-serif; color: #333333;\">Tout d\u2019abord, la visite du Louvre a permis aux \u00e9l\u00e8ves (gr\u00e2ce aux audioguides fournis) de compl\u00e9ter leur culture artistique.<\/span><\/p>\n<p style=\"text-align: justify;\"><span style=\"font-family: arial, helvetica, sans-serif; color: #333333;\">Pour terminer cette journ\u00e9e, nous nous sommes rendus au <a style=\"color: #333333;\" href=\"https:\/\/musee-parfum-paris.fragonard.com\/\">mus\u00e9e du parfum Fragonard<\/a>. Les explications de la conf\u00e9renci\u00e8re \u00e9taient vraiment tr\u00e8s riches en information\u00a0: historique, \u00e9volution et fabrication. Nous avons \u00e9galement pu sentir les \u00e9chantillons des diff\u00e9rents parfums Fragonard.<\/span><\/p>\n<p style=\"text-align: justify;\"><span style=\"font-family: arial, helvetica, sans-serif; color: #333333;\">Un s\u00e9jour \u00e0 la capitale plac\u00e9 sous la blancheur de la neige et du froid mais aussi de\u00a0 la bonne humeur et des visites vari\u00e9es et passionnantes.\u00a0 \u00a0Une journ\u00e9e riche en \u00e9motion\u00a0!<\/span><\/p>\n<figure id=\"attachment_3134\" aria-describedby=\"caption-attachment-3134\" style=\"width: 1014px\" class=\"wp-caption aligncenter\"><a href=\"http:\/\/www.saint-paul-angouleme.fr\/application\/wp-content\/uploads\/2018\/06\/Paris-3.jpg\"><img loading=\"lazy\" decoding=\"async\" class=\"wp-image-3134 size-large\" title=\"Etre moderne : Le MoMA \u00e0 Paris\" src=\"http:\/\/www.saint-paul-angouleme.fr\/application\/wp-content\/uploads\/2018\/06\/Paris-3-1024x576.jpg\" alt=\"Etre moderne : Le MoMA \u00e0 Paris\" width=\"1024\" height=\"576\" data-id=\"3134\" srcset=\"https:\/\/www.saint-paul-angouleme.fr\/application\/wp-content\/uploads\/2018\/06\/Paris-3-1024x576.jpg 1024w, https:\/\/www.saint-paul-angouleme.fr\/application\/wp-content\/uploads\/2018\/06\/Paris-3-300x169.jpg 300w, https:\/\/www.saint-paul-angouleme.fr\/application\/wp-content\/uploads\/2018\/06\/Paris-3-768x432.jpg 768w, https:\/\/www.saint-paul-angouleme.fr\/application\/wp-content\/uploads\/2018\/06\/Paris-3.jpg 1643w\" sizes=\"(max-width: 1024px) 100vw, 1024px\" \/><\/a><figcaption id=\"caption-attachment-3134\" class=\"wp-caption-text\"><span style=\"font-family: arial, helvetica, sans-serif; font-size: 12px;\">Frank GEHRY, architecte de la Fondation<\/span><\/figcaption><\/figure>\n","protected":false},"excerpt":{"rendered":"<p>Dans le cadre d\u2019un projet transdisciplinaire les \u00e9l\u00e8ves de Premi\u00e8re se sont rendus une journ\u00e9e sur Paris. Trois mati\u00e8res \u00e9taient r\u00e9unies pour celui-ci : fran\u00e7ais, SVT, arts plastiques. Une matin\u00e9e &#8220;Art moderne&#8221;\u00a0 L\u2019objectif de ce voyage (\u00e0 l\u2019initiative de Madame KLINNICK) \u00e9tait de faire d\u00e9couvrir les richesses culturelles et \u00ab\u00a0olfactives\u00a0\u00bb de la capitale. En effet, &#8230; <a title=\"Projet transdisciplinaire \u00e0 Paris : franc succ\u00e8s pour les classes de Premi\u00e8re\" class=\"read-more\" href=\"https:\/\/www.saint-paul-angouleme.fr\/application\/projet-transdisciplinaire-a-paris\/\" aria-label=\"Read more about Projet transdisciplinaire \u00e0 Paris : franc succ\u00e8s pour les classes de Premi\u00e8re\">Lire la suite<\/a><\/p>\n","protected":false},"author":3,"featured_media":0,"comment_status":"open","ping_status":"open","sticky":false,"template":"","format":"standard","meta":{"_exactmetrics_skip_tracking":false,"_exactmetrics_sitenote_active":false,"_exactmetrics_sitenote_note":"","_exactmetrics_sitenote_category":0,"footnotes":""},"categories":[13],"tags":[],"class_list":["post-3128","post","type-post","status-publish","format-standard","hentry","category-pedagogie"],"yoast_head":"<!-- This site is optimized with the Yoast SEO plugin v23.3 - https:\/\/yoast.com\/wordpress\/plugins\/seo\/ -->\n<title>Projet transdisciplinaire<\/title>\n<meta name=\"description\" content=\"Dans le cadre d\u2019un projet transdisciplinaire les \u00e9l\u00e8ves de Premi\u00e8re se sont rendus une journ\u00e9e sur Paris. Trois mati\u00e8res \u00e9taient r\u00e9unies pour celui-ci : fran\u00e7ais, SVT, arts plastiques. L&#039;occasion de visiter la fondation Louis VUITTON et le mus\u00e9e Fragonard.\" \/>\n<meta name=\"robots\" content=\"index, follow, max-snippet:-1, max-image-preview:large, max-video-preview:-1\" \/>\n<link rel=\"canonical\" href=\"https:\/\/www.saint-paul-angouleme.fr\/application\/projet-transdisciplinaire-a-paris\/\" \/>\n<meta property=\"og:locale\" content=\"fr_FR\" \/>\n<meta property=\"og:type\" content=\"article\" \/>\n<meta property=\"og:title\" content=\"Projet transdisciplinaire\" \/>\n<meta property=\"og:description\" content=\"Dans le cadre d\u2019un projet transdisciplinaire les \u00e9l\u00e8ves de Premi\u00e8re se sont rendus une journ\u00e9e sur Paris. Trois mati\u00e8res \u00e9taient r\u00e9unies pour celui-ci : fran\u00e7ais, SVT, arts plastiques. L&#039;occasion de visiter la fondation Louis VUITTON et le mus\u00e9e Fragonard.\" \/>\n<meta property=\"og:url\" content=\"https:\/\/www.saint-paul-angouleme.fr\/application\/projet-transdisciplinaire-a-paris\/\" \/>\n<meta property=\"og:site_name\" content=\"Actualit\u00e9s\" \/>\n<meta property=\"article:publisher\" content=\"https:\/\/www.facebook.com\/SaintPaulAngouleme16\/\" \/>\n<meta property=\"article:published_time\" content=\"2018-06-13T15:57:51+00:00\" \/>\n<meta property=\"article:modified_time\" content=\"2018-06-13T16:04:03+00:00\" \/>\n<meta property=\"og:image\" content=\"http:\/\/www.saint-paul-angouleme.fr\/application\/wp-content\/uploads\/2018\/06\/Paris-5-1024x576.jpg\" \/>\n<meta name=\"author\" content=\"SAINT-PAUL\" \/>\n<meta name=\"twitter:card\" content=\"summary_large_image\" \/>\n<meta name=\"twitter:creator\" content=\"@StPaulAngoulem\" \/>\n<meta name=\"twitter:site\" content=\"@StPaulAngoulem\" \/>\n<meta name=\"twitter:label1\" content=\"\u00c9crit par\" \/>\n\t<meta name=\"twitter:data1\" content=\"SAINT-PAUL\" \/>\n\t<meta name=\"twitter:label2\" content=\"Dur\u00e9e de lecture estim\u00e9e\" \/>\n\t<meta name=\"twitter:data2\" content=\"1 minute\" \/>\n<script type=\"application\/ld+json\" class=\"yoast-schema-graph\">{\"@context\":\"https:\/\/schema.org\",\"@graph\":[{\"@type\":\"Article\",\"@id\":\"https:\/\/www.saint-paul-angouleme.fr\/application\/projet-transdisciplinaire-a-paris\/#article\",\"isPartOf\":{\"@id\":\"https:\/\/www.saint-paul-angouleme.fr\/application\/projet-transdisciplinaire-a-paris\/\"},\"author\":{\"name\":\"SAINT-PAUL\",\"@id\":\"https:\/\/www.saint-paul-angouleme.fr\/application\/#\/schema\/person\/ea152930b1a3823659065827b1a5fb9b\"},\"headline\":\"Projet transdisciplinaire \u00e0 Paris : franc succ\u00e8s pour les classes de Premi\u00e8re\",\"datePublished\":\"2018-06-13T15:57:51+00:00\",\"dateModified\":\"2018-06-13T16:04:03+00:00\",\"mainEntityOfPage\":{\"@id\":\"https:\/\/www.saint-paul-angouleme.fr\/application\/projet-transdisciplinaire-a-paris\/\"},\"wordCount\":275,\"commentCount\":0,\"publisher\":{\"@id\":\"https:\/\/www.saint-paul-angouleme.fr\/application\/#organization\"},\"image\":{\"@id\":\"https:\/\/www.saint-paul-angouleme.fr\/application\/projet-transdisciplinaire-a-paris\/#primaryimage\"},\"thumbnailUrl\":\"http:\/\/www.saint-paul-angouleme.fr\/application\/wp-content\/uploads\/2018\/06\/Paris-5-1024x576.jpg\",\"articleSection\":[\"P\u00e9dagogie\"],\"inLanguage\":\"fr-FR\",\"potentialAction\":[{\"@type\":\"CommentAction\",\"name\":\"Comment\",\"target\":[\"https:\/\/www.saint-paul-angouleme.fr\/application\/projet-transdisciplinaire-a-paris\/#respond\"]}]},{\"@type\":\"WebPage\",\"@id\":\"https:\/\/www.saint-paul-angouleme.fr\/application\/projet-transdisciplinaire-a-paris\/\",\"url\":\"https:\/\/www.saint-paul-angouleme.fr\/application\/projet-transdisciplinaire-a-paris\/\",\"name\":\"Projet transdisciplinaire\",\"isPartOf\":{\"@id\":\"https:\/\/www.saint-paul-angouleme.fr\/application\/#website\"},\"primaryImageOfPage\":{\"@id\":\"https:\/\/www.saint-paul-angouleme.fr\/application\/projet-transdisciplinaire-a-paris\/#primaryimage\"},\"image\":{\"@id\":\"https:\/\/www.saint-paul-angouleme.fr\/application\/projet-transdisciplinaire-a-paris\/#primaryimage\"},\"thumbnailUrl\":\"http:\/\/www.saint-paul-angouleme.fr\/application\/wp-content\/uploads\/2018\/06\/Paris-5-1024x576.jpg\",\"datePublished\":\"2018-06-13T15:57:51+00:00\",\"dateModified\":\"2018-06-13T16:04:03+00:00\",\"description\":\"Dans le cadre d\u2019un projet transdisciplinaire les \u00e9l\u00e8ves de Premi\u00e8re se sont rendus une journ\u00e9e sur Paris. Trois mati\u00e8res \u00e9taient r\u00e9unies pour celui-ci : fran\u00e7ais, SVT, arts plastiques. L'occasion de visiter la fondation Louis VUITTON et le mus\u00e9e Fragonard.\",\"breadcrumb\":{\"@id\":\"https:\/\/www.saint-paul-angouleme.fr\/application\/projet-transdisciplinaire-a-paris\/#breadcrumb\"},\"inLanguage\":\"fr-FR\",\"potentialAction\":[{\"@type\":\"ReadAction\",\"target\":[\"https:\/\/www.saint-paul-angouleme.fr\/application\/projet-transdisciplinaire-a-paris\/\"]}]},{\"@type\":\"ImageObject\",\"inLanguage\":\"fr-FR\",\"@id\":\"https:\/\/www.saint-paul-angouleme.fr\/application\/projet-transdisciplinaire-a-paris\/#primaryimage\",\"url\":\"https:\/\/www.saint-paul-angouleme.fr\/application\/wp-content\/uploads\/2018\/06\/Paris-5.jpg\",\"contentUrl\":\"https:\/\/www.saint-paul-angouleme.fr\/application\/wp-content\/uploads\/2018\/06\/Paris-5.jpg\",\"width\":1643,\"height\":924},{\"@type\":\"BreadcrumbList\",\"@id\":\"https:\/\/www.saint-paul-angouleme.fr\/application\/projet-transdisciplinaire-a-paris\/#breadcrumb\",\"itemListElement\":[{\"@type\":\"ListItem\",\"position\":1,\"name\":\"Accueil\",\"item\":\"http:\/\/www.saint-paul-angouleme.fr\/application\/\"},{\"@type\":\"ListItem\",\"position\":2,\"name\":\"Projet transdisciplinaire \u00e0 Paris : franc succ\u00e8s pour les classes de Premi\u00e8re\"}]},{\"@type\":\"WebSite\",\"@id\":\"https:\/\/www.saint-paul-angouleme.fr\/application\/#website\",\"url\":\"https:\/\/www.saint-paul-angouleme.fr\/application\/\",\"name\":\"Actualit\u00e9s\",\"description\":\"Actualit\u00e9s Saint Paul\",\"publisher\":{\"@id\":\"https:\/\/www.saint-paul-angouleme.fr\/application\/#organization\"},\"potentialAction\":[{\"@type\":\"SearchAction\",\"target\":{\"@type\":\"EntryPoint\",\"urlTemplate\":\"https:\/\/www.saint-paul-angouleme.fr\/application\/?s={search_term_string}\"},\"query-input\":\"required name=search_term_string\"}],\"inLanguage\":\"fr-FR\"},{\"@type\":\"Organization\",\"@id\":\"https:\/\/www.saint-paul-angouleme.fr\/application\/#organization\",\"name\":\"Ensemble scolaire Saint-Paul\",\"url\":\"https:\/\/www.saint-paul-angouleme.fr\/application\/\",\"logo\":{\"@type\":\"ImageObject\",\"inLanguage\":\"fr-FR\",\"@id\":\"https:\/\/www.saint-paul-angouleme.fr\/application\/#\/schema\/logo\/image\/\",\"url\":\"https:\/\/www.saint-paul-angouleme.fr\/application\/wp-content\/uploads\/2018\/08\/logo-saint-paul-couleurs.jpg\",\"contentUrl\":\"https:\/\/www.saint-paul-angouleme.fr\/application\/wp-content\/uploads\/2018\/08\/logo-saint-paul-couleurs.jpg\",\"width\":1890,\"height\":709,\"caption\":\"Ensemble scolaire Saint-Paul\"},\"image\":{\"@id\":\"https:\/\/www.saint-paul-angouleme.fr\/application\/#\/schema\/logo\/image\/\"},\"sameAs\":[\"https:\/\/www.facebook.com\/SaintPaulAngouleme16\/\",\"https:\/\/x.com\/StPaulAngoulem\",\"https:\/\/www.youtube.com\/channel\/UCRLpz1CmPVqc0gn--YyXvjA?view_as=subscriber\"]},{\"@type\":\"Person\",\"@id\":\"https:\/\/www.saint-paul-angouleme.fr\/application\/#\/schema\/person\/ea152930b1a3823659065827b1a5fb9b\",\"name\":\"SAINT-PAUL\",\"image\":{\"@type\":\"ImageObject\",\"inLanguage\":\"fr-FR\",\"@id\":\"https:\/\/www.saint-paul-angouleme.fr\/application\/#\/schema\/person\/image\/\",\"url\":\"https:\/\/secure.gravatar.com\/avatar\/eadb0ffebc02683a61d69038eb2924f0?s=96&r=g\",\"contentUrl\":\"https:\/\/secure.gravatar.com\/avatar\/eadb0ffebc02683a61d69038eb2924f0?s=96&r=g\",\"caption\":\"SAINT-PAUL\"},\"url\":\"https:\/\/www.saint-paul-angouleme.fr\/application\/author\/myriam\/\"}]}<\/script>\n<!-- \/ Yoast SEO plugin. -->","yoast_head_json":{"title":"Projet transdisciplinaire","description":"Dans le cadre d\u2019un projet transdisciplinaire les \u00e9l\u00e8ves de Premi\u00e8re se sont rendus une journ\u00e9e sur Paris. Trois mati\u00e8res \u00e9taient r\u00e9unies pour celui-ci : fran\u00e7ais, SVT, arts plastiques. L'occasion de visiter la fondation Louis VUITTON et le mus\u00e9e Fragonard.","robots":{"index":"index","follow":"follow","max-snippet":"max-snippet:-1","max-image-preview":"max-image-preview:large","max-video-preview":"max-video-preview:-1"},"canonical":"https:\/\/www.saint-paul-angouleme.fr\/application\/projet-transdisciplinaire-a-paris\/","og_locale":"fr_FR","og_type":"article","og_title":"Projet transdisciplinaire","og_description":"Dans le cadre d\u2019un projet transdisciplinaire les \u00e9l\u00e8ves de Premi\u00e8re se sont rendus une journ\u00e9e sur Paris. Trois mati\u00e8res \u00e9taient r\u00e9unies pour celui-ci : fran\u00e7ais, SVT, arts plastiques. L'occasion de visiter la fondation Louis VUITTON et le mus\u00e9e Fragonard.","og_url":"https:\/\/www.saint-paul-angouleme.fr\/application\/projet-transdisciplinaire-a-paris\/","og_site_name":"Actualit\u00e9s","article_publisher":"https:\/\/www.facebook.com\/SaintPaulAngouleme16\/","article_published_time":"2018-06-13T15:57:51+00:00","article_modified_time":"2018-06-13T16:04:03+00:00","og_image":[{"url":"http:\/\/www.saint-paul-angouleme.fr\/application\/wp-content\/uploads\/2018\/06\/Paris-5-1024x576.jpg"}],"author":"SAINT-PAUL","twitter_card":"summary_large_image","twitter_creator":"@StPaulAngoulem","twitter_site":"@StPaulAngoulem","twitter_misc":{"\u00c9crit par":"SAINT-PAUL","Dur\u00e9e de lecture estim\u00e9e":"1 minute"},"schema":{"@context":"https:\/\/schema.org","@graph":[{"@type":"Article","@id":"https:\/\/www.saint-paul-angouleme.fr\/application\/projet-transdisciplinaire-a-paris\/#article","isPartOf":{"@id":"https:\/\/www.saint-paul-angouleme.fr\/application\/projet-transdisciplinaire-a-paris\/"},"author":{"name":"SAINT-PAUL","@id":"https:\/\/www.saint-paul-angouleme.fr\/application\/#\/schema\/person\/ea152930b1a3823659065827b1a5fb9b"},"headline":"Projet transdisciplinaire \u00e0 Paris : franc succ\u00e8s pour les classes de Premi\u00e8re","datePublished":"2018-06-13T15:57:51+00:00","dateModified":"2018-06-13T16:04:03+00:00","mainEntityOfPage":{"@id":"https:\/\/www.saint-paul-angouleme.fr\/application\/projet-transdisciplinaire-a-paris\/"},"wordCount":275,"commentCount":0,"publisher":{"@id":"https:\/\/www.saint-paul-angouleme.fr\/application\/#organization"},"image":{"@id":"https:\/\/www.saint-paul-angouleme.fr\/application\/projet-transdisciplinaire-a-paris\/#primaryimage"},"thumbnailUrl":"http:\/\/www.saint-paul-angouleme.fr\/application\/wp-content\/uploads\/2018\/06\/Paris-5-1024x576.jpg","articleSection":["P\u00e9dagogie"],"inLanguage":"fr-FR","potentialAction":[{"@type":"CommentAction","name":"Comment","target":["https:\/\/www.saint-paul-angouleme.fr\/application\/projet-transdisciplinaire-a-paris\/#respond"]}]},{"@type":"WebPage","@id":"https:\/\/www.saint-paul-angouleme.fr\/application\/projet-transdisciplinaire-a-paris\/","url":"https:\/\/www.saint-paul-angouleme.fr\/application\/projet-transdisciplinaire-a-paris\/","name":"Projet transdisciplinaire","isPartOf":{"@id":"https:\/\/www.saint-paul-angouleme.fr\/application\/#website"},"primaryImageOfPage":{"@id":"https:\/\/www.saint-paul-angouleme.fr\/application\/projet-transdisciplinaire-a-paris\/#primaryimage"},"image":{"@id":"https:\/\/www.saint-paul-angouleme.fr\/application\/projet-transdisciplinaire-a-paris\/#primaryimage"},"thumbnailUrl":"http:\/\/www.saint-paul-angouleme.fr\/application\/wp-content\/uploads\/2018\/06\/Paris-5-1024x576.jpg","datePublished":"2018-06-13T15:57:51+00:00","dateModified":"2018-06-13T16:04:03+00:00","description":"Dans le cadre d\u2019un projet transdisciplinaire les \u00e9l\u00e8ves de Premi\u00e8re se sont rendus une journ\u00e9e sur Paris. Trois mati\u00e8res \u00e9taient r\u00e9unies pour celui-ci : fran\u00e7ais, SVT, arts plastiques. L'occasion de visiter la fondation Louis VUITTON et le mus\u00e9e Fragonard.","breadcrumb":{"@id":"https:\/\/www.saint-paul-angouleme.fr\/application\/projet-transdisciplinaire-a-paris\/#breadcrumb"},"inLanguage":"fr-FR","potentialAction":[{"@type":"ReadAction","target":["https:\/\/www.saint-paul-angouleme.fr\/application\/projet-transdisciplinaire-a-paris\/"]}]},{"@type":"ImageObject","inLanguage":"fr-FR","@id":"https:\/\/www.saint-paul-angouleme.fr\/application\/projet-transdisciplinaire-a-paris\/#primaryimage","url":"https:\/\/www.saint-paul-angouleme.fr\/application\/wp-content\/uploads\/2018\/06\/Paris-5.jpg","contentUrl":"https:\/\/www.saint-paul-angouleme.fr\/application\/wp-content\/uploads\/2018\/06\/Paris-5.jpg","width":1643,"height":924},{"@type":"BreadcrumbList","@id":"https:\/\/www.saint-paul-angouleme.fr\/application\/projet-transdisciplinaire-a-paris\/#breadcrumb","itemListElement":[{"@type":"ListItem","position":1,"name":"Accueil","item":"http:\/\/www.saint-paul-angouleme.fr\/application\/"},{"@type":"ListItem","position":2,"name":"Projet transdisciplinaire \u00e0 Paris : franc succ\u00e8s pour les classes de Premi\u00e8re"}]},{"@type":"WebSite","@id":"https:\/\/www.saint-paul-angouleme.fr\/application\/#website","url":"https:\/\/www.saint-paul-angouleme.fr\/application\/","name":"Actualit\u00e9s","description":"Actualit\u00e9s Saint Paul","publisher":{"@id":"https:\/\/www.saint-paul-angouleme.fr\/application\/#organization"},"potentialAction":[{"@type":"SearchAction","target":{"@type":"EntryPoint","urlTemplate":"https:\/\/www.saint-paul-angouleme.fr\/application\/?s={search_term_string}"},"query-input":"required name=search_term_string"}],"inLanguage":"fr-FR"},{"@type":"Organization","@id":"https:\/\/www.saint-paul-angouleme.fr\/application\/#organization","name":"Ensemble scolaire Saint-Paul","url":"https:\/\/www.saint-paul-angouleme.fr\/application\/","logo":{"@type":"ImageObject","inLanguage":"fr-FR","@id":"https:\/\/www.saint-paul-angouleme.fr\/application\/#\/schema\/logo\/image\/","url":"https:\/\/www.saint-paul-angouleme.fr\/application\/wp-content\/uploads\/2018\/08\/logo-saint-paul-couleurs.jpg","contentUrl":"https:\/\/www.saint-paul-angouleme.fr\/application\/wp-content\/uploads\/2018\/08\/logo-saint-paul-couleurs.jpg","width":1890,"height":709,"caption":"Ensemble scolaire Saint-Paul"},"image":{"@id":"https:\/\/www.saint-paul-angouleme.fr\/application\/#\/schema\/logo\/image\/"},"sameAs":["https:\/\/www.facebook.com\/SaintPaulAngouleme16\/","https:\/\/x.com\/StPaulAngoulem","https:\/\/www.youtube.com\/channel\/UCRLpz1CmPVqc0gn--YyXvjA?view_as=subscriber"]},{"@type":"Person","@id":"https:\/\/www.saint-paul-angouleme.fr\/application\/#\/schema\/person\/ea152930b1a3823659065827b1a5fb9b","name":"SAINT-PAUL","image":{"@type":"ImageObject","inLanguage":"fr-FR","@id":"https:\/\/www.saint-paul-angouleme.fr\/application\/#\/schema\/person\/image\/","url":"https:\/\/secure.gravatar.com\/avatar\/eadb0ffebc02683a61d69038eb2924f0?s=96&r=g","contentUrl":"https:\/\/secure.gravatar.com\/avatar\/eadb0ffebc02683a61d69038eb2924f0?s=96&r=g","caption":"SAINT-PAUL"},"url":"https:\/\/www.saint-paul-angouleme.fr\/application\/author\/myriam\/"}]}},"_links":{"self":[{"href":"https:\/\/www.saint-paul-angouleme.fr\/application\/wp-json\/wp\/v2\/posts\/3128"}],"collection":[{"href":"https:\/\/www.saint-paul-angouleme.fr\/application\/wp-json\/wp\/v2\/posts"}],"about":[{"href":"https:\/\/www.saint-paul-angouleme.fr\/application\/wp-json\/wp\/v2\/types\/post"}],"author":[{"embeddable":true,"href":"https:\/\/www.saint-paul-angouleme.fr\/application\/wp-json\/wp\/v2\/users\/3"}],"replies":[{"embeddable":true,"href":"https:\/\/www.saint-paul-angouleme.fr\/application\/wp-json\/wp\/v2\/comments?post=3128"}],"version-history":[{"count":11,"href":"https:\/\/www.saint-paul-angouleme.fr\/application\/wp-json\/wp\/v2\/posts\/3128\/revisions"}],"predecessor-version":[{"id":3141,"href":"https:\/\/www.saint-paul-angouleme.fr\/application\/wp-json\/wp\/v2\/posts\/3128\/revisions\/3141"}],"wp:attachment":[{"href":"https:\/\/www.saint-paul-angouleme.fr\/application\/wp-json\/wp\/v2\/media?parent=3128"}],"wp:term":[{"taxonomy":"category","embeddable":true,"href":"https:\/\/www.saint-paul-angouleme.fr\/application\/wp-json\/wp\/v2\/categories?post=3128"},{"taxonomy":"post_tag","embeddable":true,"href":"https:\/\/www.saint-paul-angouleme.fr\/application\/wp-json\/wp\/v2\/tags?post=3128"}],"curies":[{"name":"wp","href":"https:\/\/api.w.org\/{rel}","templated":true}]}}