{"id":3103,"date":"2018-06-07T18:09:50","date_gmt":"2018-06-07T16:09:50","guid":{"rendered":"http:\/\/www.saint-paul-angouleme.fr\/application\/?p=3103"},"modified":"2018-06-07T18:58:40","modified_gmt":"2018-06-07T16:58:40","slug":"saint-paul-premier-au-palmares-des-colleges-de-charente","status":"publish","type":"post","link":"https:\/\/www.saint-paul-angouleme.fr\/application\/saint-paul-premier-au-palmares-des-colleges-de-charente\/","title":{"rendered":"Saint-Paul premier au palmar\u00e8s des coll\u00e8ges de Charente"},"content":{"rendered":"<p style=\"text-align: justify;\"><em><span style=\"font-family: arial, helvetica, sans-serif; color: #333333;\"><span style=\"font-family: arial, helvetica, sans-serif;\">Le mensuel l&#8217;Etudiant publie son Palmar\u00e8s des coll\u00e8ges, notamment concernant les \u00e9tablissements de Charente. Ainsi, Charente Libre relate l&#8217;information ce jeudi 7 juin 2018 en page &#8220;R\u00e9gion&#8221; (Cf. ci-dessous). De son c\u00f4t\u00e9, Monsieur Constantin, Chef d&#8217;Etablissement, partage sa satisfaction avec les \u00e9quipes professionnelles et les parents d&#8217;\u00e9l\u00e8ves d\u00e9l\u00e9gu\u00e9s :<\/span><\/span><\/em><\/p>\n<p style=\"text-align: center;\"><a href=\"http:\/\/www.saint-paul-angouleme.fr\/application\/wp-content\/uploads\/2018\/06\/logo-saint-paul-couleurs-e1528389738427.jpg\"><img loading=\"lazy\" decoding=\"async\" class=\"aligncenter size-medium wp-image-3120\" src=\"http:\/\/www.saint-paul-angouleme.fr\/application\/wp-content\/uploads\/2018\/06\/logo-saint-paul-couleurs-300x113.jpg\" alt=\"\" width=\"300\" height=\"113\" data-id=\"3120\" \/><\/a><\/p>\n<p style=\"text-align: center;\"><span style=\"font-family: arial, helvetica, sans-serif; font-size: 14px;\">101 rue de Beaulieu<\/span><\/p>\n<p style=\"text-align: center;\"><span style=\"font-family: arial, helvetica, sans-serif; font-size: 14px;\">16000 ANGOUL\u00caME<\/span><\/p>\n<blockquote>\n<p style=\"text-align: justify;\">Mesdames et Messieurs les parents d\u2019\u00e9l\u00e8ves d\u00e9l\u00e9gu\u00e9s,<\/p>\n<p style=\"text-align: justify;\">Vous voudrez bien pardonner \u00e0 toute l\u2019\u00e9quipe du coll\u00e8ge cette marque d\u2019autosatisfaction\u00a0: L\u2019Etudiant nous classe comme le \u00ab\u00a0meilleur\u00a0\u00bb coll\u00e8ge de Charente. Je me permets d\u2019attirer votre attention sur le nombre de candidats pr\u00e9sent\u00e9s en 2017\u00a0: plus de 200, ce qui repr\u00e9sente un pic inhabituel, et reste le meilleur argument contre l\u2019hypoth\u00e8se que nous effectuerions une s\u00e9lection.<\/p>\n<p style=\"text-align: justify;\">Cela n\u2019exempte pas notre \u00e9tablissement des am\u00e9liorations qu\u2019il convient toujours de r\u00e9aliser. Gr\u00e2ce \u00e0 votre investissement, nous y travaillons, m\u00eame si ce n\u2019est pas toujours avec la rapidit\u00e9 ou le succ\u00e8s escompt\u00e9. Cela ne doit pas non plus conduire \u00e0 sous-estimer le travail des autres coll\u00e8ges de Charente. N\u2019oublions pas qu\u2019un \u00e9tablissement scolaire est avant tout vivant des \u00e9l\u00e8ves qui le fr\u00e9quentent.<\/p>\n<p style=\"text-align: justify;\">Cependant cette reconnaissance, bas\u00e9e sur l\u2019essentiel de notre mission, \u00e0 savoir la p\u00e9dagogie et l\u2019\u00e9ducation, nous fait plaisir. Et je souhaitais partager ce plaisir avec vous.<\/p>\n<p style=\"text-align: justify;\">Merci de votre confiance, bien cordialement,<\/p>\n<p style=\"text-align: justify;\">Fran\u00e7ois Constantin<\/p>\n<p style=\"text-align: justify;\">Chef\u00a0 d\u2019\u00e9tablissement<\/p>\n<p>Saint-Paul Angoul\u00eame<\/p><\/blockquote>\n<h2><a href=\"http:\/\/www.saint-paul-angouleme.fr\/application\/wp-content\/uploads\/2018\/06\/CL-du-07-06-2018.pdf\"><span style=\"font-family: arial, helvetica, sans-serif; color: #333333; font-size: 16px;\">Article de la Charente Libre ici<\/span><\/a><\/h2>\n","protected":false},"excerpt":{"rendered":"<p>Le mensuel l&#8217;Etudiant publie son Palmar\u00e8s des coll\u00e8ges, notamment concernant les \u00e9tablissements de Charente. Ainsi, Charente Libre relate l&#8217;information ce jeudi 7 juin 2018 en page &#8220;R\u00e9gion&#8221; (Cf. ci-dessous). De son c\u00f4t\u00e9, Monsieur Constantin, Chef d&#8217;Etablissement, partage sa satisfaction avec les \u00e9quipes professionnelles et les parents d&#8217;\u00e9l\u00e8ves d\u00e9l\u00e9gu\u00e9s : 101 rue de Beaulieu 16000 ANGOUL\u00caME &#8230; <a title=\"Saint-Paul premier au palmar\u00e8s des coll\u00e8ges de Charente\" class=\"read-more\" href=\"https:\/\/www.saint-paul-angouleme.fr\/application\/saint-paul-premier-au-palmares-des-colleges-de-charente\/\" aria-label=\"Read more about Saint-Paul premier au palmar\u00e8s des coll\u00e8ges de Charente\">Lire la suite<\/a><\/p>\n","protected":false},"author":3,"featured_media":0,"comment_status":"open","ping_status":"open","sticky":false,"template":"","format":"standard","meta":{"_exactmetrics_skip_tracking":false,"_exactmetrics_sitenote_active":false,"_exactmetrics_sitenote_note":"","_exactmetrics_sitenote_category":0,"footnotes":""},"categories":[13,3],"tags":[],"class_list":["post-3103","post","type-post","status-publish","format-standard","hentry","category-pedagogie","category-revue-de-presse"],"yoast_head":"<!-- This site is optimized with the Yoast SEO plugin v23.3 - https:\/\/yoast.com\/wordpress\/plugins\/seo\/ -->\n<title>Saint-Paul premier au palmar\u00e8s des coll\u00e8ges de Charente<\/title>\n<meta name=\"description\" content=\"Le Palmar\u00e8s des coll\u00e8ges de Charente a \u00e9t\u00e9 publi\u00e9 par le mensuel l&#039;Etudiant. La Charente Libre s&#039;en est fait l&#039;\u00e9cho ce jeudi 7 juin 2018. Monsieur Constantin, Chef d&#039;Etablissement, partage sa satisfaction avec les \u00e9quipes professionnelles et les parents.\" \/>\n<meta name=\"robots\" content=\"index, follow, max-snippet:-1, max-image-preview:large, max-video-preview:-1\" \/>\n<link rel=\"canonical\" href=\"https:\/\/www.saint-paul-angouleme.fr\/application\/saint-paul-premier-au-palmares-des-colleges-de-charente\/\" \/>\n<meta property=\"og:locale\" content=\"fr_FR\" \/>\n<meta property=\"og:type\" content=\"article\" \/>\n<meta property=\"og:title\" content=\"Saint-Paul premier au palmar\u00e8s des coll\u00e8ges de Charente\" \/>\n<meta property=\"og:description\" content=\"Le Palmar\u00e8s des coll\u00e8ges de Charente a \u00e9t\u00e9 publi\u00e9 par le mensuel l&#039;Etudiant. La Charente Libre s&#039;en est fait l&#039;\u00e9cho ce jeudi 7 juin 2018. Monsieur Constantin, Chef d&#039;Etablissement, partage sa satisfaction avec les \u00e9quipes professionnelles et les parents.\" \/>\n<meta property=\"og:url\" content=\"https:\/\/www.saint-paul-angouleme.fr\/application\/saint-paul-premier-au-palmares-des-colleges-de-charente\/\" \/>\n<meta property=\"og:site_name\" content=\"Actualit\u00e9s\" \/>\n<meta property=\"article:publisher\" content=\"https:\/\/www.facebook.com\/SaintPaulAngouleme16\/\" \/>\n<meta property=\"article:published_time\" content=\"2018-06-07T16:09:50+00:00\" \/>\n<meta property=\"article:modified_time\" content=\"2018-06-07T16:58:40+00:00\" \/>\n<meta property=\"og:image\" content=\"http:\/\/www.saint-paul-angouleme.fr\/application\/wp-content\/uploads\/2018\/06\/logo-saint-paul-couleurs-300x113.jpg\" \/>\n<meta name=\"author\" content=\"SAINT-PAUL\" \/>\n<meta name=\"twitter:card\" content=\"summary_large_image\" \/>\n<meta name=\"twitter:creator\" content=\"@StPaulAngoulem\" \/>\n<meta name=\"twitter:site\" content=\"@StPaulAngoulem\" \/>\n<meta name=\"twitter:label1\" content=\"\u00c9crit par\" \/>\n\t<meta name=\"twitter:data1\" content=\"SAINT-PAUL\" \/>\n\t<meta name=\"twitter:label2\" content=\"Dur\u00e9e de lecture estim\u00e9e\" \/>\n\t<meta name=\"twitter:data2\" content=\"1 minute\" \/>\n<script type=\"application\/ld+json\" class=\"yoast-schema-graph\">{\"@context\":\"https:\/\/schema.org\",\"@graph\":[{\"@type\":\"Article\",\"@id\":\"https:\/\/www.saint-paul-angouleme.fr\/application\/saint-paul-premier-au-palmares-des-colleges-de-charente\/#article\",\"isPartOf\":{\"@id\":\"https:\/\/www.saint-paul-angouleme.fr\/application\/saint-paul-premier-au-palmares-des-colleges-de-charente\/\"},\"author\":{\"name\":\"SAINT-PAUL\",\"@id\":\"https:\/\/www.saint-paul-angouleme.fr\/application\/#\/schema\/person\/ea152930b1a3823659065827b1a5fb9b\"},\"headline\":\"Saint-Paul premier au palmar\u00e8s des coll\u00e8ges de Charente\",\"datePublished\":\"2018-06-07T16:09:50+00:00\",\"dateModified\":\"2018-06-07T16:58:40+00:00\",\"mainEntityOfPage\":{\"@id\":\"https:\/\/www.saint-paul-angouleme.fr\/application\/saint-paul-premier-au-palmares-des-colleges-de-charente\/\"},\"wordCount\":273,\"commentCount\":0,\"publisher\":{\"@id\":\"https:\/\/www.saint-paul-angouleme.fr\/application\/#organization\"},\"image\":{\"@id\":\"https:\/\/www.saint-paul-angouleme.fr\/application\/saint-paul-premier-au-palmares-des-colleges-de-charente\/#primaryimage\"},\"thumbnailUrl\":\"http:\/\/www.saint-paul-angouleme.fr\/application\/wp-content\/uploads\/2018\/06\/logo-saint-paul-couleurs-300x113.jpg\",\"articleSection\":[\"P\u00e9dagogie\",\"Revue de presse\"],\"inLanguage\":\"fr-FR\",\"potentialAction\":[{\"@type\":\"CommentAction\",\"name\":\"Comment\",\"target\":[\"https:\/\/www.saint-paul-angouleme.fr\/application\/saint-paul-premier-au-palmares-des-colleges-de-charente\/#respond\"]}]},{\"@type\":\"WebPage\",\"@id\":\"https:\/\/www.saint-paul-angouleme.fr\/application\/saint-paul-premier-au-palmares-des-colleges-de-charente\/\",\"url\":\"https:\/\/www.saint-paul-angouleme.fr\/application\/saint-paul-premier-au-palmares-des-colleges-de-charente\/\",\"name\":\"Saint-Paul premier au palmar\u00e8s des coll\u00e8ges de Charente\",\"isPartOf\":{\"@id\":\"https:\/\/www.saint-paul-angouleme.fr\/application\/#website\"},\"primaryImageOfPage\":{\"@id\":\"https:\/\/www.saint-paul-angouleme.fr\/application\/saint-paul-premier-au-palmares-des-colleges-de-charente\/#primaryimage\"},\"image\":{\"@id\":\"https:\/\/www.saint-paul-angouleme.fr\/application\/saint-paul-premier-au-palmares-des-colleges-de-charente\/#primaryimage\"},\"thumbnailUrl\":\"http:\/\/www.saint-paul-angouleme.fr\/application\/wp-content\/uploads\/2018\/06\/logo-saint-paul-couleurs-300x113.jpg\",\"datePublished\":\"2018-06-07T16:09:50+00:00\",\"dateModified\":\"2018-06-07T16:58:40+00:00\",\"description\":\"Le Palmar\u00e8s des coll\u00e8ges de Charente a \u00e9t\u00e9 publi\u00e9 par le mensuel l'Etudiant. La Charente Libre s'en est fait l'\u00e9cho ce jeudi 7 juin 2018. Monsieur Constantin, Chef d'Etablissement, partage sa satisfaction avec les \u00e9quipes professionnelles et les parents.\",\"breadcrumb\":{\"@id\":\"https:\/\/www.saint-paul-angouleme.fr\/application\/saint-paul-premier-au-palmares-des-colleges-de-charente\/#breadcrumb\"},\"inLanguage\":\"fr-FR\",\"potentialAction\":[{\"@type\":\"ReadAction\",\"target\":[\"https:\/\/www.saint-paul-angouleme.fr\/application\/saint-paul-premier-au-palmares-des-colleges-de-charente\/\"]}]},{\"@type\":\"ImageObject\",\"inLanguage\":\"fr-FR\",\"@id\":\"https:\/\/www.saint-paul-angouleme.fr\/application\/saint-paul-premier-au-palmares-des-colleges-de-charente\/#primaryimage\",\"url\":\"http:\/\/www.saint-paul-angouleme.fr\/application\/wp-content\/uploads\/2018\/06\/logo-saint-paul-couleurs-300x113.jpg\",\"contentUrl\":\"http:\/\/www.saint-paul-angouleme.fr\/application\/wp-content\/uploads\/2018\/06\/logo-saint-paul-couleurs-300x113.jpg\"},{\"@type\":\"BreadcrumbList\",\"@id\":\"https:\/\/www.saint-paul-angouleme.fr\/application\/saint-paul-premier-au-palmares-des-colleges-de-charente\/#breadcrumb\",\"itemListElement\":[{\"@type\":\"ListItem\",\"position\":1,\"name\":\"Accueil\",\"item\":\"http:\/\/www.saint-paul-angouleme.fr\/application\/\"},{\"@type\":\"ListItem\",\"position\":2,\"name\":\"Saint-Paul premier au palmar\u00e8s des coll\u00e8ges de Charente\"}]},{\"@type\":\"WebSite\",\"@id\":\"https:\/\/www.saint-paul-angouleme.fr\/application\/#website\",\"url\":\"https:\/\/www.saint-paul-angouleme.fr\/application\/\",\"name\":\"Actualit\u00e9s\",\"description\":\"Actualit\u00e9s Saint Paul\",\"publisher\":{\"@id\":\"https:\/\/www.saint-paul-angouleme.fr\/application\/#organization\"},\"potentialAction\":[{\"@type\":\"SearchAction\",\"target\":{\"@type\":\"EntryPoint\",\"urlTemplate\":\"https:\/\/www.saint-paul-angouleme.fr\/application\/?s={search_term_string}\"},\"query-input\":\"required name=search_term_string\"}],\"inLanguage\":\"fr-FR\"},{\"@type\":\"Organization\",\"@id\":\"https:\/\/www.saint-paul-angouleme.fr\/application\/#organization\",\"name\":\"Ensemble scolaire Saint-Paul\",\"url\":\"https:\/\/www.saint-paul-angouleme.fr\/application\/\",\"logo\":{\"@type\":\"ImageObject\",\"inLanguage\":\"fr-FR\",\"@id\":\"https:\/\/www.saint-paul-angouleme.fr\/application\/#\/schema\/logo\/image\/\",\"url\":\"https:\/\/www.saint-paul-angouleme.fr\/application\/wp-content\/uploads\/2018\/08\/logo-saint-paul-couleurs.jpg\",\"contentUrl\":\"https:\/\/www.saint-paul-angouleme.fr\/application\/wp-content\/uploads\/2018\/08\/logo-saint-paul-couleurs.jpg\",\"width\":1890,\"height\":709,\"caption\":\"Ensemble scolaire Saint-Paul\"},\"image\":{\"@id\":\"https:\/\/www.saint-paul-angouleme.fr\/application\/#\/schema\/logo\/image\/\"},\"sameAs\":[\"https:\/\/www.facebook.com\/SaintPaulAngouleme16\/\",\"https:\/\/x.com\/StPaulAngoulem\",\"https:\/\/www.youtube.com\/channel\/UCRLpz1CmPVqc0gn--YyXvjA?view_as=subscriber\"]},{\"@type\":\"Person\",\"@id\":\"https:\/\/www.saint-paul-angouleme.fr\/application\/#\/schema\/person\/ea152930b1a3823659065827b1a5fb9b\",\"name\":\"SAINT-PAUL\",\"image\":{\"@type\":\"ImageObject\",\"inLanguage\":\"fr-FR\",\"@id\":\"https:\/\/www.saint-paul-angouleme.fr\/application\/#\/schema\/person\/image\/\",\"url\":\"https:\/\/secure.gravatar.com\/avatar\/eadb0ffebc02683a61d69038eb2924f0?s=96&r=g\",\"contentUrl\":\"https:\/\/secure.gravatar.com\/avatar\/eadb0ffebc02683a61d69038eb2924f0?s=96&r=g\",\"caption\":\"SAINT-PAUL\"},\"url\":\"https:\/\/www.saint-paul-angouleme.fr\/application\/author\/myriam\/\"}]}<\/script>\n<!-- \/ Yoast SEO plugin. -->","yoast_head_json":{"title":"Saint-Paul premier au palmar\u00e8s des coll\u00e8ges de Charente","description":"Le Palmar\u00e8s des coll\u00e8ges de Charente a \u00e9t\u00e9 publi\u00e9 par le mensuel l'Etudiant. La Charente Libre s'en est fait l'\u00e9cho ce jeudi 7 juin 2018. Monsieur Constantin, Chef d'Etablissement, partage sa satisfaction avec les \u00e9quipes professionnelles et les parents.","robots":{"index":"index","follow":"follow","max-snippet":"max-snippet:-1","max-image-preview":"max-image-preview:large","max-video-preview":"max-video-preview:-1"},"canonical":"https:\/\/www.saint-paul-angouleme.fr\/application\/saint-paul-premier-au-palmares-des-colleges-de-charente\/","og_locale":"fr_FR","og_type":"article","og_title":"Saint-Paul premier au palmar\u00e8s des coll\u00e8ges de Charente","og_description":"Le Palmar\u00e8s des coll\u00e8ges de Charente a \u00e9t\u00e9 publi\u00e9 par le mensuel l'Etudiant. La Charente Libre s'en est fait l'\u00e9cho ce jeudi 7 juin 2018. Monsieur Constantin, Chef d'Etablissement, partage sa satisfaction avec les \u00e9quipes professionnelles et les parents.","og_url":"https:\/\/www.saint-paul-angouleme.fr\/application\/saint-paul-premier-au-palmares-des-colleges-de-charente\/","og_site_name":"Actualit\u00e9s","article_publisher":"https:\/\/www.facebook.com\/SaintPaulAngouleme16\/","article_published_time":"2018-06-07T16:09:50+00:00","article_modified_time":"2018-06-07T16:58:40+00:00","og_image":[{"url":"http:\/\/www.saint-paul-angouleme.fr\/application\/wp-content\/uploads\/2018\/06\/logo-saint-paul-couleurs-300x113.jpg"}],"author":"SAINT-PAUL","twitter_card":"summary_large_image","twitter_creator":"@StPaulAngoulem","twitter_site":"@StPaulAngoulem","twitter_misc":{"\u00c9crit par":"SAINT-PAUL","Dur\u00e9e de lecture estim\u00e9e":"1 minute"},"schema":{"@context":"https:\/\/schema.org","@graph":[{"@type":"Article","@id":"https:\/\/www.saint-paul-angouleme.fr\/application\/saint-paul-premier-au-palmares-des-colleges-de-charente\/#article","isPartOf":{"@id":"https:\/\/www.saint-paul-angouleme.fr\/application\/saint-paul-premier-au-palmares-des-colleges-de-charente\/"},"author":{"name":"SAINT-PAUL","@id":"https:\/\/www.saint-paul-angouleme.fr\/application\/#\/schema\/person\/ea152930b1a3823659065827b1a5fb9b"},"headline":"Saint-Paul premier au palmar\u00e8s des coll\u00e8ges de Charente","datePublished":"2018-06-07T16:09:50+00:00","dateModified":"2018-06-07T16:58:40+00:00","mainEntityOfPage":{"@id":"https:\/\/www.saint-paul-angouleme.fr\/application\/saint-paul-premier-au-palmares-des-colleges-de-charente\/"},"wordCount":273,"commentCount":0,"publisher":{"@id":"https:\/\/www.saint-paul-angouleme.fr\/application\/#organization"},"image":{"@id":"https:\/\/www.saint-paul-angouleme.fr\/application\/saint-paul-premier-au-palmares-des-colleges-de-charente\/#primaryimage"},"thumbnailUrl":"http:\/\/www.saint-paul-angouleme.fr\/application\/wp-content\/uploads\/2018\/06\/logo-saint-paul-couleurs-300x113.jpg","articleSection":["P\u00e9dagogie","Revue de presse"],"inLanguage":"fr-FR","potentialAction":[{"@type":"CommentAction","name":"Comment","target":["https:\/\/www.saint-paul-angouleme.fr\/application\/saint-paul-premier-au-palmares-des-colleges-de-charente\/#respond"]}]},{"@type":"WebPage","@id":"https:\/\/www.saint-paul-angouleme.fr\/application\/saint-paul-premier-au-palmares-des-colleges-de-charente\/","url":"https:\/\/www.saint-paul-angouleme.fr\/application\/saint-paul-premier-au-palmares-des-colleges-de-charente\/","name":"Saint-Paul premier au palmar\u00e8s des coll\u00e8ges de Charente","isPartOf":{"@id":"https:\/\/www.saint-paul-angouleme.fr\/application\/#website"},"primaryImageOfPage":{"@id":"https:\/\/www.saint-paul-angouleme.fr\/application\/saint-paul-premier-au-palmares-des-colleges-de-charente\/#primaryimage"},"image":{"@id":"https:\/\/www.saint-paul-angouleme.fr\/application\/saint-paul-premier-au-palmares-des-colleges-de-charente\/#primaryimage"},"thumbnailUrl":"http:\/\/www.saint-paul-angouleme.fr\/application\/wp-content\/uploads\/2018\/06\/logo-saint-paul-couleurs-300x113.jpg","datePublished":"2018-06-07T16:09:50+00:00","dateModified":"2018-06-07T16:58:40+00:00","description":"Le Palmar\u00e8s des coll\u00e8ges de Charente a \u00e9t\u00e9 publi\u00e9 par le mensuel l'Etudiant. La Charente Libre s'en est fait l'\u00e9cho ce jeudi 7 juin 2018. Monsieur Constantin, Chef d'Etablissement, partage sa satisfaction avec les \u00e9quipes professionnelles et les parents.","breadcrumb":{"@id":"https:\/\/www.saint-paul-angouleme.fr\/application\/saint-paul-premier-au-palmares-des-colleges-de-charente\/#breadcrumb"},"inLanguage":"fr-FR","potentialAction":[{"@type":"ReadAction","target":["https:\/\/www.saint-paul-angouleme.fr\/application\/saint-paul-premier-au-palmares-des-colleges-de-charente\/"]}]},{"@type":"ImageObject","inLanguage":"fr-FR","@id":"https:\/\/www.saint-paul-angouleme.fr\/application\/saint-paul-premier-au-palmares-des-colleges-de-charente\/#primaryimage","url":"http:\/\/www.saint-paul-angouleme.fr\/application\/wp-content\/uploads\/2018\/06\/logo-saint-paul-couleurs-300x113.jpg","contentUrl":"http:\/\/www.saint-paul-angouleme.fr\/application\/wp-content\/uploads\/2018\/06\/logo-saint-paul-couleurs-300x113.jpg"},{"@type":"BreadcrumbList","@id":"https:\/\/www.saint-paul-angouleme.fr\/application\/saint-paul-premier-au-palmares-des-colleges-de-charente\/#breadcrumb","itemListElement":[{"@type":"ListItem","position":1,"name":"Accueil","item":"http:\/\/www.saint-paul-angouleme.fr\/application\/"},{"@type":"ListItem","position":2,"name":"Saint-Paul premier au palmar\u00e8s des coll\u00e8ges de Charente"}]},{"@type":"WebSite","@id":"https:\/\/www.saint-paul-angouleme.fr\/application\/#website","url":"https:\/\/www.saint-paul-angouleme.fr\/application\/","name":"Actualit\u00e9s","description":"Actualit\u00e9s Saint Paul","publisher":{"@id":"https:\/\/www.saint-paul-angouleme.fr\/application\/#organization"},"potentialAction":[{"@type":"SearchAction","target":{"@type":"EntryPoint","urlTemplate":"https:\/\/www.saint-paul-angouleme.fr\/application\/?s={search_term_string}"},"query-input":"required name=search_term_string"}],"inLanguage":"fr-FR"},{"@type":"Organization","@id":"https:\/\/www.saint-paul-angouleme.fr\/application\/#organization","name":"Ensemble scolaire Saint-Paul","url":"https:\/\/www.saint-paul-angouleme.fr\/application\/","logo":{"@type":"ImageObject","inLanguage":"fr-FR","@id":"https:\/\/www.saint-paul-angouleme.fr\/application\/#\/schema\/logo\/image\/","url":"https:\/\/www.saint-paul-angouleme.fr\/application\/wp-content\/uploads\/2018\/08\/logo-saint-paul-couleurs.jpg","contentUrl":"https:\/\/www.saint-paul-angouleme.fr\/application\/wp-content\/uploads\/2018\/08\/logo-saint-paul-couleurs.jpg","width":1890,"height":709,"caption":"Ensemble scolaire Saint-Paul"},"image":{"@id":"https:\/\/www.saint-paul-angouleme.fr\/application\/#\/schema\/logo\/image\/"},"sameAs":["https:\/\/www.facebook.com\/SaintPaulAngouleme16\/","https:\/\/x.com\/StPaulAngoulem","https:\/\/www.youtube.com\/channel\/UCRLpz1CmPVqc0gn--YyXvjA?view_as=subscriber"]},{"@type":"Person","@id":"https:\/\/www.saint-paul-angouleme.fr\/application\/#\/schema\/person\/ea152930b1a3823659065827b1a5fb9b","name":"SAINT-PAUL","image":{"@type":"ImageObject","inLanguage":"fr-FR","@id":"https:\/\/www.saint-paul-angouleme.fr\/application\/#\/schema\/person\/image\/","url":"https:\/\/secure.gravatar.com\/avatar\/eadb0ffebc02683a61d69038eb2924f0?s=96&r=g","contentUrl":"https:\/\/secure.gravatar.com\/avatar\/eadb0ffebc02683a61d69038eb2924f0?s=96&r=g","caption":"SAINT-PAUL"},"url":"https:\/\/www.saint-paul-angouleme.fr\/application\/author\/myriam\/"}]}},"_links":{"self":[{"href":"https:\/\/www.saint-paul-angouleme.fr\/application\/wp-json\/wp\/v2\/posts\/3103"}],"collection":[{"href":"https:\/\/www.saint-paul-angouleme.fr\/application\/wp-json\/wp\/v2\/posts"}],"about":[{"href":"https:\/\/www.saint-paul-angouleme.fr\/application\/wp-json\/wp\/v2\/types\/post"}],"author":[{"embeddable":true,"href":"https:\/\/www.saint-paul-angouleme.fr\/application\/wp-json\/wp\/v2\/users\/3"}],"replies":[{"embeddable":true,"href":"https:\/\/www.saint-paul-angouleme.fr\/application\/wp-json\/wp\/v2\/comments?post=3103"}],"version-history":[{"count":17,"href":"https:\/\/www.saint-paul-angouleme.fr\/application\/wp-json\/wp\/v2\/posts\/3103\/revisions"}],"predecessor-version":[{"id":3123,"href":"https:\/\/www.saint-paul-angouleme.fr\/application\/wp-json\/wp\/v2\/posts\/3103\/revisions\/3123"}],"wp:attachment":[{"href":"https:\/\/www.saint-paul-angouleme.fr\/application\/wp-json\/wp\/v2\/media?parent=3103"}],"wp:term":[{"taxonomy":"category","embeddable":true,"href":"https:\/\/www.saint-paul-angouleme.fr\/application\/wp-json\/wp\/v2\/categories?post=3103"},{"taxonomy":"post_tag","embeddable":true,"href":"https:\/\/www.saint-paul-angouleme.fr\/application\/wp-json\/wp\/v2\/tags?post=3103"}],"curies":[{"name":"wp","href":"https:\/\/api.w.org\/{rel}","templated":true}]}}