{"id":3059,"date":"2018-05-18T19:30:20","date_gmt":"2018-05-18T17:30:20","guid":{"rendered":"http:\/\/www.saint-paul-angouleme.fr\/application\/?p=3059"},"modified":"2018-05-29T15:15:19","modified_gmt":"2018-05-29T13:15:19","slug":"des-technologies-digitales-au-service-de-la-pedagogie","status":"publish","type":"post","link":"https:\/\/www.saint-paul-angouleme.fr\/application\/des-technologies-digitales-au-service-de-la-pedagogie\/","title":{"rendered":"Des technologies digitales au service de la p\u00e9dagogie"},"content":{"rendered":"<figure id=\"attachment_3060\" aria-describedby=\"caption-attachment-3060\" style=\"width: 1014px\" class=\"wp-caption aligncenter\"><a href=\"http:\/\/www.saint-paul-angouleme.fr\/application\/wp-content\/uploads\/2018\/05\/Capture-LA-Pearltrees-Ronsard.png\"><img loading=\"lazy\" decoding=\"async\" class=\"wp-image-3060 size-large\" title=\"Digitalisation : Pearltrees ressources 1L\" src=\"http:\/\/www.saint-paul-angouleme.fr\/application\/wp-content\/uploads\/2018\/05\/Capture-LA-Pearltrees-Ronsard-1024x513.png\" alt=\"Digitalisation : Pearltrees ressources 1L\" width=\"1024\" height=\"513\" data-id=\"3060\" srcset=\"https:\/\/www.saint-paul-angouleme.fr\/application\/wp-content\/uploads\/2018\/05\/Capture-LA-Pearltrees-Ronsard-1024x513.png 1024w, https:\/\/www.saint-paul-angouleme.fr\/application\/wp-content\/uploads\/2018\/05\/Capture-LA-Pearltrees-Ronsard-300x150.png 300w, https:\/\/www.saint-paul-angouleme.fr\/application\/wp-content\/uploads\/2018\/05\/Capture-LA-Pearltrees-Ronsard-768x385.png 768w, https:\/\/www.saint-paul-angouleme.fr\/application\/wp-content\/uploads\/2018\/05\/Capture-LA-Pearltrees-Ronsard.png 1843w\" sizes=\"(max-width: 1024px) 100vw, 1024px\" \/><\/a><figcaption id=\"caption-attachment-3060\" class=\"wp-caption-text\"><span style=\"font-family: arial, helvetica, sans-serif; font-size: 10px;\">Exemple de travail collaboratif en 1L<\/span><\/figcaption><\/figure>\n<p style=\"text-align: justify;\"><em>Digitalisation : ce mot est sur toutes les l\u00e8vres. Smartphones, tablettes, \u00e9crans interactifs, outils collaboratifs et autres font d\u00e9sormais partie de notre quotidien. Mais, au-del\u00e0 de l\u2019usage personnel que nous en faisons, que peuvent-ils apporter de plus en mati\u00e8re de p\u00e9dagogie\u00a0? Test grandeur nature au Coll\u00e8ge &amp; Lyc\u00e9e Saint-Paul \u00e0 travers l\u2019exp\u00e9rience d\u2019une enseignante et de deux de ses classes.<\/em><\/p>\n<p style=\"text-align: justify;\"><span style=\"font-family: arial, helvetica, sans-serif; color: #333333;\">Rentr\u00e9e 2017\/2018\u00a0: un nouvel outil collaboratif vient enrichir la palette p\u00e9dagogique des enseignants et, par ricochet, celle de leurs \u00e9l\u00e8ves.<\/span><\/p>\n<h2><span style=\"font-family: arial, helvetica, sans-serif; font-size: 16px;\">Exemple de digitalisation : PEARLTREES avec les 1\u00e8re L<\/span><\/h2>\n<p style=\"text-align: justify;\"><span style=\"font-family: arial, helvetica, sans-serif; color: #333333;\">L&#8217;outil permet ainsi aux professeurs de mettre en ligne des ressources \u00e0 disposition de leurs \u00e9l\u00e8ves. Ils peuvent d\u00e8s lors pr\u00e9parer un travail, collaborer par petits groupes, remettre des devoirs, capturer directement des recherches dans leur espace de travail (pages web, son, vid\u00e9o\u2026). Autant de possibilit\u00e9s qui \u00e9largissent les horizons, facilitent le travail et\u00a0 l&#8217;organisation de dossiers.<\/span><\/p>\n<p style=\"text-align: justify;\"><span style=\"font-family: arial, helvetica, sans-serif; color: #333333;\">Au cours de quelques s\u00e9quences, les \u00e9l\u00e8ves de 1<sup>\u00e8re<\/sup> L de Mme Arnaud ont ainsi\u00a0 travaill\u00e9 en petites \u00e9quipes sur un texte de Ronsard\u00a0:<a href=\"http:\/\/www.etudier.com\/dissertations\/Pierre-De-Ronsard-Discours-Des-Mis%C3%A8res\/205793.html\"> <em>\u00ab\u00a0Discours des Mis\u00e8res de ce temps\u00a0\u00bb <\/em><\/a><em>(VV. 115 \u00e0 193)<\/em>.<\/span><\/p>\n<p style=\"text-align: justify;\"><span style=\"font-family: arial, helvetica, sans-serif; color: #333333;\">Chacun a pu r\u00e9fl\u00e9chir sur une des caract\u00e9ristiques propos\u00e9es puis l\u2019ensemble du travail a \u00e9t\u00e9 mis en commun sur Pearltrees. Les \u00e9l\u00e8ves appr\u00e9cient la m\u00e9thode\u00a0:<\/span><\/p>\n<blockquote>\n<p style=\"text-align: justify;\"><span style=\"font-family: arial, helvetica, sans-serif; color: #333333;\">\u00ab\u00a0J\u2019ai bien aim\u00e9, c\u2019\u00e9tait int\u00e9ressant et cela a permis de travailler plus rapidement\u00a0\u00bb<span style=\"font-size: 10px;\"> (Valentine)<\/span>.\u00a0<\/span><\/p>\n<p style=\"text-align: justify;\"><span style=\"font-family: arial, helvetica, sans-serif; color: #333333;\">\u00ab\u00a0[C\u2019est ensuite] plus facile \u00e0 apprendre car nous nous-m\u00eame travaill\u00e9 dessus\u00a0\u00bb <span style=\"font-size: 10px;\">(Myriam)<\/span>.<\/span><\/p>\n<p style=\"text-align: justify;\"><span style=\"font-family: arial, helvetica, sans-serif; color: #333333;\">\u00ab\u00a0Ce n\u2019est pas toujours facile de travailler \u00e0 plusieurs mais c\u2019est int\u00e9ressant et cela all\u00e8ge le travail individuel\u00a0\u00bb <span style=\"font-size: 10px;\">(Myriam)<\/span>.<\/span><\/p>\n<p style=\"text-align: justify;\"><span style=\"font-family: arial, helvetica, sans-serif; color: #333333;\">\u00ab\u00a0[Pearltrees est un] outil simple et efficace pour communiquer facilement (\u2026) mais il faut un certain temps pour exploiter pleinement le potentiel\u00a0\u00bb<span style=\"font-size: 10px;\"> (Valentine)<\/span>.<\/span><\/p>\n<p style=\"text-align: justify;\"><span style=\"font-family: arial, helvetica, sans-serif; color: #333333;\">\u00ab\u00a0Cela nous permet aussi d\u2019acc\u00e9der \u00e0 des ressources d\u2019autres enseignants comme M. Delavaud concernant le cin\u00e9ma\u00a0\u00bb <span style=\"font-size: 10px;\">(Myriam)<\/span>.<\/span><\/p>\n<\/blockquote>\n<figure id=\"attachment_3066\" aria-describedby=\"caption-attachment-3066\" style=\"width: 1014px\" class=\"wp-caption aligncenter\"><a href=\"http:\/\/www.saint-paul-angouleme.fr\/application\/wp-content\/uploads\/2018\/05\/Capture-LA-Pearltrees-oraux.png\"><img loading=\"lazy\" decoding=\"async\" class=\"wp-image-3066 size-large\" title=\"Digitalisation : des oraux du bac \u00e0 disposition pour r\u00e9viser\" src=\"http:\/\/www.saint-paul-angouleme.fr\/application\/wp-content\/uploads\/2018\/05\/Capture-LA-Pearltrees-oraux-1024x519.png\" alt=\"Digitalisation : des oraux du bac \u00e0 disposition pour r\u00e9viser\" width=\"1024\" height=\"519\" data-id=\"3066\" srcset=\"https:\/\/www.saint-paul-angouleme.fr\/application\/wp-content\/uploads\/2018\/05\/Capture-LA-Pearltrees-oraux-1024x519.png 1024w, https:\/\/www.saint-paul-angouleme.fr\/application\/wp-content\/uploads\/2018\/05\/Capture-LA-Pearltrees-oraux-300x152.png 300w, https:\/\/www.saint-paul-angouleme.fr\/application\/wp-content\/uploads\/2018\/05\/Capture-LA-Pearltrees-oraux-768x389.png 768w, https:\/\/www.saint-paul-angouleme.fr\/application\/wp-content\/uploads\/2018\/05\/Capture-LA-Pearltrees-oraux.png 1824w\" sizes=\"(max-width: 1024px) 100vw, 1024px\" \/><\/a><figcaption id=\"caption-attachment-3066\" class=\"wp-caption-text\"><span style=\"font-family: arial, helvetica, sans-serif; font-size: 10px;\">Ressources pour le Bac 1STL<\/span><\/figcaption><\/figure>\n<h2><span style=\"font-family: arial, helvetica, sans-serif; font-size: 16px;\">Autre exemple de digitalisation : Smartphone et enregistrement audio en 1<sup>\u00e8re<\/sup> STL<\/span><\/h2>\n<p style=\"text-align: justify;\"><span style=\"font-family: arial, helvetica, sans-serif; color: #333333;\">L\u2019utilisation conjointe du smartphone (et son enregistreur) et de Pearltrees permet aux \u00e9l\u00e8ves de se pr\u00e9parer aux oraux du Baccalaur\u00e9at en condition r\u00e9elle.<\/span><\/p>\n<p style=\"text-align: justify;\"><span style=\"font-family: arial, helvetica, sans-serif; color: #333333;\">Sur la base du volontariat, ces devoirs \u00ab\u00a0bonus\u00a0\u00bb facilitent l\u2019aisance \u00e0 l\u2019oral. Cet entrainement compl\u00e8te les oraux blancs \u00ab\u00a0en pr\u00e9sentiel\u00a0\u00bb gr\u00e2ce \u00e0 l\u2019entrainement \u00e0 la lecture du texte et \u00e0 la r\u00e9ponse \u00e0 une probl\u00e9matique dans un expos\u00e9 oral. Les productions les plus adapt\u00e9es sont ensuite plac\u00e9es comme ressource pour les r\u00e9visions.<\/span><\/p>\n<p style=\"text-align: justify;\"><span style=\"font-family: arial, helvetica, sans-serif; color: #333333;\">Un bon moyen d\u2019optimiser le travail collectif\u00a0: les \u00e9l\u00e8ves appr\u00e9cient\u00a0! Les enseignants, eux, ne manquent pas d&#8217;imagination pour aller encore plus loin dans la d\u00e9marche.<\/span><\/p>\n<p>&nbsp;<\/p>\n<!--[if lt IE 9]><script>document.createElement('audio');<\/script><![endif]-->\n\t<div class=\"wp-playlist wp-audio-playlist wp-playlist-light\">\n\t\t\t<div class=\"wp-playlist-current-item\"><\/div>\n\t\t<audio controls=\"controls\" preload=\"none\" width=\"1178\"\n\t\t\t><\/audio>\n\t<div class=\"wp-playlist-next\"><\/div>\n\t<div class=\"wp-playlist-prev\"><\/div>\n\t<noscript>\n\t<ol>\n\t\t<li><a href='https:\/\/www.saint-paul-angouleme.fr\/application\/wp-content\/uploads\/2018\/05\/Marivaux-LIle-des-esclaves.m4a'>Marivaux LIle des esclaves<\/a><\/li><li><a href='https:\/\/www.saint-paul-angouleme.fr\/application\/wp-content\/uploads\/2018\/05\/Ionesco-Rhinoceros.m4a'>Ionesco Rhinoceros<\/a><\/li>\t<\/ol>\n\t<\/noscript>\n\t<script type=\"application\/json\" class=\"wp-playlist-script\">{\"type\":\"audio\",\"tracklist\":true,\"tracknumbers\":true,\"images\":true,\"artists\":true,\"tracks\":[{\"src\":\"https:\\\/\\\/www.saint-paul-angouleme.fr\\\/application\\\/wp-content\\\/uploads\\\/2018\\\/05\\\/Marivaux-LIle-des-esclaves.m4a\",\"type\":\"audio\\\/mpeg\",\"title\":\"Marivaux LIle des esclaves\",\"caption\":\"\",\"description\":\"<i>Marivaux LIle des esclaves<\\\/i>.\",\"meta\":{\"length_formatted\":\"11:53\"},\"image\":{\"src\":\"https:\\\/\\\/www.saint-paul-angouleme.fr\\\/application\\\/wp-includes\\\/images\\\/media\\\/audio.svg\",\"width\":48,\"height\":64},\"thumb\":{\"src\":\"https:\\\/\\\/www.saint-paul-angouleme.fr\\\/application\\\/wp-includes\\\/images\\\/media\\\/audio.svg\",\"width\":48,\"height\":64}},{\"src\":\"https:\\\/\\\/www.saint-paul-angouleme.fr\\\/application\\\/wp-content\\\/uploads\\\/2018\\\/05\\\/Ionesco-Rhinoceros.m4a\",\"type\":\"audio\\\/mpeg\",\"title\":\"Ionesco Rhinoceros\",\"caption\":\"\",\"description\":\"<i>Ionesco Rhinoceros<\\\/i>.\",\"meta\":{\"length_formatted\":\"7:14\"},\"image\":{\"src\":\"https:\\\/\\\/www.saint-paul-angouleme.fr\\\/application\\\/wp-includes\\\/images\\\/media\\\/audio.svg\",\"width\":48,\"height\":64},\"thumb\":{\"src\":\"https:\\\/\\\/www.saint-paul-angouleme.fr\\\/application\\\/wp-includes\\\/images\\\/media\\\/audio.svg\",\"width\":48,\"height\":64}}]}<\/script>\n<\/div>\n\t\n<figure id=\"attachment_3068\" aria-describedby=\"caption-attachment-3068\" style=\"width: 1014px\" class=\"wp-caption aligncenter\"><a href=\"http:\/\/www.saint-paul-angouleme.fr\/application\/wp-content\/uploads\/2018\/05\/Article-Pearltrees-Sud-Ouest-du-21-03-2018-Palmar\u00e8s-des-lyc\u00e9es.bmp\"><img loading=\"lazy\" decoding=\"async\" class=\"wp-image-3068\" title=\"Digitalisation de la p\u00e9dagogie avec Pearltrees\" src=\"http:\/\/www.saint-paul-angouleme.fr\/application\/wp-content\/uploads\/2018\/05\/Article-Pearltrees-Sud-Ouest-du-21-03-2018-Palmar\u00e8s-des-lyc\u00e9es.bmp\" alt=\"Digitalisation de la p\u00e9dagogie avec Pearltrees\" width=\"1024\" height=\"587\" data-id=\"3068\" \/><\/a><figcaption id=\"caption-attachment-3068\" class=\"wp-caption-text\"><span style=\"font-size: 10px; font-family: arial, helvetica, sans-serif;\">Article &#8216;Sud-Ouest&#8217; 21 mars 2018<\/span><\/figcaption><\/figure>\n","protected":false},"excerpt":{"rendered":"<p>Digitalisation : ce mot est sur toutes les l\u00e8vres. Smartphones, tablettes, \u00e9crans interactifs, outils collaboratifs et autres font d\u00e9sormais partie de notre quotidien. Mais, au-del\u00e0 de l\u2019usage personnel que nous en faisons, que peuvent-ils apporter de plus en mati\u00e8re de p\u00e9dagogie\u00a0? Test grandeur nature au Coll\u00e8ge &amp; Lyc\u00e9e Saint-Paul \u00e0 travers l\u2019exp\u00e9rience d\u2019une enseignante et &#8230; <a title=\"Des technologies digitales au service de la p\u00e9dagogie\" class=\"read-more\" href=\"https:\/\/www.saint-paul-angouleme.fr\/application\/des-technologies-digitales-au-service-de-la-pedagogie\/\" aria-label=\"Read more about Des technologies digitales au service de la p\u00e9dagogie\">Lire la suite<\/a><\/p>\n","protected":false},"author":3,"featured_media":0,"comment_status":"open","ping_status":"open","sticky":false,"template":"","format":"standard","meta":{"_exactmetrics_skip_tracking":false,"_exactmetrics_sitenote_active":false,"_exactmetrics_sitenote_note":"","_exactmetrics_sitenote_category":0,"footnotes":""},"categories":[13],"tags":[245,247,246,244,248],"class_list":["post-3059","post","type-post","status-publish","format-standard","hentry","category-pedagogie","tag-digital","tag-oraux-du-bac","tag-pearltrees","tag-pedagogie","tag-revisions-francais"],"yoast_head":"<!-- This site is optimized with the Yoast SEO plugin v23.3 - https:\/\/yoast.com\/wordpress\/plugins\/seo\/ -->\n<title>Digitalisation : outils et supports collaboratifs pour se pr\u00e9parer au bac<\/title>\n<meta name=\"description\" content=\"Dans un monde o\u00f9 la digitalisation prend de plus en plus d&#039;ampleur, il est important d&#039;utiliser les technologies utilis\u00e9es par nos \u00e9l\u00e8ves. Tout en restant dans leur univers les enseignants peuvent facilement les rejoindre et m\u00eame aller plus loin gr\u00e2ce aux outils collaboratifs. Un exemple ici.\" \/>\n<meta name=\"robots\" content=\"index, follow, max-snippet:-1, max-image-preview:large, max-video-preview:-1\" \/>\n<link rel=\"canonical\" href=\"https:\/\/www.saint-paul-angouleme.fr\/application\/des-technologies-digitales-au-service-de-la-pedagogie\/\" \/>\n<meta property=\"og:locale\" content=\"fr_FR\" \/>\n<meta property=\"og:type\" content=\"article\" \/>\n<meta property=\"og:title\" content=\"Digitalisation : outils et supports collaboratifs pour se pr\u00e9parer au bac\" \/>\n<meta property=\"og:description\" content=\"Dans un monde o\u00f9 la digitalisation prend de plus en plus d&#039;ampleur, il est important d&#039;utiliser les technologies utilis\u00e9es par nos \u00e9l\u00e8ves. Tout en restant dans leur univers les enseignants peuvent facilement les rejoindre et m\u00eame aller plus loin gr\u00e2ce aux outils collaboratifs. Un exemple ici.\" \/>\n<meta property=\"og:url\" content=\"https:\/\/www.saint-paul-angouleme.fr\/application\/des-technologies-digitales-au-service-de-la-pedagogie\/\" \/>\n<meta property=\"og:site_name\" content=\"Actualit\u00e9s\" \/>\n<meta property=\"article:publisher\" content=\"https:\/\/www.facebook.com\/SaintPaulAngouleme16\/\" \/>\n<meta property=\"article:published_time\" content=\"2018-05-18T17:30:20+00:00\" \/>\n<meta property=\"article:modified_time\" content=\"2018-05-29T13:15:19+00:00\" \/>\n<meta property=\"og:image\" content=\"http:\/\/www.saint-paul-angouleme.fr\/application\/wp-content\/uploads\/2018\/05\/Capture-LA-Pearltrees-Ronsard-1024x513.png\" \/>\n<meta name=\"author\" content=\"SAINT-PAUL\" \/>\n<meta name=\"twitter:card\" content=\"summary_large_image\" \/>\n<meta name=\"twitter:creator\" content=\"@StPaulAngoulem\" \/>\n<meta name=\"twitter:site\" content=\"@StPaulAngoulem\" \/>\n<meta name=\"twitter:label1\" content=\"\u00c9crit par\" \/>\n\t<meta name=\"twitter:data1\" content=\"SAINT-PAUL\" \/>\n\t<meta name=\"twitter:label2\" content=\"Dur\u00e9e de lecture estim\u00e9e\" \/>\n\t<meta name=\"twitter:data2\" content=\"2 minutes\" \/>\n<script type=\"application\/ld+json\" class=\"yoast-schema-graph\">{\"@context\":\"https:\/\/schema.org\",\"@graph\":[{\"@type\":\"Article\",\"@id\":\"https:\/\/www.saint-paul-angouleme.fr\/application\/des-technologies-digitales-au-service-de-la-pedagogie\/#article\",\"isPartOf\":{\"@id\":\"https:\/\/www.saint-paul-angouleme.fr\/application\/des-technologies-digitales-au-service-de-la-pedagogie\/\"},\"author\":{\"name\":\"SAINT-PAUL\",\"@id\":\"https:\/\/www.saint-paul-angouleme.fr\/application\/#\/schema\/person\/ea152930b1a3823659065827b1a5fb9b\"},\"headline\":\"Des technologies digitales au service de la p\u00e9dagogie\",\"datePublished\":\"2018-05-18T17:30:20+00:00\",\"dateModified\":\"2018-05-29T13:15:19+00:00\",\"mainEntityOfPage\":{\"@id\":\"https:\/\/www.saint-paul-angouleme.fr\/application\/des-technologies-digitales-au-service-de-la-pedagogie\/\"},\"wordCount\":496,\"commentCount\":0,\"publisher\":{\"@id\":\"https:\/\/www.saint-paul-angouleme.fr\/application\/#organization\"},\"image\":{\"@id\":\"https:\/\/www.saint-paul-angouleme.fr\/application\/des-technologies-digitales-au-service-de-la-pedagogie\/#primaryimage\"},\"thumbnailUrl\":\"http:\/\/www.saint-paul-angouleme.fr\/application\/wp-content\/uploads\/2018\/05\/Capture-LA-Pearltrees-Ronsard-1024x513.png\",\"keywords\":[\"Digital\",\"oraux du bac\",\"Pearltrees\",\"P\u00e9dagogie\",\"r\u00e9visions fran\u00e7ais\"],\"articleSection\":[\"P\u00e9dagogie\"],\"inLanguage\":\"fr-FR\",\"potentialAction\":[{\"@type\":\"CommentAction\",\"name\":\"Comment\",\"target\":[\"https:\/\/www.saint-paul-angouleme.fr\/application\/des-technologies-digitales-au-service-de-la-pedagogie\/#respond\"]}]},{\"@type\":\"WebPage\",\"@id\":\"https:\/\/www.saint-paul-angouleme.fr\/application\/des-technologies-digitales-au-service-de-la-pedagogie\/\",\"url\":\"https:\/\/www.saint-paul-angouleme.fr\/application\/des-technologies-digitales-au-service-de-la-pedagogie\/\",\"name\":\"Digitalisation : outils et supports collaboratifs pour se pr\u00e9parer au bac\",\"isPartOf\":{\"@id\":\"https:\/\/www.saint-paul-angouleme.fr\/application\/#website\"},\"primaryImageOfPage\":{\"@id\":\"https:\/\/www.saint-paul-angouleme.fr\/application\/des-technologies-digitales-au-service-de-la-pedagogie\/#primaryimage\"},\"image\":{\"@id\":\"https:\/\/www.saint-paul-angouleme.fr\/application\/des-technologies-digitales-au-service-de-la-pedagogie\/#primaryimage\"},\"thumbnailUrl\":\"http:\/\/www.saint-paul-angouleme.fr\/application\/wp-content\/uploads\/2018\/05\/Capture-LA-Pearltrees-Ronsard-1024x513.png\",\"datePublished\":\"2018-05-18T17:30:20+00:00\",\"dateModified\":\"2018-05-29T13:15:19+00:00\",\"description\":\"Dans un monde o\u00f9 la digitalisation prend de plus en plus d'ampleur, il est important d'utiliser les technologies utilis\u00e9es par nos \u00e9l\u00e8ves. Tout en restant dans leur univers les enseignants peuvent facilement les rejoindre et m\u00eame aller plus loin gr\u00e2ce aux outils collaboratifs. Un exemple ici.\",\"breadcrumb\":{\"@id\":\"https:\/\/www.saint-paul-angouleme.fr\/application\/des-technologies-digitales-au-service-de-la-pedagogie\/#breadcrumb\"},\"inLanguage\":\"fr-FR\",\"potentialAction\":[{\"@type\":\"ReadAction\",\"target\":[\"https:\/\/www.saint-paul-angouleme.fr\/application\/des-technologies-digitales-au-service-de-la-pedagogie\/\"]}]},{\"@type\":\"ImageObject\",\"inLanguage\":\"fr-FR\",\"@id\":\"https:\/\/www.saint-paul-angouleme.fr\/application\/des-technologies-digitales-au-service-de-la-pedagogie\/#primaryimage\",\"url\":\"https:\/\/www.saint-paul-angouleme.fr\/application\/wp-content\/uploads\/2018\/05\/Capture-LA-Pearltrees-Ronsard.png\",\"contentUrl\":\"https:\/\/www.saint-paul-angouleme.fr\/application\/wp-content\/uploads\/2018\/05\/Capture-LA-Pearltrees-Ronsard.png\",\"width\":1843,\"height\":924},{\"@type\":\"BreadcrumbList\",\"@id\":\"https:\/\/www.saint-paul-angouleme.fr\/application\/des-technologies-digitales-au-service-de-la-pedagogie\/#breadcrumb\",\"itemListElement\":[{\"@type\":\"ListItem\",\"position\":1,\"name\":\"Accueil\",\"item\":\"http:\/\/www.saint-paul-angouleme.fr\/application\/\"},{\"@type\":\"ListItem\",\"position\":2,\"name\":\"Des technologies digitales au service de la p\u00e9dagogie\"}]},{\"@type\":\"WebSite\",\"@id\":\"https:\/\/www.saint-paul-angouleme.fr\/application\/#website\",\"url\":\"https:\/\/www.saint-paul-angouleme.fr\/application\/\",\"name\":\"Actualit\u00e9s\",\"description\":\"Actualit\u00e9s Saint Paul\",\"publisher\":{\"@id\":\"https:\/\/www.saint-paul-angouleme.fr\/application\/#organization\"},\"potentialAction\":[{\"@type\":\"SearchAction\",\"target\":{\"@type\":\"EntryPoint\",\"urlTemplate\":\"https:\/\/www.saint-paul-angouleme.fr\/application\/?s={search_term_string}\"},\"query-input\":\"required name=search_term_string\"}],\"inLanguage\":\"fr-FR\"},{\"@type\":\"Organization\",\"@id\":\"https:\/\/www.saint-paul-angouleme.fr\/application\/#organization\",\"name\":\"Ensemble scolaire Saint-Paul\",\"url\":\"https:\/\/www.saint-paul-angouleme.fr\/application\/\",\"logo\":{\"@type\":\"ImageObject\",\"inLanguage\":\"fr-FR\",\"@id\":\"https:\/\/www.saint-paul-angouleme.fr\/application\/#\/schema\/logo\/image\/\",\"url\":\"https:\/\/www.saint-paul-angouleme.fr\/application\/wp-content\/uploads\/2018\/08\/logo-saint-paul-couleurs.jpg\",\"contentUrl\":\"https:\/\/www.saint-paul-angouleme.fr\/application\/wp-content\/uploads\/2018\/08\/logo-saint-paul-couleurs.jpg\",\"width\":1890,\"height\":709,\"caption\":\"Ensemble scolaire Saint-Paul\"},\"image\":{\"@id\":\"https:\/\/www.saint-paul-angouleme.fr\/application\/#\/schema\/logo\/image\/\"},\"sameAs\":[\"https:\/\/www.facebook.com\/SaintPaulAngouleme16\/\",\"https:\/\/x.com\/StPaulAngoulem\",\"https:\/\/www.youtube.com\/channel\/UCRLpz1CmPVqc0gn--YyXvjA?view_as=subscriber\"]},{\"@type\":\"Person\",\"@id\":\"https:\/\/www.saint-paul-angouleme.fr\/application\/#\/schema\/person\/ea152930b1a3823659065827b1a5fb9b\",\"name\":\"SAINT-PAUL\",\"image\":{\"@type\":\"ImageObject\",\"inLanguage\":\"fr-FR\",\"@id\":\"https:\/\/www.saint-paul-angouleme.fr\/application\/#\/schema\/person\/image\/\",\"url\":\"https:\/\/secure.gravatar.com\/avatar\/eadb0ffebc02683a61d69038eb2924f0?s=96&r=g\",\"contentUrl\":\"https:\/\/secure.gravatar.com\/avatar\/eadb0ffebc02683a61d69038eb2924f0?s=96&r=g\",\"caption\":\"SAINT-PAUL\"},\"url\":\"https:\/\/www.saint-paul-angouleme.fr\/application\/author\/myriam\/\"}]}<\/script>\n<!-- \/ Yoast SEO plugin. -->","yoast_head_json":{"title":"Digitalisation : outils et supports collaboratifs pour se pr\u00e9parer au bac","description":"Dans un monde o\u00f9 la digitalisation prend de plus en plus d'ampleur, il est important d'utiliser les technologies utilis\u00e9es par nos \u00e9l\u00e8ves. Tout en restant dans leur univers les enseignants peuvent facilement les rejoindre et m\u00eame aller plus loin gr\u00e2ce aux outils collaboratifs. Un exemple ici.","robots":{"index":"index","follow":"follow","max-snippet":"max-snippet:-1","max-image-preview":"max-image-preview:large","max-video-preview":"max-video-preview:-1"},"canonical":"https:\/\/www.saint-paul-angouleme.fr\/application\/des-technologies-digitales-au-service-de-la-pedagogie\/","og_locale":"fr_FR","og_type":"article","og_title":"Digitalisation : outils et supports collaboratifs pour se pr\u00e9parer au bac","og_description":"Dans un monde o\u00f9 la digitalisation prend de plus en plus d'ampleur, il est important d'utiliser les technologies utilis\u00e9es par nos \u00e9l\u00e8ves. Tout en restant dans leur univers les enseignants peuvent facilement les rejoindre et m\u00eame aller plus loin gr\u00e2ce aux outils collaboratifs. Un exemple ici.","og_url":"https:\/\/www.saint-paul-angouleme.fr\/application\/des-technologies-digitales-au-service-de-la-pedagogie\/","og_site_name":"Actualit\u00e9s","article_publisher":"https:\/\/www.facebook.com\/SaintPaulAngouleme16\/","article_published_time":"2018-05-18T17:30:20+00:00","article_modified_time":"2018-05-29T13:15:19+00:00","og_image":[{"url":"http:\/\/www.saint-paul-angouleme.fr\/application\/wp-content\/uploads\/2018\/05\/Capture-LA-Pearltrees-Ronsard-1024x513.png"}],"author":"SAINT-PAUL","twitter_card":"summary_large_image","twitter_creator":"@StPaulAngoulem","twitter_site":"@StPaulAngoulem","twitter_misc":{"\u00c9crit par":"SAINT-PAUL","Dur\u00e9e de lecture estim\u00e9e":"2 minutes"},"schema":{"@context":"https:\/\/schema.org","@graph":[{"@type":"Article","@id":"https:\/\/www.saint-paul-angouleme.fr\/application\/des-technologies-digitales-au-service-de-la-pedagogie\/#article","isPartOf":{"@id":"https:\/\/www.saint-paul-angouleme.fr\/application\/des-technologies-digitales-au-service-de-la-pedagogie\/"},"author":{"name":"SAINT-PAUL","@id":"https:\/\/www.saint-paul-angouleme.fr\/application\/#\/schema\/person\/ea152930b1a3823659065827b1a5fb9b"},"headline":"Des technologies digitales au service de la p\u00e9dagogie","datePublished":"2018-05-18T17:30:20+00:00","dateModified":"2018-05-29T13:15:19+00:00","mainEntityOfPage":{"@id":"https:\/\/www.saint-paul-angouleme.fr\/application\/des-technologies-digitales-au-service-de-la-pedagogie\/"},"wordCount":496,"commentCount":0,"publisher":{"@id":"https:\/\/www.saint-paul-angouleme.fr\/application\/#organization"},"image":{"@id":"https:\/\/www.saint-paul-angouleme.fr\/application\/des-technologies-digitales-au-service-de-la-pedagogie\/#primaryimage"},"thumbnailUrl":"http:\/\/www.saint-paul-angouleme.fr\/application\/wp-content\/uploads\/2018\/05\/Capture-LA-Pearltrees-Ronsard-1024x513.png","keywords":["Digital","oraux du bac","Pearltrees","P\u00e9dagogie","r\u00e9visions fran\u00e7ais"],"articleSection":["P\u00e9dagogie"],"inLanguage":"fr-FR","potentialAction":[{"@type":"CommentAction","name":"Comment","target":["https:\/\/www.saint-paul-angouleme.fr\/application\/des-technologies-digitales-au-service-de-la-pedagogie\/#respond"]}]},{"@type":"WebPage","@id":"https:\/\/www.saint-paul-angouleme.fr\/application\/des-technologies-digitales-au-service-de-la-pedagogie\/","url":"https:\/\/www.saint-paul-angouleme.fr\/application\/des-technologies-digitales-au-service-de-la-pedagogie\/","name":"Digitalisation : outils et supports collaboratifs pour se pr\u00e9parer au bac","isPartOf":{"@id":"https:\/\/www.saint-paul-angouleme.fr\/application\/#website"},"primaryImageOfPage":{"@id":"https:\/\/www.saint-paul-angouleme.fr\/application\/des-technologies-digitales-au-service-de-la-pedagogie\/#primaryimage"},"image":{"@id":"https:\/\/www.saint-paul-angouleme.fr\/application\/des-technologies-digitales-au-service-de-la-pedagogie\/#primaryimage"},"thumbnailUrl":"http:\/\/www.saint-paul-angouleme.fr\/application\/wp-content\/uploads\/2018\/05\/Capture-LA-Pearltrees-Ronsard-1024x513.png","datePublished":"2018-05-18T17:30:20+00:00","dateModified":"2018-05-29T13:15:19+00:00","description":"Dans un monde o\u00f9 la digitalisation prend de plus en plus d'ampleur, il est important d'utiliser les technologies utilis\u00e9es par nos \u00e9l\u00e8ves. Tout en restant dans leur univers les enseignants peuvent facilement les rejoindre et m\u00eame aller plus loin gr\u00e2ce aux outils collaboratifs. Un exemple ici.","breadcrumb":{"@id":"https:\/\/www.saint-paul-angouleme.fr\/application\/des-technologies-digitales-au-service-de-la-pedagogie\/#breadcrumb"},"inLanguage":"fr-FR","potentialAction":[{"@type":"ReadAction","target":["https:\/\/www.saint-paul-angouleme.fr\/application\/des-technologies-digitales-au-service-de-la-pedagogie\/"]}]},{"@type":"ImageObject","inLanguage":"fr-FR","@id":"https:\/\/www.saint-paul-angouleme.fr\/application\/des-technologies-digitales-au-service-de-la-pedagogie\/#primaryimage","url":"https:\/\/www.saint-paul-angouleme.fr\/application\/wp-content\/uploads\/2018\/05\/Capture-LA-Pearltrees-Ronsard.png","contentUrl":"https:\/\/www.saint-paul-angouleme.fr\/application\/wp-content\/uploads\/2018\/05\/Capture-LA-Pearltrees-Ronsard.png","width":1843,"height":924},{"@type":"BreadcrumbList","@id":"https:\/\/www.saint-paul-angouleme.fr\/application\/des-technologies-digitales-au-service-de-la-pedagogie\/#breadcrumb","itemListElement":[{"@type":"ListItem","position":1,"name":"Accueil","item":"http:\/\/www.saint-paul-angouleme.fr\/application\/"},{"@type":"ListItem","position":2,"name":"Des technologies digitales au service de la p\u00e9dagogie"}]},{"@type":"WebSite","@id":"https:\/\/www.saint-paul-angouleme.fr\/application\/#website","url":"https:\/\/www.saint-paul-angouleme.fr\/application\/","name":"Actualit\u00e9s","description":"Actualit\u00e9s Saint Paul","publisher":{"@id":"https:\/\/www.saint-paul-angouleme.fr\/application\/#organization"},"potentialAction":[{"@type":"SearchAction","target":{"@type":"EntryPoint","urlTemplate":"https:\/\/www.saint-paul-angouleme.fr\/application\/?s={search_term_string}"},"query-input":"required name=search_term_string"}],"inLanguage":"fr-FR"},{"@type":"Organization","@id":"https:\/\/www.saint-paul-angouleme.fr\/application\/#organization","name":"Ensemble scolaire Saint-Paul","url":"https:\/\/www.saint-paul-angouleme.fr\/application\/","logo":{"@type":"ImageObject","inLanguage":"fr-FR","@id":"https:\/\/www.saint-paul-angouleme.fr\/application\/#\/schema\/logo\/image\/","url":"https:\/\/www.saint-paul-angouleme.fr\/application\/wp-content\/uploads\/2018\/08\/logo-saint-paul-couleurs.jpg","contentUrl":"https:\/\/www.saint-paul-angouleme.fr\/application\/wp-content\/uploads\/2018\/08\/logo-saint-paul-couleurs.jpg","width":1890,"height":709,"caption":"Ensemble scolaire Saint-Paul"},"image":{"@id":"https:\/\/www.saint-paul-angouleme.fr\/application\/#\/schema\/logo\/image\/"},"sameAs":["https:\/\/www.facebook.com\/SaintPaulAngouleme16\/","https:\/\/x.com\/StPaulAngoulem","https:\/\/www.youtube.com\/channel\/UCRLpz1CmPVqc0gn--YyXvjA?view_as=subscriber"]},{"@type":"Person","@id":"https:\/\/www.saint-paul-angouleme.fr\/application\/#\/schema\/person\/ea152930b1a3823659065827b1a5fb9b","name":"SAINT-PAUL","image":{"@type":"ImageObject","inLanguage":"fr-FR","@id":"https:\/\/www.saint-paul-angouleme.fr\/application\/#\/schema\/person\/image\/","url":"https:\/\/secure.gravatar.com\/avatar\/eadb0ffebc02683a61d69038eb2924f0?s=96&r=g","contentUrl":"https:\/\/secure.gravatar.com\/avatar\/eadb0ffebc02683a61d69038eb2924f0?s=96&r=g","caption":"SAINT-PAUL"},"url":"https:\/\/www.saint-paul-angouleme.fr\/application\/author\/myriam\/"}]}},"_links":{"self":[{"href":"https:\/\/www.saint-paul-angouleme.fr\/application\/wp-json\/wp\/v2\/posts\/3059"}],"collection":[{"href":"https:\/\/www.saint-paul-angouleme.fr\/application\/wp-json\/wp\/v2\/posts"}],"about":[{"href":"https:\/\/www.saint-paul-angouleme.fr\/application\/wp-json\/wp\/v2\/types\/post"}],"author":[{"embeddable":true,"href":"https:\/\/www.saint-paul-angouleme.fr\/application\/wp-json\/wp\/v2\/users\/3"}],"replies":[{"embeddable":true,"href":"https:\/\/www.saint-paul-angouleme.fr\/application\/wp-json\/wp\/v2\/comments?post=3059"}],"version-history":[{"count":22,"href":"https:\/\/www.saint-paul-angouleme.fr\/application\/wp-json\/wp\/v2\/posts\/3059\/revisions"}],"predecessor-version":[{"id":3095,"href":"https:\/\/www.saint-paul-angouleme.fr\/application\/wp-json\/wp\/v2\/posts\/3059\/revisions\/3095"}],"wp:attachment":[{"href":"https:\/\/www.saint-paul-angouleme.fr\/application\/wp-json\/wp\/v2\/media?parent=3059"}],"wp:term":[{"taxonomy":"category","embeddable":true,"href":"https:\/\/www.saint-paul-angouleme.fr\/application\/wp-json\/wp\/v2\/categories?post=3059"},{"taxonomy":"post_tag","embeddable":true,"href":"https:\/\/www.saint-paul-angouleme.fr\/application\/wp-json\/wp\/v2\/tags?post=3059"}],"curies":[{"name":"wp","href":"https:\/\/api.w.org\/{rel}","templated":true}]}}