{"id":298,"date":"2017-03-17T14:44:02","date_gmt":"2017-03-17T13:44:02","guid":{"rendered":"http:\/\/www.saint-paul-angouleme.fr\/application\/?p=298"},"modified":"2017-03-21T20:11:54","modified_gmt":"2017-03-21T19:11:54","slug":"la-carence-des-enseignants-suppleants-une-impasse-nationale","status":"publish","type":"post","link":"https:\/\/www.saint-paul-angouleme.fr\/application\/la-carence-des-enseignants-suppleants-une-impasse-nationale\/","title":{"rendered":"La carence des enseignants suppl\u00e9ants : une impasse nationale"},"content":{"rendered":"<p style=\"text-align: justify;\"><span style=\"color: #333333; font-family: verdana,geneva,sans-serif; font-size: 20px;\">Comme\u00a0des familles l\u2019ont constat\u00e9, nous rencontrons des difficult\u00e9s pour faire en sorte que les heures manqu\u00e9es par les \u00e9l\u00e8ves du fait de l\u2019absence des enseignants soient assur\u00e9es par des professeurs suppl\u00e9ants. <\/span><span style=\"color: #333333; font-family: verdana,geneva,sans-serif; font-size: 20px;\">Pr\u00e9cisons les contours de la probl\u00e9matique\u00a0: il n\u2019est pas pertinent d\u2019interroger d\u2019abord les motifs d\u2019absence des professeurs. Gr\u00e2ce \u00e0 l\u2019APEL, l\u2019\u00e9tablissement multiplie les occasions d\u2019expliquer et d\u2019informer. Les enseignants sont de plus en plus sollicit\u00e9s au-del\u00e0 de leur mission p\u00e9dagogique en \u00ab\u00a0face-\u00e0-face\u00a0\u00bb. Par ailleurs, il est bien naturel qu\u2019une personne souffrant d\u2019une maladie puisse b\u00e9n\u00e9ficier d\u2019un arr\u00eat de travail.<\/span><\/p>\n<p style=\"text-align: justify;\"><strong><span style=\"color: #333333; font-family: verdana,geneva,sans-serif; font-size: 20px;\">Il est en revanche essentiel de comprendre pourquoi notre syst\u00e8me \u00e9ducatif souffre cruellement du manque de suppl\u00e9ants\u00a0:<\/span><\/strong><\/p>\n<p style=\"text-align: justify;\"><span style=\"color: #333333; font-family: verdana,geneva,sans-serif; font-size: 20px;\">&#8211;\u00a0Un grand nombre de postes non pourvus par des titulaires en d\u00e9but d\u2019ann\u00e9e sont pourvus par des suppl\u00e9ants, ce qui diminue d\u2019autant leur vivier.<\/span><\/p>\n<p style=\"text-align: justify;\"><span style=\"color: #333333; font-family: verdana,geneva,sans-serif; font-size: 20px;\">&#8211;\u00a0La r\u00e9mun\u00e9ration des professeurs suppl\u00e9ants reste tr\u00e8s faible, ce qui ne rend justice ni \u00e0 leur formation initiale, identique \u00e0 celle des titulaires, ni \u00e0 leurs comp\u00e9tences. Celles-ci sont pourtant reconnues lors des \u00e9valuations aux examens nationaux, o\u00f9 les suppl\u00e9ants sont sollicit\u00e9s comme leurs coll\u00e8gues titulaires.<\/span><\/p>\n<p style=\"text-align: justify;\"><span style=\"color: #333333; font-family: verdana,geneva,sans-serif; font-size: 20px;\">&#8211;\u00a0Les dispositions et d\u00e9crets ant\u00e9rieurs permettant certains assouplissements favorables \u00e0 l\u2019installation des suppl\u00e9ants sont in\u00e9galement appliqu\u00e9s sur le territoire. La Cour des comptes a transmis fin 2016 un r\u00e9f\u00e9r\u00e9, fond\u00e9 sur des \u00e9l\u00e9ments chiffr\u00e9s, au Minist\u00e8re de l\u2019Education nationale.<\/span><\/p>\n<p style=\"text-align: justify;\"><span style=\"color: #333333; font-family: verdana,geneva,sans-serif; font-size: 20px;\">Enfin, il est attest\u00e9 que les professeurs suppl\u00e9ants de l\u2019Enseignement catholique b\u00e9n\u00e9ficient d\u2019une r\u00e9mun\u00e9ration sensiblement inf\u00e9rieure \u00e0 celle de leurs coll\u00e8gues de l\u2019Enseignement public.<\/span><\/p>\n<p style=\"text-align: justify;\"><span style=\"color: #333333; font-family: verdana,geneva,sans-serif; font-size: 20px;\">Monsieur Pascal Balmand, Secr\u00e9taire g\u00e9n\u00e9ral de l\u2019Enseignement catholique, n\u2019a pas manqu\u00e9 d\u2019alerter clairement Madame la Ministre de l\u2019Education nationale. Sur le plan acad\u00e9mique, Monsieur Charles Chollet, Secr\u00e9taire g\u00e9n\u00e9ral acad\u00e9mique de l\u2019Enseignement catholique et les chefs d\u2019\u00e9tablissement viennent de conclure une d\u00e9marche volontariste en direction de Madame la Rectrice. Nous avons l\u2019espoir qu\u2019\u00e0 moyen terme la situation puisse s\u2019am\u00e9liorer.<\/span><\/p>\n<p style=\"text-align: justify;\"><span style=\"color: #333333; font-family: verdana,geneva,sans-serif; font-size: 20px;\"><strong>Dans l\u2019imm\u00e9diat, Saint-Paul a d\u00e9cid\u00e9 d\u2019innover<\/strong>, tout en maintenant les circuits institutionnels de recrutement des suppl\u00e9ants. Nous avons contact\u00e9 toutes les familles, faisant ainsi appel aux parents titulaires des titres universitaires requis. Au regard du nombre de\u00a0 familles de notre ensemble scolaire, environ 1500, cela s\u2019est av\u00e9r\u00e9 efficace \u00e0 deux reprises (Lettres, Allemand). Ce lien nouveau, d\u00e9j\u00e0 initi\u00e9 dans le cas fr\u00e9quent o\u00f9 un(e) enseignant(e) de Saint-Paul a choisi d\u2019y inscrire ses enfants, renforce notre projet d\u2019\u00e9tablissement, qui laisse une large place \u00e0 la \u00ab\u00a0co-construction\u00a0\u00bb entre familles et communaut\u00e9 professionnelle.<\/span><\/p>\n<p style=\"text-align: right;\"><span style=\"font-size: 16px;\"><span style=\"color: #333333; font-family: verdana,geneva,sans-serif;\">M. Fran\u00e7ois Constantin, <\/span><span style=\"color: #333333; font-family: verdana,geneva,sans-serif;\">Chef\u00a0 d\u2019\u00e9tablissement <\/span><span style=\"color: #333333; font-family: verdana,geneva,sans-serif;\">Saint-Paul Angoul\u00eame<\/span><\/span><\/p>\n<p>&nbsp;<\/p>\n<p style=\"text-align: center;\"><strong><span style=\"color: #de984b;\">Lettre de Monsieur Pascal BALMAND, <\/span><\/strong><\/p>\n<p style=\"text-align: center;\"><strong><span style=\"color: #de984b;\">Secr\u00e9taire G\u00e9n\u00e9ral de l&#8217;Enseignement Catholique :<\/span><\/strong><\/p>\n<iframe src=\"\/\/docs.google.com\/viewer?url=http%3A%2F%2Fwww.saint-paul-angouleme.fr%2Fapplication%2Fwp-content%2Fuploads%2F2017%2F03%2FLettre-SGEC-%C3%A0-NVB_Suppleants.pdf&hl=fr&embedded=true\" class=\"gde-frame\" style=\"width:100%; height:500px; border: none;\" scrolling=\"no\"><\/iframe>\n<p class=\"gde-text\"><a href=\"http:\/\/www.saint-paul-angouleme.fr\/application\/wp-content\/uploads\/2017\/03\/Lettre-SGEC-\u00e0-NVB_Suppleants.pdf\" class=\"gde-link\">T\u00e9l\u00e9charger (PDF, 55KB)<\/a><\/p>\n<p>&nbsp;<\/p>\n<p style=\"text-align: center;\"><strong><span style=\"color: #de984b;\">Article du journal &#8220;les ECHOS&#8221; du\u00a09 mars 2017 :<\/span><\/strong><\/p>\n<iframe src=\"\/\/docs.google.com\/viewer?url=http%3A%2F%2Fwww.saint-paul-angouleme.fr%2Fapplication%2Fwp-content%2Fuploads%2F2017%2F03%2FLes-ECHOS-9-mars-2017.pdf&hl=fr&embedded=true\" class=\"gde-frame\" style=\"width:100%; height:500px; border: none;\" scrolling=\"no\"><\/iframe>\n<p class=\"gde-text\"><a href=\"http:\/\/www.saint-paul-angouleme.fr\/application\/wp-content\/uploads\/2017\/03\/Les-ECHOS-9-mars-2017.pdf\" class=\"gde-link\">T\u00e9l\u00e9charger (PDF, 660KB)<\/a><\/p>\n<p>&nbsp;<\/p>\n<p style=\"text-align: center;\"><strong><span style=\"color: #de984b;\">R\u00e9f\u00e9r\u00e9 de la &#8220;Cour des Comptes&#8221; de d\u00e9cembre 2016 :<\/span><\/strong><\/p>\n<iframe src=\"\/\/docs.google.com\/viewer?url=http%3A%2F%2Fwww.saint-paul-angouleme.fr%2Fapplication%2Fwp-content%2Fuploads%2F2017%2F03%2FCour-des-comptes-dispositif-remplacement-enseignants.pdf&hl=fr&embedded=true\" class=\"gde-frame\" style=\"width:100%; height:500px; border: none;\" scrolling=\"no\"><\/iframe>\n<p class=\"gde-text\"><a href=\"http:\/\/www.saint-paul-angouleme.fr\/application\/wp-content\/uploads\/2017\/03\/Cour-des-comptes-dispositif-remplacement-enseignants.pdf\" class=\"gde-link\">T\u00e9l\u00e9charger (PDF, 2.11MB)<\/a><\/p>\n","protected":false},"excerpt":{"rendered":"<p>Comme\u00a0des familles l\u2019ont constat\u00e9, nous rencontrons des difficult\u00e9s pour faire en sorte que les heures manqu\u00e9es par les \u00e9l\u00e8ves du fait de l\u2019absence des enseignants soient assur\u00e9es par des professeurs suppl\u00e9ants. Pr\u00e9cisons les contours de la probl\u00e9matique\u00a0: il n\u2019est pas pertinent d\u2019interroger d\u2019abord les motifs d\u2019absence des professeurs. Gr\u00e2ce \u00e0 l\u2019APEL, l\u2019\u00e9tablissement multiplie les occasions &#8230; <a title=\"La carence des enseignants suppl\u00e9ants : une impasse nationale\" class=\"read-more\" href=\"https:\/\/www.saint-paul-angouleme.fr\/application\/la-carence-des-enseignants-suppleants-une-impasse-nationale\/\" aria-label=\"Read more about La carence des enseignants suppl\u00e9ants : une impasse nationale\">Lire la suite<\/a><\/p>\n","protected":false},"author":3,"featured_media":0,"comment_status":"open","ping_status":"open","sticky":false,"template":"","format":"standard","meta":{"_exactmetrics_skip_tracking":false,"_exactmetrics_sitenote_active":false,"_exactmetrics_sitenote_note":"","_exactmetrics_sitenote_category":0,"footnotes":""},"categories":[11],"tags":[],"class_list":["post-298","post","type-post","status-publish","format-standard","hentry","category-pour-aller-plus-loin"],"yoast_head":"<!-- This site is optimized with the Yoast SEO plugin v23.3 - https:\/\/yoast.com\/wordpress\/plugins\/seo\/ -->\n<title>La carence des enseignants suppl\u00e9ants : une impasse nationale - Actualit\u00e9s<\/title>\n<meta name=\"robots\" content=\"index, follow, max-snippet:-1, max-image-preview:large, max-video-preview:-1\" \/>\n<link rel=\"canonical\" href=\"https:\/\/www.saint-paul-angouleme.fr\/application\/la-carence-des-enseignants-suppleants-une-impasse-nationale\/\" \/>\n<meta property=\"og:locale\" content=\"fr_FR\" \/>\n<meta property=\"og:type\" content=\"article\" \/>\n<meta property=\"og:title\" content=\"La carence des enseignants suppl\u00e9ants : une impasse nationale - Actualit\u00e9s\" \/>\n<meta property=\"og:description\" content=\"Comme\u00a0des familles l\u2019ont constat\u00e9, nous rencontrons des difficult\u00e9s pour faire en sorte que les heures manqu\u00e9es par les \u00e9l\u00e8ves du fait de l\u2019absence des enseignants soient assur\u00e9es par des professeurs suppl\u00e9ants. Pr\u00e9cisons les contours de la probl\u00e9matique\u00a0: il n\u2019est pas pertinent d\u2019interroger d\u2019abord les motifs d\u2019absence des professeurs. Gr\u00e2ce \u00e0 l\u2019APEL, l\u2019\u00e9tablissement multiplie les occasions ... Lire la suite\" \/>\n<meta property=\"og:url\" content=\"https:\/\/www.saint-paul-angouleme.fr\/application\/la-carence-des-enseignants-suppleants-une-impasse-nationale\/\" \/>\n<meta property=\"og:site_name\" content=\"Actualit\u00e9s\" \/>\n<meta property=\"article:publisher\" content=\"https:\/\/www.facebook.com\/SaintPaulAngouleme16\/\" \/>\n<meta property=\"article:published_time\" content=\"2017-03-17T13:44:02+00:00\" \/>\n<meta property=\"article:modified_time\" content=\"2017-03-21T19:11:54+00:00\" \/>\n<meta name=\"author\" content=\"SAINT-PAUL\" \/>\n<meta name=\"twitter:card\" content=\"summary_large_image\" \/>\n<meta name=\"twitter:creator\" content=\"@StPaulAngoulem\" \/>\n<meta name=\"twitter:site\" content=\"@StPaulAngoulem\" \/>\n<meta name=\"twitter:label1\" content=\"\u00c9crit par\" \/>\n\t<meta name=\"twitter:data1\" content=\"SAINT-PAUL\" \/>\n\t<meta name=\"twitter:label2\" content=\"Dur\u00e9e de lecture estim\u00e9e\" \/>\n\t<meta name=\"twitter:data2\" content=\"3 minutes\" \/>\n<script type=\"application\/ld+json\" class=\"yoast-schema-graph\">{\"@context\":\"https:\/\/schema.org\",\"@graph\":[{\"@type\":\"Article\",\"@id\":\"https:\/\/www.saint-paul-angouleme.fr\/application\/la-carence-des-enseignants-suppleants-une-impasse-nationale\/#article\",\"isPartOf\":{\"@id\":\"https:\/\/www.saint-paul-angouleme.fr\/application\/la-carence-des-enseignants-suppleants-une-impasse-nationale\/\"},\"author\":{\"name\":\"SAINT-PAUL\",\"@id\":\"https:\/\/www.saint-paul-angouleme.fr\/application\/#\/schema\/person\/ea152930b1a3823659065827b1a5fb9b\"},\"headline\":\"La carence des enseignants suppl\u00e9ants : une impasse nationale\",\"datePublished\":\"2017-03-17T13:44:02+00:00\",\"dateModified\":\"2017-03-21T19:11:54+00:00\",\"mainEntityOfPage\":{\"@id\":\"https:\/\/www.saint-paul-angouleme.fr\/application\/la-carence-des-enseignants-suppleants-une-impasse-nationale\/\"},\"wordCount\":579,\"commentCount\":0,\"publisher\":{\"@id\":\"https:\/\/www.saint-paul-angouleme.fr\/application\/#organization\"},\"articleSection\":[\"Pour aller plus loin\"],\"inLanguage\":\"fr-FR\",\"potentialAction\":[{\"@type\":\"CommentAction\",\"name\":\"Comment\",\"target\":[\"https:\/\/www.saint-paul-angouleme.fr\/application\/la-carence-des-enseignants-suppleants-une-impasse-nationale\/#respond\"]}]},{\"@type\":\"WebPage\",\"@id\":\"https:\/\/www.saint-paul-angouleme.fr\/application\/la-carence-des-enseignants-suppleants-une-impasse-nationale\/\",\"url\":\"https:\/\/www.saint-paul-angouleme.fr\/application\/la-carence-des-enseignants-suppleants-une-impasse-nationale\/\",\"name\":\"La carence des enseignants suppl\u00e9ants : une impasse nationale - Actualit\u00e9s\",\"isPartOf\":{\"@id\":\"https:\/\/www.saint-paul-angouleme.fr\/application\/#website\"},\"datePublished\":\"2017-03-17T13:44:02+00:00\",\"dateModified\":\"2017-03-21T19:11:54+00:00\",\"breadcrumb\":{\"@id\":\"https:\/\/www.saint-paul-angouleme.fr\/application\/la-carence-des-enseignants-suppleants-une-impasse-nationale\/#breadcrumb\"},\"inLanguage\":\"fr-FR\",\"potentialAction\":[{\"@type\":\"ReadAction\",\"target\":[\"https:\/\/www.saint-paul-angouleme.fr\/application\/la-carence-des-enseignants-suppleants-une-impasse-nationale\/\"]}]},{\"@type\":\"BreadcrumbList\",\"@id\":\"https:\/\/www.saint-paul-angouleme.fr\/application\/la-carence-des-enseignants-suppleants-une-impasse-nationale\/#breadcrumb\",\"itemListElement\":[{\"@type\":\"ListItem\",\"position\":1,\"name\":\"Accueil\",\"item\":\"http:\/\/www.saint-paul-angouleme.fr\/application\/\"},{\"@type\":\"ListItem\",\"position\":2,\"name\":\"La carence des enseignants suppl\u00e9ants : une impasse nationale\"}]},{\"@type\":\"WebSite\",\"@id\":\"https:\/\/www.saint-paul-angouleme.fr\/application\/#website\",\"url\":\"https:\/\/www.saint-paul-angouleme.fr\/application\/\",\"name\":\"Actualit\u00e9s\",\"description\":\"Actualit\u00e9s Saint Paul\",\"publisher\":{\"@id\":\"https:\/\/www.saint-paul-angouleme.fr\/application\/#organization\"},\"potentialAction\":[{\"@type\":\"SearchAction\",\"target\":{\"@type\":\"EntryPoint\",\"urlTemplate\":\"https:\/\/www.saint-paul-angouleme.fr\/application\/?s={search_term_string}\"},\"query-input\":\"required name=search_term_string\"}],\"inLanguage\":\"fr-FR\"},{\"@type\":\"Organization\",\"@id\":\"https:\/\/www.saint-paul-angouleme.fr\/application\/#organization\",\"name\":\"Ensemble scolaire Saint-Paul\",\"url\":\"https:\/\/www.saint-paul-angouleme.fr\/application\/\",\"logo\":{\"@type\":\"ImageObject\",\"inLanguage\":\"fr-FR\",\"@id\":\"https:\/\/www.saint-paul-angouleme.fr\/application\/#\/schema\/logo\/image\/\",\"url\":\"https:\/\/www.saint-paul-angouleme.fr\/application\/wp-content\/uploads\/2018\/08\/logo-saint-paul-couleurs.jpg\",\"contentUrl\":\"https:\/\/www.saint-paul-angouleme.fr\/application\/wp-content\/uploads\/2018\/08\/logo-saint-paul-couleurs.jpg\",\"width\":1890,\"height\":709,\"caption\":\"Ensemble scolaire Saint-Paul\"},\"image\":{\"@id\":\"https:\/\/www.saint-paul-angouleme.fr\/application\/#\/schema\/logo\/image\/\"},\"sameAs\":[\"https:\/\/www.facebook.com\/SaintPaulAngouleme16\/\",\"https:\/\/x.com\/StPaulAngoulem\",\"https:\/\/www.youtube.com\/channel\/UCRLpz1CmPVqc0gn--YyXvjA?view_as=subscriber\"]},{\"@type\":\"Person\",\"@id\":\"https:\/\/www.saint-paul-angouleme.fr\/application\/#\/schema\/person\/ea152930b1a3823659065827b1a5fb9b\",\"name\":\"SAINT-PAUL\",\"image\":{\"@type\":\"ImageObject\",\"inLanguage\":\"fr-FR\",\"@id\":\"https:\/\/www.saint-paul-angouleme.fr\/application\/#\/schema\/person\/image\/\",\"url\":\"https:\/\/secure.gravatar.com\/avatar\/eadb0ffebc02683a61d69038eb2924f0?s=96&r=g\",\"contentUrl\":\"https:\/\/secure.gravatar.com\/avatar\/eadb0ffebc02683a61d69038eb2924f0?s=96&r=g\",\"caption\":\"SAINT-PAUL\"},\"url\":\"https:\/\/www.saint-paul-angouleme.fr\/application\/author\/myriam\/\"}]}<\/script>\n<!-- \/ Yoast SEO plugin. -->","yoast_head_json":{"title":"La carence des enseignants suppl\u00e9ants : une impasse nationale - Actualit\u00e9s","robots":{"index":"index","follow":"follow","max-snippet":"max-snippet:-1","max-image-preview":"max-image-preview:large","max-video-preview":"max-video-preview:-1"},"canonical":"https:\/\/www.saint-paul-angouleme.fr\/application\/la-carence-des-enseignants-suppleants-une-impasse-nationale\/","og_locale":"fr_FR","og_type":"article","og_title":"La carence des enseignants suppl\u00e9ants : une impasse nationale - Actualit\u00e9s","og_description":"Comme\u00a0des familles l\u2019ont constat\u00e9, nous rencontrons des difficult\u00e9s pour faire en sorte que les heures manqu\u00e9es par les \u00e9l\u00e8ves du fait de l\u2019absence des enseignants soient assur\u00e9es par des professeurs suppl\u00e9ants. Pr\u00e9cisons les contours de la probl\u00e9matique\u00a0: il n\u2019est pas pertinent d\u2019interroger d\u2019abord les motifs d\u2019absence des professeurs. Gr\u00e2ce \u00e0 l\u2019APEL, l\u2019\u00e9tablissement multiplie les occasions ... Lire la suite","og_url":"https:\/\/www.saint-paul-angouleme.fr\/application\/la-carence-des-enseignants-suppleants-une-impasse-nationale\/","og_site_name":"Actualit\u00e9s","article_publisher":"https:\/\/www.facebook.com\/SaintPaulAngouleme16\/","article_published_time":"2017-03-17T13:44:02+00:00","article_modified_time":"2017-03-21T19:11:54+00:00","author":"SAINT-PAUL","twitter_card":"summary_large_image","twitter_creator":"@StPaulAngoulem","twitter_site":"@StPaulAngoulem","twitter_misc":{"\u00c9crit par":"SAINT-PAUL","Dur\u00e9e de lecture estim\u00e9e":"3 minutes"},"schema":{"@context":"https:\/\/schema.org","@graph":[{"@type":"Article","@id":"https:\/\/www.saint-paul-angouleme.fr\/application\/la-carence-des-enseignants-suppleants-une-impasse-nationale\/#article","isPartOf":{"@id":"https:\/\/www.saint-paul-angouleme.fr\/application\/la-carence-des-enseignants-suppleants-une-impasse-nationale\/"},"author":{"name":"SAINT-PAUL","@id":"https:\/\/www.saint-paul-angouleme.fr\/application\/#\/schema\/person\/ea152930b1a3823659065827b1a5fb9b"},"headline":"La carence des enseignants suppl\u00e9ants : une impasse nationale","datePublished":"2017-03-17T13:44:02+00:00","dateModified":"2017-03-21T19:11:54+00:00","mainEntityOfPage":{"@id":"https:\/\/www.saint-paul-angouleme.fr\/application\/la-carence-des-enseignants-suppleants-une-impasse-nationale\/"},"wordCount":579,"commentCount":0,"publisher":{"@id":"https:\/\/www.saint-paul-angouleme.fr\/application\/#organization"},"articleSection":["Pour aller plus loin"],"inLanguage":"fr-FR","potentialAction":[{"@type":"CommentAction","name":"Comment","target":["https:\/\/www.saint-paul-angouleme.fr\/application\/la-carence-des-enseignants-suppleants-une-impasse-nationale\/#respond"]}]},{"@type":"WebPage","@id":"https:\/\/www.saint-paul-angouleme.fr\/application\/la-carence-des-enseignants-suppleants-une-impasse-nationale\/","url":"https:\/\/www.saint-paul-angouleme.fr\/application\/la-carence-des-enseignants-suppleants-une-impasse-nationale\/","name":"La carence des enseignants suppl\u00e9ants : une impasse nationale - Actualit\u00e9s","isPartOf":{"@id":"https:\/\/www.saint-paul-angouleme.fr\/application\/#website"},"datePublished":"2017-03-17T13:44:02+00:00","dateModified":"2017-03-21T19:11:54+00:00","breadcrumb":{"@id":"https:\/\/www.saint-paul-angouleme.fr\/application\/la-carence-des-enseignants-suppleants-une-impasse-nationale\/#breadcrumb"},"inLanguage":"fr-FR","potentialAction":[{"@type":"ReadAction","target":["https:\/\/www.saint-paul-angouleme.fr\/application\/la-carence-des-enseignants-suppleants-une-impasse-nationale\/"]}]},{"@type":"BreadcrumbList","@id":"https:\/\/www.saint-paul-angouleme.fr\/application\/la-carence-des-enseignants-suppleants-une-impasse-nationale\/#breadcrumb","itemListElement":[{"@type":"ListItem","position":1,"name":"Accueil","item":"http:\/\/www.saint-paul-angouleme.fr\/application\/"},{"@type":"ListItem","position":2,"name":"La carence des enseignants suppl\u00e9ants : une impasse nationale"}]},{"@type":"WebSite","@id":"https:\/\/www.saint-paul-angouleme.fr\/application\/#website","url":"https:\/\/www.saint-paul-angouleme.fr\/application\/","name":"Actualit\u00e9s","description":"Actualit\u00e9s Saint Paul","publisher":{"@id":"https:\/\/www.saint-paul-angouleme.fr\/application\/#organization"},"potentialAction":[{"@type":"SearchAction","target":{"@type":"EntryPoint","urlTemplate":"https:\/\/www.saint-paul-angouleme.fr\/application\/?s={search_term_string}"},"query-input":"required name=search_term_string"}],"inLanguage":"fr-FR"},{"@type":"Organization","@id":"https:\/\/www.saint-paul-angouleme.fr\/application\/#organization","name":"Ensemble scolaire Saint-Paul","url":"https:\/\/www.saint-paul-angouleme.fr\/application\/","logo":{"@type":"ImageObject","inLanguage":"fr-FR","@id":"https:\/\/www.saint-paul-angouleme.fr\/application\/#\/schema\/logo\/image\/","url":"https:\/\/www.saint-paul-angouleme.fr\/application\/wp-content\/uploads\/2018\/08\/logo-saint-paul-couleurs.jpg","contentUrl":"https:\/\/www.saint-paul-angouleme.fr\/application\/wp-content\/uploads\/2018\/08\/logo-saint-paul-couleurs.jpg","width":1890,"height":709,"caption":"Ensemble scolaire Saint-Paul"},"image":{"@id":"https:\/\/www.saint-paul-angouleme.fr\/application\/#\/schema\/logo\/image\/"},"sameAs":["https:\/\/www.facebook.com\/SaintPaulAngouleme16\/","https:\/\/x.com\/StPaulAngoulem","https:\/\/www.youtube.com\/channel\/UCRLpz1CmPVqc0gn--YyXvjA?view_as=subscriber"]},{"@type":"Person","@id":"https:\/\/www.saint-paul-angouleme.fr\/application\/#\/schema\/person\/ea152930b1a3823659065827b1a5fb9b","name":"SAINT-PAUL","image":{"@type":"ImageObject","inLanguage":"fr-FR","@id":"https:\/\/www.saint-paul-angouleme.fr\/application\/#\/schema\/person\/image\/","url":"https:\/\/secure.gravatar.com\/avatar\/eadb0ffebc02683a61d69038eb2924f0?s=96&r=g","contentUrl":"https:\/\/secure.gravatar.com\/avatar\/eadb0ffebc02683a61d69038eb2924f0?s=96&r=g","caption":"SAINT-PAUL"},"url":"https:\/\/www.saint-paul-angouleme.fr\/application\/author\/myriam\/"}]}},"_links":{"self":[{"href":"https:\/\/www.saint-paul-angouleme.fr\/application\/wp-json\/wp\/v2\/posts\/298"}],"collection":[{"href":"https:\/\/www.saint-paul-angouleme.fr\/application\/wp-json\/wp\/v2\/posts"}],"about":[{"href":"https:\/\/www.saint-paul-angouleme.fr\/application\/wp-json\/wp\/v2\/types\/post"}],"author":[{"embeddable":true,"href":"https:\/\/www.saint-paul-angouleme.fr\/application\/wp-json\/wp\/v2\/users\/3"}],"replies":[{"embeddable":true,"href":"https:\/\/www.saint-paul-angouleme.fr\/application\/wp-json\/wp\/v2\/comments?post=298"}],"version-history":[{"count":16,"href":"https:\/\/www.saint-paul-angouleme.fr\/application\/wp-json\/wp\/v2\/posts\/298\/revisions"}],"predecessor-version":[{"id":329,"href":"https:\/\/www.saint-paul-angouleme.fr\/application\/wp-json\/wp\/v2\/posts\/298\/revisions\/329"}],"wp:attachment":[{"href":"https:\/\/www.saint-paul-angouleme.fr\/application\/wp-json\/wp\/v2\/media?parent=298"}],"wp:term":[{"taxonomy":"category","embeddable":true,"href":"https:\/\/www.saint-paul-angouleme.fr\/application\/wp-json\/wp\/v2\/categories?post=298"},{"taxonomy":"post_tag","embeddable":true,"href":"https:\/\/www.saint-paul-angouleme.fr\/application\/wp-json\/wp\/v2\/tags?post=298"}],"curies":[{"name":"wp","href":"https:\/\/api.w.org\/{rel}","templated":true}]}}