{"id":2963,"date":"2018-04-12T11:46:43","date_gmt":"2018-04-12T09:46:43","guid":{"rendered":"http:\/\/www.saint-paul-angouleme.fr\/application\/?p=2963"},"modified":"2018-04-12T11:51:57","modified_gmt":"2018-04-12T09:51:57","slug":"des-exposes-dynamiques-pour-decouvrir-le-moyen-age","status":"publish","type":"post","link":"https:\/\/www.saint-paul-angouleme.fr\/application\/des-exposes-dynamiques-pour-decouvrir-le-moyen-age\/","title":{"rendered":"Des expos\u00e9s dynamiques pour d\u00e9couvrir le Moyen-Age"},"content":{"rendered":"<p><a href=\"http:\/\/www.saint-paul-angouleme.fr\/application\/wp-content\/uploads\/2018\/04\/de7336598c2813d75fea6d0b816416ae.jpg\"><img loading=\"lazy\" decoding=\"async\" class=\"aligncenter size-full wp-image-2967\" src=\"http:\/\/www.saint-paul-angouleme.fr\/application\/wp-content\/uploads\/2018\/04\/de7336598c2813d75fea6d0b816416ae.jpg\" alt=\"\" width=\"462\" height=\"640\" data-id=\"2967\" srcset=\"https:\/\/www.saint-paul-angouleme.fr\/application\/wp-content\/uploads\/2018\/04\/de7336598c2813d75fea6d0b816416ae.jpg 462w, https:\/\/www.saint-paul-angouleme.fr\/application\/wp-content\/uploads\/2018\/04\/de7336598c2813d75fea6d0b816416ae-217x300.jpg 217w\" sizes=\"(max-width: 462px) 100vw, 462px\" \/><\/a><\/p>\n<p style=\"text-align: justify;\"><span style=\"color: #333333;\"><span style=\"font-family: arial, helvetica, sans-serif;\">Chacun de nous a connu ou connait encore les fameux expos\u00e9s qu&#8217;il faut faire en classe devant ses camarades. <\/span><\/span><span style=\"color: #333333;\"><span style=\"font-family: arial, helvetica, sans-serif;\">Exercice pas toujours facile pour celui qui d\u00e9veloppe la th\u00e9matique et parfois r\u00e9barbatif pour celui qui patiemment \u00e9coute l&#8217;orateur. <\/span><\/span><\/p>\n<p style=\"text-align: justify;\"><span style=\"color: #333333;\"><span style=\"font-family: arial, helvetica, sans-serif;\">Les outils actuels permettent de rendre plus dynamiques ces pr\u00e9sentations. C&#8217;est ce que Mme IMPERAT a propos\u00e9 \u00e0 ses \u00e9l\u00e8ves : travailler en petites \u00e9quipes de deux ou trois personnes. Th\u00e8me : &#8220;Moyen-Age et chevalerie&#8221; : de quoi prendre plaisir \u00e0 d\u00e9couvrir une p\u00e9riode riche et passionnante. Ce travail permet aussi d&#8217;explorer diff\u00e9rents domaines d&#8217;enseignement : rechercher des informations dans diff\u00e9rents types de m\u00e9dias, travailler en \u00e9quipe et utiliser des outils num\u00e9riques pour r\u00e9aliser une production. Les objectifs sont clairs : INT\u00c9RESSER et APPRENDRE.<\/span><\/span><\/p>\n<p style=\"text-align: justify;\"><span style=\"font-family: arial, helvetica, sans-serif; color: #333333;\">Les \u00e9l\u00e8ves ont appr\u00e9ci\u00e9 ce travail qui leur a permis d&#8217;explorer de nouveaux supports et d&#8217;utiliser des techniques modernes, faciles \u00e0 utiliser et attractive pour les auditeurs. Les diaporamas ont \u00e9t\u00e9 bien travaill\u00e9s, en voici un aper\u00e7u gr\u00e2ce \u00e0 un montage vid\u00e9o :<\/span><\/p>\n<p><strong><span style=\"font-family: arial, helvetica, sans-serif;\">Concernant les chevaliers :<\/span><\/strong><\/p>\n<div class=\"arve\" data-mode=\"normal\" data-oembed=\"1\" data-provider=\"youtube\" id=\"arve-youtube-op5gpov24s8\">\n<div class=\"arve-inner\">\n<div class=\"arve-embed arve-embed--has-aspect-ratio\" style=\"aspect-ratio: 4 \/ 3\">\n<span class=\"arve-ar\" style=\"padding-top:75.000000%\"><\/span><iframe credentialless referrerpolicy=\"strict-origin-when-cross-origin\" allow=\"accelerometer &#039;none&#039;;ambient-light-sensor &#039;none&#039;;autoplay &#039;none&#039;;battery &#039;none&#039;;bluetooth &#039;none&#039;;browsing-topics &#039;none&#039;;camera &#039;none&#039;;ch-ua &#039;none&#039;;clipboard-read &#039;none&#039;;clipboard-write;display-capture &#039;none&#039;;document-domain &#039;none&#039;;domain-agent &#039;none&#039;;encrypted-media &#039;none&#039;;execution-while-not-rendered &#039;none&#039;;execution-while-out-of-viewport &#039;none&#039;;gamepad &#039;none&#039;;geolocation &#039;none&#039;;gyroscope &#039;none&#039;;hid &#039;none&#039;;identity-credentials-get &#039;none&#039;;idle-detection &#039;none&#039;;keyboard-map &#039;none&#039;;local-fonts &#039;none&#039;;magnetometer &#039;none&#039;;microphone &#039;none&#039;;midi &#039;none&#039;;navigation-override &#039;none&#039;;otp-credentials &#039;none&#039;;payment &#039;none&#039;;picture-in-picture;publickey-credentials-create &#039;none&#039;;publickey-credentials-get &#039;none&#039;;screen-wake-lock &#039;none&#039;;serial &#039;none&#039;;speaker-selection;sync-xhr &#039;none&#039;;usb &#039;none&#039;;web-share;window-management &#039;none&#039;;xr-spatial-tracking &#039;none&#039;;\" allowfullscreen class=\"arve-iframe fitvidsignore\" data-arve=\"arve-youtube-op5gpov24s8\" data-src-no-ap=\"https:\/\/www.youtube-nocookie.com\/embed\/op5GpOV24S8?feature=oembed&amp;iv_load_policy=3&amp;modestbranding=1&amp;rel=0&amp;autohide=1&amp;playsinline=0&amp;autoplay=0\" frameborder=\"0\" height=\"0\" name sandbox=\"allow-scripts allow-same-origin allow-presentation allow-popups allow-popups-to-escape-sandbox\" scrolling=\"no\" src=\"https:\/\/www.youtube-nocookie.com\/embed\/op5GpOV24S8?feature=oembed&#038;iv_load_policy=3&#038;modestbranding=1&#038;rel=0&#038;autohide=1&#038;playsinline=0&#038;autoplay=0\" width=\"0\" title loading=\"lazy\"><\/iframe><\/p>\n<\/div>\n<\/div>\n<p><script type=\"application\/ld+json\">{\"@context\":\"http:\\\/\\\/schema.org\\\/\",\"@id\":\"https:\\\/\\\/www.saint-paul-angouleme.fr\\\/application\\\/des-exposes-dynamiques-pour-decouvrir-le-moyen-age\\\/#arve-youtube-op5gpov24s8\",\"type\":\"VideoObject\",\"embedURL\":\"https:\\\/\\\/www.youtube-nocookie.com\\\/embed\\\/op5GpOV24S8?feature=oembed&iv_load_policy=3&modestbranding=1&rel=0&autohide=1&playsinline=0&autoplay=0\"}<\/script>\n<\/div>\n<p>&nbsp;<\/p>\n<p><span style=\"font-family: arial, helvetica, sans-serif;\"><strong>Concernant les femmes au Moyen-Age :<\/strong><\/span><\/p>\n<div class=\"arve\" data-mode=\"normal\" data-oembed=\"1\" data-provider=\"youtube\" id=\"arve-youtube-nfrjmbta8uo\">\n<div class=\"arve-inner\">\n<div class=\"arve-embed arve-embed--has-aspect-ratio\" style=\"aspect-ratio: 4 \/ 3\">\n<span class=\"arve-ar\" style=\"padding-top:75.000000%\"><\/span><iframe credentialless referrerpolicy=\"strict-origin-when-cross-origin\" allow=\"accelerometer &#039;none&#039;;ambient-light-sensor &#039;none&#039;;autoplay &#039;none&#039;;battery &#039;none&#039;;bluetooth &#039;none&#039;;browsing-topics &#039;none&#039;;camera &#039;none&#039;;ch-ua &#039;none&#039;;clipboard-read &#039;none&#039;;clipboard-write;display-capture &#039;none&#039;;document-domain &#039;none&#039;;domain-agent &#039;none&#039;;encrypted-media &#039;none&#039;;execution-while-not-rendered &#039;none&#039;;execution-while-out-of-viewport &#039;none&#039;;gamepad &#039;none&#039;;geolocation &#039;none&#039;;gyroscope &#039;none&#039;;hid &#039;none&#039;;identity-credentials-get &#039;none&#039;;idle-detection &#039;none&#039;;keyboard-map &#039;none&#039;;local-fonts &#039;none&#039;;magnetometer &#039;none&#039;;microphone &#039;none&#039;;midi &#039;none&#039;;navigation-override &#039;none&#039;;otp-credentials &#039;none&#039;;payment &#039;none&#039;;picture-in-picture;publickey-credentials-create &#039;none&#039;;publickey-credentials-get &#039;none&#039;;screen-wake-lock &#039;none&#039;;serial &#039;none&#039;;speaker-selection;sync-xhr &#039;none&#039;;usb &#039;none&#039;;web-share;window-management &#039;none&#039;;xr-spatial-tracking &#039;none&#039;;\" allowfullscreen class=\"arve-iframe fitvidsignore\" data-arve=\"arve-youtube-nfrjmbta8uo\" data-src-no-ap=\"https:\/\/www.youtube-nocookie.com\/embed\/nFrJMbta8Uo?feature=oembed&amp;iv_load_policy=3&amp;modestbranding=1&amp;rel=0&amp;autohide=1&amp;playsinline=0&amp;autoplay=0\" frameborder=\"0\" height=\"0\" name sandbox=\"allow-scripts allow-same-origin allow-presentation allow-popups allow-popups-to-escape-sandbox\" scrolling=\"no\" src=\"https:\/\/www.youtube-nocookie.com\/embed\/nFrJMbta8Uo?feature=oembed&#038;iv_load_policy=3&#038;modestbranding=1&#038;rel=0&#038;autohide=1&#038;playsinline=0&#038;autoplay=0\" width=\"0\" title loading=\"lazy\"><\/iframe><\/p>\n<\/div>\n<\/div>\n<p><script type=\"application\/ld+json\">{\"@context\":\"http:\\\/\\\/schema.org\\\/\",\"@id\":\"https:\\\/\\\/www.saint-paul-angouleme.fr\\\/application\\\/des-exposes-dynamiques-pour-decouvrir-le-moyen-age\\\/#arve-youtube-nfrjmbta8uo\",\"type\":\"VideoObject\",\"embedURL\":\"https:\\\/\\\/www.youtube-nocookie.com\\\/embed\\\/nFrJMbta8Uo?feature=oembed&iv_load_policy=3&modestbranding=1&rel=0&autohide=1&playsinline=0&autoplay=0\"}<\/script>\n<\/div>\n<p style=\"text-align: justify;\"><span style=\"font-family: arial, helvetica, sans-serif; color: #333333;\">Un grand bravo \u00e0 eux et \u00e0 leur professeure pour le travail r\u00e9alis\u00e9 !<\/span><\/p>\n<p style=\"text-align: justify;\"><span style=\"color: #333333;\"><span style=\"font-family: arial, helvetica, sans-serif;\">\u00a0\u00a0 \u00a0 \u00a0 \u00a0 \u00a0 \u00a0<\/span><\/span><\/p>\n","protected":false},"excerpt":{"rendered":"<p>Chacun de nous a connu ou connait encore les fameux expos\u00e9s qu&#8217;il faut faire en classe devant ses camarades. Exercice pas toujours facile pour celui qui d\u00e9veloppe la th\u00e9matique et parfois r\u00e9barbatif pour celui qui patiemment \u00e9coute l&#8217;orateur. Les outils actuels permettent de rendre plus dynamiques ces pr\u00e9sentations. C&#8217;est ce que Mme IMPERAT a propos\u00e9 &#8230; <a title=\"Des expos\u00e9s dynamiques pour d\u00e9couvrir le Moyen-Age\" class=\"read-more\" href=\"https:\/\/www.saint-paul-angouleme.fr\/application\/des-exposes-dynamiques-pour-decouvrir-le-moyen-age\/\" aria-label=\"Read more about Des expos\u00e9s dynamiques pour d\u00e9couvrir le Moyen-Age\">Lire la suite<\/a><\/p>\n","protected":false},"author":3,"featured_media":0,"comment_status":"open","ping_status":"open","sticky":false,"template":"","format":"standard","meta":{"_exactmetrics_skip_tracking":false,"_exactmetrics_sitenote_active":false,"_exactmetrics_sitenote_note":"","_exactmetrics_sitenote_category":0,"footnotes":""},"categories":[13],"tags":[230,228,232,233,36,231,229],"class_list":["post-2963","post","type-post","status-publish","format-standard","hentry","category-pedagogie","tag-chevalerie","tag-exposes","tag-femmes-au-moyen-age","tag-lancelot","tag-moyen-age","tag-perceval","tag-power-point"],"yoast_head":"<!-- This site is optimized with the Yoast SEO plugin v23.3 - https:\/\/yoast.com\/wordpress\/plugins\/seo\/ -->\n<title>Des expos\u00e9s dynamiques pour d\u00e9couvrir le Moyen-Age - Actualit\u00e9s<\/title>\n<meta name=\"robots\" content=\"index, follow, max-snippet:-1, max-image-preview:large, max-video-preview:-1\" \/>\n<link rel=\"canonical\" href=\"https:\/\/www.saint-paul-angouleme.fr\/application\/des-exposes-dynamiques-pour-decouvrir-le-moyen-age\/\" \/>\n<meta property=\"og:locale\" content=\"fr_FR\" \/>\n<meta property=\"og:type\" content=\"article\" \/>\n<meta property=\"og:title\" content=\"Des expos\u00e9s dynamiques pour d\u00e9couvrir le Moyen-Age - Actualit\u00e9s\" \/>\n<meta property=\"og:description\" content=\"Chacun de nous a connu ou connait encore les fameux expos\u00e9s qu&#8217;il faut faire en classe devant ses camarades. Exercice pas toujours facile pour celui qui d\u00e9veloppe la th\u00e9matique et parfois r\u00e9barbatif pour celui qui patiemment \u00e9coute l&#8217;orateur. Les outils actuels permettent de rendre plus dynamiques ces pr\u00e9sentations. C&#8217;est ce que Mme IMPERAT a propos\u00e9 ... Lire la suite\" \/>\n<meta property=\"og:url\" content=\"https:\/\/www.saint-paul-angouleme.fr\/application\/des-exposes-dynamiques-pour-decouvrir-le-moyen-age\/\" \/>\n<meta property=\"og:site_name\" content=\"Actualit\u00e9s\" \/>\n<meta property=\"article:publisher\" content=\"https:\/\/www.facebook.com\/SaintPaulAngouleme16\/\" \/>\n<meta property=\"article:published_time\" content=\"2018-04-12T09:46:43+00:00\" \/>\n<meta property=\"article:modified_time\" content=\"2018-04-12T09:51:57+00:00\" \/>\n<meta property=\"og:image\" content=\"http:\/\/www.saint-paul-angouleme.fr\/application\/wp-content\/uploads\/2018\/04\/de7336598c2813d75fea6d0b816416ae.jpg\" \/>\n<meta name=\"author\" content=\"SAINT-PAUL\" \/>\n<meta name=\"twitter:card\" content=\"summary_large_image\" \/>\n<meta name=\"twitter:creator\" content=\"@StPaulAngoulem\" \/>\n<meta name=\"twitter:site\" content=\"@StPaulAngoulem\" \/>\n<meta name=\"twitter:label1\" content=\"\u00c9crit par\" \/>\n\t<meta name=\"twitter:data1\" content=\"SAINT-PAUL\" \/>\n\t<meta name=\"twitter:label2\" content=\"Dur\u00e9e de lecture estim\u00e9e\" \/>\n\t<meta name=\"twitter:data2\" content=\"1 minute\" \/>\n<script type=\"application\/ld+json\" class=\"yoast-schema-graph\">{\"@context\":\"https:\/\/schema.org\",\"@graph\":[{\"@type\":\"Article\",\"@id\":\"https:\/\/www.saint-paul-angouleme.fr\/application\/des-exposes-dynamiques-pour-decouvrir-le-moyen-age\/#article\",\"isPartOf\":{\"@id\":\"https:\/\/www.saint-paul-angouleme.fr\/application\/des-exposes-dynamiques-pour-decouvrir-le-moyen-age\/\"},\"author\":{\"name\":\"SAINT-PAUL\",\"@id\":\"https:\/\/www.saint-paul-angouleme.fr\/application\/#\/schema\/person\/ea152930b1a3823659065827b1a5fb9b\"},\"headline\":\"Des expos\u00e9s dynamiques pour d\u00e9couvrir le Moyen-Age\",\"datePublished\":\"2018-04-12T09:46:43+00:00\",\"dateModified\":\"2018-04-12T09:51:57+00:00\",\"mainEntityOfPage\":{\"@id\":\"https:\/\/www.saint-paul-angouleme.fr\/application\/des-exposes-dynamiques-pour-decouvrir-le-moyen-age\/\"},\"wordCount\":228,\"commentCount\":0,\"publisher\":{\"@id\":\"https:\/\/www.saint-paul-angouleme.fr\/application\/#organization\"},\"image\":{\"@id\":\"https:\/\/www.saint-paul-angouleme.fr\/application\/des-exposes-dynamiques-pour-decouvrir-le-moyen-age\/#primaryimage\"},\"thumbnailUrl\":\"http:\/\/www.saint-paul-angouleme.fr\/application\/wp-content\/uploads\/2018\/04\/de7336598c2813d75fea6d0b816416ae.jpg\",\"keywords\":[\"chevalerie\",\"expos\u00e9s\",\"femmes au Moyen-Age\",\"Lancelot\",\"Moyen-Age\",\"Perceval\",\"Power-Point\"],\"articleSection\":[\"P\u00e9dagogie\"],\"inLanguage\":\"fr-FR\",\"potentialAction\":[{\"@type\":\"CommentAction\",\"name\":\"Comment\",\"target\":[\"https:\/\/www.saint-paul-angouleme.fr\/application\/des-exposes-dynamiques-pour-decouvrir-le-moyen-age\/#respond\"]}]},{\"@type\":\"WebPage\",\"@id\":\"https:\/\/www.saint-paul-angouleme.fr\/application\/des-exposes-dynamiques-pour-decouvrir-le-moyen-age\/\",\"url\":\"https:\/\/www.saint-paul-angouleme.fr\/application\/des-exposes-dynamiques-pour-decouvrir-le-moyen-age\/\",\"name\":\"Des expos\u00e9s dynamiques pour d\u00e9couvrir le Moyen-Age - Actualit\u00e9s\",\"isPartOf\":{\"@id\":\"https:\/\/www.saint-paul-angouleme.fr\/application\/#website\"},\"primaryImageOfPage\":{\"@id\":\"https:\/\/www.saint-paul-angouleme.fr\/application\/des-exposes-dynamiques-pour-decouvrir-le-moyen-age\/#primaryimage\"},\"image\":{\"@id\":\"https:\/\/www.saint-paul-angouleme.fr\/application\/des-exposes-dynamiques-pour-decouvrir-le-moyen-age\/#primaryimage\"},\"thumbnailUrl\":\"http:\/\/www.saint-paul-angouleme.fr\/application\/wp-content\/uploads\/2018\/04\/de7336598c2813d75fea6d0b816416ae.jpg\",\"datePublished\":\"2018-04-12T09:46:43+00:00\",\"dateModified\":\"2018-04-12T09:51:57+00:00\",\"breadcrumb\":{\"@id\":\"https:\/\/www.saint-paul-angouleme.fr\/application\/des-exposes-dynamiques-pour-decouvrir-le-moyen-age\/#breadcrumb\"},\"inLanguage\":\"fr-FR\",\"potentialAction\":[{\"@type\":\"ReadAction\",\"target\":[\"https:\/\/www.saint-paul-angouleme.fr\/application\/des-exposes-dynamiques-pour-decouvrir-le-moyen-age\/\"]}]},{\"@type\":\"ImageObject\",\"inLanguage\":\"fr-FR\",\"@id\":\"https:\/\/www.saint-paul-angouleme.fr\/application\/des-exposes-dynamiques-pour-decouvrir-le-moyen-age\/#primaryimage\",\"url\":\"http:\/\/www.saint-paul-angouleme.fr\/application\/wp-content\/uploads\/2018\/04\/de7336598c2813d75fea6d0b816416ae.jpg\",\"contentUrl\":\"http:\/\/www.saint-paul-angouleme.fr\/application\/wp-content\/uploads\/2018\/04\/de7336598c2813d75fea6d0b816416ae.jpg\"},{\"@type\":\"BreadcrumbList\",\"@id\":\"https:\/\/www.saint-paul-angouleme.fr\/application\/des-exposes-dynamiques-pour-decouvrir-le-moyen-age\/#breadcrumb\",\"itemListElement\":[{\"@type\":\"ListItem\",\"position\":1,\"name\":\"Accueil\",\"item\":\"http:\/\/www.saint-paul-angouleme.fr\/application\/\"},{\"@type\":\"ListItem\",\"position\":2,\"name\":\"Des expos\u00e9s dynamiques pour d\u00e9couvrir le Moyen-Age\"}]},{\"@type\":\"WebSite\",\"@id\":\"https:\/\/www.saint-paul-angouleme.fr\/application\/#website\",\"url\":\"https:\/\/www.saint-paul-angouleme.fr\/application\/\",\"name\":\"Actualit\u00e9s\",\"description\":\"Actualit\u00e9s Saint Paul\",\"publisher\":{\"@id\":\"https:\/\/www.saint-paul-angouleme.fr\/application\/#organization\"},\"potentialAction\":[{\"@type\":\"SearchAction\",\"target\":{\"@type\":\"EntryPoint\",\"urlTemplate\":\"https:\/\/www.saint-paul-angouleme.fr\/application\/?s={search_term_string}\"},\"query-input\":\"required name=search_term_string\"}],\"inLanguage\":\"fr-FR\"},{\"@type\":\"Organization\",\"@id\":\"https:\/\/www.saint-paul-angouleme.fr\/application\/#organization\",\"name\":\"Ensemble scolaire Saint-Paul\",\"url\":\"https:\/\/www.saint-paul-angouleme.fr\/application\/\",\"logo\":{\"@type\":\"ImageObject\",\"inLanguage\":\"fr-FR\",\"@id\":\"https:\/\/www.saint-paul-angouleme.fr\/application\/#\/schema\/logo\/image\/\",\"url\":\"https:\/\/www.saint-paul-angouleme.fr\/application\/wp-content\/uploads\/2018\/08\/logo-saint-paul-couleurs.jpg\",\"contentUrl\":\"https:\/\/www.saint-paul-angouleme.fr\/application\/wp-content\/uploads\/2018\/08\/logo-saint-paul-couleurs.jpg\",\"width\":1890,\"height\":709,\"caption\":\"Ensemble scolaire Saint-Paul\"},\"image\":{\"@id\":\"https:\/\/www.saint-paul-angouleme.fr\/application\/#\/schema\/logo\/image\/\"},\"sameAs\":[\"https:\/\/www.facebook.com\/SaintPaulAngouleme16\/\",\"https:\/\/x.com\/StPaulAngoulem\",\"https:\/\/www.youtube.com\/channel\/UCRLpz1CmPVqc0gn--YyXvjA?view_as=subscriber\"]},{\"@type\":\"Person\",\"@id\":\"https:\/\/www.saint-paul-angouleme.fr\/application\/#\/schema\/person\/ea152930b1a3823659065827b1a5fb9b\",\"name\":\"SAINT-PAUL\",\"image\":{\"@type\":\"ImageObject\",\"inLanguage\":\"fr-FR\",\"@id\":\"https:\/\/www.saint-paul-angouleme.fr\/application\/#\/schema\/person\/image\/\",\"url\":\"https:\/\/secure.gravatar.com\/avatar\/eadb0ffebc02683a61d69038eb2924f0?s=96&r=g\",\"contentUrl\":\"https:\/\/secure.gravatar.com\/avatar\/eadb0ffebc02683a61d69038eb2924f0?s=96&r=g\",\"caption\":\"SAINT-PAUL\"},\"url\":\"https:\/\/www.saint-paul-angouleme.fr\/application\/author\/myriam\/\"}]}<\/script>\n<!-- \/ Yoast SEO plugin. -->","yoast_head_json":{"title":"Des expos\u00e9s dynamiques pour d\u00e9couvrir le Moyen-Age - Actualit\u00e9s","robots":{"index":"index","follow":"follow","max-snippet":"max-snippet:-1","max-image-preview":"max-image-preview:large","max-video-preview":"max-video-preview:-1"},"canonical":"https:\/\/www.saint-paul-angouleme.fr\/application\/des-exposes-dynamiques-pour-decouvrir-le-moyen-age\/","og_locale":"fr_FR","og_type":"article","og_title":"Des expos\u00e9s dynamiques pour d\u00e9couvrir le Moyen-Age - Actualit\u00e9s","og_description":"Chacun de nous a connu ou connait encore les fameux expos\u00e9s qu&#8217;il faut faire en classe devant ses camarades. Exercice pas toujours facile pour celui qui d\u00e9veloppe la th\u00e9matique et parfois r\u00e9barbatif pour celui qui patiemment \u00e9coute l&#8217;orateur. Les outils actuels permettent de rendre plus dynamiques ces pr\u00e9sentations. C&#8217;est ce que Mme IMPERAT a propos\u00e9 ... Lire la suite","og_url":"https:\/\/www.saint-paul-angouleme.fr\/application\/des-exposes-dynamiques-pour-decouvrir-le-moyen-age\/","og_site_name":"Actualit\u00e9s","article_publisher":"https:\/\/www.facebook.com\/SaintPaulAngouleme16\/","article_published_time":"2018-04-12T09:46:43+00:00","article_modified_time":"2018-04-12T09:51:57+00:00","og_image":[{"url":"http:\/\/www.saint-paul-angouleme.fr\/application\/wp-content\/uploads\/2018\/04\/de7336598c2813d75fea6d0b816416ae.jpg"}],"author":"SAINT-PAUL","twitter_card":"summary_large_image","twitter_creator":"@StPaulAngoulem","twitter_site":"@StPaulAngoulem","twitter_misc":{"\u00c9crit par":"SAINT-PAUL","Dur\u00e9e de lecture estim\u00e9e":"1 minute"},"schema":{"@context":"https:\/\/schema.org","@graph":[{"@type":"Article","@id":"https:\/\/www.saint-paul-angouleme.fr\/application\/des-exposes-dynamiques-pour-decouvrir-le-moyen-age\/#article","isPartOf":{"@id":"https:\/\/www.saint-paul-angouleme.fr\/application\/des-exposes-dynamiques-pour-decouvrir-le-moyen-age\/"},"author":{"name":"SAINT-PAUL","@id":"https:\/\/www.saint-paul-angouleme.fr\/application\/#\/schema\/person\/ea152930b1a3823659065827b1a5fb9b"},"headline":"Des expos\u00e9s dynamiques pour d\u00e9couvrir le Moyen-Age","datePublished":"2018-04-12T09:46:43+00:00","dateModified":"2018-04-12T09:51:57+00:00","mainEntityOfPage":{"@id":"https:\/\/www.saint-paul-angouleme.fr\/application\/des-exposes-dynamiques-pour-decouvrir-le-moyen-age\/"},"wordCount":228,"commentCount":0,"publisher":{"@id":"https:\/\/www.saint-paul-angouleme.fr\/application\/#organization"},"image":{"@id":"https:\/\/www.saint-paul-angouleme.fr\/application\/des-exposes-dynamiques-pour-decouvrir-le-moyen-age\/#primaryimage"},"thumbnailUrl":"http:\/\/www.saint-paul-angouleme.fr\/application\/wp-content\/uploads\/2018\/04\/de7336598c2813d75fea6d0b816416ae.jpg","keywords":["chevalerie","expos\u00e9s","femmes au Moyen-Age","Lancelot","Moyen-Age","Perceval","Power-Point"],"articleSection":["P\u00e9dagogie"],"inLanguage":"fr-FR","potentialAction":[{"@type":"CommentAction","name":"Comment","target":["https:\/\/www.saint-paul-angouleme.fr\/application\/des-exposes-dynamiques-pour-decouvrir-le-moyen-age\/#respond"]}]},{"@type":"WebPage","@id":"https:\/\/www.saint-paul-angouleme.fr\/application\/des-exposes-dynamiques-pour-decouvrir-le-moyen-age\/","url":"https:\/\/www.saint-paul-angouleme.fr\/application\/des-exposes-dynamiques-pour-decouvrir-le-moyen-age\/","name":"Des expos\u00e9s dynamiques pour d\u00e9couvrir le Moyen-Age - Actualit\u00e9s","isPartOf":{"@id":"https:\/\/www.saint-paul-angouleme.fr\/application\/#website"},"primaryImageOfPage":{"@id":"https:\/\/www.saint-paul-angouleme.fr\/application\/des-exposes-dynamiques-pour-decouvrir-le-moyen-age\/#primaryimage"},"image":{"@id":"https:\/\/www.saint-paul-angouleme.fr\/application\/des-exposes-dynamiques-pour-decouvrir-le-moyen-age\/#primaryimage"},"thumbnailUrl":"http:\/\/www.saint-paul-angouleme.fr\/application\/wp-content\/uploads\/2018\/04\/de7336598c2813d75fea6d0b816416ae.jpg","datePublished":"2018-04-12T09:46:43+00:00","dateModified":"2018-04-12T09:51:57+00:00","breadcrumb":{"@id":"https:\/\/www.saint-paul-angouleme.fr\/application\/des-exposes-dynamiques-pour-decouvrir-le-moyen-age\/#breadcrumb"},"inLanguage":"fr-FR","potentialAction":[{"@type":"ReadAction","target":["https:\/\/www.saint-paul-angouleme.fr\/application\/des-exposes-dynamiques-pour-decouvrir-le-moyen-age\/"]}]},{"@type":"ImageObject","inLanguage":"fr-FR","@id":"https:\/\/www.saint-paul-angouleme.fr\/application\/des-exposes-dynamiques-pour-decouvrir-le-moyen-age\/#primaryimage","url":"http:\/\/www.saint-paul-angouleme.fr\/application\/wp-content\/uploads\/2018\/04\/de7336598c2813d75fea6d0b816416ae.jpg","contentUrl":"http:\/\/www.saint-paul-angouleme.fr\/application\/wp-content\/uploads\/2018\/04\/de7336598c2813d75fea6d0b816416ae.jpg"},{"@type":"BreadcrumbList","@id":"https:\/\/www.saint-paul-angouleme.fr\/application\/des-exposes-dynamiques-pour-decouvrir-le-moyen-age\/#breadcrumb","itemListElement":[{"@type":"ListItem","position":1,"name":"Accueil","item":"http:\/\/www.saint-paul-angouleme.fr\/application\/"},{"@type":"ListItem","position":2,"name":"Des expos\u00e9s dynamiques pour d\u00e9couvrir le Moyen-Age"}]},{"@type":"WebSite","@id":"https:\/\/www.saint-paul-angouleme.fr\/application\/#website","url":"https:\/\/www.saint-paul-angouleme.fr\/application\/","name":"Actualit\u00e9s","description":"Actualit\u00e9s Saint Paul","publisher":{"@id":"https:\/\/www.saint-paul-angouleme.fr\/application\/#organization"},"potentialAction":[{"@type":"SearchAction","target":{"@type":"EntryPoint","urlTemplate":"https:\/\/www.saint-paul-angouleme.fr\/application\/?s={search_term_string}"},"query-input":"required name=search_term_string"}],"inLanguage":"fr-FR"},{"@type":"Organization","@id":"https:\/\/www.saint-paul-angouleme.fr\/application\/#organization","name":"Ensemble scolaire Saint-Paul","url":"https:\/\/www.saint-paul-angouleme.fr\/application\/","logo":{"@type":"ImageObject","inLanguage":"fr-FR","@id":"https:\/\/www.saint-paul-angouleme.fr\/application\/#\/schema\/logo\/image\/","url":"https:\/\/www.saint-paul-angouleme.fr\/application\/wp-content\/uploads\/2018\/08\/logo-saint-paul-couleurs.jpg","contentUrl":"https:\/\/www.saint-paul-angouleme.fr\/application\/wp-content\/uploads\/2018\/08\/logo-saint-paul-couleurs.jpg","width":1890,"height":709,"caption":"Ensemble scolaire Saint-Paul"},"image":{"@id":"https:\/\/www.saint-paul-angouleme.fr\/application\/#\/schema\/logo\/image\/"},"sameAs":["https:\/\/www.facebook.com\/SaintPaulAngouleme16\/","https:\/\/x.com\/StPaulAngoulem","https:\/\/www.youtube.com\/channel\/UCRLpz1CmPVqc0gn--YyXvjA?view_as=subscriber"]},{"@type":"Person","@id":"https:\/\/www.saint-paul-angouleme.fr\/application\/#\/schema\/person\/ea152930b1a3823659065827b1a5fb9b","name":"SAINT-PAUL","image":{"@type":"ImageObject","inLanguage":"fr-FR","@id":"https:\/\/www.saint-paul-angouleme.fr\/application\/#\/schema\/person\/image\/","url":"https:\/\/secure.gravatar.com\/avatar\/eadb0ffebc02683a61d69038eb2924f0?s=96&r=g","contentUrl":"https:\/\/secure.gravatar.com\/avatar\/eadb0ffebc02683a61d69038eb2924f0?s=96&r=g","caption":"SAINT-PAUL"},"url":"https:\/\/www.saint-paul-angouleme.fr\/application\/author\/myriam\/"}]}},"_links":{"self":[{"href":"https:\/\/www.saint-paul-angouleme.fr\/application\/wp-json\/wp\/v2\/posts\/2963"}],"collection":[{"href":"https:\/\/www.saint-paul-angouleme.fr\/application\/wp-json\/wp\/v2\/posts"}],"about":[{"href":"https:\/\/www.saint-paul-angouleme.fr\/application\/wp-json\/wp\/v2\/types\/post"}],"author":[{"embeddable":true,"href":"https:\/\/www.saint-paul-angouleme.fr\/application\/wp-json\/wp\/v2\/users\/3"}],"replies":[{"embeddable":true,"href":"https:\/\/www.saint-paul-angouleme.fr\/application\/wp-json\/wp\/v2\/comments?post=2963"}],"version-history":[{"count":8,"href":"https:\/\/www.saint-paul-angouleme.fr\/application\/wp-json\/wp\/v2\/posts\/2963\/revisions"}],"predecessor-version":[{"id":2974,"href":"https:\/\/www.saint-paul-angouleme.fr\/application\/wp-json\/wp\/v2\/posts\/2963\/revisions\/2974"}],"wp:attachment":[{"href":"https:\/\/www.saint-paul-angouleme.fr\/application\/wp-json\/wp\/v2\/media?parent=2963"}],"wp:term":[{"taxonomy":"category","embeddable":true,"href":"https:\/\/www.saint-paul-angouleme.fr\/application\/wp-json\/wp\/v2\/categories?post=2963"},{"taxonomy":"post_tag","embeddable":true,"href":"https:\/\/www.saint-paul-angouleme.fr\/application\/wp-json\/wp\/v2\/tags?post=2963"}],"curies":[{"name":"wp","href":"https:\/\/api.w.org\/{rel}","templated":true}]}}