{"id":2909,"date":"2018-04-04T17:12:54","date_gmt":"2018-04-04T15:12:54","guid":{"rendered":"http:\/\/www.saint-paul-angouleme.fr\/application\/?p=2909"},"modified":"2018-04-04T17:27:13","modified_gmt":"2018-04-04T15:27:13","slug":"zusammen-in-berlin","status":"publish","type":"post","link":"https:\/\/www.saint-paul-angouleme.fr\/application\/zusammen-in-berlin\/","title":{"rendered":"Zusammen in Berlin"},"content":{"rendered":"<p>&nbsp;<\/p>\n<figure id=\"attachment_2910\" aria-describedby=\"caption-attachment-2910\" style=\"width: 1014px\" class=\"wp-caption aligncenter\"><a href=\"http:\/\/www.saint-paul-angouleme.fr\/application\/wp-content\/uploads\/2018\/04\/IMG_20180324_164944.jpg\"><img loading=\"lazy\" decoding=\"async\" class=\"wp-image-2910 size-large\" title=\"Voyage scolaire Berlin 2018 : jour 1\" src=\"http:\/\/www.saint-paul-angouleme.fr\/application\/wp-content\/uploads\/2018\/04\/IMG_20180324_164944-1024x768.jpg\" alt=\"\" width=\"1024\" height=\"768\" data-id=\"2910\" srcset=\"https:\/\/www.saint-paul-angouleme.fr\/application\/wp-content\/uploads\/2018\/04\/IMG_20180324_164944-1024x768.jpg 1024w, https:\/\/www.saint-paul-angouleme.fr\/application\/wp-content\/uploads\/2018\/04\/IMG_20180324_164944-300x225.jpg 300w, https:\/\/www.saint-paul-angouleme.fr\/application\/wp-content\/uploads\/2018\/04\/IMG_20180324_164944-768x576.jpg 768w\" sizes=\"(max-width: 1024px) 100vw, 1024px\" \/><\/a><figcaption id=\"caption-attachment-2910\" class=\"wp-caption-text\"><span style=\"font-family: arial, helvetica, sans-serif; font-size: 10px; color: #333333;\">&#8220;Enfin arriv\u00e9s \u00e0 Berlin&#8221;<\/span><\/figcaption><\/figure>\n<p style=\"text-align: justify;\"><span style=\"font-family: arial, helvetica, sans-serif; color: #333333;\">Du 24 au 31 mars un groupe d\u2019\u00e9l\u00e8ves de 3<sup>\u00e8me<\/sup>, germanistes, s\u2019est rendu \u00e0 BERLIN pour un voyage culturel et linguistique. Une belle semaine allemande en compagnie de deux professeurs\u00a0: Mme PEROL (enseignante en Allemand et Fran\u00e7ais, responsable du projet) et M. SILVA ALVES (enseignant en Histoire-G\u00e9ographie).<\/span><\/p>\n<figure id=\"attachment_2912\" aria-describedby=\"caption-attachment-2912\" style=\"width: 1014px\" class=\"wp-caption aligncenter\"><a href=\"http:\/\/www.saint-paul-angouleme.fr\/application\/wp-content\/uploads\/2018\/04\/IMG_20180325_113620.jpg\"><img loading=\"lazy\" decoding=\"async\" class=\"wp-image-2912 size-large\" title=\"Berlin sous le soleil c'est top !\" src=\"http:\/\/www.saint-paul-angouleme.fr\/application\/wp-content\/uploads\/2018\/04\/IMG_20180325_113620-1024x768.jpg\" alt=\"\" width=\"1024\" height=\"768\" data-id=\"2912\" srcset=\"https:\/\/www.saint-paul-angouleme.fr\/application\/wp-content\/uploads\/2018\/04\/IMG_20180325_113620-1024x768.jpg 1024w, https:\/\/www.saint-paul-angouleme.fr\/application\/wp-content\/uploads\/2018\/04\/IMG_20180325_113620-300x225.jpg 300w, https:\/\/www.saint-paul-angouleme.fr\/application\/wp-content\/uploads\/2018\/04\/IMG_20180325_113620-768x576.jpg 768w\" sizes=\"(max-width: 1024px) 100vw, 1024px\" \/><\/a><figcaption id=\"caption-attachment-2912\" class=\"wp-caption-text\"><span style=\"font-family: arial, helvetica, sans-serif; font-size: 10px;\">Le sourire sur toutes les l\u00e8vres&#8230;<\/span><\/figcaption><\/figure>\n<figure id=\"attachment_2914\" aria-describedby=\"caption-attachment-2914\" style=\"width: 215px\" class=\"wp-caption alignleft\"><a href=\"http:\/\/www.saint-paul-angouleme.fr\/application\/wp-content\/uploads\/2018\/04\/IMG_20180325_155410.jpg\"><img loading=\"lazy\" decoding=\"async\" class=\"wp-image-2914 size-medium\" title=\"Des \u00e9l\u00e8ves pr\u00e9sentent les diff\u00e9rents quartiers en allemand\" src=\"http:\/\/www.saint-paul-angouleme.fr\/application\/wp-content\/uploads\/2018\/04\/IMG_20180325_155410-225x300.jpg\" alt=\"\" width=\"225\" height=\"300\" data-id=\"2914\" srcset=\"https:\/\/www.saint-paul-angouleme.fr\/application\/wp-content\/uploads\/2018\/04\/IMG_20180325_155410-225x300.jpg 225w, https:\/\/www.saint-paul-angouleme.fr\/application\/wp-content\/uploads\/2018\/04\/IMG_20180325_155410-768x1024.jpg 768w\" sizes=\"(max-width: 225px) 100vw, 225px\" \/><\/a><figcaption id=\"caption-attachment-2914\" class=\"wp-caption-text\"><span style=\"font-family: arial, helvetica, sans-serif; font-size: 10px;\">Etre guide pour ses camarades<\/span><\/figcaption><\/figure>\n<p style=\"text-align: justify;\"><span style=\"font-family: arial, helvetica, sans-serif; color: #333333;\">L\u2019histoire commence quelques semaines plus t\u00f4t en classe. Dans les groupes chacun recherche des informations sur le quartier qu\u2019il fera visiter \u00e0 ses camarades. Itin\u00e9raire, indications historiques ou architecturales, art, etc. Chaque guide collecte des renseignements et \u00e9crit sa pr\u00e9sentation en allemand avec l\u2019aide de son professeur. Cela permet d\u2019associer tout le monde, m\u00eame ceux qui ne partent pas. Ainsi, connaissant la journ\u00e9e sur laquelle ils ont travaill\u00e9, ceux qui ne font pas le voyage peuvent s\u2019associer par la pens\u00e9e \u00e0 ceux qui sont en Allemagne. En retour, ceux qui sont all\u00e9s \u00e0 Berlin rapporteront un souvenir \u00e0 ceux qui ceux rest\u00e9s\u00a0: belle exp\u00e9rience de camaraderie.<\/span><\/p>\n<p>&nbsp;<\/p>\n<p style=\"text-align: justify;\"><span style=\"font-family: arial, helvetica, sans-serif; color: #333333;\">Sur place, les \u00e9l\u00e8ves sont les guides et prennent ce r\u00f4le au s\u00e9rieux m\u00eame s&#8217;il n&#8217;est pas toujours facile de \u00a0s&#8217;exprimer en pleine rue, devant des Berlinois (intrigu\u00e9s et curieux) et les camarades aussi&#8230;<\/span><\/p>\n<p style=\"text-align: justify;\"><span style=\"font-family: arial, helvetica, sans-serif; color: #333333;\">A l&#8217;arriv\u00e9e, le soleil est pr\u00e9sent et c\u2019est bien agr\u00e9able apr\u00e8s un long voyage. Installation \u00e0 l\u2019auberge de jeunesse\u00a0: jour 1. Tout va bien, nous go\u00fbtons un repos bien m\u00e9rit\u00e9.<\/span><\/p>\n<p style=\"text-align: justify;\"><span style=\"font-family: arial, helvetica, sans-serif; color: #333333;\">Les jours suivants visite de la ville quartier apr\u00e8s quartier et, chance, le soleil est de la partie sur la plus grande partie du s\u00e9jour. Les journ\u00e9es sont intenses en kilom\u00e8tres parcourus (environ 20 km par jour) mais chacun, \u00e0 son rythme, avance et donne le meilleur de soi.<\/span><\/p>\n<p style=\"text-align: justify;\"><span style=\"font-family: arial, helvetica, sans-serif; color: #333333;\">Au programme de la semaine un tour complet de Berlin\u00a0: suivi du trac\u00e9 du Mur en passant par Potsdamer Platz, Checkpoint Charlie, le mus\u00e9e du Mur et la East Side Gallery. Puis\u00a0: Berliner Dom et Museumsinsel, Alexanderplatz, Nikola\u00ef Viertel (quartier Saint-Nicolas le plus ancien de Berlin).<\/span><\/p>\n<p style=\"text-align: justify;\"><span style=\"font-family: arial, helvetica, sans-serif; color: #333333;\">Jour 4, la d\u00e9couverte se poursuit avec de nouveaux quartiers tels que Charlottenburg et son ch\u00e2teau, la Porte de Brandeburg, le Bundestag (avec la visite guid\u00e9e de la salle pl\u00e9ni\u00e8re puis de la coupole), le m\u00e9morial de l&#8217;Holocaust et enfin Gendarmenmarkt. Sans oublier la pause gourmande chez le chocolatier Rittersport\u00a0!<\/span><\/p>\n<figure id=\"attachment_2915\" aria-describedby=\"caption-attachment-2915\" style=\"width: 1014px\" class=\"wp-caption aligncenter\"><a href=\"http:\/\/www.saint-paul-angouleme.fr\/application\/wp-content\/uploads\/2018\/04\/IMG_20180326_105806.jpg\"><img loading=\"lazy\" decoding=\"async\" class=\"wp-image-2915 size-large\" title=\"Petit selfie de Frau PEROL avec le groupe\" src=\"http:\/\/www.saint-paul-angouleme.fr\/application\/wp-content\/uploads\/2018\/04\/IMG_20180326_105806-1024x768.jpg\" alt=\"\" width=\"1024\" height=\"768\" data-id=\"2915\" srcset=\"https:\/\/www.saint-paul-angouleme.fr\/application\/wp-content\/uploads\/2018\/04\/IMG_20180326_105806-1024x768.jpg 1024w, https:\/\/www.saint-paul-angouleme.fr\/application\/wp-content\/uploads\/2018\/04\/IMG_20180326_105806-300x225.jpg 300w, https:\/\/www.saint-paul-angouleme.fr\/application\/wp-content\/uploads\/2018\/04\/IMG_20180326_105806-768x576.jpg 768w, https:\/\/www.saint-paul-angouleme.fr\/application\/wp-content\/uploads\/2018\/04\/IMG_20180326_105806.jpg 1600w\" sizes=\"(max-width: 1024px) 100vw, 1024px\" \/><\/a><figcaption id=\"caption-attachment-2915\" class=\"wp-caption-text\"><span style=\"font-family: arial, helvetica, sans-serif; font-size: 10px;\">Joie de vivre<\/span><\/figcaption><\/figure>\n<p style=\"text-align: justify;\"><span style=\"font-family: arial, helvetica, sans-serif; color: #333333;\">Le jour suivant, la m\u00e9t\u00e9o se d\u00e9grade\u00a0: il faut proc\u00e9der \u00e0 des ajustements. Une partie du groupe a choisi de mener les visites co\u00fbte que co\u00fbte. Bien \u00e9quip\u00e9s, 14 \u00e9l\u00e8ves ont p\u00e9r\u00e9grin\u00e9 vers le quartier de Prenzlauer Berg et ils ont pu appr\u00e9cier un magnifique quartier, authentique, historique malgr\u00e9 la pluie et le vent : s\u00e9pulture de Theodor Fontane, m\u00e9morial du Mur \u00e0 l&#8217;endroit du Checkpoint de la zone fran\u00e7aise, Bernauer Strasse, le ch\u00e2teau d&#8217;eau et le la fontaine des contes de Grimm.<\/span><\/p>\n<figure id=\"attachment_2916\" aria-describedby=\"caption-attachment-2916\" style=\"width: 1014px\" class=\"wp-caption aligncenter\"><a href=\"http:\/\/www.saint-paul-angouleme.fr\/application\/wp-content\/uploads\/2018\/04\/IMG_20180326_131314.jpg\"><img loading=\"lazy\" decoding=\"async\" class=\"wp-image-2916 size-large\" title=\"Mr SILVA ALVES brave la pluie\" src=\"http:\/\/www.saint-paul-angouleme.fr\/application\/wp-content\/uploads\/2018\/04\/IMG_20180326_131314-1024x768.jpg\" alt=\"\" width=\"1024\" height=\"768\" data-id=\"2916\" srcset=\"https:\/\/www.saint-paul-angouleme.fr\/application\/wp-content\/uploads\/2018\/04\/IMG_20180326_131314-1024x768.jpg 1024w, https:\/\/www.saint-paul-angouleme.fr\/application\/wp-content\/uploads\/2018\/04\/IMG_20180326_131314-300x225.jpg 300w, https:\/\/www.saint-paul-angouleme.fr\/application\/wp-content\/uploads\/2018\/04\/IMG_20180326_131314-768x576.jpg 768w\" sizes=\"(max-width: 1024px) 100vw, 1024px\" \/><\/a><figcaption id=\"caption-attachment-2916\" class=\"wp-caption-text\"><span style=\"font-family: arial, helvetica, sans-serif; font-size: 10px;\">Ce n&#8217;est pas la pluie qui va nous arr\u00eater<\/span><\/figcaption><\/figure>\n<p style=\"text-align: justify;\"><span style=\"font-family: arial, helvetica, sans-serif; color: #333333;\">L&#8217;autre partie du groupe s&#8217;est repos\u00e9e et l&#8217;apr\u00e8s-midi, tout le monde s&#8217;est retrouv\u00e9 au Mall of Berlin \u00e0 Potsdamer Platz pour un temps de shopping au chaud !<\/span><\/p>\n<p style=\"text-align: justify;\"><span style=\"font-family: arial, helvetica, sans-serif; color: #333333;\">Le temps passe bien vite lorsque l\u2019on est en voyage et il faut songer \u00e0 refaire ses valises pour le retour\u2026 C\u2019est la t\u00eate remplies de beaux souvenirs et de belles images que nos \u00e9l\u00e8ves quittent Berlin pour Angoul\u00eame, impatients de raconter ce qu\u2019ils ont v\u00e9cu et d\u2019offrir leurs cadeaux.<\/span><\/p>\n<div tabindex=\"0\" class=\"cycloneslider cycloneslider-template-standard cycloneslider-width-responsive\" id=\"cycloneslider-berlin-2018-1\" style=\"max-width:960px\" > <div class=\"cycloneslider-slides cycle-slideshow\" data-cycle-allow-wrap=\"true\" data-cycle-dynamic-height=\"off\" data-cycle-auto-height=\"960:600\" data-cycle-auto-height-easing=\"null\" data-cycle-auto-height-speed=\"250\" data-cycle-delay=\"0\" data-cycle-easing=\"\" data-cycle-fx=\"fade\" data-cycle-hide-non-active=\"true\" data-cycle-log=\"false\" data-cycle-next=\"#cycloneslider-berlin-2018-1 .cycloneslider-next\" data-cycle-pager=\"#cycloneslider-berlin-2018-1 .cycloneslider-pager\" data-cycle-pause-on-hover=\"true\" data-cycle-prev=\"#cycloneslider-berlin-2018-1 .cycloneslider-prev\" data-cycle-slides=\"&gt; div\" data-cycle-speed=\"1000\" data-cycle-swipe=\"1\" data-cycle-tile-count=\"7\" data-cycle-tile-delay=\"100\" data-cycle-tile-vertical=\"true\" data-cycle-timeout=\"4000\" > <div class=\"cycloneslider-slide cycloneslider-slide-image\" > <img decoding=\"async\" src=\"https:\/\/www.saint-paul-angouleme.fr\/application\/wp-content\/uploads\/2018\/04\/IMG_20180324_164944-960x600.jpg\" alt=\"\" title=\"\" \/> <\/div> <div class=\"cycloneslider-slide cycloneslider-slide-image\" > <img decoding=\"async\" src=\"https:\/\/www.saint-paul-angouleme.fr\/application\/wp-content\/uploads\/2018\/04\/IMG_20180325_113620-960x600.jpg\" alt=\"\" title=\"\" \/> <\/div> <div class=\"cycloneslider-slide cycloneslider-slide-image\" > <img decoding=\"async\" src=\"https:\/\/www.saint-paul-angouleme.fr\/application\/wp-content\/uploads\/2018\/04\/IMG_20180325_155410-960x600.jpg\" alt=\"\" title=\"\" \/> <\/div> <div class=\"cycloneslider-slide cycloneslider-slide-image\" > <img decoding=\"async\" src=\"https:\/\/www.saint-paul-angouleme.fr\/application\/wp-content\/uploads\/2018\/04\/IMG_20180326_105806-960x600.jpg\" alt=\"\" title=\"\" \/> <\/div> <div class=\"cycloneslider-slide cycloneslider-slide-image\" > <img decoding=\"async\" src=\"https:\/\/www.saint-paul-angouleme.fr\/application\/wp-content\/uploads\/2018\/04\/IMG_20180326_131314-960x600.jpg\" alt=\"\" title=\"\" \/> <\/div> <div class=\"cycloneslider-slide cycloneslider-slide-image\" > <img decoding=\"async\" src=\"https:\/\/www.saint-paul-angouleme.fr\/application\/wp-content\/uploads\/2018\/04\/IMG_20180328_135159-960x600.jpg\" alt=\"\" title=\"\" \/> <\/div> <div class=\"cycloneslider-slide cycloneslider-slide-image\" > <img decoding=\"async\" src=\"https:\/\/www.saint-paul-angouleme.fr\/application\/wp-content\/uploads\/2018\/04\/IMG_20180324_144318-960x600.jpg\" alt=\"\" title=\"\" \/> <\/div> <div class=\"cycloneslider-slide cycloneslider-slide-image\" > <img decoding=\"async\" src=\"https:\/\/www.saint-paul-angouleme.fr\/application\/wp-content\/uploads\/2018\/04\/IMG_20180324_144517-960x600.jpg\" alt=\"\" title=\"\" \/> <\/div> <div class=\"cycloneslider-slide cycloneslider-slide-image\" > <img decoding=\"async\" src=\"https:\/\/www.saint-paul-angouleme.fr\/application\/wp-content\/uploads\/2018\/04\/IMG_20180325_101725-960x600.jpg\" alt=\"\" title=\"\" \/> <\/div> <div class=\"cycloneslider-slide cycloneslider-slide-image\" > <img decoding=\"async\" src=\"https:\/\/www.saint-paul-angouleme.fr\/application\/wp-content\/uploads\/2018\/04\/IMG_20180325_122119-960x600.jpg\" alt=\"\" title=\"\" \/> <\/div> <div class=\"cycloneslider-slide cycloneslider-slide-image\" > <img decoding=\"async\" src=\"https:\/\/www.saint-paul-angouleme.fr\/application\/wp-content\/uploads\/2018\/04\/IMG_20180325_143545-960x600.jpg\" alt=\"\" title=\"\" \/> <\/div> <div class=\"cycloneslider-slide cycloneslider-slide-image\" > <img decoding=\"async\" src=\"https:\/\/www.saint-paul-angouleme.fr\/application\/wp-content\/uploads\/2018\/04\/IMG_20180325_150953-960x600.jpg\" alt=\"\" title=\"\" \/> <\/div> <div class=\"cycloneslider-slide cycloneslider-slide-image\" > <img decoding=\"async\" src=\"https:\/\/www.saint-paul-angouleme.fr\/application\/wp-content\/uploads\/2018\/04\/IMG_20180325_155016-960x600.jpg\" alt=\"\" title=\"\" \/> <\/div> <div class=\"cycloneslider-slide cycloneslider-slide-image\" > <img decoding=\"async\" src=\"https:\/\/www.saint-paul-angouleme.fr\/application\/wp-content\/uploads\/2018\/04\/IMG_20180326_103930-960x600.jpg\" alt=\"\" title=\"\" \/> <\/div> <div class=\"cycloneslider-slide cycloneslider-slide-image\" > <img decoding=\"async\" src=\"https:\/\/www.saint-paul-angouleme.fr\/application\/wp-content\/uploads\/2018\/04\/IMG_20180326_105504-960x600.jpg\" alt=\"\" title=\"\" \/> <\/div> <div class=\"cycloneslider-slide cycloneslider-slide-image\" > <img decoding=\"async\" src=\"https:\/\/www.saint-paul-angouleme.fr\/application\/wp-content\/uploads\/2018\/04\/IMG_20180326_110222-960x600.jpg\" alt=\"\" title=\"\" \/> <\/div> <div class=\"cycloneslider-slide cycloneslider-slide-image\" > <img decoding=\"async\" src=\"https:\/\/www.saint-paul-angouleme.fr\/application\/wp-content\/uploads\/2018\/04\/IMG_20180326_141607-960x600.jpg\" alt=\"\" title=\"\" \/> <\/div> <div class=\"cycloneslider-slide cycloneslider-slide-image\" > <img decoding=\"async\" src=\"https:\/\/www.saint-paul-angouleme.fr\/application\/wp-content\/uploads\/2018\/04\/IMG_20180328_111918-960x600.jpg\" alt=\"\" title=\"\" \/> <\/div> <div class=\"cycloneslider-slide cycloneslider-slide-image\" > <img decoding=\"async\" src=\"https:\/\/www.saint-paul-angouleme.fr\/application\/wp-content\/uploads\/2018\/04\/IMG_20180328_125100-960x600.jpg\" alt=\"\" title=\"\" \/> <\/div> <div class=\"cycloneslider-slide cycloneslider-slide-image\" > <img decoding=\"async\" src=\"https:\/\/www.saint-paul-angouleme.fr\/application\/wp-content\/uploads\/2018\/04\/IMG_20180328_130232-960x600.jpg\" alt=\"\" title=\"\" \/> <\/div> <div class=\"cycloneslider-slide cycloneslider-slide-image\" > <img decoding=\"async\" src=\"https:\/\/www.saint-paul-angouleme.fr\/application\/wp-content\/uploads\/2018\/04\/IMG_20180328_132717-960x600.jpg\" alt=\"\" title=\"\" \/> <\/div> <div class=\"cycloneslider-slide cycloneslider-slide-image\" > <img decoding=\"async\" src=\"https:\/\/www.saint-paul-angouleme.fr\/application\/wp-content\/uploads\/2018\/04\/IMG_20180328_143817-960x600.jpg\" alt=\"\" title=\"\" \/> <\/div> <\/div> <div class=\"cycloneslider-pager\"><\/div> <a href=\"#\" class=\"cycloneslider-prev\"> <span class=\"arrow\"><\/span> <\/a> <a href=\"#\" class=\"cycloneslider-next\"> <span class=\"arrow\"><\/span> <\/a> <\/div>\n<blockquote><p><span style=\"font-size: 14px;\"><span style=\"font-family: arial, helvetica, sans-serif;\">No\u00e9mie : \u00ab ambiance super sympa, c&#8217;est bien qu&#8217;on soit un petit groupe, on fait plus connaissance car\u00a0<\/span><span style=\"font-family: arial, helvetica, sans-serif;\">on ne se connaissait pas forc\u00e9ment bien avant \u00bb<\/span><\/span><\/p>\n<p><span style=\"font-family: arial, helvetica, sans-serif; font-size: 14px;\">Radu : \u00ab\u00a0 mal aux pieds mais c&#8217;est un voyage qui correspond bien \u00e0 notre programme \u00bb<\/span><\/p>\n<p><span style=\"font-family: arial, helvetica, sans-serif; font-size: 14px;\">Tamara : \u00ab trop de marche, c&#8217;est dur ! mais on a pris l&#8217;air et on a bronz\u00e9 \u00bb<\/span><\/p>\n<p><span style=\"font-family: arial, helvetica, sans-serif; font-size: 14px;\">Chamseddine : \u00ab on pourrait prendre le bus des fois \u00bb<\/span><\/p>\n<p><span style=\"font-family: arial, helvetica, sans-serif; font-size: 14px;\">Ellyn : \u00ab on marche beaucoup, c&#8217;est vrai, mais c&#8217;est joli ! \u00bb<\/span><\/p>\n<p><span style=\"font-family: arial, helvetica, sans-serif; font-size: 14px;\">Tom : \u00ab bonne id\u00e9e de marcher beaucoup, on a le temps d&#8217;appr\u00e9cier la ville \u00bb<\/span><\/p>\n<p><span style=\"font-size: 14px;\"><span style=\"font-family: arial, helvetica, sans-serif;\">Gauthier : \u00ab c&#8217;est bien de marcher, on d\u00e9couvre la ville, on prend beaucoup de temps en ville et moins \u00e0\u00a0<\/span><span style=\"font-family: arial, helvetica, sans-serif;\">l&#8217;auberge, c&#8217;est mieux \u00bb<\/span><\/span><\/p>\n<p><span style=\"font-size: 14px;\"><span style=\"font-family: arial, helvetica, sans-serif;\">\u00ab C&#8217;est bien les temps libres, on peut \u00eatre libres ! Si on fait trop de visites, on peut se lasser, l\u00e0, on a\u00a0<\/span><span style=\"font-family: arial, helvetica, sans-serif;\">\u00e9t\u00e9 attentifs et apr\u00e8s on a \u00e9t\u00e9 r\u00e9compens\u00e9s \u00bb<\/span><\/span><\/p>\n<p><span style=\"font-family: arial, helvetica, sans-serif; font-size: 14px;\">Louis : \u00ab\u00a0 merci aux profs d&#8217;avoir organis\u00e9 ce voyage \u00bb<\/span><\/p>\n<p><span style=\"font-family: arial, helvetica, sans-serif; font-size: 14px;\">Tous : \u00ab\u00a0 il fait trop beau ! On est tout bronz\u00e9s ! \u00bb <\/span><\/p>\n<p><span style=\"font-family: arial, helvetica, sans-serif; font-size: 14px;\">\u00ab C&#8217;est super le shopping \u00bb<\/span><\/p>\n<p><span style=\"font-size: 14px;\"><span style=\"font-family: arial, helvetica, sans-serif;\">Garance : \u00ab c&#8217;est cool l&#8217;ambiance, on apprend \u00e0 se conna\u00eetre, on est tous bien int\u00e9gr\u00e9s, on ne reste\u00a0<\/span><span style=\"font-family: arial, helvetica, sans-serif;\">pas dans notre coin . \u00bb<\/span><\/span><\/p>\n<p><span style=\"font-family: arial, helvetica, sans-serif; font-size: 14px;\">Antoine E. \u00ab\u00a0 on est comme une famille \u00bb<\/span><\/p><\/blockquote>\n<figure id=\"attachment_2918\" aria-describedby=\"caption-attachment-2918\" style=\"width: 1014px\" class=\"wp-caption aligncenter\"><a href=\"http:\/\/www.saint-paul-angouleme.fr\/application\/wp-content\/uploads\/2018\/04\/IMG_20180328_135159.jpg\"><img loading=\"lazy\" decoding=\"async\" class=\"wp-image-2918 size-large\" title=\"En pleine forme malgr\u00e9 la pluie\" src=\"http:\/\/www.saint-paul-angouleme.fr\/application\/wp-content\/uploads\/2018\/04\/IMG_20180328_135159-1024x768.jpg\" alt=\"\" width=\"1024\" height=\"768\" data-id=\"2918\" srcset=\"https:\/\/www.saint-paul-angouleme.fr\/application\/wp-content\/uploads\/2018\/04\/IMG_20180328_135159-1024x768.jpg 1024w, https:\/\/www.saint-paul-angouleme.fr\/application\/wp-content\/uploads\/2018\/04\/IMG_20180328_135159-300x225.jpg 300w, https:\/\/www.saint-paul-angouleme.fr\/application\/wp-content\/uploads\/2018\/04\/IMG_20180328_135159-768x576.jpg 768w\" sizes=\"(max-width: 1024px) 100vw, 1024px\" \/><\/a><figcaption id=\"caption-attachment-2918\" class=\"wp-caption-text\"><span style=\"font-family: arial, helvetica, sans-serif; font-size: 10px;\">Berlin c&#8217;est top m\u00eame sous la pluie !\u00a0 \u00a0 \u00a0\u00a0<\/span><\/figcaption><\/figure>\n","protected":false},"excerpt":{"rendered":"<p>&nbsp; Du 24 au 31 mars un groupe d\u2019\u00e9l\u00e8ves de 3\u00e8me, germanistes, s\u2019est rendu \u00e0 BERLIN pour un voyage culturel et linguistique. Une belle semaine allemande en compagnie de deux professeurs\u00a0: Mme PEROL (enseignante en Allemand et Fran\u00e7ais, responsable du projet) et M. SILVA ALVES (enseignant en Histoire-G\u00e9ographie). L\u2019histoire commence quelques semaines plus t\u00f4t en &#8230; <a title=\"Zusammen in Berlin\" class=\"read-more\" href=\"https:\/\/www.saint-paul-angouleme.fr\/application\/zusammen-in-berlin\/\" aria-label=\"Read more about Zusammen in Berlin\">Lire la suite<\/a><\/p>\n","protected":false},"author":3,"featured_media":0,"comment_status":"open","ping_status":"open","sticky":false,"template":"","format":"standard","meta":{"_exactmetrics_skip_tracking":false,"_exactmetrics_sitenote_active":false,"_exactmetrics_sitenote_note":"","_exactmetrics_sitenote_category":0,"footnotes":""},"categories":[2,13],"tags":[65,217,220,219,218,18],"class_list":["post-2909","post","type-post","status-publish","format-standard","hentry","category-look-on","category-pedagogie","tag-allemand","tag-berlin","tag-camaraderie","tag-guide","tag-voyage-linguistique-et-pedagogique","tag-voyage-scolaire"],"yoast_head":"<!-- This site is optimized with the Yoast SEO plugin v23.3 - https:\/\/yoast.com\/wordpress\/plugins\/seo\/ -->\n<title>Zusammen in Berlin - Actualit\u00e9s<\/title>\n<meta name=\"robots\" content=\"index, follow, max-snippet:-1, max-image-preview:large, max-video-preview:-1\" \/>\n<link rel=\"canonical\" href=\"https:\/\/www.saint-paul-angouleme.fr\/application\/zusammen-in-berlin\/\" \/>\n<meta property=\"og:locale\" content=\"fr_FR\" \/>\n<meta property=\"og:type\" content=\"article\" \/>\n<meta property=\"og:title\" content=\"Zusammen in Berlin - Actualit\u00e9s\" \/>\n<meta property=\"og:description\" content=\"&nbsp; Du 24 au 31 mars un groupe d\u2019\u00e9l\u00e8ves de 3\u00e8me, germanistes, s\u2019est rendu \u00e0 BERLIN pour un voyage culturel et linguistique. Une belle semaine allemande en compagnie de deux professeurs\u00a0: Mme PEROL (enseignante en Allemand et Fran\u00e7ais, responsable du projet) et M. SILVA ALVES (enseignant en Histoire-G\u00e9ographie). L\u2019histoire commence quelques semaines plus t\u00f4t en ... Lire la suite\" \/>\n<meta property=\"og:url\" content=\"https:\/\/www.saint-paul-angouleme.fr\/application\/zusammen-in-berlin\/\" \/>\n<meta property=\"og:site_name\" content=\"Actualit\u00e9s\" \/>\n<meta property=\"article:publisher\" content=\"https:\/\/www.facebook.com\/SaintPaulAngouleme16\/\" \/>\n<meta property=\"article:published_time\" content=\"2018-04-04T15:12:54+00:00\" \/>\n<meta property=\"article:modified_time\" content=\"2018-04-04T15:27:13+00:00\" \/>\n<meta property=\"og:image\" content=\"http:\/\/www.saint-paul-angouleme.fr\/application\/wp-content\/uploads\/2018\/04\/IMG_20180324_164944-1024x768.jpg\" \/>\n<meta name=\"author\" content=\"SAINT-PAUL\" \/>\n<meta name=\"twitter:card\" content=\"summary_large_image\" \/>\n<meta name=\"twitter:creator\" content=\"@StPaulAngoulem\" \/>\n<meta name=\"twitter:site\" content=\"@StPaulAngoulem\" \/>\n<meta name=\"twitter:label1\" content=\"\u00c9crit par\" \/>\n\t<meta name=\"twitter:data1\" content=\"SAINT-PAUL\" \/>\n\t<meta name=\"twitter:label2\" content=\"Dur\u00e9e de lecture estim\u00e9e\" \/>\n\t<meta name=\"twitter:data2\" content=\"4 minutes\" \/>\n<script type=\"application\/ld+json\" class=\"yoast-schema-graph\">{\"@context\":\"https:\/\/schema.org\",\"@graph\":[{\"@type\":\"Article\",\"@id\":\"https:\/\/www.saint-paul-angouleme.fr\/application\/zusammen-in-berlin\/#article\",\"isPartOf\":{\"@id\":\"https:\/\/www.saint-paul-angouleme.fr\/application\/zusammen-in-berlin\/\"},\"author\":{\"name\":\"SAINT-PAUL\",\"@id\":\"https:\/\/www.saint-paul-angouleme.fr\/application\/#\/schema\/person\/ea152930b1a3823659065827b1a5fb9b\"},\"headline\":\"Zusammen in Berlin\",\"datePublished\":\"2018-04-04T15:12:54+00:00\",\"dateModified\":\"2018-04-04T15:27:13+00:00\",\"mainEntityOfPage\":{\"@id\":\"https:\/\/www.saint-paul-angouleme.fr\/application\/zusammen-in-berlin\/\"},\"wordCount\":881,\"commentCount\":0,\"publisher\":{\"@id\":\"https:\/\/www.saint-paul-angouleme.fr\/application\/#organization\"},\"image\":{\"@id\":\"https:\/\/www.saint-paul-angouleme.fr\/application\/zusammen-in-berlin\/#primaryimage\"},\"thumbnailUrl\":\"http:\/\/www.saint-paul-angouleme.fr\/application\/wp-content\/uploads\/2018\/04\/IMG_20180324_164944-1024x768.jpg\",\"keywords\":[\"allemand\",\"Berlin\",\"camaraderie\",\"guide\",\"voyage linguistique et p\u00e9dagogique\",\"Voyage scolaire\"],\"articleSection\":[\"Look on\",\"P\u00e9dagogie\"],\"inLanguage\":\"fr-FR\",\"potentialAction\":[{\"@type\":\"CommentAction\",\"name\":\"Comment\",\"target\":[\"https:\/\/www.saint-paul-angouleme.fr\/application\/zusammen-in-berlin\/#respond\"]}]},{\"@type\":\"WebPage\",\"@id\":\"https:\/\/www.saint-paul-angouleme.fr\/application\/zusammen-in-berlin\/\",\"url\":\"https:\/\/www.saint-paul-angouleme.fr\/application\/zusammen-in-berlin\/\",\"name\":\"Zusammen in Berlin - Actualit\u00e9s\",\"isPartOf\":{\"@id\":\"https:\/\/www.saint-paul-angouleme.fr\/application\/#website\"},\"primaryImageOfPage\":{\"@id\":\"https:\/\/www.saint-paul-angouleme.fr\/application\/zusammen-in-berlin\/#primaryimage\"},\"image\":{\"@id\":\"https:\/\/www.saint-paul-angouleme.fr\/application\/zusammen-in-berlin\/#primaryimage\"},\"thumbnailUrl\":\"http:\/\/www.saint-paul-angouleme.fr\/application\/wp-content\/uploads\/2018\/04\/IMG_20180324_164944-1024x768.jpg\",\"datePublished\":\"2018-04-04T15:12:54+00:00\",\"dateModified\":\"2018-04-04T15:27:13+00:00\",\"breadcrumb\":{\"@id\":\"https:\/\/www.saint-paul-angouleme.fr\/application\/zusammen-in-berlin\/#breadcrumb\"},\"inLanguage\":\"fr-FR\",\"potentialAction\":[{\"@type\":\"ReadAction\",\"target\":[\"https:\/\/www.saint-paul-angouleme.fr\/application\/zusammen-in-berlin\/\"]}]},{\"@type\":\"ImageObject\",\"inLanguage\":\"fr-FR\",\"@id\":\"https:\/\/www.saint-paul-angouleme.fr\/application\/zusammen-in-berlin\/#primaryimage\",\"url\":\"https:\/\/www.saint-paul-angouleme.fr\/application\/wp-content\/uploads\/2018\/04\/IMG_20180324_164944.jpg\",\"contentUrl\":\"https:\/\/www.saint-paul-angouleme.fr\/application\/wp-content\/uploads\/2018\/04\/IMG_20180324_164944.jpg\",\"width\":3264,\"height\":2448},{\"@type\":\"BreadcrumbList\",\"@id\":\"https:\/\/www.saint-paul-angouleme.fr\/application\/zusammen-in-berlin\/#breadcrumb\",\"itemListElement\":[{\"@type\":\"ListItem\",\"position\":1,\"name\":\"Accueil\",\"item\":\"http:\/\/www.saint-paul-angouleme.fr\/application\/\"},{\"@type\":\"ListItem\",\"position\":2,\"name\":\"Zusammen in Berlin\"}]},{\"@type\":\"WebSite\",\"@id\":\"https:\/\/www.saint-paul-angouleme.fr\/application\/#website\",\"url\":\"https:\/\/www.saint-paul-angouleme.fr\/application\/\",\"name\":\"Actualit\u00e9s\",\"description\":\"Actualit\u00e9s Saint Paul\",\"publisher\":{\"@id\":\"https:\/\/www.saint-paul-angouleme.fr\/application\/#organization\"},\"potentialAction\":[{\"@type\":\"SearchAction\",\"target\":{\"@type\":\"EntryPoint\",\"urlTemplate\":\"https:\/\/www.saint-paul-angouleme.fr\/application\/?s={search_term_string}\"},\"query-input\":\"required name=search_term_string\"}],\"inLanguage\":\"fr-FR\"},{\"@type\":\"Organization\",\"@id\":\"https:\/\/www.saint-paul-angouleme.fr\/application\/#organization\",\"name\":\"Ensemble scolaire Saint-Paul\",\"url\":\"https:\/\/www.saint-paul-angouleme.fr\/application\/\",\"logo\":{\"@type\":\"ImageObject\",\"inLanguage\":\"fr-FR\",\"@id\":\"https:\/\/www.saint-paul-angouleme.fr\/application\/#\/schema\/logo\/image\/\",\"url\":\"https:\/\/www.saint-paul-angouleme.fr\/application\/wp-content\/uploads\/2018\/08\/logo-saint-paul-couleurs.jpg\",\"contentUrl\":\"https:\/\/www.saint-paul-angouleme.fr\/application\/wp-content\/uploads\/2018\/08\/logo-saint-paul-couleurs.jpg\",\"width\":1890,\"height\":709,\"caption\":\"Ensemble scolaire Saint-Paul\"},\"image\":{\"@id\":\"https:\/\/www.saint-paul-angouleme.fr\/application\/#\/schema\/logo\/image\/\"},\"sameAs\":[\"https:\/\/www.facebook.com\/SaintPaulAngouleme16\/\",\"https:\/\/x.com\/StPaulAngoulem\",\"https:\/\/www.youtube.com\/channel\/UCRLpz1CmPVqc0gn--YyXvjA?view_as=subscriber\"]},{\"@type\":\"Person\",\"@id\":\"https:\/\/www.saint-paul-angouleme.fr\/application\/#\/schema\/person\/ea152930b1a3823659065827b1a5fb9b\",\"name\":\"SAINT-PAUL\",\"image\":{\"@type\":\"ImageObject\",\"inLanguage\":\"fr-FR\",\"@id\":\"https:\/\/www.saint-paul-angouleme.fr\/application\/#\/schema\/person\/image\/\",\"url\":\"https:\/\/secure.gravatar.com\/avatar\/eadb0ffebc02683a61d69038eb2924f0?s=96&r=g\",\"contentUrl\":\"https:\/\/secure.gravatar.com\/avatar\/eadb0ffebc02683a61d69038eb2924f0?s=96&r=g\",\"caption\":\"SAINT-PAUL\"},\"url\":\"https:\/\/www.saint-paul-angouleme.fr\/application\/author\/myriam\/\"}]}<\/script>\n<!-- \/ Yoast SEO plugin. -->","yoast_head_json":{"title":"Zusammen in Berlin - Actualit\u00e9s","robots":{"index":"index","follow":"follow","max-snippet":"max-snippet:-1","max-image-preview":"max-image-preview:large","max-video-preview":"max-video-preview:-1"},"canonical":"https:\/\/www.saint-paul-angouleme.fr\/application\/zusammen-in-berlin\/","og_locale":"fr_FR","og_type":"article","og_title":"Zusammen in Berlin - Actualit\u00e9s","og_description":"&nbsp; Du 24 au 31 mars un groupe d\u2019\u00e9l\u00e8ves de 3\u00e8me, germanistes, s\u2019est rendu \u00e0 BERLIN pour un voyage culturel et linguistique. Une belle semaine allemande en compagnie de deux professeurs\u00a0: Mme PEROL (enseignante en Allemand et Fran\u00e7ais, responsable du projet) et M. SILVA ALVES (enseignant en Histoire-G\u00e9ographie). L\u2019histoire commence quelques semaines plus t\u00f4t en ... Lire la suite","og_url":"https:\/\/www.saint-paul-angouleme.fr\/application\/zusammen-in-berlin\/","og_site_name":"Actualit\u00e9s","article_publisher":"https:\/\/www.facebook.com\/SaintPaulAngouleme16\/","article_published_time":"2018-04-04T15:12:54+00:00","article_modified_time":"2018-04-04T15:27:13+00:00","og_image":[{"url":"http:\/\/www.saint-paul-angouleme.fr\/application\/wp-content\/uploads\/2018\/04\/IMG_20180324_164944-1024x768.jpg"}],"author":"SAINT-PAUL","twitter_card":"summary_large_image","twitter_creator":"@StPaulAngoulem","twitter_site":"@StPaulAngoulem","twitter_misc":{"\u00c9crit par":"SAINT-PAUL","Dur\u00e9e de lecture estim\u00e9e":"4 minutes"},"schema":{"@context":"https:\/\/schema.org","@graph":[{"@type":"Article","@id":"https:\/\/www.saint-paul-angouleme.fr\/application\/zusammen-in-berlin\/#article","isPartOf":{"@id":"https:\/\/www.saint-paul-angouleme.fr\/application\/zusammen-in-berlin\/"},"author":{"name":"SAINT-PAUL","@id":"https:\/\/www.saint-paul-angouleme.fr\/application\/#\/schema\/person\/ea152930b1a3823659065827b1a5fb9b"},"headline":"Zusammen in Berlin","datePublished":"2018-04-04T15:12:54+00:00","dateModified":"2018-04-04T15:27:13+00:00","mainEntityOfPage":{"@id":"https:\/\/www.saint-paul-angouleme.fr\/application\/zusammen-in-berlin\/"},"wordCount":881,"commentCount":0,"publisher":{"@id":"https:\/\/www.saint-paul-angouleme.fr\/application\/#organization"},"image":{"@id":"https:\/\/www.saint-paul-angouleme.fr\/application\/zusammen-in-berlin\/#primaryimage"},"thumbnailUrl":"http:\/\/www.saint-paul-angouleme.fr\/application\/wp-content\/uploads\/2018\/04\/IMG_20180324_164944-1024x768.jpg","keywords":["allemand","Berlin","camaraderie","guide","voyage linguistique et p\u00e9dagogique","Voyage scolaire"],"articleSection":["Look on","P\u00e9dagogie"],"inLanguage":"fr-FR","potentialAction":[{"@type":"CommentAction","name":"Comment","target":["https:\/\/www.saint-paul-angouleme.fr\/application\/zusammen-in-berlin\/#respond"]}]},{"@type":"WebPage","@id":"https:\/\/www.saint-paul-angouleme.fr\/application\/zusammen-in-berlin\/","url":"https:\/\/www.saint-paul-angouleme.fr\/application\/zusammen-in-berlin\/","name":"Zusammen in Berlin - Actualit\u00e9s","isPartOf":{"@id":"https:\/\/www.saint-paul-angouleme.fr\/application\/#website"},"primaryImageOfPage":{"@id":"https:\/\/www.saint-paul-angouleme.fr\/application\/zusammen-in-berlin\/#primaryimage"},"image":{"@id":"https:\/\/www.saint-paul-angouleme.fr\/application\/zusammen-in-berlin\/#primaryimage"},"thumbnailUrl":"http:\/\/www.saint-paul-angouleme.fr\/application\/wp-content\/uploads\/2018\/04\/IMG_20180324_164944-1024x768.jpg","datePublished":"2018-04-04T15:12:54+00:00","dateModified":"2018-04-04T15:27:13+00:00","breadcrumb":{"@id":"https:\/\/www.saint-paul-angouleme.fr\/application\/zusammen-in-berlin\/#breadcrumb"},"inLanguage":"fr-FR","potentialAction":[{"@type":"ReadAction","target":["https:\/\/www.saint-paul-angouleme.fr\/application\/zusammen-in-berlin\/"]}]},{"@type":"ImageObject","inLanguage":"fr-FR","@id":"https:\/\/www.saint-paul-angouleme.fr\/application\/zusammen-in-berlin\/#primaryimage","url":"https:\/\/www.saint-paul-angouleme.fr\/application\/wp-content\/uploads\/2018\/04\/IMG_20180324_164944.jpg","contentUrl":"https:\/\/www.saint-paul-angouleme.fr\/application\/wp-content\/uploads\/2018\/04\/IMG_20180324_164944.jpg","width":3264,"height":2448},{"@type":"BreadcrumbList","@id":"https:\/\/www.saint-paul-angouleme.fr\/application\/zusammen-in-berlin\/#breadcrumb","itemListElement":[{"@type":"ListItem","position":1,"name":"Accueil","item":"http:\/\/www.saint-paul-angouleme.fr\/application\/"},{"@type":"ListItem","position":2,"name":"Zusammen in Berlin"}]},{"@type":"WebSite","@id":"https:\/\/www.saint-paul-angouleme.fr\/application\/#website","url":"https:\/\/www.saint-paul-angouleme.fr\/application\/","name":"Actualit\u00e9s","description":"Actualit\u00e9s Saint Paul","publisher":{"@id":"https:\/\/www.saint-paul-angouleme.fr\/application\/#organization"},"potentialAction":[{"@type":"SearchAction","target":{"@type":"EntryPoint","urlTemplate":"https:\/\/www.saint-paul-angouleme.fr\/application\/?s={search_term_string}"},"query-input":"required name=search_term_string"}],"inLanguage":"fr-FR"},{"@type":"Organization","@id":"https:\/\/www.saint-paul-angouleme.fr\/application\/#organization","name":"Ensemble scolaire Saint-Paul","url":"https:\/\/www.saint-paul-angouleme.fr\/application\/","logo":{"@type":"ImageObject","inLanguage":"fr-FR","@id":"https:\/\/www.saint-paul-angouleme.fr\/application\/#\/schema\/logo\/image\/","url":"https:\/\/www.saint-paul-angouleme.fr\/application\/wp-content\/uploads\/2018\/08\/logo-saint-paul-couleurs.jpg","contentUrl":"https:\/\/www.saint-paul-angouleme.fr\/application\/wp-content\/uploads\/2018\/08\/logo-saint-paul-couleurs.jpg","width":1890,"height":709,"caption":"Ensemble scolaire Saint-Paul"},"image":{"@id":"https:\/\/www.saint-paul-angouleme.fr\/application\/#\/schema\/logo\/image\/"},"sameAs":["https:\/\/www.facebook.com\/SaintPaulAngouleme16\/","https:\/\/x.com\/StPaulAngoulem","https:\/\/www.youtube.com\/channel\/UCRLpz1CmPVqc0gn--YyXvjA?view_as=subscriber"]},{"@type":"Person","@id":"https:\/\/www.saint-paul-angouleme.fr\/application\/#\/schema\/person\/ea152930b1a3823659065827b1a5fb9b","name":"SAINT-PAUL","image":{"@type":"ImageObject","inLanguage":"fr-FR","@id":"https:\/\/www.saint-paul-angouleme.fr\/application\/#\/schema\/person\/image\/","url":"https:\/\/secure.gravatar.com\/avatar\/eadb0ffebc02683a61d69038eb2924f0?s=96&r=g","contentUrl":"https:\/\/secure.gravatar.com\/avatar\/eadb0ffebc02683a61d69038eb2924f0?s=96&r=g","caption":"SAINT-PAUL"},"url":"https:\/\/www.saint-paul-angouleme.fr\/application\/author\/myriam\/"}]}},"_links":{"self":[{"href":"https:\/\/www.saint-paul-angouleme.fr\/application\/wp-json\/wp\/v2\/posts\/2909"}],"collection":[{"href":"https:\/\/www.saint-paul-angouleme.fr\/application\/wp-json\/wp\/v2\/posts"}],"about":[{"href":"https:\/\/www.saint-paul-angouleme.fr\/application\/wp-json\/wp\/v2\/types\/post"}],"author":[{"embeddable":true,"href":"https:\/\/www.saint-paul-angouleme.fr\/application\/wp-json\/wp\/v2\/users\/3"}],"replies":[{"embeddable":true,"href":"https:\/\/www.saint-paul-angouleme.fr\/application\/wp-json\/wp\/v2\/comments?post=2909"}],"version-history":[{"count":16,"href":"https:\/\/www.saint-paul-angouleme.fr\/application\/wp-json\/wp\/v2\/posts\/2909\/revisions"}],"predecessor-version":[{"id":2948,"href":"https:\/\/www.saint-paul-angouleme.fr\/application\/wp-json\/wp\/v2\/posts\/2909\/revisions\/2948"}],"wp:attachment":[{"href":"https:\/\/www.saint-paul-angouleme.fr\/application\/wp-json\/wp\/v2\/media?parent=2909"}],"wp:term":[{"taxonomy":"category","embeddable":true,"href":"https:\/\/www.saint-paul-angouleme.fr\/application\/wp-json\/wp\/v2\/categories?post=2909"},{"taxonomy":"post_tag","embeddable":true,"href":"https:\/\/www.saint-paul-angouleme.fr\/application\/wp-json\/wp\/v2\/tags?post=2909"}],"curies":[{"name":"wp","href":"https:\/\/api.w.org\/{rel}","templated":true}]}}