{"id":2896,"date":"2018-03-30T17:41:33","date_gmt":"2018-03-30T15:41:33","guid":{"rendered":"http:\/\/www.saint-paul-angouleme.fr\/application\/?p=2896"},"modified":"2018-03-30T17:42:38","modified_gmt":"2018-03-30T15:42:38","slug":"math-en-jeans-retour-sur-le-congres-de-poitiers-en-mars-2018","status":"publish","type":"post","link":"https:\/\/www.saint-paul-angouleme.fr\/application\/math-en-jeans-retour-sur-le-congres-de-poitiers-en-mars-2018\/","title":{"rendered":"&#8220;MATh.en.JEANS&#8221; : retour sur le congr\u00e8s de Poitiers en mars 2018"},"content":{"rendered":"<figure id=\"attachment_2897\" aria-describedby=\"caption-attachment-2897\" style=\"width: 214px\" class=\"wp-caption alignleft\"><a href=\"http:\/\/www.saint-paul-angouleme.fr\/application\/wp-content\/uploads\/2018\/03\/2018_03_27_article_MEJ.jpg\"><img loading=\"lazy\" decoding=\"async\" class=\"wp-image-2897 size-medium\" title=\"Nos \u00e9l\u00e8ves MATh.en.JEANS \u00e0 Poitiers\" src=\"http:\/\/www.saint-paul-angouleme.fr\/application\/wp-content\/uploads\/2018\/03\/2018_03_27_article_MEJ-224x300.jpg\" alt=\"MATh.en.JEANS congr\u00e8s Poitiers mars 2018\" width=\"224\" height=\"300\" data-id=\"2897\" srcset=\"https:\/\/www.saint-paul-angouleme.fr\/application\/wp-content\/uploads\/2018\/03\/2018_03_27_article_MEJ-224x300.jpg 224w, https:\/\/www.saint-paul-angouleme.fr\/application\/wp-content\/uploads\/2018\/03\/2018_03_27_article_MEJ-768x1028.jpg 768w, https:\/\/www.saint-paul-angouleme.fr\/application\/wp-content\/uploads\/2018\/03\/2018_03_27_article_MEJ-765x1024.jpg 765w, https:\/\/www.saint-paul-angouleme.fr\/application\/wp-content\/uploads\/2018\/03\/2018_03_27_article_MEJ.jpg 790w\" sizes=\"(max-width: 224px) 100vw, 224px\" \/><\/a><figcaption id=\"caption-attachment-2897\" class=\"wp-caption-text\"><span style=\"font-size: 10px;\">MATh.en.JEANS congr\u00e8s Poitiers mars 2018<\/span><\/figcaption><\/figure>\n<p style=\"text-align: justify;\"><strong><span style=\"font-family: arial, helvetica, sans-serif; color: #333333;\">Les 23, 24 et 25 mars, sept \u00e9l\u00e8ves du lyc\u00e9e Saint-Paul ont\u00a0<\/span><span style=\"font-family: arial, helvetica, sans-serif; color: #333333;\">particip\u00e9 au congr\u00e8s de Math.en.Jeans, sur le site de l\u2019Universit\u00e9 de\u00a0<\/span><span style=\"font-family: arial, helvetica, sans-serif; color: #333333;\">Poitiers, qui r\u00e9unissait plus de 600 \u00e9l\u00e8ves du grand sud-ouest de la\u00a0<\/span><span style=\"font-family: arial, helvetica, sans-serif; color: #333333;\">France.<\/span><\/strong><\/p>\n<p style=\"text-align: justify;\"><span style=\"font-family: arial, helvetica, sans-serif; color: #333333;\">A cette occasion, ils ont pu pr\u00e9senter leurs travaux aux autres\u00a0<\/span><span style=\"font-family: arial, helvetica, sans-serif; color: #333333;\">congressistes et assister \u00e0 des conf\u00e9rences de math\u00e9matiques : &#8220;<\/span><span style=\"font-family: arial, helvetica, sans-serif; color: #333333;\">optimisation de formes&#8221;, &#8220;voyage dans l\u2019histoire d\u2019une\u00a0<\/span><span style=\"font-family: arial, helvetica, sans-serif; color: #333333;\">multiplication&#8221;, &#8220;qu\u2019est-ce que la g\u00e9om\u00e9trie ?&#8221;.<\/span><br \/>\n<span style=\"font-family: arial, helvetica, sans-serif; color: #333333;\">Ce fut l\u2019occasion d\u2019\u00e9changes riches et fructueux.\u00a0<\/span><span style=\"font-family: arial, helvetica, sans-serif; color: #333333;\">Il s\u2019agit l\u00e0 de l\u2019aboutissement de six mois de recherche sur des\u00a0<\/span><span style=\"font-family: arial, helvetica, sans-serif; color: #333333;\">sujets propos\u00e9s par un enseignant-chercheur de l\u2019Universit\u00e9 de La\u00a0<\/span><span style=\"font-family: arial, helvetica, sans-serif; color: #333333;\">Rochelle, en jumelage avec les lyc\u00e9es Charles Coulomb et\u00a0<\/span><span style=\"font-family: arial, helvetica, sans-serif; color: #333333;\">Marguerite de Valois.<\/span><\/p>\n<p style=\"text-align: justify;\"><strong><span style=\"font-family: arial, helvetica, sans-serif; color: #333333;\">Les quatre sujets propos\u00e9s \u00e0 nos \u00e9l\u00e8ves cette ann\u00e9es sont :<\/span><\/strong><br \/>\n<span style=\"font-family: arial, helvetica, sans-serif; color: #333333;\">\u2022 comparer la taille de deux images carr\u00e9es vues en\u00a0<\/span><span style=\"font-family: arial, helvetica, sans-serif; color: #333333;\">perspective<\/span><br \/>\n<span style=\"font-family: arial, helvetica, sans-serif; color: #333333;\">\u2022 d\u00e9terminer le PGCD de coefficients binomiaux<\/span><br \/>\n<span style=\"font-family: arial, helvetica, sans-serif; color: #333333;\">\u2022 trouver le nombre moyen de voiture stationn\u00e9es sur un\u00a0<\/span><span style=\"font-family: arial, helvetica, sans-serif; color: #333333;\">parking, suivant certaines contraintes<\/span><br \/>\n<span style=\"font-family: arial, helvetica, sans-serif; color: #333333;\">\u2022 trouver la surface d\u2019aire la plus petite possible dans\u00a0<\/span><span style=\"font-family: arial, helvetica, sans-serif; color: #333333;\">laquelle on puisse mettre un segment de longueur 1 unit\u00e9\u00a0<\/span><span style=\"font-family: arial, helvetica, sans-serif; color: #333333;\">dans toutes les directions<\/span><\/p>\n<p>&nbsp;<\/p>\n<p><span style=\"font-family: arial, helvetica, sans-serif;\">L&#8217;APEL (Association des Parents), l&#8217;ESPACE (Association des Personnels et \u00c9ducateurs) ainsi que l&#8217;Ensemble Scolaire Saint-Paul ont financ\u00e9 en partie ce projet afin de permettre \u00e0 nos \u00e9l\u00e8ves d&#8217;y participer : un grand merci \u00e0 eux !<\/span><\/p>\n<p style=\"text-align: right;\"><span style=\"font-family: arial, helvetica, sans-serif; font-size: 12px;\">A. ROBUCHON<\/span><\/p>\n","protected":false},"excerpt":{"rendered":"<p>Les 23, 24 et 25 mars, sept \u00e9l\u00e8ves du lyc\u00e9e Saint-Paul ont\u00a0particip\u00e9 au congr\u00e8s de Math.en.Jeans, sur le site de l\u2019Universit\u00e9 de\u00a0Poitiers, qui r\u00e9unissait plus de 600 \u00e9l\u00e8ves du grand sud-ouest de la\u00a0France. A cette occasion, ils ont pu pr\u00e9senter leurs travaux aux autres\u00a0congressistes et assister \u00e0 des conf\u00e9rences de math\u00e9matiques : &#8220;optimisation de formes&#8221;, &#8230; <a title=\"&#8220;MATh.en.JEANS&#8221; : retour sur le congr\u00e8s de Poitiers en mars 2018\" class=\"read-more\" href=\"https:\/\/www.saint-paul-angouleme.fr\/application\/math-en-jeans-retour-sur-le-congres-de-poitiers-en-mars-2018\/\" aria-label=\"Read more about &#8220;MATh.en.JEANS&#8221; : retour sur le congr\u00e8s de Poitiers en mars 2018\">Lire la suite<\/a><\/p>\n","protected":false},"author":3,"featured_media":0,"comment_status":"open","ping_status":"open","sticky":false,"template":"","format":"standard","meta":{"_exactmetrics_skip_tracking":false,"_exactmetrics_sitenote_active":false,"_exactmetrics_sitenote_note":"","_exactmetrics_sitenote_category":0,"footnotes":""},"categories":[13],"tags":[],"class_list":["post-2896","post","type-post","status-publish","format-standard","hentry","category-pedagogie"],"yoast_head":"<!-- This site is optimized with the Yoast SEO plugin v23.3 - https:\/\/yoast.com\/wordpress\/plugins\/seo\/ -->\n<title>&quot;MATh.en.JEANS&quot; : retour sur le congr\u00e8s de Poitiers en mars 2018 - Actualit\u00e9s<\/title>\n<meta name=\"robots\" content=\"index, follow, max-snippet:-1, max-image-preview:large, max-video-preview:-1\" \/>\n<link rel=\"canonical\" href=\"https:\/\/www.saint-paul-angouleme.fr\/application\/math-en-jeans-retour-sur-le-congres-de-poitiers-en-mars-2018\/\" \/>\n<meta property=\"og:locale\" content=\"fr_FR\" \/>\n<meta property=\"og:type\" content=\"article\" \/>\n<meta property=\"og:title\" content=\"&quot;MATh.en.JEANS&quot; : retour sur le congr\u00e8s de Poitiers en mars 2018 - Actualit\u00e9s\" \/>\n<meta property=\"og:description\" content=\"Les 23, 24 et 25 mars, sept \u00e9l\u00e8ves du lyc\u00e9e Saint-Paul ont\u00a0particip\u00e9 au congr\u00e8s de Math.en.Jeans, sur le site de l\u2019Universit\u00e9 de\u00a0Poitiers, qui r\u00e9unissait plus de 600 \u00e9l\u00e8ves du grand sud-ouest de la\u00a0France. A cette occasion, ils ont pu pr\u00e9senter leurs travaux aux autres\u00a0congressistes et assister \u00e0 des conf\u00e9rences de math\u00e9matiques : &#8220;optimisation de formes&#8221;, ... Lire la suite\" \/>\n<meta property=\"og:url\" content=\"https:\/\/www.saint-paul-angouleme.fr\/application\/math-en-jeans-retour-sur-le-congres-de-poitiers-en-mars-2018\/\" \/>\n<meta property=\"og:site_name\" content=\"Actualit\u00e9s\" \/>\n<meta property=\"article:publisher\" content=\"https:\/\/www.facebook.com\/SaintPaulAngouleme16\/\" \/>\n<meta property=\"article:published_time\" content=\"2018-03-30T15:41:33+00:00\" \/>\n<meta property=\"article:modified_time\" content=\"2018-03-30T15:42:38+00:00\" \/>\n<meta property=\"og:image\" content=\"http:\/\/www.saint-paul-angouleme.fr\/application\/wp-content\/uploads\/2018\/03\/2018_03_27_article_MEJ-224x300.jpg\" \/>\n<meta name=\"author\" content=\"SAINT-PAUL\" \/>\n<meta name=\"twitter:card\" content=\"summary_large_image\" \/>\n<meta name=\"twitter:creator\" content=\"@StPaulAngoulem\" \/>\n<meta name=\"twitter:site\" content=\"@StPaulAngoulem\" \/>\n<meta name=\"twitter:label1\" content=\"\u00c9crit par\" \/>\n\t<meta name=\"twitter:data1\" content=\"SAINT-PAUL\" \/>\n\t<meta name=\"twitter:label2\" content=\"Dur\u00e9e de lecture estim\u00e9e\" \/>\n\t<meta name=\"twitter:data2\" content=\"1 minute\" \/>\n<script type=\"application\/ld+json\" class=\"yoast-schema-graph\">{\"@context\":\"https:\/\/schema.org\",\"@graph\":[{\"@type\":\"Article\",\"@id\":\"https:\/\/www.saint-paul-angouleme.fr\/application\/math-en-jeans-retour-sur-le-congres-de-poitiers-en-mars-2018\/#article\",\"isPartOf\":{\"@id\":\"https:\/\/www.saint-paul-angouleme.fr\/application\/math-en-jeans-retour-sur-le-congres-de-poitiers-en-mars-2018\/\"},\"author\":{\"name\":\"SAINT-PAUL\",\"@id\":\"https:\/\/www.saint-paul-angouleme.fr\/application\/#\/schema\/person\/ea152930b1a3823659065827b1a5fb9b\"},\"headline\":\"&#8220;MATh.en.JEANS&#8221; : retour sur le congr\u00e8s de Poitiers en mars 2018\",\"datePublished\":\"2018-03-30T15:41:33+00:00\",\"dateModified\":\"2018-03-30T15:42:38+00:00\",\"mainEntityOfPage\":{\"@id\":\"https:\/\/www.saint-paul-angouleme.fr\/application\/math-en-jeans-retour-sur-le-congres-de-poitiers-en-mars-2018\/\"},\"wordCount\":258,\"commentCount\":0,\"publisher\":{\"@id\":\"https:\/\/www.saint-paul-angouleme.fr\/application\/#organization\"},\"image\":{\"@id\":\"https:\/\/www.saint-paul-angouleme.fr\/application\/math-en-jeans-retour-sur-le-congres-de-poitiers-en-mars-2018\/#primaryimage\"},\"thumbnailUrl\":\"http:\/\/www.saint-paul-angouleme.fr\/application\/wp-content\/uploads\/2018\/03\/2018_03_27_article_MEJ-224x300.jpg\",\"articleSection\":[\"P\u00e9dagogie\"],\"inLanguage\":\"fr-FR\",\"potentialAction\":[{\"@type\":\"CommentAction\",\"name\":\"Comment\",\"target\":[\"https:\/\/www.saint-paul-angouleme.fr\/application\/math-en-jeans-retour-sur-le-congres-de-poitiers-en-mars-2018\/#respond\"]}]},{\"@type\":\"WebPage\",\"@id\":\"https:\/\/www.saint-paul-angouleme.fr\/application\/math-en-jeans-retour-sur-le-congres-de-poitiers-en-mars-2018\/\",\"url\":\"https:\/\/www.saint-paul-angouleme.fr\/application\/math-en-jeans-retour-sur-le-congres-de-poitiers-en-mars-2018\/\",\"name\":\"\\\"MATh.en.JEANS\\\" : retour sur le congr\u00e8s de Poitiers en mars 2018 - Actualit\u00e9s\",\"isPartOf\":{\"@id\":\"https:\/\/www.saint-paul-angouleme.fr\/application\/#website\"},\"primaryImageOfPage\":{\"@id\":\"https:\/\/www.saint-paul-angouleme.fr\/application\/math-en-jeans-retour-sur-le-congres-de-poitiers-en-mars-2018\/#primaryimage\"},\"image\":{\"@id\":\"https:\/\/www.saint-paul-angouleme.fr\/application\/math-en-jeans-retour-sur-le-congres-de-poitiers-en-mars-2018\/#primaryimage\"},\"thumbnailUrl\":\"http:\/\/www.saint-paul-angouleme.fr\/application\/wp-content\/uploads\/2018\/03\/2018_03_27_article_MEJ-224x300.jpg\",\"datePublished\":\"2018-03-30T15:41:33+00:00\",\"dateModified\":\"2018-03-30T15:42:38+00:00\",\"breadcrumb\":{\"@id\":\"https:\/\/www.saint-paul-angouleme.fr\/application\/math-en-jeans-retour-sur-le-congres-de-poitiers-en-mars-2018\/#breadcrumb\"},\"inLanguage\":\"fr-FR\",\"potentialAction\":[{\"@type\":\"ReadAction\",\"target\":[\"https:\/\/www.saint-paul-angouleme.fr\/application\/math-en-jeans-retour-sur-le-congres-de-poitiers-en-mars-2018\/\"]}]},{\"@type\":\"ImageObject\",\"inLanguage\":\"fr-FR\",\"@id\":\"https:\/\/www.saint-paul-angouleme.fr\/application\/math-en-jeans-retour-sur-le-congres-de-poitiers-en-mars-2018\/#primaryimage\",\"url\":\"https:\/\/www.saint-paul-angouleme.fr\/application\/wp-content\/uploads\/2018\/03\/2018_03_27_article_MEJ.jpg\",\"contentUrl\":\"https:\/\/www.saint-paul-angouleme.fr\/application\/wp-content\/uploads\/2018\/03\/2018_03_27_article_MEJ.jpg\",\"width\":790,\"height\":1057},{\"@type\":\"BreadcrumbList\",\"@id\":\"https:\/\/www.saint-paul-angouleme.fr\/application\/math-en-jeans-retour-sur-le-congres-de-poitiers-en-mars-2018\/#breadcrumb\",\"itemListElement\":[{\"@type\":\"ListItem\",\"position\":1,\"name\":\"Accueil\",\"item\":\"http:\/\/www.saint-paul-angouleme.fr\/application\/\"},{\"@type\":\"ListItem\",\"position\":2,\"name\":\"&#8220;MATh.en.JEANS&#8221; : retour sur le congr\u00e8s de Poitiers en mars 2018\"}]},{\"@type\":\"WebSite\",\"@id\":\"https:\/\/www.saint-paul-angouleme.fr\/application\/#website\",\"url\":\"https:\/\/www.saint-paul-angouleme.fr\/application\/\",\"name\":\"Actualit\u00e9s\",\"description\":\"Actualit\u00e9s Saint Paul\",\"publisher\":{\"@id\":\"https:\/\/www.saint-paul-angouleme.fr\/application\/#organization\"},\"potentialAction\":[{\"@type\":\"SearchAction\",\"target\":{\"@type\":\"EntryPoint\",\"urlTemplate\":\"https:\/\/www.saint-paul-angouleme.fr\/application\/?s={search_term_string}\"},\"query-input\":\"required name=search_term_string\"}],\"inLanguage\":\"fr-FR\"},{\"@type\":\"Organization\",\"@id\":\"https:\/\/www.saint-paul-angouleme.fr\/application\/#organization\",\"name\":\"Ensemble scolaire Saint-Paul\",\"url\":\"https:\/\/www.saint-paul-angouleme.fr\/application\/\",\"logo\":{\"@type\":\"ImageObject\",\"inLanguage\":\"fr-FR\",\"@id\":\"https:\/\/www.saint-paul-angouleme.fr\/application\/#\/schema\/logo\/image\/\",\"url\":\"https:\/\/www.saint-paul-angouleme.fr\/application\/wp-content\/uploads\/2018\/08\/logo-saint-paul-couleurs.jpg\",\"contentUrl\":\"https:\/\/www.saint-paul-angouleme.fr\/application\/wp-content\/uploads\/2018\/08\/logo-saint-paul-couleurs.jpg\",\"width\":1890,\"height\":709,\"caption\":\"Ensemble scolaire Saint-Paul\"},\"image\":{\"@id\":\"https:\/\/www.saint-paul-angouleme.fr\/application\/#\/schema\/logo\/image\/\"},\"sameAs\":[\"https:\/\/www.facebook.com\/SaintPaulAngouleme16\/\",\"https:\/\/x.com\/StPaulAngoulem\",\"https:\/\/www.youtube.com\/channel\/UCRLpz1CmPVqc0gn--YyXvjA?view_as=subscriber\"]},{\"@type\":\"Person\",\"@id\":\"https:\/\/www.saint-paul-angouleme.fr\/application\/#\/schema\/person\/ea152930b1a3823659065827b1a5fb9b\",\"name\":\"SAINT-PAUL\",\"image\":{\"@type\":\"ImageObject\",\"inLanguage\":\"fr-FR\",\"@id\":\"https:\/\/www.saint-paul-angouleme.fr\/application\/#\/schema\/person\/image\/\",\"url\":\"https:\/\/secure.gravatar.com\/avatar\/eadb0ffebc02683a61d69038eb2924f0?s=96&r=g\",\"contentUrl\":\"https:\/\/secure.gravatar.com\/avatar\/eadb0ffebc02683a61d69038eb2924f0?s=96&r=g\",\"caption\":\"SAINT-PAUL\"},\"url\":\"https:\/\/www.saint-paul-angouleme.fr\/application\/author\/myriam\/\"}]}<\/script>\n<!-- \/ Yoast SEO plugin. -->","yoast_head_json":{"title":"\"MATh.en.JEANS\" : retour sur le congr\u00e8s de Poitiers en mars 2018 - Actualit\u00e9s","robots":{"index":"index","follow":"follow","max-snippet":"max-snippet:-1","max-image-preview":"max-image-preview:large","max-video-preview":"max-video-preview:-1"},"canonical":"https:\/\/www.saint-paul-angouleme.fr\/application\/math-en-jeans-retour-sur-le-congres-de-poitiers-en-mars-2018\/","og_locale":"fr_FR","og_type":"article","og_title":"\"MATh.en.JEANS\" : retour sur le congr\u00e8s de Poitiers en mars 2018 - Actualit\u00e9s","og_description":"Les 23, 24 et 25 mars, sept \u00e9l\u00e8ves du lyc\u00e9e Saint-Paul ont\u00a0particip\u00e9 au congr\u00e8s de Math.en.Jeans, sur le site de l\u2019Universit\u00e9 de\u00a0Poitiers, qui r\u00e9unissait plus de 600 \u00e9l\u00e8ves du grand sud-ouest de la\u00a0France. A cette occasion, ils ont pu pr\u00e9senter leurs travaux aux autres\u00a0congressistes et assister \u00e0 des conf\u00e9rences de math\u00e9matiques : &#8220;optimisation de formes&#8221;, ... Lire la suite","og_url":"https:\/\/www.saint-paul-angouleme.fr\/application\/math-en-jeans-retour-sur-le-congres-de-poitiers-en-mars-2018\/","og_site_name":"Actualit\u00e9s","article_publisher":"https:\/\/www.facebook.com\/SaintPaulAngouleme16\/","article_published_time":"2018-03-30T15:41:33+00:00","article_modified_time":"2018-03-30T15:42:38+00:00","og_image":[{"url":"http:\/\/www.saint-paul-angouleme.fr\/application\/wp-content\/uploads\/2018\/03\/2018_03_27_article_MEJ-224x300.jpg"}],"author":"SAINT-PAUL","twitter_card":"summary_large_image","twitter_creator":"@StPaulAngoulem","twitter_site":"@StPaulAngoulem","twitter_misc":{"\u00c9crit par":"SAINT-PAUL","Dur\u00e9e de lecture estim\u00e9e":"1 minute"},"schema":{"@context":"https:\/\/schema.org","@graph":[{"@type":"Article","@id":"https:\/\/www.saint-paul-angouleme.fr\/application\/math-en-jeans-retour-sur-le-congres-de-poitiers-en-mars-2018\/#article","isPartOf":{"@id":"https:\/\/www.saint-paul-angouleme.fr\/application\/math-en-jeans-retour-sur-le-congres-de-poitiers-en-mars-2018\/"},"author":{"name":"SAINT-PAUL","@id":"https:\/\/www.saint-paul-angouleme.fr\/application\/#\/schema\/person\/ea152930b1a3823659065827b1a5fb9b"},"headline":"&#8220;MATh.en.JEANS&#8221; : retour sur le congr\u00e8s de Poitiers en mars 2018","datePublished":"2018-03-30T15:41:33+00:00","dateModified":"2018-03-30T15:42:38+00:00","mainEntityOfPage":{"@id":"https:\/\/www.saint-paul-angouleme.fr\/application\/math-en-jeans-retour-sur-le-congres-de-poitiers-en-mars-2018\/"},"wordCount":258,"commentCount":0,"publisher":{"@id":"https:\/\/www.saint-paul-angouleme.fr\/application\/#organization"},"image":{"@id":"https:\/\/www.saint-paul-angouleme.fr\/application\/math-en-jeans-retour-sur-le-congres-de-poitiers-en-mars-2018\/#primaryimage"},"thumbnailUrl":"http:\/\/www.saint-paul-angouleme.fr\/application\/wp-content\/uploads\/2018\/03\/2018_03_27_article_MEJ-224x300.jpg","articleSection":["P\u00e9dagogie"],"inLanguage":"fr-FR","potentialAction":[{"@type":"CommentAction","name":"Comment","target":["https:\/\/www.saint-paul-angouleme.fr\/application\/math-en-jeans-retour-sur-le-congres-de-poitiers-en-mars-2018\/#respond"]}]},{"@type":"WebPage","@id":"https:\/\/www.saint-paul-angouleme.fr\/application\/math-en-jeans-retour-sur-le-congres-de-poitiers-en-mars-2018\/","url":"https:\/\/www.saint-paul-angouleme.fr\/application\/math-en-jeans-retour-sur-le-congres-de-poitiers-en-mars-2018\/","name":"\"MATh.en.JEANS\" : retour sur le congr\u00e8s de Poitiers en mars 2018 - Actualit\u00e9s","isPartOf":{"@id":"https:\/\/www.saint-paul-angouleme.fr\/application\/#website"},"primaryImageOfPage":{"@id":"https:\/\/www.saint-paul-angouleme.fr\/application\/math-en-jeans-retour-sur-le-congres-de-poitiers-en-mars-2018\/#primaryimage"},"image":{"@id":"https:\/\/www.saint-paul-angouleme.fr\/application\/math-en-jeans-retour-sur-le-congres-de-poitiers-en-mars-2018\/#primaryimage"},"thumbnailUrl":"http:\/\/www.saint-paul-angouleme.fr\/application\/wp-content\/uploads\/2018\/03\/2018_03_27_article_MEJ-224x300.jpg","datePublished":"2018-03-30T15:41:33+00:00","dateModified":"2018-03-30T15:42:38+00:00","breadcrumb":{"@id":"https:\/\/www.saint-paul-angouleme.fr\/application\/math-en-jeans-retour-sur-le-congres-de-poitiers-en-mars-2018\/#breadcrumb"},"inLanguage":"fr-FR","potentialAction":[{"@type":"ReadAction","target":["https:\/\/www.saint-paul-angouleme.fr\/application\/math-en-jeans-retour-sur-le-congres-de-poitiers-en-mars-2018\/"]}]},{"@type":"ImageObject","inLanguage":"fr-FR","@id":"https:\/\/www.saint-paul-angouleme.fr\/application\/math-en-jeans-retour-sur-le-congres-de-poitiers-en-mars-2018\/#primaryimage","url":"https:\/\/www.saint-paul-angouleme.fr\/application\/wp-content\/uploads\/2018\/03\/2018_03_27_article_MEJ.jpg","contentUrl":"https:\/\/www.saint-paul-angouleme.fr\/application\/wp-content\/uploads\/2018\/03\/2018_03_27_article_MEJ.jpg","width":790,"height":1057},{"@type":"BreadcrumbList","@id":"https:\/\/www.saint-paul-angouleme.fr\/application\/math-en-jeans-retour-sur-le-congres-de-poitiers-en-mars-2018\/#breadcrumb","itemListElement":[{"@type":"ListItem","position":1,"name":"Accueil","item":"http:\/\/www.saint-paul-angouleme.fr\/application\/"},{"@type":"ListItem","position":2,"name":"&#8220;MATh.en.JEANS&#8221; : retour sur le congr\u00e8s de Poitiers en mars 2018"}]},{"@type":"WebSite","@id":"https:\/\/www.saint-paul-angouleme.fr\/application\/#website","url":"https:\/\/www.saint-paul-angouleme.fr\/application\/","name":"Actualit\u00e9s","description":"Actualit\u00e9s Saint Paul","publisher":{"@id":"https:\/\/www.saint-paul-angouleme.fr\/application\/#organization"},"potentialAction":[{"@type":"SearchAction","target":{"@type":"EntryPoint","urlTemplate":"https:\/\/www.saint-paul-angouleme.fr\/application\/?s={search_term_string}"},"query-input":"required name=search_term_string"}],"inLanguage":"fr-FR"},{"@type":"Organization","@id":"https:\/\/www.saint-paul-angouleme.fr\/application\/#organization","name":"Ensemble scolaire Saint-Paul","url":"https:\/\/www.saint-paul-angouleme.fr\/application\/","logo":{"@type":"ImageObject","inLanguage":"fr-FR","@id":"https:\/\/www.saint-paul-angouleme.fr\/application\/#\/schema\/logo\/image\/","url":"https:\/\/www.saint-paul-angouleme.fr\/application\/wp-content\/uploads\/2018\/08\/logo-saint-paul-couleurs.jpg","contentUrl":"https:\/\/www.saint-paul-angouleme.fr\/application\/wp-content\/uploads\/2018\/08\/logo-saint-paul-couleurs.jpg","width":1890,"height":709,"caption":"Ensemble scolaire Saint-Paul"},"image":{"@id":"https:\/\/www.saint-paul-angouleme.fr\/application\/#\/schema\/logo\/image\/"},"sameAs":["https:\/\/www.facebook.com\/SaintPaulAngouleme16\/","https:\/\/x.com\/StPaulAngoulem","https:\/\/www.youtube.com\/channel\/UCRLpz1CmPVqc0gn--YyXvjA?view_as=subscriber"]},{"@type":"Person","@id":"https:\/\/www.saint-paul-angouleme.fr\/application\/#\/schema\/person\/ea152930b1a3823659065827b1a5fb9b","name":"SAINT-PAUL","image":{"@type":"ImageObject","inLanguage":"fr-FR","@id":"https:\/\/www.saint-paul-angouleme.fr\/application\/#\/schema\/person\/image\/","url":"https:\/\/secure.gravatar.com\/avatar\/eadb0ffebc02683a61d69038eb2924f0?s=96&r=g","contentUrl":"https:\/\/secure.gravatar.com\/avatar\/eadb0ffebc02683a61d69038eb2924f0?s=96&r=g","caption":"SAINT-PAUL"},"url":"https:\/\/www.saint-paul-angouleme.fr\/application\/author\/myriam\/"}]}},"_links":{"self":[{"href":"https:\/\/www.saint-paul-angouleme.fr\/application\/wp-json\/wp\/v2\/posts\/2896"}],"collection":[{"href":"https:\/\/www.saint-paul-angouleme.fr\/application\/wp-json\/wp\/v2\/posts"}],"about":[{"href":"https:\/\/www.saint-paul-angouleme.fr\/application\/wp-json\/wp\/v2\/types\/post"}],"author":[{"embeddable":true,"href":"https:\/\/www.saint-paul-angouleme.fr\/application\/wp-json\/wp\/v2\/users\/3"}],"replies":[{"embeddable":true,"href":"https:\/\/www.saint-paul-angouleme.fr\/application\/wp-json\/wp\/v2\/comments?post=2896"}],"version-history":[{"count":4,"href":"https:\/\/www.saint-paul-angouleme.fr\/application\/wp-json\/wp\/v2\/posts\/2896\/revisions"}],"predecessor-version":[{"id":2900,"href":"https:\/\/www.saint-paul-angouleme.fr\/application\/wp-json\/wp\/v2\/posts\/2896\/revisions\/2900"}],"wp:attachment":[{"href":"https:\/\/www.saint-paul-angouleme.fr\/application\/wp-json\/wp\/v2\/media?parent=2896"}],"wp:term":[{"taxonomy":"category","embeddable":true,"href":"https:\/\/www.saint-paul-angouleme.fr\/application\/wp-json\/wp\/v2\/categories?post=2896"},{"taxonomy":"post_tag","embeddable":true,"href":"https:\/\/www.saint-paul-angouleme.fr\/application\/wp-json\/wp\/v2\/tags?post=2896"}],"curies":[{"name":"wp","href":"https:\/\/api.w.org\/{rel}","templated":true}]}}