{"id":2867,"date":"2018-03-28T16:48:21","date_gmt":"2018-03-28T14:48:21","guid":{"rendered":"http:\/\/www.saint-paul-angouleme.fr\/application\/?p=2867"},"modified":"2018-04-05T19:29:09","modified_gmt":"2018-04-05T17:29:09","slug":"francois-morel-a-saint-paul-rencontre-avec-latelier-theatre","status":"publish","type":"post","link":"https:\/\/www.saint-paul-angouleme.fr\/application\/francois-morel-a-saint-paul-rencontre-avec-latelier-theatre\/","title":{"rendered":"Fran\u00e7ois MOREL \u00e0 Saint-Paul : rencontre avec l&#8217;atelier th\u00e9\u00e2tre"},"content":{"rendered":"<figure id=\"attachment_2868\" aria-describedby=\"caption-attachment-2868\" style=\"width: 1014px\" class=\"wp-caption aligncenter\"><a href=\"http:\/\/www.saint-paul-angouleme.fr\/application\/wp-content\/uploads\/2018\/03\/P1270229.jpg\"><img loading=\"lazy\" decoding=\"async\" class=\"wp-image-2868 size-large\" title=\"Fran\u00e7ois MOREL rencontre l'atelier th\u00e9\u00e2tre de Saint-Paul\" src=\"http:\/\/www.saint-paul-angouleme.fr\/application\/wp-content\/uploads\/2018\/03\/P1270229-1024x683.jpg\" alt=\"Fran\u00e7ois MOREL rencontre l'atelier th\u00e9\u00e2tre de Saint-Paul\" width=\"1024\" height=\"683\" data-id=\"2868\" srcset=\"https:\/\/www.saint-paul-angouleme.fr\/application\/wp-content\/uploads\/2018\/03\/P1270229-1024x683.jpg 1024w, https:\/\/www.saint-paul-angouleme.fr\/application\/wp-content\/uploads\/2018\/03\/P1270229-300x200.jpg 300w, https:\/\/www.saint-paul-angouleme.fr\/application\/wp-content\/uploads\/2018\/03\/P1270229-768x512.jpg 768w\" sizes=\"(max-width: 1024px) 100vw, 1024px\" \/><\/a><figcaption id=\"caption-attachment-2868\" class=\"wp-caption-text\"><span style=\"font-size: 10px; font-family: arial, helvetica, sans-serif;\">Fran\u00e7ois MOREL \u00e0 Saint-Paul le 7 mars 2018<\/span><\/figcaption><\/figure>\n<p style=\"text-align: justify;\"><span style=\"font-family: arial, helvetica, sans-serif; color: #333333;\">Souvenez-vous, c\u2019\u00e9tait en avril dernier\u2026 Les jeunes de l\u2019atelier th\u00e9\u00e2tre jouent <a href=\"http:\/\/www.saint-paul-angouleme.fr\/application\/?p=656#\"><em>\u00ab\u00a0M. MOREL sera vivant dimanche, titre provisoire\u00a0\u00bb<\/em><\/a> devant un large public\u00a0: \u00e9l\u00e8ves, enseignants et personnels de l\u2019\u00e9tablissement, familles. L\u2019auteur avait donn\u00e9 son accord pour que la pi\u00e8ce puisse \u00eatre jou\u00e9e mais son emploi du temps ne lui avait pas permis de faire le d\u00e9placement.<\/span><\/p>\n<p style=\"text-align: justify;\"><span style=\"font-family: arial, helvetica, sans-serif; color: #333333;\">Quelques mois plus tard, en mars 2018 Fran\u00e7ois MOREL est en tourn\u00e9e et joue au <a href=\"https:\/\/www.theatre-angouleme.org\/programmation\/la-vie-titre-provisoire\/\">th\u00e9\u00e2tre d&#8217;Angoul\u00eame<\/a>. Il accepte de rencontrer nos acteurs lyc\u00e9ens et l\u2019\u00e9quipe de r\u00e9daction du journal\u00a0: \u00ab\u00a0L\u2019\u00e9cho des lyc\u00e9ens\u00a0\u00bb. Bien que souffrant, il tient \u00e0 honorer sa promesse de venir \u00e0 Saint-Paul et chacun est touch\u00e9 de cette d\u00e9licatesse.<\/span><\/p>\n<p style=\"text-align: justify;\"><span style=\"font-family: arial, helvetica, sans-serif; color: #333333;\">Avec beaucoup de sinc\u00e9rit\u00e9 il r\u00e9pond aux questions des uns et des autres. Les journalistes en herbe prennent des notes pour relater l\u2019entretien dans leur prochaine publication.<\/span><\/p>\n<figure id=\"attachment_2869\" aria-describedby=\"caption-attachment-2869\" style=\"width: 1014px\" class=\"wp-caption aligncenter\"><a href=\"http:\/\/www.saint-paul-angouleme.fr\/application\/wp-content\/uploads\/2018\/03\/P1270209.jpg\"><img loading=\"lazy\" decoding=\"async\" class=\"wp-image-2869 size-large\" title=\"Remise \u00e0 Fran\u00e7ois MOREL de sa pi\u00e8ce jou\u00e9e par les lyc\u00e9ens de Saint-Paul\" src=\"http:\/\/www.saint-paul-angouleme.fr\/application\/wp-content\/uploads\/2018\/03\/P1270209-1024x683.jpg\" alt=\"Remise \u00e0 Fran\u00e7ois MOREL de sa pi\u00e8ce jou\u00e9e par les lyc\u00e9ens de Saint-Paul\" width=\"1024\" height=\"683\" data-id=\"2869\" srcset=\"https:\/\/www.saint-paul-angouleme.fr\/application\/wp-content\/uploads\/2018\/03\/P1270209-1024x683.jpg 1024w, https:\/\/www.saint-paul-angouleme.fr\/application\/wp-content\/uploads\/2018\/03\/P1270209-300x200.jpg 300w, https:\/\/www.saint-paul-angouleme.fr\/application\/wp-content\/uploads\/2018\/03\/P1270209-768x512.jpg 768w\" sizes=\"(max-width: 1024px) 100vw, 1024px\" \/><\/a><figcaption id=\"caption-attachment-2869\" class=\"wp-caption-text\"><span style=\"font-family: arial, helvetica, sans-serif; font-size: 10px;\">Mme GABRIEL remet sur clef USB la pi\u00e8ce jou\u00e9e par l&#8217;atelier th\u00e9\u00e2tre<\/span><\/figcaption><\/figure>\n<p style=\"text-align: justify;\"><span style=\"font-family: arial, helvetica, sans-serif; color: #333333;\">La premi\u00e8re intervention concerne son parcours depuis les Deschiens jusqu\u2019\u00e0 la chanson, ses chroniques sur France Inter, avec un sens de l\u2019humour toujours pr\u00e9sent. Des questions suivent\u00a0: la difficult\u00e9 ou non d\u2019\u00e9crire de la com\u00e9die, les choses peut-\u00eatre difficiles \u00e0 assumer parmi les diff\u00e9rents r\u00f4les qu\u2019il a pu incarner, ses go\u00fbts personnels en mati\u00e8re de spectacle, les acteurs qui ont marqu\u00e9 sa carri\u00e8re\u2026<\/span><\/p>\n<p style=\"text-align: justify;\"><span style=\"font-family: arial, helvetica, sans-serif; color: #333333;\">Fran\u00e7ois MOREL prend le temps de r\u00e9pondre \u00e0 chacun en \u00e9tayant ses r\u00e9ponses de quelques anecdotes. A la question \u00ab\u00a0Qu\u2019est-ce qui vous a fait aimer le th\u00e9\u00e2tre\u00a0?\u00a0\u00bb il d\u00e9clare\u00a0: \u00ab\u00a0C\u2019est gr\u00e2ce \u00e0 l\u2019\u00e9cole que j\u2019ai pu aimer le th\u00e9\u00e2tre, pouvoir y aller et en faire.\u00a0\u00bb Il ajoute\u00a0: \u00ab\u00a0Peut-\u00eatre y a-t-il parmi vous de futurs acteurs\u00a0?\u00a0\u00bb.<\/span><\/p>\n<p style=\"text-align: justify;\"><span style=\"font-family: arial, helvetica, sans-serif; color: #333333;\">En fin de matin\u00e9e la rencontre s\u2019ach\u00e8ve par un pot de l\u2019amiti\u00e9, les incontournables selfies et demandes d\u2019autographes.<\/span><\/p>\n<p style=\"text-align: justify;\"><span style=\"font-family: arial, helvetica, sans-serif; color: #333333;\">Notre Chef d\u2019\u00e9tablissement, M. Fran\u00e7ois CONSTANTIN, vient saluer M. Fran\u00e7ois MOREL qui ensuite va \u00e9changer quelques mots avec M. David POUGNAUD qui est le metteur en sc\u00e8ne de la troupe ainsi que Mme V\u00e9ronique GABRIEL, \u00e0 l\u2019origine de cet atelier th\u00e9\u00e2tre. Il complimente aussi nos jeunes.<\/span><\/p>\n<figure id=\"attachment_2871\" aria-describedby=\"caption-attachment-2871\" style=\"width: 1014px\" class=\"wp-caption aligncenter\"><a href=\"http:\/\/www.saint-paul-angouleme.fr\/application\/wp-content\/uploads\/2018\/03\/P1270226-1.jpg\"><img loading=\"lazy\" decoding=\"async\" class=\"wp-image-2871 size-large\" title=\"M Fran\u00e7ois CONSTANTIN, chef d'\u00e9tablissement, s'entretien avec M Fran\u00e7ois MOREL\" src=\"http:\/\/www.saint-paul-angouleme.fr\/application\/wp-content\/uploads\/2018\/03\/P1270226-1-1024x683.jpg\" alt=\"M Fran\u00e7ois CONSTANTIN, chef d'\u00e9tablissement, s'entretien avec M Fran\u00e7ois MOREL\" width=\"1024\" height=\"683\" data-id=\"2871\" srcset=\"https:\/\/www.saint-paul-angouleme.fr\/application\/wp-content\/uploads\/2018\/03\/P1270226-1-1024x683.jpg 1024w, https:\/\/www.saint-paul-angouleme.fr\/application\/wp-content\/uploads\/2018\/03\/P1270226-1-300x200.jpg 300w, https:\/\/www.saint-paul-angouleme.fr\/application\/wp-content\/uploads\/2018\/03\/P1270226-1-768x512.jpg 768w\" sizes=\"(max-width: 1024px) 100vw, 1024px\" \/><\/a><figcaption id=\"caption-attachment-2871\" class=\"wp-caption-text\"><span style=\"font-family: arial, helvetica, sans-serif; font-size: 10px;\">M Fran\u00e7ois CONSTANTIN, chef d&#8217;\u00e9tablissement, accueille M Fran\u00e7ois MOREL<\/span><\/figcaption><\/figure>\n<p style=\"text-align: center;\"><span style=\"font-family: arial, helvetica, sans-serif; color: #333333; font-size: 20px;\">Merci M. MOREL pour votre talent, votre simplicit\u00e9 et votre g\u00e9n\u00e9rosit\u00e9\u00a0!<\/span><\/p>\n<div class=\"arve\" data-mode=\"normal\" data-oembed=\"1\" data-provider=\"youtube\" id=\"arve-youtube-bvucljnkhh0\">\n<div class=\"arve-inner\">\n<div class=\"arve-embed arve-embed--has-aspect-ratio\">\n<span class=\"arve-ar\" style=\"padding-top:56.250000%\"><\/span><iframe credentialless referrerpolicy=\"strict-origin-when-cross-origin\" allow=\"accelerometer &#039;none&#039;;ambient-light-sensor &#039;none&#039;;autoplay &#039;none&#039;;battery &#039;none&#039;;bluetooth &#039;none&#039;;browsing-topics &#039;none&#039;;camera &#039;none&#039;;ch-ua &#039;none&#039;;clipboard-read &#039;none&#039;;clipboard-write;display-capture &#039;none&#039;;document-domain &#039;none&#039;;domain-agent &#039;none&#039;;encrypted-media &#039;none&#039;;execution-while-not-rendered &#039;none&#039;;execution-while-out-of-viewport &#039;none&#039;;gamepad &#039;none&#039;;geolocation &#039;none&#039;;gyroscope &#039;none&#039;;hid &#039;none&#039;;identity-credentials-get &#039;none&#039;;idle-detection &#039;none&#039;;keyboard-map &#039;none&#039;;local-fonts &#039;none&#039;;magnetometer &#039;none&#039;;microphone &#039;none&#039;;midi &#039;none&#039;;navigation-override &#039;none&#039;;otp-credentials &#039;none&#039;;payment &#039;none&#039;;picture-in-picture;publickey-credentials-create &#039;none&#039;;publickey-credentials-get &#039;none&#039;;screen-wake-lock &#039;none&#039;;serial &#039;none&#039;;speaker-selection;sync-xhr &#039;none&#039;;usb &#039;none&#039;;web-share;window-management &#039;none&#039;;xr-spatial-tracking &#039;none&#039;;\" allowfullscreen class=\"arve-iframe fitvidsignore\" data-arve=\"arve-youtube-bvucljnkhh0\" data-src-no-ap=\"https:\/\/www.youtube-nocookie.com\/embed\/BVuClJnkhH0?feature=oembed&amp;iv_load_policy=3&amp;modestbranding=1&amp;rel=0&amp;autohide=1&amp;playsinline=0&amp;autoplay=0\" frameborder=\"0\" height=\"0\" name sandbox=\"allow-scripts allow-same-origin allow-presentation allow-popups allow-popups-to-escape-sandbox\" scrolling=\"no\" src=\"https:\/\/www.youtube-nocookie.com\/embed\/BVuClJnkhH0?feature=oembed&#038;iv_load_policy=3&#038;modestbranding=1&#038;rel=0&#038;autohide=1&#038;playsinline=0&#038;autoplay=0\" width=\"0\" title loading=\"lazy\"><\/iframe><\/p>\n<\/div>\n<\/div>\n<p><script type=\"application\/ld+json\">{\"@context\":\"http:\\\/\\\/schema.org\\\/\",\"@id\":\"https:\\\/\\\/www.saint-paul-angouleme.fr\\\/application\\\/francois-morel-a-saint-paul-rencontre-avec-latelier-theatre\\\/#arve-youtube-bvucljnkhh0\",\"type\":\"VideoObject\",\"embedURL\":\"https:\\\/\\\/www.youtube-nocookie.com\\\/embed\\\/BVuClJnkhH0?feature=oembed&iv_load_policy=3&modestbranding=1&rel=0&autohide=1&playsinline=0&autoplay=0\"}<\/script>\n<\/div>\n<p>Retrouver l&#8217;article et la vid\u00e9o de Charente Libre :\u00a0<a href=\"http:\/\/www.charentelibre.fr\/2018\/03\/07\/angouleme-francois-morel-a-la-rencontre-des-lyceens-de-saint-paul-video,3219640.php\">http:\/\/www.charentelibre.fr\/2018\/03\/07\/angouleme-francois-morel-a-la-rencontre-des-lyceens-de-saint-paul-video,3219640.php<\/a><\/p>\n<div tabindex=\"0\" class=\"cycloneslider cycloneslider-template-standard cycloneslider-width-responsive\" id=\"cycloneslider-francois-morel-1\" style=\"max-width:960px\" > <div class=\"cycloneslider-slides cycle-slideshow\" data-cycle-allow-wrap=\"true\" data-cycle-dynamic-height=\"off\" data-cycle-auto-height=\"960:600\" data-cycle-auto-height-easing=\"null\" data-cycle-auto-height-speed=\"250\" data-cycle-delay=\"0\" data-cycle-easing=\"\" data-cycle-fx=\"fade\" data-cycle-hide-non-active=\"true\" data-cycle-log=\"false\" data-cycle-next=\"#cycloneslider-francois-morel-1 .cycloneslider-next\" data-cycle-pager=\"#cycloneslider-francois-morel-1 .cycloneslider-pager\" data-cycle-pause-on-hover=\"true\" data-cycle-prev=\"#cycloneslider-francois-morel-1 .cycloneslider-prev\" data-cycle-slides=\"&gt; div\" data-cycle-speed=\"1000\" data-cycle-swipe=\"1\" data-cycle-tile-count=\"7\" data-cycle-tile-delay=\"100\" data-cycle-tile-vertical=\"true\" data-cycle-timeout=\"4000\" > <div class=\"cycloneslider-slide cycloneslider-slide-image\" > <img decoding=\"async\" src=\"https:\/\/www.saint-paul-angouleme.fr\/application\/wp-content\/uploads\/2018\/03\/P1270211-960x600.jpg\" alt=\"\" title=\"\" \/> <\/div> <div class=\"cycloneslider-slide cycloneslider-slide-image\" > <img decoding=\"async\" src=\"https:\/\/www.saint-paul-angouleme.fr\/application\/wp-content\/uploads\/2018\/03\/P1270226-1-960x600.jpg\" alt=\"\" title=\"\" \/> <\/div> <div class=\"cycloneslider-slide cycloneslider-slide-image\" > <img decoding=\"async\" src=\"https:\/\/www.saint-paul-angouleme.fr\/application\/wp-content\/uploads\/2018\/03\/P1270209-960x600.jpg\" alt=\"\" title=\"\" \/> <\/div> <div class=\"cycloneslider-slide cycloneslider-slide-image\" > <img decoding=\"async\" src=\"https:\/\/www.saint-paul-angouleme.fr\/application\/wp-content\/uploads\/2018\/03\/P1270229-960x600.jpg\" alt=\"\" title=\"\" \/> <\/div> <div class=\"cycloneslider-slide cycloneslider-slide-image\" > <img decoding=\"async\" src=\"https:\/\/www.saint-paul-angouleme.fr\/application\/wp-content\/uploads\/2018\/03\/P1270210-960x600.jpg\" alt=\"\" title=\"\" \/> <\/div> <div class=\"cycloneslider-slide cycloneslider-slide-image\" > <img decoding=\"async\" src=\"https:\/\/www.saint-paul-angouleme.fr\/application\/wp-content\/uploads\/2018\/03\/P1270211-1-960x600.jpg\" alt=\"\" title=\"\" \/> <\/div> <div class=\"cycloneslider-slide cycloneslider-slide-image\" > <img decoding=\"async\" src=\"https:\/\/www.saint-paul-angouleme.fr\/application\/wp-content\/uploads\/2018\/03\/P1270213-960x600.jpg\" alt=\"\" title=\"\" \/> <\/div> <div class=\"cycloneslider-slide cycloneslider-slide-image\" > <img decoding=\"async\" src=\"https:\/\/www.saint-paul-angouleme.fr\/application\/wp-content\/uploads\/2018\/03\/P1270215-960x600.jpg\" alt=\"\" title=\"\" \/> <\/div> <div class=\"cycloneslider-slide cycloneslider-slide-image\" > <img decoding=\"async\" src=\"https:\/\/www.saint-paul-angouleme.fr\/application\/wp-content\/uploads\/2018\/03\/P1270216-960x600.jpg\" alt=\"\" title=\"\" \/> <\/div> <div class=\"cycloneslider-slide cycloneslider-slide-image\" > <img decoding=\"async\" src=\"https:\/\/www.saint-paul-angouleme.fr\/application\/wp-content\/uploads\/2018\/03\/P1270219-960x600.jpg\" alt=\"\" title=\"\" \/> <\/div> <div class=\"cycloneslider-slide cycloneslider-slide-image\" > <img decoding=\"async\" src=\"https:\/\/www.saint-paul-angouleme.fr\/application\/wp-content\/uploads\/2018\/03\/P1270222-960x600.jpg\" alt=\"\" title=\"\" \/> <\/div> <div class=\"cycloneslider-slide cycloneslider-slide-image\" > <img decoding=\"async\" src=\"https:\/\/www.saint-paul-angouleme.fr\/application\/wp-content\/uploads\/2018\/03\/P1270233-960x600.jpg\" alt=\"\" title=\"\" \/> <\/div> <div class=\"cycloneslider-slide cycloneslider-slide-image\" > <img decoding=\"async\" src=\"https:\/\/www.saint-paul-angouleme.fr\/application\/wp-content\/uploads\/2018\/03\/P1270230-960x600.jpg\" alt=\"\" title=\"\" \/> <\/div> <\/div> <div class=\"cycloneslider-pager\"><\/div> <a href=\"#\" class=\"cycloneslider-prev\"> <span class=\"arrow\"><\/span> <\/a> <a href=\"#\" class=\"cycloneslider-next\"> <span class=\"arrow\"><\/span> <\/a> <\/div>\n<p>&nbsp;<\/p>\n","protected":false},"excerpt":{"rendered":"<p>Souvenez-vous, c\u2019\u00e9tait en avril dernier\u2026 Les jeunes de l\u2019atelier th\u00e9\u00e2tre jouent \u00ab\u00a0M. MOREL sera vivant dimanche, titre provisoire\u00a0\u00bb devant un large public\u00a0: \u00e9l\u00e8ves, enseignants et personnels de l\u2019\u00e9tablissement, familles. L\u2019auteur avait donn\u00e9 son accord pour que la pi\u00e8ce puisse \u00eatre jou\u00e9e mais son emploi du temps ne lui avait pas permis de faire le d\u00e9placement. &#8230; <a title=\"Fran\u00e7ois MOREL \u00e0 Saint-Paul : rencontre avec l&#8217;atelier th\u00e9\u00e2tre\" class=\"read-more\" href=\"https:\/\/www.saint-paul-angouleme.fr\/application\/francois-morel-a-saint-paul-rencontre-avec-latelier-theatre\/\" aria-label=\"Read more about Fran\u00e7ois MOREL \u00e0 Saint-Paul : rencontre avec l&#8217;atelier th\u00e9\u00e2tre\">Lire la suite<\/a><\/p>\n","protected":false},"author":3,"featured_media":0,"comment_status":"open","ping_status":"open","sticky":false,"template":"","format":"standard","meta":{"_exactmetrics_skip_tracking":false,"_exactmetrics_sitenote_active":false,"_exactmetrics_sitenote_note":"","_exactmetrics_sitenote_category":0,"footnotes":""},"categories":[2,13,3],"tags":[53,222,221,223,54],"class_list":["post-2867","post","type-post","status-publish","format-standard","hentry","category-look-on","category-pedagogie","category-revue-de-presse","tag-francois-morel","tag-interview","tag-journal","tag-rencontre-avec-un-artiste","tag-theatre"],"yoast_head":"<!-- This site is optimized with the Yoast SEO plugin v23.3 - https:\/\/yoast.com\/wordpress\/plugins\/seo\/ -->\n<title>Fran\u00e7ois MOREL \u00e0 Saint-Paul : rencontre avec l&#039;atelier th\u00e9\u00e2tre - Actualit\u00e9s<\/title>\n<meta name=\"robots\" content=\"index, follow, max-snippet:-1, max-image-preview:large, max-video-preview:-1\" \/>\n<link rel=\"canonical\" href=\"https:\/\/www.saint-paul-angouleme.fr\/application\/francois-morel-a-saint-paul-rencontre-avec-latelier-theatre\/\" \/>\n<meta property=\"og:locale\" content=\"fr_FR\" \/>\n<meta property=\"og:type\" content=\"article\" \/>\n<meta property=\"og:title\" content=\"Fran\u00e7ois MOREL \u00e0 Saint-Paul : rencontre avec l&#039;atelier th\u00e9\u00e2tre - Actualit\u00e9s\" \/>\n<meta property=\"og:description\" content=\"Souvenez-vous, c\u2019\u00e9tait en avril dernier\u2026 Les jeunes de l\u2019atelier th\u00e9\u00e2tre jouent \u00ab\u00a0M. MOREL sera vivant dimanche, titre provisoire\u00a0\u00bb devant un large public\u00a0: \u00e9l\u00e8ves, enseignants et personnels de l\u2019\u00e9tablissement, familles. L\u2019auteur avait donn\u00e9 son accord pour que la pi\u00e8ce puisse \u00eatre jou\u00e9e mais son emploi du temps ne lui avait pas permis de faire le d\u00e9placement. ... Lire la suite\" \/>\n<meta property=\"og:url\" content=\"https:\/\/www.saint-paul-angouleme.fr\/application\/francois-morel-a-saint-paul-rencontre-avec-latelier-theatre\/\" \/>\n<meta property=\"og:site_name\" content=\"Actualit\u00e9s\" \/>\n<meta property=\"article:publisher\" content=\"https:\/\/www.facebook.com\/SaintPaulAngouleme16\/\" \/>\n<meta property=\"article:published_time\" content=\"2018-03-28T14:48:21+00:00\" \/>\n<meta property=\"article:modified_time\" content=\"2018-04-05T17:29:09+00:00\" \/>\n<meta property=\"og:image\" content=\"http:\/\/www.saint-paul-angouleme.fr\/application\/wp-content\/uploads\/2018\/03\/P1270229-1024x683.jpg\" \/>\n<meta name=\"author\" content=\"SAINT-PAUL\" \/>\n<meta name=\"twitter:card\" content=\"summary_large_image\" \/>\n<meta name=\"twitter:creator\" content=\"@StPaulAngoulem\" \/>\n<meta name=\"twitter:site\" content=\"@StPaulAngoulem\" \/>\n<meta name=\"twitter:label1\" content=\"\u00c9crit par\" \/>\n\t<meta name=\"twitter:data1\" content=\"SAINT-PAUL\" \/>\n\t<meta name=\"twitter:label2\" content=\"Dur\u00e9e de lecture estim\u00e9e\" \/>\n\t<meta name=\"twitter:data2\" content=\"2 minutes\" \/>\n<script type=\"application\/ld+json\" class=\"yoast-schema-graph\">{\"@context\":\"https:\/\/schema.org\",\"@graph\":[{\"@type\":\"Article\",\"@id\":\"https:\/\/www.saint-paul-angouleme.fr\/application\/francois-morel-a-saint-paul-rencontre-avec-latelier-theatre\/#article\",\"isPartOf\":{\"@id\":\"https:\/\/www.saint-paul-angouleme.fr\/application\/francois-morel-a-saint-paul-rencontre-avec-latelier-theatre\/\"},\"author\":{\"name\":\"SAINT-PAUL\",\"@id\":\"https:\/\/www.saint-paul-angouleme.fr\/application\/#\/schema\/person\/ea152930b1a3823659065827b1a5fb9b\"},\"headline\":\"Fran\u00e7ois MOREL \u00e0 Saint-Paul : rencontre avec l&#8217;atelier th\u00e9\u00e2tre\",\"datePublished\":\"2018-03-28T14:48:21+00:00\",\"dateModified\":\"2018-04-05T17:29:09+00:00\",\"mainEntityOfPage\":{\"@id\":\"https:\/\/www.saint-paul-angouleme.fr\/application\/francois-morel-a-saint-paul-rencontre-avec-latelier-theatre\/\"},\"wordCount\":473,\"commentCount\":0,\"publisher\":{\"@id\":\"https:\/\/www.saint-paul-angouleme.fr\/application\/#organization\"},\"image\":{\"@id\":\"https:\/\/www.saint-paul-angouleme.fr\/application\/francois-morel-a-saint-paul-rencontre-avec-latelier-theatre\/#primaryimage\"},\"thumbnailUrl\":\"http:\/\/www.saint-paul-angouleme.fr\/application\/wp-content\/uploads\/2018\/03\/P1270229-1024x683.jpg\",\"keywords\":[\"Fran\u00e7ois Morel\",\"interview\",\"journal\",\"rencontre avec un artiste\",\"Th\u00e9\u00e2tre\"],\"articleSection\":[\"Look on\",\"P\u00e9dagogie\",\"Revue de presse\"],\"inLanguage\":\"fr-FR\",\"potentialAction\":[{\"@type\":\"CommentAction\",\"name\":\"Comment\",\"target\":[\"https:\/\/www.saint-paul-angouleme.fr\/application\/francois-morel-a-saint-paul-rencontre-avec-latelier-theatre\/#respond\"]}]},{\"@type\":\"WebPage\",\"@id\":\"https:\/\/www.saint-paul-angouleme.fr\/application\/francois-morel-a-saint-paul-rencontre-avec-latelier-theatre\/\",\"url\":\"https:\/\/www.saint-paul-angouleme.fr\/application\/francois-morel-a-saint-paul-rencontre-avec-latelier-theatre\/\",\"name\":\"Fran\u00e7ois MOREL \u00e0 Saint-Paul : rencontre avec l'atelier th\u00e9\u00e2tre - Actualit\u00e9s\",\"isPartOf\":{\"@id\":\"https:\/\/www.saint-paul-angouleme.fr\/application\/#website\"},\"primaryImageOfPage\":{\"@id\":\"https:\/\/www.saint-paul-angouleme.fr\/application\/francois-morel-a-saint-paul-rencontre-avec-latelier-theatre\/#primaryimage\"},\"image\":{\"@id\":\"https:\/\/www.saint-paul-angouleme.fr\/application\/francois-morel-a-saint-paul-rencontre-avec-latelier-theatre\/#primaryimage\"},\"thumbnailUrl\":\"http:\/\/www.saint-paul-angouleme.fr\/application\/wp-content\/uploads\/2018\/03\/P1270229-1024x683.jpg\",\"datePublished\":\"2018-03-28T14:48:21+00:00\",\"dateModified\":\"2018-04-05T17:29:09+00:00\",\"breadcrumb\":{\"@id\":\"https:\/\/www.saint-paul-angouleme.fr\/application\/francois-morel-a-saint-paul-rencontre-avec-latelier-theatre\/#breadcrumb\"},\"inLanguage\":\"fr-FR\",\"potentialAction\":[{\"@type\":\"ReadAction\",\"target\":[\"https:\/\/www.saint-paul-angouleme.fr\/application\/francois-morel-a-saint-paul-rencontre-avec-latelier-theatre\/\"]}]},{\"@type\":\"ImageObject\",\"inLanguage\":\"fr-FR\",\"@id\":\"https:\/\/www.saint-paul-angouleme.fr\/application\/francois-morel-a-saint-paul-rencontre-avec-latelier-theatre\/#primaryimage\",\"url\":\"https:\/\/www.saint-paul-angouleme.fr\/application\/wp-content\/uploads\/2018\/03\/P1270229.jpg\",\"contentUrl\":\"https:\/\/www.saint-paul-angouleme.fr\/application\/wp-content\/uploads\/2018\/03\/P1270229.jpg\",\"width\":5472,\"height\":3648},{\"@type\":\"BreadcrumbList\",\"@id\":\"https:\/\/www.saint-paul-angouleme.fr\/application\/francois-morel-a-saint-paul-rencontre-avec-latelier-theatre\/#breadcrumb\",\"itemListElement\":[{\"@type\":\"ListItem\",\"position\":1,\"name\":\"Accueil\",\"item\":\"http:\/\/www.saint-paul-angouleme.fr\/application\/\"},{\"@type\":\"ListItem\",\"position\":2,\"name\":\"Fran\u00e7ois MOREL \u00e0 Saint-Paul : rencontre avec l&#8217;atelier th\u00e9\u00e2tre\"}]},{\"@type\":\"WebSite\",\"@id\":\"https:\/\/www.saint-paul-angouleme.fr\/application\/#website\",\"url\":\"https:\/\/www.saint-paul-angouleme.fr\/application\/\",\"name\":\"Actualit\u00e9s\",\"description\":\"Actualit\u00e9s Saint Paul\",\"publisher\":{\"@id\":\"https:\/\/www.saint-paul-angouleme.fr\/application\/#organization\"},\"potentialAction\":[{\"@type\":\"SearchAction\",\"target\":{\"@type\":\"EntryPoint\",\"urlTemplate\":\"https:\/\/www.saint-paul-angouleme.fr\/application\/?s={search_term_string}\"},\"query-input\":\"required name=search_term_string\"}],\"inLanguage\":\"fr-FR\"},{\"@type\":\"Organization\",\"@id\":\"https:\/\/www.saint-paul-angouleme.fr\/application\/#organization\",\"name\":\"Ensemble scolaire Saint-Paul\",\"url\":\"https:\/\/www.saint-paul-angouleme.fr\/application\/\",\"logo\":{\"@type\":\"ImageObject\",\"inLanguage\":\"fr-FR\",\"@id\":\"https:\/\/www.saint-paul-angouleme.fr\/application\/#\/schema\/logo\/image\/\",\"url\":\"https:\/\/www.saint-paul-angouleme.fr\/application\/wp-content\/uploads\/2018\/08\/logo-saint-paul-couleurs.jpg\",\"contentUrl\":\"https:\/\/www.saint-paul-angouleme.fr\/application\/wp-content\/uploads\/2018\/08\/logo-saint-paul-couleurs.jpg\",\"width\":1890,\"height\":709,\"caption\":\"Ensemble scolaire Saint-Paul\"},\"image\":{\"@id\":\"https:\/\/www.saint-paul-angouleme.fr\/application\/#\/schema\/logo\/image\/\"},\"sameAs\":[\"https:\/\/www.facebook.com\/SaintPaulAngouleme16\/\",\"https:\/\/x.com\/StPaulAngoulem\",\"https:\/\/www.youtube.com\/channel\/UCRLpz1CmPVqc0gn--YyXvjA?view_as=subscriber\"]},{\"@type\":\"Person\",\"@id\":\"https:\/\/www.saint-paul-angouleme.fr\/application\/#\/schema\/person\/ea152930b1a3823659065827b1a5fb9b\",\"name\":\"SAINT-PAUL\",\"image\":{\"@type\":\"ImageObject\",\"inLanguage\":\"fr-FR\",\"@id\":\"https:\/\/www.saint-paul-angouleme.fr\/application\/#\/schema\/person\/image\/\",\"url\":\"https:\/\/secure.gravatar.com\/avatar\/eadb0ffebc02683a61d69038eb2924f0?s=96&r=g\",\"contentUrl\":\"https:\/\/secure.gravatar.com\/avatar\/eadb0ffebc02683a61d69038eb2924f0?s=96&r=g\",\"caption\":\"SAINT-PAUL\"},\"url\":\"https:\/\/www.saint-paul-angouleme.fr\/application\/author\/myriam\/\"}]}<\/script>\n<!-- \/ Yoast SEO plugin. -->","yoast_head_json":{"title":"Fran\u00e7ois MOREL \u00e0 Saint-Paul : rencontre avec l'atelier th\u00e9\u00e2tre - Actualit\u00e9s","robots":{"index":"index","follow":"follow","max-snippet":"max-snippet:-1","max-image-preview":"max-image-preview:large","max-video-preview":"max-video-preview:-1"},"canonical":"https:\/\/www.saint-paul-angouleme.fr\/application\/francois-morel-a-saint-paul-rencontre-avec-latelier-theatre\/","og_locale":"fr_FR","og_type":"article","og_title":"Fran\u00e7ois MOREL \u00e0 Saint-Paul : rencontre avec l'atelier th\u00e9\u00e2tre - Actualit\u00e9s","og_description":"Souvenez-vous, c\u2019\u00e9tait en avril dernier\u2026 Les jeunes de l\u2019atelier th\u00e9\u00e2tre jouent \u00ab\u00a0M. MOREL sera vivant dimanche, titre provisoire\u00a0\u00bb devant un large public\u00a0: \u00e9l\u00e8ves, enseignants et personnels de l\u2019\u00e9tablissement, familles. L\u2019auteur avait donn\u00e9 son accord pour que la pi\u00e8ce puisse \u00eatre jou\u00e9e mais son emploi du temps ne lui avait pas permis de faire le d\u00e9placement. ... Lire la suite","og_url":"https:\/\/www.saint-paul-angouleme.fr\/application\/francois-morel-a-saint-paul-rencontre-avec-latelier-theatre\/","og_site_name":"Actualit\u00e9s","article_publisher":"https:\/\/www.facebook.com\/SaintPaulAngouleme16\/","article_published_time":"2018-03-28T14:48:21+00:00","article_modified_time":"2018-04-05T17:29:09+00:00","og_image":[{"url":"http:\/\/www.saint-paul-angouleme.fr\/application\/wp-content\/uploads\/2018\/03\/P1270229-1024x683.jpg"}],"author":"SAINT-PAUL","twitter_card":"summary_large_image","twitter_creator":"@StPaulAngoulem","twitter_site":"@StPaulAngoulem","twitter_misc":{"\u00c9crit par":"SAINT-PAUL","Dur\u00e9e de lecture estim\u00e9e":"2 minutes"},"schema":{"@context":"https:\/\/schema.org","@graph":[{"@type":"Article","@id":"https:\/\/www.saint-paul-angouleme.fr\/application\/francois-morel-a-saint-paul-rencontre-avec-latelier-theatre\/#article","isPartOf":{"@id":"https:\/\/www.saint-paul-angouleme.fr\/application\/francois-morel-a-saint-paul-rencontre-avec-latelier-theatre\/"},"author":{"name":"SAINT-PAUL","@id":"https:\/\/www.saint-paul-angouleme.fr\/application\/#\/schema\/person\/ea152930b1a3823659065827b1a5fb9b"},"headline":"Fran\u00e7ois MOREL \u00e0 Saint-Paul : rencontre avec l&#8217;atelier th\u00e9\u00e2tre","datePublished":"2018-03-28T14:48:21+00:00","dateModified":"2018-04-05T17:29:09+00:00","mainEntityOfPage":{"@id":"https:\/\/www.saint-paul-angouleme.fr\/application\/francois-morel-a-saint-paul-rencontre-avec-latelier-theatre\/"},"wordCount":473,"commentCount":0,"publisher":{"@id":"https:\/\/www.saint-paul-angouleme.fr\/application\/#organization"},"image":{"@id":"https:\/\/www.saint-paul-angouleme.fr\/application\/francois-morel-a-saint-paul-rencontre-avec-latelier-theatre\/#primaryimage"},"thumbnailUrl":"http:\/\/www.saint-paul-angouleme.fr\/application\/wp-content\/uploads\/2018\/03\/P1270229-1024x683.jpg","keywords":["Fran\u00e7ois Morel","interview","journal","rencontre avec un artiste","Th\u00e9\u00e2tre"],"articleSection":["Look on","P\u00e9dagogie","Revue de presse"],"inLanguage":"fr-FR","potentialAction":[{"@type":"CommentAction","name":"Comment","target":["https:\/\/www.saint-paul-angouleme.fr\/application\/francois-morel-a-saint-paul-rencontre-avec-latelier-theatre\/#respond"]}]},{"@type":"WebPage","@id":"https:\/\/www.saint-paul-angouleme.fr\/application\/francois-morel-a-saint-paul-rencontre-avec-latelier-theatre\/","url":"https:\/\/www.saint-paul-angouleme.fr\/application\/francois-morel-a-saint-paul-rencontre-avec-latelier-theatre\/","name":"Fran\u00e7ois MOREL \u00e0 Saint-Paul : rencontre avec l'atelier th\u00e9\u00e2tre - Actualit\u00e9s","isPartOf":{"@id":"https:\/\/www.saint-paul-angouleme.fr\/application\/#website"},"primaryImageOfPage":{"@id":"https:\/\/www.saint-paul-angouleme.fr\/application\/francois-morel-a-saint-paul-rencontre-avec-latelier-theatre\/#primaryimage"},"image":{"@id":"https:\/\/www.saint-paul-angouleme.fr\/application\/francois-morel-a-saint-paul-rencontre-avec-latelier-theatre\/#primaryimage"},"thumbnailUrl":"http:\/\/www.saint-paul-angouleme.fr\/application\/wp-content\/uploads\/2018\/03\/P1270229-1024x683.jpg","datePublished":"2018-03-28T14:48:21+00:00","dateModified":"2018-04-05T17:29:09+00:00","breadcrumb":{"@id":"https:\/\/www.saint-paul-angouleme.fr\/application\/francois-morel-a-saint-paul-rencontre-avec-latelier-theatre\/#breadcrumb"},"inLanguage":"fr-FR","potentialAction":[{"@type":"ReadAction","target":["https:\/\/www.saint-paul-angouleme.fr\/application\/francois-morel-a-saint-paul-rencontre-avec-latelier-theatre\/"]}]},{"@type":"ImageObject","inLanguage":"fr-FR","@id":"https:\/\/www.saint-paul-angouleme.fr\/application\/francois-morel-a-saint-paul-rencontre-avec-latelier-theatre\/#primaryimage","url":"https:\/\/www.saint-paul-angouleme.fr\/application\/wp-content\/uploads\/2018\/03\/P1270229.jpg","contentUrl":"https:\/\/www.saint-paul-angouleme.fr\/application\/wp-content\/uploads\/2018\/03\/P1270229.jpg","width":5472,"height":3648},{"@type":"BreadcrumbList","@id":"https:\/\/www.saint-paul-angouleme.fr\/application\/francois-morel-a-saint-paul-rencontre-avec-latelier-theatre\/#breadcrumb","itemListElement":[{"@type":"ListItem","position":1,"name":"Accueil","item":"http:\/\/www.saint-paul-angouleme.fr\/application\/"},{"@type":"ListItem","position":2,"name":"Fran\u00e7ois MOREL \u00e0 Saint-Paul : rencontre avec l&#8217;atelier th\u00e9\u00e2tre"}]},{"@type":"WebSite","@id":"https:\/\/www.saint-paul-angouleme.fr\/application\/#website","url":"https:\/\/www.saint-paul-angouleme.fr\/application\/","name":"Actualit\u00e9s","description":"Actualit\u00e9s Saint Paul","publisher":{"@id":"https:\/\/www.saint-paul-angouleme.fr\/application\/#organization"},"potentialAction":[{"@type":"SearchAction","target":{"@type":"EntryPoint","urlTemplate":"https:\/\/www.saint-paul-angouleme.fr\/application\/?s={search_term_string}"},"query-input":"required name=search_term_string"}],"inLanguage":"fr-FR"},{"@type":"Organization","@id":"https:\/\/www.saint-paul-angouleme.fr\/application\/#organization","name":"Ensemble scolaire Saint-Paul","url":"https:\/\/www.saint-paul-angouleme.fr\/application\/","logo":{"@type":"ImageObject","inLanguage":"fr-FR","@id":"https:\/\/www.saint-paul-angouleme.fr\/application\/#\/schema\/logo\/image\/","url":"https:\/\/www.saint-paul-angouleme.fr\/application\/wp-content\/uploads\/2018\/08\/logo-saint-paul-couleurs.jpg","contentUrl":"https:\/\/www.saint-paul-angouleme.fr\/application\/wp-content\/uploads\/2018\/08\/logo-saint-paul-couleurs.jpg","width":1890,"height":709,"caption":"Ensemble scolaire Saint-Paul"},"image":{"@id":"https:\/\/www.saint-paul-angouleme.fr\/application\/#\/schema\/logo\/image\/"},"sameAs":["https:\/\/www.facebook.com\/SaintPaulAngouleme16\/","https:\/\/x.com\/StPaulAngoulem","https:\/\/www.youtube.com\/channel\/UCRLpz1CmPVqc0gn--YyXvjA?view_as=subscriber"]},{"@type":"Person","@id":"https:\/\/www.saint-paul-angouleme.fr\/application\/#\/schema\/person\/ea152930b1a3823659065827b1a5fb9b","name":"SAINT-PAUL","image":{"@type":"ImageObject","inLanguage":"fr-FR","@id":"https:\/\/www.saint-paul-angouleme.fr\/application\/#\/schema\/person\/image\/","url":"https:\/\/secure.gravatar.com\/avatar\/eadb0ffebc02683a61d69038eb2924f0?s=96&r=g","contentUrl":"https:\/\/secure.gravatar.com\/avatar\/eadb0ffebc02683a61d69038eb2924f0?s=96&r=g","caption":"SAINT-PAUL"},"url":"https:\/\/www.saint-paul-angouleme.fr\/application\/author\/myriam\/"}]}},"_links":{"self":[{"href":"https:\/\/www.saint-paul-angouleme.fr\/application\/wp-json\/wp\/v2\/posts\/2867"}],"collection":[{"href":"https:\/\/www.saint-paul-angouleme.fr\/application\/wp-json\/wp\/v2\/posts"}],"about":[{"href":"https:\/\/www.saint-paul-angouleme.fr\/application\/wp-json\/wp\/v2\/types\/post"}],"author":[{"embeddable":true,"href":"https:\/\/www.saint-paul-angouleme.fr\/application\/wp-json\/wp\/v2\/users\/3"}],"replies":[{"embeddable":true,"href":"https:\/\/www.saint-paul-angouleme.fr\/application\/wp-json\/wp\/v2\/comments?post=2867"}],"version-history":[{"count":7,"href":"https:\/\/www.saint-paul-angouleme.fr\/application\/wp-json\/wp\/v2\/posts\/2867\/revisions"}],"predecessor-version":[{"id":2894,"href":"https:\/\/www.saint-paul-angouleme.fr\/application\/wp-json\/wp\/v2\/posts\/2867\/revisions\/2894"}],"wp:attachment":[{"href":"https:\/\/www.saint-paul-angouleme.fr\/application\/wp-json\/wp\/v2\/media?parent=2867"}],"wp:term":[{"taxonomy":"category","embeddable":true,"href":"https:\/\/www.saint-paul-angouleme.fr\/application\/wp-json\/wp\/v2\/categories?post=2867"},{"taxonomy":"post_tag","embeddable":true,"href":"https:\/\/www.saint-paul-angouleme.fr\/application\/wp-json\/wp\/v2\/tags?post=2867"}],"curies":[{"name":"wp","href":"https:\/\/api.w.org\/{rel}","templated":true}]}}