{"id":2845,"date":"2018-03-26T18:23:12","date_gmt":"2018-03-26T16:23:12","guid":{"rendered":"http:\/\/www.saint-paul-angouleme.fr\/application\/?p=2845"},"modified":"2018-03-26T18:23:12","modified_gmt":"2018-03-26T16:23:12","slug":"palmares-du-bac-2017-saint-paul-bien-place-avec-98-de-reussite","status":"publish","type":"post","link":"https:\/\/www.saint-paul-angouleme.fr\/application\/palmares-du-bac-2017-saint-paul-bien-place-avec-98-de-reussite\/","title":{"rendered":"Palmar\u00e8s du Bac 2017 : Saint-Paul bien plac\u00e9 avec 98% de r\u00e9ussite"},"content":{"rendered":"<figure id=\"attachment_2846\" aria-describedby=\"caption-attachment-2846\" style=\"width: 672px\" class=\"wp-caption aligncenter\"><a href=\"http:\/\/www.saint-paul-angouleme.fr\/application\/wp-content\/uploads\/2018\/03\/Capture-Tableau-CL-palmar\u00e8s.png\"><img loading=\"lazy\" decoding=\"async\" class=\"size-full wp-image-2846\" src=\"http:\/\/www.saint-paul-angouleme.fr\/application\/wp-content\/uploads\/2018\/03\/Capture-Tableau-CL-palmar\u00e8s.png\" alt=\"Palmar\u00e8s bac 2017 Saint-Paul bien plac\u00e9\" width=\"682\" height=\"814\" data-id=\"2846\" srcset=\"https:\/\/www.saint-paul-angouleme.fr\/application\/wp-content\/uploads\/2018\/03\/Capture-Tableau-CL-palmar\u00e8s.png 682w, https:\/\/www.saint-paul-angouleme.fr\/application\/wp-content\/uploads\/2018\/03\/Capture-Tableau-CL-palmar\u00e8s-251x300.png 251w\" sizes=\"(max-width: 682px) 100vw, 682px\" \/><\/a><figcaption id=\"caption-attachment-2846\" class=\"wp-caption-text\">Tableau paru dans Charente Libre 21 mars 2018<\/figcaption><\/figure>\n<p>&nbsp;<\/p>\n<p style=\"text-align: justify;\"><span style=\"font-family: arial, helvetica, sans-serif; color: #333333;\">Mercredi 21 mars 2018 la presse r\u00e9gionale publiait les r\u00e9sultats du Bac 2017 pour les \u00e9tablissement priv\u00e9s et publics (source acad\u00e9mique). Notre \u00e9tablissement Saint-Paul y figure en bonne place avec 98% de r\u00e9ussite au bac pour nos \u00e9l\u00e8ves. Charente Libre revient sur ce palmar\u00e8s en interrogeant des chefs d&#8217;\u00e9tablissement et des proviseurs.<\/span><\/p>\n<blockquote>\n<p style=\"text-align: justify;\"><strong>Quelle recette <\/strong>?<\/p>\n<p style=\"text-align: justify;\">Quelle est la recette gagnante des trois premiers? <em>\u00abUne vie associative intense, un accompagnement personnalis\u00e9 qui laisse aussi <\/em>aux <em>professeurs l&#8217;occasion de transmettre <\/em>leurs centres <em>d&#8217;int\u00e9r\u00eat, comme le ci<\/em><em>n\u00e9ma,<\/em><em>et des options que <\/em><em>nous<\/em><em>incitons <\/em>\u00e0 <em>suivre (art, chinois, italien, latin). 60 <\/em>% <em>des \u00e9l\u00e8ves en choisissent une en seconde, avec la possibilit\u00e9 <\/em>d&#8217;avoir <em>des points <\/em>en <em>plus <\/em>au <em>bac\u00bb, <\/em>r\u00e9pond Fran\u00e7ois Constantin.<\/p>\n<p style=\"text-align: justify;\">(&#8230;)<\/p>\n<p style=\"text-align: justify;\">La faute \u00e0 la s\u00e9lection ? L&#8217;argument a le don de scandaliser Fran\u00e7ois Constantin. <em>\u00abJe lis parfois que le lyc\u00e9e Saint-Paul ne pr\u00e9sente pas les \u00e9l\u00e8ves jug\u00e9s mauvais <\/em><em>au bac. C\u2019est une sottise, une \u00a0fake news. Nous ne refusons aucun \u00e9l\u00e8ve, nous ne sommes pas une bo\u00eete \u00e0 bac. Mais les jeunes entr\u00e9s en seconde g\u00e9n\u00e9rale qui veulent\u00a0 \u00a0poursuivre\u00a0 \u00a0en\u00a0 \u00a0bac \u00a0techno STMG \u00a0ou \u00a0ST2S \u00a0sont \u00a0oblig\u00e9s \u00a0de changer de lyc\u00e9e.\u00bb Ce sont ceux-l\u00e0 qui ne viendraient pas gonfler le taux d&#8217;acc\u00e8s seconde-bac.<\/em><\/p>\n<p style=\"text-align: justify;\"><em>M\u00eame explication pour Viviane Lembert pour Charles-Coulomb.\u00a0<\/em><em>\u00abNous avons un lyc\u00e9e professionnel, il est facile pour un jeune de seconde g\u00e9n\u00e9rale de quitter la voie g\u00e9n\u00e9rale pour se r\u00e9orienter.\u00bb<\/em><\/p>\n<\/blockquote>\n<p style=\"text-align: right;\"><span style=\"font-family: arial, helvetica, sans-serif;\"><em><span style=\"font-size: 12px;\">Source : Charente Libre, mercredi 21 mars 2018<\/span><\/em><\/span><\/p>\n<p style=\"text-align: justify;\"><span style=\"color: #333333;\"><span style=\"font-family: arial, helvetica, sans-serif; color: #333333;\">Les parents qui ont comment\u00e9 l&#8217;article sur Charente Libre reconnaissent \u00e9galement l&#8217;importance de la bienveillance et de l&#8217;accompagnement personnalis\u00e9 des \u00e9l\u00e8ves afin de permettre \u00e0 nos \u00e9l\u00e8ves les plus fragiles de ne pas se d\u00e9courager et de r\u00e9ussir \u00e0 d\u00e9crocher leur Bac :<\/span><\/span><\/p>\n<p><a href=\"http:\/\/www.saint-paul-angouleme.fr\/application\/wp-content\/uploads\/2018\/03\/Capture-commentaire-sur-CL.png\"><img loading=\"lazy\" decoding=\"async\" class=\"aligncenter size-full wp-image-2847\" src=\"http:\/\/www.saint-paul-angouleme.fr\/application\/wp-content\/uploads\/2018\/03\/Capture-commentaire-sur-CL.png\" alt=\"\" width=\"681\" height=\"209\" data-id=\"2847\" srcset=\"https:\/\/www.saint-paul-angouleme.fr\/application\/wp-content\/uploads\/2018\/03\/Capture-commentaire-sur-CL.png 681w, https:\/\/www.saint-paul-angouleme.fr\/application\/wp-content\/uploads\/2018\/03\/Capture-commentaire-sur-CL-300x92.png 300w\" sizes=\"(max-width: 681px) 100vw, 681px\" \/><\/a><\/p>\n<p><a href=\"http:\/\/www.saint-paul-angouleme.fr\/application\/wp-content\/uploads\/2018\/03\/Capture-commentaire-2-sur-CL.png\"><img loading=\"lazy\" decoding=\"async\" class=\"aligncenter size-full wp-image-2848\" src=\"http:\/\/www.saint-paul-angouleme.fr\/application\/wp-content\/uploads\/2018\/03\/Capture-commentaire-2-sur-CL.png\" alt=\"\" width=\"661\" height=\"123\" data-id=\"2848\" srcset=\"https:\/\/www.saint-paul-angouleme.fr\/application\/wp-content\/uploads\/2018\/03\/Capture-commentaire-2-sur-CL.png 661w, https:\/\/www.saint-paul-angouleme.fr\/application\/wp-content\/uploads\/2018\/03\/Capture-commentaire-2-sur-CL-300x56.png 300w\" sizes=\"(max-width: 661px) 100vw, 661px\" \/><\/a><\/p>\n<p style=\"text-align: right;\"><span style=\"font-family: arial, helvetica, sans-serif;\"><em><span style=\"font-size: 12px;\">Source : Charente Libre, mercredi 21 mars 2018<\/span><\/em><\/span><\/p>\n<p style=\"text-align: justify;\"><span style=\"font-family: arial, helvetica, sans-serif;\">Un grand merci aux \u00e9quipes p\u00e9dagogiques &amp; \u00e9ducatives,\u00a0 aux parents qui nous font confiance et \u00e0 nos \u00e9l\u00e8ves qui savent donner le meilleur d&#8217;eux-m\u00eames.<\/span><\/p>\n","protected":false},"excerpt":{"rendered":"<p>&nbsp; Mercredi 21 mars 2018 la presse r\u00e9gionale publiait les r\u00e9sultats du Bac 2017 pour les \u00e9tablissement priv\u00e9s et publics (source acad\u00e9mique). Notre \u00e9tablissement Saint-Paul y figure en bonne place avec 98% de r\u00e9ussite au bac pour nos \u00e9l\u00e8ves. Charente Libre revient sur ce palmar\u00e8s en interrogeant des chefs d&#8217;\u00e9tablissement et des proviseurs. Quelle recette &#8230; <a title=\"Palmar\u00e8s du Bac 2017 : Saint-Paul bien plac\u00e9 avec 98% de r\u00e9ussite\" class=\"read-more\" href=\"https:\/\/www.saint-paul-angouleme.fr\/application\/palmares-du-bac-2017-saint-paul-bien-place-avec-98-de-reussite\/\" aria-label=\"Read more about Palmar\u00e8s du Bac 2017 : Saint-Paul bien plac\u00e9 avec 98% de r\u00e9ussite\">Lire la suite<\/a><\/p>\n","protected":false},"author":3,"featured_media":0,"comment_status":"open","ping_status":"open","sticky":false,"template":"","format":"standard","meta":{"_exactmetrics_skip_tracking":false,"_exactmetrics_sitenote_active":false,"_exactmetrics_sitenote_note":"","_exactmetrics_sitenote_category":0,"footnotes":""},"categories":[13,3],"tags":[],"class_list":["post-2845","post","type-post","status-publish","format-standard","hentry","category-pedagogie","category-revue-de-presse"],"yoast_head":"<!-- This site is optimized with the Yoast SEO plugin v23.3 - https:\/\/yoast.com\/wordpress\/plugins\/seo\/ -->\n<title>Palmar\u00e8s du Bac 2017 : Saint-Paul bien plac\u00e9 avec 98% de r\u00e9ussite - Actualit\u00e9s<\/title>\n<meta name=\"robots\" content=\"index, follow, max-snippet:-1, max-image-preview:large, max-video-preview:-1\" \/>\n<link rel=\"canonical\" href=\"https:\/\/www.saint-paul-angouleme.fr\/application\/palmares-du-bac-2017-saint-paul-bien-place-avec-98-de-reussite\/\" \/>\n<meta property=\"og:locale\" content=\"fr_FR\" \/>\n<meta property=\"og:type\" content=\"article\" \/>\n<meta property=\"og:title\" content=\"Palmar\u00e8s du Bac 2017 : Saint-Paul bien plac\u00e9 avec 98% de r\u00e9ussite - Actualit\u00e9s\" \/>\n<meta property=\"og:description\" content=\"&nbsp; Mercredi 21 mars 2018 la presse r\u00e9gionale publiait les r\u00e9sultats du Bac 2017 pour les \u00e9tablissement priv\u00e9s et publics (source acad\u00e9mique). Notre \u00e9tablissement Saint-Paul y figure en bonne place avec 98% de r\u00e9ussite au bac pour nos \u00e9l\u00e8ves. Charente Libre revient sur ce palmar\u00e8s en interrogeant des chefs d&#8217;\u00e9tablissement et des proviseurs. Quelle recette ... Lire la suite\" \/>\n<meta property=\"og:url\" content=\"https:\/\/www.saint-paul-angouleme.fr\/application\/palmares-du-bac-2017-saint-paul-bien-place-avec-98-de-reussite\/\" \/>\n<meta property=\"og:site_name\" content=\"Actualit\u00e9s\" \/>\n<meta property=\"article:publisher\" content=\"https:\/\/www.facebook.com\/SaintPaulAngouleme16\/\" \/>\n<meta property=\"article:published_time\" content=\"2018-03-26T16:23:12+00:00\" \/>\n<meta property=\"og:image\" content=\"http:\/\/www.saint-paul-angouleme.fr\/application\/wp-content\/uploads\/2018\/03\/Capture-commentaire-sur-CL.png\" \/>\n<meta name=\"author\" content=\"SAINT-PAUL\" \/>\n<meta name=\"twitter:card\" content=\"summary_large_image\" \/>\n<meta name=\"twitter:creator\" content=\"@StPaulAngoulem\" \/>\n<meta name=\"twitter:site\" content=\"@StPaulAngoulem\" \/>\n<meta name=\"twitter:label1\" content=\"\u00c9crit par\" \/>\n\t<meta name=\"twitter:data1\" content=\"SAINT-PAUL\" \/>\n\t<meta name=\"twitter:label2\" content=\"Dur\u00e9e de lecture estim\u00e9e\" \/>\n\t<meta name=\"twitter:data2\" content=\"2 minutes\" \/>\n<script type=\"application\/ld+json\" class=\"yoast-schema-graph\">{\"@context\":\"https:\/\/schema.org\",\"@graph\":[{\"@type\":\"Article\",\"@id\":\"https:\/\/www.saint-paul-angouleme.fr\/application\/palmares-du-bac-2017-saint-paul-bien-place-avec-98-de-reussite\/#article\",\"isPartOf\":{\"@id\":\"https:\/\/www.saint-paul-angouleme.fr\/application\/palmares-du-bac-2017-saint-paul-bien-place-avec-98-de-reussite\/\"},\"author\":{\"name\":\"SAINT-PAUL\",\"@id\":\"https:\/\/www.saint-paul-angouleme.fr\/application\/#\/schema\/person\/ea152930b1a3823659065827b1a5fb9b\"},\"headline\":\"Palmar\u00e8s du Bac 2017 : Saint-Paul bien plac\u00e9 avec 98% de r\u00e9ussite\",\"datePublished\":\"2018-03-26T16:23:12+00:00\",\"dateModified\":\"2018-03-26T16:23:12+00:00\",\"mainEntityOfPage\":{\"@id\":\"https:\/\/www.saint-paul-angouleme.fr\/application\/palmares-du-bac-2017-saint-paul-bien-place-avec-98-de-reussite\/\"},\"wordCount\":372,\"commentCount\":0,\"publisher\":{\"@id\":\"https:\/\/www.saint-paul-angouleme.fr\/application\/#organization\"},\"image\":{\"@id\":\"https:\/\/www.saint-paul-angouleme.fr\/application\/palmares-du-bac-2017-saint-paul-bien-place-avec-98-de-reussite\/#primaryimage\"},\"thumbnailUrl\":\"http:\/\/www.saint-paul-angouleme.fr\/application\/wp-content\/uploads\/2018\/03\/Capture-commentaire-sur-CL.png\",\"articleSection\":[\"P\u00e9dagogie\",\"Revue de presse\"],\"inLanguage\":\"fr-FR\",\"potentialAction\":[{\"@type\":\"CommentAction\",\"name\":\"Comment\",\"target\":[\"https:\/\/www.saint-paul-angouleme.fr\/application\/palmares-du-bac-2017-saint-paul-bien-place-avec-98-de-reussite\/#respond\"]}]},{\"@type\":\"WebPage\",\"@id\":\"https:\/\/www.saint-paul-angouleme.fr\/application\/palmares-du-bac-2017-saint-paul-bien-place-avec-98-de-reussite\/\",\"url\":\"https:\/\/www.saint-paul-angouleme.fr\/application\/palmares-du-bac-2017-saint-paul-bien-place-avec-98-de-reussite\/\",\"name\":\"Palmar\u00e8s du Bac 2017 : Saint-Paul bien plac\u00e9 avec 98% de r\u00e9ussite - Actualit\u00e9s\",\"isPartOf\":{\"@id\":\"https:\/\/www.saint-paul-angouleme.fr\/application\/#website\"},\"primaryImageOfPage\":{\"@id\":\"https:\/\/www.saint-paul-angouleme.fr\/application\/palmares-du-bac-2017-saint-paul-bien-place-avec-98-de-reussite\/#primaryimage\"},\"image\":{\"@id\":\"https:\/\/www.saint-paul-angouleme.fr\/application\/palmares-du-bac-2017-saint-paul-bien-place-avec-98-de-reussite\/#primaryimage\"},\"thumbnailUrl\":\"http:\/\/www.saint-paul-angouleme.fr\/application\/wp-content\/uploads\/2018\/03\/Capture-commentaire-sur-CL.png\",\"datePublished\":\"2018-03-26T16:23:12+00:00\",\"dateModified\":\"2018-03-26T16:23:12+00:00\",\"breadcrumb\":{\"@id\":\"https:\/\/www.saint-paul-angouleme.fr\/application\/palmares-du-bac-2017-saint-paul-bien-place-avec-98-de-reussite\/#breadcrumb\"},\"inLanguage\":\"fr-FR\",\"potentialAction\":[{\"@type\":\"ReadAction\",\"target\":[\"https:\/\/www.saint-paul-angouleme.fr\/application\/palmares-du-bac-2017-saint-paul-bien-place-avec-98-de-reussite\/\"]}]},{\"@type\":\"ImageObject\",\"inLanguage\":\"fr-FR\",\"@id\":\"https:\/\/www.saint-paul-angouleme.fr\/application\/palmares-du-bac-2017-saint-paul-bien-place-avec-98-de-reussite\/#primaryimage\",\"url\":\"http:\/\/www.saint-paul-angouleme.fr\/application\/wp-content\/uploads\/2018\/03\/Capture-commentaire-sur-CL.png\",\"contentUrl\":\"http:\/\/www.saint-paul-angouleme.fr\/application\/wp-content\/uploads\/2018\/03\/Capture-commentaire-sur-CL.png\"},{\"@type\":\"BreadcrumbList\",\"@id\":\"https:\/\/www.saint-paul-angouleme.fr\/application\/palmares-du-bac-2017-saint-paul-bien-place-avec-98-de-reussite\/#breadcrumb\",\"itemListElement\":[{\"@type\":\"ListItem\",\"position\":1,\"name\":\"Accueil\",\"item\":\"http:\/\/www.saint-paul-angouleme.fr\/application\/\"},{\"@type\":\"ListItem\",\"position\":2,\"name\":\"Palmar\u00e8s du Bac 2017 : Saint-Paul bien plac\u00e9 avec 98% de r\u00e9ussite\"}]},{\"@type\":\"WebSite\",\"@id\":\"https:\/\/www.saint-paul-angouleme.fr\/application\/#website\",\"url\":\"https:\/\/www.saint-paul-angouleme.fr\/application\/\",\"name\":\"Actualit\u00e9s\",\"description\":\"Actualit\u00e9s Saint Paul\",\"publisher\":{\"@id\":\"https:\/\/www.saint-paul-angouleme.fr\/application\/#organization\"},\"potentialAction\":[{\"@type\":\"SearchAction\",\"target\":{\"@type\":\"EntryPoint\",\"urlTemplate\":\"https:\/\/www.saint-paul-angouleme.fr\/application\/?s={search_term_string}\"},\"query-input\":\"required name=search_term_string\"}],\"inLanguage\":\"fr-FR\"},{\"@type\":\"Organization\",\"@id\":\"https:\/\/www.saint-paul-angouleme.fr\/application\/#organization\",\"name\":\"Ensemble scolaire Saint-Paul\",\"url\":\"https:\/\/www.saint-paul-angouleme.fr\/application\/\",\"logo\":{\"@type\":\"ImageObject\",\"inLanguage\":\"fr-FR\",\"@id\":\"https:\/\/www.saint-paul-angouleme.fr\/application\/#\/schema\/logo\/image\/\",\"url\":\"https:\/\/www.saint-paul-angouleme.fr\/application\/wp-content\/uploads\/2018\/08\/logo-saint-paul-couleurs.jpg\",\"contentUrl\":\"https:\/\/www.saint-paul-angouleme.fr\/application\/wp-content\/uploads\/2018\/08\/logo-saint-paul-couleurs.jpg\",\"width\":1890,\"height\":709,\"caption\":\"Ensemble scolaire Saint-Paul\"},\"image\":{\"@id\":\"https:\/\/www.saint-paul-angouleme.fr\/application\/#\/schema\/logo\/image\/\"},\"sameAs\":[\"https:\/\/www.facebook.com\/SaintPaulAngouleme16\/\",\"https:\/\/x.com\/StPaulAngoulem\",\"https:\/\/www.youtube.com\/channel\/UCRLpz1CmPVqc0gn--YyXvjA?view_as=subscriber\"]},{\"@type\":\"Person\",\"@id\":\"https:\/\/www.saint-paul-angouleme.fr\/application\/#\/schema\/person\/ea152930b1a3823659065827b1a5fb9b\",\"name\":\"SAINT-PAUL\",\"image\":{\"@type\":\"ImageObject\",\"inLanguage\":\"fr-FR\",\"@id\":\"https:\/\/www.saint-paul-angouleme.fr\/application\/#\/schema\/person\/image\/\",\"url\":\"https:\/\/secure.gravatar.com\/avatar\/eadb0ffebc02683a61d69038eb2924f0?s=96&r=g\",\"contentUrl\":\"https:\/\/secure.gravatar.com\/avatar\/eadb0ffebc02683a61d69038eb2924f0?s=96&r=g\",\"caption\":\"SAINT-PAUL\"},\"url\":\"https:\/\/www.saint-paul-angouleme.fr\/application\/author\/myriam\/\"}]}<\/script>\n<!-- \/ Yoast SEO plugin. -->","yoast_head_json":{"title":"Palmar\u00e8s du Bac 2017 : Saint-Paul bien plac\u00e9 avec 98% de r\u00e9ussite - Actualit\u00e9s","robots":{"index":"index","follow":"follow","max-snippet":"max-snippet:-1","max-image-preview":"max-image-preview:large","max-video-preview":"max-video-preview:-1"},"canonical":"https:\/\/www.saint-paul-angouleme.fr\/application\/palmares-du-bac-2017-saint-paul-bien-place-avec-98-de-reussite\/","og_locale":"fr_FR","og_type":"article","og_title":"Palmar\u00e8s du Bac 2017 : Saint-Paul bien plac\u00e9 avec 98% de r\u00e9ussite - Actualit\u00e9s","og_description":"&nbsp; Mercredi 21 mars 2018 la presse r\u00e9gionale publiait les r\u00e9sultats du Bac 2017 pour les \u00e9tablissement priv\u00e9s et publics (source acad\u00e9mique). Notre \u00e9tablissement Saint-Paul y figure en bonne place avec 98% de r\u00e9ussite au bac pour nos \u00e9l\u00e8ves. Charente Libre revient sur ce palmar\u00e8s en interrogeant des chefs d&#8217;\u00e9tablissement et des proviseurs. Quelle recette ... Lire la suite","og_url":"https:\/\/www.saint-paul-angouleme.fr\/application\/palmares-du-bac-2017-saint-paul-bien-place-avec-98-de-reussite\/","og_site_name":"Actualit\u00e9s","article_publisher":"https:\/\/www.facebook.com\/SaintPaulAngouleme16\/","article_published_time":"2018-03-26T16:23:12+00:00","og_image":[{"url":"http:\/\/www.saint-paul-angouleme.fr\/application\/wp-content\/uploads\/2018\/03\/Capture-commentaire-sur-CL.png"}],"author":"SAINT-PAUL","twitter_card":"summary_large_image","twitter_creator":"@StPaulAngoulem","twitter_site":"@StPaulAngoulem","twitter_misc":{"\u00c9crit par":"SAINT-PAUL","Dur\u00e9e de lecture estim\u00e9e":"2 minutes"},"schema":{"@context":"https:\/\/schema.org","@graph":[{"@type":"Article","@id":"https:\/\/www.saint-paul-angouleme.fr\/application\/palmares-du-bac-2017-saint-paul-bien-place-avec-98-de-reussite\/#article","isPartOf":{"@id":"https:\/\/www.saint-paul-angouleme.fr\/application\/palmares-du-bac-2017-saint-paul-bien-place-avec-98-de-reussite\/"},"author":{"name":"SAINT-PAUL","@id":"https:\/\/www.saint-paul-angouleme.fr\/application\/#\/schema\/person\/ea152930b1a3823659065827b1a5fb9b"},"headline":"Palmar\u00e8s du Bac 2017 : Saint-Paul bien plac\u00e9 avec 98% de r\u00e9ussite","datePublished":"2018-03-26T16:23:12+00:00","dateModified":"2018-03-26T16:23:12+00:00","mainEntityOfPage":{"@id":"https:\/\/www.saint-paul-angouleme.fr\/application\/palmares-du-bac-2017-saint-paul-bien-place-avec-98-de-reussite\/"},"wordCount":372,"commentCount":0,"publisher":{"@id":"https:\/\/www.saint-paul-angouleme.fr\/application\/#organization"},"image":{"@id":"https:\/\/www.saint-paul-angouleme.fr\/application\/palmares-du-bac-2017-saint-paul-bien-place-avec-98-de-reussite\/#primaryimage"},"thumbnailUrl":"http:\/\/www.saint-paul-angouleme.fr\/application\/wp-content\/uploads\/2018\/03\/Capture-commentaire-sur-CL.png","articleSection":["P\u00e9dagogie","Revue de presse"],"inLanguage":"fr-FR","potentialAction":[{"@type":"CommentAction","name":"Comment","target":["https:\/\/www.saint-paul-angouleme.fr\/application\/palmares-du-bac-2017-saint-paul-bien-place-avec-98-de-reussite\/#respond"]}]},{"@type":"WebPage","@id":"https:\/\/www.saint-paul-angouleme.fr\/application\/palmares-du-bac-2017-saint-paul-bien-place-avec-98-de-reussite\/","url":"https:\/\/www.saint-paul-angouleme.fr\/application\/palmares-du-bac-2017-saint-paul-bien-place-avec-98-de-reussite\/","name":"Palmar\u00e8s du Bac 2017 : Saint-Paul bien plac\u00e9 avec 98% de r\u00e9ussite - Actualit\u00e9s","isPartOf":{"@id":"https:\/\/www.saint-paul-angouleme.fr\/application\/#website"},"primaryImageOfPage":{"@id":"https:\/\/www.saint-paul-angouleme.fr\/application\/palmares-du-bac-2017-saint-paul-bien-place-avec-98-de-reussite\/#primaryimage"},"image":{"@id":"https:\/\/www.saint-paul-angouleme.fr\/application\/palmares-du-bac-2017-saint-paul-bien-place-avec-98-de-reussite\/#primaryimage"},"thumbnailUrl":"http:\/\/www.saint-paul-angouleme.fr\/application\/wp-content\/uploads\/2018\/03\/Capture-commentaire-sur-CL.png","datePublished":"2018-03-26T16:23:12+00:00","dateModified":"2018-03-26T16:23:12+00:00","breadcrumb":{"@id":"https:\/\/www.saint-paul-angouleme.fr\/application\/palmares-du-bac-2017-saint-paul-bien-place-avec-98-de-reussite\/#breadcrumb"},"inLanguage":"fr-FR","potentialAction":[{"@type":"ReadAction","target":["https:\/\/www.saint-paul-angouleme.fr\/application\/palmares-du-bac-2017-saint-paul-bien-place-avec-98-de-reussite\/"]}]},{"@type":"ImageObject","inLanguage":"fr-FR","@id":"https:\/\/www.saint-paul-angouleme.fr\/application\/palmares-du-bac-2017-saint-paul-bien-place-avec-98-de-reussite\/#primaryimage","url":"http:\/\/www.saint-paul-angouleme.fr\/application\/wp-content\/uploads\/2018\/03\/Capture-commentaire-sur-CL.png","contentUrl":"http:\/\/www.saint-paul-angouleme.fr\/application\/wp-content\/uploads\/2018\/03\/Capture-commentaire-sur-CL.png"},{"@type":"BreadcrumbList","@id":"https:\/\/www.saint-paul-angouleme.fr\/application\/palmares-du-bac-2017-saint-paul-bien-place-avec-98-de-reussite\/#breadcrumb","itemListElement":[{"@type":"ListItem","position":1,"name":"Accueil","item":"http:\/\/www.saint-paul-angouleme.fr\/application\/"},{"@type":"ListItem","position":2,"name":"Palmar\u00e8s du Bac 2017 : Saint-Paul bien plac\u00e9 avec 98% de r\u00e9ussite"}]},{"@type":"WebSite","@id":"https:\/\/www.saint-paul-angouleme.fr\/application\/#website","url":"https:\/\/www.saint-paul-angouleme.fr\/application\/","name":"Actualit\u00e9s","description":"Actualit\u00e9s Saint Paul","publisher":{"@id":"https:\/\/www.saint-paul-angouleme.fr\/application\/#organization"},"potentialAction":[{"@type":"SearchAction","target":{"@type":"EntryPoint","urlTemplate":"https:\/\/www.saint-paul-angouleme.fr\/application\/?s={search_term_string}"},"query-input":"required name=search_term_string"}],"inLanguage":"fr-FR"},{"@type":"Organization","@id":"https:\/\/www.saint-paul-angouleme.fr\/application\/#organization","name":"Ensemble scolaire Saint-Paul","url":"https:\/\/www.saint-paul-angouleme.fr\/application\/","logo":{"@type":"ImageObject","inLanguage":"fr-FR","@id":"https:\/\/www.saint-paul-angouleme.fr\/application\/#\/schema\/logo\/image\/","url":"https:\/\/www.saint-paul-angouleme.fr\/application\/wp-content\/uploads\/2018\/08\/logo-saint-paul-couleurs.jpg","contentUrl":"https:\/\/www.saint-paul-angouleme.fr\/application\/wp-content\/uploads\/2018\/08\/logo-saint-paul-couleurs.jpg","width":1890,"height":709,"caption":"Ensemble scolaire Saint-Paul"},"image":{"@id":"https:\/\/www.saint-paul-angouleme.fr\/application\/#\/schema\/logo\/image\/"},"sameAs":["https:\/\/www.facebook.com\/SaintPaulAngouleme16\/","https:\/\/x.com\/StPaulAngoulem","https:\/\/www.youtube.com\/channel\/UCRLpz1CmPVqc0gn--YyXvjA?view_as=subscriber"]},{"@type":"Person","@id":"https:\/\/www.saint-paul-angouleme.fr\/application\/#\/schema\/person\/ea152930b1a3823659065827b1a5fb9b","name":"SAINT-PAUL","image":{"@type":"ImageObject","inLanguage":"fr-FR","@id":"https:\/\/www.saint-paul-angouleme.fr\/application\/#\/schema\/person\/image\/","url":"https:\/\/secure.gravatar.com\/avatar\/eadb0ffebc02683a61d69038eb2924f0?s=96&r=g","contentUrl":"https:\/\/secure.gravatar.com\/avatar\/eadb0ffebc02683a61d69038eb2924f0?s=96&r=g","caption":"SAINT-PAUL"},"url":"https:\/\/www.saint-paul-angouleme.fr\/application\/author\/myriam\/"}]}},"_links":{"self":[{"href":"https:\/\/www.saint-paul-angouleme.fr\/application\/wp-json\/wp\/v2\/posts\/2845"}],"collection":[{"href":"https:\/\/www.saint-paul-angouleme.fr\/application\/wp-json\/wp\/v2\/posts"}],"about":[{"href":"https:\/\/www.saint-paul-angouleme.fr\/application\/wp-json\/wp\/v2\/types\/post"}],"author":[{"embeddable":true,"href":"https:\/\/www.saint-paul-angouleme.fr\/application\/wp-json\/wp\/v2\/users\/3"}],"replies":[{"embeddable":true,"href":"https:\/\/www.saint-paul-angouleme.fr\/application\/wp-json\/wp\/v2\/comments?post=2845"}],"version-history":[{"count":2,"href":"https:\/\/www.saint-paul-angouleme.fr\/application\/wp-json\/wp\/v2\/posts\/2845\/revisions"}],"predecessor-version":[{"id":2850,"href":"https:\/\/www.saint-paul-angouleme.fr\/application\/wp-json\/wp\/v2\/posts\/2845\/revisions\/2850"}],"wp:attachment":[{"href":"https:\/\/www.saint-paul-angouleme.fr\/application\/wp-json\/wp\/v2\/media?parent=2845"}],"wp:term":[{"taxonomy":"category","embeddable":true,"href":"https:\/\/www.saint-paul-angouleme.fr\/application\/wp-json\/wp\/v2\/categories?post=2845"},{"taxonomy":"post_tag","embeddable":true,"href":"https:\/\/www.saint-paul-angouleme.fr\/application\/wp-json\/wp\/v2\/tags?post=2845"}],"curies":[{"name":"wp","href":"https:\/\/api.w.org\/{rel}","templated":true}]}}