{"id":2812,"date":"2018-03-14T17:46:23","date_gmt":"2018-03-14T16:46:23","guid":{"rendered":"http:\/\/www.saint-paul-angouleme.fr\/application\/?p=2812"},"modified":"2018-03-14T17:46:23","modified_gmt":"2018-03-14T16:46:23","slug":"agradable-viaje-en-el-puerto-de-sta-maria","status":"publish","type":"post","link":"https:\/\/www.saint-paul-angouleme.fr\/application\/agradable-viaje-en-el-puerto-de-sta-maria\/","title":{"rendered":"\u00a1 Agradable viaje en El Puerto de Sta Mar\u00eda !"},"content":{"rendered":"<figure id=\"attachment_2814\" aria-describedby=\"caption-attachment-2814\" style=\"width: 1871px\" class=\"wp-caption aligncenter\"><a href=\"http:\/\/www.saint-paul-angouleme.fr\/application\/wp-content\/uploads\/2018\/03\/Gibraltar.jpg\"><img loading=\"lazy\" decoding=\"async\" class=\"size-full wp-image-2814\" src=\"http:\/\/www.saint-paul-angouleme.fr\/application\/wp-content\/uploads\/2018\/03\/Gibraltar.jpg\" alt=\"Gibraltar face \u00e0 la mer\" width=\"1881\" height=\"1536\" data-id=\"2814\" srcset=\"https:\/\/www.saint-paul-angouleme.fr\/application\/wp-content\/uploads\/2018\/03\/Gibraltar.jpg 1881w, https:\/\/www.saint-paul-angouleme.fr\/application\/wp-content\/uploads\/2018\/03\/Gibraltar-300x245.jpg 300w, https:\/\/www.saint-paul-angouleme.fr\/application\/wp-content\/uploads\/2018\/03\/Gibraltar-768x627.jpg 768w, https:\/\/www.saint-paul-angouleme.fr\/application\/wp-content\/uploads\/2018\/03\/Gibraltar-1024x836.jpg 1024w\" sizes=\"(max-width: 1881px) 100vw, 1881px\" \/><\/a><figcaption id=\"caption-attachment-2814\" class=\"wp-caption-text\">Gibraltar : face \u00e0 la mer&#8230;<\/figcaption><\/figure>\n<p style=\"text-align: justify;\"><span style=\"font-family: arial, helvetica, sans-serif; color: #333333;\">Cinq jours que nos \u00e9l\u00e8ves (classes de secondes et premi\u00e8res) et leurs accompagnateurs sont en Andalousie. A \u00ab\u00a0<a href=\"https:\/\/fr.wikipedia.org\/wiki\/El_Puerto_de_Santa_Mar%C3%ADa\">El Puerto de Santa Mar\u00eda<\/a>\u00a0\u00bb ils ont d\u00e9j\u00e0 pris leurs marques.<\/span><\/p>\n<p style=\"text-align: justify;\"><span style=\"font-family: arial, helvetica, sans-serif; color: #333333;\">D\u00e8s l\u2019arriv\u00e9e sur le sol espagnol direction Gibraltar avec l\u2019espoir que le ciel soit d\u00e9gag\u00e9 afin d\u2019apercevoir les c\u00f4tes africaines. Au retour chacun est accueilli dans sa famille\u00a0: premi\u00e8re immersion. L\u2019occasion aussi de pratiquer la langue et progresser. Le dimanche permet de prendre un peu de repos en famille et de visiter la ville. En soir\u00e9e, des jeux ont permis \u00e0 nos \u00e9l\u00e8ves de manier la langue.<\/span><\/p>\n<div class=\"arve\" data-mode=\"normal\" data-provider=\"html5\" id=\"arve-html5-\" style=\"max-width:960px;\">\n<div class=\"arve-inner\">\n<div class=\"arve-embed\">\n<video controls controlslist preload=\"metadata\" data-arve=\"arve-html5-\" class=\"arve-video fitvidsignore\">\n<source type=\"video\/mp4\" src=\"http:\/\/www.saint-paul-angouleme.fr\/application\/wp-content\/uploads\/2018\/03\/video-1520887273.mp4\">\n<\/video>\n\n<\/div>\n\n<\/div>\n<script type=\"application\/ld+json\">{\"@context\":\"http:\\\/\\\/schema.org\\\/\",\"@id\":\"https:\\\/\\\/www.saint-paul-angouleme.fr\\\/application\\\/agradable-viaje-en-el-puerto-de-sta-maria\\\/#arve-html5-\",\"type\":\"VideoObject\",\"contentURL\":\"http:\\\/\\\/www.saint-paul-angouleme.fr\\\/application\\\/wp-content\\\/uploads\\\/2018\\\/03\\\/video-1520887273.mp4\"}<\/script>\n<\/div>\n\n<p>&nbsp;<\/p>\n<p style=\"text-align: justify;\"><span style=\"font-family: arial, helvetica, sans-serif; color: #333333;\">Lundi matin 12 mars\u00a0: premi\u00e8re s\u00e9ance intensive d\u2019espagnol. Ensuite, nous partons pour une visite guid\u00e9e de la ville. D\u00e9part plaza de toros, en passant par la plaza de Espa\u00f1a et l\u2019\u00ab\u00a0Iglesia mayor Prioral\u00a0\u00bb puis \u00ab\u00a0el Castillo <\/span><span style=\"font-family: arial, helvetica, sans-serif; color: #333333;\">del Puerto de Santa Mar\u00eda\u00a0\u00bb. Nous d\u00e9couvrons alors une reproduction de la carte sur laquelle appara\u00eet pour la premi\u00e8re fois l\u2019Am\u00e9rique.<\/span><\/p>\n<figure id=\"attachment_2816\" aria-describedby=\"caption-attachment-2816\" style=\"width: 710px\" class=\"wp-caption aligncenter\"><a href=\"http:\/\/www.saint-paul-angouleme.fr\/application\/wp-content\/uploads\/2018\/03\/Carte-du-Nouveau-Monde.jpg\"><img loading=\"lazy\" decoding=\"async\" class=\"size-full wp-image-2816\" src=\"http:\/\/www.saint-paul-angouleme.fr\/application\/wp-content\/uploads\/2018\/03\/Carte-du-Nouveau-Monde.jpg\" alt=\"El Puerto de Sta Maria Carte du Nouveau Monde\" width=\"720\" height=\"960\" data-id=\"2816\" srcset=\"https:\/\/www.saint-paul-angouleme.fr\/application\/wp-content\/uploads\/2018\/03\/Carte-du-Nouveau-Monde.jpg 720w, https:\/\/www.saint-paul-angouleme.fr\/application\/wp-content\/uploads\/2018\/03\/Carte-du-Nouveau-Monde-225x300.jpg 225w\" sizes=\"(max-width: 720px) 100vw, 720px\" \/><\/a><figcaption id=\"caption-attachment-2816\" class=\"wp-caption-text\">Carte du Nouveau Monde<\/figcaption><\/figure>\n<p style=\"text-align: justify;\"><span style=\"font-family: arial, helvetica, sans-serif; color: #333333;\">Le lendemain apr\u00e8s les cours c\u2019est \u00e0 Cadiz que nous nous rendons. Cadiz, l\u2019une des plus vieilles villes d\u2019Espagne.<\/span><\/p>\n<p style=\"text-align: justify;\"><span style=\"font-family: arial, helvetica, sans-serif; color: #333333;\">Nous traversons la baie en bateau, heureusement la mer n\u2019est pas trop agit\u00e9e. Nous visitons alors la \u00ab\u00a0<a href=\"http:\/\/www.torretavira.com\/fr\/visite-de-la-tour-tavira\/\">Torre Tabira<\/a>\u00a0\u00bb et sa fameuse chambre noire\u00a0; c\u2019est l\u2019un des meilleurs points de vue de Cadiz. Nous arrivons devant la <a href=\"https:\/\/visiterandalousie.fr\/2014\/04\/09\/cathedrale-de-cadix-andalousie\/\">Cath\u00e9drale<\/a> o\u00f9 commencent d\u00e9j\u00e0 les pr\u00e9paratifs de Semaine Sainte.<\/span><\/p>\n<figure id=\"attachment_2817\" aria-describedby=\"caption-attachment-2817\" style=\"width: 1929px\" class=\"wp-caption aligncenter\"><a href=\"http:\/\/www.saint-paul-angouleme.fr\/application\/wp-content\/uploads\/2018\/03\/29186223_10156398749598738_1941532823626186752_o.jpg\"><img loading=\"lazy\" decoding=\"async\" class=\"size-full wp-image-2817\" src=\"http:\/\/www.saint-paul-angouleme.fr\/application\/wp-content\/uploads\/2018\/03\/29186223_10156398749598738_1941532823626186752_o.jpg\" alt=\"Voyage scolaire Andalousie\" width=\"1939\" height=\"1474\" data-id=\"2817\" srcset=\"https:\/\/www.saint-paul-angouleme.fr\/application\/wp-content\/uploads\/2018\/03\/29186223_10156398749598738_1941532823626186752_o.jpg 1939w, https:\/\/www.saint-paul-angouleme.fr\/application\/wp-content\/uploads\/2018\/03\/29186223_10156398749598738_1941532823626186752_o-300x228.jpg 300w, https:\/\/www.saint-paul-angouleme.fr\/application\/wp-content\/uploads\/2018\/03\/29186223_10156398749598738_1941532823626186752_o-768x584.jpg 768w, https:\/\/www.saint-paul-angouleme.fr\/application\/wp-content\/uploads\/2018\/03\/29186223_10156398749598738_1941532823626186752_o-1024x778.jpg 1024w\" sizes=\"(max-width: 1939px) 100vw, 1939px\" \/><\/a><figcaption id=\"caption-attachment-2817\" class=\"wp-caption-text\">Photo du groupe<\/figcaption><\/figure>\n<p style=\"text-align: justify;\"><span style=\"font-family: arial, helvetica, sans-serif; color: #333333;\">Ainsi s\u2019ach\u00e8ve notre premi\u00e8re partie de s\u00e9jour. A bient\u00f4t pour de nouvelles aventures\u00a0!<\/span><\/p>\n<div tabindex=\"0\" class=\"cycloneslider cycloneslider-template-standard cycloneslider-width-responsive\" id=\"cycloneslider-andalousie-1-1\" style=\"max-width:960px\" > <div class=\"cycloneslider-slides cycle-slideshow\" data-cycle-allow-wrap=\"true\" data-cycle-dynamic-height=\"off\" data-cycle-auto-height=\"960:600\" data-cycle-auto-height-easing=\"null\" data-cycle-auto-height-speed=\"250\" data-cycle-delay=\"0\" data-cycle-easing=\"\" data-cycle-fx=\"fade\" data-cycle-hide-non-active=\"true\" data-cycle-log=\"false\" data-cycle-next=\"#cycloneslider-andalousie-1-1 .cycloneslider-next\" data-cycle-pager=\"#cycloneslider-andalousie-1-1 .cycloneslider-pager\" data-cycle-pause-on-hover=\"true\" data-cycle-prev=\"#cycloneslider-andalousie-1-1 .cycloneslider-prev\" data-cycle-slides=\"&gt; div\" data-cycle-speed=\"1000\" data-cycle-swipe=\"1\" data-cycle-tile-count=\"7\" data-cycle-tile-delay=\"100\" data-cycle-tile-vertical=\"true\" data-cycle-timeout=\"4000\" > <div class=\"cycloneslider-slide cycloneslider-slide-image\" > <img decoding=\"async\" src=\"https:\/\/www.saint-paul-angouleme.fr\/application\/wp-content\/uploads\/2018\/03\/Image-5-960x600.png\" alt=\"\" title=\"\" \/> <\/div> <div class=\"cycloneslider-slide cycloneslider-slide-image\" > <img decoding=\"async\" src=\"https:\/\/www.saint-paul-angouleme.fr\/application\/wp-content\/uploads\/2018\/03\/Gibraltar-960x600.jpg\" alt=\"\" title=\"\" \/> <\/div> <div class=\"cycloneslider-slide cycloneslider-slide-image\" > <img decoding=\"async\" src=\"https:\/\/www.saint-paul-angouleme.fr\/application\/wp-content\/uploads\/2018\/03\/Carte-du-Nouveau-Monde-960x600.jpg\" alt=\"\" title=\"\" \/> <\/div> <div class=\"cycloneslider-slide cycloneslider-slide-image\" > <img decoding=\"async\" src=\"https:\/\/www.saint-paul-angouleme.fr\/application\/wp-content\/uploads\/2018\/03\/29186223_10156398749598738_1941532823626186752_o-960x600.jpg\" alt=\"\" title=\"\" \/> <\/div> <div class=\"cycloneslider-slide cycloneslider-slide-image\" > <img decoding=\"async\" src=\"https:\/\/www.saint-paul-angouleme.fr\/application\/wp-content\/uploads\/2018\/03\/29133362_10156398750008738_4753013420540821504_n-960x600.jpg\" alt=\"\" title=\"\" \/> <\/div> <div class=\"cycloneslider-slide cycloneslider-slide-image\" > <img decoding=\"async\" src=\"https:\/\/www.saint-paul-angouleme.fr\/application\/wp-content\/uploads\/2018\/03\/29133635_10156398748633738_378024140717686784_o-960x600.jpg\" alt=\"\" title=\"\" \/> <\/div> <div class=\"cycloneslider-slide cycloneslider-slide-image\" > <img decoding=\"async\" src=\"https:\/\/www.saint-paul-angouleme.fr\/application\/wp-content\/uploads\/2018\/03\/29137079_10156395451193738_2553838333599940608_o-960x600.jpg\" alt=\"\" title=\"\" \/> <\/div> <div class=\"cycloneslider-slide cycloneslider-slide-image\" > <img decoding=\"async\" src=\"https:\/\/www.saint-paul-angouleme.fr\/application\/wp-content\/uploads\/2018\/03\/29176845_10156398750313738_5862907758092746752_o-960x600.jpg\" alt=\"\" title=\"\" \/> <\/div> <div class=\"cycloneslider-slide cycloneslider-slide-image\" > <img decoding=\"async\" src=\"https:\/\/www.saint-paul-angouleme.fr\/application\/wp-content\/uploads\/2018\/03\/29178687_10156395452768738_60609350120505344_o-960x600.jpg\" alt=\"\" title=\"\" \/> <\/div> <div class=\"cycloneslider-slide cycloneslider-slide-image\" > <img decoding=\"async\" src=\"https:\/\/www.saint-paul-angouleme.fr\/application\/wp-content\/uploads\/2018\/03\/Andalousie2-960x600.jpg\" alt=\"\" title=\"\" \/> <\/div> <div class=\"cycloneslider-slide cycloneslider-slide-image\" > <img decoding=\"async\" src=\"https:\/\/www.saint-paul-angouleme.fr\/application\/wp-content\/uploads\/2018\/03\/Cath\u00e9drale-de-Cadiz-960x600.jpg\" alt=\"\" title=\"\" \/> <\/div> <div class=\"cycloneslider-slide cycloneslider-slide-image\" > <img decoding=\"async\" src=\"https:\/\/www.saint-paul-angouleme.fr\/application\/wp-content\/uploads\/2018\/03\/Chateau-San-Marcos-960x600.jpg\" alt=\"\" title=\"\" \/> <\/div> <div class=\"cycloneslider-slide cycloneslider-slide-image\" > <img decoding=\"async\" src=\"https:\/\/www.saint-paul-angouleme.fr\/application\/wp-content\/uploads\/2018\/03\/Sur-le-bateau-baie-de-Cadiz-960x600.jpg\" alt=\"\" title=\"\" \/> <\/div> <div class=\"cycloneslider-slide cycloneslider-slide-image\" > <img decoding=\"async\" src=\"https:\/\/www.saint-paul-angouleme.fr\/application\/wp-content\/uploads\/2018\/03\/Sur-le-bateau-retour-Cadiz-960x600.jpg\" alt=\"\" title=\"\" \/> <\/div> <div class=\"cycloneslider-slide cycloneslider-slide-image\" > <img decoding=\"async\" src=\"https:\/\/www.saint-paul-angouleme.fr\/application\/wp-content\/uploads\/2018\/03\/voyage-\u00e0-El-Puerto-de-Sta-Maria-Eglise-960x600.jpg\" alt=\"\" title=\"\" \/> <\/div> <\/div> <div class=\"cycloneslider-pager\"><\/div> <a href=\"#\" class=\"cycloneslider-prev\"> <span class=\"arrow\"><\/span> <\/a> <a href=\"#\" class=\"cycloneslider-next\"> <span class=\"arrow\"><\/span> <\/a> <\/div>\n<p>&nbsp;<\/p>\n","protected":false},"excerpt":{"rendered":"<p>Cinq jours que nos \u00e9l\u00e8ves (classes de secondes et premi\u00e8res) et leurs accompagnateurs sont en Andalousie. A \u00ab\u00a0El Puerto de Santa Mar\u00eda\u00a0\u00bb ils ont d\u00e9j\u00e0 pris leurs marques. D\u00e8s l\u2019arriv\u00e9e sur le sol espagnol direction Gibraltar avec l\u2019espoir que le ciel soit d\u00e9gag\u00e9 afin d\u2019apercevoir les c\u00f4tes africaines. Au retour chacun est accueilli dans sa &#8230; <a title=\"\u00a1 Agradable viaje en El Puerto de Sta Mar\u00eda !\" class=\"read-more\" href=\"https:\/\/www.saint-paul-angouleme.fr\/application\/agradable-viaje-en-el-puerto-de-sta-maria\/\" aria-label=\"Read more about \u00a1 Agradable viaje en El Puerto de Sta Mar\u00eda !\">Lire la suite<\/a><\/p>\n","protected":false},"author":3,"featured_media":0,"comment_status":"open","ping_status":"open","sticky":false,"template":"","format":"standard","meta":{"_exactmetrics_skip_tracking":false,"_exactmetrics_sitenote_active":false,"_exactmetrics_sitenote_note":"","_exactmetrics_sitenote_category":0,"footnotes":""},"categories":[2,13],"tags":[214,20,213,18],"class_list":["post-2812","post","type-post","status-publish","format-standard","hentry","category-look-on","category-pedagogie","tag-cadiz","tag-college-et-lycee-saint-paul-angouleme","tag-el-puerto-de-sta-maria","tag-voyage-scolaire"],"yoast_head":"<!-- This site is optimized with the Yoast SEO plugin v23.3 - https:\/\/yoast.com\/wordpress\/plugins\/seo\/ -->\n<title>\u00a1 Agradable viaje en El Puerto de Sta Mar\u00eda ! - Actualit\u00e9s<\/title>\n<meta name=\"robots\" content=\"index, follow, max-snippet:-1, max-image-preview:large, max-video-preview:-1\" \/>\n<link rel=\"canonical\" href=\"https:\/\/www.saint-paul-angouleme.fr\/application\/agradable-viaje-en-el-puerto-de-sta-maria\/\" \/>\n<meta property=\"og:locale\" content=\"fr_FR\" \/>\n<meta property=\"og:type\" content=\"article\" \/>\n<meta property=\"og:title\" content=\"\u00a1 Agradable viaje en El Puerto de Sta Mar\u00eda ! - Actualit\u00e9s\" \/>\n<meta property=\"og:description\" content=\"Cinq jours que nos \u00e9l\u00e8ves (classes de secondes et premi\u00e8res) et leurs accompagnateurs sont en Andalousie. A \u00ab\u00a0El Puerto de Santa Mar\u00eda\u00a0\u00bb ils ont d\u00e9j\u00e0 pris leurs marques. D\u00e8s l\u2019arriv\u00e9e sur le sol espagnol direction Gibraltar avec l\u2019espoir que le ciel soit d\u00e9gag\u00e9 afin d\u2019apercevoir les c\u00f4tes africaines. Au retour chacun est accueilli dans sa ... Lire la suite\" \/>\n<meta property=\"og:url\" content=\"https:\/\/www.saint-paul-angouleme.fr\/application\/agradable-viaje-en-el-puerto-de-sta-maria\/\" \/>\n<meta property=\"og:site_name\" content=\"Actualit\u00e9s\" \/>\n<meta property=\"article:publisher\" content=\"https:\/\/www.facebook.com\/SaintPaulAngouleme16\/\" \/>\n<meta property=\"article:published_time\" content=\"2018-03-14T16:46:23+00:00\" \/>\n<meta property=\"og:image\" content=\"http:\/\/www.saint-paul-angouleme.fr\/application\/wp-content\/uploads\/2018\/03\/Gibraltar.jpg\" \/>\n<meta name=\"author\" content=\"SAINT-PAUL\" \/>\n<meta name=\"twitter:card\" content=\"summary_large_image\" \/>\n<meta name=\"twitter:creator\" content=\"@StPaulAngoulem\" \/>\n<meta name=\"twitter:site\" content=\"@StPaulAngoulem\" \/>\n<meta name=\"twitter:label1\" content=\"\u00c9crit par\" \/>\n\t<meta name=\"twitter:data1\" content=\"SAINT-PAUL\" \/>\n\t<meta name=\"twitter:label2\" content=\"Dur\u00e9e de lecture estim\u00e9e\" \/>\n\t<meta name=\"twitter:data2\" content=\"2 minutes\" \/>\n<script type=\"application\/ld+json\" class=\"yoast-schema-graph\">{\"@context\":\"https:\/\/schema.org\",\"@graph\":[{\"@type\":\"Article\",\"@id\":\"https:\/\/www.saint-paul-angouleme.fr\/application\/agradable-viaje-en-el-puerto-de-sta-maria\/#article\",\"isPartOf\":{\"@id\":\"https:\/\/www.saint-paul-angouleme.fr\/application\/agradable-viaje-en-el-puerto-de-sta-maria\/\"},\"author\":{\"name\":\"SAINT-PAUL\",\"@id\":\"https:\/\/www.saint-paul-angouleme.fr\/application\/#\/schema\/person\/ea152930b1a3823659065827b1a5fb9b\"},\"headline\":\"\u00a1 Agradable viaje en El Puerto de Sta Mar\u00eda !\",\"datePublished\":\"2018-03-14T16:46:23+00:00\",\"dateModified\":\"2018-03-14T16:46:23+00:00\",\"mainEntityOfPage\":{\"@id\":\"https:\/\/www.saint-paul-angouleme.fr\/application\/agradable-viaje-en-el-puerto-de-sta-maria\/\"},\"wordCount\":331,\"commentCount\":0,\"publisher\":{\"@id\":\"https:\/\/www.saint-paul-angouleme.fr\/application\/#organization\"},\"image\":{\"@id\":\"https:\/\/www.saint-paul-angouleme.fr\/application\/agradable-viaje-en-el-puerto-de-sta-maria\/#primaryimage\"},\"thumbnailUrl\":\"http:\/\/www.saint-paul-angouleme.fr\/application\/wp-content\/uploads\/2018\/03\/Gibraltar.jpg\",\"keywords\":[\"Cadiz\",\"Coll\u00e8ge et Lyc\u00e9e Saint-Paul Angoul\u00eame\",\"El Puerto de Sta Maria\",\"Voyage scolaire\"],\"articleSection\":[\"Look on\",\"P\u00e9dagogie\"],\"inLanguage\":\"fr-FR\",\"potentialAction\":[{\"@type\":\"CommentAction\",\"name\":\"Comment\",\"target\":[\"https:\/\/www.saint-paul-angouleme.fr\/application\/agradable-viaje-en-el-puerto-de-sta-maria\/#respond\"]}]},{\"@type\":\"WebPage\",\"@id\":\"https:\/\/www.saint-paul-angouleme.fr\/application\/agradable-viaje-en-el-puerto-de-sta-maria\/\",\"url\":\"https:\/\/www.saint-paul-angouleme.fr\/application\/agradable-viaje-en-el-puerto-de-sta-maria\/\",\"name\":\"\u00a1 Agradable viaje en El Puerto de Sta Mar\u00eda ! - Actualit\u00e9s\",\"isPartOf\":{\"@id\":\"https:\/\/www.saint-paul-angouleme.fr\/application\/#website\"},\"primaryImageOfPage\":{\"@id\":\"https:\/\/www.saint-paul-angouleme.fr\/application\/agradable-viaje-en-el-puerto-de-sta-maria\/#primaryimage\"},\"image\":{\"@id\":\"https:\/\/www.saint-paul-angouleme.fr\/application\/agradable-viaje-en-el-puerto-de-sta-maria\/#primaryimage\"},\"thumbnailUrl\":\"http:\/\/www.saint-paul-angouleme.fr\/application\/wp-content\/uploads\/2018\/03\/Gibraltar.jpg\",\"datePublished\":\"2018-03-14T16:46:23+00:00\",\"dateModified\":\"2018-03-14T16:46:23+00:00\",\"breadcrumb\":{\"@id\":\"https:\/\/www.saint-paul-angouleme.fr\/application\/agradable-viaje-en-el-puerto-de-sta-maria\/#breadcrumb\"},\"inLanguage\":\"fr-FR\",\"potentialAction\":[{\"@type\":\"ReadAction\",\"target\":[\"https:\/\/www.saint-paul-angouleme.fr\/application\/agradable-viaje-en-el-puerto-de-sta-maria\/\"]}]},{\"@type\":\"ImageObject\",\"inLanguage\":\"fr-FR\",\"@id\":\"https:\/\/www.saint-paul-angouleme.fr\/application\/agradable-viaje-en-el-puerto-de-sta-maria\/#primaryimage\",\"url\":\"http:\/\/www.saint-paul-angouleme.fr\/application\/wp-content\/uploads\/2018\/03\/Gibraltar.jpg\",\"contentUrl\":\"http:\/\/www.saint-paul-angouleme.fr\/application\/wp-content\/uploads\/2018\/03\/Gibraltar.jpg\"},{\"@type\":\"BreadcrumbList\",\"@id\":\"https:\/\/www.saint-paul-angouleme.fr\/application\/agradable-viaje-en-el-puerto-de-sta-maria\/#breadcrumb\",\"itemListElement\":[{\"@type\":\"ListItem\",\"position\":1,\"name\":\"Accueil\",\"item\":\"http:\/\/www.saint-paul-angouleme.fr\/application\/\"},{\"@type\":\"ListItem\",\"position\":2,\"name\":\"\u00a1 Agradable viaje en El Puerto de Sta Mar\u00eda !\"}]},{\"@type\":\"WebSite\",\"@id\":\"https:\/\/www.saint-paul-angouleme.fr\/application\/#website\",\"url\":\"https:\/\/www.saint-paul-angouleme.fr\/application\/\",\"name\":\"Actualit\u00e9s\",\"description\":\"Actualit\u00e9s Saint Paul\",\"publisher\":{\"@id\":\"https:\/\/www.saint-paul-angouleme.fr\/application\/#organization\"},\"potentialAction\":[{\"@type\":\"SearchAction\",\"target\":{\"@type\":\"EntryPoint\",\"urlTemplate\":\"https:\/\/www.saint-paul-angouleme.fr\/application\/?s={search_term_string}\"},\"query-input\":\"required name=search_term_string\"}],\"inLanguage\":\"fr-FR\"},{\"@type\":\"Organization\",\"@id\":\"https:\/\/www.saint-paul-angouleme.fr\/application\/#organization\",\"name\":\"Ensemble scolaire Saint-Paul\",\"url\":\"https:\/\/www.saint-paul-angouleme.fr\/application\/\",\"logo\":{\"@type\":\"ImageObject\",\"inLanguage\":\"fr-FR\",\"@id\":\"https:\/\/www.saint-paul-angouleme.fr\/application\/#\/schema\/logo\/image\/\",\"url\":\"https:\/\/www.saint-paul-angouleme.fr\/application\/wp-content\/uploads\/2018\/08\/logo-saint-paul-couleurs.jpg\",\"contentUrl\":\"https:\/\/www.saint-paul-angouleme.fr\/application\/wp-content\/uploads\/2018\/08\/logo-saint-paul-couleurs.jpg\",\"width\":1890,\"height\":709,\"caption\":\"Ensemble scolaire Saint-Paul\"},\"image\":{\"@id\":\"https:\/\/www.saint-paul-angouleme.fr\/application\/#\/schema\/logo\/image\/\"},\"sameAs\":[\"https:\/\/www.facebook.com\/SaintPaulAngouleme16\/\",\"https:\/\/x.com\/StPaulAngoulem\",\"https:\/\/www.youtube.com\/channel\/UCRLpz1CmPVqc0gn--YyXvjA?view_as=subscriber\"]},{\"@type\":\"Person\",\"@id\":\"https:\/\/www.saint-paul-angouleme.fr\/application\/#\/schema\/person\/ea152930b1a3823659065827b1a5fb9b\",\"name\":\"SAINT-PAUL\",\"image\":{\"@type\":\"ImageObject\",\"inLanguage\":\"fr-FR\",\"@id\":\"https:\/\/www.saint-paul-angouleme.fr\/application\/#\/schema\/person\/image\/\",\"url\":\"https:\/\/secure.gravatar.com\/avatar\/eadb0ffebc02683a61d69038eb2924f0?s=96&r=g\",\"contentUrl\":\"https:\/\/secure.gravatar.com\/avatar\/eadb0ffebc02683a61d69038eb2924f0?s=96&r=g\",\"caption\":\"SAINT-PAUL\"},\"url\":\"https:\/\/www.saint-paul-angouleme.fr\/application\/author\/myriam\/\"}]}<\/script>\n<!-- \/ Yoast SEO plugin. -->","yoast_head_json":{"title":"\u00a1 Agradable viaje en El Puerto de Sta Mar\u00eda ! - Actualit\u00e9s","robots":{"index":"index","follow":"follow","max-snippet":"max-snippet:-1","max-image-preview":"max-image-preview:large","max-video-preview":"max-video-preview:-1"},"canonical":"https:\/\/www.saint-paul-angouleme.fr\/application\/agradable-viaje-en-el-puerto-de-sta-maria\/","og_locale":"fr_FR","og_type":"article","og_title":"\u00a1 Agradable viaje en El Puerto de Sta Mar\u00eda ! - Actualit\u00e9s","og_description":"Cinq jours que nos \u00e9l\u00e8ves (classes de secondes et premi\u00e8res) et leurs accompagnateurs sont en Andalousie. A \u00ab\u00a0El Puerto de Santa Mar\u00eda\u00a0\u00bb ils ont d\u00e9j\u00e0 pris leurs marques. D\u00e8s l\u2019arriv\u00e9e sur le sol espagnol direction Gibraltar avec l\u2019espoir que le ciel soit d\u00e9gag\u00e9 afin d\u2019apercevoir les c\u00f4tes africaines. Au retour chacun est accueilli dans sa ... Lire la suite","og_url":"https:\/\/www.saint-paul-angouleme.fr\/application\/agradable-viaje-en-el-puerto-de-sta-maria\/","og_site_name":"Actualit\u00e9s","article_publisher":"https:\/\/www.facebook.com\/SaintPaulAngouleme16\/","article_published_time":"2018-03-14T16:46:23+00:00","og_image":[{"url":"http:\/\/www.saint-paul-angouleme.fr\/application\/wp-content\/uploads\/2018\/03\/Gibraltar.jpg"}],"author":"SAINT-PAUL","twitter_card":"summary_large_image","twitter_creator":"@StPaulAngoulem","twitter_site":"@StPaulAngoulem","twitter_misc":{"\u00c9crit par":"SAINT-PAUL","Dur\u00e9e de lecture estim\u00e9e":"2 minutes"},"schema":{"@context":"https:\/\/schema.org","@graph":[{"@type":"Article","@id":"https:\/\/www.saint-paul-angouleme.fr\/application\/agradable-viaje-en-el-puerto-de-sta-maria\/#article","isPartOf":{"@id":"https:\/\/www.saint-paul-angouleme.fr\/application\/agradable-viaje-en-el-puerto-de-sta-maria\/"},"author":{"name":"SAINT-PAUL","@id":"https:\/\/www.saint-paul-angouleme.fr\/application\/#\/schema\/person\/ea152930b1a3823659065827b1a5fb9b"},"headline":"\u00a1 Agradable viaje en El Puerto de Sta Mar\u00eda !","datePublished":"2018-03-14T16:46:23+00:00","dateModified":"2018-03-14T16:46:23+00:00","mainEntityOfPage":{"@id":"https:\/\/www.saint-paul-angouleme.fr\/application\/agradable-viaje-en-el-puerto-de-sta-maria\/"},"wordCount":331,"commentCount":0,"publisher":{"@id":"https:\/\/www.saint-paul-angouleme.fr\/application\/#organization"},"image":{"@id":"https:\/\/www.saint-paul-angouleme.fr\/application\/agradable-viaje-en-el-puerto-de-sta-maria\/#primaryimage"},"thumbnailUrl":"http:\/\/www.saint-paul-angouleme.fr\/application\/wp-content\/uploads\/2018\/03\/Gibraltar.jpg","keywords":["Cadiz","Coll\u00e8ge et Lyc\u00e9e Saint-Paul Angoul\u00eame","El Puerto de Sta Maria","Voyage scolaire"],"articleSection":["Look on","P\u00e9dagogie"],"inLanguage":"fr-FR","potentialAction":[{"@type":"CommentAction","name":"Comment","target":["https:\/\/www.saint-paul-angouleme.fr\/application\/agradable-viaje-en-el-puerto-de-sta-maria\/#respond"]}]},{"@type":"WebPage","@id":"https:\/\/www.saint-paul-angouleme.fr\/application\/agradable-viaje-en-el-puerto-de-sta-maria\/","url":"https:\/\/www.saint-paul-angouleme.fr\/application\/agradable-viaje-en-el-puerto-de-sta-maria\/","name":"\u00a1 Agradable viaje en El Puerto de Sta Mar\u00eda ! - Actualit\u00e9s","isPartOf":{"@id":"https:\/\/www.saint-paul-angouleme.fr\/application\/#website"},"primaryImageOfPage":{"@id":"https:\/\/www.saint-paul-angouleme.fr\/application\/agradable-viaje-en-el-puerto-de-sta-maria\/#primaryimage"},"image":{"@id":"https:\/\/www.saint-paul-angouleme.fr\/application\/agradable-viaje-en-el-puerto-de-sta-maria\/#primaryimage"},"thumbnailUrl":"http:\/\/www.saint-paul-angouleme.fr\/application\/wp-content\/uploads\/2018\/03\/Gibraltar.jpg","datePublished":"2018-03-14T16:46:23+00:00","dateModified":"2018-03-14T16:46:23+00:00","breadcrumb":{"@id":"https:\/\/www.saint-paul-angouleme.fr\/application\/agradable-viaje-en-el-puerto-de-sta-maria\/#breadcrumb"},"inLanguage":"fr-FR","potentialAction":[{"@type":"ReadAction","target":["https:\/\/www.saint-paul-angouleme.fr\/application\/agradable-viaje-en-el-puerto-de-sta-maria\/"]}]},{"@type":"ImageObject","inLanguage":"fr-FR","@id":"https:\/\/www.saint-paul-angouleme.fr\/application\/agradable-viaje-en-el-puerto-de-sta-maria\/#primaryimage","url":"http:\/\/www.saint-paul-angouleme.fr\/application\/wp-content\/uploads\/2018\/03\/Gibraltar.jpg","contentUrl":"http:\/\/www.saint-paul-angouleme.fr\/application\/wp-content\/uploads\/2018\/03\/Gibraltar.jpg"},{"@type":"BreadcrumbList","@id":"https:\/\/www.saint-paul-angouleme.fr\/application\/agradable-viaje-en-el-puerto-de-sta-maria\/#breadcrumb","itemListElement":[{"@type":"ListItem","position":1,"name":"Accueil","item":"http:\/\/www.saint-paul-angouleme.fr\/application\/"},{"@type":"ListItem","position":2,"name":"\u00a1 Agradable viaje en El Puerto de Sta Mar\u00eda !"}]},{"@type":"WebSite","@id":"https:\/\/www.saint-paul-angouleme.fr\/application\/#website","url":"https:\/\/www.saint-paul-angouleme.fr\/application\/","name":"Actualit\u00e9s","description":"Actualit\u00e9s Saint Paul","publisher":{"@id":"https:\/\/www.saint-paul-angouleme.fr\/application\/#organization"},"potentialAction":[{"@type":"SearchAction","target":{"@type":"EntryPoint","urlTemplate":"https:\/\/www.saint-paul-angouleme.fr\/application\/?s={search_term_string}"},"query-input":"required name=search_term_string"}],"inLanguage":"fr-FR"},{"@type":"Organization","@id":"https:\/\/www.saint-paul-angouleme.fr\/application\/#organization","name":"Ensemble scolaire Saint-Paul","url":"https:\/\/www.saint-paul-angouleme.fr\/application\/","logo":{"@type":"ImageObject","inLanguage":"fr-FR","@id":"https:\/\/www.saint-paul-angouleme.fr\/application\/#\/schema\/logo\/image\/","url":"https:\/\/www.saint-paul-angouleme.fr\/application\/wp-content\/uploads\/2018\/08\/logo-saint-paul-couleurs.jpg","contentUrl":"https:\/\/www.saint-paul-angouleme.fr\/application\/wp-content\/uploads\/2018\/08\/logo-saint-paul-couleurs.jpg","width":1890,"height":709,"caption":"Ensemble scolaire Saint-Paul"},"image":{"@id":"https:\/\/www.saint-paul-angouleme.fr\/application\/#\/schema\/logo\/image\/"},"sameAs":["https:\/\/www.facebook.com\/SaintPaulAngouleme16\/","https:\/\/x.com\/StPaulAngoulem","https:\/\/www.youtube.com\/channel\/UCRLpz1CmPVqc0gn--YyXvjA?view_as=subscriber"]},{"@type":"Person","@id":"https:\/\/www.saint-paul-angouleme.fr\/application\/#\/schema\/person\/ea152930b1a3823659065827b1a5fb9b","name":"SAINT-PAUL","image":{"@type":"ImageObject","inLanguage":"fr-FR","@id":"https:\/\/www.saint-paul-angouleme.fr\/application\/#\/schema\/person\/image\/","url":"https:\/\/secure.gravatar.com\/avatar\/eadb0ffebc02683a61d69038eb2924f0?s=96&r=g","contentUrl":"https:\/\/secure.gravatar.com\/avatar\/eadb0ffebc02683a61d69038eb2924f0?s=96&r=g","caption":"SAINT-PAUL"},"url":"https:\/\/www.saint-paul-angouleme.fr\/application\/author\/myriam\/"}]}},"_links":{"self":[{"href":"https:\/\/www.saint-paul-angouleme.fr\/application\/wp-json\/wp\/v2\/posts\/2812"}],"collection":[{"href":"https:\/\/www.saint-paul-angouleme.fr\/application\/wp-json\/wp\/v2\/posts"}],"about":[{"href":"https:\/\/www.saint-paul-angouleme.fr\/application\/wp-json\/wp\/v2\/types\/post"}],"author":[{"embeddable":true,"href":"https:\/\/www.saint-paul-angouleme.fr\/application\/wp-json\/wp\/v2\/users\/3"}],"replies":[{"embeddable":true,"href":"https:\/\/www.saint-paul-angouleme.fr\/application\/wp-json\/wp\/v2\/comments?post=2812"}],"version-history":[{"count":5,"href":"https:\/\/www.saint-paul-angouleme.fr\/application\/wp-json\/wp\/v2\/posts\/2812\/revisions"}],"predecessor-version":[{"id":2833,"href":"https:\/\/www.saint-paul-angouleme.fr\/application\/wp-json\/wp\/v2\/posts\/2812\/revisions\/2833"}],"wp:attachment":[{"href":"https:\/\/www.saint-paul-angouleme.fr\/application\/wp-json\/wp\/v2\/media?parent=2812"}],"wp:term":[{"taxonomy":"category","embeddable":true,"href":"https:\/\/www.saint-paul-angouleme.fr\/application\/wp-json\/wp\/v2\/categories?post=2812"},{"taxonomy":"post_tag","embeddable":true,"href":"https:\/\/www.saint-paul-angouleme.fr\/application\/wp-json\/wp\/v2\/tags?post=2812"}],"curies":[{"name":"wp","href":"https:\/\/api.w.org\/{rel}","templated":true}]}}