{"id":2796,"date":"2018-03-08T19:21:59","date_gmt":"2018-03-08T18:21:59","guid":{"rendered":"http:\/\/www.saint-paul-angouleme.fr\/application\/?p=2796"},"modified":"2018-03-08T19:21:59","modified_gmt":"2018-03-08T18:21:59","slug":"exposition-un-songe-prophylactique-dantoine-haupteman-a-la-galerie-saint-paul","status":"publish","type":"post","link":"https:\/\/www.saint-paul-angouleme.fr\/application\/exposition-un-songe-prophylactique-dantoine-haupteman-a-la-galerie-saint-paul\/","title":{"rendered":"Exposition &#8220;Un songe prophylactique&#8221; d&#8217;Antoine HAUPTEMAN \u00e0 la &#8220;Galerie Saint-Paul&#8221;"},"content":{"rendered":"<p><a href=\"http:\/\/www.saint-paul-angouleme.fr\/application\/wp-content\/uploads\/2018\/03\/AFFICHE-EXPO-2-2018.pub-Lecture-seule.png\"><img loading=\"lazy\" decoding=\"async\" class=\"aligncenter size-large wp-image-2797\" src=\"http:\/\/www.saint-paul-angouleme.fr\/application\/wp-content\/uploads\/2018\/03\/AFFICHE-EXPO-2-2018.pub-Lecture-seule-724x1024.png\" alt=\"\" width=\"724\" height=\"1024\" data-id=\"2797\" srcset=\"https:\/\/www.saint-paul-angouleme.fr\/application\/wp-content\/uploads\/2018\/03\/AFFICHE-EXPO-2-2018.pub-Lecture-seule-724x1024.png 724w, https:\/\/www.saint-paul-angouleme.fr\/application\/wp-content\/uploads\/2018\/03\/AFFICHE-EXPO-2-2018.pub-Lecture-seule-212x300.png 212w, https:\/\/www.saint-paul-angouleme.fr\/application\/wp-content\/uploads\/2018\/03\/AFFICHE-EXPO-2-2018.pub-Lecture-seule-768x1086.png 768w, https:\/\/www.saint-paul-angouleme.fr\/application\/wp-content\/uploads\/2018\/03\/AFFICHE-EXPO-2-2018.pub-Lecture-seule.png 1240w\" sizes=\"(max-width: 724px) 100vw, 724px\" \/><\/a><\/p>\n<p style=\"text-align: justify;\"><span style=\"font-family: arial, helvetica, sans-serif; font-size: 16px; color: #333333;\">Antoine Haupteman vit et travaille \u00e0 Angoul\u00eame.\u00a0<\/span><br \/>\n<span style=\"font-family: arial, helvetica, sans-serif; font-size: 16px; color: #333333;\">Il a une formation d&#8217;historien de l&#8217;art au cours de laquelle il s&#8217;est sp\u00e9cialis\u00e9 dans l&#8217;\u00e9tude des illustrations<span class=\"text_exposed_show\">\u00a0m\u00e9dicales de la Renaissance. Parall\u00e8lement il a suivi des cours \u00e0 la Wimbledon School of arts de Londres et aux beaux-arts de Poitiers et Tours.<br \/>\nIl peint depuis toujours, con\u00e7oit des installations et des performances. Depuis deux ans, il sort de sa r\u00e9serve, finalise et expose ses \u0153uvres en attente.<br \/>\n<\/span><\/span><\/p>\n<p style=\"text-align: justify;\"><span class=\"text_exposed_show\" style=\"font-family: arial, helvetica, sans-serif; font-size: 16px; color: #333333;\">Sa production est partag\u00e9e entre des peintures de grand format peintes toutes ensemble, au fil des jours pendant des mois et des dessins rassembl\u00e9s en installations. Les grandes peintures sont des d\u00e9cantations, une recherche de profondeur qui rejoint profondeur des paysages et de la figure humaine.<br \/>\nLes dessins et installations interrogent le regard port\u00e9 su le corps.<br \/>\n<\/span><\/p>\n<p style=\"text-align: justify;\"><span class=\"text_exposed_show\" style=\"font-family: arial, helvetica, sans-serif; font-size: 16px; color: #333333;\">Antoine Haupteman a enseign\u00e9 l&#8217;histoire de l&#8217;art \u00e0 l&#8217;\u00e9cole d&#8217;art de Niort, \u00e0 l&#8217;Institut de Touraine, \u00e0 L&#8217;IDAIC de Poitiers (BTS Tourisme). Il intervient dans des \u00e9tablissements scolaires de la maternelle au sup\u00e9rieur pour des conf\u00e9rences, des ateliers de peinture ou de c\u00e9ramique.<\/span><\/p>\n<p><em><span style=\"font-family: arial, helvetica, sans-serif; font-size: 12px;\">Source :\u00a0<a href=\"https:\/\/www.facebook.com\/pg\/Antoine-Haupteman-772931512717266\/about\/?ref=page_internal\">https:\/\/www.facebook.com\/pg\/Antoine-Haupteman-772931512717266\/about\/?ref=page_internal<\/a><\/span><\/em><\/p>\n<p>&nbsp;<\/p>\n","protected":false},"excerpt":{"rendered":"<p>Antoine Haupteman vit et travaille \u00e0 Angoul\u00eame.\u00a0 Il a une formation d&#8217;historien de l&#8217;art au cours de laquelle il s&#8217;est sp\u00e9cialis\u00e9 dans l&#8217;\u00e9tude des illustrations\u00a0m\u00e9dicales de la Renaissance. Parall\u00e8lement il a suivi des cours \u00e0 la Wimbledon School of arts de Londres et aux beaux-arts de Poitiers et Tours. Il peint depuis toujours, con\u00e7oit des &#8230; <a title=\"Exposition &#8220;Un songe prophylactique&#8221; d&#8217;Antoine HAUPTEMAN \u00e0 la &#8220;Galerie Saint-Paul&#8221;\" class=\"read-more\" href=\"https:\/\/www.saint-paul-angouleme.fr\/application\/exposition-un-songe-prophylactique-dantoine-haupteman-a-la-galerie-saint-paul\/\" aria-label=\"Read more about Exposition &#8220;Un songe prophylactique&#8221; d&#8217;Antoine HAUPTEMAN \u00e0 la &#8220;Galerie Saint-Paul&#8221;\">Lire la suite<\/a><\/p>\n","protected":false},"author":3,"featured_media":0,"comment_status":"open","ping_status":"open","sticky":false,"template":"","format":"standard","meta":{"_exactmetrics_skip_tracking":false,"_exactmetrics_sitenote_active":false,"_exactmetrics_sitenote_note":"","_exactmetrics_sitenote_category":0,"footnotes":""},"categories":[6,2],"tags":[20,211,212],"class_list":["post-2796","post","type-post","status-publish","format-standard","hentry","category-galerie","category-look-on","tag-college-et-lycee-saint-paul-angouleme","tag-exposition","tag-galerie-saint-paul"],"yoast_head":"<!-- This site is optimized with the Yoast SEO plugin v23.3 - https:\/\/yoast.com\/wordpress\/plugins\/seo\/ -->\n<title>Exposition &quot;Un songe prophylactique&quot; d&#039;Antoine HAUPTEMAN \u00e0 la &quot;Galerie Saint-Paul&quot; - Actualit\u00e9s<\/title>\n<meta name=\"robots\" content=\"index, follow, max-snippet:-1, max-image-preview:large, max-video-preview:-1\" \/>\n<link rel=\"canonical\" href=\"https:\/\/www.saint-paul-angouleme.fr\/application\/exposition-un-songe-prophylactique-dantoine-haupteman-a-la-galerie-saint-paul\/\" \/>\n<meta property=\"og:locale\" content=\"fr_FR\" \/>\n<meta property=\"og:type\" content=\"article\" \/>\n<meta property=\"og:title\" content=\"Exposition &quot;Un songe prophylactique&quot; d&#039;Antoine HAUPTEMAN \u00e0 la &quot;Galerie Saint-Paul&quot; - Actualit\u00e9s\" \/>\n<meta property=\"og:description\" content=\"Antoine Haupteman vit et travaille \u00e0 Angoul\u00eame.\u00a0 Il a une formation d&#8217;historien de l&#8217;art au cours de laquelle il s&#8217;est sp\u00e9cialis\u00e9 dans l&#8217;\u00e9tude des illustrations\u00a0m\u00e9dicales de la Renaissance. Parall\u00e8lement il a suivi des cours \u00e0 la Wimbledon School of arts de Londres et aux beaux-arts de Poitiers et Tours. Il peint depuis toujours, con\u00e7oit des ... Lire la suite\" \/>\n<meta property=\"og:url\" content=\"https:\/\/www.saint-paul-angouleme.fr\/application\/exposition-un-songe-prophylactique-dantoine-haupteman-a-la-galerie-saint-paul\/\" \/>\n<meta property=\"og:site_name\" content=\"Actualit\u00e9s\" \/>\n<meta property=\"article:publisher\" content=\"https:\/\/www.facebook.com\/SaintPaulAngouleme16\/\" \/>\n<meta property=\"article:published_time\" content=\"2018-03-08T18:21:59+00:00\" \/>\n<meta property=\"og:image\" content=\"http:\/\/www.saint-paul-angouleme.fr\/application\/wp-content\/uploads\/2018\/03\/AFFICHE-EXPO-2-2018.pub-Lecture-seule-724x1024.png\" \/>\n<meta name=\"author\" content=\"SAINT-PAUL\" \/>\n<meta name=\"twitter:card\" content=\"summary_large_image\" \/>\n<meta name=\"twitter:creator\" content=\"@StPaulAngoulem\" \/>\n<meta name=\"twitter:site\" content=\"@StPaulAngoulem\" \/>\n<meta name=\"twitter:label1\" content=\"\u00c9crit par\" \/>\n\t<meta name=\"twitter:data1\" content=\"SAINT-PAUL\" \/>\n\t<meta name=\"twitter:label2\" content=\"Dur\u00e9e de lecture estim\u00e9e\" \/>\n\t<meta name=\"twitter:data2\" content=\"1 minute\" \/>\n<script type=\"application\/ld+json\" class=\"yoast-schema-graph\">{\"@context\":\"https:\/\/schema.org\",\"@graph\":[{\"@type\":\"Article\",\"@id\":\"https:\/\/www.saint-paul-angouleme.fr\/application\/exposition-un-songe-prophylactique-dantoine-haupteman-a-la-galerie-saint-paul\/#article\",\"isPartOf\":{\"@id\":\"https:\/\/www.saint-paul-angouleme.fr\/application\/exposition-un-songe-prophylactique-dantoine-haupteman-a-la-galerie-saint-paul\/\"},\"author\":{\"name\":\"SAINT-PAUL\",\"@id\":\"https:\/\/www.saint-paul-angouleme.fr\/application\/#\/schema\/person\/ea152930b1a3823659065827b1a5fb9b\"},\"headline\":\"Exposition &#8220;Un songe prophylactique&#8221; d&#8217;Antoine HAUPTEMAN \u00e0 la &#8220;Galerie Saint-Paul&#8221;\",\"datePublished\":\"2018-03-08T18:21:59+00:00\",\"dateModified\":\"2018-03-08T18:21:59+00:00\",\"mainEntityOfPage\":{\"@id\":\"https:\/\/www.saint-paul-angouleme.fr\/application\/exposition-un-songe-prophylactique-dantoine-haupteman-a-la-galerie-saint-paul\/\"},\"wordCount\":214,\"commentCount\":0,\"publisher\":{\"@id\":\"https:\/\/www.saint-paul-angouleme.fr\/application\/#organization\"},\"image\":{\"@id\":\"https:\/\/www.saint-paul-angouleme.fr\/application\/exposition-un-songe-prophylactique-dantoine-haupteman-a-la-galerie-saint-paul\/#primaryimage\"},\"thumbnailUrl\":\"http:\/\/www.saint-paul-angouleme.fr\/application\/wp-content\/uploads\/2018\/03\/AFFICHE-EXPO-2-2018.pub-Lecture-seule-724x1024.png\",\"keywords\":[\"Coll\u00e8ge et Lyc\u00e9e Saint-Paul Angoul\u00eame\",\"Exposition\",\"Galerie Saint-Paul\"],\"articleSection\":[\"Galerie\",\"Look on\"],\"inLanguage\":\"fr-FR\",\"potentialAction\":[{\"@type\":\"CommentAction\",\"name\":\"Comment\",\"target\":[\"https:\/\/www.saint-paul-angouleme.fr\/application\/exposition-un-songe-prophylactique-dantoine-haupteman-a-la-galerie-saint-paul\/#respond\"]}]},{\"@type\":\"WebPage\",\"@id\":\"https:\/\/www.saint-paul-angouleme.fr\/application\/exposition-un-songe-prophylactique-dantoine-haupteman-a-la-galerie-saint-paul\/\",\"url\":\"https:\/\/www.saint-paul-angouleme.fr\/application\/exposition-un-songe-prophylactique-dantoine-haupteman-a-la-galerie-saint-paul\/\",\"name\":\"Exposition \\\"Un songe prophylactique\\\" d'Antoine HAUPTEMAN \u00e0 la \\\"Galerie Saint-Paul\\\" - Actualit\u00e9s\",\"isPartOf\":{\"@id\":\"https:\/\/www.saint-paul-angouleme.fr\/application\/#website\"},\"primaryImageOfPage\":{\"@id\":\"https:\/\/www.saint-paul-angouleme.fr\/application\/exposition-un-songe-prophylactique-dantoine-haupteman-a-la-galerie-saint-paul\/#primaryimage\"},\"image\":{\"@id\":\"https:\/\/www.saint-paul-angouleme.fr\/application\/exposition-un-songe-prophylactique-dantoine-haupteman-a-la-galerie-saint-paul\/#primaryimage\"},\"thumbnailUrl\":\"http:\/\/www.saint-paul-angouleme.fr\/application\/wp-content\/uploads\/2018\/03\/AFFICHE-EXPO-2-2018.pub-Lecture-seule-724x1024.png\",\"datePublished\":\"2018-03-08T18:21:59+00:00\",\"dateModified\":\"2018-03-08T18:21:59+00:00\",\"breadcrumb\":{\"@id\":\"https:\/\/www.saint-paul-angouleme.fr\/application\/exposition-un-songe-prophylactique-dantoine-haupteman-a-la-galerie-saint-paul\/#breadcrumb\"},\"inLanguage\":\"fr-FR\",\"potentialAction\":[{\"@type\":\"ReadAction\",\"target\":[\"https:\/\/www.saint-paul-angouleme.fr\/application\/exposition-un-songe-prophylactique-dantoine-haupteman-a-la-galerie-saint-paul\/\"]}]},{\"@type\":\"ImageObject\",\"inLanguage\":\"fr-FR\",\"@id\":\"https:\/\/www.saint-paul-angouleme.fr\/application\/exposition-un-songe-prophylactique-dantoine-haupteman-a-la-galerie-saint-paul\/#primaryimage\",\"url\":\"https:\/\/www.saint-paul-angouleme.fr\/application\/wp-content\/uploads\/2018\/03\/AFFICHE-EXPO-2-2018.pub-Lecture-seule.png\",\"contentUrl\":\"https:\/\/www.saint-paul-angouleme.fr\/application\/wp-content\/uploads\/2018\/03\/AFFICHE-EXPO-2-2018.pub-Lecture-seule.png\",\"width\":1240,\"height\":1754},{\"@type\":\"BreadcrumbList\",\"@id\":\"https:\/\/www.saint-paul-angouleme.fr\/application\/exposition-un-songe-prophylactique-dantoine-haupteman-a-la-galerie-saint-paul\/#breadcrumb\",\"itemListElement\":[{\"@type\":\"ListItem\",\"position\":1,\"name\":\"Accueil\",\"item\":\"http:\/\/www.saint-paul-angouleme.fr\/application\/\"},{\"@type\":\"ListItem\",\"position\":2,\"name\":\"Exposition &#8220;Un songe prophylactique&#8221; d&#8217;Antoine HAUPTEMAN \u00e0 la &#8220;Galerie Saint-Paul&#8221;\"}]},{\"@type\":\"WebSite\",\"@id\":\"https:\/\/www.saint-paul-angouleme.fr\/application\/#website\",\"url\":\"https:\/\/www.saint-paul-angouleme.fr\/application\/\",\"name\":\"Actualit\u00e9s\",\"description\":\"Actualit\u00e9s Saint Paul\",\"publisher\":{\"@id\":\"https:\/\/www.saint-paul-angouleme.fr\/application\/#organization\"},\"potentialAction\":[{\"@type\":\"SearchAction\",\"target\":{\"@type\":\"EntryPoint\",\"urlTemplate\":\"https:\/\/www.saint-paul-angouleme.fr\/application\/?s={search_term_string}\"},\"query-input\":\"required name=search_term_string\"}],\"inLanguage\":\"fr-FR\"},{\"@type\":\"Organization\",\"@id\":\"https:\/\/www.saint-paul-angouleme.fr\/application\/#organization\",\"name\":\"Ensemble scolaire Saint-Paul\",\"url\":\"https:\/\/www.saint-paul-angouleme.fr\/application\/\",\"logo\":{\"@type\":\"ImageObject\",\"inLanguage\":\"fr-FR\",\"@id\":\"https:\/\/www.saint-paul-angouleme.fr\/application\/#\/schema\/logo\/image\/\",\"url\":\"https:\/\/www.saint-paul-angouleme.fr\/application\/wp-content\/uploads\/2018\/08\/logo-saint-paul-couleurs.jpg\",\"contentUrl\":\"https:\/\/www.saint-paul-angouleme.fr\/application\/wp-content\/uploads\/2018\/08\/logo-saint-paul-couleurs.jpg\",\"width\":1890,\"height\":709,\"caption\":\"Ensemble scolaire Saint-Paul\"},\"image\":{\"@id\":\"https:\/\/www.saint-paul-angouleme.fr\/application\/#\/schema\/logo\/image\/\"},\"sameAs\":[\"https:\/\/www.facebook.com\/SaintPaulAngouleme16\/\",\"https:\/\/x.com\/StPaulAngoulem\",\"https:\/\/www.youtube.com\/channel\/UCRLpz1CmPVqc0gn--YyXvjA?view_as=subscriber\"]},{\"@type\":\"Person\",\"@id\":\"https:\/\/www.saint-paul-angouleme.fr\/application\/#\/schema\/person\/ea152930b1a3823659065827b1a5fb9b\",\"name\":\"SAINT-PAUL\",\"image\":{\"@type\":\"ImageObject\",\"inLanguage\":\"fr-FR\",\"@id\":\"https:\/\/www.saint-paul-angouleme.fr\/application\/#\/schema\/person\/image\/\",\"url\":\"https:\/\/secure.gravatar.com\/avatar\/eadb0ffebc02683a61d69038eb2924f0?s=96&r=g\",\"contentUrl\":\"https:\/\/secure.gravatar.com\/avatar\/eadb0ffebc02683a61d69038eb2924f0?s=96&r=g\",\"caption\":\"SAINT-PAUL\"},\"url\":\"https:\/\/www.saint-paul-angouleme.fr\/application\/author\/myriam\/\"}]}<\/script>\n<!-- \/ Yoast SEO plugin. -->","yoast_head_json":{"title":"Exposition \"Un songe prophylactique\" d'Antoine HAUPTEMAN \u00e0 la \"Galerie Saint-Paul\" - Actualit\u00e9s","robots":{"index":"index","follow":"follow","max-snippet":"max-snippet:-1","max-image-preview":"max-image-preview:large","max-video-preview":"max-video-preview:-1"},"canonical":"https:\/\/www.saint-paul-angouleme.fr\/application\/exposition-un-songe-prophylactique-dantoine-haupteman-a-la-galerie-saint-paul\/","og_locale":"fr_FR","og_type":"article","og_title":"Exposition \"Un songe prophylactique\" d'Antoine HAUPTEMAN \u00e0 la \"Galerie Saint-Paul\" - Actualit\u00e9s","og_description":"Antoine Haupteman vit et travaille \u00e0 Angoul\u00eame.\u00a0 Il a une formation d&#8217;historien de l&#8217;art au cours de laquelle il s&#8217;est sp\u00e9cialis\u00e9 dans l&#8217;\u00e9tude des illustrations\u00a0m\u00e9dicales de la Renaissance. Parall\u00e8lement il a suivi des cours \u00e0 la Wimbledon School of arts de Londres et aux beaux-arts de Poitiers et Tours. Il peint depuis toujours, con\u00e7oit des ... Lire la suite","og_url":"https:\/\/www.saint-paul-angouleme.fr\/application\/exposition-un-songe-prophylactique-dantoine-haupteman-a-la-galerie-saint-paul\/","og_site_name":"Actualit\u00e9s","article_publisher":"https:\/\/www.facebook.com\/SaintPaulAngouleme16\/","article_published_time":"2018-03-08T18:21:59+00:00","og_image":[{"url":"http:\/\/www.saint-paul-angouleme.fr\/application\/wp-content\/uploads\/2018\/03\/AFFICHE-EXPO-2-2018.pub-Lecture-seule-724x1024.png"}],"author":"SAINT-PAUL","twitter_card":"summary_large_image","twitter_creator":"@StPaulAngoulem","twitter_site":"@StPaulAngoulem","twitter_misc":{"\u00c9crit par":"SAINT-PAUL","Dur\u00e9e de lecture estim\u00e9e":"1 minute"},"schema":{"@context":"https:\/\/schema.org","@graph":[{"@type":"Article","@id":"https:\/\/www.saint-paul-angouleme.fr\/application\/exposition-un-songe-prophylactique-dantoine-haupteman-a-la-galerie-saint-paul\/#article","isPartOf":{"@id":"https:\/\/www.saint-paul-angouleme.fr\/application\/exposition-un-songe-prophylactique-dantoine-haupteman-a-la-galerie-saint-paul\/"},"author":{"name":"SAINT-PAUL","@id":"https:\/\/www.saint-paul-angouleme.fr\/application\/#\/schema\/person\/ea152930b1a3823659065827b1a5fb9b"},"headline":"Exposition &#8220;Un songe prophylactique&#8221; d&#8217;Antoine HAUPTEMAN \u00e0 la &#8220;Galerie Saint-Paul&#8221;","datePublished":"2018-03-08T18:21:59+00:00","dateModified":"2018-03-08T18:21:59+00:00","mainEntityOfPage":{"@id":"https:\/\/www.saint-paul-angouleme.fr\/application\/exposition-un-songe-prophylactique-dantoine-haupteman-a-la-galerie-saint-paul\/"},"wordCount":214,"commentCount":0,"publisher":{"@id":"https:\/\/www.saint-paul-angouleme.fr\/application\/#organization"},"image":{"@id":"https:\/\/www.saint-paul-angouleme.fr\/application\/exposition-un-songe-prophylactique-dantoine-haupteman-a-la-galerie-saint-paul\/#primaryimage"},"thumbnailUrl":"http:\/\/www.saint-paul-angouleme.fr\/application\/wp-content\/uploads\/2018\/03\/AFFICHE-EXPO-2-2018.pub-Lecture-seule-724x1024.png","keywords":["Coll\u00e8ge et Lyc\u00e9e Saint-Paul Angoul\u00eame","Exposition","Galerie Saint-Paul"],"articleSection":["Galerie","Look on"],"inLanguage":"fr-FR","potentialAction":[{"@type":"CommentAction","name":"Comment","target":["https:\/\/www.saint-paul-angouleme.fr\/application\/exposition-un-songe-prophylactique-dantoine-haupteman-a-la-galerie-saint-paul\/#respond"]}]},{"@type":"WebPage","@id":"https:\/\/www.saint-paul-angouleme.fr\/application\/exposition-un-songe-prophylactique-dantoine-haupteman-a-la-galerie-saint-paul\/","url":"https:\/\/www.saint-paul-angouleme.fr\/application\/exposition-un-songe-prophylactique-dantoine-haupteman-a-la-galerie-saint-paul\/","name":"Exposition \"Un songe prophylactique\" d'Antoine HAUPTEMAN \u00e0 la \"Galerie Saint-Paul\" - Actualit\u00e9s","isPartOf":{"@id":"https:\/\/www.saint-paul-angouleme.fr\/application\/#website"},"primaryImageOfPage":{"@id":"https:\/\/www.saint-paul-angouleme.fr\/application\/exposition-un-songe-prophylactique-dantoine-haupteman-a-la-galerie-saint-paul\/#primaryimage"},"image":{"@id":"https:\/\/www.saint-paul-angouleme.fr\/application\/exposition-un-songe-prophylactique-dantoine-haupteman-a-la-galerie-saint-paul\/#primaryimage"},"thumbnailUrl":"http:\/\/www.saint-paul-angouleme.fr\/application\/wp-content\/uploads\/2018\/03\/AFFICHE-EXPO-2-2018.pub-Lecture-seule-724x1024.png","datePublished":"2018-03-08T18:21:59+00:00","dateModified":"2018-03-08T18:21:59+00:00","breadcrumb":{"@id":"https:\/\/www.saint-paul-angouleme.fr\/application\/exposition-un-songe-prophylactique-dantoine-haupteman-a-la-galerie-saint-paul\/#breadcrumb"},"inLanguage":"fr-FR","potentialAction":[{"@type":"ReadAction","target":["https:\/\/www.saint-paul-angouleme.fr\/application\/exposition-un-songe-prophylactique-dantoine-haupteman-a-la-galerie-saint-paul\/"]}]},{"@type":"ImageObject","inLanguage":"fr-FR","@id":"https:\/\/www.saint-paul-angouleme.fr\/application\/exposition-un-songe-prophylactique-dantoine-haupteman-a-la-galerie-saint-paul\/#primaryimage","url":"https:\/\/www.saint-paul-angouleme.fr\/application\/wp-content\/uploads\/2018\/03\/AFFICHE-EXPO-2-2018.pub-Lecture-seule.png","contentUrl":"https:\/\/www.saint-paul-angouleme.fr\/application\/wp-content\/uploads\/2018\/03\/AFFICHE-EXPO-2-2018.pub-Lecture-seule.png","width":1240,"height":1754},{"@type":"BreadcrumbList","@id":"https:\/\/www.saint-paul-angouleme.fr\/application\/exposition-un-songe-prophylactique-dantoine-haupteman-a-la-galerie-saint-paul\/#breadcrumb","itemListElement":[{"@type":"ListItem","position":1,"name":"Accueil","item":"http:\/\/www.saint-paul-angouleme.fr\/application\/"},{"@type":"ListItem","position":2,"name":"Exposition &#8220;Un songe prophylactique&#8221; d&#8217;Antoine HAUPTEMAN \u00e0 la &#8220;Galerie Saint-Paul&#8221;"}]},{"@type":"WebSite","@id":"https:\/\/www.saint-paul-angouleme.fr\/application\/#website","url":"https:\/\/www.saint-paul-angouleme.fr\/application\/","name":"Actualit\u00e9s","description":"Actualit\u00e9s Saint Paul","publisher":{"@id":"https:\/\/www.saint-paul-angouleme.fr\/application\/#organization"},"potentialAction":[{"@type":"SearchAction","target":{"@type":"EntryPoint","urlTemplate":"https:\/\/www.saint-paul-angouleme.fr\/application\/?s={search_term_string}"},"query-input":"required name=search_term_string"}],"inLanguage":"fr-FR"},{"@type":"Organization","@id":"https:\/\/www.saint-paul-angouleme.fr\/application\/#organization","name":"Ensemble scolaire Saint-Paul","url":"https:\/\/www.saint-paul-angouleme.fr\/application\/","logo":{"@type":"ImageObject","inLanguage":"fr-FR","@id":"https:\/\/www.saint-paul-angouleme.fr\/application\/#\/schema\/logo\/image\/","url":"https:\/\/www.saint-paul-angouleme.fr\/application\/wp-content\/uploads\/2018\/08\/logo-saint-paul-couleurs.jpg","contentUrl":"https:\/\/www.saint-paul-angouleme.fr\/application\/wp-content\/uploads\/2018\/08\/logo-saint-paul-couleurs.jpg","width":1890,"height":709,"caption":"Ensemble scolaire Saint-Paul"},"image":{"@id":"https:\/\/www.saint-paul-angouleme.fr\/application\/#\/schema\/logo\/image\/"},"sameAs":["https:\/\/www.facebook.com\/SaintPaulAngouleme16\/","https:\/\/x.com\/StPaulAngoulem","https:\/\/www.youtube.com\/channel\/UCRLpz1CmPVqc0gn--YyXvjA?view_as=subscriber"]},{"@type":"Person","@id":"https:\/\/www.saint-paul-angouleme.fr\/application\/#\/schema\/person\/ea152930b1a3823659065827b1a5fb9b","name":"SAINT-PAUL","image":{"@type":"ImageObject","inLanguage":"fr-FR","@id":"https:\/\/www.saint-paul-angouleme.fr\/application\/#\/schema\/person\/image\/","url":"https:\/\/secure.gravatar.com\/avatar\/eadb0ffebc02683a61d69038eb2924f0?s=96&r=g","contentUrl":"https:\/\/secure.gravatar.com\/avatar\/eadb0ffebc02683a61d69038eb2924f0?s=96&r=g","caption":"SAINT-PAUL"},"url":"https:\/\/www.saint-paul-angouleme.fr\/application\/author\/myriam\/"}]}},"_links":{"self":[{"href":"https:\/\/www.saint-paul-angouleme.fr\/application\/wp-json\/wp\/v2\/posts\/2796"}],"collection":[{"href":"https:\/\/www.saint-paul-angouleme.fr\/application\/wp-json\/wp\/v2\/posts"}],"about":[{"href":"https:\/\/www.saint-paul-angouleme.fr\/application\/wp-json\/wp\/v2\/types\/post"}],"author":[{"embeddable":true,"href":"https:\/\/www.saint-paul-angouleme.fr\/application\/wp-json\/wp\/v2\/users\/3"}],"replies":[{"embeddable":true,"href":"https:\/\/www.saint-paul-angouleme.fr\/application\/wp-json\/wp\/v2\/comments?post=2796"}],"version-history":[{"count":1,"href":"https:\/\/www.saint-paul-angouleme.fr\/application\/wp-json\/wp\/v2\/posts\/2796\/revisions"}],"predecessor-version":[{"id":2798,"href":"https:\/\/www.saint-paul-angouleme.fr\/application\/wp-json\/wp\/v2\/posts\/2796\/revisions\/2798"}],"wp:attachment":[{"href":"https:\/\/www.saint-paul-angouleme.fr\/application\/wp-json\/wp\/v2\/media?parent=2796"}],"wp:term":[{"taxonomy":"category","embeddable":true,"href":"https:\/\/www.saint-paul-angouleme.fr\/application\/wp-json\/wp\/v2\/categories?post=2796"},{"taxonomy":"post_tag","embeddable":true,"href":"https:\/\/www.saint-paul-angouleme.fr\/application\/wp-json\/wp\/v2\/tags?post=2796"}],"curies":[{"name":"wp","href":"https:\/\/api.w.org\/{rel}","templated":true}]}}