{"id":278,"date":"2017-03-15T01:44:37","date_gmt":"2017-03-15T00:44:37","guid":{"rendered":"http:\/\/www.saint-paul-angouleme.fr\/application\/?p=278"},"modified":"2017-03-14T20:24:42","modified_gmt":"2017-03-14T19:24:42","slug":"un-rallye-mathematiques-en-deux-heures-top-chrono","status":"publish","type":"post","link":"https:\/\/www.saint-paul-angouleme.fr\/application\/un-rallye-mathematiques-en-deux-heures-top-chrono\/","title":{"rendered":"\u00ab Rallye math\u00e9matiques \u00bb : \u2018top chrono\u2019"},"content":{"rendered":"<p style=\"text-align: justify;\"><span style=\"color: #333333; font-family: tahoma,arial,helvetica,sans-serif; font-size: 20px;\">Dans le cadre de la \u00ab\u00a0Semaine Nationale des Math\u00e9matiques\u00a0\u00bb dont nous avons d\u00e9j\u00e0 parl\u00e9 (cf. article sur le concours de <a href=\"http:\/\/www.saint-paul-angouleme.fr\/application\/wp-content\/uploads\/2017\/03\/Groupe-gar\u00e7ons-fen\u00eatre.jpg\"><img loading=\"lazy\" decoding=\"async\" class=\"size-medium wp-image-282 alignleft\" src=\"http:\/\/www.saint-paul-angouleme.fr\/application\/wp-content\/uploads\/2017\/03\/Groupe-gar\u00e7ons-fen\u00eatre-300x169.jpg\" alt=\"Groupe gar\u00e7ons fen\u00eatre\" width=\"300\" height=\"169\" srcset=\"https:\/\/www.saint-paul-angouleme.fr\/application\/wp-content\/uploads\/2017\/03\/Groupe-gar\u00e7ons-fen\u00eatre-300x169.jpg 300w, https:\/\/www.saint-paul-angouleme.fr\/application\/wp-content\/uploads\/2017\/03\/Groupe-gar\u00e7ons-fen\u00eatre-768x432.jpg 768w, https:\/\/www.saint-paul-angouleme.fr\/application\/wp-content\/uploads\/2017\/03\/Groupe-gar\u00e7ons-fen\u00eatre-1024x576.jpg 1024w\" sizes=\"(max-width: 300px) 100vw, 300px\" \/><\/a>calcul mental du 13 f\u00e9vrier) un autre \u00e9v\u00e9nement va permettre aux classes de seconde de porter un autre regard sur les math\u00e9matiques. <\/span><\/p>\n<p style=\"text-align: justify;\"><span style=\"color: #333333; font-family: tahoma,arial,helvetica,sans-serif; font-size: 20px;\">Gr\u00e2ce au \u00ab\u00a0RALLYE MATHEMATIQUES\u00a0\u00bb, c\u2019est en \u00e9quipe et sous une forme ludique, que chaque classe va concourir et constituer un dossier en vue de se classer au meilleur rang acad\u00e9mique.<\/span><\/p>\n<p style=\"text-align: justify;\"><span style=\"color: #808080; font-family: tahoma,arial,helvetica,sans-serif; font-size: 20px;\"><em>Les objectifs affich\u00e9s par les organisateurs sont clairs\u00a0: int\u00e9resser tous les \u00e9l\u00e8ves d\u2019une m\u00eame classe \u00e0 une activit\u00e9 math\u00e9matique diversifi\u00e9e, chercher \u00e0 valoriser des comp\u00e9tences dans des domaines autres que le domaine purement math\u00e9matique (r\u00e9daction, originalit\u00e9 d\u2019une solution, qualit\u00e9 du dessin ou d\u2019une pr\u00e9sentation, etc.), chercher \u00e0 valoriser les initiatives et le travail en groupe au sein d\u2019une classe, \u00e0 susciter une \u00e9mulation, \u00e0 inciter \u00e0 l\u2019effort, \u00e0 exprimer ses comp\u00e9tences et ses go\u00fbts, \u00e0 d\u00e9velopper un certain esprit scientifique et une d\u00e9marche exp\u00e9rimentale.<\/em><\/span><\/p>\n<p style=\"text-align: justify;\"><span style=\"color: #808080; font-family: tahoma,arial,helvetica,sans-serif; font-size: 20px;\"><em>Il s\u2019agit donc de g\u00e9rer en deux heures (pour les secondes g\u00e9n\u00e9rales) un lot de probl\u00e8mes avec une recherche documentaire dont le th\u00e8me a \u00e9t\u00e9 donn\u00e9 \u00e0 l\u2019occasion de l\u2019\u00e9preuve d\u2019entra\u00eenement. Un exercice est \u00e9galement propos\u00e9 en langues \u00e9trang\u00e8res (anglais, espagnol, allemand). Chaque classe doit alors remettre un dossier concernant la recherche documentaire et un bulletin-r\u00e9ponse pour les autres probl\u00e8mes avec une seule solution par probl\u00e8me.<\/em><\/span><\/p>\n<p style=\"text-align: justify;\"><a href=\"http:\/\/www.saint-paul-angouleme.fr\/application\/wp-content\/uploads\/2017\/03\/Nombres-formes-et-jeux.jpg\"><img loading=\"lazy\" decoding=\"async\" class=\"aligncenter wp-image-280 size-large\" src=\"http:\/\/www.saint-paul-angouleme.fr\/application\/wp-content\/uploads\/2017\/03\/Nombres-formes-et-jeux-576x1024.jpg\" alt=\"Nombres formes et jeux\" width=\"576\" height=\"1024\" srcset=\"https:\/\/www.saint-paul-angouleme.fr\/application\/wp-content\/uploads\/2017\/03\/Nombres-formes-et-jeux-576x1024.jpg 576w, https:\/\/www.saint-paul-angouleme.fr\/application\/wp-content\/uploads\/2017\/03\/Nombres-formes-et-jeux-169x300.jpg 169w, https:\/\/www.saint-paul-angouleme.fr\/application\/wp-content\/uploads\/2017\/03\/Nombres-formes-et-jeux-768x1365.jpg 768w\" sizes=\"(max-width: 576px) 100vw, 576px\" \/><\/a><\/p>\n<p style=\"text-align: justify;\"><span style=\"color: #333333; font-family: tahoma,arial,helvetica,sans-serif; font-size: 20px;\">A Saint-Paul ce mardi 14 mars toutes les classes de secondes sont donc dans leur salle. Il est 8h00, les \u00e9l\u00e8ves se mettent au travail autour du sujet propos\u00e9 cette ann\u00e9e sur le th\u00e8me \u00ab\u00a0NOMBRES, FORMES et JEUX\u00a0\u00bb.<\/span><\/p>\n<p style=\"text-align: justify;\"><span style=\"color: #333333; font-family: tahoma,arial,helvetica,sans-serif; font-size: 20px;\">Ceux qui ont fait des recherches en amont se r\u00e9unissent pour constituer le dossier \u00e0 remettre. Les autres \u00e9l\u00e8ves forment des petits groupes pour r\u00e9soudre les diff\u00e9rents probl\u00e8mes. D\u00e8s qu\u2019un exercice est r\u00e9alis\u00e9, d\u2019autres \u00e9quipes se penchent sur d\u2019autres probl\u00e8mes. Tout cela est donc tr\u00e8s dynamique\u00a0! Deux \u00e9l\u00e8ves \u00ab\u00a0leaders\u00a0\u00bb animent ce temps, s\u2019assurent que tout se passe dans les r\u00e8gles et s\u2019enchaine bien. Ils passent de table en table afin de r\u00e9cup\u00e9rer, au fur et \u00e0 mesure, les diff\u00e9rentes productions.<\/span><\/p>\n<p style=\"text-align: justify;\"><span style=\"color: #333333; font-family: tahoma,arial,helvetica,sans-serif; font-size: 20px;\">Les intitul\u00e9s des exercices sont vari\u00e9s\u00a0: \u00ab\u00a0Proverbe labyrinthique\u00a0\u00bb, un \u00ab\u00a0solide insolite\u00a0\u00bb, \u00ab\u00a0d\u00e9jeuner entre amis\u00a0\u00bb, \u00ab\u00a0Tour<a href=\"http:\/\/www.saint-paul-angouleme.fr\/application\/wp-content\/uploads\/2017\/03\/Nad\u00e8ge-filles.jpg\"><img loading=\"lazy\" decoding=\"async\" class=\"size-medium wp-image-287 alignright\" src=\"http:\/\/www.saint-paul-angouleme.fr\/application\/wp-content\/uploads\/2017\/03\/Nad\u00e8ge-filles-300x169.jpg\" alt=\"Nad\u00e8ge + filles\" width=\"300\" height=\"169\" srcset=\"https:\/\/www.saint-paul-angouleme.fr\/application\/wp-content\/uploads\/2017\/03\/Nad\u00e8ge-filles-300x169.jpg 300w, https:\/\/www.saint-paul-angouleme.fr\/application\/wp-content\/uploads\/2017\/03\/Nad\u00e8ge-filles-768x432.jpg 768w, https:\/\/www.saint-paul-angouleme.fr\/application\/wp-content\/uploads\/2017\/03\/Nad\u00e8ge-filles-1024x576.jpg 1024w\" sizes=\"(max-width: 300px) 100vw, 300px\" \/><\/a> de magie\u00a0\u00bb\u2026 On y parle \u2018conjecture de Goldbach\u2019, nombres premiers, nombres figur\u00e9s ou algorithme. La bonne humeur r\u00e8gne dans la classe de 205 et les id\u00e9es ne manquent pas pour constituer un beau et solide dossier afin d\u2019avoir toutes les chances de l\u2019emporter. Sourire aux l\u00e8vres, \u00e0 la fin du rallye deux jeunes filles confient leur satisfaction \u00e0 leur professeur\u00a0Mme GILARDIN : <em>\u00ab\u00a0on ne pensait pas que ce serait aussi bien et que tout le monde s\u2019impliquerait autant\u00a0\u00bb<\/em>. Il est 10h00, tout a soigneusement \u00e9t\u00e9 plac\u00e9 dans une enveloppe et remis au professeur : pari gagn\u00e9 !<\/span><\/p>\n<p style=\"text-align: justify;\"><span style=\"color: #333333; font-family: tahoma,arial,helvetica,sans-serif; font-size: 20px;\">Chaque \u00e9quipe \u00e0 Saint-Paul a en effet fait de son mieux pour faire gagner sa classe contre toutes les autres classes de l\u2019Acad\u00e9mie. Il n\u2019y a donc plus qu\u2019\u00e0 attendre les r\u00e9sultats\u00a0!<\/span><\/p>\n<p style=\"text-align: justify;\"><span style=\"color: #333333; font-family: tahoma,arial,helvetica,sans-serif; font-size: 20px;\">Si tout se passe bien pour nos \u00e9l\u00e8ves, ils iront \u00e0 la remise des prix le 7 juin \u00e0 Poitiers.<\/span><\/p>\n<p style=\"text-align: justify;\"><a href=\"http:\/\/www.saint-paul-angouleme.fr\/application\/wp-content\/uploads\/2017\/03\/Solide-insolite.jpg\"><img loading=\"lazy\" decoding=\"async\" class=\"aligncenter size-large wp-image-283\" src=\"http:\/\/www.saint-paul-angouleme.fr\/application\/wp-content\/uploads\/2017\/03\/Solide-insolite-1024x576.jpg\" alt=\"Solide insolite\" width=\"1024\" height=\"576\" srcset=\"https:\/\/www.saint-paul-angouleme.fr\/application\/wp-content\/uploads\/2017\/03\/Solide-insolite-1024x576.jpg 1024w, https:\/\/www.saint-paul-angouleme.fr\/application\/wp-content\/uploads\/2017\/03\/Solide-insolite-300x169.jpg 300w, https:\/\/www.saint-paul-angouleme.fr\/application\/wp-content\/uploads\/2017\/03\/Solide-insolite-768x432.jpg 768w\" sizes=\"(max-width: 1024px) 100vw, 1024px\" \/><\/a><\/p>\n","protected":false},"excerpt":{"rendered":"<p>Dans le cadre de la \u00ab\u00a0Semaine Nationale des Math\u00e9matiques\u00a0\u00bb dont nous avons d\u00e9j\u00e0 parl\u00e9 (cf. article sur le concours de calcul mental du 13 f\u00e9vrier) un autre \u00e9v\u00e9nement va permettre aux classes de seconde de porter un autre regard sur les math\u00e9matiques. Gr\u00e2ce au \u00ab\u00a0RALLYE MATHEMATIQUES\u00a0\u00bb, c\u2019est en \u00e9quipe et sous une forme ludique, que &#8230; <a title=\"\u00ab Rallye math\u00e9matiques \u00bb : \u2018top chrono\u2019\" class=\"read-more\" href=\"https:\/\/www.saint-paul-angouleme.fr\/application\/un-rallye-mathematiques-en-deux-heures-top-chrono\/\" aria-label=\"Read more about \u00ab Rallye math\u00e9matiques \u00bb : \u2018top chrono\u2019\">Lire la suite<\/a><\/p>\n","protected":false},"author":3,"featured_media":0,"comment_status":"open","ping_status":"open","sticky":false,"template":"","format":"standard","meta":{"_exactmetrics_skip_tracking":false,"_exactmetrics_sitenote_active":false,"_exactmetrics_sitenote_note":"","_exactmetrics_sitenote_category":0,"footnotes":""},"categories":[2],"tags":[],"class_list":["post-278","post","type-post","status-publish","format-standard","hentry","category-look-on"],"yoast_head":"<!-- This site is optimized with the Yoast SEO plugin v23.3 - https:\/\/yoast.com\/wordpress\/plugins\/seo\/ -->\n<title>\u00ab Rallye math\u00e9matiques \u00bb : \u2018top chrono\u2019 - Actualit\u00e9s<\/title>\n<meta name=\"robots\" content=\"index, follow, max-snippet:-1, max-image-preview:large, max-video-preview:-1\" \/>\n<link rel=\"canonical\" href=\"https:\/\/www.saint-paul-angouleme.fr\/application\/un-rallye-mathematiques-en-deux-heures-top-chrono\/\" \/>\n<meta property=\"og:locale\" content=\"fr_FR\" \/>\n<meta property=\"og:type\" content=\"article\" \/>\n<meta property=\"og:title\" content=\"\u00ab Rallye math\u00e9matiques \u00bb : \u2018top chrono\u2019 - Actualit\u00e9s\" \/>\n<meta property=\"og:description\" content=\"Dans le cadre de la \u00ab\u00a0Semaine Nationale des Math\u00e9matiques\u00a0\u00bb dont nous avons d\u00e9j\u00e0 parl\u00e9 (cf. article sur le concours de calcul mental du 13 f\u00e9vrier) un autre \u00e9v\u00e9nement va permettre aux classes de seconde de porter un autre regard sur les math\u00e9matiques. Gr\u00e2ce au \u00ab\u00a0RALLYE MATHEMATIQUES\u00a0\u00bb, c\u2019est en \u00e9quipe et sous une forme ludique, que ... Lire la suite\" \/>\n<meta property=\"og:url\" content=\"https:\/\/www.saint-paul-angouleme.fr\/application\/un-rallye-mathematiques-en-deux-heures-top-chrono\/\" \/>\n<meta property=\"og:site_name\" content=\"Actualit\u00e9s\" \/>\n<meta property=\"article:publisher\" content=\"https:\/\/www.facebook.com\/SaintPaulAngouleme16\/\" \/>\n<meta property=\"article:published_time\" content=\"2017-03-15T00:44:37+00:00\" \/>\n<meta property=\"article:modified_time\" content=\"2017-03-14T19:24:42+00:00\" \/>\n<meta property=\"og:image\" content=\"http:\/\/www.saint-paul-angouleme.fr\/application\/wp-content\/uploads\/2017\/03\/Nombres-formes-et-jeux-576x1024.jpg\" \/>\n<meta name=\"author\" content=\"SAINT-PAUL\" \/>\n<meta name=\"twitter:card\" content=\"summary_large_image\" \/>\n<meta name=\"twitter:creator\" content=\"@StPaulAngoulem\" \/>\n<meta name=\"twitter:site\" content=\"@StPaulAngoulem\" \/>\n<meta name=\"twitter:label1\" content=\"\u00c9crit par\" \/>\n\t<meta name=\"twitter:data1\" content=\"SAINT-PAUL\" \/>\n\t<meta name=\"twitter:label2\" content=\"Dur\u00e9e de lecture estim\u00e9e\" \/>\n\t<meta name=\"twitter:data2\" content=\"3 minutes\" \/>\n<script type=\"application\/ld+json\" class=\"yoast-schema-graph\">{\"@context\":\"https:\/\/schema.org\",\"@graph\":[{\"@type\":\"Article\",\"@id\":\"https:\/\/www.saint-paul-angouleme.fr\/application\/un-rallye-mathematiques-en-deux-heures-top-chrono\/#article\",\"isPartOf\":{\"@id\":\"https:\/\/www.saint-paul-angouleme.fr\/application\/un-rallye-mathematiques-en-deux-heures-top-chrono\/\"},\"author\":{\"name\":\"SAINT-PAUL\",\"@id\":\"https:\/\/www.saint-paul-angouleme.fr\/application\/#\/schema\/person\/ea152930b1a3823659065827b1a5fb9b\"},\"headline\":\"\u00ab Rallye math\u00e9matiques \u00bb : \u2018top chrono\u2019\",\"datePublished\":\"2017-03-15T00:44:37+00:00\",\"dateModified\":\"2017-03-14T19:24:42+00:00\",\"mainEntityOfPage\":{\"@id\":\"https:\/\/www.saint-paul-angouleme.fr\/application\/un-rallye-mathematiques-en-deux-heures-top-chrono\/\"},\"wordCount\":566,\"commentCount\":0,\"publisher\":{\"@id\":\"https:\/\/www.saint-paul-angouleme.fr\/application\/#organization\"},\"image\":{\"@id\":\"https:\/\/www.saint-paul-angouleme.fr\/application\/un-rallye-mathematiques-en-deux-heures-top-chrono\/#primaryimage\"},\"thumbnailUrl\":\"http:\/\/www.saint-paul-angouleme.fr\/application\/wp-content\/uploads\/2017\/03\/Nombres-formes-et-jeux-576x1024.jpg\",\"articleSection\":[\"Look on\"],\"inLanguage\":\"fr-FR\",\"potentialAction\":[{\"@type\":\"CommentAction\",\"name\":\"Comment\",\"target\":[\"https:\/\/www.saint-paul-angouleme.fr\/application\/un-rallye-mathematiques-en-deux-heures-top-chrono\/#respond\"]}]},{\"@type\":\"WebPage\",\"@id\":\"https:\/\/www.saint-paul-angouleme.fr\/application\/un-rallye-mathematiques-en-deux-heures-top-chrono\/\",\"url\":\"https:\/\/www.saint-paul-angouleme.fr\/application\/un-rallye-mathematiques-en-deux-heures-top-chrono\/\",\"name\":\"\u00ab Rallye math\u00e9matiques \u00bb : \u2018top chrono\u2019 - Actualit\u00e9s\",\"isPartOf\":{\"@id\":\"https:\/\/www.saint-paul-angouleme.fr\/application\/#website\"},\"primaryImageOfPage\":{\"@id\":\"https:\/\/www.saint-paul-angouleme.fr\/application\/un-rallye-mathematiques-en-deux-heures-top-chrono\/#primaryimage\"},\"image\":{\"@id\":\"https:\/\/www.saint-paul-angouleme.fr\/application\/un-rallye-mathematiques-en-deux-heures-top-chrono\/#primaryimage\"},\"thumbnailUrl\":\"http:\/\/www.saint-paul-angouleme.fr\/application\/wp-content\/uploads\/2017\/03\/Nombres-formes-et-jeux-576x1024.jpg\",\"datePublished\":\"2017-03-15T00:44:37+00:00\",\"dateModified\":\"2017-03-14T19:24:42+00:00\",\"breadcrumb\":{\"@id\":\"https:\/\/www.saint-paul-angouleme.fr\/application\/un-rallye-mathematiques-en-deux-heures-top-chrono\/#breadcrumb\"},\"inLanguage\":\"fr-FR\",\"potentialAction\":[{\"@type\":\"ReadAction\",\"target\":[\"https:\/\/www.saint-paul-angouleme.fr\/application\/un-rallye-mathematiques-en-deux-heures-top-chrono\/\"]}]},{\"@type\":\"ImageObject\",\"inLanguage\":\"fr-FR\",\"@id\":\"https:\/\/www.saint-paul-angouleme.fr\/application\/un-rallye-mathematiques-en-deux-heures-top-chrono\/#primaryimage\",\"url\":\"https:\/\/www.saint-paul-angouleme.fr\/application\/wp-content\/uploads\/2017\/03\/Nombres-formes-et-jeux.jpg\",\"contentUrl\":\"https:\/\/www.saint-paul-angouleme.fr\/application\/wp-content\/uploads\/2017\/03\/Nombres-formes-et-jeux.jpg\",\"width\":2160,\"height\":3840},{\"@type\":\"BreadcrumbList\",\"@id\":\"https:\/\/www.saint-paul-angouleme.fr\/application\/un-rallye-mathematiques-en-deux-heures-top-chrono\/#breadcrumb\",\"itemListElement\":[{\"@type\":\"ListItem\",\"position\":1,\"name\":\"Accueil\",\"item\":\"http:\/\/www.saint-paul-angouleme.fr\/application\/\"},{\"@type\":\"ListItem\",\"position\":2,\"name\":\"\u00ab Rallye math\u00e9matiques \u00bb : \u2018top chrono\u2019\"}]},{\"@type\":\"WebSite\",\"@id\":\"https:\/\/www.saint-paul-angouleme.fr\/application\/#website\",\"url\":\"https:\/\/www.saint-paul-angouleme.fr\/application\/\",\"name\":\"Actualit\u00e9s\",\"description\":\"Actualit\u00e9s Saint Paul\",\"publisher\":{\"@id\":\"https:\/\/www.saint-paul-angouleme.fr\/application\/#organization\"},\"potentialAction\":[{\"@type\":\"SearchAction\",\"target\":{\"@type\":\"EntryPoint\",\"urlTemplate\":\"https:\/\/www.saint-paul-angouleme.fr\/application\/?s={search_term_string}\"},\"query-input\":\"required name=search_term_string\"}],\"inLanguage\":\"fr-FR\"},{\"@type\":\"Organization\",\"@id\":\"https:\/\/www.saint-paul-angouleme.fr\/application\/#organization\",\"name\":\"Ensemble scolaire Saint-Paul\",\"url\":\"https:\/\/www.saint-paul-angouleme.fr\/application\/\",\"logo\":{\"@type\":\"ImageObject\",\"inLanguage\":\"fr-FR\",\"@id\":\"https:\/\/www.saint-paul-angouleme.fr\/application\/#\/schema\/logo\/image\/\",\"url\":\"https:\/\/www.saint-paul-angouleme.fr\/application\/wp-content\/uploads\/2018\/08\/logo-saint-paul-couleurs.jpg\",\"contentUrl\":\"https:\/\/www.saint-paul-angouleme.fr\/application\/wp-content\/uploads\/2018\/08\/logo-saint-paul-couleurs.jpg\",\"width\":1890,\"height\":709,\"caption\":\"Ensemble scolaire Saint-Paul\"},\"image\":{\"@id\":\"https:\/\/www.saint-paul-angouleme.fr\/application\/#\/schema\/logo\/image\/\"},\"sameAs\":[\"https:\/\/www.facebook.com\/SaintPaulAngouleme16\/\",\"https:\/\/x.com\/StPaulAngoulem\",\"https:\/\/www.youtube.com\/channel\/UCRLpz1CmPVqc0gn--YyXvjA?view_as=subscriber\"]},{\"@type\":\"Person\",\"@id\":\"https:\/\/www.saint-paul-angouleme.fr\/application\/#\/schema\/person\/ea152930b1a3823659065827b1a5fb9b\",\"name\":\"SAINT-PAUL\",\"image\":{\"@type\":\"ImageObject\",\"inLanguage\":\"fr-FR\",\"@id\":\"https:\/\/www.saint-paul-angouleme.fr\/application\/#\/schema\/person\/image\/\",\"url\":\"https:\/\/secure.gravatar.com\/avatar\/eadb0ffebc02683a61d69038eb2924f0?s=96&r=g\",\"contentUrl\":\"https:\/\/secure.gravatar.com\/avatar\/eadb0ffebc02683a61d69038eb2924f0?s=96&r=g\",\"caption\":\"SAINT-PAUL\"},\"url\":\"https:\/\/www.saint-paul-angouleme.fr\/application\/author\/myriam\/\"}]}<\/script>\n<!-- \/ Yoast SEO plugin. -->","yoast_head_json":{"title":"\u00ab Rallye math\u00e9matiques \u00bb : \u2018top chrono\u2019 - Actualit\u00e9s","robots":{"index":"index","follow":"follow","max-snippet":"max-snippet:-1","max-image-preview":"max-image-preview:large","max-video-preview":"max-video-preview:-1"},"canonical":"https:\/\/www.saint-paul-angouleme.fr\/application\/un-rallye-mathematiques-en-deux-heures-top-chrono\/","og_locale":"fr_FR","og_type":"article","og_title":"\u00ab Rallye math\u00e9matiques \u00bb : \u2018top chrono\u2019 - Actualit\u00e9s","og_description":"Dans le cadre de la \u00ab\u00a0Semaine Nationale des Math\u00e9matiques\u00a0\u00bb dont nous avons d\u00e9j\u00e0 parl\u00e9 (cf. article sur le concours de calcul mental du 13 f\u00e9vrier) un autre \u00e9v\u00e9nement va permettre aux classes de seconde de porter un autre regard sur les math\u00e9matiques. Gr\u00e2ce au \u00ab\u00a0RALLYE MATHEMATIQUES\u00a0\u00bb, c\u2019est en \u00e9quipe et sous une forme ludique, que ... Lire la suite","og_url":"https:\/\/www.saint-paul-angouleme.fr\/application\/un-rallye-mathematiques-en-deux-heures-top-chrono\/","og_site_name":"Actualit\u00e9s","article_publisher":"https:\/\/www.facebook.com\/SaintPaulAngouleme16\/","article_published_time":"2017-03-15T00:44:37+00:00","article_modified_time":"2017-03-14T19:24:42+00:00","og_image":[{"url":"http:\/\/www.saint-paul-angouleme.fr\/application\/wp-content\/uploads\/2017\/03\/Nombres-formes-et-jeux-576x1024.jpg"}],"author":"SAINT-PAUL","twitter_card":"summary_large_image","twitter_creator":"@StPaulAngoulem","twitter_site":"@StPaulAngoulem","twitter_misc":{"\u00c9crit par":"SAINT-PAUL","Dur\u00e9e de lecture estim\u00e9e":"3 minutes"},"schema":{"@context":"https:\/\/schema.org","@graph":[{"@type":"Article","@id":"https:\/\/www.saint-paul-angouleme.fr\/application\/un-rallye-mathematiques-en-deux-heures-top-chrono\/#article","isPartOf":{"@id":"https:\/\/www.saint-paul-angouleme.fr\/application\/un-rallye-mathematiques-en-deux-heures-top-chrono\/"},"author":{"name":"SAINT-PAUL","@id":"https:\/\/www.saint-paul-angouleme.fr\/application\/#\/schema\/person\/ea152930b1a3823659065827b1a5fb9b"},"headline":"\u00ab Rallye math\u00e9matiques \u00bb : \u2018top chrono\u2019","datePublished":"2017-03-15T00:44:37+00:00","dateModified":"2017-03-14T19:24:42+00:00","mainEntityOfPage":{"@id":"https:\/\/www.saint-paul-angouleme.fr\/application\/un-rallye-mathematiques-en-deux-heures-top-chrono\/"},"wordCount":566,"commentCount":0,"publisher":{"@id":"https:\/\/www.saint-paul-angouleme.fr\/application\/#organization"},"image":{"@id":"https:\/\/www.saint-paul-angouleme.fr\/application\/un-rallye-mathematiques-en-deux-heures-top-chrono\/#primaryimage"},"thumbnailUrl":"http:\/\/www.saint-paul-angouleme.fr\/application\/wp-content\/uploads\/2017\/03\/Nombres-formes-et-jeux-576x1024.jpg","articleSection":["Look on"],"inLanguage":"fr-FR","potentialAction":[{"@type":"CommentAction","name":"Comment","target":["https:\/\/www.saint-paul-angouleme.fr\/application\/un-rallye-mathematiques-en-deux-heures-top-chrono\/#respond"]}]},{"@type":"WebPage","@id":"https:\/\/www.saint-paul-angouleme.fr\/application\/un-rallye-mathematiques-en-deux-heures-top-chrono\/","url":"https:\/\/www.saint-paul-angouleme.fr\/application\/un-rallye-mathematiques-en-deux-heures-top-chrono\/","name":"\u00ab Rallye math\u00e9matiques \u00bb : \u2018top chrono\u2019 - Actualit\u00e9s","isPartOf":{"@id":"https:\/\/www.saint-paul-angouleme.fr\/application\/#website"},"primaryImageOfPage":{"@id":"https:\/\/www.saint-paul-angouleme.fr\/application\/un-rallye-mathematiques-en-deux-heures-top-chrono\/#primaryimage"},"image":{"@id":"https:\/\/www.saint-paul-angouleme.fr\/application\/un-rallye-mathematiques-en-deux-heures-top-chrono\/#primaryimage"},"thumbnailUrl":"http:\/\/www.saint-paul-angouleme.fr\/application\/wp-content\/uploads\/2017\/03\/Nombres-formes-et-jeux-576x1024.jpg","datePublished":"2017-03-15T00:44:37+00:00","dateModified":"2017-03-14T19:24:42+00:00","breadcrumb":{"@id":"https:\/\/www.saint-paul-angouleme.fr\/application\/un-rallye-mathematiques-en-deux-heures-top-chrono\/#breadcrumb"},"inLanguage":"fr-FR","potentialAction":[{"@type":"ReadAction","target":["https:\/\/www.saint-paul-angouleme.fr\/application\/un-rallye-mathematiques-en-deux-heures-top-chrono\/"]}]},{"@type":"ImageObject","inLanguage":"fr-FR","@id":"https:\/\/www.saint-paul-angouleme.fr\/application\/un-rallye-mathematiques-en-deux-heures-top-chrono\/#primaryimage","url":"https:\/\/www.saint-paul-angouleme.fr\/application\/wp-content\/uploads\/2017\/03\/Nombres-formes-et-jeux.jpg","contentUrl":"https:\/\/www.saint-paul-angouleme.fr\/application\/wp-content\/uploads\/2017\/03\/Nombres-formes-et-jeux.jpg","width":2160,"height":3840},{"@type":"BreadcrumbList","@id":"https:\/\/www.saint-paul-angouleme.fr\/application\/un-rallye-mathematiques-en-deux-heures-top-chrono\/#breadcrumb","itemListElement":[{"@type":"ListItem","position":1,"name":"Accueil","item":"http:\/\/www.saint-paul-angouleme.fr\/application\/"},{"@type":"ListItem","position":2,"name":"\u00ab Rallye math\u00e9matiques \u00bb : \u2018top chrono\u2019"}]},{"@type":"WebSite","@id":"https:\/\/www.saint-paul-angouleme.fr\/application\/#website","url":"https:\/\/www.saint-paul-angouleme.fr\/application\/","name":"Actualit\u00e9s","description":"Actualit\u00e9s Saint Paul","publisher":{"@id":"https:\/\/www.saint-paul-angouleme.fr\/application\/#organization"},"potentialAction":[{"@type":"SearchAction","target":{"@type":"EntryPoint","urlTemplate":"https:\/\/www.saint-paul-angouleme.fr\/application\/?s={search_term_string}"},"query-input":"required name=search_term_string"}],"inLanguage":"fr-FR"},{"@type":"Organization","@id":"https:\/\/www.saint-paul-angouleme.fr\/application\/#organization","name":"Ensemble scolaire Saint-Paul","url":"https:\/\/www.saint-paul-angouleme.fr\/application\/","logo":{"@type":"ImageObject","inLanguage":"fr-FR","@id":"https:\/\/www.saint-paul-angouleme.fr\/application\/#\/schema\/logo\/image\/","url":"https:\/\/www.saint-paul-angouleme.fr\/application\/wp-content\/uploads\/2018\/08\/logo-saint-paul-couleurs.jpg","contentUrl":"https:\/\/www.saint-paul-angouleme.fr\/application\/wp-content\/uploads\/2018\/08\/logo-saint-paul-couleurs.jpg","width":1890,"height":709,"caption":"Ensemble scolaire Saint-Paul"},"image":{"@id":"https:\/\/www.saint-paul-angouleme.fr\/application\/#\/schema\/logo\/image\/"},"sameAs":["https:\/\/www.facebook.com\/SaintPaulAngouleme16\/","https:\/\/x.com\/StPaulAngoulem","https:\/\/www.youtube.com\/channel\/UCRLpz1CmPVqc0gn--YyXvjA?view_as=subscriber"]},{"@type":"Person","@id":"https:\/\/www.saint-paul-angouleme.fr\/application\/#\/schema\/person\/ea152930b1a3823659065827b1a5fb9b","name":"SAINT-PAUL","image":{"@type":"ImageObject","inLanguage":"fr-FR","@id":"https:\/\/www.saint-paul-angouleme.fr\/application\/#\/schema\/person\/image\/","url":"https:\/\/secure.gravatar.com\/avatar\/eadb0ffebc02683a61d69038eb2924f0?s=96&r=g","contentUrl":"https:\/\/secure.gravatar.com\/avatar\/eadb0ffebc02683a61d69038eb2924f0?s=96&r=g","caption":"SAINT-PAUL"},"url":"https:\/\/www.saint-paul-angouleme.fr\/application\/author\/myriam\/"}]}},"_links":{"self":[{"href":"https:\/\/www.saint-paul-angouleme.fr\/application\/wp-json\/wp\/v2\/posts\/278"}],"collection":[{"href":"https:\/\/www.saint-paul-angouleme.fr\/application\/wp-json\/wp\/v2\/posts"}],"about":[{"href":"https:\/\/www.saint-paul-angouleme.fr\/application\/wp-json\/wp\/v2\/types\/post"}],"author":[{"embeddable":true,"href":"https:\/\/www.saint-paul-angouleme.fr\/application\/wp-json\/wp\/v2\/users\/3"}],"replies":[{"embeddable":true,"href":"https:\/\/www.saint-paul-angouleme.fr\/application\/wp-json\/wp\/v2\/comments?post=278"}],"version-history":[{"count":13,"href":"https:\/\/www.saint-paul-angouleme.fr\/application\/wp-json\/wp\/v2\/posts\/278\/revisions"}],"predecessor-version":[{"id":297,"href":"https:\/\/www.saint-paul-angouleme.fr\/application\/wp-json\/wp\/v2\/posts\/278\/revisions\/297"}],"wp:attachment":[{"href":"https:\/\/www.saint-paul-angouleme.fr\/application\/wp-json\/wp\/v2\/media?parent=278"}],"wp:term":[{"taxonomy":"category","embeddable":true,"href":"https:\/\/www.saint-paul-angouleme.fr\/application\/wp-json\/wp\/v2\/categories?post=278"},{"taxonomy":"post_tag","embeddable":true,"href":"https:\/\/www.saint-paul-angouleme.fr\/application\/wp-json\/wp\/v2\/tags?post=278"}],"curies":[{"name":"wp","href":"https:\/\/api.w.org\/{rel}","templated":true}]}}