{"id":2723,"date":"2018-02-18T10:55:56","date_gmt":"2018-02-18T09:55:56","guid":{"rendered":"http:\/\/www.saint-paul-angouleme.fr\/application\/?p=2723"},"modified":"2018-02-18T11:02:34","modified_gmt":"2018-02-18T10:02:34","slug":"domus-piazza-pizze-e-ciao","status":"publish","type":"post","link":"https:\/\/www.saint-paul-angouleme.fr\/application\/domus-piazza-pizze-e-ciao\/","title":{"rendered":"Domus, piazza, pizze e ciao !"},"content":{"rendered":"<p><a href=\"http:\/\/www.saint-paul-angouleme.fr\/application\/wp-content\/uploads\/2018\/02\/P1270141.jpg\"><img loading=\"lazy\" decoding=\"async\" class=\"aligncenter size-large wp-image-2724\" src=\"http:\/\/www.saint-paul-angouleme.fr\/application\/wp-content\/uploads\/2018\/02\/P1270141-1024x683.jpg\" alt=\"\" width=\"1024\" height=\"683\" data-id=\"2724\" srcset=\"https:\/\/www.saint-paul-angouleme.fr\/application\/wp-content\/uploads\/2018\/02\/P1270141-1024x683.jpg 1024w, https:\/\/www.saint-paul-angouleme.fr\/application\/wp-content\/uploads\/2018\/02\/P1270141-300x200.jpg 300w, https:\/\/www.saint-paul-angouleme.fr\/application\/wp-content\/uploads\/2018\/02\/P1270141-768x512.jpg 768w\" sizes=\"(max-width: 1024px) 100vw, 1024px\" \/><\/a><\/p>\n<p style=\"text-align: justify;\"><span style=\"font-family: arial, helvetica, sans-serif; color: #333333;\">Samedi 17 f\u00e9vrier, dernier jour \u00e0 Rome puisque la journ\u00e9e de demain sera consacr\u00e9e au voyage retour.<\/span><\/p>\n<p style=\"text-align: justify;\"><span style=\"font-family: arial, helvetica, sans-serif; color: #333333;\">En matin\u00e9e nous nous rendons au pied de la colonne de Trajan afin de visiter la \u00ab\u00a0Domus du Palazzo Valentini\u00a0\u00bb. Ce mus\u00e9e a \u00e9t\u00e9 construit \u00e0 l\u2019emplacement de fouilles qui ont r\u00e9v\u00e9l\u00e9 un tr\u00e9sor inestimable\u00a0: vaisselle, mosa\u00efques, fragments de murs ou de colonnes\u2026 \u00ab\u00a0Le parcours m\u00e8ne \u00e0 travers les vestiges du &#8220;<em>Domus<\/em>&#8221; de l&#8217;\u00e9poque imp\u00e9riale, qui a appartenu \u00e0 des familles puissantes de l&#8217;\u00e9poque, peut-\u00eatre des s\u00e9nateurs, avec des mosa\u00efques, des murs d\u00e9cor\u00e9s, des sols polychromes, les trottoirs, et divers objets. Le tout est accompagn\u00e9 par des moyens techniques de mise en valeur, avec l&#8217;ajout de d\u00e9cors virtuels, d&#8217;effets graphiques et de films\u00a0\u00bb (<a style=\"color: #333333;\" href=\"http:\/\/www.rome-roma.net\/palazzo-valentini-domus-romane.php\">http:\/\/www.rome-roma.net\/palazzo-valentini-domus-romane.php<\/a>).<\/span><\/p>\n<p style=\"text-align: justify;\"><span style=\"font-family: arial, helvetica, sans-serif; color: #333333;\">A l\u2019issue de la visite nous nous rendons au Panth\u00e9on le temps d\u2019une visite puis d\u00e9tour incontournable par Saint-Louis de Fran\u00e7ais. Nous y admirons notamment trois tableaux\u00a0; ensemble, r\u00e9alis\u00e9 par le ma\u00eetre du baroque Michelangelo Merisi dit\u00a0Caravage\u00a0de 1599 \u00e0 1602 sur une commande du cardinal\u00a0Matthieu Contarelli\u00a0, est consacr\u00e9 \u00e0 la vie de\u00a0saint Matthieu. Trois tableaux illustrent ce cycle\u00a0: \u00e0 gauche\u00a0<em><a style=\"color: #333333;\" href=\"https:\/\/fr.wikipedia.org\/wiki\/La_Vocation_de_saint_Matthieu\">La Vocation de saint Matthieu<\/a><\/em>, en face\u00a0<em><a style=\"color: #333333;\" href=\"https:\/\/fr.wikipedia.org\/wiki\/Saint_Matthieu_et_l%27Ange\">Saint Matthieu et l&#8217;Ange<\/a><\/em>\u00a0qui constitue le\u00a0retable, et \u00e0 droite\u00a0<em><a style=\"color: #333333;\" href=\"https:\/\/fr.wikipedia.org\/wiki\/Le_Martyre_de_saint_Matthieu\">Le Martyre de Saint Matthieu<\/a><\/em>. En septembre 2013, le\u00a0pape Fran\u00e7ois\u00a0a d\u00e9clar\u00e9 \u00eatre particuli\u00e8rement touch\u00e9 par cette\u00a0Vocation de saint Matthieu\u00a0: <em>\u00ab\u00a0Ce doigt de J\u00e9sus\u2026 vers Matthieu. C\u2019est comme cela que je suis, moi. C\u2019est ainsi que je me sens, comme Matthieu\u00a0\u00bb<\/em> (<a style=\"color: #333333;\" href=\"https:\/\/fr.wikipedia.org\/wiki\/%C3%89glise_Saint-Louis-des-Fran%C3%A7ais_de_Rome\">https:\/\/fr.wikipedia.org\/wiki\/%C3%89glise_Saint-Louis-des-Fran%C3%A7ais_de_Rome<\/a>).<\/span><\/p>\n<p style=\"text-align: justify;\"><span style=\"font-family: arial, helvetica, sans-serif; color: #333333;\">Le groupe se dirige ensuite vers la Piazza Navona qui nous servira de lieu de rendez-vous pour le soir. Puis, par petits groupes, nos \u00e9l\u00e8ves se dispersent pour un temps-libre qui leur permettra de revoir tel ou tel endroit et de faire quelques achats.<\/span><\/p>\n<p style=\"text-align: justify;\"><span style=\"font-family: arial, helvetica, sans-serif; color: #333333;\">En soir\u00e9e nous d\u00eenons en ville \u00e0 la \u00ab\u00a0Trattoria-Pizzeria delle Copelle\u00a0\u00bb. Retour \u00e0 pieds chez les s\u0153urs Pallottine o\u00f9 nous faisons nos valises afin d\u2019\u00eatre pr\u00eats le lendemain. Derni\u00e8re soir\u00e9e, derni\u00e8re nuit avant de quitter Rome\u00a0; en chacun de nous la joie de ces journ\u00e9es pass\u00e9es ensemble et des nombreuses d\u00e9couvertes tout au long de ces journ\u00e9es. En tant qu\u2019accompagnateurs nous avons aim\u00e9 vivre ce s\u00e9jour culturel et spirituel avec des jeunes tr\u00e8s respectueux et fort sympathiques. Partout o\u00f9 nous sommes pass\u00e9, nous avons eu des f\u00e9licitations les concernant\u00a0: cela fait plaisir de laisser une belle image de Saint-Paul.<\/span><\/p>\n<p style=\"text-align: justify;\"><span style=\"font-family: arial, helvetica, sans-serif; color: #333333;\">Dimanche matin 18 f\u00e9vrier, lever t\u00f4t afin de quitter notre h\u00e9bergement\u00a0 \u00e0 7h15. Pour ceux qui le souhaitent, le P\u00e8re Josephat c\u00e9l\u00e8bre la messe dans la chapelle des s\u0153urs, nous sommes une douzaine \u00e0 rendre gr\u00e2ce pour cette belle semaine romaine. Ciao Roma !<\/span><\/p>\n<p style=\"text-align: justify;\">\n","protected":false},"excerpt":{"rendered":"<p>Samedi 17 f\u00e9vrier, dernier jour \u00e0 Rome puisque la journ\u00e9e de demain sera consacr\u00e9e au voyage retour. En matin\u00e9e nous nous rendons au pied de la colonne de Trajan afin de visiter la \u00ab\u00a0Domus du Palazzo Valentini\u00a0\u00bb. Ce mus\u00e9e a \u00e9t\u00e9 construit \u00e0 l\u2019emplacement de fouilles qui ont r\u00e9v\u00e9l\u00e9 un tr\u00e9sor inestimable\u00a0: vaisselle, mosa\u00efques, fragments &#8230; <a title=\"Domus, piazza, pizze e ciao !\" class=\"read-more\" href=\"https:\/\/www.saint-paul-angouleme.fr\/application\/domus-piazza-pizze-e-ciao\/\" aria-label=\"Read more about Domus, piazza, pizze e ciao !\">Lire la suite<\/a><\/p>\n","protected":false},"author":3,"featured_media":0,"comment_status":"open","ping_status":"open","sticky":false,"template":"","format":"standard","meta":{"_exactmetrics_skip_tracking":false,"_exactmetrics_sitenote_active":false,"_exactmetrics_sitenote_note":"","_exactmetrics_sitenote_category":0,"footnotes":""},"categories":[13,11],"tags":[202,20,185,201],"class_list":["post-2723","post","type-post","status-publish","format-standard","hentry","category-pedagogie","category-pour-aller-plus-loin","tag-casa-pallottine","tag-college-et-lycee-saint-paul-angouleme","tag-rome","tag-saint-louis-des-francais"],"yoast_head":"<!-- This site is optimized with the Yoast SEO plugin v23.3 - https:\/\/yoast.com\/wordpress\/plugins\/seo\/ -->\n<title>Domus, piazza, pizze e ciao ! - Actualit\u00e9s<\/title>\n<meta name=\"robots\" content=\"index, follow, max-snippet:-1, max-image-preview:large, max-video-preview:-1\" \/>\n<link rel=\"canonical\" href=\"https:\/\/www.saint-paul-angouleme.fr\/application\/domus-piazza-pizze-e-ciao\/\" \/>\n<meta property=\"og:locale\" content=\"fr_FR\" \/>\n<meta property=\"og:type\" content=\"article\" \/>\n<meta property=\"og:title\" content=\"Domus, piazza, pizze e ciao ! - Actualit\u00e9s\" \/>\n<meta property=\"og:description\" content=\"Samedi 17 f\u00e9vrier, dernier jour \u00e0 Rome puisque la journ\u00e9e de demain sera consacr\u00e9e au voyage retour. En matin\u00e9e nous nous rendons au pied de la colonne de Trajan afin de visiter la \u00ab\u00a0Domus du Palazzo Valentini\u00a0\u00bb. Ce mus\u00e9e a \u00e9t\u00e9 construit \u00e0 l\u2019emplacement de fouilles qui ont r\u00e9v\u00e9l\u00e9 un tr\u00e9sor inestimable\u00a0: vaisselle, mosa\u00efques, fragments ... Lire la suite\" \/>\n<meta property=\"og:url\" content=\"https:\/\/www.saint-paul-angouleme.fr\/application\/domus-piazza-pizze-e-ciao\/\" \/>\n<meta property=\"og:site_name\" content=\"Actualit\u00e9s\" \/>\n<meta property=\"article:publisher\" content=\"https:\/\/www.facebook.com\/SaintPaulAngouleme16\/\" \/>\n<meta property=\"article:published_time\" content=\"2018-02-18T09:55:56+00:00\" \/>\n<meta property=\"article:modified_time\" content=\"2018-02-18T10:02:34+00:00\" \/>\n<meta property=\"og:image\" content=\"http:\/\/www.saint-paul-angouleme.fr\/application\/wp-content\/uploads\/2018\/02\/P1270141-1024x683.jpg\" \/>\n<meta name=\"author\" content=\"SAINT-PAUL\" \/>\n<meta name=\"twitter:card\" content=\"summary_large_image\" \/>\n<meta name=\"twitter:creator\" content=\"@StPaulAngoulem\" \/>\n<meta name=\"twitter:site\" content=\"@StPaulAngoulem\" \/>\n<meta name=\"twitter:label1\" content=\"\u00c9crit par\" \/>\n\t<meta name=\"twitter:data1\" content=\"SAINT-PAUL\" \/>\n\t<meta name=\"twitter:label2\" content=\"Dur\u00e9e de lecture estim\u00e9e\" \/>\n\t<meta name=\"twitter:data2\" content=\"2 minutes\" \/>\n<script type=\"application\/ld+json\" class=\"yoast-schema-graph\">{\"@context\":\"https:\/\/schema.org\",\"@graph\":[{\"@type\":\"Article\",\"@id\":\"https:\/\/www.saint-paul-angouleme.fr\/application\/domus-piazza-pizze-e-ciao\/#article\",\"isPartOf\":{\"@id\":\"https:\/\/www.saint-paul-angouleme.fr\/application\/domus-piazza-pizze-e-ciao\/\"},\"author\":{\"name\":\"SAINT-PAUL\",\"@id\":\"https:\/\/www.saint-paul-angouleme.fr\/application\/#\/schema\/person\/ea152930b1a3823659065827b1a5fb9b\"},\"headline\":\"Domus, piazza, pizze e ciao !\",\"datePublished\":\"2018-02-18T09:55:56+00:00\",\"dateModified\":\"2018-02-18T10:02:34+00:00\",\"mainEntityOfPage\":{\"@id\":\"https:\/\/www.saint-paul-angouleme.fr\/application\/domus-piazza-pizze-e-ciao\/\"},\"wordCount\":499,\"commentCount\":0,\"publisher\":{\"@id\":\"https:\/\/www.saint-paul-angouleme.fr\/application\/#organization\"},\"image\":{\"@id\":\"https:\/\/www.saint-paul-angouleme.fr\/application\/domus-piazza-pizze-e-ciao\/#primaryimage\"},\"thumbnailUrl\":\"http:\/\/www.saint-paul-angouleme.fr\/application\/wp-content\/uploads\/2018\/02\/P1270141-1024x683.jpg\",\"keywords\":[\"Casa Pallottine\",\"Coll\u00e8ge et Lyc\u00e9e Saint-Paul Angoul\u00eame\",\"Rome\",\"Saint-Louis-des-Fran\u00e7ais\"],\"articleSection\":[\"P\u00e9dagogie\",\"Pour aller plus loin\"],\"inLanguage\":\"fr-FR\",\"potentialAction\":[{\"@type\":\"CommentAction\",\"name\":\"Comment\",\"target\":[\"https:\/\/www.saint-paul-angouleme.fr\/application\/domus-piazza-pizze-e-ciao\/#respond\"]}]},{\"@type\":\"WebPage\",\"@id\":\"https:\/\/www.saint-paul-angouleme.fr\/application\/domus-piazza-pizze-e-ciao\/\",\"url\":\"https:\/\/www.saint-paul-angouleme.fr\/application\/domus-piazza-pizze-e-ciao\/\",\"name\":\"Domus, piazza, pizze e ciao ! - Actualit\u00e9s\",\"isPartOf\":{\"@id\":\"https:\/\/www.saint-paul-angouleme.fr\/application\/#website\"},\"primaryImageOfPage\":{\"@id\":\"https:\/\/www.saint-paul-angouleme.fr\/application\/domus-piazza-pizze-e-ciao\/#primaryimage\"},\"image\":{\"@id\":\"https:\/\/www.saint-paul-angouleme.fr\/application\/domus-piazza-pizze-e-ciao\/#primaryimage\"},\"thumbnailUrl\":\"http:\/\/www.saint-paul-angouleme.fr\/application\/wp-content\/uploads\/2018\/02\/P1270141-1024x683.jpg\",\"datePublished\":\"2018-02-18T09:55:56+00:00\",\"dateModified\":\"2018-02-18T10:02:34+00:00\",\"breadcrumb\":{\"@id\":\"https:\/\/www.saint-paul-angouleme.fr\/application\/domus-piazza-pizze-e-ciao\/#breadcrumb\"},\"inLanguage\":\"fr-FR\",\"potentialAction\":[{\"@type\":\"ReadAction\",\"target\":[\"https:\/\/www.saint-paul-angouleme.fr\/application\/domus-piazza-pizze-e-ciao\/\"]}]},{\"@type\":\"ImageObject\",\"inLanguage\":\"fr-FR\",\"@id\":\"https:\/\/www.saint-paul-angouleme.fr\/application\/domus-piazza-pizze-e-ciao\/#primaryimage\",\"url\":\"https:\/\/www.saint-paul-angouleme.fr\/application\/wp-content\/uploads\/2018\/02\/P1270141.jpg\",\"contentUrl\":\"https:\/\/www.saint-paul-angouleme.fr\/application\/wp-content\/uploads\/2018\/02\/P1270141.jpg\",\"width\":5472,\"height\":3648},{\"@type\":\"BreadcrumbList\",\"@id\":\"https:\/\/www.saint-paul-angouleme.fr\/application\/domus-piazza-pizze-e-ciao\/#breadcrumb\",\"itemListElement\":[{\"@type\":\"ListItem\",\"position\":1,\"name\":\"Accueil\",\"item\":\"http:\/\/www.saint-paul-angouleme.fr\/application\/\"},{\"@type\":\"ListItem\",\"position\":2,\"name\":\"Domus, piazza, pizze e ciao !\"}]},{\"@type\":\"WebSite\",\"@id\":\"https:\/\/www.saint-paul-angouleme.fr\/application\/#website\",\"url\":\"https:\/\/www.saint-paul-angouleme.fr\/application\/\",\"name\":\"Actualit\u00e9s\",\"description\":\"Actualit\u00e9s Saint Paul\",\"publisher\":{\"@id\":\"https:\/\/www.saint-paul-angouleme.fr\/application\/#organization\"},\"potentialAction\":[{\"@type\":\"SearchAction\",\"target\":{\"@type\":\"EntryPoint\",\"urlTemplate\":\"https:\/\/www.saint-paul-angouleme.fr\/application\/?s={search_term_string}\"},\"query-input\":\"required name=search_term_string\"}],\"inLanguage\":\"fr-FR\"},{\"@type\":\"Organization\",\"@id\":\"https:\/\/www.saint-paul-angouleme.fr\/application\/#organization\",\"name\":\"Ensemble scolaire Saint-Paul\",\"url\":\"https:\/\/www.saint-paul-angouleme.fr\/application\/\",\"logo\":{\"@type\":\"ImageObject\",\"inLanguage\":\"fr-FR\",\"@id\":\"https:\/\/www.saint-paul-angouleme.fr\/application\/#\/schema\/logo\/image\/\",\"url\":\"https:\/\/www.saint-paul-angouleme.fr\/application\/wp-content\/uploads\/2018\/08\/logo-saint-paul-couleurs.jpg\",\"contentUrl\":\"https:\/\/www.saint-paul-angouleme.fr\/application\/wp-content\/uploads\/2018\/08\/logo-saint-paul-couleurs.jpg\",\"width\":1890,\"height\":709,\"caption\":\"Ensemble scolaire Saint-Paul\"},\"image\":{\"@id\":\"https:\/\/www.saint-paul-angouleme.fr\/application\/#\/schema\/logo\/image\/\"},\"sameAs\":[\"https:\/\/www.facebook.com\/SaintPaulAngouleme16\/\",\"https:\/\/x.com\/StPaulAngoulem\",\"https:\/\/www.youtube.com\/channel\/UCRLpz1CmPVqc0gn--YyXvjA?view_as=subscriber\"]},{\"@type\":\"Person\",\"@id\":\"https:\/\/www.saint-paul-angouleme.fr\/application\/#\/schema\/person\/ea152930b1a3823659065827b1a5fb9b\",\"name\":\"SAINT-PAUL\",\"image\":{\"@type\":\"ImageObject\",\"inLanguage\":\"fr-FR\",\"@id\":\"https:\/\/www.saint-paul-angouleme.fr\/application\/#\/schema\/person\/image\/\",\"url\":\"https:\/\/secure.gravatar.com\/avatar\/eadb0ffebc02683a61d69038eb2924f0?s=96&r=g\",\"contentUrl\":\"https:\/\/secure.gravatar.com\/avatar\/eadb0ffebc02683a61d69038eb2924f0?s=96&r=g\",\"caption\":\"SAINT-PAUL\"},\"url\":\"https:\/\/www.saint-paul-angouleme.fr\/application\/author\/myriam\/\"}]}<\/script>\n<!-- \/ Yoast SEO plugin. -->","yoast_head_json":{"title":"Domus, piazza, pizze e ciao ! - Actualit\u00e9s","robots":{"index":"index","follow":"follow","max-snippet":"max-snippet:-1","max-image-preview":"max-image-preview:large","max-video-preview":"max-video-preview:-1"},"canonical":"https:\/\/www.saint-paul-angouleme.fr\/application\/domus-piazza-pizze-e-ciao\/","og_locale":"fr_FR","og_type":"article","og_title":"Domus, piazza, pizze e ciao ! - Actualit\u00e9s","og_description":"Samedi 17 f\u00e9vrier, dernier jour \u00e0 Rome puisque la journ\u00e9e de demain sera consacr\u00e9e au voyage retour. En matin\u00e9e nous nous rendons au pied de la colonne de Trajan afin de visiter la \u00ab\u00a0Domus du Palazzo Valentini\u00a0\u00bb. Ce mus\u00e9e a \u00e9t\u00e9 construit \u00e0 l\u2019emplacement de fouilles qui ont r\u00e9v\u00e9l\u00e9 un tr\u00e9sor inestimable\u00a0: vaisselle, mosa\u00efques, fragments ... Lire la suite","og_url":"https:\/\/www.saint-paul-angouleme.fr\/application\/domus-piazza-pizze-e-ciao\/","og_site_name":"Actualit\u00e9s","article_publisher":"https:\/\/www.facebook.com\/SaintPaulAngouleme16\/","article_published_time":"2018-02-18T09:55:56+00:00","article_modified_time":"2018-02-18T10:02:34+00:00","og_image":[{"url":"http:\/\/www.saint-paul-angouleme.fr\/application\/wp-content\/uploads\/2018\/02\/P1270141-1024x683.jpg"}],"author":"SAINT-PAUL","twitter_card":"summary_large_image","twitter_creator":"@StPaulAngoulem","twitter_site":"@StPaulAngoulem","twitter_misc":{"\u00c9crit par":"SAINT-PAUL","Dur\u00e9e de lecture estim\u00e9e":"2 minutes"},"schema":{"@context":"https:\/\/schema.org","@graph":[{"@type":"Article","@id":"https:\/\/www.saint-paul-angouleme.fr\/application\/domus-piazza-pizze-e-ciao\/#article","isPartOf":{"@id":"https:\/\/www.saint-paul-angouleme.fr\/application\/domus-piazza-pizze-e-ciao\/"},"author":{"name":"SAINT-PAUL","@id":"https:\/\/www.saint-paul-angouleme.fr\/application\/#\/schema\/person\/ea152930b1a3823659065827b1a5fb9b"},"headline":"Domus, piazza, pizze e ciao !","datePublished":"2018-02-18T09:55:56+00:00","dateModified":"2018-02-18T10:02:34+00:00","mainEntityOfPage":{"@id":"https:\/\/www.saint-paul-angouleme.fr\/application\/domus-piazza-pizze-e-ciao\/"},"wordCount":499,"commentCount":0,"publisher":{"@id":"https:\/\/www.saint-paul-angouleme.fr\/application\/#organization"},"image":{"@id":"https:\/\/www.saint-paul-angouleme.fr\/application\/domus-piazza-pizze-e-ciao\/#primaryimage"},"thumbnailUrl":"http:\/\/www.saint-paul-angouleme.fr\/application\/wp-content\/uploads\/2018\/02\/P1270141-1024x683.jpg","keywords":["Casa Pallottine","Coll\u00e8ge et Lyc\u00e9e Saint-Paul Angoul\u00eame","Rome","Saint-Louis-des-Fran\u00e7ais"],"articleSection":["P\u00e9dagogie","Pour aller plus loin"],"inLanguage":"fr-FR","potentialAction":[{"@type":"CommentAction","name":"Comment","target":["https:\/\/www.saint-paul-angouleme.fr\/application\/domus-piazza-pizze-e-ciao\/#respond"]}]},{"@type":"WebPage","@id":"https:\/\/www.saint-paul-angouleme.fr\/application\/domus-piazza-pizze-e-ciao\/","url":"https:\/\/www.saint-paul-angouleme.fr\/application\/domus-piazza-pizze-e-ciao\/","name":"Domus, piazza, pizze e ciao ! - Actualit\u00e9s","isPartOf":{"@id":"https:\/\/www.saint-paul-angouleme.fr\/application\/#website"},"primaryImageOfPage":{"@id":"https:\/\/www.saint-paul-angouleme.fr\/application\/domus-piazza-pizze-e-ciao\/#primaryimage"},"image":{"@id":"https:\/\/www.saint-paul-angouleme.fr\/application\/domus-piazza-pizze-e-ciao\/#primaryimage"},"thumbnailUrl":"http:\/\/www.saint-paul-angouleme.fr\/application\/wp-content\/uploads\/2018\/02\/P1270141-1024x683.jpg","datePublished":"2018-02-18T09:55:56+00:00","dateModified":"2018-02-18T10:02:34+00:00","breadcrumb":{"@id":"https:\/\/www.saint-paul-angouleme.fr\/application\/domus-piazza-pizze-e-ciao\/#breadcrumb"},"inLanguage":"fr-FR","potentialAction":[{"@type":"ReadAction","target":["https:\/\/www.saint-paul-angouleme.fr\/application\/domus-piazza-pizze-e-ciao\/"]}]},{"@type":"ImageObject","inLanguage":"fr-FR","@id":"https:\/\/www.saint-paul-angouleme.fr\/application\/domus-piazza-pizze-e-ciao\/#primaryimage","url":"https:\/\/www.saint-paul-angouleme.fr\/application\/wp-content\/uploads\/2018\/02\/P1270141.jpg","contentUrl":"https:\/\/www.saint-paul-angouleme.fr\/application\/wp-content\/uploads\/2018\/02\/P1270141.jpg","width":5472,"height":3648},{"@type":"BreadcrumbList","@id":"https:\/\/www.saint-paul-angouleme.fr\/application\/domus-piazza-pizze-e-ciao\/#breadcrumb","itemListElement":[{"@type":"ListItem","position":1,"name":"Accueil","item":"http:\/\/www.saint-paul-angouleme.fr\/application\/"},{"@type":"ListItem","position":2,"name":"Domus, piazza, pizze e ciao !"}]},{"@type":"WebSite","@id":"https:\/\/www.saint-paul-angouleme.fr\/application\/#website","url":"https:\/\/www.saint-paul-angouleme.fr\/application\/","name":"Actualit\u00e9s","description":"Actualit\u00e9s Saint Paul","publisher":{"@id":"https:\/\/www.saint-paul-angouleme.fr\/application\/#organization"},"potentialAction":[{"@type":"SearchAction","target":{"@type":"EntryPoint","urlTemplate":"https:\/\/www.saint-paul-angouleme.fr\/application\/?s={search_term_string}"},"query-input":"required name=search_term_string"}],"inLanguage":"fr-FR"},{"@type":"Organization","@id":"https:\/\/www.saint-paul-angouleme.fr\/application\/#organization","name":"Ensemble scolaire Saint-Paul","url":"https:\/\/www.saint-paul-angouleme.fr\/application\/","logo":{"@type":"ImageObject","inLanguage":"fr-FR","@id":"https:\/\/www.saint-paul-angouleme.fr\/application\/#\/schema\/logo\/image\/","url":"https:\/\/www.saint-paul-angouleme.fr\/application\/wp-content\/uploads\/2018\/08\/logo-saint-paul-couleurs.jpg","contentUrl":"https:\/\/www.saint-paul-angouleme.fr\/application\/wp-content\/uploads\/2018\/08\/logo-saint-paul-couleurs.jpg","width":1890,"height":709,"caption":"Ensemble scolaire Saint-Paul"},"image":{"@id":"https:\/\/www.saint-paul-angouleme.fr\/application\/#\/schema\/logo\/image\/"},"sameAs":["https:\/\/www.facebook.com\/SaintPaulAngouleme16\/","https:\/\/x.com\/StPaulAngoulem","https:\/\/www.youtube.com\/channel\/UCRLpz1CmPVqc0gn--YyXvjA?view_as=subscriber"]},{"@type":"Person","@id":"https:\/\/www.saint-paul-angouleme.fr\/application\/#\/schema\/person\/ea152930b1a3823659065827b1a5fb9b","name":"SAINT-PAUL","image":{"@type":"ImageObject","inLanguage":"fr-FR","@id":"https:\/\/www.saint-paul-angouleme.fr\/application\/#\/schema\/person\/image\/","url":"https:\/\/secure.gravatar.com\/avatar\/eadb0ffebc02683a61d69038eb2924f0?s=96&r=g","contentUrl":"https:\/\/secure.gravatar.com\/avatar\/eadb0ffebc02683a61d69038eb2924f0?s=96&r=g","caption":"SAINT-PAUL"},"url":"https:\/\/www.saint-paul-angouleme.fr\/application\/author\/myriam\/"}]}},"_links":{"self":[{"href":"https:\/\/www.saint-paul-angouleme.fr\/application\/wp-json\/wp\/v2\/posts\/2723"}],"collection":[{"href":"https:\/\/www.saint-paul-angouleme.fr\/application\/wp-json\/wp\/v2\/posts"}],"about":[{"href":"https:\/\/www.saint-paul-angouleme.fr\/application\/wp-json\/wp\/v2\/types\/post"}],"author":[{"embeddable":true,"href":"https:\/\/www.saint-paul-angouleme.fr\/application\/wp-json\/wp\/v2\/users\/3"}],"replies":[{"embeddable":true,"href":"https:\/\/www.saint-paul-angouleme.fr\/application\/wp-json\/wp\/v2\/comments?post=2723"}],"version-history":[{"count":3,"href":"https:\/\/www.saint-paul-angouleme.fr\/application\/wp-json\/wp\/v2\/posts\/2723\/revisions"}],"predecessor-version":[{"id":2727,"href":"https:\/\/www.saint-paul-angouleme.fr\/application\/wp-json\/wp\/v2\/posts\/2723\/revisions\/2727"}],"wp:attachment":[{"href":"https:\/\/www.saint-paul-angouleme.fr\/application\/wp-json\/wp\/v2\/media?parent=2723"}],"wp:term":[{"taxonomy":"category","embeddable":true,"href":"https:\/\/www.saint-paul-angouleme.fr\/application\/wp-json\/wp\/v2\/categories?post=2723"},{"taxonomy":"post_tag","embeddable":true,"href":"https:\/\/www.saint-paul-angouleme.fr\/application\/wp-json\/wp\/v2\/tags?post=2723"}],"curies":[{"name":"wp","href":"https:\/\/api.w.org\/{rel}","templated":true}]}}