{"id":2712,"date":"2018-02-17T22:50:24","date_gmt":"2018-02-17T21:50:24","guid":{"rendered":"http:\/\/www.saint-paul-angouleme.fr\/application\/?p=2712"},"modified":"2018-02-17T22:50:24","modified_gmt":"2018-02-17T21:50:24","slug":"de-saint-paul-hors-les-murs-aux-musees-capitolins","status":"publish","type":"post","link":"https:\/\/www.saint-paul-angouleme.fr\/application\/de-saint-paul-hors-les-murs-aux-musees-capitolins\/","title":{"rendered":"De Saint-Paul-Hors-les-Murs aux mus\u00e9es capitolins"},"content":{"rendered":"<p><a href=\"http:\/\/www.saint-paul-angouleme.fr\/application\/wp-content\/uploads\/2018\/02\/P1270124.jpg\"><img loading=\"lazy\" decoding=\"async\" class=\"aligncenter size-large wp-image-2713\" src=\"http:\/\/www.saint-paul-angouleme.fr\/application\/wp-content\/uploads\/2018\/02\/P1270124-1024x683.jpg\" alt=\"\" width=\"1024\" height=\"683\" data-id=\"2713\" srcset=\"https:\/\/www.saint-paul-angouleme.fr\/application\/wp-content\/uploads\/2018\/02\/P1270124-1024x683.jpg 1024w, https:\/\/www.saint-paul-angouleme.fr\/application\/wp-content\/uploads\/2018\/02\/P1270124-300x200.jpg 300w, https:\/\/www.saint-paul-angouleme.fr\/application\/wp-content\/uploads\/2018\/02\/P1270124-768x512.jpg 768w\" sizes=\"(max-width: 1024px) 100vw, 1024px\" \/><\/a><\/p>\n<p style=\"text-align: justify;\"><span style=\"font-family: tahoma, arial, helvetica, sans-serif; color: #333333;\">Etape importante en ce vendredi 16 f\u00e9vrier\u00a0: messe et visite \u00e0 Saint-Paul-Hors-les-Murs. Saint Patron de notre \u00e9tablissement, il est avec Saint Pierre le Saint Patron de la ville de Rome et un des piliers de l\u2019Eglise.<\/span><\/p>\n<p style=\"text-align: justify;\"><span style=\"font-family: tahoma, arial, helvetica, sans-serif; color: #333333;\">Nous arrivons un peu en retard sur l\u2019horaire pr\u00e9vu pour que le P\u00e8re Josephat c\u00e9l\u00e8bre la messe mais, finalement, la Providence nous fait un signe puisque nous nous retrouvons avec un groupe du Lyc\u00e9e BLOMET de Paris et leur aum\u00f4nier, le P\u00e8re Bruno, qui a des attaches charentaises : il est de Ruffec. Cette messe a \u00e9t\u00e9 une pause spirituelle appr\u00e9ci\u00e9e de chacun.<\/span><\/p>\n<p><a href=\"http:\/\/www.saint-paul-angouleme.fr\/application\/wp-content\/uploads\/2018\/02\/P1270084.jpg\"><img loading=\"lazy\" decoding=\"async\" class=\"aligncenter size-large wp-image-2714\" src=\"http:\/\/www.saint-paul-angouleme.fr\/application\/wp-content\/uploads\/2018\/02\/P1270084-1024x683.jpg\" alt=\"\" width=\"1024\" height=\"683\" data-id=\"2714\" srcset=\"https:\/\/www.saint-paul-angouleme.fr\/application\/wp-content\/uploads\/2018\/02\/P1270084-1024x683.jpg 1024w, https:\/\/www.saint-paul-angouleme.fr\/application\/wp-content\/uploads\/2018\/02\/P1270084-300x200.jpg 300w, https:\/\/www.saint-paul-angouleme.fr\/application\/wp-content\/uploads\/2018\/02\/P1270084-768x512.jpg 768w\" sizes=\"(max-width: 1024px) 100vw, 1024px\" \/><\/a><\/p>\n<p style=\"text-align: justify;\"><span style=\"font-family: tahoma, arial, helvetica, sans-serif; color: #333333;\">A l\u2019issue de la messe nous prenons le temps d\u2019admirer la basilique Saint-Paul, une des quatre basiliques majeures, o\u00f9 se tient le tombeau de Saint Paul et ses chaines, les statues de Pierre et Paul et les m\u00e9daillons des portraits de tous les papes. Nous admirons la fa\u00e7ade et son jardin puis nous visitons le splendide clo\u00eetre. Le temps d\u2019une photo de groupe, c\u2019est alors l\u2019heure du pique-nique que nous prenons face \u00e0 la basilique.<\/span><\/p>\n<p><a href=\"http:\/\/www.saint-paul-angouleme.fr\/application\/wp-content\/uploads\/2018\/02\/P1270090.jpg\"><img loading=\"lazy\" decoding=\"async\" class=\"aligncenter size-large wp-image-2715\" src=\"http:\/\/www.saint-paul-angouleme.fr\/application\/wp-content\/uploads\/2018\/02\/P1270090-1024x683.jpg\" alt=\"\" width=\"1024\" height=\"683\" data-id=\"2715\" srcset=\"https:\/\/www.saint-paul-angouleme.fr\/application\/wp-content\/uploads\/2018\/02\/P1270090-1024x683.jpg 1024w, https:\/\/www.saint-paul-angouleme.fr\/application\/wp-content\/uploads\/2018\/02\/P1270090-300x200.jpg 300w, https:\/\/www.saint-paul-angouleme.fr\/application\/wp-content\/uploads\/2018\/02\/P1270090-768x512.jpg 768w\" sizes=\"(max-width: 1024px) 100vw, 1024px\" \/><\/a><\/p>\n<p><a href=\"http:\/\/www.saint-paul-angouleme.fr\/application\/wp-content\/uploads\/2018\/02\/P1270105.jpg\"><img loading=\"lazy\" decoding=\"async\" class=\"aligncenter size-large wp-image-2716\" src=\"http:\/\/www.saint-paul-angouleme.fr\/application\/wp-content\/uploads\/2018\/02\/P1270105-1024x683.jpg\" alt=\"\" width=\"1024\" height=\"683\" data-id=\"2716\" srcset=\"https:\/\/www.saint-paul-angouleme.fr\/application\/wp-content\/uploads\/2018\/02\/P1270105-1024x683.jpg 1024w, https:\/\/www.saint-paul-angouleme.fr\/application\/wp-content\/uploads\/2018\/02\/P1270105-300x200.jpg 300w, https:\/\/www.saint-paul-angouleme.fr\/application\/wp-content\/uploads\/2018\/02\/P1270105-768x512.jpg 768w\" sizes=\"(max-width: 1024px) 100vw, 1024px\" \/><\/a><\/p>\n<p><a href=\"http:\/\/www.saint-paul-angouleme.fr\/application\/wp-content\/uploads\/2018\/02\/P1270129.jpg\"><img loading=\"lazy\" decoding=\"async\" class=\"aligncenter size-large wp-image-2717\" src=\"http:\/\/www.saint-paul-angouleme.fr\/application\/wp-content\/uploads\/2018\/02\/P1270129-1024x683.jpg\" alt=\"\" width=\"1024\" height=\"683\" data-id=\"2717\" srcset=\"https:\/\/www.saint-paul-angouleme.fr\/application\/wp-content\/uploads\/2018\/02\/P1270129-1024x683.jpg 1024w, https:\/\/www.saint-paul-angouleme.fr\/application\/wp-content\/uploads\/2018\/02\/P1270129-300x200.jpg 300w, https:\/\/www.saint-paul-angouleme.fr\/application\/wp-content\/uploads\/2018\/02\/P1270129-768x512.jpg 768w\" sizes=\"(max-width: 1024px) 100vw, 1024px\" \/><\/a><\/p>\n<p style=\"text-align: justify;\"><span style=\"font-family: tahoma, arial, helvetica, sans-serif; color: #333333;\">Nous rejoignons le m\u00e9tro pour nous rendre \u00e0 Saint Pierre esp\u00e9rant pouvoir visiter la Basilique. H\u00e9las, m\u00eame s\u2019il n\u2019est que 13h00, la file d\u2019attente pour y entrer est d\u00e9j\u00e0 tr\u00e8s longue\u00a0: deux \u00e0 trois heures d\u2019attente. Malgr\u00e9 notre d\u00e9ception nous d\u00e9cidons d\u2019abandonner et, par les petites ruelles du Vatican, nous nous rendons chez le glacier \u00ab\u00a0HEDERA\u00a0\u00bb qui est le fournisseur du Vatican o\u00f9 une glace gratuite nous attend. Vraies \u00ab\u00a0gelati\u00a0\u00bb aux parfums savoureux, nous go\u00fbtons avec d\u00e9lice cet instant.<\/span><\/p>\n<p><a href=\"http:\/\/www.saint-paul-angouleme.fr\/application\/wp-content\/uploads\/2018\/02\/P1270132.jpg\"><img loading=\"lazy\" decoding=\"async\" class=\"aligncenter size-large wp-image-2718\" src=\"http:\/\/www.saint-paul-angouleme.fr\/application\/wp-content\/uploads\/2018\/02\/P1270132-1024x683.jpg\" alt=\"\" width=\"1024\" height=\"683\" data-id=\"2718\" srcset=\"https:\/\/www.saint-paul-angouleme.fr\/application\/wp-content\/uploads\/2018\/02\/P1270132-1024x683.jpg 1024w, https:\/\/www.saint-paul-angouleme.fr\/application\/wp-content\/uploads\/2018\/02\/P1270132-300x200.jpg 300w, https:\/\/www.saint-paul-angouleme.fr\/application\/wp-content\/uploads\/2018\/02\/P1270132-768x512.jpg 768w\" sizes=\"(max-width: 1024px) 100vw, 1024px\" \/><\/a><\/p>\n<p style=\"text-align: justify;\"><span style=\"font-family: tahoma, arial, helvetica, sans-serif; color: #333333;\">Apr\u00e8s cette pause fra\u00eecheur nous nous rendons aux mus\u00e9es capitolins en longeant le Tibre. Les bouquinistes font penser aux \u00e9choppes parisiennes le long de la Seine, la balade est agr\u00e9able. Arriv\u00e9s devant le capitole nous pouvons commencer la visite de ces mus\u00e9es (qui, fond\u00e9s en 1471, sont les plus anciens mus\u00e9es du monde). Ils rec\u00e8lent un immense tr\u00e9sor arch\u00e9ologique (fresques et mosa\u00efques\u2026) mais aussi des sculptures et des peintures (<a style=\"color: #333333;\" href=\"http:\/\/www.rome-roma.net\/musees-du-capitole.html\">http:\/\/www.rome-roma.net\/musees-du-capitole.html<\/a>)\u2026 Deux heures passionnantes pour d\u00e9couvrir toutes ces merveilles.<\/span><\/p>\n<p><a href=\"http:\/\/www.saint-paul-angouleme.fr\/application\/wp-content\/uploads\/2018\/02\/P1270139.jpg\"><img loading=\"lazy\" decoding=\"async\" class=\"aligncenter size-large wp-image-2719\" src=\"http:\/\/www.saint-paul-angouleme.fr\/application\/wp-content\/uploads\/2018\/02\/P1270139-1024x683.jpg\" alt=\"\" width=\"1024\" height=\"683\" data-id=\"2719\" srcset=\"https:\/\/www.saint-paul-angouleme.fr\/application\/wp-content\/uploads\/2018\/02\/P1270139-1024x683.jpg 1024w, https:\/\/www.saint-paul-angouleme.fr\/application\/wp-content\/uploads\/2018\/02\/P1270139-300x200.jpg 300w, https:\/\/www.saint-paul-angouleme.fr\/application\/wp-content\/uploads\/2018\/02\/P1270139-768x512.jpg 768w\" sizes=\"(max-width: 1024px) 100vw, 1024px\" \/><\/a><\/p>\n<p style=\"text-align: justify;\"><span style=\"font-family: tahoma, arial, helvetica, sans-serif; color: #333333;\">Nous prenons alors le chemin du retour afin d\u2019avoir un temps de repos avent notre repas du soir. Pause appr\u00e9ci\u00e9e par chacun car cette journ\u00e9e fut belle et dense, emplie de beaucoup d\u2019images et de souvenirs.<\/span><\/p>\n<p style=\"text-align: justify;\"><span style=\"font-family: tahoma, arial, helvetica, sans-serif; color: #333333;\">Demain sera la derni\u00e8re journ\u00e9e romaine, il faut se reposer afin d&#8217;en profiter pleinement\u2026<\/span><\/p>\n","protected":false},"excerpt":{"rendered":"<p>Etape importante en ce vendredi 16 f\u00e9vrier\u00a0: messe et visite \u00e0 Saint-Paul-Hors-les-Murs. Saint Patron de notre \u00e9tablissement, il est avec Saint Pierre le Saint Patron de la ville de Rome et un des piliers de l\u2019Eglise. Nous arrivons un peu en retard sur l\u2019horaire pr\u00e9vu pour que le P\u00e8re Josephat c\u00e9l\u00e8bre la messe mais, finalement, &#8230; <a title=\"De Saint-Paul-Hors-les-Murs aux mus\u00e9es capitolins\" class=\"read-more\" href=\"https:\/\/www.saint-paul-angouleme.fr\/application\/de-saint-paul-hors-les-murs-aux-musees-capitolins\/\" aria-label=\"Read more about De Saint-Paul-Hors-les-Murs aux mus\u00e9es capitolins\">Lire la suite<\/a><\/p>\n","protected":false},"author":3,"featured_media":0,"comment_status":"open","ping_status":"open","sticky":false,"template":"","format":"standard","meta":{"_exactmetrics_skip_tracking":false,"_exactmetrics_sitenote_active":false,"_exactmetrics_sitenote_note":"","_exactmetrics_sitenote_category":0,"footnotes":""},"categories":[13,11],"tags":[200,19,198,199,197],"class_list":["post-2712","post","type-post","status-publish","format-standard","hentry","category-pedagogie","category-pour-aller-plus-loin","tag-charente","tag-ensemble-scolaire-saint-paul-angouleme","tag-musees-capitolins","tag-roma","tag-saint-paul-hors-les-murs"],"yoast_head":"<!-- This site is optimized with the Yoast SEO plugin v23.3 - https:\/\/yoast.com\/wordpress\/plugins\/seo\/ -->\n<title>De Saint-Paul-Hors-les-Murs aux mus\u00e9es capitolins - Actualit\u00e9s<\/title>\n<meta name=\"robots\" content=\"index, follow, max-snippet:-1, max-image-preview:large, max-video-preview:-1\" \/>\n<link rel=\"canonical\" href=\"https:\/\/www.saint-paul-angouleme.fr\/application\/de-saint-paul-hors-les-murs-aux-musees-capitolins\/\" \/>\n<meta property=\"og:locale\" content=\"fr_FR\" \/>\n<meta property=\"og:type\" content=\"article\" \/>\n<meta property=\"og:title\" content=\"De Saint-Paul-Hors-les-Murs aux mus\u00e9es capitolins - Actualit\u00e9s\" \/>\n<meta property=\"og:description\" content=\"Etape importante en ce vendredi 16 f\u00e9vrier\u00a0: messe et visite \u00e0 Saint-Paul-Hors-les-Murs. Saint Patron de notre \u00e9tablissement, il est avec Saint Pierre le Saint Patron de la ville de Rome et un des piliers de l\u2019Eglise. Nous arrivons un peu en retard sur l\u2019horaire pr\u00e9vu pour que le P\u00e8re Josephat c\u00e9l\u00e8bre la messe mais, finalement, ... Lire la suite\" \/>\n<meta property=\"og:url\" content=\"https:\/\/www.saint-paul-angouleme.fr\/application\/de-saint-paul-hors-les-murs-aux-musees-capitolins\/\" \/>\n<meta property=\"og:site_name\" content=\"Actualit\u00e9s\" \/>\n<meta property=\"article:publisher\" content=\"https:\/\/www.facebook.com\/SaintPaulAngouleme16\/\" \/>\n<meta property=\"article:published_time\" content=\"2018-02-17T21:50:24+00:00\" \/>\n<meta property=\"og:image\" content=\"http:\/\/www.saint-paul-angouleme.fr\/application\/wp-content\/uploads\/2018\/02\/P1270124-1024x683.jpg\" \/>\n<meta name=\"author\" content=\"SAINT-PAUL\" \/>\n<meta name=\"twitter:card\" content=\"summary_large_image\" \/>\n<meta name=\"twitter:creator\" content=\"@StPaulAngoulem\" \/>\n<meta name=\"twitter:site\" content=\"@StPaulAngoulem\" \/>\n<meta name=\"twitter:label1\" content=\"\u00c9crit par\" \/>\n\t<meta name=\"twitter:data1\" content=\"SAINT-PAUL\" \/>\n\t<meta name=\"twitter:label2\" content=\"Dur\u00e9e de lecture estim\u00e9e\" \/>\n\t<meta name=\"twitter:data2\" content=\"2 minutes\" \/>\n<script type=\"application\/ld+json\" class=\"yoast-schema-graph\">{\"@context\":\"https:\/\/schema.org\",\"@graph\":[{\"@type\":\"Article\",\"@id\":\"https:\/\/www.saint-paul-angouleme.fr\/application\/de-saint-paul-hors-les-murs-aux-musees-capitolins\/#article\",\"isPartOf\":{\"@id\":\"https:\/\/www.saint-paul-angouleme.fr\/application\/de-saint-paul-hors-les-murs-aux-musees-capitolins\/\"},\"author\":{\"name\":\"SAINT-PAUL\",\"@id\":\"https:\/\/www.saint-paul-angouleme.fr\/application\/#\/schema\/person\/ea152930b1a3823659065827b1a5fb9b\"},\"headline\":\"De Saint-Paul-Hors-les-Murs aux mus\u00e9es capitolins\",\"datePublished\":\"2018-02-17T21:50:24+00:00\",\"dateModified\":\"2018-02-17T21:50:24+00:00\",\"mainEntityOfPage\":{\"@id\":\"https:\/\/www.saint-paul-angouleme.fr\/application\/de-saint-paul-hors-les-murs-aux-musees-capitolins\/\"},\"wordCount\":441,\"commentCount\":0,\"publisher\":{\"@id\":\"https:\/\/www.saint-paul-angouleme.fr\/application\/#organization\"},\"image\":{\"@id\":\"https:\/\/www.saint-paul-angouleme.fr\/application\/de-saint-paul-hors-les-murs-aux-musees-capitolins\/#primaryimage\"},\"thumbnailUrl\":\"http:\/\/www.saint-paul-angouleme.fr\/application\/wp-content\/uploads\/2018\/02\/P1270124-1024x683.jpg\",\"keywords\":[\"Charente\",\"Ensemble scolaire Saint-Paul Angoul\u00eame\",\"mus\u00e9es capitolins\",\"Roma\",\"Saint-Paul-Hors-les-Murs\"],\"articleSection\":[\"P\u00e9dagogie\",\"Pour aller plus loin\"],\"inLanguage\":\"fr-FR\",\"potentialAction\":[{\"@type\":\"CommentAction\",\"name\":\"Comment\",\"target\":[\"https:\/\/www.saint-paul-angouleme.fr\/application\/de-saint-paul-hors-les-murs-aux-musees-capitolins\/#respond\"]}]},{\"@type\":\"WebPage\",\"@id\":\"https:\/\/www.saint-paul-angouleme.fr\/application\/de-saint-paul-hors-les-murs-aux-musees-capitolins\/\",\"url\":\"https:\/\/www.saint-paul-angouleme.fr\/application\/de-saint-paul-hors-les-murs-aux-musees-capitolins\/\",\"name\":\"De Saint-Paul-Hors-les-Murs aux mus\u00e9es capitolins - Actualit\u00e9s\",\"isPartOf\":{\"@id\":\"https:\/\/www.saint-paul-angouleme.fr\/application\/#website\"},\"primaryImageOfPage\":{\"@id\":\"https:\/\/www.saint-paul-angouleme.fr\/application\/de-saint-paul-hors-les-murs-aux-musees-capitolins\/#primaryimage\"},\"image\":{\"@id\":\"https:\/\/www.saint-paul-angouleme.fr\/application\/de-saint-paul-hors-les-murs-aux-musees-capitolins\/#primaryimage\"},\"thumbnailUrl\":\"http:\/\/www.saint-paul-angouleme.fr\/application\/wp-content\/uploads\/2018\/02\/P1270124-1024x683.jpg\",\"datePublished\":\"2018-02-17T21:50:24+00:00\",\"dateModified\":\"2018-02-17T21:50:24+00:00\",\"breadcrumb\":{\"@id\":\"https:\/\/www.saint-paul-angouleme.fr\/application\/de-saint-paul-hors-les-murs-aux-musees-capitolins\/#breadcrumb\"},\"inLanguage\":\"fr-FR\",\"potentialAction\":[{\"@type\":\"ReadAction\",\"target\":[\"https:\/\/www.saint-paul-angouleme.fr\/application\/de-saint-paul-hors-les-murs-aux-musees-capitolins\/\"]}]},{\"@type\":\"ImageObject\",\"inLanguage\":\"fr-FR\",\"@id\":\"https:\/\/www.saint-paul-angouleme.fr\/application\/de-saint-paul-hors-les-murs-aux-musees-capitolins\/#primaryimage\",\"url\":\"https:\/\/www.saint-paul-angouleme.fr\/application\/wp-content\/uploads\/2018\/02\/P1270124.jpg\",\"contentUrl\":\"https:\/\/www.saint-paul-angouleme.fr\/application\/wp-content\/uploads\/2018\/02\/P1270124.jpg\",\"width\":5472,\"height\":3648},{\"@type\":\"BreadcrumbList\",\"@id\":\"https:\/\/www.saint-paul-angouleme.fr\/application\/de-saint-paul-hors-les-murs-aux-musees-capitolins\/#breadcrumb\",\"itemListElement\":[{\"@type\":\"ListItem\",\"position\":1,\"name\":\"Accueil\",\"item\":\"http:\/\/www.saint-paul-angouleme.fr\/application\/\"},{\"@type\":\"ListItem\",\"position\":2,\"name\":\"De Saint-Paul-Hors-les-Murs aux mus\u00e9es capitolins\"}]},{\"@type\":\"WebSite\",\"@id\":\"https:\/\/www.saint-paul-angouleme.fr\/application\/#website\",\"url\":\"https:\/\/www.saint-paul-angouleme.fr\/application\/\",\"name\":\"Actualit\u00e9s\",\"description\":\"Actualit\u00e9s Saint Paul\",\"publisher\":{\"@id\":\"https:\/\/www.saint-paul-angouleme.fr\/application\/#organization\"},\"potentialAction\":[{\"@type\":\"SearchAction\",\"target\":{\"@type\":\"EntryPoint\",\"urlTemplate\":\"https:\/\/www.saint-paul-angouleme.fr\/application\/?s={search_term_string}\"},\"query-input\":\"required name=search_term_string\"}],\"inLanguage\":\"fr-FR\"},{\"@type\":\"Organization\",\"@id\":\"https:\/\/www.saint-paul-angouleme.fr\/application\/#organization\",\"name\":\"Ensemble scolaire Saint-Paul\",\"url\":\"https:\/\/www.saint-paul-angouleme.fr\/application\/\",\"logo\":{\"@type\":\"ImageObject\",\"inLanguage\":\"fr-FR\",\"@id\":\"https:\/\/www.saint-paul-angouleme.fr\/application\/#\/schema\/logo\/image\/\",\"url\":\"https:\/\/www.saint-paul-angouleme.fr\/application\/wp-content\/uploads\/2018\/08\/logo-saint-paul-couleurs.jpg\",\"contentUrl\":\"https:\/\/www.saint-paul-angouleme.fr\/application\/wp-content\/uploads\/2018\/08\/logo-saint-paul-couleurs.jpg\",\"width\":1890,\"height\":709,\"caption\":\"Ensemble scolaire Saint-Paul\"},\"image\":{\"@id\":\"https:\/\/www.saint-paul-angouleme.fr\/application\/#\/schema\/logo\/image\/\"},\"sameAs\":[\"https:\/\/www.facebook.com\/SaintPaulAngouleme16\/\",\"https:\/\/x.com\/StPaulAngoulem\",\"https:\/\/www.youtube.com\/channel\/UCRLpz1CmPVqc0gn--YyXvjA?view_as=subscriber\"]},{\"@type\":\"Person\",\"@id\":\"https:\/\/www.saint-paul-angouleme.fr\/application\/#\/schema\/person\/ea152930b1a3823659065827b1a5fb9b\",\"name\":\"SAINT-PAUL\",\"image\":{\"@type\":\"ImageObject\",\"inLanguage\":\"fr-FR\",\"@id\":\"https:\/\/www.saint-paul-angouleme.fr\/application\/#\/schema\/person\/image\/\",\"url\":\"https:\/\/secure.gravatar.com\/avatar\/eadb0ffebc02683a61d69038eb2924f0?s=96&r=g\",\"contentUrl\":\"https:\/\/secure.gravatar.com\/avatar\/eadb0ffebc02683a61d69038eb2924f0?s=96&r=g\",\"caption\":\"SAINT-PAUL\"},\"url\":\"https:\/\/www.saint-paul-angouleme.fr\/application\/author\/myriam\/\"}]}<\/script>\n<!-- \/ Yoast SEO plugin. -->","yoast_head_json":{"title":"De Saint-Paul-Hors-les-Murs aux mus\u00e9es capitolins - Actualit\u00e9s","robots":{"index":"index","follow":"follow","max-snippet":"max-snippet:-1","max-image-preview":"max-image-preview:large","max-video-preview":"max-video-preview:-1"},"canonical":"https:\/\/www.saint-paul-angouleme.fr\/application\/de-saint-paul-hors-les-murs-aux-musees-capitolins\/","og_locale":"fr_FR","og_type":"article","og_title":"De Saint-Paul-Hors-les-Murs aux mus\u00e9es capitolins - Actualit\u00e9s","og_description":"Etape importante en ce vendredi 16 f\u00e9vrier\u00a0: messe et visite \u00e0 Saint-Paul-Hors-les-Murs. Saint Patron de notre \u00e9tablissement, il est avec Saint Pierre le Saint Patron de la ville de Rome et un des piliers de l\u2019Eglise. Nous arrivons un peu en retard sur l\u2019horaire pr\u00e9vu pour que le P\u00e8re Josephat c\u00e9l\u00e8bre la messe mais, finalement, ... Lire la suite","og_url":"https:\/\/www.saint-paul-angouleme.fr\/application\/de-saint-paul-hors-les-murs-aux-musees-capitolins\/","og_site_name":"Actualit\u00e9s","article_publisher":"https:\/\/www.facebook.com\/SaintPaulAngouleme16\/","article_published_time":"2018-02-17T21:50:24+00:00","og_image":[{"url":"http:\/\/www.saint-paul-angouleme.fr\/application\/wp-content\/uploads\/2018\/02\/P1270124-1024x683.jpg"}],"author":"SAINT-PAUL","twitter_card":"summary_large_image","twitter_creator":"@StPaulAngoulem","twitter_site":"@StPaulAngoulem","twitter_misc":{"\u00c9crit par":"SAINT-PAUL","Dur\u00e9e de lecture estim\u00e9e":"2 minutes"},"schema":{"@context":"https:\/\/schema.org","@graph":[{"@type":"Article","@id":"https:\/\/www.saint-paul-angouleme.fr\/application\/de-saint-paul-hors-les-murs-aux-musees-capitolins\/#article","isPartOf":{"@id":"https:\/\/www.saint-paul-angouleme.fr\/application\/de-saint-paul-hors-les-murs-aux-musees-capitolins\/"},"author":{"name":"SAINT-PAUL","@id":"https:\/\/www.saint-paul-angouleme.fr\/application\/#\/schema\/person\/ea152930b1a3823659065827b1a5fb9b"},"headline":"De Saint-Paul-Hors-les-Murs aux mus\u00e9es capitolins","datePublished":"2018-02-17T21:50:24+00:00","dateModified":"2018-02-17T21:50:24+00:00","mainEntityOfPage":{"@id":"https:\/\/www.saint-paul-angouleme.fr\/application\/de-saint-paul-hors-les-murs-aux-musees-capitolins\/"},"wordCount":441,"commentCount":0,"publisher":{"@id":"https:\/\/www.saint-paul-angouleme.fr\/application\/#organization"},"image":{"@id":"https:\/\/www.saint-paul-angouleme.fr\/application\/de-saint-paul-hors-les-murs-aux-musees-capitolins\/#primaryimage"},"thumbnailUrl":"http:\/\/www.saint-paul-angouleme.fr\/application\/wp-content\/uploads\/2018\/02\/P1270124-1024x683.jpg","keywords":["Charente","Ensemble scolaire Saint-Paul Angoul\u00eame","mus\u00e9es capitolins","Roma","Saint-Paul-Hors-les-Murs"],"articleSection":["P\u00e9dagogie","Pour aller plus loin"],"inLanguage":"fr-FR","potentialAction":[{"@type":"CommentAction","name":"Comment","target":["https:\/\/www.saint-paul-angouleme.fr\/application\/de-saint-paul-hors-les-murs-aux-musees-capitolins\/#respond"]}]},{"@type":"WebPage","@id":"https:\/\/www.saint-paul-angouleme.fr\/application\/de-saint-paul-hors-les-murs-aux-musees-capitolins\/","url":"https:\/\/www.saint-paul-angouleme.fr\/application\/de-saint-paul-hors-les-murs-aux-musees-capitolins\/","name":"De Saint-Paul-Hors-les-Murs aux mus\u00e9es capitolins - Actualit\u00e9s","isPartOf":{"@id":"https:\/\/www.saint-paul-angouleme.fr\/application\/#website"},"primaryImageOfPage":{"@id":"https:\/\/www.saint-paul-angouleme.fr\/application\/de-saint-paul-hors-les-murs-aux-musees-capitolins\/#primaryimage"},"image":{"@id":"https:\/\/www.saint-paul-angouleme.fr\/application\/de-saint-paul-hors-les-murs-aux-musees-capitolins\/#primaryimage"},"thumbnailUrl":"http:\/\/www.saint-paul-angouleme.fr\/application\/wp-content\/uploads\/2018\/02\/P1270124-1024x683.jpg","datePublished":"2018-02-17T21:50:24+00:00","dateModified":"2018-02-17T21:50:24+00:00","breadcrumb":{"@id":"https:\/\/www.saint-paul-angouleme.fr\/application\/de-saint-paul-hors-les-murs-aux-musees-capitolins\/#breadcrumb"},"inLanguage":"fr-FR","potentialAction":[{"@type":"ReadAction","target":["https:\/\/www.saint-paul-angouleme.fr\/application\/de-saint-paul-hors-les-murs-aux-musees-capitolins\/"]}]},{"@type":"ImageObject","inLanguage":"fr-FR","@id":"https:\/\/www.saint-paul-angouleme.fr\/application\/de-saint-paul-hors-les-murs-aux-musees-capitolins\/#primaryimage","url":"https:\/\/www.saint-paul-angouleme.fr\/application\/wp-content\/uploads\/2018\/02\/P1270124.jpg","contentUrl":"https:\/\/www.saint-paul-angouleme.fr\/application\/wp-content\/uploads\/2018\/02\/P1270124.jpg","width":5472,"height":3648},{"@type":"BreadcrumbList","@id":"https:\/\/www.saint-paul-angouleme.fr\/application\/de-saint-paul-hors-les-murs-aux-musees-capitolins\/#breadcrumb","itemListElement":[{"@type":"ListItem","position":1,"name":"Accueil","item":"http:\/\/www.saint-paul-angouleme.fr\/application\/"},{"@type":"ListItem","position":2,"name":"De Saint-Paul-Hors-les-Murs aux mus\u00e9es capitolins"}]},{"@type":"WebSite","@id":"https:\/\/www.saint-paul-angouleme.fr\/application\/#website","url":"https:\/\/www.saint-paul-angouleme.fr\/application\/","name":"Actualit\u00e9s","description":"Actualit\u00e9s Saint Paul","publisher":{"@id":"https:\/\/www.saint-paul-angouleme.fr\/application\/#organization"},"potentialAction":[{"@type":"SearchAction","target":{"@type":"EntryPoint","urlTemplate":"https:\/\/www.saint-paul-angouleme.fr\/application\/?s={search_term_string}"},"query-input":"required name=search_term_string"}],"inLanguage":"fr-FR"},{"@type":"Organization","@id":"https:\/\/www.saint-paul-angouleme.fr\/application\/#organization","name":"Ensemble scolaire Saint-Paul","url":"https:\/\/www.saint-paul-angouleme.fr\/application\/","logo":{"@type":"ImageObject","inLanguage":"fr-FR","@id":"https:\/\/www.saint-paul-angouleme.fr\/application\/#\/schema\/logo\/image\/","url":"https:\/\/www.saint-paul-angouleme.fr\/application\/wp-content\/uploads\/2018\/08\/logo-saint-paul-couleurs.jpg","contentUrl":"https:\/\/www.saint-paul-angouleme.fr\/application\/wp-content\/uploads\/2018\/08\/logo-saint-paul-couleurs.jpg","width":1890,"height":709,"caption":"Ensemble scolaire Saint-Paul"},"image":{"@id":"https:\/\/www.saint-paul-angouleme.fr\/application\/#\/schema\/logo\/image\/"},"sameAs":["https:\/\/www.facebook.com\/SaintPaulAngouleme16\/","https:\/\/x.com\/StPaulAngoulem","https:\/\/www.youtube.com\/channel\/UCRLpz1CmPVqc0gn--YyXvjA?view_as=subscriber"]},{"@type":"Person","@id":"https:\/\/www.saint-paul-angouleme.fr\/application\/#\/schema\/person\/ea152930b1a3823659065827b1a5fb9b","name":"SAINT-PAUL","image":{"@type":"ImageObject","inLanguage":"fr-FR","@id":"https:\/\/www.saint-paul-angouleme.fr\/application\/#\/schema\/person\/image\/","url":"https:\/\/secure.gravatar.com\/avatar\/eadb0ffebc02683a61d69038eb2924f0?s=96&r=g","contentUrl":"https:\/\/secure.gravatar.com\/avatar\/eadb0ffebc02683a61d69038eb2924f0?s=96&r=g","caption":"SAINT-PAUL"},"url":"https:\/\/www.saint-paul-angouleme.fr\/application\/author\/myriam\/"}]}},"_links":{"self":[{"href":"https:\/\/www.saint-paul-angouleme.fr\/application\/wp-json\/wp\/v2\/posts\/2712"}],"collection":[{"href":"https:\/\/www.saint-paul-angouleme.fr\/application\/wp-json\/wp\/v2\/posts"}],"about":[{"href":"https:\/\/www.saint-paul-angouleme.fr\/application\/wp-json\/wp\/v2\/types\/post"}],"author":[{"embeddable":true,"href":"https:\/\/www.saint-paul-angouleme.fr\/application\/wp-json\/wp\/v2\/users\/3"}],"replies":[{"embeddable":true,"href":"https:\/\/www.saint-paul-angouleme.fr\/application\/wp-json\/wp\/v2\/comments?post=2712"}],"version-history":[{"count":3,"href":"https:\/\/www.saint-paul-angouleme.fr\/application\/wp-json\/wp\/v2\/posts\/2712\/revisions"}],"predecessor-version":[{"id":2722,"href":"https:\/\/www.saint-paul-angouleme.fr\/application\/wp-json\/wp\/v2\/posts\/2712\/revisions\/2722"}],"wp:attachment":[{"href":"https:\/\/www.saint-paul-angouleme.fr\/application\/wp-json\/wp\/v2\/media?parent=2712"}],"wp:term":[{"taxonomy":"category","embeddable":true,"href":"https:\/\/www.saint-paul-angouleme.fr\/application\/wp-json\/wp\/v2\/categories?post=2712"},{"taxonomy":"post_tag","embeddable":true,"href":"https:\/\/www.saint-paul-angouleme.fr\/application\/wp-json\/wp\/v2\/tags?post=2712"}],"curies":[{"name":"wp","href":"https:\/\/api.w.org\/{rel}","templated":true}]}}