{"id":2694,"date":"2018-02-16T22:19:31","date_gmt":"2018-02-16T21:19:31","guid":{"rendered":"http:\/\/www.saint-paul-angouleme.fr\/application\/?p=2694"},"modified":"2018-02-16T22:19:31","modified_gmt":"2018-02-16T21:19:31","slug":"rome-antique-romantique","status":"publish","type":"post","link":"https:\/\/www.saint-paul-angouleme.fr\/application\/rome-antique-romantique\/","title":{"rendered":"Rome Antique&#8230; Romantique !"},"content":{"rendered":"<p><a href=\"http:\/\/www.saint-paul-angouleme.fr\/application\/wp-content\/uploads\/2018\/02\/P1260882.jpg\"><img loading=\"lazy\" decoding=\"async\" class=\"aligncenter size-large wp-image-2695\" src=\"http:\/\/www.saint-paul-angouleme.fr\/application\/wp-content\/uploads\/2018\/02\/P1260882-1024x683.jpg\" alt=\"\" width=\"1024\" height=\"683\" data-id=\"2695\" srcset=\"https:\/\/www.saint-paul-angouleme.fr\/application\/wp-content\/uploads\/2018\/02\/P1260882-1024x683.jpg 1024w, https:\/\/www.saint-paul-angouleme.fr\/application\/wp-content\/uploads\/2018\/02\/P1260882-300x200.jpg 300w, https:\/\/www.saint-paul-angouleme.fr\/application\/wp-content\/uploads\/2018\/02\/P1260882-768x512.jpg 768w\" sizes=\"(max-width: 1024px) 100vw, 1024px\" \/><\/a><\/p>\n<p style=\"text-align: justify;\"><span style=\"font-family: tahoma, arial, helvetica, sans-serif; color: #333333;\">Jeudi 15 f\u00e9vrier c\u2019est avec plaisir que nous commen\u00e7ons cette nouvelle journ\u00e9e par un grand soleil et un beau ciel bleu. La journ\u00e9e se pr\u00e9sente donc bien car nous serons toute la journ\u00e9e en ext\u00e9rieur pour d\u00e9couvrir la Rome Antique jusqu\u2019aux jardins romantiques \u2026<\/span><\/p>\n<p style=\"text-align: justify;\"><span style=\"font-family: tahoma, arial, helvetica, sans-serif; color: #333333;\">La visite d\u00e9bute en matin\u00e9e par la visite du Colis\u00e9e puis du Palatin avec le Forum. Nous partons ensuite direction Saint Pierre aux Liens, non loin du \u00ab\u00a0Coloss\u00e9o\u00a0\u00bb, qui pr\u00e9sente pour nous un double voire un triple int\u00e9r\u00eat.<\/span><\/p>\n<p style=\"text-align: justify;\"><span style=\"font-family: tahoma, arial, helvetica, sans-serif; color: #333333;\">Alors que nous prenons notre pique-nique sur les marches de la basilique un t\u00e9l\u00e9film est entrain de se tourner&#8230; Petit clin d&#8217;oeil \u00e0 Angoul\u00eame et \u00e0 Saint-Paul qui a \u00e9t\u00e9 la sc\u00e8ne d&#8217;un tournage cette semaine.<\/span><\/p>\n<p><a href=\"http:\/\/www.saint-paul-angouleme.fr\/application\/wp-content\/uploads\/2018\/02\/P1260959.jpg\"><img loading=\"lazy\" decoding=\"async\" class=\"aligncenter size-large wp-image-2696\" src=\"http:\/\/www.saint-paul-angouleme.fr\/application\/wp-content\/uploads\/2018\/02\/P1260959-1024x683.jpg\" alt=\"\" width=\"1024\" height=\"683\" data-id=\"2696\" srcset=\"https:\/\/www.saint-paul-angouleme.fr\/application\/wp-content\/uploads\/2018\/02\/P1260959-1024x683.jpg 1024w, https:\/\/www.saint-paul-angouleme.fr\/application\/wp-content\/uploads\/2018\/02\/P1260959-300x200.jpg 300w, https:\/\/www.saint-paul-angouleme.fr\/application\/wp-content\/uploads\/2018\/02\/P1260959-768x512.jpg 768w\" sizes=\"(max-width: 1024px) 100vw, 1024px\" \/><\/a><\/p>\n<p><a href=\"http:\/\/www.saint-paul-angouleme.fr\/application\/wp-content\/uploads\/2018\/02\/P1260961.jpg\"><img loading=\"lazy\" decoding=\"async\" class=\"aligncenter size-large wp-image-2697\" src=\"http:\/\/www.saint-paul-angouleme.fr\/application\/wp-content\/uploads\/2018\/02\/P1260961-1024x683.jpg\" alt=\"\" width=\"1024\" height=\"683\" data-id=\"2697\" srcset=\"https:\/\/www.saint-paul-angouleme.fr\/application\/wp-content\/uploads\/2018\/02\/P1260961-1024x683.jpg 1024w, https:\/\/www.saint-paul-angouleme.fr\/application\/wp-content\/uploads\/2018\/02\/P1260961-300x200.jpg 300w, https:\/\/www.saint-paul-angouleme.fr\/application\/wp-content\/uploads\/2018\/02\/P1260961-768x512.jpg 768w\" sizes=\"(max-width: 1024px) 100vw, 1024px\" \/><\/a><\/p>\n<p style=\"text-align: justify;\"><span style=\"font-family: tahoma, arial, helvetica, sans-serif; color: #333333;\">Cette \u00e9glise est affect\u00e9e aux Chanoines du Latran (qui suivent la r\u00e8gle de Saint Augustin et sont, en quelque sorte, cousins des Chanoines de Saint Victor dont fait partie le P\u00e8re Josephat). Le P\u00e8re Abb\u00e9, Don Giuseppe nous re\u00e7oit avec un large sourire et nous ouvre les portes de l\u2019\u00e9glise qui normalement est ferm\u00e9e entre midi et deux. Nous avons donc la chance de d\u00e9couvrir \u00ab\u00a0en priv\u00e9\u00a0\u00bb le c\u00e9l\u00e8bre Mo\u00efse de Michel-Ange et les chaines qui ont entrav\u00e9es Saint Pierre lors de son arrestation \u00e0 Rome.<\/span><\/p>\n<p><a href=\"http:\/\/www.saint-paul-angouleme.fr\/application\/wp-content\/uploads\/2018\/02\/P1260965.jpg\"><img loading=\"lazy\" decoding=\"async\" class=\"aligncenter size-large wp-image-2699\" src=\"http:\/\/www.saint-paul-angouleme.fr\/application\/wp-content\/uploads\/2018\/02\/P1260965-1024x683.jpg\" alt=\"\" width=\"1024\" height=\"683\" data-id=\"2699\" srcset=\"https:\/\/www.saint-paul-angouleme.fr\/application\/wp-content\/uploads\/2018\/02\/P1260965-1024x683.jpg 1024w, https:\/\/www.saint-paul-angouleme.fr\/application\/wp-content\/uploads\/2018\/02\/P1260965-300x200.jpg 300w, https:\/\/www.saint-paul-angouleme.fr\/application\/wp-content\/uploads\/2018\/02\/P1260965-768x512.jpg 768w\" sizes=\"(max-width: 1024px) 100vw, 1024px\" \/><\/a><\/p>\n<p><a href=\"http:\/\/www.saint-paul-angouleme.fr\/application\/wp-content\/uploads\/2018\/02\/P1260974.jpg\"><img loading=\"lazy\" decoding=\"async\" class=\"aligncenter size-large wp-image-2700\" src=\"http:\/\/www.saint-paul-angouleme.fr\/application\/wp-content\/uploads\/2018\/02\/P1260974-1024x683.jpg\" alt=\"\" width=\"1024\" height=\"683\" data-id=\"2700\" srcset=\"https:\/\/www.saint-paul-angouleme.fr\/application\/wp-content\/uploads\/2018\/02\/P1260974-1024x683.jpg 1024w, https:\/\/www.saint-paul-angouleme.fr\/application\/wp-content\/uploads\/2018\/02\/P1260974-300x200.jpg 300w, https:\/\/www.saint-paul-angouleme.fr\/application\/wp-content\/uploads\/2018\/02\/P1260974-768x512.jpg 768w\" sizes=\"(max-width: 1024px) 100vw, 1024px\" \/><\/a><\/p>\n<p style=\"text-align: justify;\"><span style=\"font-family: tahoma, arial, helvetica, sans-serif; color: #333333;\">A l\u2019issue de la visite nous poursuivons notre d\u00e9couverte de Rome \u00e0 travers de petites ruelles admirant le charme des maisons color\u00e9es pour arriver au Capitole. De colline en colline, nous arrivons jusqu\u2019\u00e0 l\u2019Aventin ou un splendide panorama nous attend apr\u00e8s avoir travers\u00e9 un jardin romantique o\u00f9 les mandariniers sont emplis de fruits. Le d\u00e9paysement est total et la s\u00e9r\u00e9nit\u00e9 se fait sentir\u2026 Il y est agr\u00e9able de se poser quelques instants.<\/span><\/p>\n<p><a href=\"http:\/\/www.saint-paul-angouleme.fr\/application\/wp-content\/uploads\/2018\/02\/P1270050.jpg\"><img loading=\"lazy\" decoding=\"async\" class=\"aligncenter size-large wp-image-2702\" src=\"http:\/\/www.saint-paul-angouleme.fr\/application\/wp-content\/uploads\/2018\/02\/P1270050-683x1024.jpg\" alt=\"\" width=\"683\" height=\"1024\" data-id=\"2702\" srcset=\"https:\/\/www.saint-paul-angouleme.fr\/application\/wp-content\/uploads\/2018\/02\/P1270050-683x1024.jpg 683w, https:\/\/www.saint-paul-angouleme.fr\/application\/wp-content\/uploads\/2018\/02\/P1270050-200x300.jpg 200w, https:\/\/www.saint-paul-angouleme.fr\/application\/wp-content\/uploads\/2018\/02\/P1270050-768x1152.jpg 768w\" sizes=\"(max-width: 683px) 100vw, 683px\" \/><\/a><\/p>\n<p>&nbsp;<\/p>\n<p><a href=\"http:\/\/www.saint-paul-angouleme.fr\/application\/wp-content\/uploads\/2018\/02\/P1270053.jpg\"><img loading=\"lazy\" decoding=\"async\" class=\"aligncenter size-large wp-image-2704\" src=\"http:\/\/www.saint-paul-angouleme.fr\/application\/wp-content\/uploads\/2018\/02\/P1270053-1024x683.jpg\" alt=\"\" width=\"1024\" height=\"683\" data-id=\"2704\" srcset=\"https:\/\/www.saint-paul-angouleme.fr\/application\/wp-content\/uploads\/2018\/02\/P1270053-1024x683.jpg 1024w, https:\/\/www.saint-paul-angouleme.fr\/application\/wp-content\/uploads\/2018\/02\/P1270053-300x200.jpg 300w, https:\/\/www.saint-paul-angouleme.fr\/application\/wp-content\/uploads\/2018\/02\/P1270053-768x512.jpg 768w\" sizes=\"(max-width: 1024px) 100vw, 1024px\" \/><\/a><\/p>\n<p style=\"text-align: justify;\"><span style=\"font-family: tahoma, arial, helvetica, sans-serif; color: #333333;\">En sortant du jardin, une surprise nous attend devant la porte d\u2019entr\u00e9e des chevaliers de l\u2019ordre de Malte. Curiosit\u00e9 romaine assez r\u00e9cente\u00a0: par le trou de la serrure appara\u00eet un d\u00f4me parfaitement align\u00e9 (le reconna\u00eetrez-vous\u00a0?).<\/span><\/p>\n<p><a href=\"http:\/\/www.saint-paul-angouleme.fr\/application\/wp-content\/uploads\/2018\/02\/P1270059.jpg\"><img loading=\"lazy\" decoding=\"async\" class=\"aligncenter size-large wp-image-2705\" src=\"http:\/\/www.saint-paul-angouleme.fr\/application\/wp-content\/uploads\/2018\/02\/P1270059-683x1024.jpg\" alt=\"\" width=\"683\" height=\"1024\" data-id=\"2705\" srcset=\"https:\/\/www.saint-paul-angouleme.fr\/application\/wp-content\/uploads\/2018\/02\/P1270059-683x1024.jpg 683w, https:\/\/www.saint-paul-angouleme.fr\/application\/wp-content\/uploads\/2018\/02\/P1270059-200x300.jpg 200w, https:\/\/www.saint-paul-angouleme.fr\/application\/wp-content\/uploads\/2018\/02\/P1270059-768x1152.jpg 768w\" sizes=\"(max-width: 683px) 100vw, 683px\" \/><\/a><\/p>\n<p style=\"text-align: justify;\"><span style=\"font-family: tahoma, arial, helvetica, sans-serif; color: #333333;\">Nous nous rendons ensuite \u00e0 Sainte Sabine. L\u2019\u00e9glise est totalement vide contrairement \u00e0 mercredi soir et cela nous permet de d\u00e9couvrir pleinement sa beaut\u00e9.<\/span><\/p>\n<p><a href=\"http:\/\/www.saint-paul-angouleme.fr\/application\/wp-content\/uploads\/2018\/02\/P1270060.jpg\"><img loading=\"lazy\" decoding=\"async\" class=\"aligncenter size-large wp-image-2706\" src=\"http:\/\/www.saint-paul-angouleme.fr\/application\/wp-content\/uploads\/2018\/02\/P1270060-1024x683.jpg\" alt=\"\" width=\"1024\" height=\"683\" data-id=\"2706\" srcset=\"https:\/\/www.saint-paul-angouleme.fr\/application\/wp-content\/uploads\/2018\/02\/P1270060-1024x683.jpg 1024w, https:\/\/www.saint-paul-angouleme.fr\/application\/wp-content\/uploads\/2018\/02\/P1270060-300x200.jpg 300w, https:\/\/www.saint-paul-angouleme.fr\/application\/wp-content\/uploads\/2018\/02\/P1270060-768x512.jpg 768w\" sizes=\"(max-width: 1024px) 100vw, 1024px\" \/><\/a><\/p>\n<p style=\"text-align: justify;\"><span style=\"font-family: tahoma, arial, helvetica, sans-serif; color: #333333;\">Il est temps alors de redescendre de la colline et de regagner notre h\u00e9bergement. Le m\u00e9tro est encore bien rempli mais nous parvenons \u00e0 y trouver notre place. C\u2019est fatigu\u00e9s mais heureux que nous prenons un peu de repos avant le repas du soir, non sans avoir fait escale chez le c\u00e9l\u00e8bre glacier &#8220;FASSI&#8221;. Encore une belle journ\u00e9e qui s\u2019ach\u00e8ve\u00a0!<\/span><\/p>\n<p><a href=\"http:\/\/www.saint-paul-angouleme.fr\/application\/wp-content\/uploads\/2018\/02\/Messaging1518726685155.jpg\"><img loading=\"lazy\" decoding=\"async\" class=\"aligncenter size-large wp-image-2707\" src=\"http:\/\/www.saint-paul-angouleme.fr\/application\/wp-content\/uploads\/2018\/02\/Messaging1518726685155-1024x768.jpg\" alt=\"\" width=\"1024\" height=\"768\" data-id=\"2707\" srcset=\"https:\/\/www.saint-paul-angouleme.fr\/application\/wp-content\/uploads\/2018\/02\/Messaging1518726685155-1024x768.jpg 1024w, https:\/\/www.saint-paul-angouleme.fr\/application\/wp-content\/uploads\/2018\/02\/Messaging1518726685155-300x225.jpg 300w, https:\/\/www.saint-paul-angouleme.fr\/application\/wp-content\/uploads\/2018\/02\/Messaging1518726685155-768x576.jpg 768w, https:\/\/www.saint-paul-angouleme.fr\/application\/wp-content\/uploads\/2018\/02\/Messaging1518726685155.jpg 1152w\" sizes=\"(max-width: 1024px) 100vw, 1024px\" \/><\/a><\/p>\n<p><a href=\"http:\/\/www.saint-paul-angouleme.fr\/application\/wp-content\/uploads\/2018\/02\/DSC_0205.jpg\"><img loading=\"lazy\" decoding=\"async\" class=\"aligncenter size-large wp-image-2708\" src=\"http:\/\/www.saint-paul-angouleme.fr\/application\/wp-content\/uploads\/2018\/02\/DSC_0205-1024x576.jpg\" alt=\"\" width=\"1024\" height=\"576\" data-id=\"2708\" srcset=\"https:\/\/www.saint-paul-angouleme.fr\/application\/wp-content\/uploads\/2018\/02\/DSC_0205-1024x576.jpg 1024w, https:\/\/www.saint-paul-angouleme.fr\/application\/wp-content\/uploads\/2018\/02\/DSC_0205-300x169.jpg 300w, https:\/\/www.saint-paul-angouleme.fr\/application\/wp-content\/uploads\/2018\/02\/DSC_0205-768x432.jpg 768w\" sizes=\"(max-width: 1024px) 100vw, 1024px\" \/><\/a><\/p>\n<p style=\"text-align: justify;\"><span style=\"color: #333333;\"><span style=\"font-family: tahoma, arial, helvetica, sans-serif;\">A bient\u00f4t !<\/span><\/span><\/p>\n","protected":false},"excerpt":{"rendered":"<p>Jeudi 15 f\u00e9vrier c\u2019est avec plaisir que nous commen\u00e7ons cette nouvelle journ\u00e9e par un grand soleil et un beau ciel bleu. La journ\u00e9e se pr\u00e9sente donc bien car nous serons toute la journ\u00e9e en ext\u00e9rieur pour d\u00e9couvrir la Rome Antique jusqu\u2019aux jardins romantiques \u2026 La visite d\u00e9bute en matin\u00e9e par la visite du Colis\u00e9e puis &#8230; <a title=\"Rome Antique&#8230; Romantique !\" class=\"read-more\" href=\"https:\/\/www.saint-paul-angouleme.fr\/application\/rome-antique-romantique\/\" aria-label=\"Read more about Rome Antique&#8230; Romantique !\">Lire la suite<\/a><\/p>\n","protected":false},"author":3,"featured_media":0,"comment_status":"open","ping_status":"open","sticky":false,"template":"","format":"standard","meta":{"_exactmetrics_skip_tracking":false,"_exactmetrics_sitenote_active":false,"_exactmetrics_sitenote_note":"","_exactmetrics_sitenote_category":0,"footnotes":""},"categories":[13,11],"tags":[196,193,192,185,191,194,195],"class_list":["post-2694","post","type-post","status-publish","format-standard","hentry","category-pedagogie","category-pour-aller-plus-loin","tag-antique","tag-aventin","tag-palatin","tag-rome","tag-saint-paul-angouleme","tag-sainte-sabine","tag-tibre"],"yoast_head":"<!-- This site is optimized with the Yoast SEO plugin v23.3 - https:\/\/yoast.com\/wordpress\/plugins\/seo\/ -->\n<title>Rome Antique... Romantique ! - Actualit\u00e9s<\/title>\n<meta name=\"robots\" content=\"index, follow, max-snippet:-1, max-image-preview:large, max-video-preview:-1\" \/>\n<link rel=\"canonical\" href=\"https:\/\/www.saint-paul-angouleme.fr\/application\/rome-antique-romantique\/\" \/>\n<meta property=\"og:locale\" content=\"fr_FR\" \/>\n<meta property=\"og:type\" content=\"article\" \/>\n<meta property=\"og:title\" content=\"Rome Antique... Romantique ! - Actualit\u00e9s\" \/>\n<meta property=\"og:description\" content=\"Jeudi 15 f\u00e9vrier c\u2019est avec plaisir que nous commen\u00e7ons cette nouvelle journ\u00e9e par un grand soleil et un beau ciel bleu. La journ\u00e9e se pr\u00e9sente donc bien car nous serons toute la journ\u00e9e en ext\u00e9rieur pour d\u00e9couvrir la Rome Antique jusqu\u2019aux jardins romantiques \u2026 La visite d\u00e9bute en matin\u00e9e par la visite du Colis\u00e9e puis ... Lire la suite\" \/>\n<meta property=\"og:url\" content=\"https:\/\/www.saint-paul-angouleme.fr\/application\/rome-antique-romantique\/\" \/>\n<meta property=\"og:site_name\" content=\"Actualit\u00e9s\" \/>\n<meta property=\"article:publisher\" content=\"https:\/\/www.facebook.com\/SaintPaulAngouleme16\/\" \/>\n<meta property=\"article:published_time\" content=\"2018-02-16T21:19:31+00:00\" \/>\n<meta property=\"og:image\" content=\"http:\/\/www.saint-paul-angouleme.fr\/application\/wp-content\/uploads\/2018\/02\/P1260882-1024x683.jpg\" \/>\n<meta name=\"author\" content=\"SAINT-PAUL\" \/>\n<meta name=\"twitter:card\" content=\"summary_large_image\" \/>\n<meta name=\"twitter:creator\" content=\"@StPaulAngoulem\" \/>\n<meta name=\"twitter:site\" content=\"@StPaulAngoulem\" \/>\n<meta name=\"twitter:label1\" content=\"\u00c9crit par\" \/>\n\t<meta name=\"twitter:data1\" content=\"SAINT-PAUL\" \/>\n\t<meta name=\"twitter:label2\" content=\"Dur\u00e9e de lecture estim\u00e9e\" \/>\n\t<meta name=\"twitter:data2\" content=\"2 minutes\" \/>\n<script type=\"application\/ld+json\" class=\"yoast-schema-graph\">{\"@context\":\"https:\/\/schema.org\",\"@graph\":[{\"@type\":\"Article\",\"@id\":\"https:\/\/www.saint-paul-angouleme.fr\/application\/rome-antique-romantique\/#article\",\"isPartOf\":{\"@id\":\"https:\/\/www.saint-paul-angouleme.fr\/application\/rome-antique-romantique\/\"},\"author\":{\"name\":\"SAINT-PAUL\",\"@id\":\"https:\/\/www.saint-paul-angouleme.fr\/application\/#\/schema\/person\/ea152930b1a3823659065827b1a5fb9b\"},\"headline\":\"Rome Antique&#8230; Romantique !\",\"datePublished\":\"2018-02-16T21:19:31+00:00\",\"dateModified\":\"2018-02-16T21:19:31+00:00\",\"mainEntityOfPage\":{\"@id\":\"https:\/\/www.saint-paul-angouleme.fr\/application\/rome-antique-romantique\/\"},\"wordCount\":455,\"commentCount\":0,\"publisher\":{\"@id\":\"https:\/\/www.saint-paul-angouleme.fr\/application\/#organization\"},\"image\":{\"@id\":\"https:\/\/www.saint-paul-angouleme.fr\/application\/rome-antique-romantique\/#primaryimage\"},\"thumbnailUrl\":\"http:\/\/www.saint-paul-angouleme.fr\/application\/wp-content\/uploads\/2018\/02\/P1260882-1024x683.jpg\",\"keywords\":[\"Antique\",\"Aventin\",\"Palatin\",\"Rome\",\"Saint-Paul Angoul\u00eame\",\"Sainte Sabine\",\"Tibre\"],\"articleSection\":[\"P\u00e9dagogie\",\"Pour aller plus loin\"],\"inLanguage\":\"fr-FR\",\"potentialAction\":[{\"@type\":\"CommentAction\",\"name\":\"Comment\",\"target\":[\"https:\/\/www.saint-paul-angouleme.fr\/application\/rome-antique-romantique\/#respond\"]}]},{\"@type\":\"WebPage\",\"@id\":\"https:\/\/www.saint-paul-angouleme.fr\/application\/rome-antique-romantique\/\",\"url\":\"https:\/\/www.saint-paul-angouleme.fr\/application\/rome-antique-romantique\/\",\"name\":\"Rome Antique... Romantique ! - Actualit\u00e9s\",\"isPartOf\":{\"@id\":\"https:\/\/www.saint-paul-angouleme.fr\/application\/#website\"},\"primaryImageOfPage\":{\"@id\":\"https:\/\/www.saint-paul-angouleme.fr\/application\/rome-antique-romantique\/#primaryimage\"},\"image\":{\"@id\":\"https:\/\/www.saint-paul-angouleme.fr\/application\/rome-antique-romantique\/#primaryimage\"},\"thumbnailUrl\":\"http:\/\/www.saint-paul-angouleme.fr\/application\/wp-content\/uploads\/2018\/02\/P1260882-1024x683.jpg\",\"datePublished\":\"2018-02-16T21:19:31+00:00\",\"dateModified\":\"2018-02-16T21:19:31+00:00\",\"breadcrumb\":{\"@id\":\"https:\/\/www.saint-paul-angouleme.fr\/application\/rome-antique-romantique\/#breadcrumb\"},\"inLanguage\":\"fr-FR\",\"potentialAction\":[{\"@type\":\"ReadAction\",\"target\":[\"https:\/\/www.saint-paul-angouleme.fr\/application\/rome-antique-romantique\/\"]}]},{\"@type\":\"ImageObject\",\"inLanguage\":\"fr-FR\",\"@id\":\"https:\/\/www.saint-paul-angouleme.fr\/application\/rome-antique-romantique\/#primaryimage\",\"url\":\"https:\/\/www.saint-paul-angouleme.fr\/application\/wp-content\/uploads\/2018\/02\/P1260882.jpg\",\"contentUrl\":\"https:\/\/www.saint-paul-angouleme.fr\/application\/wp-content\/uploads\/2018\/02\/P1260882.jpg\",\"width\":5472,\"height\":3648},{\"@type\":\"BreadcrumbList\",\"@id\":\"https:\/\/www.saint-paul-angouleme.fr\/application\/rome-antique-romantique\/#breadcrumb\",\"itemListElement\":[{\"@type\":\"ListItem\",\"position\":1,\"name\":\"Accueil\",\"item\":\"http:\/\/www.saint-paul-angouleme.fr\/application\/\"},{\"@type\":\"ListItem\",\"position\":2,\"name\":\"Rome Antique&#8230; Romantique !\"}]},{\"@type\":\"WebSite\",\"@id\":\"https:\/\/www.saint-paul-angouleme.fr\/application\/#website\",\"url\":\"https:\/\/www.saint-paul-angouleme.fr\/application\/\",\"name\":\"Actualit\u00e9s\",\"description\":\"Actualit\u00e9s Saint Paul\",\"publisher\":{\"@id\":\"https:\/\/www.saint-paul-angouleme.fr\/application\/#organization\"},\"potentialAction\":[{\"@type\":\"SearchAction\",\"target\":{\"@type\":\"EntryPoint\",\"urlTemplate\":\"https:\/\/www.saint-paul-angouleme.fr\/application\/?s={search_term_string}\"},\"query-input\":\"required name=search_term_string\"}],\"inLanguage\":\"fr-FR\"},{\"@type\":\"Organization\",\"@id\":\"https:\/\/www.saint-paul-angouleme.fr\/application\/#organization\",\"name\":\"Ensemble scolaire Saint-Paul\",\"url\":\"https:\/\/www.saint-paul-angouleme.fr\/application\/\",\"logo\":{\"@type\":\"ImageObject\",\"inLanguage\":\"fr-FR\",\"@id\":\"https:\/\/www.saint-paul-angouleme.fr\/application\/#\/schema\/logo\/image\/\",\"url\":\"https:\/\/www.saint-paul-angouleme.fr\/application\/wp-content\/uploads\/2018\/08\/logo-saint-paul-couleurs.jpg\",\"contentUrl\":\"https:\/\/www.saint-paul-angouleme.fr\/application\/wp-content\/uploads\/2018\/08\/logo-saint-paul-couleurs.jpg\",\"width\":1890,\"height\":709,\"caption\":\"Ensemble scolaire Saint-Paul\"},\"image\":{\"@id\":\"https:\/\/www.saint-paul-angouleme.fr\/application\/#\/schema\/logo\/image\/\"},\"sameAs\":[\"https:\/\/www.facebook.com\/SaintPaulAngouleme16\/\",\"https:\/\/x.com\/StPaulAngoulem\",\"https:\/\/www.youtube.com\/channel\/UCRLpz1CmPVqc0gn--YyXvjA?view_as=subscriber\"]},{\"@type\":\"Person\",\"@id\":\"https:\/\/www.saint-paul-angouleme.fr\/application\/#\/schema\/person\/ea152930b1a3823659065827b1a5fb9b\",\"name\":\"SAINT-PAUL\",\"image\":{\"@type\":\"ImageObject\",\"inLanguage\":\"fr-FR\",\"@id\":\"https:\/\/www.saint-paul-angouleme.fr\/application\/#\/schema\/person\/image\/\",\"url\":\"https:\/\/secure.gravatar.com\/avatar\/eadb0ffebc02683a61d69038eb2924f0?s=96&r=g\",\"contentUrl\":\"https:\/\/secure.gravatar.com\/avatar\/eadb0ffebc02683a61d69038eb2924f0?s=96&r=g\",\"caption\":\"SAINT-PAUL\"},\"url\":\"https:\/\/www.saint-paul-angouleme.fr\/application\/author\/myriam\/\"}]}<\/script>\n<!-- \/ Yoast SEO plugin. -->","yoast_head_json":{"title":"Rome Antique... Romantique ! - Actualit\u00e9s","robots":{"index":"index","follow":"follow","max-snippet":"max-snippet:-1","max-image-preview":"max-image-preview:large","max-video-preview":"max-video-preview:-1"},"canonical":"https:\/\/www.saint-paul-angouleme.fr\/application\/rome-antique-romantique\/","og_locale":"fr_FR","og_type":"article","og_title":"Rome Antique... Romantique ! - Actualit\u00e9s","og_description":"Jeudi 15 f\u00e9vrier c\u2019est avec plaisir que nous commen\u00e7ons cette nouvelle journ\u00e9e par un grand soleil et un beau ciel bleu. La journ\u00e9e se pr\u00e9sente donc bien car nous serons toute la journ\u00e9e en ext\u00e9rieur pour d\u00e9couvrir la Rome Antique jusqu\u2019aux jardins romantiques \u2026 La visite d\u00e9bute en matin\u00e9e par la visite du Colis\u00e9e puis ... Lire la suite","og_url":"https:\/\/www.saint-paul-angouleme.fr\/application\/rome-antique-romantique\/","og_site_name":"Actualit\u00e9s","article_publisher":"https:\/\/www.facebook.com\/SaintPaulAngouleme16\/","article_published_time":"2018-02-16T21:19:31+00:00","og_image":[{"url":"http:\/\/www.saint-paul-angouleme.fr\/application\/wp-content\/uploads\/2018\/02\/P1260882-1024x683.jpg"}],"author":"SAINT-PAUL","twitter_card":"summary_large_image","twitter_creator":"@StPaulAngoulem","twitter_site":"@StPaulAngoulem","twitter_misc":{"\u00c9crit par":"SAINT-PAUL","Dur\u00e9e de lecture estim\u00e9e":"2 minutes"},"schema":{"@context":"https:\/\/schema.org","@graph":[{"@type":"Article","@id":"https:\/\/www.saint-paul-angouleme.fr\/application\/rome-antique-romantique\/#article","isPartOf":{"@id":"https:\/\/www.saint-paul-angouleme.fr\/application\/rome-antique-romantique\/"},"author":{"name":"SAINT-PAUL","@id":"https:\/\/www.saint-paul-angouleme.fr\/application\/#\/schema\/person\/ea152930b1a3823659065827b1a5fb9b"},"headline":"Rome Antique&#8230; Romantique !","datePublished":"2018-02-16T21:19:31+00:00","dateModified":"2018-02-16T21:19:31+00:00","mainEntityOfPage":{"@id":"https:\/\/www.saint-paul-angouleme.fr\/application\/rome-antique-romantique\/"},"wordCount":455,"commentCount":0,"publisher":{"@id":"https:\/\/www.saint-paul-angouleme.fr\/application\/#organization"},"image":{"@id":"https:\/\/www.saint-paul-angouleme.fr\/application\/rome-antique-romantique\/#primaryimage"},"thumbnailUrl":"http:\/\/www.saint-paul-angouleme.fr\/application\/wp-content\/uploads\/2018\/02\/P1260882-1024x683.jpg","keywords":["Antique","Aventin","Palatin","Rome","Saint-Paul Angoul\u00eame","Sainte Sabine","Tibre"],"articleSection":["P\u00e9dagogie","Pour aller plus loin"],"inLanguage":"fr-FR","potentialAction":[{"@type":"CommentAction","name":"Comment","target":["https:\/\/www.saint-paul-angouleme.fr\/application\/rome-antique-romantique\/#respond"]}]},{"@type":"WebPage","@id":"https:\/\/www.saint-paul-angouleme.fr\/application\/rome-antique-romantique\/","url":"https:\/\/www.saint-paul-angouleme.fr\/application\/rome-antique-romantique\/","name":"Rome Antique... Romantique ! - Actualit\u00e9s","isPartOf":{"@id":"https:\/\/www.saint-paul-angouleme.fr\/application\/#website"},"primaryImageOfPage":{"@id":"https:\/\/www.saint-paul-angouleme.fr\/application\/rome-antique-romantique\/#primaryimage"},"image":{"@id":"https:\/\/www.saint-paul-angouleme.fr\/application\/rome-antique-romantique\/#primaryimage"},"thumbnailUrl":"http:\/\/www.saint-paul-angouleme.fr\/application\/wp-content\/uploads\/2018\/02\/P1260882-1024x683.jpg","datePublished":"2018-02-16T21:19:31+00:00","dateModified":"2018-02-16T21:19:31+00:00","breadcrumb":{"@id":"https:\/\/www.saint-paul-angouleme.fr\/application\/rome-antique-romantique\/#breadcrumb"},"inLanguage":"fr-FR","potentialAction":[{"@type":"ReadAction","target":["https:\/\/www.saint-paul-angouleme.fr\/application\/rome-antique-romantique\/"]}]},{"@type":"ImageObject","inLanguage":"fr-FR","@id":"https:\/\/www.saint-paul-angouleme.fr\/application\/rome-antique-romantique\/#primaryimage","url":"https:\/\/www.saint-paul-angouleme.fr\/application\/wp-content\/uploads\/2018\/02\/P1260882.jpg","contentUrl":"https:\/\/www.saint-paul-angouleme.fr\/application\/wp-content\/uploads\/2018\/02\/P1260882.jpg","width":5472,"height":3648},{"@type":"BreadcrumbList","@id":"https:\/\/www.saint-paul-angouleme.fr\/application\/rome-antique-romantique\/#breadcrumb","itemListElement":[{"@type":"ListItem","position":1,"name":"Accueil","item":"http:\/\/www.saint-paul-angouleme.fr\/application\/"},{"@type":"ListItem","position":2,"name":"Rome Antique&#8230; Romantique !"}]},{"@type":"WebSite","@id":"https:\/\/www.saint-paul-angouleme.fr\/application\/#website","url":"https:\/\/www.saint-paul-angouleme.fr\/application\/","name":"Actualit\u00e9s","description":"Actualit\u00e9s Saint Paul","publisher":{"@id":"https:\/\/www.saint-paul-angouleme.fr\/application\/#organization"},"potentialAction":[{"@type":"SearchAction","target":{"@type":"EntryPoint","urlTemplate":"https:\/\/www.saint-paul-angouleme.fr\/application\/?s={search_term_string}"},"query-input":"required name=search_term_string"}],"inLanguage":"fr-FR"},{"@type":"Organization","@id":"https:\/\/www.saint-paul-angouleme.fr\/application\/#organization","name":"Ensemble scolaire Saint-Paul","url":"https:\/\/www.saint-paul-angouleme.fr\/application\/","logo":{"@type":"ImageObject","inLanguage":"fr-FR","@id":"https:\/\/www.saint-paul-angouleme.fr\/application\/#\/schema\/logo\/image\/","url":"https:\/\/www.saint-paul-angouleme.fr\/application\/wp-content\/uploads\/2018\/08\/logo-saint-paul-couleurs.jpg","contentUrl":"https:\/\/www.saint-paul-angouleme.fr\/application\/wp-content\/uploads\/2018\/08\/logo-saint-paul-couleurs.jpg","width":1890,"height":709,"caption":"Ensemble scolaire Saint-Paul"},"image":{"@id":"https:\/\/www.saint-paul-angouleme.fr\/application\/#\/schema\/logo\/image\/"},"sameAs":["https:\/\/www.facebook.com\/SaintPaulAngouleme16\/","https:\/\/x.com\/StPaulAngoulem","https:\/\/www.youtube.com\/channel\/UCRLpz1CmPVqc0gn--YyXvjA?view_as=subscriber"]},{"@type":"Person","@id":"https:\/\/www.saint-paul-angouleme.fr\/application\/#\/schema\/person\/ea152930b1a3823659065827b1a5fb9b","name":"SAINT-PAUL","image":{"@type":"ImageObject","inLanguage":"fr-FR","@id":"https:\/\/www.saint-paul-angouleme.fr\/application\/#\/schema\/person\/image\/","url":"https:\/\/secure.gravatar.com\/avatar\/eadb0ffebc02683a61d69038eb2924f0?s=96&r=g","contentUrl":"https:\/\/secure.gravatar.com\/avatar\/eadb0ffebc02683a61d69038eb2924f0?s=96&r=g","caption":"SAINT-PAUL"},"url":"https:\/\/www.saint-paul-angouleme.fr\/application\/author\/myriam\/"}]}},"_links":{"self":[{"href":"https:\/\/www.saint-paul-angouleme.fr\/application\/wp-json\/wp\/v2\/posts\/2694"}],"collection":[{"href":"https:\/\/www.saint-paul-angouleme.fr\/application\/wp-json\/wp\/v2\/posts"}],"about":[{"href":"https:\/\/www.saint-paul-angouleme.fr\/application\/wp-json\/wp\/v2\/types\/post"}],"author":[{"embeddable":true,"href":"https:\/\/www.saint-paul-angouleme.fr\/application\/wp-json\/wp\/v2\/users\/3"}],"replies":[{"embeddable":true,"href":"https:\/\/www.saint-paul-angouleme.fr\/application\/wp-json\/wp\/v2\/comments?post=2694"}],"version-history":[{"count":4,"href":"https:\/\/www.saint-paul-angouleme.fr\/application\/wp-json\/wp\/v2\/posts\/2694\/revisions"}],"predecessor-version":[{"id":2710,"href":"https:\/\/www.saint-paul-angouleme.fr\/application\/wp-json\/wp\/v2\/posts\/2694\/revisions\/2710"}],"wp:attachment":[{"href":"https:\/\/www.saint-paul-angouleme.fr\/application\/wp-json\/wp\/v2\/media?parent=2694"}],"wp:term":[{"taxonomy":"category","embeddable":true,"href":"https:\/\/www.saint-paul-angouleme.fr\/application\/wp-json\/wp\/v2\/categories?post=2694"},{"taxonomy":"post_tag","embeddable":true,"href":"https:\/\/www.saint-paul-angouleme.fr\/application\/wp-json\/wp\/v2\/tags?post=2694"}],"curies":[{"name":"wp","href":"https:\/\/api.w.org\/{rel}","templated":true}]}}