{"id":2658,"date":"2018-02-14T14:18:03","date_gmt":"2018-02-14T13:18:03","guid":{"rendered":"http:\/\/www.saint-paul-angouleme.fr\/application\/?p=2658"},"modified":"2018-02-14T14:18:03","modified_gmt":"2018-02-14T13:18:03","slug":"bella-vita-a-roma","status":"publish","type":"post","link":"https:\/\/www.saint-paul-angouleme.fr\/application\/bella-vita-a-roma\/","title":{"rendered":"Bella vita a Roma"},"content":{"rendered":"<p><a href=\"http:\/\/www.saint-paul-angouleme.fr\/application\/wp-content\/uploads\/2018\/02\/P1260660.jpg\"><img loading=\"lazy\" decoding=\"async\" class=\"aligncenter size-large wp-image-2660\" src=\"http:\/\/www.saint-paul-angouleme.fr\/application\/wp-content\/uploads\/2018\/02\/P1260660-1024x683.jpg\" alt=\"\" width=\"1024\" height=\"683\" data-id=\"2660\" srcset=\"https:\/\/www.saint-paul-angouleme.fr\/application\/wp-content\/uploads\/2018\/02\/P1260660-1024x683.jpg 1024w, https:\/\/www.saint-paul-angouleme.fr\/application\/wp-content\/uploads\/2018\/02\/P1260660-300x200.jpg 300w, https:\/\/www.saint-paul-angouleme.fr\/application\/wp-content\/uploads\/2018\/02\/P1260660-768x512.jpg 768w\" sizes=\"(max-width: 1024px) 100vw, 1024px\" \/><\/a><\/p>\n<p style=\"text-align: justify;\"><span style=\"font-family: arial, helvetica, sans-serif; color: #333333;\">Arriv\u00e9s lundi soir \u00e0 Rome apr\u00e8s une journ\u00e9e de voyage en bus, avion, train et m\u00e9tro nous \u00e9tions heureux de rejoindre enfin la &#8220;Casa Pallottine&#8221; o\u00f9 les s\u0153urs nous accueillent. A peine le temps de d\u00e9poser les valises (il est d\u00e9j\u00e0 tard) nous nous rendons au restaurant tout proche o\u00f9 un bon d\u00eener nous attend.<\/span><\/p>\n<p style=\"text-align: justify;\"><span style=\"font-family: tahoma, arial, helvetica, sans-serif; color: #333333;\">Ayant profit\u00e9 de l&#8217;attente en gare de Milan pour constituer les chambres, chacun peut alors s&#8217;installer tranquillement et profiter d&#8217;une bonne nuit de repos dans un lit confortable.<\/span><\/p>\n<p><a href=\"http:\/\/www.saint-paul-angouleme.fr\/application\/wp-content\/uploads\/2018\/02\/DSC_0215.jpg\"><img loading=\"lazy\" decoding=\"async\" class=\"aligncenter size-large wp-image-2661\" src=\"http:\/\/www.saint-paul-angouleme.fr\/application\/wp-content\/uploads\/2018\/02\/DSC_0215-1024x576.jpg\" alt=\"\" width=\"1024\" height=\"576\" data-id=\"2661\" srcset=\"https:\/\/www.saint-paul-angouleme.fr\/application\/wp-content\/uploads\/2018\/02\/DSC_0215-1024x576.jpg 1024w, https:\/\/www.saint-paul-angouleme.fr\/application\/wp-content\/uploads\/2018\/02\/DSC_0215-300x169.jpg 300w, https:\/\/www.saint-paul-angouleme.fr\/application\/wp-content\/uploads\/2018\/02\/DSC_0215-768x432.jpg 768w\" sizes=\"(max-width: 1024px) 100vw, 1024px\" \/><\/a><\/p>\n<p style=\"text-align: justify;\"><span style=\"font-family: tahoma, arial, helvetica, sans-serif; color: #333333;\">Le lendemain matin, mardi 13 f\u00e9vrier, c&#8217;est sous un beau soleil et un ciel parfaitement bleu que nous nous r\u00e9veillons. Apr\u00e8s le petit-d\u00e9jeuner nous passons r\u00e9cup\u00e9rer les pique-niques et nous nous dirigeons vers Saint Jean du Latran, imposante basilique papale qui est aussi la cath\u00e9drale du Pape Fran\u00e7ois. Dans le prolongement de celle-ci l&#8217;ancien palais des papes avant les accords du Latran de 1929.<\/span><\/p>\n<p style=\"text-align: justify;\"><span style=\"font-family: tahoma, arial, helvetica, sans-serif; color: #333333;\">Nous prenons notre temps pour d\u00e9ambuler et admirer l&#8217;\u00e9difice, parler avec un pr\u00eatre fran\u00e7ais rencontr\u00e9 dans son confessionnal, prier, mieux comprendre aussi l&#8217;histoire et la symbolique chr\u00e9tiennes.<\/span><\/p>\n<p><a href=\"http:\/\/www.saint-paul-angouleme.fr\/application\/wp-content\/uploads\/2018\/02\/P1260686.jpg\"><img loading=\"lazy\" decoding=\"async\" class=\"aligncenter size-large wp-image-2665\" src=\"http:\/\/www.saint-paul-angouleme.fr\/application\/wp-content\/uploads\/2018\/02\/P1260686-683x1024.jpg\" alt=\"\" width=\"683\" height=\"1024\" data-id=\"2665\" srcset=\"https:\/\/www.saint-paul-angouleme.fr\/application\/wp-content\/uploads\/2018\/02\/P1260686-683x1024.jpg 683w, https:\/\/www.saint-paul-angouleme.fr\/application\/wp-content\/uploads\/2018\/02\/P1260686-200x300.jpg 200w, https:\/\/www.saint-paul-angouleme.fr\/application\/wp-content\/uploads\/2018\/02\/P1260686-768x1152.jpg 768w\" sizes=\"(max-width: 683px) 100vw, 683px\" \/><\/a><\/p>\n<p style=\"text-align: justify;\"><span style=\"font-family: tahoma, arial, helvetica, sans-serif; color: #333333;\">En sortant nous partons en direction du Colis\u00e9e afin de prendre le bus 118 qui nous conduira aux catacombes de San Sebastiano. Nous y prenons notre d\u00e9jeuner puis la visite commence.<\/span><\/p>\n<p style=\"text-align: justify;\"><a href=\"http:\/\/www.saint-paul-angouleme.fr\/application\/wp-content\/uploads\/2018\/02\/P1260768.jpg\"><img loading=\"lazy\" decoding=\"async\" class=\"aligncenter size-large wp-image-2668\" src=\"http:\/\/www.saint-paul-angouleme.fr\/application\/wp-content\/uploads\/2018\/02\/P1260768-1024x683.jpg\" alt=\"\" width=\"1024\" height=\"683\" data-id=\"2668\" srcset=\"https:\/\/www.saint-paul-angouleme.fr\/application\/wp-content\/uploads\/2018\/02\/P1260768-1024x683.jpg 1024w, https:\/\/www.saint-paul-angouleme.fr\/application\/wp-content\/uploads\/2018\/02\/P1260768-300x200.jpg 300w, https:\/\/www.saint-paul-angouleme.fr\/application\/wp-content\/uploads\/2018\/02\/P1260768-768x512.jpg 768w\" sizes=\"(max-width: 1024px) 100vw, 1024px\" \/><br \/>\n<\/a><\/p>\n<p style=\"text-align: justify;\"><span style=\"font-family: tahoma, arial, helvetica, sans-serif; color: #333333;\">Nous y d\u00e9couvrons les nombreuses galeries qui accueillaient les s\u00e9pultures des premiers chr\u00e9tiens mais aussi le tombeau de Saint S\u00e9bastien sur lequel un autel a \u00e9t\u00e9 construit. A la fin de la visite, pour ceux qui le souhaitent, le P\u00e8re Josephat c\u00e9l\u00e8bre la messe dans la basilique qui surmonte les catacombes.<\/span><\/p>\n<p><a href=\"http:\/\/www.saint-paul-angouleme.fr\/application\/wp-content\/uploads\/2018\/02\/DSC_0244.jpg\"><img loading=\"lazy\" decoding=\"async\" class=\"aligncenter size-large wp-image-2669\" src=\"http:\/\/www.saint-paul-angouleme.fr\/application\/wp-content\/uploads\/2018\/02\/DSC_0244-1024x576.jpg\" alt=\"\" width=\"1024\" height=\"576\" data-id=\"2669\" srcset=\"https:\/\/www.saint-paul-angouleme.fr\/application\/wp-content\/uploads\/2018\/02\/DSC_0244-1024x576.jpg 1024w, https:\/\/www.saint-paul-angouleme.fr\/application\/wp-content\/uploads\/2018\/02\/DSC_0244-300x169.jpg 300w, https:\/\/www.saint-paul-angouleme.fr\/application\/wp-content\/uploads\/2018\/02\/DSC_0244-768x432.jpg 768w\" sizes=\"(max-width: 1024px) 100vw, 1024px\" \/><\/a><\/p>\n<p style=\"text-align: justify;\"><span style=\"font-family: tahoma, arial, helvetica, sans-serif; color: #333333;\">Nous repartons alors en direction du Colis\u00e9e o\u00f9 chacun b\u00e9n\u00e9ficie pour profiter, en petit groupe, d&#8217;un temps libre avant de rejoindre notre h\u00e9bergement puis notre restaurant. Notre premi\u00e8re journ\u00e9e romaine, belle et bien remplie, s&#8217;ach\u00e8ve. Nous rejoignons nos chambres car demain il faudra se lever t\u00f4t pour \u00eatre pr\u00e9sents \u00e0 l&#8217;audience du Pape place Saint-Pierre.<\/span><\/p>\n<p><a href=\"http:\/\/www.saint-paul-angouleme.fr\/application\/wp-content\/uploads\/2018\/02\/P1260785.jpg\"><img loading=\"lazy\" decoding=\"async\" class=\"aligncenter size-large wp-image-2671\" src=\"http:\/\/www.saint-paul-angouleme.fr\/application\/wp-content\/uploads\/2018\/02\/P1260785-1024x683.jpg\" alt=\"\" width=\"1024\" height=\"683\" data-id=\"2671\" srcset=\"https:\/\/www.saint-paul-angouleme.fr\/application\/wp-content\/uploads\/2018\/02\/P1260785-1024x683.jpg 1024w, https:\/\/www.saint-paul-angouleme.fr\/application\/wp-content\/uploads\/2018\/02\/P1260785-300x200.jpg 300w, https:\/\/www.saint-paul-angouleme.fr\/application\/wp-content\/uploads\/2018\/02\/P1260785-768x512.jpg 768w\" sizes=\"(max-width: 1024px) 100vw, 1024px\" \/><\/a><\/p>\n<p style=\"text-align: justify;\"><span style=\"font-family: tahoma, arial, helvetica, sans-serif; color: #333333;\">A tr\u00e8s bient\u00f4t pour d&#8217;autres nouvelles et des photos plus nombreuses en diaporama !<\/span><\/p>\n","protected":false},"excerpt":{"rendered":"<p>Arriv\u00e9s lundi soir \u00e0 Rome apr\u00e8s une journ\u00e9e de voyage en bus, avion, train et m\u00e9tro nous \u00e9tions heureux de rejoindre enfin la &#8220;Casa Pallottine&#8221; o\u00f9 les s\u0153urs nous accueillent. A peine le temps de d\u00e9poser les valises (il est d\u00e9j\u00e0 tard) nous nous rendons au restaurant tout proche o\u00f9 un bon d\u00eener nous attend. &#8230; <a title=\"Bella vita a Roma\" class=\"read-more\" href=\"https:\/\/www.saint-paul-angouleme.fr\/application\/bella-vita-a-roma\/\" aria-label=\"Read more about Bella vita a Roma\">Lire la suite<\/a><\/p>\n","protected":false},"author":3,"featured_media":0,"comment_status":"open","ping_status":"open","sticky":false,"template":"","format":"standard","meta":{"_exactmetrics_skip_tracking":false,"_exactmetrics_sitenote_active":false,"_exactmetrics_sitenote_note":"","_exactmetrics_sitenote_category":0,"footnotes":""},"categories":[13,11],"tags":[],"class_list":["post-2658","post","type-post","status-publish","format-standard","hentry","category-pedagogie","category-pour-aller-plus-loin"],"yoast_head":"<!-- This site is optimized with the Yoast SEO plugin v23.3 - https:\/\/yoast.com\/wordpress\/plugins\/seo\/ -->\n<title>Bella vita a Roma - Actualit\u00e9s<\/title>\n<meta name=\"robots\" content=\"index, follow, max-snippet:-1, max-image-preview:large, max-video-preview:-1\" \/>\n<link rel=\"canonical\" href=\"https:\/\/www.saint-paul-angouleme.fr\/application\/bella-vita-a-roma\/\" \/>\n<meta property=\"og:locale\" content=\"fr_FR\" \/>\n<meta property=\"og:type\" content=\"article\" \/>\n<meta property=\"og:title\" content=\"Bella vita a Roma - Actualit\u00e9s\" \/>\n<meta property=\"og:description\" content=\"Arriv\u00e9s lundi soir \u00e0 Rome apr\u00e8s une journ\u00e9e de voyage en bus, avion, train et m\u00e9tro nous \u00e9tions heureux de rejoindre enfin la &#8220;Casa Pallottine&#8221; o\u00f9 les s\u0153urs nous accueillent. A peine le temps de d\u00e9poser les valises (il est d\u00e9j\u00e0 tard) nous nous rendons au restaurant tout proche o\u00f9 un bon d\u00eener nous attend. ... Lire la suite\" \/>\n<meta property=\"og:url\" content=\"https:\/\/www.saint-paul-angouleme.fr\/application\/bella-vita-a-roma\/\" \/>\n<meta property=\"og:site_name\" content=\"Actualit\u00e9s\" \/>\n<meta property=\"article:publisher\" content=\"https:\/\/www.facebook.com\/SaintPaulAngouleme16\/\" \/>\n<meta property=\"article:published_time\" content=\"2018-02-14T13:18:03+00:00\" \/>\n<meta property=\"og:image\" content=\"http:\/\/www.saint-paul-angouleme.fr\/application\/wp-content\/uploads\/2018\/02\/P1260660-1024x683.jpg\" \/>\n<meta name=\"author\" content=\"SAINT-PAUL\" \/>\n<meta name=\"twitter:card\" content=\"summary_large_image\" \/>\n<meta name=\"twitter:creator\" content=\"@StPaulAngoulem\" \/>\n<meta name=\"twitter:site\" content=\"@StPaulAngoulem\" \/>\n<meta name=\"twitter:label1\" content=\"\u00c9crit par\" \/>\n\t<meta name=\"twitter:data1\" content=\"SAINT-PAUL\" \/>\n\t<meta name=\"twitter:label2\" content=\"Dur\u00e9e de lecture estim\u00e9e\" \/>\n\t<meta name=\"twitter:data2\" content=\"2 minutes\" \/>\n<script type=\"application\/ld+json\" class=\"yoast-schema-graph\">{\"@context\":\"https:\/\/schema.org\",\"@graph\":[{\"@type\":\"Article\",\"@id\":\"https:\/\/www.saint-paul-angouleme.fr\/application\/bella-vita-a-roma\/#article\",\"isPartOf\":{\"@id\":\"https:\/\/www.saint-paul-angouleme.fr\/application\/bella-vita-a-roma\/\"},\"author\":{\"name\":\"SAINT-PAUL\",\"@id\":\"https:\/\/www.saint-paul-angouleme.fr\/application\/#\/schema\/person\/ea152930b1a3823659065827b1a5fb9b\"},\"headline\":\"Bella vita a Roma\",\"datePublished\":\"2018-02-14T13:18:03+00:00\",\"dateModified\":\"2018-02-14T13:18:03+00:00\",\"mainEntityOfPage\":{\"@id\":\"https:\/\/www.saint-paul-angouleme.fr\/application\/bella-vita-a-roma\/\"},\"wordCount\":374,\"commentCount\":0,\"publisher\":{\"@id\":\"https:\/\/www.saint-paul-angouleme.fr\/application\/#organization\"},\"image\":{\"@id\":\"https:\/\/www.saint-paul-angouleme.fr\/application\/bella-vita-a-roma\/#primaryimage\"},\"thumbnailUrl\":\"http:\/\/www.saint-paul-angouleme.fr\/application\/wp-content\/uploads\/2018\/02\/P1260660-1024x683.jpg\",\"articleSection\":[\"P\u00e9dagogie\",\"Pour aller plus loin\"],\"inLanguage\":\"fr-FR\",\"potentialAction\":[{\"@type\":\"CommentAction\",\"name\":\"Comment\",\"target\":[\"https:\/\/www.saint-paul-angouleme.fr\/application\/bella-vita-a-roma\/#respond\"]}]},{\"@type\":\"WebPage\",\"@id\":\"https:\/\/www.saint-paul-angouleme.fr\/application\/bella-vita-a-roma\/\",\"url\":\"https:\/\/www.saint-paul-angouleme.fr\/application\/bella-vita-a-roma\/\",\"name\":\"Bella vita a Roma - Actualit\u00e9s\",\"isPartOf\":{\"@id\":\"https:\/\/www.saint-paul-angouleme.fr\/application\/#website\"},\"primaryImageOfPage\":{\"@id\":\"https:\/\/www.saint-paul-angouleme.fr\/application\/bella-vita-a-roma\/#primaryimage\"},\"image\":{\"@id\":\"https:\/\/www.saint-paul-angouleme.fr\/application\/bella-vita-a-roma\/#primaryimage\"},\"thumbnailUrl\":\"http:\/\/www.saint-paul-angouleme.fr\/application\/wp-content\/uploads\/2018\/02\/P1260660-1024x683.jpg\",\"datePublished\":\"2018-02-14T13:18:03+00:00\",\"dateModified\":\"2018-02-14T13:18:03+00:00\",\"breadcrumb\":{\"@id\":\"https:\/\/www.saint-paul-angouleme.fr\/application\/bella-vita-a-roma\/#breadcrumb\"},\"inLanguage\":\"fr-FR\",\"potentialAction\":[{\"@type\":\"ReadAction\",\"target\":[\"https:\/\/www.saint-paul-angouleme.fr\/application\/bella-vita-a-roma\/\"]}]},{\"@type\":\"ImageObject\",\"inLanguage\":\"fr-FR\",\"@id\":\"https:\/\/www.saint-paul-angouleme.fr\/application\/bella-vita-a-roma\/#primaryimage\",\"url\":\"https:\/\/www.saint-paul-angouleme.fr\/application\/wp-content\/uploads\/2018\/02\/P1260660.jpg\",\"contentUrl\":\"https:\/\/www.saint-paul-angouleme.fr\/application\/wp-content\/uploads\/2018\/02\/P1260660.jpg\",\"width\":5472,\"height\":3648},{\"@type\":\"BreadcrumbList\",\"@id\":\"https:\/\/www.saint-paul-angouleme.fr\/application\/bella-vita-a-roma\/#breadcrumb\",\"itemListElement\":[{\"@type\":\"ListItem\",\"position\":1,\"name\":\"Accueil\",\"item\":\"http:\/\/www.saint-paul-angouleme.fr\/application\/\"},{\"@type\":\"ListItem\",\"position\":2,\"name\":\"Bella vita a Roma\"}]},{\"@type\":\"WebSite\",\"@id\":\"https:\/\/www.saint-paul-angouleme.fr\/application\/#website\",\"url\":\"https:\/\/www.saint-paul-angouleme.fr\/application\/\",\"name\":\"Actualit\u00e9s\",\"description\":\"Actualit\u00e9s Saint Paul\",\"publisher\":{\"@id\":\"https:\/\/www.saint-paul-angouleme.fr\/application\/#organization\"},\"potentialAction\":[{\"@type\":\"SearchAction\",\"target\":{\"@type\":\"EntryPoint\",\"urlTemplate\":\"https:\/\/www.saint-paul-angouleme.fr\/application\/?s={search_term_string}\"},\"query-input\":\"required name=search_term_string\"}],\"inLanguage\":\"fr-FR\"},{\"@type\":\"Organization\",\"@id\":\"https:\/\/www.saint-paul-angouleme.fr\/application\/#organization\",\"name\":\"Ensemble scolaire Saint-Paul\",\"url\":\"https:\/\/www.saint-paul-angouleme.fr\/application\/\",\"logo\":{\"@type\":\"ImageObject\",\"inLanguage\":\"fr-FR\",\"@id\":\"https:\/\/www.saint-paul-angouleme.fr\/application\/#\/schema\/logo\/image\/\",\"url\":\"https:\/\/www.saint-paul-angouleme.fr\/application\/wp-content\/uploads\/2018\/08\/logo-saint-paul-couleurs.jpg\",\"contentUrl\":\"https:\/\/www.saint-paul-angouleme.fr\/application\/wp-content\/uploads\/2018\/08\/logo-saint-paul-couleurs.jpg\",\"width\":1890,\"height\":709,\"caption\":\"Ensemble scolaire Saint-Paul\"},\"image\":{\"@id\":\"https:\/\/www.saint-paul-angouleme.fr\/application\/#\/schema\/logo\/image\/\"},\"sameAs\":[\"https:\/\/www.facebook.com\/SaintPaulAngouleme16\/\",\"https:\/\/x.com\/StPaulAngoulem\",\"https:\/\/www.youtube.com\/channel\/UCRLpz1CmPVqc0gn--YyXvjA?view_as=subscriber\"]},{\"@type\":\"Person\",\"@id\":\"https:\/\/www.saint-paul-angouleme.fr\/application\/#\/schema\/person\/ea152930b1a3823659065827b1a5fb9b\",\"name\":\"SAINT-PAUL\",\"image\":{\"@type\":\"ImageObject\",\"inLanguage\":\"fr-FR\",\"@id\":\"https:\/\/www.saint-paul-angouleme.fr\/application\/#\/schema\/person\/image\/\",\"url\":\"https:\/\/secure.gravatar.com\/avatar\/eadb0ffebc02683a61d69038eb2924f0?s=96&r=g\",\"contentUrl\":\"https:\/\/secure.gravatar.com\/avatar\/eadb0ffebc02683a61d69038eb2924f0?s=96&r=g\",\"caption\":\"SAINT-PAUL\"},\"url\":\"https:\/\/www.saint-paul-angouleme.fr\/application\/author\/myriam\/\"}]}<\/script>\n<!-- \/ Yoast SEO plugin. -->","yoast_head_json":{"title":"Bella vita a Roma - Actualit\u00e9s","robots":{"index":"index","follow":"follow","max-snippet":"max-snippet:-1","max-image-preview":"max-image-preview:large","max-video-preview":"max-video-preview:-1"},"canonical":"https:\/\/www.saint-paul-angouleme.fr\/application\/bella-vita-a-roma\/","og_locale":"fr_FR","og_type":"article","og_title":"Bella vita a Roma - Actualit\u00e9s","og_description":"Arriv\u00e9s lundi soir \u00e0 Rome apr\u00e8s une journ\u00e9e de voyage en bus, avion, train et m\u00e9tro nous \u00e9tions heureux de rejoindre enfin la &#8220;Casa Pallottine&#8221; o\u00f9 les s\u0153urs nous accueillent. A peine le temps de d\u00e9poser les valises (il est d\u00e9j\u00e0 tard) nous nous rendons au restaurant tout proche o\u00f9 un bon d\u00eener nous attend. ... Lire la suite","og_url":"https:\/\/www.saint-paul-angouleme.fr\/application\/bella-vita-a-roma\/","og_site_name":"Actualit\u00e9s","article_publisher":"https:\/\/www.facebook.com\/SaintPaulAngouleme16\/","article_published_time":"2018-02-14T13:18:03+00:00","og_image":[{"url":"http:\/\/www.saint-paul-angouleme.fr\/application\/wp-content\/uploads\/2018\/02\/P1260660-1024x683.jpg"}],"author":"SAINT-PAUL","twitter_card":"summary_large_image","twitter_creator":"@StPaulAngoulem","twitter_site":"@StPaulAngoulem","twitter_misc":{"\u00c9crit par":"SAINT-PAUL","Dur\u00e9e de lecture estim\u00e9e":"2 minutes"},"schema":{"@context":"https:\/\/schema.org","@graph":[{"@type":"Article","@id":"https:\/\/www.saint-paul-angouleme.fr\/application\/bella-vita-a-roma\/#article","isPartOf":{"@id":"https:\/\/www.saint-paul-angouleme.fr\/application\/bella-vita-a-roma\/"},"author":{"name":"SAINT-PAUL","@id":"https:\/\/www.saint-paul-angouleme.fr\/application\/#\/schema\/person\/ea152930b1a3823659065827b1a5fb9b"},"headline":"Bella vita a Roma","datePublished":"2018-02-14T13:18:03+00:00","dateModified":"2018-02-14T13:18:03+00:00","mainEntityOfPage":{"@id":"https:\/\/www.saint-paul-angouleme.fr\/application\/bella-vita-a-roma\/"},"wordCount":374,"commentCount":0,"publisher":{"@id":"https:\/\/www.saint-paul-angouleme.fr\/application\/#organization"},"image":{"@id":"https:\/\/www.saint-paul-angouleme.fr\/application\/bella-vita-a-roma\/#primaryimage"},"thumbnailUrl":"http:\/\/www.saint-paul-angouleme.fr\/application\/wp-content\/uploads\/2018\/02\/P1260660-1024x683.jpg","articleSection":["P\u00e9dagogie","Pour aller plus loin"],"inLanguage":"fr-FR","potentialAction":[{"@type":"CommentAction","name":"Comment","target":["https:\/\/www.saint-paul-angouleme.fr\/application\/bella-vita-a-roma\/#respond"]}]},{"@type":"WebPage","@id":"https:\/\/www.saint-paul-angouleme.fr\/application\/bella-vita-a-roma\/","url":"https:\/\/www.saint-paul-angouleme.fr\/application\/bella-vita-a-roma\/","name":"Bella vita a Roma - Actualit\u00e9s","isPartOf":{"@id":"https:\/\/www.saint-paul-angouleme.fr\/application\/#website"},"primaryImageOfPage":{"@id":"https:\/\/www.saint-paul-angouleme.fr\/application\/bella-vita-a-roma\/#primaryimage"},"image":{"@id":"https:\/\/www.saint-paul-angouleme.fr\/application\/bella-vita-a-roma\/#primaryimage"},"thumbnailUrl":"http:\/\/www.saint-paul-angouleme.fr\/application\/wp-content\/uploads\/2018\/02\/P1260660-1024x683.jpg","datePublished":"2018-02-14T13:18:03+00:00","dateModified":"2018-02-14T13:18:03+00:00","breadcrumb":{"@id":"https:\/\/www.saint-paul-angouleme.fr\/application\/bella-vita-a-roma\/#breadcrumb"},"inLanguage":"fr-FR","potentialAction":[{"@type":"ReadAction","target":["https:\/\/www.saint-paul-angouleme.fr\/application\/bella-vita-a-roma\/"]}]},{"@type":"ImageObject","inLanguage":"fr-FR","@id":"https:\/\/www.saint-paul-angouleme.fr\/application\/bella-vita-a-roma\/#primaryimage","url":"https:\/\/www.saint-paul-angouleme.fr\/application\/wp-content\/uploads\/2018\/02\/P1260660.jpg","contentUrl":"https:\/\/www.saint-paul-angouleme.fr\/application\/wp-content\/uploads\/2018\/02\/P1260660.jpg","width":5472,"height":3648},{"@type":"BreadcrumbList","@id":"https:\/\/www.saint-paul-angouleme.fr\/application\/bella-vita-a-roma\/#breadcrumb","itemListElement":[{"@type":"ListItem","position":1,"name":"Accueil","item":"http:\/\/www.saint-paul-angouleme.fr\/application\/"},{"@type":"ListItem","position":2,"name":"Bella vita a Roma"}]},{"@type":"WebSite","@id":"https:\/\/www.saint-paul-angouleme.fr\/application\/#website","url":"https:\/\/www.saint-paul-angouleme.fr\/application\/","name":"Actualit\u00e9s","description":"Actualit\u00e9s Saint Paul","publisher":{"@id":"https:\/\/www.saint-paul-angouleme.fr\/application\/#organization"},"potentialAction":[{"@type":"SearchAction","target":{"@type":"EntryPoint","urlTemplate":"https:\/\/www.saint-paul-angouleme.fr\/application\/?s={search_term_string}"},"query-input":"required name=search_term_string"}],"inLanguage":"fr-FR"},{"@type":"Organization","@id":"https:\/\/www.saint-paul-angouleme.fr\/application\/#organization","name":"Ensemble scolaire Saint-Paul","url":"https:\/\/www.saint-paul-angouleme.fr\/application\/","logo":{"@type":"ImageObject","inLanguage":"fr-FR","@id":"https:\/\/www.saint-paul-angouleme.fr\/application\/#\/schema\/logo\/image\/","url":"https:\/\/www.saint-paul-angouleme.fr\/application\/wp-content\/uploads\/2018\/08\/logo-saint-paul-couleurs.jpg","contentUrl":"https:\/\/www.saint-paul-angouleme.fr\/application\/wp-content\/uploads\/2018\/08\/logo-saint-paul-couleurs.jpg","width":1890,"height":709,"caption":"Ensemble scolaire Saint-Paul"},"image":{"@id":"https:\/\/www.saint-paul-angouleme.fr\/application\/#\/schema\/logo\/image\/"},"sameAs":["https:\/\/www.facebook.com\/SaintPaulAngouleme16\/","https:\/\/x.com\/StPaulAngoulem","https:\/\/www.youtube.com\/channel\/UCRLpz1CmPVqc0gn--YyXvjA?view_as=subscriber"]},{"@type":"Person","@id":"https:\/\/www.saint-paul-angouleme.fr\/application\/#\/schema\/person\/ea152930b1a3823659065827b1a5fb9b","name":"SAINT-PAUL","image":{"@type":"ImageObject","inLanguage":"fr-FR","@id":"https:\/\/www.saint-paul-angouleme.fr\/application\/#\/schema\/person\/image\/","url":"https:\/\/secure.gravatar.com\/avatar\/eadb0ffebc02683a61d69038eb2924f0?s=96&r=g","contentUrl":"https:\/\/secure.gravatar.com\/avatar\/eadb0ffebc02683a61d69038eb2924f0?s=96&r=g","caption":"SAINT-PAUL"},"url":"https:\/\/www.saint-paul-angouleme.fr\/application\/author\/myriam\/"}]}},"_links":{"self":[{"href":"https:\/\/www.saint-paul-angouleme.fr\/application\/wp-json\/wp\/v2\/posts\/2658"}],"collection":[{"href":"https:\/\/www.saint-paul-angouleme.fr\/application\/wp-json\/wp\/v2\/posts"}],"about":[{"href":"https:\/\/www.saint-paul-angouleme.fr\/application\/wp-json\/wp\/v2\/types\/post"}],"author":[{"embeddable":true,"href":"https:\/\/www.saint-paul-angouleme.fr\/application\/wp-json\/wp\/v2\/users\/3"}],"replies":[{"embeddable":true,"href":"https:\/\/www.saint-paul-angouleme.fr\/application\/wp-json\/wp\/v2\/comments?post=2658"}],"version-history":[{"count":7,"href":"https:\/\/www.saint-paul-angouleme.fr\/application\/wp-json\/wp\/v2\/posts\/2658\/revisions"}],"predecessor-version":[{"id":2672,"href":"https:\/\/www.saint-paul-angouleme.fr\/application\/wp-json\/wp\/v2\/posts\/2658\/revisions\/2672"}],"wp:attachment":[{"href":"https:\/\/www.saint-paul-angouleme.fr\/application\/wp-json\/wp\/v2\/media?parent=2658"}],"wp:term":[{"taxonomy":"category","embeddable":true,"href":"https:\/\/www.saint-paul-angouleme.fr\/application\/wp-json\/wp\/v2\/categories?post=2658"},{"taxonomy":"post_tag","embeddable":true,"href":"https:\/\/www.saint-paul-angouleme.fr\/application\/wp-json\/wp\/v2\/tags?post=2658"}],"curies":[{"name":"wp","href":"https:\/\/api.w.org\/{rel}","templated":true}]}}