{"id":2633,"date":"2018-02-02T01:42:24","date_gmt":"2018-02-02T00:42:24","guid":{"rendered":"http:\/\/www.saint-paul-angouleme.fr\/application\/?p=2633"},"modified":"2018-02-01T11:44:43","modified_gmt":"2018-02-01T10:44:43","slug":"les-cm2-sous-les-projecteurs-de-la-bd-chretienne","status":"publish","type":"post","link":"https:\/\/www.saint-paul-angouleme.fr\/application\/les-cm2-sous-les-projecteurs-de-la-bd-chretienne\/","title":{"rendered":"Les CM2 sous les projecteurs de la BD Chr\u00e9tienne"},"content":{"rendered":"<p>&nbsp;<\/p>\n<p><img loading=\"lazy\" decoding=\"async\" class=\"aligncenter wp-image-2630 size-large\" src=\"http:\/\/www.saint-paul-angouleme.fr\/application\/wp-content\/uploads\/2018\/02\/IMG_20180125_155059-1024x776.jpg\" alt=\"\" width=\"1024\" height=\"776\" data-id=\"2630\" srcset=\"https:\/\/www.saint-paul-angouleme.fr\/application\/wp-content\/uploads\/2018\/02\/IMG_20180125_155059-1024x776.jpg 1024w, https:\/\/www.saint-paul-angouleme.fr\/application\/wp-content\/uploads\/2018\/02\/IMG_20180125_155059-300x227.jpg 300w, https:\/\/www.saint-paul-angouleme.fr\/application\/wp-content\/uploads\/2018\/02\/IMG_20180125_155059-768x582.jpg 768w\" sizes=\"(max-width: 1024px) 100vw, 1024px\" \/><\/p>\n<p>&nbsp;<\/p>\n<p style=\"text-align: justify;\"><span style=\"font-family: arial, helvetica, sans-serif; color: #333333;\">Jeudi 25 janvier, c&#8217;\u00e9tait la remise des prix de la Bande Dessin\u00e9e chr\u00e9tienne \u00e0 l&#8217;\u00e9glise Saint Martial.\u00a0<\/span><span style=\"font-family: arial, helvetica, sans-serif; color: #333333;\">Nous avions pr\u00e9par\u00e9 deux mises en sc\u00e8ne. La premi\u00e8re \u00e9voquait l&#8217;album de ZEP &#8220;Un bruit \u00e9trange et beau&#8221;.<\/span><\/p>\n<p><a href=\"http:\/\/www.saint-paul-angouleme.fr\/application\/wp-content\/uploads\/2018\/02\/IMG_20180125_152455.jpg\"><img loading=\"lazy\" decoding=\"async\" class=\"size-large wp-image-2634 aligncenter\" src=\"http:\/\/www.saint-paul-angouleme.fr\/application\/wp-content\/uploads\/2018\/02\/IMG_20180125_152455-1024x802.jpg\" alt=\"\" width=\"1024\" height=\"802\" data-id=\"2634\" srcset=\"https:\/\/www.saint-paul-angouleme.fr\/application\/wp-content\/uploads\/2018\/02\/IMG_20180125_152455-1024x802.jpg 1024w, https:\/\/www.saint-paul-angouleme.fr\/application\/wp-content\/uploads\/2018\/02\/IMG_20180125_152455-300x235.jpg 300w, https:\/\/www.saint-paul-angouleme.fr\/application\/wp-content\/uploads\/2018\/02\/IMG_20180125_152455-768x602.jpg 768w\" sizes=\"(max-width: 1024px) 100vw, 1024px\" \/><\/a><\/p>\n<p style=\"text-align: justify;\"><span style=\"font-family: arial, helvetica, sans-serif; color: #333333;\">Pour la deuxi\u00e8me, nous avions d\u00e9couvert John BOST, un pasteur protestant du 19\u00e8me si\u00e8cle. Il consacra sa vie \u00e0 la cr\u00e9ation d&#8217;une fondation qui prenait en charge les handicap\u00e9s physiques et mentaux. Nous avons appris un tr\u00e8s beau texte sur la diff\u00e9rence.<\/span><\/p>\n<p><a href=\"http:\/\/www.saint-paul-angouleme.fr\/application\/wp-content\/uploads\/2018\/02\/IMG_20180125_152947.jpg\"><img loading=\"lazy\" decoding=\"async\" class=\"size-large wp-image-2635 aligncenter\" src=\"http:\/\/www.saint-paul-angouleme.fr\/application\/wp-content\/uploads\/2018\/02\/IMG_20180125_152947-1024x768.jpg\" alt=\"\" width=\"1024\" height=\"768\" data-id=\"2635\" srcset=\"https:\/\/www.saint-paul-angouleme.fr\/application\/wp-content\/uploads\/2018\/02\/IMG_20180125_152947-1024x768.jpg 1024w, https:\/\/www.saint-paul-angouleme.fr\/application\/wp-content\/uploads\/2018\/02\/IMG_20180125_152947-300x225.jpg 300w, https:\/\/www.saint-paul-angouleme.fr\/application\/wp-content\/uploads\/2018\/02\/IMG_20180125_152947-768x576.jpg 768w\" sizes=\"(max-width: 1024px) 100vw, 1024px\" \/><\/a><\/p>\n<p style=\"text-align: justify;\"><span style=\"font-family: arial, helvetica, sans-serif; color: #333333;\">Nous avons mis beaucoup de c\u0153ur dans notre pr\u00e9sentation. Nous avons re\u00e7u beaucoup de compliments\u00a0 et nous en sommes tr\u00e8s fiers.<\/span><\/p>\n<p style=\"text-align: justify;\"><span style=\"font-family: arial, helvetica, sans-serif; color: #333333;\">Les CM2 de Mme Roselyne Banach<\/span><\/p>\n<p><a href=\"http:\/\/www.saint-paul-angouleme.fr\/application\/wp-content\/uploads\/2018\/02\/IMG_20180125_154633.jpg\"><img loading=\"lazy\" decoding=\"async\" class=\"aligncenter wp-image-2636 size-large\" src=\"http:\/\/www.saint-paul-angouleme.fr\/application\/wp-content\/uploads\/2018\/02\/IMG_20180125_154633-1024x797.jpg\" alt=\"\" width=\"1024\" height=\"797\" data-id=\"2636\" srcset=\"https:\/\/www.saint-paul-angouleme.fr\/application\/wp-content\/uploads\/2018\/02\/IMG_20180125_154633-1024x797.jpg 1024w, https:\/\/www.saint-paul-angouleme.fr\/application\/wp-content\/uploads\/2018\/02\/IMG_20180125_154633-300x233.jpg 300w, https:\/\/www.saint-paul-angouleme.fr\/application\/wp-content\/uploads\/2018\/02\/IMG_20180125_154633-768x598.jpg 768w\" sizes=\"(max-width: 1024px) 100vw, 1024px\" \/><\/a><\/p>\n<div tabindex=\"0\" class=\"cycloneslider cycloneslider-template-standard cycloneslider-width-responsive\" id=\"cycloneslider-cm2-bd-chretienne-2018-1\" style=\"max-width:960px\" > <div class=\"cycloneslider-slides cycle-slideshow\" data-cycle-allow-wrap=\"true\" data-cycle-dynamic-height=\"off\" data-cycle-auto-height=\"960:600\" data-cycle-auto-height-easing=\"null\" data-cycle-auto-height-speed=\"250\" data-cycle-delay=\"0\" data-cycle-easing=\"\" data-cycle-fx=\"fade\" data-cycle-hide-non-active=\"true\" data-cycle-log=\"false\" data-cycle-next=\"#cycloneslider-cm2-bd-chretienne-2018-1 .cycloneslider-next\" data-cycle-pager=\"#cycloneslider-cm2-bd-chretienne-2018-1 .cycloneslider-pager\" data-cycle-pause-on-hover=\"true\" data-cycle-prev=\"#cycloneslider-cm2-bd-chretienne-2018-1 .cycloneslider-prev\" data-cycle-slides=\"&gt; div\" data-cycle-speed=\"1000\" data-cycle-swipe=\"1\" data-cycle-tile-count=\"7\" data-cycle-tile-delay=\"100\" data-cycle-tile-vertical=\"true\" data-cycle-timeout=\"4000\" > <div class=\"cycloneslider-slide cycloneslider-slide-image\" > <img decoding=\"async\" src=\"https:\/\/www.saint-paul-angouleme.fr\/application\/wp-content\/uploads\/2018\/02\/IMG_20180125_145843-960x600.jpg\" alt=\"\" title=\"\" \/> <\/div> <div class=\"cycloneslider-slide cycloneslider-slide-image\" > <img decoding=\"async\" src=\"https:\/\/www.saint-paul-angouleme.fr\/application\/wp-content\/uploads\/2018\/02\/IMG_20180125_153008-960x600.jpg\" alt=\"\" title=\"\" \/> <\/div> <div class=\"cycloneslider-slide cycloneslider-slide-image\" > <img decoding=\"async\" src=\"https:\/\/www.saint-paul-angouleme.fr\/application\/wp-content\/uploads\/2018\/02\/IMG_20180125_155059-1-960x600.jpg\" alt=\"\" title=\"\" \/> <\/div> <div class=\"cycloneslider-slide cycloneslider-slide-image\" > <img decoding=\"async\" src=\"https:\/\/www.saint-paul-angouleme.fr\/application\/wp-content\/uploads\/2018\/02\/IMG_20180125_152455-960x600.jpg\" alt=\"\" title=\"\" \/> <\/div> <div class=\"cycloneslider-slide cycloneslider-slide-image\" > <img decoding=\"async\" src=\"https:\/\/www.saint-paul-angouleme.fr\/application\/wp-content\/uploads\/2018\/02\/IMG_20180125_152947-960x600.jpg\" alt=\"\" title=\"\" \/> <\/div> <div class=\"cycloneslider-slide cycloneslider-slide-image\" > <img decoding=\"async\" src=\"https:\/\/www.saint-paul-angouleme.fr\/application\/wp-content\/uploads\/2018\/02\/IMG_20180125_154633-960x600.jpg\" alt=\"\" title=\"\" \/> <\/div> <div class=\"cycloneslider-slide cycloneslider-slide-image\" > <img decoding=\"async\" src=\"https:\/\/www.saint-paul-angouleme.fr\/application\/wp-content\/uploads\/2018\/02\/IMG_20180125_155059-960x600.jpg\" alt=\"\" title=\"\" \/> <\/div> <\/div> <div class=\"cycloneslider-pager\"><\/div> <a href=\"#\" class=\"cycloneslider-prev\"> <span class=\"arrow\"><\/span> <\/a> <a href=\"#\" class=\"cycloneslider-next\"> <span class=\"arrow\"><\/span> <\/a> <\/div>\n","protected":false},"excerpt":{"rendered":"<p>&nbsp; &nbsp; Jeudi 25 janvier, c&#8217;\u00e9tait la remise des prix de la Bande Dessin\u00e9e chr\u00e9tienne \u00e0 l&#8217;\u00e9glise Saint Martial.\u00a0Nous avions pr\u00e9par\u00e9 deux mises en sc\u00e8ne. La premi\u00e8re \u00e9voquait l&#8217;album de ZEP &#8220;Un bruit \u00e9trange et beau&#8221;. Pour la deuxi\u00e8me, nous avions d\u00e9couvert John BOST, un pasteur protestant du 19\u00e8me si\u00e8cle. Il consacra sa vie \u00e0 &#8230; <a title=\"Les CM2 sous les projecteurs de la BD Chr\u00e9tienne\" class=\"read-more\" href=\"https:\/\/www.saint-paul-angouleme.fr\/application\/les-cm2-sous-les-projecteurs-de-la-bd-chretienne\/\" aria-label=\"Read more about Les CM2 sous les projecteurs de la BD Chr\u00e9tienne\">Lire la suite<\/a><\/p>\n","protected":false},"author":3,"featured_media":0,"comment_status":"open","ping_status":"open","sticky":false,"template":"","format":"standard","meta":{"_exactmetrics_skip_tracking":false,"_exactmetrics_sitenote_active":false,"_exactmetrics_sitenote_note":"","_exactmetrics_sitenote_category":0,"footnotes":""},"categories":[5,13],"tags":[62,177,184,39,179,183,181,178,182,180],"class_list":["post-2633","post","type-post","status-publish","format-standard","hentry","category-ecole","category-pedagogie","tag-bd","tag-bd-chretienne","tag-difference","tag-ecole-saint-paul","tag-festival-bd-angouleme","tag-handicap","tag-john-bost","tag-mgr-gosselin","tag-un-bruit-etrange-et-beau","tag-zep"],"yoast_head":"<!-- This site is optimized with the Yoast SEO plugin v23.3 - https:\/\/yoast.com\/wordpress\/plugins\/seo\/ -->\n<title>Les CM2 sous les projecteurs de la BD Chr\u00e9tienne - Actualit\u00e9s<\/title>\n<meta name=\"robots\" content=\"index, follow, max-snippet:-1, max-image-preview:large, max-video-preview:-1\" \/>\n<link rel=\"canonical\" href=\"https:\/\/www.saint-paul-angouleme.fr\/application\/les-cm2-sous-les-projecteurs-de-la-bd-chretienne\/\" \/>\n<meta property=\"og:locale\" content=\"fr_FR\" \/>\n<meta property=\"og:type\" content=\"article\" \/>\n<meta property=\"og:title\" content=\"Les CM2 sous les projecteurs de la BD Chr\u00e9tienne - Actualit\u00e9s\" \/>\n<meta property=\"og:description\" content=\"&nbsp; &nbsp; Jeudi 25 janvier, c&#8217;\u00e9tait la remise des prix de la Bande Dessin\u00e9e chr\u00e9tienne \u00e0 l&#8217;\u00e9glise Saint Martial.\u00a0Nous avions pr\u00e9par\u00e9 deux mises en sc\u00e8ne. La premi\u00e8re \u00e9voquait l&#8217;album de ZEP &#8220;Un bruit \u00e9trange et beau&#8221;. Pour la deuxi\u00e8me, nous avions d\u00e9couvert John BOST, un pasteur protestant du 19\u00e8me si\u00e8cle. Il consacra sa vie \u00e0 ... Lire la suite\" \/>\n<meta property=\"og:url\" content=\"https:\/\/www.saint-paul-angouleme.fr\/application\/les-cm2-sous-les-projecteurs-de-la-bd-chretienne\/\" \/>\n<meta property=\"og:site_name\" content=\"Actualit\u00e9s\" \/>\n<meta property=\"article:publisher\" content=\"https:\/\/www.facebook.com\/SaintPaulAngouleme16\/\" \/>\n<meta property=\"article:published_time\" content=\"2018-02-02T00:42:24+00:00\" \/>\n<meta property=\"article:modified_time\" content=\"2018-02-01T10:44:43+00:00\" \/>\n<meta property=\"og:image\" content=\"http:\/\/www.saint-paul-angouleme.fr\/application\/wp-content\/uploads\/2018\/02\/IMG_20180125_155059-1024x776.jpg\" \/>\n<meta name=\"author\" content=\"SAINT-PAUL\" \/>\n<meta name=\"twitter:card\" content=\"summary_large_image\" \/>\n<meta name=\"twitter:creator\" content=\"@StPaulAngoulem\" \/>\n<meta name=\"twitter:site\" content=\"@StPaulAngoulem\" \/>\n<meta name=\"twitter:label1\" content=\"\u00c9crit par\" \/>\n\t<meta name=\"twitter:data1\" content=\"SAINT-PAUL\" \/>\n\t<meta name=\"twitter:label2\" content=\"Dur\u00e9e de lecture estim\u00e9e\" \/>\n\t<meta name=\"twitter:data2\" content=\"1 minute\" \/>\n<script type=\"application\/ld+json\" class=\"yoast-schema-graph\">{\"@context\":\"https:\/\/schema.org\",\"@graph\":[{\"@type\":\"Article\",\"@id\":\"https:\/\/www.saint-paul-angouleme.fr\/application\/les-cm2-sous-les-projecteurs-de-la-bd-chretienne\/#article\",\"isPartOf\":{\"@id\":\"https:\/\/www.saint-paul-angouleme.fr\/application\/les-cm2-sous-les-projecteurs-de-la-bd-chretienne\/\"},\"author\":{\"name\":\"SAINT-PAUL\",\"@id\":\"https:\/\/www.saint-paul-angouleme.fr\/application\/#\/schema\/person\/ea152930b1a3823659065827b1a5fb9b\"},\"headline\":\"Les CM2 sous les projecteurs de la BD Chr\u00e9tienne\",\"datePublished\":\"2018-02-02T00:42:24+00:00\",\"dateModified\":\"2018-02-01T10:44:43+00:00\",\"mainEntityOfPage\":{\"@id\":\"https:\/\/www.saint-paul-angouleme.fr\/application\/les-cm2-sous-les-projecteurs-de-la-bd-chretienne\/\"},\"wordCount\":137,\"commentCount\":0,\"publisher\":{\"@id\":\"https:\/\/www.saint-paul-angouleme.fr\/application\/#organization\"},\"image\":{\"@id\":\"https:\/\/www.saint-paul-angouleme.fr\/application\/les-cm2-sous-les-projecteurs-de-la-bd-chretienne\/#primaryimage\"},\"thumbnailUrl\":\"http:\/\/www.saint-paul-angouleme.fr\/application\/wp-content\/uploads\/2018\/02\/IMG_20180125_155059-1024x776.jpg\",\"keywords\":[\"BD\",\"BD chr\u00e9tienne\",\"diff\u00e9rence\",\"Ecole Saint-Paul\",\"Festival BD Angoul\u00eame\",\"handicap\",\"John BOST\",\"Mgr GOSSELIN\",\"Un bruit \u00e9trange et beau\",\"Zep\"],\"articleSection\":[\"Ecole\",\"P\u00e9dagogie\"],\"inLanguage\":\"fr-FR\",\"potentialAction\":[{\"@type\":\"CommentAction\",\"name\":\"Comment\",\"target\":[\"https:\/\/www.saint-paul-angouleme.fr\/application\/les-cm2-sous-les-projecteurs-de-la-bd-chretienne\/#respond\"]}]},{\"@type\":\"WebPage\",\"@id\":\"https:\/\/www.saint-paul-angouleme.fr\/application\/les-cm2-sous-les-projecteurs-de-la-bd-chretienne\/\",\"url\":\"https:\/\/www.saint-paul-angouleme.fr\/application\/les-cm2-sous-les-projecteurs-de-la-bd-chretienne\/\",\"name\":\"Les CM2 sous les projecteurs de la BD Chr\u00e9tienne - Actualit\u00e9s\",\"isPartOf\":{\"@id\":\"https:\/\/www.saint-paul-angouleme.fr\/application\/#website\"},\"primaryImageOfPage\":{\"@id\":\"https:\/\/www.saint-paul-angouleme.fr\/application\/les-cm2-sous-les-projecteurs-de-la-bd-chretienne\/#primaryimage\"},\"image\":{\"@id\":\"https:\/\/www.saint-paul-angouleme.fr\/application\/les-cm2-sous-les-projecteurs-de-la-bd-chretienne\/#primaryimage\"},\"thumbnailUrl\":\"http:\/\/www.saint-paul-angouleme.fr\/application\/wp-content\/uploads\/2018\/02\/IMG_20180125_155059-1024x776.jpg\",\"datePublished\":\"2018-02-02T00:42:24+00:00\",\"dateModified\":\"2018-02-01T10:44:43+00:00\",\"breadcrumb\":{\"@id\":\"https:\/\/www.saint-paul-angouleme.fr\/application\/les-cm2-sous-les-projecteurs-de-la-bd-chretienne\/#breadcrumb\"},\"inLanguage\":\"fr-FR\",\"potentialAction\":[{\"@type\":\"ReadAction\",\"target\":[\"https:\/\/www.saint-paul-angouleme.fr\/application\/les-cm2-sous-les-projecteurs-de-la-bd-chretienne\/\"]}]},{\"@type\":\"ImageObject\",\"inLanguage\":\"fr-FR\",\"@id\":\"https:\/\/www.saint-paul-angouleme.fr\/application\/les-cm2-sous-les-projecteurs-de-la-bd-chretienne\/#primaryimage\",\"url\":\"https:\/\/www.saint-paul-angouleme.fr\/application\/wp-content\/uploads\/2018\/02\/IMG_20180125_155059.jpg\",\"contentUrl\":\"https:\/\/www.saint-paul-angouleme.fr\/application\/wp-content\/uploads\/2018\/02\/IMG_20180125_155059.jpg\",\"width\":3786,\"height\":2868,\"caption\":\"bty\"},{\"@type\":\"BreadcrumbList\",\"@id\":\"https:\/\/www.saint-paul-angouleme.fr\/application\/les-cm2-sous-les-projecteurs-de-la-bd-chretienne\/#breadcrumb\",\"itemListElement\":[{\"@type\":\"ListItem\",\"position\":1,\"name\":\"Accueil\",\"item\":\"http:\/\/www.saint-paul-angouleme.fr\/application\/\"},{\"@type\":\"ListItem\",\"position\":2,\"name\":\"Les CM2 sous les projecteurs de la BD Chr\u00e9tienne\"}]},{\"@type\":\"WebSite\",\"@id\":\"https:\/\/www.saint-paul-angouleme.fr\/application\/#website\",\"url\":\"https:\/\/www.saint-paul-angouleme.fr\/application\/\",\"name\":\"Actualit\u00e9s\",\"description\":\"Actualit\u00e9s Saint Paul\",\"publisher\":{\"@id\":\"https:\/\/www.saint-paul-angouleme.fr\/application\/#organization\"},\"potentialAction\":[{\"@type\":\"SearchAction\",\"target\":{\"@type\":\"EntryPoint\",\"urlTemplate\":\"https:\/\/www.saint-paul-angouleme.fr\/application\/?s={search_term_string}\"},\"query-input\":\"required name=search_term_string\"}],\"inLanguage\":\"fr-FR\"},{\"@type\":\"Organization\",\"@id\":\"https:\/\/www.saint-paul-angouleme.fr\/application\/#organization\",\"name\":\"Ensemble scolaire Saint-Paul\",\"url\":\"https:\/\/www.saint-paul-angouleme.fr\/application\/\",\"logo\":{\"@type\":\"ImageObject\",\"inLanguage\":\"fr-FR\",\"@id\":\"https:\/\/www.saint-paul-angouleme.fr\/application\/#\/schema\/logo\/image\/\",\"url\":\"https:\/\/www.saint-paul-angouleme.fr\/application\/wp-content\/uploads\/2018\/08\/logo-saint-paul-couleurs.jpg\",\"contentUrl\":\"https:\/\/www.saint-paul-angouleme.fr\/application\/wp-content\/uploads\/2018\/08\/logo-saint-paul-couleurs.jpg\",\"width\":1890,\"height\":709,\"caption\":\"Ensemble scolaire Saint-Paul\"},\"image\":{\"@id\":\"https:\/\/www.saint-paul-angouleme.fr\/application\/#\/schema\/logo\/image\/\"},\"sameAs\":[\"https:\/\/www.facebook.com\/SaintPaulAngouleme16\/\",\"https:\/\/x.com\/StPaulAngoulem\",\"https:\/\/www.youtube.com\/channel\/UCRLpz1CmPVqc0gn--YyXvjA?view_as=subscriber\"]},{\"@type\":\"Person\",\"@id\":\"https:\/\/www.saint-paul-angouleme.fr\/application\/#\/schema\/person\/ea152930b1a3823659065827b1a5fb9b\",\"name\":\"SAINT-PAUL\",\"image\":{\"@type\":\"ImageObject\",\"inLanguage\":\"fr-FR\",\"@id\":\"https:\/\/www.saint-paul-angouleme.fr\/application\/#\/schema\/person\/image\/\",\"url\":\"https:\/\/secure.gravatar.com\/avatar\/eadb0ffebc02683a61d69038eb2924f0?s=96&r=g\",\"contentUrl\":\"https:\/\/secure.gravatar.com\/avatar\/eadb0ffebc02683a61d69038eb2924f0?s=96&r=g\",\"caption\":\"SAINT-PAUL\"},\"url\":\"https:\/\/www.saint-paul-angouleme.fr\/application\/author\/myriam\/\"}]}<\/script>\n<!-- \/ Yoast SEO plugin. -->","yoast_head_json":{"title":"Les CM2 sous les projecteurs de la BD Chr\u00e9tienne - Actualit\u00e9s","robots":{"index":"index","follow":"follow","max-snippet":"max-snippet:-1","max-image-preview":"max-image-preview:large","max-video-preview":"max-video-preview:-1"},"canonical":"https:\/\/www.saint-paul-angouleme.fr\/application\/les-cm2-sous-les-projecteurs-de-la-bd-chretienne\/","og_locale":"fr_FR","og_type":"article","og_title":"Les CM2 sous les projecteurs de la BD Chr\u00e9tienne - Actualit\u00e9s","og_description":"&nbsp; &nbsp; Jeudi 25 janvier, c&#8217;\u00e9tait la remise des prix de la Bande Dessin\u00e9e chr\u00e9tienne \u00e0 l&#8217;\u00e9glise Saint Martial.\u00a0Nous avions pr\u00e9par\u00e9 deux mises en sc\u00e8ne. La premi\u00e8re \u00e9voquait l&#8217;album de ZEP &#8220;Un bruit \u00e9trange et beau&#8221;. Pour la deuxi\u00e8me, nous avions d\u00e9couvert John BOST, un pasteur protestant du 19\u00e8me si\u00e8cle. Il consacra sa vie \u00e0 ... Lire la suite","og_url":"https:\/\/www.saint-paul-angouleme.fr\/application\/les-cm2-sous-les-projecteurs-de-la-bd-chretienne\/","og_site_name":"Actualit\u00e9s","article_publisher":"https:\/\/www.facebook.com\/SaintPaulAngouleme16\/","article_published_time":"2018-02-02T00:42:24+00:00","article_modified_time":"2018-02-01T10:44:43+00:00","og_image":[{"url":"http:\/\/www.saint-paul-angouleme.fr\/application\/wp-content\/uploads\/2018\/02\/IMG_20180125_155059-1024x776.jpg"}],"author":"SAINT-PAUL","twitter_card":"summary_large_image","twitter_creator":"@StPaulAngoulem","twitter_site":"@StPaulAngoulem","twitter_misc":{"\u00c9crit par":"SAINT-PAUL","Dur\u00e9e de lecture estim\u00e9e":"1 minute"},"schema":{"@context":"https:\/\/schema.org","@graph":[{"@type":"Article","@id":"https:\/\/www.saint-paul-angouleme.fr\/application\/les-cm2-sous-les-projecteurs-de-la-bd-chretienne\/#article","isPartOf":{"@id":"https:\/\/www.saint-paul-angouleme.fr\/application\/les-cm2-sous-les-projecteurs-de-la-bd-chretienne\/"},"author":{"name":"SAINT-PAUL","@id":"https:\/\/www.saint-paul-angouleme.fr\/application\/#\/schema\/person\/ea152930b1a3823659065827b1a5fb9b"},"headline":"Les CM2 sous les projecteurs de la BD Chr\u00e9tienne","datePublished":"2018-02-02T00:42:24+00:00","dateModified":"2018-02-01T10:44:43+00:00","mainEntityOfPage":{"@id":"https:\/\/www.saint-paul-angouleme.fr\/application\/les-cm2-sous-les-projecteurs-de-la-bd-chretienne\/"},"wordCount":137,"commentCount":0,"publisher":{"@id":"https:\/\/www.saint-paul-angouleme.fr\/application\/#organization"},"image":{"@id":"https:\/\/www.saint-paul-angouleme.fr\/application\/les-cm2-sous-les-projecteurs-de-la-bd-chretienne\/#primaryimage"},"thumbnailUrl":"http:\/\/www.saint-paul-angouleme.fr\/application\/wp-content\/uploads\/2018\/02\/IMG_20180125_155059-1024x776.jpg","keywords":["BD","BD chr\u00e9tienne","diff\u00e9rence","Ecole Saint-Paul","Festival BD Angoul\u00eame","handicap","John BOST","Mgr GOSSELIN","Un bruit \u00e9trange et beau","Zep"],"articleSection":["Ecole","P\u00e9dagogie"],"inLanguage":"fr-FR","potentialAction":[{"@type":"CommentAction","name":"Comment","target":["https:\/\/www.saint-paul-angouleme.fr\/application\/les-cm2-sous-les-projecteurs-de-la-bd-chretienne\/#respond"]}]},{"@type":"WebPage","@id":"https:\/\/www.saint-paul-angouleme.fr\/application\/les-cm2-sous-les-projecteurs-de-la-bd-chretienne\/","url":"https:\/\/www.saint-paul-angouleme.fr\/application\/les-cm2-sous-les-projecteurs-de-la-bd-chretienne\/","name":"Les CM2 sous les projecteurs de la BD Chr\u00e9tienne - Actualit\u00e9s","isPartOf":{"@id":"https:\/\/www.saint-paul-angouleme.fr\/application\/#website"},"primaryImageOfPage":{"@id":"https:\/\/www.saint-paul-angouleme.fr\/application\/les-cm2-sous-les-projecteurs-de-la-bd-chretienne\/#primaryimage"},"image":{"@id":"https:\/\/www.saint-paul-angouleme.fr\/application\/les-cm2-sous-les-projecteurs-de-la-bd-chretienne\/#primaryimage"},"thumbnailUrl":"http:\/\/www.saint-paul-angouleme.fr\/application\/wp-content\/uploads\/2018\/02\/IMG_20180125_155059-1024x776.jpg","datePublished":"2018-02-02T00:42:24+00:00","dateModified":"2018-02-01T10:44:43+00:00","breadcrumb":{"@id":"https:\/\/www.saint-paul-angouleme.fr\/application\/les-cm2-sous-les-projecteurs-de-la-bd-chretienne\/#breadcrumb"},"inLanguage":"fr-FR","potentialAction":[{"@type":"ReadAction","target":["https:\/\/www.saint-paul-angouleme.fr\/application\/les-cm2-sous-les-projecteurs-de-la-bd-chretienne\/"]}]},{"@type":"ImageObject","inLanguage":"fr-FR","@id":"https:\/\/www.saint-paul-angouleme.fr\/application\/les-cm2-sous-les-projecteurs-de-la-bd-chretienne\/#primaryimage","url":"https:\/\/www.saint-paul-angouleme.fr\/application\/wp-content\/uploads\/2018\/02\/IMG_20180125_155059.jpg","contentUrl":"https:\/\/www.saint-paul-angouleme.fr\/application\/wp-content\/uploads\/2018\/02\/IMG_20180125_155059.jpg","width":3786,"height":2868,"caption":"bty"},{"@type":"BreadcrumbList","@id":"https:\/\/www.saint-paul-angouleme.fr\/application\/les-cm2-sous-les-projecteurs-de-la-bd-chretienne\/#breadcrumb","itemListElement":[{"@type":"ListItem","position":1,"name":"Accueil","item":"http:\/\/www.saint-paul-angouleme.fr\/application\/"},{"@type":"ListItem","position":2,"name":"Les CM2 sous les projecteurs de la BD Chr\u00e9tienne"}]},{"@type":"WebSite","@id":"https:\/\/www.saint-paul-angouleme.fr\/application\/#website","url":"https:\/\/www.saint-paul-angouleme.fr\/application\/","name":"Actualit\u00e9s","description":"Actualit\u00e9s Saint Paul","publisher":{"@id":"https:\/\/www.saint-paul-angouleme.fr\/application\/#organization"},"potentialAction":[{"@type":"SearchAction","target":{"@type":"EntryPoint","urlTemplate":"https:\/\/www.saint-paul-angouleme.fr\/application\/?s={search_term_string}"},"query-input":"required name=search_term_string"}],"inLanguage":"fr-FR"},{"@type":"Organization","@id":"https:\/\/www.saint-paul-angouleme.fr\/application\/#organization","name":"Ensemble scolaire Saint-Paul","url":"https:\/\/www.saint-paul-angouleme.fr\/application\/","logo":{"@type":"ImageObject","inLanguage":"fr-FR","@id":"https:\/\/www.saint-paul-angouleme.fr\/application\/#\/schema\/logo\/image\/","url":"https:\/\/www.saint-paul-angouleme.fr\/application\/wp-content\/uploads\/2018\/08\/logo-saint-paul-couleurs.jpg","contentUrl":"https:\/\/www.saint-paul-angouleme.fr\/application\/wp-content\/uploads\/2018\/08\/logo-saint-paul-couleurs.jpg","width":1890,"height":709,"caption":"Ensemble scolaire Saint-Paul"},"image":{"@id":"https:\/\/www.saint-paul-angouleme.fr\/application\/#\/schema\/logo\/image\/"},"sameAs":["https:\/\/www.facebook.com\/SaintPaulAngouleme16\/","https:\/\/x.com\/StPaulAngoulem","https:\/\/www.youtube.com\/channel\/UCRLpz1CmPVqc0gn--YyXvjA?view_as=subscriber"]},{"@type":"Person","@id":"https:\/\/www.saint-paul-angouleme.fr\/application\/#\/schema\/person\/ea152930b1a3823659065827b1a5fb9b","name":"SAINT-PAUL","image":{"@type":"ImageObject","inLanguage":"fr-FR","@id":"https:\/\/www.saint-paul-angouleme.fr\/application\/#\/schema\/person\/image\/","url":"https:\/\/secure.gravatar.com\/avatar\/eadb0ffebc02683a61d69038eb2924f0?s=96&r=g","contentUrl":"https:\/\/secure.gravatar.com\/avatar\/eadb0ffebc02683a61d69038eb2924f0?s=96&r=g","caption":"SAINT-PAUL"},"url":"https:\/\/www.saint-paul-angouleme.fr\/application\/author\/myriam\/"}]}},"_links":{"self":[{"href":"https:\/\/www.saint-paul-angouleme.fr\/application\/wp-json\/wp\/v2\/posts\/2633"}],"collection":[{"href":"https:\/\/www.saint-paul-angouleme.fr\/application\/wp-json\/wp\/v2\/posts"}],"about":[{"href":"https:\/\/www.saint-paul-angouleme.fr\/application\/wp-json\/wp\/v2\/types\/post"}],"author":[{"embeddable":true,"href":"https:\/\/www.saint-paul-angouleme.fr\/application\/wp-json\/wp\/v2\/users\/3"}],"replies":[{"embeddable":true,"href":"https:\/\/www.saint-paul-angouleme.fr\/application\/wp-json\/wp\/v2\/comments?post=2633"}],"version-history":[{"count":5,"href":"https:\/\/www.saint-paul-angouleme.fr\/application\/wp-json\/wp\/v2\/posts\/2633\/revisions"}],"predecessor-version":[{"id":2644,"href":"https:\/\/www.saint-paul-angouleme.fr\/application\/wp-json\/wp\/v2\/posts\/2633\/revisions\/2644"}],"wp:attachment":[{"href":"https:\/\/www.saint-paul-angouleme.fr\/application\/wp-json\/wp\/v2\/media?parent=2633"}],"wp:term":[{"taxonomy":"category","embeddable":true,"href":"https:\/\/www.saint-paul-angouleme.fr\/application\/wp-json\/wp\/v2\/categories?post=2633"},{"taxonomy":"post_tag","embeddable":true,"href":"https:\/\/www.saint-paul-angouleme.fr\/application\/wp-json\/wp\/v2\/tags?post=2633"}],"curies":[{"name":"wp","href":"https:\/\/api.w.org\/{rel}","templated":true}]}}