{"id":260,"date":"2017-03-10T00:01:47","date_gmt":"2017-03-09T23:01:47","guid":{"rendered":"http:\/\/www.saint-paul-angouleme.fr\/application\/?p=260"},"modified":"2017-03-10T12:17:19","modified_gmt":"2017-03-10T11:17:19","slug":"altotting-wieder","status":"publish","type":"post","link":"https:\/\/www.saint-paul-angouleme.fr\/application\/altotting-wieder\/","title":{"rendered":"Wieder Alt\u00f6tting !"},"content":{"rendered":"<p style=\"text-align: justify;\"><span style=\"color: #333333; font-family: helvetica,arial,sans-serif; font-size: 20px;\">Le journal local d&#8217;Alt\u00f6tting s&#8217;est fait l&#8217;\u00e9cho de notre \u00e9change avec la ville, cela est \u00e9galement paru sur leur page Facebook. Voici donc la photo de cet article et sa traduction pour les non germanophones\u00a0(merci \u00e0 Mme PEROL pour ce travail) :<\/span><\/p>\n<p style=\"text-align: justify;\"><a href=\"http:\/\/www.saint-paul-angouleme.fr\/application\/wp-content\/uploads\/2017\/03\/received_1647140655315623.jpeg\"><img loading=\"lazy\" decoding=\"async\" class=\"aligncenter wp-image-261 size-full\" src=\"http:\/\/www.saint-paul-angouleme.fr\/application\/wp-content\/uploads\/2017\/03\/received_1647140655315623.jpeg\" alt=\"received_1647140655315623\" width=\"812\" height=\"544\" srcset=\"https:\/\/www.saint-paul-angouleme.fr\/application\/wp-content\/uploads\/2017\/03\/received_1647140655315623.jpeg 812w, https:\/\/www.saint-paul-angouleme.fr\/application\/wp-content\/uploads\/2017\/03\/received_1647140655315623-300x201.jpeg 300w, https:\/\/www.saint-paul-angouleme.fr\/application\/wp-content\/uploads\/2017\/03\/received_1647140655315623-768x515.jpeg 768w\" sizes=\"(max-width: 812px) 100vw, 812px\" \/><\/a><\/p>\n<blockquote>\n<p style=\"text-align: justify;\"><strong>Exp\u00e9rimentation de coutumes bavaroises<\/strong><\/p>\n<p style=\"text-align: justify;\">Echange scolaire franco-allemand avec le lyc\u00e9e Maria-Ward\u00a0: La soir\u00e9e patrimoniale en costumes traditionnels \u00e9tait le temps fort<\/p>\n<p style=\"text-align: justify;\"><strong>Alt\u00f6tting<\/strong>. Aller \u00e0 la rencontre du pays et de ses habitants\u00a0: c\u2019est l\u2019un des objectifs principaux lorsque l\u2019on parle d\u2019\u00e9changes scolaires. Et il en ainsi pour l\u2019\u00e9change entre le lyc\u00e9e Maria-Ward et le lyc\u00e9e St Paul d\u2019Angoul\u00eame, situ\u00e9 au sud-ouest de la France, pr\u00e8s de Bordeaux.<\/p>\n<p style=\"text-align: justify;\">Dans le cadre de l\u2019actuel \u00e9change qui perdure depuis maintenant 32 ans, 20 jeunes Fran\u00e7ais accompagn\u00e9s de leurs enseignantes Mme Emeline Baylac et Mme Florence P\u00e9rol sont en visite chez nous.<\/p>\n<p style=\"text-align: justify;\">Lorsqu\u2019ils retourneront chez eux mardi prochain apr\u00e8s dix jours de s\u00e9jour, ils auront beaucoup appris sur Alt\u00f6tting, sur la Bavi\u00e8re, sur ses habitants, en premier lieu gr\u00e2ce aux familles d\u2019accueil qui les re\u00e7oivent, ensuite gr\u00e2ce au programme qui leur a \u00e9t\u00e9 concoct\u00e9\u00a0: visite et rallye pour d\u00e9couvrir la ville d\u2019Alt\u00f6tting\u00a0; excursions diverses notamment \u00e0 M\u00fcnich ou encore \u00e0 la montagne.<\/p>\n<p style=\"text-align: justify;\">Mais une exp\u00e9rience particuli\u00e8re attendait les neuf filles et onze gar\u00e7ons \u00e2g\u00e9s d\u2019une quinzaine d\u2019ann\u00e9es\u00a0: la soir\u00e9e de l\u2019Association des Costumes folkloriques de Schlottham au cours de laquelle des groupes de danseuses et danseurs se produisent.<\/p>\n<p style=\"text-align: justify;\">Et ceci ne suscite pas seulement l\u2019int\u00e9r\u00eat des jeunes \u00e9l\u00e8ves\u00a0: au total, une centaine d\u2019invit\u00e9s \u00e9taient pr\u00e9sents. Dehors, les \u2018gar\u00e7ons-claqueurs\u2019 ont jou\u00e9 du fouet\u00a0; \u00e0 l\u2019int\u00e9rieur, l\u2019accord\u00e9on de Johannes Meindl a d\u00e9voil\u00e9 plusieurs morceaux de musique traditionnelle bavaroise\u00a0; de nombreuses danses folkloriques ont \u00e9t\u00e9 pr\u00e9sent\u00e9es.<\/p>\n<p style=\"text-align: justify;\">Puis ce fut au tour des jeunes Fran\u00e7ais de montrer leurs talents\u00a0: les gar\u00e7ons ont fait claquer leurs mains sur les culottes de peau, les filles en Dirndl (robe traditionnelle bavaroise) ont tourn\u00e9 et \u00e0 la fin, tout le monde a dans\u00e9 ensemble.<\/p>\n<p style=\"text-align: justify;\">Pour les jeunes de l\u2019\u00e9change, c\u2019\u00e9tait tout nouveau, mais ils se sont montr\u00e9s particuli\u00e8rement enthousiastes face aux traditions bavaroises. Afin qu\u2019ils comprennent bien le sens des explications donn\u00e9es, plusieurs relais ont \u00e9t\u00e9 n\u00e9cessaires\u00a0: Robert Gerhardt, pr\u00e9sident de l\u2019association, racontait en bavarois, traduit par l\u2019enseignante Sylvia Rieder en allemand, elle-m\u00eame traduite par son homologue Emeline Baylac en fran\u00e7ais.<\/p>\n<p style=\"text-align: justify;\">L\u2019\u00e9change-retour des \u00e9l\u00e8ves allemands se pr\u00e9pare d\u00e9j\u00e0. 22 jeunes Allemands se rendront \u00e0 Angoul\u00eame fin mai-d\u00e9but juin avec leurs professeurs Sylvia Rieder et Karl Lehner, pour vivre \u00e0 leur tour un programme aux m\u00eames couleurs\u00a0\u2013 \u00e0 la rencontre du pays et des gens.<\/p>\n<\/blockquote>\n<p style=\"text-align: justify;\"><a href=\"http:\/\/www.saint-paul-angouleme.fr\/application\/wp-content\/uploads\/2017\/03\/received_1647140655315623.jpeg\">\u00a0<\/a><\/p>\n","protected":false},"excerpt":{"rendered":"<p>Le journal local d&#8217;Alt\u00f6tting s&#8217;est fait l&#8217;\u00e9cho de notre \u00e9change avec la ville, cela est \u00e9galement paru sur leur page Facebook. Voici donc la photo de cet article et sa traduction pour les non germanophones\u00a0(merci \u00e0 Mme PEROL pour ce travail) : Exp\u00e9rimentation de coutumes bavaroises Echange scolaire franco-allemand avec le lyc\u00e9e Maria-Ward\u00a0: La soir\u00e9e &#8230; <a title=\"Wieder Alt\u00f6tting !\" class=\"read-more\" href=\"https:\/\/www.saint-paul-angouleme.fr\/application\/altotting-wieder\/\" aria-label=\"Read more about Wieder Alt\u00f6tting !\">Lire la suite<\/a><\/p>\n","protected":false},"author":3,"featured_media":0,"comment_status":"open","ping_status":"open","sticky":false,"template":"","format":"standard","meta":{"_exactmetrics_skip_tracking":false,"_exactmetrics_sitenote_active":false,"_exactmetrics_sitenote_note":"","_exactmetrics_sitenote_category":0,"footnotes":""},"categories":[3],"tags":[],"class_list":["post-260","post","type-post","status-publish","format-standard","hentry","category-revue-de-presse"],"yoast_head":"<!-- This site is optimized with the Yoast SEO plugin v23.3 - https:\/\/yoast.com\/wordpress\/plugins\/seo\/ -->\n<title>Wieder Alt\u00f6tting ! - Actualit\u00e9s<\/title>\n<meta name=\"robots\" content=\"index, follow, max-snippet:-1, max-image-preview:large, max-video-preview:-1\" \/>\n<link rel=\"canonical\" href=\"https:\/\/www.saint-paul-angouleme.fr\/application\/altotting-wieder\/\" \/>\n<meta property=\"og:locale\" content=\"fr_FR\" \/>\n<meta property=\"og:type\" content=\"article\" \/>\n<meta property=\"og:title\" content=\"Wieder Alt\u00f6tting ! - Actualit\u00e9s\" \/>\n<meta property=\"og:description\" content=\"Le journal local d&#8217;Alt\u00f6tting s&#8217;est fait l&#8217;\u00e9cho de notre \u00e9change avec la ville, cela est \u00e9galement paru sur leur page Facebook. Voici donc la photo de cet article et sa traduction pour les non germanophones\u00a0(merci \u00e0 Mme PEROL pour ce travail) : Exp\u00e9rimentation de coutumes bavaroises Echange scolaire franco-allemand avec le lyc\u00e9e Maria-Ward\u00a0: La soir\u00e9e ... Lire la suite\" \/>\n<meta property=\"og:url\" content=\"https:\/\/www.saint-paul-angouleme.fr\/application\/altotting-wieder\/\" \/>\n<meta property=\"og:site_name\" content=\"Actualit\u00e9s\" \/>\n<meta property=\"article:publisher\" content=\"https:\/\/www.facebook.com\/SaintPaulAngouleme16\/\" \/>\n<meta property=\"article:published_time\" content=\"2017-03-09T23:01:47+00:00\" \/>\n<meta property=\"article:modified_time\" content=\"2017-03-10T11:17:19+00:00\" \/>\n<meta property=\"og:image\" content=\"http:\/\/www.saint-paul-angouleme.fr\/application\/wp-content\/uploads\/2017\/03\/received_1647140655315623.jpeg\" \/>\n<meta name=\"author\" content=\"SAINT-PAUL\" \/>\n<meta name=\"twitter:card\" content=\"summary_large_image\" \/>\n<meta name=\"twitter:creator\" content=\"@StPaulAngoulem\" \/>\n<meta name=\"twitter:site\" content=\"@StPaulAngoulem\" \/>\n<meta name=\"twitter:label1\" content=\"\u00c9crit par\" \/>\n\t<meta name=\"twitter:data1\" content=\"SAINT-PAUL\" \/>\n\t<meta name=\"twitter:label2\" content=\"Dur\u00e9e de lecture estim\u00e9e\" \/>\n\t<meta name=\"twitter:data2\" content=\"2 minutes\" \/>\n<script type=\"application\/ld+json\" class=\"yoast-schema-graph\">{\"@context\":\"https:\/\/schema.org\",\"@graph\":[{\"@type\":\"Article\",\"@id\":\"https:\/\/www.saint-paul-angouleme.fr\/application\/altotting-wieder\/#article\",\"isPartOf\":{\"@id\":\"https:\/\/www.saint-paul-angouleme.fr\/application\/altotting-wieder\/\"},\"author\":{\"name\":\"SAINT-PAUL\",\"@id\":\"https:\/\/www.saint-paul-angouleme.fr\/application\/#\/schema\/person\/ea152930b1a3823659065827b1a5fb9b\"},\"headline\":\"Wieder Alt\u00f6tting !\",\"datePublished\":\"2017-03-09T23:01:47+00:00\",\"dateModified\":\"2017-03-10T11:17:19+00:00\",\"mainEntityOfPage\":{\"@id\":\"https:\/\/www.saint-paul-angouleme.fr\/application\/altotting-wieder\/\"},\"wordCount\":495,\"commentCount\":0,\"publisher\":{\"@id\":\"https:\/\/www.saint-paul-angouleme.fr\/application\/#organization\"},\"image\":{\"@id\":\"https:\/\/www.saint-paul-angouleme.fr\/application\/altotting-wieder\/#primaryimage\"},\"thumbnailUrl\":\"http:\/\/www.saint-paul-angouleme.fr\/application\/wp-content\/uploads\/2017\/03\/received_1647140655315623.jpeg\",\"articleSection\":[\"Revue de presse\"],\"inLanguage\":\"fr-FR\",\"potentialAction\":[{\"@type\":\"CommentAction\",\"name\":\"Comment\",\"target\":[\"https:\/\/www.saint-paul-angouleme.fr\/application\/altotting-wieder\/#respond\"]}]},{\"@type\":\"WebPage\",\"@id\":\"https:\/\/www.saint-paul-angouleme.fr\/application\/altotting-wieder\/\",\"url\":\"https:\/\/www.saint-paul-angouleme.fr\/application\/altotting-wieder\/\",\"name\":\"Wieder Alt\u00f6tting ! - Actualit\u00e9s\",\"isPartOf\":{\"@id\":\"https:\/\/www.saint-paul-angouleme.fr\/application\/#website\"},\"primaryImageOfPage\":{\"@id\":\"https:\/\/www.saint-paul-angouleme.fr\/application\/altotting-wieder\/#primaryimage\"},\"image\":{\"@id\":\"https:\/\/www.saint-paul-angouleme.fr\/application\/altotting-wieder\/#primaryimage\"},\"thumbnailUrl\":\"http:\/\/www.saint-paul-angouleme.fr\/application\/wp-content\/uploads\/2017\/03\/received_1647140655315623.jpeg\",\"datePublished\":\"2017-03-09T23:01:47+00:00\",\"dateModified\":\"2017-03-10T11:17:19+00:00\",\"breadcrumb\":{\"@id\":\"https:\/\/www.saint-paul-angouleme.fr\/application\/altotting-wieder\/#breadcrumb\"},\"inLanguage\":\"fr-FR\",\"potentialAction\":[{\"@type\":\"ReadAction\",\"target\":[\"https:\/\/www.saint-paul-angouleme.fr\/application\/altotting-wieder\/\"]}]},{\"@type\":\"ImageObject\",\"inLanguage\":\"fr-FR\",\"@id\":\"https:\/\/www.saint-paul-angouleme.fr\/application\/altotting-wieder\/#primaryimage\",\"url\":\"http:\/\/www.saint-paul-angouleme.fr\/application\/wp-content\/uploads\/2017\/03\/received_1647140655315623.jpeg\",\"contentUrl\":\"http:\/\/www.saint-paul-angouleme.fr\/application\/wp-content\/uploads\/2017\/03\/received_1647140655315623.jpeg\"},{\"@type\":\"BreadcrumbList\",\"@id\":\"https:\/\/www.saint-paul-angouleme.fr\/application\/altotting-wieder\/#breadcrumb\",\"itemListElement\":[{\"@type\":\"ListItem\",\"position\":1,\"name\":\"Accueil\",\"item\":\"http:\/\/www.saint-paul-angouleme.fr\/application\/\"},{\"@type\":\"ListItem\",\"position\":2,\"name\":\"Wieder Alt\u00f6tting !\"}]},{\"@type\":\"WebSite\",\"@id\":\"https:\/\/www.saint-paul-angouleme.fr\/application\/#website\",\"url\":\"https:\/\/www.saint-paul-angouleme.fr\/application\/\",\"name\":\"Actualit\u00e9s\",\"description\":\"Actualit\u00e9s Saint Paul\",\"publisher\":{\"@id\":\"https:\/\/www.saint-paul-angouleme.fr\/application\/#organization\"},\"potentialAction\":[{\"@type\":\"SearchAction\",\"target\":{\"@type\":\"EntryPoint\",\"urlTemplate\":\"https:\/\/www.saint-paul-angouleme.fr\/application\/?s={search_term_string}\"},\"query-input\":\"required name=search_term_string\"}],\"inLanguage\":\"fr-FR\"},{\"@type\":\"Organization\",\"@id\":\"https:\/\/www.saint-paul-angouleme.fr\/application\/#organization\",\"name\":\"Ensemble scolaire Saint-Paul\",\"url\":\"https:\/\/www.saint-paul-angouleme.fr\/application\/\",\"logo\":{\"@type\":\"ImageObject\",\"inLanguage\":\"fr-FR\",\"@id\":\"https:\/\/www.saint-paul-angouleme.fr\/application\/#\/schema\/logo\/image\/\",\"url\":\"https:\/\/www.saint-paul-angouleme.fr\/application\/wp-content\/uploads\/2018\/08\/logo-saint-paul-couleurs.jpg\",\"contentUrl\":\"https:\/\/www.saint-paul-angouleme.fr\/application\/wp-content\/uploads\/2018\/08\/logo-saint-paul-couleurs.jpg\",\"width\":1890,\"height\":709,\"caption\":\"Ensemble scolaire Saint-Paul\"},\"image\":{\"@id\":\"https:\/\/www.saint-paul-angouleme.fr\/application\/#\/schema\/logo\/image\/\"},\"sameAs\":[\"https:\/\/www.facebook.com\/SaintPaulAngouleme16\/\",\"https:\/\/x.com\/StPaulAngoulem\",\"https:\/\/www.youtube.com\/channel\/UCRLpz1CmPVqc0gn--YyXvjA?view_as=subscriber\"]},{\"@type\":\"Person\",\"@id\":\"https:\/\/www.saint-paul-angouleme.fr\/application\/#\/schema\/person\/ea152930b1a3823659065827b1a5fb9b\",\"name\":\"SAINT-PAUL\",\"image\":{\"@type\":\"ImageObject\",\"inLanguage\":\"fr-FR\",\"@id\":\"https:\/\/www.saint-paul-angouleme.fr\/application\/#\/schema\/person\/image\/\",\"url\":\"https:\/\/secure.gravatar.com\/avatar\/eadb0ffebc02683a61d69038eb2924f0?s=96&r=g\",\"contentUrl\":\"https:\/\/secure.gravatar.com\/avatar\/eadb0ffebc02683a61d69038eb2924f0?s=96&r=g\",\"caption\":\"SAINT-PAUL\"},\"url\":\"https:\/\/www.saint-paul-angouleme.fr\/application\/author\/myriam\/\"}]}<\/script>\n<!-- \/ Yoast SEO plugin. -->","yoast_head_json":{"title":"Wieder Alt\u00f6tting ! - Actualit\u00e9s","robots":{"index":"index","follow":"follow","max-snippet":"max-snippet:-1","max-image-preview":"max-image-preview:large","max-video-preview":"max-video-preview:-1"},"canonical":"https:\/\/www.saint-paul-angouleme.fr\/application\/altotting-wieder\/","og_locale":"fr_FR","og_type":"article","og_title":"Wieder Alt\u00f6tting ! - Actualit\u00e9s","og_description":"Le journal local d&#8217;Alt\u00f6tting s&#8217;est fait l&#8217;\u00e9cho de notre \u00e9change avec la ville, cela est \u00e9galement paru sur leur page Facebook. Voici donc la photo de cet article et sa traduction pour les non germanophones\u00a0(merci \u00e0 Mme PEROL pour ce travail) : Exp\u00e9rimentation de coutumes bavaroises Echange scolaire franco-allemand avec le lyc\u00e9e Maria-Ward\u00a0: La soir\u00e9e ... Lire la suite","og_url":"https:\/\/www.saint-paul-angouleme.fr\/application\/altotting-wieder\/","og_site_name":"Actualit\u00e9s","article_publisher":"https:\/\/www.facebook.com\/SaintPaulAngouleme16\/","article_published_time":"2017-03-09T23:01:47+00:00","article_modified_time":"2017-03-10T11:17:19+00:00","og_image":[{"url":"http:\/\/www.saint-paul-angouleme.fr\/application\/wp-content\/uploads\/2017\/03\/received_1647140655315623.jpeg"}],"author":"SAINT-PAUL","twitter_card":"summary_large_image","twitter_creator":"@StPaulAngoulem","twitter_site":"@StPaulAngoulem","twitter_misc":{"\u00c9crit par":"SAINT-PAUL","Dur\u00e9e de lecture estim\u00e9e":"2 minutes"},"schema":{"@context":"https:\/\/schema.org","@graph":[{"@type":"Article","@id":"https:\/\/www.saint-paul-angouleme.fr\/application\/altotting-wieder\/#article","isPartOf":{"@id":"https:\/\/www.saint-paul-angouleme.fr\/application\/altotting-wieder\/"},"author":{"name":"SAINT-PAUL","@id":"https:\/\/www.saint-paul-angouleme.fr\/application\/#\/schema\/person\/ea152930b1a3823659065827b1a5fb9b"},"headline":"Wieder Alt\u00f6tting !","datePublished":"2017-03-09T23:01:47+00:00","dateModified":"2017-03-10T11:17:19+00:00","mainEntityOfPage":{"@id":"https:\/\/www.saint-paul-angouleme.fr\/application\/altotting-wieder\/"},"wordCount":495,"commentCount":0,"publisher":{"@id":"https:\/\/www.saint-paul-angouleme.fr\/application\/#organization"},"image":{"@id":"https:\/\/www.saint-paul-angouleme.fr\/application\/altotting-wieder\/#primaryimage"},"thumbnailUrl":"http:\/\/www.saint-paul-angouleme.fr\/application\/wp-content\/uploads\/2017\/03\/received_1647140655315623.jpeg","articleSection":["Revue de presse"],"inLanguage":"fr-FR","potentialAction":[{"@type":"CommentAction","name":"Comment","target":["https:\/\/www.saint-paul-angouleme.fr\/application\/altotting-wieder\/#respond"]}]},{"@type":"WebPage","@id":"https:\/\/www.saint-paul-angouleme.fr\/application\/altotting-wieder\/","url":"https:\/\/www.saint-paul-angouleme.fr\/application\/altotting-wieder\/","name":"Wieder Alt\u00f6tting ! - Actualit\u00e9s","isPartOf":{"@id":"https:\/\/www.saint-paul-angouleme.fr\/application\/#website"},"primaryImageOfPage":{"@id":"https:\/\/www.saint-paul-angouleme.fr\/application\/altotting-wieder\/#primaryimage"},"image":{"@id":"https:\/\/www.saint-paul-angouleme.fr\/application\/altotting-wieder\/#primaryimage"},"thumbnailUrl":"http:\/\/www.saint-paul-angouleme.fr\/application\/wp-content\/uploads\/2017\/03\/received_1647140655315623.jpeg","datePublished":"2017-03-09T23:01:47+00:00","dateModified":"2017-03-10T11:17:19+00:00","breadcrumb":{"@id":"https:\/\/www.saint-paul-angouleme.fr\/application\/altotting-wieder\/#breadcrumb"},"inLanguage":"fr-FR","potentialAction":[{"@type":"ReadAction","target":["https:\/\/www.saint-paul-angouleme.fr\/application\/altotting-wieder\/"]}]},{"@type":"ImageObject","inLanguage":"fr-FR","@id":"https:\/\/www.saint-paul-angouleme.fr\/application\/altotting-wieder\/#primaryimage","url":"http:\/\/www.saint-paul-angouleme.fr\/application\/wp-content\/uploads\/2017\/03\/received_1647140655315623.jpeg","contentUrl":"http:\/\/www.saint-paul-angouleme.fr\/application\/wp-content\/uploads\/2017\/03\/received_1647140655315623.jpeg"},{"@type":"BreadcrumbList","@id":"https:\/\/www.saint-paul-angouleme.fr\/application\/altotting-wieder\/#breadcrumb","itemListElement":[{"@type":"ListItem","position":1,"name":"Accueil","item":"http:\/\/www.saint-paul-angouleme.fr\/application\/"},{"@type":"ListItem","position":2,"name":"Wieder Alt\u00f6tting !"}]},{"@type":"WebSite","@id":"https:\/\/www.saint-paul-angouleme.fr\/application\/#website","url":"https:\/\/www.saint-paul-angouleme.fr\/application\/","name":"Actualit\u00e9s","description":"Actualit\u00e9s Saint Paul","publisher":{"@id":"https:\/\/www.saint-paul-angouleme.fr\/application\/#organization"},"potentialAction":[{"@type":"SearchAction","target":{"@type":"EntryPoint","urlTemplate":"https:\/\/www.saint-paul-angouleme.fr\/application\/?s={search_term_string}"},"query-input":"required name=search_term_string"}],"inLanguage":"fr-FR"},{"@type":"Organization","@id":"https:\/\/www.saint-paul-angouleme.fr\/application\/#organization","name":"Ensemble scolaire Saint-Paul","url":"https:\/\/www.saint-paul-angouleme.fr\/application\/","logo":{"@type":"ImageObject","inLanguage":"fr-FR","@id":"https:\/\/www.saint-paul-angouleme.fr\/application\/#\/schema\/logo\/image\/","url":"https:\/\/www.saint-paul-angouleme.fr\/application\/wp-content\/uploads\/2018\/08\/logo-saint-paul-couleurs.jpg","contentUrl":"https:\/\/www.saint-paul-angouleme.fr\/application\/wp-content\/uploads\/2018\/08\/logo-saint-paul-couleurs.jpg","width":1890,"height":709,"caption":"Ensemble scolaire Saint-Paul"},"image":{"@id":"https:\/\/www.saint-paul-angouleme.fr\/application\/#\/schema\/logo\/image\/"},"sameAs":["https:\/\/www.facebook.com\/SaintPaulAngouleme16\/","https:\/\/x.com\/StPaulAngoulem","https:\/\/www.youtube.com\/channel\/UCRLpz1CmPVqc0gn--YyXvjA?view_as=subscriber"]},{"@type":"Person","@id":"https:\/\/www.saint-paul-angouleme.fr\/application\/#\/schema\/person\/ea152930b1a3823659065827b1a5fb9b","name":"SAINT-PAUL","image":{"@type":"ImageObject","inLanguage":"fr-FR","@id":"https:\/\/www.saint-paul-angouleme.fr\/application\/#\/schema\/person\/image\/","url":"https:\/\/secure.gravatar.com\/avatar\/eadb0ffebc02683a61d69038eb2924f0?s=96&r=g","contentUrl":"https:\/\/secure.gravatar.com\/avatar\/eadb0ffebc02683a61d69038eb2924f0?s=96&r=g","caption":"SAINT-PAUL"},"url":"https:\/\/www.saint-paul-angouleme.fr\/application\/author\/myriam\/"}]}},"_links":{"self":[{"href":"https:\/\/www.saint-paul-angouleme.fr\/application\/wp-json\/wp\/v2\/posts\/260"}],"collection":[{"href":"https:\/\/www.saint-paul-angouleme.fr\/application\/wp-json\/wp\/v2\/posts"}],"about":[{"href":"https:\/\/www.saint-paul-angouleme.fr\/application\/wp-json\/wp\/v2\/types\/post"}],"author":[{"embeddable":true,"href":"https:\/\/www.saint-paul-angouleme.fr\/application\/wp-json\/wp\/v2\/users\/3"}],"replies":[{"embeddable":true,"href":"https:\/\/www.saint-paul-angouleme.fr\/application\/wp-json\/wp\/v2\/comments?post=260"}],"version-history":[{"count":5,"href":"https:\/\/www.saint-paul-angouleme.fr\/application\/wp-json\/wp\/v2\/posts\/260\/revisions"}],"predecessor-version":[{"id":268,"href":"https:\/\/www.saint-paul-angouleme.fr\/application\/wp-json\/wp\/v2\/posts\/260\/revisions\/268"}],"wp:attachment":[{"href":"https:\/\/www.saint-paul-angouleme.fr\/application\/wp-json\/wp\/v2\/media?parent=260"}],"wp:term":[{"taxonomy":"category","embeddable":true,"href":"https:\/\/www.saint-paul-angouleme.fr\/application\/wp-json\/wp\/v2\/categories?post=260"},{"taxonomy":"post_tag","embeddable":true,"href":"https:\/\/www.saint-paul-angouleme.fr\/application\/wp-json\/wp\/v2\/tags?post=260"}],"curies":[{"name":"wp","href":"https:\/\/api.w.org\/{rel}","templated":true}]}}