{"id":2409,"date":"2018-01-10T15:52:35","date_gmt":"2018-01-10T14:52:35","guid":{"rendered":"http:\/\/www.saint-paul-angouleme.fr\/application\/?p=2409"},"modified":"2018-01-10T20:00:36","modified_gmt":"2018-01-10T19:00:36","slug":"lecole-fete-joyeusement-noel-a-la-cathedrale","status":"publish","type":"post","link":"https:\/\/www.saint-paul-angouleme.fr\/application\/lecole-fete-joyeusement-noel-a-la-cathedrale\/","title":{"rendered":"L&#8217;\u00e9cole f\u00eate joyeusement No\u00ebl \u00e0 la cath\u00e9drale"},"content":{"rendered":"<p><a href=\"http:\/\/www.saint-paul-angouleme.fr\/application\/wp-content\/uploads\/2018\/01\/DSC_0171.jpg\"><img loading=\"lazy\" decoding=\"async\" class=\"aligncenter size-large wp-image-2410\" src=\"http:\/\/www.saint-paul-angouleme.fr\/application\/wp-content\/uploads\/2018\/01\/DSC_0171-1024x600.jpg\" alt=\"\" width=\"1024\" height=\"600\" data-id=\"2410\" srcset=\"https:\/\/www.saint-paul-angouleme.fr\/application\/wp-content\/uploads\/2018\/01\/DSC_0171-1024x600.jpg 1024w, https:\/\/www.saint-paul-angouleme.fr\/application\/wp-content\/uploads\/2018\/01\/DSC_0171-300x176.jpg 300w, https:\/\/www.saint-paul-angouleme.fr\/application\/wp-content\/uploads\/2018\/01\/DSC_0171-768x450.jpg 768w\" sizes=\"(max-width: 1024px) 100vw, 1024px\" \/><\/a><\/p>\n<p style=\"text-align: justify;\"><span style=\"font-family: arial, helvetica, sans-serif; color: #333333;\">Le jeudi 21 d\u00e9cembre 2017 l&#8217;\u00e9cole a c\u00e9l\u00e9br\u00e9 la f\u00eate de No\u00ebl en la cath\u00e9drale St Pierre d&#8217;Angoul\u00eame. <\/span><\/p>\n<p style=\"text-align: justify;\"><span style=\"font-family: arial, helvetica, sans-serif; color: #333333;\">Quelques semaines auparavant cette messe avait \u00e9t\u00e9\u00a0organis\u00e9e par les enseignants de la maternelle et du primaire avec l&#8217;Animatrice en Pastorale Scolaire, ce qui a permis par la suite de pr\u00e9parer concr\u00e8tement la c\u00e9l\u00e9bration dans les classes : \u00e9crire des intentions de pri\u00e8re, r\u00e9p\u00e9ter la cr\u00e8che vivante, confectionner les \u00e9toiles et les c\u0153urs destin\u00e9s \u00e0 \u00eatre \u00e9chang\u00e9s entre les classes, r\u00e9p\u00e9ter les chants&#8230;<\/span><\/p>\n<p style=\"text-align: justify;\"><a href=\"http:\/\/www.saint-paul-angouleme.fr\/application\/wp-content\/uploads\/2018\/01\/Cahier-de-pri\u00e8res01.png\"><img loading=\"lazy\" decoding=\"async\" class=\"aligncenter size-large wp-image-2414\" src=\"http:\/\/www.saint-paul-angouleme.fr\/application\/wp-content\/uploads\/2018\/01\/Cahier-de-pri\u00e8res01-800x1024.png\" alt=\"\" width=\"800\" height=\"1024\" data-id=\"2414\" srcset=\"https:\/\/www.saint-paul-angouleme.fr\/application\/wp-content\/uploads\/2018\/01\/Cahier-de-pri\u00e8res01-800x1024.png 800w, https:\/\/www.saint-paul-angouleme.fr\/application\/wp-content\/uploads\/2018\/01\/Cahier-de-pri\u00e8res01-234x300.png 234w, https:\/\/www.saint-paul-angouleme.fr\/application\/wp-content\/uploads\/2018\/01\/Cahier-de-pri\u00e8res01-768x983.png 768w, https:\/\/www.saint-paul-angouleme.fr\/application\/wp-content\/uploads\/2018\/01\/Cahier-de-pri\u00e8res01.png 1001w\" sizes=\"(max-width: 800px) 100vw, 800px\" \/><\/a><\/p>\n<p style=\"text-align: justify;\"><span style=\"font-family: arial, helvetica, sans-serif; color: #333333;\">Pendant le temps de l&#8217;Avent un cahier de pri\u00e8re a \u00e9t\u00e9 cr\u00e9\u00e9 pour se pr\u00e9parer \u00e0 accueillir J\u00e9sus. A tour de r\u00f4le, chaque classe a pu y inscrire une pri\u00e8re et l&#8217;illustrer puis prier avec les pri\u00e8res des autres classes. A cours de la messe ce cahier a \u00e9t\u00e9 apport\u00e9 lors de l&#8217;offertoire puis d\u00e9pos\u00e9 \u00e0 l&#8217;autel comme l&#8217;offrande de nos vies. Trois \u00e9l\u00e8ves de CM2 ont fait \u00e0 cette occasion leur deuxi\u00e8me \u00e9tape de bapt\u00eame.<\/span><\/p>\n<p style=\"text-align: justify;\"><a href=\"http:\/\/www.saint-paul-angouleme.fr\/application\/wp-content\/uploads\/2018\/01\/DSC_0163.jpg\"><img loading=\"lazy\" decoding=\"async\" class=\"aligncenter size-large wp-image-2413\" src=\"http:\/\/www.saint-paul-angouleme.fr\/application\/wp-content\/uploads\/2018\/01\/DSC_0163-1024x576.jpg\" alt=\"\" width=\"1024\" height=\"576\" data-id=\"2413\" srcset=\"https:\/\/www.saint-paul-angouleme.fr\/application\/wp-content\/uploads\/2018\/01\/DSC_0163-1024x576.jpg 1024w, https:\/\/www.saint-paul-angouleme.fr\/application\/wp-content\/uploads\/2018\/01\/DSC_0163-300x169.jpg 300w, https:\/\/www.saint-paul-angouleme.fr\/application\/wp-content\/uploads\/2018\/01\/DSC_0163-768x432.jpg 768w\" sizes=\"(max-width: 1024px) 100vw, 1024px\" \/><\/a><\/p>\n<p style=\"text-align: justify;\"><span style=\"font-family: arial, helvetica, sans-serif; color: #333333;\">Ce fut une belle matin\u00e9e et un moment fort partag\u00e9 avec les enfants et leurs familles et, dans nos c\u0153urs d\u00e9j\u00e0, brillait la joie de No\u00ebl.<\/span><\/p>\n<p style=\"text-align: justify;\"><strong><span style=\"font-family: arial, helvetica, sans-serif; color: #333333;\">Retrouvez ici quelques photos de la c\u00e9l\u00e9bration :<\/span><\/strong><\/p>\n<p style=\"text-align: justify;\"><div tabindex=\"0\" class=\"cycloneslider cycloneslider-template-standard cycloneslider-width-responsive\" id=\"cycloneslider-messe-de-noel-1\" style=\"max-width:960px\" > <div class=\"cycloneslider-slides cycle-slideshow\" data-cycle-allow-wrap=\"true\" data-cycle-dynamic-height=\"off\" data-cycle-auto-height=\"960:600\" data-cycle-auto-height-easing=\"null\" data-cycle-auto-height-speed=\"250\" data-cycle-delay=\"0\" data-cycle-easing=\"\" data-cycle-fx=\"fade\" data-cycle-hide-non-active=\"true\" data-cycle-log=\"false\" data-cycle-next=\"#cycloneslider-messe-de-noel-1 .cycloneslider-next\" data-cycle-pager=\"#cycloneslider-messe-de-noel-1 .cycloneslider-pager\" data-cycle-pause-on-hover=\"true\" data-cycle-prev=\"#cycloneslider-messe-de-noel-1 .cycloneslider-prev\" data-cycle-slides=\"&gt; div\" data-cycle-speed=\"1000\" data-cycle-swipe=\"1\" data-cycle-tile-count=\"7\" data-cycle-tile-delay=\"100\" data-cycle-tile-vertical=\"true\" data-cycle-timeout=\"4000\" > <div class=\"cycloneslider-slide cycloneslider-slide-image\" > <img decoding=\"async\" src=\"https:\/\/www.saint-paul-angouleme.fr\/application\/wp-content\/uploads\/2018\/01\/DSC_0166-960x600.jpg\" alt=\"\" title=\"\" \/> <\/div> <div class=\"cycloneslider-slide cycloneslider-slide-image\" > <img decoding=\"async\" src=\"https:\/\/www.saint-paul-angouleme.fr\/application\/wp-content\/uploads\/2018\/01\/DSC_0181-960x600.jpg\" alt=\"\" title=\"\" \/> <\/div> <div class=\"cycloneslider-slide cycloneslider-slide-image\" > <img decoding=\"async\" src=\"https:\/\/www.saint-paul-angouleme.fr\/application\/wp-content\/uploads\/2018\/01\/DSC_0171-960x600.jpg\" alt=\"\" title=\"\" \/> <\/div> <div class=\"cycloneslider-slide cycloneslider-slide-image\" > <img decoding=\"async\" src=\"https:\/\/www.saint-paul-angouleme.fr\/application\/wp-content\/uploads\/2018\/01\/DSC_0163-960x600.jpg\" alt=\"\" title=\"\" \/> <\/div> <div class=\"cycloneslider-slide cycloneslider-slide-image\" > <img decoding=\"async\" src=\"https:\/\/www.saint-paul-angouleme.fr\/application\/wp-content\/uploads\/2018\/01\/DSC_0169-960x600.jpg\" alt=\"\" title=\"\" \/> <\/div> <\/div> <div class=\"cycloneslider-pager\"><\/div> <a href=\"#\" class=\"cycloneslider-prev\"> <span class=\"arrow\"><\/span> <\/a> <a href=\"#\" class=\"cycloneslider-next\"> <span class=\"arrow\"><\/span> <\/a> <\/div>\n<p style=\"text-align: justify;\"><strong><span style=\"font-family: arial, helvetica, sans-serif; color: #333333;\">Retrouvez ici une courte vid\u00e9o (chant &#8220;Suivre l&#8217;\u00e9toile&#8221;) :<\/span><\/strong><\/p>\n<div class=\"arve\" data-mode=\"normal\" data-oembed=\"1\" data-provider=\"youtube\" id=\"arve-youtube-2nnv9-octk8\">\n<div class=\"arve-inner\">\n<div class=\"arve-embed arve-embed--has-aspect-ratio\">\n<span class=\"arve-ar\" style=\"padding-top:56.250000%\"><\/span><iframe credentialless referrerpolicy=\"strict-origin-when-cross-origin\" allow=\"accelerometer &#039;none&#039;;ambient-light-sensor &#039;none&#039;;autoplay &#039;none&#039;;battery &#039;none&#039;;bluetooth &#039;none&#039;;browsing-topics &#039;none&#039;;camera &#039;none&#039;;ch-ua &#039;none&#039;;clipboard-read &#039;none&#039;;clipboard-write;display-capture &#039;none&#039;;document-domain &#039;none&#039;;domain-agent &#039;none&#039;;encrypted-media &#039;none&#039;;execution-while-not-rendered &#039;none&#039;;execution-while-out-of-viewport &#039;none&#039;;gamepad &#039;none&#039;;geolocation &#039;none&#039;;gyroscope &#039;none&#039;;hid &#039;none&#039;;identity-credentials-get &#039;none&#039;;idle-detection &#039;none&#039;;keyboard-map &#039;none&#039;;local-fonts &#039;none&#039;;magnetometer &#039;none&#039;;microphone &#039;none&#039;;midi &#039;none&#039;;navigation-override &#039;none&#039;;otp-credentials &#039;none&#039;;payment &#039;none&#039;;picture-in-picture;publickey-credentials-create &#039;none&#039;;publickey-credentials-get &#039;none&#039;;screen-wake-lock &#039;none&#039;;serial &#039;none&#039;;speaker-selection;sync-xhr &#039;none&#039;;usb &#039;none&#039;;web-share;window-management &#039;none&#039;;xr-spatial-tracking &#039;none&#039;;\" allowfullscreen class=\"arve-iframe fitvidsignore\" data-arve=\"arve-youtube-2nnv9-octk8\" data-src-no-ap=\"https:\/\/www.youtube-nocookie.com\/embed\/2nnV9-oCtk8?feature=oembed&amp;iv_load_policy=3&amp;modestbranding=1&amp;rel=0&amp;autohide=1&amp;playsinline=0&amp;autoplay=0\" frameborder=\"0\" height=\"0\" name sandbox=\"allow-scripts allow-same-origin allow-presentation allow-popups allow-popups-to-escape-sandbox\" scrolling=\"no\" src=\"https:\/\/www.youtube-nocookie.com\/embed\/2nnV9-oCtk8?feature=oembed&#038;iv_load_policy=3&#038;modestbranding=1&#038;rel=0&#038;autohide=1&#038;playsinline=0&#038;autoplay=0\" width=\"0\" title loading=\"lazy\"><\/iframe><\/p>\n<\/div>\n<\/div>\n<p><script type=\"application\/ld+json\">{\"@context\":\"http:\\\/\\\/schema.org\\\/\",\"@id\":\"https:\\\/\\\/www.saint-paul-angouleme.fr\\\/application\\\/lecole-fete-joyeusement-noel-a-la-cathedrale\\\/#arve-youtube-2nnv9-octk8\",\"type\":\"VideoObject\",\"embedURL\":\"https:\\\/\\\/www.youtube-nocookie.com\\\/embed\\\/2nnV9-oCtk8?feature=oembed&iv_load_policy=3&modestbranding=1&rel=0&autohide=1&playsinline=0&autoplay=0\"}<\/script>\n<\/div>\n<p style=\"text-align: justify;\"><strong><span style=\"font-family: arial, helvetica, sans-serif; color: #333333;\">Retrouvez ici les pages du cahier de pri\u00e8res :<\/span><\/strong><\/p>\n<p style=\"text-align: justify;\"><div style=\"text-align: center; width:480px; margin: 12px auto;\"><div style=\"margin: 4px 0px;\"><a href=\"http:\/\/calameo.com\/books\/005213401ef3311ee67ae\">View this publication on Calam&eacute;o<\/a><\/div><iframe loading=\"lazy\" src=\"\/\/v.calameo.com\/?bkcode=005213401ef3311ee67ae&amp;language=fr&amp;page=&amp;showsharemenu=true&amp;clickTo=public&amp;clickTarget=_self&amp;clickToUrl=&amp;autoFlip=0&amp;mode=mini&amp;wmode=transparent\" width=\"480\" height=\"300\" style=\"width:480px;height:300px\" frameborder=\"0\" scrolling=\"no\" allowtransparency allowfullscreen><\/iframe><div style=\"margin: 4px 0px; font-size: 90%;\"><a rel=\"nofollow\" href=\"http:\/\/calameo.com\/upload\">Publish<\/a> at <a href=\"http:\/\/calameo.com\">Calam&eacute;o<\/a> or <a href=\"http:\/\/calameo.com\/browse\/weekly\/?o=7&amp;w=DESC\">browse<\/a> the library.<\/div><\/div>\n<p style=\"text-align: justify;\">\n","protected":false},"excerpt":{"rendered":"<p>Le jeudi 21 d\u00e9cembre 2017 l&#8217;\u00e9cole a c\u00e9l\u00e9br\u00e9 la f\u00eate de No\u00ebl en la cath\u00e9drale St Pierre d&#8217;Angoul\u00eame. Quelques semaines auparavant cette messe avait \u00e9t\u00e9\u00a0organis\u00e9e par les enseignants de la maternelle et du primaire avec l&#8217;Animatrice en Pastorale Scolaire, ce qui a permis par la suite de pr\u00e9parer concr\u00e8tement la c\u00e9l\u00e9bration dans les classes : &#8230; <a title=\"L&#8217;\u00e9cole f\u00eate joyeusement No\u00ebl \u00e0 la cath\u00e9drale\" class=\"read-more\" href=\"https:\/\/www.saint-paul-angouleme.fr\/application\/lecole-fete-joyeusement-noel-a-la-cathedrale\/\" aria-label=\"Read more about L&#8217;\u00e9cole f\u00eate joyeusement No\u00ebl \u00e0 la cath\u00e9drale\">Lire la suite<\/a><\/p>\n","protected":false},"author":3,"featured_media":0,"comment_status":"open","ping_status":"open","sticky":false,"template":"","format":"standard","meta":{"_exactmetrics_skip_tracking":false,"_exactmetrics_sitenote_active":false,"_exactmetrics_sitenote_note":"","_exactmetrics_sitenote_category":0,"footnotes":""},"categories":[5],"tags":[137,162,165,163,161,164],"class_list":["post-2409","post","type-post","status-publish","format-standard","hentry","category-ecole","tag-angouleme","tag-cathedrale-st-pierre","tag-ecole-saint-paul-angouleme","tag-maternelle","tag-noel","tag-primaire"],"yoast_head":"<!-- This site is optimized with the Yoast SEO plugin v23.3 - https:\/\/yoast.com\/wordpress\/plugins\/seo\/ -->\n<title>L&#039;\u00e9cole f\u00eate joyeusement No\u00ebl \u00e0 la cath\u00e9drale - Actualit\u00e9s<\/title>\n<meta name=\"robots\" content=\"index, follow, max-snippet:-1, max-image-preview:large, max-video-preview:-1\" \/>\n<link rel=\"canonical\" href=\"https:\/\/www.saint-paul-angouleme.fr\/application\/lecole-fete-joyeusement-noel-a-la-cathedrale\/\" \/>\n<meta property=\"og:locale\" content=\"fr_FR\" \/>\n<meta property=\"og:type\" content=\"article\" \/>\n<meta property=\"og:title\" content=\"L&#039;\u00e9cole f\u00eate joyeusement No\u00ebl \u00e0 la cath\u00e9drale - Actualit\u00e9s\" \/>\n<meta property=\"og:description\" content=\"Le jeudi 21 d\u00e9cembre 2017 l&#8217;\u00e9cole a c\u00e9l\u00e9br\u00e9 la f\u00eate de No\u00ebl en la cath\u00e9drale St Pierre d&#8217;Angoul\u00eame. Quelques semaines auparavant cette messe avait \u00e9t\u00e9\u00a0organis\u00e9e par les enseignants de la maternelle et du primaire avec l&#8217;Animatrice en Pastorale Scolaire, ce qui a permis par la suite de pr\u00e9parer concr\u00e8tement la c\u00e9l\u00e9bration dans les classes : ... Lire la suite\" \/>\n<meta property=\"og:url\" content=\"https:\/\/www.saint-paul-angouleme.fr\/application\/lecole-fete-joyeusement-noel-a-la-cathedrale\/\" \/>\n<meta property=\"og:site_name\" content=\"Actualit\u00e9s\" \/>\n<meta property=\"article:publisher\" content=\"https:\/\/www.facebook.com\/SaintPaulAngouleme16\/\" \/>\n<meta property=\"article:published_time\" content=\"2018-01-10T14:52:35+00:00\" \/>\n<meta property=\"article:modified_time\" content=\"2018-01-10T19:00:36+00:00\" \/>\n<meta property=\"og:image\" content=\"http:\/\/www.saint-paul-angouleme.fr\/application\/wp-content\/uploads\/2018\/01\/DSC_0171-1024x600.jpg\" \/>\n<meta name=\"author\" content=\"SAINT-PAUL\" \/>\n<meta name=\"twitter:card\" content=\"summary_large_image\" \/>\n<meta name=\"twitter:creator\" content=\"@StPaulAngoulem\" \/>\n<meta name=\"twitter:site\" content=\"@StPaulAngoulem\" \/>\n<meta name=\"twitter:label1\" content=\"\u00c9crit par\" \/>\n\t<meta name=\"twitter:data1\" content=\"SAINT-PAUL\" \/>\n\t<meta name=\"twitter:label2\" content=\"Dur\u00e9e de lecture estim\u00e9e\" \/>\n\t<meta name=\"twitter:data2\" content=\"1 minute\" \/>\n<script type=\"application\/ld+json\" class=\"yoast-schema-graph\">{\"@context\":\"https:\/\/schema.org\",\"@graph\":[{\"@type\":\"Article\",\"@id\":\"https:\/\/www.saint-paul-angouleme.fr\/application\/lecole-fete-joyeusement-noel-a-la-cathedrale\/#article\",\"isPartOf\":{\"@id\":\"https:\/\/www.saint-paul-angouleme.fr\/application\/lecole-fete-joyeusement-noel-a-la-cathedrale\/\"},\"author\":{\"name\":\"SAINT-PAUL\",\"@id\":\"https:\/\/www.saint-paul-angouleme.fr\/application\/#\/schema\/person\/ea152930b1a3823659065827b1a5fb9b\"},\"headline\":\"L&#8217;\u00e9cole f\u00eate joyeusement No\u00ebl \u00e0 la cath\u00e9drale\",\"datePublished\":\"2018-01-10T14:52:35+00:00\",\"dateModified\":\"2018-01-10T19:00:36+00:00\",\"mainEntityOfPage\":{\"@id\":\"https:\/\/www.saint-paul-angouleme.fr\/application\/lecole-fete-joyeusement-noel-a-la-cathedrale\/\"},\"wordCount\":276,\"commentCount\":1,\"publisher\":{\"@id\":\"https:\/\/www.saint-paul-angouleme.fr\/application\/#organization\"},\"image\":{\"@id\":\"https:\/\/www.saint-paul-angouleme.fr\/application\/lecole-fete-joyeusement-noel-a-la-cathedrale\/#primaryimage\"},\"thumbnailUrl\":\"http:\/\/www.saint-paul-angouleme.fr\/application\/wp-content\/uploads\/2018\/01\/DSC_0171-1024x600.jpg\",\"keywords\":[\"Angoul\u00eame\",\"Cath\u00e9drale St Pierre\",\"Ecole Saint-Paul Angoul\u00eame\",\"maternelle\",\"No\u00ebl\",\"primaire\"],\"articleSection\":[\"Ecole\"],\"inLanguage\":\"fr-FR\",\"potentialAction\":[{\"@type\":\"CommentAction\",\"name\":\"Comment\",\"target\":[\"https:\/\/www.saint-paul-angouleme.fr\/application\/lecole-fete-joyeusement-noel-a-la-cathedrale\/#respond\"]}]},{\"@type\":\"WebPage\",\"@id\":\"https:\/\/www.saint-paul-angouleme.fr\/application\/lecole-fete-joyeusement-noel-a-la-cathedrale\/\",\"url\":\"https:\/\/www.saint-paul-angouleme.fr\/application\/lecole-fete-joyeusement-noel-a-la-cathedrale\/\",\"name\":\"L'\u00e9cole f\u00eate joyeusement No\u00ebl \u00e0 la cath\u00e9drale - Actualit\u00e9s\",\"isPartOf\":{\"@id\":\"https:\/\/www.saint-paul-angouleme.fr\/application\/#website\"},\"primaryImageOfPage\":{\"@id\":\"https:\/\/www.saint-paul-angouleme.fr\/application\/lecole-fete-joyeusement-noel-a-la-cathedrale\/#primaryimage\"},\"image\":{\"@id\":\"https:\/\/www.saint-paul-angouleme.fr\/application\/lecole-fete-joyeusement-noel-a-la-cathedrale\/#primaryimage\"},\"thumbnailUrl\":\"http:\/\/www.saint-paul-angouleme.fr\/application\/wp-content\/uploads\/2018\/01\/DSC_0171-1024x600.jpg\",\"datePublished\":\"2018-01-10T14:52:35+00:00\",\"dateModified\":\"2018-01-10T19:00:36+00:00\",\"breadcrumb\":{\"@id\":\"https:\/\/www.saint-paul-angouleme.fr\/application\/lecole-fete-joyeusement-noel-a-la-cathedrale\/#breadcrumb\"},\"inLanguage\":\"fr-FR\",\"potentialAction\":[{\"@type\":\"ReadAction\",\"target\":[\"https:\/\/www.saint-paul-angouleme.fr\/application\/lecole-fete-joyeusement-noel-a-la-cathedrale\/\"]}]},{\"@type\":\"ImageObject\",\"inLanguage\":\"fr-FR\",\"@id\":\"https:\/\/www.saint-paul-angouleme.fr\/application\/lecole-fete-joyeusement-noel-a-la-cathedrale\/#primaryimage\",\"url\":\"https:\/\/www.saint-paul-angouleme.fr\/application\/wp-content\/uploads\/2018\/01\/DSC_0171.jpg\",\"contentUrl\":\"https:\/\/www.saint-paul-angouleme.fr\/application\/wp-content\/uploads\/2018\/01\/DSC_0171.jpg\",\"width\":3394,\"height\":1989},{\"@type\":\"BreadcrumbList\",\"@id\":\"https:\/\/www.saint-paul-angouleme.fr\/application\/lecole-fete-joyeusement-noel-a-la-cathedrale\/#breadcrumb\",\"itemListElement\":[{\"@type\":\"ListItem\",\"position\":1,\"name\":\"Accueil\",\"item\":\"http:\/\/www.saint-paul-angouleme.fr\/application\/\"},{\"@type\":\"ListItem\",\"position\":2,\"name\":\"L&#8217;\u00e9cole f\u00eate joyeusement No\u00ebl \u00e0 la cath\u00e9drale\"}]},{\"@type\":\"WebSite\",\"@id\":\"https:\/\/www.saint-paul-angouleme.fr\/application\/#website\",\"url\":\"https:\/\/www.saint-paul-angouleme.fr\/application\/\",\"name\":\"Actualit\u00e9s\",\"description\":\"Actualit\u00e9s Saint Paul\",\"publisher\":{\"@id\":\"https:\/\/www.saint-paul-angouleme.fr\/application\/#organization\"},\"potentialAction\":[{\"@type\":\"SearchAction\",\"target\":{\"@type\":\"EntryPoint\",\"urlTemplate\":\"https:\/\/www.saint-paul-angouleme.fr\/application\/?s={search_term_string}\"},\"query-input\":\"required name=search_term_string\"}],\"inLanguage\":\"fr-FR\"},{\"@type\":\"Organization\",\"@id\":\"https:\/\/www.saint-paul-angouleme.fr\/application\/#organization\",\"name\":\"Ensemble scolaire Saint-Paul\",\"url\":\"https:\/\/www.saint-paul-angouleme.fr\/application\/\",\"logo\":{\"@type\":\"ImageObject\",\"inLanguage\":\"fr-FR\",\"@id\":\"https:\/\/www.saint-paul-angouleme.fr\/application\/#\/schema\/logo\/image\/\",\"url\":\"https:\/\/www.saint-paul-angouleme.fr\/application\/wp-content\/uploads\/2018\/08\/logo-saint-paul-couleurs.jpg\",\"contentUrl\":\"https:\/\/www.saint-paul-angouleme.fr\/application\/wp-content\/uploads\/2018\/08\/logo-saint-paul-couleurs.jpg\",\"width\":1890,\"height\":709,\"caption\":\"Ensemble scolaire Saint-Paul\"},\"image\":{\"@id\":\"https:\/\/www.saint-paul-angouleme.fr\/application\/#\/schema\/logo\/image\/\"},\"sameAs\":[\"https:\/\/www.facebook.com\/SaintPaulAngouleme16\/\",\"https:\/\/x.com\/StPaulAngoulem\",\"https:\/\/www.youtube.com\/channel\/UCRLpz1CmPVqc0gn--YyXvjA?view_as=subscriber\"]},{\"@type\":\"Person\",\"@id\":\"https:\/\/www.saint-paul-angouleme.fr\/application\/#\/schema\/person\/ea152930b1a3823659065827b1a5fb9b\",\"name\":\"SAINT-PAUL\",\"image\":{\"@type\":\"ImageObject\",\"inLanguage\":\"fr-FR\",\"@id\":\"https:\/\/www.saint-paul-angouleme.fr\/application\/#\/schema\/person\/image\/\",\"url\":\"https:\/\/secure.gravatar.com\/avatar\/eadb0ffebc02683a61d69038eb2924f0?s=96&r=g\",\"contentUrl\":\"https:\/\/secure.gravatar.com\/avatar\/eadb0ffebc02683a61d69038eb2924f0?s=96&r=g\",\"caption\":\"SAINT-PAUL\"},\"url\":\"https:\/\/www.saint-paul-angouleme.fr\/application\/author\/myriam\/\"}]}<\/script>\n<!-- \/ Yoast SEO plugin. -->","yoast_head_json":{"title":"L'\u00e9cole f\u00eate joyeusement No\u00ebl \u00e0 la cath\u00e9drale - Actualit\u00e9s","robots":{"index":"index","follow":"follow","max-snippet":"max-snippet:-1","max-image-preview":"max-image-preview:large","max-video-preview":"max-video-preview:-1"},"canonical":"https:\/\/www.saint-paul-angouleme.fr\/application\/lecole-fete-joyeusement-noel-a-la-cathedrale\/","og_locale":"fr_FR","og_type":"article","og_title":"L'\u00e9cole f\u00eate joyeusement No\u00ebl \u00e0 la cath\u00e9drale - Actualit\u00e9s","og_description":"Le jeudi 21 d\u00e9cembre 2017 l&#8217;\u00e9cole a c\u00e9l\u00e9br\u00e9 la f\u00eate de No\u00ebl en la cath\u00e9drale St Pierre d&#8217;Angoul\u00eame. Quelques semaines auparavant cette messe avait \u00e9t\u00e9\u00a0organis\u00e9e par les enseignants de la maternelle et du primaire avec l&#8217;Animatrice en Pastorale Scolaire, ce qui a permis par la suite de pr\u00e9parer concr\u00e8tement la c\u00e9l\u00e9bration dans les classes : ... Lire la suite","og_url":"https:\/\/www.saint-paul-angouleme.fr\/application\/lecole-fete-joyeusement-noel-a-la-cathedrale\/","og_site_name":"Actualit\u00e9s","article_publisher":"https:\/\/www.facebook.com\/SaintPaulAngouleme16\/","article_published_time":"2018-01-10T14:52:35+00:00","article_modified_time":"2018-01-10T19:00:36+00:00","og_image":[{"url":"http:\/\/www.saint-paul-angouleme.fr\/application\/wp-content\/uploads\/2018\/01\/DSC_0171-1024x600.jpg"}],"author":"SAINT-PAUL","twitter_card":"summary_large_image","twitter_creator":"@StPaulAngoulem","twitter_site":"@StPaulAngoulem","twitter_misc":{"\u00c9crit par":"SAINT-PAUL","Dur\u00e9e de lecture estim\u00e9e":"1 minute"},"schema":{"@context":"https:\/\/schema.org","@graph":[{"@type":"Article","@id":"https:\/\/www.saint-paul-angouleme.fr\/application\/lecole-fete-joyeusement-noel-a-la-cathedrale\/#article","isPartOf":{"@id":"https:\/\/www.saint-paul-angouleme.fr\/application\/lecole-fete-joyeusement-noel-a-la-cathedrale\/"},"author":{"name":"SAINT-PAUL","@id":"https:\/\/www.saint-paul-angouleme.fr\/application\/#\/schema\/person\/ea152930b1a3823659065827b1a5fb9b"},"headline":"L&#8217;\u00e9cole f\u00eate joyeusement No\u00ebl \u00e0 la cath\u00e9drale","datePublished":"2018-01-10T14:52:35+00:00","dateModified":"2018-01-10T19:00:36+00:00","mainEntityOfPage":{"@id":"https:\/\/www.saint-paul-angouleme.fr\/application\/lecole-fete-joyeusement-noel-a-la-cathedrale\/"},"wordCount":276,"commentCount":1,"publisher":{"@id":"https:\/\/www.saint-paul-angouleme.fr\/application\/#organization"},"image":{"@id":"https:\/\/www.saint-paul-angouleme.fr\/application\/lecole-fete-joyeusement-noel-a-la-cathedrale\/#primaryimage"},"thumbnailUrl":"http:\/\/www.saint-paul-angouleme.fr\/application\/wp-content\/uploads\/2018\/01\/DSC_0171-1024x600.jpg","keywords":["Angoul\u00eame","Cath\u00e9drale St Pierre","Ecole Saint-Paul Angoul\u00eame","maternelle","No\u00ebl","primaire"],"articleSection":["Ecole"],"inLanguage":"fr-FR","potentialAction":[{"@type":"CommentAction","name":"Comment","target":["https:\/\/www.saint-paul-angouleme.fr\/application\/lecole-fete-joyeusement-noel-a-la-cathedrale\/#respond"]}]},{"@type":"WebPage","@id":"https:\/\/www.saint-paul-angouleme.fr\/application\/lecole-fete-joyeusement-noel-a-la-cathedrale\/","url":"https:\/\/www.saint-paul-angouleme.fr\/application\/lecole-fete-joyeusement-noel-a-la-cathedrale\/","name":"L'\u00e9cole f\u00eate joyeusement No\u00ebl \u00e0 la cath\u00e9drale - Actualit\u00e9s","isPartOf":{"@id":"https:\/\/www.saint-paul-angouleme.fr\/application\/#website"},"primaryImageOfPage":{"@id":"https:\/\/www.saint-paul-angouleme.fr\/application\/lecole-fete-joyeusement-noel-a-la-cathedrale\/#primaryimage"},"image":{"@id":"https:\/\/www.saint-paul-angouleme.fr\/application\/lecole-fete-joyeusement-noel-a-la-cathedrale\/#primaryimage"},"thumbnailUrl":"http:\/\/www.saint-paul-angouleme.fr\/application\/wp-content\/uploads\/2018\/01\/DSC_0171-1024x600.jpg","datePublished":"2018-01-10T14:52:35+00:00","dateModified":"2018-01-10T19:00:36+00:00","breadcrumb":{"@id":"https:\/\/www.saint-paul-angouleme.fr\/application\/lecole-fete-joyeusement-noel-a-la-cathedrale\/#breadcrumb"},"inLanguage":"fr-FR","potentialAction":[{"@type":"ReadAction","target":["https:\/\/www.saint-paul-angouleme.fr\/application\/lecole-fete-joyeusement-noel-a-la-cathedrale\/"]}]},{"@type":"ImageObject","inLanguage":"fr-FR","@id":"https:\/\/www.saint-paul-angouleme.fr\/application\/lecole-fete-joyeusement-noel-a-la-cathedrale\/#primaryimage","url":"https:\/\/www.saint-paul-angouleme.fr\/application\/wp-content\/uploads\/2018\/01\/DSC_0171.jpg","contentUrl":"https:\/\/www.saint-paul-angouleme.fr\/application\/wp-content\/uploads\/2018\/01\/DSC_0171.jpg","width":3394,"height":1989},{"@type":"BreadcrumbList","@id":"https:\/\/www.saint-paul-angouleme.fr\/application\/lecole-fete-joyeusement-noel-a-la-cathedrale\/#breadcrumb","itemListElement":[{"@type":"ListItem","position":1,"name":"Accueil","item":"http:\/\/www.saint-paul-angouleme.fr\/application\/"},{"@type":"ListItem","position":2,"name":"L&#8217;\u00e9cole f\u00eate joyeusement No\u00ebl \u00e0 la cath\u00e9drale"}]},{"@type":"WebSite","@id":"https:\/\/www.saint-paul-angouleme.fr\/application\/#website","url":"https:\/\/www.saint-paul-angouleme.fr\/application\/","name":"Actualit\u00e9s","description":"Actualit\u00e9s Saint Paul","publisher":{"@id":"https:\/\/www.saint-paul-angouleme.fr\/application\/#organization"},"potentialAction":[{"@type":"SearchAction","target":{"@type":"EntryPoint","urlTemplate":"https:\/\/www.saint-paul-angouleme.fr\/application\/?s={search_term_string}"},"query-input":"required name=search_term_string"}],"inLanguage":"fr-FR"},{"@type":"Organization","@id":"https:\/\/www.saint-paul-angouleme.fr\/application\/#organization","name":"Ensemble scolaire Saint-Paul","url":"https:\/\/www.saint-paul-angouleme.fr\/application\/","logo":{"@type":"ImageObject","inLanguage":"fr-FR","@id":"https:\/\/www.saint-paul-angouleme.fr\/application\/#\/schema\/logo\/image\/","url":"https:\/\/www.saint-paul-angouleme.fr\/application\/wp-content\/uploads\/2018\/08\/logo-saint-paul-couleurs.jpg","contentUrl":"https:\/\/www.saint-paul-angouleme.fr\/application\/wp-content\/uploads\/2018\/08\/logo-saint-paul-couleurs.jpg","width":1890,"height":709,"caption":"Ensemble scolaire Saint-Paul"},"image":{"@id":"https:\/\/www.saint-paul-angouleme.fr\/application\/#\/schema\/logo\/image\/"},"sameAs":["https:\/\/www.facebook.com\/SaintPaulAngouleme16\/","https:\/\/x.com\/StPaulAngoulem","https:\/\/www.youtube.com\/channel\/UCRLpz1CmPVqc0gn--YyXvjA?view_as=subscriber"]},{"@type":"Person","@id":"https:\/\/www.saint-paul-angouleme.fr\/application\/#\/schema\/person\/ea152930b1a3823659065827b1a5fb9b","name":"SAINT-PAUL","image":{"@type":"ImageObject","inLanguage":"fr-FR","@id":"https:\/\/www.saint-paul-angouleme.fr\/application\/#\/schema\/person\/image\/","url":"https:\/\/secure.gravatar.com\/avatar\/eadb0ffebc02683a61d69038eb2924f0?s=96&r=g","contentUrl":"https:\/\/secure.gravatar.com\/avatar\/eadb0ffebc02683a61d69038eb2924f0?s=96&r=g","caption":"SAINT-PAUL"},"url":"https:\/\/www.saint-paul-angouleme.fr\/application\/author\/myriam\/"}]}},"_links":{"self":[{"href":"https:\/\/www.saint-paul-angouleme.fr\/application\/wp-json\/wp\/v2\/posts\/2409"}],"collection":[{"href":"https:\/\/www.saint-paul-angouleme.fr\/application\/wp-json\/wp\/v2\/posts"}],"about":[{"href":"https:\/\/www.saint-paul-angouleme.fr\/application\/wp-json\/wp\/v2\/types\/post"}],"author":[{"embeddable":true,"href":"https:\/\/www.saint-paul-angouleme.fr\/application\/wp-json\/wp\/v2\/users\/3"}],"replies":[{"embeddable":true,"href":"https:\/\/www.saint-paul-angouleme.fr\/application\/wp-json\/wp\/v2\/comments?post=2409"}],"version-history":[{"count":14,"href":"https:\/\/www.saint-paul-angouleme.fr\/application\/wp-json\/wp\/v2\/posts\/2409\/revisions"}],"predecessor-version":[{"id":2457,"href":"https:\/\/www.saint-paul-angouleme.fr\/application\/wp-json\/wp\/v2\/posts\/2409\/revisions\/2457"}],"wp:attachment":[{"href":"https:\/\/www.saint-paul-angouleme.fr\/application\/wp-json\/wp\/v2\/media?parent=2409"}],"wp:term":[{"taxonomy":"category","embeddable":true,"href":"https:\/\/www.saint-paul-angouleme.fr\/application\/wp-json\/wp\/v2\/categories?post=2409"},{"taxonomy":"post_tag","embeddable":true,"href":"https:\/\/www.saint-paul-angouleme.fr\/application\/wp-json\/wp\/v2\/tags?post=2409"}],"curies":[{"name":"wp","href":"https:\/\/api.w.org\/{rel}","templated":true}]}}