{"id":1977,"date":"2017-12-01T12:27:51","date_gmt":"2017-12-01T11:27:51","guid":{"rendered":"http:\/\/www.saint-paul-angouleme.fr\/application\/?p=1977"},"modified":"2017-12-01T12:27:51","modified_gmt":"2017-12-01T11:27:51","slug":"un-tpe-au-service-du-telethon","status":"publish","type":"post","link":"https:\/\/www.saint-paul-angouleme.fr\/application\/un-tpe-au-service-du-telethon\/","title":{"rendered":"Un TPE au service du TELETHON"},"content":{"rendered":"<p style=\"text-align: justify;\"><a href=\"http:\/\/www.saint-paul-angouleme.fr\/application\/wp-content\/uploads\/2017\/12\/Affiche-vente-T\u00e9l\u00e9thon-1.png\"><img loading=\"lazy\" decoding=\"async\" class=\"aligncenter size-full wp-image-1989\" src=\"http:\/\/www.saint-paul-angouleme.fr\/application\/wp-content\/uploads\/2017\/12\/Affiche-vente-T\u00e9l\u00e9thon-1.png\" alt=\"\" width=\"937\" height=\"1196\" data-id=\"1989\" srcset=\"https:\/\/www.saint-paul-angouleme.fr\/application\/wp-content\/uploads\/2017\/12\/Affiche-vente-T\u00e9l\u00e9thon-1.png 937w, https:\/\/www.saint-paul-angouleme.fr\/application\/wp-content\/uploads\/2017\/12\/Affiche-vente-T\u00e9l\u00e9thon-1-235x300.png 235w, https:\/\/www.saint-paul-angouleme.fr\/application\/wp-content\/uploads\/2017\/12\/Affiche-vente-T\u00e9l\u00e9thon-1-768x980.png 768w, https:\/\/www.saint-paul-angouleme.fr\/application\/wp-content\/uploads\/2017\/12\/Affiche-vente-T\u00e9l\u00e9thon-1-802x1024.png 802w\" sizes=\"(max-width: 937px) 100vw, 937px\" \/><\/a><\/p>\n<p style=\"text-align: justify;\"><span style=\"font-family: tahoma, arial, helvetica, sans-serif; color: #333333; font-size: 16px;\">Emma GILLARD et Marion GATEFAIT sont toutes deux \u00e9l\u00e8ves en classe de 1\u00e8re S1. Dans le cadre des TPE (Travaux Personnels Encadr\u00e9s)* elles ont choisi de s&#8217;int\u00e9resser aux maladies g\u00e9n\u00e9tiques et plus particuli\u00e8rement \u00e0 l&#8217;amyotrophie spinale.<\/span><\/p>\n<p style=\"text-align: justify;\"><span style=\"font-family: tahoma, arial, helvetica, sans-serif; color: #333333; font-size: 16px;\">Au cours de la pr\u00e9paration du T\u00e9l\u00e9thon de La Couronne,\u00a0elles ont ainsi pu faire la connaissance d&#8217;Oc\u00e9ane, une enfant atteinte de cette maladie, qui chantera avec un groupe d&#8217;amis le jour &#8220;J&#8221;.<\/span><\/p>\n<p style=\"text-align: justify;\"><span style=\"font-family: tahoma, arial, helvetica, sans-serif; color: #333333; font-size: 16px;\">De l\u00e0 est n\u00e9e l&#8217;id\u00e9e d&#8217;organiser un \u00e9v\u00e9nement \u00e0 Saint-Paul qui permette de soutenir l&#8217;AFM. Emma et Marion sont donc all\u00e9es \u00e0 la rencontre des responsables locaux du T\u00e9l\u00e9thon : Julie REPOLT (Coordinatrice Charente) et St\u00e9phanie POUILLET (coordinatrice scolaire T\u00e9l\u00e9thon Charente) lors d&#8217;une conf\u00e9rence \u00e0 la Mairie d&#8217;Angoul\u00eame sur &#8220;Les prouesses du T\u00e9l\u00e9thon&#8221;. Puis l&#8217;id\u00e9e d&#8217;une vente de chocolat chaud et de chouquettes a germ\u00e9.<\/span><\/p>\n<p style=\"text-align: justify;\"><span style=\"font-family: tahoma, arial, helvetica, sans-serif; color: #333333; font-size: 16px;\">Accompagn\u00e9es de Mme SUTRE (Adjointe de direction), de M. BERGER (CPE Lyc\u00e9e), de Mmes EHLINGER et KRINICKI (professeurs assurant le suivi du TPE) et de la coordinatrice scolaire du T\u00e9l\u00e9thon le contrat a \u00e9t\u00e9 \u00e9tabli le mardi 29 novembre pour l&#8217;organisation de cette manifestation. Deux objectifs sont vis\u00e9s : r\u00e9colter des fonds pour la recherche m\u00e9dicale de ces maladies g\u00e9n\u00e9tiques mais aussi sensibiliser les \u00e9l\u00e8ves sur l&#8217;importance de s&#8217;engager pour cette cause.<\/span><\/p>\n<p style=\"text-align: justify;\"><span style=\"font-size: 16px;\"><strong><span style=\"font-family: tahoma, arial, helvetica, sans-serif; color: #333333;\">Il est important de se mobiliser : venez donc nombreux le vendredi 8 d\u00e9cembre \u00e0 la r\u00e9cr\u00e9ation de 10h00 prendre une tasse de chocolat chaud et acheter des chouquettes. L&#8217;occasion de prendre un bon petit d\u00e9jeuner solidaire !<\/span><\/strong><\/span><\/p>\n<p style=\"text-align: justify;\"><span style=\"font-size: 12px;\"><em><span style=\"font-family: tahoma, arial, helvetica, sans-serif; color: #333333;\">*Travail de groupe (de 2 \u00e0 3 \u00e9l\u00e8ves) dont le sujet\u00a0est\u00a0choisi par les \u00e9l\u00e8ves \u00e0 partir de th\u00e8mes nationaux et qui doit croiser au moins deux disciplines<\/span><\/em><\/span><\/p>\n","protected":false},"excerpt":{"rendered":"<p>Emma GILLARD et Marion GATEFAIT sont toutes deux \u00e9l\u00e8ves en classe de 1\u00e8re S1. Dans le cadre des TPE (Travaux Personnels Encadr\u00e9s)* elles ont choisi de s&#8217;int\u00e9resser aux maladies g\u00e9n\u00e9tiques et plus particuli\u00e8rement \u00e0 l&#8217;amyotrophie spinale. Au cours de la pr\u00e9paration du T\u00e9l\u00e9thon de La Couronne,\u00a0elles ont ainsi pu faire la connaissance d&#8217;Oc\u00e9ane, une enfant &#8230; <a title=\"Un TPE au service du TELETHON\" class=\"read-more\" href=\"https:\/\/www.saint-paul-angouleme.fr\/application\/un-tpe-au-service-du-telethon\/\" aria-label=\"Read more about Un TPE au service du TELETHON\">Lire la suite<\/a><\/p>\n","protected":false},"author":3,"featured_media":0,"comment_status":"open","ping_status":"open","sticky":false,"template":"","format":"standard","meta":{"_exactmetrics_skip_tracking":false,"_exactmetrics_sitenote_active":false,"_exactmetrics_sitenote_note":"","_exactmetrics_sitenote_category":0,"footnotes":""},"categories":[12],"tags":[148,149,147,150],"class_list":["post-1977","post","type-post","status-publish","format-standard","hentry","category-rendez-vous","tag-maladies-genetiques","tag-solidarite","tag-telethon","tag-tpe"],"yoast_head":"<!-- This site is optimized with the Yoast SEO plugin v23.3 - https:\/\/yoast.com\/wordpress\/plugins\/seo\/ -->\n<title>Un TPE au service du TELETHON - Actualit\u00e9s<\/title>\n<meta name=\"robots\" content=\"index, follow, max-snippet:-1, max-image-preview:large, max-video-preview:-1\" \/>\n<link rel=\"canonical\" href=\"https:\/\/www.saint-paul-angouleme.fr\/application\/un-tpe-au-service-du-telethon\/\" \/>\n<meta property=\"og:locale\" content=\"fr_FR\" \/>\n<meta property=\"og:type\" content=\"article\" \/>\n<meta property=\"og:title\" content=\"Un TPE au service du TELETHON - Actualit\u00e9s\" \/>\n<meta property=\"og:description\" content=\"Emma GILLARD et Marion GATEFAIT sont toutes deux \u00e9l\u00e8ves en classe de 1\u00e8re S1. Dans le cadre des TPE (Travaux Personnels Encadr\u00e9s)* elles ont choisi de s&#8217;int\u00e9resser aux maladies g\u00e9n\u00e9tiques et plus particuli\u00e8rement \u00e0 l&#8217;amyotrophie spinale. Au cours de la pr\u00e9paration du T\u00e9l\u00e9thon de La Couronne,\u00a0elles ont ainsi pu faire la connaissance d&#8217;Oc\u00e9ane, une enfant ... Lire la suite\" \/>\n<meta property=\"og:url\" content=\"https:\/\/www.saint-paul-angouleme.fr\/application\/un-tpe-au-service-du-telethon\/\" \/>\n<meta property=\"og:site_name\" content=\"Actualit\u00e9s\" \/>\n<meta property=\"article:publisher\" content=\"https:\/\/www.facebook.com\/SaintPaulAngouleme16\/\" \/>\n<meta property=\"article:published_time\" content=\"2017-12-01T11:27:51+00:00\" \/>\n<meta name=\"author\" content=\"SAINT-PAUL\" \/>\n<meta name=\"twitter:card\" content=\"summary_large_image\" \/>\n<meta name=\"twitter:creator\" content=\"@StPaulAngoulem\" \/>\n<meta name=\"twitter:site\" content=\"@StPaulAngoulem\" \/>\n<meta name=\"twitter:label1\" content=\"\u00c9crit par\" \/>\n\t<meta name=\"twitter:data1\" content=\"SAINT-PAUL\" \/>\n\t<meta name=\"twitter:label2\" content=\"Dur\u00e9e de lecture estim\u00e9e\" \/>\n\t<meta name=\"twitter:data2\" content=\"1 minute\" \/>\n<script type=\"application\/ld+json\" class=\"yoast-schema-graph\">{\"@context\":\"https:\/\/schema.org\",\"@graph\":[{\"@type\":\"Article\",\"@id\":\"https:\/\/www.saint-paul-angouleme.fr\/application\/un-tpe-au-service-du-telethon\/#article\",\"isPartOf\":{\"@id\":\"https:\/\/www.saint-paul-angouleme.fr\/application\/un-tpe-au-service-du-telethon\/\"},\"author\":{\"name\":\"SAINT-PAUL\",\"@id\":\"https:\/\/www.saint-paul-angouleme.fr\/application\/#\/schema\/person\/ea152930b1a3823659065827b1a5fb9b\"},\"headline\":\"Un TPE au service du TELETHON\",\"datePublished\":\"2017-12-01T11:27:51+00:00\",\"dateModified\":\"2017-12-01T11:27:51+00:00\",\"mainEntityOfPage\":{\"@id\":\"https:\/\/www.saint-paul-angouleme.fr\/application\/un-tpe-au-service-du-telethon\/\"},\"wordCount\":320,\"commentCount\":0,\"publisher\":{\"@id\":\"https:\/\/www.saint-paul-angouleme.fr\/application\/#organization\"},\"keywords\":[\"maladies g\u00e9n\u00e9tiques\",\"solidarit\u00e9\",\"T\u00e9l\u00e9thon\",\"TPE\"],\"articleSection\":[\"Rendez-vous\"],\"inLanguage\":\"fr-FR\",\"potentialAction\":[{\"@type\":\"CommentAction\",\"name\":\"Comment\",\"target\":[\"https:\/\/www.saint-paul-angouleme.fr\/application\/un-tpe-au-service-du-telethon\/#respond\"]}]},{\"@type\":\"WebPage\",\"@id\":\"https:\/\/www.saint-paul-angouleme.fr\/application\/un-tpe-au-service-du-telethon\/\",\"url\":\"https:\/\/www.saint-paul-angouleme.fr\/application\/un-tpe-au-service-du-telethon\/\",\"name\":\"Un TPE au service du TELETHON - Actualit\u00e9s\",\"isPartOf\":{\"@id\":\"https:\/\/www.saint-paul-angouleme.fr\/application\/#website\"},\"datePublished\":\"2017-12-01T11:27:51+00:00\",\"dateModified\":\"2017-12-01T11:27:51+00:00\",\"breadcrumb\":{\"@id\":\"https:\/\/www.saint-paul-angouleme.fr\/application\/un-tpe-au-service-du-telethon\/#breadcrumb\"},\"inLanguage\":\"fr-FR\",\"potentialAction\":[{\"@type\":\"ReadAction\",\"target\":[\"https:\/\/www.saint-paul-angouleme.fr\/application\/un-tpe-au-service-du-telethon\/\"]}]},{\"@type\":\"BreadcrumbList\",\"@id\":\"https:\/\/www.saint-paul-angouleme.fr\/application\/un-tpe-au-service-du-telethon\/#breadcrumb\",\"itemListElement\":[{\"@type\":\"ListItem\",\"position\":1,\"name\":\"Accueil\",\"item\":\"http:\/\/www.saint-paul-angouleme.fr\/application\/\"},{\"@type\":\"ListItem\",\"position\":2,\"name\":\"Un TPE au service du TELETHON\"}]},{\"@type\":\"WebSite\",\"@id\":\"https:\/\/www.saint-paul-angouleme.fr\/application\/#website\",\"url\":\"https:\/\/www.saint-paul-angouleme.fr\/application\/\",\"name\":\"Actualit\u00e9s\",\"description\":\"Actualit\u00e9s Saint Paul\",\"publisher\":{\"@id\":\"https:\/\/www.saint-paul-angouleme.fr\/application\/#organization\"},\"potentialAction\":[{\"@type\":\"SearchAction\",\"target\":{\"@type\":\"EntryPoint\",\"urlTemplate\":\"https:\/\/www.saint-paul-angouleme.fr\/application\/?s={search_term_string}\"},\"query-input\":\"required name=search_term_string\"}],\"inLanguage\":\"fr-FR\"},{\"@type\":\"Organization\",\"@id\":\"https:\/\/www.saint-paul-angouleme.fr\/application\/#organization\",\"name\":\"Ensemble scolaire Saint-Paul\",\"url\":\"https:\/\/www.saint-paul-angouleme.fr\/application\/\",\"logo\":{\"@type\":\"ImageObject\",\"inLanguage\":\"fr-FR\",\"@id\":\"https:\/\/www.saint-paul-angouleme.fr\/application\/#\/schema\/logo\/image\/\",\"url\":\"https:\/\/www.saint-paul-angouleme.fr\/application\/wp-content\/uploads\/2018\/08\/logo-saint-paul-couleurs.jpg\",\"contentUrl\":\"https:\/\/www.saint-paul-angouleme.fr\/application\/wp-content\/uploads\/2018\/08\/logo-saint-paul-couleurs.jpg\",\"width\":1890,\"height\":709,\"caption\":\"Ensemble scolaire Saint-Paul\"},\"image\":{\"@id\":\"https:\/\/www.saint-paul-angouleme.fr\/application\/#\/schema\/logo\/image\/\"},\"sameAs\":[\"https:\/\/www.facebook.com\/SaintPaulAngouleme16\/\",\"https:\/\/x.com\/StPaulAngoulem\",\"https:\/\/www.youtube.com\/channel\/UCRLpz1CmPVqc0gn--YyXvjA?view_as=subscriber\"]},{\"@type\":\"Person\",\"@id\":\"https:\/\/www.saint-paul-angouleme.fr\/application\/#\/schema\/person\/ea152930b1a3823659065827b1a5fb9b\",\"name\":\"SAINT-PAUL\",\"image\":{\"@type\":\"ImageObject\",\"inLanguage\":\"fr-FR\",\"@id\":\"https:\/\/www.saint-paul-angouleme.fr\/application\/#\/schema\/person\/image\/\",\"url\":\"https:\/\/secure.gravatar.com\/avatar\/eadb0ffebc02683a61d69038eb2924f0?s=96&r=g\",\"contentUrl\":\"https:\/\/secure.gravatar.com\/avatar\/eadb0ffebc02683a61d69038eb2924f0?s=96&r=g\",\"caption\":\"SAINT-PAUL\"},\"url\":\"https:\/\/www.saint-paul-angouleme.fr\/application\/author\/myriam\/\"}]}<\/script>\n<!-- \/ Yoast SEO plugin. -->","yoast_head_json":{"title":"Un TPE au service du TELETHON - Actualit\u00e9s","robots":{"index":"index","follow":"follow","max-snippet":"max-snippet:-1","max-image-preview":"max-image-preview:large","max-video-preview":"max-video-preview:-1"},"canonical":"https:\/\/www.saint-paul-angouleme.fr\/application\/un-tpe-au-service-du-telethon\/","og_locale":"fr_FR","og_type":"article","og_title":"Un TPE au service du TELETHON - Actualit\u00e9s","og_description":"Emma GILLARD et Marion GATEFAIT sont toutes deux \u00e9l\u00e8ves en classe de 1\u00e8re S1. Dans le cadre des TPE (Travaux Personnels Encadr\u00e9s)* elles ont choisi de s&#8217;int\u00e9resser aux maladies g\u00e9n\u00e9tiques et plus particuli\u00e8rement \u00e0 l&#8217;amyotrophie spinale. Au cours de la pr\u00e9paration du T\u00e9l\u00e9thon de La Couronne,\u00a0elles ont ainsi pu faire la connaissance d&#8217;Oc\u00e9ane, une enfant ... Lire la suite","og_url":"https:\/\/www.saint-paul-angouleme.fr\/application\/un-tpe-au-service-du-telethon\/","og_site_name":"Actualit\u00e9s","article_publisher":"https:\/\/www.facebook.com\/SaintPaulAngouleme16\/","article_published_time":"2017-12-01T11:27:51+00:00","author":"SAINT-PAUL","twitter_card":"summary_large_image","twitter_creator":"@StPaulAngoulem","twitter_site":"@StPaulAngoulem","twitter_misc":{"\u00c9crit par":"SAINT-PAUL","Dur\u00e9e de lecture estim\u00e9e":"1 minute"},"schema":{"@context":"https:\/\/schema.org","@graph":[{"@type":"Article","@id":"https:\/\/www.saint-paul-angouleme.fr\/application\/un-tpe-au-service-du-telethon\/#article","isPartOf":{"@id":"https:\/\/www.saint-paul-angouleme.fr\/application\/un-tpe-au-service-du-telethon\/"},"author":{"name":"SAINT-PAUL","@id":"https:\/\/www.saint-paul-angouleme.fr\/application\/#\/schema\/person\/ea152930b1a3823659065827b1a5fb9b"},"headline":"Un TPE au service du TELETHON","datePublished":"2017-12-01T11:27:51+00:00","dateModified":"2017-12-01T11:27:51+00:00","mainEntityOfPage":{"@id":"https:\/\/www.saint-paul-angouleme.fr\/application\/un-tpe-au-service-du-telethon\/"},"wordCount":320,"commentCount":0,"publisher":{"@id":"https:\/\/www.saint-paul-angouleme.fr\/application\/#organization"},"keywords":["maladies g\u00e9n\u00e9tiques","solidarit\u00e9","T\u00e9l\u00e9thon","TPE"],"articleSection":["Rendez-vous"],"inLanguage":"fr-FR","potentialAction":[{"@type":"CommentAction","name":"Comment","target":["https:\/\/www.saint-paul-angouleme.fr\/application\/un-tpe-au-service-du-telethon\/#respond"]}]},{"@type":"WebPage","@id":"https:\/\/www.saint-paul-angouleme.fr\/application\/un-tpe-au-service-du-telethon\/","url":"https:\/\/www.saint-paul-angouleme.fr\/application\/un-tpe-au-service-du-telethon\/","name":"Un TPE au service du TELETHON - Actualit\u00e9s","isPartOf":{"@id":"https:\/\/www.saint-paul-angouleme.fr\/application\/#website"},"datePublished":"2017-12-01T11:27:51+00:00","dateModified":"2017-12-01T11:27:51+00:00","breadcrumb":{"@id":"https:\/\/www.saint-paul-angouleme.fr\/application\/un-tpe-au-service-du-telethon\/#breadcrumb"},"inLanguage":"fr-FR","potentialAction":[{"@type":"ReadAction","target":["https:\/\/www.saint-paul-angouleme.fr\/application\/un-tpe-au-service-du-telethon\/"]}]},{"@type":"BreadcrumbList","@id":"https:\/\/www.saint-paul-angouleme.fr\/application\/un-tpe-au-service-du-telethon\/#breadcrumb","itemListElement":[{"@type":"ListItem","position":1,"name":"Accueil","item":"http:\/\/www.saint-paul-angouleme.fr\/application\/"},{"@type":"ListItem","position":2,"name":"Un TPE au service du TELETHON"}]},{"@type":"WebSite","@id":"https:\/\/www.saint-paul-angouleme.fr\/application\/#website","url":"https:\/\/www.saint-paul-angouleme.fr\/application\/","name":"Actualit\u00e9s","description":"Actualit\u00e9s Saint Paul","publisher":{"@id":"https:\/\/www.saint-paul-angouleme.fr\/application\/#organization"},"potentialAction":[{"@type":"SearchAction","target":{"@type":"EntryPoint","urlTemplate":"https:\/\/www.saint-paul-angouleme.fr\/application\/?s={search_term_string}"},"query-input":"required name=search_term_string"}],"inLanguage":"fr-FR"},{"@type":"Organization","@id":"https:\/\/www.saint-paul-angouleme.fr\/application\/#organization","name":"Ensemble scolaire Saint-Paul","url":"https:\/\/www.saint-paul-angouleme.fr\/application\/","logo":{"@type":"ImageObject","inLanguage":"fr-FR","@id":"https:\/\/www.saint-paul-angouleme.fr\/application\/#\/schema\/logo\/image\/","url":"https:\/\/www.saint-paul-angouleme.fr\/application\/wp-content\/uploads\/2018\/08\/logo-saint-paul-couleurs.jpg","contentUrl":"https:\/\/www.saint-paul-angouleme.fr\/application\/wp-content\/uploads\/2018\/08\/logo-saint-paul-couleurs.jpg","width":1890,"height":709,"caption":"Ensemble scolaire Saint-Paul"},"image":{"@id":"https:\/\/www.saint-paul-angouleme.fr\/application\/#\/schema\/logo\/image\/"},"sameAs":["https:\/\/www.facebook.com\/SaintPaulAngouleme16\/","https:\/\/x.com\/StPaulAngoulem","https:\/\/www.youtube.com\/channel\/UCRLpz1CmPVqc0gn--YyXvjA?view_as=subscriber"]},{"@type":"Person","@id":"https:\/\/www.saint-paul-angouleme.fr\/application\/#\/schema\/person\/ea152930b1a3823659065827b1a5fb9b","name":"SAINT-PAUL","image":{"@type":"ImageObject","inLanguage":"fr-FR","@id":"https:\/\/www.saint-paul-angouleme.fr\/application\/#\/schema\/person\/image\/","url":"https:\/\/secure.gravatar.com\/avatar\/eadb0ffebc02683a61d69038eb2924f0?s=96&r=g","contentUrl":"https:\/\/secure.gravatar.com\/avatar\/eadb0ffebc02683a61d69038eb2924f0?s=96&r=g","caption":"SAINT-PAUL"},"url":"https:\/\/www.saint-paul-angouleme.fr\/application\/author\/myriam\/"}]}},"_links":{"self":[{"href":"https:\/\/www.saint-paul-angouleme.fr\/application\/wp-json\/wp\/v2\/posts\/1977"}],"collection":[{"href":"https:\/\/www.saint-paul-angouleme.fr\/application\/wp-json\/wp\/v2\/posts"}],"about":[{"href":"https:\/\/www.saint-paul-angouleme.fr\/application\/wp-json\/wp\/v2\/types\/post"}],"author":[{"embeddable":true,"href":"https:\/\/www.saint-paul-angouleme.fr\/application\/wp-json\/wp\/v2\/users\/3"}],"replies":[{"embeddable":true,"href":"https:\/\/www.saint-paul-angouleme.fr\/application\/wp-json\/wp\/v2\/comments?post=1977"}],"version-history":[{"count":15,"href":"https:\/\/www.saint-paul-angouleme.fr\/application\/wp-json\/wp\/v2\/posts\/1977\/revisions"}],"predecessor-version":[{"id":1993,"href":"https:\/\/www.saint-paul-angouleme.fr\/application\/wp-json\/wp\/v2\/posts\/1977\/revisions\/1993"}],"wp:attachment":[{"href":"https:\/\/www.saint-paul-angouleme.fr\/application\/wp-json\/wp\/v2\/media?parent=1977"}],"wp:term":[{"taxonomy":"category","embeddable":true,"href":"https:\/\/www.saint-paul-angouleme.fr\/application\/wp-json\/wp\/v2\/categories?post=1977"},{"taxonomy":"post_tag","embeddable":true,"href":"https:\/\/www.saint-paul-angouleme.fr\/application\/wp-json\/wp\/v2\/tags?post=1977"}],"curies":[{"name":"wp","href":"https:\/\/api.w.org\/{rel}","templated":true}]}}