{"id":1932,"date":"2017-10-24T12:00:09","date_gmt":"2017-10-24T10:00:09","guid":{"rendered":"http:\/\/www.saint-paul-angouleme.fr\/application\/?p=1932"},"modified":"2017-10-24T12:00:09","modified_gmt":"2017-10-24T10:00:09","slug":"visite-a-la-maison-de-la-foret-pour-les-gs-et-cp","status":"publish","type":"post","link":"https:\/\/www.saint-paul-angouleme.fr\/application\/visite-a-la-maison-de-la-foret-pour-les-gs-et-cp\/","title":{"rendered":"Visite \u00e0 &#8220;La Maison de la For\u00eat&#8221; pour les GS et CP"},"content":{"rendered":"<p style=\"text-align: justify;\"><a href=\"http:\/\/www.saint-paul-angouleme.fr\/application\/wp-content\/uploads\/2017\/10\/P1170006.jpg\"><img loading=\"lazy\" decoding=\"async\" class=\"aligncenter size-large wp-image-1934\" src=\"http:\/\/www.saint-paul-angouleme.fr\/application\/wp-content\/uploads\/2017\/10\/P1170006-1024x768.jpg\" alt=\"\" width=\"1024\" height=\"768\" data-id=\"1934\" srcset=\"https:\/\/www.saint-paul-angouleme.fr\/application\/wp-content\/uploads\/2017\/10\/P1170006-1024x768.jpg 1024w, https:\/\/www.saint-paul-angouleme.fr\/application\/wp-content\/uploads\/2017\/10\/P1170006-300x225.jpg 300w, https:\/\/www.saint-paul-angouleme.fr\/application\/wp-content\/uploads\/2017\/10\/P1170006-768x576.jpg 768w\" sizes=\"(max-width: 1024px) 100vw, 1024px\" \/><\/a><\/p>\n<p style=\"text-align: justify;\"><span style=\"font-family: tahoma, arial, helvetica, sans-serif; font-size: 16px; color: #333333;\">Dans le cadre du projet de classe \u201cAu fil des saisons\u201d, les GS-CP et CP feront trois sorties dans l\u2019ann\u00e9e \u00e0 la maison de la For\u00eat \u00e0 Montlieu-la-Garde en Charente-Maritime \u00e0 l&#8217;initiative de Mme LEVAZEUX et de Mme HENRY.<\/span><\/p>\n<p style=\"text-align: justify;\"><span style=\"font-family: tahoma, arial, helvetica, sans-serif; font-size: 16px; color: #333333;\">La premi\u00e8re a eu lieu le vendredi 6 octobre afin d\u2019\u00e9tudier l\u2019automne et le milieu forestier. La journ\u00e9e se divise en deux temps:<\/span><\/p>\n<p style=\"text-align: justify;\"><span style=\"font-family: tahoma, arial, helvetica, sans-serif; font-size: 16px; color: #333333;\">&#8211; Le temps d\u2019une promenade en for\u00eat o\u00f9 les enfants ont appris \u00e0 reconna\u00eetre les essences foresti\u00e8res et \u00e0 identifier leurs feuilles et leurs fruits. Ils ont aussi d\u00e9couvert les animaux de la for\u00eat gr\u00e2ce aux traces et indices de pr\u00e9sences et gr\u00e2ce aux reproductions r\u00e9alistes.<\/span><\/p>\n<p style=\"text-align: justify;\"><span style=\"font-family: tahoma, arial, helvetica, sans-serif; font-size: 16px; color: #333333;\">&#8211; Le temps d\u2019un atelier o\u00f9 les enfants ont fabriqu\u00e9 du papier recycl\u00e9 \u00e0 partir de journaux.<\/span><\/p>\n<p style=\"text-align: justify;\"><a href=\"http:\/\/www.saint-paul-angouleme.fr\/application\/wp-content\/uploads\/2017\/10\/P1170088.jpg\"><img loading=\"lazy\" decoding=\"async\" class=\"aligncenter size-large wp-image-1935\" src=\"http:\/\/www.saint-paul-angouleme.fr\/application\/wp-content\/uploads\/2017\/10\/P1170088-1024x768.jpg\" alt=\"\" width=\"1024\" height=\"768\" data-id=\"1935\" srcset=\"https:\/\/www.saint-paul-angouleme.fr\/application\/wp-content\/uploads\/2017\/10\/P1170088-1024x768.jpg 1024w, https:\/\/www.saint-paul-angouleme.fr\/application\/wp-content\/uploads\/2017\/10\/P1170088-300x225.jpg 300w, https:\/\/www.saint-paul-angouleme.fr\/application\/wp-content\/uploads\/2017\/10\/P1170088-768x576.jpg 768w\" sizes=\"(max-width: 1024px) 100vw, 1024px\" \/><\/a><\/p>\n<p style=\"text-align: justify;\"><span style=\"font-family: tahoma, arial, helvetica, sans-serif; font-size: 16px; color: #333333;\">La sortie d\u2019hiver aura lieu le 16 mars.\u00a0<\/span><span style=\"font-family: tahoma, arial, helvetica, sans-serif; font-size: 16px; color: #333333;\">Elle proposera l\u2019observation de la for\u00eat en hiver et les ateliers intitul\u00e9s la cantine aux oiseaux (fabrication d\u2019une mangeoire et de boules de graisse)<\/span><\/p>\n<p style=\"text-align: justify;\"><span style=\"font-family: tahoma, arial, helvetica, sans-serif; font-size: 16px; color: #333333;\">La sortie du printemps aura lieu le 8 juin.\u00a0<\/span><span style=\"font-family: tahoma, arial, helvetica, sans-serif; font-size: 16px; color: #333333;\">Elle se composera d\u2019une balade cont\u00e9e et d\u2019ateliers marionnette et jeux d\u2019autrefois<\/span><\/p>\n<p style=\"text-align: justify;\"><a href=\"http:\/\/www.saint-paul-angouleme.fr\/application\/wp-content\/uploads\/2017\/10\/P1170039.jpg\"><img loading=\"lazy\" decoding=\"async\" class=\"aligncenter size-large wp-image-1936\" src=\"http:\/\/www.saint-paul-angouleme.fr\/application\/wp-content\/uploads\/2017\/10\/P1170039-1024x768.jpg\" alt=\"\" width=\"1024\" height=\"768\" data-id=\"1936\" srcset=\"https:\/\/www.saint-paul-angouleme.fr\/application\/wp-content\/uploads\/2017\/10\/P1170039-1024x768.jpg 1024w, https:\/\/www.saint-paul-angouleme.fr\/application\/wp-content\/uploads\/2017\/10\/P1170039-300x225.jpg 300w, https:\/\/www.saint-paul-angouleme.fr\/application\/wp-content\/uploads\/2017\/10\/P1170039-768x576.jpg 768w\" sizes=\"(max-width: 1024px) 100vw, 1024px\" \/><\/a><\/p>\n<p style=\"text-align: justify;\">\u00a0<div tabindex=\"0\" class=\"cycloneslider cycloneslider-template-standard cycloneslider-width-responsive\" id=\"cycloneslider-maison-de-la-foret-1\" style=\"max-width:960px\" > <div class=\"cycloneslider-slides cycle-slideshow\" data-cycle-allow-wrap=\"true\" data-cycle-dynamic-height=\"off\" data-cycle-auto-height=\"960:600\" data-cycle-auto-height-easing=\"null\" data-cycle-auto-height-speed=\"250\" data-cycle-delay=\"0\" data-cycle-easing=\"\" data-cycle-fx=\"fade\" data-cycle-hide-non-active=\"true\" data-cycle-log=\"false\" data-cycle-next=\"#cycloneslider-maison-de-la-foret-1 .cycloneslider-next\" data-cycle-pager=\"#cycloneslider-maison-de-la-foret-1 .cycloneslider-pager\" data-cycle-pause-on-hover=\"true\" data-cycle-prev=\"#cycloneslider-maison-de-la-foret-1 .cycloneslider-prev\" data-cycle-slides=\"&gt; div\" data-cycle-speed=\"1000\" data-cycle-swipe=\"1\" data-cycle-tile-count=\"7\" data-cycle-tile-delay=\"100\" data-cycle-tile-vertical=\"true\" data-cycle-timeout=\"4000\" > <div class=\"cycloneslider-slide cycloneslider-slide-image\" > <img decoding=\"async\" src=\"https:\/\/www.saint-paul-angouleme.fr\/application\/wp-content\/uploads\/2017\/10\/P1170009-960x600.jpg\" alt=\"\" title=\"\" \/> <\/div> <div class=\"cycloneslider-slide cycloneslider-slide-image\" > <img decoding=\"async\" src=\"https:\/\/www.saint-paul-angouleme.fr\/application\/wp-content\/uploads\/2017\/10\/P1170012-960x600.jpg\" alt=\"\" title=\"\" \/> <\/div> <div class=\"cycloneslider-slide cycloneslider-slide-image\" > <img decoding=\"async\" src=\"https:\/\/www.saint-paul-angouleme.fr\/application\/wp-content\/uploads\/2017\/10\/P1170034-960x600.jpg\" alt=\"\" title=\"\" \/> <\/div> <div class=\"cycloneslider-slide cycloneslider-slide-image\" > <img decoding=\"async\" src=\"https:\/\/www.saint-paul-angouleme.fr\/application\/wp-content\/uploads\/2017\/10\/P1170037-960x600.jpg\" alt=\"\" title=\"\" \/> <\/div> <div class=\"cycloneslider-slide cycloneslider-slide-image\" > <img decoding=\"async\" src=\"https:\/\/www.saint-paul-angouleme.fr\/application\/wp-content\/uploads\/2017\/10\/P1170086-960x600.jpg\" alt=\"\" title=\"\" \/> <\/div> <div class=\"cycloneslider-slide cycloneslider-slide-image\" > <img decoding=\"async\" src=\"https:\/\/www.saint-paul-angouleme.fr\/application\/wp-content\/uploads\/2017\/10\/P1170039-960x600.jpg\" alt=\"\" title=\"\" \/> <\/div> <div class=\"cycloneslider-slide cycloneslider-slide-image\" > <img decoding=\"async\" src=\"https:\/\/www.saint-paul-angouleme.fr\/application\/wp-content\/uploads\/2017\/10\/P1170088-960x600.jpg\" alt=\"\" title=\"\" \/> <\/div> <div class=\"cycloneslider-slide cycloneslider-slide-image\" > <img decoding=\"async\" src=\"https:\/\/www.saint-paul-angouleme.fr\/application\/wp-content\/uploads\/2017\/10\/P1170006-960x600.jpg\" alt=\"\" title=\"\" \/> <\/div> <\/div> <div class=\"cycloneslider-pager\"><\/div> <a href=\"#\" class=\"cycloneslider-prev\"> <span class=\"arrow\"><\/span> <\/a> <a href=\"#\" class=\"cycloneslider-next\"> <span class=\"arrow\"><\/span> <\/a> <\/div>\n","protected":false},"excerpt":{"rendered":"<p>Dans le cadre du projet de classe \u201cAu fil des saisons\u201d, les GS-CP et CP feront trois sorties dans l\u2019ann\u00e9e \u00e0 la maison de la For\u00eat \u00e0 Montlieu-la-Garde en Charente-Maritime \u00e0 l&#8217;initiative de Mme LEVAZEUX et de Mme HENRY. La premi\u00e8re a eu lieu le vendredi 6 octobre afin d\u2019\u00e9tudier l\u2019automne et le milieu forestier. &#8230; <a title=\"Visite \u00e0 &#8220;La Maison de la For\u00eat&#8221; pour les GS et CP\" class=\"read-more\" href=\"https:\/\/www.saint-paul-angouleme.fr\/application\/visite-a-la-maison-de-la-foret-pour-les-gs-et-cp\/\" aria-label=\"Read more about Visite \u00e0 &#8220;La Maison de la For\u00eat&#8221; pour les GS et CP\">Lire la suite<\/a><\/p>\n","protected":false},"author":3,"featured_media":0,"comment_status":"open","ping_status":"open","sticky":false,"template":"","format":"standard","meta":{"_exactmetrics_skip_tracking":false,"_exactmetrics_sitenote_active":false,"_exactmetrics_sitenote_note":"","_exactmetrics_sitenote_category":0,"footnotes":""},"categories":[5,13],"tags":[141,142,140,143,144,139,145],"class_list":["post-1932","post","type-post","status-publish","format-standard","hentry","category-ecole","category-pedagogie","tag-animaux","tag-arbres","tag-automne","tag-feuilles","tag-fruits","tag-maison-de-la-foret","tag-papier-recycle"],"yoast_head":"<!-- This site is optimized with the Yoast SEO plugin v23.3 - https:\/\/yoast.com\/wordpress\/plugins\/seo\/ -->\n<title>Visite \u00e0 &quot;La Maison de la For\u00eat&quot; pour les GS et CP - Actualit\u00e9s<\/title>\n<meta name=\"robots\" content=\"index, follow, max-snippet:-1, max-image-preview:large, max-video-preview:-1\" \/>\n<link rel=\"canonical\" href=\"https:\/\/www.saint-paul-angouleme.fr\/application\/visite-a-la-maison-de-la-foret-pour-les-gs-et-cp\/\" \/>\n<meta property=\"og:locale\" content=\"fr_FR\" \/>\n<meta property=\"og:type\" content=\"article\" \/>\n<meta property=\"og:title\" content=\"Visite \u00e0 &quot;La Maison de la For\u00eat&quot; pour les GS et CP - Actualit\u00e9s\" \/>\n<meta property=\"og:description\" content=\"Dans le cadre du projet de classe \u201cAu fil des saisons\u201d, les GS-CP et CP feront trois sorties dans l\u2019ann\u00e9e \u00e0 la maison de la For\u00eat \u00e0 Montlieu-la-Garde en Charente-Maritime \u00e0 l&#8217;initiative de Mme LEVAZEUX et de Mme HENRY. La premi\u00e8re a eu lieu le vendredi 6 octobre afin d\u2019\u00e9tudier l\u2019automne et le milieu forestier. ... Lire la suite\" \/>\n<meta property=\"og:url\" content=\"https:\/\/www.saint-paul-angouleme.fr\/application\/visite-a-la-maison-de-la-foret-pour-les-gs-et-cp\/\" \/>\n<meta property=\"og:site_name\" content=\"Actualit\u00e9s\" \/>\n<meta property=\"article:publisher\" content=\"https:\/\/www.facebook.com\/SaintPaulAngouleme16\/\" \/>\n<meta property=\"article:published_time\" content=\"2017-10-24T10:00:09+00:00\" \/>\n<meta property=\"og:image\" content=\"http:\/\/www.saint-paul-angouleme.fr\/application\/wp-content\/uploads\/2017\/10\/P1170006-1024x768.jpg\" \/>\n<meta name=\"author\" content=\"SAINT-PAUL\" \/>\n<meta name=\"twitter:card\" content=\"summary_large_image\" \/>\n<meta name=\"twitter:creator\" content=\"@StPaulAngoulem\" \/>\n<meta name=\"twitter:site\" content=\"@StPaulAngoulem\" \/>\n<meta name=\"twitter:label1\" content=\"\u00c9crit par\" \/>\n\t<meta name=\"twitter:data1\" content=\"SAINT-PAUL\" \/>\n\t<meta name=\"twitter:label2\" content=\"Dur\u00e9e de lecture estim\u00e9e\" \/>\n\t<meta name=\"twitter:data2\" content=\"1 minute\" \/>\n<script type=\"application\/ld+json\" class=\"yoast-schema-graph\">{\"@context\":\"https:\/\/schema.org\",\"@graph\":[{\"@type\":\"Article\",\"@id\":\"https:\/\/www.saint-paul-angouleme.fr\/application\/visite-a-la-maison-de-la-foret-pour-les-gs-et-cp\/#article\",\"isPartOf\":{\"@id\":\"https:\/\/www.saint-paul-angouleme.fr\/application\/visite-a-la-maison-de-la-foret-pour-les-gs-et-cp\/\"},\"author\":{\"name\":\"SAINT-PAUL\",\"@id\":\"https:\/\/www.saint-paul-angouleme.fr\/application\/#\/schema\/person\/ea152930b1a3823659065827b1a5fb9b\"},\"headline\":\"Visite \u00e0 &#8220;La Maison de la For\u00eat&#8221; pour les GS et CP\",\"datePublished\":\"2017-10-24T10:00:09+00:00\",\"dateModified\":\"2017-10-24T10:00:09+00:00\",\"mainEntityOfPage\":{\"@id\":\"https:\/\/www.saint-paul-angouleme.fr\/application\/visite-a-la-maison-de-la-foret-pour-les-gs-et-cp\/\"},\"wordCount\":212,\"commentCount\":0,\"publisher\":{\"@id\":\"https:\/\/www.saint-paul-angouleme.fr\/application\/#organization\"},\"image\":{\"@id\":\"https:\/\/www.saint-paul-angouleme.fr\/application\/visite-a-la-maison-de-la-foret-pour-les-gs-et-cp\/#primaryimage\"},\"thumbnailUrl\":\"http:\/\/www.saint-paul-angouleme.fr\/application\/wp-content\/uploads\/2017\/10\/P1170006-1024x768.jpg\",\"keywords\":[\"animaux\",\"arbres\",\"automne\",\"feuilles\",\"fruits\",\"Maison de la for\u00eat\",\"papier recycl\u00e9\"],\"articleSection\":[\"Ecole\",\"P\u00e9dagogie\"],\"inLanguage\":\"fr-FR\",\"potentialAction\":[{\"@type\":\"CommentAction\",\"name\":\"Comment\",\"target\":[\"https:\/\/www.saint-paul-angouleme.fr\/application\/visite-a-la-maison-de-la-foret-pour-les-gs-et-cp\/#respond\"]}]},{\"@type\":\"WebPage\",\"@id\":\"https:\/\/www.saint-paul-angouleme.fr\/application\/visite-a-la-maison-de-la-foret-pour-les-gs-et-cp\/\",\"url\":\"https:\/\/www.saint-paul-angouleme.fr\/application\/visite-a-la-maison-de-la-foret-pour-les-gs-et-cp\/\",\"name\":\"Visite \u00e0 \\\"La Maison de la For\u00eat\\\" pour les GS et CP - Actualit\u00e9s\",\"isPartOf\":{\"@id\":\"https:\/\/www.saint-paul-angouleme.fr\/application\/#website\"},\"primaryImageOfPage\":{\"@id\":\"https:\/\/www.saint-paul-angouleme.fr\/application\/visite-a-la-maison-de-la-foret-pour-les-gs-et-cp\/#primaryimage\"},\"image\":{\"@id\":\"https:\/\/www.saint-paul-angouleme.fr\/application\/visite-a-la-maison-de-la-foret-pour-les-gs-et-cp\/#primaryimage\"},\"thumbnailUrl\":\"http:\/\/www.saint-paul-angouleme.fr\/application\/wp-content\/uploads\/2017\/10\/P1170006-1024x768.jpg\",\"datePublished\":\"2017-10-24T10:00:09+00:00\",\"dateModified\":\"2017-10-24T10:00:09+00:00\",\"breadcrumb\":{\"@id\":\"https:\/\/www.saint-paul-angouleme.fr\/application\/visite-a-la-maison-de-la-foret-pour-les-gs-et-cp\/#breadcrumb\"},\"inLanguage\":\"fr-FR\",\"potentialAction\":[{\"@type\":\"ReadAction\",\"target\":[\"https:\/\/www.saint-paul-angouleme.fr\/application\/visite-a-la-maison-de-la-foret-pour-les-gs-et-cp\/\"]}]},{\"@type\":\"ImageObject\",\"inLanguage\":\"fr-FR\",\"@id\":\"https:\/\/www.saint-paul-angouleme.fr\/application\/visite-a-la-maison-de-la-foret-pour-les-gs-et-cp\/#primaryimage\",\"url\":\"https:\/\/www.saint-paul-angouleme.fr\/application\/wp-content\/uploads\/2017\/10\/P1170006.jpg\",\"contentUrl\":\"https:\/\/www.saint-paul-angouleme.fr\/application\/wp-content\/uploads\/2017\/10\/P1170006.jpg\",\"width\":3072,\"height\":2304},{\"@type\":\"BreadcrumbList\",\"@id\":\"https:\/\/www.saint-paul-angouleme.fr\/application\/visite-a-la-maison-de-la-foret-pour-les-gs-et-cp\/#breadcrumb\",\"itemListElement\":[{\"@type\":\"ListItem\",\"position\":1,\"name\":\"Accueil\",\"item\":\"http:\/\/www.saint-paul-angouleme.fr\/application\/\"},{\"@type\":\"ListItem\",\"position\":2,\"name\":\"Visite \u00e0 &#8220;La Maison de la For\u00eat&#8221; pour les GS et CP\"}]},{\"@type\":\"WebSite\",\"@id\":\"https:\/\/www.saint-paul-angouleme.fr\/application\/#website\",\"url\":\"https:\/\/www.saint-paul-angouleme.fr\/application\/\",\"name\":\"Actualit\u00e9s\",\"description\":\"Actualit\u00e9s Saint Paul\",\"publisher\":{\"@id\":\"https:\/\/www.saint-paul-angouleme.fr\/application\/#organization\"},\"potentialAction\":[{\"@type\":\"SearchAction\",\"target\":{\"@type\":\"EntryPoint\",\"urlTemplate\":\"https:\/\/www.saint-paul-angouleme.fr\/application\/?s={search_term_string}\"},\"query-input\":\"required name=search_term_string\"}],\"inLanguage\":\"fr-FR\"},{\"@type\":\"Organization\",\"@id\":\"https:\/\/www.saint-paul-angouleme.fr\/application\/#organization\",\"name\":\"Ensemble scolaire Saint-Paul\",\"url\":\"https:\/\/www.saint-paul-angouleme.fr\/application\/\",\"logo\":{\"@type\":\"ImageObject\",\"inLanguage\":\"fr-FR\",\"@id\":\"https:\/\/www.saint-paul-angouleme.fr\/application\/#\/schema\/logo\/image\/\",\"url\":\"https:\/\/www.saint-paul-angouleme.fr\/application\/wp-content\/uploads\/2018\/08\/logo-saint-paul-couleurs.jpg\",\"contentUrl\":\"https:\/\/www.saint-paul-angouleme.fr\/application\/wp-content\/uploads\/2018\/08\/logo-saint-paul-couleurs.jpg\",\"width\":1890,\"height\":709,\"caption\":\"Ensemble scolaire Saint-Paul\"},\"image\":{\"@id\":\"https:\/\/www.saint-paul-angouleme.fr\/application\/#\/schema\/logo\/image\/\"},\"sameAs\":[\"https:\/\/www.facebook.com\/SaintPaulAngouleme16\/\",\"https:\/\/x.com\/StPaulAngoulem\",\"https:\/\/www.youtube.com\/channel\/UCRLpz1CmPVqc0gn--YyXvjA?view_as=subscriber\"]},{\"@type\":\"Person\",\"@id\":\"https:\/\/www.saint-paul-angouleme.fr\/application\/#\/schema\/person\/ea152930b1a3823659065827b1a5fb9b\",\"name\":\"SAINT-PAUL\",\"image\":{\"@type\":\"ImageObject\",\"inLanguage\":\"fr-FR\",\"@id\":\"https:\/\/www.saint-paul-angouleme.fr\/application\/#\/schema\/person\/image\/\",\"url\":\"https:\/\/secure.gravatar.com\/avatar\/eadb0ffebc02683a61d69038eb2924f0?s=96&r=g\",\"contentUrl\":\"https:\/\/secure.gravatar.com\/avatar\/eadb0ffebc02683a61d69038eb2924f0?s=96&r=g\",\"caption\":\"SAINT-PAUL\"},\"url\":\"https:\/\/www.saint-paul-angouleme.fr\/application\/author\/myriam\/\"}]}<\/script>\n<!-- \/ Yoast SEO plugin. -->","yoast_head_json":{"title":"Visite \u00e0 \"La Maison de la For\u00eat\" pour les GS et CP - Actualit\u00e9s","robots":{"index":"index","follow":"follow","max-snippet":"max-snippet:-1","max-image-preview":"max-image-preview:large","max-video-preview":"max-video-preview:-1"},"canonical":"https:\/\/www.saint-paul-angouleme.fr\/application\/visite-a-la-maison-de-la-foret-pour-les-gs-et-cp\/","og_locale":"fr_FR","og_type":"article","og_title":"Visite \u00e0 \"La Maison de la For\u00eat\" pour les GS et CP - Actualit\u00e9s","og_description":"Dans le cadre du projet de classe \u201cAu fil des saisons\u201d, les GS-CP et CP feront trois sorties dans l\u2019ann\u00e9e \u00e0 la maison de la For\u00eat \u00e0 Montlieu-la-Garde en Charente-Maritime \u00e0 l&#8217;initiative de Mme LEVAZEUX et de Mme HENRY. La premi\u00e8re a eu lieu le vendredi 6 octobre afin d\u2019\u00e9tudier l\u2019automne et le milieu forestier. ... Lire la suite","og_url":"https:\/\/www.saint-paul-angouleme.fr\/application\/visite-a-la-maison-de-la-foret-pour-les-gs-et-cp\/","og_site_name":"Actualit\u00e9s","article_publisher":"https:\/\/www.facebook.com\/SaintPaulAngouleme16\/","article_published_time":"2017-10-24T10:00:09+00:00","og_image":[{"url":"http:\/\/www.saint-paul-angouleme.fr\/application\/wp-content\/uploads\/2017\/10\/P1170006-1024x768.jpg"}],"author":"SAINT-PAUL","twitter_card":"summary_large_image","twitter_creator":"@StPaulAngoulem","twitter_site":"@StPaulAngoulem","twitter_misc":{"\u00c9crit par":"SAINT-PAUL","Dur\u00e9e de lecture estim\u00e9e":"1 minute"},"schema":{"@context":"https:\/\/schema.org","@graph":[{"@type":"Article","@id":"https:\/\/www.saint-paul-angouleme.fr\/application\/visite-a-la-maison-de-la-foret-pour-les-gs-et-cp\/#article","isPartOf":{"@id":"https:\/\/www.saint-paul-angouleme.fr\/application\/visite-a-la-maison-de-la-foret-pour-les-gs-et-cp\/"},"author":{"name":"SAINT-PAUL","@id":"https:\/\/www.saint-paul-angouleme.fr\/application\/#\/schema\/person\/ea152930b1a3823659065827b1a5fb9b"},"headline":"Visite \u00e0 &#8220;La Maison de la For\u00eat&#8221; pour les GS et CP","datePublished":"2017-10-24T10:00:09+00:00","dateModified":"2017-10-24T10:00:09+00:00","mainEntityOfPage":{"@id":"https:\/\/www.saint-paul-angouleme.fr\/application\/visite-a-la-maison-de-la-foret-pour-les-gs-et-cp\/"},"wordCount":212,"commentCount":0,"publisher":{"@id":"https:\/\/www.saint-paul-angouleme.fr\/application\/#organization"},"image":{"@id":"https:\/\/www.saint-paul-angouleme.fr\/application\/visite-a-la-maison-de-la-foret-pour-les-gs-et-cp\/#primaryimage"},"thumbnailUrl":"http:\/\/www.saint-paul-angouleme.fr\/application\/wp-content\/uploads\/2017\/10\/P1170006-1024x768.jpg","keywords":["animaux","arbres","automne","feuilles","fruits","Maison de la for\u00eat","papier recycl\u00e9"],"articleSection":["Ecole","P\u00e9dagogie"],"inLanguage":"fr-FR","potentialAction":[{"@type":"CommentAction","name":"Comment","target":["https:\/\/www.saint-paul-angouleme.fr\/application\/visite-a-la-maison-de-la-foret-pour-les-gs-et-cp\/#respond"]}]},{"@type":"WebPage","@id":"https:\/\/www.saint-paul-angouleme.fr\/application\/visite-a-la-maison-de-la-foret-pour-les-gs-et-cp\/","url":"https:\/\/www.saint-paul-angouleme.fr\/application\/visite-a-la-maison-de-la-foret-pour-les-gs-et-cp\/","name":"Visite \u00e0 \"La Maison de la For\u00eat\" pour les GS et CP - Actualit\u00e9s","isPartOf":{"@id":"https:\/\/www.saint-paul-angouleme.fr\/application\/#website"},"primaryImageOfPage":{"@id":"https:\/\/www.saint-paul-angouleme.fr\/application\/visite-a-la-maison-de-la-foret-pour-les-gs-et-cp\/#primaryimage"},"image":{"@id":"https:\/\/www.saint-paul-angouleme.fr\/application\/visite-a-la-maison-de-la-foret-pour-les-gs-et-cp\/#primaryimage"},"thumbnailUrl":"http:\/\/www.saint-paul-angouleme.fr\/application\/wp-content\/uploads\/2017\/10\/P1170006-1024x768.jpg","datePublished":"2017-10-24T10:00:09+00:00","dateModified":"2017-10-24T10:00:09+00:00","breadcrumb":{"@id":"https:\/\/www.saint-paul-angouleme.fr\/application\/visite-a-la-maison-de-la-foret-pour-les-gs-et-cp\/#breadcrumb"},"inLanguage":"fr-FR","potentialAction":[{"@type":"ReadAction","target":["https:\/\/www.saint-paul-angouleme.fr\/application\/visite-a-la-maison-de-la-foret-pour-les-gs-et-cp\/"]}]},{"@type":"ImageObject","inLanguage":"fr-FR","@id":"https:\/\/www.saint-paul-angouleme.fr\/application\/visite-a-la-maison-de-la-foret-pour-les-gs-et-cp\/#primaryimage","url":"https:\/\/www.saint-paul-angouleme.fr\/application\/wp-content\/uploads\/2017\/10\/P1170006.jpg","contentUrl":"https:\/\/www.saint-paul-angouleme.fr\/application\/wp-content\/uploads\/2017\/10\/P1170006.jpg","width":3072,"height":2304},{"@type":"BreadcrumbList","@id":"https:\/\/www.saint-paul-angouleme.fr\/application\/visite-a-la-maison-de-la-foret-pour-les-gs-et-cp\/#breadcrumb","itemListElement":[{"@type":"ListItem","position":1,"name":"Accueil","item":"http:\/\/www.saint-paul-angouleme.fr\/application\/"},{"@type":"ListItem","position":2,"name":"Visite \u00e0 &#8220;La Maison de la For\u00eat&#8221; pour les GS et CP"}]},{"@type":"WebSite","@id":"https:\/\/www.saint-paul-angouleme.fr\/application\/#website","url":"https:\/\/www.saint-paul-angouleme.fr\/application\/","name":"Actualit\u00e9s","description":"Actualit\u00e9s Saint Paul","publisher":{"@id":"https:\/\/www.saint-paul-angouleme.fr\/application\/#organization"},"potentialAction":[{"@type":"SearchAction","target":{"@type":"EntryPoint","urlTemplate":"https:\/\/www.saint-paul-angouleme.fr\/application\/?s={search_term_string}"},"query-input":"required name=search_term_string"}],"inLanguage":"fr-FR"},{"@type":"Organization","@id":"https:\/\/www.saint-paul-angouleme.fr\/application\/#organization","name":"Ensemble scolaire Saint-Paul","url":"https:\/\/www.saint-paul-angouleme.fr\/application\/","logo":{"@type":"ImageObject","inLanguage":"fr-FR","@id":"https:\/\/www.saint-paul-angouleme.fr\/application\/#\/schema\/logo\/image\/","url":"https:\/\/www.saint-paul-angouleme.fr\/application\/wp-content\/uploads\/2018\/08\/logo-saint-paul-couleurs.jpg","contentUrl":"https:\/\/www.saint-paul-angouleme.fr\/application\/wp-content\/uploads\/2018\/08\/logo-saint-paul-couleurs.jpg","width":1890,"height":709,"caption":"Ensemble scolaire Saint-Paul"},"image":{"@id":"https:\/\/www.saint-paul-angouleme.fr\/application\/#\/schema\/logo\/image\/"},"sameAs":["https:\/\/www.facebook.com\/SaintPaulAngouleme16\/","https:\/\/x.com\/StPaulAngoulem","https:\/\/www.youtube.com\/channel\/UCRLpz1CmPVqc0gn--YyXvjA?view_as=subscriber"]},{"@type":"Person","@id":"https:\/\/www.saint-paul-angouleme.fr\/application\/#\/schema\/person\/ea152930b1a3823659065827b1a5fb9b","name":"SAINT-PAUL","image":{"@type":"ImageObject","inLanguage":"fr-FR","@id":"https:\/\/www.saint-paul-angouleme.fr\/application\/#\/schema\/person\/image\/","url":"https:\/\/secure.gravatar.com\/avatar\/eadb0ffebc02683a61d69038eb2924f0?s=96&r=g","contentUrl":"https:\/\/secure.gravatar.com\/avatar\/eadb0ffebc02683a61d69038eb2924f0?s=96&r=g","caption":"SAINT-PAUL"},"url":"https:\/\/www.saint-paul-angouleme.fr\/application\/author\/myriam\/"}]}},"_links":{"self":[{"href":"https:\/\/www.saint-paul-angouleme.fr\/application\/wp-json\/wp\/v2\/posts\/1932"}],"collection":[{"href":"https:\/\/www.saint-paul-angouleme.fr\/application\/wp-json\/wp\/v2\/posts"}],"about":[{"href":"https:\/\/www.saint-paul-angouleme.fr\/application\/wp-json\/wp\/v2\/types\/post"}],"author":[{"embeddable":true,"href":"https:\/\/www.saint-paul-angouleme.fr\/application\/wp-json\/wp\/v2\/users\/3"}],"replies":[{"embeddable":true,"href":"https:\/\/www.saint-paul-angouleme.fr\/application\/wp-json\/wp\/v2\/comments?post=1932"}],"version-history":[{"count":4,"href":"https:\/\/www.saint-paul-angouleme.fr\/application\/wp-json\/wp\/v2\/posts\/1932\/revisions"}],"predecessor-version":[{"id":1948,"href":"https:\/\/www.saint-paul-angouleme.fr\/application\/wp-json\/wp\/v2\/posts\/1932\/revisions\/1948"}],"wp:attachment":[{"href":"https:\/\/www.saint-paul-angouleme.fr\/application\/wp-json\/wp\/v2\/media?parent=1932"}],"wp:term":[{"taxonomy":"category","embeddable":true,"href":"https:\/\/www.saint-paul-angouleme.fr\/application\/wp-json\/wp\/v2\/categories?post=1932"},{"taxonomy":"post_tag","embeddable":true,"href":"https:\/\/www.saint-paul-angouleme.fr\/application\/wp-json\/wp\/v2\/tags?post=1932"}],"curies":[{"name":"wp","href":"https:\/\/api.w.org\/{rel}","templated":true}]}}