{"id":172,"date":"2017-02-20T14:44:59","date_gmt":"2017-02-20T13:44:59","guid":{"rendered":"http:\/\/www.saint-paul-angouleme.fr\/application\/?p=172"},"modified":"2017-03-07T13:57:59","modified_gmt":"2017-03-07T12:57:59","slug":"feu-dom-juan-du-theatre-a-st-paul","status":"publish","type":"post","link":"https:\/\/www.saint-paul-angouleme.fr\/application\/feu-dom-juan-du-theatre-a-st-paul\/","title":{"rendered":"&#8220;Feu Dom Juan&#8221; : du th\u00e9\u00e2tre \u00e0 St Paul"},"content":{"rendered":"<p style=\"text-align: justify;\"><span style=\"color: #333333; font-size: 16px;\"><a href=\"http:\/\/www.saint-paul-angouleme.fr\/application\/wp-content\/uploads\/2017\/02\/received_10203105391391587.jpeg\"><img loading=\"lazy\" decoding=\"async\" class=\"size-medium wp-image-173 aligncenter\" src=\"http:\/\/www.saint-paul-angouleme.fr\/application\/wp-content\/uploads\/2017\/02\/received_10203105391391587-300x225.jpeg\" alt=\"received_10203105391391587\" width=\"300\" height=\"225\" srcset=\"https:\/\/www.saint-paul-angouleme.fr\/application\/wp-content\/uploads\/2017\/02\/received_10203105391391587-300x225.jpeg 300w, https:\/\/www.saint-paul-angouleme.fr\/application\/wp-content\/uploads\/2017\/02\/received_10203105391391587-768x576.jpeg 768w, https:\/\/www.saint-paul-angouleme.fr\/application\/wp-content\/uploads\/2017\/02\/received_10203105391391587-1024x768.jpeg 1024w, https:\/\/www.saint-paul-angouleme.fr\/application\/wp-content\/uploads\/2017\/02\/received_10203105391391587.jpeg 1776w\" sizes=\"(max-width: 300px) 100vw, 300px\" \/><\/a><\/span><\/p>\n<p style=\"text-align: justify;\"><span style=\"font-size: 20px;\"><strong><span style=\"color: #333333;\">Vendredi 17 f\u00e9vrier apr\u00e8s-midi\u00a0: c\u2019est th\u00e9\u00e2tre pour les classes de secondes.<\/span><\/strong><\/span><\/p>\n<p style=\"text-align: justify;\"><span style=\"color: #333333; font-size: 20px;\">La compagnie \u00ab\u00a0Ilot Th\u00e9\u00e2tre\u00a0\u00bb vient pr\u00e9senter \u00ab\u00a0Feu Dom Juan\u00a0\u00bb, adaptation libre de l\u2019\u0153uvre de Moli\u00e8re\u00a0: Sganarelle <a href=\"http:\/\/www.saint-paul-angouleme.fr\/application\/wp-content\/uploads\/2017\/02\/20170217_152542-1-Feu-Dom-Juan.jpg\"><img loading=\"lazy\" decoding=\"async\" class=\"size-medium wp-image-216 alignleft\" src=\"http:\/\/www.saint-paul-angouleme.fr\/application\/wp-content\/uploads\/2017\/02\/20170217_152542-1-Feu-Dom-Juan-225x300.jpg\" alt=\"20170217_152542-1 Feu Dom Juan\" width=\"225\" height=\"300\" srcset=\"https:\/\/www.saint-paul-angouleme.fr\/application\/wp-content\/uploads\/2017\/02\/20170217_152542-1-Feu-Dom-Juan-225x300.jpg 225w, https:\/\/www.saint-paul-angouleme.fr\/application\/wp-content\/uploads\/2017\/02\/20170217_152542-1-Feu-Dom-Juan.jpg 690w\" sizes=\"(max-width: 225px) 100vw, 225px\" \/><\/a>vient sur la tombe de son ma\u00eetre Dom Juan. Devant sa statue il se souvient de sa vie avec lui\u2026<\/span><\/p>\n<p style=\"text-align: justify;\"><span style=\"color: #333333; font-size: 20px;\">Les \u00e9l\u00e8ves auront retrouv\u00e9 plusieurs passages bien connus de cette \u0153uvre, notamment\u00a0: la tirade du tabac de Sganarelle ainsi que le portrait qu\u2019il fait de Dom Juan, la tirade sur l\u2019inconstance, la sc\u00e8ne de la tentation du pauvre, la longue tirade sur l\u2019hypocrisie\u2026<\/span><\/p>\n<p style=\"text-align: justify;\"><span style=\"color: #333333; font-size: 20px;\">Elvire, Mathurine et Charlotte, Dom Louis (p\u00e8re de Dom Juan) apparaissent \u00e9galement en quelques tableaux.<\/span><\/p>\n<p style=\"text-align: justify;\"><span style=\"color: #333333; font-size: 20px;\">A l\u2019issue de la pi\u00e8ce, les \u00e9l\u00e8ves ont pu \u00e9changer avec les com\u00e9diens. Une fa\u00e7on bien agr\u00e9able de finir la semaine avant de partir en vacances\u00a0!<\/span><\/p>\n<p style=\"text-align: justify;\">\n<p style=\"text-align: justify;\">\n<p style=\"text-align: justify;\"><a href=\"http:\/\/www.saint-paul-angouleme.fr\/application\/wp-content\/uploads\/2017\/02\/received_10203105390831573.jpeg\"><img loading=\"lazy\" decoding=\"async\" class=\"aligncenter wp-image-174 size-medium\" src=\"http:\/\/www.saint-paul-angouleme.fr\/application\/wp-content\/uploads\/2017\/02\/received_10203105390831573-300x225.jpeg\" alt=\"received_10203105390831573\" width=\"300\" height=\"225\" srcset=\"https:\/\/www.saint-paul-angouleme.fr\/application\/wp-content\/uploads\/2017\/02\/received_10203105390831573-300x225.jpeg 300w, https:\/\/www.saint-paul-angouleme.fr\/application\/wp-content\/uploads\/2017\/02\/received_10203105390831573-768x576.jpeg 768w, https:\/\/www.saint-paul-angouleme.fr\/application\/wp-content\/uploads\/2017\/02\/received_10203105390831573.jpeg 960w\" sizes=\"(max-width: 300px) 100vw, 300px\" \/><\/a><\/p>\n","protected":false},"excerpt":{"rendered":"<p>Vendredi 17 f\u00e9vrier apr\u00e8s-midi\u00a0: c\u2019est th\u00e9\u00e2tre pour les classes de secondes. La compagnie \u00ab\u00a0Ilot Th\u00e9\u00e2tre\u00a0\u00bb vient pr\u00e9senter \u00ab\u00a0Feu Dom Juan\u00a0\u00bb, adaptation libre de l\u2019\u0153uvre de Moli\u00e8re\u00a0: Sganarelle vient sur la tombe de son ma\u00eetre Dom Juan. Devant sa statue il se souvient de sa vie avec lui\u2026 Les \u00e9l\u00e8ves auront retrouv\u00e9 plusieurs passages bien connus &#8230; <a title=\"&#8220;Feu Dom Juan&#8221; : du th\u00e9\u00e2tre \u00e0 St Paul\" class=\"read-more\" href=\"https:\/\/www.saint-paul-angouleme.fr\/application\/feu-dom-juan-du-theatre-a-st-paul\/\" aria-label=\"Read more about &#8220;Feu Dom Juan&#8221; : du th\u00e9\u00e2tre \u00e0 St Paul\">Lire la suite<\/a><\/p>\n","protected":false},"author":3,"featured_media":0,"comment_status":"open","ping_status":"open","sticky":false,"template":"","format":"standard","meta":{"_exactmetrics_skip_tracking":false,"_exactmetrics_sitenote_active":false,"_exactmetrics_sitenote_note":"","_exactmetrics_sitenote_category":0,"footnotes":""},"categories":[2],"tags":[],"class_list":["post-172","post","type-post","status-publish","format-standard","hentry","category-look-on"],"yoast_head":"<!-- This site is optimized with the Yoast SEO plugin v23.3 - https:\/\/yoast.com\/wordpress\/plugins\/seo\/ -->\n<title>&quot;Feu Dom Juan&quot; : du th\u00e9\u00e2tre \u00e0 St Paul - Actualit\u00e9s<\/title>\n<meta name=\"robots\" content=\"index, follow, max-snippet:-1, max-image-preview:large, max-video-preview:-1\" \/>\n<link rel=\"canonical\" href=\"https:\/\/www.saint-paul-angouleme.fr\/application\/feu-dom-juan-du-theatre-a-st-paul\/\" \/>\n<meta property=\"og:locale\" content=\"fr_FR\" \/>\n<meta property=\"og:type\" content=\"article\" \/>\n<meta property=\"og:title\" content=\"&quot;Feu Dom Juan&quot; : du th\u00e9\u00e2tre \u00e0 St Paul - Actualit\u00e9s\" \/>\n<meta property=\"og:description\" content=\"Vendredi 17 f\u00e9vrier apr\u00e8s-midi\u00a0: c\u2019est th\u00e9\u00e2tre pour les classes de secondes. La compagnie \u00ab\u00a0Ilot Th\u00e9\u00e2tre\u00a0\u00bb vient pr\u00e9senter \u00ab\u00a0Feu Dom Juan\u00a0\u00bb, adaptation libre de l\u2019\u0153uvre de Moli\u00e8re\u00a0: Sganarelle vient sur la tombe de son ma\u00eetre Dom Juan. Devant sa statue il se souvient de sa vie avec lui\u2026 Les \u00e9l\u00e8ves auront retrouv\u00e9 plusieurs passages bien connus ... Lire la suite\" \/>\n<meta property=\"og:url\" content=\"https:\/\/www.saint-paul-angouleme.fr\/application\/feu-dom-juan-du-theatre-a-st-paul\/\" \/>\n<meta property=\"og:site_name\" content=\"Actualit\u00e9s\" \/>\n<meta property=\"article:publisher\" content=\"https:\/\/www.facebook.com\/SaintPaulAngouleme16\/\" \/>\n<meta property=\"article:published_time\" content=\"2017-02-20T13:44:59+00:00\" \/>\n<meta property=\"article:modified_time\" content=\"2017-03-07T12:57:59+00:00\" \/>\n<meta property=\"og:image\" content=\"http:\/\/www.saint-paul-angouleme.fr\/application\/wp-content\/uploads\/2017\/02\/received_10203105391391587-300x225.jpeg\" \/>\n<meta name=\"author\" content=\"SAINT-PAUL\" \/>\n<meta name=\"twitter:card\" content=\"summary_large_image\" \/>\n<meta name=\"twitter:creator\" content=\"@StPaulAngoulem\" \/>\n<meta name=\"twitter:site\" content=\"@StPaulAngoulem\" \/>\n<meta name=\"twitter:label1\" content=\"\u00c9crit par\" \/>\n\t<meta name=\"twitter:data1\" content=\"SAINT-PAUL\" \/>\n\t<meta name=\"twitter:label2\" content=\"Dur\u00e9e de lecture estim\u00e9e\" \/>\n\t<meta name=\"twitter:data2\" content=\"1 minute\" \/>\n<script type=\"application\/ld+json\" class=\"yoast-schema-graph\">{\"@context\":\"https:\/\/schema.org\",\"@graph\":[{\"@type\":\"Article\",\"@id\":\"https:\/\/www.saint-paul-angouleme.fr\/application\/feu-dom-juan-du-theatre-a-st-paul\/#article\",\"isPartOf\":{\"@id\":\"https:\/\/www.saint-paul-angouleme.fr\/application\/feu-dom-juan-du-theatre-a-st-paul\/\"},\"author\":{\"name\":\"SAINT-PAUL\",\"@id\":\"https:\/\/www.saint-paul-angouleme.fr\/application\/#\/schema\/person\/ea152930b1a3823659065827b1a5fb9b\"},\"headline\":\"&#8220;Feu Dom Juan&#8221; : du th\u00e9\u00e2tre \u00e0 St Paul\",\"datePublished\":\"2017-02-20T13:44:59+00:00\",\"dateModified\":\"2017-03-07T12:57:59+00:00\",\"mainEntityOfPage\":{\"@id\":\"https:\/\/www.saint-paul-angouleme.fr\/application\/feu-dom-juan-du-theatre-a-st-paul\/\"},\"wordCount\":159,\"commentCount\":0,\"publisher\":{\"@id\":\"https:\/\/www.saint-paul-angouleme.fr\/application\/#organization\"},\"image\":{\"@id\":\"https:\/\/www.saint-paul-angouleme.fr\/application\/feu-dom-juan-du-theatre-a-st-paul\/#primaryimage\"},\"thumbnailUrl\":\"http:\/\/www.saint-paul-angouleme.fr\/application\/wp-content\/uploads\/2017\/02\/received_10203105391391587-300x225.jpeg\",\"articleSection\":[\"Look on\"],\"inLanguage\":\"fr-FR\",\"potentialAction\":[{\"@type\":\"CommentAction\",\"name\":\"Comment\",\"target\":[\"https:\/\/www.saint-paul-angouleme.fr\/application\/feu-dom-juan-du-theatre-a-st-paul\/#respond\"]}]},{\"@type\":\"WebPage\",\"@id\":\"https:\/\/www.saint-paul-angouleme.fr\/application\/feu-dom-juan-du-theatre-a-st-paul\/\",\"url\":\"https:\/\/www.saint-paul-angouleme.fr\/application\/feu-dom-juan-du-theatre-a-st-paul\/\",\"name\":\"\\\"Feu Dom Juan\\\" : du th\u00e9\u00e2tre \u00e0 St Paul - Actualit\u00e9s\",\"isPartOf\":{\"@id\":\"https:\/\/www.saint-paul-angouleme.fr\/application\/#website\"},\"primaryImageOfPage\":{\"@id\":\"https:\/\/www.saint-paul-angouleme.fr\/application\/feu-dom-juan-du-theatre-a-st-paul\/#primaryimage\"},\"image\":{\"@id\":\"https:\/\/www.saint-paul-angouleme.fr\/application\/feu-dom-juan-du-theatre-a-st-paul\/#primaryimage\"},\"thumbnailUrl\":\"http:\/\/www.saint-paul-angouleme.fr\/application\/wp-content\/uploads\/2017\/02\/received_10203105391391587-300x225.jpeg\",\"datePublished\":\"2017-02-20T13:44:59+00:00\",\"dateModified\":\"2017-03-07T12:57:59+00:00\",\"breadcrumb\":{\"@id\":\"https:\/\/www.saint-paul-angouleme.fr\/application\/feu-dom-juan-du-theatre-a-st-paul\/#breadcrumb\"},\"inLanguage\":\"fr-FR\",\"potentialAction\":[{\"@type\":\"ReadAction\",\"target\":[\"https:\/\/www.saint-paul-angouleme.fr\/application\/feu-dom-juan-du-theatre-a-st-paul\/\"]}]},{\"@type\":\"ImageObject\",\"inLanguage\":\"fr-FR\",\"@id\":\"https:\/\/www.saint-paul-angouleme.fr\/application\/feu-dom-juan-du-theatre-a-st-paul\/#primaryimage\",\"url\":\"http:\/\/www.saint-paul-angouleme.fr\/application\/wp-content\/uploads\/2017\/02\/received_10203105391391587-300x225.jpeg\",\"contentUrl\":\"http:\/\/www.saint-paul-angouleme.fr\/application\/wp-content\/uploads\/2017\/02\/received_10203105391391587-300x225.jpeg\"},{\"@type\":\"BreadcrumbList\",\"@id\":\"https:\/\/www.saint-paul-angouleme.fr\/application\/feu-dom-juan-du-theatre-a-st-paul\/#breadcrumb\",\"itemListElement\":[{\"@type\":\"ListItem\",\"position\":1,\"name\":\"Accueil\",\"item\":\"http:\/\/www.saint-paul-angouleme.fr\/application\/\"},{\"@type\":\"ListItem\",\"position\":2,\"name\":\"&#8220;Feu Dom Juan&#8221; : du th\u00e9\u00e2tre \u00e0 St Paul\"}]},{\"@type\":\"WebSite\",\"@id\":\"https:\/\/www.saint-paul-angouleme.fr\/application\/#website\",\"url\":\"https:\/\/www.saint-paul-angouleme.fr\/application\/\",\"name\":\"Actualit\u00e9s\",\"description\":\"Actualit\u00e9s Saint Paul\",\"publisher\":{\"@id\":\"https:\/\/www.saint-paul-angouleme.fr\/application\/#organization\"},\"potentialAction\":[{\"@type\":\"SearchAction\",\"target\":{\"@type\":\"EntryPoint\",\"urlTemplate\":\"https:\/\/www.saint-paul-angouleme.fr\/application\/?s={search_term_string}\"},\"query-input\":\"required name=search_term_string\"}],\"inLanguage\":\"fr-FR\"},{\"@type\":\"Organization\",\"@id\":\"https:\/\/www.saint-paul-angouleme.fr\/application\/#organization\",\"name\":\"Ensemble scolaire Saint-Paul\",\"url\":\"https:\/\/www.saint-paul-angouleme.fr\/application\/\",\"logo\":{\"@type\":\"ImageObject\",\"inLanguage\":\"fr-FR\",\"@id\":\"https:\/\/www.saint-paul-angouleme.fr\/application\/#\/schema\/logo\/image\/\",\"url\":\"https:\/\/www.saint-paul-angouleme.fr\/application\/wp-content\/uploads\/2018\/08\/logo-saint-paul-couleurs.jpg\",\"contentUrl\":\"https:\/\/www.saint-paul-angouleme.fr\/application\/wp-content\/uploads\/2018\/08\/logo-saint-paul-couleurs.jpg\",\"width\":1890,\"height\":709,\"caption\":\"Ensemble scolaire Saint-Paul\"},\"image\":{\"@id\":\"https:\/\/www.saint-paul-angouleme.fr\/application\/#\/schema\/logo\/image\/\"},\"sameAs\":[\"https:\/\/www.facebook.com\/SaintPaulAngouleme16\/\",\"https:\/\/x.com\/StPaulAngoulem\",\"https:\/\/www.youtube.com\/channel\/UCRLpz1CmPVqc0gn--YyXvjA?view_as=subscriber\"]},{\"@type\":\"Person\",\"@id\":\"https:\/\/www.saint-paul-angouleme.fr\/application\/#\/schema\/person\/ea152930b1a3823659065827b1a5fb9b\",\"name\":\"SAINT-PAUL\",\"image\":{\"@type\":\"ImageObject\",\"inLanguage\":\"fr-FR\",\"@id\":\"https:\/\/www.saint-paul-angouleme.fr\/application\/#\/schema\/person\/image\/\",\"url\":\"https:\/\/secure.gravatar.com\/avatar\/eadb0ffebc02683a61d69038eb2924f0?s=96&r=g\",\"contentUrl\":\"https:\/\/secure.gravatar.com\/avatar\/eadb0ffebc02683a61d69038eb2924f0?s=96&r=g\",\"caption\":\"SAINT-PAUL\"},\"url\":\"https:\/\/www.saint-paul-angouleme.fr\/application\/author\/myriam\/\"}]}<\/script>\n<!-- \/ Yoast SEO plugin. -->","yoast_head_json":{"title":"\"Feu Dom Juan\" : du th\u00e9\u00e2tre \u00e0 St Paul - Actualit\u00e9s","robots":{"index":"index","follow":"follow","max-snippet":"max-snippet:-1","max-image-preview":"max-image-preview:large","max-video-preview":"max-video-preview:-1"},"canonical":"https:\/\/www.saint-paul-angouleme.fr\/application\/feu-dom-juan-du-theatre-a-st-paul\/","og_locale":"fr_FR","og_type":"article","og_title":"\"Feu Dom Juan\" : du th\u00e9\u00e2tre \u00e0 St Paul - Actualit\u00e9s","og_description":"Vendredi 17 f\u00e9vrier apr\u00e8s-midi\u00a0: c\u2019est th\u00e9\u00e2tre pour les classes de secondes. La compagnie \u00ab\u00a0Ilot Th\u00e9\u00e2tre\u00a0\u00bb vient pr\u00e9senter \u00ab\u00a0Feu Dom Juan\u00a0\u00bb, adaptation libre de l\u2019\u0153uvre de Moli\u00e8re\u00a0: Sganarelle vient sur la tombe de son ma\u00eetre Dom Juan. Devant sa statue il se souvient de sa vie avec lui\u2026 Les \u00e9l\u00e8ves auront retrouv\u00e9 plusieurs passages bien connus ... Lire la suite","og_url":"https:\/\/www.saint-paul-angouleme.fr\/application\/feu-dom-juan-du-theatre-a-st-paul\/","og_site_name":"Actualit\u00e9s","article_publisher":"https:\/\/www.facebook.com\/SaintPaulAngouleme16\/","article_published_time":"2017-02-20T13:44:59+00:00","article_modified_time":"2017-03-07T12:57:59+00:00","og_image":[{"url":"http:\/\/www.saint-paul-angouleme.fr\/application\/wp-content\/uploads\/2017\/02\/received_10203105391391587-300x225.jpeg"}],"author":"SAINT-PAUL","twitter_card":"summary_large_image","twitter_creator":"@StPaulAngoulem","twitter_site":"@StPaulAngoulem","twitter_misc":{"\u00c9crit par":"SAINT-PAUL","Dur\u00e9e de lecture estim\u00e9e":"1 minute"},"schema":{"@context":"https:\/\/schema.org","@graph":[{"@type":"Article","@id":"https:\/\/www.saint-paul-angouleme.fr\/application\/feu-dom-juan-du-theatre-a-st-paul\/#article","isPartOf":{"@id":"https:\/\/www.saint-paul-angouleme.fr\/application\/feu-dom-juan-du-theatre-a-st-paul\/"},"author":{"name":"SAINT-PAUL","@id":"https:\/\/www.saint-paul-angouleme.fr\/application\/#\/schema\/person\/ea152930b1a3823659065827b1a5fb9b"},"headline":"&#8220;Feu Dom Juan&#8221; : du th\u00e9\u00e2tre \u00e0 St Paul","datePublished":"2017-02-20T13:44:59+00:00","dateModified":"2017-03-07T12:57:59+00:00","mainEntityOfPage":{"@id":"https:\/\/www.saint-paul-angouleme.fr\/application\/feu-dom-juan-du-theatre-a-st-paul\/"},"wordCount":159,"commentCount":0,"publisher":{"@id":"https:\/\/www.saint-paul-angouleme.fr\/application\/#organization"},"image":{"@id":"https:\/\/www.saint-paul-angouleme.fr\/application\/feu-dom-juan-du-theatre-a-st-paul\/#primaryimage"},"thumbnailUrl":"http:\/\/www.saint-paul-angouleme.fr\/application\/wp-content\/uploads\/2017\/02\/received_10203105391391587-300x225.jpeg","articleSection":["Look on"],"inLanguage":"fr-FR","potentialAction":[{"@type":"CommentAction","name":"Comment","target":["https:\/\/www.saint-paul-angouleme.fr\/application\/feu-dom-juan-du-theatre-a-st-paul\/#respond"]}]},{"@type":"WebPage","@id":"https:\/\/www.saint-paul-angouleme.fr\/application\/feu-dom-juan-du-theatre-a-st-paul\/","url":"https:\/\/www.saint-paul-angouleme.fr\/application\/feu-dom-juan-du-theatre-a-st-paul\/","name":"\"Feu Dom Juan\" : du th\u00e9\u00e2tre \u00e0 St Paul - Actualit\u00e9s","isPartOf":{"@id":"https:\/\/www.saint-paul-angouleme.fr\/application\/#website"},"primaryImageOfPage":{"@id":"https:\/\/www.saint-paul-angouleme.fr\/application\/feu-dom-juan-du-theatre-a-st-paul\/#primaryimage"},"image":{"@id":"https:\/\/www.saint-paul-angouleme.fr\/application\/feu-dom-juan-du-theatre-a-st-paul\/#primaryimage"},"thumbnailUrl":"http:\/\/www.saint-paul-angouleme.fr\/application\/wp-content\/uploads\/2017\/02\/received_10203105391391587-300x225.jpeg","datePublished":"2017-02-20T13:44:59+00:00","dateModified":"2017-03-07T12:57:59+00:00","breadcrumb":{"@id":"https:\/\/www.saint-paul-angouleme.fr\/application\/feu-dom-juan-du-theatre-a-st-paul\/#breadcrumb"},"inLanguage":"fr-FR","potentialAction":[{"@type":"ReadAction","target":["https:\/\/www.saint-paul-angouleme.fr\/application\/feu-dom-juan-du-theatre-a-st-paul\/"]}]},{"@type":"ImageObject","inLanguage":"fr-FR","@id":"https:\/\/www.saint-paul-angouleme.fr\/application\/feu-dom-juan-du-theatre-a-st-paul\/#primaryimage","url":"http:\/\/www.saint-paul-angouleme.fr\/application\/wp-content\/uploads\/2017\/02\/received_10203105391391587-300x225.jpeg","contentUrl":"http:\/\/www.saint-paul-angouleme.fr\/application\/wp-content\/uploads\/2017\/02\/received_10203105391391587-300x225.jpeg"},{"@type":"BreadcrumbList","@id":"https:\/\/www.saint-paul-angouleme.fr\/application\/feu-dom-juan-du-theatre-a-st-paul\/#breadcrumb","itemListElement":[{"@type":"ListItem","position":1,"name":"Accueil","item":"http:\/\/www.saint-paul-angouleme.fr\/application\/"},{"@type":"ListItem","position":2,"name":"&#8220;Feu Dom Juan&#8221; : du th\u00e9\u00e2tre \u00e0 St Paul"}]},{"@type":"WebSite","@id":"https:\/\/www.saint-paul-angouleme.fr\/application\/#website","url":"https:\/\/www.saint-paul-angouleme.fr\/application\/","name":"Actualit\u00e9s","description":"Actualit\u00e9s Saint Paul","publisher":{"@id":"https:\/\/www.saint-paul-angouleme.fr\/application\/#organization"},"potentialAction":[{"@type":"SearchAction","target":{"@type":"EntryPoint","urlTemplate":"https:\/\/www.saint-paul-angouleme.fr\/application\/?s={search_term_string}"},"query-input":"required name=search_term_string"}],"inLanguage":"fr-FR"},{"@type":"Organization","@id":"https:\/\/www.saint-paul-angouleme.fr\/application\/#organization","name":"Ensemble scolaire Saint-Paul","url":"https:\/\/www.saint-paul-angouleme.fr\/application\/","logo":{"@type":"ImageObject","inLanguage":"fr-FR","@id":"https:\/\/www.saint-paul-angouleme.fr\/application\/#\/schema\/logo\/image\/","url":"https:\/\/www.saint-paul-angouleme.fr\/application\/wp-content\/uploads\/2018\/08\/logo-saint-paul-couleurs.jpg","contentUrl":"https:\/\/www.saint-paul-angouleme.fr\/application\/wp-content\/uploads\/2018\/08\/logo-saint-paul-couleurs.jpg","width":1890,"height":709,"caption":"Ensemble scolaire Saint-Paul"},"image":{"@id":"https:\/\/www.saint-paul-angouleme.fr\/application\/#\/schema\/logo\/image\/"},"sameAs":["https:\/\/www.facebook.com\/SaintPaulAngouleme16\/","https:\/\/x.com\/StPaulAngoulem","https:\/\/www.youtube.com\/channel\/UCRLpz1CmPVqc0gn--YyXvjA?view_as=subscriber"]},{"@type":"Person","@id":"https:\/\/www.saint-paul-angouleme.fr\/application\/#\/schema\/person\/ea152930b1a3823659065827b1a5fb9b","name":"SAINT-PAUL","image":{"@type":"ImageObject","inLanguage":"fr-FR","@id":"https:\/\/www.saint-paul-angouleme.fr\/application\/#\/schema\/person\/image\/","url":"https:\/\/secure.gravatar.com\/avatar\/eadb0ffebc02683a61d69038eb2924f0?s=96&r=g","contentUrl":"https:\/\/secure.gravatar.com\/avatar\/eadb0ffebc02683a61d69038eb2924f0?s=96&r=g","caption":"SAINT-PAUL"},"url":"https:\/\/www.saint-paul-angouleme.fr\/application\/author\/myriam\/"}]}},"_links":{"self":[{"href":"https:\/\/www.saint-paul-angouleme.fr\/application\/wp-json\/wp\/v2\/posts\/172"}],"collection":[{"href":"https:\/\/www.saint-paul-angouleme.fr\/application\/wp-json\/wp\/v2\/posts"}],"about":[{"href":"https:\/\/www.saint-paul-angouleme.fr\/application\/wp-json\/wp\/v2\/types\/post"}],"author":[{"embeddable":true,"href":"https:\/\/www.saint-paul-angouleme.fr\/application\/wp-json\/wp\/v2\/users\/3"}],"replies":[{"embeddable":true,"href":"https:\/\/www.saint-paul-angouleme.fr\/application\/wp-json\/wp\/v2\/comments?post=172"}],"version-history":[{"count":3,"href":"https:\/\/www.saint-paul-angouleme.fr\/application\/wp-json\/wp\/v2\/posts\/172\/revisions"}],"predecessor-version":[{"id":217,"href":"https:\/\/www.saint-paul-angouleme.fr\/application\/wp-json\/wp\/v2\/posts\/172\/revisions\/217"}],"wp:attachment":[{"href":"https:\/\/www.saint-paul-angouleme.fr\/application\/wp-json\/wp\/v2\/media?parent=172"}],"wp:term":[{"taxonomy":"category","embeddable":true,"href":"https:\/\/www.saint-paul-angouleme.fr\/application\/wp-json\/wp\/v2\/categories?post=172"},{"taxonomy":"post_tag","embeddable":true,"href":"https:\/\/www.saint-paul-angouleme.fr\/application\/wp-json\/wp\/v2\/tags?post=172"}],"curies":[{"name":"wp","href":"https:\/\/api.w.org\/{rel}","templated":true}]}}