{"id":13392,"date":"2025-10-06T16:01:07","date_gmt":"2025-10-06T14:01:07","guid":{"rendered":"https:\/\/www.saint-paul-angouleme.fr\/application\/?p=13392"},"modified":"2025-10-06T16:02:11","modified_gmt":"2025-10-06T14:02:11","slug":"octobre-rose-2025-a-saint-paul","status":"publish","type":"post","link":"https:\/\/www.saint-paul-angouleme.fr\/application\/octobre-rose-2025-a-saint-paul\/","title":{"rendered":"Octobre Rose 2025 \u00e0 Saint-Paul"},"content":{"rendered":"<div class=\"wp-block-image\">\n<figure class=\"aligncenter size-large\"><img loading=\"lazy\" decoding=\"async\" width=\"577\" height=\"1024\" src=\"https:\/\/www.saint-paul-angouleme.fr\/application\/wp-content\/uploads\/2025\/10\/OCTOBRE_ROSE_25-577x1024.jpg\" alt=\"le ruban d'octobre rose  sur la cour de basket\" class=\"wp-image-13393\" srcset=\"https:\/\/www.saint-paul-angouleme.fr\/application\/wp-content\/uploads\/2025\/10\/OCTOBRE_ROSE_25-577x1024.jpg 577w, https:\/\/www.saint-paul-angouleme.fr\/application\/wp-content\/uploads\/2025\/10\/OCTOBRE_ROSE_25-169x300.jpg 169w, https:\/\/www.saint-paul-angouleme.fr\/application\/wp-content\/uploads\/2025\/10\/OCTOBRE_ROSE_25-768x1364.jpg 768w, https:\/\/www.saint-paul-angouleme.fr\/application\/wp-content\/uploads\/2025\/10\/OCTOBRE_ROSE_25.jpg 794w\" sizes=\"(max-width: 577px) 100vw, 577px\" \/><\/figure><\/div>\n\n\n<p><\/p>\n\n\n\n<p>Ce matin, <a href=\"https:\/\/www.ligue-cancer.net\/octobre-rose\">octobre est rose<\/a> \u00e0 Saint-Paul. En effet, l&#8217;\u00e9tablissement met en place une action de sensibilisation dans le cadre de la campagne nationale &#8220;Octobre Rose&#8221; ce lundi 06 octobre 2025. Nous souhaitons ainsi manifester notre soutien \u00e0 la lutte contre le cancer du sein. La r\u00e9ussite est l\u00e0 : nous sommes nombreux en rose !<\/p>\n\n\n\n<p>El\u00e8ves et les adultes sont invit\u00e9s \u00e0 rev\u00eatir un habit ou \u00e0 porter un accessoire rose pendant cette journ\u00e9e. En amont, la Responsable de Vie Scolaire Coll\u00e8ge trace le ruban sur le sol de la cour de basket. Et, lorsque sonne la r\u00e9cr\u00e9ation de 10h00, chacun prend place. Depuis le troisi\u00e8me \u00e9tage, le photographe immortalise cet instant : un joli ruban humain a pris place sur la cour.<\/p>\n\n\n\n<p>Par ce geste simple et symbolique, nous affirmons notre solidarit\u00e9 avec toutes les personnes touch\u00e9es, notre soutien aux chercheurs et nous participons \u00e0 la sensibilisation autour de cette cause. N&#8217;oublions pas que ce cancer est au 1er rang des cancers f\u00e9minins en terme de fr\u00e9quence <em>(source : La ligue contre le cancer)<\/em>.<\/p>\n\n\n\n<p>Depuis longtemps Saint-Paul s&#8217;engage aupr\u00e8s d&#8217;associations pour soutenir diverses causes : <a href=\"https:\/\/www.saint-paul-angouleme.fr\/application\/telethon-2024-une-belle-reussite\/\">T\u00e9l\u00e9thon<\/a>, Action contre la faim, Secours Catholique, Croix Rouge&#8230; Nos jeunes sont toujours g\u00e9n\u00e9reux pour s&#8217;investir dans les actions solidaires et nous nous en r\u00e9jouissons. Merci \u00e0 eux !<\/p>\n\n\n\n<p><\/p>\n\n\n\n<figure class=\"wp-block-image size-large\"><img loading=\"lazy\" decoding=\"async\" width=\"1024\" height=\"577\" src=\"https:\/\/www.saint-paul-angouleme.fr\/application\/wp-content\/uploads\/2025\/10\/OCTOBRE_ROSE_25-2-2-2-1024x577.jpg\" alt=\"Octobre rose 2025 : un joli ruban humain a pris place sur la cour\" class=\"wp-image-13405\" srcset=\"https:\/\/www.saint-paul-angouleme.fr\/application\/wp-content\/uploads\/2025\/10\/OCTOBRE_ROSE_25-2-2-2-1024x577.jpg 1024w, https:\/\/www.saint-paul-angouleme.fr\/application\/wp-content\/uploads\/2025\/10\/OCTOBRE_ROSE_25-2-2-2-300x169.jpg 300w, https:\/\/www.saint-paul-angouleme.fr\/application\/wp-content\/uploads\/2025\/10\/OCTOBRE_ROSE_25-2-2-2-768x432.jpg 768w, https:\/\/www.saint-paul-angouleme.fr\/application\/wp-content\/uploads\/2025\/10\/OCTOBRE_ROSE_25-2-2-2.jpg 1410w\" sizes=\"(max-width: 1024px) 100vw, 1024px\" \/><\/figure>\n\n\n\n<p><\/p>\n\n\n\n<figure class=\"wp-block-image size-large\"><img loading=\"lazy\" decoding=\"async\" width=\"1024\" height=\"577\" src=\"https:\/\/www.saint-paul-angouleme.fr\/application\/wp-content\/uploads\/2025\/10\/OCTOBRE_ROSE_25-4-1-1024x577.jpg\" alt=\"Installation de la banderole qui va rester tout le mois\" class=\"wp-image-13406\" srcset=\"https:\/\/www.saint-paul-angouleme.fr\/application\/wp-content\/uploads\/2025\/10\/OCTOBRE_ROSE_25-4-1-1024x577.jpg 1024w, https:\/\/www.saint-paul-angouleme.fr\/application\/wp-content\/uploads\/2025\/10\/OCTOBRE_ROSE_25-4-1-300x169.jpg 300w, https:\/\/www.saint-paul-angouleme.fr\/application\/wp-content\/uploads\/2025\/10\/OCTOBRE_ROSE_25-4-1-768x432.jpg 768w, https:\/\/www.saint-paul-angouleme.fr\/application\/wp-content\/uploads\/2025\/10\/OCTOBRE_ROSE_25-4-1.jpg 1410w\" sizes=\"(max-width: 1024px) 100vw, 1024px\" \/><\/figure>\n","protected":false},"excerpt":{"rendered":"<p>Ce matin, octobre est rose \u00e0 Saint-Paul. En effet, l&#8217;\u00e9tablissement met en place une action de sensibilisation dans le cadre de la campagne nationale &#8220;Octobre Rose&#8221; ce lundi 06 octobre 2025. Nous souhaitons ainsi manifester notre soutien \u00e0 la lutte contre le cancer du sein. La r\u00e9ussite est l\u00e0 : nous sommes nombreux en rose &#8230; <a title=\"Octobre Rose 2025 \u00e0 Saint-Paul\" class=\"read-more\" href=\"https:\/\/www.saint-paul-angouleme.fr\/application\/octobre-rose-2025-a-saint-paul\/\" aria-label=\"Read more about Octobre Rose 2025 \u00e0 Saint-Paul\">Lire la suite<\/a><\/p>\n","protected":false},"author":3,"featured_media":13394,"comment_status":"open","ping_status":"open","sticky":false,"template":"","format":"standard","meta":{"_exactmetrics_skip_tracking":false,"_exactmetrics_sitenote_active":false,"_exactmetrics_sitenote_note":"","_exactmetrics_sitenote_category":0,"footnotes":""},"categories":[523],"tags":[941,939,943,149],"class_list":["post-13392","post","type-post","status-publish","format-standard","has-post-thumbnail","hentry","category-regard-sur","tag-cancer-du-sein","tag-octobre-rose","tag-recherche","tag-solidarite"],"yoast_head":"<!-- This site is optimized with the Yoast SEO plugin v23.3 - https:\/\/yoast.com\/wordpress\/plugins\/seo\/ -->\n<title>Octobre en Rose \u00e0 Saint-Paul<\/title>\n<meta name=\"description\" content=\"Le mois d&#039;octobre est rose \u00e0 Saint-Paul. El\u00e8ves et adultes manifestent leur soutien \u00e0 la lutte contre le cancer du sein ce lundi 6 octobre.\" \/>\n<meta name=\"robots\" content=\"index, follow, max-snippet:-1, max-image-preview:large, max-video-preview:-1\" \/>\n<link rel=\"canonical\" href=\"https:\/\/www.saint-paul-angouleme.fr\/application\/octobre-rose-2025-a-saint-paul\/\" \/>\n<meta property=\"og:locale\" content=\"fr_FR\" \/>\n<meta property=\"og:type\" content=\"article\" \/>\n<meta property=\"og:title\" content=\"Octobre en Rose \u00e0 Saint-Paul\" \/>\n<meta property=\"og:description\" content=\"Le mois d&#039;octobre est rose \u00e0 Saint-Paul. El\u00e8ves et adultes manifestent leur soutien \u00e0 la lutte contre le cancer du sein ce lundi 6 octobre.\" \/>\n<meta property=\"og:url\" content=\"https:\/\/www.saint-paul-angouleme.fr\/application\/octobre-rose-2025-a-saint-paul\/\" \/>\n<meta property=\"og:site_name\" content=\"Actualit\u00e9s\" \/>\n<meta property=\"article:publisher\" content=\"https:\/\/www.facebook.com\/SaintPaulAngouleme16\/\" \/>\n<meta property=\"article:published_time\" content=\"2025-10-06T14:01:07+00:00\" \/>\n<meta property=\"article:modified_time\" content=\"2025-10-06T14:02:11+00:00\" \/>\n<meta property=\"og:image\" content=\"https:\/\/www.saint-paul-angouleme.fr\/application\/wp-content\/uploads\/2025\/10\/OCTOBRE_ROSE_25-5.jpg\" \/>\n\t<meta property=\"og:image:width\" content=\"1410\" \/>\n\t<meta property=\"og:image:height\" content=\"794\" \/>\n\t<meta property=\"og:image:type\" content=\"image\/jpeg\" \/>\n<meta name=\"author\" content=\"SAINT-PAUL\" \/>\n<meta name=\"twitter:card\" content=\"summary_large_image\" \/>\n<meta name=\"twitter:creator\" content=\"@StPaulAngoulem\" \/>\n<meta name=\"twitter:site\" content=\"@StPaulAngoulem\" \/>\n<meta name=\"twitter:label1\" content=\"\u00c9crit par\" \/>\n\t<meta name=\"twitter:data1\" content=\"SAINT-PAUL\" \/>\n\t<meta name=\"twitter:label2\" content=\"Dur\u00e9e de lecture estim\u00e9e\" \/>\n\t<meta name=\"twitter:data2\" content=\"2 minutes\" \/>\n<script type=\"application\/ld+json\" class=\"yoast-schema-graph\">{\"@context\":\"https:\/\/schema.org\",\"@graph\":[{\"@type\":\"Article\",\"@id\":\"https:\/\/www.saint-paul-angouleme.fr\/application\/octobre-rose-2025-a-saint-paul\/#article\",\"isPartOf\":{\"@id\":\"https:\/\/www.saint-paul-angouleme.fr\/application\/octobre-rose-2025-a-saint-paul\/\"},\"author\":{\"name\":\"SAINT-PAUL\",\"@id\":\"https:\/\/www.saint-paul-angouleme.fr\/application\/#\/schema\/person\/ea152930b1a3823659065827b1a5fb9b\"},\"headline\":\"Octobre Rose 2025 \u00e0 Saint-Paul\",\"datePublished\":\"2025-10-06T14:01:07+00:00\",\"dateModified\":\"2025-10-06T14:02:11+00:00\",\"mainEntityOfPage\":{\"@id\":\"https:\/\/www.saint-paul-angouleme.fr\/application\/octobre-rose-2025-a-saint-paul\/\"},\"wordCount\":228,\"commentCount\":0,\"publisher\":{\"@id\":\"https:\/\/www.saint-paul-angouleme.fr\/application\/#organization\"},\"image\":{\"@id\":\"https:\/\/www.saint-paul-angouleme.fr\/application\/octobre-rose-2025-a-saint-paul\/#primaryimage\"},\"thumbnailUrl\":\"https:\/\/www.saint-paul-angouleme.fr\/application\/wp-content\/uploads\/2025\/10\/OCTOBRE_ROSE_25-5.jpg\",\"keywords\":[\"cancer du sein\",\"Octobre rose\",\"recherche\",\"solidarit\u00e9\"],\"articleSection\":[\"Regard sur\"],\"inLanguage\":\"fr-FR\",\"potentialAction\":[{\"@type\":\"CommentAction\",\"name\":\"Comment\",\"target\":[\"https:\/\/www.saint-paul-angouleme.fr\/application\/octobre-rose-2025-a-saint-paul\/#respond\"]}]},{\"@type\":\"WebPage\",\"@id\":\"https:\/\/www.saint-paul-angouleme.fr\/application\/octobre-rose-2025-a-saint-paul\/\",\"url\":\"https:\/\/www.saint-paul-angouleme.fr\/application\/octobre-rose-2025-a-saint-paul\/\",\"name\":\"Octobre en Rose \u00e0 Saint-Paul\",\"isPartOf\":{\"@id\":\"https:\/\/www.saint-paul-angouleme.fr\/application\/#website\"},\"primaryImageOfPage\":{\"@id\":\"https:\/\/www.saint-paul-angouleme.fr\/application\/octobre-rose-2025-a-saint-paul\/#primaryimage\"},\"image\":{\"@id\":\"https:\/\/www.saint-paul-angouleme.fr\/application\/octobre-rose-2025-a-saint-paul\/#primaryimage\"},\"thumbnailUrl\":\"https:\/\/www.saint-paul-angouleme.fr\/application\/wp-content\/uploads\/2025\/10\/OCTOBRE_ROSE_25-5.jpg\",\"datePublished\":\"2025-10-06T14:01:07+00:00\",\"dateModified\":\"2025-10-06T14:02:11+00:00\",\"description\":\"Le mois d'octobre est rose \u00e0 Saint-Paul. El\u00e8ves et adultes manifestent leur soutien \u00e0 la lutte contre le cancer du sein ce lundi 6 octobre.\",\"breadcrumb\":{\"@id\":\"https:\/\/www.saint-paul-angouleme.fr\/application\/octobre-rose-2025-a-saint-paul\/#breadcrumb\"},\"inLanguage\":\"fr-FR\",\"potentialAction\":[{\"@type\":\"ReadAction\",\"target\":[\"https:\/\/www.saint-paul-angouleme.fr\/application\/octobre-rose-2025-a-saint-paul\/\"]}]},{\"@type\":\"ImageObject\",\"inLanguage\":\"fr-FR\",\"@id\":\"https:\/\/www.saint-paul-angouleme.fr\/application\/octobre-rose-2025-a-saint-paul\/#primaryimage\",\"url\":\"https:\/\/www.saint-paul-angouleme.fr\/application\/wp-content\/uploads\/2025\/10\/OCTOBRE_ROSE_25-5.jpg\",\"contentUrl\":\"https:\/\/www.saint-paul-angouleme.fr\/application\/wp-content\/uploads\/2025\/10\/OCTOBRE_ROSE_25-5.jpg\",\"width\":1410,\"height\":794},{\"@type\":\"BreadcrumbList\",\"@id\":\"https:\/\/www.saint-paul-angouleme.fr\/application\/octobre-rose-2025-a-saint-paul\/#breadcrumb\",\"itemListElement\":[{\"@type\":\"ListItem\",\"position\":1,\"name\":\"Accueil\",\"item\":\"http:\/\/www.saint-paul-angouleme.fr\/application\/\"},{\"@type\":\"ListItem\",\"position\":2,\"name\":\"Octobre Rose 2025 \u00e0 Saint-Paul\"}]},{\"@type\":\"WebSite\",\"@id\":\"https:\/\/www.saint-paul-angouleme.fr\/application\/#website\",\"url\":\"https:\/\/www.saint-paul-angouleme.fr\/application\/\",\"name\":\"Actualit\u00e9s\",\"description\":\"Actualit\u00e9s Saint Paul\",\"publisher\":{\"@id\":\"https:\/\/www.saint-paul-angouleme.fr\/application\/#organization\"},\"potentialAction\":[{\"@type\":\"SearchAction\",\"target\":{\"@type\":\"EntryPoint\",\"urlTemplate\":\"https:\/\/www.saint-paul-angouleme.fr\/application\/?s={search_term_string}\"},\"query-input\":\"required name=search_term_string\"}],\"inLanguage\":\"fr-FR\"},{\"@type\":\"Organization\",\"@id\":\"https:\/\/www.saint-paul-angouleme.fr\/application\/#organization\",\"name\":\"Ensemble scolaire Saint-Paul\",\"url\":\"https:\/\/www.saint-paul-angouleme.fr\/application\/\",\"logo\":{\"@type\":\"ImageObject\",\"inLanguage\":\"fr-FR\",\"@id\":\"https:\/\/www.saint-paul-angouleme.fr\/application\/#\/schema\/logo\/image\/\",\"url\":\"https:\/\/www.saint-paul-angouleme.fr\/application\/wp-content\/uploads\/2018\/08\/logo-saint-paul-couleurs.jpg\",\"contentUrl\":\"https:\/\/www.saint-paul-angouleme.fr\/application\/wp-content\/uploads\/2018\/08\/logo-saint-paul-couleurs.jpg\",\"width\":1890,\"height\":709,\"caption\":\"Ensemble scolaire Saint-Paul\"},\"image\":{\"@id\":\"https:\/\/www.saint-paul-angouleme.fr\/application\/#\/schema\/logo\/image\/\"},\"sameAs\":[\"https:\/\/www.facebook.com\/SaintPaulAngouleme16\/\",\"https:\/\/x.com\/StPaulAngoulem\",\"https:\/\/www.youtube.com\/channel\/UCRLpz1CmPVqc0gn--YyXvjA?view_as=subscriber\"]},{\"@type\":\"Person\",\"@id\":\"https:\/\/www.saint-paul-angouleme.fr\/application\/#\/schema\/person\/ea152930b1a3823659065827b1a5fb9b\",\"name\":\"SAINT-PAUL\",\"image\":{\"@type\":\"ImageObject\",\"inLanguage\":\"fr-FR\",\"@id\":\"https:\/\/www.saint-paul-angouleme.fr\/application\/#\/schema\/person\/image\/\",\"url\":\"https:\/\/secure.gravatar.com\/avatar\/eadb0ffebc02683a61d69038eb2924f0?s=96&r=g\",\"contentUrl\":\"https:\/\/secure.gravatar.com\/avatar\/eadb0ffebc02683a61d69038eb2924f0?s=96&r=g\",\"caption\":\"SAINT-PAUL\"},\"url\":\"https:\/\/www.saint-paul-angouleme.fr\/application\/author\/myriam\/\"}]}<\/script>\n<!-- \/ Yoast SEO plugin. -->","yoast_head_json":{"title":"Octobre en Rose \u00e0 Saint-Paul","description":"Le mois d'octobre est rose \u00e0 Saint-Paul. El\u00e8ves et adultes manifestent leur soutien \u00e0 la lutte contre le cancer du sein ce lundi 6 octobre.","robots":{"index":"index","follow":"follow","max-snippet":"max-snippet:-1","max-image-preview":"max-image-preview:large","max-video-preview":"max-video-preview:-1"},"canonical":"https:\/\/www.saint-paul-angouleme.fr\/application\/octobre-rose-2025-a-saint-paul\/","og_locale":"fr_FR","og_type":"article","og_title":"Octobre en Rose \u00e0 Saint-Paul","og_description":"Le mois d'octobre est rose \u00e0 Saint-Paul. El\u00e8ves et adultes manifestent leur soutien \u00e0 la lutte contre le cancer du sein ce lundi 6 octobre.","og_url":"https:\/\/www.saint-paul-angouleme.fr\/application\/octobre-rose-2025-a-saint-paul\/","og_site_name":"Actualit\u00e9s","article_publisher":"https:\/\/www.facebook.com\/SaintPaulAngouleme16\/","article_published_time":"2025-10-06T14:01:07+00:00","article_modified_time":"2025-10-06T14:02:11+00:00","og_image":[{"width":1410,"height":794,"url":"https:\/\/www.saint-paul-angouleme.fr\/application\/wp-content\/uploads\/2025\/10\/OCTOBRE_ROSE_25-5.jpg","type":"image\/jpeg"}],"author":"SAINT-PAUL","twitter_card":"summary_large_image","twitter_creator":"@StPaulAngoulem","twitter_site":"@StPaulAngoulem","twitter_misc":{"\u00c9crit par":"SAINT-PAUL","Dur\u00e9e de lecture estim\u00e9e":"2 minutes"},"schema":{"@context":"https:\/\/schema.org","@graph":[{"@type":"Article","@id":"https:\/\/www.saint-paul-angouleme.fr\/application\/octobre-rose-2025-a-saint-paul\/#article","isPartOf":{"@id":"https:\/\/www.saint-paul-angouleme.fr\/application\/octobre-rose-2025-a-saint-paul\/"},"author":{"name":"SAINT-PAUL","@id":"https:\/\/www.saint-paul-angouleme.fr\/application\/#\/schema\/person\/ea152930b1a3823659065827b1a5fb9b"},"headline":"Octobre Rose 2025 \u00e0 Saint-Paul","datePublished":"2025-10-06T14:01:07+00:00","dateModified":"2025-10-06T14:02:11+00:00","mainEntityOfPage":{"@id":"https:\/\/www.saint-paul-angouleme.fr\/application\/octobre-rose-2025-a-saint-paul\/"},"wordCount":228,"commentCount":0,"publisher":{"@id":"https:\/\/www.saint-paul-angouleme.fr\/application\/#organization"},"image":{"@id":"https:\/\/www.saint-paul-angouleme.fr\/application\/octobre-rose-2025-a-saint-paul\/#primaryimage"},"thumbnailUrl":"https:\/\/www.saint-paul-angouleme.fr\/application\/wp-content\/uploads\/2025\/10\/OCTOBRE_ROSE_25-5.jpg","keywords":["cancer du sein","Octobre rose","recherche","solidarit\u00e9"],"articleSection":["Regard sur"],"inLanguage":"fr-FR","potentialAction":[{"@type":"CommentAction","name":"Comment","target":["https:\/\/www.saint-paul-angouleme.fr\/application\/octobre-rose-2025-a-saint-paul\/#respond"]}]},{"@type":"WebPage","@id":"https:\/\/www.saint-paul-angouleme.fr\/application\/octobre-rose-2025-a-saint-paul\/","url":"https:\/\/www.saint-paul-angouleme.fr\/application\/octobre-rose-2025-a-saint-paul\/","name":"Octobre en Rose \u00e0 Saint-Paul","isPartOf":{"@id":"https:\/\/www.saint-paul-angouleme.fr\/application\/#website"},"primaryImageOfPage":{"@id":"https:\/\/www.saint-paul-angouleme.fr\/application\/octobre-rose-2025-a-saint-paul\/#primaryimage"},"image":{"@id":"https:\/\/www.saint-paul-angouleme.fr\/application\/octobre-rose-2025-a-saint-paul\/#primaryimage"},"thumbnailUrl":"https:\/\/www.saint-paul-angouleme.fr\/application\/wp-content\/uploads\/2025\/10\/OCTOBRE_ROSE_25-5.jpg","datePublished":"2025-10-06T14:01:07+00:00","dateModified":"2025-10-06T14:02:11+00:00","description":"Le mois d'octobre est rose \u00e0 Saint-Paul. El\u00e8ves et adultes manifestent leur soutien \u00e0 la lutte contre le cancer du sein ce lundi 6 octobre.","breadcrumb":{"@id":"https:\/\/www.saint-paul-angouleme.fr\/application\/octobre-rose-2025-a-saint-paul\/#breadcrumb"},"inLanguage":"fr-FR","potentialAction":[{"@type":"ReadAction","target":["https:\/\/www.saint-paul-angouleme.fr\/application\/octobre-rose-2025-a-saint-paul\/"]}]},{"@type":"ImageObject","inLanguage":"fr-FR","@id":"https:\/\/www.saint-paul-angouleme.fr\/application\/octobre-rose-2025-a-saint-paul\/#primaryimage","url":"https:\/\/www.saint-paul-angouleme.fr\/application\/wp-content\/uploads\/2025\/10\/OCTOBRE_ROSE_25-5.jpg","contentUrl":"https:\/\/www.saint-paul-angouleme.fr\/application\/wp-content\/uploads\/2025\/10\/OCTOBRE_ROSE_25-5.jpg","width":1410,"height":794},{"@type":"BreadcrumbList","@id":"https:\/\/www.saint-paul-angouleme.fr\/application\/octobre-rose-2025-a-saint-paul\/#breadcrumb","itemListElement":[{"@type":"ListItem","position":1,"name":"Accueil","item":"http:\/\/www.saint-paul-angouleme.fr\/application\/"},{"@type":"ListItem","position":2,"name":"Octobre Rose 2025 \u00e0 Saint-Paul"}]},{"@type":"WebSite","@id":"https:\/\/www.saint-paul-angouleme.fr\/application\/#website","url":"https:\/\/www.saint-paul-angouleme.fr\/application\/","name":"Actualit\u00e9s","description":"Actualit\u00e9s Saint Paul","publisher":{"@id":"https:\/\/www.saint-paul-angouleme.fr\/application\/#organization"},"potentialAction":[{"@type":"SearchAction","target":{"@type":"EntryPoint","urlTemplate":"https:\/\/www.saint-paul-angouleme.fr\/application\/?s={search_term_string}"},"query-input":"required name=search_term_string"}],"inLanguage":"fr-FR"},{"@type":"Organization","@id":"https:\/\/www.saint-paul-angouleme.fr\/application\/#organization","name":"Ensemble scolaire Saint-Paul","url":"https:\/\/www.saint-paul-angouleme.fr\/application\/","logo":{"@type":"ImageObject","inLanguage":"fr-FR","@id":"https:\/\/www.saint-paul-angouleme.fr\/application\/#\/schema\/logo\/image\/","url":"https:\/\/www.saint-paul-angouleme.fr\/application\/wp-content\/uploads\/2018\/08\/logo-saint-paul-couleurs.jpg","contentUrl":"https:\/\/www.saint-paul-angouleme.fr\/application\/wp-content\/uploads\/2018\/08\/logo-saint-paul-couleurs.jpg","width":1890,"height":709,"caption":"Ensemble scolaire Saint-Paul"},"image":{"@id":"https:\/\/www.saint-paul-angouleme.fr\/application\/#\/schema\/logo\/image\/"},"sameAs":["https:\/\/www.facebook.com\/SaintPaulAngouleme16\/","https:\/\/x.com\/StPaulAngoulem","https:\/\/www.youtube.com\/channel\/UCRLpz1CmPVqc0gn--YyXvjA?view_as=subscriber"]},{"@type":"Person","@id":"https:\/\/www.saint-paul-angouleme.fr\/application\/#\/schema\/person\/ea152930b1a3823659065827b1a5fb9b","name":"SAINT-PAUL","image":{"@type":"ImageObject","inLanguage":"fr-FR","@id":"https:\/\/www.saint-paul-angouleme.fr\/application\/#\/schema\/person\/image\/","url":"https:\/\/secure.gravatar.com\/avatar\/eadb0ffebc02683a61d69038eb2924f0?s=96&r=g","contentUrl":"https:\/\/secure.gravatar.com\/avatar\/eadb0ffebc02683a61d69038eb2924f0?s=96&r=g","caption":"SAINT-PAUL"},"url":"https:\/\/www.saint-paul-angouleme.fr\/application\/author\/myriam\/"}]}},"_links":{"self":[{"href":"https:\/\/www.saint-paul-angouleme.fr\/application\/wp-json\/wp\/v2\/posts\/13392"}],"collection":[{"href":"https:\/\/www.saint-paul-angouleme.fr\/application\/wp-json\/wp\/v2\/posts"}],"about":[{"href":"https:\/\/www.saint-paul-angouleme.fr\/application\/wp-json\/wp\/v2\/types\/post"}],"author":[{"embeddable":true,"href":"https:\/\/www.saint-paul-angouleme.fr\/application\/wp-json\/wp\/v2\/users\/3"}],"replies":[{"embeddable":true,"href":"https:\/\/www.saint-paul-angouleme.fr\/application\/wp-json\/wp\/v2\/comments?post=13392"}],"version-history":[{"count":10,"href":"https:\/\/www.saint-paul-angouleme.fr\/application\/wp-json\/wp\/v2\/posts\/13392\/revisions"}],"predecessor-version":[{"id":13409,"href":"https:\/\/www.saint-paul-angouleme.fr\/application\/wp-json\/wp\/v2\/posts\/13392\/revisions\/13409"}],"wp:featuredmedia":[{"embeddable":true,"href":"https:\/\/www.saint-paul-angouleme.fr\/application\/wp-json\/wp\/v2\/media\/13394"}],"wp:attachment":[{"href":"https:\/\/www.saint-paul-angouleme.fr\/application\/wp-json\/wp\/v2\/media?parent=13392"}],"wp:term":[{"taxonomy":"category","embeddable":true,"href":"https:\/\/www.saint-paul-angouleme.fr\/application\/wp-json\/wp\/v2\/categories?post=13392"},{"taxonomy":"post_tag","embeddable":true,"href":"https:\/\/www.saint-paul-angouleme.fr\/application\/wp-json\/wp\/v2\/tags?post=13392"}],"curies":[{"name":"wp","href":"https:\/\/api.w.org\/{rel}","templated":true}]}}