{"id":13339,"date":"2025-09-03T09:23:00","date_gmt":"2025-09-03T07:23:00","guid":{"rendered":"https:\/\/www.saint-paul-angouleme.fr\/application\/?p=13339"},"modified":"2025-09-15T15:32:47","modified_gmt":"2025-09-15T13:32:47","slug":"rentree-speciale-6eme-prendre-ses-marques-tranquillement","status":"publish","type":"post","link":"https:\/\/www.saint-paul-angouleme.fr\/application\/rentree-speciale-6eme-prendre-ses-marques-tranquillement\/","title":{"rendered":"Rentr\u00e9e sp\u00e9ciale 6\u00e8me : prendre ses marques tranquillement"},"content":{"rendered":"\n<figure class=\"wp-block-image size-large\"><img loading=\"lazy\" decoding=\"async\" width=\"1024\" height=\"577\" src=\"https:\/\/www.saint-paul-angouleme.fr\/application\/wp-content\/uploads\/2025\/09\/RENTREE_SEPT_25_1-1024x577.jpg\" alt=\"Rentr\u00e9e 6\u00e8me : un \u00e0 un les \u00e9l\u00e8ves montent les marchent pour rejoindre sa classe\" class=\"wp-image-13340\" srcset=\"https:\/\/www.saint-paul-angouleme.fr\/application\/wp-content\/uploads\/2025\/09\/RENTREE_SEPT_25_1-1024x577.jpg 1024w, https:\/\/www.saint-paul-angouleme.fr\/application\/wp-content\/uploads\/2025\/09\/RENTREE_SEPT_25_1-300x169.jpg 300w, https:\/\/www.saint-paul-angouleme.fr\/application\/wp-content\/uploads\/2025\/09\/RENTREE_SEPT_25_1-768x432.jpg 768w, https:\/\/www.saint-paul-angouleme.fr\/application\/wp-content\/uploads\/2025\/09\/RENTREE_SEPT_25_1.jpg 1410w\" sizes=\"(max-width: 1024px) 100vw, 1024px\" \/><\/figure>\n\n\n\n<p><\/p>\n\n\n\n<p>Le lundi 1er septembre les \u00e9l\u00e8ves de 6\u00e8me font <a href=\"https:\/\/www.saint-paul-angouleme.fr\/application\/des-rentrees-sur-mesure-pour-un-demarrage-tout-en-douceur\/\">LEUR rentr\u00e9e<\/a>. Tout au long de la journ\u00e9e ils auront l&#8217;\u00e9tablissement rien que pour eux. L&#8217;objectif : s&#8217;acclimater en douceur \u00e0 l&#8217;entr\u00e9e au coll\u00e8ge. Cela est important surtout lorsque l&#8217;on vient d&#8217;une <a href=\"https:\/\/www.notredamelacouronne.fr\/news\/\">petite \u00e9cole<\/a>.<\/p>\n\n\n\n<p><\/p>\n\n\n\n<h3 class=\"wp-block-heading\">Le premier jour : priorit\u00e9 aux sixi\u00e8mes<\/h3>\n\n\n\n<p>Le matin, les familles sont accueillies par l&#8217;APEL (Association de Parents d&#8217;\u00e9l\u00e8ves de l&#8217;Enseignement Libre) autour d&#8217;un caf\u00e9. Ensuite, les \u00e9l\u00e8ves sont appel\u00e9s par classe, un par un. Ils rejoignent, sur la passerelle, leur Professeur Responsable de Classe. Quand tous les \u00e9l\u00e8ves sont pr\u00e9sents, nos sixi\u00e8mes regagnent la salle o\u00f9 ils auront la plupart de leurs cours (la transition \u00e9cole \/ coll\u00e8ge est ainsi plus souple). Toute la matin\u00e9e ils seront avec leur PRC qui expliquera tout ce qu&#8217;il faut savoir : emploi du temps, r\u00e8glement int\u00e9rieur, carte de sortie, carte de cantine, etc.<\/p>\n\n\n\n<p>Apr\u00e8s une pause d\u00e9jeuner revigorante, c&#8217;est course d&#8217;orientation l&#8217;apr\u00e8s-midi. Cela permet de rencontrer les diff\u00e9rents acteurs du coll\u00e8ge et les diff\u00e9rents lieux. La journ\u00e9e se termine par un bon go\u00fbter. Premi\u00e8re \u00e9tape valid\u00e9e !<\/p>\n\n\n\n<p><\/p>\n\n\n\n<figure class=\"wp-block-gallery has-nested-images columns-default is-cropped wp-block-gallery-1 is-layout-flex wp-block-gallery-is-layout-flex\">\n<figure class=\"wp-block-image size-large\"><img loading=\"lazy\" decoding=\"async\" width=\"1024\" height=\"577\" data-id=\"13345\" src=\"https:\/\/www.saint-paul-angouleme.fr\/application\/wp-content\/uploads\/2025\/09\/RENTREE_SEPT_25-3-1024x577.jpg\" alt=\"Les 606 : pr\u00eats pour cette rentr\u00e9e\" class=\"wp-image-13345\" srcset=\"https:\/\/www.saint-paul-angouleme.fr\/application\/wp-content\/uploads\/2025\/09\/RENTREE_SEPT_25-3-1024x577.jpg 1024w, https:\/\/www.saint-paul-angouleme.fr\/application\/wp-content\/uploads\/2025\/09\/RENTREE_SEPT_25-3-300x169.jpg 300w, https:\/\/www.saint-paul-angouleme.fr\/application\/wp-content\/uploads\/2025\/09\/RENTREE_SEPT_25-3-768x432.jpg 768w, https:\/\/www.saint-paul-angouleme.fr\/application\/wp-content\/uploads\/2025\/09\/RENTREE_SEPT_25-3.jpg 1410w\" sizes=\"(max-width: 1024px) 100vw, 1024px\" \/><\/figure>\n\n\n\n<figure class=\"wp-block-image size-large\"><img loading=\"lazy\" decoding=\"async\" width=\"1024\" height=\"577\" data-id=\"13346\" src=\"https:\/\/www.saint-paul-angouleme.fr\/application\/wp-content\/uploads\/2025\/09\/RENTREE_SEPT_25-4-1024x577.jpg\" alt=\"\" class=\"wp-image-13346\" srcset=\"https:\/\/www.saint-paul-angouleme.fr\/application\/wp-content\/uploads\/2025\/09\/RENTREE_SEPT_25-4-1024x577.jpg 1024w, https:\/\/www.saint-paul-angouleme.fr\/application\/wp-content\/uploads\/2025\/09\/RENTREE_SEPT_25-4-300x169.jpg 300w, https:\/\/www.saint-paul-angouleme.fr\/application\/wp-content\/uploads\/2025\/09\/RENTREE_SEPT_25-4-768x432.jpg 768w, https:\/\/www.saint-paul-angouleme.fr\/application\/wp-content\/uploads\/2025\/09\/RENTREE_SEPT_25-4.jpg 1410w\" sizes=\"(max-width: 1024px) 100vw, 1024px\" \/><\/figure>\n\n\n\n<figure class=\"wp-block-image size-large\"><img loading=\"lazy\" decoding=\"async\" width=\"1024\" height=\"577\" data-id=\"13347\" src=\"https:\/\/www.saint-paul-angouleme.fr\/application\/wp-content\/uploads\/2025\/09\/RENTREE_SEPT_25-5-1024x577.jpg\" alt=\"\" class=\"wp-image-13347\" srcset=\"https:\/\/www.saint-paul-angouleme.fr\/application\/wp-content\/uploads\/2025\/09\/RENTREE_SEPT_25-5-1024x577.jpg 1024w, https:\/\/www.saint-paul-angouleme.fr\/application\/wp-content\/uploads\/2025\/09\/RENTREE_SEPT_25-5-300x169.jpg 300w, https:\/\/www.saint-paul-angouleme.fr\/application\/wp-content\/uploads\/2025\/09\/RENTREE_SEPT_25-5-768x432.jpg 768w, https:\/\/www.saint-paul-angouleme.fr\/application\/wp-content\/uploads\/2025\/09\/RENTREE_SEPT_25-5.jpg 1410w\" sizes=\"(max-width: 1024px) 100vw, 1024px\" \/><\/figure>\n\n\n\n<figure class=\"wp-block-image size-large\"><img loading=\"lazy\" decoding=\"async\" width=\"1024\" height=\"577\" data-id=\"13349\" src=\"https:\/\/www.saint-paul-angouleme.fr\/application\/wp-content\/uploads\/2025\/09\/RENTREE_SEPT_25-6-1024x577.jpg\" alt=\"\" class=\"wp-image-13349\" srcset=\"https:\/\/www.saint-paul-angouleme.fr\/application\/wp-content\/uploads\/2025\/09\/RENTREE_SEPT_25-6-1024x577.jpg 1024w, https:\/\/www.saint-paul-angouleme.fr\/application\/wp-content\/uploads\/2025\/09\/RENTREE_SEPT_25-6-300x169.jpg 300w, https:\/\/www.saint-paul-angouleme.fr\/application\/wp-content\/uploads\/2025\/09\/RENTREE_SEPT_25-6-768x432.jpg 768w, https:\/\/www.saint-paul-angouleme.fr\/application\/wp-content\/uploads\/2025\/09\/RENTREE_SEPT_25-6.jpg 1410w\" sizes=\"(max-width: 1024px) 100vw, 1024px\" \/><\/figure>\n\n\n\n<figure class=\"wp-block-image size-large\"><img loading=\"lazy\" decoding=\"async\" width=\"1024\" height=\"577\" data-id=\"13350\" src=\"https:\/\/www.saint-paul-angouleme.fr\/application\/wp-content\/uploads\/2025\/09\/RENTREE_SEPT_25-7-1024x577.jpg\" alt=\"\" class=\"wp-image-13350\" srcset=\"https:\/\/www.saint-paul-angouleme.fr\/application\/wp-content\/uploads\/2025\/09\/RENTREE_SEPT_25-7-1024x577.jpg 1024w, https:\/\/www.saint-paul-angouleme.fr\/application\/wp-content\/uploads\/2025\/09\/RENTREE_SEPT_25-7-300x169.jpg 300w, https:\/\/www.saint-paul-angouleme.fr\/application\/wp-content\/uploads\/2025\/09\/RENTREE_SEPT_25-7-768x432.jpg 768w, https:\/\/www.saint-paul-angouleme.fr\/application\/wp-content\/uploads\/2025\/09\/RENTREE_SEPT_25-7.jpg 1410w\" sizes=\"(max-width: 1024px) 100vw, 1024px\" \/><\/figure>\n\n\n\n<figure class=\"wp-block-image size-large\"><img loading=\"lazy\" decoding=\"async\" width=\"1024\" height=\"577\" data-id=\"13348\" src=\"https:\/\/www.saint-paul-angouleme.fr\/application\/wp-content\/uploads\/2025\/09\/RENTREE_SEPT_25-8-1024x577.jpg\" alt=\"\" class=\"wp-image-13348\" srcset=\"https:\/\/www.saint-paul-angouleme.fr\/application\/wp-content\/uploads\/2025\/09\/RENTREE_SEPT_25-8-1024x577.jpg 1024w, https:\/\/www.saint-paul-angouleme.fr\/application\/wp-content\/uploads\/2025\/09\/RENTREE_SEPT_25-8-300x169.jpg 300w, https:\/\/www.saint-paul-angouleme.fr\/application\/wp-content\/uploads\/2025\/09\/RENTREE_SEPT_25-8-768x432.jpg 768w, https:\/\/www.saint-paul-angouleme.fr\/application\/wp-content\/uploads\/2025\/09\/RENTREE_SEPT_25-8.jpg 1410w\" sizes=\"(max-width: 1024px) 100vw, 1024px\" \/><\/figure>\n<\/figure>\n\n\n\n<p><\/p>\n\n\n\n<h3 class=\"wp-block-heading\">Le lendemain : rentr\u00e9e en deux temps pour le coll\u00e8ge et le lyc\u00e9e<\/h3>\n\n\n\n<p>Le matin matin, les autres niveaux du coll\u00e8ge font une rentr\u00e9e \u00e9chelonn\u00e9e. L&#8217;apr\u00e8s-midi commence par un accueil sp\u00e9cial pour les \u00e9l\u00e8ves de seconde.<\/p>\n\n\n\n<p>Apr\u00e8s un petit mot de Mme EPAUD, notre cheffe d&#8217;\u00e9tablissement, M. FABRE appelle les \u00e9l\u00e8ves classe par classe. Les PRC accueillent leurs \u00e9l\u00e8ves. Lorsque la classe est constitu\u00e9e, montent avec eux pour expliquer le lyc\u00e9e et ses particularit\u00e9s.<\/p>\n\n\n\n<p>Apr\u00e8s les secondes Premi\u00e8res et Terminales arrivent de fa\u00e7on \u00e9chelonn\u00e9e. Une belle rentr\u00e9e s&#8217;ach\u00e8ve et l&#8217;aventure commence !<\/p>\n\n\n\n<p><\/p>\n\n\n\n<figure class=\"wp-block-gallery has-nested-images columns-1 is-cropped wp-block-gallery-2 is-layout-flex wp-block-gallery-is-layout-flex\">\n<figure class=\"wp-block-image size-large\"><img loading=\"lazy\" decoding=\"async\" width=\"1024\" height=\"577\" data-id=\"13354\" src=\"https:\/\/www.saint-paul-angouleme.fr\/application\/wp-content\/uploads\/2025\/09\/RENTREE_SEPT_25-3-1-1024x577.jpg\" alt=\"Rentr\u00e9e de nos secondes...\" class=\"wp-image-13354\" srcset=\"https:\/\/www.saint-paul-angouleme.fr\/application\/wp-content\/uploads\/2025\/09\/RENTREE_SEPT_25-3-1-1024x577.jpg 1024w, https:\/\/www.saint-paul-angouleme.fr\/application\/wp-content\/uploads\/2025\/09\/RENTREE_SEPT_25-3-1-300x169.jpg 300w, https:\/\/www.saint-paul-angouleme.fr\/application\/wp-content\/uploads\/2025\/09\/RENTREE_SEPT_25-3-1-768x432.jpg 768w, https:\/\/www.saint-paul-angouleme.fr\/application\/wp-content\/uploads\/2025\/09\/RENTREE_SEPT_25-3-1.jpg 1410w\" sizes=\"(max-width: 1024px) 100vw, 1024px\" \/><\/figure>\n\n\n\n<figure class=\"wp-block-image size-large\"><img loading=\"lazy\" decoding=\"async\" width=\"1024\" height=\"577\" data-id=\"13355\" src=\"https:\/\/www.saint-paul-angouleme.fr\/application\/wp-content\/uploads\/2025\/09\/RENTREE_SEPT_25-5-1-1024x577.jpg\" alt=\"\" class=\"wp-image-13355\" srcset=\"https:\/\/www.saint-paul-angouleme.fr\/application\/wp-content\/uploads\/2025\/09\/RENTREE_SEPT_25-5-1-1024x577.jpg 1024w, https:\/\/www.saint-paul-angouleme.fr\/application\/wp-content\/uploads\/2025\/09\/RENTREE_SEPT_25-5-1-300x169.jpg 300w, https:\/\/www.saint-paul-angouleme.fr\/application\/wp-content\/uploads\/2025\/09\/RENTREE_SEPT_25-5-1-768x432.jpg 768w, https:\/\/www.saint-paul-angouleme.fr\/application\/wp-content\/uploads\/2025\/09\/RENTREE_SEPT_25-5-1.jpg 1410w\" sizes=\"(max-width: 1024px) 100vw, 1024px\" \/><\/figure>\n\n\n\n<figure class=\"wp-block-image size-large\"><img loading=\"lazy\" decoding=\"async\" width=\"577\" height=\"1024\" data-id=\"13356\" src=\"https:\/\/www.saint-paul-angouleme.fr\/application\/wp-content\/uploads\/2025\/09\/RENTREE_SEPT_25-6-1-577x1024.jpg\" alt=\"\" class=\"wp-image-13356\" srcset=\"https:\/\/www.saint-paul-angouleme.fr\/application\/wp-content\/uploads\/2025\/09\/RENTREE_SEPT_25-6-1-577x1024.jpg 577w, https:\/\/www.saint-paul-angouleme.fr\/application\/wp-content\/uploads\/2025\/09\/RENTREE_SEPT_25-6-1-169x300.jpg 169w, https:\/\/www.saint-paul-angouleme.fr\/application\/wp-content\/uploads\/2025\/09\/RENTREE_SEPT_25-6-1-768x1364.jpg 768w, https:\/\/www.saint-paul-angouleme.fr\/application\/wp-content\/uploads\/2025\/09\/RENTREE_SEPT_25-6-1.jpg 794w\" sizes=\"(max-width: 577px) 100vw, 577px\" \/><\/figure>\n\n\n\n<figure class=\"wp-block-image size-large\"><img loading=\"lazy\" decoding=\"async\" width=\"1024\" height=\"577\" data-id=\"13357\" src=\"https:\/\/www.saint-paul-angouleme.fr\/application\/wp-content\/uploads\/2025\/09\/RENTREE_SEPT_25-7-1-1024x577.jpg\" alt=\"\" class=\"wp-image-13357\" srcset=\"https:\/\/www.saint-paul-angouleme.fr\/application\/wp-content\/uploads\/2025\/09\/RENTREE_SEPT_25-7-1-1024x577.jpg 1024w, https:\/\/www.saint-paul-angouleme.fr\/application\/wp-content\/uploads\/2025\/09\/RENTREE_SEPT_25-7-1-300x169.jpg 300w, https:\/\/www.saint-paul-angouleme.fr\/application\/wp-content\/uploads\/2025\/09\/RENTREE_SEPT_25-7-1-768x432.jpg 768w, https:\/\/www.saint-paul-angouleme.fr\/application\/wp-content\/uploads\/2025\/09\/RENTREE_SEPT_25-7-1.jpg 1410w\" sizes=\"(max-width: 1024px) 100vw, 1024px\" \/><\/figure>\n\n\n\n<figure class=\"wp-block-image size-large\"><img loading=\"lazy\" decoding=\"async\" width=\"1024\" height=\"577\" data-id=\"13358\" src=\"https:\/\/www.saint-paul-angouleme.fr\/application\/wp-content\/uploads\/2025\/09\/RENTREE_SEPT_25-8-1-1024x577.jpg\" alt=\"\" class=\"wp-image-13358\" srcset=\"https:\/\/www.saint-paul-angouleme.fr\/application\/wp-content\/uploads\/2025\/09\/RENTREE_SEPT_25-8-1-1024x577.jpg 1024w, https:\/\/www.saint-paul-angouleme.fr\/application\/wp-content\/uploads\/2025\/09\/RENTREE_SEPT_25-8-1-300x169.jpg 300w, https:\/\/www.saint-paul-angouleme.fr\/application\/wp-content\/uploads\/2025\/09\/RENTREE_SEPT_25-8-1-768x432.jpg 768w, https:\/\/www.saint-paul-angouleme.fr\/application\/wp-content\/uploads\/2025\/09\/RENTREE_SEPT_25-8-1.jpg 1410w\" sizes=\"(max-width: 1024px) 100vw, 1024px\" \/><\/figure>\n\n\n\n<figure class=\"wp-block-image size-large\"><img loading=\"lazy\" decoding=\"async\" width=\"1024\" height=\"577\" data-id=\"13359\" src=\"https:\/\/www.saint-paul-angouleme.fr\/application\/wp-content\/uploads\/2025\/09\/RENTREE_SEPT_25-9-1024x577.jpg\" alt=\"\" class=\"wp-image-13359\" srcset=\"https:\/\/www.saint-paul-angouleme.fr\/application\/wp-content\/uploads\/2025\/09\/RENTREE_SEPT_25-9-1024x577.jpg 1024w, https:\/\/www.saint-paul-angouleme.fr\/application\/wp-content\/uploads\/2025\/09\/RENTREE_SEPT_25-9-300x169.jpg 300w, https:\/\/www.saint-paul-angouleme.fr\/application\/wp-content\/uploads\/2025\/09\/RENTREE_SEPT_25-9-768x432.jpg 768w, https:\/\/www.saint-paul-angouleme.fr\/application\/wp-content\/uploads\/2025\/09\/RENTREE_SEPT_25-9.jpg 1410w\" sizes=\"(max-width: 1024px) 100vw, 1024px\" \/><\/figure>\n\n\n\n<figure class=\"wp-block-image size-large\"><img loading=\"lazy\" decoding=\"async\" width=\"1024\" height=\"577\" data-id=\"13360\" src=\"https:\/\/www.saint-paul-angouleme.fr\/application\/wp-content\/uploads\/2025\/09\/RENTREE_SEPT_25-10-1024x577.jpg\" alt=\"\" class=\"wp-image-13360\" srcset=\"https:\/\/www.saint-paul-angouleme.fr\/application\/wp-content\/uploads\/2025\/09\/RENTREE_SEPT_25-10-1024x577.jpg 1024w, https:\/\/www.saint-paul-angouleme.fr\/application\/wp-content\/uploads\/2025\/09\/RENTREE_SEPT_25-10-300x169.jpg 300w, https:\/\/www.saint-paul-angouleme.fr\/application\/wp-content\/uploads\/2025\/09\/RENTREE_SEPT_25-10-768x432.jpg 768w, https:\/\/www.saint-paul-angouleme.fr\/application\/wp-content\/uploads\/2025\/09\/RENTREE_SEPT_25-10.jpg 1410w\" sizes=\"(max-width: 1024px) 100vw, 1024px\" \/><\/figure>\n\n\n\n<figure class=\"wp-block-image size-large\"><img loading=\"lazy\" decoding=\"async\" width=\"1024\" height=\"577\" data-id=\"13361\" src=\"https:\/\/www.saint-paul-angouleme.fr\/application\/wp-content\/uploads\/2025\/09\/RENTREE_SEPT_25-10-2-1024x577.jpg\" alt=\"\" class=\"wp-image-13361\" srcset=\"https:\/\/www.saint-paul-angouleme.fr\/application\/wp-content\/uploads\/2025\/09\/RENTREE_SEPT_25-10-2-1024x577.jpg 1024w, https:\/\/www.saint-paul-angouleme.fr\/application\/wp-content\/uploads\/2025\/09\/RENTREE_SEPT_25-10-2-300x169.jpg 300w, https:\/\/www.saint-paul-angouleme.fr\/application\/wp-content\/uploads\/2025\/09\/RENTREE_SEPT_25-10-2-768x432.jpg 768w, https:\/\/www.saint-paul-angouleme.fr\/application\/wp-content\/uploads\/2025\/09\/RENTREE_SEPT_25-10-2.jpg 1410w\" sizes=\"(max-width: 1024px) 100vw, 1024px\" \/><\/figure>\n\n\n\n<figure class=\"wp-block-image size-large\"><img loading=\"lazy\" decoding=\"async\" width=\"1024\" height=\"577\" data-id=\"13362\" src=\"https:\/\/www.saint-paul-angouleme.fr\/application\/wp-content\/uploads\/2025\/09\/RENTREE_SEPT_25-11-1024x577.jpg\" alt=\"\" class=\"wp-image-13362\" srcset=\"https:\/\/www.saint-paul-angouleme.fr\/application\/wp-content\/uploads\/2025\/09\/RENTREE_SEPT_25-11-1024x577.jpg 1024w, https:\/\/www.saint-paul-angouleme.fr\/application\/wp-content\/uploads\/2025\/09\/RENTREE_SEPT_25-11-300x169.jpg 300w, https:\/\/www.saint-paul-angouleme.fr\/application\/wp-content\/uploads\/2025\/09\/RENTREE_SEPT_25-11-768x432.jpg 768w, https:\/\/www.saint-paul-angouleme.fr\/application\/wp-content\/uploads\/2025\/09\/RENTREE_SEPT_25-11.jpg 1410w\" sizes=\"(max-width: 1024px) 100vw, 1024px\" \/><\/figure>\n<\/figure>\n","protected":false},"excerpt":{"rendered":"<p>Le lundi 1er septembre les \u00e9l\u00e8ves de 6\u00e8me font LEUR rentr\u00e9e. Tout au long de la journ\u00e9e ils auront l&#8217;\u00e9tablissement rien que pour eux. L&#8217;objectif : s&#8217;acclimater en douceur \u00e0 l&#8217;entr\u00e9e au coll\u00e8ge. Cela est important surtout lorsque l&#8217;on vient d&#8217;une petite \u00e9cole. Le premier jour : priorit\u00e9 aux sixi\u00e8mes Le matin, les familles sont &#8230; <a title=\"Rentr\u00e9e sp\u00e9ciale 6\u00e8me : prendre ses marques tranquillement\" class=\"read-more\" href=\"https:\/\/www.saint-paul-angouleme.fr\/application\/rentree-speciale-6eme-prendre-ses-marques-tranquillement\/\" aria-label=\"Read more about Rentr\u00e9e sp\u00e9ciale 6\u00e8me : prendre ses marques tranquillement\">Lire la suite<\/a><\/p>\n","protected":false},"author":3,"featured_media":13341,"comment_status":"open","ping_status":"open","sticky":false,"template":"","format":"standard","meta":{"_exactmetrics_skip_tracking":false,"_exactmetrics_sitenote_active":false,"_exactmetrics_sitenote_note":"","_exactmetrics_sitenote_category":0,"footnotes":""},"categories":[13,523],"tags":[933,203,204,931,935],"class_list":["post-13339","post","type-post","status-publish","format-standard","has-post-thumbnail","hentry","category-pedagogie","category-regard-sur","tag-6eme","tag-college","tag-lycee","tag-rentree-2025","tag-seconde"],"yoast_head":"<!-- This site is optimized with the Yoast SEO plugin v23.3 - https:\/\/yoast.com\/wordpress\/plugins\/seo\/ -->\n<title>Une rentr\u00e9e sp\u00e9ciale 6\u00e8me : prendre ses marques tranquillement<\/title>\n<meta name=\"description\" content=\"Le 1er septembre, seuls les 6\u00e8mes ont fait leur rentr\u00e9e afin de s&#039;adapter tranquillement \u00e0 ce grand changement.\" \/>\n<meta name=\"robots\" content=\"index, follow, max-snippet:-1, max-image-preview:large, max-video-preview:-1\" \/>\n<link rel=\"canonical\" href=\"https:\/\/www.saint-paul-angouleme.fr\/application\/rentree-speciale-6eme-prendre-ses-marques-tranquillement\/\" \/>\n<meta property=\"og:locale\" content=\"fr_FR\" \/>\n<meta property=\"og:type\" content=\"article\" \/>\n<meta property=\"og:title\" content=\"Une rentr\u00e9e sp\u00e9ciale 6\u00e8me : prendre ses marques tranquillement\" \/>\n<meta property=\"og:description\" content=\"Le 1er septembre, seuls les 6\u00e8mes ont fait leur rentr\u00e9e afin de s&#039;adapter tranquillement \u00e0 ce grand changement.\" \/>\n<meta property=\"og:url\" content=\"https:\/\/www.saint-paul-angouleme.fr\/application\/rentree-speciale-6eme-prendre-ses-marques-tranquillement\/\" \/>\n<meta property=\"og:site_name\" content=\"Actualit\u00e9s\" \/>\n<meta property=\"article:publisher\" content=\"https:\/\/www.facebook.com\/SaintPaulAngouleme16\/\" \/>\n<meta property=\"article:published_time\" content=\"2025-09-03T07:23:00+00:00\" \/>\n<meta property=\"article:modified_time\" content=\"2025-09-15T13:32:47+00:00\" \/>\n<meta property=\"og:image\" content=\"https:\/\/www.saint-paul-angouleme.fr\/application\/wp-content\/uploads\/2025\/09\/RENTREE_SEPT_25.jpg\" \/>\n\t<meta property=\"og:image:width\" content=\"1410\" \/>\n\t<meta property=\"og:image:height\" content=\"794\" \/>\n\t<meta property=\"og:image:type\" content=\"image\/jpeg\" \/>\n<meta name=\"author\" content=\"SAINT-PAUL\" \/>\n<meta name=\"twitter:card\" content=\"summary_large_image\" \/>\n<meta name=\"twitter:creator\" content=\"@StPaulAngoulem\" \/>\n<meta name=\"twitter:site\" content=\"@StPaulAngoulem\" \/>\n<meta name=\"twitter:label1\" content=\"\u00c9crit par\" \/>\n\t<meta name=\"twitter:data1\" content=\"SAINT-PAUL\" \/>\n\t<meta name=\"twitter:label2\" content=\"Dur\u00e9e de lecture estim\u00e9e\" \/>\n\t<meta name=\"twitter:data2\" content=\"5 minutes\" \/>\n<script type=\"application\/ld+json\" class=\"yoast-schema-graph\">{\"@context\":\"https:\/\/schema.org\",\"@graph\":[{\"@type\":\"Article\",\"@id\":\"https:\/\/www.saint-paul-angouleme.fr\/application\/rentree-speciale-6eme-prendre-ses-marques-tranquillement\/#article\",\"isPartOf\":{\"@id\":\"https:\/\/www.saint-paul-angouleme.fr\/application\/rentree-speciale-6eme-prendre-ses-marques-tranquillement\/\"},\"author\":{\"name\":\"SAINT-PAUL\",\"@id\":\"https:\/\/www.saint-paul-angouleme.fr\/application\/#\/schema\/person\/ea152930b1a3823659065827b1a5fb9b\"},\"headline\":\"Rentr\u00e9e sp\u00e9ciale 6\u00e8me : prendre ses marques tranquillement\",\"datePublished\":\"2025-09-03T07:23:00+00:00\",\"dateModified\":\"2025-09-15T13:32:47+00:00\",\"mainEntityOfPage\":{\"@id\":\"https:\/\/www.saint-paul-angouleme.fr\/application\/rentree-speciale-6eme-prendre-ses-marques-tranquillement\/\"},\"wordCount\":336,\"commentCount\":0,\"publisher\":{\"@id\":\"https:\/\/www.saint-paul-angouleme.fr\/application\/#organization\"},\"image\":{\"@id\":\"https:\/\/www.saint-paul-angouleme.fr\/application\/rentree-speciale-6eme-prendre-ses-marques-tranquillement\/#primaryimage\"},\"thumbnailUrl\":\"https:\/\/www.saint-paul-angouleme.fr\/application\/wp-content\/uploads\/2025\/09\/RENTREE_SEPT_25.jpg\",\"keywords\":[\"6\u00e8me\",\"Coll\u00e8ge\",\"lyc\u00e9e\",\"Rentr\u00e9e 2025\",\"seconde\"],\"articleSection\":[\"P\u00e9dagogie\",\"Regard sur\"],\"inLanguage\":\"fr-FR\",\"potentialAction\":[{\"@type\":\"CommentAction\",\"name\":\"Comment\",\"target\":[\"https:\/\/www.saint-paul-angouleme.fr\/application\/rentree-speciale-6eme-prendre-ses-marques-tranquillement\/#respond\"]}]},{\"@type\":\"WebPage\",\"@id\":\"https:\/\/www.saint-paul-angouleme.fr\/application\/rentree-speciale-6eme-prendre-ses-marques-tranquillement\/\",\"url\":\"https:\/\/www.saint-paul-angouleme.fr\/application\/rentree-speciale-6eme-prendre-ses-marques-tranquillement\/\",\"name\":\"Une rentr\u00e9e sp\u00e9ciale 6\u00e8me : prendre ses marques tranquillement\",\"isPartOf\":{\"@id\":\"https:\/\/www.saint-paul-angouleme.fr\/application\/#website\"},\"primaryImageOfPage\":{\"@id\":\"https:\/\/www.saint-paul-angouleme.fr\/application\/rentree-speciale-6eme-prendre-ses-marques-tranquillement\/#primaryimage\"},\"image\":{\"@id\":\"https:\/\/www.saint-paul-angouleme.fr\/application\/rentree-speciale-6eme-prendre-ses-marques-tranquillement\/#primaryimage\"},\"thumbnailUrl\":\"https:\/\/www.saint-paul-angouleme.fr\/application\/wp-content\/uploads\/2025\/09\/RENTREE_SEPT_25.jpg\",\"datePublished\":\"2025-09-03T07:23:00+00:00\",\"dateModified\":\"2025-09-15T13:32:47+00:00\",\"description\":\"Le 1er septembre, seuls les 6\u00e8mes ont fait leur rentr\u00e9e afin de s'adapter tranquillement \u00e0 ce grand changement.\",\"breadcrumb\":{\"@id\":\"https:\/\/www.saint-paul-angouleme.fr\/application\/rentree-speciale-6eme-prendre-ses-marques-tranquillement\/#breadcrumb\"},\"inLanguage\":\"fr-FR\",\"potentialAction\":[{\"@type\":\"ReadAction\",\"target\":[\"https:\/\/www.saint-paul-angouleme.fr\/application\/rentree-speciale-6eme-prendre-ses-marques-tranquillement\/\"]}]},{\"@type\":\"ImageObject\",\"inLanguage\":\"fr-FR\",\"@id\":\"https:\/\/www.saint-paul-angouleme.fr\/application\/rentree-speciale-6eme-prendre-ses-marques-tranquillement\/#primaryimage\",\"url\":\"https:\/\/www.saint-paul-angouleme.fr\/application\/wp-content\/uploads\/2025\/09\/RENTREE_SEPT_25.jpg\",\"contentUrl\":\"https:\/\/www.saint-paul-angouleme.fr\/application\/wp-content\/uploads\/2025\/09\/RENTREE_SEPT_25.jpg\",\"width\":1410,\"height\":794},{\"@type\":\"BreadcrumbList\",\"@id\":\"https:\/\/www.saint-paul-angouleme.fr\/application\/rentree-speciale-6eme-prendre-ses-marques-tranquillement\/#breadcrumb\",\"itemListElement\":[{\"@type\":\"ListItem\",\"position\":1,\"name\":\"Accueil\",\"item\":\"http:\/\/www.saint-paul-angouleme.fr\/application\/\"},{\"@type\":\"ListItem\",\"position\":2,\"name\":\"Rentr\u00e9e sp\u00e9ciale 6\u00e8me : prendre ses marques tranquillement\"}]},{\"@type\":\"WebSite\",\"@id\":\"https:\/\/www.saint-paul-angouleme.fr\/application\/#website\",\"url\":\"https:\/\/www.saint-paul-angouleme.fr\/application\/\",\"name\":\"Actualit\u00e9s\",\"description\":\"Actualit\u00e9s Saint Paul\",\"publisher\":{\"@id\":\"https:\/\/www.saint-paul-angouleme.fr\/application\/#organization\"},\"potentialAction\":[{\"@type\":\"SearchAction\",\"target\":{\"@type\":\"EntryPoint\",\"urlTemplate\":\"https:\/\/www.saint-paul-angouleme.fr\/application\/?s={search_term_string}\"},\"query-input\":\"required name=search_term_string\"}],\"inLanguage\":\"fr-FR\"},{\"@type\":\"Organization\",\"@id\":\"https:\/\/www.saint-paul-angouleme.fr\/application\/#organization\",\"name\":\"Ensemble scolaire Saint-Paul\",\"url\":\"https:\/\/www.saint-paul-angouleme.fr\/application\/\",\"logo\":{\"@type\":\"ImageObject\",\"inLanguage\":\"fr-FR\",\"@id\":\"https:\/\/www.saint-paul-angouleme.fr\/application\/#\/schema\/logo\/image\/\",\"url\":\"https:\/\/www.saint-paul-angouleme.fr\/application\/wp-content\/uploads\/2018\/08\/logo-saint-paul-couleurs.jpg\",\"contentUrl\":\"https:\/\/www.saint-paul-angouleme.fr\/application\/wp-content\/uploads\/2018\/08\/logo-saint-paul-couleurs.jpg\",\"width\":1890,\"height\":709,\"caption\":\"Ensemble scolaire Saint-Paul\"},\"image\":{\"@id\":\"https:\/\/www.saint-paul-angouleme.fr\/application\/#\/schema\/logo\/image\/\"},\"sameAs\":[\"https:\/\/www.facebook.com\/SaintPaulAngouleme16\/\",\"https:\/\/x.com\/StPaulAngoulem\",\"https:\/\/www.youtube.com\/channel\/UCRLpz1CmPVqc0gn--YyXvjA?view_as=subscriber\"]},{\"@type\":\"Person\",\"@id\":\"https:\/\/www.saint-paul-angouleme.fr\/application\/#\/schema\/person\/ea152930b1a3823659065827b1a5fb9b\",\"name\":\"SAINT-PAUL\",\"image\":{\"@type\":\"ImageObject\",\"inLanguage\":\"fr-FR\",\"@id\":\"https:\/\/www.saint-paul-angouleme.fr\/application\/#\/schema\/person\/image\/\",\"url\":\"https:\/\/secure.gravatar.com\/avatar\/eadb0ffebc02683a61d69038eb2924f0?s=96&r=g\",\"contentUrl\":\"https:\/\/secure.gravatar.com\/avatar\/eadb0ffebc02683a61d69038eb2924f0?s=96&r=g\",\"caption\":\"SAINT-PAUL\"},\"url\":\"https:\/\/www.saint-paul-angouleme.fr\/application\/author\/myriam\/\"}]}<\/script>\n<!-- \/ Yoast SEO plugin. -->","yoast_head_json":{"title":"Une rentr\u00e9e sp\u00e9ciale 6\u00e8me : prendre ses marques tranquillement","description":"Le 1er septembre, seuls les 6\u00e8mes ont fait leur rentr\u00e9e afin de s'adapter tranquillement \u00e0 ce grand changement.","robots":{"index":"index","follow":"follow","max-snippet":"max-snippet:-1","max-image-preview":"max-image-preview:large","max-video-preview":"max-video-preview:-1"},"canonical":"https:\/\/www.saint-paul-angouleme.fr\/application\/rentree-speciale-6eme-prendre-ses-marques-tranquillement\/","og_locale":"fr_FR","og_type":"article","og_title":"Une rentr\u00e9e sp\u00e9ciale 6\u00e8me : prendre ses marques tranquillement","og_description":"Le 1er septembre, seuls les 6\u00e8mes ont fait leur rentr\u00e9e afin de s'adapter tranquillement \u00e0 ce grand changement.","og_url":"https:\/\/www.saint-paul-angouleme.fr\/application\/rentree-speciale-6eme-prendre-ses-marques-tranquillement\/","og_site_name":"Actualit\u00e9s","article_publisher":"https:\/\/www.facebook.com\/SaintPaulAngouleme16\/","article_published_time":"2025-09-03T07:23:00+00:00","article_modified_time":"2025-09-15T13:32:47+00:00","og_image":[{"width":1410,"height":794,"url":"https:\/\/www.saint-paul-angouleme.fr\/application\/wp-content\/uploads\/2025\/09\/RENTREE_SEPT_25.jpg","type":"image\/jpeg"}],"author":"SAINT-PAUL","twitter_card":"summary_large_image","twitter_creator":"@StPaulAngoulem","twitter_site":"@StPaulAngoulem","twitter_misc":{"\u00c9crit par":"SAINT-PAUL","Dur\u00e9e de lecture estim\u00e9e":"5 minutes"},"schema":{"@context":"https:\/\/schema.org","@graph":[{"@type":"Article","@id":"https:\/\/www.saint-paul-angouleme.fr\/application\/rentree-speciale-6eme-prendre-ses-marques-tranquillement\/#article","isPartOf":{"@id":"https:\/\/www.saint-paul-angouleme.fr\/application\/rentree-speciale-6eme-prendre-ses-marques-tranquillement\/"},"author":{"name":"SAINT-PAUL","@id":"https:\/\/www.saint-paul-angouleme.fr\/application\/#\/schema\/person\/ea152930b1a3823659065827b1a5fb9b"},"headline":"Rentr\u00e9e sp\u00e9ciale 6\u00e8me : prendre ses marques tranquillement","datePublished":"2025-09-03T07:23:00+00:00","dateModified":"2025-09-15T13:32:47+00:00","mainEntityOfPage":{"@id":"https:\/\/www.saint-paul-angouleme.fr\/application\/rentree-speciale-6eme-prendre-ses-marques-tranquillement\/"},"wordCount":336,"commentCount":0,"publisher":{"@id":"https:\/\/www.saint-paul-angouleme.fr\/application\/#organization"},"image":{"@id":"https:\/\/www.saint-paul-angouleme.fr\/application\/rentree-speciale-6eme-prendre-ses-marques-tranquillement\/#primaryimage"},"thumbnailUrl":"https:\/\/www.saint-paul-angouleme.fr\/application\/wp-content\/uploads\/2025\/09\/RENTREE_SEPT_25.jpg","keywords":["6\u00e8me","Coll\u00e8ge","lyc\u00e9e","Rentr\u00e9e 2025","seconde"],"articleSection":["P\u00e9dagogie","Regard sur"],"inLanguage":"fr-FR","potentialAction":[{"@type":"CommentAction","name":"Comment","target":["https:\/\/www.saint-paul-angouleme.fr\/application\/rentree-speciale-6eme-prendre-ses-marques-tranquillement\/#respond"]}]},{"@type":"WebPage","@id":"https:\/\/www.saint-paul-angouleme.fr\/application\/rentree-speciale-6eme-prendre-ses-marques-tranquillement\/","url":"https:\/\/www.saint-paul-angouleme.fr\/application\/rentree-speciale-6eme-prendre-ses-marques-tranquillement\/","name":"Une rentr\u00e9e sp\u00e9ciale 6\u00e8me : prendre ses marques tranquillement","isPartOf":{"@id":"https:\/\/www.saint-paul-angouleme.fr\/application\/#website"},"primaryImageOfPage":{"@id":"https:\/\/www.saint-paul-angouleme.fr\/application\/rentree-speciale-6eme-prendre-ses-marques-tranquillement\/#primaryimage"},"image":{"@id":"https:\/\/www.saint-paul-angouleme.fr\/application\/rentree-speciale-6eme-prendre-ses-marques-tranquillement\/#primaryimage"},"thumbnailUrl":"https:\/\/www.saint-paul-angouleme.fr\/application\/wp-content\/uploads\/2025\/09\/RENTREE_SEPT_25.jpg","datePublished":"2025-09-03T07:23:00+00:00","dateModified":"2025-09-15T13:32:47+00:00","description":"Le 1er septembre, seuls les 6\u00e8mes ont fait leur rentr\u00e9e afin de s'adapter tranquillement \u00e0 ce grand changement.","breadcrumb":{"@id":"https:\/\/www.saint-paul-angouleme.fr\/application\/rentree-speciale-6eme-prendre-ses-marques-tranquillement\/#breadcrumb"},"inLanguage":"fr-FR","potentialAction":[{"@type":"ReadAction","target":["https:\/\/www.saint-paul-angouleme.fr\/application\/rentree-speciale-6eme-prendre-ses-marques-tranquillement\/"]}]},{"@type":"ImageObject","inLanguage":"fr-FR","@id":"https:\/\/www.saint-paul-angouleme.fr\/application\/rentree-speciale-6eme-prendre-ses-marques-tranquillement\/#primaryimage","url":"https:\/\/www.saint-paul-angouleme.fr\/application\/wp-content\/uploads\/2025\/09\/RENTREE_SEPT_25.jpg","contentUrl":"https:\/\/www.saint-paul-angouleme.fr\/application\/wp-content\/uploads\/2025\/09\/RENTREE_SEPT_25.jpg","width":1410,"height":794},{"@type":"BreadcrumbList","@id":"https:\/\/www.saint-paul-angouleme.fr\/application\/rentree-speciale-6eme-prendre-ses-marques-tranquillement\/#breadcrumb","itemListElement":[{"@type":"ListItem","position":1,"name":"Accueil","item":"http:\/\/www.saint-paul-angouleme.fr\/application\/"},{"@type":"ListItem","position":2,"name":"Rentr\u00e9e sp\u00e9ciale 6\u00e8me : prendre ses marques tranquillement"}]},{"@type":"WebSite","@id":"https:\/\/www.saint-paul-angouleme.fr\/application\/#website","url":"https:\/\/www.saint-paul-angouleme.fr\/application\/","name":"Actualit\u00e9s","description":"Actualit\u00e9s Saint Paul","publisher":{"@id":"https:\/\/www.saint-paul-angouleme.fr\/application\/#organization"},"potentialAction":[{"@type":"SearchAction","target":{"@type":"EntryPoint","urlTemplate":"https:\/\/www.saint-paul-angouleme.fr\/application\/?s={search_term_string}"},"query-input":"required name=search_term_string"}],"inLanguage":"fr-FR"},{"@type":"Organization","@id":"https:\/\/www.saint-paul-angouleme.fr\/application\/#organization","name":"Ensemble scolaire Saint-Paul","url":"https:\/\/www.saint-paul-angouleme.fr\/application\/","logo":{"@type":"ImageObject","inLanguage":"fr-FR","@id":"https:\/\/www.saint-paul-angouleme.fr\/application\/#\/schema\/logo\/image\/","url":"https:\/\/www.saint-paul-angouleme.fr\/application\/wp-content\/uploads\/2018\/08\/logo-saint-paul-couleurs.jpg","contentUrl":"https:\/\/www.saint-paul-angouleme.fr\/application\/wp-content\/uploads\/2018\/08\/logo-saint-paul-couleurs.jpg","width":1890,"height":709,"caption":"Ensemble scolaire Saint-Paul"},"image":{"@id":"https:\/\/www.saint-paul-angouleme.fr\/application\/#\/schema\/logo\/image\/"},"sameAs":["https:\/\/www.facebook.com\/SaintPaulAngouleme16\/","https:\/\/x.com\/StPaulAngoulem","https:\/\/www.youtube.com\/channel\/UCRLpz1CmPVqc0gn--YyXvjA?view_as=subscriber"]},{"@type":"Person","@id":"https:\/\/www.saint-paul-angouleme.fr\/application\/#\/schema\/person\/ea152930b1a3823659065827b1a5fb9b","name":"SAINT-PAUL","image":{"@type":"ImageObject","inLanguage":"fr-FR","@id":"https:\/\/www.saint-paul-angouleme.fr\/application\/#\/schema\/person\/image\/","url":"https:\/\/secure.gravatar.com\/avatar\/eadb0ffebc02683a61d69038eb2924f0?s=96&r=g","contentUrl":"https:\/\/secure.gravatar.com\/avatar\/eadb0ffebc02683a61d69038eb2924f0?s=96&r=g","caption":"SAINT-PAUL"},"url":"https:\/\/www.saint-paul-angouleme.fr\/application\/author\/myriam\/"}]}},"_links":{"self":[{"href":"https:\/\/www.saint-paul-angouleme.fr\/application\/wp-json\/wp\/v2\/posts\/13339"}],"collection":[{"href":"https:\/\/www.saint-paul-angouleme.fr\/application\/wp-json\/wp\/v2\/posts"}],"about":[{"href":"https:\/\/www.saint-paul-angouleme.fr\/application\/wp-json\/wp\/v2\/types\/post"}],"author":[{"embeddable":true,"href":"https:\/\/www.saint-paul-angouleme.fr\/application\/wp-json\/wp\/v2\/users\/3"}],"replies":[{"embeddable":true,"href":"https:\/\/www.saint-paul-angouleme.fr\/application\/wp-json\/wp\/v2\/comments?post=13339"}],"version-history":[{"count":10,"href":"https:\/\/www.saint-paul-angouleme.fr\/application\/wp-json\/wp\/v2\/posts\/13339\/revisions"}],"predecessor-version":[{"id":13366,"href":"https:\/\/www.saint-paul-angouleme.fr\/application\/wp-json\/wp\/v2\/posts\/13339\/revisions\/13366"}],"wp:featuredmedia":[{"embeddable":true,"href":"https:\/\/www.saint-paul-angouleme.fr\/application\/wp-json\/wp\/v2\/media\/13341"}],"wp:attachment":[{"href":"https:\/\/www.saint-paul-angouleme.fr\/application\/wp-json\/wp\/v2\/media?parent=13339"}],"wp:term":[{"taxonomy":"category","embeddable":true,"href":"https:\/\/www.saint-paul-angouleme.fr\/application\/wp-json\/wp\/v2\/categories?post=13339"},{"taxonomy":"post_tag","embeddable":true,"href":"https:\/\/www.saint-paul-angouleme.fr\/application\/wp-json\/wp\/v2\/tags?post=13339"}],"curies":[{"name":"wp","href":"https:\/\/api.w.org\/{rel}","templated":true}]}}